{"id":23810,"date":"2023-08-07T10:56:39","date_gmt":"2023-08-07T08:56:39","guid":{"rendered":"https:\/\/www.skalnik.pl\/blog\/?p=23810"},"modified":"2023-08-07T10:56:40","modified_gmt":"2023-08-07T08:56:40","slug":"korona-gor-polski-turbacz","status":"publish","type":"post","link":"https:\/\/www.skalnik.pl\/blog\/korona-gor-polski-turbacz\/","title":{"rendered":"Korona G\u00f3r Polski: Turbacz"},"content":{"rendered":"\n<p><strong>Le\u017c\u0105cy w Gorcach Turbacz jest sz\u00f3stym pod wzgl\u0119dem wysoko\u015bci szczytem Korony G\u00f3r Polski. Jego wysoko\u015b\u0107 to 1310 m n.p.m. Dzi\u0119ki rozwini\u0119tej sieci szlak\u00f3w pieszych jest \u0142atwo dost\u0119pny w zasadzie z ka\u017cdej strony. Musisz tylko zdecydowa\u0107 jak d\u0142ugo chcesz w\u0119drowa\u0107 zanim staniesz na wierzcho\u0142ku. Zapraszam Ci\u0119 do poznania najwy\u017cszego szczytu Gorc\u00f3w i prowadz\u0105cych na niego szlak\u00f3w.<\/strong><\/p>\n\n\n\n<div id=\"ez-toc-container\" class=\"ez-toc-v2_0_85 counter-hierarchy ez-toc-counter ez-toc-light-blue ez-toc-container-direction\">\n<div class=\"ez-toc-title-container\">\n<p class=\"ez-toc-title\" style=\"cursor:inherit\">SPIS TRE\u015aCI <\/p>\n<span class=\"ez-toc-title-toggle\"><a href=\"#\" class=\"ez-toc-pull-right ez-toc-btn ez-toc-btn-xs ez-toc-btn-default ez-toc-toggle\" aria-label=\"Prze\u0142\u0105cznik Spisu Tre\u015bci\"><span class=\"ez-toc-js-icon-con\"><span class=\"\"><span class=\"eztoc-hide\" style=\"display:none;\">Toggle<\/span><span class=\"ez-toc-icon-toggle-span\"><svg style=\"fill: #999;color:#999\" xmlns=\"http:\/\/www.w3.org\/2000\/svg\" class=\"list-377408\" width=\"20px\" height=\"20px\" viewBox=\"0 0 24 24\" fill=\"none\"><path d=\"M6 6H4v2h2V6zm14 0H8v2h12V6zM4 11h2v2H4v-2zm16 0H8v2h12v-2zM4 16h2v2H4v-2zm16 0H8v2h12v-2z\" fill=\"currentColor\"><\/path><\/svg><svg style=\"fill: #999;color:#999\" class=\"arrow-unsorted-368013\" xmlns=\"http:\/\/www.w3.org\/2000\/svg\" width=\"10px\" height=\"10px\" viewBox=\"0 0 24 24\" version=\"1.2\" baseProfile=\"tiny\"><path d=\"M18.2 9.3l-6.2-6.3-6.2 6.3c-.2.2-.3.4-.3.7s.1.5.3.7c.2.2.4.3.7.3h11c.3 0 .5-.1.7-.3.2-.2.3-.5.3-.7s-.1-.5-.3-.7zM5.8 14.7l6.2 6.3 6.2-6.3c.2-.2.3-.5.3-.7s-.1-.5-.3-.7c-.2-.2-.4-.3-.7-.3h-11c-.3 0-.5.1-.7.3-.2.2-.3.5-.3.7s.1.5.3.7z\"\/><\/svg><\/span><\/span><\/span><\/a><\/span><\/div>\n<nav><ul class='ez-toc-list ez-toc-list-level-1 ' ><li class='ez-toc-page-1 ez-toc-heading-level-2'><a class=\"ez-toc-link ez-toc-heading-1\" href=\"https:\/\/www.skalnik.pl\/blog\/korona-gor-polski-turbacz\/#Gorce_%E2%80%93_pasterskimi_sciezkami_z_widokiem_na_Tatry\" >Gorce \u2013 pasterskimi \u015bcie\u017ckami z widokiem na Tatry<\/a><\/li><li class='ez-toc-page-1 ez-toc-heading-level-2'><a class=\"ez-toc-link ez-toc-heading-2\" href=\"https:\/\/www.skalnik.pl\/blog\/korona-gor-polski-turbacz\/#Turbacz_%E2%80%93_parkingi_i_noclegi\" >Turbacz \u2013 parkingi i noclegi<\/a><\/li><li class='ez-toc-page-1 ez-toc-heading-level-2'><a class=\"ez-toc-link ez-toc-heading-3\" href=\"https:\/\/www.skalnik.pl\/blog\/korona-gor-polski-turbacz\/#Jak_przygotowac_sie_do_wycieczki\" >Jak przygotowa\u0107 si\u0119 do wycieczki<\/a><\/li><li class='ez-toc-page-1 ez-toc-heading-level-2'><a class=\"ez-toc-link ez-toc-heading-4\" href=\"https:\/\/www.skalnik.pl\/blog\/korona-gor-polski-turbacz\/#Turbacz_%E2%80%93_na_pasterskich_halach\" >Turbacz \u2013 na pasterskich halach<\/a><\/li><li class='ez-toc-page-1 ez-toc-heading-level-2'><a class=\"ez-toc-link ez-toc-heading-5\" href=\"https:\/\/www.skalnik.pl\/blog\/korona-gor-polski-turbacz\/#Turbacz_zima_%E2%80%93_szlaki_narciarskie\" >Turbacz zim\u0105 &#8211; szlaki narciarskie<\/a><\/li><li class='ez-toc-page-1 ez-toc-heading-level-2'><a class=\"ez-toc-link ez-toc-heading-6\" href=\"https:\/\/www.skalnik.pl\/blog\/korona-gor-polski-turbacz\/#Turbacz_%E2%80%93_szlaki_na_szczyt_KGP\" >Turbacz &#8211; szlaki na szczyt KGP<\/a><\/li><li class='ez-toc-page-1 ez-toc-heading-level-2'><a class=\"ez-toc-link ez-toc-heading-7\" href=\"https:\/\/www.skalnik.pl\/blog\/korona-gor-polski-turbacz\/#Na_Turbacz_Glownym_Szlakiem_Beskidzkim\" >Na Turbacz G\u0142\u00f3wnym Szlakiem Beskidzkim<\/a><\/li><li class='ez-toc-page-1 ez-toc-heading-level-2'><a class=\"ez-toc-link ez-toc-heading-8\" href=\"https:\/\/www.skalnik.pl\/blog\/korona-gor-polski-turbacz\/#Szlaki_na_Turbacz_z_Koninek_i_Niedzwiedzia\" >Szlaki na Turbacz z Koninek i Nied\u017awiedzia<\/a><\/li><li class='ez-toc-page-1 ez-toc-heading-level-2'><a class=\"ez-toc-link ez-toc-heading-9\" href=\"https:\/\/www.skalnik.pl\/blog\/korona-gor-polski-turbacz\/#Szlak_na_Turbacz_od_poludnia\" >Szlak na Turbacz od po\u0142udnia<\/a><\/li><li class='ez-toc-page-1 ez-toc-heading-level-2'><a class=\"ez-toc-link ez-toc-heading-10\" href=\"https:\/\/www.skalnik.pl\/blog\/korona-gor-polski-turbacz\/#_Na_Turbacz_z_Obidowej\" >&nbsp;Na Turbacz z Obidowej<\/a><\/li><li class='ez-toc-page-1 ez-toc-heading-level-2'><a class=\"ez-toc-link ez-toc-heading-11\" href=\"https:\/\/www.skalnik.pl\/blog\/korona-gor-polski-turbacz\/#Turbacz_%E2%80%93_ciekawostki\" >Turbacz \u2013 ciekawostki<\/a><\/li><\/ul><\/nav><\/div>\n<h2 class=\"wp-block-heading\"><span class=\"ez-toc-section\" id=\"Gorce_%E2%80%93_pasterskimi_sciezkami_z_widokiem_na_Tatry\"><\/span>Gorce \u2013 pasterskimi \u015bcie\u017ckami z widokiem na Tatry<span class=\"ez-toc-section-end\"><\/span><\/h2>\n\n\n\n<p>Wed\u0142ug j\u0119zykoznawc\u00f3w nazwa Gorce wywodzi si\u0119 od s\u0142owa \u201egorze\u0107\u201d i zwi\u0105zana jest z wypalaniem las\u00f3w pod wypasy owiec. Kiedy le\u017c\u0105ce u st\u00f3p g\u00f3r doliny zacz\u0119to zasiedla\u0107 pojawi\u0142 si\u0119 wypas, kt\u00f3ry przez stulecia by\u0142 najwa\u017cniejszym elementem miejscowej gospodarki. Do dzi\u015b w wielu miejscach w Gorcach spotkasz stada owiec i bac\u00f3wki, a jedna z najbardziej charakterystycznych budowli w tych g\u00f3rach, Bulandowa Kapliczka na Jaworzynie Kamienieckiej zosta\u0142a wzniesiona przez znanego bac\u0119 Buland\u0119.<\/p>\n\n\n<div class=\"wp-block-image\">\n<figure class=\"aligncenter size-large\"><img loading=\"lazy\" decoding=\"async\" width=\"1024\" height=\"681\" src=\"https:\/\/www.skalnik.pl\/blog\/wp-content\/uploads\/2023\/07\/piotr-musiol-QkgsQcacCpI-unsplash-1024x681.jpg\" alt=\"gorce hale\" class=\"wp-image-23812\" srcset=\"https:\/\/www.skalnik.pl\/blog\/wp-content\/uploads\/2023\/07\/piotr-musiol-QkgsQcacCpI-unsplash-1024x681.jpg 1024w, https:\/\/www.skalnik.pl\/blog\/wp-content\/uploads\/2023\/07\/piotr-musiol-QkgsQcacCpI-unsplash-300x200.jpg 300w, https:\/\/www.skalnik.pl\/blog\/wp-content\/uploads\/2023\/07\/piotr-musiol-QkgsQcacCpI-unsplash-768x511.jpg 768w, https:\/\/www.skalnik.pl\/blog\/wp-content\/uploads\/2023\/07\/piotr-musiol-QkgsQcacCpI-unsplash-1536x1022.jpg 1536w, https:\/\/www.skalnik.pl\/blog\/wp-content\/uploads\/2023\/07\/piotr-musiol-QkgsQcacCpI-unsplash.jpg 1920w\" sizes=\"auto, (max-width: 1024px) 100vw, 1024px\" \/><figcaption class=\"wp-element-caption\"><em>Gorcza\u0144skie hale i polany s\u0105 doskona\u0142ymi punktami widokowymi (fot. Piotr Musiol, Unsplash)<\/em><\/figcaption><\/figure>\n<\/div>\n\n\n<p>Po wypasach, kt\u00f3re obecnie maj\u0105 ju\u017c ograniczony zasi\u0119g pozosta\u0142y w Gorcach liczne hale i polany. Grzbiety nie s\u0105 ca\u0142kowicie zalesione, dzi\u0119ki czemu mo\u017cna z nich podziwia\u0107 pi\u0119kne widoki na Beskid S\u0105decki, Wyspowy, Pieniny oraz Tatry. W wielu miejscach mo\u017cesz te\u017c zobaczy\u0107 stoj\u0105ce do dzi\u015b pasterskie sza\u0142asy.<\/p>\n\n\n\n<p class=\"has-white-color has-vivid-cyan-blue-background-color has-text-color has-background\">Sprawd\u017a, jak zdobywa\u0107 odznak\u0119 &#8211;> <strong><a href=\"https:\/\/www.skalnik.pl\/blog\/korona-gor-polski\/\" target=\"_blank\" rel=\"noopener\" title=\"\">Korona G\u00f3r Polski<\/a><\/strong>. <\/p>\n\n\n\n<h2 class=\"wp-block-heading\"><span class=\"ez-toc-section\" id=\"Turbacz_%E2%80%93_parkingi_i_noclegi\"><\/span>Turbacz \u2013 parkingi i noclegi<span class=\"ez-toc-section-end\"><\/span><\/h2>\n\n\n\n<p>Niezale\u017cnie od tego, z kt\u00f3rej strony wybierzesz si\u0119 na Turbacz, na pewno znajdziesz dobrze oznaczony i przygotowany szlak. Gorce maj\u0105 bardzo g\u0119st\u0105 sie\u0107 szlak\u00f3w pieszych, a w dolinach przy ich wej\u015bciach przygotowano parkingi. Znajdziesz je w Nowym Targu- Kowa\u0144cu, na Prze\u0142\u0119czy Knurowskiej, w \u0141opusznej, Rabce, Obidowej, Koninkach i Nied\u017awiedziu.<\/p>\n\n\n<div class=\"wp-block-image\">\n<figure class=\"aligncenter size-large\"><img loading=\"lazy\" decoding=\"async\" width=\"1024\" height=\"768\" src=\"https:\/\/www.skalnik.pl\/blog\/wp-content\/uploads\/2023\/07\/DSCN4393-1024x768.jpg\" alt=\"schronisko pod turbaczem\" class=\"wp-image-23813\" srcset=\"https:\/\/www.skalnik.pl\/blog\/wp-content\/uploads\/2023\/07\/DSCN4393-1024x768.jpg 1024w, https:\/\/www.skalnik.pl\/blog\/wp-content\/uploads\/2023\/07\/DSCN4393-300x225.jpg 300w, https:\/\/www.skalnik.pl\/blog\/wp-content\/uploads\/2023\/07\/DSCN4393-768x576.jpg 768w, https:\/\/www.skalnik.pl\/blog\/wp-content\/uploads\/2023\/07\/DSCN4393-1536x1152.jpg 1536w, https:\/\/www.skalnik.pl\/blog\/wp-content\/uploads\/2023\/07\/DSCN4393-2048x1536.jpg 2048w\" sizes=\"auto, (max-width: 1024px) 100vw, 1024px\" \/><figcaption class=\"wp-element-caption\"><em>Schronisko na Turbaczu stoi pod jego szczytem, na ko\u0144cu Hali D\u0142ugiej (fot. Anna \u015aliwa)<\/em><\/figcaption><\/figure>\n<\/div>\n\n\n<p>Chc\u0105c zdoby\u0107 Turbacz nie musisz si\u0119 te\u017c martwi\u0107 o noclegi. Pod szczytem znajduje si\u0119 schronisko PTTK Na Turbaczu, a w odleg\u0142o\u015bci oko\u0142o 2 godzinnego marszu G\u0142\u00f3wnym Szlakiem Beskidzkim w stron\u0119 Rabki schronisko PTTK Stare Wierchy. Kolejne ze schronisk Bac\u00f3wka na Maciejowej znajduje si\u0119 nad Rabk\u0105 przy G\u0142\u00f3wnym Szlaku Beskidzkim. Od Turbacza dzieli j\u0105 oko\u0142o 3 h w\u0119dr\u00f3wki.<\/p>\n\n\n\n<p>Niemal wszystkie miejscowo\u015bci le\u017c\u0105ce u st\u00f3p Gorc\u00f3w maj\u0105 charakter turystyczny i nie brakuje w nich pokoi i apartament\u00f3w na wynajem, pensjonat\u00f3w i gospodarstw agroturystycznych.<\/p>\n\n\n\n<h2 class=\"wp-block-heading\"><span class=\"ez-toc-section\" id=\"Jak_przygotowac_sie_do_wycieczki\"><\/span>Jak przygotowa\u0107 si\u0119 do wycieczki<span class=\"ez-toc-section-end\"><\/span><\/h2>\n\n\n\n<p>Wej\u015bcie na Turbacz mo\u017cesz potraktowa\u0107 jako kilkugodzinn\u0105 wycieczk\u0119 na lekko albo w\u0142\u0105czy\u0107 do d\u0142u\u017cszej w\u0119dr\u00f3wki przez Gorce. Zale\u017cnie od tego, kt\u00f3r\u0105 opcj\u0119 wybierzesz, b\u0119dziesz potrzebowa\u0107 innego wyposa\u017cenia. Kilkugodzinna wycieczka z powrotem w dolin\u0119 wymaga posiadania odpowiedniej odzie\u017cy dostosowanej do panuj\u0105cych warunk\u00f3w i wygodnych but\u00f3w do chodzenia po g\u00f3rach. Zawsze te\u017c warto mie\u0107 w plecaku kurtk\u0119 przeciwdeszczow\u0105. We\u017a ze sob\u0105 tak\u017ce wod\u0119 i co\u015b do przegryzienia na szlaku. Obiad mo\u017cesz zje\u015b\u0107 w schronisku. Je\u015bli natomiast planujesz nocleg w g\u00f3rach, to musisz zabra\u0107 nieco wi\u0119cej rzeczy. W schronisku na Turbaczu \u015bpiw\u00f3r nie jest niezb\u0119dny poniewa\u017c jest mo\u017cliwo\u015b\u0107 wykupienia noclegu z po\u015bciel\u0105.<\/p>\n\n\n\n<p>Pami\u0119taj \u017ceby wybieraj\u0105c si\u0119 w g\u00f3ry zapisa\u0107 w telefonie numer alarmowy do GOPR oraz zainstalowa\u0107 aplikacj\u0119 Ratunek. Teren Gorc\u00f3w ma pod swoj\u0105 opiek\u0105 Grupa Podhala\u0144ska GOPR z siedzib\u0105 w Rabce.<\/p>\n\n\n<div class=\"wp-block-image\">\n<figure class=\"aligncenter size-full is-resized\"><img loading=\"lazy\" decoding=\"async\" src=\"https:\/\/www.skalnik.pl\/blog\/wp-content\/uploads\/2020\/08\/gopr-tylko-gopr.jpg\" alt=\"\" class=\"wp-image-13650\" width=\"407\" height=\"257\" srcset=\"https:\/\/www.skalnik.pl\/blog\/wp-content\/uploads\/2020\/08\/gopr-tylko-gopr.jpg 542w, https:\/\/www.skalnik.pl\/blog\/wp-content\/uploads\/2020\/08\/gopr-tylko-gopr-300x189.jpg 300w\" sizes=\"auto, (max-width: 407px) 100vw, 407px\" \/><\/figure>\n<\/div>\n\n\n<h2 class=\"wp-block-heading\"><span class=\"ez-toc-section\" id=\"Turbacz_%E2%80%93_na_pasterskich_halach\"><\/span>Turbacz \u2013 na pasterskich halach<span class=\"ez-toc-section-end\"><\/span><\/h2>\n\n\n\n<p>Turbacz jest nie tylko najwy\u017cszym szczytem Gorc\u00f3w, ale tak\u017ce ich g\u0142\u00f3wnym zwornikiem. Z wierzcho\u0142ka rozchodz\u0105 si\u0119 na wszystkie strony d\u0142ugie, opadaj\u0105ce w doliny grzbiety. W kierunku wschodnim s\u0105 to Pasma Gorca i Lubania, na p\u00f3\u0142nocy Pasma Kud\u0142onia, Turbaczyka i Suchego Gronia, na zach\u00f3d grzbiet Obidowca opada do Prze\u0142\u0119czy Sieniawskiej, a na po\u0142udniu grzbiet Bukowiny Waksmundzkiej sprowadza w okolice Nowego Targu.<\/p>\n\n\n<div class=\"wp-block-image\">\n<figure class=\"aligncenter size-large\"><img loading=\"lazy\" decoding=\"async\" width=\"1024\" height=\"768\" src=\"https:\/\/www.skalnik.pl\/blog\/wp-content\/uploads\/2023\/07\/P2100251-min-1024x768.jpg\" alt=\"turbacz szczyt kgp\" class=\"wp-image-23814\" srcset=\"https:\/\/www.skalnik.pl\/blog\/wp-content\/uploads\/2023\/07\/P2100251-min-1024x768.jpg 1024w, https:\/\/www.skalnik.pl\/blog\/wp-content\/uploads\/2023\/07\/P2100251-min-300x225.jpg 300w, https:\/\/www.skalnik.pl\/blog\/wp-content\/uploads\/2023\/07\/P2100251-min-768x576.jpg 768w, https:\/\/www.skalnik.pl\/blog\/wp-content\/uploads\/2023\/07\/P2100251-min-1536x1152.jpg 1536w, https:\/\/www.skalnik.pl\/blog\/wp-content\/uploads\/2023\/07\/P2100251-min-2048x1536.jpg 2048w\" sizes=\"auto, (max-width: 1024px) 100vw, 1024px\" \/><figcaption class=\"wp-element-caption\"><em>Na szczycie Turbacza (fot. Anna \u015aliwa)<\/em><\/figcaption><\/figure>\n<\/div>\n\n\n<p>Sam szczyt Turbacza poro\u015bni\u0119ty jest przerzedzonym w wyniku wichury i wycinek lasem. Mo\u017cna z niego podziwia\u0107 \u0142adne widoki. Stoi tu betonowy obelisk z nazw\u0105, wysoko\u015bci\u0105 i wsp\u00f3\u0142rz\u0119dnymi geograficznymi szczytu.<\/p>\n\n\n\n<p>Niezwykle malownicze s\u0105 ci\u0105gn\u0105ce si\u0119 poni\u017cej szczytu polany i hale- Hala Turbacz skierowana w stron\u0119 Czo\u0142a Turbacza na p\u00f3\u0142noc oraz Wolnica i Hala D\u0142uga na wschodzie. Odbywa si\u0119 na nich wypas owiec i stoj\u0105 bac\u00f3wki. Wiosn\u0105 hale pokrywaj\u0105 si\u0119 dywanami krokus\u00f3w, kt\u00f3re niczym nie ust\u0119puj\u0105 tym w Tatrach.<\/p>\n\n\n\n<h2 class=\"wp-block-heading\"><span class=\"ez-toc-section\" id=\"Turbacz_zima_%E2%80%93_szlaki_narciarskie\"><\/span>Turbacz zim\u0105 &#8211; szlaki narciarskie<span class=\"ez-toc-section-end\"><\/span><\/h2>\n\n\n\n<p>Zim\u0105 Gorce i Turbacz s\u0105 bardzo popularne w\u015br\u00f3d narciarzy biegowych i skiturowc\u00f3w. Z Obidowej wytyczony zosta\u0142 okr\u0119\u017cny szlak narciarski \u015aladami Olimpijczyk\u00f3w. Z czerwonym G\u0142\u00f3wnym Szlakiem Beskidzkim \u0142\u0105czy si\u0119 on w rejonie szczytu Rozdziele. Szlak nie wprowadza na szczyt Turbacza, ale wygodnym \u0142\u0105cznikiem pozwala dojecha\u0107 do schroniska. Trasy s\u0105 ratrakowane i jest na nich za\u0142o\u017cony \u015blad narciarski. W Obidowej, na pocz\u0105tku tras znajduje si\u0119 du\u017cy parking.<\/p>\n\n\n\n<h2 class=\"wp-block-heading\"><span class=\"ez-toc-section\" id=\"Turbacz_%E2%80%93_szlaki_na_szczyt_KGP\"><\/span>Turbacz &#8211; szlaki na szczyt KGP<span class=\"ez-toc-section-end\"><\/span><\/h2>\n\n\n\n<p>Turbacz jest \u015bwietnie zagospodarowany pod wzgl\u0119dem turystycznym i w jego okolicach przebiega kilka szlak\u00f3w pieszych. <strong>Na sam szczyt wprowadza tylko G\u0142\u00f3wny Szlak Beskidzki<\/strong>, ale nie oznacza to, \u017ce musisz i\u015b\u0107 nim od pocz\u0105tku by stan\u0105\u0107 na wierzcho\u0142ku. W\u0119ze\u0142 szlak\u00f3w znajduje si\u0119 przy schronisku Na Turbaczu i przychodz\u0105c tu dowolnym szlakiem mo\u017cesz potem w oko\u0142o 10 min wej\u015b\u0107 na szczyt Korony G\u00f3r Polski.<\/p>\n\n\n<div class=\"wp-block-image\">\n<figure class=\"aligncenter size-large\"><img loading=\"lazy\" decoding=\"async\" width=\"1024\" height=\"683\" src=\"https:\/\/www.skalnik.pl\/blog\/wp-content\/uploads\/2023\/07\/sacre-bleu-BLhzQO0DDw4-unsplash-1024x683.jpg\" alt=\"turbacz panorama, tatry  turbacza\" class=\"wp-image-23815\" srcset=\"https:\/\/www.skalnik.pl\/blog\/wp-content\/uploads\/2023\/07\/sacre-bleu-BLhzQO0DDw4-unsplash-1024x683.jpg 1024w, https:\/\/www.skalnik.pl\/blog\/wp-content\/uploads\/2023\/07\/sacre-bleu-BLhzQO0DDw4-unsplash-300x200.jpg 300w, https:\/\/www.skalnik.pl\/blog\/wp-content\/uploads\/2023\/07\/sacre-bleu-BLhzQO0DDw4-unsplash-768x512.jpg 768w, https:\/\/www.skalnik.pl\/blog\/wp-content\/uploads\/2023\/07\/sacre-bleu-BLhzQO0DDw4-unsplash-1536x1024.jpg 1536w, https:\/\/www.skalnik.pl\/blog\/wp-content\/uploads\/2023\/07\/sacre-bleu-BLhzQO0DDw4-unsplash.jpg 1920w\" sizes=\"auto, (max-width: 1024px) 100vw, 1024px\" \/><figcaption class=\"wp-element-caption\"><em>Widok na Tatry z Turbacza, (fot. Sacre Bleu, Unsplash)<\/em><\/figcaption><\/figure>\n<\/div>\n\n\n<p>Przedstawi\u0119 Ci teraz mo\u017cliwo\u015bci wej\u015bcia na Turbacz z r\u00f3\u017cnych stron. Maj\u0105c tyle opcji do wyboru a\u017c kusi, \u017ceby je po\u0142\u0105czy\u0107 i nie wraca\u0107 t\u0105 sam\u0105 tras\u0105. To dobry pomys\u0142 ale\u2026 Zanim zdecydujesz si\u0119 na tak\u0105 wycieczk\u0119 sprawd\u017a dok\u0142adnie mo\u017cliwo\u015bci komunikacyjne. Zostawiaj\u0105c samoch\u00f3d w jednym miejscu i chc\u0105c wr\u00f3ci\u0107 do niego z innego mo\u017cesz rozbi\u0107 si\u0119 o brak po\u0142\u0105cze\u0144. Najlepiej skomunikowane s\u0105 okolice Nowego Targu. Bez problemu dojedziesz st\u0105d busami do \u0141opusznej i Rabki, a autobusem miejskim do Obidowej. Gorzej wygl\u0105da sytuacja po p\u00f3\u0142nocnej stronie Gorc\u00f3w, gdzie bus\u00f3w mi\u0119dzy Rabk\u0105 a Koninkami czy Por\u0119b\u0105 jest bardzo ma\u0142o. Najgorzej skomunikowana jest Prze\u0142\u0119cz Knurowska &#8211; nie doje\u017cd\u017ca tu \u017caden bus czy autobus.<\/p>\n\n\n\n<div style=\"width:100%; height:600px; padding: 15px; resize:both; overflow: auto;\"> <div style=\"width:100%; height:100%; box-shadow: 5px 5px 15px #00000038;\"> <iframe src=\"https:\/\/kgp3d.amu.edu.pl\/szczyty\/Turbacz.html\" allow=\"xr xr-spatial-tracking\" style=\"height: 100%; width: 100%; border: 0;\" ><\/iframe> <\/div> <\/div>\n\n\n\n<div style=\"height:18px\" aria-hidden=\"true\" class=\"wp-block-spacer\"><\/div>\n\n\n\n<p class=\"has-white-color has-vivid-cyan-blue-background-color has-text-color has-background\">Znajd\u017a plan na wycieczk\u0119, z kt\u00f3rym zdob\u0119dziesz inne szczyty KGP &#8211;> <strong><a href=\"https:\/\/www.skalnik.pl\/blog\/tag\/korona-gor-polski\/\" target=\"_blank\" rel=\"noopener\" title=\"\">kliknij tutaj<\/a><\/strong>. <\/p>\n\n\n\n<h2 class=\"wp-block-heading\"><span class=\"ez-toc-section\" id=\"Na_Turbacz_Glownym_Szlakiem_Beskidzkim\"><\/span>Na Turbacz G\u0142\u00f3wnym Szlakiem Beskidzkim<span class=\"ez-toc-section-end\"><\/span><\/h2>\n\n\n\n<p>G\u0142\u00f3wny Szlak Beskidzki przecina Gorce ze wschodu na zach\u00f3d. Dwoma dogodnymi punktami do wyj\u015bcia nim na Turbacz s\u0105 Rabka i Prze\u0142\u0119cz Knurowska. Od Prze\u0142\u0119czy do schroniska pod Turbaczem przej\u015bcie zajmuje oko\u0142o 2h 45 min plus oko\u0142o 10 min wyj\u015bcia na szczyt. Po drodze mo\u017cesz cieszy\u0107 si\u0119 pi\u0119knymi widokami z licznych polan i hal, w tym z Hali D\u0142ugiej, gdzie spotkasz wypas owiec. Id\u0105c od Rabki musisz przygotowa\u0107 si\u0119 na oko\u0142o 5 h 30 min w\u0119dr\u00f3wki, kt\u00f3ra prowadzi ca\u0142y czas pod g\u00f3r\u0119. W trakcie w\u0119dr\u00f3wki miniesz dwa schroniska \u2013 Bac\u00f3wk\u0119 na Maciejowej oraz schronisko Stare Wierchy. Najpi\u0119kniejszy odcinek trasy to ten ostatni od Starych Wierch\u00f3w ze wzgl\u0119du na liczne polany. Je\u015bli wchodzisz na Turbacz od Rabki rozwa\u017c zej\u015bcie w stron\u0119 Nowego Targu poniewa\u017c powr\u00f3t t\u0105 sam\u0105 drog\u0105 mo\u017ce okaza\u0107 si\u0119 zbyt d\u0142ugi na jeden dzie\u0144 w\u0119dr\u00f3wki.<\/p>\n\n\n\n<h2 class=\"wp-block-heading\"><span class=\"ez-toc-section\" id=\"Szlaki_na_Turbacz_z_Koninek_i_Niedzwiedzia\"><\/span>Szlaki na Turbacz z Koninek i Nied\u017awiedzia<span class=\"ez-toc-section-end\"><\/span><\/h2>\n\n\n\n<p>Dwa szlaki prowadz\u0105 na Turbacz od p\u00f3\u0142nocy- niebieski z Koninek i zielony z Nied\u017awiedzia. Mo\u017cna je potraktowa\u0107 \u0142\u0105cznie, jako mo\u017cliwo\u015b\u0107 zrobienia p\u0119tli. Od parkingu przy wyci\u0105gu na Tobo\u0142\u00f3w w Koninkach idzie si\u0119 oko\u0142o 2 h 30 min do schroniska, a nast\u0119pnie oko\u0142o 10 min na szczyt. Na pocz\u0105tku musisz si\u0119 przygotowa\u0107 na bardzo strome podej\u015bcie. Przebiegaj\u0105cy niemal r\u00f3wnolegle szlak zielony z Nied\u017awiedzia to oko\u0142o 3h 30 min podej\u015bcia. Dzi\u0119ki drodze mi\u0119dzy g\u00f3rnymi przysi\u00f3\u0142kami Nied\u017awiedzia, a Koninkami mo\u017cesz wej\u015b\u0107 jednym z tych szlak\u00f3w, a zej\u015b\u0107 drugim i mie\u0107 samoch\u00f3d w zasi\u0119gu. Najwi\u0119ksz\u0105 atrakcj\u0105 obydwu szlak\u00f3w jest w\u0119dr\u00f3wka przez Hal\u0119 Turbacz na Czole Turbacza, sk\u0105d podziwia\u0107 mo\u017cna pi\u0119kne widoki na Beskid Wyspowy.<\/p>\n\n\n\n<h2 class=\"wp-block-heading\"><span class=\"ez-toc-section\" id=\"Szlak_na_Turbacz_od_poludnia\"><\/span>Szlak na Turbacz od po\u0142udnia<span class=\"ez-toc-section-end\"><\/span><\/h2>\n\n\n\n<p>Tak\u017ce trasy prowadz\u0105ce na Turbacz z Nowego Targu &#8211; Kowa\u0144ca s\u0105 stosunkowo kr\u00f3tkie. Maj\u0105 tu pocz\u0105tek dwa szlaki \u2013 zielony i \u017c\u00f3\u0142ty, dzi\u0119ki kt\u00f3rym mo\u017cna zrobi\u0107 p\u0119tl\u0119 z powrotem do samochodu. Obydwa s\u0105 bardzo malownicze i prowadz\u0105 widokowymi polanami i halami. Przez wi\u0119kszo\u015b\u0107 czasu (szczeg\u00f3lnie na zej\u015bciu) towarzyszy\u0107 Ci b\u0119d\u0105 widoki na Tatry. Dodatkowo id\u0105c szlakiem \u017c\u00f3\u0142tym mo\u017cesz te\u017c zobaczy\u0107 Kaplic\u0119 Papiesk\u0105 na Polanie Rusnakowej. Wej\u015bcie obydwoma szlakami z Nowego Targu na Turbacz zajmuje oko\u0142o 2 h 30 min.<\/p>\n\n\n<div class=\"wp-block-image\">\n<figure class=\"aligncenter size-large\"><img loading=\"lazy\" decoding=\"async\" width=\"1024\" height=\"768\" src=\"https:\/\/www.skalnik.pl\/blog\/wp-content\/uploads\/2023\/07\/DSCN4400-1024x768.jpg\" alt=\"kaplica papieska turbacz\" class=\"wp-image-23816\" srcset=\"https:\/\/www.skalnik.pl\/blog\/wp-content\/uploads\/2023\/07\/DSCN4400-1024x768.jpg 1024w, https:\/\/www.skalnik.pl\/blog\/wp-content\/uploads\/2023\/07\/DSCN4400-300x225.jpg 300w, https:\/\/www.skalnik.pl\/blog\/wp-content\/uploads\/2023\/07\/DSCN4400-768x576.jpg 768w, https:\/\/www.skalnik.pl\/blog\/wp-content\/uploads\/2023\/07\/DSCN4400-1536x1152.jpg 1536w, https:\/\/www.skalnik.pl\/blog\/wp-content\/uploads\/2023\/07\/DSCN4400-2048x1536.jpg 2048w\" sizes=\"auto, (max-width: 1024px) 100vw, 1024px\" \/><figcaption class=\"wp-element-caption\"><em>Kaplica Papieska na Rusnakowej Polanie (fot. Anna \u015aliwa)<\/em><\/figcaption><\/figure>\n<\/div>\n\n\n<p>Trzeci szlak z po\u0142udnia to niebieski z \u0141opusznej. Jest d\u0142u\u017cszy (wej\u015bcie z doliny to oko\u0142o 3 h 30 min) i wymaga wi\u0119kszego podej\u015bcia, ale prowadzi \u0142adnymi polanami i \u0142\u0105kami z widokami. Mo\u017cna go po\u0142\u0105czy\u0107 w p\u0119tle ze szlakami z Nowego Targu.<\/p>\n\n\n\n<h2 class=\"wp-block-heading\"><span class=\"ez-toc-section\" id=\"_Na_Turbacz_z_Obidowej\"><\/span>&nbsp;Na Turbacz z Obidowej<span class=\"ez-toc-section-end\"><\/span><\/h2>\n\n\n\n<p>Czas: 5:30 h<br>Dystans: 16,8 km<\/p>\n\n\n\n<p>Na koniec chc\u0119 Ci zaproponowa\u0107 wycieczk\u0119 na Turbacz z Obidowej. To niezwykle malownicza trasa, kt\u00f3ra \u015bwietnie sprawdza si\u0119 o ka\u017cdej porze roku, tak\u017ce zim\u0105. Musisz skorzysta\u0107 tu z kombinacji kilku szlak\u00f3w, ale nie jest to trudne bo oznakowanie jest ca\u0142y czas perfekcyjne. Pokonanie ca\u0142ej p\u0119tli zajmie oko\u0142o 5-5 h 30 min. Z Obidowej wyjdziesz zielonym szlakiem i wygodn\u0105 drog\u0105 gruntow\u0105 do schroniska Stare Wierchy. St\u0105d GSB poprowadzi malowniczymi halami z widokami na Tatry na szczyt Turbacza. Po zej\u015bciu mo\u017cesz liczy\u0107 na odpoczynek w schronisku Na Turbaczu. Powr\u00f3t odbywa si\u0119 po\u0142\u0105czeniem szlaku \u017c\u00f3\u0142tego przez Bukowin\u0119 Miejsk\u0105, czarnego i zielonego, kt\u00f3re sprowadz\u0105 z powrotem na parking w Obidowej.<\/p>\n\n\n\n<div style=\"max-width:1000px;overflow:hidden;margin:0 auto;min-width:300px;\"><iframe src=\"https:\/\/mapa-turystyczna.pl\/map\/widget\/route\/h1l0p1\/3nc9c.html\" height=\"800\" style=\"width:100%;border:0;\" loading=\"lazy\"><\/iframe><a href=\"https:\/\/mapa-turystyczna.pl\/route\/3nc9c?utm_source=external_web&amp;utm_medium=widget&amp;utm_campaign=route_widget\" target=\"_blank\" rel=\"noopener\" style=\"color:#999;padding:7px 0;font-size: 13px;font-family:Roboto,Arial,sans-serif;display: inline-block;\">Trasa: Obidowa \u2013 Obidowa | mapa-turystyczna.pl<\/a><\/div>\n\n\n\n<h2 class=\"wp-block-heading\"><span class=\"ez-toc-section\" id=\"Turbacz_%E2%80%93_ciekawostki\"><\/span>Turbacz \u2013 ciekawostki<span class=\"ez-toc-section-end\"><\/span><\/h2>\n\n\n\n<ul class=\"wp-block-list\">\n<li>pomimo tego, \u017ce Turbacz jest najwy\u017cszym szczytem Gorc\u00f3w, to nie jest najwy\u017cszym szczytem Gorcza\u0144skiego Parku Narodowego. Szczyt znajduje si\u0119 poza terenem parku, niedaleko jego granicy.<\/li>\n\n\n\n<li>na Turbaczu znajduje si\u0119 granica mi\u0119dzy pi\u0119cioma miejscowo\u015bciami: Waksmundem, \u0141opuszn\u0105, Obidow\u0105, Por\u0119b\u0105 Wielk\u0105 i Zasadnym.<\/li>\n\n\n\n<li>w masywie Turbacza dzia\u0142ania na rzecz ochrony przyrody datowane s\u0105 ju\u017c od okresu mi\u0119dzywojennego. W 1927 r. w\u0142a\u015bciciele tych teren\u00f3w Wodziccy doprowadzili do powstania prywatnego rezerwatu przyrody Turbacz.<\/li>\n\n\n\n<li>w latach 1939- 1942 w schronisku na Turbaczu dzia\u0142a\u0142a plac\u00f3wka i punkt kontaktowy oraz przerzutowy nowotarskiego obwodu ZWZ-AK.<\/li>\n\n\n\n<li>Kaplica Matki Boskiej Kr\u00f3lowej Gorc\u00f3w na Polanie Rusnakowej w masywie Turbacza zbudowana jest na planie krzy\u017ca Virtuti Militari<\/li>\n\n\n\n<li>na Suchorze w Masywie Turbacza znajduje si\u0119 jedyne w Gorcach obserwatorium astronomiczne<\/li>\n\n\n\n<li>na Hali Turbacz znajduje si\u0119 grz\u0119da skalna z tajemniczym napisem niewiadomego pochodzenia, o kt\u00f3rym wspomina\u0142 w swojej powie\u015bci \u201eW Roztokach\u201d W\u0142adys\u0142aw Orkan.<\/li>\n<\/ul>\n\n\n\n<figure class=\"wp-block-image size-full\"><a href=\"https:\/\/www.skalnik.pl\" target=\"_blank\" rel=\"noreferrer noopener\"><img loading=\"lazy\" decoding=\"async\" width=\"1024\" height=\"250\" src=\"https:\/\/www.skalnik.pl\/blog\/wp-content\/uploads\/2023\/05\/Baner-blog_skalnik_1024x250pxA.jpg\" alt=\"\" class=\"wp-image-23052\" srcset=\"https:\/\/www.skalnik.pl\/blog\/wp-content\/uploads\/2023\/05\/Baner-blog_skalnik_1024x250pxA.jpg 1024w, https:\/\/www.skalnik.pl\/blog\/wp-content\/uploads\/2023\/05\/Baner-blog_skalnik_1024x250pxA-300x73.jpg 300w, https:\/\/www.skalnik.pl\/blog\/wp-content\/uploads\/2023\/05\/Baner-blog_skalnik_1024x250pxA-768x188.jpg 768w\" sizes=\"auto, (max-width: 1024px) 100vw, 1024px\" \/><\/a><\/figure>\n","protected":false},"excerpt":{"rendered":"<p>Wybierasz si\u0119 na Turbacz? Poznaj szlaki na szczyt Korony G\u00f3r Polski <\/p>\n","protected":false},"author":41,"featured_media":23811,"comment_status":"closed","ping_status":"closed","sticky":false,"template":"","format":"standard","meta":{"_acf_changed":false,"footnotes":""},"categories":[84],"tags":[260],"magento_category":[],"magento_product":[],"class_list":["post-23810","post","type-post","status-publish","format-standard","has-post-thumbnail","hentry","category-pasja","tag-korona-gor-polski"],"acf":[],"aioseo_notices":[],"aioseo_head":"\n\t\t<!-- All in One SEO 4.9.10 - aioseo.com -->\n\t<meta name=\"description\" content=\"Turbacz to najwy\u017cszy szczyt Gorc\u00f3w nale\u017c\u0105cy do Korony G\u00f3r Polski. Poznaj szlaki prowadz\u0105ce na szczyt i sprawd\u017a jak przygotowa\u0107 si\u0119 do wycieczki.\" \/>\n\t<meta name=\"robots\" content=\"max-image-preview:large\" \/>\n\t<meta name=\"author\" content=\"Anna \u015aliwa\"\/>\n\t<link rel=\"canonical\" href=\"https:\/\/www.skalnik.pl\/blog\/korona-gor-polski-turbacz\/\" \/>\n\t<meta name=\"generator\" content=\"All in One SEO (AIOSEO) 4.9.10\" \/>\n\t\t<meta property=\"og:locale\" content=\"pl_PL\" \/>\n\t\t<meta property=\"og:site_name\" content=\"blog Skalnik - Blog, porady, artyku\u0142y - blog Skalnik\" \/>\n\t\t<meta property=\"og:type\" content=\"article\" \/>\n\t\t<meta property=\"og:title\" content=\"Korona G\u00f3r Polski: Turbacz - blog Skalnik\" \/>\n\t\t<meta property=\"og:description\" content=\"Turbacz to najwy\u017cszy szczyt Gorc\u00f3w nale\u017c\u0105cy do Korony G\u00f3r Polski. Poznaj szlaki prowadz\u0105ce na szczyt i sprawd\u017a jak przygotowa\u0107 si\u0119 do wycieczki.\" \/>\n\t\t<meta property=\"og:url\" content=\"https:\/\/www.skalnik.pl\/blog\/korona-gor-polski-turbacz\/\" \/>\n\t\t<meta property=\"og:image\" content=\"https:\/\/www.skalnik.pl\/blog\/wp-content\/uploads\/2023\/07\/piotr-musiol-QkgsQcacCpI-unsplash.jpg\" \/>\n\t\t<meta property=\"og:image:secure_url\" content=\"https:\/\/www.skalnik.pl\/blog\/wp-content\/uploads\/2023\/07\/piotr-musiol-QkgsQcacCpI-unsplash.jpg\" \/>\n\t\t<meta property=\"og:image:width\" content=\"1920\" \/>\n\t\t<meta property=\"og:image:height\" content=\"1277\" \/>\n\t\t<meta property=\"article:tag\" content=\"pasja\" \/>\n\t\t<meta property=\"article:tag\" content=\"korona g\u00f3r polski\" \/>\n\t\t<meta property=\"article:published_time\" content=\"2023-08-07T08:56:39+00:00\" \/>\n\t\t<meta property=\"article:modified_time\" content=\"2023-08-07T08:56:40+00:00\" \/>\n\t\t<meta name=\"twitter:card\" content=\"summary_large_image\" \/>\n\t\t<meta name=\"twitter:title\" content=\"Korona G\u00f3r Polski: Turbacz - blog Skalnik\" \/>\n\t\t<meta name=\"twitter:description\" content=\"Turbacz to najwy\u017cszy szczyt Gorc\u00f3w nale\u017c\u0105cy do Korony G\u00f3r Polski. Poznaj szlaki prowadz\u0105ce na szczyt i sprawd\u017a jak przygotowa\u0107 si\u0119 do wycieczki.\" \/>\n\t\t<meta name=\"twitter:image\" content=\"https:\/\/www.skalnik.pl\/blog\/wp-content\/uploads\/2023\/07\/piotr-musiol-QkgsQcacCpI-unsplash.jpg\" \/>\n\t\t<script type=\"application\/ld+json\" class=\"aioseo-schema\">\n\t\t\t{\"@context\":\"https:\\\/\\\/schema.org\",\"@graph\":[{\"@type\":\"BlogPosting\",\"@id\":\"https:\\\/\\\/www.skalnik.pl\\\/blog\\\/korona-gor-polski-turbacz\\\/#blogposting\",\"name\":\"Korona G\\u00f3r Polski: Turbacz - blog Skalnik\",\"headline\":\"Korona G\\u00f3r Polski: Turbacz\",\"author\":{\"@id\":\"https:\\\/\\\/www.skalnik.pl\\\/blog\\\/author\\\/anna-sliwa\\\/#author\"},\"publisher\":{\"@id\":\"https:\\\/\\\/www.skalnik.pl\\\/blog\\\/#organization\"},\"image\":{\"@type\":\"ImageObject\",\"url\":\"https:\\\/\\\/www.skalnik.pl\\\/blog\\\/wp-content\\\/uploads\\\/2023\\\/07\\\/turban-gd30ca49a5_1920.jpg\",\"width\":1918,\"height\":706},\"datePublished\":\"2023-08-07T10:56:39+02:00\",\"dateModified\":\"2023-08-07T10:56:40+02:00\",\"inLanguage\":\"pl-PL\",\"mainEntityOfPage\":{\"@id\":\"https:\\\/\\\/www.skalnik.pl\\\/blog\\\/korona-gor-polski-turbacz\\\/#webpage\"},\"isPartOf\":{\"@id\":\"https:\\\/\\\/www.skalnik.pl\\\/blog\\\/korona-gor-polski-turbacz\\\/#webpage\"},\"articleSection\":\"Pasja, korona g\\u00f3r polski\"},{\"@type\":\"BreadcrumbList\",\"@id\":\"https:\\\/\\\/www.skalnik.pl\\\/blog\\\/korona-gor-polski-turbacz\\\/#breadcrumblist\",\"itemListElement\":[{\"@type\":\"ListItem\",\"@id\":\"https:\\\/\\\/www.skalnik.pl\\\/blog#listItem\",\"position\":1,\"name\":\"Home\",\"item\":\"https:\\\/\\\/www.skalnik.pl\\\/blog\",\"nextItem\":{\"@type\":\"ListItem\",\"@id\":\"https:\\\/\\\/www.skalnik.pl\\\/blog\\\/.\\\/pasja\\\/#listItem\",\"name\":\"Pasja\"}},{\"@type\":\"ListItem\",\"@id\":\"https:\\\/\\\/www.skalnik.pl\\\/blog\\\/.\\\/pasja\\\/#listItem\",\"position\":2,\"name\":\"Pasja\",\"item\":\"https:\\\/\\\/www.skalnik.pl\\\/blog\\\/.\\\/pasja\\\/\",\"nextItem\":{\"@type\":\"ListItem\",\"@id\":\"https:\\\/\\\/www.skalnik.pl\\\/blog\\\/korona-gor-polski-turbacz\\\/#listItem\",\"name\":\"Korona G\\u00f3r Polski: Turbacz\"},\"previousItem\":{\"@type\":\"ListItem\",\"@id\":\"https:\\\/\\\/www.skalnik.pl\\\/blog#listItem\",\"name\":\"Home\"}},{\"@type\":\"ListItem\",\"@id\":\"https:\\\/\\\/www.skalnik.pl\\\/blog\\\/korona-gor-polski-turbacz\\\/#listItem\",\"position\":3,\"name\":\"Korona G\\u00f3r Polski: Turbacz\",\"previousItem\":{\"@type\":\"ListItem\",\"@id\":\"https:\\\/\\\/www.skalnik.pl\\\/blog\\\/.\\\/pasja\\\/#listItem\",\"name\":\"Pasja\"}}]},{\"@type\":\"Organization\",\"@id\":\"https:\\\/\\\/www.skalnik.pl\\\/blog\\\/#organization\",\"name\":\"blog Skalnik\",\"description\":\"Blog, porady, artyku\\u0142y - blog Skalnik\",\"url\":\"https:\\\/\\\/www.skalnik.pl\\\/blog\\\/\"},{\"@type\":\"Person\",\"@id\":\"https:\\\/\\\/www.skalnik.pl\\\/blog\\\/author\\\/anna-sliwa\\\/#author\",\"url\":\"https:\\\/\\\/www.skalnik.pl\\\/blog\\\/author\\\/anna-sliwa\\\/\",\"name\":\"Anna \\u015aliwa\",\"image\":{\"@type\":\"ImageObject\",\"@id\":\"https:\\\/\\\/www.skalnik.pl\\\/blog\\\/korona-gor-polski-turbacz\\\/#authorImage\",\"url\":\"https:\\\/\\\/secure.gravatar.com\\\/avatar\\\/e8300be3de710e2e109e5dfbf092dcf827242ec8071807a1e13f6b3f7c9bbd79?s=96&d=mm&r=g\",\"width\":96,\"height\":96,\"caption\":\"Anna \\u015aliwa\"}},{\"@type\":\"WebPage\",\"@id\":\"https:\\\/\\\/www.skalnik.pl\\\/blog\\\/korona-gor-polski-turbacz\\\/#webpage\",\"url\":\"https:\\\/\\\/www.skalnik.pl\\\/blog\\\/korona-gor-polski-turbacz\\\/\",\"name\":\"Korona G\\u00f3r Polski: Turbacz - blog Skalnik\",\"description\":\"Turbacz to najwy\\u017cszy szczyt Gorc\\u00f3w nale\\u017c\\u0105cy do Korony G\\u00f3r Polski. Poznaj szlaki prowadz\\u0105ce na szczyt i sprawd\\u017a jak przygotowa\\u0107 si\\u0119 do wycieczki.\",\"inLanguage\":\"pl-PL\",\"isPartOf\":{\"@id\":\"https:\\\/\\\/www.skalnik.pl\\\/blog\\\/#website\"},\"breadcrumb\":{\"@id\":\"https:\\\/\\\/www.skalnik.pl\\\/blog\\\/korona-gor-polski-turbacz\\\/#breadcrumblist\"},\"author\":{\"@id\":\"https:\\\/\\\/www.skalnik.pl\\\/blog\\\/author\\\/anna-sliwa\\\/#author\"},\"creator\":{\"@id\":\"https:\\\/\\\/www.skalnik.pl\\\/blog\\\/author\\\/anna-sliwa\\\/#author\"},\"image\":{\"@type\":\"ImageObject\",\"url\":\"https:\\\/\\\/www.skalnik.pl\\\/blog\\\/wp-content\\\/uploads\\\/2023\\\/07\\\/turban-gd30ca49a5_1920.jpg\",\"@id\":\"https:\\\/\\\/www.skalnik.pl\\\/blog\\\/korona-gor-polski-turbacz\\\/#mainImage\",\"width\":1918,\"height\":706},\"primaryImageOfPage\":{\"@id\":\"https:\\\/\\\/www.skalnik.pl\\\/blog\\\/korona-gor-polski-turbacz\\\/#mainImage\"},\"datePublished\":\"2023-08-07T10:56:39+02:00\",\"dateModified\":\"2023-08-07T10:56:40+02:00\"},{\"@type\":\"WebSite\",\"@id\":\"https:\\\/\\\/www.skalnik.pl\\\/blog\\\/#website\",\"url\":\"https:\\\/\\\/www.skalnik.pl\\\/blog\\\/\",\"name\":\"blog Skalnik\",\"description\":\"Blog, porady, artyku\\u0142y - blog Skalnik\",\"inLanguage\":\"pl-PL\",\"publisher\":{\"@id\":\"https:\\\/\\\/www.skalnik.pl\\\/blog\\\/#organization\"}}]}\n\t\t<\/script>\n\t\t<!-- All in One SEO -->\n\n","aioseo_head_json":{"title":"Korona G\u00f3r Polski: Turbacz - blog Skalnik","description":"Turbacz to najwy\u017cszy szczyt Gorc\u00f3w nale\u017c\u0105cy do Korony G\u00f3r Polski. Poznaj szlaki prowadz\u0105ce na szczyt i sprawd\u017a jak przygotowa\u0107 si\u0119 do wycieczki.","canonical_url":"https:\/\/www.skalnik.pl\/blog\/korona-gor-polski-turbacz\/","robots":"max-image-preview:large","keywords":"","webmasterTools":{"miscellaneous":""},"schema":{"@context":"https:\/\/schema.org","@graph":[{"@type":"BlogPosting","@id":"https:\/\/www.skalnik.pl\/blog\/korona-gor-polski-turbacz\/#blogposting","name":"Korona G\u00f3r Polski: Turbacz - blog Skalnik","headline":"Korona G\u00f3r Polski: Turbacz","author":{"@id":"https:\/\/www.skalnik.pl\/blog\/author\/anna-sliwa\/#author"},"publisher":{"@id":"https:\/\/www.skalnik.pl\/blog\/#organization"},"image":{"@type":"ImageObject","url":"https:\/\/www.skalnik.pl\/blog\/wp-content\/uploads\/2023\/07\/turban-gd30ca49a5_1920.jpg","width":1918,"height":706},"datePublished":"2023-08-07T10:56:39+02:00","dateModified":"2023-08-07T10:56:40+02:00","inLanguage":"pl-PL","mainEntityOfPage":{"@id":"https:\/\/www.skalnik.pl\/blog\/korona-gor-polski-turbacz\/#webpage"},"isPartOf":{"@id":"https:\/\/www.skalnik.pl\/blog\/korona-gor-polski-turbacz\/#webpage"},"articleSection":"Pasja, korona g\u00f3r polski"},{"@type":"BreadcrumbList","@id":"https:\/\/www.skalnik.pl\/blog\/korona-gor-polski-turbacz\/#breadcrumblist","itemListElement":[{"@type":"ListItem","@id":"https:\/\/www.skalnik.pl\/blog#listItem","position":1,"name":"Home","item":"https:\/\/www.skalnik.pl\/blog","nextItem":{"@type":"ListItem","@id":"https:\/\/www.skalnik.pl\/blog\/.\/pasja\/#listItem","name":"Pasja"}},{"@type":"ListItem","@id":"https:\/\/www.skalnik.pl\/blog\/.\/pasja\/#listItem","position":2,"name":"Pasja","item":"https:\/\/www.skalnik.pl\/blog\/.\/pasja\/","nextItem":{"@type":"ListItem","@id":"https:\/\/www.skalnik.pl\/blog\/korona-gor-polski-turbacz\/#listItem","name":"Korona G\u00f3r Polski: Turbacz"},"previousItem":{"@type":"ListItem","@id":"https:\/\/www.skalnik.pl\/blog#listItem","name":"Home"}},{"@type":"ListItem","@id":"https:\/\/www.skalnik.pl\/blog\/korona-gor-polski-turbacz\/#listItem","position":3,"name":"Korona G\u00f3r Polski: Turbacz","previousItem":{"@type":"ListItem","@id":"https:\/\/www.skalnik.pl\/blog\/.\/pasja\/#listItem","name":"Pasja"}}]},{"@type":"Organization","@id":"https:\/\/www.skalnik.pl\/blog\/#organization","name":"blog Skalnik","description":"Blog, porady, artyku\u0142y - blog Skalnik","url":"https:\/\/www.skalnik.pl\/blog\/"},{"@type":"Person","@id":"https:\/\/www.skalnik.pl\/blog\/author\/anna-sliwa\/#author","url":"https:\/\/www.skalnik.pl\/blog\/author\/anna-sliwa\/","name":"Anna \u015aliwa","image":{"@type":"ImageObject","@id":"https:\/\/www.skalnik.pl\/blog\/korona-gor-polski-turbacz\/#authorImage","url":"https:\/\/secure.gravatar.com\/avatar\/e8300be3de710e2e109e5dfbf092dcf827242ec8071807a1e13f6b3f7c9bbd79?s=96&d=mm&r=g","width":96,"height":96,"caption":"Anna \u015aliwa"}},{"@type":"WebPage","@id":"https:\/\/www.skalnik.pl\/blog\/korona-gor-polski-turbacz\/#webpage","url":"https:\/\/www.skalnik.pl\/blog\/korona-gor-polski-turbacz\/","name":"Korona G\u00f3r Polski: Turbacz - blog Skalnik","description":"Turbacz to najwy\u017cszy szczyt Gorc\u00f3w nale\u017c\u0105cy do Korony G\u00f3r Polski. Poznaj szlaki prowadz\u0105ce na szczyt i sprawd\u017a jak przygotowa\u0107 si\u0119 do wycieczki.","inLanguage":"pl-PL","isPartOf":{"@id":"https:\/\/www.skalnik.pl\/blog\/#website"},"breadcrumb":{"@id":"https:\/\/www.skalnik.pl\/blog\/korona-gor-polski-turbacz\/#breadcrumblist"},"author":{"@id":"https:\/\/www.skalnik.pl\/blog\/author\/anna-sliwa\/#author"},"creator":{"@id":"https:\/\/www.skalnik.pl\/blog\/author\/anna-sliwa\/#author"},"image":{"@type":"ImageObject","url":"https:\/\/www.skalnik.pl\/blog\/wp-content\/uploads\/2023\/07\/turban-gd30ca49a5_1920.jpg","@id":"https:\/\/www.skalnik.pl\/blog\/korona-gor-polski-turbacz\/#mainImage","width":1918,"height":706},"primaryImageOfPage":{"@id":"https:\/\/www.skalnik.pl\/blog\/korona-gor-polski-turbacz\/#mainImage"},"datePublished":"2023-08-07T10:56:39+02:00","dateModified":"2023-08-07T10:56:40+02:00"},{"@type":"WebSite","@id":"https:\/\/www.skalnik.pl\/blog\/#website","url":"https:\/\/www.skalnik.pl\/blog\/","name":"blog Skalnik","description":"Blog, porady, artyku\u0142y - blog Skalnik","inLanguage":"pl-PL","publisher":{"@id":"https:\/\/www.skalnik.pl\/blog\/#organization"}}]},"og:locale":"pl_PL","og:site_name":"blog Skalnik - Blog, porady, artyku\u0142y - blog Skalnik","og:type":"article","og:title":"Korona G\u00f3r Polski: Turbacz - blog Skalnik","og:description":"Turbacz to najwy\u017cszy szczyt Gorc\u00f3w nale\u017c\u0105cy do Korony G\u00f3r Polski. Poznaj szlaki prowadz\u0105ce na szczyt i sprawd\u017a jak przygotowa\u0107 si\u0119 do wycieczki.","og:url":"https:\/\/www.skalnik.pl\/blog\/korona-gor-polski-turbacz\/","og:image":"https:\/\/www.skalnik.pl\/blog\/wp-content\/uploads\/2023\/07\/piotr-musiol-QkgsQcacCpI-unsplash.jpg","og:image:secure_url":"https:\/\/www.skalnik.pl\/blog\/wp-content\/uploads\/2023\/07\/piotr-musiol-QkgsQcacCpI-unsplash.jpg","og:image:width":1920,"og:image:height":1277,"article:tag":["pasja","korona g\u00f3r polski"],"article:published_time":"2023-08-07T08:56:39+00:00","article:modified_time":"2023-08-07T08:56:40+00:00","twitter:card":"summary_large_image","twitter:title":"Korona G\u00f3r Polski: Turbacz - blog Skalnik","twitter:description":"Turbacz to najwy\u017cszy szczyt Gorc\u00f3w nale\u017c\u0105cy do Korony G\u00f3r Polski. Poznaj szlaki prowadz\u0105ce na szczyt i sprawd\u017a jak przygotowa\u0107 si\u0119 do wycieczki.","twitter:image":"https:\/\/www.skalnik.pl\/blog\/wp-content\/uploads\/2023\/07\/piotr-musiol-QkgsQcacCpI-unsplash.jpg"},"aioseo_meta_data":{"post_id":"23810","title":null,"description":"Turbacz to najwy\u017cszy szczyt Gorc\u00f3w nale\u017c\u0105cy do Korony G\u00f3r Polski. Poznaj szlaki prowadz\u0105ce na szczyt i sprawd\u017a jak przygotowa\u0107 si\u0119 do wycieczki.","keywords":[],"keyphrases":{"focus":{"keyphrase":"Turbacz, Gorce, Korona G\u00f3r Polski, trekking, ","score":37,"analysis":{"keyphraseInTitle":{"score":3,"maxScore":9,"error":1},"keyphraseInDescription":{"score":3,"maxScore":9,"error":1},"keyphraseLength":{"score":6,"maxScore":9,"error":1,"length":6},"keyphraseInURL":{"score":1,"maxScore":5,"error":1},"keyphraseInIntroduction":{"score":3,"maxScore":9,"error":1},"keyphraseInSubHeadings":{"score":3,"maxScore":9,"error":1},"keyphraseInImageAlt":{"score":3,"maxScore":9,"error":1}}},"additional":[]},"primary_term":null,"canonical_url":null,"og_title":null,"og_description":null,"og_object_type":"default","og_image_type":"default","og_image_url":null,"og_image_width":null,"og_image_height":null,"og_image_custom_url":null,"og_image_custom_fields":null,"og_video":"","og_custom_url":null,"og_article_section":null,"og_article_tags":[],"twitter_use_og":false,"twitter_card":"default","twitter_image_type":"default","twitter_image_url":null,"twitter_image_custom_url":null,"twitter_image_custom_fields":null,"twitter_title":null,"twitter_description":null,"schema":{"blockGraphs":[],"customGraphs":[],"default":{"data":{"Article":[],"Course":[],"Dataset":[],"FAQPage":[],"Movie":[],"Person":[],"Product":[],"ProductReview":[],"Car":[],"Recipe":[],"Service":[],"SoftwareApplication":[],"WebPage":[]},"graphName":"","isEnabled":true},"graphs":[]},"schema_type":"default","schema_type_options":null,"pillar_content":false,"robots_default":true,"robots_noindex":false,"robots_noarchive":false,"robots_nosnippet":false,"robots_nofollow":false,"robots_noimageindex":false,"robots_noodp":false,"robots_notranslate":false,"robots_max_snippet":"-1","robots_max_videopreview":"-1","robots_max_imagepreview":"large","priority":null,"frequency":"default","local_seo":null,"breadcrumb_settings":null,"limit_modified_date":false,"ai":null,"created":"2023-07-31 05:56:01","updated":"2026-02-17 22:42:21","seo_analyzer_scan_date":null},"aioseo_breadcrumb":"<div class=\"aioseo-breadcrumbs\"><span class=\"aioseo-breadcrumb\">\n\t\t\t<a href=\"https:\/\/www.skalnik.pl\/blog\" title=\"Home\">Home<\/a>\n\t\t<\/span><span class=\"aioseo-breadcrumb-separator\">&raquo;<\/span><span class=\"aioseo-breadcrumb\">\n\t\t\t<a href=\"https:\/\/www.skalnik.pl\/blog\/.\/pasja\/\" title=\"Pasja\">Pasja<\/a>\n\t\t<\/span><span class=\"aioseo-breadcrumb-separator\">&raquo;<\/span><span class=\"aioseo-breadcrumb\">\n\t\t\tKorona G\u00f3r Polski: Turbacz\n\t\t<\/span><\/div>","aioseo_breadcrumb_json":[{"label":"Home","link":"https:\/\/www.skalnik.pl\/blog"},{"label":"Pasja","link":"https:\/\/www.skalnik.pl\/blog\/.\/pasja\/"},{"label":"Korona G\u00f3r Polski: Turbacz","link":"https:\/\/www.skalnik.pl\/blog\/korona-gor-polski-turbacz\/"}],"_links":{"self":[{"href":"https:\/\/www.skalnik.pl\/blog\/wp-json\/wp\/v2\/posts\/23810","targetHints":{"allow":["GET"]}}],"collection":[{"href":"https:\/\/www.skalnik.pl\/blog\/wp-json\/wp\/v2\/posts"}],"about":[{"href":"https:\/\/www.skalnik.pl\/blog\/wp-json\/wp\/v2\/types\/post"}],"author":[{"embeddable":true,"href":"https:\/\/www.skalnik.pl\/blog\/wp-json\/wp\/v2\/users\/41"}],"replies":[{"embeddable":true,"href":"https:\/\/www.skalnik.pl\/blog\/wp-json\/wp\/v2\/comments?post=23810"}],"version-history":[{"count":2,"href":"https:\/\/www.skalnik.pl\/blog\/wp-json\/wp\/v2\/posts\/23810\/revisions"}],"predecessor-version":[{"id":23898,"href":"https:\/\/www.skalnik.pl\/blog\/wp-json\/wp\/v2\/posts\/23810\/revisions\/23898"}],"wp:featuredmedia":[{"embeddable":true,"href":"https:\/\/www.skalnik.pl\/blog\/wp-json\/wp\/v2\/media\/23811"}],"wp:attachment":[{"href":"https:\/\/www.skalnik.pl\/blog\/wp-json\/wp\/v2\/media?parent=23810"}],"wp:term":[{"taxonomy":"category","embeddable":true,"href":"https:\/\/www.skalnik.pl\/blog\/wp-json\/wp\/v2\/categories?post=23810"},{"taxonomy":"post_tag","embeddable":true,"href":"https:\/\/www.skalnik.pl\/blog\/wp-json\/wp\/v2\/tags?post=23810"},{"taxonomy":"magento_category","embeddable":true,"href":"https:\/\/www.skalnik.pl\/blog\/wp-json\/wp\/v2\/magento_category?post=23810"},{"taxonomy":"magento_product","embeddable":true,"href":"https:\/\/www.skalnik.pl\/blog\/wp-json\/wp\/v2\/magento_product?post=23810"}],"curies":[{"name":"wp","href":"https:\/\/api.w.org\/{rel}","templated":true}]}}