{"id":23818,"date":"2023-08-18T15:05:49","date_gmt":"2023-08-18T13:05:49","guid":{"rendered":"https:\/\/www.skalnik.pl\/blog\/?p=23818"},"modified":"2023-09-15T13:13:12","modified_gmt":"2023-09-15T11:13:12","slug":"korona-europy-najwyzsze-szczyty-europy","status":"publish","type":"post","link":"https:\/\/www.skalnik.pl\/blog\/korona-europy-najwyzsze-szczyty-europy\/","title":{"rendered":"Korona Europy &#8211; najwy\u017csze szczyty Europy"},"content":{"rendered":"\n<p><strong>Na pewno wpad\u0142a Ci w uszy nazwa Korona G\u00f3r Polski. Najwy\u017csze szczyty wszystkich g\u00f3rskich pasm naszego kraju to cel wielu turyst\u00f3w. Pewnie domy\u015blasz si\u0119 tak\u017ce, \u017ce takie \u201ekorony\u201d ma te\u017c wiele innych pa\u0144stw. Tym razem chc\u0119 Ci jednak opowiedzie\u0107 o idei, kt\u00f3ra ma znaczenie wi\u0119kszy zasi\u0119g. Przedstawiam Ci projekt o nazwie Korona Europy. Jej skompletowanie to spore wyzwanie, szczeg\u00f3lnie logistyczne i jak na razie na li\u015bcie zanotowano nazwiska jedynie czw\u00f3rki Polak\u00f3w. Ruszajmy w podr\u00f3\u017c przez Europ\u0119 i jej g\u00f3ry.<\/strong><\/p>\n\n\n\n<div id=\"ez-toc-container\" class=\"ez-toc-v2_0_85 counter-hierarchy ez-toc-counter ez-toc-light-blue ez-toc-container-direction\">\n<div class=\"ez-toc-title-container\">\n<p class=\"ez-toc-title\" style=\"cursor:inherit\">SPIS TRE\u015aCI <\/p>\n<span class=\"ez-toc-title-toggle\"><a href=\"#\" class=\"ez-toc-pull-right ez-toc-btn ez-toc-btn-xs ez-toc-btn-default ez-toc-toggle\" aria-label=\"Prze\u0142\u0105cznik Spisu Tre\u015bci\"><span class=\"ez-toc-js-icon-con\"><span class=\"\"><span class=\"eztoc-hide\" style=\"display:none;\">Toggle<\/span><span class=\"ez-toc-icon-toggle-span\"><svg style=\"fill: #999;color:#999\" xmlns=\"http:\/\/www.w3.org\/2000\/svg\" class=\"list-377408\" width=\"20px\" height=\"20px\" viewBox=\"0 0 24 24\" fill=\"none\"><path d=\"M6 6H4v2h2V6zm14 0H8v2h12V6zM4 11h2v2H4v-2zm16 0H8v2h12v-2zM4 16h2v2H4v-2zm16 0H8v2h12v-2z\" fill=\"currentColor\"><\/path><\/svg><svg style=\"fill: #999;color:#999\" class=\"arrow-unsorted-368013\" xmlns=\"http:\/\/www.w3.org\/2000\/svg\" width=\"10px\" height=\"10px\" viewBox=\"0 0 24 24\" version=\"1.2\" baseProfile=\"tiny\"><path d=\"M18.2 9.3l-6.2-6.3-6.2 6.3c-.2.2-.3.4-.3.7s.1.5.3.7c.2.2.4.3.7.3h11c.3 0 .5-.1.7-.3.2-.2.3-.5.3-.7s-.1-.5-.3-.7zM5.8 14.7l6.2 6.3 6.2-6.3c.2-.2.3-.5.3-.7s-.1-.5-.3-.7c-.2-.2-.4-.3-.7-.3h-11c-.3 0-.5.1-.7.3-.2.2-.3.5-.3.7s.1.5.3.7z\"\/><\/svg><\/span><\/span><\/span><\/a><\/span><\/div>\n<nav><ul class='ez-toc-list ez-toc-list-level-1 ' ><li class='ez-toc-page-1 ez-toc-heading-level-2'><a class=\"ez-toc-link ez-toc-heading-1\" href=\"https:\/\/www.skalnik.pl\/blog\/korona-europy-najwyzsze-szczyty-europy\/#Korona_Europy_%E2%80%93_definicja_i_kontrowersje\" >Korona Europy &#8211; definicja i kontrowersje<\/a><\/li><li class='ez-toc-page-1 ez-toc-heading-level-2'><a class=\"ez-toc-link ez-toc-heading-2\" href=\"https:\/\/www.skalnik.pl\/blog\/korona-europy-najwyzsze-szczyty-europy\/#Korona_Europy_najwyzsze_szczyty_panstw_Europy_%E2%80%93_lista\" >Korona Europy: najwy\u017csze szczyty pa\u0144stw Europy \u2013 lista<\/a><\/li><li class='ez-toc-page-1 ez-toc-heading-level-2'><a class=\"ez-toc-link ez-toc-heading-3\" href=\"https:\/\/www.skalnik.pl\/blog\/korona-europy-najwyzsze-szczyty-europy\/#Zdobywcy_Korony_Europy\" >Zdobywcy Korony Europy<\/a><\/li><li class='ez-toc-page-1 ez-toc-heading-level-2'><a class=\"ez-toc-link ez-toc-heading-4\" href=\"https:\/\/www.skalnik.pl\/blog\/korona-europy-najwyzsze-szczyty-europy\/#Jak_zdobyc_Korone_Europy\" >Jak zdoby\u0107 Koron\u0119 Europy<\/a><\/li><\/ul><\/nav><\/div>\n<h2 class=\"wp-block-heading\"><span class=\"ez-toc-section\" id=\"Korona_Europy_%E2%80%93_definicja_i_kontrowersje\"><\/span>Korona Europy &#8211; definicja i kontrowersje<span class=\"ez-toc-section-end\"><\/span><\/h2>\n\n\n\n<p>Pierwsze skojarzenie z nazw\u0105 Korona Europy to zapewne najwy\u017csze szczyty w Europie. Jest w tym sporo prawdy, ale definicj\u0119 trzeba doprecyzowa\u0107. Gdyby tak to zostawi\u0107, to ograniczamy si\u0119 do alpejskich czterotysi\u0119cznik\u00f3w i w zasadzie temat jest \u201epozamiatany\u201d.<\/p>\n\n\n\n<p>Korona Europy to najwy\u017csze szczyty, ale wszystkich pa\u0144stw w Europie. Oznacza to tyle, \u017ce znajdziesz na niej zar\u00f3wno trzy i czterotysi\u0119czniki, jak i wzg\u00f3rza, kt\u00f3re nie przekraczaj\u0105 nawet 300 m n.p.m. Europa jest niezwykle zr\u00f3\u017cnicowana krajobrazowo i w zwi\u0105zku z tym, to co w jednym pa\u0144stwie jest niezauwa\u017calnym niemal wzniesieniem terenu, w innym b\u0119dzie najwy\u017cszym punktem.<\/p>\n\n\n<div class=\"wp-block-image\">\n<figure class=\"aligncenter size-large\"><img loading=\"lazy\" decoding=\"async\" width=\"1024\" height=\"768\" src=\"https:\/\/www.skalnik.pl\/blog\/wp-content\/uploads\/2023\/07\/rustam-altuev-ZVVVHYysicE-unsplash-1024x768.jpg\" alt=\"elbrus najwy\u017cszy szczyt rosji\" class=\"wp-image-23820\" srcset=\"https:\/\/www.skalnik.pl\/blog\/wp-content\/uploads\/2023\/07\/rustam-altuev-ZVVVHYysicE-unsplash-1024x768.jpg 1024w, https:\/\/www.skalnik.pl\/blog\/wp-content\/uploads\/2023\/07\/rustam-altuev-ZVVVHYysicE-unsplash-300x225.jpg 300w, https:\/\/www.skalnik.pl\/blog\/wp-content\/uploads\/2023\/07\/rustam-altuev-ZVVVHYysicE-unsplash-768x576.jpg 768w, https:\/\/www.skalnik.pl\/blog\/wp-content\/uploads\/2023\/07\/rustam-altuev-ZVVVHYysicE-unsplash-1536x1152.jpg 1536w, https:\/\/www.skalnik.pl\/blog\/wp-content\/uploads\/2023\/07\/rustam-altuev-ZVVVHYysicE-unsplash.jpg 1920w\" sizes=\"auto, (max-width: 1024px) 100vw, 1024px\" \/><figcaption class=\"wp-element-caption\"><em>Obecno\u015b\u0107 Elbrusa w Koronie G\u00f3r Europy budzi kontrowersje. (fot. Rustam Altuev, Unsplash)<\/em><\/figcaption><\/figure>\n<\/div>\n\n\n<p>Lista Korony Europy liczy 46 nazw i jak si\u0119 mo\u017cesz domy\u015bli\u0107 nie jest jedn\u0105, jedyn\u0105 i uznawan\u0105 przez wszystkich. Kontrowersje wynikaj\u0105 z kilku przyczyn:<\/p>\n\n\n\n<ul class=\"wp-block-list\">\n<li>kwestia Kosowa \u2013 nie wszystkie pa\u0144stwa uznaj\u0105 jego istnienie jako niezale\u017cnego pa\u0144stwa, ale znajduje si\u0119 na li\u015bcie<\/li>\n\n\n\n<li>kwestia granic Europy \u2013 zale\u017cnie od tego jak poprowadzona jest granica w rejonie Kaukazu, Elbrus jest najwy\u017cszym europejskim szczytem Rosji lub nie. Gdy Elbrus zaliczany jest do Korony Europy staje si\u0119 te\u017c jej najwy\u017cszym szczytem i tym samym wchodzi w sk\u0142ad Korony Ziemi<\/li>\n\n\n\n<li>kwestia najwy\u017cszych szczyt\u00f3w pa\u0144stw europejskich, kt\u00f3re le\u017c\u0105 poza granicami Europy- z takimi przypadkami mamy do czynienia np. w Hiszpanii &#8211; najwy\u017cszy szczyt kontynentalnej Hiszpanii to Mulhacen, ale na Teneryfie w archipelagu Wysp Kanaryjskich nale\u017c\u0105cym do Afryki wznosi si\u0119 najwy\u017cszy szczyt tego pa\u0144stwa wulkan Teide. Podobnie jest z Turcj\u0105, kt\u00f3rej najwy\u017cszy szczyt Ararat le\u017cy w Azji, a za najwy\u017cszy szczyt w Koronie Europy uznawany jest Mahya Dagi w europejskiej cz\u0119\u015bci kraju.<\/li>\n<\/ul>\n\n\n\n<p>Dyskusje o tych nie\u015bcis\u0142o\u015bciach prowadz\u0105 zar\u00f3wno naukowcy, jak i zdobywcy szczyt\u00f3w. Na potrzeby tego tekstu przyjmuj\u0119 granic\u0119 Europy pozostawiaj\u0105c\u0105 Elbrus w Azji oraz za\u0142o\u017cenie przy\u015bwiecaj\u0105ce najcz\u0119\u015bciej spotykanej li\u015bcie, \u017ce Korona Europy to najwy\u017csze szczyty europejskich pa\u0144stw le\u017c\u0105ce w Europie.<\/p>\n\n\n\n<p class=\"has-white-color has-vivid-cyan-blue-background-color has-text-color has-background\">Jeszcze powa\u017cniejszym przedsi\u0119wzi\u0119ciem g\u00f3rskim jest Korona Ziemi. Mo\u017cesz o niej przeczyta\u0107 &#8211;&gt; <strong><a href=\"https:\/\/www.skalnik.pl\/blog\/korona-ziemi-najwyzsze-szczyty-kontynentow\/\" target=\"_blank\" rel=\"noopener\" title=\"\">klikaj\u0105c tutaj<\/a><\/strong>.<\/p>\n\n\n\n<h2 class=\"wp-block-heading\"><span class=\"ez-toc-section\" id=\"Korona_Europy_najwyzsze_szczyty_panstw_Europy_%E2%80%93_lista\"><\/span>Korona Europy: najwy\u017csze szczyty pa\u0144stw Europy \u2013 lista<span class=\"ez-toc-section-end\"><\/span><\/h2>\n\n\n\n<p>Je\u015bli masz ochot\u0119 zacz\u0105\u0107 kompletowa\u0107 Koron\u0119 Europy przyda Ci si\u0119 na pewno lista szczyt\u00f3w, kt\u00f3re do niej nale\u017c\u0105.<\/p>\n\n\n<div class=\"wp-block-image\">\n<figure class=\"aligncenter size-large\"><img loading=\"lazy\" decoding=\"async\" width=\"1024\" height=\"515\" src=\"https:\/\/www.skalnik.pl\/blog\/wp-content\/uploads\/2023\/07\/matej-drha-GuAF7SGcfBg-unsplash-1024x515.jpg\" alt=\"gerlach najwy\u017cszy szczyt tatr i szczyt korony europy\" class=\"wp-image-23822\" srcset=\"https:\/\/www.skalnik.pl\/blog\/wp-content\/uploads\/2023\/07\/matej-drha-GuAF7SGcfBg-unsplash-1024x515.jpg 1024w, https:\/\/www.skalnik.pl\/blog\/wp-content\/uploads\/2023\/07\/matej-drha-GuAF7SGcfBg-unsplash-300x151.jpg 300w, https:\/\/www.skalnik.pl\/blog\/wp-content\/uploads\/2023\/07\/matej-drha-GuAF7SGcfBg-unsplash-768x386.jpg 768w, https:\/\/www.skalnik.pl\/blog\/wp-content\/uploads\/2023\/07\/matej-drha-GuAF7SGcfBg-unsplash-1536x773.jpg 1536w, https:\/\/www.skalnik.pl\/blog\/wp-content\/uploads\/2023\/07\/matej-drha-GuAF7SGcfBg-unsplash.jpg 1920w\" sizes=\"auto, (max-width: 1024px) 100vw, 1024px\" \/><figcaption class=\"wp-element-caption\"><em>Najwy\u017cszy szczyt S\u0142owacji i Tatr, Gerlach. (fot. Matej Drha, Unsplash)<\/em> <\/figcaption><\/figure>\n<\/div>\n\n\n<p>Uszeregowa\u0142am je od najwy\u017cszego do najni\u017cszego, podaj\u0105c te\u017c wysoko\u015b\u0107 i pa\u0144stwo w jakim si\u0119 znajduj\u0105.<\/p>\n\n\n\n<ol class=\"wp-block-list\" type=\"1\">\n<li>Francja \u2013 Mont Blanc 4808 m n.p.m.<\/li>\n\n\n\n<li>W\u0142ochy \u2013 Mont Blanc 4808 m n.p.m. lub Mont Blanc de Courmayeur 4748 m n.p.m. Rozbie\u017cno\u015b\u0107 wynika ze spornego przebiegu granicy mi\u0119dzy Francj\u0105 i W\u0142ochami. Wed\u0142ug W\u0142och\u00f3w granica przechodzi przez najwy\u017cszy wierzcho\u0142ek, wed\u0142ug Francuz\u00f3w znajduje si\u0119 on w ca\u0142o\u015bci we Francji.<\/li>\n\n\n\n<li>Szwajcaria \u2013 Dufourspitze 4634 m n.p.m.<\/li>\n\n\n\n<li>Austria \u2013 Grossglockner 3798 m n.p.m.<\/li>\n\n\n\n<li>Hiszpania \u2013 Mulhacen 3479 m n.p.m.<\/li>\n\n\n\n<li>Niemcy \u2013 Zugspitze 2962 m n.p.m.<\/li>\n\n\n\n<li>Andora \u2013 Pic de Coma Pedrosa 2942 m n.p.m.<\/li>\n\n\n\n<li>Bu\u0142garia \u2013 Musa\u0142a 2925 m n.p.m.<\/li>\n\n\n\n<li>Grecja \u2013 Militikas (w Masywie Olimpu) 2918 m n.p.m.<\/li>\n\n\n\n<li>S\u0142owenia \u2013 Triglav 2864 m n.p.m.<\/li>\n\n\n\n<li>Albania i Macedonia P\u00f3\u0142nocna \u2013 Korab 2764 m n.p.m. \u2013 szczyt znajduje si\u0119 na granicy<\/li>\n\n\n\n<li>Kosowo \u2013 Djeravica 2656 m n.p.m.<\/li>\n\n\n\n<li>S\u0142owacja \u2013 Gerlach 2655 m n.p.m.<\/li>\n\n\n\n<li>Lichtenstein \u2013 Virder Grauspitz 2599 m n.p.m.<\/li>\n\n\n\n<li>Rumunia \u2013 Moldoveanu 2544 m n.p.m.<\/li>\n\n\n\n<li>Czarnog\u00f3ra- Zla Kolata 2534 m n.p.m.<\/li>\n\n\n\n<li>Polska \u2013 Rysy (wierzcho\u0142ek NW) 2499 m n.p.m.<\/li>\n\n\n\n<li>Norwegia \u2013 Galdh\u00f8piggen 2469 m n.p.m.<\/li>\n\n\n\n<li>Bo\u015bnia i Hercegowina \u2013 Magli\u0107 2386 m n.p.m.<\/li>\n\n\n\n<li>Serbia \u2013 Mid\u017cur 2169 m n.p.m.<\/li>\n\n\n\n<li>Islandia \u2013 Or\u00e6faj\u00f6kull 2110 m n.p.m.<\/li>\n\n\n\n<li>Szwecja \u2013 Kabnekaise 2097 m n.p.m.<\/li>\n\n\n\n<li>Ukraina \u2013 Howerla 2061 m n.p.m.<\/li>\n\n\n\n<li>Portugalia \u2013 Torre 1993 m n.p.m. (le\u017c\u0105cy na Azorach Pico ma 2351 m n.p.m., ale nale\u017cy do Afryki)<\/li>\n\n\n\n<li>Rosja \u2013 Narodnaja 1895 m n.p.m.<\/li>\n\n\n\n<li>Chorwacja \u2013 Vrh Dinare 1831 m n.p.m.<\/li>\n\n\n\n<li>Czechy \u2013 \u015anie\u017cka 1603 m n.p.m.<\/li>\n\n\n\n<li>Wielka Brytania \u2013 Ben Nevis 1345 m n.p.m.<\/li>\n\n\n\n<li>Finlandia \u2013 Halti 1324 m n.p.m.<\/li>\n\n\n\n<li>Irlandia \u2013 Carrantuohill 1038 m n.p.m.<\/li>\n\n\n\n<li>Turcja \u2013 Mahya Dagi 1031 m n.p.m.<\/li>\n\n\n\n<li>W\u0119gry- Kekes 1014 m n.p.m.<\/li>\n\n\n\n<li>Dania \u2013 Sl\u00e6ttaratindur 880 m n.p.m.<\/li>\n\n\n\n<li>San Marino \u2013 Monte Titano 739 m n.p.m.<\/li>\n\n\n\n<li>Belgia \u2013 Signal de Botrange 694 m n.p.m.<\/li>\n\n\n\n<li>Luksemburg \u2013 Kneiff 560 m n.p.m.<\/li>\n\n\n\n<li>Kazachstan \u2013 bezimienny szczyt 509 m n.p.m. lub Iczka 259 m n.p.m.<\/li>\n\n\n\n<li>Mo\u0142dawia &#8211; Dealul B\u0103l\u0103ne\u0219ti 428 m n.p.m.<\/li>\n\n\n\n<li>Bia\u0142oru\u015b \u2013 G\u00f3ra Dzier\u017cy\u0144ska 345 m n.p.m.<\/li>\n\n\n\n<li>Holandia \u2013 Vaalserberg 322 m n.p.m.<\/li>\n\n\n\n<li>Estonia \u2013 Suur Munamagi 317 m n.p.m.<\/li>\n\n\n\n<li>\u0141otwa \u2013 Gaizinkalns 312 m n.p.m.<\/li>\n\n\n\n<li>Litwa \u2013 Wysoka G\u00f3ra 294 m n.p.m.<\/li>\n\n\n\n<li>Malta \u2013 Ta\u2019Dmejrek 253 m n.p.m.<\/li>\n\n\n\n<li>Monako \u2013 punkt o wysoko\u015bci 161 m n.p.m.<\/li>\n\n\n\n<li>Watykan \u2013 Wzg\u00f3rze Watyka\u0144skie 75 m n.p.m.<\/li>\n<\/ol>\n\n\n\n<h2 class=\"wp-block-heading\"><span class=\"ez-toc-section\" id=\"Zdobywcy_Korony_Europy\"><\/span>Zdobywcy Korony Europy<span class=\"ez-toc-section-end\"><\/span><\/h2>\n\n\n\n<p>Poniewa\u017c sk\u0142ad listy Korony Europy zmienia\u0142 si\u0119 w zwi\u0105zku ze zmianami zachodz\u0105cymi w podziale politycznym Europy zmienia\u0142a si\u0119 te\u017c lista jej zdobywc\u00f3w. Nie wszyscy te\u017c zdobywaj\u0105 szczyty wed\u0142ug powy\u017cszego zestawienia, ale kieruj\u0105c si\u0119 innymi podzia\u0142ami geograficznymi, czy za\u0142o\u017ceniami umieszczaj\u0105 na li\u015bcie inne wierzcho\u0142ki. Tak jest w przypadku Brytyjczyka Ginge Fullena, kt\u00f3rego uwa\u017ca si\u0119 za pierwszego zdobywc\u0119 Korony Europy. Na jego li\u015bcie to Elbrus jest najwy\u017cszym szczytem Rosji. W 2007 roku Koron\u0119 zebra\u0142a pierwsza kobieta, Brytyjka Rachel Crolla.<\/p>\n\n\n<div class=\"wp-block-image\">\n<figure class=\"aligncenter size-large\"><img loading=\"lazy\" decoding=\"async\" width=\"1024\" height=\"768\" src=\"https:\/\/www.skalnik.pl\/blog\/wp-content\/uploads\/2023\/07\/instytut-imgw-psu3yJi7sgw-unsplash-1024x768.jpg\" alt=\"\u015bniezka najwy\u017cszy szczyt czech korona europy\" class=\"wp-image-23823\" srcset=\"https:\/\/www.skalnik.pl\/blog\/wp-content\/uploads\/2023\/07\/instytut-imgw-psu3yJi7sgw-unsplash-1024x768.jpg 1024w, https:\/\/www.skalnik.pl\/blog\/wp-content\/uploads\/2023\/07\/instytut-imgw-psu3yJi7sgw-unsplash-300x225.jpg 300w, https:\/\/www.skalnik.pl\/blog\/wp-content\/uploads\/2023\/07\/instytut-imgw-psu3yJi7sgw-unsplash-768x576.jpg 768w, https:\/\/www.skalnik.pl\/blog\/wp-content\/uploads\/2023\/07\/instytut-imgw-psu3yJi7sgw-unsplash-1536x1152.jpg 1536w, https:\/\/www.skalnik.pl\/blog\/wp-content\/uploads\/2023\/07\/instytut-imgw-psu3yJi7sgw-unsplash.jpg 1920w\" sizes=\"auto, (max-width: 1024px) 100vw, 1024px\" \/><figcaption class=\"wp-element-caption\"><em>Na najwy\u017cszym szczycie Czech &#8211; \u015anie\u017cka. (fot. Instytut IMGW, Unsplash<\/em>)<\/figcaption><\/figure>\n<\/div>\n\n\n<p>Na li\u015bcie zdobywc\u00f3w Korony Europy jest pi\u0119cioro Polak\u00f3w. Jako pierwszy szczyty skompletowa\u0142 po ponad 14 latach Krzysztof Kapes-Kowalski zdobywaj\u0105c ostatni szczyt w 2016 r., jako drugi Polak koron\u0119 t\u0119 zdoby\u0142 Krzysztof Jankowski. Pierwsz\u0105 Polk\u0105 na li\u015bcie jest z kolei Paulina Klonowska \u2013 Wo\u017aniak, kt\u00f3ra szczyty kompletowa\u0142a w latach 2003-2019. Na jej li\u015bcie zamiast Narodnej w Rosji znajduje si\u0119 Elbrus. Dwoje pozosta\u0142ych Polak\u00f3w na li\u015bcie zdobywc\u00f3w to Anita Polakowa, kt\u00f3ra Koron\u0119 uko\u0144czy\u0142a w 2019 r. po 30 miesi\u0105cach oraz Pawe\u0142 Ko\u015bmi\u0144ski, kt\u00f3ry dokona\u0142 tego w 2020 r., po 33 miesi\u0105cach przygody z Koron\u0105 Europy.<\/p>\n\n\n\n<p class=\"has-white-color has-vivid-cyan-blue-background-color has-text-color has-background\">Zanim staniesz na najwy\u017cszych szczytach Europy, mo\u017cesz zdoby\u0107 Koron\u0119 G\u00f3r Polski. T\u0119 przygod\u0119 zacznij od przeczytania &#8211;&gt; <a href=\"https:\/\/www.skalnik.pl\/blog\/korona-gor-polski\/\" target=\"_blank\" rel=\"noopener\" title=\"\"><strong>tego artyku\u0142u<\/strong><\/a>. <\/p>\n\n\n\n<h2 class=\"wp-block-heading\"><span class=\"ez-toc-section\" id=\"Jak_zdobyc_Korone_Europy\"><\/span>Jak zdoby\u0107 Koron\u0119 Europy<span class=\"ez-toc-section-end\"><\/span><\/h2>\n\n\n\n<p>Jak widzisz z powy\u017cszego zestawienia Korona Europy obejmuje bardzo zr\u00f3\u017cnicowane szczyty. R\u00f3\u017cna jest tak\u017ce ich dost\u0119pno\u015b\u0107 i wymagania, jakie nale\u017cy spe\u0142ni\u0107 podczas ich zdobywania. Dla typowych \u201eg\u00f3ro\u0142az\u00f3w\u201d kompletowanie listy mo\u017ce by\u0107 w wielu przypadkach nieco nu\u017c\u0105ce. Najwy\u017csze punkty Pa\u0144stw Ba\u0142tyckich czy Holandii to ledwie wzniesienia, z kolei zdobycie \u201edachu\u201d Watykanu czy Monako wymaga po prostu pojechania do miast. Relatywnie trudnym do zdobycia jest najwy\u017cszy szczyt Kazachstanu. Podr\u00f3\u017c do tego kraju wymaga sporych nak\u0142ad\u00f3w w stosunku do samego efektu, jakim jest zdobycie szczytu.<\/p>\n\n\n\n<p>Na drugim biegunie s\u0105 szczyty wysokie, kt\u00f3rych zdobycie wymaga dope\u0142nienia formalno\u015bci i np. korzystania z opieki przewodnik\u00f3w. Tak jest w przypadku wej\u015b\u0107 na Mont Blanc, gdzie obecnie przepisy s\u0105 bardzo restrykcyjne oraz np. turystycznych wej\u015b\u0107 na Gerlach.<\/p>\n\n\n<div class=\"wp-block-image\">\n<figure class=\"aligncenter size-large\"><img loading=\"lazy\" decoding=\"async\" width=\"1024\" height=\"684\" src=\"https:\/\/www.skalnik.pl\/blog\/wp-content\/uploads\/2023\/07\/darko-m-yjjulp6Uq00-unsplash-1024x684.jpg\" alt=\"zugspitze najwy\u017cszy szczyt niemiec korona europy\" class=\"wp-image-23824\" srcset=\"https:\/\/www.skalnik.pl\/blog\/wp-content\/uploads\/2023\/07\/darko-m-yjjulp6Uq00-unsplash-1024x684.jpg 1024w, https:\/\/www.skalnik.pl\/blog\/wp-content\/uploads\/2023\/07\/darko-m-yjjulp6Uq00-unsplash-300x200.jpg 300w, https:\/\/www.skalnik.pl\/blog\/wp-content\/uploads\/2023\/07\/darko-m-yjjulp6Uq00-unsplash-768x513.jpg 768w, https:\/\/www.skalnik.pl\/blog\/wp-content\/uploads\/2023\/07\/darko-m-yjjulp6Uq00-unsplash-1536x1026.jpg 1536w, https:\/\/www.skalnik.pl\/blog\/wp-content\/uploads\/2023\/07\/darko-m-yjjulp6Uq00-unsplash.jpg 1920w\" sizes=\"auto, (max-width: 1024px) 100vw, 1024px\" \/><figcaption class=\"wp-element-caption\"><em>Na niekt\u00f3re szczyty Korony mo\u017cesz wjecha\u0107 &#8211; stacja kolejki na Zugspitze. (fot. Darko M., Unsplash)<\/em><\/figcaption><\/figure>\n<\/div>\n\n\n<p>Tym, co jest najbardziej potrzebne przy kompletowaniu listy do determinacja i \u015bwietna logistyka. Z drugiej strony mo\u017cesz te\u017c potraktowa\u0107 t\u0119 list\u0119 jako pewien cel d\u0142ugoterminowy i wskaz\u00f3wk\u0119, jakich szczyt\u00f3w i miejsc nie omija\u0107 podczas swoich podr\u00f3\u017cy po Europie. Ze swojej strony mog\u0119 doradzi\u0107, by po prostu b\u0119d\u0105c w jakim\u015b kraju do\u0142\u0105czy\u0107 jego najwy\u017cszy punkt do listy miejsc do odwiedzenia. Mo\u017ce przyda si\u0119 w przysz\u0142o\u015bci?<\/p>\n\n\n\n<p>Je\u015bli natomiast zdobycie Korony Europy ma by\u0107 Twoim celem, to bardzo dobrze go zaplanuj, pogrupuj szczyty w zestawy, kt\u00f3re mo\u017cna \u201eobskoczy\u0107\u201d podczas jednego wyjazdu i przede wszystkim sprawdzaj dok\u0142adnie, kiedy najlepiej na nie wchodzi\u0107. Satysfakcja na pewno b\u0119dzie ogromna.<\/p>\n\n\n\n<hr class=\"wp-block-separator has-alpha-channel-opacity is-style-dots\"\/>\n\n\n\n<p>Listy, zestawienia, Korony dzia\u0142aj\u0105 na wyobra\u017ani\u0119. Skompletowanie najwy\u017cszych szczyt\u00f3w europejskich pa\u0144stw to du\u017ce wyzwanie i cel czasem na lata. Mo\u017cesz potraktowa\u0107 t\u0119 list\u0119 jako wskaz\u00f3wk\u0119, mo\u017cesz przygotowa\u0107 sw\u00f3j w\u0142asny projekt zdobywania \u201eKorony\u201d. Najwa\u017cniejsze, \u017ceby mie\u0107 przy tym frajd\u0119.<\/p>\n\n\n\n<figure class=\"wp-block-image size-full\"><a href=\"https:\/\/www.skalnik.pl\" target=\"_blank\" rel=\"noreferrer noopener\"><img loading=\"lazy\" decoding=\"async\" width=\"1024\" height=\"250\" src=\"https:\/\/www.skalnik.pl\/blog\/wp-content\/uploads\/2023\/05\/Baner-blog_skalnik_1024x250pxA.jpg\" alt=\"\" class=\"wp-image-23052\" srcset=\"https:\/\/www.skalnik.pl\/blog\/wp-content\/uploads\/2023\/05\/Baner-blog_skalnik_1024x250pxA.jpg 1024w, https:\/\/www.skalnik.pl\/blog\/wp-content\/uploads\/2023\/05\/Baner-blog_skalnik_1024x250pxA-300x73.jpg 300w, https:\/\/www.skalnik.pl\/blog\/wp-content\/uploads\/2023\/05\/Baner-blog_skalnik_1024x250pxA-768x188.jpg 768w\" sizes=\"auto, (max-width: 1024px) 100vw, 1024px\" \/><\/a><\/figure>\n","protected":false},"excerpt":{"rendered":"<p>Poznaj najwy\u017csze szczyty Europy, a mo\u017ce nawet po nie si\u0119gnij. To wspania\u0142a przygoda!<\/p>\n","protected":false},"author":41,"featured_media":23819,"comment_status":"closed","ping_status":"closed","sticky":false,"template":"","format":"standard","meta":{"_acf_changed":false,"footnotes":""},"categories":[84],"tags":[28],"magento_category":[],"magento_product":[],"class_list":["post-23818","post","type-post","status-publish","format-standard","has-post-thumbnail","hentry","category-pasja","tag-gory"],"acf":[],"aioseo_notices":[],"aioseo_head":"\n\t\t<!-- All in One SEO 4.9.10 - aioseo.com -->\n\t<meta name=\"description\" content=\"Korona Europy to najwy\u017csze szczyty wszystkich europejskich pa\u0144stw. Jej skompletowanie to du\u017ce wyzwanie i olbrzymia satysfakcja. Poznaj szczyty Korony Europy\" \/>\n\t<meta name=\"robots\" content=\"max-image-preview:large\" \/>\n\t<meta name=\"author\" content=\"Anna \u015aliwa\"\/>\n\t<link rel=\"canonical\" href=\"https:\/\/www.skalnik.pl\/blog\/korona-europy-najwyzsze-szczyty-europy\/\" \/>\n\t<meta name=\"generator\" content=\"All in One SEO (AIOSEO) 4.9.10\" \/>\n\t\t<meta property=\"og:locale\" content=\"pl_PL\" \/>\n\t\t<meta property=\"og:site_name\" content=\"blog Skalnik - Blog, porady, artyku\u0142y - blog Skalnik\" \/>\n\t\t<meta property=\"og:type\" content=\"article\" \/>\n\t\t<meta property=\"og:title\" content=\"Korona Europy \u2013 najwy\u017csze szczyty Europy - blog Skalnik\" \/>\n\t\t<meta property=\"og:description\" content=\"Korona Europy to najwy\u017csze szczyty wszystkich europejskich pa\u0144stw. Jej skompletowanie to du\u017ce wyzwanie i olbrzymia satysfakcja. Poznaj szczyty Korony Europy\" \/>\n\t\t<meta property=\"og:url\" content=\"https:\/\/www.skalnik.pl\/blog\/korona-europy-najwyzsze-szczyty-europy\/\" \/>\n\t\t<meta property=\"og:image\" content=\"https:\/\/www.skalnik.pl\/blog\/wp-content\/uploads\/2023\/07\/rustam-altuev-ZVVVHYysicE-unsplash.jpg\" \/>\n\t\t<meta property=\"og:image:secure_url\" content=\"https:\/\/www.skalnik.pl\/blog\/wp-content\/uploads\/2023\/07\/rustam-altuev-ZVVVHYysicE-unsplash.jpg\" \/>\n\t\t<meta property=\"og:image:width\" content=\"1920\" \/>\n\t\t<meta property=\"og:image:height\" content=\"1440\" \/>\n\t\t<meta property=\"article:tag\" content=\"pasja\" \/>\n\t\t<meta property=\"article:tag\" content=\"g\u00f3ry\" \/>\n\t\t<meta property=\"article:published_time\" content=\"2023-08-18T13:05:49+00:00\" \/>\n\t\t<meta property=\"article:modified_time\" content=\"2023-09-15T11:13:12+00:00\" \/>\n\t\t<meta name=\"twitter:card\" content=\"summary_large_image\" \/>\n\t\t<meta name=\"twitter:title\" content=\"Korona Europy \u2013 najwy\u017csze szczyty Europy - blog Skalnik\" \/>\n\t\t<meta name=\"twitter:description\" content=\"Korona Europy to najwy\u017csze szczyty wszystkich europejskich pa\u0144stw. Jej skompletowanie to du\u017ce wyzwanie i olbrzymia satysfakcja. Poznaj szczyty Korony Europy\" \/>\n\t\t<meta name=\"twitter:image\" content=\"https:\/\/www.skalnik.pl\/blog\/wp-content\/uploads\/2023\/07\/rustam-altuev-ZVVVHYysicE-unsplash.jpg\" \/>\n\t\t<script type=\"application\/ld+json\" class=\"aioseo-schema\">\n\t\t\t{\"@context\":\"https:\\\/\\\/schema.org\",\"@graph\":[{\"@type\":\"BlogPosting\",\"@id\":\"https:\\\/\\\/www.skalnik.pl\\\/blog\\\/korona-europy-najwyzsze-szczyty-europy\\\/#blogposting\",\"name\":\"Korona Europy \\u2013 najwy\\u017csze szczyty Europy - blog Skalnik\",\"headline\":\"Korona Europy &#8211; najwy\\u017csze szczyty Europy\",\"author\":{\"@id\":\"https:\\\/\\\/www.skalnik.pl\\\/blog\\\/author\\\/anna-sliwa\\\/#author\"},\"publisher\":{\"@id\":\"https:\\\/\\\/www.skalnik.pl\\\/blog\\\/#organization\"},\"image\":{\"@type\":\"ImageObject\",\"url\":\"https:\\\/\\\/www.skalnik.pl\\\/blog\\\/wp-content\\\/uploads\\\/2023\\\/07\\\/sylvain-mauroux-Zt5KC97bAHQ-unsplash.jpg\",\"width\":1920,\"height\":706},\"datePublished\":\"2023-08-18T15:05:49+02:00\",\"dateModified\":\"2023-09-15T13:13:12+02:00\",\"inLanguage\":\"pl-PL\",\"mainEntityOfPage\":{\"@id\":\"https:\\\/\\\/www.skalnik.pl\\\/blog\\\/korona-europy-najwyzsze-szczyty-europy\\\/#webpage\"},\"isPartOf\":{\"@id\":\"https:\\\/\\\/www.skalnik.pl\\\/blog\\\/korona-europy-najwyzsze-szczyty-europy\\\/#webpage\"},\"articleSection\":\"Pasja, g\\u00f3ry\"},{\"@type\":\"BreadcrumbList\",\"@id\":\"https:\\\/\\\/www.skalnik.pl\\\/blog\\\/korona-europy-najwyzsze-szczyty-europy\\\/#breadcrumblist\",\"itemListElement\":[{\"@type\":\"ListItem\",\"@id\":\"https:\\\/\\\/www.skalnik.pl\\\/blog#listItem\",\"position\":1,\"name\":\"Home\",\"item\":\"https:\\\/\\\/www.skalnik.pl\\\/blog\",\"nextItem\":{\"@type\":\"ListItem\",\"@id\":\"https:\\\/\\\/www.skalnik.pl\\\/blog\\\/.\\\/pasja\\\/#listItem\",\"name\":\"Pasja\"}},{\"@type\":\"ListItem\",\"@id\":\"https:\\\/\\\/www.skalnik.pl\\\/blog\\\/.\\\/pasja\\\/#listItem\",\"position\":2,\"name\":\"Pasja\",\"item\":\"https:\\\/\\\/www.skalnik.pl\\\/blog\\\/.\\\/pasja\\\/\",\"nextItem\":{\"@type\":\"ListItem\",\"@id\":\"https:\\\/\\\/www.skalnik.pl\\\/blog\\\/korona-europy-najwyzsze-szczyty-europy\\\/#listItem\",\"name\":\"Korona Europy &#8211; najwy\\u017csze szczyty Europy\"},\"previousItem\":{\"@type\":\"ListItem\",\"@id\":\"https:\\\/\\\/www.skalnik.pl\\\/blog#listItem\",\"name\":\"Home\"}},{\"@type\":\"ListItem\",\"@id\":\"https:\\\/\\\/www.skalnik.pl\\\/blog\\\/korona-europy-najwyzsze-szczyty-europy\\\/#listItem\",\"position\":3,\"name\":\"Korona Europy &#8211; najwy\\u017csze szczyty Europy\",\"previousItem\":{\"@type\":\"ListItem\",\"@id\":\"https:\\\/\\\/www.skalnik.pl\\\/blog\\\/.\\\/pasja\\\/#listItem\",\"name\":\"Pasja\"}}]},{\"@type\":\"Organization\",\"@id\":\"https:\\\/\\\/www.skalnik.pl\\\/blog\\\/#organization\",\"name\":\"blog Skalnik\",\"description\":\"Blog, porady, artyku\\u0142y - blog Skalnik\",\"url\":\"https:\\\/\\\/www.skalnik.pl\\\/blog\\\/\"},{\"@type\":\"Person\",\"@id\":\"https:\\\/\\\/www.skalnik.pl\\\/blog\\\/author\\\/anna-sliwa\\\/#author\",\"url\":\"https:\\\/\\\/www.skalnik.pl\\\/blog\\\/author\\\/anna-sliwa\\\/\",\"name\":\"Anna \\u015aliwa\",\"image\":{\"@type\":\"ImageObject\",\"@id\":\"https:\\\/\\\/www.skalnik.pl\\\/blog\\\/korona-europy-najwyzsze-szczyty-europy\\\/#authorImage\",\"url\":\"https:\\\/\\\/secure.gravatar.com\\\/avatar\\\/e8300be3de710e2e109e5dfbf092dcf827242ec8071807a1e13f6b3f7c9bbd79?s=96&d=mm&r=g\",\"width\":96,\"height\":96,\"caption\":\"Anna \\u015aliwa\"}},{\"@type\":\"WebPage\",\"@id\":\"https:\\\/\\\/www.skalnik.pl\\\/blog\\\/korona-europy-najwyzsze-szczyty-europy\\\/#webpage\",\"url\":\"https:\\\/\\\/www.skalnik.pl\\\/blog\\\/korona-europy-najwyzsze-szczyty-europy\\\/\",\"name\":\"Korona Europy \\u2013 najwy\\u017csze szczyty Europy - blog Skalnik\",\"description\":\"Korona Europy to najwy\\u017csze szczyty wszystkich europejskich pa\\u0144stw. Jej skompletowanie to du\\u017ce wyzwanie i olbrzymia satysfakcja. Poznaj szczyty Korony Europy\",\"inLanguage\":\"pl-PL\",\"isPartOf\":{\"@id\":\"https:\\\/\\\/www.skalnik.pl\\\/blog\\\/#website\"},\"breadcrumb\":{\"@id\":\"https:\\\/\\\/www.skalnik.pl\\\/blog\\\/korona-europy-najwyzsze-szczyty-europy\\\/#breadcrumblist\"},\"author\":{\"@id\":\"https:\\\/\\\/www.skalnik.pl\\\/blog\\\/author\\\/anna-sliwa\\\/#author\"},\"creator\":{\"@id\":\"https:\\\/\\\/www.skalnik.pl\\\/blog\\\/author\\\/anna-sliwa\\\/#author\"},\"image\":{\"@type\":\"ImageObject\",\"url\":\"https:\\\/\\\/www.skalnik.pl\\\/blog\\\/wp-content\\\/uploads\\\/2023\\\/07\\\/sylvain-mauroux-Zt5KC97bAHQ-unsplash.jpg\",\"@id\":\"https:\\\/\\\/www.skalnik.pl\\\/blog\\\/korona-europy-najwyzsze-szczyty-europy\\\/#mainImage\",\"width\":1920,\"height\":706},\"primaryImageOfPage\":{\"@id\":\"https:\\\/\\\/www.skalnik.pl\\\/blog\\\/korona-europy-najwyzsze-szczyty-europy\\\/#mainImage\"},\"datePublished\":\"2023-08-18T15:05:49+02:00\",\"dateModified\":\"2023-09-15T13:13:12+02:00\"},{\"@type\":\"WebSite\",\"@id\":\"https:\\\/\\\/www.skalnik.pl\\\/blog\\\/#website\",\"url\":\"https:\\\/\\\/www.skalnik.pl\\\/blog\\\/\",\"name\":\"blog Skalnik\",\"description\":\"Blog, porady, artyku\\u0142y - blog Skalnik\",\"inLanguage\":\"pl-PL\",\"publisher\":{\"@id\":\"https:\\\/\\\/www.skalnik.pl\\\/blog\\\/#organization\"}}]}\n\t\t<\/script>\n\t\t<!-- All in One SEO -->\n\n","aioseo_head_json":{"title":"Korona Europy \u2013 najwy\u017csze szczyty Europy - blog Skalnik","description":"Korona Europy to najwy\u017csze szczyty wszystkich europejskich pa\u0144stw. Jej skompletowanie to du\u017ce wyzwanie i olbrzymia satysfakcja. Poznaj szczyty Korony Europy","canonical_url":"https:\/\/www.skalnik.pl\/blog\/korona-europy-najwyzsze-szczyty-europy\/","robots":"max-image-preview:large","keywords":"","webmasterTools":{"miscellaneous":""},"schema":{"@context":"https:\/\/schema.org","@graph":[{"@type":"BlogPosting","@id":"https:\/\/www.skalnik.pl\/blog\/korona-europy-najwyzsze-szczyty-europy\/#blogposting","name":"Korona Europy \u2013 najwy\u017csze szczyty Europy - blog Skalnik","headline":"Korona Europy &#8211; najwy\u017csze szczyty Europy","author":{"@id":"https:\/\/www.skalnik.pl\/blog\/author\/anna-sliwa\/#author"},"publisher":{"@id":"https:\/\/www.skalnik.pl\/blog\/#organization"},"image":{"@type":"ImageObject","url":"https:\/\/www.skalnik.pl\/blog\/wp-content\/uploads\/2023\/07\/sylvain-mauroux-Zt5KC97bAHQ-unsplash.jpg","width":1920,"height":706},"datePublished":"2023-08-18T15:05:49+02:00","dateModified":"2023-09-15T13:13:12+02:00","inLanguage":"pl-PL","mainEntityOfPage":{"@id":"https:\/\/www.skalnik.pl\/blog\/korona-europy-najwyzsze-szczyty-europy\/#webpage"},"isPartOf":{"@id":"https:\/\/www.skalnik.pl\/blog\/korona-europy-najwyzsze-szczyty-europy\/#webpage"},"articleSection":"Pasja, g\u00f3ry"},{"@type":"BreadcrumbList","@id":"https:\/\/www.skalnik.pl\/blog\/korona-europy-najwyzsze-szczyty-europy\/#breadcrumblist","itemListElement":[{"@type":"ListItem","@id":"https:\/\/www.skalnik.pl\/blog#listItem","position":1,"name":"Home","item":"https:\/\/www.skalnik.pl\/blog","nextItem":{"@type":"ListItem","@id":"https:\/\/www.skalnik.pl\/blog\/.\/pasja\/#listItem","name":"Pasja"}},{"@type":"ListItem","@id":"https:\/\/www.skalnik.pl\/blog\/.\/pasja\/#listItem","position":2,"name":"Pasja","item":"https:\/\/www.skalnik.pl\/blog\/.\/pasja\/","nextItem":{"@type":"ListItem","@id":"https:\/\/www.skalnik.pl\/blog\/korona-europy-najwyzsze-szczyty-europy\/#listItem","name":"Korona Europy &#8211; najwy\u017csze szczyty Europy"},"previousItem":{"@type":"ListItem","@id":"https:\/\/www.skalnik.pl\/blog#listItem","name":"Home"}},{"@type":"ListItem","@id":"https:\/\/www.skalnik.pl\/blog\/korona-europy-najwyzsze-szczyty-europy\/#listItem","position":3,"name":"Korona Europy &#8211; najwy\u017csze szczyty Europy","previousItem":{"@type":"ListItem","@id":"https:\/\/www.skalnik.pl\/blog\/.\/pasja\/#listItem","name":"Pasja"}}]},{"@type":"Organization","@id":"https:\/\/www.skalnik.pl\/blog\/#organization","name":"blog Skalnik","description":"Blog, porady, artyku\u0142y - blog Skalnik","url":"https:\/\/www.skalnik.pl\/blog\/"},{"@type":"Person","@id":"https:\/\/www.skalnik.pl\/blog\/author\/anna-sliwa\/#author","url":"https:\/\/www.skalnik.pl\/blog\/author\/anna-sliwa\/","name":"Anna \u015aliwa","image":{"@type":"ImageObject","@id":"https:\/\/www.skalnik.pl\/blog\/korona-europy-najwyzsze-szczyty-europy\/#authorImage","url":"https:\/\/secure.gravatar.com\/avatar\/e8300be3de710e2e109e5dfbf092dcf827242ec8071807a1e13f6b3f7c9bbd79?s=96&d=mm&r=g","width":96,"height":96,"caption":"Anna \u015aliwa"}},{"@type":"WebPage","@id":"https:\/\/www.skalnik.pl\/blog\/korona-europy-najwyzsze-szczyty-europy\/#webpage","url":"https:\/\/www.skalnik.pl\/blog\/korona-europy-najwyzsze-szczyty-europy\/","name":"Korona Europy \u2013 najwy\u017csze szczyty Europy - blog Skalnik","description":"Korona Europy to najwy\u017csze szczyty wszystkich europejskich pa\u0144stw. Jej skompletowanie to du\u017ce wyzwanie i olbrzymia satysfakcja. Poznaj szczyty Korony Europy","inLanguage":"pl-PL","isPartOf":{"@id":"https:\/\/www.skalnik.pl\/blog\/#website"},"breadcrumb":{"@id":"https:\/\/www.skalnik.pl\/blog\/korona-europy-najwyzsze-szczyty-europy\/#breadcrumblist"},"author":{"@id":"https:\/\/www.skalnik.pl\/blog\/author\/anna-sliwa\/#author"},"creator":{"@id":"https:\/\/www.skalnik.pl\/blog\/author\/anna-sliwa\/#author"},"image":{"@type":"ImageObject","url":"https:\/\/www.skalnik.pl\/blog\/wp-content\/uploads\/2023\/07\/sylvain-mauroux-Zt5KC97bAHQ-unsplash.jpg","@id":"https:\/\/www.skalnik.pl\/blog\/korona-europy-najwyzsze-szczyty-europy\/#mainImage","width":1920,"height":706},"primaryImageOfPage":{"@id":"https:\/\/www.skalnik.pl\/blog\/korona-europy-najwyzsze-szczyty-europy\/#mainImage"},"datePublished":"2023-08-18T15:05:49+02:00","dateModified":"2023-09-15T13:13:12+02:00"},{"@type":"WebSite","@id":"https:\/\/www.skalnik.pl\/blog\/#website","url":"https:\/\/www.skalnik.pl\/blog\/","name":"blog Skalnik","description":"Blog, porady, artyku\u0142y - blog Skalnik","inLanguage":"pl-PL","publisher":{"@id":"https:\/\/www.skalnik.pl\/blog\/#organization"}}]},"og:locale":"pl_PL","og:site_name":"blog Skalnik - Blog, porady, artyku\u0142y - blog Skalnik","og:type":"article","og:title":"Korona Europy \u2013 najwy\u017csze szczyty Europy - blog Skalnik","og:description":"Korona Europy to najwy\u017csze szczyty wszystkich europejskich pa\u0144stw. Jej skompletowanie to du\u017ce wyzwanie i olbrzymia satysfakcja. Poznaj szczyty Korony Europy","og:url":"https:\/\/www.skalnik.pl\/blog\/korona-europy-najwyzsze-szczyty-europy\/","og:image":"https:\/\/www.skalnik.pl\/blog\/wp-content\/uploads\/2023\/07\/rustam-altuev-ZVVVHYysicE-unsplash.jpg","og:image:secure_url":"https:\/\/www.skalnik.pl\/blog\/wp-content\/uploads\/2023\/07\/rustam-altuev-ZVVVHYysicE-unsplash.jpg","og:image:width":1920,"og:image:height":1440,"article:tag":["pasja","g\u00f3ry"],"article:published_time":"2023-08-18T13:05:49+00:00","article:modified_time":"2023-09-15T11:13:12+00:00","twitter:card":"summary_large_image","twitter:title":"Korona Europy \u2013 najwy\u017csze szczyty Europy - blog Skalnik","twitter:description":"Korona Europy to najwy\u017csze szczyty wszystkich europejskich pa\u0144stw. Jej skompletowanie to du\u017ce wyzwanie i olbrzymia satysfakcja. Poznaj szczyty Korony Europy","twitter:image":"https:\/\/www.skalnik.pl\/blog\/wp-content\/uploads\/2023\/07\/rustam-altuev-ZVVVHYysicE-unsplash.jpg"},"aioseo_meta_data":{"post_id":"23818","title":null,"description":"Korona Europy to najwy\u017csze szczyty wszystkich europejskich pa\u0144stw. Jej skompletowanie to du\u017ce wyzwanie i olbrzymia satysfakcja. Poznaj szczyty Korony Europy","keywords":[],"keyphrases":{"focus":{"keyphrase":"korona europy ","score":100,"analysis":{"keyphraseInTitle":{"score":9,"maxScore":9,"error":0},"keyphraseInDescription":{"score":9,"maxScore":9,"error":0},"keyphraseLength":{"score":9,"maxScore":9,"error":0,"length":2},"keyphraseInURL":{"score":5,"maxScore":5,"error":0},"keyphraseInIntroduction":{"score":9,"maxScore":9,"error":0},"keyphraseInSubHeadings":{"score":9,"maxScore":9,"error":0},"keyphraseInImageAlt":{"score":9,"maxScore":9,"error":0}}},"additional":[]},"primary_term":null,"canonical_url":null,"og_title":null,"og_description":null,"og_object_type":"default","og_image_type":"default","og_image_url":null,"og_image_width":null,"og_image_height":null,"og_image_custom_url":null,"og_image_custom_fields":null,"og_video":"","og_custom_url":null,"og_article_section":null,"og_article_tags":[],"twitter_use_og":false,"twitter_card":"default","twitter_image_type":"default","twitter_image_url":null,"twitter_image_custom_url":null,"twitter_image_custom_fields":null,"twitter_title":null,"twitter_description":null,"schema":{"blockGraphs":[],"customGraphs":[],"default":{"data":{"Article":[],"Course":[],"Dataset":[],"FAQPage":[],"Movie":[],"Person":[],"Product":[],"ProductReview":[],"Car":[],"Recipe":[],"Service":[],"SoftwareApplication":[],"WebPage":[]},"graphName":"","isEnabled":true},"graphs":[]},"schema_type":"default","schema_type_options":null,"pillar_content":false,"robots_default":true,"robots_noindex":false,"robots_noarchive":false,"robots_nosnippet":false,"robots_nofollow":false,"robots_noimageindex":false,"robots_noodp":false,"robots_notranslate":false,"robots_max_snippet":"-1","robots_max_videopreview":"-1","robots_max_imagepreview":"large","priority":null,"frequency":"default","local_seo":null,"breadcrumb_settings":null,"limit_modified_date":false,"ai":null,"created":"2023-07-31 06:34:12","updated":"2026-02-17 22:43:27","seo_analyzer_scan_date":null},"aioseo_breadcrumb":"<div class=\"aioseo-breadcrumbs\"><span class=\"aioseo-breadcrumb\">\n\t\t\t<a href=\"https:\/\/www.skalnik.pl\/blog\" title=\"Home\">Home<\/a>\n\t\t<\/span><span class=\"aioseo-breadcrumb-separator\">&raquo;<\/span><span class=\"aioseo-breadcrumb\">\n\t\t\t<a href=\"https:\/\/www.skalnik.pl\/blog\/.\/pasja\/\" title=\"Pasja\">Pasja<\/a>\n\t\t<\/span><span class=\"aioseo-breadcrumb-separator\">&raquo;<\/span><span class=\"aioseo-breadcrumb\">\n\t\t\tKorona Europy \u2013 najwy\u017csze szczyty Europy\n\t\t<\/span><\/div>","aioseo_breadcrumb_json":[{"label":"Home","link":"https:\/\/www.skalnik.pl\/blog"},{"label":"Pasja","link":"https:\/\/www.skalnik.pl\/blog\/.\/pasja\/"},{"label":"Korona Europy &#8211; najwy\u017csze szczyty Europy","link":"https:\/\/www.skalnik.pl\/blog\/korona-europy-najwyzsze-szczyty-europy\/"}],"_links":{"self":[{"href":"https:\/\/www.skalnik.pl\/blog\/wp-json\/wp\/v2\/posts\/23818","targetHints":{"allow":["GET"]}}],"collection":[{"href":"https:\/\/www.skalnik.pl\/blog\/wp-json\/wp\/v2\/posts"}],"about":[{"href":"https:\/\/www.skalnik.pl\/blog\/wp-json\/wp\/v2\/types\/post"}],"author":[{"embeddable":true,"href":"https:\/\/www.skalnik.pl\/blog\/wp-json\/wp\/v2\/users\/41"}],"replies":[{"embeddable":true,"href":"https:\/\/www.skalnik.pl\/blog\/wp-json\/wp\/v2\/comments?post=23818"}],"version-history":[{"count":3,"href":"https:\/\/www.skalnik.pl\/blog\/wp-json\/wp\/v2\/posts\/23818\/revisions"}],"predecessor-version":[{"id":24107,"href":"https:\/\/www.skalnik.pl\/blog\/wp-json\/wp\/v2\/posts\/23818\/revisions\/24107"}],"wp:featuredmedia":[{"embeddable":true,"href":"https:\/\/www.skalnik.pl\/blog\/wp-json\/wp\/v2\/media\/23819"}],"wp:attachment":[{"href":"https:\/\/www.skalnik.pl\/blog\/wp-json\/wp\/v2\/media?parent=23818"}],"wp:term":[{"taxonomy":"category","embeddable":true,"href":"https:\/\/www.skalnik.pl\/blog\/wp-json\/wp\/v2\/categories?post=23818"},{"taxonomy":"post_tag","embeddable":true,"href":"https:\/\/www.skalnik.pl\/blog\/wp-json\/wp\/v2\/tags?post=23818"},{"taxonomy":"magento_category","embeddable":true,"href":"https:\/\/www.skalnik.pl\/blog\/wp-json\/wp\/v2\/magento_category?post=23818"},{"taxonomy":"magento_product","embeddable":true,"href":"https:\/\/www.skalnik.pl\/blog\/wp-json\/wp\/v2\/magento_product?post=23818"}],"curies":[{"name":"wp","href":"https:\/\/api.w.org\/{rel}","templated":true}]}}