{"id":23826,"date":"2023-08-04T10:24:54","date_gmt":"2023-08-04T08:24:54","guid":{"rendered":"https:\/\/www.skalnik.pl\/blog\/?p=23826"},"modified":"2023-08-28T13:24:10","modified_gmt":"2023-08-28T11:24:10","slug":"wilki-w-gorach-co-zrobic-gdy-spotkasz-wilka","status":"publish","type":"post","link":"https:\/\/www.skalnik.pl\/blog\/wilki-w-gorach-co-zrobic-gdy-spotkasz-wilka\/","title":{"rendered":"Wilki w g\u00f3rach. Co zrobi\u0107, gdy spotkasz wilka"},"content":{"rendered":"\n<p><strong>Wilk- zwierz\u0119 obros\u0142e legendami, przes\u0105dami i stereotypami. W bajkach to ten z\u0142y (pami\u0119tasz? zjad\u0142 Czerwonego Kapturka), w potocznym j\u0119zyku postrach na dzieci \u2013 przyjdzie wilk i ci\u0119 zje. Nic wi\u0119c dziwnego, \u017ce wiele os\u00f3b obawia si\u0119 spotkania z tym drapie\u017cnikiem. Strach pot\u0119guje fakt, \u017ce w ostatnich latach populacja wilka ro\u015bnie. Czy jest si\u0119 czego ba\u0107, czy wilki s\u0105 gro\u017ane dla ludzi? Sprawd\u017a co zrobi\u0107, je\u015bli spotkasz w g\u00f3rach wilka.<\/strong><\/p>\n\n\n\n<div id=\"ez-toc-container\" class=\"ez-toc-v2_0_85 counter-hierarchy ez-toc-counter ez-toc-light-blue ez-toc-container-direction\">\n<div class=\"ez-toc-title-container\">\n<p class=\"ez-toc-title\" style=\"cursor:inherit\">SPIS TRE\u015aCI <\/p>\n<span class=\"ez-toc-title-toggle\"><a href=\"#\" class=\"ez-toc-pull-right ez-toc-btn ez-toc-btn-xs ez-toc-btn-default ez-toc-toggle\" aria-label=\"Prze\u0142\u0105cznik Spisu Tre\u015bci\"><span class=\"ez-toc-js-icon-con\"><span class=\"\"><span class=\"eztoc-hide\" style=\"display:none;\">Toggle<\/span><span class=\"ez-toc-icon-toggle-span\"><svg style=\"fill: #999;color:#999\" xmlns=\"http:\/\/www.w3.org\/2000\/svg\" class=\"list-377408\" width=\"20px\" height=\"20px\" viewBox=\"0 0 24 24\" fill=\"none\"><path d=\"M6 6H4v2h2V6zm14 0H8v2h12V6zM4 11h2v2H4v-2zm16 0H8v2h12v-2zM4 16h2v2H4v-2zm16 0H8v2h12v-2z\" fill=\"currentColor\"><\/path><\/svg><svg style=\"fill: #999;color:#999\" class=\"arrow-unsorted-368013\" xmlns=\"http:\/\/www.w3.org\/2000\/svg\" width=\"10px\" height=\"10px\" viewBox=\"0 0 24 24\" version=\"1.2\" baseProfile=\"tiny\"><path d=\"M18.2 9.3l-6.2-6.3-6.2 6.3c-.2.2-.3.4-.3.7s.1.5.3.7c.2.2.4.3.7.3h11c.3 0 .5-.1.7-.3.2-.2.3-.5.3-.7s-.1-.5-.3-.7zM5.8 14.7l6.2 6.3 6.2-6.3c.2-.2.3-.5.3-.7s-.1-.5-.3-.7c-.2-.2-.4-.3-.7-.3h-11c-.3 0-.5.1-.7.3-.2.2-.3.5-.3.7s.1.5.3.7z\"\/><\/svg><\/span><\/span><\/span><\/a><\/span><\/div>\n<nav><ul class='ez-toc-list ez-toc-list-level-1 ' ><li class='ez-toc-page-1 ez-toc-heading-level-2'><a class=\"ez-toc-link ez-toc-heading-1\" href=\"https:\/\/www.skalnik.pl\/blog\/wilki-w-gorach-co-zrobic-gdy-spotkasz-wilka\/#Wilk_%E2%80%93_liczebnosc_i_wystepowanie\" >Wilk \u2013 liczebno\u015b\u0107 i wyst\u0119powanie<\/a><\/li><li class='ez-toc-page-1 ez-toc-heading-level-2'><a class=\"ez-toc-link ez-toc-heading-2\" href=\"https:\/\/www.skalnik.pl\/blog\/wilki-w-gorach-co-zrobic-gdy-spotkasz-wilka\/#Co_jedza_wilki\" >Co jedz\u0105 wilki<\/a><\/li><li class='ez-toc-page-1 ez-toc-heading-level-2'><a class=\"ez-toc-link ez-toc-heading-3\" href=\"https:\/\/www.skalnik.pl\/blog\/wilki-w-gorach-co-zrobic-gdy-spotkasz-wilka\/#Wilk_a_czlowiek_%E2%80%93_czy_jest_sie_czego_bac\" >Wilk a cz\u0142owiek &#8211; czy jest si\u0119 czego ba\u0107<\/a><\/li><li class='ez-toc-page-1 ez-toc-heading-level-2'><a class=\"ez-toc-link ez-toc-heading-4\" href=\"https:\/\/www.skalnik.pl\/blog\/wilki-w-gorach-co-zrobic-gdy-spotkasz-wilka\/#Spotkanie_z_wilkiem_%E2%80%93_jak_sie_zachowac\" >Spotkanie z wilkiem &#8211; jak si\u0119 zachowa\u0107<\/a><\/li><\/ul><\/nav><\/div>\n<h2 class=\"wp-block-heading\"><span class=\"ez-toc-section\" id=\"Wilk_%E2%80%93_liczebnosc_i_wystepowanie\"><\/span>Wilk \u2013 liczebno\u015b\u0107 i wyst\u0119powanie<span class=\"ez-toc-section-end\"><\/span><\/h2>\n\n\n\n<p>Wilk (Canis lupus) jest drapie\u017cnikiem z rodziny psowatych. Zamieszkuje lasy Eurazji i Ameryki P\u00f3\u0142nocnej. S\u0105 to zwierz\u0119ta o wysoko\u015bci dochodz\u0105cej do 70-85 cm i d\u0142ugo\u015bci do 130 cm, wa\u017c\u0105ce oko\u0142o 50 kg. \u017byj\u0105 w stadach nazywanych watahami, kt\u00f3re zajmuj\u0105 obszar licz\u0105cy od 100 do 300 km2. Stada licz\u0105 do 20 osobnik\u00f3w w r\u00f3\u017cnym wieku, przemieszczaj\u0105 si\u0119 po swoim terenie, a m\u0142ode wilki, kt\u00f3re szukaj\u0105 partnerek wyruszaj\u0105 na samodzielne wyprawy, podczas kt\u00f3rych pokonuj\u0105 nawet 600 km w dwa tygodnie.<\/p>\n\n\n<div class=\"wp-block-image\">\n<figure class=\"aligncenter size-large\"><img loading=\"lazy\" decoding=\"async\" width=\"1024\" height=\"713\" src=\"https:\/\/www.skalnik.pl\/blog\/wp-content\/uploads\/2023\/07\/eva-blue-e9hbo4NtKJ0-unsplash-1024x713.jpg\" alt=\"spotkanie z wilkiem zasady\" class=\"wp-image-23829\" srcset=\"https:\/\/www.skalnik.pl\/blog\/wp-content\/uploads\/2023\/07\/eva-blue-e9hbo4NtKJ0-unsplash-1024x713.jpg 1024w, https:\/\/www.skalnik.pl\/blog\/wp-content\/uploads\/2023\/07\/eva-blue-e9hbo4NtKJ0-unsplash-300x209.jpg 300w, https:\/\/www.skalnik.pl\/blog\/wp-content\/uploads\/2023\/07\/eva-blue-e9hbo4NtKJ0-unsplash-768x535.jpg 768w, https:\/\/www.skalnik.pl\/blog\/wp-content\/uploads\/2023\/07\/eva-blue-e9hbo4NtKJ0-unsplash-1536x1070.jpg 1536w, https:\/\/www.skalnik.pl\/blog\/wp-content\/uploads\/2023\/07\/eva-blue-e9hbo4NtKJ0-unsplash.jpg 1920w\" sizes=\"auto, (max-width: 1024px) 100vw, 1024px\" \/><figcaption class=\"wp-element-caption\"><em>Wilki \u017cyj\u0105 w stadach nazywanych watahami. (fot. Eva Blue, Unsplash<\/em>)<\/figcaption><\/figure>\n<\/div>\n\n\n<p> Od 1998 r. wilk szary jest obj\u0119ty w Polsce ochron\u0105 gatunkow\u0105. Zanim to si\u0119 sta\u0142o populacja tego drapie\u017cnika spad\u0142a do zaledwie 400-500 sztuk na terenie ca\u0142ego kraju. W latach dziewi\u0119\u0107dziesi\u0105tych XX w. wilki \u017cy\u0142y g\u0142\u00f3wnie w Karpatach, a na innych terenach Polski pojawia\u0142y si\u0119 sporadycznie. Ochrona gatunkowa przynios\u0142a znaczne powi\u0119kszenie populacji. Dzi\u015b szacowana jest ona na ponad 2000 osobnik\u00f3w. Cho\u0107 liczba mo\u017ce robi\u0107 wra\u017cenie, to wci\u0105\u017c jest niewielka. Wystarczy, \u017ce por\u00f3wnasz j\u0105 np. z populacj\u0105 saren, kt\u00f3rych \u017cyje w Polsce oko\u0142o miliona. W zwi\u0105zku ze zwi\u0119kszeniem liczebno\u015bci wilk\u00f3w powracaj\u0105 one na tereny, kt\u00f3re zamieszkiwa\u0142y w przesz\u0142o\u015bci. Widywane s\u0105 zn\u00f3w w Sudetach, na Pomorzu Zachodnim, Ziemi Lubuskiej, Roztoczu, na Warmii czy w p\u00f3\u0142nocnej cz\u0119\u015bci wojew\u00f3dztwa podkarpackiego.<\/p>\n\n\n\n<p class=\"has-white-color has-vivid-cyan-blue-background-color has-text-color has-background\">W g\u00f3rach mo\u017cesz spotka\u0107 te\u017c inne zwierz\u0119ta. Spotkanie z sarn\u0105, dzikiem, stadem kr\u00f3w albo owiec, czy pies pasterski na szlaku&#8230; Przeczytaj &#8211;&gt; <strong><a href=\"https:\/\/www.skalnik.pl\/blog\/zwierzeta-w-gorach-jak-zachowac-sie-przy-spotkaniu\/\" target=\"_blank\" rel=\"noopener\" title=\"\">ten artyku\u0142<\/a><\/strong> &lt;&#8211; i dowiedz si\u0119, jak zachowa\u0107 si\u0119 w takiej sytuacji. <\/p>\n\n\n\n<h2 class=\"wp-block-heading\"><span class=\"ez-toc-section\" id=\"Co_jedza_wilki\"><\/span>Co jedz\u0105 wilki<span class=\"ez-toc-section-end\"><\/span><\/h2>\n\n\n\n<p>Wilk jest drapie\u017cnikiem, kt\u00f3ry poluje g\u0142\u00f3wnie na zwierz\u0119ta kopytne, takie jak sarny, jelenie czy dziki. Watahy poluj\u0105 wsp\u00f3lnie, tak\u017ce na wi\u0119ksze zwierz\u0119ta, ale nie gardz\u0105 te\u017c padlin\u0105. Na pewno widzisz czasem wiadomo\u015bci o tym, \u017ce wilki zaatakowa\u0142y stado np. owiec w g\u00f3rach. Tak, sytuacje takie si\u0119 zdarzaj\u0105. Dzieje si\u0119 tak g\u0142\u00f3wnie w okresie wychowywania m\u0142odych przez matki, gdy ilo\u015b\u0107 dzikiego pokarmu nie jest dostatecznie du\u017ca dla wy\u017cywienie stada. Dodatkowo zwierz\u0119ta hodowlane s\u0105 \u0142atwym \u0142upem dla wilk\u00f3w poniewa\u017c znajduj\u0105 si\u0119 na ogrodzonym terenie i nie maj\u0105 mo\u017cliwo\u015bci ucieczki.<\/p>\n\n\n\n<p>Ofiarami wilk\u00f3w padaj\u0105 te\u017c czasem psy, zar\u00f3wno biegaj\u0105ce luzem, jak i od czasu do czasu wi\u0105zane na \u0142a\u0144cuchach w g\u00f3rskich gospodarstwach. Mo\u017cesz wysnu\u0107 z tego wniosek, \u017ce wilk \u201epoluje\u201d na psy. To b\u0142\u0119dna interpretacja. Wilk traktuje psa jako konkurenta. S\u0105 to gatunki blisko ze sob\u0105 spokrewnione (psy to udomowione wilki, a krzy\u017cowanie wilka z psem jest nadal mo\u017cliwe), a wilk widz\u0105c psa uznaje go za rywala w walce o po\u017cywienie. Dlatego bardzo wa\u017cne jest, by <strong>w czasie w\u0119dr\u00f3wki z psem po g\u00f3rach nie spuszcza\u0107 go ze smyczy<\/strong>. Prowad\u017a psa przy sobie, nie pozwalaj\u0105c buszowa\u0107 samodzielnie w krzakach, a ty i tw\u00f3j czworono\u017cny przyjaciel b\u0119dziecie bezpieczni.<\/p>\n\n\n\n<iframe loading=\"lazy\" width=\"800\" height=\"442\" src=\"https:\/\/www.youtube.com\/embed\/8jYLWnLZShA\" title=\"YouTube video player\" frameborder=\"0\" allow=\"accelerometer; autoplay; clipboard-write; encrypted-media; gyroscope; picture-in-picture; web-share\" allowfullscreen><\/iframe>\n\n\n\n<h2 class=\"wp-block-heading\"><span class=\"ez-toc-section\" id=\"Wilk_a_czlowiek_%E2%80%93_czy_jest_sie_czego_bac\"><\/span>Wilk a cz\u0142owiek &#8211; czy jest si\u0119 czego ba\u0107<span class=\"ez-toc-section-end\"><\/span><\/h2>\n\n\n\n<p>Jak wspomnia\u0142am na pocz\u0105tku, w naszej kulturze wilk jest cz\u0119sto uciele\u015bnieniem z\u0142a i zagro\u017cenia. Te mocno ugruntowane przes\u0105dy wywodz\u0105 si\u0119 jeszcze z czas\u00f3w \u015bredniowiecza. Czy jest w nich ziarno prawdy? Powiem tak: z\u0142y wilk niech pozostanie w bajkach, a my skupmy si\u0119 na jego pozytywnym wp\u0142ywie na \u015brodowisko. Wilki poluj\u0105c reguluj\u0105 liczebno\u015b\u0107 populacji innych ssak\u00f3w, a zjadaj\u0105c padlin\u0119 usuwaj\u0105 j\u0105 ze \u015brodowiska. Ich pokarmem s\u0105 inne zwierz\u0119ta, a nie cz\u0142owiek. Drugim Czerwonym Kapturkiem nie masz raczej szans zosta\u0107.<\/p>\n\n\n<div class=\"wp-block-image\">\n<figure class=\"aligncenter size-large\"><img loading=\"lazy\" decoding=\"async\" width=\"1024\" height=\"649\" src=\"https:\/\/www.skalnik.pl\/blog\/wp-content\/uploads\/2023\/07\/josh-felise-mblYxasm0nk-unsplash-1024x649.jpg\" alt=\"wilki jak si\u0119 zachowa\u0107\" class=\"wp-image-23830\" srcset=\"https:\/\/www.skalnik.pl\/blog\/wp-content\/uploads\/2023\/07\/josh-felise-mblYxasm0nk-unsplash-1024x649.jpg 1024w, https:\/\/www.skalnik.pl\/blog\/wp-content\/uploads\/2023\/07\/josh-felise-mblYxasm0nk-unsplash-300x190.jpg 300w, https:\/\/www.skalnik.pl\/blog\/wp-content\/uploads\/2023\/07\/josh-felise-mblYxasm0nk-unsplash-768x486.jpg 768w, https:\/\/www.skalnik.pl\/blog\/wp-content\/uploads\/2023\/07\/josh-felise-mblYxasm0nk-unsplash-1536x973.jpg 1536w, https:\/\/www.skalnik.pl\/blog\/wp-content\/uploads\/2023\/07\/josh-felise-mblYxasm0nk-unsplash.jpg 1920w\" sizes=\"auto, (max-width: 1024px) 100vw, 1024px\" \/><figcaption class=\"wp-element-caption\"><em>Wilki unikaj\u0105 kontakt\u00f3w z cz\u0142owiekiem. Spotkanie z nimi to rzadko\u015b\u0107. (fot. Josh Felise, Unsplash)<\/em><\/figcaption><\/figure>\n<\/div>\n\n\n<p><strong>Wilk boi si\u0119 cz\u0142owieka<\/strong> i unika spotkania z nim. Mo\u017ce zaatakowa\u0107 spuszczonego ze smyczy, buszuj\u0105cego w krzakach psa, ale na cz\u0142owieka si\u0119 nie rzuca. Pami\u0119taj te\u017c, \u017ce <strong>wilki widz\u0105 bardzo s\u0142abo<\/strong>. Je\u015bli przypadkiem zdarzy\u0142oby Ci si\u0119 stan\u0105\u0107 oko w oko z drapie\u017cnikiem, to z du\u017cym prawdopodobie\u0144stwem b\u0119dzie on sta\u0142 i patrzy\u0142 na Ciebie. A przynajmniej tak Ci si\u0119 b\u0119dzie wydawa\u0107. Trudno w to uwierzy\u0107, ale wilk mo\u017ce nas zwyczajnie nie dostrzega\u0107. <strong>Ma \u015bwietny s\u0142uch i w\u0119ch, wyczuwa ruch<\/strong>, ale w dzie\u0144 widzi s\u0142abo. Jego <strong>wzrok wyostrza si\u0119 dopiero w nocy<\/strong>. Zreszt\u0105 to w\u0142a\u015bnie wtedy jest okres najwi\u0119kszej aktywno\u015bci tych zwierz\u0105t. Trwa od oko\u0142o godziny przed zachodem s\u0142o\u0144ca do oko\u0142o godziny po wschodzie.<\/p>\n\n\n\n<p class=\"has-white-color has-vivid-cyan-blue-background-color has-text-color has-background\">Podczas w\u0119dr\u00f3wek w Karpatach mo\u017cesz potka\u0107 tak\u017ce nied\u017awiedzie. Sprawd\u017a jak si\u0119 zachowa\u0107, gdy spotkasz nied\u017awiedzia &#8211;&gt; <strong><a href=\"https:\/\/www.skalnik.pl\/blog\/niedzwiedzie-w-gorach-zasady-zachowania\/\" target=\"_blank\" rel=\"noopener\" title=\"\">kliknij tutaj<\/a><\/strong>. <\/p>\n\n\n\n<h2 class=\"wp-block-heading\"><span class=\"ez-toc-section\" id=\"Spotkanie_z_wilkiem_%E2%80%93_jak_sie_zachowac\"><\/span>Spotkanie z wilkiem &#8211; jak si\u0119 zachowa\u0107<span class=\"ez-toc-section-end\"><\/span><\/h2>\n\n\n\n<p>Stajesz wi\u0119c oko w oko z wilkiem i co? Przede wszystkim jest to sytuacja niezmiernie rzadka. Pr\u0119dzej zobaczysz odciski \u0142ap na b\u0142otnistej drodze lub pozostawione odchody, kt\u00f3re maj\u0105 pod\u0142u\u017cny kszta\u0142t, s\u0105 w nich zwykle spore fragmenty ko\u015bci i sier\u015bci. By\u0107 mo\u017ce uda Ci si\u0119 zobaczy\u0107 te\u017c miejsce \u017cerowania, pozostawion\u0105, cz\u0119\u015bciowo ogryzion\u0105 padlin\u0119. Ale samo spotkanie z wilkiem to niemal los wygrany na loterii. Pami\u0119taj, \u017ce wielu fotograf\u00f3w przyrody specjalnie czatuje, cz\u0119sto przez wiele dni by m\u00f3c sfotografowa\u0107 te zwierz\u0119ta.<\/p>\n\n\n<div class=\"wp-block-image\">\n<figure class=\"aligncenter size-large\"><img loading=\"lazy\" decoding=\"async\" width=\"1024\" height=\"683\" src=\"https:\/\/www.skalnik.pl\/blog\/wp-content\/uploads\/2023\/07\/m-zonderling-WFPWB7Vum1E-unsplash-1024x683.jpg\" alt=\"wilk szary\" class=\"wp-image-23831\" srcset=\"https:\/\/www.skalnik.pl\/blog\/wp-content\/uploads\/2023\/07\/m-zonderling-WFPWB7Vum1E-unsplash-1024x683.jpg 1024w, https:\/\/www.skalnik.pl\/blog\/wp-content\/uploads\/2023\/07\/m-zonderling-WFPWB7Vum1E-unsplash-300x200.jpg 300w, https:\/\/www.skalnik.pl\/blog\/wp-content\/uploads\/2023\/07\/m-zonderling-WFPWB7Vum1E-unsplash-768x512.jpg 768w, https:\/\/www.skalnik.pl\/blog\/wp-content\/uploads\/2023\/07\/m-zonderling-WFPWB7Vum1E-unsplash-1536x1025.jpg 1536w, https:\/\/www.skalnik.pl\/blog\/wp-content\/uploads\/2023\/07\/m-zonderling-WFPWB7Vum1E-unsplash.jpg 1920w\" sizes=\"auto, (max-width: 1024px) 100vw, 1024px\" \/><figcaption class=\"wp-element-caption\"><em>Je\u015bli spotkasz wilka staraj si\u0119 go odstraszy\u0107 machaniem r\u0119kami i pokrzykiwaniem. (fot. M. Zonderling, Unsplash<\/em>)<\/figcaption><\/figure>\n<\/div>\n\n\n<p>Ale we\u017amy t\u0119 kilkuprocentow\u0105 szans\u0119, \u017ce spotykasz wilka. Stoicie, \u201epatrzycie si\u0119\u201d na siebie, wilk stoi. Musisz mu zasygnalizowa\u0107, \u017ce tu jeste\u015b bo jak wspomnia\u0142am wy\u017cej, zapewne Ci\u0119 nie dostrzeg\u0142. <strong>Unie\u015b r\u0119ce do g\u00f3ry, zacznij nimi macha\u0107<\/strong>. Dzi\u0119ki temu wilk dostrze\u017ce ruch i poczuje lepiej Tw\u00f3j zapach. Mo\u017cesz te\u017c klaska\u0107 w d\u0142onie lub pokrzykiwa\u0107 ostrym tonem, kt\u00f3ry sygnalizuje wilkowi, \u017ce ma do czynienia z cz\u0142owiekiem. To powinno skutecznie odstraszy\u0107 zwierz\u0119. Je\u015bli jednak nadal nie ucieka, co zdarza si\u0119 czasem w przypadku m\u0142odych osobnik\u00f3w, <strong>mo\u017cesz rzuci\u0107 w niego szyszk\u0105, patykiem lub grudk\u0105 ziemi<\/strong>. <\/p>\n\n\n\n<p>Najlepszym sposobem na to by unikn\u0105\u0107 spotkania z drapie\u017cnikiem jest wczesne <strong>sygnalizowanie mu swojej obecno\u015bci<\/strong>. Id\u0105c przez las rozmawiaj z towarzysz\u0105cymi Ci osobami. G\u0142os to najlepszy sygna\u0142 dla wilka, \u017ce cz\u0142owiek jest w pobli\u017cu. Drugim jest zapach, kt\u00f3ry zwierz\u0119 jest w stanie wyczu\u0107 ze sporych odleg\u0142o\u015bci. Pami\u0119taj te\u017c by nie podchodzi\u0107 do szczeni\u0105t, kt\u00f3re mog\u0105 pojawi\u0107 si\u0119 na le\u015bnej drodze oraz trzyma\u0107 si\u0119 z dala od napotkanego miejsca \u017cerowania wilka. W takich wypadkach stado lub przynajmniej jego cz\u0119\u015b\u0107 mo\u017ce si\u0119 kr\u0119ci\u0107 w pobli\u017cu, cho\u0107 go nie widzisz.<\/p>\n\n\n\n<hr class=\"wp-block-separator has-alpha-channel-opacity is-style-dots\"\/>\n\n\n\n<p>Jak widzisz z powy\u017cszych informacji bajki o strasznych wilkach powinny pozosta\u0107 jedynie bajkami. W\u0119druj\u0105c po polskich g\u00f3rach mo\u017cesz czasem spotka\u0107 \u015blady pobytu wilk\u00f3w, ale sam bezpo\u015bredni kontakt z drapie\u017cnikiem z du\u017cym prawdopodobie\u0144stwem Ci nie grozi. Je\u015bli jednak b\u0119dziesz chcia\u0142 zaczai\u0107 si\u0119 by zrobi\u0107 zdj\u0119cia watahy lub pojedynczych osobnik\u00f3w, musisz mie\u0107 sporo cierpliwo\u015bci. I uwa\u017ca\u0107 by podczas czatowania nie dosta\u0107 wilka od wilgoci. To bardziej realne ni\u017c spotkanie oko w oko z drapie\u017cnikiem.<\/p>\n\n\n\n<figure class=\"wp-block-image size-full\"><a href=\"https:\/\/www.skalnik.pl\" target=\"_blank\" rel=\"noreferrer noopener\"><img loading=\"lazy\" decoding=\"async\" width=\"1024\" height=\"250\" src=\"https:\/\/www.skalnik.pl\/blog\/wp-content\/uploads\/2023\/05\/Baner-blog_skalnik_1024x250pxA.jpg\" alt=\"\" class=\"wp-image-23052\" srcset=\"https:\/\/www.skalnik.pl\/blog\/wp-content\/uploads\/2023\/05\/Baner-blog_skalnik_1024x250pxA.jpg 1024w, https:\/\/www.skalnik.pl\/blog\/wp-content\/uploads\/2023\/05\/Baner-blog_skalnik_1024x250pxA-300x73.jpg 300w, https:\/\/www.skalnik.pl\/blog\/wp-content\/uploads\/2023\/05\/Baner-blog_skalnik_1024x250pxA-768x188.jpg 768w\" sizes=\"auto, (max-width: 1024px) 100vw, 1024px\" \/><\/a><\/figure>\n","protected":false},"excerpt":{"rendered":"<p>Z\u0142y, straszny, zagra\u017caj\u0105cy cz\u0142owiekowi. Sprawd\u017a czy stereotypy o wilkach i spotkaniach z nimi maj\u0105 w sobie ziarno prawdy. <\/p>\n","protected":false},"author":41,"featured_media":23827,"comment_status":"closed","ping_status":"closed","sticky":false,"template":"","format":"standard","meta":{"_acf_changed":false,"footnotes":""},"categories":[84,3],"tags":[27,28],"magento_category":[],"magento_product":[],"class_list":["post-23826","post","type-post","status-publish","format-standard","has-post-thumbnail","hentry","category-pasja","category-porady","tag-eko","tag-gory"],"acf":[],"aioseo_notices":[],"aioseo_head":"\n\t\t<!-- All in One SEO 4.9.10 - aioseo.com -->\n\t<meta name=\"description\" content=\"Spotkanie z wilkiem w lesie czy g\u00f3rach obrasta wieloma mitami. Czy jest si\u0119 czego ba\u0107? Sprawd\u017a jak si\u0119 zachowa\u0107, gdy na Twojej drodze stan\u0105 wilki.\" \/>\n\t<meta name=\"robots\" content=\"max-image-preview:large\" \/>\n\t<meta name=\"author\" content=\"Anna \u015aliwa\"\/>\n\t<link rel=\"canonical\" href=\"https:\/\/www.skalnik.pl\/blog\/wilki-w-gorach-co-zrobic-gdy-spotkasz-wilka\/\" \/>\n\t<meta name=\"generator\" content=\"All in One SEO (AIOSEO) 4.9.10\" \/>\n\t\t<meta property=\"og:locale\" content=\"pl_PL\" \/>\n\t\t<meta property=\"og:site_name\" content=\"blog Skalnik - Blog, porady, artyku\u0142y - blog Skalnik\" \/>\n\t\t<meta property=\"og:type\" content=\"article\" \/>\n\t\t<meta property=\"og:title\" content=\"Wilki w g\u00f3rach. Co zrobi\u0107, gdy spotkasz wilka - blog Skalnik\" \/>\n\t\t<meta property=\"og:description\" content=\"Spotkanie z wilkiem w lesie czy g\u00f3rach obrasta wieloma mitami. Czy jest si\u0119 czego ba\u0107? Sprawd\u017a jak si\u0119 zachowa\u0107, gdy na Twojej drodze stan\u0105 wilki.\" \/>\n\t\t<meta property=\"og:url\" content=\"https:\/\/www.skalnik.pl\/blog\/wilki-w-gorach-co-zrobic-gdy-spotkasz-wilka\/\" \/>\n\t\t<meta property=\"og:image\" content=\"https:\/\/www.skalnik.pl\/blog\/wp-content\/uploads\/2023\/07\/eva-blue-e9hbo4NtKJ0-unsplash.jpg\" \/>\n\t\t<meta property=\"og:image:secure_url\" content=\"https:\/\/www.skalnik.pl\/blog\/wp-content\/uploads\/2023\/07\/eva-blue-e9hbo4NtKJ0-unsplash.jpg\" \/>\n\t\t<meta property=\"og:image:width\" content=\"1920\" \/>\n\t\t<meta property=\"og:image:height\" content=\"1337\" \/>\n\t\t<meta property=\"article:tag\" content=\"pasja\" \/>\n\t\t<meta property=\"article:tag\" content=\"porady\" \/>\n\t\t<meta property=\"article:tag\" content=\"eko\" \/>\n\t\t<meta property=\"article:tag\" content=\"g\u00f3ry\" \/>\n\t\t<meta property=\"article:published_time\" content=\"2023-08-04T08:24:54+00:00\" \/>\n\t\t<meta property=\"article:modified_time\" content=\"2023-08-28T11:24:10+00:00\" \/>\n\t\t<meta name=\"twitter:card\" content=\"summary_large_image\" \/>\n\t\t<meta name=\"twitter:title\" content=\"Wilki w g\u00f3rach. Co zrobi\u0107, gdy spotkasz wilka - blog Skalnik\" \/>\n\t\t<meta name=\"twitter:description\" content=\"Spotkanie z wilkiem w lesie czy g\u00f3rach obrasta wieloma mitami. Czy jest si\u0119 czego ba\u0107? Sprawd\u017a jak si\u0119 zachowa\u0107, gdy na Twojej drodze stan\u0105 wilki.\" \/>\n\t\t<meta name=\"twitter:image\" content=\"https:\/\/www.skalnik.pl\/blog\/wp-content\/uploads\/2023\/07\/eva-blue-e9hbo4NtKJ0-unsplash.jpg\" \/>\n\t\t<script type=\"application\/ld+json\" class=\"aioseo-schema\">\n\t\t\t{\"@context\":\"https:\\\/\\\/schema.org\",\"@graph\":[{\"@type\":\"BlogPosting\",\"@id\":\"https:\\\/\\\/www.skalnik.pl\\\/blog\\\/wilki-w-gorach-co-zrobic-gdy-spotkasz-wilka\\\/#blogposting\",\"name\":\"Wilki w g\\u00f3rach. Co zrobi\\u0107, gdy spotkasz wilka - blog Skalnik\",\"headline\":\"Wilki w g\\u00f3rach. Co zrobi\\u0107, gdy spotkasz wilka\",\"author\":{\"@id\":\"https:\\\/\\\/www.skalnik.pl\\\/blog\\\/author\\\/anna-sliwa\\\/#author\"},\"publisher\":{\"@id\":\"https:\\\/\\\/www.skalnik.pl\\\/blog\\\/#organization\"},\"image\":{\"@type\":\"ImageObject\",\"url\":\"https:\\\/\\\/www.skalnik.pl\\\/blog\\\/wp-content\\\/uploads\\\/2023\\\/07\\\/federico-di-dio-photography-PAm1Zm3zYmc-unsplash.jpg\",\"width\":1914,\"height\":702},\"datePublished\":\"2023-08-04T10:24:54+02:00\",\"dateModified\":\"2023-08-28T13:24:10+02:00\",\"inLanguage\":\"pl-PL\",\"mainEntityOfPage\":{\"@id\":\"https:\\\/\\\/www.skalnik.pl\\\/blog\\\/wilki-w-gorach-co-zrobic-gdy-spotkasz-wilka\\\/#webpage\"},\"isPartOf\":{\"@id\":\"https:\\\/\\\/www.skalnik.pl\\\/blog\\\/wilki-w-gorach-co-zrobic-gdy-spotkasz-wilka\\\/#webpage\"},\"articleSection\":\"Pasja, Porady, eko, g\\u00f3ry\"},{\"@type\":\"BreadcrumbList\",\"@id\":\"https:\\\/\\\/www.skalnik.pl\\\/blog\\\/wilki-w-gorach-co-zrobic-gdy-spotkasz-wilka\\\/#breadcrumblist\",\"itemListElement\":[{\"@type\":\"ListItem\",\"@id\":\"https:\\\/\\\/www.skalnik.pl\\\/blog#listItem\",\"position\":1,\"name\":\"Home\",\"item\":\"https:\\\/\\\/www.skalnik.pl\\\/blog\",\"nextItem\":{\"@type\":\"ListItem\",\"@id\":\"https:\\\/\\\/www.skalnik.pl\\\/blog\\\/.\\\/porady\\\/#listItem\",\"name\":\"Porady\"}},{\"@type\":\"ListItem\",\"@id\":\"https:\\\/\\\/www.skalnik.pl\\\/blog\\\/.\\\/porady\\\/#listItem\",\"position\":2,\"name\":\"Porady\",\"item\":\"https:\\\/\\\/www.skalnik.pl\\\/blog\\\/.\\\/porady\\\/\",\"nextItem\":{\"@type\":\"ListItem\",\"@id\":\"https:\\\/\\\/www.skalnik.pl\\\/blog\\\/wilki-w-gorach-co-zrobic-gdy-spotkasz-wilka\\\/#listItem\",\"name\":\"Wilki w g\\u00f3rach. Co zrobi\\u0107, gdy spotkasz wilka\"},\"previousItem\":{\"@type\":\"ListItem\",\"@id\":\"https:\\\/\\\/www.skalnik.pl\\\/blog#listItem\",\"name\":\"Home\"}},{\"@type\":\"ListItem\",\"@id\":\"https:\\\/\\\/www.skalnik.pl\\\/blog\\\/wilki-w-gorach-co-zrobic-gdy-spotkasz-wilka\\\/#listItem\",\"position\":3,\"name\":\"Wilki w g\\u00f3rach. Co zrobi\\u0107, gdy spotkasz wilka\",\"previousItem\":{\"@type\":\"ListItem\",\"@id\":\"https:\\\/\\\/www.skalnik.pl\\\/blog\\\/.\\\/porady\\\/#listItem\",\"name\":\"Porady\"}}]},{\"@type\":\"Organization\",\"@id\":\"https:\\\/\\\/www.skalnik.pl\\\/blog\\\/#organization\",\"name\":\"blog Skalnik\",\"description\":\"Blog, porady, artyku\\u0142y - blog Skalnik\",\"url\":\"https:\\\/\\\/www.skalnik.pl\\\/blog\\\/\"},{\"@type\":\"Person\",\"@id\":\"https:\\\/\\\/www.skalnik.pl\\\/blog\\\/author\\\/anna-sliwa\\\/#author\",\"url\":\"https:\\\/\\\/www.skalnik.pl\\\/blog\\\/author\\\/anna-sliwa\\\/\",\"name\":\"Anna \\u015aliwa\",\"image\":{\"@type\":\"ImageObject\",\"@id\":\"https:\\\/\\\/www.skalnik.pl\\\/blog\\\/wilki-w-gorach-co-zrobic-gdy-spotkasz-wilka\\\/#authorImage\",\"url\":\"https:\\\/\\\/secure.gravatar.com\\\/avatar\\\/e8300be3de710e2e109e5dfbf092dcf827242ec8071807a1e13f6b3f7c9bbd79?s=96&d=mm&r=g\",\"width\":96,\"height\":96,\"caption\":\"Anna \\u015aliwa\"}},{\"@type\":\"WebPage\",\"@id\":\"https:\\\/\\\/www.skalnik.pl\\\/blog\\\/wilki-w-gorach-co-zrobic-gdy-spotkasz-wilka\\\/#webpage\",\"url\":\"https:\\\/\\\/www.skalnik.pl\\\/blog\\\/wilki-w-gorach-co-zrobic-gdy-spotkasz-wilka\\\/\",\"name\":\"Wilki w g\\u00f3rach. Co zrobi\\u0107, gdy spotkasz wilka - blog Skalnik\",\"description\":\"Spotkanie z wilkiem w lesie czy g\\u00f3rach obrasta wieloma mitami. Czy jest si\\u0119 czego ba\\u0107? Sprawd\\u017a jak si\\u0119 zachowa\\u0107, gdy na Twojej drodze stan\\u0105 wilki.\",\"inLanguage\":\"pl-PL\",\"isPartOf\":{\"@id\":\"https:\\\/\\\/www.skalnik.pl\\\/blog\\\/#website\"},\"breadcrumb\":{\"@id\":\"https:\\\/\\\/www.skalnik.pl\\\/blog\\\/wilki-w-gorach-co-zrobic-gdy-spotkasz-wilka\\\/#breadcrumblist\"},\"author\":{\"@id\":\"https:\\\/\\\/www.skalnik.pl\\\/blog\\\/author\\\/anna-sliwa\\\/#author\"},\"creator\":{\"@id\":\"https:\\\/\\\/www.skalnik.pl\\\/blog\\\/author\\\/anna-sliwa\\\/#author\"},\"image\":{\"@type\":\"ImageObject\",\"url\":\"https:\\\/\\\/www.skalnik.pl\\\/blog\\\/wp-content\\\/uploads\\\/2023\\\/07\\\/federico-di-dio-photography-PAm1Zm3zYmc-unsplash.jpg\",\"@id\":\"https:\\\/\\\/www.skalnik.pl\\\/blog\\\/wilki-w-gorach-co-zrobic-gdy-spotkasz-wilka\\\/#mainImage\",\"width\":1914,\"height\":702},\"primaryImageOfPage\":{\"@id\":\"https:\\\/\\\/www.skalnik.pl\\\/blog\\\/wilki-w-gorach-co-zrobic-gdy-spotkasz-wilka\\\/#mainImage\"},\"datePublished\":\"2023-08-04T10:24:54+02:00\",\"dateModified\":\"2023-08-28T13:24:10+02:00\"},{\"@type\":\"WebSite\",\"@id\":\"https:\\\/\\\/www.skalnik.pl\\\/blog\\\/#website\",\"url\":\"https:\\\/\\\/www.skalnik.pl\\\/blog\\\/\",\"name\":\"blog Skalnik\",\"description\":\"Blog, porady, artyku\\u0142y - blog Skalnik\",\"inLanguage\":\"pl-PL\",\"publisher\":{\"@id\":\"https:\\\/\\\/www.skalnik.pl\\\/blog\\\/#organization\"}}]}\n\t\t<\/script>\n\t\t<!-- All in One SEO -->\n\n","aioseo_head_json":{"title":"Wilki w g\u00f3rach. Co zrobi\u0107, gdy spotkasz wilka - blog Skalnik","description":"Spotkanie z wilkiem w lesie czy g\u00f3rach obrasta wieloma mitami. Czy jest si\u0119 czego ba\u0107? Sprawd\u017a jak si\u0119 zachowa\u0107, gdy na Twojej drodze stan\u0105 wilki.","canonical_url":"https:\/\/www.skalnik.pl\/blog\/wilki-w-gorach-co-zrobic-gdy-spotkasz-wilka\/","robots":"max-image-preview:large","keywords":"","webmasterTools":{"miscellaneous":""},"schema":{"@context":"https:\/\/schema.org","@graph":[{"@type":"BlogPosting","@id":"https:\/\/www.skalnik.pl\/blog\/wilki-w-gorach-co-zrobic-gdy-spotkasz-wilka\/#blogposting","name":"Wilki w g\u00f3rach. Co zrobi\u0107, gdy spotkasz wilka - blog Skalnik","headline":"Wilki w g\u00f3rach. Co zrobi\u0107, gdy spotkasz wilka","author":{"@id":"https:\/\/www.skalnik.pl\/blog\/author\/anna-sliwa\/#author"},"publisher":{"@id":"https:\/\/www.skalnik.pl\/blog\/#organization"},"image":{"@type":"ImageObject","url":"https:\/\/www.skalnik.pl\/blog\/wp-content\/uploads\/2023\/07\/federico-di-dio-photography-PAm1Zm3zYmc-unsplash.jpg","width":1914,"height":702},"datePublished":"2023-08-04T10:24:54+02:00","dateModified":"2023-08-28T13:24:10+02:00","inLanguage":"pl-PL","mainEntityOfPage":{"@id":"https:\/\/www.skalnik.pl\/blog\/wilki-w-gorach-co-zrobic-gdy-spotkasz-wilka\/#webpage"},"isPartOf":{"@id":"https:\/\/www.skalnik.pl\/blog\/wilki-w-gorach-co-zrobic-gdy-spotkasz-wilka\/#webpage"},"articleSection":"Pasja, Porady, eko, g\u00f3ry"},{"@type":"BreadcrumbList","@id":"https:\/\/www.skalnik.pl\/blog\/wilki-w-gorach-co-zrobic-gdy-spotkasz-wilka\/#breadcrumblist","itemListElement":[{"@type":"ListItem","@id":"https:\/\/www.skalnik.pl\/blog#listItem","position":1,"name":"Home","item":"https:\/\/www.skalnik.pl\/blog","nextItem":{"@type":"ListItem","@id":"https:\/\/www.skalnik.pl\/blog\/.\/porady\/#listItem","name":"Porady"}},{"@type":"ListItem","@id":"https:\/\/www.skalnik.pl\/blog\/.\/porady\/#listItem","position":2,"name":"Porady","item":"https:\/\/www.skalnik.pl\/blog\/.\/porady\/","nextItem":{"@type":"ListItem","@id":"https:\/\/www.skalnik.pl\/blog\/wilki-w-gorach-co-zrobic-gdy-spotkasz-wilka\/#listItem","name":"Wilki w g\u00f3rach. Co zrobi\u0107, gdy spotkasz wilka"},"previousItem":{"@type":"ListItem","@id":"https:\/\/www.skalnik.pl\/blog#listItem","name":"Home"}},{"@type":"ListItem","@id":"https:\/\/www.skalnik.pl\/blog\/wilki-w-gorach-co-zrobic-gdy-spotkasz-wilka\/#listItem","position":3,"name":"Wilki w g\u00f3rach. Co zrobi\u0107, gdy spotkasz wilka","previousItem":{"@type":"ListItem","@id":"https:\/\/www.skalnik.pl\/blog\/.\/porady\/#listItem","name":"Porady"}}]},{"@type":"Organization","@id":"https:\/\/www.skalnik.pl\/blog\/#organization","name":"blog Skalnik","description":"Blog, porady, artyku\u0142y - blog Skalnik","url":"https:\/\/www.skalnik.pl\/blog\/"},{"@type":"Person","@id":"https:\/\/www.skalnik.pl\/blog\/author\/anna-sliwa\/#author","url":"https:\/\/www.skalnik.pl\/blog\/author\/anna-sliwa\/","name":"Anna \u015aliwa","image":{"@type":"ImageObject","@id":"https:\/\/www.skalnik.pl\/blog\/wilki-w-gorach-co-zrobic-gdy-spotkasz-wilka\/#authorImage","url":"https:\/\/secure.gravatar.com\/avatar\/e8300be3de710e2e109e5dfbf092dcf827242ec8071807a1e13f6b3f7c9bbd79?s=96&d=mm&r=g","width":96,"height":96,"caption":"Anna \u015aliwa"}},{"@type":"WebPage","@id":"https:\/\/www.skalnik.pl\/blog\/wilki-w-gorach-co-zrobic-gdy-spotkasz-wilka\/#webpage","url":"https:\/\/www.skalnik.pl\/blog\/wilki-w-gorach-co-zrobic-gdy-spotkasz-wilka\/","name":"Wilki w g\u00f3rach. Co zrobi\u0107, gdy spotkasz wilka - blog Skalnik","description":"Spotkanie z wilkiem w lesie czy g\u00f3rach obrasta wieloma mitami. Czy jest si\u0119 czego ba\u0107? Sprawd\u017a jak si\u0119 zachowa\u0107, gdy na Twojej drodze stan\u0105 wilki.","inLanguage":"pl-PL","isPartOf":{"@id":"https:\/\/www.skalnik.pl\/blog\/#website"},"breadcrumb":{"@id":"https:\/\/www.skalnik.pl\/blog\/wilki-w-gorach-co-zrobic-gdy-spotkasz-wilka\/#breadcrumblist"},"author":{"@id":"https:\/\/www.skalnik.pl\/blog\/author\/anna-sliwa\/#author"},"creator":{"@id":"https:\/\/www.skalnik.pl\/blog\/author\/anna-sliwa\/#author"},"image":{"@type":"ImageObject","url":"https:\/\/www.skalnik.pl\/blog\/wp-content\/uploads\/2023\/07\/federico-di-dio-photography-PAm1Zm3zYmc-unsplash.jpg","@id":"https:\/\/www.skalnik.pl\/blog\/wilki-w-gorach-co-zrobic-gdy-spotkasz-wilka\/#mainImage","width":1914,"height":702},"primaryImageOfPage":{"@id":"https:\/\/www.skalnik.pl\/blog\/wilki-w-gorach-co-zrobic-gdy-spotkasz-wilka\/#mainImage"},"datePublished":"2023-08-04T10:24:54+02:00","dateModified":"2023-08-28T13:24:10+02:00"},{"@type":"WebSite","@id":"https:\/\/www.skalnik.pl\/blog\/#website","url":"https:\/\/www.skalnik.pl\/blog\/","name":"blog Skalnik","description":"Blog, porady, artyku\u0142y - blog Skalnik","inLanguage":"pl-PL","publisher":{"@id":"https:\/\/www.skalnik.pl\/blog\/#organization"}}]},"og:locale":"pl_PL","og:site_name":"blog Skalnik - Blog, porady, artyku\u0142y - blog Skalnik","og:type":"article","og:title":"Wilki w g\u00f3rach. Co zrobi\u0107, gdy spotkasz wilka - blog Skalnik","og:description":"Spotkanie z wilkiem w lesie czy g\u00f3rach obrasta wieloma mitami. Czy jest si\u0119 czego ba\u0107? Sprawd\u017a jak si\u0119 zachowa\u0107, gdy na Twojej drodze stan\u0105 wilki.","og:url":"https:\/\/www.skalnik.pl\/blog\/wilki-w-gorach-co-zrobic-gdy-spotkasz-wilka\/","og:image":"https:\/\/www.skalnik.pl\/blog\/wp-content\/uploads\/2023\/07\/eva-blue-e9hbo4NtKJ0-unsplash.jpg","og:image:secure_url":"https:\/\/www.skalnik.pl\/blog\/wp-content\/uploads\/2023\/07\/eva-blue-e9hbo4NtKJ0-unsplash.jpg","og:image:width":1920,"og:image:height":1337,"article:tag":["pasja","porady","eko","g\u00f3ry"],"article:published_time":"2023-08-04T08:24:54+00:00","article:modified_time":"2023-08-28T11:24:10+00:00","twitter:card":"summary_large_image","twitter:title":"Wilki w g\u00f3rach. Co zrobi\u0107, gdy spotkasz wilka - blog Skalnik","twitter:description":"Spotkanie z wilkiem w lesie czy g\u00f3rach obrasta wieloma mitami. Czy jest si\u0119 czego ba\u0107? Sprawd\u017a jak si\u0119 zachowa\u0107, gdy na Twojej drodze stan\u0105 wilki.","twitter:image":"https:\/\/www.skalnik.pl\/blog\/wp-content\/uploads\/2023\/07\/eva-blue-e9hbo4NtKJ0-unsplash.jpg"},"aioseo_meta_data":{"post_id":"23826","title":null,"description":"Spotkanie z wilkiem w lesie czy g\u00f3rach obrasta wieloma mitami. Czy jest si\u0119 czego ba\u0107? Sprawd\u017a jak si\u0119 zachowa\u0107, gdy na Twojej drodze stan\u0105 wilki.","keywords":[],"keyphrases":{"focus":{"keyphrase":"wilki","score":90,"analysis":{"keyphraseInTitle":{"score":9,"maxScore":9,"error":0},"keyphraseInDescription":{"score":9,"maxScore":9,"error":0},"keyphraseLength":{"score":9,"maxScore":9,"error":0,"length":1},"keyphraseInURL":{"score":5,"maxScore":5,"error":0},"keyphraseInIntroduction":{"score":9,"maxScore":9,"error":0},"keyphraseInSubHeadings":{"score":3,"maxScore":9,"error":1},"keyphraseInImageAlt":{"score":9,"maxScore":9,"error":0}}},"additional":[]},"primary_term":null,"canonical_url":null,"og_title":null,"og_description":null,"og_object_type":"default","og_image_type":"default","og_image_url":null,"og_image_width":null,"og_image_height":null,"og_image_custom_url":null,"og_image_custom_fields":null,"og_video":"","og_custom_url":null,"og_article_section":null,"og_article_tags":[],"twitter_use_og":false,"twitter_card":"default","twitter_image_type":"default","twitter_image_url":null,"twitter_image_custom_url":null,"twitter_image_custom_fields":null,"twitter_title":null,"twitter_description":null,"schema":{"blockGraphs":[],"customGraphs":[],"default":{"data":{"Article":[],"Course":[],"Dataset":[],"FAQPage":[],"Movie":[],"Person":[],"Product":[],"ProductReview":[],"Car":[],"Recipe":[],"Service":[],"SoftwareApplication":[],"WebPage":[]},"graphName":"","isEnabled":true},"graphs":[]},"schema_type":"default","schema_type_options":null,"pillar_content":false,"robots_default":true,"robots_noindex":false,"robots_noarchive":false,"robots_nosnippet":false,"robots_nofollow":false,"robots_noimageindex":false,"robots_noodp":false,"robots_notranslate":false,"robots_max_snippet":"-1","robots_max_videopreview":"-1","robots_max_imagepreview":"large","priority":null,"frequency":"default","local_seo":null,"breadcrumb_settings":null,"limit_modified_date":false,"ai":null,"created":"2023-07-31 06:59:19","updated":"2026-02-17 22:42:21","seo_analyzer_scan_date":null},"aioseo_breadcrumb":"<div class=\"aioseo-breadcrumbs\"><span class=\"aioseo-breadcrumb\">\n\t\t\t<a href=\"https:\/\/www.skalnik.pl\/blog\" title=\"Home\">Home<\/a>\n\t\t<\/span><span class=\"aioseo-breadcrumb-separator\">&raquo;<\/span><span class=\"aioseo-breadcrumb\">\n\t\t\t<a href=\"https:\/\/www.skalnik.pl\/blog\/.\/porady\/\" title=\"Porady\">Porady<\/a>\n\t\t<\/span><span class=\"aioseo-breadcrumb-separator\">&raquo;<\/span><span class=\"aioseo-breadcrumb\">\n\t\t\tWilki w g\u00f3rach. Co zrobi\u0107, gdy spotkasz wilka\n\t\t<\/span><\/div>","aioseo_breadcrumb_json":[{"label":"Home","link":"https:\/\/www.skalnik.pl\/blog"},{"label":"Porady","link":"https:\/\/www.skalnik.pl\/blog\/.\/porady\/"},{"label":"Wilki w g\u00f3rach. Co zrobi\u0107, gdy spotkasz wilka","link":"https:\/\/www.skalnik.pl\/blog\/wilki-w-gorach-co-zrobic-gdy-spotkasz-wilka\/"}],"_links":{"self":[{"href":"https:\/\/www.skalnik.pl\/blog\/wp-json\/wp\/v2\/posts\/23826","targetHints":{"allow":["GET"]}}],"collection":[{"href":"https:\/\/www.skalnik.pl\/blog\/wp-json\/wp\/v2\/posts"}],"about":[{"href":"https:\/\/www.skalnik.pl\/blog\/wp-json\/wp\/v2\/types\/post"}],"author":[{"embeddable":true,"href":"https:\/\/www.skalnik.pl\/blog\/wp-json\/wp\/v2\/users\/41"}],"replies":[{"embeddable":true,"href":"https:\/\/www.skalnik.pl\/blog\/wp-json\/wp\/v2\/comments?post=23826"}],"version-history":[{"count":3,"href":"https:\/\/www.skalnik.pl\/blog\/wp-json\/wp\/v2\/posts\/23826\/revisions"}],"predecessor-version":[{"id":23927,"href":"https:\/\/www.skalnik.pl\/blog\/wp-json\/wp\/v2\/posts\/23826\/revisions\/23927"}],"wp:featuredmedia":[{"embeddable":true,"href":"https:\/\/www.skalnik.pl\/blog\/wp-json\/wp\/v2\/media\/23827"}],"wp:attachment":[{"href":"https:\/\/www.skalnik.pl\/blog\/wp-json\/wp\/v2\/media?parent=23826"}],"wp:term":[{"taxonomy":"category","embeddable":true,"href":"https:\/\/www.skalnik.pl\/blog\/wp-json\/wp\/v2\/categories?post=23826"},{"taxonomy":"post_tag","embeddable":true,"href":"https:\/\/www.skalnik.pl\/blog\/wp-json\/wp\/v2\/tags?post=23826"},{"taxonomy":"magento_category","embeddable":true,"href":"https:\/\/www.skalnik.pl\/blog\/wp-json\/wp\/v2\/magento_category?post=23826"},{"taxonomy":"magento_product","embeddable":true,"href":"https:\/\/www.skalnik.pl\/blog\/wp-json\/wp\/v2\/magento_product?post=23826"}],"curies":[{"name":"wp","href":"https:\/\/api.w.org\/{rel}","templated":true}]}}