{"id":2383,"date":"2018-06-12T09:32:48","date_gmt":"2018-06-12T07:32:48","guid":{"rendered":"https:\/\/skalnik.pl\/blog\/?p=2383"},"modified":"2018-12-13T09:17:56","modified_gmt":"2018-12-13T08:17:56","slug":"roznica-zimna","status":"publish","type":"post","link":"https:\/\/www.skalnik.pl\/blog\/roznica-zimna\/","title":{"rendered":"R\u00f3\u017cnica zimna"},"content":{"rendered":"<p><img loading=\"lazy\" decoding=\"async\" class=\"alignleft wp-image-2413 size-full\" src=\"https:\/\/skalnik.pl\/blog\/wp-content\/uploads\/2018\/06\/kwadrat.jpg\" alt=\"Denis Urubko\" width=\"355\" height=\"355\" srcset=\"https:\/\/www.skalnik.pl\/blog\/wp-content\/uploads\/2018\/06\/kwadrat.jpg 355w, https:\/\/www.skalnik.pl\/blog\/wp-content\/uploads\/2018\/06\/kwadrat-300x300.jpg 300w\" sizes=\"auto, (max-width: 355px) 100vw, 355px\" \/><\/p>\n<p><b>TEMAT:<\/b><\/p>\n<p>R\u00f3\u017cnica zimna<\/p>\n<p><b>PRELEGENT:<\/b><\/p>\n<p>Denis Urubko<\/p>\n<p><b>MIEJSCE:<\/b><\/p>\n<p>Wybrze\u017ce Wyspia\u0144skiego 27, Budynek A1 PWR, sala Aula, Wroc\u0142aw<\/p>\n<p><b>DATA:<\/b><\/p>\n<p>12.06.2018 19:00<\/p>\n<p>Go\u015bciem ostatnich w tym sezonie Spotka\u0144 z G\u00f3rami b\u0119dzie Denis Urubko. Himalaista, kt\u00f3rego, szczeg\u00f3lnie po ostatniej wyprawie na K2, nie trzeba nikomu przedstawia\u0107. To on by\u0142 w czw\u00f3rce, kt\u00f3ra odwa\u017cnie ruszy\u0142a z akcj\u0105 ratunkow\u0105 na Nanga Parbat, on te\u017c podj\u0105\u0142 samotn\u0105 pr\u00f3b\u0119 zdobycia K2.<\/p>\n<p>Sukces\u00f3w na koncie naszego go\u015bcia nie brakuje: zdoby\u0142 Koron\u0119 Himalaj\u00f3w i Karakorum, tytu\u0142 \u015anie\u017cnej Pantery, jest jednym z najszybszych himalaist\u00f3w \u015bwiata, uczestniczy\u0142 w Narodowej Zimowej Wyprawie na K2. Jego g\u00f3rska kariera trwa ju\u017c od niemal 30 lat. Mo\u017cna powiedzie\u0107, \u017ce g\u00f3ry to dla niego nie tylko pasja i zaw\u00f3d, ale niemal \u015brodowisko naturalne.<\/p>\n<div class=\"page_gallery\">\n\n\t\t<style type=\"text\/css\">\n\t\t\t#gallery-1 {\n\t\t\t\tmargin: auto;\n\t\t\t}\n\t\t\t#gallery-1 .gallery-item {\n\t\t\t\tfloat: left;\n\t\t\t\tmargin-top: 10px;\n\t\t\t\ttext-align: center;\n\t\t\t\twidth: 33%;\n\t\t\t}\n\t\t\t#gallery-1 img {\n\t\t\t\tborder: 2px solid #cfcfcf;\n\t\t\t}\n\t\t\t#gallery-1 .gallery-caption {\n\t\t\t\tmargin-left: 0;\n\t\t\t}\n\t\t\t\/* see gallery_shortcode() in wp-includes\/media.php *\/\n\t\t<\/style>\n\t\t<div id='gallery-1' class='gallery galleryid-2383 gallery-columns-3 gallery-size-full'><dl class='gallery-item'>\n\t\t\t<dt class='gallery-icon landscape'>\n\t\t\t\t<img loading=\"lazy\" decoding=\"async\" width=\"1200\" height=\"675\" src=\"https:\/\/www.skalnik.pl\/blog\/wp-content\/uploads\/2018\/06\/13-BC-198.jpg\" class=\"attachment-full size-full\" alt=\"Denis Urubko w g\u00f3rach\" srcset=\"https:\/\/www.skalnik.pl\/blog\/wp-content\/uploads\/2018\/06\/13-BC-198.jpg 1200w, https:\/\/www.skalnik.pl\/blog\/wp-content\/uploads\/2018\/06\/13-BC-198-300x169.jpg 300w, https:\/\/www.skalnik.pl\/blog\/wp-content\/uploads\/2018\/06\/13-BC-198-768x432.jpg 768w, https:\/\/www.skalnik.pl\/blog\/wp-content\/uploads\/2018\/06\/13-BC-198-1024x576.jpg 1024w\" sizes=\"auto, (max-width: 1200px) 100vw, 1200px\" \/>\n\t\t\t<\/dt><\/dl><dl class='gallery-item'>\n\t\t\t<dt class='gallery-icon landscape'>\n\t\t\t\t<img loading=\"lazy\" decoding=\"async\" width=\"1200\" height=\"675\" src=\"https:\/\/www.skalnik.pl\/blog\/wp-content\/uploads\/2018\/06\/15-summit-push.jpg\" class=\"attachment-full size-full\" alt=\"Denis Urubko w g\u00f3rach\" srcset=\"https:\/\/www.skalnik.pl\/blog\/wp-content\/uploads\/2018\/06\/15-summit-push.jpg 1200w, https:\/\/www.skalnik.pl\/blog\/wp-content\/uploads\/2018\/06\/15-summit-push-300x169.jpg 300w, https:\/\/www.skalnik.pl\/blog\/wp-content\/uploads\/2018\/06\/15-summit-push-768x432.jpg 768w, https:\/\/www.skalnik.pl\/blog\/wp-content\/uploads\/2018\/06\/15-summit-push-1024x576.jpg 1024w\" sizes=\"auto, (max-width: 1200px) 100vw, 1200px\" \/>\n\t\t\t<\/dt><\/dl><dl class='gallery-item'>\n\t\t\t<dt class='gallery-icon landscape'>\n\t\t\t\t<img loading=\"lazy\" decoding=\"async\" width=\"1200\" height=\"675\" src=\"https:\/\/www.skalnik.pl\/blog\/wp-content\/uploads\/2018\/06\/urubko-2.jpg\" class=\"attachment-full size-full\" alt=\"Denis Urubko w g\u00f3rach\" srcset=\"https:\/\/www.skalnik.pl\/blog\/wp-content\/uploads\/2018\/06\/urubko-2.jpg 1200w, https:\/\/www.skalnik.pl\/blog\/wp-content\/uploads\/2018\/06\/urubko-2-300x169.jpg 300w, https:\/\/www.skalnik.pl\/blog\/wp-content\/uploads\/2018\/06\/urubko-2-768x432.jpg 768w, https:\/\/www.skalnik.pl\/blog\/wp-content\/uploads\/2018\/06\/urubko-2-1024x576.jpg 1024w\" sizes=\"auto, (max-width: 1200px) 100vw, 1200px\" \/>\n\t\t\t<\/dt><\/dl><br style=\"clear: both\" \/>\n\t\t<\/div>\n\n<\/div>\n<div id=\"ez-toc-container\" class=\"ez-toc-v2_0_85 counter-hierarchy ez-toc-counter ez-toc-light-blue ez-toc-container-direction\">\n<div class=\"ez-toc-title-container\">\n<p class=\"ez-toc-title\" style=\"cursor:inherit\">SPIS TRE\u015aCI <\/p>\n<span class=\"ez-toc-title-toggle\"><a href=\"#\" class=\"ez-toc-pull-right ez-toc-btn ez-toc-btn-xs ez-toc-btn-default ez-toc-toggle\" aria-label=\"Prze\u0142\u0105cznik Spisu Tre\u015bci\"><span class=\"ez-toc-js-icon-con\"><span class=\"\"><span class=\"eztoc-hide\" style=\"display:none;\">Toggle<\/span><span class=\"ez-toc-icon-toggle-span\"><svg style=\"fill: #999;color:#999\" xmlns=\"http:\/\/www.w3.org\/2000\/svg\" class=\"list-377408\" width=\"20px\" height=\"20px\" viewBox=\"0 0 24 24\" fill=\"none\"><path d=\"M6 6H4v2h2V6zm14 0H8v2h12V6zM4 11h2v2H4v-2zm16 0H8v2h12v-2zM4 16h2v2H4v-2zm16 0H8v2h12v-2z\" fill=\"currentColor\"><\/path><\/svg><svg style=\"fill: #999;color:#999\" class=\"arrow-unsorted-368013\" xmlns=\"http:\/\/www.w3.org\/2000\/svg\" width=\"10px\" height=\"10px\" viewBox=\"0 0 24 24\" version=\"1.2\" baseProfile=\"tiny\"><path d=\"M18.2 9.3l-6.2-6.3-6.2 6.3c-.2.2-.3.4-.3.7s.1.5.3.7c.2.2.4.3.7.3h11c.3 0 .5-.1.7-.3.2-.2.3-.5.3-.7s-.1-.5-.3-.7zM5.8 14.7l6.2 6.3 6.2-6.3c.2-.2.3-.5.3-.7s-.1-.5-.3-.7c-.2-.2-.4-.3-.7-.3h-11c-.3 0-.5.1-.7.3-.2.2-.3.5-.3.7s.1.5.3.7z\"\/><\/svg><\/span><\/span><\/span><\/a><\/span><\/div>\n<nav><ul class='ez-toc-list ez-toc-list-level-1 ' ><li class='ez-toc-page-1 ez-toc-heading-level-2'><a class=\"ez-toc-link ez-toc-heading-1\" href=\"https:\/\/www.skalnik.pl\/blog\/roznica-zimna\/#O_prelekcji\" >O prelekcji<\/a><\/li><li class='ez-toc-page-1 ez-toc-heading-level-2'><a class=\"ez-toc-link ez-toc-heading-2\" href=\"https:\/\/www.skalnik.pl\/blog\/roznica-zimna\/#Denis_Urubko\" >Denis Urubko<\/a><\/li><li class='ez-toc-page-1 ez-toc-heading-level-2'><a class=\"ez-toc-link ez-toc-heading-3\" href=\"https:\/\/www.skalnik.pl\/blog\/roznica-zimna\/#O_spotkaniach\" >O spotkaniach<\/a><\/li><li class='ez-toc-page-1 ez-toc-heading-level-2'><a class=\"ez-toc-link ez-toc-heading-4\" href=\"https:\/\/www.skalnik.pl\/blog\/roznica-zimna\/#Sponsorzy\" >Sponsorzy<\/a><\/li><\/ul><\/nav><\/div>\n<h2><span class=\"ez-toc-section\" id=\"O_prelekcji\"><\/span>O prelekcji<span class=\"ez-toc-section-end\"><\/span><\/h2>\n<p>Podczas swojej prelekcji zatytu\u0142owanej \u201eR\u00f3\u017cnica zimna\u201d skupi si\u0119 przede wszystkim na historii swojego wspinania, przede wszystkim w g\u00f3rach najwy\u017cszych. Opowie, czym zdobywanie Himalaj\u00f3w latem r\u00f3\u017cni si\u0119 od wypraw zimowych. Latem w Himalajach bywa t\u0142oczno, co potwierdzaj\u0105 dziesi\u0105tki os\u00f3b stoj\u0105ce w kolejce na szczyt. Zim\u0105 w najwy\u017csze g\u00f3ry jad\u0105 tylko prawdziwi wojownicy. Panuj\u0105 tam warunki, w kt\u00f3rych ekstremalna wysoko\u015b\u0107 \u0142\u0105czy si\u0119 z ekstremalnym zimnem. Niekt\u00f3rzy nazywaj\u0105 takie miejsca nieludzkimi, dla Denisa to miejsce walki o szczyt i zwyci\u0119stwo. Jednak Denis Urubko wspina si\u0119 nie tylko na o\u015bmiotysi\u0119czniki. Podejmuje tak\u017ce ambitne, sportowe wyzwania wspinaczkowe oraz techniczne drogi w ni\u017cszych g\u00f3rach.<\/p>\n<p>Opowie\u015bci himalaisty, jak zawsze podczas Spotka\u0144 z G\u00f3rami, ubarwi\u0105 zdj\u0119cia oraz filmy. Uczestnicy b\u0119d\u0105 mogli zrobi\u0107 sobie zrobi\u0107 pami\u0105tkowe zdj\u0119cie z Denisem lub poprosi\u0107 go o autograf. Tradycyjnie b\u0119dzie tak\u017ce konkurs z nagrodami &#8211; pilni s\u0142uchacze zazwyczaj bez problem\u00f3w odpowiadaj\u0105 na zadawane przez go\u015bcia pytania.<\/p>\n<p>Denis Urubko by\u0142 ju\u017c dwukrotnie go\u015bciem Spotka\u0144 z G\u00f3rami. Za ka\u017cdym razem Aula Politechniki Wroc\u0142awskiej zape\u0142niona by\u0142a do ostatniego miejsca. Mamy nadziej\u0119, \u017ce tak b\u0119dzie i tym razem.\u00a0Ze wzgl\u0119d\u00f3w bezpiecze\u0144stwa na sal\u0119 wpu\u015bci\u0107 mo\u017cemy jedynie 500 os\u00f3b. Osoby wchodz\u0105ce b\u0119d\u0105 liczone i po wype\u0142nieniu wszystkich miejsc siedz\u0105cych drzwi b\u0119d\u0105 musia\u0142y zosta\u0107 zamkni\u0119te.<\/p>\n<h2><span class=\"ez-toc-section\" id=\"Denis_Urubko\"><\/span>Denis Urubko<span class=\"ez-toc-section-end\"><\/span><\/h2>\n<p>Denis Urubko to jeden z najbardziej znanych wspinaczy i himalaist\u00f3w. Z urodzenia Rosjanin z wyboru niegdy\u015b Kazach, obecnie tak\u017ce Polak. Do jego najwa\u017cniejszych osi\u0105gni\u0119\u0107 nale\u017cy zdobycie 14 najwy\u017cszych szczyt\u00f3w \u015bwiata. Jest pierwszym zimowym zdobywc\u0105 dw\u00f3ch o\u015bmiotysi\u0119cznik\u00f3w: Makalu (w 2009 r. z Simone Moro) oraz Gaszerbruma II (w 2011 r. z Simone Moro i Cory Richardsem). Nosi zaszczytne miano \u015anie\u017cnej Pantery za zdobycie pi\u0119ciu siedmiotysi\u0119cznik\u00f3w by\u0142ego ZSRR. Uczestniczy\u0142 w Narodowej Zimowej Wyprawie na K2 i wraz z tr\u00f3jk\u0105 polskich himalaist\u00f3w podj\u0105\u0142 niezwykle trudn\u0105 akcj\u0119 ratunkow\u0105 na Nanga Parbat, by udzieli\u0107 pomocy Elizabeth Revol i Tomaszowi Mackiewiczowi. Podczas tej samej wyprawy pr\u00f3bowa\u0142 tak\u017ce \u2013 bez powodzenia \u2013 samotnie zdoby\u0107 K2. Jest autorem film\u00f3w i ksi\u0105\u017cek, kt\u00f3rych tematyka oscyluje wok\u00f3\u0142 jego g\u00f3rskiej pasji.<\/p>\n<h2><span class=\"ez-toc-section\" id=\"O_spotkaniach\"><\/span>O spotkaniach<span class=\"ez-toc-section-end\"><\/span><\/h2>\n<p>Spotkania z G\u00f3rami to bezp\u0142atne, cykliczne spotkania z ciekawymi lud\u017ami, kt\u00f3rych \u0142\u0105czy mi\u0142o\u015b\u0107 do g\u00f3r, podr\u00f3\u017cy i przyg\u00f3d. Odbywaj\u0105 si\u0119 raz w miesi\u0105cu przez ca\u0142y rok akademicki (pa\u017adziernik-czerwiec). Zapraszani go\u015bcie podczas tematycznej prelekcji opowiadaj\u0105 o swoich pasjach, realizowanych projektach, osi\u0105gni\u0119ciach. Spotkania z G\u00f3rami maj\u0105 lu\u017any charakter. Pod koniec prelekcji prelegenci zadaj\u0105 pytania publiczno\u015bci &#8211; na najszybszych czekaj\u0105 drobne upominki. Spotkania z G\u00f3rami daj\u0105 mo\u017cliwo\u015b\u0107 bezpo\u015bredniego kontaktu z pasjonatami, kt\u00f3rzy ch\u0119tnie dziel\u0105 si\u0119 swoimi do\u015bwiadczeniami.<\/p>\n<div class=\"page_gallery\">\n\n\t\t<style type=\"text\/css\">\n\t\t\t#gallery-2 {\n\t\t\t\tmargin: auto;\n\t\t\t}\n\t\t\t#gallery-2 .gallery-item {\n\t\t\t\tfloat: left;\n\t\t\t\tmargin-top: 10px;\n\t\t\t\ttext-align: center;\n\t\t\t\twidth: 33%;\n\t\t\t}\n\t\t\t#gallery-2 img {\n\t\t\t\tborder: 2px solid #cfcfcf;\n\t\t\t}\n\t\t\t#gallery-2 .gallery-caption {\n\t\t\t\tmargin-left: 0;\n\t\t\t}\n\t\t\t\/* see gallery_shortcode() in wp-includes\/media.php *\/\n\t\t<\/style>\n\t\t<div id='gallery-2' class='gallery galleryid-2383 gallery-columns-3 gallery-size-full'><dl class='gallery-item'>\n\t\t\t<dt class='gallery-icon landscape'>\n\t\t\t\t<img loading=\"lazy\" decoding=\"async\" width=\"1200\" height=\"675\" src=\"https:\/\/www.skalnik.pl\/blog\/wp-content\/uploads\/2018\/06\/DSC5145-1.jpg\" class=\"attachment-full size-full\" alt=\"prelekcja Denisa Urubko\" srcset=\"https:\/\/www.skalnik.pl\/blog\/wp-content\/uploads\/2018\/06\/DSC5145-1.jpg 1200w, https:\/\/www.skalnik.pl\/blog\/wp-content\/uploads\/2018\/06\/DSC5145-1-300x169.jpg 300w, https:\/\/www.skalnik.pl\/blog\/wp-content\/uploads\/2018\/06\/DSC5145-1-768x432.jpg 768w, https:\/\/www.skalnik.pl\/blog\/wp-content\/uploads\/2018\/06\/DSC5145-1-1024x576.jpg 1024w\" sizes=\"auto, (max-width: 1200px) 100vw, 1200px\" \/>\n\t\t\t<\/dt><\/dl><dl class='gallery-item'>\n\t\t\t<dt class='gallery-icon landscape'>\n\t\t\t\t<img loading=\"lazy\" decoding=\"async\" width=\"1200\" height=\"800\" src=\"https:\/\/www.skalnik.pl\/blog\/wp-content\/uploads\/2018\/06\/DSC06550.jpg\" class=\"attachment-full size-full\" alt=\"wywiad z Denisem Urubko\" srcset=\"https:\/\/www.skalnik.pl\/blog\/wp-content\/uploads\/2018\/06\/DSC06550.jpg 1200w, https:\/\/www.skalnik.pl\/blog\/wp-content\/uploads\/2018\/06\/DSC06550-300x200.jpg 300w, https:\/\/www.skalnik.pl\/blog\/wp-content\/uploads\/2018\/06\/DSC06550-768x512.jpg 768w, https:\/\/www.skalnik.pl\/blog\/wp-content\/uploads\/2018\/06\/DSC06550-1024x683.jpg 1024w\" sizes=\"auto, (max-width: 1200px) 100vw, 1200px\" \/>\n\t\t\t<\/dt><\/dl><dl class='gallery-item'>\n\t\t\t<dt class='gallery-icon landscape'>\n\t\t\t\t<img loading=\"lazy\" decoding=\"async\" width=\"1200\" height=\"800\" src=\"https:\/\/www.skalnik.pl\/blog\/wp-content\/uploads\/2018\/06\/DSC06542.jpg\" class=\"attachment-full size-full\" alt=\"Denis Urubko rozdaje autografy\" srcset=\"https:\/\/www.skalnik.pl\/blog\/wp-content\/uploads\/2018\/06\/DSC06542.jpg 1200w, https:\/\/www.skalnik.pl\/blog\/wp-content\/uploads\/2018\/06\/DSC06542-300x200.jpg 300w, https:\/\/www.skalnik.pl\/blog\/wp-content\/uploads\/2018\/06\/DSC06542-768x512.jpg 768w, https:\/\/www.skalnik.pl\/blog\/wp-content\/uploads\/2018\/06\/DSC06542-1024x683.jpg 1024w\" sizes=\"auto, (max-width: 1200px) 100vw, 1200px\" \/>\n\t\t\t<\/dt><\/dl><br style=\"clear: both\" \/>\n\t\t<\/div>\n\n<\/div>\n<p><iframe loading=\"lazy\" src=\"https:\/\/www.youtube.com\/embed\/w99b2eWfvg4?rel=0\" width=\"560\" height=\"315\" frameborder=\"0\" allowfullscreen=\"allowfullscreen\"><\/iframe><\/p>\n<div class=\"sponsors\">\n<h2><span class=\"ez-toc-section\" id=\"Sponsorzy\"><\/span>Sponsorzy<span class=\"ez-toc-section-end\"><\/span><\/h2>\n\n\t\t<style type=\"text\/css\">\n\t\t\t#gallery-3 {\n\t\t\t\tmargin: auto;\n\t\t\t}\n\t\t\t#gallery-3 .gallery-item {\n\t\t\t\tfloat: left;\n\t\t\t\tmargin-top: 10px;\n\t\t\t\ttext-align: center;\n\t\t\t\twidth: 20%;\n\t\t\t}\n\t\t\t#gallery-3 img {\n\t\t\t\tborder: 2px solid #cfcfcf;\n\t\t\t}\n\t\t\t#gallery-3 .gallery-caption {\n\t\t\t\tmargin-left: 0;\n\t\t\t}\n\t\t\t\/* see gallery_shortcode() in wp-includes\/media.php *\/\n\t\t<\/style>\n\t\t<div id='gallery-3' class='gallery galleryid-2383 gallery-columns-5 gallery-size-thumbnail'><dl class='gallery-item'>\n\t\t\t<dt class='gallery-icon landscape'>\n\t\t\t\t<img loading=\"lazy\" decoding=\"async\" width=\"150\" height=\"150\" src=\"https:\/\/www.skalnik.pl\/blog\/wp-content\/uploads\/2016\/10\/74236798.jpg\" class=\"attachment-thumbnail size-thumbnail\" alt=\"skalnik logo\" \/>\n\t\t\t<\/dt><\/dl><dl class='gallery-item'>\n\t\t\t<dt class='gallery-icon landscape'>\n\t\t\t\t<img loading=\"lazy\" decoding=\"async\" width=\"150\" height=\"150\" src=\"https:\/\/www.skalnik.pl\/blog\/wp-content\/uploads\/2016\/10\/18654627.jpg\" class=\"attachment-thumbnail size-thumbnail\" alt=\"DKF logo\" \/>\n\t\t\t<\/dt><\/dl><dl class='gallery-item'>\n\t\t\t<dt class='gallery-icon landscape'>\n\t\t\t\t<img loading=\"lazy\" decoding=\"async\" width=\"150\" height=\"150\" src=\"https:\/\/www.skalnik.pl\/blog\/wp-content\/uploads\/2016\/10\/55774142.jpg\" class=\"attachment-thumbnail size-thumbnail\" alt=\"Politechnika logo\" \/>\n\t\t\t<\/dt><\/dl><dl class='gallery-item'>\n\t\t\t<dt class='gallery-icon landscape'>\n\t\t\t\t<img loading=\"lazy\" decoding=\"async\" width=\"150\" height=\"150\" src=\"https:\/\/www.skalnik.pl\/blog\/wp-content\/uploads\/2016\/10\/64382480.jpg\" class=\"attachment-thumbnail size-thumbnail\" alt=\"VI.6+ logo\" \/>\n\t\t\t<\/dt><\/dl><dl class='gallery-item'>\n\t\t\t<dt class='gallery-icon landscape'>\n\t\t\t\t<img loading=\"lazy\" decoding=\"async\" width=\"150\" height=\"150\" src=\"https:\/\/www.skalnik.pl\/blog\/wp-content\/uploads\/2016\/10\/25112021.jpg\" class=\"attachment-thumbnail size-thumbnail\" alt=\"volven logo\" \/>\n\t\t\t<\/dt><\/dl><br style=\"clear: both\" \/><dl class='gallery-item'>\n\t\t\t<dt class='gallery-icon landscape'>\n\t\t\t\t<img loading=\"lazy\" decoding=\"async\" width=\"150\" height=\"150\" src=\"https:\/\/www.skalnik.pl\/blog\/wp-content\/uploads\/2016\/11\/81e6707944de360c.jpg\" class=\"attachment-thumbnail size-thumbnail\" alt=\"wspinanie.pl logo\" \/>\n\t\t\t<\/dt><\/dl><dl class='gallery-item'>\n\t\t\t<dt class='gallery-icon landscape'>\n\t\t\t\t<img loading=\"lazy\" decoding=\"async\" width=\"150\" height=\"150\" src=\"https:\/\/www.skalnik.pl\/blog\/wp-content\/uploads\/2016\/11\/6d85c43e84682d3cmed.jpg\" class=\"attachment-thumbnail size-thumbnail\" alt=\"Camp logo\" \/>\n\t\t\t<\/dt><\/dl><dl class='gallery-item'>\n\t\t\t<dt class='gallery-icon landscape'>\n\t\t\t\t<img loading=\"lazy\" decoding=\"async\" width=\"150\" height=\"150\" src=\"https:\/\/www.skalnik.pl\/blog\/wp-content\/uploads\/2018\/06\/0b41cdb05299b0afmed.jpg\" class=\"attachment-thumbnail size-thumbnail\" alt=\"Acerbis logo\" \/>\n\t\t\t<\/dt><\/dl>\n\t\t\t<br style='clear: both' \/>\n\t\t<\/div>\n\n<\/div>\n","protected":false},"excerpt":{"rendered":"<p>TEMAT: R\u00f3\u017cnica zimna PRELEGENT: Denis Urubko MIEJSCE: Wybrze\u017ce Wyspia\u0144skiego 27, Budynek A1 PWR, sala Aula, Wroc\u0142aw DATA: 12.06.2018 19:00 Go\u015bciem ostatnich w tym sezonie Spotka\u0144 z G\u00f3rami b\u0119dzie Denis Urubko. Himalaista, kt\u00f3rego, szczeg\u00f3lnie po ostatniej wyprawie na K2, nie trzeba nikomu przedstawia\u0107. To on by\u0142 w czw\u00f3rce, kt\u00f3ra odwa\u017cnie ruszy\u0142a z akcj\u0105 ratunkow\u0105 na Nanga [&hellip;]<\/p>\n","protected":false},"author":10,"featured_media":2446,"comment_status":"open","ping_status":"open","sticky":false,"template":"","format":"standard","meta":{"_acf_changed":false,"footnotes":""},"categories":[9],"tags":[164,202],"magento_category":[],"magento_product":[],"class_list":["post-2383","post","type-post","status-publish","format-standard","has-post-thumbnail","hentry","category-spotkania-z-gorami","tag-himalaizm","tag-spotkania-z-gorami"],"acf":[],"aioseo_notices":[],"aioseo_head":"\n\t\t<!-- All in One SEO 4.9.10 - aioseo.com -->\n\t<meta name=\"description\" content=\"Podczas swojej prelekcji zatytu\u0142owanej \u201eR\u00f3\u017cnica zimna\u201d skupi si\u0119 przede wszystkim na historii swojego wspinania, przede wszystkim w g\u00f3rach najwy\u017cszych. Opowie, czym zdobywanie Himalaj\u00f3w latem r\u00f3\u017cni si\u0119 od wypraw zimowych.\" \/>\n\t<meta name=\"robots\" content=\"max-image-preview:large\" \/>\n\t<meta name=\"author\" content=\"Spotkania z G\u00f3rami\"\/>\n\t<link rel=\"canonical\" href=\"https:\/\/www.skalnik.pl\/blog\/roznica-zimna\/\" \/>\n\t<meta name=\"generator\" content=\"All in One SEO (AIOSEO) 4.9.10\" \/>\n\t\t<meta property=\"og:locale\" content=\"pl_PL\" \/>\n\t\t<meta property=\"og:site_name\" content=\"blog Skalnik - Blog, porady, artyku\u0142y - blog Skalnik\" \/>\n\t\t<meta property=\"og:type\" content=\"article\" \/>\n\t\t<meta property=\"og:title\" content=\"R\u00f3\u017cnica zimna - blog Skalnik\" \/>\n\t\t<meta property=\"og:description\" content=\"Podczas swojej prelekcji zatytu\u0142owanej \u201eR\u00f3\u017cnica zimna\u201d skupi si\u0119 przede wszystkim na historii swojego wspinania, przede wszystkim w g\u00f3rach najwy\u017cszych. Opowie, czym zdobywanie Himalaj\u00f3w latem r\u00f3\u017cni si\u0119 od wypraw zimowych.\" \/>\n\t\t<meta property=\"og:url\" content=\"https:\/\/www.skalnik.pl\/blog\/roznica-zimna\/\" \/>\n\t\t<meta property=\"og:image\" content=\"https:\/\/skalnik.pl\/blog\/wp-content\/uploads\/2018\/06\/kwadrat.jpg\" \/>\n\t\t<meta property=\"og:image:secure_url\" content=\"https:\/\/skalnik.pl\/blog\/wp-content\/uploads\/2018\/06\/kwadrat.jpg\" \/>\n\t\t<meta property=\"article:tag\" content=\"spotkania z g\u00f3rami\" \/>\n\t\t<meta property=\"article:tag\" content=\"himalaizm\" \/>\n\t\t<meta property=\"article:published_time\" content=\"2018-06-12T07:32:48+00:00\" \/>\n\t\t<meta property=\"article:modified_time\" content=\"2018-12-13T08:17:56+00:00\" \/>\n\t\t<meta name=\"twitter:card\" content=\"summary_large_image\" \/>\n\t\t<meta name=\"twitter:title\" content=\"R\u00f3\u017cnica zimna - blog Skalnik\" \/>\n\t\t<meta name=\"twitter:description\" content=\"Podczas swojej prelekcji zatytu\u0142owanej \u201eR\u00f3\u017cnica zimna\u201d skupi si\u0119 przede wszystkim na historii swojego wspinania, przede wszystkim w g\u00f3rach najwy\u017cszych. Opowie, czym zdobywanie Himalaj\u00f3w latem r\u00f3\u017cni si\u0119 od wypraw zimowych.\" \/>\n\t\t<meta name=\"twitter:image\" content=\"https:\/\/skalnik.pl\/blog\/wp-content\/uploads\/2018\/06\/kwadrat.jpg\" \/>\n\t\t<script type=\"application\/ld+json\" class=\"aioseo-schema\">\n\t\t\t{\"@context\":\"https:\\\/\\\/schema.org\",\"@graph\":[{\"@type\":\"BlogPosting\",\"@id\":\"https:\\\/\\\/www.skalnik.pl\\\/blog\\\/roznica-zimna\\\/#blogposting\",\"name\":\"R\\u00f3\\u017cnica zimna - blog Skalnik\",\"headline\":\"R\\u00f3\\u017cnica zimna\",\"author\":{\"@id\":\"https:\\\/\\\/www.skalnik.pl\\\/blog\\\/author\\\/spotkania\\\/#author\"},\"publisher\":{\"@id\":\"https:\\\/\\\/www.skalnik.pl\\\/blog\\\/#organization\"},\"image\":{\"@type\":\"ImageObject\",\"url\":\"https:\\\/\\\/www.skalnik.pl\\\/blog\\\/wp-content\\\/uploads\\\/2018\\\/06\\\/Bez-nazwy-1.jpg\",\"width\":1920,\"height\":705,\"caption\":\"denis_urubko_w_g\\u00f3rach\"},\"datePublished\":\"2018-06-12T09:32:48+02:00\",\"dateModified\":\"2018-12-13T09:17:56+02:00\",\"inLanguage\":\"pl-PL\",\"mainEntityOfPage\":{\"@id\":\"https:\\\/\\\/www.skalnik.pl\\\/blog\\\/roznica-zimna\\\/#webpage\"},\"isPartOf\":{\"@id\":\"https:\\\/\\\/www.skalnik.pl\\\/blog\\\/roznica-zimna\\\/#webpage\"},\"articleSection\":\"Spotkania z g\\u00f3rami, himalaizm, spotkania z g\\u00f3rami\"},{\"@type\":\"BreadcrumbList\",\"@id\":\"https:\\\/\\\/www.skalnik.pl\\\/blog\\\/roznica-zimna\\\/#breadcrumblist\",\"itemListElement\":[{\"@type\":\"ListItem\",\"@id\":\"https:\\\/\\\/www.skalnik.pl\\\/blog#listItem\",\"position\":1,\"name\":\"Home\",\"item\":\"https:\\\/\\\/www.skalnik.pl\\\/blog\",\"nextItem\":{\"@type\":\"ListItem\",\"@id\":\"https:\\\/\\\/www.skalnik.pl\\\/blog\\\/.\\\/spotkania-z-gorami\\\/#listItem\",\"name\":\"Spotkania z g\\u00f3rami\"}},{\"@type\":\"ListItem\",\"@id\":\"https:\\\/\\\/www.skalnik.pl\\\/blog\\\/.\\\/spotkania-z-gorami\\\/#listItem\",\"position\":2,\"name\":\"Spotkania z g\\u00f3rami\",\"item\":\"https:\\\/\\\/www.skalnik.pl\\\/blog\\\/.\\\/spotkania-z-gorami\\\/\",\"nextItem\":{\"@type\":\"ListItem\",\"@id\":\"https:\\\/\\\/www.skalnik.pl\\\/blog\\\/roznica-zimna\\\/#listItem\",\"name\":\"R\\u00f3\\u017cnica zimna\"},\"previousItem\":{\"@type\":\"ListItem\",\"@id\":\"https:\\\/\\\/www.skalnik.pl\\\/blog#listItem\",\"name\":\"Home\"}},{\"@type\":\"ListItem\",\"@id\":\"https:\\\/\\\/www.skalnik.pl\\\/blog\\\/roznica-zimna\\\/#listItem\",\"position\":3,\"name\":\"R\\u00f3\\u017cnica zimna\",\"previousItem\":{\"@type\":\"ListItem\",\"@id\":\"https:\\\/\\\/www.skalnik.pl\\\/blog\\\/.\\\/spotkania-z-gorami\\\/#listItem\",\"name\":\"Spotkania z g\\u00f3rami\"}}]},{\"@type\":\"Organization\",\"@id\":\"https:\\\/\\\/www.skalnik.pl\\\/blog\\\/#organization\",\"name\":\"blog Skalnik\",\"description\":\"Blog, porady, artyku\\u0142y - blog Skalnik\",\"url\":\"https:\\\/\\\/www.skalnik.pl\\\/blog\\\/\"},{\"@type\":\"Person\",\"@id\":\"https:\\\/\\\/www.skalnik.pl\\\/blog\\\/author\\\/spotkania\\\/#author\",\"url\":\"https:\\\/\\\/www.skalnik.pl\\\/blog\\\/author\\\/spotkania\\\/\",\"name\":\"Spotkania z G\\u00f3rami\",\"image\":{\"@type\":\"ImageObject\",\"@id\":\"https:\\\/\\\/www.skalnik.pl\\\/blog\\\/roznica-zimna\\\/#authorImage\",\"url\":\"https:\\\/\\\/secure.gravatar.com\\\/avatar\\\/e09dd3aeee26ff64ebd6fda736cd0f273a292e33f7d42d8fbdff1ba323502b0b?s=96&d=mm&r=g\",\"width\":96,\"height\":96,\"caption\":\"Spotkania z G\\u00f3rami\"}},{\"@type\":\"WebPage\",\"@id\":\"https:\\\/\\\/www.skalnik.pl\\\/blog\\\/roznica-zimna\\\/#webpage\",\"url\":\"https:\\\/\\\/www.skalnik.pl\\\/blog\\\/roznica-zimna\\\/\",\"name\":\"R\\u00f3\\u017cnica zimna - blog Skalnik\",\"description\":\"Podczas swojej prelekcji zatytu\\u0142owanej \\u201eR\\u00f3\\u017cnica zimna\\u201d skupi si\\u0119 przede wszystkim na historii swojego wspinania, przede wszystkim w g\\u00f3rach najwy\\u017cszych. Opowie, czym zdobywanie Himalaj\\u00f3w latem r\\u00f3\\u017cni si\\u0119 od wypraw zimowych.\",\"inLanguage\":\"pl-PL\",\"isPartOf\":{\"@id\":\"https:\\\/\\\/www.skalnik.pl\\\/blog\\\/#website\"},\"breadcrumb\":{\"@id\":\"https:\\\/\\\/www.skalnik.pl\\\/blog\\\/roznica-zimna\\\/#breadcrumblist\"},\"author\":{\"@id\":\"https:\\\/\\\/www.skalnik.pl\\\/blog\\\/author\\\/spotkania\\\/#author\"},\"creator\":{\"@id\":\"https:\\\/\\\/www.skalnik.pl\\\/blog\\\/author\\\/spotkania\\\/#author\"},\"image\":{\"@type\":\"ImageObject\",\"url\":\"https:\\\/\\\/www.skalnik.pl\\\/blog\\\/wp-content\\\/uploads\\\/2018\\\/06\\\/Bez-nazwy-1.jpg\",\"@id\":\"https:\\\/\\\/www.skalnik.pl\\\/blog\\\/roznica-zimna\\\/#mainImage\",\"width\":1920,\"height\":705,\"caption\":\"denis_urubko_w_g\\u00f3rach\"},\"primaryImageOfPage\":{\"@id\":\"https:\\\/\\\/www.skalnik.pl\\\/blog\\\/roznica-zimna\\\/#mainImage\"},\"datePublished\":\"2018-06-12T09:32:48+02:00\",\"dateModified\":\"2018-12-13T09:17:56+02:00\"},{\"@type\":\"WebSite\",\"@id\":\"https:\\\/\\\/www.skalnik.pl\\\/blog\\\/#website\",\"url\":\"https:\\\/\\\/www.skalnik.pl\\\/blog\\\/\",\"name\":\"blog Skalnik\",\"description\":\"Blog, porady, artyku\\u0142y - blog Skalnik\",\"inLanguage\":\"pl-PL\",\"publisher\":{\"@id\":\"https:\\\/\\\/www.skalnik.pl\\\/blog\\\/#organization\"}}]}\n\t\t<\/script>\n\t\t<!-- All in One SEO -->\n\n","aioseo_head_json":{"title":"R\u00f3\u017cnica zimna - blog Skalnik","description":"Podczas swojej prelekcji zatytu\u0142owanej \u201eR\u00f3\u017cnica zimna\u201d skupi si\u0119 przede wszystkim na historii swojego wspinania, przede wszystkim w g\u00f3rach najwy\u017cszych. Opowie, czym zdobywanie Himalaj\u00f3w latem r\u00f3\u017cni si\u0119 od wypraw zimowych.","canonical_url":"https:\/\/www.skalnik.pl\/blog\/roznica-zimna\/","robots":"max-image-preview:large","keywords":"","webmasterTools":{"miscellaneous":""},"schema":{"@context":"https:\/\/schema.org","@graph":[{"@type":"BlogPosting","@id":"https:\/\/www.skalnik.pl\/blog\/roznica-zimna\/#blogposting","name":"R\u00f3\u017cnica zimna - blog Skalnik","headline":"R\u00f3\u017cnica zimna","author":{"@id":"https:\/\/www.skalnik.pl\/blog\/author\/spotkania\/#author"},"publisher":{"@id":"https:\/\/www.skalnik.pl\/blog\/#organization"},"image":{"@type":"ImageObject","url":"https:\/\/www.skalnik.pl\/blog\/wp-content\/uploads\/2018\/06\/Bez-nazwy-1.jpg","width":1920,"height":705,"caption":"denis_urubko_w_g\u00f3rach"},"datePublished":"2018-06-12T09:32:48+02:00","dateModified":"2018-12-13T09:17:56+02:00","inLanguage":"pl-PL","mainEntityOfPage":{"@id":"https:\/\/www.skalnik.pl\/blog\/roznica-zimna\/#webpage"},"isPartOf":{"@id":"https:\/\/www.skalnik.pl\/blog\/roznica-zimna\/#webpage"},"articleSection":"Spotkania z g\u00f3rami, himalaizm, spotkania z g\u00f3rami"},{"@type":"BreadcrumbList","@id":"https:\/\/www.skalnik.pl\/blog\/roznica-zimna\/#breadcrumblist","itemListElement":[{"@type":"ListItem","@id":"https:\/\/www.skalnik.pl\/blog#listItem","position":1,"name":"Home","item":"https:\/\/www.skalnik.pl\/blog","nextItem":{"@type":"ListItem","@id":"https:\/\/www.skalnik.pl\/blog\/.\/spotkania-z-gorami\/#listItem","name":"Spotkania z g\u00f3rami"}},{"@type":"ListItem","@id":"https:\/\/www.skalnik.pl\/blog\/.\/spotkania-z-gorami\/#listItem","position":2,"name":"Spotkania z g\u00f3rami","item":"https:\/\/www.skalnik.pl\/blog\/.\/spotkania-z-gorami\/","nextItem":{"@type":"ListItem","@id":"https:\/\/www.skalnik.pl\/blog\/roznica-zimna\/#listItem","name":"R\u00f3\u017cnica zimna"},"previousItem":{"@type":"ListItem","@id":"https:\/\/www.skalnik.pl\/blog#listItem","name":"Home"}},{"@type":"ListItem","@id":"https:\/\/www.skalnik.pl\/blog\/roznica-zimna\/#listItem","position":3,"name":"R\u00f3\u017cnica zimna","previousItem":{"@type":"ListItem","@id":"https:\/\/www.skalnik.pl\/blog\/.\/spotkania-z-gorami\/#listItem","name":"Spotkania z g\u00f3rami"}}]},{"@type":"Organization","@id":"https:\/\/www.skalnik.pl\/blog\/#organization","name":"blog Skalnik","description":"Blog, porady, artyku\u0142y - blog Skalnik","url":"https:\/\/www.skalnik.pl\/blog\/"},{"@type":"Person","@id":"https:\/\/www.skalnik.pl\/blog\/author\/spotkania\/#author","url":"https:\/\/www.skalnik.pl\/blog\/author\/spotkania\/","name":"Spotkania z G\u00f3rami","image":{"@type":"ImageObject","@id":"https:\/\/www.skalnik.pl\/blog\/roznica-zimna\/#authorImage","url":"https:\/\/secure.gravatar.com\/avatar\/e09dd3aeee26ff64ebd6fda736cd0f273a292e33f7d42d8fbdff1ba323502b0b?s=96&d=mm&r=g","width":96,"height":96,"caption":"Spotkania z G\u00f3rami"}},{"@type":"WebPage","@id":"https:\/\/www.skalnik.pl\/blog\/roznica-zimna\/#webpage","url":"https:\/\/www.skalnik.pl\/blog\/roznica-zimna\/","name":"R\u00f3\u017cnica zimna - blog Skalnik","description":"Podczas swojej prelekcji zatytu\u0142owanej \u201eR\u00f3\u017cnica zimna\u201d skupi si\u0119 przede wszystkim na historii swojego wspinania, przede wszystkim w g\u00f3rach najwy\u017cszych. Opowie, czym zdobywanie Himalaj\u00f3w latem r\u00f3\u017cni si\u0119 od wypraw zimowych.","inLanguage":"pl-PL","isPartOf":{"@id":"https:\/\/www.skalnik.pl\/blog\/#website"},"breadcrumb":{"@id":"https:\/\/www.skalnik.pl\/blog\/roznica-zimna\/#breadcrumblist"},"author":{"@id":"https:\/\/www.skalnik.pl\/blog\/author\/spotkania\/#author"},"creator":{"@id":"https:\/\/www.skalnik.pl\/blog\/author\/spotkania\/#author"},"image":{"@type":"ImageObject","url":"https:\/\/www.skalnik.pl\/blog\/wp-content\/uploads\/2018\/06\/Bez-nazwy-1.jpg","@id":"https:\/\/www.skalnik.pl\/blog\/roznica-zimna\/#mainImage","width":1920,"height":705,"caption":"denis_urubko_w_g\u00f3rach"},"primaryImageOfPage":{"@id":"https:\/\/www.skalnik.pl\/blog\/roznica-zimna\/#mainImage"},"datePublished":"2018-06-12T09:32:48+02:00","dateModified":"2018-12-13T09:17:56+02:00"},{"@type":"WebSite","@id":"https:\/\/www.skalnik.pl\/blog\/#website","url":"https:\/\/www.skalnik.pl\/blog\/","name":"blog Skalnik","description":"Blog, porady, artyku\u0142y - blog Skalnik","inLanguage":"pl-PL","publisher":{"@id":"https:\/\/www.skalnik.pl\/blog\/#organization"}}]},"og:locale":"pl_PL","og:site_name":"blog Skalnik - Blog, porady, artyku\u0142y - blog Skalnik","og:type":"article","og:title":"R\u00f3\u017cnica zimna - blog Skalnik","og:description":"Podczas swojej prelekcji zatytu\u0142owanej \u201eR\u00f3\u017cnica zimna\u201d skupi si\u0119 przede wszystkim na historii swojego wspinania, przede wszystkim w g\u00f3rach najwy\u017cszych. Opowie, czym zdobywanie Himalaj\u00f3w latem r\u00f3\u017cni si\u0119 od wypraw zimowych.","og:url":"https:\/\/www.skalnik.pl\/blog\/roznica-zimna\/","og:image":"https:\/\/skalnik.pl\/blog\/wp-content\/uploads\/2018\/06\/kwadrat.jpg","og:image:secure_url":"https:\/\/skalnik.pl\/blog\/wp-content\/uploads\/2018\/06\/kwadrat.jpg","article:tag":["spotkania z g\u00f3rami","himalaizm"],"article:published_time":"2018-06-12T07:32:48+00:00","article:modified_time":"2018-12-13T08:17:56+00:00","twitter:card":"summary_large_image","twitter:title":"R\u00f3\u017cnica zimna - blog Skalnik","twitter:description":"Podczas swojej prelekcji zatytu\u0142owanej \u201eR\u00f3\u017cnica zimna\u201d skupi si\u0119 przede wszystkim na historii swojego wspinania, przede wszystkim w g\u00f3rach najwy\u017cszych. Opowie, czym zdobywanie Himalaj\u00f3w latem r\u00f3\u017cni si\u0119 od wypraw zimowych.","twitter:image":"https:\/\/skalnik.pl\/blog\/wp-content\/uploads\/2018\/06\/kwadrat.jpg"},"aioseo_meta_data":{"post_id":"2383","title":null,"description":"Podczas swojej prelekcji zatytu\u0142owanej \u201eR\u00f3\u017cnica zimna\u201d skupi si\u0119 przede wszystkim na historii swojego wspinania, przede wszystkim w g\u00f3rach najwy\u017cszych. Opowie, czym zdobywanie Himalaj\u00f3w latem r\u00f3\u017cni si\u0119 od wypraw zimowych.","keywords":[{"label":"spotkania z g\u00f3rami","value":"spotkania z g\u00f3rami"},{"label":"prelekcje z podr\u00f3\u017cnikami","value":"prelekcje z podr\u00f3\u017cnikami"},{"label":"wydarzenia wroc\u0142aw","value":"wydarzenia wroc\u0142aw"},{"label":"denis urubko","value":"denis urubko"}],"keyphrases":null,"primary_term":null,"canonical_url":null,"og_title":null,"og_description":null,"og_object_type":"default","og_image_type":"default","og_image_url":null,"og_image_width":null,"og_image_height":null,"og_image_custom_url":null,"og_image_custom_fields":null,"og_video":null,"og_custom_url":null,"og_article_section":null,"og_article_tags":null,"twitter_use_og":false,"twitter_card":"default","twitter_image_type":"default","twitter_image_url":null,"twitter_image_custom_url":null,"twitter_image_custom_fields":null,"twitter_title":null,"twitter_description":null,"schema":{"blockGraphs":[],"customGraphs":[],"default":{"data":{"Article":[],"Course":[],"Dataset":[],"FAQPage":[],"Movie":[],"Person":[],"Product":[],"ProductReview":[],"Car":[],"Recipe":[],"Service":[],"SoftwareApplication":[],"WebPage":[]},"graphName":"BlogPosting","isEnabled":true},"graphs":[]},"schema_type":"default","schema_type_options":null,"pillar_content":false,"robots_default":true,"robots_noindex":false,"robots_noarchive":false,"robots_nosnippet":false,"robots_nofollow":false,"robots_noimageindex":false,"robots_noodp":false,"robots_notranslate":false,"robots_max_snippet":null,"robots_max_videopreview":null,"robots_max_imagepreview":"large","priority":null,"frequency":null,"local_seo":null,"breadcrumb_settings":null,"limit_modified_date":false,"ai":null,"created":"2022-08-26 09:51:53","updated":"2026-02-17 21:25:28","seo_analyzer_scan_date":null},"aioseo_breadcrumb":"<div class=\"aioseo-breadcrumbs\"><span class=\"aioseo-breadcrumb\">\n\t\t\t<a href=\"https:\/\/www.skalnik.pl\/blog\" title=\"Home\">Home<\/a>\n\t\t<\/span><span class=\"aioseo-breadcrumb-separator\">&raquo;<\/span><span class=\"aioseo-breadcrumb\">\n\t\t\t<a href=\"https:\/\/www.skalnik.pl\/blog\/.\/spotkania-z-gorami\/\" title=\"Spotkania z g\u00f3rami\">Spotkania z g\u00f3rami<\/a>\n\t\t<\/span><span class=\"aioseo-breadcrumb-separator\">&raquo;<\/span><span class=\"aioseo-breadcrumb\">\n\t\t\tR\u00f3\u017cnica zimna\n\t\t<\/span><\/div>","aioseo_breadcrumb_json":[{"label":"Home","link":"https:\/\/www.skalnik.pl\/blog"},{"label":"Spotkania z g\u00f3rami","link":"https:\/\/www.skalnik.pl\/blog\/.\/spotkania-z-gorami\/"},{"label":"R\u00f3\u017cnica zimna","link":"https:\/\/www.skalnik.pl\/blog\/roznica-zimna\/"}],"_links":{"self":[{"href":"https:\/\/www.skalnik.pl\/blog\/wp-json\/wp\/v2\/posts\/2383","targetHints":{"allow":["GET"]}}],"collection":[{"href":"https:\/\/www.skalnik.pl\/blog\/wp-json\/wp\/v2\/posts"}],"about":[{"href":"https:\/\/www.skalnik.pl\/blog\/wp-json\/wp\/v2\/types\/post"}],"author":[{"embeddable":true,"href":"https:\/\/www.skalnik.pl\/blog\/wp-json\/wp\/v2\/users\/10"}],"replies":[{"embeddable":true,"href":"https:\/\/www.skalnik.pl\/blog\/wp-json\/wp\/v2\/comments?post=2383"}],"version-history":[{"count":29,"href":"https:\/\/www.skalnik.pl\/blog\/wp-json\/wp\/v2\/posts\/2383\/revisions"}],"predecessor-version":[{"id":3321,"href":"https:\/\/www.skalnik.pl\/blog\/wp-json\/wp\/v2\/posts\/2383\/revisions\/3321"}],"wp:featuredmedia":[{"embeddable":true,"href":"https:\/\/www.skalnik.pl\/blog\/wp-json\/wp\/v2\/media\/2446"}],"wp:attachment":[{"href":"https:\/\/www.skalnik.pl\/blog\/wp-json\/wp\/v2\/media?parent=2383"}],"wp:term":[{"taxonomy":"category","embeddable":true,"href":"https:\/\/www.skalnik.pl\/blog\/wp-json\/wp\/v2\/categories?post=2383"},{"taxonomy":"post_tag","embeddable":true,"href":"https:\/\/www.skalnik.pl\/blog\/wp-json\/wp\/v2\/tags?post=2383"},{"taxonomy":"magento_category","embeddable":true,"href":"https:\/\/www.skalnik.pl\/blog\/wp-json\/wp\/v2\/magento_category?post=2383"},{"taxonomy":"magento_product","embeddable":true,"href":"https:\/\/www.skalnik.pl\/blog\/wp-json\/wp\/v2\/magento_product?post=2383"}],"curies":[{"name":"wp","href":"https:\/\/api.w.org\/{rel}","templated":true}]}}