{"id":23881,"date":"2023-08-11T12:11:24","date_gmt":"2023-08-11T10:11:24","guid":{"rendered":"https:\/\/www.skalnik.pl\/blog\/?p=23881"},"modified":"2023-09-07T13:35:44","modified_gmt":"2023-09-07T11:35:44","slug":"jakie-spodnie-w-gory-latem","status":"publish","type":"post","link":"https:\/\/www.skalnik.pl\/blog\/jakie-spodnie-w-gory-latem\/","title":{"rendered":"Jakie spodnie w g\u00f3ry latem"},"content":{"rendered":"\n<p><strong>Letni wyjazd w g\u00f3ry zbli\u017ca si\u0119 wielkimi krokami. A wraz z nim pojawia si\u0119 pytanie, jakie spodnie zabra\u0107. Kr\u00f3tkie, d\u0142ugie, a mo\u017ce jaka\u015b wersja po\u015brednia? Jak zoptymalizowa\u0107 baga\u017c, tym bardziej, \u017ce trzeba go nosi\u0107 na plecach, ale jednocze\u015bnie nie przegrza\u0107 si\u0119 i nie zmarzn\u0105\u0107. Ci\u0119\u017cki orzech do zgryzienia. Nawet po wielu latach chodzenia po g\u00f3rach, niemal przed ka\u017cdym letnim wyjazdem tocz\u0119 w g\u0142owie walk\u0119. Przejrzyj wi\u0119c ze mn\u0105 argumenty za i przeciw ka\u017cdemu z rozwi\u0105za\u0144.<\/strong><\/p>\n\n\n\n<div id=\"ez-toc-container\" class=\"ez-toc-v2_0_85 counter-hierarchy ez-toc-counter ez-toc-light-blue ez-toc-container-direction\">\n<div class=\"ez-toc-title-container\">\n<p class=\"ez-toc-title\" style=\"cursor:inherit\">SPIS TRE\u015aCI <\/p>\n<span class=\"ez-toc-title-toggle\"><a href=\"#\" class=\"ez-toc-pull-right ez-toc-btn ez-toc-btn-xs ez-toc-btn-default ez-toc-toggle\" aria-label=\"Prze\u0142\u0105cznik Spisu Tre\u015bci\"><span class=\"ez-toc-js-icon-con\"><span class=\"\"><span class=\"eztoc-hide\" style=\"display:none;\">Toggle<\/span><span class=\"ez-toc-icon-toggle-span\"><svg style=\"fill: #999;color:#999\" xmlns=\"http:\/\/www.w3.org\/2000\/svg\" class=\"list-377408\" width=\"20px\" height=\"20px\" viewBox=\"0 0 24 24\" fill=\"none\"><path d=\"M6 6H4v2h2V6zm14 0H8v2h12V6zM4 11h2v2H4v-2zm16 0H8v2h12v-2zM4 16h2v2H4v-2zm16 0H8v2h12v-2z\" fill=\"currentColor\"><\/path><\/svg><svg style=\"fill: #999;color:#999\" class=\"arrow-unsorted-368013\" xmlns=\"http:\/\/www.w3.org\/2000\/svg\" width=\"10px\" height=\"10px\" viewBox=\"0 0 24 24\" version=\"1.2\" baseProfile=\"tiny\"><path d=\"M18.2 9.3l-6.2-6.3-6.2 6.3c-.2.2-.3.4-.3.7s.1.5.3.7c.2.2.4.3.7.3h11c.3 0 .5-.1.7-.3.2-.2.3-.5.3-.7s-.1-.5-.3-.7zM5.8 14.7l6.2 6.3 6.2-6.3c.2-.2.3-.5.3-.7s-.1-.5-.3-.7c-.2-.2-.4-.3-.7-.3h-11c-.3 0-.5.1-.7.3-.2.2-.3.5-.3.7s.1.5.3.7z\"\/><\/svg><\/span><\/span><\/span><\/a><\/span><\/div>\n<nav><ul class='ez-toc-list ez-toc-list-level-1 ' ><li class='ez-toc-page-1 ez-toc-heading-level-2'><a class=\"ez-toc-link ez-toc-heading-1\" href=\"https:\/\/www.skalnik.pl\/blog\/jakie-spodnie-w-gory-latem\/#Trekking_trekkingowi_nierowny\" >Trekking trekkingowi nier\u00f3wny<\/a><\/li><li class='ez-toc-page-1 ez-toc-heading-level-2'><a class=\"ez-toc-link ez-toc-heading-2\" href=\"https:\/\/www.skalnik.pl\/blog\/jakie-spodnie-w-gory-latem\/#Szorty_w_gory_%E2%80%93_czy_to_dobry_pomysl\" >Szorty w g\u00f3ry &#8211; czy to dobry pomys\u0142<\/a><\/li><li class='ez-toc-page-1 ez-toc-heading-level-2'><a class=\"ez-toc-link ez-toc-heading-3\" href=\"https:\/\/www.skalnik.pl\/blog\/jakie-spodnie-w-gory-latem\/#Dlugie_spodnie_na_letnie_trekkingi\" >D\u0142ugie spodnie na letnie trekkingi<\/a><\/li><li class='ez-toc-page-1 ez-toc-heading-level-2'><a class=\"ez-toc-link ez-toc-heading-4\" href=\"https:\/\/www.skalnik.pl\/blog\/jakie-spodnie-w-gory-latem\/#Rozwiazanie_posrednie_%E2%80%93_spodnie_z_odpinanymi_nogawkami\" >Rozwi\u0105zanie po\u015brednie \u2013 spodnie z odpinanymi nogawkami<\/a><\/li><li class='ez-toc-page-1 ez-toc-heading-level-2'><a class=\"ez-toc-link ez-toc-heading-5\" href=\"https:\/\/www.skalnik.pl\/blog\/jakie-spodnie-w-gory-latem\/#A_moze_spodniczka_trekkingowa\" >A mo\u017ce sp\u00f3dniczka trekkingowa?<\/a><\/li><\/ul><\/nav><\/div>\n<h2 class=\"wp-block-heading\"><span class=\"ez-toc-section\" id=\"Trekking_trekkingowi_nierowny\"><\/span>Trekking trekkingowi nier\u00f3wny<span class=\"ez-toc-section-end\"><\/span><\/h2>\n\n\n\n<p>Pakuj\u0105c si\u0119 na wyjazd w lecie, przede wszystkim bior\u0119 pod uwag\u0119 to, gdzie jad\u0119. Mo\u017ce to banalne stwierdzenie, ale cz\u0119sto zapominamy, \u017ce \u201elato\u201d nie wsz\u0119dzie oznacza to samo. Mo\u017ce by\u0107 suche i upalne, mo\u017ce by\u0107 wilgotne, a w niekt\u00f3rych klimatach oraz na du\u017cych wysoko\u015bciach temperatur letnich w popularnym znaczeniu w og\u00f3le nie spotkamy.<\/p>\n\n\n\n<p>Zanim wi\u0119c zdecydujesz, jakie spodnie trekkingowe zabierzesz ze sob\u0105 sprawd\u017a dok\u0142adnie, jakich warunk\u00f3w mo\u017cesz si\u0119 spodziewa\u0107. Ja staram si\u0119 tak\u017ce sprawdza\u0107 prognoz\u0119 pogody dla danego miejsca na mniej wi\u0119cej tydzie\u0144 do przodu. Wiem, \u017ce im d\u0142u\u017csza prognoza, tym mniejsze szanse, \u017ce si\u0119 sprawdzi. Obserwowanie prognoz jest jednak wa\u017cne, bo przynajmniej widz\u0119 pewien trend. Pozostaje jeszcze kwestia tego, o czym wiele os\u00f3b zapomina. Prognozy sprawdzam dla konkretnych wysoko\u015bci, a nie dla miejscowo\u015bci po\u0142o\u017conych u podn\u00f3\u017ca. Wyniesiona ze szko\u0142y wiedza o tym, \u017ce temperatura spada wraz ze wzrostem wysoko\u015bci nie jest bezu\u017cyteczna. Tego zjawiska oszuka\u0107 si\u0119 nie da i wy\u017cej naprawd\u0119 jest zimniej, a do tego cz\u0119sto wieje wiatr powoduj\u0105cy dodatkowe wych\u0142adzanie.<\/p>\n\n\n\n<p class=\"has-white-color has-vivid-cyan-blue-background-color has-text-color has-background\">Zobacz artyku\u0142 &#8211;&gt; &#8222;<strong><a href=\"https:\/\/www.skalnik.pl\/blog\/pogoda-w-gorach-gdzie-sprawdzac-prognozy\/\" target=\"_blank\" rel=\"noopener\" title=\"\">Pogoda w g\u00f3rach &#8211; gdzie sprawdza\u0107 prognozy<\/a><\/strong>&#8222;.<\/p>\n\n\n<div class=\"wp-block-image\">\n<figure class=\"aligncenter size-large\"><img loading=\"lazy\" decoding=\"async\" width=\"1024\" height=\"683\" src=\"https:\/\/www.skalnik.pl\/blog\/wp-content\/uploads\/2023\/08\/RS4175_DM_STLABS_Trekking-Lagorai_20220906_00422-hpr-min-1024x683.jpg\" alt=\"d\u0142ugie spodnie w g\u00f3ry\" class=\"wp-image-23885\" srcset=\"https:\/\/www.skalnik.pl\/blog\/wp-content\/uploads\/2023\/08\/RS4175_DM_STLABS_Trekking-Lagorai_20220906_00422-hpr-min-1024x683.jpg 1024w, https:\/\/www.skalnik.pl\/blog\/wp-content\/uploads\/2023\/08\/RS4175_DM_STLABS_Trekking-Lagorai_20220906_00422-hpr-min-300x200.jpg 300w, https:\/\/www.skalnik.pl\/blog\/wp-content\/uploads\/2023\/08\/RS4175_DM_STLABS_Trekking-Lagorai_20220906_00422-hpr-min-768x512.jpg 768w, https:\/\/www.skalnik.pl\/blog\/wp-content\/uploads\/2023\/08\/RS4175_DM_STLABS_Trekking-Lagorai_20220906_00422-hpr-min-1536x1024.jpg 1536w\" sizes=\"auto, (max-width: 1024px) 100vw, 1024px\" \/><figcaption class=\"wp-element-caption\"><em>Zanim spakujesz do plecak spodnie lub spodenki sprawd\u017a w jakich warunkach odb\u0119dzie si\u0119 trekking (fot. Salewa)<\/em><\/figcaption><\/figure>\n<\/div>\n\n\n<p>Drugim aspektem, kt\u00f3ry bior\u0119 pod uwag\u0119 wybieraj\u0105c spodnie na wyjazd jest specyfika terenu. Czy istnieje ryzyko uraz\u00f3w, otar\u0107, czy b\u0119d\u0119 sz\u0142a przez krzaki, czy wygodn\u0105 \u015bcie\u017ck\u0105 w\u015br\u00f3d \u0142\u0105k, a mo\u017ce napotkam ska\u0142y, o kt\u00f3re trzeba b\u0119dzie si\u0119 ociera\u0107.<\/p>\n\n\n\n<p>I na koniec co\u015b, o czym si\u0119 zapomina, a potrafi skutecznie uprzykrzy\u0107 nawet najwspanialsz\u0105 w\u0119dr\u00f3wk\u0119: muchy, komary, gzy, meszki, kleszcze i ca\u0142a plejada innych lataj\u0105cych i biegaj\u0105cych ma\u0142ych potwor\u00f3w, z kt\u00f3rymi kontakt zaowocuje drapaniem si\u0119 przez ca\u0142\u0105 noc. W\u0119dr\u00f3wka w takim towarzystwie potrafi zmieni\u0107 si\u0119 w szko\u0142\u0119 przetrwania. To ruszamy z pakowaniem.<\/p>\n\n\n\n<h2 class=\"wp-block-heading\"><span class=\"ez-toc-section\" id=\"Szorty_w_gory_%E2%80%93_czy_to_dobry_pomysl\"><\/span>Szorty w g\u00f3ry &#8211; czy to dobry pomys\u0142<span class=\"ez-toc-section-end\"><\/span><\/h2>\n\n\n\n<p>By\u0107 mo\u017ce nale\u017cysz do os\u00f3b, kt\u00f3re latem lubi\u0105 nosi\u0107 kr\u00f3tkie spodenki. Ja zdecydowanie nale\u017c\u0119 do tej ekipy, kt\u00f3ra nie wyobra\u017ca sobie prze\u017cycia lata w d\u0142ugich spodniach. Mam te\u017c w szafie kr\u00f3tkie spodenki trekkingowe i u\u017cywam ich, gdy tyko jest to mo\u017cliwe.<\/p>\n\n\n<div class=\"wp-block-image\">\n<figure class=\"aligncenter size-large\"><img loading=\"lazy\" decoding=\"async\" width=\"1024\" height=\"683\" src=\"https:\/\/www.skalnik.pl\/blog\/wp-content\/uploads\/2023\/08\/BenMatthews-00119-min-1024x683.jpg\" alt=\"kr\u00f3tkie spodenki w g\u00f3ry\" class=\"wp-image-23886\" srcset=\"https:\/\/www.skalnik.pl\/blog\/wp-content\/uploads\/2023\/08\/BenMatthews-00119-min-1024x683.jpg 1024w, https:\/\/www.skalnik.pl\/blog\/wp-content\/uploads\/2023\/08\/BenMatthews-00119-min-300x200.jpg 300w, https:\/\/www.skalnik.pl\/blog\/wp-content\/uploads\/2023\/08\/BenMatthews-00119-min-768x512.jpg 768w\" sizes=\"auto, (max-width: 1024px) 100vw, 1024px\" \/><figcaption class=\"wp-element-caption\"><em>W upalny, letni dzie\u0144 kr\u00f3tkie spodenki trekkingowe to wy\u017cszy komfort w\u0119dr\u00f3wki (fot. Marmot)<\/em><\/figcaption><\/figure>\n<\/div>\n\n\n<p>Czyli kiedy warto wybra\u0107 szorty? Wybieram je:<\/p>\n\n\n\n<ul class=\"wp-block-list\">\n<li>gdy mam pewno\u015b\u0107, \u017ce rzeczywi\u015bcie b\u0119dzie ciep\u0142o \u2013 przy stabilnej pogodzie i w wysokich temperaturach<\/li>\n\n\n\n<li>&nbsp;gdy jest duszno i wilgotno, a przy tym gor\u0105co \u2013 w\u0119dr\u00f3wka w takiej \u201esaunie\u201d jest dla mnie najgorszym do\u015bwiadczeniem; d\u0142ugie spodnie w\u00f3wczas s\u0105 niemal tortur\u0105, ale jednocze\u015bnie zdaj\u0119 sobie spraw\u0119, \u017ce przy takiej pogodzie mo\u017cna si\u0119 spodziewa\u0107 burzy i gwa\u0142townego och\u0142odzenia, wi\u0119c d\u0142ugie spodnie awaryjnie s\u0105 zawsze w plecaku;<\/li>\n\n\n\n<li>gdy id\u0119 na szlaki w lesie, prowadz\u0105ce przez \u0142\u0105ki i polany; kr\u00f3tkim spodenkom na przedzieranie si\u0119 przez krzaki m\u00f3wi\u0119 zdecydowane nie;<\/li>\n\n\n\n<li> czasem ubieram je te\u017c na ferraty, cho\u0107 dla wielu os\u00f3b to rozwi\u0105zanie jest nie do pomy\u015blenia. <\/li>\n<\/ul>\n\n\n\n<p class=\"has-text-align-center has-white-color has-vivid-cyan-blue-background-color has-text-color has-background\">Wybierz swoje kr\u00f3tkie spodnie w g\u00f3ry, kliknij w: <\/p>\n\n\n\n<div class=\"wp-block-columns is-layout-flex wp-container-core-columns-is-layout-9d6595d7 wp-block-columns-is-layout-flex\">\n<div class=\"wp-block-column is-layout-flow wp-block-column-is-layout-flow\">\n<p class=\"has-white-color has-vivid-cyan-blue-background-color has-text-color has-background\">-&gt;<strong> <\/strong><a href=\"https:\/\/www.skalnik.pl\/odziez\/odziez-meska\/odziez-meska-spodenki\" target=\"_blank\" rel=\"noopener\" title=\"\"><strong>spodenki trekkingowe m\u0119skie<\/strong><\/a><strong> <\/strong>&lt;-<\/p>\n<\/div>\n\n\n\n<div class=\"wp-block-column is-layout-flow wp-block-column-is-layout-flow\">\n<p class=\"has-white-color has-vivid-cyan-blue-background-color has-text-color has-background\">-&gt; <a href=\"https:\/\/www.skalnik.pl\/odziez\/odziez-damska\/odziez-damska-spodenki\" target=\"_blank\" rel=\"noopener\" title=\"\"><strong>spodenki trekkingowe damskie <\/strong><\/a>&lt;-<\/p>\n<\/div>\n<\/div>\n\n\n\n<h2 class=\"wp-block-heading\"><span class=\"ez-toc-section\" id=\"Dlugie_spodnie_na_letnie_trekkingi\"><\/span>D\u0142ugie spodnie na letnie trekkingi<span class=\"ez-toc-section-end\"><\/span><\/h2>\n\n\n\n<p>Druga opcja, jak\u0105 masz do wyboru, to d\u0142ugie spodnie trekkingowe. Te przeznaczone na lato powinny by\u0107 wykonane z lekkich, oddychaj\u0105cych i sprawnie odprowadzaj\u0105cych wilgo\u0107 materia\u0142\u00f3w. Kr\u00f3luje tu przede wszystkim Nylon, ale w ostatnich latach producenci, tacy jak np. Salewa czy Patagonia, szukaj\u0105 bardziej naturalnych rozwi\u0105za\u0144. Do letnich kolekcji wesz\u0142y przebojem w\u0142\u00f3kna takie jak wykonany z celulozy Tencell\u00ae, konopie (hemp) oraz len. Wszystkie odznaczaj\u0105 si\u0119 rewelacyjn\u0105 absorpcj\u0105 wilgoci i jej szybkim odprowadzaniem, a tak\u017ce maj\u0105 w\u0142a\u015bciwo\u015bci termoregulacyjne. Historia mody zatacza ko\u0142o i wygl\u0105da na to, \u017ce nasi przodkowie si\u0119 nie mylili nosz\u0105c lniane i konopne ubrania przez ca\u0142e lato.<\/p>\n\n\n<div class=\"wp-block-image\">\n<figure class=\"aligncenter size-large\"><img loading=\"lazy\" decoding=\"async\" width=\"1024\" height=\"683\" src=\"https:\/\/www.skalnik.pl\/blog\/wp-content\/uploads\/2023\/08\/DL_STLABS_Hiking-Alta-Badia_190820_353-min-1024x683.jpg\" alt=\"d\u0142ugie spodnie na lato w g\u00f3ry\" class=\"wp-image-23888\" srcset=\"https:\/\/www.skalnik.pl\/blog\/wp-content\/uploads\/2023\/08\/DL_STLABS_Hiking-Alta-Badia_190820_353-min-1024x683.jpg 1024w, https:\/\/www.skalnik.pl\/blog\/wp-content\/uploads\/2023\/08\/DL_STLABS_Hiking-Alta-Badia_190820_353-min-300x200.jpg 300w, https:\/\/www.skalnik.pl\/blog\/wp-content\/uploads\/2023\/08\/DL_STLABS_Hiking-Alta-Badia_190820_353-min-768x512.jpg 768w\" sizes=\"auto, (max-width: 1024px) 100vw, 1024px\" \/><figcaption class=\"wp-element-caption\"><em>D\u0142ugie spodnie na lato musz\u0105 by\u0107 lekkie i oddychaj\u0105ce (fot. Salewa)<\/em><\/figcaption><\/figure>\n<\/div>\n\n\n<p>Szukaj\u0105c letnich spodni trekkingowych zwr\u00f3\u0107 te\u017c uwag\u0119 na ochron\u0119 przed promieniowaniem UV. Wiele tkanin ma wyko\u0144czenia zapobiegaj\u0105ce przenikaniu szkodliwych dla sk\u00f3ry promieni ultrafioletowych. Jest ono niewidoczne i zwyk\u0142y materia\u0142 z regu\u0142y go nie zatrzymuje.<\/p>\n\n\n\n<p>Je\u015bli wybierasz si\u0119 w tereny, gdzie mo\u017cesz spodziewa\u0107 si\u0119 obecno\u015bci insekt\u00f3w, poszukaj spodni z wyko\u0144czeniem chroni\u0105cym przed owadami. Tak\u0105 technologi\u0119 maj\u0105 m.in. spodnie Nosilife marki Craghoppers.<\/p>\n\n\n\n<h2 class=\"wp-block-heading\"><span class=\"ez-toc-section\" id=\"Rozwiazanie_posrednie_%E2%80%93_spodnie_z_odpinanymi_nogawkami\"><\/span>Rozwi\u0105zanie po\u015brednie \u2013 spodnie z odpinanymi nogawkami<span class=\"ez-toc-section-end\"><\/span><\/h2>\n\n\n\n<p>Producenci odzie\u017cy outdoorowej znale\u017ali rozwi\u0105zanie na pogodzenie opcji kr\u00f3tkich i d\u0142ugich spodni trekkingowych. To spodnie z odpinanymi nogawkami. Ma je w swojej kolekcji niemal ka\u017cdy producent odzie\u017cy turystycznej. Jest to bardzo praktyczne rozwi\u0105zanie, pod warunkiem, \u017ce spodnie s\u0105 dobrze wykonane i zamki zosta\u0142y umieszczone w optymalnych miejscach. Niestety je\u015bli nale\u017cysz do os\u00f3b bardzo wysokich lub niskich, mo\u017ce by\u0107 ci\u0119\u017cko z nale\u017a\u0107 spodnie, w kt\u00f3rych zamek do odpinania nogawek b\u0119dzie w dobrym miejscu. <\/p>\n\n\n\n<p>Dzi\u0119ki spodniom z odpinanymi nogawkami mo\u017cesz zmniejszy\u0107 liczb\u0119 rzeczy, kt\u00f3re ze sob\u0105 zabierasz. Jedne spodnie zast\u0119puj\u0105 dwa rozwi\u0105zania. \u0141atwo te\u017c zmienia\u0107 jedn\u0105 wersj\u0119 w drug\u0105 bez konieczno\u015bci k\u0142opotliwego przebierania si\u0119 w terenie. Nie zawsze musisz te\u017c odpina\u0107 nogawki ca\u0142kowicie. R\u00f3wnie dobrze mo\u017cesz potraktowa\u0107 zamki jako wywietrzniki umieszczone na udach.<\/p>\n\n\n<div class=\"wp-block-image\">\n<figure class=\"aligncenter size-large\"><img loading=\"lazy\" decoding=\"async\" width=\"1024\" height=\"683\" src=\"https:\/\/www.skalnik.pl\/blog\/wp-content\/uploads\/2023\/08\/DM_STLABS_Speed-Hiking-Colorado_240818_10794-min-1024x683.jpg\" alt=\"\" class=\"wp-image-23894\" srcset=\"https:\/\/www.skalnik.pl\/blog\/wp-content\/uploads\/2023\/08\/DM_STLABS_Speed-Hiking-Colorado_240818_10794-min-1024x683.jpg 1024w, https:\/\/www.skalnik.pl\/blog\/wp-content\/uploads\/2023\/08\/DM_STLABS_Speed-Hiking-Colorado_240818_10794-min-300x200.jpg 300w, https:\/\/www.skalnik.pl\/blog\/wp-content\/uploads\/2023\/08\/DM_STLABS_Speed-Hiking-Colorado_240818_10794-min-768x512.jpg 768w, https:\/\/www.skalnik.pl\/blog\/wp-content\/uploads\/2023\/08\/DM_STLABS_Speed-Hiking-Colorado_240818_10794-min-1536x1024.jpg 1536w, https:\/\/www.skalnik.pl\/blog\/wp-content\/uploads\/2023\/08\/DM_STLABS_Speed-Hiking-Colorado_240818_10794-min-2048x1365.jpg 2048w\" sizes=\"auto, (max-width: 1024px) 100vw, 1024px\" \/><figcaption class=\"wp-element-caption\"><em>Spodnie z odpinanymi nogawkami to wygodny kompromis mi\u0119dzy spodniami d\u0142ugimi i kr\u00f3tkimi (fot. Salewa)<\/em><\/figcaption><\/figure>\n<\/div>\n\n\n<p>Skoro jest tak dobrze, to na co uwa\u017ca\u0107? Zwr\u00f3\u0107 uwag\u0119:<\/p>\n\n\n\n<ul class=\"wp-block-list\">\n<li>na zamki \u2013 to one s\u0105 najs\u0142abszym ogniwem konstrukcji; u\u017cywane cz\u0119sto mog\u0105 si\u0119 zwyczajnie wys\u0142u\u017cy\u0107 i zaci\u0105\u0107, wi\u0119c wybieraj spodnie z zamkami, wysokiej jako\u015bci &#8211; najlepiej YKK\u00ae;<\/li>\n\n\n\n<li>na wyko\u0144czenie zamk\u00f3w \u2013 je\u015bli ko\u0144c\u00f3wki zamk\u00f3w s\u0105 \u017ale zabezpieczone mog\u0105 powodowa\u0107 otarcia podczas chodzenia;<\/li>\n\n\n\n<li>na rozmieszczenie zamk\u00f3w &#8211; przymierz dok\u0142adnie spodnie zanim si\u0119 na nie zdecydujesz; umieszczony za nisko lub za wysoko zamek mo\u017ce prowadzi\u0107 do ograniczenia mobilno\u015bci czy bole\u015bnie ociera\u0107 uda.<\/li>\n<\/ul>\n\n\n\n<p>I jeszcze ma\u0142a kwestia estetyczna. To niby z punktu widzenia funkcjonalno\u015bci nic wielkiego, ale z czasem mo\u017ce denerwowa\u0107. Je\u015bli cz\u0119\u015bciej u\u017cywasz spodni z odpinanymi nogawkami jako kr\u00f3tkich spodenek, a nogawki dopinasz do nich w razie potrzeby, to zwykle potem pierzesz sam\u0105 \u201dg\u00f3r\u0119\u201d. Po licznych praniach mo\u017ce si\u0119 okaza\u0107, \u017ce nogawki b\u0119d\u0105 znacznie ciemniejsze od kr\u00f3tkich spodenek.<\/p>\n\n\n\t<div class=\"magento-wrapper\">\n\t\t<ul class=\"products\">\n\t\t\t<li class=\"product\">\n\t\n\t\t<div class=\"image\">\n\t\t\t<a href=\"https:\/\/www.skalnik.pl\/spodnie-pedroc-2-dst-21-women-syrah-1011229\" target=\"_self\">\n\t\t\t\t\t\t<img\n\t\t\tsrc=\"https:\/\/www.skalnik.pl\/media\/catalog\/product\/s\/p\/spodnie-pedroc-2-dst-21-women-syrah-1011229_2.jpg\"\n\t\t\talt=\"SPODNIE PEDROC 2 DST 2\/1 WOMEN-SYRAH\"\n\t\t\t\t\t\t\t\t\/>\n\t\t\t\t\t<\/a>\n\t\t<\/div>\n\n\t\t\n\t\t<a href=\"https:\/\/www.skalnik.pl\/spodnie-pedroc-2-dst-21-women-syrah-1011229\" target=\"_self\"><span class=\"name\">SPODNIE PEDROC 2 DST 2\/1 WOMEN-SYRAH<\/span><\/a>\t\n\t\n\t\n\t<div class=\"url\"><a class=\"view-details\" href=\"https:\/\/www.skalnik.pl\/spodnie-pedroc-2-dst-21-women-syrah-1011229\">Zobacz wi\u0119cej <\/a><\/div><\/li>\n<li class=\"product\">\n\t\n\t\t<div class=\"image\">\n\t\t\t<a href=\"https:\/\/www.skalnik.pl\/spodenki-agner-dst-navy-blazer-0910-1011308\" target=\"_self\">\n\t\t\t\t\t\t<img\n\t\t\tsrc=\"https:\/\/www.skalnik.pl\/media\/catalog\/product\/s\/p\/spodenki-agner-dst-navy-blazer-0910-1011308_2.jpg\"\n\t\t\talt=\"SPODENKI AGNER DST-NAVY BLAZER-0910\"\n\t\t\t\t\t\t\t\t\/>\n\t\t\t\t\t<\/a>\n\t\t<\/div>\n\n\t\t\n\t\t<a href=\"https:\/\/www.skalnik.pl\/spodenki-agner-dst-navy-blazer-0910-1011308\" target=\"_self\"><span class=\"name\">SPODENKI AGNER DST-NAVY BLAZER-0910<\/span><\/a>\t\n\t\n\t\n\t<div class=\"url\"><a class=\"view-details\" href=\"https:\/\/www.skalnik.pl\/spodenki-agner-dst-navy-blazer-0910-1011308\">Zobacz wi\u0119cej <\/a><\/div><\/li>\n<li class=\"product\">\n\t\n\t\t<div class=\"image\">\n\t\t\t<a href=\"https:\/\/www.skalnik.pl\/spodenki-transalper-light-dynastretch-women-blueberry-marine-blue-8050-1013507\" target=\"_self\">\n\t\t\t\t\t\t<img\n\t\t\tsrc=\"https:\/\/www.skalnik.pl\/media\/catalog\/product\/s\/p\/spodenki-transalper-light-dynastretch-women-blueberry-marine-blue-8050-1013507_2.jpg\"\n\t\t\talt=\"SPODENKI TRANSALPER LIGHT DYNASTRETCH WOMEN-BLUEBERRY-MARINE BLUE-8050\"\n\t\t\t\t\t\t\t\t\/>\n\t\t\t\t\t<\/a>\n\t\t<\/div>\n\n\t\t\n\t\t<a href=\"https:\/\/www.skalnik.pl\/spodenki-transalper-light-dynastretch-women-blueberry-marine-blue-8050-1013507\" target=\"_self\"><span class=\"name\">SPODENKI TRANSALPER LIGHT DYNASTRETCH WOMEN-BLUEBERRY-MARINE BLUE-8050<\/span><\/a>\t\n\t\n\t\n\t<div class=\"url\"><a class=\"view-details\" href=\"https:\/\/www.skalnik.pl\/spodenki-transalper-light-dynastretch-women-blueberry-marine-blue-8050-1013507\">Zobacz wi\u0119cej <\/a><\/div><\/li>\n\t\t<\/ul>\n\t<\/div>\n\n\n\n\n<h2 class=\"wp-block-heading\"><span class=\"ez-toc-section\" id=\"A_moze_spodniczka_trekkingowa\"><\/span>A mo\u017ce sp\u00f3dniczka trekkingowa?<span class=\"ez-toc-section-end\"><\/span><\/h2>\n\n\n\n<p>W ostatnich latach coraz cz\u0119\u015bciej na szlakach mo\u017cna zobaczy\u0107 sp\u00f3dniczki trekkingowe. Zastanawiasz si\u0119 jak to dzia\u0142a, czy nic nie podwiewa lub czy uda nie s\u0105 nara\u017cone na otarcia? Producenci zadbali tu o maksimum wygody i komfortu. Sp\u00f3dniczka ma dwie warstwy &#8211; zewn\u0119trzna wygl\u0105da jak sp\u00f3dnica, zwykle z niewielkim rozci\u0119ciem na boku, za\u015b wewn\u0119trzna to dopasowane szorty z oddychaj\u0105cego materia\u0142u. Mo\u017cesz wi\u0119c czu\u0107 si\u0119 w pe\u0142ni swobodnie, nawet robi\u0105c du\u017ce kroki lub gdy zawieje wiatr. <\/p>\n\n\n<div class=\"wp-block-image\">\n<figure class=\"aligncenter size-large\"><img loading=\"lazy\" decoding=\"async\" width=\"1024\" height=\"683\" src=\"https:\/\/www.skalnik.pl\/blog\/wp-content\/uploads\/2023\/08\/Dynafit_S23_TrailRunning_Ultra_16066_RGB_low-1024x683.jpg\" alt=\"\" class=\"wp-image-23891\" srcset=\"https:\/\/www.skalnik.pl\/blog\/wp-content\/uploads\/2023\/08\/Dynafit_S23_TrailRunning_Ultra_16066_RGB_low-1024x683.jpg 1024w, https:\/\/www.skalnik.pl\/blog\/wp-content\/uploads\/2023\/08\/Dynafit_S23_TrailRunning_Ultra_16066_RGB_low-300x200.jpg 300w, https:\/\/www.skalnik.pl\/blog\/wp-content\/uploads\/2023\/08\/Dynafit_S23_TrailRunning_Ultra_16066_RGB_low-768x512.jpg 768w, https:\/\/www.skalnik.pl\/blog\/wp-content\/uploads\/2023\/08\/Dynafit_S23_TrailRunning_Ultra_16066_RGB_low-1536x1024.jpg 1536w, https:\/\/www.skalnik.pl\/blog\/wp-content\/uploads\/2023\/08\/Dynafit_S23_TrailRunning_Ultra_16066_RGB_low-2048x1365.jpg 2048w\" sizes=\"auto, (max-width: 1024px) 100vw, 1024px\" \/><figcaption class=\"wp-element-caption\"><em>Sp\u00f3dniczka trekkingowa mo\u017ce by\u0107 alternatyw\u0105 dla kr\u00f3tkich spodenek (fot. Dynafit)<\/em><\/figcaption><\/figure>\n<\/div>\n\n\n<p>Sp\u00f3dniczka to alternatywa dla kr\u00f3tkich spodenek trekkingowych i \u015bwietnie sprawdzi si\u0119 w upalne dni na szlakach, gdzie nogi nie s\u0105 nara\u017cone na kontakt z chaszczami czy ska\u0142ami. To czy jest to odpowiednie rozwi\u0105zanie zale\u017cy wy\u0142\u0105cznie od Ciebie i Twoich preferencji. Je\u015bli chcesz poczu\u0107 si\u0119 na szlaku bardziej kobieco i jest to Tw\u00f3j styl ubierania, wybierz si\u0119 w g\u00f3ry w sp\u00f3dniczce.<\/p>\n\n\n\n<p class=\"has-white-color has-vivid-cyan-blue-background-color has-text-color has-background\">Sp\u00f3dniczki w g\u00f3ry znajdziesz w linku kategorii &#8211;&gt; <strong><a href=\"https:\/\/www.skalnik.pl\/odziez\/odziez-damska\/odziez-damska-sukienki-spodniczki\" target=\"_blank\" rel=\"noopener\" title=\"\">sukienki, sp\u00f3dniczki trekkingowe<\/a><\/strong>.<\/p>\n\n\n\n<hr class=\"wp-block-separator has-alpha-channel-opacity is-style-dots\"\/>\n\n\n\n<p>Pakowanie plecaka na letni trekking to sztuka wyboru odpowiedniej odzie\u017cy, kt\u00f3ra b\u0119dzie maksymalnie funkcjonalna i zapewni komfort termiczny. Podczas wyboru spodni trekkingowych kieruj si\u0119 wi\u0119c przede wszystkim warunkami, jakie mo\u017cesz zasta\u0107 na trasie oraz swoj\u0105 wygod\u0105 i komfortem. Po co masz sobie zepsu\u0107 wakacyjny wyjazd przez \u017ale dobrane spodnie.<\/p>\n\n\n\n<figure class=\"wp-block-image size-full\"><a href=\"https:\/\/www.skalnik.pl\" target=\"_blank\" rel=\"noreferrer noopener\"><img loading=\"lazy\" decoding=\"async\" width=\"1024\" height=\"250\" src=\"https:\/\/www.skalnik.pl\/blog\/wp-content\/uploads\/2023\/05\/Baner-blog_skalnik_1024x250pxA.jpg\" alt=\"\" class=\"wp-image-23052\" srcset=\"https:\/\/www.skalnik.pl\/blog\/wp-content\/uploads\/2023\/05\/Baner-blog_skalnik_1024x250pxA.jpg 1024w, https:\/\/www.skalnik.pl\/blog\/wp-content\/uploads\/2023\/05\/Baner-blog_skalnik_1024x250pxA-300x73.jpg 300w, https:\/\/www.skalnik.pl\/blog\/wp-content\/uploads\/2023\/05\/Baner-blog_skalnik_1024x250pxA-768x188.jpg 768w\" sizes=\"auto, (max-width: 1024px) 100vw, 1024px\" \/><\/a><\/figure>\n","protected":false},"excerpt":{"rendered":"<p>Spodnie czy spodenki trekkingowe? Co wybra\u0107 na letni trekking. Poznaj zalety i wady r\u00f3\u017cnych rozwi\u0105za\u0144. <\/p>\n","protected":false},"author":41,"featured_media":23883,"comment_status":"closed","ping_status":"closed","sticky":false,"template":"","format":"standard","meta":{"_acf_changed":false,"footnotes":""},"categories":[3],"tags":[130],"magento_category":[57],"magento_product":[],"class_list":["post-23881","post","type-post","status-publish","format-standard","has-post-thumbnail","hentry","category-porady","tag-spodnie-trekkingowe"],"acf":[],"aioseo_notices":[],"aioseo_head":"\n\t\t<!-- All in One SEO 4.9.10 - aioseo.com -->\n\t<meta name=\"description\" content=\"Jakie spodnie wybra\u0107 na letni trekking? D\u0142ugie, kr\u00f3tkie, a mo\u017ce z odpinanymi nogawkami. Sprawd\u017a jakie s\u0105 wady i zalety tych rozwi\u0105za\u0144 i wybierz opcj\u0119 dla siebie\" \/>\n\t<meta name=\"robots\" content=\"max-image-preview:large\" \/>\n\t<meta name=\"author\" content=\"Anna \u015aliwa\"\/>\n\t<link rel=\"canonical\" href=\"https:\/\/www.skalnik.pl\/blog\/jakie-spodnie-w-gory-latem\/\" \/>\n\t<meta name=\"generator\" content=\"All in One SEO (AIOSEO) 4.9.10\" \/>\n\t\t<meta property=\"og:locale\" content=\"pl_PL\" \/>\n\t\t<meta property=\"og:site_name\" content=\"blog Skalnik - Blog, porady, artyku\u0142y - blog Skalnik\" \/>\n\t\t<meta property=\"og:type\" content=\"article\" \/>\n\t\t<meta property=\"og:title\" content=\"Jakie spodnie w g\u00f3ry latem - blog Skalnik\" \/>\n\t\t<meta property=\"og:description\" content=\"Jakie spodnie wybra\u0107 na letni trekking? D\u0142ugie, kr\u00f3tkie, a mo\u017ce z odpinanymi nogawkami. Sprawd\u017a jakie s\u0105 wady i zalety tych rozwi\u0105za\u0144 i wybierz opcj\u0119 dla siebie\" \/>\n\t\t<meta property=\"og:url\" content=\"https:\/\/www.skalnik.pl\/blog\/jakie-spodnie-w-gory-latem\/\" \/>\n\t\t<meta property=\"og:image\" content=\"https:\/\/www.skalnik.pl\/blog\/wp-content\/uploads\/2023\/08\/RS4175_DM_STLABS_Trekking-Lagorai_20220906_00422-hpr-min.jpg\" \/>\n\t\t<meta property=\"og:image:secure_url\" content=\"https:\/\/www.skalnik.pl\/blog\/wp-content\/uploads\/2023\/08\/RS4175_DM_STLABS_Trekking-Lagorai_20220906_00422-hpr-min.jpg\" \/>\n\t\t<meta property=\"og:image:width\" content=\"7941\" \/>\n\t\t<meta property=\"og:image:height\" content=\"5296\" \/>\n\t\t<meta property=\"article:tag\" content=\"porady\" \/>\n\t\t<meta property=\"article:tag\" content=\"spodnie trekkingowe\" \/>\n\t\t<meta property=\"article:published_time\" content=\"2023-08-11T10:11:24+00:00\" \/>\n\t\t<meta property=\"article:modified_time\" content=\"2023-09-07T11:35:44+00:00\" \/>\n\t\t<meta name=\"twitter:card\" content=\"summary_large_image\" \/>\n\t\t<meta name=\"twitter:title\" content=\"Jakie spodnie w g\u00f3ry latem - blog Skalnik\" \/>\n\t\t<meta name=\"twitter:description\" content=\"Jakie spodnie wybra\u0107 na letni trekking? D\u0142ugie, kr\u00f3tkie, a mo\u017ce z odpinanymi nogawkami. Sprawd\u017a jakie s\u0105 wady i zalety tych rozwi\u0105za\u0144 i wybierz opcj\u0119 dla siebie\" \/>\n\t\t<meta name=\"twitter:image\" content=\"https:\/\/www.skalnik.pl\/blog\/wp-content\/uploads\/2023\/08\/RS4175_DM_STLABS_Trekking-Lagorai_20220906_00422-hpr-min.jpg\" \/>\n\t\t<script type=\"application\/ld+json\" class=\"aioseo-schema\">\n\t\t\t{\"@context\":\"https:\\\/\\\/schema.org\",\"@graph\":[{\"@type\":\"BlogPosting\",\"@id\":\"https:\\\/\\\/www.skalnik.pl\\\/blog\\\/jakie-spodnie-w-gory-latem\\\/#blogposting\",\"name\":\"Jakie spodnie w g\\u00f3ry latem - blog Skalnik\",\"headline\":\"Jakie spodnie w g\\u00f3ry latem\",\"author\":{\"@id\":\"https:\\\/\\\/www.skalnik.pl\\\/blog\\\/author\\\/anna-sliwa\\\/#author\"},\"publisher\":{\"@id\":\"https:\\\/\\\/www.skalnik.pl\\\/blog\\\/#organization\"},\"image\":{\"@type\":\"ImageObject\",\"url\":\"https:\\\/\\\/www.skalnik.pl\\\/blog\\\/wp-content\\\/uploads\\\/2023\\\/08\\\/RS4249_DM_STLABS_Trekking-Lagorai_20220906_02867-hpr-min-scaled.jpg\",\"width\":2560,\"height\":942},\"datePublished\":\"2023-08-11T12:11:24+02:00\",\"dateModified\":\"2023-09-07T13:35:44+02:00\",\"inLanguage\":\"pl-PL\",\"mainEntityOfPage\":{\"@id\":\"https:\\\/\\\/www.skalnik.pl\\\/blog\\\/jakie-spodnie-w-gory-latem\\\/#webpage\"},\"isPartOf\":{\"@id\":\"https:\\\/\\\/www.skalnik.pl\\\/blog\\\/jakie-spodnie-w-gory-latem\\\/#webpage\"},\"articleSection\":\"Porady, spodnie trekkingowe, 1095\"},{\"@type\":\"BreadcrumbList\",\"@id\":\"https:\\\/\\\/www.skalnik.pl\\\/blog\\\/jakie-spodnie-w-gory-latem\\\/#breadcrumblist\",\"itemListElement\":[{\"@type\":\"ListItem\",\"@id\":\"https:\\\/\\\/www.skalnik.pl\\\/blog#listItem\",\"position\":1,\"name\":\"Home\",\"item\":\"https:\\\/\\\/www.skalnik.pl\\\/blog\",\"nextItem\":{\"@type\":\"ListItem\",\"@id\":\"https:\\\/\\\/www.skalnik.pl\\\/blog\\\/.\\\/porady\\\/#listItem\",\"name\":\"Porady\"}},{\"@type\":\"ListItem\",\"@id\":\"https:\\\/\\\/www.skalnik.pl\\\/blog\\\/.\\\/porady\\\/#listItem\",\"position\":2,\"name\":\"Porady\",\"item\":\"https:\\\/\\\/www.skalnik.pl\\\/blog\\\/.\\\/porady\\\/\",\"nextItem\":{\"@type\":\"ListItem\",\"@id\":\"https:\\\/\\\/www.skalnik.pl\\\/blog\\\/jakie-spodnie-w-gory-latem\\\/#listItem\",\"name\":\"Jakie spodnie w g\\u00f3ry latem\"},\"previousItem\":{\"@type\":\"ListItem\",\"@id\":\"https:\\\/\\\/www.skalnik.pl\\\/blog#listItem\",\"name\":\"Home\"}},{\"@type\":\"ListItem\",\"@id\":\"https:\\\/\\\/www.skalnik.pl\\\/blog\\\/jakie-spodnie-w-gory-latem\\\/#listItem\",\"position\":3,\"name\":\"Jakie spodnie w g\\u00f3ry latem\",\"previousItem\":{\"@type\":\"ListItem\",\"@id\":\"https:\\\/\\\/www.skalnik.pl\\\/blog\\\/.\\\/porady\\\/#listItem\",\"name\":\"Porady\"}}]},{\"@type\":\"Organization\",\"@id\":\"https:\\\/\\\/www.skalnik.pl\\\/blog\\\/#organization\",\"name\":\"blog Skalnik\",\"description\":\"Blog, porady, artyku\\u0142y - blog Skalnik\",\"url\":\"https:\\\/\\\/www.skalnik.pl\\\/blog\\\/\"},{\"@type\":\"Person\",\"@id\":\"https:\\\/\\\/www.skalnik.pl\\\/blog\\\/author\\\/anna-sliwa\\\/#author\",\"url\":\"https:\\\/\\\/www.skalnik.pl\\\/blog\\\/author\\\/anna-sliwa\\\/\",\"name\":\"Anna \\u015aliwa\",\"image\":{\"@type\":\"ImageObject\",\"@id\":\"https:\\\/\\\/www.skalnik.pl\\\/blog\\\/jakie-spodnie-w-gory-latem\\\/#authorImage\",\"url\":\"https:\\\/\\\/secure.gravatar.com\\\/avatar\\\/e8300be3de710e2e109e5dfbf092dcf827242ec8071807a1e13f6b3f7c9bbd79?s=96&d=mm&r=g\",\"width\":96,\"height\":96,\"caption\":\"Anna \\u015aliwa\"}},{\"@type\":\"WebPage\",\"@id\":\"https:\\\/\\\/www.skalnik.pl\\\/blog\\\/jakie-spodnie-w-gory-latem\\\/#webpage\",\"url\":\"https:\\\/\\\/www.skalnik.pl\\\/blog\\\/jakie-spodnie-w-gory-latem\\\/\",\"name\":\"Jakie spodnie w g\\u00f3ry latem - blog Skalnik\",\"description\":\"Jakie spodnie wybra\\u0107 na letni trekking? D\\u0142ugie, kr\\u00f3tkie, a mo\\u017ce z odpinanymi nogawkami. Sprawd\\u017a jakie s\\u0105 wady i zalety tych rozwi\\u0105za\\u0144 i wybierz opcj\\u0119 dla siebie\",\"inLanguage\":\"pl-PL\",\"isPartOf\":{\"@id\":\"https:\\\/\\\/www.skalnik.pl\\\/blog\\\/#website\"},\"breadcrumb\":{\"@id\":\"https:\\\/\\\/www.skalnik.pl\\\/blog\\\/jakie-spodnie-w-gory-latem\\\/#breadcrumblist\"},\"author\":{\"@id\":\"https:\\\/\\\/www.skalnik.pl\\\/blog\\\/author\\\/anna-sliwa\\\/#author\"},\"creator\":{\"@id\":\"https:\\\/\\\/www.skalnik.pl\\\/blog\\\/author\\\/anna-sliwa\\\/#author\"},\"image\":{\"@type\":\"ImageObject\",\"url\":\"https:\\\/\\\/www.skalnik.pl\\\/blog\\\/wp-content\\\/uploads\\\/2023\\\/08\\\/RS4249_DM_STLABS_Trekking-Lagorai_20220906_02867-hpr-min-scaled.jpg\",\"@id\":\"https:\\\/\\\/www.skalnik.pl\\\/blog\\\/jakie-spodnie-w-gory-latem\\\/#mainImage\",\"width\":2560,\"height\":942},\"primaryImageOfPage\":{\"@id\":\"https:\\\/\\\/www.skalnik.pl\\\/blog\\\/jakie-spodnie-w-gory-latem\\\/#mainImage\"},\"datePublished\":\"2023-08-11T12:11:24+02:00\",\"dateModified\":\"2023-09-07T13:35:44+02:00\"},{\"@type\":\"WebSite\",\"@id\":\"https:\\\/\\\/www.skalnik.pl\\\/blog\\\/#website\",\"url\":\"https:\\\/\\\/www.skalnik.pl\\\/blog\\\/\",\"name\":\"blog Skalnik\",\"description\":\"Blog, porady, artyku\\u0142y - blog Skalnik\",\"inLanguage\":\"pl-PL\",\"publisher\":{\"@id\":\"https:\\\/\\\/www.skalnik.pl\\\/blog\\\/#organization\"}}]}\n\t\t<\/script>\n\t\t<!-- All in One SEO -->\n\n","aioseo_head_json":{"title":"Jakie spodnie w g\u00f3ry latem - blog Skalnik","description":"Jakie spodnie wybra\u0107 na letni trekking? D\u0142ugie, kr\u00f3tkie, a mo\u017ce z odpinanymi nogawkami. Sprawd\u017a jakie s\u0105 wady i zalety tych rozwi\u0105za\u0144 i wybierz opcj\u0119 dla siebie","canonical_url":"https:\/\/www.skalnik.pl\/blog\/jakie-spodnie-w-gory-latem\/","robots":"max-image-preview:large","keywords":"","webmasterTools":{"miscellaneous":""},"schema":{"@context":"https:\/\/schema.org","@graph":[{"@type":"BlogPosting","@id":"https:\/\/www.skalnik.pl\/blog\/jakie-spodnie-w-gory-latem\/#blogposting","name":"Jakie spodnie w g\u00f3ry latem - blog Skalnik","headline":"Jakie spodnie w g\u00f3ry latem","author":{"@id":"https:\/\/www.skalnik.pl\/blog\/author\/anna-sliwa\/#author"},"publisher":{"@id":"https:\/\/www.skalnik.pl\/blog\/#organization"},"image":{"@type":"ImageObject","url":"https:\/\/www.skalnik.pl\/blog\/wp-content\/uploads\/2023\/08\/RS4249_DM_STLABS_Trekking-Lagorai_20220906_02867-hpr-min-scaled.jpg","width":2560,"height":942},"datePublished":"2023-08-11T12:11:24+02:00","dateModified":"2023-09-07T13:35:44+02:00","inLanguage":"pl-PL","mainEntityOfPage":{"@id":"https:\/\/www.skalnik.pl\/blog\/jakie-spodnie-w-gory-latem\/#webpage"},"isPartOf":{"@id":"https:\/\/www.skalnik.pl\/blog\/jakie-spodnie-w-gory-latem\/#webpage"},"articleSection":"Porady, spodnie trekkingowe, 1095"},{"@type":"BreadcrumbList","@id":"https:\/\/www.skalnik.pl\/blog\/jakie-spodnie-w-gory-latem\/#breadcrumblist","itemListElement":[{"@type":"ListItem","@id":"https:\/\/www.skalnik.pl\/blog#listItem","position":1,"name":"Home","item":"https:\/\/www.skalnik.pl\/blog","nextItem":{"@type":"ListItem","@id":"https:\/\/www.skalnik.pl\/blog\/.\/porady\/#listItem","name":"Porady"}},{"@type":"ListItem","@id":"https:\/\/www.skalnik.pl\/blog\/.\/porady\/#listItem","position":2,"name":"Porady","item":"https:\/\/www.skalnik.pl\/blog\/.\/porady\/","nextItem":{"@type":"ListItem","@id":"https:\/\/www.skalnik.pl\/blog\/jakie-spodnie-w-gory-latem\/#listItem","name":"Jakie spodnie w g\u00f3ry latem"},"previousItem":{"@type":"ListItem","@id":"https:\/\/www.skalnik.pl\/blog#listItem","name":"Home"}},{"@type":"ListItem","@id":"https:\/\/www.skalnik.pl\/blog\/jakie-spodnie-w-gory-latem\/#listItem","position":3,"name":"Jakie spodnie w g\u00f3ry latem","previousItem":{"@type":"ListItem","@id":"https:\/\/www.skalnik.pl\/blog\/.\/porady\/#listItem","name":"Porady"}}]},{"@type":"Organization","@id":"https:\/\/www.skalnik.pl\/blog\/#organization","name":"blog Skalnik","description":"Blog, porady, artyku\u0142y - blog Skalnik","url":"https:\/\/www.skalnik.pl\/blog\/"},{"@type":"Person","@id":"https:\/\/www.skalnik.pl\/blog\/author\/anna-sliwa\/#author","url":"https:\/\/www.skalnik.pl\/blog\/author\/anna-sliwa\/","name":"Anna \u015aliwa","image":{"@type":"ImageObject","@id":"https:\/\/www.skalnik.pl\/blog\/jakie-spodnie-w-gory-latem\/#authorImage","url":"https:\/\/secure.gravatar.com\/avatar\/e8300be3de710e2e109e5dfbf092dcf827242ec8071807a1e13f6b3f7c9bbd79?s=96&d=mm&r=g","width":96,"height":96,"caption":"Anna \u015aliwa"}},{"@type":"WebPage","@id":"https:\/\/www.skalnik.pl\/blog\/jakie-spodnie-w-gory-latem\/#webpage","url":"https:\/\/www.skalnik.pl\/blog\/jakie-spodnie-w-gory-latem\/","name":"Jakie spodnie w g\u00f3ry latem - blog Skalnik","description":"Jakie spodnie wybra\u0107 na letni trekking? D\u0142ugie, kr\u00f3tkie, a mo\u017ce z odpinanymi nogawkami. Sprawd\u017a jakie s\u0105 wady i zalety tych rozwi\u0105za\u0144 i wybierz opcj\u0119 dla siebie","inLanguage":"pl-PL","isPartOf":{"@id":"https:\/\/www.skalnik.pl\/blog\/#website"},"breadcrumb":{"@id":"https:\/\/www.skalnik.pl\/blog\/jakie-spodnie-w-gory-latem\/#breadcrumblist"},"author":{"@id":"https:\/\/www.skalnik.pl\/blog\/author\/anna-sliwa\/#author"},"creator":{"@id":"https:\/\/www.skalnik.pl\/blog\/author\/anna-sliwa\/#author"},"image":{"@type":"ImageObject","url":"https:\/\/www.skalnik.pl\/blog\/wp-content\/uploads\/2023\/08\/RS4249_DM_STLABS_Trekking-Lagorai_20220906_02867-hpr-min-scaled.jpg","@id":"https:\/\/www.skalnik.pl\/blog\/jakie-spodnie-w-gory-latem\/#mainImage","width":2560,"height":942},"primaryImageOfPage":{"@id":"https:\/\/www.skalnik.pl\/blog\/jakie-spodnie-w-gory-latem\/#mainImage"},"datePublished":"2023-08-11T12:11:24+02:00","dateModified":"2023-09-07T13:35:44+02:00"},{"@type":"WebSite","@id":"https:\/\/www.skalnik.pl\/blog\/#website","url":"https:\/\/www.skalnik.pl\/blog\/","name":"blog Skalnik","description":"Blog, porady, artyku\u0142y - blog Skalnik","inLanguage":"pl-PL","publisher":{"@id":"https:\/\/www.skalnik.pl\/blog\/#organization"}}]},"og:locale":"pl_PL","og:site_name":"blog Skalnik - Blog, porady, artyku\u0142y - blog Skalnik","og:type":"article","og:title":"Jakie spodnie w g\u00f3ry latem - blog Skalnik","og:description":"Jakie spodnie wybra\u0107 na letni trekking? D\u0142ugie, kr\u00f3tkie, a mo\u017ce z odpinanymi nogawkami. Sprawd\u017a jakie s\u0105 wady i zalety tych rozwi\u0105za\u0144 i wybierz opcj\u0119 dla siebie","og:url":"https:\/\/www.skalnik.pl\/blog\/jakie-spodnie-w-gory-latem\/","og:image":"https:\/\/www.skalnik.pl\/blog\/wp-content\/uploads\/2023\/08\/RS4175_DM_STLABS_Trekking-Lagorai_20220906_00422-hpr-min.jpg","og:image:secure_url":"https:\/\/www.skalnik.pl\/blog\/wp-content\/uploads\/2023\/08\/RS4175_DM_STLABS_Trekking-Lagorai_20220906_00422-hpr-min.jpg","og:image:width":7941,"og:image:height":5296,"article:tag":["porady","spodnie trekkingowe"],"article:published_time":"2023-08-11T10:11:24+00:00","article:modified_time":"2023-09-07T11:35:44+00:00","twitter:card":"summary_large_image","twitter:title":"Jakie spodnie w g\u00f3ry latem - blog Skalnik","twitter:description":"Jakie spodnie wybra\u0107 na letni trekking? D\u0142ugie, kr\u00f3tkie, a mo\u017ce z odpinanymi nogawkami. Sprawd\u017a jakie s\u0105 wady i zalety tych rozwi\u0105za\u0144 i wybierz opcj\u0119 dla siebie","twitter:image":"https:\/\/www.skalnik.pl\/blog\/wp-content\/uploads\/2023\/08\/RS4175_DM_STLABS_Trekking-Lagorai_20220906_00422-hpr-min.jpg"},"aioseo_meta_data":{"post_id":"23881","title":null,"description":"Jakie spodnie wybra\u0107 na letni trekking? D\u0142ugie, kr\u00f3tkie, a mo\u017ce z odpinanymi nogawkami. Sprawd\u017a jakie s\u0105 wady i zalety tych rozwi\u0105za\u0144 i wybierz opcj\u0119 dla siebie","keywords":[],"keyphrases":{"focus":{"keyphrase":"spodnie w g\u00f3ry","score":69,"analysis":{"keyphraseInTitle":{"score":9,"maxScore":9,"error":0},"keyphraseInDescription":{"score":3,"maxScore":9,"error":1},"keyphraseLength":{"score":9,"maxScore":9,"error":0,"length":3},"keyphraseInURL":{"score":5,"maxScore":5,"error":0},"keyphraseInIntroduction":{"score":3,"maxScore":9,"error":1},"keyphraseInSubHeadings":{"score":3,"maxScore":9,"error":1},"keyphraseInImageAlt":{"score":9,"maxScore":9,"error":0}}},"additional":[]},"primary_term":null,"canonical_url":null,"og_title":null,"og_description":null,"og_object_type":"default","og_image_type":"default","og_image_url":null,"og_image_width":null,"og_image_height":null,"og_image_custom_url":null,"og_image_custom_fields":null,"og_video":"","og_custom_url":null,"og_article_section":null,"og_article_tags":[],"twitter_use_og":false,"twitter_card":"default","twitter_image_type":"default","twitter_image_url":null,"twitter_image_custom_url":null,"twitter_image_custom_fields":null,"twitter_title":null,"twitter_description":null,"schema":{"blockGraphs":[],"customGraphs":[],"default":{"data":{"Article":[],"Course":[],"Dataset":[],"FAQPage":[],"Movie":[],"Person":[],"Product":[],"ProductReview":[],"Car":[],"Recipe":[],"Service":[],"SoftwareApplication":[],"WebPage":[]},"graphName":"","isEnabled":true},"graphs":[]},"schema_type":"default","schema_type_options":null,"pillar_content":false,"robots_default":true,"robots_noindex":false,"robots_noarchive":false,"robots_nosnippet":false,"robots_nofollow":false,"robots_noimageindex":false,"robots_noodp":false,"robots_notranslate":false,"robots_max_snippet":"-1","robots_max_videopreview":"-1","robots_max_imagepreview":"large","priority":null,"frequency":"default","local_seo":null,"breadcrumb_settings":null,"limit_modified_date":false,"ai":null,"created":"2023-08-04 05:59:50","updated":"2026-02-17 22:42:21","seo_analyzer_scan_date":null},"aioseo_breadcrumb":"<div class=\"aioseo-breadcrumbs\"><span class=\"aioseo-breadcrumb\">\n\t\t\t<a href=\"https:\/\/www.skalnik.pl\/blog\" title=\"Home\">Home<\/a>\n\t\t<\/span><span class=\"aioseo-breadcrumb-separator\">&raquo;<\/span><span class=\"aioseo-breadcrumb\">\n\t\t\t<a href=\"https:\/\/www.skalnik.pl\/blog\/.\/porady\/\" title=\"Porady\">Porady<\/a>\n\t\t<\/span><span class=\"aioseo-breadcrumb-separator\">&raquo;<\/span><span class=\"aioseo-breadcrumb\">\n\t\t\tJakie spodnie w g\u00f3ry latem\n\t\t<\/span><\/div>","aioseo_breadcrumb_json":[{"label":"Home","link":"https:\/\/www.skalnik.pl\/blog"},{"label":"Porady","link":"https:\/\/www.skalnik.pl\/blog\/.\/porady\/"},{"label":"Jakie spodnie w g\u00f3ry latem","link":"https:\/\/www.skalnik.pl\/blog\/jakie-spodnie-w-gory-latem\/"}],"_links":{"self":[{"href":"https:\/\/www.skalnik.pl\/blog\/wp-json\/wp\/v2\/posts\/23881","targetHints":{"allow":["GET"]}}],"collection":[{"href":"https:\/\/www.skalnik.pl\/blog\/wp-json\/wp\/v2\/posts"}],"about":[{"href":"https:\/\/www.skalnik.pl\/blog\/wp-json\/wp\/v2\/types\/post"}],"author":[{"embeddable":true,"href":"https:\/\/www.skalnik.pl\/blog\/wp-json\/wp\/v2\/users\/41"}],"replies":[{"embeddable":true,"href":"https:\/\/www.skalnik.pl\/blog\/wp-json\/wp\/v2\/comments?post=23881"}],"version-history":[{"count":5,"href":"https:\/\/www.skalnik.pl\/blog\/wp-json\/wp\/v2\/posts\/23881\/revisions"}],"predecessor-version":[{"id":24065,"href":"https:\/\/www.skalnik.pl\/blog\/wp-json\/wp\/v2\/posts\/23881\/revisions\/24065"}],"wp:featuredmedia":[{"embeddable":true,"href":"https:\/\/www.skalnik.pl\/blog\/wp-json\/wp\/v2\/media\/23883"}],"wp:attachment":[{"href":"https:\/\/www.skalnik.pl\/blog\/wp-json\/wp\/v2\/media?parent=23881"}],"wp:term":[{"taxonomy":"category","embeddable":true,"href":"https:\/\/www.skalnik.pl\/blog\/wp-json\/wp\/v2\/categories?post=23881"},{"taxonomy":"post_tag","embeddable":true,"href":"https:\/\/www.skalnik.pl\/blog\/wp-json\/wp\/v2\/tags?post=23881"},{"taxonomy":"magento_category","embeddable":true,"href":"https:\/\/www.skalnik.pl\/blog\/wp-json\/wp\/v2\/magento_category?post=23881"},{"taxonomy":"magento_product","embeddable":true,"href":"https:\/\/www.skalnik.pl\/blog\/wp-json\/wp\/v2\/magento_product?post=23881"}],"curies":[{"name":"wp","href":"https:\/\/api.w.org\/{rel}","templated":true}]}}