{"id":23899,"date":"2023-08-08T06:09:18","date_gmt":"2023-08-08T04:09:18","guid":{"rendered":"https:\/\/www.skalnik.pl\/blog\/?p=23899"},"modified":"2023-08-30T13:04:59","modified_gmt":"2023-08-30T11:04:59","slug":"kamizelka-rab-xenair-test","status":"publish","type":"post","link":"https:\/\/www.skalnik.pl\/blog\/kamizelka-rab-xenair-test\/","title":{"rendered":"Kamizelka Rab Xenair &#8211; test"},"content":{"rendered":"\n<p><strong>Od <\/strong><strong>ponad <\/strong><strong>p\u00f3\u0142 roku chodz\u0119 i testuj\u0119 kamizelk\u0119 Xenair marki Rab, a w\u0142a\u015bciwie od p\u00f3\u0142 roku nie mog\u0119 si\u0119 z ni\u0105 rozsta\u0107. Czy to pow\u00f3d wyj\u0105tkowo ch\u0142odnej wiosny <\/strong><strong>i kpry\u015bnego lata<\/strong><strong>, kiedy to poranki i wieczory s\u0105 idealn\u0105 por\u0105 na tego typu odzie\u017c? Powiedz \u201csprawdzam\u201d i przeczytaj ten tekst do ko\u0144ca. Mo\u017ce si\u0119 okaza\u0107, \u017ce to w\u0142a\u015bnie kamizelka jest tym elementem outfitu outdoor, kt\u00f3rego brakuje w twojej szafie i plecaku.<\/strong><\/p>\n\n\n\n<div id=\"ez-toc-container\" class=\"ez-toc-v2_0_85 counter-hierarchy ez-toc-counter ez-toc-light-blue ez-toc-container-direction\">\n<div class=\"ez-toc-title-container\">\n<p class=\"ez-toc-title\" style=\"cursor:inherit\">SPIS TRE\u015aCI <\/p>\n<span class=\"ez-toc-title-toggle\"><a href=\"#\" class=\"ez-toc-pull-right ez-toc-btn ez-toc-btn-xs ez-toc-btn-default ez-toc-toggle\" aria-label=\"Prze\u0142\u0105cznik Spisu Tre\u015bci\"><span class=\"ez-toc-js-icon-con\"><span class=\"\"><span class=\"eztoc-hide\" style=\"display:none;\">Toggle<\/span><span class=\"ez-toc-icon-toggle-span\"><svg style=\"fill: #999;color:#999\" xmlns=\"http:\/\/www.w3.org\/2000\/svg\" class=\"list-377408\" width=\"20px\" height=\"20px\" viewBox=\"0 0 24 24\" fill=\"none\"><path d=\"M6 6H4v2h2V6zm14 0H8v2h12V6zM4 11h2v2H4v-2zm16 0H8v2h12v-2zM4 16h2v2H4v-2zm16 0H8v2h12v-2z\" fill=\"currentColor\"><\/path><\/svg><svg style=\"fill: #999;color:#999\" class=\"arrow-unsorted-368013\" xmlns=\"http:\/\/www.w3.org\/2000\/svg\" width=\"10px\" height=\"10px\" viewBox=\"0 0 24 24\" version=\"1.2\" baseProfile=\"tiny\"><path d=\"M18.2 9.3l-6.2-6.3-6.2 6.3c-.2.2-.3.4-.3.7s.1.5.3.7c.2.2.4.3.7.3h11c.3 0 .5-.1.7-.3.2-.2.3-.5.3-.7s-.1-.5-.3-.7zM5.8 14.7l6.2 6.3 6.2-6.3c.2-.2.3-.5.3-.7s-.1-.5-.3-.7c-.2-.2-.4-.3-.7-.3h-11c-.3 0-.5.1-.7.3-.2.2-.3.5-.3.7s.1.5.3.7z\"\/><\/svg><\/span><\/span><\/span><\/a><\/span><\/div>\n<nav><ul class='ez-toc-list ez-toc-list-level-1 ' ><li class='ez-toc-page-1 ez-toc-heading-level-2'><a class=\"ez-toc-link ez-toc-heading-1\" href=\"https:\/\/www.skalnik.pl\/blog\/kamizelka-rab-xenair-test\/#Rab_%E2%80%93_specjalisci_nie_tylko_od_puchu\" >Rab &#8211; specjali\u015bci nie tylko od puchu<\/a><\/li><li class='ez-toc-page-1 ez-toc-heading-level-2'><a class=\"ez-toc-link ez-toc-heading-2\" href=\"https:\/\/www.skalnik.pl\/blog\/kamizelka-rab-xenair-test\/#Kamizelka_w_gory_%E2%80%93_komu_to_potrzebne\" >Kamizelka w g\u00f3ry &#8211; komu to potrzebne!<\/a><\/li><li class='ez-toc-page-1 ez-toc-heading-level-2'><a class=\"ez-toc-link ez-toc-heading-3\" href=\"https:\/\/www.skalnik.pl\/blog\/kamizelka-rab-xenair-test\/#Kamizelka_Xenair_marki_Rab_%E2%80%93_jak_to_jest_zrobione\" >Kamizelka Xenair marki Rab &#8211; jak to jest zrobione<\/a><\/li><li class='ez-toc-page-1 ez-toc-heading-level-2'><a class=\"ez-toc-link ez-toc-heading-4\" href=\"https:\/\/www.skalnik.pl\/blog\/kamizelka-rab-xenair-test\/#Kamizelka_Rab_%E2%80%93_odziez_idealna_nie_tylko_na_zime\" >Kamizelka Rab &#8211; odzie\u017c idealna nie tylko na zim\u0119<\/a><\/li><li class='ez-toc-page-1 ez-toc-heading-level-2'><a class=\"ez-toc-link ez-toc-heading-5\" href=\"https:\/\/www.skalnik.pl\/blog\/kamizelka-rab-xenair-test\/#Kamizelka_Xenair_%E2%80%93_test_w_czasie_przewodnickiej_wiosny\" >Kamizelka Xenair &#8211; test w czasie przewodnickiej wiosny<\/a><\/li><li class='ez-toc-page-1 ez-toc-heading-level-2'><a class=\"ez-toc-link ez-toc-heading-6\" href=\"https:\/\/www.skalnik.pl\/blog\/kamizelka-rab-xenair-test\/#Rab_Xenair_%E2%80%93_opinia\" >Rab Xenair &#8211; opinia<\/a><\/li><\/ul><\/nav><\/div>\n<h2 class=\"wp-block-heading\"><span class=\"ez-toc-section\" id=\"Rab_%E2%80%93_specjalisci_nie_tylko_od_puchu\"><\/span><a><\/a>Rab &#8211; specjali\u015bci nie tylko od puchu<span class=\"ez-toc-section-end\"><\/span><\/h2>\n\n\n\n<p>Nie b\u0119d\u0119 owija\u0142 w bawe\u0142n\u0119. Po raz kolejny przekonuj\u0119 si\u0119, \u017ce gdy produkt tworzy jedna z moich ulubionych marek, na tip-top odzie\u017c ta skrojona jest do potrzeb ludzi wypoczywaj\u0105cych, pracuj\u0105cych i podejmuj\u0105cych wyzwania w g\u00f3rach.<\/p>\n\n\n\n<p>Brytyjska marka Rab to specjali\u015bci, je\u015bli chodzi o produkcj\u0119 takich produkt\u00f3w jak kurtki puchowe i \u015bpiwory puchowe. Firma wyros\u0142a z g\u00f3rskiej pasji i wci\u0105\u017c pozostaje w niej bardzo mocno zakorzeniona. Spos\u00f3b projektowania, wyb\u00f3r komponent\u00f3w i wykonanie zdradzaj\u0105, \u017ce Rab tworzy wprawdzie odzie\u017c, kt\u00f3ra si\u0119 podoba, ale jest to przede wszystkim wyposa\u017cenie, kt\u00f3re po prostu dzia\u0142a. W DNA marki jest sroga szkocka zima i ambicja do tworzenia ekwipunku, kt\u00f3ry nie zawodzi.<\/p>\n\n\n\n<p>Nie dziwi wcale fakt, \u017ce Rab &#8211; b\u0119d\u0105c specjalist\u0105 od puchu &#8211; doskonale radzi sobie w segmencie odzie\u017cy z syntetycznym ociepleniem.<\/p>\n\n\n\n<figure class=\"wp-block-image size-full\"><a href=\"https:\/\/www.skalnik.pl\/rab\" target=\"_blank\" rel=\"noreferrer noopener\"><img loading=\"lazy\" decoding=\"async\" width=\"1024\" height=\"250\" src=\"https:\/\/www.skalnik.pl\/blog\/wp-content\/uploads\/2023\/08\/LA-SPORTIVA-BUTY-WSPINACZKOWE1.jpg\" alt=\"\" class=\"wp-image-23916\" srcset=\"https:\/\/www.skalnik.pl\/blog\/wp-content\/uploads\/2023\/08\/LA-SPORTIVA-BUTY-WSPINACZKOWE1.jpg 1024w, https:\/\/www.skalnik.pl\/blog\/wp-content\/uploads\/2023\/08\/LA-SPORTIVA-BUTY-WSPINACZKOWE1-300x73.jpg 300w, https:\/\/www.skalnik.pl\/blog\/wp-content\/uploads\/2023\/08\/LA-SPORTIVA-BUTY-WSPINACZKOWE1-768x188.jpg 768w\" sizes=\"auto, (max-width: 1024px) 100vw, 1024px\" \/><\/a><\/figure>\n\n\n\n<h2 class=\"wp-block-heading\"><span class=\"ez-toc-section\" id=\"Kamizelka_w_gory_%E2%80%93_komu_to_potrzebne\"><\/span><a><\/a>Kamizelka w g\u00f3ry &#8211; komu to potrzebne!<span class=\"ez-toc-section-end\"><\/span><\/h2>\n\n\n\n<p>Pewnego dnia w g\u00f3rach, moja znajoma zapyta\u0142a mnie, czy nie jest tak, \u017ce kamizelka to taka troch\u0119 niedorobiona kurtka. Sama ch\u0119tnie chodzi w hybrydowej kurtce, kt\u00f3ra ma ocieplony korpus i oddychaj\u0105ce plecy oraz r\u0119kawy. Kilka sekund musia\u0142em pomy\u015ble\u0107, co jej odpowiedzie\u0107\u2026 Hybrydy &#8211; jak ta, kt\u00f3r\u0105 mia\u0142a w\u0142a\u015bnie na sobie &#8211; przecie\u017c te\u017c s\u0105 genialn\u0105 spraw\u0105.<\/p>\n\n\n\n<ul class=\"wp-block-list\">\n<li>Spr\u00f3buj wyobrazi\u0107 sobie typowego g\u00f3rala &#8211; powiedzia\u0142em &#8211; w co jest on ubrany?<\/li>\n<\/ul>\n\n\n\n<p>Tak tak, producenci odzie\u017cy outdoor nie odkryli Ameryki. Kamizelka to typowy element odzie\u017cy kogo\u015b, kto potrzebuje ochrony przed wiatrem lub nisk\u0105 temperatur\u0105 i jednocze\u015bnie potrzebuje utrzyma\u0107 komfort przy nag\u0142ym wzro\u015bcie wysi\u0142ku, jakiego mo\u017cna dozna\u0107 na podej\u015bciu pod g\u00f3r\u0119.<\/p>\n\n\n<div class=\"wp-block-image\">\n<figure class=\"aligncenter size-full\"><img loading=\"lazy\" decoding=\"async\" width=\"1024\" height=\"682\" src=\"https:\/\/www.skalnik.pl\/blog\/wp-content\/uploads\/2023\/08\/test-kamizelki-xenair-marki-rab.jpg\" alt=\"Kamizelka rab\" class=\"wp-image-23914\" srcset=\"https:\/\/www.skalnik.pl\/blog\/wp-content\/uploads\/2023\/08\/test-kamizelki-xenair-marki-rab.jpg 1024w, https:\/\/www.skalnik.pl\/blog\/wp-content\/uploads\/2023\/08\/test-kamizelki-xenair-marki-rab-300x200.jpg 300w, https:\/\/www.skalnik.pl\/blog\/wp-content\/uploads\/2023\/08\/test-kamizelki-xenair-marki-rab-768x512.jpg 768w\" sizes=\"auto, (max-width: 1024px) 100vw, 1024px\" \/><figcaption class=\"wp-element-caption\"><em>Kamizelka Rab Xenair szybko okaza\u0142a si\u0119 bardzo uniwersalnym elementem mojego ubioru. <\/em><\/figcaption><\/figure>\n<\/div>\n\n\n<h2 class=\"wp-block-heading\"><span class=\"ez-toc-section\" id=\"Kamizelka_Xenair_marki_Rab_%E2%80%93_jak_to_jest_zrobione\"><\/span><a><\/a>Kamizelka Xenair marki Rab &#8211; jak to jest zrobione<span class=\"ez-toc-section-end\"><\/span><\/h2>\n\n\n\n<p>Kamizelka Rab Xenair to model lekkiej i ocieplanej kamizelki o do\u015b\u0107 typowych &#8211; na pierwszy rzut oka &#8211; komponentach, jak na tego typu model. Kamizelka uszyta jest z materia\u0142u <strong>Pertex Quantum Air<\/strong>. Rodzin\u0119 tych materia\u0142\u00f3w mo\u017cesz zna\u0107 z kurtek puchowych, kt\u00f3re jednak powstaj\u0105 z troch\u0119 mocniejszego materia\u0142u. Kamizelk\u0119 charakteryzuje l\u017cejszy materia\u0142 o niskiej g\u0119sto\u015bci liniowej (na poziomie 20D), niskiej wadze (47 g\/m2) i hydrofobowym wyko\u0144czeniu DWR. Jeszcze l\u017cejszy nylon zastosowano po wewn\u0119trznej stronie w roli podszewki. Materia\u0142y dobrano w taki spos\u00f3b, by odzie\u017c by\u0142a oddychaj\u0105ca, a jej pi\u00f3rkowa waga nie sprawia\u0142a u\u017cytkownikowi problemu.<\/p>\n\n\n\n<p>Kamizelka ocieplona jest syntetycznymi w\u0142\u00f3knami. Podobnie jak w przypadku materia\u0142u, projektanci si\u0119gn\u0119li po sprawdzone rozwi\u0105zania. W roli ociepliny zastosowano <strong>Primaloft Gold Active+<\/strong> o dw\u00f3ch gramaturach. Ocieplenie roz\u0142o\u017cone zosta\u0142o w zgodzie z ide\u0105 <em><strong>bodymappingu <\/strong><\/em>&#8211; tam gdzie przydaje si\u0119 go wi\u0119cej (korpus, ko\u0142nierz i d\u00f3\u0142 plec\u00f3w) ma gramatur\u0119 60 g\/m2, a tam, gdzie cia\u0142o wydziela wi\u0119cej ciep\u0142a lub chroni je dodatkowo plecak (czyli na bokach i plecach) si\u0119gni\u0119to po Primaloft w gramaturze 40 g\/m2. Warto\u015bci\u0105 dodan\u0105 jest fakt, \u017ce cieniutkie, \u015bci\u015bliwe i oddychaj\u0105ce w\u0142\u00f3kna tej odmiany Primaloftu wykonane s\u0105 w 55% z surowc\u00f3w wt\u00f3rnych.<\/p>\n\n\n\n<p>Projektanci Rab zadbali nawet o szczeg\u00f3\u0142y. Wok\u00f3\u0142 otwor\u00f3w na r\u0119ce znajdujemy p\u00f3\u0142-elastyczne lam\u00f3wki, a zamki b\u0142yskawiczne to niezawodne model marki <strong>YKK\u00ae<\/strong>. Wykorzystano je na froncie, w dw\u00f3ch kieszeniach na d\u0142onie i piersiowej kieszonce, kt\u00f3r\u0105 mo\u017cna wykorzysta\u0107 na jaki\u015b drobiazg. Kamizelka wyposa\u017cona jest ponadto w \u015bci\u0105gacz w dolnej cz\u0119\u015bci.<\/p>\n\n\n<div class=\"wp-block-image\">\n<figure class=\"aligncenter size-full\"><img loading=\"lazy\" decoding=\"async\" width=\"1024\" height=\"787\" src=\"https:\/\/www.skalnik.pl\/blog\/wp-content\/uploads\/2023\/08\/rab-test-kamizelki-xenair.jpg\" alt=\"\" class=\"wp-image-23905\" srcset=\"https:\/\/www.skalnik.pl\/blog\/wp-content\/uploads\/2023\/08\/rab-test-kamizelki-xenair.jpg 1024w, https:\/\/www.skalnik.pl\/blog\/wp-content\/uploads\/2023\/08\/rab-test-kamizelki-xenair-300x231.jpg 300w, https:\/\/www.skalnik.pl\/blog\/wp-content\/uploads\/2023\/08\/rab-test-kamizelki-xenair-768x590.jpg 768w\" sizes=\"auto, (max-width: 1024px) 100vw, 1024px\" \/><figcaption class=\"wp-element-caption\"><em>Broumovsk\u00e1 vrchovina. Kamizelka kapitalnie sprawdza\u0142a si\u0119 w zakamarkach G\u00f3r Sto\u0142owych i Skalnego Miasta. <\/em><\/figcaption><\/figure>\n<\/div>\n\n\n<h2 class=\"wp-block-heading\"><span class=\"ez-toc-section\" id=\"Kamizelka_Rab_%E2%80%93_odziez_idealna_nie_tylko_na_zime\"><\/span>Kamizelka Rab &#8211; odzie\u017c idealna nie tylko na zim\u0119<span class=\"ez-toc-section-end\"><\/span><\/h2>\n\n\n\n<p>Kiedy poznajemy si\u0119 jestem w \u015brodku skiturowego sezonu. Kamizelka Xenair szybko trafia na m\u00f3j grzbiet lub do plecaka. Zaczynam intensywnie sprawdza\u0107, jak b\u0119dzie dzia\u0142a\u0107, kiedy intensywnie \u201cdaj\u0119 z foki\u201d pod g\u00f3r\u0119 lub p\u0119dz\u0119 po o\u015bnie\u017conym zboczu ku dolinom. Zabieram j\u0105 r\u00f3wnie\u017c na szybkie, piesze wycieczki turystyczne.<\/p>\n\n\n\n<p>Projektanci zaprojektowali rodzin\u0119 produkt\u00f3w Xenair tak, by by\u0142a to odzie\u017c maksymalnie oddychaj\u0105ca i lekka. Przy tym, powinna ona oferowa\u0107 du\u017cy poziom ochrony przed czynnikami takimi, jak wiatr i niskie temperatury. Jak kamizelka przesz\u0142a zimow\u0105 cz\u0119\u015b\u0107 testu?<\/p>\n\n\n\n<p>Kamizelka Rab Xenair wysz\u0142a z zimy \u201cz tarcz\u0105\u201d. &#8222;Na tarczy&#8221; wr\u00f3ci\u0142y z niej moja hybrydowa kurtka ocieplona we\u0142n\u0105 i syntetyczn\u0105 ocieplin\u0105 oraz kamizelka wyposa\u017cona w wiatroszczeln\u0105 membran\u0119, kt\u00f3ra od kilku lat by\u0142a \u017celaznym elementem mojego ekwipunku na skiturach. Te modele zacz\u0119\u0142y coraz cz\u0119\u015bciej zostawa\u0107 w domu. Kamizelki Rab po prostu wygra\u0142a z nimi wszystkim lekko\u015bci\u0105 i w\u0142a\u015bciwo\u015bciami chroni\u0105cymi przed wiatrem i ch\u0142odem.<\/p>\n\n\n\n<p>W zale\u017cno\u015bci od intensywno\u015bci wysi\u0142ku czy pogody, kamizelk\u0119 nosi\u0142em albo na koszulce merino z d\u0142ugim r\u0119kawem o gramaturze 260, albo na letniej koszulce koszulce merino i bluzie Rab Superflux Hoody. Je\u015bli nie zatrzymywa\u0142em si\u0119 na d\u0142u\u017cej, tego typu zestaw pozwala\u0142 na utrzymywanie cia\u0142a w optymalnej temperaturze. Na zje\u017adzie cz\u0119sto dorzucalem jedynie dodatkow\u0105 warstw\u0119 chroni\u0105c\u0105 od wiatru &#8211; na przyk\u0142ad leciutk\u0105 kurtk\u0119 Rab Borealis. Jedynie podczas d\u0142u\u017cszych postoj\u00f3w z plecaka potrzebowa\u0142em wyj\u0105\u0107 puchow\u0105 kurtk\u0119 &#8211; oczywi\u015bcie tej samej, ulubionej marki Rab.<\/p>\n\n\n\n<p class=\"has-white-color has-vivid-cyan-blue-background-color has-text-color has-background\">Kliknij &#8211;&gt;<strong><a href=\"https:\/\/www.skalnik.pl\/kamizelka-xenair-deep-ink-m\" target=\"_blank\" rel=\"noopener\" title=\"\"> tutaj <\/a><\/strong>&lt;&#8211; i zobacz testowan\u0105 kamizelk\u0119 w naszym sklepie. <\/p>\n\n\n\n<h2 class=\"wp-block-heading\"><span class=\"ez-toc-section\" id=\"Kamizelka_Xenair_%E2%80%93_test_w_czasie_przewodnickiej_wiosny\"><\/span><a><\/a>Kamizelka Xenair &#8211; test w czasie przewodnickiej wiosny<span class=\"ez-toc-section-end\"><\/span><\/h2>\n\n\n\n<p>Dni robi\u0142y si\u0119 coraz d\u0142u\u017csze, ale poranki i wieczory nie rozpieszcza\u0142y wcale temperaturami. Z kamizelk\u0105 Rab nie rozstawa\u0142em si\u0119 tak\u017ce wiosn\u0105. Szybko okaza\u0142o si\u0119 \u017ce lekko\u015b\u0107 i niewielkie rozmiary po spakowaniu to cechy, dzi\u0119ki kt\u00f3rym kamizelka wskakuje zawsze nawet do ma\u0142ego, 20-litrowego plecaka.<\/p>\n\n\n\n<p>Zacz\u0119\u0142a si\u0119 przewodnicka wiosna, czyli okres intensywnych wycieczek szkolnych, podczas kt\u00f3rych model Xenair nie raz i nie dwa razy ratowa\u0142 mnie przed ch\u0142odem, ale te\u017c i nie pozwala\u0142 si\u0119 przegrza\u0107. Wielokrotnie uda\u0142o mi si\u0119 doceni\u0107 t\u0119 odzie\u017c wchodz\u0105c w zag\u0142\u0119bienia Szczeli\u0144ca, B\u0142\u0119dnych Ska\u0142 i skalnych miast Adrspachu i Teplic nad Metuj\u0105, gdzie jeszcze w maju le\u017ca\u0142 \u015bnieg, a temperatury potrafi\u0142y oscylowa\u0107 w czasie maj\u00f3wki w granicach od 2\u00b0C do 4\u00b0C. R\u00f3wnie dobrze kamizelka Rab Xenair zdawa\u0142a test w najwy\u017cszych partiach Karkonoszy, gdzie warunki bywa\u0142y podobne. Ostatnie test, przed napisaniem tego tekstu, kamizelka przechodzi\u0142a w czerwcu, w Pieninach i w lipcu na Ma\u0142ej Fatrze. Tak jak w sudeckich pasmach mia\u0142em j\u0105 zawsze pod r\u0119k\u0105 lub na sobie.<\/p>\n\n\n<div class=\"wp-block-image\">\n<figure class=\"aligncenter size-full is-resized\"><img loading=\"lazy\" decoding=\"async\" src=\"https:\/\/www.skalnik.pl\/blog\/wp-content\/uploads\/2023\/08\/mala-fatra-xenair.jpg\" alt=\"\" class=\"wp-image-23909\" width=\"1024\" height=\"768\" srcset=\"https:\/\/www.skalnik.pl\/blog\/wp-content\/uploads\/2023\/08\/mala-fatra-xenair.jpg 1024w, https:\/\/www.skalnik.pl\/blog\/wp-content\/uploads\/2023\/08\/mala-fatra-xenair-300x225.jpg 300w, https:\/\/www.skalnik.pl\/blog\/wp-content\/uploads\/2023\/08\/mala-fatra-xenair-768x576.jpg 768w\" sizes=\"auto, (max-width: 1024px) 100vw, 1024px\" \/><figcaption class=\"wp-element-caption\"><em>Gdy na szcycie potrzebujesz dodatkowej warstwy. Ma\u0142a Fatra &#8211; Wielki Kryva\u0144. <\/em><\/figcaption><\/figure>\n<\/div>\n\n\n<p>Wiosn\u0105 kamizelka okaza\u0142a si\u0119 nieoceniona. Zdarza\u0142o mi si\u0119 j\u0105 nosi\u0107 na kr\u00f3tki r\u0119kaw, pod lekki softshell, a czasem zarzuci\u0107 na lekk\u0105 softshellow\u0105 kurtk\u0119 Borealis. \u017bongluj\u0105c t\u0105 ultralekk\u0105 warstw\u0105 mo\u017cna zdoby\u0107 sporo komfortu w ka\u017cdej sytuacji.<\/p>\n\n\n\n<h2 class=\"wp-block-heading\"><span class=\"ez-toc-section\" id=\"Rab_Xenair_%E2%80%93_opinia\"><\/span><a><\/a>Rab Xenair &#8211; opinia<span class=\"ez-toc-section-end\"><\/span><\/h2>\n\n\n\n<p>M\u00f3wi\u0105c najkr\u00f3cej: dobrze dobrane komponenty i materia\u0142y o \u015bwietnej jako\u015bci naprawd\u0119 robi\u0105 robot\u0119. Wiele plus\u00f3w przewin\u0119\u0142o si\u0119 ju\u017c przez ten tekst. Przede wszystkim kamizelka jest bardzo lekka i pakowna. Dzi\u0119ki temu pretenduje to do roli odzie\u017cy, dla kt\u00f3rej zawsze znajdzie si\u0119 miejsce w plecaku.<\/p>\n\n\n\n<p>W dzia\u0142aniu mo\u017cna pozna\u0107, \u017ce ocieplina i materia\u0142y zosta\u0142y dobrane \u015bwietnie. Nawet w czasie intensywnego wysi\u0142ku na skiturach, czy szybkiego rajdu pod g\u00f3r\u0119 \u201cz buta\u201d, odzie\u017c pozostaje wysoce oddychaj\u0105ca. Dodatkowym atutem, kt\u00f3ry przypadnie do gustu aktywnym osobom jest to, \u017ce tkaniny i Primaloft zachowuj\u0105 d\u0142ugotrwa\u0142a \u015bwie\u017co\u015b\u0107. Odzie\u017c nie przesi\u0105ka \u0142atwo nieprzyjemnym zapachem, co ucieszy ka\u017cdego, kto w g\u00f3rach jest, a nie bywa.<\/p>\n\n\n\n<p>Nie by\u0142o &#8211; jak dot\u0105d &#8211; ani s\u0142owa o kroju. Dobrze dopasowana pod wzgl\u0119dem rozmiaru kamizelka Xenair pozwala bowiem o sobie zapomnie\u0107. I o to chodzi! Odzie\u017c nie kr\u0119puje ruch\u00f3w, a \u015bci\u0105gacze i zamki nigdy nie przysporzy\u0142y mi niespodzianek.<\/p>\n\n\n<div class=\"wp-block-image\">\n<figure class=\"aligncenter size-full\"><img loading=\"lazy\" decoding=\"async\" width=\"1024\" height=\"768\" src=\"https:\/\/www.skalnik.pl\/blog\/wp-content\/uploads\/2023\/08\/xenair-adrspach-rotated.jpg\" alt=\"\" class=\"wp-image-23910\" srcset=\"https:\/\/www.skalnik.pl\/blog\/wp-content\/uploads\/2023\/08\/xenair-adrspach-rotated.jpg 1024w, https:\/\/www.skalnik.pl\/blog\/wp-content\/uploads\/2023\/08\/xenair-adrspach-300x225.jpg 300w, https:\/\/www.skalnik.pl\/blog\/wp-content\/uploads\/2023\/08\/xenair-adrspach-768x576.jpg 768w\" sizes=\"auto, (max-width: 1024px) 100vw, 1024px\" \/><figcaption class=\"wp-element-caption\"><em>Lekko\u015b\u0107, pakowno\u015b\u0107, wygodny kr\u00f3j i dopracowane detale &#8211; na przyk\u0142ad wygodna st\u00f3jka &#8211; to kapitalne cechy kamizeli marki Rab. <\/em><\/figcaption><\/figure>\n<\/div>\n\n\n<hr class=\"wp-block-separator has-alpha-channel-opacity is-style-dots\"\/>\n\n\n\n<p>Czy warto? Na pewno je\u015bli w g\u00f3rach stawia si\u0119 na komfort i uniwersalno\u015b\u0107 odzie\u017cy. Kamizelka Xenair b\u0119dzie \u015bwietnym wyborem przede wszystkim dla tych os\u00f3b, kt\u00f3re w g\u00f3rach dzia\u0142aj\u0105 du\u017co, intensywnie i cz\u0119sto. W\u0142a\u015bnie wtedy mo\u017cna najlepiej doceni\u0107 lekko\u015b\u0107, oddychalno\u015b\u0107 i uniwersalno\u015b\u0107 tego elementu ekwipunku. Czy jest co\u015b co k\u0142adzie si\u0119 cieniem na tym modelu? C\u00f3\u017c, raz zdarzy\u0142o mi si\u0119 u\u017cy\u0107 na ramieniu golarki do ubra\u0144, gdzie materia\u0142 lekko zmechaci\u0142 si\u0119 od szelki plecaka. By\u0142a to jednorazowa akcja, po kt\u00f3rej problem nie wr\u00f3ci\u0142. Drugi aspekt to cena. Model nie nale\u017cy do najta\u0144szych, ale ja zd\u0105\u017cy\u0142em si\u0119 upewni\u0107, \u017ce naprawd\u0119 wart jest tych pieni\u0119dzy!<\/p>\n\n\n\n<figure class=\"wp-block-image size-full\"><a href=\"https:\/\/www.skalnik.pl\" target=\"_blank\" rel=\"noreferrer noopener\"><img loading=\"lazy\" decoding=\"async\" width=\"1024\" height=\"250\" src=\"https:\/\/www.skalnik.pl\/blog\/wp-content\/uploads\/2023\/05\/Baner-blog_skalnik_1024x250pxA.jpg\" alt=\"\" class=\"wp-image-23052\" srcset=\"https:\/\/www.skalnik.pl\/blog\/wp-content\/uploads\/2023\/05\/Baner-blog_skalnik_1024x250pxA.jpg 1024w, https:\/\/www.skalnik.pl\/blog\/wp-content\/uploads\/2023\/05\/Baner-blog_skalnik_1024x250pxA-300x73.jpg 300w, https:\/\/www.skalnik.pl\/blog\/wp-content\/uploads\/2023\/05\/Baner-blog_skalnik_1024x250pxA-768x188.jpg 768w\" sizes=\"auto, (max-width: 1024px) 100vw, 1024px\" \/><\/a><\/figure>\n","protected":false},"excerpt":{"rendered":"<p>Kamizelka w g\u00f3ry? Przekonaj si\u0119, \u017ce to bardzo praktyczny element outfitu! <\/p>\n","protected":false},"author":8,"featured_media":23904,"comment_status":"closed","ping_status":"closed","sticky":false,"template":"","format":"standard","meta":{"_acf_changed":false,"footnotes":""},"categories":[8],"tags":[15,228,229],"magento_category":[],"magento_product":[369,368],"class_list":["post-23899","post","type-post","status-publish","format-standard","has-post-thumbnail","hentry","category-testy","tag-odziez","tag-opinie","tag-testy"],"acf":[],"aioseo_notices":[],"aioseo_head":"\n\t\t<!-- All in One SEO 4.9.10 - aioseo.com -->\n\t<meta name=\"description\" content=\"Kamizelka w g\u00f3ry - czy to komu\u015b potrzebne? Przeczytaj test Rab Xenair - kaizelki wype\u0142nionej Primaloftem. To przydatny i uniwersalny element ubioru w g\u00f3ry!\" \/>\n\t<meta name=\"robots\" content=\"max-image-preview:large\" \/>\n\t<meta name=\"author\" content=\"S\u0142awek Nosal\"\/>\n\t<link rel=\"canonical\" href=\"https:\/\/www.skalnik.pl\/blog\/kamizelka-rab-xenair-test\/\" \/>\n\t<meta name=\"generator\" content=\"All in One SEO (AIOSEO) 4.9.10\" \/>\n\t\t<meta property=\"og:locale\" content=\"pl_PL\" \/>\n\t\t<meta property=\"og:site_name\" content=\"blog Skalnik - Blog, porady, artyku\u0142y - blog Skalnik\" \/>\n\t\t<meta property=\"og:type\" content=\"article\" \/>\n\t\t<meta property=\"og:title\" content=\"Kamizelka Rab Xenair \u2013 test - blog Skalnik\" \/>\n\t\t<meta property=\"og:description\" content=\"Kamizelka w g\u00f3ry - czy to komu\u015b potrzebne? Przeczytaj test Rab Xenair - kaizelki wype\u0142nionej Primaloftem. To przydatny i uniwersalny element ubioru w g\u00f3ry!\" \/>\n\t\t<meta property=\"og:url\" content=\"https:\/\/www.skalnik.pl\/blog\/kamizelka-rab-xenair-test\/\" \/>\n\t\t<meta property=\"og:image\" content=\"https:\/\/www.skalnik.pl\/blog\/wp-content\/uploads\/2023\/08\/LA-SPORTIVA-BUTY-WSPINACZKOWE1.jpg\" \/>\n\t\t<meta property=\"og:image:secure_url\" content=\"https:\/\/www.skalnik.pl\/blog\/wp-content\/uploads\/2023\/08\/LA-SPORTIVA-BUTY-WSPINACZKOWE1.jpg\" \/>\n\t\t<meta property=\"og:image:width\" content=\"1024\" \/>\n\t\t<meta property=\"og:image:height\" content=\"250\" \/>\n\t\t<meta property=\"article:tag\" content=\"testy\" \/>\n\t\t<meta property=\"article:tag\" content=\"odzie\u017c\" \/>\n\t\t<meta property=\"article:tag\" content=\"opinie\" \/>\n\t\t<meta property=\"article:published_time\" content=\"2023-08-08T04:09:18+00:00\" \/>\n\t\t<meta property=\"article:modified_time\" content=\"2023-08-30T11:04:59+00:00\" \/>\n\t\t<meta name=\"twitter:card\" content=\"summary_large_image\" \/>\n\t\t<meta name=\"twitter:title\" content=\"Kamizelka Rab Xenair \u2013 test - blog Skalnik\" \/>\n\t\t<meta name=\"twitter:description\" content=\"Kamizelka w g\u00f3ry - czy to komu\u015b potrzebne? Przeczytaj test Rab Xenair - kaizelki wype\u0142nionej Primaloftem. To przydatny i uniwersalny element ubioru w g\u00f3ry!\" \/>\n\t\t<meta name=\"twitter:image\" content=\"https:\/\/www.skalnik.pl\/blog\/wp-content\/uploads\/2023\/08\/LA-SPORTIVA-BUTY-WSPINACZKOWE1.jpg\" \/>\n\t\t<script type=\"application\/ld+json\" class=\"aioseo-schema\">\n\t\t\t{\"@context\":\"https:\\\/\\\/schema.org\",\"@graph\":[{\"@type\":\"BlogPosting\",\"@id\":\"https:\\\/\\\/www.skalnik.pl\\\/blog\\\/kamizelka-rab-xenair-test\\\/#blogposting\",\"name\":\"Kamizelka Rab Xenair \\u2013 test - blog Skalnik\",\"headline\":\"Kamizelka Rab Xenair &#8211; test\",\"author\":{\"@id\":\"https:\\\/\\\/www.skalnik.pl\\\/blog\\\/author\\\/slawek-nosal\\\/#author\"},\"publisher\":{\"@id\":\"https:\\\/\\\/www.skalnik.pl\\\/blog\\\/#organization\"},\"image\":{\"@type\":\"ImageObject\",\"url\":\"https:\\\/\\\/www.skalnik.pl\\\/blog\\\/wp-content\\\/uploads\\\/2023\\\/08\\\/kamizelka-xenair-test-cover.jpg\",\"width\":1920,\"height\":706},\"datePublished\":\"2023-08-08T06:09:18+02:00\",\"dateModified\":\"2023-08-30T13:04:59+02:00\",\"inLanguage\":\"pl-PL\",\"mainEntityOfPage\":{\"@id\":\"https:\\\/\\\/www.skalnik.pl\\\/blog\\\/kamizelka-rab-xenair-test\\\/#webpage\"},\"isPartOf\":{\"@id\":\"https:\\\/\\\/www.skalnik.pl\\\/blog\\\/kamizelka-rab-xenair-test\\\/#webpage\"},\"articleSection\":\"Testy, odzie\\u017c, opinie, testy, 1000363, 994812\"},{\"@type\":\"BreadcrumbList\",\"@id\":\"https:\\\/\\\/www.skalnik.pl\\\/blog\\\/kamizelka-rab-xenair-test\\\/#breadcrumblist\",\"itemListElement\":[{\"@type\":\"ListItem\",\"@id\":\"https:\\\/\\\/www.skalnik.pl\\\/blog#listItem\",\"position\":1,\"name\":\"Home\",\"item\":\"https:\\\/\\\/www.skalnik.pl\\\/blog\",\"nextItem\":{\"@type\":\"ListItem\",\"@id\":\"https:\\\/\\\/www.skalnik.pl\\\/blog\\\/.\\\/testy\\\/#listItem\",\"name\":\"Testy\"}},{\"@type\":\"ListItem\",\"@id\":\"https:\\\/\\\/www.skalnik.pl\\\/blog\\\/.\\\/testy\\\/#listItem\",\"position\":2,\"name\":\"Testy\",\"item\":\"https:\\\/\\\/www.skalnik.pl\\\/blog\\\/.\\\/testy\\\/\",\"nextItem\":{\"@type\":\"ListItem\",\"@id\":\"https:\\\/\\\/www.skalnik.pl\\\/blog\\\/kamizelka-rab-xenair-test\\\/#listItem\",\"name\":\"Kamizelka Rab Xenair &#8211; test\"},\"previousItem\":{\"@type\":\"ListItem\",\"@id\":\"https:\\\/\\\/www.skalnik.pl\\\/blog#listItem\",\"name\":\"Home\"}},{\"@type\":\"ListItem\",\"@id\":\"https:\\\/\\\/www.skalnik.pl\\\/blog\\\/kamizelka-rab-xenair-test\\\/#listItem\",\"position\":3,\"name\":\"Kamizelka Rab Xenair &#8211; test\",\"previousItem\":{\"@type\":\"ListItem\",\"@id\":\"https:\\\/\\\/www.skalnik.pl\\\/blog\\\/.\\\/testy\\\/#listItem\",\"name\":\"Testy\"}}]},{\"@type\":\"Organization\",\"@id\":\"https:\\\/\\\/www.skalnik.pl\\\/blog\\\/#organization\",\"name\":\"blog Skalnik\",\"description\":\"Blog, porady, artyku\\u0142y - blog Skalnik\",\"url\":\"https:\\\/\\\/www.skalnik.pl\\\/blog\\\/\"},{\"@type\":\"Person\",\"@id\":\"https:\\\/\\\/www.skalnik.pl\\\/blog\\\/author\\\/slawek-nosal\\\/#author\",\"url\":\"https:\\\/\\\/www.skalnik.pl\\\/blog\\\/author\\\/slawek-nosal\\\/\",\"name\":\"S\\u0142awek Nosal\",\"image\":{\"@type\":\"ImageObject\",\"@id\":\"https:\\\/\\\/www.skalnik.pl\\\/blog\\\/kamizelka-rab-xenair-test\\\/#authorImage\",\"url\":\"https:\\\/\\\/secure.gravatar.com\\\/avatar\\\/376f39150afcfc713e809ef8313d42dee4210bb1425eaad8153efa8965009197?s=96&d=mm&r=g\",\"width\":96,\"height\":96,\"caption\":\"S\\u0142awek Nosal\"}},{\"@type\":\"WebPage\",\"@id\":\"https:\\\/\\\/www.skalnik.pl\\\/blog\\\/kamizelka-rab-xenair-test\\\/#webpage\",\"url\":\"https:\\\/\\\/www.skalnik.pl\\\/blog\\\/kamizelka-rab-xenair-test\\\/\",\"name\":\"Kamizelka Rab Xenair \\u2013 test - blog Skalnik\",\"description\":\"Kamizelka w g\\u00f3ry - czy to komu\\u015b potrzebne? Przeczytaj test Rab Xenair - kaizelki wype\\u0142nionej Primaloftem. To przydatny i uniwersalny element ubioru w g\\u00f3ry!\",\"inLanguage\":\"pl-PL\",\"isPartOf\":{\"@id\":\"https:\\\/\\\/www.skalnik.pl\\\/blog\\\/#website\"},\"breadcrumb\":{\"@id\":\"https:\\\/\\\/www.skalnik.pl\\\/blog\\\/kamizelka-rab-xenair-test\\\/#breadcrumblist\"},\"author\":{\"@id\":\"https:\\\/\\\/www.skalnik.pl\\\/blog\\\/author\\\/slawek-nosal\\\/#author\"},\"creator\":{\"@id\":\"https:\\\/\\\/www.skalnik.pl\\\/blog\\\/author\\\/slawek-nosal\\\/#author\"},\"image\":{\"@type\":\"ImageObject\",\"url\":\"https:\\\/\\\/www.skalnik.pl\\\/blog\\\/wp-content\\\/uploads\\\/2023\\\/08\\\/kamizelka-xenair-test-cover.jpg\",\"@id\":\"https:\\\/\\\/www.skalnik.pl\\\/blog\\\/kamizelka-rab-xenair-test\\\/#mainImage\",\"width\":1920,\"height\":706},\"primaryImageOfPage\":{\"@id\":\"https:\\\/\\\/www.skalnik.pl\\\/blog\\\/kamizelka-rab-xenair-test\\\/#mainImage\"},\"datePublished\":\"2023-08-08T06:09:18+02:00\",\"dateModified\":\"2023-08-30T13:04:59+02:00\"},{\"@type\":\"WebSite\",\"@id\":\"https:\\\/\\\/www.skalnik.pl\\\/blog\\\/#website\",\"url\":\"https:\\\/\\\/www.skalnik.pl\\\/blog\\\/\",\"name\":\"blog Skalnik\",\"description\":\"Blog, porady, artyku\\u0142y - blog Skalnik\",\"inLanguage\":\"pl-PL\",\"publisher\":{\"@id\":\"https:\\\/\\\/www.skalnik.pl\\\/blog\\\/#organization\"}}]}\n\t\t<\/script>\n\t\t<!-- All in One SEO -->\n\n","aioseo_head_json":{"title":"Kamizelka Rab Xenair \u2013 test - blog Skalnik","description":"Kamizelka w g\u00f3ry - czy to komu\u015b potrzebne? Przeczytaj test Rab Xenair - kaizelki wype\u0142nionej Primaloftem. To przydatny i uniwersalny element ubioru w g\u00f3ry!","canonical_url":"https:\/\/www.skalnik.pl\/blog\/kamizelka-rab-xenair-test\/","robots":"max-image-preview:large","keywords":"","webmasterTools":{"miscellaneous":""},"schema":{"@context":"https:\/\/schema.org","@graph":[{"@type":"BlogPosting","@id":"https:\/\/www.skalnik.pl\/blog\/kamizelka-rab-xenair-test\/#blogposting","name":"Kamizelka Rab Xenair \u2013 test - blog Skalnik","headline":"Kamizelka Rab Xenair &#8211; test","author":{"@id":"https:\/\/www.skalnik.pl\/blog\/author\/slawek-nosal\/#author"},"publisher":{"@id":"https:\/\/www.skalnik.pl\/blog\/#organization"},"image":{"@type":"ImageObject","url":"https:\/\/www.skalnik.pl\/blog\/wp-content\/uploads\/2023\/08\/kamizelka-xenair-test-cover.jpg","width":1920,"height":706},"datePublished":"2023-08-08T06:09:18+02:00","dateModified":"2023-08-30T13:04:59+02:00","inLanguage":"pl-PL","mainEntityOfPage":{"@id":"https:\/\/www.skalnik.pl\/blog\/kamizelka-rab-xenair-test\/#webpage"},"isPartOf":{"@id":"https:\/\/www.skalnik.pl\/blog\/kamizelka-rab-xenair-test\/#webpage"},"articleSection":"Testy, odzie\u017c, opinie, testy, 1000363, 994812"},{"@type":"BreadcrumbList","@id":"https:\/\/www.skalnik.pl\/blog\/kamizelka-rab-xenair-test\/#breadcrumblist","itemListElement":[{"@type":"ListItem","@id":"https:\/\/www.skalnik.pl\/blog#listItem","position":1,"name":"Home","item":"https:\/\/www.skalnik.pl\/blog","nextItem":{"@type":"ListItem","@id":"https:\/\/www.skalnik.pl\/blog\/.\/testy\/#listItem","name":"Testy"}},{"@type":"ListItem","@id":"https:\/\/www.skalnik.pl\/blog\/.\/testy\/#listItem","position":2,"name":"Testy","item":"https:\/\/www.skalnik.pl\/blog\/.\/testy\/","nextItem":{"@type":"ListItem","@id":"https:\/\/www.skalnik.pl\/blog\/kamizelka-rab-xenair-test\/#listItem","name":"Kamizelka Rab Xenair &#8211; test"},"previousItem":{"@type":"ListItem","@id":"https:\/\/www.skalnik.pl\/blog#listItem","name":"Home"}},{"@type":"ListItem","@id":"https:\/\/www.skalnik.pl\/blog\/kamizelka-rab-xenair-test\/#listItem","position":3,"name":"Kamizelka Rab Xenair &#8211; test","previousItem":{"@type":"ListItem","@id":"https:\/\/www.skalnik.pl\/blog\/.\/testy\/#listItem","name":"Testy"}}]},{"@type":"Organization","@id":"https:\/\/www.skalnik.pl\/blog\/#organization","name":"blog Skalnik","description":"Blog, porady, artyku\u0142y - blog Skalnik","url":"https:\/\/www.skalnik.pl\/blog\/"},{"@type":"Person","@id":"https:\/\/www.skalnik.pl\/blog\/author\/slawek-nosal\/#author","url":"https:\/\/www.skalnik.pl\/blog\/author\/slawek-nosal\/","name":"S\u0142awek Nosal","image":{"@type":"ImageObject","@id":"https:\/\/www.skalnik.pl\/blog\/kamizelka-rab-xenair-test\/#authorImage","url":"https:\/\/secure.gravatar.com\/avatar\/376f39150afcfc713e809ef8313d42dee4210bb1425eaad8153efa8965009197?s=96&d=mm&r=g","width":96,"height":96,"caption":"S\u0142awek Nosal"}},{"@type":"WebPage","@id":"https:\/\/www.skalnik.pl\/blog\/kamizelka-rab-xenair-test\/#webpage","url":"https:\/\/www.skalnik.pl\/blog\/kamizelka-rab-xenair-test\/","name":"Kamizelka Rab Xenair \u2013 test - blog Skalnik","description":"Kamizelka w g\u00f3ry - czy to komu\u015b potrzebne? Przeczytaj test Rab Xenair - kaizelki wype\u0142nionej Primaloftem. To przydatny i uniwersalny element ubioru w g\u00f3ry!","inLanguage":"pl-PL","isPartOf":{"@id":"https:\/\/www.skalnik.pl\/blog\/#website"},"breadcrumb":{"@id":"https:\/\/www.skalnik.pl\/blog\/kamizelka-rab-xenair-test\/#breadcrumblist"},"author":{"@id":"https:\/\/www.skalnik.pl\/blog\/author\/slawek-nosal\/#author"},"creator":{"@id":"https:\/\/www.skalnik.pl\/blog\/author\/slawek-nosal\/#author"},"image":{"@type":"ImageObject","url":"https:\/\/www.skalnik.pl\/blog\/wp-content\/uploads\/2023\/08\/kamizelka-xenair-test-cover.jpg","@id":"https:\/\/www.skalnik.pl\/blog\/kamizelka-rab-xenair-test\/#mainImage","width":1920,"height":706},"primaryImageOfPage":{"@id":"https:\/\/www.skalnik.pl\/blog\/kamizelka-rab-xenair-test\/#mainImage"},"datePublished":"2023-08-08T06:09:18+02:00","dateModified":"2023-08-30T13:04:59+02:00"},{"@type":"WebSite","@id":"https:\/\/www.skalnik.pl\/blog\/#website","url":"https:\/\/www.skalnik.pl\/blog\/","name":"blog Skalnik","description":"Blog, porady, artyku\u0142y - blog Skalnik","inLanguage":"pl-PL","publisher":{"@id":"https:\/\/www.skalnik.pl\/blog\/#organization"}}]},"og:locale":"pl_PL","og:site_name":"blog Skalnik - Blog, porady, artyku\u0142y - blog Skalnik","og:type":"article","og:title":"Kamizelka Rab Xenair \u2013 test - blog Skalnik","og:description":"Kamizelka w g\u00f3ry - czy to komu\u015b potrzebne? Przeczytaj test Rab Xenair - kaizelki wype\u0142nionej Primaloftem. To przydatny i uniwersalny element ubioru w g\u00f3ry!","og:url":"https:\/\/www.skalnik.pl\/blog\/kamizelka-rab-xenair-test\/","og:image":"https:\/\/www.skalnik.pl\/blog\/wp-content\/uploads\/2023\/08\/LA-SPORTIVA-BUTY-WSPINACZKOWE1.jpg","og:image:secure_url":"https:\/\/www.skalnik.pl\/blog\/wp-content\/uploads\/2023\/08\/LA-SPORTIVA-BUTY-WSPINACZKOWE1.jpg","og:image:width":1024,"og:image:height":250,"article:tag":["testy","odzie\u017c","opinie"],"article:published_time":"2023-08-08T04:09:18+00:00","article:modified_time":"2023-08-30T11:04:59+00:00","twitter:card":"summary_large_image","twitter:title":"Kamizelka Rab Xenair \u2013 test - blog Skalnik","twitter:description":"Kamizelka w g\u00f3ry - czy to komu\u015b potrzebne? Przeczytaj test Rab Xenair - kaizelki wype\u0142nionej Primaloftem. To przydatny i uniwersalny element ubioru w g\u00f3ry!","twitter:image":"https:\/\/www.skalnik.pl\/blog\/wp-content\/uploads\/2023\/08\/LA-SPORTIVA-BUTY-WSPINACZKOWE1.jpg"},"aioseo_meta_data":{"post_id":"23899","title":null,"description":"Kamizelka w g\u00f3ry - czy to komu\u015b potrzebne? Przeczytaj test Rab Xenair - kaizelki wype\u0142nionej Primaloftem. To przydatny i uniwersalny element ubioru w g\u00f3ry!","keywords":[],"keyphrases":{"focus":{"keyphrase":"kamizelka ","score":100,"analysis":{"keyphraseInTitle":{"score":9,"maxScore":9,"error":0},"keyphraseInDescription":{"score":9,"maxScore":9,"error":0},"keyphraseLength":{"score":9,"maxScore":9,"error":0,"length":1},"keyphraseInURL":{"score":5,"maxScore":5,"error":0},"keyphraseInIntroduction":{"score":9,"maxScore":9,"error":0},"keyphraseInSubHeadings":{"score":9,"maxScore":9,"error":0},"keyphraseInImageAlt":{"score":9,"maxScore":9,"error":0}}},"additional":[]},"primary_term":null,"canonical_url":null,"og_title":null,"og_description":null,"og_object_type":"default","og_image_type":"default","og_image_url":null,"og_image_width":null,"og_image_height":null,"og_image_custom_url":null,"og_image_custom_fields":null,"og_video":"","og_custom_url":null,"og_article_section":null,"og_article_tags":[],"twitter_use_og":false,"twitter_card":"default","twitter_image_type":"default","twitter_image_url":null,"twitter_image_custom_url":null,"twitter_image_custom_fields":null,"twitter_title":null,"twitter_description":null,"schema":{"blockGraphs":[],"customGraphs":[],"default":{"data":{"Article":[],"Course":[],"Dataset":[],"FAQPage":[],"Movie":[],"Person":[],"Product":[],"ProductReview":[],"Car":[],"Recipe":[],"Service":[],"SoftwareApplication":[],"WebPage":[]},"graphName":"","isEnabled":true},"graphs":[]},"schema_type":"default","schema_type_options":null,"pillar_content":false,"robots_default":true,"robots_noindex":false,"robots_noarchive":false,"robots_nosnippet":false,"robots_nofollow":false,"robots_noimageindex":false,"robots_noodp":false,"robots_notranslate":false,"robots_max_snippet":"-1","robots_max_videopreview":"-1","robots_max_imagepreview":"large","priority":null,"frequency":"default","local_seo":null,"breadcrumb_settings":null,"limit_modified_date":false,"ai":null,"created":"2023-08-07 10:03:11","updated":"2026-02-17 22:42:21","seo_analyzer_scan_date":null},"aioseo_breadcrumb":"<div class=\"aioseo-breadcrumbs\"><span class=\"aioseo-breadcrumb\">\n\t\t\t<a href=\"https:\/\/www.skalnik.pl\/blog\" title=\"Home\">Home<\/a>\n\t\t<\/span><span class=\"aioseo-breadcrumb-separator\">&raquo;<\/span><span class=\"aioseo-breadcrumb\">\n\t\t\t<a href=\"https:\/\/www.skalnik.pl\/blog\/.\/testy\/\" title=\"Testy\">Testy<\/a>\n\t\t<\/span><span class=\"aioseo-breadcrumb-separator\">&raquo;<\/span><span class=\"aioseo-breadcrumb\">\n\t\t\tKamizelka Rab Xenair \u2013 test\n\t\t<\/span><\/div>","aioseo_breadcrumb_json":[{"label":"Home","link":"https:\/\/www.skalnik.pl\/blog"},{"label":"Testy","link":"https:\/\/www.skalnik.pl\/blog\/.\/testy\/"},{"label":"Kamizelka Rab Xenair &#8211; test","link":"https:\/\/www.skalnik.pl\/blog\/kamizelka-rab-xenair-test\/"}],"_links":{"self":[{"href":"https:\/\/www.skalnik.pl\/blog\/wp-json\/wp\/v2\/posts\/23899","targetHints":{"allow":["GET"]}}],"collection":[{"href":"https:\/\/www.skalnik.pl\/blog\/wp-json\/wp\/v2\/posts"}],"about":[{"href":"https:\/\/www.skalnik.pl\/blog\/wp-json\/wp\/v2\/types\/post"}],"author":[{"embeddable":true,"href":"https:\/\/www.skalnik.pl\/blog\/wp-json\/wp\/v2\/users\/8"}],"replies":[{"embeddable":true,"href":"https:\/\/www.skalnik.pl\/blog\/wp-json\/wp\/v2\/comments?post=23899"}],"version-history":[{"count":12,"href":"https:\/\/www.skalnik.pl\/blog\/wp-json\/wp\/v2\/posts\/23899\/revisions"}],"predecessor-version":[{"id":23926,"href":"https:\/\/www.skalnik.pl\/blog\/wp-json\/wp\/v2\/posts\/23899\/revisions\/23926"}],"wp:featuredmedia":[{"embeddable":true,"href":"https:\/\/www.skalnik.pl\/blog\/wp-json\/wp\/v2\/media\/23904"}],"wp:attachment":[{"href":"https:\/\/www.skalnik.pl\/blog\/wp-json\/wp\/v2\/media?parent=23899"}],"wp:term":[{"taxonomy":"category","embeddable":true,"href":"https:\/\/www.skalnik.pl\/blog\/wp-json\/wp\/v2\/categories?post=23899"},{"taxonomy":"post_tag","embeddable":true,"href":"https:\/\/www.skalnik.pl\/blog\/wp-json\/wp\/v2\/tags?post=23899"},{"taxonomy":"magento_category","embeddable":true,"href":"https:\/\/www.skalnik.pl\/blog\/wp-json\/wp\/v2\/magento_category?post=23899"},{"taxonomy":"magento_product","embeddable":true,"href":"https:\/\/www.skalnik.pl\/blog\/wp-json\/wp\/v2\/magento_product?post=23899"}],"curies":[{"name":"wp","href":"https:\/\/api.w.org\/{rel}","templated":true}]}}