{"id":24075,"date":"2023-09-04T11:45:40","date_gmt":"2023-09-04T09:45:40","guid":{"rendered":"https:\/\/www.skalnik.pl\/blog\/?p=24075"},"modified":"2024-03-04T08:16:36","modified_gmt":"2024-03-04T06:16:36","slug":"beskid-zywiecki-najciekawsze-szlaki","status":"publish","type":"post","link":"https:\/\/www.skalnik.pl\/blog\/beskid-zywiecki-najciekawsze-szlaki\/","title":{"rendered":"Beskid \u017bywiecki &#8211; najciekawsze szlaki"},"content":{"rendered":"\n<p><strong>Beskid \u017bywiecki to najwy\u017csza cz\u0119\u015b\u0107 Beskid\u00f3w Zachodnich. Wznosi si\u0119 tu ich najwy\u017cszy szczyt, Babia G\u00f3ra o wysoko\u015bci 1725 m n.p.m. Ca\u0142y teren jest pi\u0119kny i bardzo zr\u00f3\u017cnicowany pod wzgl\u0119dem krajobrazowym. S\u0105 tu zar\u00f3wno g\u00f3rskie \u0142\u0105ki i hale, lasy li\u015bciaste i iglaste, a w g\u00f3rnych partiach Babiej G\u00f3ry wyst\u0119puj\u0105 krajobrazy alpejskie z kosodrzewin\u0105 i nagimi ska\u0142ami. Pod wzgl\u0119dem turystycznym Beskid \u017bywiecki to prawdziwy raj. G\u0119sta sie\u0107 szlak\u00f3w i schronisk, a tak\u017ce dobrze rozwini\u0119ta baza noclegowa w dolinach pozwalaj\u0105 planowa\u0107 d\u0142u\u017csze i kr\u00f3tsze wycieczki. Zabieram Ci\u0119 dzi\u015b w\u0142a\u015bnie tam, by pokaza\u0107 najciekawsze trasy Beskidu \u017bywieckiego.<\/strong><\/p>\n\n\n\n<div id=\"ez-toc-container\" class=\"ez-toc-v2_0_85 counter-hierarchy ez-toc-counter ez-toc-light-blue ez-toc-container-direction\">\n<div class=\"ez-toc-title-container\">\n<p class=\"ez-toc-title\" style=\"cursor:inherit\">SPIS TRE\u015aCI <\/p>\n<span class=\"ez-toc-title-toggle\"><a href=\"#\" class=\"ez-toc-pull-right ez-toc-btn ez-toc-btn-xs ez-toc-btn-default ez-toc-toggle\" aria-label=\"Prze\u0142\u0105cznik Spisu Tre\u015bci\"><span class=\"ez-toc-js-icon-con\"><span class=\"\"><span class=\"eztoc-hide\" style=\"display:none;\">Toggle<\/span><span class=\"ez-toc-icon-toggle-span\"><svg style=\"fill: #999;color:#999\" xmlns=\"http:\/\/www.w3.org\/2000\/svg\" class=\"list-377408\" width=\"20px\" height=\"20px\" viewBox=\"0 0 24 24\" fill=\"none\"><path d=\"M6 6H4v2h2V6zm14 0H8v2h12V6zM4 11h2v2H4v-2zm16 0H8v2h12v-2zM4 16h2v2H4v-2zm16 0H8v2h12v-2z\" fill=\"currentColor\"><\/path><\/svg><svg style=\"fill: #999;color:#999\" class=\"arrow-unsorted-368013\" xmlns=\"http:\/\/www.w3.org\/2000\/svg\" width=\"10px\" height=\"10px\" viewBox=\"0 0 24 24\" version=\"1.2\" baseProfile=\"tiny\"><path d=\"M18.2 9.3l-6.2-6.3-6.2 6.3c-.2.2-.3.4-.3.7s.1.5.3.7c.2.2.4.3.7.3h11c.3 0 .5-.1.7-.3.2-.2.3-.5.3-.7s-.1-.5-.3-.7zM5.8 14.7l6.2 6.3 6.2-6.3c.2-.2.3-.5.3-.7s-.1-.5-.3-.7c-.2-.2-.4-.3-.7-.3h-11c-.3 0-.5.1-.7.3-.2.2-.3.5-.3.7s.1.5.3.7z\"\/><\/svg><\/span><\/span><\/span><\/a><\/span><\/div>\n<nav><ul class='ez-toc-list ez-toc-list-level-1 ' ><li class='ez-toc-page-1 ez-toc-heading-level-2'><a class=\"ez-toc-link ez-toc-heading-1\" href=\"https:\/\/www.skalnik.pl\/blog\/beskid-zywiecki-najciekawsze-szlaki\/#Gdzie_lezy_Beskid_Zywiecki\" >Gdzie le\u017cy Beskid \u017bywiecki<\/a><\/li><li class='ez-toc-page-1 ez-toc-heading-level-2'><a class=\"ez-toc-link ez-toc-heading-2\" href=\"https:\/\/www.skalnik.pl\/blog\/beskid-zywiecki-najciekawsze-szlaki\/#Beskid_Zywiecki_%E2%80%93_nocleg_i_zagospodarowanie_turystyczne\" >Beskid \u017bywiecki &#8211; nocleg i zagospodarowanie turystyczne<\/a><\/li><li class='ez-toc-page-1 ez-toc-heading-level-2'><a class=\"ez-toc-link ez-toc-heading-3\" href=\"https:\/\/www.skalnik.pl\/blog\/beskid-zywiecki-najciekawsze-szlaki\/#Glownym_Szlakiem_Beskidzkim_przez_Beskid_Zywiecki\" >G\u0142\u00f3wnym Szlakiem Beskidzkim przez Beskid \u017bywiecki<\/a><\/li><li class='ez-toc-page-1 ez-toc-heading-level-2'><a class=\"ez-toc-link ez-toc-heading-4\" href=\"https:\/\/www.skalnik.pl\/blog\/beskid-zywiecki-najciekawsze-szlaki\/#Na_Babia_Gore_z_Przeleczy_Krowiarki\" >Na Babi\u0105 G\u00f3r\u0119 z Prze\u0142\u0119czy Krowiarki<\/a><\/li><li class='ez-toc-page-1 ez-toc-heading-level-2'><a class=\"ez-toc-link ez-toc-heading-5\" href=\"https:\/\/www.skalnik.pl\/blog\/beskid-zywiecki-najciekawsze-szlaki\/#Na_Pilsko_z_Korbielowa\" >Na Pilsko z Korbielowa<\/a><\/li><li class='ez-toc-page-1 ez-toc-heading-level-2'><a class=\"ez-toc-link ez-toc-heading-6\" href=\"https:\/\/www.skalnik.pl\/blog\/beskid-zywiecki-najciekawsze-szlaki\/#Wokol_Zabnicy\" >Wok\u00f3\u0142 \u017babnicy<\/a><\/li><li class='ez-toc-page-1 ez-toc-heading-level-2'><a class=\"ez-toc-link ez-toc-heading-7\" href=\"https:\/\/www.skalnik.pl\/blog\/beskid-zywiecki-najciekawsze-szlaki\/#Na_Wielka_Racze_i_Rycerzowa_Wielka\" >Na Wielk\u0105 Racz\u0119 i Rycerzow\u0105 Wielk\u0105<\/a><\/li><\/ul><\/nav><\/div>\n<h2 class=\"wp-block-heading\"><span class=\"ez-toc-section\" id=\"Gdzie_lezy_Beskid_Zywiecki\"><\/span>Gdzie le\u017cy Beskid \u017bywiecki<span class=\"ez-toc-section-end\"><\/span><\/h2>\n\n\n\n<p>Beskid \u017bywiecki jest bardzo rozleg\u0142y. Rozci\u0105ga si\u0119 od Prze\u0142\u0119czy Zwardo\u0144skiej i doliny rzeki So\u0142a na zachodzie po dolin\u0119 Skawy na wschodzie. Jego granice oraz pasma wchodz\u0105ce w jego sk\u0142ad s\u0105 r\u00f3\u017cnie okre\u015blane przez geograf\u00f3w, co jednak nie ma a\u017c tak du\u017cego wp\u0142ywu na tematyk\u0119, jak\u0105 chc\u0119 om\u00f3wi\u0107. Z naszego, turystycznego punktu widzenia te spory mo\u017cna spokojnie zostawi\u0107 na boku i cieszy\u0107 si\u0119 przebywaniem w g\u00f3rach.<\/p>\n\n\n<div class=\"wp-block-image\">\n<figure class=\"aligncenter size-large\"><img loading=\"lazy\" decoding=\"async\" width=\"1024\" height=\"605\" src=\"https:\/\/www.skalnik.pl\/blog\/wp-content\/uploads\/2023\/08\/nature-6617930_1920-1024x605.jpg\" alt=\"beskid \u017cywiecki szlaki\" class=\"wp-image-24078\" srcset=\"https:\/\/www.skalnik.pl\/blog\/wp-content\/uploads\/2023\/08\/nature-6617930_1920-1024x605.jpg 1024w, https:\/\/www.skalnik.pl\/blog\/wp-content\/uploads\/2023\/08\/nature-6617930_1920-300x177.jpg 300w, https:\/\/www.skalnik.pl\/blog\/wp-content\/uploads\/2023\/08\/nature-6617930_1920-768x454.jpg 768w, https:\/\/www.skalnik.pl\/blog\/wp-content\/uploads\/2023\/08\/nature-6617930_1920-1536x907.jpg 1536w, https:\/\/www.skalnik.pl\/blog\/wp-content\/uploads\/2023\/08\/nature-6617930_1920.jpg 1920w\" sizes=\"auto, (max-width: 1024px) 100vw, 1024px\" \/><figcaption class=\"wp-element-caption\"><em>Beskid \u017bywiecki to skarbiec pi\u0119knych widok\u00f3w (fot. Jerzy G\u00f3recki, Pixabay)<\/em><\/figcaption><\/figure>\n<\/div>\n\n\n<p>Najwy\u017csz\u0105 cz\u0119\u015bci\u0105 Beskidu \u017bywieckiego jest znajduj\u0105ca si\u0119 w jego wschodniej cz\u0119\u015bci Babia G\u00f3ra wraz z okolicznymi szczytami. Drugie pod wzgl\u0119dem wysoko\u015bci jest Pilsko, kt\u00f3rego wierzcho\u0142ek o wysoko\u015bci 1557 m n.p.m. znajduje si\u0119 ju\u017c po stronie s\u0142owackiej. S\u0105 to jedyne miejsca w ca\u0142ych polskich Beskidach, gdzie wyst\u0119puje pi\u0119trowy, alpejski uk\u0142ad ro\u015blinno\u015bci. Na Babiej G\u00f3rze bardzo dobrze widoczne jest zar\u00f3wno pi\u0119tro kosodrzewiny, jak i ro\u015blinno\u015bci naskalnej i hal oraz skalny rumosz, za\u015b na Pilsku kopu\u0142\u0119 szczytow\u0105 porastaj\u0105 zaro\u015bla kosodrzewiny z wyst\u0119puj\u0105cymi gdzieniegdzie polami rumoszu.<\/p>\n\n\n\n<p class=\"has-white-color has-vivid-cyan-blue-background-color has-text-color has-background\">Szlaki na Babi\u0105 G\u00f3r\u0119 poznasz,, gdy klikniesz -&gt; <strong><a href=\"https:\/\/www.skalnik.pl\/blog\/babia-gora-szlaki\/\" target=\"_blank\" rel=\"noopener\" title=\"\">tutaj<\/a><\/strong> &lt;-<\/p>\n\n\n\n<h2 class=\"wp-block-heading\"><span class=\"ez-toc-section\" id=\"Beskid_Zywiecki_%E2%80%93_nocleg_i_zagospodarowanie_turystyczne\"><\/span>Beskid \u017bywiecki &#8211; nocleg i zagospodarowanie turystyczne<span class=\"ez-toc-section-end\"><\/span><\/h2>\n\n\n\n<p>Je\u015bli zamierzasz wybra\u0107 si\u0119 w Beskid \u017bywiecki to mam dla Ciebie bardzo dobr\u0105 wiadomo\u015b\u0107. To jedne z najlepiej zagospodarowanych turystycznie g\u00f3r w Polsce. G\u0119sta sie\u0107 szlak\u00f3w sprawia, \u017ce mo\u017cna do woli przebiera\u0107 w opcjach wej\u015b\u0107 i zej\u015b\u0107 z poszczeg\u00f3lnych szczyt\u00f3w tworzy\u0107 trasy &#8211; p\u0119tle, a tak\u017ce wielodniowe przej\u015bcia z jednego ko\u0144ca Beskidu na drugi.<\/p>\n\n\n<div class=\"wp-block-image\">\n<figure class=\"aligncenter size-large\"><img loading=\"lazy\" decoding=\"async\" width=\"1024\" height=\"768\" src=\"https:\/\/www.skalnik.pl\/blog\/wp-content\/uploads\/2023\/08\/krupowa-hall-1306743_1920-1024x768.jpg\" alt=\"schronisko pttk beskid \u017cywiecki hala krupowa\" class=\"wp-image-24079\" srcset=\"https:\/\/www.skalnik.pl\/blog\/wp-content\/uploads\/2023\/08\/krupowa-hall-1306743_1920-1024x768.jpg 1024w, https:\/\/www.skalnik.pl\/blog\/wp-content\/uploads\/2023\/08\/krupowa-hall-1306743_1920-300x225.jpg 300w, https:\/\/www.skalnik.pl\/blog\/wp-content\/uploads\/2023\/08\/krupowa-hall-1306743_1920-768x576.jpg 768w, https:\/\/www.skalnik.pl\/blog\/wp-content\/uploads\/2023\/08\/krupowa-hall-1306743_1920-1536x1152.jpg 1536w, https:\/\/www.skalnik.pl\/blog\/wp-content\/uploads\/2023\/08\/krupowa-hall-1306743_1920.jpg 1920w\" sizes=\"auto, (max-width: 1024px) 100vw, 1024px\" \/><figcaption class=\"wp-element-caption\"><em>W Beskidzie \u017bywieckim znajdziesz g\u0119st\u0105 sie\u0107 schronisk &#8211; schronisko PTTK na Hali Krupowej (fot. czu_czu_PL, Pixabay)<\/em><\/figcaption><\/figure>\n<\/div>\n\n\n<p>Nie inaczej jest z baz\u0105 noclegow\u0105. Schronisk PTTK jest tu naprawd\u0119 mn\u00f3stwo. Patrz\u0105c od zachodu s\u0105 to schroniska na Wielkiej Raczy, na Przegibku, na Rycerzowej, Krawc\u00f3w Wierchu, Hali Boraczej, Lipowskiej i Rysiance, na Hali Miziowej pod Pilskiem, schronisko Markowe Szczawiny pod Babi\u0105 G\u00f3r\u0105 oraz schronisko na Hali Krupowej. <\/p>\n\n\n\n<p>Latem mo\u017cesz te\u017c skorzysta\u0107 ze studenckich chatek i baz namiotowych. Bazy namiotowe znajdziesz na Przys\u0142opie Pot\u00f3ckim w grupie Wielkiej Raczy oraz na Prze\u0142\u0119czy G\u0142uchaczki przy G\u0142\u00f3wnym Szlaku Beskidzkim, za\u015b chatki studenckie to Chata na Zagroniu nad Rajcz\u0105, Chata AKT Dobrodziej w Sopotni i Chata Chemik\u00f3w w Ujso\u0142ach. W wi\u0119kszych miejscowo\u015bciach turystycznych dzia\u0142aj\u0105 PTSMy i SSMy, za\u015b niemal w ka\u017cdej wsi znajdziesz pokoje na wynajem, pensjonaty czy gospodarstwa agroturystyczne.&nbsp; &nbsp;&nbsp;<\/p>\n\n\n\n<p>Wyb\u00f3r szlak\u00f3w w Beskidzie \u017bywieckim jest ogromny. Dlatego chcia\u0142abym Ci poleci\u0107 kilka tras, kt\u00f3re uwa\u017cam za szczeg\u00f3lnie interesuj\u0105ce i widokowe. To zaczynamy.<\/p>\n\n\n\n<h2 class=\"wp-block-heading\"><span class=\"ez-toc-section\" id=\"Glownym_Szlakiem_Beskidzkim_przez_Beskid_Zywiecki\"><\/span>G\u0142\u00f3wnym Szlakiem Beskidzkim przez Beskid \u017bywiecki<span class=\"ez-toc-section-end\"><\/span><\/h2>\n\n\n\n<p>Przez du\u017c\u0105 cz\u0119\u015b\u0107 Beskidu \u017bywieckiego i jego g\u0142\u00f3wne szczyty przebiega oznaczony kolorem czerwonym G\u0142\u00f3wny Szlak Beskidzki. Jego trasa to W\u0119gierska G\u00f3rka \u2013 Abraham\u00f3w \u2013 Hala Rysianka \u2013 Hala Miziowa \u2013 Prze\u0142\u0119cz Glinne \u2013 Prze\u0142\u0119cz G\u0142uchaczki \u2013 M\u0119dralowa \u2013 Markowe Szczawiny \u2013 Prze\u0142\u0119cz Brona \u2013 Babia G\u00f3ra \u2013 Prze\u0142\u0119cz Krowiarki \u2013 Polica \u2013 Prze\u0142\u0119cz Kuca\u0142owa \u2013 Bystra Podhala\u0144ska- Jordan\u00f3w. Trasa ta ma ponad 80 km d\u0142ugo\u015bci i potrzebujesz na jej pokonanie 3-4 dni. Oczywi\u015bcie poszczeg\u00f3lne odcinki GSB mo\u017cna te\u017c traktowa\u0107 jako wycieczki jednodniowe, pod warunkiem dok\u0142adnego sprawdzenia transportu pozwalaj\u0105cego na dotarcie do miejsca noclegowego oraz \u0142\u0105czy\u0107 je z innymi szlakami tworz\u0105c p\u0119tle.<\/p>\n\n\n\n<h2 class=\"wp-block-heading\"><span class=\"ez-toc-section\" id=\"Na_Babia_Gore_z_Przeleczy_Krowiarki\"><\/span>Na Babi\u0105 G\u00f3r\u0119 z Prze\u0142\u0119czy Krowiarki<span class=\"ez-toc-section-end\"><\/span><\/h2>\n\n\n\n<p>W moim zestawieniu nie mo\u017ce zabrakn\u0105\u0107 Kr\u00f3lowej Beskid\u00f3w czyli Babiej G\u00f3ry. Mo\u017cliwo\u015bci wej\u015b\u0107 na ten szczyt jest wiele i ich dok\u0142adne opisanie to temat na osobny artyku\u0142. Dlatego do tego zestawienia wybra\u0142am tylko jedn\u0105 opcj\u0119. Chyba najbardziej klasyczn\u0105. To p\u0119tla z Prze\u0142\u0119czy Krowiarki prowadz\u0105ca najpierw GSB przez Sokolic\u0119 i K\u0119p\u0119 na szczyt (doj\u015bcie w oko\u0142o 2h 20 min) i dalej przez Prze\u0142\u0119cz Brona do schroniska Markowe Szczawiny. Powr\u00f3t do Prze\u0142\u0119czy prowadzi niebieskim szlakiem, tak zwanym G\u00f3rnym P\u0142ajem, kt\u00f3ry trawersuje lasem ca\u0142y grzbiet. W jego ko\u0144cowej cz\u0119\u015bci mo\u017cesz zobaczy\u0107 jeziorko osuwiskowe Mokry Stawek. Ca\u0142a trasa ma 14 km i przejdziesz j\u0105 w oko\u0142o 5 h 30 min nie licz\u0105c postoj\u00f3w.<\/p>\n\n\n<div class=\"wp-block-image\">\n<figure class=\"aligncenter size-large\"><img loading=\"lazy\" decoding=\"async\" width=\"1024\" height=\"684\" src=\"https:\/\/www.skalnik.pl\/blog\/wp-content\/uploads\/2023\/08\/AdobeStock_274553499-1024x684.jpeg\" alt=\"na szczycie babiej g\u00f3ry\" class=\"wp-image-24080\" srcset=\"https:\/\/www.skalnik.pl\/blog\/wp-content\/uploads\/2023\/08\/AdobeStock_274553499-1024x684.jpeg 1024w, https:\/\/www.skalnik.pl\/blog\/wp-content\/uploads\/2023\/08\/AdobeStock_274553499-300x200.jpeg 300w, https:\/\/www.skalnik.pl\/blog\/wp-content\/uploads\/2023\/08\/AdobeStock_274553499-768x513.jpeg 768w, https:\/\/www.skalnik.pl\/blog\/wp-content\/uploads\/2023\/08\/AdobeStock_274553499-1536x1025.jpeg 1536w, https:\/\/www.skalnik.pl\/blog\/wp-content\/uploads\/2023\/08\/AdobeStock_274553499-2048x1367.jpeg 2048w\" sizes=\"auto, (max-width: 1024px) 100vw, 1024px\" \/><figcaption class=\"wp-element-caption\"><em>Babia G\u00f3ra s\u0142ynie z pi\u0119knych wschod\u00f3w i zachod\u00f3w s\u0142o\u0144ca <\/em><\/figcaption><\/figure>\n<\/div>\n\n\n<p>Babia G\u00f3ra to doskona\u0142y punkt widokowy, z kt\u00f3rego mo\u017cesz podziwia\u0107 Tatry, Beskid \u017bywiecki, Oraw\u0119, Beskid \u015al\u0105ski, a tak\u017ce Wielk\u0105 i Ma\u0142\u0105 Fatr\u0119, Wielki Chocz i wiele innych pasm w Polsce i na S\u0142owacji. Zjawiskowe s\u0105 tutejsze wschody i zachody s\u0142o\u0144ca, na kt\u00f3re wybiera si\u0119 wielu turyst\u00f3w. Dobr\u0105 baz\u0105 wypadow\u0105 do takich wycieczek jest schronisko Markowe Szczawiny lub w\u0142a\u015bnie Prze\u0142\u0119cz Krowiarki.<\/p>\n\n\n\n<p>Najwy\u017cszy szczyt Beskid\u00f3w nie bez powod\u00f3w nazywany jest te\u017c Kr\u00f3low\u0105 Niepog\u00f3d. Przygotuj si\u0119 na to, \u017ce na szczycie mo\u017ce mocno wia\u0107, za\u015b latem pogoda potrafi zmieni\u0107 si\u0119 w kilkana\u015bcie minut przechodz\u0105c od pe\u0142nego s\u0142o\u0144ca po burz\u0119 z ulewnym deszczem. Dlatego zawsze wybieraj\u0105c si\u0119 na szczyt kontroluj prognoz\u0119 pogody i zwracaj uwag\u0119 na ostrze\u017cenia przed burzami.<\/p>\n\n\n\n<p class=\"has-white-color has-vivid-cyan-blue-background-color has-text-color has-background\">Babia G\u00f3ra to szczyt Korony G\u00f3r Polski. Wi\u0119cej informacji w tym temacie znajdziesz w artykule -&gt; <strong>Korona G\u00f3r Polski &#8211; Babia G\u00f3ra<\/strong> &lt;-<\/p>\n\n\n\n<h2 class=\"wp-block-heading\"><span class=\"ez-toc-section\" id=\"Na_Pilsko_z_Korbielowa\"><\/span>Na Pilsko z Korbielowa<span class=\"ez-toc-section-end\"><\/span><\/h2>\n\n\n\n<p>Pilsko jest drugim pod wzgl\u0119dem wysoko\u015bci szczytem Beskidu \u017bywieckiego, a jego g\u0142\u00f3wny wierzcho\u0142ek o wysoko\u015bci 1557 m n.p.m. znajduje si\u0119 po stronie s\u0142owackiej. Po polskiej stronie, a w\u0142a\u015bciwie na granicy znajduje si\u0119 kilkana\u015bcie metr\u00f3w ni\u017csza G\u00f3ra Pi\u0119ciu Kopc\u00f3w. Podobnie jak na Babiej G\u00f3rze, tak\u017ce na Pilsku mo\u017cesz ogl\u0105da\u0107 pi\u0119trowy uk\u0142ad ro\u015blinno\u015bci, a jego rozleg\u0142a kopu\u0142a szczytowa poro\u015bni\u0119ta jest kosodrzewin\u0105.<\/p>\n\n\n<div class=\"wp-block-image\">\n<figure class=\"aligncenter size-large\"><img loading=\"lazy\" decoding=\"async\" width=\"1024\" height=\"576\" src=\"https:\/\/www.skalnik.pl\/blog\/wp-content\/uploads\/2023\/08\/nature-6621434_1920-1024x576.jpg\" alt=\"pilsko drugi szczyt beskidu \u017cywieckieg\" class=\"wp-image-24081\" srcset=\"https:\/\/www.skalnik.pl\/blog\/wp-content\/uploads\/2023\/08\/nature-6621434_1920-1024x576.jpg 1024w, https:\/\/www.skalnik.pl\/blog\/wp-content\/uploads\/2023\/08\/nature-6621434_1920-300x169.jpg 300w, https:\/\/www.skalnik.pl\/blog\/wp-content\/uploads\/2023\/08\/nature-6621434_1920-768x432.jpg 768w, https:\/\/www.skalnik.pl\/blog\/wp-content\/uploads\/2023\/08\/nature-6621434_1920-1536x864.jpg 1536w, https:\/\/www.skalnik.pl\/blog\/wp-content\/uploads\/2023\/08\/nature-6621434_1920.jpg 1920w\" sizes=\"auto, (max-width: 1024px) 100vw, 1024px\" \/><figcaption class=\"wp-element-caption\"><em>Z Pilska mo\u017cesz podziwia\u0107 pi\u0119kn\u0105 panoram\u0119 Beskidu \u017bywieckiego z Babi\u0105 G\u00f3r\u0105 (fot. Jerzy G\u00f3recki, Pixabay)<\/em><\/figcaption><\/figure>\n<\/div>\n\n\n<p>Wyj\u015bcie na Pilsko jest do\u015b\u0107 mozolne, ale widoki ze szczytu, a szczeg\u00f3lnie wspania\u0142a panorama z Babi\u0105 G\u00f3r\u0105 wynagrodz\u0105 wysi\u0142ek. Proponuj\u0119 Ci p\u0119tl\u0119 z centrum Korbielowa z odpoczynkiem w schronisku na Hali Miziowej. Trasa przedstawia si\u0119 nast\u0119puj\u0105co: z Korbielowa \u017c\u00f3\u0142tym szlakiem (ok. 5 km, 690 m przewy\u017cszenia, 2h 30 min) do schroniska i nast\u0119pnie dalej \u017c\u00f3\u0142tym szlakiem na szczyt (1,5 km, ok. 30 min). Powr\u00f3t prowadzi tak\u017ce przez schronisko i dalej kombinacj\u0105 szlaku zielonego i czarnego na Prze\u0142\u0119cz Przys\u0142opy, sk\u0105d szlakiem niebieskim zejdziesz z powrotem do centrum Korbielowa. Ca\u0142a trasa ma oko\u0142o 15 km, a jej przej\u015bcie zajmuje ok. 5 h 30 min.<\/p>\n\n\n\n<h2 class=\"wp-block-heading\"><span class=\"ez-toc-section\" id=\"Wokol_Zabnicy\"><\/span>Wok\u00f3\u0142 \u017babnicy<span class=\"ez-toc-section-end\"><\/span><\/h2>\n\n\n\n<p>Je\u015bli chcesz wybra\u0107 si\u0119 na wycieczk\u0119 pi\u0119knymi halami Beskidu \u017bywieckiego, to nie znajdziesz na to lepszego miejsca ni\u017c okolice \u017babnicy. Jest to trasa okr\u0119\u017cna prowadz\u0105ca przez Hal\u0119 Boracz\u0105, Lipowsk\u0105 i Rysiank\u0119 i gwarantuj\u0105ca rewelacyjne widoki na Beskid \u017bywiecki. Podej\u015bcia nie s\u0105 tu a\u017c tak du\u017ce bo z doliny na grzbiet wynosz\u0105 tylko oko\u0142o 300 m. Trasa daje te\u017c mo\u017cliwo\u015b\u0107 skr\u00f3cenia (o czym za chwil\u0119) i znajduj\u0105 si\u0119 na niej a\u017c trzy schroniska. To dobry wariant na w\u0119dr\u00f3wk\u0119 z dzie\u0107mi.<\/p>\n\n\n\n<p>Pocz\u0105tek i koniec trasy znajduje si\u0119 w \u017babnicy-Ska\u0142ce. St\u0105d czarnym szlakiem wyjdziesz do schroniska na Hali Boraczej (ok. 50 min). Dalej kieruj si\u0119 szlakiem zielony, czarnym i \u017c\u00f3\u0142tym przez Redykalny Wierch, Boraczy Wierch do schroniska na Hal\u0119 Lipowsk\u0105 (ok. 2h). St\u0105d tylko 15 min dzieli Ci\u0119 od schroniska na Hali Rysiance. W tym miejscu musisz dokona\u0107 wyboru. Je\u015bli chcesz wr\u00f3ci\u0107 do \u017babnicy wybierz zielony szlak, kt\u00f3rym zejdziesz w oko\u0142o dwie godziny do parkingu i przystanku autobusowego w \u017babnicy-Ska\u0142ce. Mo\u017cesz te\u017c ruszy\u0107 dalej szlakiem czerwonym przez kolejne Hale: Pawlusi\u0105 i Wiepszyska do stacji turystycznej S\u0142owianka (ok. 2h 30 min). St\u0105d czarnym szlakiem wr\u00f3cisz w oko\u0142o 50 min do \u017babnicy-Ska\u0142ki.<\/p>\n\n\n\n<h2 class=\"wp-block-heading\"><span class=\"ez-toc-section\" id=\"Na_Wielka_Racze_i_Rycerzowa_Wielka\"><\/span>Na Wielk\u0105 Racz\u0119 i Rycerzow\u0105 Wielk\u0105<span class=\"ez-toc-section-end\"><\/span><\/h2>\n\n\n\n<p>Musz\u0119 od razu powiedzie\u0107, \u017ce to jedna z moich ulubionych tras w Beskidzie \u017bywieckim. Jest te\u017c do\u015b\u0107 d\u0142uga, bo z Rycerki do Sobl\u00f3wki przez Wielk\u0105 Racz\u0119 i Rycerzow\u0105 Wielk\u0105 idzie si\u0119 oko\u0142o 8 h pokonuj\u0105c 25 km i ponad 1100 m przewy\u017csze\u0144. W\u0119dr\u00f3wka jest bardzo urozmaicona, widoki przepi\u0119kne. Przy dobrej pogodzie \u015bwietnie wida\u0107 st\u0105d Tatry oraz s\u0142owackie Fatry i Chocz. A tak\u017ce malownicz\u0105 panoram\u0119 polskich Beskid\u00f3w. W\u0119druje si\u0119 cz\u0119\u015bciowo lasem, cz\u0119\u015bciowo za\u015b ods\u0142oni\u0119tymi halami. Na trasie znajduj\u0105 si\u0119 dwa schroniska: schronisko na Wielkiej Raczy i Bac\u00f3wka na Rycerzowej. Oczywi\u015bcie tras\u0119 t\u0119 mo\u017cna przej\u015b\u0107 te\u017c w odwrotn\u0105 stron\u0119. Polecam Ci bardzo nocleg na Wielkiej Raczy, bo poranny i wieczorny widok st\u0105d jest niesamowity!<\/p>\n\n\n\n<p>Ca\u0142a trasa prezentuje si\u0119 nast\u0119puj\u0105co: Rycerka G\u00f3rna Kolonia \u2013 schronisko na Wielkiej Raczy (szlak \u017c\u00f3\u0142ty) \u2013 dalej czerwonym szlakiem (nie jest to GSB) przez Prze\u0142\u0119cz Przegibek do Bac\u00f3wki na Rycerzowej \u2013 zej\u015bcie szlakiem \u017c\u00f3\u0142tym do Sobl\u00f3wki.<\/p>\n\n\n<div class=\"wp-block-image\">\n<figure class=\"aligncenter size-full\"><img loading=\"lazy\" decoding=\"async\" width=\"1024\" height=\"681\" src=\"https:\/\/www.skalnik.pl\/blog\/wp-content\/uploads\/2023\/09\/janusz-maniak-beskid-zywiecki-unsplash.jpg\" alt=\"beskid \u017cywiecki \" class=\"wp-image-24161\" srcset=\"https:\/\/www.skalnik.pl\/blog\/wp-content\/uploads\/2023\/09\/janusz-maniak-beskid-zywiecki-unsplash.jpg 1024w, https:\/\/www.skalnik.pl\/blog\/wp-content\/uploads\/2023\/09\/janusz-maniak-beskid-zywiecki-unsplash-300x200.jpg 300w, https:\/\/www.skalnik.pl\/blog\/wp-content\/uploads\/2023\/09\/janusz-maniak-beskid-zywiecki-unsplash-768x511.jpg 768w\" sizes=\"auto, (max-width: 1024px) 100vw, 1024px\" \/><figcaption class=\"wp-element-caption\"><em>W okolicach Bac\u00f3wki PTTK na Rycerzowej. (fot. Janusz Maniak, Unsplash)<\/em><\/figcaption><\/figure>\n<\/div>\n\n\n<p>Tras\u0119 mo\u017cna skr\u00f3ci\u0107 schodz\u0105c na Prze\u0142\u0119czy Przegibek do schroniska na Przegibku i st\u0105d wracaj\u0105c do Rycerki G\u00f3rnej Kolonii. W\u00f3wczas trasa ta b\u0119dzie mie\u0107 ok. 21 km i jej pokonanie zajmie 6 h 30 min.<\/p>\n\n\n\n<hr class=\"wp-block-separator has-alpha-channel-opacity is-style-dots\"\/>\n\n\n\n<p>Beskid \u017bywiecki jest kopalni\u0105 pomys\u0142\u00f3w na wspania\u0142e i niezwykle widokowe trasy trekkingowe. Moje zestawienie to tylko kilka wybranych, kt\u00f3re moim zdaniem s\u0105 reprezentatywne i pozwalaj\u0105 pozna\u0107 jego najpi\u0119kniejsze i najciekawsze punkty widokowe. Zach\u0119cam Ci\u0119 do samodzielnego si\u0119gni\u0119cia po map\u0119 i szukania tak\u017ce innych tras wycieczek. Na pewno si\u0119 nie zawiedziesz je\u015bli do mojego zestawienia dodasz w\u0142asne propozycje.&nbsp;&nbsp;<\/p>\n\n\n\n<figure class=\"wp-block-image size-full\"><a href=\"https:\/\/www.skalnik.pl\" target=\"_blank\" rel=\"noreferrer noopener\"><img loading=\"lazy\" decoding=\"async\" width=\"1024\" height=\"250\" src=\"https:\/\/www.skalnik.pl\/blog\/wp-content\/uploads\/2023\/05\/Baner-blog_skalnik_1024x250pxA.jpg\" alt=\"\" class=\"wp-image-23052\" srcset=\"https:\/\/www.skalnik.pl\/blog\/wp-content\/uploads\/2023\/05\/Baner-blog_skalnik_1024x250pxA.jpg 1024w, https:\/\/www.skalnik.pl\/blog\/wp-content\/uploads\/2023\/05\/Baner-blog_skalnik_1024x250pxA-300x73.jpg 300w, https:\/\/www.skalnik.pl\/blog\/wp-content\/uploads\/2023\/05\/Baner-blog_skalnik_1024x250pxA-768x188.jpg 768w\" sizes=\"auto, (max-width: 1024px) 100vw, 1024px\" \/><\/a><\/figure>\n","protected":false},"excerpt":{"rendered":"<p>Wybierasz si\u0119 w Beskid \u017bywiecki? Tych tras nie mo\u017cesz pomin\u0105\u0107! <\/p>\n","protected":false},"author":41,"featured_media":24077,"comment_status":"closed","ping_status":"closed","sticky":false,"template":"","format":"standard","meta":{"_acf_changed":false,"footnotes":""},"categories":[84],"tags":[313],"magento_category":[],"magento_product":[],"class_list":["post-24075","post","type-post","status-publish","format-standard","has-post-thumbnail","hentry","category-pasja","tag-beskidy"],"acf":[],"aioseo_notices":[],"aioseo_head":"\n\t\t<!-- All in One SEO 4.9.10 - aioseo.com -->\n\t<meta name=\"description\" content=\"Beskid \u017bywiecki to najwy\u017csza cz\u0119\u015b\u0107 Beskid\u00f3w w Polsce. S\u0142ynie te\u017c z pi\u0119knych widok\u00f3w i zr\u00f3\u017cnicowanych szlak\u00f3w. Poznaj najciekawsze trasy w Beskidzie \u017bywieckim.\" \/>\n\t<meta name=\"robots\" content=\"max-image-preview:large\" \/>\n\t<meta name=\"author\" content=\"Anna \u015aliwa\"\/>\n\t<link rel=\"canonical\" href=\"https:\/\/www.skalnik.pl\/blog\/beskid-zywiecki-najciekawsze-szlaki\/\" \/>\n\t<meta name=\"generator\" content=\"All in One SEO (AIOSEO) 4.9.10\" \/>\n\t\t<meta property=\"og:locale\" content=\"pl_PL\" \/>\n\t\t<meta property=\"og:site_name\" content=\"blog Skalnik - Blog, porady, artyku\u0142y - blog Skalnik\" \/>\n\t\t<meta property=\"og:type\" content=\"article\" \/>\n\t\t<meta property=\"og:title\" content=\"Beskid \u017bywiecki \u2013 najciekawsze szlaki - blog Skalnik\" \/>\n\t\t<meta property=\"og:description\" content=\"Beskid \u017bywiecki to najwy\u017csza cz\u0119\u015b\u0107 Beskid\u00f3w w Polsce. S\u0142ynie te\u017c z pi\u0119knych widok\u00f3w i zr\u00f3\u017cnicowanych szlak\u00f3w. Poznaj najciekawsze trasy w Beskidzie \u017bywieckim.\" \/>\n\t\t<meta property=\"og:url\" content=\"https:\/\/www.skalnik.pl\/blog\/beskid-zywiecki-najciekawsze-szlaki\/\" \/>\n\t\t<meta property=\"og:image\" content=\"https:\/\/www.skalnik.pl\/blog\/wp-content\/uploads\/2023\/08\/nature-6617930_1920.jpg\" \/>\n\t\t<meta property=\"og:image:secure_url\" content=\"https:\/\/www.skalnik.pl\/blog\/wp-content\/uploads\/2023\/08\/nature-6617930_1920.jpg\" \/>\n\t\t<meta property=\"og:image:width\" content=\"1920\" \/>\n\t\t<meta property=\"og:image:height\" content=\"1134\" \/>\n\t\t<meta property=\"article:tag\" content=\"pasja\" \/>\n\t\t<meta property=\"article:tag\" content=\"beskidy\" \/>\n\t\t<meta property=\"article:published_time\" content=\"2023-09-04T09:45:40+00:00\" \/>\n\t\t<meta property=\"article:modified_time\" content=\"2024-03-04T06:16:36+00:00\" \/>\n\t\t<meta name=\"twitter:card\" content=\"summary_large_image\" \/>\n\t\t<meta name=\"twitter:title\" content=\"Beskid \u017bywiecki \u2013 najciekawsze szlaki - blog Skalnik\" \/>\n\t\t<meta name=\"twitter:description\" content=\"Beskid \u017bywiecki to najwy\u017csza cz\u0119\u015b\u0107 Beskid\u00f3w w Polsce. S\u0142ynie te\u017c z pi\u0119knych widok\u00f3w i zr\u00f3\u017cnicowanych szlak\u00f3w. Poznaj najciekawsze trasy w Beskidzie \u017bywieckim.\" \/>\n\t\t<meta name=\"twitter:image\" content=\"https:\/\/www.skalnik.pl\/blog\/wp-content\/uploads\/2023\/08\/nature-6617930_1920.jpg\" \/>\n\t\t<script type=\"application\/ld+json\" class=\"aioseo-schema\">\n\t\t\t{\"@context\":\"https:\\\/\\\/schema.org\",\"@graph\":[{\"@type\":\"BlogPosting\",\"@id\":\"https:\\\/\\\/www.skalnik.pl\\\/blog\\\/beskid-zywiecki-najciekawsze-szlaki\\\/#blogposting\",\"name\":\"Beskid \\u017bywiecki \\u2013 najciekawsze szlaki - blog Skalnik\",\"headline\":\"Beskid \\u017bywiecki &#8211; najciekawsze szlaki\",\"author\":{\"@id\":\"https:\\\/\\\/www.skalnik.pl\\\/blog\\\/author\\\/anna-sliwa\\\/#author\"},\"publisher\":{\"@id\":\"https:\\\/\\\/www.skalnik.pl\\\/blog\\\/#organization\"},\"image\":{\"@type\":\"ImageObject\",\"url\":\"https:\\\/\\\/www.skalnik.pl\\\/blog\\\/wp-content\\\/uploads\\\/2023\\\/08\\\/mountains-6945192_1920.jpg\",\"width\":1920,\"height\":706},\"datePublished\":\"2023-09-04T11:45:40+02:00\",\"dateModified\":\"2024-03-04T08:16:36+02:00\",\"inLanguage\":\"pl-PL\",\"mainEntityOfPage\":{\"@id\":\"https:\\\/\\\/www.skalnik.pl\\\/blog\\\/beskid-zywiecki-najciekawsze-szlaki\\\/#webpage\"},\"isPartOf\":{\"@id\":\"https:\\\/\\\/www.skalnik.pl\\\/blog\\\/beskid-zywiecki-najciekawsze-szlaki\\\/#webpage\"},\"articleSection\":\"Pasja, Beskidy\"},{\"@type\":\"BreadcrumbList\",\"@id\":\"https:\\\/\\\/www.skalnik.pl\\\/blog\\\/beskid-zywiecki-najciekawsze-szlaki\\\/#breadcrumblist\",\"itemListElement\":[{\"@type\":\"ListItem\",\"@id\":\"https:\\\/\\\/www.skalnik.pl\\\/blog#listItem\",\"position\":1,\"name\":\"Home\",\"item\":\"https:\\\/\\\/www.skalnik.pl\\\/blog\",\"nextItem\":{\"@type\":\"ListItem\",\"@id\":\"https:\\\/\\\/www.skalnik.pl\\\/blog\\\/.\\\/pasja\\\/#listItem\",\"name\":\"Pasja\"}},{\"@type\":\"ListItem\",\"@id\":\"https:\\\/\\\/www.skalnik.pl\\\/blog\\\/.\\\/pasja\\\/#listItem\",\"position\":2,\"name\":\"Pasja\",\"item\":\"https:\\\/\\\/www.skalnik.pl\\\/blog\\\/.\\\/pasja\\\/\",\"nextItem\":{\"@type\":\"ListItem\",\"@id\":\"https:\\\/\\\/www.skalnik.pl\\\/blog\\\/beskid-zywiecki-najciekawsze-szlaki\\\/#listItem\",\"name\":\"Beskid \\u017bywiecki &#8211; najciekawsze szlaki\"},\"previousItem\":{\"@type\":\"ListItem\",\"@id\":\"https:\\\/\\\/www.skalnik.pl\\\/blog#listItem\",\"name\":\"Home\"}},{\"@type\":\"ListItem\",\"@id\":\"https:\\\/\\\/www.skalnik.pl\\\/blog\\\/beskid-zywiecki-najciekawsze-szlaki\\\/#listItem\",\"position\":3,\"name\":\"Beskid \\u017bywiecki &#8211; najciekawsze szlaki\",\"previousItem\":{\"@type\":\"ListItem\",\"@id\":\"https:\\\/\\\/www.skalnik.pl\\\/blog\\\/.\\\/pasja\\\/#listItem\",\"name\":\"Pasja\"}}]},{\"@type\":\"Organization\",\"@id\":\"https:\\\/\\\/www.skalnik.pl\\\/blog\\\/#organization\",\"name\":\"blog Skalnik\",\"description\":\"Blog, porady, artyku\\u0142y - blog Skalnik\",\"url\":\"https:\\\/\\\/www.skalnik.pl\\\/blog\\\/\"},{\"@type\":\"Person\",\"@id\":\"https:\\\/\\\/www.skalnik.pl\\\/blog\\\/author\\\/anna-sliwa\\\/#author\",\"url\":\"https:\\\/\\\/www.skalnik.pl\\\/blog\\\/author\\\/anna-sliwa\\\/\",\"name\":\"Anna \\u015aliwa\",\"image\":{\"@type\":\"ImageObject\",\"@id\":\"https:\\\/\\\/www.skalnik.pl\\\/blog\\\/beskid-zywiecki-najciekawsze-szlaki\\\/#authorImage\",\"url\":\"https:\\\/\\\/secure.gravatar.com\\\/avatar\\\/e8300be3de710e2e109e5dfbf092dcf827242ec8071807a1e13f6b3f7c9bbd79?s=96&d=mm&r=g\",\"width\":96,\"height\":96,\"caption\":\"Anna \\u015aliwa\"}},{\"@type\":\"WebPage\",\"@id\":\"https:\\\/\\\/www.skalnik.pl\\\/blog\\\/beskid-zywiecki-najciekawsze-szlaki\\\/#webpage\",\"url\":\"https:\\\/\\\/www.skalnik.pl\\\/blog\\\/beskid-zywiecki-najciekawsze-szlaki\\\/\",\"name\":\"Beskid \\u017bywiecki \\u2013 najciekawsze szlaki - blog Skalnik\",\"description\":\"Beskid \\u017bywiecki to najwy\\u017csza cz\\u0119\\u015b\\u0107 Beskid\\u00f3w w Polsce. S\\u0142ynie te\\u017c z pi\\u0119knych widok\\u00f3w i zr\\u00f3\\u017cnicowanych szlak\\u00f3w. Poznaj najciekawsze trasy w Beskidzie \\u017bywieckim.\",\"inLanguage\":\"pl-PL\",\"isPartOf\":{\"@id\":\"https:\\\/\\\/www.skalnik.pl\\\/blog\\\/#website\"},\"breadcrumb\":{\"@id\":\"https:\\\/\\\/www.skalnik.pl\\\/blog\\\/beskid-zywiecki-najciekawsze-szlaki\\\/#breadcrumblist\"},\"author\":{\"@id\":\"https:\\\/\\\/www.skalnik.pl\\\/blog\\\/author\\\/anna-sliwa\\\/#author\"},\"creator\":{\"@id\":\"https:\\\/\\\/www.skalnik.pl\\\/blog\\\/author\\\/anna-sliwa\\\/#author\"},\"image\":{\"@type\":\"ImageObject\",\"url\":\"https:\\\/\\\/www.skalnik.pl\\\/blog\\\/wp-content\\\/uploads\\\/2023\\\/08\\\/mountains-6945192_1920.jpg\",\"@id\":\"https:\\\/\\\/www.skalnik.pl\\\/blog\\\/beskid-zywiecki-najciekawsze-szlaki\\\/#mainImage\",\"width\":1920,\"height\":706},\"primaryImageOfPage\":{\"@id\":\"https:\\\/\\\/www.skalnik.pl\\\/blog\\\/beskid-zywiecki-najciekawsze-szlaki\\\/#mainImage\"},\"datePublished\":\"2023-09-04T11:45:40+02:00\",\"dateModified\":\"2024-03-04T08:16:36+02:00\"},{\"@type\":\"WebSite\",\"@id\":\"https:\\\/\\\/www.skalnik.pl\\\/blog\\\/#website\",\"url\":\"https:\\\/\\\/www.skalnik.pl\\\/blog\\\/\",\"name\":\"blog Skalnik\",\"description\":\"Blog, porady, artyku\\u0142y - blog Skalnik\",\"inLanguage\":\"pl-PL\",\"publisher\":{\"@id\":\"https:\\\/\\\/www.skalnik.pl\\\/blog\\\/#organization\"}}]}\n\t\t<\/script>\n\t\t<!-- All in One SEO -->\n\n","aioseo_head_json":{"title":"Beskid \u017bywiecki \u2013 najciekawsze szlaki - blog Skalnik","description":"Beskid \u017bywiecki to najwy\u017csza cz\u0119\u015b\u0107 Beskid\u00f3w w Polsce. S\u0142ynie te\u017c z pi\u0119knych widok\u00f3w i zr\u00f3\u017cnicowanych szlak\u00f3w. Poznaj najciekawsze trasy w Beskidzie \u017bywieckim.","canonical_url":"https:\/\/www.skalnik.pl\/blog\/beskid-zywiecki-najciekawsze-szlaki\/","robots":"max-image-preview:large","keywords":"","webmasterTools":{"miscellaneous":""},"schema":{"@context":"https:\/\/schema.org","@graph":[{"@type":"BlogPosting","@id":"https:\/\/www.skalnik.pl\/blog\/beskid-zywiecki-najciekawsze-szlaki\/#blogposting","name":"Beskid \u017bywiecki \u2013 najciekawsze szlaki - blog Skalnik","headline":"Beskid \u017bywiecki &#8211; najciekawsze szlaki","author":{"@id":"https:\/\/www.skalnik.pl\/blog\/author\/anna-sliwa\/#author"},"publisher":{"@id":"https:\/\/www.skalnik.pl\/blog\/#organization"},"image":{"@type":"ImageObject","url":"https:\/\/www.skalnik.pl\/blog\/wp-content\/uploads\/2023\/08\/mountains-6945192_1920.jpg","width":1920,"height":706},"datePublished":"2023-09-04T11:45:40+02:00","dateModified":"2024-03-04T08:16:36+02:00","inLanguage":"pl-PL","mainEntityOfPage":{"@id":"https:\/\/www.skalnik.pl\/blog\/beskid-zywiecki-najciekawsze-szlaki\/#webpage"},"isPartOf":{"@id":"https:\/\/www.skalnik.pl\/blog\/beskid-zywiecki-najciekawsze-szlaki\/#webpage"},"articleSection":"Pasja, Beskidy"},{"@type":"BreadcrumbList","@id":"https:\/\/www.skalnik.pl\/blog\/beskid-zywiecki-najciekawsze-szlaki\/#breadcrumblist","itemListElement":[{"@type":"ListItem","@id":"https:\/\/www.skalnik.pl\/blog#listItem","position":1,"name":"Home","item":"https:\/\/www.skalnik.pl\/blog","nextItem":{"@type":"ListItem","@id":"https:\/\/www.skalnik.pl\/blog\/.\/pasja\/#listItem","name":"Pasja"}},{"@type":"ListItem","@id":"https:\/\/www.skalnik.pl\/blog\/.\/pasja\/#listItem","position":2,"name":"Pasja","item":"https:\/\/www.skalnik.pl\/blog\/.\/pasja\/","nextItem":{"@type":"ListItem","@id":"https:\/\/www.skalnik.pl\/blog\/beskid-zywiecki-najciekawsze-szlaki\/#listItem","name":"Beskid \u017bywiecki &#8211; najciekawsze szlaki"},"previousItem":{"@type":"ListItem","@id":"https:\/\/www.skalnik.pl\/blog#listItem","name":"Home"}},{"@type":"ListItem","@id":"https:\/\/www.skalnik.pl\/blog\/beskid-zywiecki-najciekawsze-szlaki\/#listItem","position":3,"name":"Beskid \u017bywiecki &#8211; najciekawsze szlaki","previousItem":{"@type":"ListItem","@id":"https:\/\/www.skalnik.pl\/blog\/.\/pasja\/#listItem","name":"Pasja"}}]},{"@type":"Organization","@id":"https:\/\/www.skalnik.pl\/blog\/#organization","name":"blog Skalnik","description":"Blog, porady, artyku\u0142y - blog Skalnik","url":"https:\/\/www.skalnik.pl\/blog\/"},{"@type":"Person","@id":"https:\/\/www.skalnik.pl\/blog\/author\/anna-sliwa\/#author","url":"https:\/\/www.skalnik.pl\/blog\/author\/anna-sliwa\/","name":"Anna \u015aliwa","image":{"@type":"ImageObject","@id":"https:\/\/www.skalnik.pl\/blog\/beskid-zywiecki-najciekawsze-szlaki\/#authorImage","url":"https:\/\/secure.gravatar.com\/avatar\/e8300be3de710e2e109e5dfbf092dcf827242ec8071807a1e13f6b3f7c9bbd79?s=96&d=mm&r=g","width":96,"height":96,"caption":"Anna \u015aliwa"}},{"@type":"WebPage","@id":"https:\/\/www.skalnik.pl\/blog\/beskid-zywiecki-najciekawsze-szlaki\/#webpage","url":"https:\/\/www.skalnik.pl\/blog\/beskid-zywiecki-najciekawsze-szlaki\/","name":"Beskid \u017bywiecki \u2013 najciekawsze szlaki - blog Skalnik","description":"Beskid \u017bywiecki to najwy\u017csza cz\u0119\u015b\u0107 Beskid\u00f3w w Polsce. S\u0142ynie te\u017c z pi\u0119knych widok\u00f3w i zr\u00f3\u017cnicowanych szlak\u00f3w. Poznaj najciekawsze trasy w Beskidzie \u017bywieckim.","inLanguage":"pl-PL","isPartOf":{"@id":"https:\/\/www.skalnik.pl\/blog\/#website"},"breadcrumb":{"@id":"https:\/\/www.skalnik.pl\/blog\/beskid-zywiecki-najciekawsze-szlaki\/#breadcrumblist"},"author":{"@id":"https:\/\/www.skalnik.pl\/blog\/author\/anna-sliwa\/#author"},"creator":{"@id":"https:\/\/www.skalnik.pl\/blog\/author\/anna-sliwa\/#author"},"image":{"@type":"ImageObject","url":"https:\/\/www.skalnik.pl\/blog\/wp-content\/uploads\/2023\/08\/mountains-6945192_1920.jpg","@id":"https:\/\/www.skalnik.pl\/blog\/beskid-zywiecki-najciekawsze-szlaki\/#mainImage","width":1920,"height":706},"primaryImageOfPage":{"@id":"https:\/\/www.skalnik.pl\/blog\/beskid-zywiecki-najciekawsze-szlaki\/#mainImage"},"datePublished":"2023-09-04T11:45:40+02:00","dateModified":"2024-03-04T08:16:36+02:00"},{"@type":"WebSite","@id":"https:\/\/www.skalnik.pl\/blog\/#website","url":"https:\/\/www.skalnik.pl\/blog\/","name":"blog Skalnik","description":"Blog, porady, artyku\u0142y - blog Skalnik","inLanguage":"pl-PL","publisher":{"@id":"https:\/\/www.skalnik.pl\/blog\/#organization"}}]},"og:locale":"pl_PL","og:site_name":"blog Skalnik - Blog, porady, artyku\u0142y - blog Skalnik","og:type":"article","og:title":"Beskid \u017bywiecki \u2013 najciekawsze szlaki - blog Skalnik","og:description":"Beskid \u017bywiecki to najwy\u017csza cz\u0119\u015b\u0107 Beskid\u00f3w w Polsce. S\u0142ynie te\u017c z pi\u0119knych widok\u00f3w i zr\u00f3\u017cnicowanych szlak\u00f3w. Poznaj najciekawsze trasy w Beskidzie \u017bywieckim.","og:url":"https:\/\/www.skalnik.pl\/blog\/beskid-zywiecki-najciekawsze-szlaki\/","og:image":"https:\/\/www.skalnik.pl\/blog\/wp-content\/uploads\/2023\/08\/nature-6617930_1920.jpg","og:image:secure_url":"https:\/\/www.skalnik.pl\/blog\/wp-content\/uploads\/2023\/08\/nature-6617930_1920.jpg","og:image:width":1920,"og:image:height":1134,"article:tag":["pasja","beskidy"],"article:published_time":"2023-09-04T09:45:40+00:00","article:modified_time":"2024-03-04T06:16:36+00:00","twitter:card":"summary_large_image","twitter:title":"Beskid \u017bywiecki \u2013 najciekawsze szlaki - blog Skalnik","twitter:description":"Beskid \u017bywiecki to najwy\u017csza cz\u0119\u015b\u0107 Beskid\u00f3w w Polsce. S\u0142ynie te\u017c z pi\u0119knych widok\u00f3w i zr\u00f3\u017cnicowanych szlak\u00f3w. Poznaj najciekawsze trasy w Beskidzie \u017bywieckim.","twitter:image":"https:\/\/www.skalnik.pl\/blog\/wp-content\/uploads\/2023\/08\/nature-6617930_1920.jpg"},"aioseo_meta_data":{"post_id":"24075","title":null,"description":"Beskid \u017bywiecki to najwy\u017csza cz\u0119\u015b\u0107 Beskid\u00f3w w Polsce. S\u0142ynie te\u017c z pi\u0119knych widok\u00f3w i zr\u00f3\u017cnicowanych szlak\u00f3w. Poznaj najciekawsze trasy w Beskidzie \u017bywieckim.","keywords":[],"keyphrases":{"focus":{"keyphrase":"Beskid \u017bywiecki ","score":100,"analysis":{"keyphraseInTitle":{"score":9,"maxScore":9,"error":0},"keyphraseInDescription":{"score":9,"maxScore":9,"error":0},"keyphraseLength":{"score":9,"maxScore":9,"error":0,"length":2},"keyphraseInURL":{"score":5,"maxScore":5,"error":0},"keyphraseInIntroduction":{"score":9,"maxScore":9,"error":0},"keyphraseInSubHeadings":{"score":9,"maxScore":9,"error":0},"keyphraseInImageAlt":{"score":9,"maxScore":9,"error":0}}},"additional":[]},"primary_term":null,"canonical_url":null,"og_title":null,"og_description":null,"og_object_type":"default","og_image_type":"default","og_image_url":null,"og_image_width":null,"og_image_height":null,"og_image_custom_url":null,"og_image_custom_fields":null,"og_video":"","og_custom_url":null,"og_article_section":null,"og_article_tags":[],"twitter_use_og":false,"twitter_card":"default","twitter_image_type":"default","twitter_image_url":null,"twitter_image_custom_url":null,"twitter_image_custom_fields":null,"twitter_title":null,"twitter_description":null,"schema":{"blockGraphs":[],"customGraphs":[],"default":{"data":{"Article":[],"Course":[],"Dataset":[],"FAQPage":[],"Movie":[],"Person":[],"Product":[],"ProductReview":[],"Car":[],"Recipe":[],"Service":[],"SoftwareApplication":[],"WebPage":[]},"graphName":"","isEnabled":true},"graphs":[]},"schema_type":"default","schema_type_options":null,"pillar_content":false,"robots_default":true,"robots_noindex":false,"robots_noarchive":false,"robots_nosnippet":false,"robots_nofollow":false,"robots_noimageindex":false,"robots_noodp":false,"robots_notranslate":false,"robots_max_snippet":"-1","robots_max_videopreview":"-1","robots_max_imagepreview":"large","priority":null,"frequency":"default","local_seo":null,"breadcrumb_settings":null,"limit_modified_date":false,"ai":null,"created":"2023-08-29 05:46:42","updated":"2026-02-17 22:43:28","seo_analyzer_scan_date":null},"aioseo_breadcrumb":"<div class=\"aioseo-breadcrumbs\"><span class=\"aioseo-breadcrumb\">\n\t\t\t<a href=\"https:\/\/www.skalnik.pl\/blog\" title=\"Home\">Home<\/a>\n\t\t<\/span><span class=\"aioseo-breadcrumb-separator\">&raquo;<\/span><span class=\"aioseo-breadcrumb\">\n\t\t\t<a href=\"https:\/\/www.skalnik.pl\/blog\/.\/pasja\/\" title=\"Pasja\">Pasja<\/a>\n\t\t<\/span><span class=\"aioseo-breadcrumb-separator\">&raquo;<\/span><span class=\"aioseo-breadcrumb\">\n\t\t\tBeskid \u017bywiecki \u2013 najciekawsze szlaki\n\t\t<\/span><\/div>","aioseo_breadcrumb_json":[{"label":"Home","link":"https:\/\/www.skalnik.pl\/blog"},{"label":"Pasja","link":"https:\/\/www.skalnik.pl\/blog\/.\/pasja\/"},{"label":"Beskid \u017bywiecki &#8211; najciekawsze szlaki","link":"https:\/\/www.skalnik.pl\/blog\/beskid-zywiecki-najciekawsze-szlaki\/"}],"_links":{"self":[{"href":"https:\/\/www.skalnik.pl\/blog\/wp-json\/wp\/v2\/posts\/24075","targetHints":{"allow":["GET"]}}],"collection":[{"href":"https:\/\/www.skalnik.pl\/blog\/wp-json\/wp\/v2\/posts"}],"about":[{"href":"https:\/\/www.skalnik.pl\/blog\/wp-json\/wp\/v2\/types\/post"}],"author":[{"embeddable":true,"href":"https:\/\/www.skalnik.pl\/blog\/wp-json\/wp\/v2\/users\/41"}],"replies":[{"embeddable":true,"href":"https:\/\/www.skalnik.pl\/blog\/wp-json\/wp\/v2\/comments?post=24075"}],"version-history":[{"count":3,"href":"https:\/\/www.skalnik.pl\/blog\/wp-json\/wp\/v2\/posts\/24075\/revisions"}],"predecessor-version":[{"id":25804,"href":"https:\/\/www.skalnik.pl\/blog\/wp-json\/wp\/v2\/posts\/24075\/revisions\/25804"}],"wp:featuredmedia":[{"embeddable":true,"href":"https:\/\/www.skalnik.pl\/blog\/wp-json\/wp\/v2\/media\/24077"}],"wp:attachment":[{"href":"https:\/\/www.skalnik.pl\/blog\/wp-json\/wp\/v2\/media?parent=24075"}],"wp:term":[{"taxonomy":"category","embeddable":true,"href":"https:\/\/www.skalnik.pl\/blog\/wp-json\/wp\/v2\/categories?post=24075"},{"taxonomy":"post_tag","embeddable":true,"href":"https:\/\/www.skalnik.pl\/blog\/wp-json\/wp\/v2\/tags?post=24075"},{"taxonomy":"magento_category","embeddable":true,"href":"https:\/\/www.skalnik.pl\/blog\/wp-json\/wp\/v2\/magento_category?post=24075"},{"taxonomy":"magento_product","embeddable":true,"href":"https:\/\/www.skalnik.pl\/blog\/wp-json\/wp\/v2\/magento_product?post=24075"}],"curies":[{"name":"wp","href":"https:\/\/api.w.org\/{rel}","templated":true}]}}