{"id":24202,"date":"2023-09-14T12:09:29","date_gmt":"2023-09-14T10:09:29","guid":{"rendered":"https:\/\/www.skalnik.pl\/blog\/?p=24202"},"modified":"2023-11-22T13:26:24","modified_gmt":"2023-11-22T11:26:24","slug":"wygodna-i-ciepla-bluza-salewa-sprawdz-dlaczego-warto","status":"publish","type":"post","link":"https:\/\/www.skalnik.pl\/blog\/wygodna-i-ciepla-bluza-salewa-sprawdz-dlaczego-warto\/","title":{"rendered":"Wygodna i ciep\u0142a bluza Salewa. Sprawd\u017a dlaczego warto"},"content":{"rendered":"\n<p><strong>Bluza &#8211; jeden z bardziej uniwersalnych element\u00f3w outdoorowej odzie\u017cy. Mo\u017cesz j\u0105 nosi\u0107 samodzielnie, mo\u017ce by\u0107 te\u017c drug\u0105 warstw\u0105, kt\u00f3ra zapewni komfort cieplny w ch\u0142odniejsze dni. Bluzy m\u0119skie i bluzy damskie \u015bwietnie sprawdzaj\u0105 si\u0119 w\u0142a\u015bciwie przez ca\u0142y rok. Zobacz jakie bluzy damskie i m\u0119skie przygotowa\u0142a marka Salewa w sezonie jesie\u0144-zima 2023. Poznaj ze mn\u0105 ofert\u0119 w\u0142oskiej marki outdoorowej.<\/strong> <strong>Kto wie, by\u0107 mo\u017ce bluza Salewa stanie si\u0119 podstawowym elementem twojego ubioru w g\u00f3ry. <\/strong><\/p>\n\n\n\n<div id=\"ez-toc-container\" class=\"ez-toc-v2_0_85 counter-hierarchy ez-toc-counter ez-toc-light-blue ez-toc-container-direction\">\n<div class=\"ez-toc-title-container\">\n<p class=\"ez-toc-title\" style=\"cursor:inherit\">SPIS TRE\u015aCI <\/p>\n<span class=\"ez-toc-title-toggle\"><a href=\"#\" class=\"ez-toc-pull-right ez-toc-btn ez-toc-btn-xs ez-toc-btn-default ez-toc-toggle\" aria-label=\"Prze\u0142\u0105cznik Spisu Tre\u015bci\"><span class=\"ez-toc-js-icon-con\"><span class=\"\"><span class=\"eztoc-hide\" style=\"display:none;\">Toggle<\/span><span class=\"ez-toc-icon-toggle-span\"><svg style=\"fill: #999;color:#999\" xmlns=\"http:\/\/www.w3.org\/2000\/svg\" class=\"list-377408\" width=\"20px\" height=\"20px\" viewBox=\"0 0 24 24\" fill=\"none\"><path d=\"M6 6H4v2h2V6zm14 0H8v2h12V6zM4 11h2v2H4v-2zm16 0H8v2h12v-2zM4 16h2v2H4v-2zm16 0H8v2h12v-2z\" fill=\"currentColor\"><\/path><\/svg><svg style=\"fill: #999;color:#999\" class=\"arrow-unsorted-368013\" xmlns=\"http:\/\/www.w3.org\/2000\/svg\" width=\"10px\" height=\"10px\" viewBox=\"0 0 24 24\" version=\"1.2\" baseProfile=\"tiny\"><path d=\"M18.2 9.3l-6.2-6.3-6.2 6.3c-.2.2-.3.4-.3.7s.1.5.3.7c.2.2.4.3.7.3h11c.3 0 .5-.1.7-.3.2-.2.3-.5.3-.7s-.1-.5-.3-.7zM5.8 14.7l6.2 6.3 6.2-6.3c.2-.2.3-.5.3-.7s-.1-.5-.3-.7c-.2-.2-.4-.3-.7-.3h-11c-.3 0-.5.1-.7.3-.2.2-.3.5-.3.7s.1.5.3.7z\"\/><\/svg><\/span><\/span><\/span><\/a><\/span><\/div>\n<nav><ul class='ez-toc-list ez-toc-list-level-1 ' ><li class='ez-toc-page-1 ez-toc-heading-level-2'><a class=\"ez-toc-link ez-toc-heading-1\" href=\"https:\/\/www.skalnik.pl\/blog\/wygodna-i-ciepla-bluza-salewa-sprawdz-dlaczego-warto\/#Bluzy_na_chlodne_dni_%E2%80%93_material_na_bluzy\" >Bluzy na ch\u0142odne dni &#8211; materia\u0142 na bluzy<\/a><\/li><li class='ez-toc-page-1 ez-toc-heading-level-2'><a class=\"ez-toc-link ez-toc-heading-2\" href=\"https:\/\/www.skalnik.pl\/blog\/wygodna-i-ciepla-bluza-salewa-sprawdz-dlaczego-warto\/#Bluzy_Salewa_%E2%80%93_doskonaly_wybor_na_trekking\" >Bluzy Salewa &#8211; doskona\u0142y wyb\u00f3r na trekking<\/a><\/li><li class='ez-toc-page-1 ez-toc-heading-level-2'><a class=\"ez-toc-link ez-toc-heading-3\" href=\"https:\/\/www.skalnik.pl\/blog\/wygodna-i-ciepla-bluza-salewa-sprawdz-dlaczego-warto\/#Bluza_Salewa_do_zadan_specjalnych\" >Bluza Salewa do zada\u0144 specjalnych<\/a><\/li><li class='ez-toc-page-1 ez-toc-heading-level-2'><a class=\"ez-toc-link ez-toc-heading-4\" href=\"https:\/\/www.skalnik.pl\/blog\/wygodna-i-ciepla-bluza-salewa-sprawdz-dlaczego-warto\/#Bluzy_na_co_dzien_i_do_lekkich_aktywnosci\" >Bluzy na co dzie\u0144 i do lekkich aktywno\u015bci<\/a><\/li><\/ul><\/nav><\/div>\n<h2 class=\"wp-block-heading\"><span class=\"ez-toc-section\" id=\"Bluzy_na_chlodne_dni_%E2%80%93_material_na_bluzy\"><\/span><strong>Bluzy na ch\u0142odne dni &#8211; materia\u0142 na bluzy<\/strong><span class=\"ez-toc-section-end\"><\/span><\/h2>\n\n\n\n<p>Salewa jest mark\u0105, kt\u00f3ra od lat zapewnia kompleksowe wyposa\u017cenie mi\u0142o\u015bnikom g\u00f3rskiego outdooru. W jej ofercie nie mog\u0142o zabrakn\u0105\u0107 wi\u0119c element\u00f3w takich jak bluza damska i m\u0119ska na przej\u015bciowe i ch\u0142odniejsze pory roku. S\u0105 one przeznaczone do r\u00f3\u017cnych aktywno\u015bci i r\u00f3\u017cni\u0105 si\u0119 krojem oraz materia\u0142em, z kt\u00f3rego zosta\u0142y wykonane. <\/p>\n\n\n\n<p>Projektanci Salewa przede wszystkim pr\u00f3bowali odpowiedzie\u0107 sobie na pytanie jaka powinna by\u0107 idealna bluza damska czy m\u0119ska. Zapewne sam mo\u017cesz domy\u015bli\u0107 si\u0119 kilku jej cech, takich jak:<\/p>\n\n\n\n<ul class=\"wp-block-list\">\n<li>ciep\u0142o i ochrona przed ch\u0142odem<\/li>\n\n\n\n<li>mi\u0119kko\u015b\u0107<\/li>\n\n\n\n<li>zapewnienie swobody ruch\u00f3w<\/li>\n\n\n\n<li>oddychalno\u015b\u0107<\/li>\n<\/ul>\n\n\n\n<p>Znaj\u0105c te cechy dobrano odpowiednie materia\u0142y, z kt\u00f3rych wykonywane s\u0105 bluzy. Salewa samodzielnie opracowuje w\u0142asne tkaniny i dzianiny do produkcji odzie\u017cy. W przypadku bluz najwa\u017cniejsz\u0105 dzianin\u0105 jest <strong>Polarlite<\/strong>. To dzianiny typu fleece, kt\u00f3ra jest mi\u0119kka, przyjemna w dotyku, a przy tym elastyczna. Polarlite dobrze odprowadza wilgo\u0107 i szybko wysycha, zapewnia izolacj\u0119 od ch\u0142odu i ma w\u0142a\u015bciwo\u015bci termiczne. Wsp\u00f3\u0142pracuje te\u017c z innymi warstwami odzie\u017cy zapewniaj\u0105c wysoki komfort termiczny podczas intensywnego ruchu. Dzianina wyst\u0119puje w r\u00f3\u017cnych grubo\u015bciach i jej r\u00f3\u017cne odmiany mog\u0105 r\u00f3\u017cni\u0107 si\u0119 sk\u0142adem by jak najlepiej wpasowa\u0107 si\u0119 w konkretn\u0105 aktywno\u015b\u0107. <\/p>\n\n\n<div class=\"wp-block-image\">\n<figure class=\"aligncenter size-large\"><img loading=\"lazy\" decoding=\"async\" width=\"1024\" height=\"683\" src=\"https:\/\/www.skalnik.pl\/blog\/wp-content\/uploads\/2023\/09\/AM_STL_SALEWA_X-AlpsPreparation-119-min-1024x683.jpg\" alt=\"bluzy salewa \" class=\"wp-image-24206\" srcset=\"https:\/\/www.skalnik.pl\/blog\/wp-content\/uploads\/2023\/09\/AM_STL_SALEWA_X-AlpsPreparation-119-min-1024x683.jpg 1024w, https:\/\/www.skalnik.pl\/blog\/wp-content\/uploads\/2023\/09\/AM_STL_SALEWA_X-AlpsPreparation-119-min-300x200.jpg 300w, https:\/\/www.skalnik.pl\/blog\/wp-content\/uploads\/2023\/09\/AM_STL_SALEWA_X-AlpsPreparation-119-min-768x512.jpg 768w, https:\/\/www.skalnik.pl\/blog\/wp-content\/uploads\/2023\/09\/AM_STL_SALEWA_X-AlpsPreparation-119-min-1536x1024.jpg 1536w, https:\/\/www.skalnik.pl\/blog\/wp-content\/uploads\/2023\/09\/AM_STL_SALEWA_X-AlpsPreparation-119-min-2048x1365.jpg 2048w\" sizes=\"auto, (max-width: 1024px) 100vw, 1024px\" \/><figcaption class=\"wp-element-caption\"><em>Potrzebujesz uniwersalnego elementu odzie\u017cy outdoorowej &#8211; si\u0119gnij po bluz\u0119 (fot. Salewa)<\/em><\/figcaption><\/figure>\n<\/div>\n\n\n<p>Opr\u00f3cz Polarlite do produkcji bluz wykorzystywane s\u0105 te\u017c inne materia\u0142y:<\/p>\n\n\n\n<ul class=\"wp-block-list\">\n<li>Durastretch czyli opracowana przez Salewa podw\u00f3jnie tkana tkaniny softshellowa, kt\u00f3ra odznacza si\u0119 wysok\u0105 oddychalno\u015bci\u0105, elastyczno\u015bci\u0105 i odporno\u015bci\u0105 na wiatr. U\u017cywana jest najcz\u0119\u015bciej w formie wstawek.<\/li>\n\n\n\n<li>Alpine Hemp &#8211; materia\u0142 zawieraj\u0105cy w sk\u0142adzie w\u0142\u00f3kna konopne o w\u0142a\u015bciwo\u015bciach termoregulacyjnych &#8211; powstaj\u0105 z niego g\u0142\u00f3wnie bluzy wspinaczkowe.<\/li>\n\n\n\n<li>Wool Fleece &#8211; dzianina typu &#8222;polar&#8221; wykonana cz\u0119\u015bciowo z we\u0142ny, w tym z we\u0142ny merino. Jest bardzo ciep\u0142a i ma w\u0142a\u015bciwo\u015bci termoregulacyjne.<\/li>\n<\/ul>\n\n\n\n<p>Skoro wiesz ju\u017c z czego szyje Salewa, czas na przedstawienie modeli bluz z jesienno-zimowej kolekcji 2023.<\/p>\n\n\n\n<p class=\"has-white-color has-vivid-cyan-blue-background-color has-text-color has-background\">Kliknij i zobacz wszystkie &#8211;&gt; <strong><a href=\"https:\/\/www.skalnik.pl\/odziez\/odziez-meska\/odziez-meska-bluzy\/marka:salewa\" target=\"_blank\" rel=\"noopener\" title=\"\">bluzy Salewa m\u0119skie<\/a><\/strong>.<\/p>\n\n\n\n<h2 class=\"wp-block-heading\"><span class=\"ez-toc-section\" id=\"Bluzy_Salewa_%E2%80%93_doskonaly_wybor_na_trekking\"><\/span><strong>Bluzy Salewa &#8211; doskona\u0142y wyb\u00f3r na trekking<\/strong><span class=\"ez-toc-section-end\"><\/span><\/h2>\n\n\n\n<p>Salewa to marka zakorzeniona g\u0142\u0119boko w g\u00f3rskiej tradycji outdoorowej. A tak\u017ce we w\u0142oskim designie. Jak pewnie si\u0119 domy\u015blasz z takiego po\u0142\u0105czenia musia\u0142a powsta\u0107 niezwyk\u0142a odzie\u017c outdoorowa. Nowoczesne, funkcjonalne materia\u0142y, kt\u00f3re doskonale sprawdzaj\u0105 si\u0119 na \u015bwie\u017cym powietrzu, prosty kr\u00f3j i fasony, kt\u00f3re s\u0105 zwyczajnie \u0142adne. Taka w\u0142a\u015bnie jest ciep\u0142a bluza damska i m\u0119ska marki Salewa.<\/p>\n\n\n\n<p>Na pocz\u0105tek chc\u0119 Ci przedstawi\u0107 bluzy trekkingowe. Znajdziesz je zar\u00f3wno jako bluz\u0119 damsk\u0105 jak i bluz\u0119 m\u0119sk\u0105. Wszystkie s\u0105 zapinane na suwak i daj\u0105 du\u017c\u0105 swobod\u0119 ruch\u00f3w. Wykonano je w wi\u0119kszo\u015bci z dzianiny Polarlite o r\u00f3\u017cnej grubo\u015bci i sk\u0142adzie, co przek\u0142ada si\u0119 na ich w\u0142a\u015bciwo\u015bci.<\/p>\n\n\n<div class=\"wp-block-image\">\n<figure class=\"aligncenter size-large\"><img loading=\"lazy\" decoding=\"async\" width=\"1024\" height=\"683\" src=\"https:\/\/www.skalnik.pl\/blog\/wp-content\/uploads\/2023\/09\/AM_STL_SALEWA_X-AlpsPreparation-56-min-1024x683.jpg\" alt=\"bluza salewa w g\u00f3ry\" class=\"wp-image-24207\" srcset=\"https:\/\/www.skalnik.pl\/blog\/wp-content\/uploads\/2023\/09\/AM_STL_SALEWA_X-AlpsPreparation-56-min-1024x683.jpg 1024w, https:\/\/www.skalnik.pl\/blog\/wp-content\/uploads\/2023\/09\/AM_STL_SALEWA_X-AlpsPreparation-56-min-300x200.jpg 300w, https:\/\/www.skalnik.pl\/blog\/wp-content\/uploads\/2023\/09\/AM_STL_SALEWA_X-AlpsPreparation-56-min-768x512.jpg 768w, https:\/\/www.skalnik.pl\/blog\/wp-content\/uploads\/2023\/09\/AM_STL_SALEWA_X-AlpsPreparation-56-min-1536x1025.jpg 1536w\" sizes=\"auto, (max-width: 1024px) 100vw, 1024px\" \/><figcaption class=\"wp-element-caption\"><em>Na trekking, speed hiking czy na narty &#8211; bluza Salewa b\u0119dzie idealna! (fot. Salewa)<\/em><\/figcaption><\/figure>\n<\/div>\n\n\n<ul class=\"wp-block-list\">\n<li><strong>Puez PL HD Jacket<\/strong> to dopasowana bluza z kapturem z materia\u0142u Polarlite Grid 260 g\/m2. \u015awietnie oddycha i bardzo szybko wysycha wi\u0119c mo\u017cna jej u\u017cywa\u0107 do intensywnych w\u0119dr\u00f3wek. Specjalny kr\u00f3j r\u0119kaw\u00f3w z klinami pod pachami zapewnia wygod\u0119 i wysok\u0105 mobilno\u015b\u0107. Model ten mo\u017cesz kupi\u0107 tak\u017ce w wersji bez kaptura &#8211; <strong>Puez PL Jacket<\/strong>.<\/li>\n\n\n\n<li><strong>Tognazza PL Jacket<\/strong> to model, w kt\u00f3rym zastosowano bodymapping. Dzi\u0119ki dzianinie Polarlite o dw\u00f3ch grubo\u015bciach uda\u0142o si\u0119 osi\u0105gn\u0105\u0107 r\u00f3wnowag\u0119 mi\u0119dzy oddychalno\u015bci\u0105 i odprowadzaniem wilgoci a ciep\u0142em. Strefy z l\u017cejszego materia\u0142u o gramaturze 250 g\/m2 umieszczone s\u0105 tam, gdzie konieczne jest sprawniejsze odprowadzanie wilgoci. Jest to bluza z kapturem o dopasowanym kroju, kt\u00f3r\u0105 \u0142atwo za\u0142o\u017cy\u0107 pod inne warstwy odzie\u017cy.<\/li>\n\n\n\n<li><strong>Nuovolo PL Jacket <\/strong>jest wyj\u0105tkowo mi\u0119kka i przyjemna w dotyku. Uszyta jest z materia\u0142u Polarlite szczotkowanego z obydwu stron. Daje rewelacyjne w\u0142a\u015bciwo\u015bci termiczne i jednocze\u015bnie zapobiega poceniu si\u0119. Jest to bluza z dopasowanym kapturem.<\/li>\n\n\n\n<li><strong>Rocca 2 PL Fleece<\/strong> to bluza dla zmarzluch\u00f3w. Jest bardzo gruba i ciep\u0142a, a wykonano j\u0105 z materia\u0142u Polarlite Wool Look o gramaturze 280 g\/m2. Jest to bluza bez kaptura, kt\u00f3ra dobrze oddycha i szybko wysycha oraz co wa\u017cne podczas aktywno\u015bci nie kr\u0119puje ruch\u00f3w mimo swojego ciep\u0142a.<\/li>\n\n\n\n<li><strong>Puez 2 Dry HD Jacket <\/strong>to techniczna m\u0119ska bluza z kapturem. To idealny wyb\u00f3r do na intensywny trekking. Uszyto j\u0105 z odznaczaj\u0105cego si\u0119 rewelacyjn\u0105 oddychalno\u015bci\u0105, technicznego materia\u0142u Dryton, kt\u00f3ry \u0142\u0105czy lekko\u015b\u0107 ze sprawnym transportem wilgoci i szybkim wysychaniem. Na ramionach znajduj\u0105 si\u0119 wstawki z lekkiego materia\u0142u softshellowego Durastretch.<\/li>\n<\/ul>\n\n\n\t<div class=\"magento-wrapper\">\n\t\t<ul class=\"products\">\n\t\t\t<li class=\"product\">\n\t\n\t\t<div class=\"image\">\n\t\t\t<a href=\"https:\/\/www.skalnik.pl\/kurtka-tognazza-women-syrah-melange-6080-999329\" target=\"_self\">\n\t\t\t\t\t\t<img\n\t\t\tsrc=\"https:\/\/www.skalnik.pl\/media\/catalog\/product\/k\/u\/kurtka-tognazza-women-syrah-melange-6080-999329_2.jpg\"\n\t\t\talt=\"KURTKA TOGNAZZA WOMEN-SYRAH MELANGE-6080\"\n\t\t\t\t\t\t\t\t\/>\n\t\t\t\t\t<\/a>\n\t\t<\/div>\n\n\t\t\n\t\t<a href=\"https:\/\/www.skalnik.pl\/kurtka-tognazza-women-syrah-melange-6080-999329\" target=\"_self\"><span class=\"name\">KURTKA TOGNAZZA WOMEN-SYRAH MELANGE-6080<\/span><\/a>\t\n\t\n\t\n\t<div class=\"url\"><a class=\"view-details\" href=\"https:\/\/www.skalnik.pl\/kurtka-tognazza-women-syrah-melange-6080-999329\">Zobacz wi\u0119cej <\/a><\/div><\/li>\n<li class=\"product\">\n\t\n\t\t<div class=\"image\">\n\t\t\t<a href=\"https:\/\/www.skalnik.pl\/bluza-rocca-2-pl-full-zip-women-navy-blazer-melange-6080\" target=\"_self\">\n\t\t\t\t\t\t<img\n\t\t\tsrc=\"https:\/\/www.skalnik.pl\/media\/catalog\/product\/d\/_\/d_08.30_130_.jpg\"\n\t\t\talt=\"BLUZA ROCCA 2 PL FULL ZIP WOMEN-NAVY BLAZER MELANGE-6080\"\n\t\t\t\t\t\t\t\t\/>\n\t\t\t\t\t<\/a>\n\t\t<\/div>\n\n\t\t\n\t\t<a href=\"https:\/\/www.skalnik.pl\/bluza-rocca-2-pl-full-zip-women-navy-blazer-melange-6080\" target=\"_self\"><span class=\"name\">BLUZA ROCCA 2 PL FULL ZIP WOMEN-NAVY BLAZER MELANGE-6080<\/span><\/a>\t\n\t\n\t\n\t<div class=\"url\"><a class=\"view-details\" href=\"https:\/\/www.skalnik.pl\/bluza-rocca-2-pl-full-zip-women-navy-blazer-melange-6080\">Zobacz wi\u0119cej <\/a><\/div><\/li>\n<li class=\"product\">\n\t\n\t\t<div class=\"image\">\n\t\t\t<a href=\"https:\/\/www.skalnik.pl\/bluza-puez-pl-hd-yucca-0910-1011121\" target=\"_self\">\n\t\t\t\t\t\t<img\n\t\t\tsrc=\"https:\/\/www.skalnik.pl\/media\/catalog\/product\/b\/l\/bluza-puez-pl-hd-yucca-0910-1011121_2.jpg\"\n\t\t\talt=\"BLUZA PUEZ PL HD-YUCCA-0910\"\n\t\t\t\t\t\t\t\t\/>\n\t\t\t\t\t<\/a>\n\t\t<\/div>\n\n\t\t\n\t\t<a href=\"https:\/\/www.skalnik.pl\/bluza-puez-pl-hd-yucca-0910-1011121\" target=\"_self\"><span class=\"name\">BLUZA PUEZ PL HD-YUCCA-0910<\/span><\/a>\t\n\t\n\t\n\t<div class=\"url\"><a class=\"view-details\" href=\"https:\/\/www.skalnik.pl\/bluza-puez-pl-hd-yucca-0910-1011121\">Zobacz wi\u0119cej <\/a><\/div><\/li>\n\t\t<\/ul>\n\t<\/div>\n\n\n\n\n<h2 class=\"wp-block-heading\"><span class=\"ez-toc-section\" id=\"Bluza_Salewa_do_zadan_specjalnych\"><\/span><strong>Bluza Salewa do zada\u0144 specjalnych<\/strong><span class=\"ez-toc-section-end\"><\/span><\/h2>\n\n\n\n<p>Bluzy to elementy odzie\u017cy, kt\u00f3re sprawdz\u0105 si\u0119 nie tylko w przypadku mi\u0142o\u015bnik\u00f3w w\u0119dr\u00f3wek, ale tak\u017ce bardziej zaawansowanych g\u00f3rskich aktywno\u015bci. Wygoda i ciep\u0142o podczas jazdy na nartach, wspinaczki czy trekkingu wysokog\u00f3rskiego to powody, dla kt\u00f3rych warto mie\u0107 je w swojej garderobie. Zobacz najbardziej zaawansowane technologicznie bluzy damskie i m\u0119skie Salewa.<\/p>\n\n\n\n<ul class=\"wp-block-list\">\n<li><strong>Ortales Merino Jacket<\/strong> zapewnia komfort podczas wyzwa\u0144 narciarskich i trekking\u00f3w wysokog\u00f3rskich. W jej hybrydowej konstrukcji zastosowano bodymapping. To sprawia, \u017ce ciep\u0142o jest najszybciej odprowadzane tam, gdzie jego produkcja jest najwi\u0119ksza, za\u015b miejsca potrzebuj\u0105ce izolacji s\u0105 lepiej chronione. W bluzie zastosowano bardzo ciep\u0142y materia\u0142 Polarlite Wool Cordura z domieszk\u0105 we\u0142ny merino oraz nadzwyczajnie oddychaj\u0105cy softshellowy materia\u0142 Durastretch. Jest to bluza bez kaptura, mi\u0119kka od wewn\u0105trz, o dopasowanym kroju, elastyczna i bardzo wygodna. St\u00f3jka os\u0142ania szyj\u0119, a prz\u00f3d z wiatroodpornego materia\u0142u zapobiega wych\u0142adzaniu. Wysoko umieszczone dwie kieszenie nie koliduj\u0105 z uprz\u0119\u017c\u0105.<\/li>\n\n\n\n<li><strong>Sella Merino HD Jacket<\/strong> to \u015bwietnie oddychaj\u0105ca, ciep\u0142a bluza damska i m\u0119ska zaprojektowana specjalnie dla skiturowc\u00f3w. Jest to model z dopasowanym kapturem i wysok\u0105 st\u00f3jk\u0119, kt\u00f3ra ochroni szyj\u0119 przed wiatrem i ch\u0142odem. Elastyczny materia\u0142 Polarlite Wool Cordura z domieszk\u0105 we\u0142ny merino ma w\u0142a\u015bciwo\u015bci termoregulacyjne, jest ciep\u0142y, a od wewn\u0119trznej strony tak\u017ce mi\u0119kki i zosta\u0142 wyko\u0144czony technologi\u0105 antybakteryjn\u0105 chroni\u0105c\u0105 przed nasi\u0105kaniem nieprzyjemnym zapachem. Ciep\u0142a bluza damska i m\u0119ska tego fasonu jest elastyczna, wygodna i ma dwie zasuwanie kieszenie boczne. Zapinana jest na zamek b\u0142yskawiczny.<\/li>\n<\/ul>\n\n\n<div class=\"wp-block-image\">\n<figure class=\"aligncenter size-large\"><img loading=\"lazy\" decoding=\"async\" width=\"1024\" height=\"683\" src=\"https:\/\/www.skalnik.pl\/blog\/wp-content\/uploads\/2023\/09\/Salewa_02.23_Stefan.Voitl_035-min-1024x683.jpeg\" alt=\"\" class=\"wp-image-24208\" srcset=\"https:\/\/www.skalnik.pl\/blog\/wp-content\/uploads\/2023\/09\/Salewa_02.23_Stefan.Voitl_035-min-1024x683.jpeg 1024w, https:\/\/www.skalnik.pl\/blog\/wp-content\/uploads\/2023\/09\/Salewa_02.23_Stefan.Voitl_035-min-300x200.jpeg 300w, https:\/\/www.skalnik.pl\/blog\/wp-content\/uploads\/2023\/09\/Salewa_02.23_Stefan.Voitl_035-min-768x512.jpeg 768w, https:\/\/www.skalnik.pl\/blog\/wp-content\/uploads\/2023\/09\/Salewa_02.23_Stefan.Voitl_035-min-1536x1024.jpeg 1536w, https:\/\/www.skalnik.pl\/blog\/wp-content\/uploads\/2023\/09\/Salewa_02.23_Stefan.Voitl_035-min-2048x1365.jpeg 2048w\" sizes=\"auto, (max-width: 1024px) 100vw, 1024px\" \/><figcaption class=\"wp-element-caption\"><em>Sella to bluza stworzona na skitury (fot. Salewa)<\/em><\/figcaption><\/figure>\n<\/div>\n\n\n<ul class=\"wp-block-list\">\n<li><strong>Pedroc PL HD Jacket<\/strong> i <strong>Pedroc PL 2 Jacket<\/strong> to dwie bluzy damskie i m\u0119skie do Speed Hikingu. Pierwsza to bluza z kapturem, a druga bez, z nisk\u0105 st\u00f3jk\u0105. Ze wzgl\u0119du na specyfik\u0119 samej aktywno\u015bci jak\u0105 jest Speed Hiking s\u0105 to bluzy lekkie, rewelacyjnie oddychaj\u0105ce i szybkoschnace. Zaprojektowano je z wykorzystaniem bodymappingu, dzi\u0119ki czemu \u015bwietnie dopasowuj\u0105 si\u0119 do w\u0142a\u015bciwo\u015bci ludzkiego cia\u0142a. Bluza Pedroc PL HD ma dopasowany kaptur. Obydwie wyposa\u017cone s\u0105 w zasuwane na zamek b\u0142yskawiczny kieszenie boczne oraz elementy odblaskowe.<\/li>\n\n\n\n<li><strong>Lavaredo Hemp HD Jacket<\/strong> to bluza damska i m\u0119ska zaprojektowana do wspinaczki. Jest to model z kapturem, zasuwany na suwak, z ergonomicznie profilowanymi r\u0119kawami zwi\u0119kszaj\u0105cymi zakres ruchu. Do wykonania bluzy u\u017cyto materia\u0142u Alpine Hemp z wysok\u0105 zawarto\u015bci\u0105 w\u0142\u00f3kien konopnych, kt\u00f3re sprawiaj\u0105, \u017ce ma w\u0142a\u015bciwo\u015bci termoregulacyjne. Konopie zapobiegaj\u0105 te\u017c rozwojowi bakterii i powstawaniu nieprzyjemnego zapachu.<\/li>\n<\/ul>\n\n\n\n<p class=\"has-white-color has-vivid-cyan-blue-background-color has-text-color has-background\">Kliknij w link i poznaj wszystkie &#8211;&gt; <strong><a href=\"https:\/\/www.skalnik.pl\/odziez\/odziez-damska\/odziez-damska-bluzy\/marka:salewa\" target=\"_blank\" rel=\"noopener\" title=\"\">bluzy Salewa damskie<\/a><\/strong>.<\/p>\n\n\n\n<h2 class=\"wp-block-heading\"><span class=\"ez-toc-section\" id=\"Bluzy_na_co_dzien_i_do_lekkich_aktywnosci\"><\/span><strong>Bluzy na co dzie\u0144 i do lekkich aktywno\u015bci<\/strong><span class=\"ez-toc-section-end\"><\/span><\/h2>\n\n\n\n<p>Gdy nadchodz\u0105 ch\u0142odne dni bluza damska lub m\u0119ska jest te\u017c \u015bwietnym elementem codziennych stylizacji. Na co dzie\u0144 i do lekkich aktywno\u015bci marka Salewa przygotowa\u0142a lini\u0119 Alpine Life, w sk\u0142ad kt\u00f3rej wchodz\u0105 tak\u017ce wygodne, ciep\u0142e bluzy damskie i m\u0119skie. Zobacz jak ubra\u0107 si\u0119 w alpejskim stylu Salewy na co dzie\u0144.<\/p>\n\n\n<div class=\"wp-block-image\">\n<figure class=\"aligncenter size-large\"><img loading=\"lazy\" decoding=\"async\" width=\"1024\" height=\"683\" src=\"https:\/\/www.skalnik.pl\/blog\/wp-content\/uploads\/2023\/09\/Salewa-Alpine-Life0150-min-1024x683.jpeg\" alt=\"\" class=\"wp-image-24209\" srcset=\"https:\/\/www.skalnik.pl\/blog\/wp-content\/uploads\/2023\/09\/Salewa-Alpine-Life0150-min-1024x683.jpeg 1024w, https:\/\/www.skalnik.pl\/blog\/wp-content\/uploads\/2023\/09\/Salewa-Alpine-Life0150-min-300x200.jpeg 300w, https:\/\/www.skalnik.pl\/blog\/wp-content\/uploads\/2023\/09\/Salewa-Alpine-Life0150-min-768x512.jpeg 768w, https:\/\/www.skalnik.pl\/blog\/wp-content\/uploads\/2023\/09\/Salewa-Alpine-Life0150-min-1536x1024.jpeg 1536w\" sizes=\"auto, (max-width: 1024px) 100vw, 1024px\" \/><figcaption class=\"wp-element-caption\"><em>Ciep\u0142a bluz\u0119 Salewa z we\u0142n\u0105 merino za\u0142o\u017cysz te\u017c na co dzie\u0144 (fot. Salewa) <\/em><\/figcaption><\/figure>\n<\/div>\n\n\n<figure class=\"wp-block-image size-full\"><a href=\"https:\/\/www.skalnik.pl\/\" target=\"_blank\" rel=\"noreferrer noopener\"><img loading=\"lazy\" decoding=\"async\" width=\"1024\" height=\"250\" src=\"https:\/\/www.skalnik.pl\/blog\/wp-content\/uploads\/2023\/09\/SALEWA-SKLEP.jpg\" alt=\"\" class=\"wp-image-24137\" srcset=\"https:\/\/www.skalnik.pl\/blog\/wp-content\/uploads\/2023\/09\/SALEWA-SKLEP.jpg 1024w, https:\/\/www.skalnik.pl\/blog\/wp-content\/uploads\/2023\/09\/SALEWA-SKLEP-300x73.jpg 300w, https:\/\/www.skalnik.pl\/blog\/wp-content\/uploads\/2023\/09\/SALEWA-SKLEP-768x188.jpg 768w\" sizes=\"auto, (max-width: 1024px) 100vw, 1024px\" \/><\/a><\/figure>\n\n\n\n<ul class=\"wp-block-list\">\n<li><strong>Fanes Merino HD Jacket<\/strong> &#8211; to ciep\u0142a bluza damska rozpinana, z lu\u017anym kapturem i raglanowymi r\u0119kawami. Dzianina Polarlite Wool ma wysok\u0105 zawarto\u015b\u0107 we\u0142ny merino, dzi\u0119ki czemu ma w\u0142a\u015bciwo\u015bci termiczne, dobrze izoluje, a jednocze\u015bnie sprawnie odprowadza wilgo\u0107. To wygodny model, kt\u00f3ry mo\u017cna ubra\u0107 na spacer, lekk\u0105 wycieczk\u0119 czy wychodz\u0105c na niezobowi\u0105zuj\u0105ce spotkanie.<\/li>\n\n\n\n<li><strong>Fanes Engineered Logo AM Pullover<\/strong> to m\u0119ska i damska bluza zak\u0142adana przez g\u0142ow\u0119, z dzianiny o wysokiej zawarto\u015bci we\u0142ny. Jest ciep\u0142a, elastyczna i bardzo mi\u0119kka, a przy tym zapewnia sprawne odprowadzanie wilgoci.<\/li>\n\n\n\n<li><strong>Nuvolao AW Jacket<\/strong> to m\u0119ska ciep\u0142a bluza z kapturem, zapinana na suwak. Ma prosty kr\u00f3j, wysok\u0105 st\u00f3jk\u0119, a uszyta jest z dzianiny typu fleece z wysok\u0105 domieszk\u0105 we\u0142ny. To w\u0142a\u015bnie ona sprawia, \u017ce bluza ma tak dobre w\u0142a\u015bciwo\u015bci termiczne.<\/li>\n<\/ul>\n\n\n\n<hr class=\"wp-block-separator has-alpha-channel-opacity is-style-dots\"\/>\n\n\n\n<p>Bluzy to wygodny i praktyczny element outdoorowego stroju na jesie\u0144, zim\u0119, ale tak\u017ce inne pory roku. Znajd\u017a sw\u00f3j idealny fason w kolekcji Salewa i ciesz si\u0119 ochron\u0105 przed zimnem oraz wysokim komfortem termicznym, niezale\u017cnie od tego czy jeste\u015b w podr\u00f3\u017cy, na trekkingu, wspinasz si\u0119, je\u017adzisz na nartach, a mo\u017ce po prostu idziesz do pracy.<\/p>\n","protected":false},"excerpt":{"rendered":"<p>Szukasz bluzy na trekking, wspinaczk\u0119, narty czy na co dzie\u0144? Zobacz kolekcj\u0119 bluz Salewa na jesie\u0144 i zim\u0119 2023. <\/p>\n","protected":false},"author":41,"featured_media":24205,"comment_status":"closed","ping_status":"closed","sticky":false,"template":"","format":"standard","meta":{"_acf_changed":false,"footnotes":""},"categories":[5],"tags":[15,126],"magento_category":[253],"magento_product":[],"class_list":["post-24202","post","type-post","status-publish","format-standard","has-post-thumbnail","hentry","category-branza","tag-odziez","tag-salewa"],"acf":[],"aioseo_notices":[],"aioseo_head":"\n\t\t<!-- All in One SEO 4.9.10 - aioseo.com -->\n\t<meta name=\"description\" content=\"Ciep\u0142a bluza to idealne uzupe\u0142nienie outdoorowej odzie\u017cy na jesie\u0144 i zim\u0119. Poznaj ofert\u0119 na jesie\u0144, bo mo\u017ce bluza Salewa jest t\u0105, kt\u00f3rej szukasz.\" \/>\n\t<meta name=\"robots\" content=\"max-image-preview:large\" \/>\n\t<meta name=\"author\" content=\"Anna \u015aliwa\"\/>\n\t<link rel=\"canonical\" href=\"https:\/\/www.skalnik.pl\/blog\/wygodna-i-ciepla-bluza-salewa-sprawdz-dlaczego-warto\/\" \/>\n\t<meta name=\"generator\" content=\"All in One SEO (AIOSEO) 4.9.10\" \/>\n\t\t<meta property=\"og:locale\" content=\"pl_PL\" \/>\n\t\t<meta property=\"og:site_name\" content=\"blog Skalnik - Blog, porady, artyku\u0142y - blog Skalnik\" \/>\n\t\t<meta property=\"og:type\" content=\"article\" \/>\n\t\t<meta property=\"og:title\" content=\"Wygodna i ciep\u0142a bluza Salewa. Sprawd\u017a dlaczego warto - blog Skalnik\" \/>\n\t\t<meta property=\"og:description\" content=\"Ciep\u0142a bluza to idealne uzupe\u0142nienie outdoorowej odzie\u017cy na jesie\u0144 i zim\u0119. Poznaj ofert\u0119 na jesie\u0144, bo mo\u017ce bluza Salewa jest t\u0105, kt\u00f3rej szukasz.\" \/>\n\t\t<meta property=\"og:url\" content=\"https:\/\/www.skalnik.pl\/blog\/wygodna-i-ciepla-bluza-salewa-sprawdz-dlaczego-warto\/\" \/>\n\t\t<meta property=\"og:image\" content=\"https:\/\/www.skalnik.pl\/blog\/wp-content\/uploads\/2023\/09\/AM_STL_SALEWA_X-AlpsPreparation-119-min-1024x683.jpg\" \/>\n\t\t<meta property=\"og:image:secure_url\" content=\"https:\/\/www.skalnik.pl\/blog\/wp-content\/uploads\/2023\/09\/AM_STL_SALEWA_X-AlpsPreparation-119-min-1024x683.jpg\" \/>\n\t\t<meta property=\"article:tag\" content=\"bran\u017ca\" \/>\n\t\t<meta property=\"article:tag\" content=\"odzie\u017c\" \/>\n\t\t<meta property=\"article:tag\" content=\"salewa\" \/>\n\t\t<meta property=\"article:published_time\" content=\"2023-09-14T10:09:29+00:00\" \/>\n\t\t<meta property=\"article:modified_time\" content=\"2023-11-22T11:26:24+00:00\" \/>\n\t\t<meta name=\"twitter:card\" content=\"summary_large_image\" \/>\n\t\t<meta name=\"twitter:title\" content=\"Wygodna i ciep\u0142a bluza Salewa. Sprawd\u017a dlaczego warto - blog Skalnik\" \/>\n\t\t<meta name=\"twitter:description\" content=\"Ciep\u0142a bluza to idealne uzupe\u0142nienie outdoorowej odzie\u017cy na jesie\u0144 i zim\u0119. Poznaj ofert\u0119 na jesie\u0144, bo mo\u017ce bluza Salewa jest t\u0105, kt\u00f3rej szukasz.\" \/>\n\t\t<meta name=\"twitter:image\" content=\"https:\/\/www.skalnik.pl\/blog\/wp-content\/uploads\/2023\/09\/AM_STL_SALEWA_X-AlpsPreparation-119-min-1024x683.jpg\" \/>\n\t\t<script type=\"application\/ld+json\" class=\"aioseo-schema\">\n\t\t\t{\"@context\":\"https:\\\/\\\/schema.org\",\"@graph\":[{\"@type\":\"BlogPosting\",\"@id\":\"https:\\\/\\\/www.skalnik.pl\\\/blog\\\/wygodna-i-ciepla-bluza-salewa-sprawdz-dlaczego-warto\\\/#blogposting\",\"name\":\"Wygodna i ciep\\u0142a bluza Salewa. Sprawd\\u017a dlaczego warto - blog Skalnik\",\"headline\":\"Wygodna i ciep\\u0142a bluza Salewa. Sprawd\\u017a dlaczego warto\",\"author\":{\"@id\":\"https:\\\/\\\/www.skalnik.pl\\\/blog\\\/author\\\/anna-sliwa\\\/#author\"},\"publisher\":{\"@id\":\"https:\\\/\\\/www.skalnik.pl\\\/blog\\\/#organization\"},\"image\":{\"@type\":\"ImageObject\",\"url\":\"https:\\\/\\\/www.skalnik.pl\\\/blog\\\/wp-content\\\/uploads\\\/2023\\\/09\\\/Salewa_02.23_Stefan.Voitl_044-scaled.jpeg\",\"width\":2560,\"height\":939},\"datePublished\":\"2023-09-14T12:09:29+02:00\",\"dateModified\":\"2023-11-22T13:26:24+02:00\",\"inLanguage\":\"pl-PL\",\"mainEntityOfPage\":{\"@id\":\"https:\\\/\\\/www.skalnik.pl\\\/blog\\\/wygodna-i-ciepla-bluza-salewa-sprawdz-dlaczego-warto\\\/#webpage\"},\"isPartOf\":{\"@id\":\"https:\\\/\\\/www.skalnik.pl\\\/blog\\\/wygodna-i-ciepla-bluza-salewa-sprawdz-dlaczego-warto\\\/#webpage\"},\"articleSection\":\"Bran\\u017ca, odzie\\u017c, salewa, 1099\"},{\"@type\":\"BreadcrumbList\",\"@id\":\"https:\\\/\\\/www.skalnik.pl\\\/blog\\\/wygodna-i-ciepla-bluza-salewa-sprawdz-dlaczego-warto\\\/#breadcrumblist\",\"itemListElement\":[{\"@type\":\"ListItem\",\"@id\":\"https:\\\/\\\/www.skalnik.pl\\\/blog#listItem\",\"position\":1,\"name\":\"Home\",\"item\":\"https:\\\/\\\/www.skalnik.pl\\\/blog\",\"nextItem\":{\"@type\":\"ListItem\",\"@id\":\"https:\\\/\\\/www.skalnik.pl\\\/blog\\\/.\\\/branza\\\/#listItem\",\"name\":\"Bran\\u017ca\"}},{\"@type\":\"ListItem\",\"@id\":\"https:\\\/\\\/www.skalnik.pl\\\/blog\\\/.\\\/branza\\\/#listItem\",\"position\":2,\"name\":\"Bran\\u017ca\",\"item\":\"https:\\\/\\\/www.skalnik.pl\\\/blog\\\/.\\\/branza\\\/\",\"nextItem\":{\"@type\":\"ListItem\",\"@id\":\"https:\\\/\\\/www.skalnik.pl\\\/blog\\\/wygodna-i-ciepla-bluza-salewa-sprawdz-dlaczego-warto\\\/#listItem\",\"name\":\"Wygodna i ciep\\u0142a bluza Salewa. Sprawd\\u017a dlaczego warto\"},\"previousItem\":{\"@type\":\"ListItem\",\"@id\":\"https:\\\/\\\/www.skalnik.pl\\\/blog#listItem\",\"name\":\"Home\"}},{\"@type\":\"ListItem\",\"@id\":\"https:\\\/\\\/www.skalnik.pl\\\/blog\\\/wygodna-i-ciepla-bluza-salewa-sprawdz-dlaczego-warto\\\/#listItem\",\"position\":3,\"name\":\"Wygodna i ciep\\u0142a bluza Salewa. Sprawd\\u017a dlaczego warto\",\"previousItem\":{\"@type\":\"ListItem\",\"@id\":\"https:\\\/\\\/www.skalnik.pl\\\/blog\\\/.\\\/branza\\\/#listItem\",\"name\":\"Bran\\u017ca\"}}]},{\"@type\":\"Organization\",\"@id\":\"https:\\\/\\\/www.skalnik.pl\\\/blog\\\/#organization\",\"name\":\"blog Skalnik\",\"description\":\"Blog, porady, artyku\\u0142y - blog Skalnik\",\"url\":\"https:\\\/\\\/www.skalnik.pl\\\/blog\\\/\"},{\"@type\":\"Person\",\"@id\":\"https:\\\/\\\/www.skalnik.pl\\\/blog\\\/author\\\/anna-sliwa\\\/#author\",\"url\":\"https:\\\/\\\/www.skalnik.pl\\\/blog\\\/author\\\/anna-sliwa\\\/\",\"name\":\"Anna \\u015aliwa\",\"image\":{\"@type\":\"ImageObject\",\"@id\":\"https:\\\/\\\/www.skalnik.pl\\\/blog\\\/wygodna-i-ciepla-bluza-salewa-sprawdz-dlaczego-warto\\\/#authorImage\",\"url\":\"https:\\\/\\\/secure.gravatar.com\\\/avatar\\\/e8300be3de710e2e109e5dfbf092dcf827242ec8071807a1e13f6b3f7c9bbd79?s=96&d=mm&r=g\",\"width\":96,\"height\":96,\"caption\":\"Anna \\u015aliwa\"}},{\"@type\":\"WebPage\",\"@id\":\"https:\\\/\\\/www.skalnik.pl\\\/blog\\\/wygodna-i-ciepla-bluza-salewa-sprawdz-dlaczego-warto\\\/#webpage\",\"url\":\"https:\\\/\\\/www.skalnik.pl\\\/blog\\\/wygodna-i-ciepla-bluza-salewa-sprawdz-dlaczego-warto\\\/\",\"name\":\"Wygodna i ciep\\u0142a bluza Salewa. Sprawd\\u017a dlaczego warto - blog Skalnik\",\"description\":\"Ciep\\u0142a bluza to idealne uzupe\\u0142nienie outdoorowej odzie\\u017cy na jesie\\u0144 i zim\\u0119. Poznaj ofert\\u0119 na jesie\\u0144, bo mo\\u017ce bluza Salewa jest t\\u0105, kt\\u00f3rej szukasz.\",\"inLanguage\":\"pl-PL\",\"isPartOf\":{\"@id\":\"https:\\\/\\\/www.skalnik.pl\\\/blog\\\/#website\"},\"breadcrumb\":{\"@id\":\"https:\\\/\\\/www.skalnik.pl\\\/blog\\\/wygodna-i-ciepla-bluza-salewa-sprawdz-dlaczego-warto\\\/#breadcrumblist\"},\"author\":{\"@id\":\"https:\\\/\\\/www.skalnik.pl\\\/blog\\\/author\\\/anna-sliwa\\\/#author\"},\"creator\":{\"@id\":\"https:\\\/\\\/www.skalnik.pl\\\/blog\\\/author\\\/anna-sliwa\\\/#author\"},\"image\":{\"@type\":\"ImageObject\",\"url\":\"https:\\\/\\\/www.skalnik.pl\\\/blog\\\/wp-content\\\/uploads\\\/2023\\\/09\\\/Salewa_02.23_Stefan.Voitl_044-scaled.jpeg\",\"@id\":\"https:\\\/\\\/www.skalnik.pl\\\/blog\\\/wygodna-i-ciepla-bluza-salewa-sprawdz-dlaczego-warto\\\/#mainImage\",\"width\":2560,\"height\":939},\"primaryImageOfPage\":{\"@id\":\"https:\\\/\\\/www.skalnik.pl\\\/blog\\\/wygodna-i-ciepla-bluza-salewa-sprawdz-dlaczego-warto\\\/#mainImage\"},\"datePublished\":\"2023-09-14T12:09:29+02:00\",\"dateModified\":\"2023-11-22T13:26:24+02:00\"},{\"@type\":\"WebSite\",\"@id\":\"https:\\\/\\\/www.skalnik.pl\\\/blog\\\/#website\",\"url\":\"https:\\\/\\\/www.skalnik.pl\\\/blog\\\/\",\"name\":\"blog Skalnik\",\"description\":\"Blog, porady, artyku\\u0142y - blog Skalnik\",\"inLanguage\":\"pl-PL\",\"publisher\":{\"@id\":\"https:\\\/\\\/www.skalnik.pl\\\/blog\\\/#organization\"}}]}\n\t\t<\/script>\n\t\t<!-- All in One SEO -->\n\n","aioseo_head_json":{"title":"Wygodna i ciep\u0142a bluza Salewa. Sprawd\u017a dlaczego warto - blog Skalnik","description":"Ciep\u0142a bluza to idealne uzupe\u0142nienie outdoorowej odzie\u017cy na jesie\u0144 i zim\u0119. Poznaj ofert\u0119 na jesie\u0144, bo mo\u017ce bluza Salewa jest t\u0105, kt\u00f3rej szukasz.","canonical_url":"https:\/\/www.skalnik.pl\/blog\/wygodna-i-ciepla-bluza-salewa-sprawdz-dlaczego-warto\/","robots":"max-image-preview:large","keywords":"","webmasterTools":{"miscellaneous":""},"schema":{"@context":"https:\/\/schema.org","@graph":[{"@type":"BlogPosting","@id":"https:\/\/www.skalnik.pl\/blog\/wygodna-i-ciepla-bluza-salewa-sprawdz-dlaczego-warto\/#blogposting","name":"Wygodna i ciep\u0142a bluza Salewa. Sprawd\u017a dlaczego warto - blog Skalnik","headline":"Wygodna i ciep\u0142a bluza Salewa. Sprawd\u017a dlaczego warto","author":{"@id":"https:\/\/www.skalnik.pl\/blog\/author\/anna-sliwa\/#author"},"publisher":{"@id":"https:\/\/www.skalnik.pl\/blog\/#organization"},"image":{"@type":"ImageObject","url":"https:\/\/www.skalnik.pl\/blog\/wp-content\/uploads\/2023\/09\/Salewa_02.23_Stefan.Voitl_044-scaled.jpeg","width":2560,"height":939},"datePublished":"2023-09-14T12:09:29+02:00","dateModified":"2023-11-22T13:26:24+02:00","inLanguage":"pl-PL","mainEntityOfPage":{"@id":"https:\/\/www.skalnik.pl\/blog\/wygodna-i-ciepla-bluza-salewa-sprawdz-dlaczego-warto\/#webpage"},"isPartOf":{"@id":"https:\/\/www.skalnik.pl\/blog\/wygodna-i-ciepla-bluza-salewa-sprawdz-dlaczego-warto\/#webpage"},"articleSection":"Bran\u017ca, odzie\u017c, salewa, 1099"},{"@type":"BreadcrumbList","@id":"https:\/\/www.skalnik.pl\/blog\/wygodna-i-ciepla-bluza-salewa-sprawdz-dlaczego-warto\/#breadcrumblist","itemListElement":[{"@type":"ListItem","@id":"https:\/\/www.skalnik.pl\/blog#listItem","position":1,"name":"Home","item":"https:\/\/www.skalnik.pl\/blog","nextItem":{"@type":"ListItem","@id":"https:\/\/www.skalnik.pl\/blog\/.\/branza\/#listItem","name":"Bran\u017ca"}},{"@type":"ListItem","@id":"https:\/\/www.skalnik.pl\/blog\/.\/branza\/#listItem","position":2,"name":"Bran\u017ca","item":"https:\/\/www.skalnik.pl\/blog\/.\/branza\/","nextItem":{"@type":"ListItem","@id":"https:\/\/www.skalnik.pl\/blog\/wygodna-i-ciepla-bluza-salewa-sprawdz-dlaczego-warto\/#listItem","name":"Wygodna i ciep\u0142a bluza Salewa. Sprawd\u017a dlaczego warto"},"previousItem":{"@type":"ListItem","@id":"https:\/\/www.skalnik.pl\/blog#listItem","name":"Home"}},{"@type":"ListItem","@id":"https:\/\/www.skalnik.pl\/blog\/wygodna-i-ciepla-bluza-salewa-sprawdz-dlaczego-warto\/#listItem","position":3,"name":"Wygodna i ciep\u0142a bluza Salewa. Sprawd\u017a dlaczego warto","previousItem":{"@type":"ListItem","@id":"https:\/\/www.skalnik.pl\/blog\/.\/branza\/#listItem","name":"Bran\u017ca"}}]},{"@type":"Organization","@id":"https:\/\/www.skalnik.pl\/blog\/#organization","name":"blog Skalnik","description":"Blog, porady, artyku\u0142y - blog Skalnik","url":"https:\/\/www.skalnik.pl\/blog\/"},{"@type":"Person","@id":"https:\/\/www.skalnik.pl\/blog\/author\/anna-sliwa\/#author","url":"https:\/\/www.skalnik.pl\/blog\/author\/anna-sliwa\/","name":"Anna \u015aliwa","image":{"@type":"ImageObject","@id":"https:\/\/www.skalnik.pl\/blog\/wygodna-i-ciepla-bluza-salewa-sprawdz-dlaczego-warto\/#authorImage","url":"https:\/\/secure.gravatar.com\/avatar\/e8300be3de710e2e109e5dfbf092dcf827242ec8071807a1e13f6b3f7c9bbd79?s=96&d=mm&r=g","width":96,"height":96,"caption":"Anna \u015aliwa"}},{"@type":"WebPage","@id":"https:\/\/www.skalnik.pl\/blog\/wygodna-i-ciepla-bluza-salewa-sprawdz-dlaczego-warto\/#webpage","url":"https:\/\/www.skalnik.pl\/blog\/wygodna-i-ciepla-bluza-salewa-sprawdz-dlaczego-warto\/","name":"Wygodna i ciep\u0142a bluza Salewa. Sprawd\u017a dlaczego warto - blog Skalnik","description":"Ciep\u0142a bluza to idealne uzupe\u0142nienie outdoorowej odzie\u017cy na jesie\u0144 i zim\u0119. Poznaj ofert\u0119 na jesie\u0144, bo mo\u017ce bluza Salewa jest t\u0105, kt\u00f3rej szukasz.","inLanguage":"pl-PL","isPartOf":{"@id":"https:\/\/www.skalnik.pl\/blog\/#website"},"breadcrumb":{"@id":"https:\/\/www.skalnik.pl\/blog\/wygodna-i-ciepla-bluza-salewa-sprawdz-dlaczego-warto\/#breadcrumblist"},"author":{"@id":"https:\/\/www.skalnik.pl\/blog\/author\/anna-sliwa\/#author"},"creator":{"@id":"https:\/\/www.skalnik.pl\/blog\/author\/anna-sliwa\/#author"},"image":{"@type":"ImageObject","url":"https:\/\/www.skalnik.pl\/blog\/wp-content\/uploads\/2023\/09\/Salewa_02.23_Stefan.Voitl_044-scaled.jpeg","@id":"https:\/\/www.skalnik.pl\/blog\/wygodna-i-ciepla-bluza-salewa-sprawdz-dlaczego-warto\/#mainImage","width":2560,"height":939},"primaryImageOfPage":{"@id":"https:\/\/www.skalnik.pl\/blog\/wygodna-i-ciepla-bluza-salewa-sprawdz-dlaczego-warto\/#mainImage"},"datePublished":"2023-09-14T12:09:29+02:00","dateModified":"2023-11-22T13:26:24+02:00"},{"@type":"WebSite","@id":"https:\/\/www.skalnik.pl\/blog\/#website","url":"https:\/\/www.skalnik.pl\/blog\/","name":"blog Skalnik","description":"Blog, porady, artyku\u0142y - blog Skalnik","inLanguage":"pl-PL","publisher":{"@id":"https:\/\/www.skalnik.pl\/blog\/#organization"}}]},"og:locale":"pl_PL","og:site_name":"blog Skalnik - Blog, porady, artyku\u0142y - blog Skalnik","og:type":"article","og:title":"Wygodna i ciep\u0142a bluza Salewa. Sprawd\u017a dlaczego warto - blog Skalnik","og:description":"Ciep\u0142a bluza to idealne uzupe\u0142nienie outdoorowej odzie\u017cy na jesie\u0144 i zim\u0119. Poznaj ofert\u0119 na jesie\u0144, bo mo\u017ce bluza Salewa jest t\u0105, kt\u00f3rej szukasz.","og:url":"https:\/\/www.skalnik.pl\/blog\/wygodna-i-ciepla-bluza-salewa-sprawdz-dlaczego-warto\/","og:image":"https:\/\/www.skalnik.pl\/blog\/wp-content\/uploads\/2023\/09\/AM_STL_SALEWA_X-AlpsPreparation-119-min-1024x683.jpg","og:image:secure_url":"https:\/\/www.skalnik.pl\/blog\/wp-content\/uploads\/2023\/09\/AM_STL_SALEWA_X-AlpsPreparation-119-min-1024x683.jpg","article:tag":["bran\u017ca","odzie\u017c","salewa"],"article:published_time":"2023-09-14T10:09:29+00:00","article:modified_time":"2023-11-22T11:26:24+00:00","twitter:card":"summary_large_image","twitter:title":"Wygodna i ciep\u0142a bluza Salewa. Sprawd\u017a dlaczego warto - blog Skalnik","twitter:description":"Ciep\u0142a bluza to idealne uzupe\u0142nienie outdoorowej odzie\u017cy na jesie\u0144 i zim\u0119. Poznaj ofert\u0119 na jesie\u0144, bo mo\u017ce bluza Salewa jest t\u0105, kt\u00f3rej szukasz.","twitter:image":"https:\/\/www.skalnik.pl\/blog\/wp-content\/uploads\/2023\/09\/AM_STL_SALEWA_X-AlpsPreparation-119-min-1024x683.jpg"},"aioseo_meta_data":{"post_id":"24202","title":null,"description":"Ciep\u0142a bluza to idealne uzupe\u0142nienie outdoorowej odzie\u017cy na jesie\u0144 i zim\u0119. Poznaj ofert\u0119 na jesie\u0144, bo mo\u017ce bluza Salewa jest t\u0105, kt\u00f3rej szukasz.","keywords":[],"keyphrases":{"focus":{"keyphrase":"bluza salewa","score":90,"analysis":{"keyphraseInTitle":{"score":9,"maxScore":9,"error":0},"keyphraseInDescription":{"score":9,"maxScore":9,"error":0},"keyphraseLength":{"score":9,"maxScore":9,"error":0,"length":2},"keyphraseInURL":{"score":5,"maxScore":5,"error":0},"keyphraseInIntroduction":{"score":9,"maxScore":9,"error":0},"keyphraseInSubHeadings":{"score":3,"maxScore":9,"error":1},"keyphraseInImageAlt":{"score":9,"maxScore":9,"error":0}}},"additional":[]},"primary_term":null,"canonical_url":null,"og_title":null,"og_description":null,"og_object_type":"default","og_image_type":"default","og_image_url":null,"og_image_width":null,"og_image_height":null,"og_image_custom_url":null,"og_image_custom_fields":null,"og_video":"","og_custom_url":null,"og_article_section":null,"og_article_tags":[],"twitter_use_og":false,"twitter_card":"default","twitter_image_type":"default","twitter_image_url":null,"twitter_image_custom_url":null,"twitter_image_custom_fields":null,"twitter_title":null,"twitter_description":null,"schema":{"blockGraphs":[],"customGraphs":[],"default":{"data":{"Article":[],"Course":[],"Dataset":[],"FAQPage":[],"Movie":[],"Person":[],"Product":[],"ProductReview":[],"Car":[],"Recipe":[],"Service":[],"SoftwareApplication":[],"WebPage":[]},"graphName":"","isEnabled":true},"graphs":[]},"schema_type":"default","schema_type_options":null,"pillar_content":false,"robots_default":true,"robots_noindex":false,"robots_noarchive":false,"robots_nosnippet":false,"robots_nofollow":false,"robots_noimageindex":false,"robots_noodp":false,"robots_notranslate":false,"robots_max_snippet":"-1","robots_max_videopreview":"-1","robots_max_imagepreview":"large","priority":null,"frequency":"default","local_seo":null,"breadcrumb_settings":null,"limit_modified_date":false,"ai":null,"created":"2023-09-12 07:41:59","updated":"2026-02-17 22:44:59","seo_analyzer_scan_date":null},"aioseo_breadcrumb":"<div class=\"aioseo-breadcrumbs\"><span class=\"aioseo-breadcrumb\">\n\t\t\t<a href=\"https:\/\/www.skalnik.pl\/blog\" title=\"Home\">Home<\/a>\n\t\t<\/span><span class=\"aioseo-breadcrumb-separator\">&raquo;<\/span><span class=\"aioseo-breadcrumb\">\n\t\t\t<a href=\"https:\/\/www.skalnik.pl\/blog\/.\/branza\/\" title=\"Bran\u017ca\">Bran\u017ca<\/a>\n\t\t<\/span><span class=\"aioseo-breadcrumb-separator\">&raquo;<\/span><span class=\"aioseo-breadcrumb\">\n\t\t\tWygodna i ciep\u0142a bluza Salewa. Sprawd\u017a dlaczego warto\n\t\t<\/span><\/div>","aioseo_breadcrumb_json":[{"label":"Home","link":"https:\/\/www.skalnik.pl\/blog"},{"label":"Bran\u017ca","link":"https:\/\/www.skalnik.pl\/blog\/.\/branza\/"},{"label":"Wygodna i ciep\u0142a bluza Salewa. Sprawd\u017a dlaczego warto","link":"https:\/\/www.skalnik.pl\/blog\/wygodna-i-ciepla-bluza-salewa-sprawdz-dlaczego-warto\/"}],"_links":{"self":[{"href":"https:\/\/www.skalnik.pl\/blog\/wp-json\/wp\/v2\/posts\/24202","targetHints":{"allow":["GET"]}}],"collection":[{"href":"https:\/\/www.skalnik.pl\/blog\/wp-json\/wp\/v2\/posts"}],"about":[{"href":"https:\/\/www.skalnik.pl\/blog\/wp-json\/wp\/v2\/types\/post"}],"author":[{"embeddable":true,"href":"https:\/\/www.skalnik.pl\/blog\/wp-json\/wp\/v2\/users\/41"}],"replies":[{"embeddable":true,"href":"https:\/\/www.skalnik.pl\/blog\/wp-json\/wp\/v2\/comments?post=24202"}],"version-history":[{"count":5,"href":"https:\/\/www.skalnik.pl\/blog\/wp-json\/wp\/v2\/posts\/24202\/revisions"}],"predecessor-version":[{"id":24885,"href":"https:\/\/www.skalnik.pl\/blog\/wp-json\/wp\/v2\/posts\/24202\/revisions\/24885"}],"wp:featuredmedia":[{"embeddable":true,"href":"https:\/\/www.skalnik.pl\/blog\/wp-json\/wp\/v2\/media\/24205"}],"wp:attachment":[{"href":"https:\/\/www.skalnik.pl\/blog\/wp-json\/wp\/v2\/media?parent=24202"}],"wp:term":[{"taxonomy":"category","embeddable":true,"href":"https:\/\/www.skalnik.pl\/blog\/wp-json\/wp\/v2\/categories?post=24202"},{"taxonomy":"post_tag","embeddable":true,"href":"https:\/\/www.skalnik.pl\/blog\/wp-json\/wp\/v2\/tags?post=24202"},{"taxonomy":"magento_category","embeddable":true,"href":"https:\/\/www.skalnik.pl\/blog\/wp-json\/wp\/v2\/magento_category?post=24202"},{"taxonomy":"magento_product","embeddable":true,"href":"https:\/\/www.skalnik.pl\/blog\/wp-json\/wp\/v2\/magento_product?post=24202"}],"curies":[{"name":"wp","href":"https:\/\/api.w.org\/{rel}","templated":true}]}}