{"id":24238,"date":"2023-09-29T09:30:22","date_gmt":"2023-09-29T07:30:22","guid":{"rendered":"https:\/\/www.skalnik.pl\/blog\/?p=24238"},"modified":"2024-04-17T09:41:39","modified_gmt":"2024-04-17T07:41:39","slug":"szlak-zamkow-piastowskich","status":"publish","type":"post","link":"https:\/\/www.skalnik.pl\/blog\/szlak-zamkow-piastowskich\/","title":{"rendered":"Szlak Zamk\u00f3w Piastowskich"},"content":{"rendered":"\n<p><strong>Chocia\u017c najs\u0142ynniejszym polsk\u0105 tras\u0105 \u201ezamkow\u0105\u201d jest jurajski szlak Orlich Gniazd, to sudecki Szlak Zamk\u00f3w Piastowskich wcale mu nie ust\u0119puje malowniczo\u015bci\u0105, d\u0142ugo\u015bci\u0105 i budowlami, kt\u00f3re mo\u017cna na nim podziwia\u0107. Powiem wi\u0119cej \u2013 w Sudetach wi\u0119cej jest zamk\u00f3w, w kt\u00f3rych poczujecie si\u0119 jak przeniesieni w czasie.<\/strong><\/p>\n\n\n\n<p>Sk\u0105d ci Piastowie na \u015al\u0105sku? Szybko przypomn\u0119, \u017ce Boles\u0142aw III Krzywousty postanowi\u0142 podzieli\u0107 kraj pomi\u0119dzy swoich syn\u00f3w, co mia\u0142o zapobiec walkom o tron, a ostatecznie doprowadzi\u0142o do rozbicia dzielnicowego. Powsta\u0142o wtedy kilka linii piastowskich, a w\u015br\u00f3d nich, ta, kt\u00f3ra interesuje nas najbardziej \u2013 czyli Piastowie \u015al\u0105scy. Rz\u0105dzili oni ziemiami \u015bl\u0105skimi od XII do XVII wieku. I to przez ich posiad\u0142o\u015bci, warownie i zamki prowadzi nas zielony szlak d\u0142ugodystansowy &#8211; Szlak Zamk\u00f3w Piastowskich. <\/p>\n\n\n\n<p>Autorem szlaku jest Tadeusz Ste\u0107, kt\u00f3ry by\u0142 znakomitym przewodnikiem sudeckim i niez\u0142omnym popularyzatorem turystyki. Przyby\u0142 on na tereny Dolnego \u015al\u0105ska po II wojnie \u015bwiatowej i swoimi dzia\u0142aniami (kursami przewodnickimi, publikacjami) zach\u0119ca\u0142 do poznawania regionu, szczeg\u00f3lnie Ziemi Jeleniog\u00f3rskiej.<\/p>\n\n\n\n<p class=\"has-white-color has-vivid-cyan-blue-background-color has-text-color has-background\">O Szlaku Orlich Gniazd pisali\u015bmy &#8211;&gt; <strong><a href=\"https:\/\/www.skalnik.pl\/blog\/szlak-orlich-gniazd\/\" target=\"_blank\" rel=\"noopener\" title=\"\">tutaj<\/a><\/strong>.<\/p>\n\n\n\n<div id=\"ez-toc-container\" class=\"ez-toc-v2_0_85 counter-hierarchy ez-toc-counter ez-toc-light-blue ez-toc-container-direction\">\n<div class=\"ez-toc-title-container\">\n<p class=\"ez-toc-title\" style=\"cursor:inherit\">SPIS TRE\u015aCI <\/p>\n<span class=\"ez-toc-title-toggle\"><a href=\"#\" class=\"ez-toc-pull-right ez-toc-btn ez-toc-btn-xs ez-toc-btn-default ez-toc-toggle\" aria-label=\"Prze\u0142\u0105cznik Spisu Tre\u015bci\"><span class=\"ez-toc-js-icon-con\"><span class=\"\"><span class=\"eztoc-hide\" style=\"display:none;\">Toggle<\/span><span class=\"ez-toc-icon-toggle-span\"><svg style=\"fill: #999;color:#999\" xmlns=\"http:\/\/www.w3.org\/2000\/svg\" class=\"list-377408\" width=\"20px\" height=\"20px\" viewBox=\"0 0 24 24\" fill=\"none\"><path d=\"M6 6H4v2h2V6zm14 0H8v2h12V6zM4 11h2v2H4v-2zm16 0H8v2h12v-2zM4 16h2v2H4v-2zm16 0H8v2h12v-2z\" fill=\"currentColor\"><\/path><\/svg><svg style=\"fill: #999;color:#999\" class=\"arrow-unsorted-368013\" xmlns=\"http:\/\/www.w3.org\/2000\/svg\" width=\"10px\" height=\"10px\" viewBox=\"0 0 24 24\" version=\"1.2\" baseProfile=\"tiny\"><path d=\"M18.2 9.3l-6.2-6.3-6.2 6.3c-.2.2-.3.4-.3.7s.1.5.3.7c.2.2.4.3.7.3h11c.3 0 .5-.1.7-.3.2-.2.3-.5.3-.7s-.1-.5-.3-.7zM5.8 14.7l6.2 6.3 6.2-6.3c.2-.2.3-.5.3-.7s-.1-.5-.3-.7c-.2-.2-.4-.3-.7-.3h-11c-.3 0-.5.1-.7.3-.2.2-.3.5-.3.7s.1.5.3.7z\"\/><\/svg><\/span><\/span><\/span><\/a><\/span><\/div>\n<nav><ul class='ez-toc-list ez-toc-list-level-1 ' ><li class='ez-toc-page-1 ez-toc-heading-level-2'><a class=\"ez-toc-link ez-toc-heading-1\" href=\"https:\/\/www.skalnik.pl\/blog\/szlak-zamkow-piastowskich\/#Szlak_Zamkow_Piastowskich_%E2%80%93_mapa\" >Szlak Zamk\u00f3w Piastowskich &#8211; mapa<\/a><\/li><li class='ez-toc-page-1 ez-toc-heading-level-2'><a class=\"ez-toc-link ez-toc-heading-2\" href=\"https:\/\/www.skalnik.pl\/blog\/szlak-zamkow-piastowskich\/#Od_zamku_Grodno_do_zamku_Grodziec\" >Od zamku Grodno do zamku Grodziec<\/a><ul class='ez-toc-list-level-3' ><li class='ez-toc-heading-level-3'><a class=\"ez-toc-link ez-toc-heading-3\" href=\"https:\/\/www.skalnik.pl\/blog\/szlak-zamkow-piastowskich\/#Jakie_zamki_znajduja_sie_na_Szlaku_Zamkow_Piastowskich\" >Jakie zamki znajduj\u0105 si\u0119 na Szlaku Zamk\u00f3w Piastowskich<\/a><\/li><li class='ez-toc-page-1 ez-toc-heading-level-3'><a class=\"ez-toc-link ez-toc-heading-4\" href=\"https:\/\/www.skalnik.pl\/blog\/szlak-zamkow-piastowskich\/#Jak_przejsc_Szlak_Zamkow_Piastowskich\" >Jak przej\u015b\u0107 Szlak Zamk\u00f3w Piastowskich<\/a><\/li><\/ul><\/li><li class='ez-toc-page-1 ez-toc-heading-level-2'><a class=\"ez-toc-link ez-toc-heading-5\" href=\"https:\/\/www.skalnik.pl\/blog\/szlak-zamkow-piastowskich\/#Szlak_Zamkow_Piastowskich_%E2%80%93_najciekawsze_miejsca\" >Szlak Zamk\u00f3w Piastowskich &#8211; najciekawsze miejsca<\/a><ul class='ez-toc-list-level-3' ><li class='ez-toc-heading-level-3'><a class=\"ez-toc-link ez-toc-heading-6\" href=\"https:\/\/www.skalnik.pl\/blog\/szlak-zamkow-piastowskich\/#Zamek_Grodno_i_zapora_nad_Jeziorem_Bystrzyckim\" >Zamek Grodno i zapora nad Jeziorem Bystrzyckim<\/a><\/li><li class='ez-toc-page-1 ez-toc-heading-level-3'><a class=\"ez-toc-link ez-toc-heading-7\" href=\"https:\/\/www.skalnik.pl\/blog\/szlak-zamkow-piastowskich\/#Zamek_Ksiaz\" >Zamek Ksi\u0105\u017c<\/a><\/li><li class='ez-toc-page-1 ez-toc-heading-level-3'><a class=\"ez-toc-link ez-toc-heading-8\" href=\"https:\/\/www.skalnik.pl\/blog\/szlak-zamkow-piastowskich\/#Zamek_Roztoka\" >Zamek Roztoka<\/a><\/li><li class='ez-toc-page-1 ez-toc-heading-level-3'><a class=\"ez-toc-link ez-toc-heading-9\" href=\"https:\/\/www.skalnik.pl\/blog\/szlak-zamkow-piastowskich\/#Zamek_Bolkow_i_Zamek_Swiny\" >Zamek Bolk\u00f3w i Zamek \u015awiny<\/a><\/li><li class='ez-toc-page-1 ez-toc-heading-level-3'><a class=\"ez-toc-link ez-toc-heading-10\" href=\"https:\/\/www.skalnik.pl\/blog\/szlak-zamkow-piastowskich\/#Zamek_Bolczow_i_Zamek_Sokolec\" >Zamek Bolcz\u00f3w i Zamek Sokolec<\/a><\/li><li class='ez-toc-page-1 ez-toc-heading-level-3'><a class=\"ez-toc-link ez-toc-heading-11\" href=\"https:\/\/www.skalnik.pl\/blog\/szlak-zamkow-piastowskich\/#Siedlecin_i_okolice\" >Siedl\u0119cin (i okolice)<\/a><\/li><li class='ez-toc-page-1 ez-toc-heading-level-3'><a class=\"ez-toc-link ez-toc-heading-12\" href=\"https:\/\/www.skalnik.pl\/blog\/szlak-zamkow-piastowskich\/#Zamek_Wlen_Lenno\" >Zamek Wle\u0144 (Lenno)<\/a><\/li><li class='ez-toc-page-1 ez-toc-heading-level-3'><a class=\"ez-toc-link ez-toc-heading-13\" href=\"https:\/\/www.skalnik.pl\/blog\/szlak-zamkow-piastowskich\/#Zamek_Grodziec\" >Zamek Grodziec<\/a><\/li><\/ul><\/li><\/ul><\/nav><\/div>\n<h2 class=\"wp-block-heading\"><span class=\"ez-toc-section\" id=\"Szlak_Zamkow_Piastowskich_%E2%80%93_mapa\"><\/span>Szlak Zamk\u00f3w Piastowskich &#8211; mapa<span class=\"ez-toc-section-end\"><\/span><\/h2>\n\n\n\n<p>Przebieg szlaku ustalono od wschodu na zach\u00f3d, cho\u0107 bez problemu mo\u017cna te\u017c t\u0119 drog\u0119 pokonywa\u0107 w kierunku przeciwnym. Tak naprawd\u0119 wyb\u00f3r kierunku w\u0119dr\u00f3wki ma znaczenie dla tych os\u00f3b, kt\u00f3re postanowi\u0105 przej\u015b\u0107 ca\u0142o\u015b\u0107 \u201eza jednym razem\u201d i sp\u0119dzi\u0107 na szlaku kilka dni. A jest gdzie chodzi\u0107, bo szlak oficjalnie ma d\u0142ugo\u015b\u0107 a\u017c 146 km (chocia\u017c popularna apka mapa-turystyczna.pl wyliczy\u0142a odleg\u0142o\u015b\u0107 150,2 km). Dobra wiadomo\u015b\u0107 dla rowerzyst\u00f3w &#8211; Szlak Zamk\u00f3w Piastowskich mo\u017cna pokona\u0107 tak\u017ce na rowerze.<\/p>\n\n\n\n<div style=\"max-width:1024px;overflow:hidden;margin:0 auto;min-width:300px;\"><iframe src=\"https:\/\/mapa-turystyczna.pl\/map\/widget\/trail\/h1l0p1\/ti.html\" height=\"680\" style=\"width:100%;border:0;\" loading=\"lazy\"><\/iframe><a href=\"https:\/\/mapa-turystyczna.pl\/trail\/szlak-zamkow-piastowskich-ti?utm_source=external_web&amp;utm_medium=widget&amp;utm_campaign=trail_widget\" target=\"_blank\" rel=\"noopener\" style=\"color:#999;padding:7px 0;font-size: 13px;font-family:Roboto,Arial,sans-serif;display: inline-block;\">Szlak Zamk\u00f3w Piastowskich | mapa-turystyczna.pl<\/a><\/div>\n\n\n\n<p>Weekendowym turystom pozostaje podzielenie trasy na kilka odcink\u00f3w. Na ile, to ju\u017c zale\u017cy od mocy w nogach, chocia\u017c nie pokonuje si\u0119 na tym szlaku wielkich wysoko\u015bci \u2013 raczej przechodzi kolejne kilometry. <\/p>\n\n\n\n<h2 class=\"wp-block-heading\"><span class=\"ez-toc-section\" id=\"Od_zamku_Grodno_do_zamku_Grodziec\"><\/span>Od zamku Grodno do zamku Grodziec<span class=\"ez-toc-section-end\"><\/span><\/h2>\n\n\n\n<p>Na ca\u0142ej d\u0142ugo\u015bci szlaku napotkamy 17 zamk\u00f3w, pa\u0142ac\u00f3w czy grodzisk, kt\u00f3re w przesz\u0142o\u015bci zbudowali Piastowie \u015al\u0105scy, a p\u00f3\u017aniej budowle te przechodzi\u0142y przez r\u00f3\u017cne r\u0119ce, by ostatecznie w lepszym lub gorszym stanie dotrwa\u0107 do naszych czas\u00f3w. Na szlaku napotkasz zar\u00f3wno obiekty, do kt\u00f3rych wst\u0119p jest p\u0142atny, jak i bezp\u0142atne, a tak\u017ce zupe\u0142nie niedost\u0119pne, bo pozostaj\u0105ce w r\u0119kach prywatnych.<\/p>\n\n\n\n<h3 class=\"wp-block-heading\"><span class=\"ez-toc-section\" id=\"Jakie_zamki_znajduja_sie_na_Szlaku_Zamkow_Piastowskich\"><\/span>Jakie zamki znajduj\u0105 si\u0119 na Szlaku Zamk\u00f3w Piastowskich<span class=\"ez-toc-section-end\"><\/span><\/h3>\n\n\n\n<ul class=\"wp-block-list\">\n<li>Zamek Grodno \u2013 wst\u0119p p\u0142atny<\/li>\n\n\n\n<li>Zamek Stary Ksi\u0105\u017c \u2013 ruiny dost\u0119pne bezp\u0142atnie<\/li>\n\n\n\n<li>Zamek Ksi\u0105\u017c \u2013 wst\u0119p p\u0142atny<\/li>\n\n\n\n<li>Zamek Cisy \u2013 ruiny dost\u0119pne bezp\u0142atnie<\/li>\n\n\n\n<li>Zamek K\u0142aczyna \u2013 ruiny dost\u0119pne bezp\u0142atnie<\/li>\n\n\n\n<li>Zamek \u015awiny \u2013 wst\u0119p p\u0142atny<\/li>\n\n\n\n<li>Zamek Bolk\u00f3w \u2013 wst\u0119p p\u0142atny<\/li>\n\n\n\n<li>Zamek Niesytno (P\u0142onina) \u2013 w\u0142asno\u015b\u0107 prywatna, niedost\u0119pny<\/li>\n\n\n\n<li>Zamek Bolcz\u00f3w \u2013 ruiny dost\u0119pne bezp\u0142atnie<\/li>\n\n\n\n<li>Zamek Sokolec \u2013 trudne do zidentyfikowania ruiny, dost\u0119pne bezp\u0142atnie<\/li>\n\n\n\n<li>Zamek Bobr\u00f3w \u2013 w\u0142asno\u015b\u0107 prywatna, niedost\u0119pny<\/li>\n\n\n\n<li>Pa\u0142ac Wojan\u00f3w \u2013 hotel, mo\u017cliwo\u015b\u0107 zwiedzania grupowego wy\u0142\u0105cznie teren\u00f3w zewn\u0119trznych<\/li>\n\n\n\n<li>Zamek Koziniec \u2013 skromne ruiny dost\u0119pne bezp\u0142atnie<\/li>\n\n\n\n<li>Wzg\u00f3rze Krzywoustego (Jelenia G\u00f3ra) \u2013 w miejscu dawnego grodu stoi wie\u017ca widokowa<\/li>\n\n\n\n<li>Wie\u017ca ksi\u0105\u017c\u0119ca w Siedl\u0119cinie \u2013 wst\u0119p p\u0142atny<\/li>\n\n\n\n<li>Zamek Wle\u0144 Lenno \u2013 wst\u0119p p\u0142atny<\/li>\n\n\n\n<li>Zamek Grodziec \u2013 wst\u0119p p\u0142atny<\/li>\n<\/ul>\n\n\n\n<h3 class=\"wp-block-heading\"><span class=\"ez-toc-section\" id=\"Jak_przejsc_Szlak_Zamkow_Piastowskich\"><\/span>Jak przej\u015b\u0107 Szlak Zamk\u00f3w Piastowskich <span class=\"ez-toc-section-end\"><\/span><\/h3>\n\n\n\n<p>Ten szlak to nie tylko w\u0119dr\u00f3wka, ale tak\u017ce mo\u017cliwo\u015b\u0107 zobaczenia budowli, kt\u00f3re od kilkuset lat stoj\u0105 na tych terenach. Z tego te\u017c wzgl\u0119du polecam podzielenie trasy na takie etapy, by zosta\u0142 jeszcze czas na zwiedzanie. Ca\u0142y Szlak Zamk\u00f3w Piastowskich mo\u017cna przej\u015b\u0107 w siedem dni:<\/p>\n\n\n\n<ul class=\"wp-block-list\">\n<li>zamek Grodno &#8211; Stary Ksi\u0105\u017c &#8211; zamek Ksi\u0105\u017c; razem: 6h15\u2019 (ok. 21 km)<\/li>\n\n\n\n<li>zamek Ksi\u0105\u017c &#8211; zamek Cisy &#8211; zamki K\u0142aczyna\/Roztoka; razem: 5h40\u2019 (ok. 24 km)<\/li>\n\n\n\n<li>zamek K\u0142aczyna &#8211; zamek \u015awiny &#8211; zamek Bolk\u00f3w &#8211; zamek Niesytno (P\u0142onina); razem: 6h (ok. 20 km)<\/li>\n\n\n\n<li>Zamek Niesytno (P\u0142onina) &#8211; zamek Bolcz\u00f3w &#8211; Schronisko Szwajcarka; razem: 5h55\u2019 (ok. 20 km)<\/li>\n\n\n\n<li>Schronisko Szwajcarka &#8211; zamek Sokolec &#8211; Bobr\u00f3w (pa\u0142ac) &#8211; Wojan\u00f3w (pa\u0142ac) \u2013 zamek Koziniec \u2013 Jelenia G\u00f3ra (Wzg\u00f3rze Krzywoustego); razem: 5h20&#8242; (ok. 19,5 km)<\/li>\n\n\n\n<li>Jelenia G\u00f3ra &#8211; Siedl\u0119cin (wie\u017ca ksi\u0105\u017c\u0119ca) &#8211; Pokrzywnik &#8211; zamek Wle\u0144 lenno; razem 7 h (23 km)<\/li>\n\n\n\n<li>zamek Wle\u0144 &#8211; zamek Grodziec; razem: 8h (27 km)<\/li>\n<\/ul>\n\n\n\n<p class=\"has-white-color has-vivid-cyan-blue-background-color has-text-color has-background\">Po inne szlaki d\u0142ugodystansowe w Polsce &#8211;&gt;<strong><a href=\"https:\/\/www.skalnik.pl\/blog\/szlaki-dlugodystansowe-w-polsce\/\" target=\"_blank\" rel=\"noopener\" title=\"\"> kliknij tutaj<\/a><\/strong>.<\/p>\n\n\n\n<h2 class=\"wp-block-heading\"><span class=\"ez-toc-section\" id=\"Szlak_Zamkow_Piastowskich_%E2%80%93_najciekawsze_miejsca\"><\/span>Szlak Zamk\u00f3w Piastowskich &#8211; najciekawsze miejsca<span class=\"ez-toc-section-end\"><\/span><\/h2>\n\n\n\n<p>\u0141atwo mo\u017cna napisa\u0107, \u017ce ka\u017cdy z zamk\u00f3w na szlaku wart jest zobaczenia \u2013 i nie b\u0119dzie w tym przesady, bo s\u0105 niemymi \u015bwiadkami skomplikowanej historii (Dolnego) \u015al\u0105ska. Jednak s\u0105 w\u015br\u00f3d nich prawdziwe pere\u0142ki, kt\u00f3re dobrze pozna\u0107 i zwiedzi\u0107. Polecam te\u017c czasem odbijanie od g\u0142\u00f3wnej trasy, bo bywa, \u017ce tu\u017c nieopodal znajduj\u0105 si\u0119 naprawd\u0119 ciekawe miejsca o interesuj\u0105cej historii.<\/p>\n\n\n\n<h3 class=\"wp-block-heading\"><span class=\"ez-toc-section\" id=\"Zamek_Grodno_i_zapora_nad_Jeziorem_Bystrzyckim\"><\/span>Zamek Grodno i zapora nad Jeziorem Bystrzyckim<span class=\"ez-toc-section-end\"><\/span><\/h3>\n\n\n\n<p>Zamek Grodno wznosi si\u0119 na szczycie g\u00f3ry Choina. Z jego wie\u017cy rozci\u0105ga si\u0119 pi\u0119kny widok na dolin\u0119 rzeki Bystrzyca, kt\u00f3ra oddziela G\u00f3ry Sowie i G\u00f3ry Wa\u0142brzyskie. W swojej przesz\u0142o 700-letniej historii nale\u017ca\u0142 do wielu rod\u00f3w (tak\u017ce ksi\u0105\u017c\u0119cych i kr\u00f3lewskich) najpierw jako \u015bredniowieczna warownia, p\u00f3\u017aniej kryj\u00f3wka raubritter\u00f3w, wreszcie renesansowa posiad\u0142o\u015b\u0107. Jak przysta\u0142o na porz\u0105dn\u0105 atrakcj\u0119 Grodno zamek ma na swoim koncie kilka legend, co najmniej jednego ducha, a tak\u017ce bielej\u0105cy szkielet w lochu g\u0142odowym.<\/p>\n\n\n<div class=\"wp-block-image\">\n<figure class=\"aligncenter size-full\"><img loading=\"lazy\" decoding=\"async\" width=\"1024\" height=\"683\" src=\"https:\/\/www.skalnik.pl\/blog\/wp-content\/uploads\/2023\/09\/grodno.jpg\" alt=\"widok z lotu ptaka na zamek Grodno ukryty mi\u0119dzy drzewami i niskimi chmurami\" class=\"wp-image-24242\" srcset=\"https:\/\/www.skalnik.pl\/blog\/wp-content\/uploads\/2023\/09\/grodno.jpg 1024w, https:\/\/www.skalnik.pl\/blog\/wp-content\/uploads\/2023\/09\/grodno-300x200.jpg 300w, https:\/\/www.skalnik.pl\/blog\/wp-content\/uploads\/2023\/09\/grodno-768x512.jpg 768w\" sizes=\"auto, (max-width: 1024px) 100vw, 1024px\" \/><figcaption class=\"wp-element-caption\"><em>Chocia\u017c sam zamek nieco ginie w\u015br\u00f3d koron drzew, to z jego wie\u017cy rozci\u0105gaj\u0105 si\u0119 widoki na okolic\u0119<\/em><\/figcaption><\/figure>\n<\/div>\n\n\n<p>Niegdy\u015b w miejscu jeziora Bystrzyckiego sta\u0142a wie\u015b, jednak zosta\u0142a zalana po zbudowaniu wysokiej zapory, kt\u00f3ra zatrzymuje wody rzeki, kt\u00f3re rozlewaj\u0105 si\u0119 w poka\u017ane jezioro. Na zapor\u0119 mo\u017cna wej\u015b\u0107 \u2013 jest znakomitym punktem widokowym (cho\u0107 ludzie z l\u0119kiem wysoko\u015bci nie powinni spogl\u0105da\u0107 w d\u00f3\u0142 na stron\u0119 wylotu wody).<\/p>\n\n\n\n<h3 class=\"wp-block-heading\"><span class=\"ez-toc-section\" id=\"Zamek_Ksiaz\"><\/span>Zamek Ksi\u0105\u017c<span class=\"ez-toc-section-end\"><\/span><\/h3>\n\n\n\n<p>Najbardziej znany w\u015br\u00f3d zamk\u00f3w dolno\u015bl\u0105skich przetrwa\u0142 r\u00f3\u017cne zawieruchy historii w dobrym stanie i dzi\u015b jest okaza\u0142\u0105 budowl\u0105, kt\u00f3rej zar\u00f3wno wn\u0119trza, jak i ogrody s\u0105 atrakcj\u0105 licznie odwiedzan\u0105 przez turyst\u00f3w. Przez wieki zamek zmienia\u0142 w\u0142a\u015bcicieli \u2013 jego losy zaczynaj\u0105 si\u0119 od Piast\u00f3w \u015al\u0105skich, by przechodzi\u0107 w r\u0119ce kr\u00f3l\u00f3w i rycerzy. Jest zdobywany, kupowany i sprzedawany. Najd\u0142u\u017cej, przez ponad 400 lat (XVI-XX w.) nale\u017cy do rodu von Hochberg. W tym kalejdoskopie r\u00f3\u017cnych w\u0142a\u015bcicieli zamek jest wielokrotnie przebudowywany, do starych mur\u00f3w dobudowuje si\u0119 kolejne skrzyd\u0142a i cz\u0119\u015bci, co nie zawsze jest widoczne na pierwszy rzut oka. Dlatego Ksi\u0105\u017c dobrze jest zwiedza\u0107 co chwil\u0119 wygl\u0105daj\u0105c przez okna (szczeg\u00f3lnie te wychodz\u0105ce na wewn\u0119trzne dziedzi\u0144ce). W ko\u0144cu z warowni zamek Ksi\u0105\u017c staje si\u0119 arystokratyczn\u0105 siedzib\u0105 pa\u0142acow\u0105. Z Ksi\u0105\u017ca niedaleko jest do kolejnego zamku, kt\u00f3rym jest Stary Ksi\u0105\u017c. <\/p>\n\n\n<div class=\"wp-block-image\">\n<figure class=\"aligncenter size-full is-resized\"><img loading=\"lazy\" decoding=\"async\" src=\"https:\/\/www.skalnik.pl\/blog\/wp-content\/uploads\/2023\/09\/zamek-ksiaz-szlak-zamkow-piastowskich.jpeg\" alt=\"zamek ksi\u0105\u017c szlak zamk\u00f3w piastowskich \" class=\"wp-image-24285\" width=\"840\" height=\"560\" srcset=\"https:\/\/www.skalnik.pl\/blog\/wp-content\/uploads\/2023\/09\/zamek-ksiaz-szlak-zamkow-piastowskich.jpeg 1024w, https:\/\/www.skalnik.pl\/blog\/wp-content\/uploads\/2023\/09\/zamek-ksiaz-szlak-zamkow-piastowskich-300x200.jpeg 300w, https:\/\/www.skalnik.pl\/blog\/wp-content\/uploads\/2023\/09\/zamek-ksiaz-szlak-zamkow-piastowskich-768x512.jpeg 768w\" sizes=\"auto, (max-width: 840px) 100vw, 840px\" \/><figcaption class=\"wp-element-caption\"><em>Na szlaku znajduje si\u0119 jeden z najwi\u0119kszych zamk\u00f3w w Polsce &#8211; Zamek Ksi\u0105\u017c. <\/em><\/figcaption><\/figure>\n<\/div>\n\n\n<p>Stary Ksi\u0105\u017c to ruiny, przez kt\u00f3re prowadzi zielony szlak zamkowy. Wbrew nazwie nie stoi tu poprzednik w\u0142a\u015bciwego Ksi\u0105\u017ca. Te pozosta\u0142o\u015bci (troch\u0119 bardziej okaza\u0142e ni\u017c dzisiejsze) zbudowano u progu XIX w. jako\u2026 ruiny \u2013 w ramach mody na takie tajemnicze, gotyckie miejsca.<\/p>\n\n\n\n<h3 class=\"wp-block-heading\"><span class=\"ez-toc-section\" id=\"Zamek_Roztoka\"><\/span>Zamek Roztoka<span class=\"ez-toc-section-end\"><\/span><\/h3>\n\n\n\n<p>Zamek ten nie le\u017cy bezpo\u015brednio na szlaku (bo nie ma piastowskiego rodowodu), ale zaledwie 4 km od K\u0142aczyny (w kt\u00f3rej ruiny zamku s\u0105 ju\u017c szcz\u0105tkowe). W przesz\u0142o\u015bci zamek Roztoka nale\u017ca\u0142 do tej samej hrabiowskiej rodziny co Ksi\u0105\u017c \u2013 von Hochberg. Podobnie jak w Ksi\u0105\u017cu m\u0119scy potomkowie nosili imiona Hans Heinrich, \u017ceby jednak odr\u00f3\u017cni\u0107 famili\u0119 Roztoki od Ksi\u0105\u017ca tutejsi spadkobiercy mieli numery parzyste (w Ksi\u0105\u017cu \u2013 nieparzyste). Dzi\u015b zamek jest w\u0142asno\u015bci\u0105 prywatn\u0105, ale udost\u0119pnian\u0105 do zwiedzania i na bie\u017c\u0105co prowadzone s\u0105 w nim prace restauratorskie.<\/p>\n\n\n<div class=\"wp-block-image\">\n<figure class=\"aligncenter size-full\"><img loading=\"lazy\" decoding=\"async\" width=\"1024\" height=\"1024\" src=\"https:\/\/www.skalnik.pl\/blog\/wp-content\/uploads\/2023\/09\/IMG20221126205233.jpg\" alt=\"zamek noc\u0105 pod\u015bwietlony\" class=\"wp-image-24250\" srcset=\"https:\/\/www.skalnik.pl\/blog\/wp-content\/uploads\/2023\/09\/IMG20221126205233.jpg 1024w, https:\/\/www.skalnik.pl\/blog\/wp-content\/uploads\/2023\/09\/IMG20221126205233-300x300.jpg 300w, https:\/\/www.skalnik.pl\/blog\/wp-content\/uploads\/2023\/09\/IMG20221126205233-768x768.jpg 768w\" sizes=\"auto, (max-width: 1024px) 100vw, 1024px\" \/><figcaption class=\"wp-element-caption\"><em>Noc\u0105 zamek Roztoka prezentuje si\u0119 niemal jak w czasach swojej \u015bwietno\u015bci<\/em><\/figcaption><\/figure>\n<\/div>\n\n\n<h3 class=\"wp-block-heading\"><span class=\"ez-toc-section\" id=\"Zamek_Bolkow_i_Zamek_Swiny\"><\/span>Zamek Bolk\u00f3w i Zamek \u015awiny<span class=\"ez-toc-section-end\"><\/span><\/h3>\n\n\n\n<p>Zamek Bolk\u00f3w tak jak przed wiekami g\u00f3ruje nad miasteczkiem o tej samej nazwie. Dzi\u015b to dobrze zachowane ruiny, kt\u00f3rych najstarsze cz\u0119\u015bci (w tym np. 25-metrowa wie\u017ca) maj\u0105 700-letni\u0105 histori\u0119. &nbsp;Mury dawnych pomieszcze\u0144 wci\u0105\u017c maj\u0105 kilkana\u015bcie metr\u00f3w wysoko\u015bci i cho\u0107 straci\u0142y dachy oraz stropy, wci\u0105\u017c mo\u017cna wyobrazi\u0107 sobie, jak wygl\u0105da\u0142y Zadaszona do dzi\u015b cz\u0119\u015b\u0107 zamku to tzw. dom niewiast z charakterystycznymi kru\u017cgankami.<\/p>\n\n\n<div class=\"wp-block-image\">\n<figure class=\"aligncenter size-full\"><img loading=\"lazy\" decoding=\"async\" width=\"1024\" height=\"683\" src=\"https:\/\/www.skalnik.pl\/blog\/wp-content\/uploads\/2023\/09\/bolkow.jpg\" alt=\"widok z lotu ptaka na zamek Bolk\u00f3w, na drugim planie miasto Bolk\u00f3w\" class=\"wp-image-24241\" srcset=\"https:\/\/www.skalnik.pl\/blog\/wp-content\/uploads\/2023\/09\/bolkow.jpg 1024w, https:\/\/www.skalnik.pl\/blog\/wp-content\/uploads\/2023\/09\/bolkow-300x200.jpg 300w, https:\/\/www.skalnik.pl\/blog\/wp-content\/uploads\/2023\/09\/bolkow-768x512.jpg 768w\" sizes=\"auto, (max-width: 1024px) 100vw, 1024px\" \/><figcaption class=\"wp-element-caption\"><em>Zamek Bolk\u00f3w dzi\u015b, tak jak przed wiekami g\u00f3ruje na miastem o tej samej samej nazwie<\/em>.<\/figcaption><\/figure>\n<\/div>\n\n\n<p>Niedaleko Bolkowa znajduje si\u0119 zamek \u015awiny. Z daleka wida\u0107 wie\u017c\u0119 przykryt\u0105 dachem. To koleje ruiny na szlaku, ale ca\u0142kiem nie\u017ale zachowane i udost\u0119pnione latem do zwiedzania (niestety bez wie\u017cy). W swojej historii zamek cz\u0119sto zmienia\u0142 w\u0142a\u015bcicieli, a zapomniany przez wielkie rody popad\u0142 w ruin\u0119 ju\u017c w XIX w.<\/p>\n\n\n\n<h3 class=\"wp-block-heading\"><span class=\"ez-toc-section\" id=\"Zamek_Bolczow_i_Zamek_Sokolec\"><\/span>Zamek Bolcz\u00f3w i Zamek Sokolec<span class=\"ez-toc-section-end\"><\/span><\/h3>\n\n\n\n<p>Rudawy Janowickie i G\u00f3ry Sokole mo\u017ce s\u0105 niewielkie, ale na pewno bardzo urokliwe i jedyne w swoim rodzaju. Jest tu tyle ciekawych szlak\u00f3w, ska\u0142, punkt\u00f3w widokowych, \u017ce trzymanie si\u0119 tylko zielonego szlaku to walka z pokusami. Z dumnego zamku zamku rodu Bolcze, od kt\u00f3rego warownia wzi\u0119\u0142a nazw\u0119, zosta\u0142y ruiny, ale do\u015b\u0107 dobrze zachowane. Mo\u017cna spacerowa\u0107 po dawnym dziedzi\u0144cu, spojrze\u0107 w g\u0142\u0105b zamkowej studni albo wspi\u0105\u0107 si\u0119 na dawne mury.<\/p>\n\n\n<div class=\"wp-block-image\">\n<figure class=\"aligncenter size-full is-resized\"><img loading=\"lazy\" decoding=\"async\" src=\"https:\/\/www.skalnik.pl\/blog\/wp-content\/uploads\/2023\/09\/bolczow.jpg\" alt=\"drewniany most a za nim ruiny kamiennego zamku Bolcz\u00f3w\" class=\"wp-image-24245\" width=\"840\" height=\"840\" srcset=\"https:\/\/www.skalnik.pl\/blog\/wp-content\/uploads\/2023\/09\/bolczow.jpg 1024w, https:\/\/www.skalnik.pl\/blog\/wp-content\/uploads\/2023\/09\/bolczow-300x300.jpg 300w, https:\/\/www.skalnik.pl\/blog\/wp-content\/uploads\/2023\/09\/bolczow-768x768.jpg 768w\" sizes=\"auto, (max-width: 840px) 100vw, 840px\" \/><figcaption class=\"wp-element-caption\"><em>Brama wjazdowa do zamku Bolcz\u00f3w<\/em><\/figcaption><\/figure>\n<\/div>\n\n\n<p>Przepi\u0119kne widoki na Sudety, w tym zamykaj\u0105ce horyzont Karkonosze rozci\u0105gaj\u0105 si\u0119 z Krzy\u017cnej G\u00f3ry, na kt\u00f3rej szczycie od niemal 200 lat stoi 6-metrowy \u017celazny krzy\u017c. Warto tu wej\u015b\u0107, ale wcze\u015bniej rozejrze\u0107 si\u0119 wok\u00f3\u0142. Trzeba mie\u0107 bystre oko i sporo fantazji, by stoj\u0105c u st\u00f3p Krzy\u017cnej G\u00f3ry wyobrazi\u0107 sobie zamek Sokolec, kt\u00f3ry wznosi\u0142 si\u0119 tutaj przed wiekami. Zosta\u0142y po nim zaledwie niewielkie murki. Historycy podejrzewaj\u0105, \u017ce na jego wz\u00f3r wzniesiono zamek Bolcz\u00f3w.&nbsp;&nbsp;<\/p>\n\n\n<div class=\"wp-block-image\">\n<figure class=\"aligncenter size-full\"><img loading=\"lazy\" decoding=\"async\" width=\"1024\" height=\"768\" src=\"https:\/\/www.skalnik.pl\/blog\/wp-content\/uploads\/2023\/09\/krzyzsna.jpg\" alt=\"widok w oddali szczyty Karkonoszy\" class=\"wp-image-24246\" srcset=\"https:\/\/www.skalnik.pl\/blog\/wp-content\/uploads\/2023\/09\/krzyzsna.jpg 1024w, https:\/\/www.skalnik.pl\/blog\/wp-content\/uploads\/2023\/09\/krzyzsna-300x225.jpg 300w, https:\/\/www.skalnik.pl\/blog\/wp-content\/uploads\/2023\/09\/krzyzsna-768x576.jpg 768w\" sizes=\"auto, (max-width: 1024px) 100vw, 1024px\" \/><figcaption class=\"wp-element-caption\"><em>Jesienny widok z Krzy\u017cnej G\u00f3ry na Kotlin\u0119 Jeleniog\u00f3rsk\u0105 i Karkonosze<\/em><\/figcaption><\/figure>\n<\/div>\n\n\n<h3 class=\"wp-block-heading\"><span class=\"ez-toc-section\" id=\"Siedlecin_i_okolice\"><\/span>Siedl\u0119cin (i okolice)<span class=\"ez-toc-section-end\"><\/span><\/h3>\n\n\n\n<p>W Siedl\u0119cinie od XIV wieku stoi wie\u017ca mieszkalna (wie\u017ca ksi\u0105\u017c\u0119ca). Nie jest to cz\u0119\u015b\u0107 zamku tylko jednocze\u015bnie dom i miejsce obrony, dopiero z czasem postawiono obok dodatkowe budynki. Wn\u0119trze wie\u017cy zadziwia jeszcze bardziej, bo w komnatach na drugim pi\u0119trze odkryto, a potem pieczo\u0142owicie odrestaurowano niezwyk\u0142e polichromie. To \u015bredniowieczne przedstawienie legendy o sir Lancelocie z jeziora, czyli jakby nie patrze\u0107 historia \u015bwiecka pochodz\u0105ca z epoki bardzo religijnej.<\/p>\n\n\n<div class=\"wp-block-image\">\n<figure class=\"aligncenter size-full\"><img loading=\"lazy\" decoding=\"async\" width=\"1024\" height=\"768\" src=\"https:\/\/www.skalnik.pl\/blog\/wp-content\/uploads\/2023\/09\/IMG_20200808_133006.jpg\" alt=\"zabudowania, najwy\u017csze ma kszta\u0142t wie\u017cy, pokryte jest dachem, obok ro\u015bnie drzewo\" class=\"wp-image-24247\" srcset=\"https:\/\/www.skalnik.pl\/blog\/wp-content\/uploads\/2023\/09\/IMG_20200808_133006.jpg 1024w, https:\/\/www.skalnik.pl\/blog\/wp-content\/uploads\/2023\/09\/IMG_20200808_133006-300x225.jpg 300w, https:\/\/www.skalnik.pl\/blog\/wp-content\/uploads\/2023\/09\/IMG_20200808_133006-768x576.jpg 768w\" sizes=\"auto, (max-width: 1024px) 100vw, 1024px\" \/><figcaption class=\"wp-element-caption\"><em>Wie\u017ca ksi\u0105\u017c\u0119ca w Siedl\u0119cinie<\/em><\/figcaption><\/figure>\n<\/div>\n\n\n<p>Tu\u017c przed (albo za) Siedl\u0119cinem, na skarpie wyrastaj\u0105cej nad Jezioro Modre stoi go\u015bciniec Per\u0142a Zachodu, w kt\u00f3rym kr\u00f3tki odpoczynek z cudownymi widokami jest absolutnym obowi\u0105zkiem. Warto te\u017c odbi\u0107 z zielonego szlaku w drodze do\/z Pokrzywnika i przej\u015b\u0107 si\u0119 po wielkiej zaporze Pilchowickiej, kt\u00f3ra zatrzymuje wody rzeki B\u00f3br tworz\u0105c malownicze jezioro Pilchowickie.<\/p>\n\n\n\n<h3 class=\"wp-block-heading\"><span class=\"ez-toc-section\" id=\"Zamek_Wlen_Lenno\"><\/span>Zamek Wle\u0144 (Lenno)<span class=\"ez-toc-section-end\"><\/span><\/h3>\n\n\n\n<p>To jeden z najstarszych (dolno)\u015bl\u0105skich murowanych zamk\u00f3w zbudowany w po\u0142owie XII w. (cho\u0107 jego datowanie nie jest pewne). Jak wiele innych przechodzi\u0142 z r\u0105k do r\u0105k, by\u0142 siedzib\u0105 rycerzy-rabusi\u00f3w, czyli raubritter\u00f3w, by\u0142 broniony i zdobywany podczas wojen. Ostatecznie wysadzono go w powietrze pod koniec wojny trzydziestoletniej. Kamienie z pozosta\u0142o\u015bci zamkowych pos\u0142u\u017cy\u0142y do budowy pa\u0142acu i ko\u015bcio\u0142a, kt\u00f3re mija si\u0119 w drodze na zamkowe wzg\u00f3rze. Szlak ruiny omija, trzeba wi\u0119c ko\u0142o ko\u015bci\u00f3\u0142ka lekko odbi\u0107, by zobaczy\u0107 to, co z dumnego zamku zosta\u0142o do dzi\u015b. Nie jest tego wiele, ale tabliczki informacyjne przybli\u017caj\u0105 nieco rozk\u0142ad budynk\u00f3w.<\/p>\n\n\n<div class=\"wp-block-image\">\n<figure class=\"aligncenter size-full\"><img loading=\"lazy\" decoding=\"async\" width=\"1024\" height=\"683\" src=\"https:\/\/www.skalnik.pl\/blog\/wp-content\/uploads\/2023\/09\/wlen.jpg\" alt=\"\" class=\"wp-image-24243\" srcset=\"https:\/\/www.skalnik.pl\/blog\/wp-content\/uploads\/2023\/09\/wlen.jpg 1024w, https:\/\/www.skalnik.pl\/blog\/wp-content\/uploads\/2023\/09\/wlen-300x200.jpg 300w, https:\/\/www.skalnik.pl\/blog\/wp-content\/uploads\/2023\/09\/wlen-768x512.jpg 768w\" sizes=\"auto, (max-width: 1024px) 100vw, 1024px\" \/><figcaption class=\"wp-element-caption\"><em>Jeden z najstarszych piastowskich zamk\u00f3w to dzi\u015b ruiny, wyobra\u017cenie \u015bwietno\u015bci zamku Wle\u0144 lenno to dobre \u0107wiczenie wyobra\u017ani<\/em><\/figcaption><\/figure>\n<\/div>\n\n\n<h3 class=\"wp-block-heading\"><span class=\"ez-toc-section\" id=\"Zamek_Grodziec\"><\/span>Zamek Grodziec<span class=\"ez-toc-section-end\"><\/span><\/h3>\n\n\n\n<p>Najbardziej wysuni\u0119ty na zach\u00f3d z piastowskich zamk\u00f3w stoi na wzg\u00f3rzu. Jego wielka sylwetka prze\u015bwituje pomi\u0119dzy koronami drzew. Jest stary, a w swojej historii by\u0142 wiele razy przebudowywany i ulepszany. Odbywa\u0142y si\u0119 tu turnieje rycerskie i spotkania mo\u017cnych. Wysadzony w powietrze w czasie wojny trzydziestoletniej nie ucierpia\u0142 tak bardzo jak zamek Wle\u0144, zosta\u0142 zabezpieczony, lekko odbudowany i\u2026 udost\u0119pniony turystom, bo akurat zaczyna\u0142a si\u0119 moda za stare zamczyska. Du\u017c\u0105 odbudow\u0119 Grodziec zamek zaliczy\u0142 u progu XX wieku, cho\u0107 wizja architekta \u2013 kt\u00f3r\u0105 dzi\u015b wida\u0107 \u2013 rozmija\u0142a si\u0119 z histori\u0105 tego miejsca. &nbsp;<\/p>\n\n\n<div class=\"wp-block-image\">\n<figure class=\"aligncenter size-full\"><img loading=\"lazy\" decoding=\"async\" width=\"1024\" height=\"683\" src=\"https:\/\/www.skalnik.pl\/blog\/wp-content\/uploads\/2023\/09\/grodziec.jpg\" alt=\"zdj\u0119cie z lotu ptaka na zamek Grodziec\" class=\"wp-image-24240\" srcset=\"https:\/\/www.skalnik.pl\/blog\/wp-content\/uploads\/2023\/09\/grodziec.jpg 1024w, https:\/\/www.skalnik.pl\/blog\/wp-content\/uploads\/2023\/09\/grodziec-300x200.jpg 300w, https:\/\/www.skalnik.pl\/blog\/wp-content\/uploads\/2023\/09\/grodziec-768x512.jpg 768w\" sizes=\"auto, (max-width: 1024px) 100vw, 1024px\" \/><figcaption class=\"wp-element-caption\"><em>Po ostatnim remoncie dachy zamku Grodziec s\u0105 z daleka widoczne<\/em>.<\/figcaption><\/figure>\n<\/div>\n\n\n<p>Zar\u00f3wno Szlak Zamk\u00f3w Piastowskich, jak i Szlak Orlich Gniazd to szlaki d\u0142ugodystansowe, kt\u00f3re poprowadzono w stosunkowo \u0142atwym i dost\u0119pnym terenie. Ich pokonanie w ca\u0142o\u015bci zajmuje kilka dni, ale s\u0105 te\u017c \u015bwietnym pomys\u0142em na seri\u0119 tematycznych, jednodniowych wycieczek. Do czasu w\u0119dr\u00f3wki dobrze b\u0119dzie doliczy\u0107 troch\u0119 czasu na zwiedzanie mijanych zamk\u00f3w lub ruin.<\/p>\n\n\n\n<figure class=\"wp-block-image size-full\"><a href=\"https:\/\/www.skalnik.pl\" target=\"_blank\" rel=\"noreferrer noopener\"><img loading=\"lazy\" decoding=\"async\" width=\"1024\" height=\"250\" src=\"https:\/\/www.skalnik.pl\/blog\/wp-content\/uploads\/2023\/05\/Baner-blog_skalnik_1024x250pxA.jpg\" alt=\"\" class=\"wp-image-23052\" srcset=\"https:\/\/www.skalnik.pl\/blog\/wp-content\/uploads\/2023\/05\/Baner-blog_skalnik_1024x250pxA.jpg 1024w, https:\/\/www.skalnik.pl\/blog\/wp-content\/uploads\/2023\/05\/Baner-blog_skalnik_1024x250pxA-300x73.jpg 300w, https:\/\/www.skalnik.pl\/blog\/wp-content\/uploads\/2023\/05\/Baner-blog_skalnik_1024x250pxA-768x188.jpg 768w\" sizes=\"auto, (max-width: 1024px) 100vw, 1024px\" \/><\/a><\/figure>\n","protected":false},"excerpt":{"rendered":"<p>D\u0142ugodystansowy Szlak Zamk\u00f3w Piastowskich to pomys\u0142 na kilkudniow\u0105 w\u0119dr\u00f3wk\u0119 z dodatkiem zabytkowych zamk\u00f3w i ruin.<\/p>\n","protected":false},"author":9,"featured_media":24277,"comment_status":"closed","ping_status":"closed","sticky":false,"template":"","format":"standard","meta":{"_acf_changed":false,"footnotes":""},"categories":[84],"tags":[210],"magento_category":[],"magento_product":[],"class_list":["post-24238","post","type-post","status-publish","format-standard","has-post-thumbnail","hentry","category-pasja","tag-turystyka"],"acf":[],"aioseo_notices":[],"aioseo_head":"\n\t\t<!-- All in One SEO 4.9.10 - aioseo.com -->\n\t<meta name=\"description\" content=\"Wyrusz na d\u0142ugodystansowy szlak - Szlak Zamk\u00f3w Piastowskich. Czekaj\u0105 zamki, ruiny i du\u017ca dawka sudeckich krajobraz\u00f3w. W\u0119druj od Zamku Grodziec po Grodno\" \/>\n\t<meta name=\"robots\" content=\"max-image-preview:large\" \/>\n\t<meta name=\"author\" content=\"Beata Nawrotkiewicz\"\/>\n\t<link rel=\"canonical\" href=\"https:\/\/www.skalnik.pl\/blog\/szlak-zamkow-piastowskich\/\" \/>\n\t<meta name=\"generator\" content=\"All in One SEO (AIOSEO) 4.9.10\" \/>\n\t\t<meta property=\"og:locale\" content=\"pl_PL\" \/>\n\t\t<meta property=\"og:site_name\" content=\"blog Skalnik - Blog, porady, artyku\u0142y - blog Skalnik\" \/>\n\t\t<meta property=\"og:type\" content=\"article\" \/>\n\t\t<meta property=\"og:title\" content=\"Szlak Zamk\u00f3w Piastowskich - blog Skalnik\" \/>\n\t\t<meta property=\"og:description\" content=\"Wyrusz na d\u0142ugodystansowy szlak - Szlak Zamk\u00f3w Piastowskich. Czekaj\u0105 zamki, ruiny i du\u017ca dawka sudeckich krajobraz\u00f3w. W\u0119druj od Zamku Grodziec po Grodno\" \/>\n\t\t<meta property=\"og:url\" content=\"https:\/\/www.skalnik.pl\/blog\/szlak-zamkow-piastowskich\/\" \/>\n\t\t<meta property=\"og:image\" content=\"https:\/\/www.skalnik.pl\/blog\/wp-content\/uploads\/2023\/09\/grodno.jpg\" \/>\n\t\t<meta property=\"og:image:secure_url\" content=\"https:\/\/www.skalnik.pl\/blog\/wp-content\/uploads\/2023\/09\/grodno.jpg\" \/>\n\t\t<meta property=\"og:image:width\" content=\"1024\" \/>\n\t\t<meta property=\"og:image:height\" content=\"683\" \/>\n\t\t<meta property=\"article:tag\" content=\"pasja\" \/>\n\t\t<meta property=\"article:tag\" content=\"turystyka\" \/>\n\t\t<meta property=\"article:published_time\" content=\"2023-09-29T07:30:22+00:00\" \/>\n\t\t<meta property=\"article:modified_time\" content=\"2024-04-17T07:41:39+00:00\" \/>\n\t\t<meta name=\"twitter:card\" content=\"summary_large_image\" \/>\n\t\t<meta name=\"twitter:title\" content=\"Szlak Zamk\u00f3w Piastowskich - blog Skalnik\" \/>\n\t\t<meta name=\"twitter:description\" content=\"Wyrusz na d\u0142ugodystansowy szlak - Szlak Zamk\u00f3w Piastowskich. Czekaj\u0105 zamki, ruiny i du\u017ca dawka sudeckich krajobraz\u00f3w. W\u0119druj od Zamku Grodziec po Grodno\" \/>\n\t\t<meta name=\"twitter:image\" content=\"https:\/\/www.skalnik.pl\/blog\/wp-content\/uploads\/2023\/09\/grodno.jpg\" \/>\n\t\t<script type=\"application\/ld+json\" class=\"aioseo-schema\">\n\t\t\t{\"@context\":\"https:\\\/\\\/schema.org\",\"@graph\":[{\"@type\":\"BlogPosting\",\"@id\":\"https:\\\/\\\/www.skalnik.pl\\\/blog\\\/szlak-zamkow-piastowskich\\\/#blogposting\",\"name\":\"Szlak Zamk\\u00f3w Piastowskich - blog Skalnik\",\"headline\":\"Szlak Zamk\\u00f3w Piastowskich\",\"author\":{\"@id\":\"https:\\\/\\\/www.skalnik.pl\\\/blog\\\/author\\\/beata-nawrotkiewicz\\\/#author\"},\"publisher\":{\"@id\":\"https:\\\/\\\/www.skalnik.pl\\\/blog\\\/#organization\"},\"image\":{\"@type\":\"ImageObject\",\"url\":\"https:\\\/\\\/www.skalnik.pl\\\/blog\\\/wp-content\\\/uploads\\\/2023\\\/09\\\/bolkow-tytulowe.jpg\",\"width\":1920,\"height\":705,\"caption\":\"default\"},\"datePublished\":\"2023-09-29T09:30:22+02:00\",\"dateModified\":\"2024-04-17T09:41:39+02:00\",\"inLanguage\":\"pl-PL\",\"mainEntityOfPage\":{\"@id\":\"https:\\\/\\\/www.skalnik.pl\\\/blog\\\/szlak-zamkow-piastowskich\\\/#webpage\"},\"isPartOf\":{\"@id\":\"https:\\\/\\\/www.skalnik.pl\\\/blog\\\/szlak-zamkow-piastowskich\\\/#webpage\"},\"articleSection\":\"Pasja, turystyka\"},{\"@type\":\"BreadcrumbList\",\"@id\":\"https:\\\/\\\/www.skalnik.pl\\\/blog\\\/szlak-zamkow-piastowskich\\\/#breadcrumblist\",\"itemListElement\":[{\"@type\":\"ListItem\",\"@id\":\"https:\\\/\\\/www.skalnik.pl\\\/blog#listItem\",\"position\":1,\"name\":\"Home\",\"item\":\"https:\\\/\\\/www.skalnik.pl\\\/blog\",\"nextItem\":{\"@type\":\"ListItem\",\"@id\":\"https:\\\/\\\/www.skalnik.pl\\\/blog\\\/.\\\/pasja\\\/#listItem\",\"name\":\"Pasja\"}},{\"@type\":\"ListItem\",\"@id\":\"https:\\\/\\\/www.skalnik.pl\\\/blog\\\/.\\\/pasja\\\/#listItem\",\"position\":2,\"name\":\"Pasja\",\"item\":\"https:\\\/\\\/www.skalnik.pl\\\/blog\\\/.\\\/pasja\\\/\",\"nextItem\":{\"@type\":\"ListItem\",\"@id\":\"https:\\\/\\\/www.skalnik.pl\\\/blog\\\/szlak-zamkow-piastowskich\\\/#listItem\",\"name\":\"Szlak Zamk\\u00f3w Piastowskich\"},\"previousItem\":{\"@type\":\"ListItem\",\"@id\":\"https:\\\/\\\/www.skalnik.pl\\\/blog#listItem\",\"name\":\"Home\"}},{\"@type\":\"ListItem\",\"@id\":\"https:\\\/\\\/www.skalnik.pl\\\/blog\\\/szlak-zamkow-piastowskich\\\/#listItem\",\"position\":3,\"name\":\"Szlak Zamk\\u00f3w Piastowskich\",\"previousItem\":{\"@type\":\"ListItem\",\"@id\":\"https:\\\/\\\/www.skalnik.pl\\\/blog\\\/.\\\/pasja\\\/#listItem\",\"name\":\"Pasja\"}}]},{\"@type\":\"Organization\",\"@id\":\"https:\\\/\\\/www.skalnik.pl\\\/blog\\\/#organization\",\"name\":\"blog Skalnik\",\"description\":\"Blog, porady, artyku\\u0142y - blog Skalnik\",\"url\":\"https:\\\/\\\/www.skalnik.pl\\\/blog\\\/\"},{\"@type\":\"Person\",\"@id\":\"https:\\\/\\\/www.skalnik.pl\\\/blog\\\/author\\\/beata-nawrotkiewicz\\\/#author\",\"url\":\"https:\\\/\\\/www.skalnik.pl\\\/blog\\\/author\\\/beata-nawrotkiewicz\\\/\",\"name\":\"Beata Nawrotkiewicz\",\"image\":{\"@type\":\"ImageObject\",\"@id\":\"https:\\\/\\\/www.skalnik.pl\\\/blog\\\/szlak-zamkow-piastowskich\\\/#authorImage\",\"url\":\"https:\\\/\\\/secure.gravatar.com\\\/avatar\\\/53cf81cfcc3a81694535515925ffcf159be725e8bd1fb455eeb9e2cadcaa5684?s=96&d=mm&r=g\",\"width\":96,\"height\":96,\"caption\":\"Beata Nawrotkiewicz\"}},{\"@type\":\"WebPage\",\"@id\":\"https:\\\/\\\/www.skalnik.pl\\\/blog\\\/szlak-zamkow-piastowskich\\\/#webpage\",\"url\":\"https:\\\/\\\/www.skalnik.pl\\\/blog\\\/szlak-zamkow-piastowskich\\\/\",\"name\":\"Szlak Zamk\\u00f3w Piastowskich - blog Skalnik\",\"description\":\"Wyrusz na d\\u0142ugodystansowy szlak - Szlak Zamk\\u00f3w Piastowskich. Czekaj\\u0105 zamki, ruiny i du\\u017ca dawka sudeckich krajobraz\\u00f3w. W\\u0119druj od Zamku Grodziec po Grodno\",\"inLanguage\":\"pl-PL\",\"isPartOf\":{\"@id\":\"https:\\\/\\\/www.skalnik.pl\\\/blog\\\/#website\"},\"breadcrumb\":{\"@id\":\"https:\\\/\\\/www.skalnik.pl\\\/blog\\\/szlak-zamkow-piastowskich\\\/#breadcrumblist\"},\"author\":{\"@id\":\"https:\\\/\\\/www.skalnik.pl\\\/blog\\\/author\\\/beata-nawrotkiewicz\\\/#author\"},\"creator\":{\"@id\":\"https:\\\/\\\/www.skalnik.pl\\\/blog\\\/author\\\/beata-nawrotkiewicz\\\/#author\"},\"image\":{\"@type\":\"ImageObject\",\"url\":\"https:\\\/\\\/www.skalnik.pl\\\/blog\\\/wp-content\\\/uploads\\\/2023\\\/09\\\/bolkow-tytulowe.jpg\",\"@id\":\"https:\\\/\\\/www.skalnik.pl\\\/blog\\\/szlak-zamkow-piastowskich\\\/#mainImage\",\"width\":1920,\"height\":705,\"caption\":\"default\"},\"primaryImageOfPage\":{\"@id\":\"https:\\\/\\\/www.skalnik.pl\\\/blog\\\/szlak-zamkow-piastowskich\\\/#mainImage\"},\"datePublished\":\"2023-09-29T09:30:22+02:00\",\"dateModified\":\"2024-04-17T09:41:39+02:00\"},{\"@type\":\"WebSite\",\"@id\":\"https:\\\/\\\/www.skalnik.pl\\\/blog\\\/#website\",\"url\":\"https:\\\/\\\/www.skalnik.pl\\\/blog\\\/\",\"name\":\"blog Skalnik\",\"description\":\"Blog, porady, artyku\\u0142y - blog Skalnik\",\"inLanguage\":\"pl-PL\",\"publisher\":{\"@id\":\"https:\\\/\\\/www.skalnik.pl\\\/blog\\\/#organization\"}}]}\n\t\t<\/script>\n\t\t<!-- All in One SEO -->\n\n","aioseo_head_json":{"title":"Szlak Zamk\u00f3w Piastowskich - blog Skalnik","description":"Wyrusz na d\u0142ugodystansowy szlak - Szlak Zamk\u00f3w Piastowskich. Czekaj\u0105 zamki, ruiny i du\u017ca dawka sudeckich krajobraz\u00f3w. W\u0119druj od Zamku Grodziec po Grodno","canonical_url":"https:\/\/www.skalnik.pl\/blog\/szlak-zamkow-piastowskich\/","robots":"max-image-preview:large","keywords":"","webmasterTools":{"miscellaneous":""},"schema":{"@context":"https:\/\/schema.org","@graph":[{"@type":"BlogPosting","@id":"https:\/\/www.skalnik.pl\/blog\/szlak-zamkow-piastowskich\/#blogposting","name":"Szlak Zamk\u00f3w Piastowskich - blog Skalnik","headline":"Szlak Zamk\u00f3w Piastowskich","author":{"@id":"https:\/\/www.skalnik.pl\/blog\/author\/beata-nawrotkiewicz\/#author"},"publisher":{"@id":"https:\/\/www.skalnik.pl\/blog\/#organization"},"image":{"@type":"ImageObject","url":"https:\/\/www.skalnik.pl\/blog\/wp-content\/uploads\/2023\/09\/bolkow-tytulowe.jpg","width":1920,"height":705,"caption":"default"},"datePublished":"2023-09-29T09:30:22+02:00","dateModified":"2024-04-17T09:41:39+02:00","inLanguage":"pl-PL","mainEntityOfPage":{"@id":"https:\/\/www.skalnik.pl\/blog\/szlak-zamkow-piastowskich\/#webpage"},"isPartOf":{"@id":"https:\/\/www.skalnik.pl\/blog\/szlak-zamkow-piastowskich\/#webpage"},"articleSection":"Pasja, turystyka"},{"@type":"BreadcrumbList","@id":"https:\/\/www.skalnik.pl\/blog\/szlak-zamkow-piastowskich\/#breadcrumblist","itemListElement":[{"@type":"ListItem","@id":"https:\/\/www.skalnik.pl\/blog#listItem","position":1,"name":"Home","item":"https:\/\/www.skalnik.pl\/blog","nextItem":{"@type":"ListItem","@id":"https:\/\/www.skalnik.pl\/blog\/.\/pasja\/#listItem","name":"Pasja"}},{"@type":"ListItem","@id":"https:\/\/www.skalnik.pl\/blog\/.\/pasja\/#listItem","position":2,"name":"Pasja","item":"https:\/\/www.skalnik.pl\/blog\/.\/pasja\/","nextItem":{"@type":"ListItem","@id":"https:\/\/www.skalnik.pl\/blog\/szlak-zamkow-piastowskich\/#listItem","name":"Szlak Zamk\u00f3w Piastowskich"},"previousItem":{"@type":"ListItem","@id":"https:\/\/www.skalnik.pl\/blog#listItem","name":"Home"}},{"@type":"ListItem","@id":"https:\/\/www.skalnik.pl\/blog\/szlak-zamkow-piastowskich\/#listItem","position":3,"name":"Szlak Zamk\u00f3w Piastowskich","previousItem":{"@type":"ListItem","@id":"https:\/\/www.skalnik.pl\/blog\/.\/pasja\/#listItem","name":"Pasja"}}]},{"@type":"Organization","@id":"https:\/\/www.skalnik.pl\/blog\/#organization","name":"blog Skalnik","description":"Blog, porady, artyku\u0142y - blog Skalnik","url":"https:\/\/www.skalnik.pl\/blog\/"},{"@type":"Person","@id":"https:\/\/www.skalnik.pl\/blog\/author\/beata-nawrotkiewicz\/#author","url":"https:\/\/www.skalnik.pl\/blog\/author\/beata-nawrotkiewicz\/","name":"Beata Nawrotkiewicz","image":{"@type":"ImageObject","@id":"https:\/\/www.skalnik.pl\/blog\/szlak-zamkow-piastowskich\/#authorImage","url":"https:\/\/secure.gravatar.com\/avatar\/53cf81cfcc3a81694535515925ffcf159be725e8bd1fb455eeb9e2cadcaa5684?s=96&d=mm&r=g","width":96,"height":96,"caption":"Beata Nawrotkiewicz"}},{"@type":"WebPage","@id":"https:\/\/www.skalnik.pl\/blog\/szlak-zamkow-piastowskich\/#webpage","url":"https:\/\/www.skalnik.pl\/blog\/szlak-zamkow-piastowskich\/","name":"Szlak Zamk\u00f3w Piastowskich - blog Skalnik","description":"Wyrusz na d\u0142ugodystansowy szlak - Szlak Zamk\u00f3w Piastowskich. Czekaj\u0105 zamki, ruiny i du\u017ca dawka sudeckich krajobraz\u00f3w. W\u0119druj od Zamku Grodziec po Grodno","inLanguage":"pl-PL","isPartOf":{"@id":"https:\/\/www.skalnik.pl\/blog\/#website"},"breadcrumb":{"@id":"https:\/\/www.skalnik.pl\/blog\/szlak-zamkow-piastowskich\/#breadcrumblist"},"author":{"@id":"https:\/\/www.skalnik.pl\/blog\/author\/beata-nawrotkiewicz\/#author"},"creator":{"@id":"https:\/\/www.skalnik.pl\/blog\/author\/beata-nawrotkiewicz\/#author"},"image":{"@type":"ImageObject","url":"https:\/\/www.skalnik.pl\/blog\/wp-content\/uploads\/2023\/09\/bolkow-tytulowe.jpg","@id":"https:\/\/www.skalnik.pl\/blog\/szlak-zamkow-piastowskich\/#mainImage","width":1920,"height":705,"caption":"default"},"primaryImageOfPage":{"@id":"https:\/\/www.skalnik.pl\/blog\/szlak-zamkow-piastowskich\/#mainImage"},"datePublished":"2023-09-29T09:30:22+02:00","dateModified":"2024-04-17T09:41:39+02:00"},{"@type":"WebSite","@id":"https:\/\/www.skalnik.pl\/blog\/#website","url":"https:\/\/www.skalnik.pl\/blog\/","name":"blog Skalnik","description":"Blog, porady, artyku\u0142y - blog Skalnik","inLanguage":"pl-PL","publisher":{"@id":"https:\/\/www.skalnik.pl\/blog\/#organization"}}]},"og:locale":"pl_PL","og:site_name":"blog Skalnik - Blog, porady, artyku\u0142y - blog Skalnik","og:type":"article","og:title":"Szlak Zamk\u00f3w Piastowskich - blog Skalnik","og:description":"Wyrusz na d\u0142ugodystansowy szlak - Szlak Zamk\u00f3w Piastowskich. Czekaj\u0105 zamki, ruiny i du\u017ca dawka sudeckich krajobraz\u00f3w. W\u0119druj od Zamku Grodziec po Grodno","og:url":"https:\/\/www.skalnik.pl\/blog\/szlak-zamkow-piastowskich\/","og:image":"https:\/\/www.skalnik.pl\/blog\/wp-content\/uploads\/2023\/09\/grodno.jpg","og:image:secure_url":"https:\/\/www.skalnik.pl\/blog\/wp-content\/uploads\/2023\/09\/grodno.jpg","og:image:width":1024,"og:image:height":683,"article:tag":["pasja","turystyka"],"article:published_time":"2023-09-29T07:30:22+00:00","article:modified_time":"2024-04-17T07:41:39+00:00","twitter:card":"summary_large_image","twitter:title":"Szlak Zamk\u00f3w Piastowskich - blog Skalnik","twitter:description":"Wyrusz na d\u0142ugodystansowy szlak - Szlak Zamk\u00f3w Piastowskich. Czekaj\u0105 zamki, ruiny i du\u017ca dawka sudeckich krajobraz\u00f3w. W\u0119druj od Zamku Grodziec po Grodno","twitter:image":"https:\/\/www.skalnik.pl\/blog\/wp-content\/uploads\/2023\/09\/grodno.jpg"},"aioseo_meta_data":{"post_id":"24238","title":null,"description":"Wyrusz na d\u0142ugodystansowy szlak - Szlak Zamk\u00f3w Piastowskich. Czekaj\u0105 zamki, ruiny i du\u017ca dawka sudeckich krajobraz\u00f3w. W\u0119druj od Zamku Grodziec po Grodno","keywords":[],"keyphrases":{"focus":{"keyphrase":"szlak zamk\u00f3w piastowskich","score":90,"analysis":{"keyphraseInTitle":{"score":9,"maxScore":9,"error":0},"keyphraseInDescription":{"score":9,"maxScore":9,"error":0},"keyphraseLength":{"score":9,"maxScore":9,"error":0,"length":3},"keyphraseInURL":{"score":5,"maxScore":5,"error":0},"keyphraseInIntroduction":{"score":9,"maxScore":9,"error":0},"keyphraseInSubHeadings":{"score":3,"maxScore":9,"error":1},"keyphraseInImageAlt":{"score":9,"maxScore":9,"error":0}}},"additional":[]},"primary_term":null,"canonical_url":null,"og_title":null,"og_description":null,"og_object_type":"default","og_image_type":"default","og_image_url":null,"og_image_width":null,"og_image_height":null,"og_image_custom_url":null,"og_image_custom_fields":null,"og_video":"","og_custom_url":null,"og_article_section":null,"og_article_tags":[],"twitter_use_og":false,"twitter_card":"default","twitter_image_type":"default","twitter_image_url":null,"twitter_image_custom_url":null,"twitter_image_custom_fields":null,"twitter_title":null,"twitter_description":null,"schema":{"blockGraphs":[],"customGraphs":[],"default":{"data":{"Article":[],"Course":[],"Dataset":[],"FAQPage":[],"Movie":[],"Person":[],"Product":[],"ProductReview":[],"Car":[],"Recipe":[],"Service":[],"SoftwareApplication":[],"WebPage":[]},"graphName":"","isEnabled":true},"graphs":[]},"schema_type":"default","schema_type_options":null,"pillar_content":false,"robots_default":true,"robots_noindex":false,"robots_noarchive":false,"robots_nosnippet":false,"robots_nofollow":false,"robots_noimageindex":false,"robots_noodp":false,"robots_notranslate":false,"robots_max_snippet":"-1","robots_max_videopreview":"-1","robots_max_imagepreview":"large","priority":null,"frequency":"default","local_seo":null,"breadcrumb_settings":null,"limit_modified_date":false,"ai":null,"created":"2023-09-17 20:47:59","updated":"2026-02-17 22:44:59","seo_analyzer_scan_date":null},"aioseo_breadcrumb":"<div class=\"aioseo-breadcrumbs\"><span class=\"aioseo-breadcrumb\">\n\t\t\t<a href=\"https:\/\/www.skalnik.pl\/blog\" title=\"Home\">Home<\/a>\n\t\t<\/span><span class=\"aioseo-breadcrumb-separator\">&raquo;<\/span><span class=\"aioseo-breadcrumb\">\n\t\t\t<a href=\"https:\/\/www.skalnik.pl\/blog\/.\/pasja\/\" title=\"Pasja\">Pasja<\/a>\n\t\t<\/span><span class=\"aioseo-breadcrumb-separator\">&raquo;<\/span><span class=\"aioseo-breadcrumb\">\n\t\t\tSzlak Zamk\u00f3w Piastowskich\n\t\t<\/span><\/div>","aioseo_breadcrumb_json":[{"label":"Home","link":"https:\/\/www.skalnik.pl\/blog"},{"label":"Pasja","link":"https:\/\/www.skalnik.pl\/blog\/.\/pasja\/"},{"label":"Szlak Zamk\u00f3w Piastowskich","link":"https:\/\/www.skalnik.pl\/blog\/szlak-zamkow-piastowskich\/"}],"_links":{"self":[{"href":"https:\/\/www.skalnik.pl\/blog\/wp-json\/wp\/v2\/posts\/24238","targetHints":{"allow":["GET"]}}],"collection":[{"href":"https:\/\/www.skalnik.pl\/blog\/wp-json\/wp\/v2\/posts"}],"about":[{"href":"https:\/\/www.skalnik.pl\/blog\/wp-json\/wp\/v2\/types\/post"}],"author":[{"embeddable":true,"href":"https:\/\/www.skalnik.pl\/blog\/wp-json\/wp\/v2\/users\/9"}],"replies":[{"embeddable":true,"href":"https:\/\/www.skalnik.pl\/blog\/wp-json\/wp\/v2\/comments?post=24238"}],"version-history":[{"count":19,"href":"https:\/\/www.skalnik.pl\/blog\/wp-json\/wp\/v2\/posts\/24238\/revisions"}],"predecessor-version":[{"id":24396,"href":"https:\/\/www.skalnik.pl\/blog\/wp-json\/wp\/v2\/posts\/24238\/revisions\/24396"}],"wp:featuredmedia":[{"embeddable":true,"href":"https:\/\/www.skalnik.pl\/blog\/wp-json\/wp\/v2\/media\/24277"}],"wp:attachment":[{"href":"https:\/\/www.skalnik.pl\/blog\/wp-json\/wp\/v2\/media?parent=24238"}],"wp:term":[{"taxonomy":"category","embeddable":true,"href":"https:\/\/www.skalnik.pl\/blog\/wp-json\/wp\/v2\/categories?post=24238"},{"taxonomy":"post_tag","embeddable":true,"href":"https:\/\/www.skalnik.pl\/blog\/wp-json\/wp\/v2\/tags?post=24238"},{"taxonomy":"magento_category","embeddable":true,"href":"https:\/\/www.skalnik.pl\/blog\/wp-json\/wp\/v2\/magento_category?post=24238"},{"taxonomy":"magento_product","embeddable":true,"href":"https:\/\/www.skalnik.pl\/blog\/wp-json\/wp\/v2\/magento_product?post=24238"}],"curies":[{"name":"wp","href":"https:\/\/api.w.org\/{rel}","templated":true}]}}