{"id":24466,"date":"2023-10-10T15:18:21","date_gmt":"2023-10-10T13:18:21","guid":{"rendered":"https:\/\/www.skalnik.pl\/blog\/?p=24466"},"modified":"2023-11-22T13:16:01","modified_gmt":"2023-11-22T11:16:01","slug":"mountain-equipment-spodnie-i-kurtki-gore-tex","status":"publish","type":"post","link":"https:\/\/www.skalnik.pl\/blog\/mountain-equipment-spodnie-i-kurtki-gore-tex\/","title":{"rendered":"Mountain Equipment \u2013 spodnie i kurtki GORE-TEX"},"content":{"rendered":"\n<p><strong>Mountain Equipment nale\u017cy do grona firm z bran\u017cy outdoor o d\u0142ugiej tradycji i ugruntowanym wizerunku producenta dbaj\u0105cego o jako\u015b\u0107. Marka kurs ten obra\u0142a ju\u017c dawno temu, wprowadzaj\u0105c na rynek w roku 1977 opart\u0105 na membranie GORE-TEX kurtk\u0119 Cascade. Up\u0142yw czasu poskutkowa\u0142 udoskonaleniem technologii, zar\u00f3wno w kwestii produkowanych pod mark\u0105 GORE-TEX membran, jak i kroju i funkcjonalno\u015bci wykonywanej z nich odzie\u017cy.<\/strong><\/p>\n\n\n\n<p>Dzi\u015b nie ma ju\u017c jednego \u201egoretexu\u201d. Filozofia uprawiania sport\u00f3w outdoorowych uleg\u0142a rozszczepieniu na wiele odmiennych pr\u0105d\u00f3w, co spowodowa\u0142o zr\u00f3\u017cnicowanie wymaga\u0144 stawianych ubraniom. Na szcz\u0119\u015bcie zar\u00f3wno GORE-TEX, jak i Mountain Equipment nad\u0105\u017caj\u0105 za trendami i oferuj\u0105 produkty o zr\u00f3\u017cnicowanej charakterystyce, kt\u00f3rych wsp\u00f3ln\u0105 cech\u0105 jest wysoka jako\u015b\u0107.<\/p>\n\n\n\n<p class=\"has-white-color has-vivid-cyan-blue-background-color has-text-color has-background\">Zobacz wszystkie produkty marki &#8211;&gt; <strong><a href=\"https:\/\/www.skalnik.pl\/mountain-equipment\" target=\"_blank\" rel=\"noopener\" title=\"\">Mountain Equipment<\/a><\/strong>.<\/p>\n\n\n\n<div id=\"ez-toc-container\" class=\"ez-toc-v2_0_85 counter-hierarchy ez-toc-counter ez-toc-light-blue ez-toc-container-direction\">\n<div class=\"ez-toc-title-container\">\n<p class=\"ez-toc-title\" style=\"cursor:inherit\">SPIS TRE\u015aCI <\/p>\n<span class=\"ez-toc-title-toggle\"><a href=\"#\" class=\"ez-toc-pull-right ez-toc-btn ez-toc-btn-xs ez-toc-btn-default ez-toc-toggle\" aria-label=\"Prze\u0142\u0105cznik Spisu Tre\u015bci\"><span class=\"ez-toc-js-icon-con\"><span class=\"\"><span class=\"eztoc-hide\" style=\"display:none;\">Toggle<\/span><span class=\"ez-toc-icon-toggle-span\"><svg style=\"fill: #999;color:#999\" xmlns=\"http:\/\/www.w3.org\/2000\/svg\" class=\"list-377408\" width=\"20px\" height=\"20px\" viewBox=\"0 0 24 24\" fill=\"none\"><path d=\"M6 6H4v2h2V6zm14 0H8v2h12V6zM4 11h2v2H4v-2zm16 0H8v2h12v-2zM4 16h2v2H4v-2zm16 0H8v2h12v-2z\" fill=\"currentColor\"><\/path><\/svg><svg style=\"fill: #999;color:#999\" class=\"arrow-unsorted-368013\" xmlns=\"http:\/\/www.w3.org\/2000\/svg\" width=\"10px\" height=\"10px\" viewBox=\"0 0 24 24\" version=\"1.2\" baseProfile=\"tiny\"><path d=\"M18.2 9.3l-6.2-6.3-6.2 6.3c-.2.2-.3.4-.3.7s.1.5.3.7c.2.2.4.3.7.3h11c.3 0 .5-.1.7-.3.2-.2.3-.5.3-.7s-.1-.5-.3-.7zM5.8 14.7l6.2 6.3 6.2-6.3c.2-.2.3-.5.3-.7s-.1-.5-.3-.7c-.2-.2-.4-.3-.7-.3h-11c-.3 0-.5.1-.7.3-.2.2-.3.5-.3.7s.1.5.3.7z\"\/><\/svg><\/span><\/span><\/span><\/a><\/span><\/div>\n<nav><ul class='ez-toc-list ez-toc-list-level-1 ' ><li class='ez-toc-page-1 ez-toc-heading-level-2'><a class=\"ez-toc-link ez-toc-heading-1\" href=\"https:\/\/www.skalnik.pl\/blog\/mountain-equipment-spodnie-i-kurtki-gore-tex\/#GORE-TEX_%E2%80%93_jedna_marka_rozne_membrany\" >GORE-TEX \u2013 jedna marka, r\u00f3\u017cne membrany<\/a><\/li><li class='ez-toc-page-1 ez-toc-heading-level-2'><a class=\"ez-toc-link ez-toc-heading-2\" href=\"https:\/\/www.skalnik.pl\/blog\/mountain-equipment-spodnie-i-kurtki-gore-tex\/#Jaka_kurtka_Mountain_Equipment\" >Jaka kurtka Mountain Equipment?<\/a><\/li><li class='ez-toc-page-1 ez-toc-heading-level-2'><a class=\"ez-toc-link ez-toc-heading-3\" href=\"https:\/\/www.skalnik.pl\/blog\/mountain-equipment-spodnie-i-kurtki-gore-tex\/#Kongur_MRT_%E2%80%93_kurtka_dla_zawodowcow\" >Kongur MRT \u2013 kurtka dla zawodowc\u00f3w<\/a><\/li><li class='ez-toc-page-1 ez-toc-heading-level-2'><a class=\"ez-toc-link ez-toc-heading-4\" href=\"https:\/\/www.skalnik.pl\/blog\/mountain-equipment-spodnie-i-kurtki-gore-tex\/#Kurtka_Tupilak_%E2%80%93_wybor_wspinaczy_i_alpinistow\" >Kurtka Tupilak \u2013 wyb\u00f3r wspinaczy i alpinist\u00f3w<\/a><\/li><li class='ez-toc-page-1 ez-toc-heading-level-2'><a class=\"ez-toc-link ez-toc-heading-5\" href=\"https:\/\/www.skalnik.pl\/blog\/mountain-equipment-spodnie-i-kurtki-gore-tex\/#Kurtki_Lhotse_oraz_Manaslu_%E2%80%93_wybor_na_najbardziej_wymagajace_szlaki\" >Kurtki Lhotse oraz Manaslu \u2013 wyb\u00f3r na najbardziej wymagaj\u0105ce szlaki<\/a><\/li><li class='ez-toc-page-1 ez-toc-heading-level-2'><a class=\"ez-toc-link ez-toc-heading-6\" href=\"https:\/\/www.skalnik.pl\/blog\/mountain-equipment-spodnie-i-kurtki-gore-tex\/#Kurtka_Mountain_Equipment_Changabang_%E2%80%93_dla_entuzjastow_sportow_zimowych\" >Kurtka Mountain Equipment Changabang \u2013 dla entuzjast\u00f3w sport\u00f3w zimowych<\/a><\/li><li class='ez-toc-page-1 ez-toc-heading-level-2'><a class=\"ez-toc-link ez-toc-heading-7\" href=\"https:\/\/www.skalnik.pl\/blog\/mountain-equipment-spodnie-i-kurtki-gore-tex\/#Shivling_oraz_Nanda_Devi_%E2%80%93_lekkie_i_caloroczne\" >Shivling oraz Nanda Devi \u2013 lekkie i ca\u0142oroczne<\/a><\/li><li class='ez-toc-page-1 ez-toc-heading-level-2'><a class=\"ez-toc-link ez-toc-heading-8\" href=\"https:\/\/www.skalnik.pl\/blog\/mountain-equipment-spodnie-i-kurtki-gore-tex\/#Kurtki_Rupal_oraz_Makalu_%E2%80%93_uniwersalne_ale_z_pazurem\" >Kurtki Rupal oraz Makalu \u2013 uniwersalne, ale z pazurem!<\/a><\/li><li class='ez-toc-page-1 ez-toc-heading-level-2'><a class=\"ez-toc-link ez-toc-heading-9\" href=\"https:\/\/www.skalnik.pl\/blog\/mountain-equipment-spodnie-i-kurtki-gore-tex\/#Kurtka_Firefox_%E2%80%93_lekkosc_i_podwyzszona_oddychalnosc\" >Kurtka Firefox \u2013 lekko\u015b\u0107 i podwy\u017cszona oddychalno\u015b\u0107<\/a><\/li><li class='ez-toc-page-1 ez-toc-heading-level-2'><a class=\"ez-toc-link ez-toc-heading-10\" href=\"https:\/\/www.skalnik.pl\/blog\/mountain-equipment-spodnie-i-kurtki-gore-tex\/#Kurtka_Firefly_%E2%80%93_druga_skora_dla_gorskich_biegaczy\" >Kurtka Firefly \u2013 druga sk\u00f3ra dla g\u00f3rskich biegaczy<\/a><\/li><li class='ez-toc-page-1 ez-toc-heading-level-2'><a class=\"ez-toc-link ez-toc-heading-11\" href=\"https:\/\/www.skalnik.pl\/blog\/mountain-equipment-spodnie-i-kurtki-gore-tex\/#Kurtki_Mountain_Equipment_do_klasycznej_turystyki\" >Kurtki Mountain Equipment do klasycznej turystyki<\/a><\/li><li class='ez-toc-page-1 ez-toc-heading-level-2'><a class=\"ez-toc-link ez-toc-heading-12\" href=\"https:\/\/www.skalnik.pl\/blog\/mountain-equipment-spodnie-i-kurtki-gore-tex\/#Spodnie_GORE-TEX_marki_Mountain_Equipment\" >Spodnie GORE-TEX marki Mountain Equipment<\/a><\/li><\/ul><\/nav><\/div>\n<h2 class=\"wp-block-heading\"><span class=\"ez-toc-section\" id=\"GORE-TEX_%E2%80%93_jedna_marka_rozne_membrany\"><\/span>GORE-TEX \u2013 jedna marka, r\u00f3\u017cne membrany<span class=\"ez-toc-section-end\"><\/span><\/h2>\n\n\n\n<p>Przez lata rozwoju membran, nast\u0105pi\u0142a znacz\u0105ca ich specjalizacja. Przede wszystkim nast\u0105pi\u0142 podzia\u0142 na membrany dwu- (2L), dwuip\u00f3\u0142- (2,5L) i trzywarstwowe (3L). Nie omin\u0119\u0142o to oczywi\u015bcie r\u00f3wnie\u017c GORE-TEX\u2019u.<\/p>\n\n\n\n<p>Zasadnicza r\u00f3\u017cnica polega na wytrzyma\u0142o\u015bci oraz komforcie noszenia. Coraz cz\u0119\u015bciej w kurtkach turystycznych spotyka si\u0119 l\u017cejsze i bardziej pakowne membrany dwuip\u00f3\u0142warstwowe (2,5L). W membranie dwuwarstwowej (2L) mieli\u015bmy do czynienia z po\u0142\u0105czonym materia\u0142em zewn\u0119trznym i membran\u0105 oraz z lu\u017an\u0105, oddzielon\u0105 od nich podszewk\u0105. Membrany 2,5L sk\u0142adaj\u0105 si\u0119 z zewn\u0119trznej, ochronnej warstwy tkaniny, w\u0142a\u015bciwej membrany oraz cienkiej warstewki ochronnej od wewn\u0105trz. Dla odmiany, membrana trzywarstwowa zamiast wewn\u0119trznej pow\u0142oki posiada zintegrowan\u0105, cienk\u0105 podszewk\u0119.<\/p>\n\n\n\n<p>W efekcie membrany 2.5L s\u0105 mniej przyjemne w dotyku oraz mniej trwa\u0142e, ale znacznie l\u017cejsze, bardziej pakowne i idealne do awaryjnych zastosowa\u0144. Stanowi\u0105 zatem idealne rozwi\u0105zanie, kiedy kurtk\u0119 czy spodnie przeciwdeszczowe traktujemy jako zestaw \u201ena wszelki wypadek\u201d, sp\u0119dzaj\u0105cy wi\u0119kszo\u015b\u0107 czasu w plecaku.<\/p>\n\n\n<div class=\"wp-block-image\">\n<figure class=\"aligncenter size-full\"><img loading=\"lazy\" decoding=\"async\" width=\"1024\" height=\"683\" src=\"https:\/\/www.skalnik.pl\/blog\/wp-content\/uploads\/2023\/10\/gore-tex-membrana-kurtka-Niestandardowy.jpg\" alt=\"\" class=\"wp-image-24469\" srcset=\"https:\/\/www.skalnik.pl\/blog\/wp-content\/uploads\/2023\/10\/gore-tex-membrana-kurtka-Niestandardowy.jpg 1024w, https:\/\/www.skalnik.pl\/blog\/wp-content\/uploads\/2023\/10\/gore-tex-membrana-kurtka-Niestandardowy-300x200.jpg 300w, https:\/\/www.skalnik.pl\/blog\/wp-content\/uploads\/2023\/10\/gore-tex-membrana-kurtka-Niestandardowy-768x512.jpg 768w\" sizes=\"auto, (max-width: 1024px) 100vw, 1024px\" \/><figcaption class=\"wp-element-caption\"><em>GORE-TEX\u00ae to znak bezkompromisowej ochrony. (fot. Mountain Equipment)<\/em><\/figcaption><\/figure>\n<\/div>\n\n\n<p>W sytuacji, kiedy planujemy dzia\u0142anie niezale\u017cnie od pogody i przewidujemy, \u017ce noszenie warstwy przeciwdeszczowej (hardshell) b\u0119dzie norm\u0105, zdecydowanie lepiej sprawdzi si\u0119 membrana typu 3L. Szczeg\u00f3lnym typem tr\u00f3jwarstwowej membrany GORE-TEX jest linia Pro, charakteryzuj\u0105ca si\u0119 podwy\u017cszon\u0105 wytrzyma\u0142o\u015bci\u0105. Sprawdzi si\u0119 zw\u0142aszcza tam, gdzie nasza odzie\u017c jest nara\u017cona na uszkodzenia mechaniczne, na przyk\u0142ad w taternictwie.<\/p>\n\n\n\n<p>Niezale\u017cnie od konkretnego rodzaju membrany, kurtka GORE-TEX od dawna kojarzy si\u0119 z solidn\u0105 ochron\u0105 przeciwdeszczow\u0105.<\/p>\n\n\n<div class=\"wp-block-image\">\n<figure class=\"aligncenter size-full\"><img loading=\"lazy\" decoding=\"async\" width=\"1024\" height=\"683\" src=\"https:\/\/www.skalnik.pl\/blog\/wp-content\/uploads\/2023\/10\/HamishFrost_2022_HFrost-ME-AW22-0412BenNevis-GORE-Medium-Niestandardowy.jpg\" alt=\"kurtka goretex mountain equipment\" class=\"wp-image-24468\" srcset=\"https:\/\/www.skalnik.pl\/blog\/wp-content\/uploads\/2023\/10\/HamishFrost_2022_HFrost-ME-AW22-0412BenNevis-GORE-Medium-Niestandardowy.jpg 1024w, https:\/\/www.skalnik.pl\/blog\/wp-content\/uploads\/2023\/10\/HamishFrost_2022_HFrost-ME-AW22-0412BenNevis-GORE-Medium-Niestandardowy-300x200.jpg 300w, https:\/\/www.skalnik.pl\/blog\/wp-content\/uploads\/2023\/10\/HamishFrost_2022_HFrost-ME-AW22-0412BenNevis-GORE-Medium-Niestandardowy-768x512.jpg 768w\" sizes=\"auto, (max-width: 1024px) 100vw, 1024px\" \/><figcaption class=\"wp-element-caption\"><em>Kurtki Mountain Equipment to kurtki do zada\u0144 specjalnych.<\/em> <em>(fot. Mountain Equipment)<\/em><\/figcaption><\/figure>\n<\/div>\n\n\n<h2 class=\"wp-block-heading\"><span class=\"ez-toc-section\" id=\"Jaka_kurtka_Mountain_Equipment\"><\/span>Jaka kurtka Mountain Equipment?<span class=\"ez-toc-section-end\"><\/span><\/h2>\n\n\n\n<p>Obecna oferta marki to a\u017c trzyna\u015bcie modeli kurtek z membran\u0105 GORE-TEX, w tym dziesi\u0119\u0107 produkowanych zar\u00f3wno w wersji m\u0119skiej jak i damskiej, dwa modele wyst\u0119puj\u0105ce tylko w wersji m\u0119skiej oraz jeden model stworzony specjalnie dla kobiet. Tak szeroki wyb\u00f3r pozwoli dopasowa\u0107 kurtk\u0119 zar\u00f3wno pod wzgl\u0119dem funkcjonalnym, jak i estetycznym. Przyjrzyjmy si\u0119 poszczeg\u00f3lnym modelom.<\/p>\n\n\n\n<h2 class=\"wp-block-heading\"><span class=\"ez-toc-section\" id=\"Kongur_MRT_%E2%80%93_kurtka_dla_zawodowcow\"><\/span>Kongur MRT \u2013 kurtka dla zawodowc\u00f3w<span class=\"ez-toc-section-end\"><\/span><\/h2>\n\n\n\n<p>Jest to najsolidniejsza propozycja marki Mountain Equipment. Kurtka Kongur MRT stworzona zosta\u0142a z my\u015bl\u0105 o zespo\u0142ach ratownictwa g\u00f3rskiego. Nie jest to jednak jedyne jej zastosowanie. My\u015bl\u0105 przewodni\u0105 by\u0142o zapewnienie maksymalnej ochrony, ale i trwa\u0142o\u015bci, zatem jest to najbardziej oczywisty wyb\u00f3r dla os\u00f3b pracuj\u0105cych w g\u00f3rach \u2013 przewodnik\u00f3w czy ratownik\u00f3w, ale te\u017c dla wszystkich przebywaj\u0105cych w terenie cz\u0119sto i potrzebuj\u0105cych naprawd\u0119 solidnej kurtki, kt\u00f3ra bez utraty w\u0142a\u015bciwo\u015bci zniesie du\u017cy przebieg.<\/p>\n\n\n\n<p>Wykonanie z tr\u00f3jwarstwowego laminatu GORE-TEX Pro 100D ze wzmocnieniami z GORE-TEX\u2019u Pro 150D czyni\u0105 z kurtki Kongur prawdziwy pancerz, nie tylko chroni\u0105cy nas od najbardziej nieprzyjaznych warunk\u00f3w atmosferycznych, lecz tak\u017ce bardzo odporny na uszkodzenia mechaniczne.<\/p>\n\n\n\n<p>Kaptur Super Alpine HC Hood jest odpowiedni do noszenia na kasku, a cztery du\u017ce, laserowo wycinane kieszenie zewn\u0119trzne zapewniaj\u0105 sporo miejsca na niezb\u0119dne drobiazgi. Ca\u0142o\u015b\u0107 uzupe\u0142nia kiesze\u0144 wewn\u0119trzna oraz wywietrzniki pod pachami. Kurtk\u0119 wyposa\u017cono ponadto w elementy odblaskowe.<\/p>\n\n\n<div class=\"wp-block-image\">\n<figure class=\"aligncenter size-full\"><img loading=\"lazy\" decoding=\"async\" width=\"1024\" height=\"681\" src=\"https:\/\/www.skalnik.pl\/blog\/wp-content\/uploads\/2023\/10\/tupilak-gtx-mountain-equipment.jpg\" alt=\"alpinizm kurtka tupilak mountain equipment\" class=\"wp-image-24477\" srcset=\"https:\/\/www.skalnik.pl\/blog\/wp-content\/uploads\/2023\/10\/tupilak-gtx-mountain-equipment.jpg 1024w, https:\/\/www.skalnik.pl\/blog\/wp-content\/uploads\/2023\/10\/tupilak-gtx-mountain-equipment-300x200.jpg 300w, https:\/\/www.skalnik.pl\/blog\/wp-content\/uploads\/2023\/10\/tupilak-gtx-mountain-equipment-768x511.jpg 768w\" sizes=\"auto, (max-width: 1024px) 100vw, 1024px\" \/><figcaption class=\"wp-element-caption\"><em>Kurtka Tupilak skrojona dla najambitniejszych u\u017cytkownik\u00f3w. (fot. Mountain Equipment)<\/em><\/figcaption><\/figure>\n<\/div>\n\n\n<h2 class=\"wp-block-heading\"><span class=\"ez-toc-section\" id=\"Kurtka_Tupilak_%E2%80%93_wybor_wspinaczy_i_alpinistow\"><\/span>Kurtka Tupilak \u2013 wyb\u00f3r wspinaczy i alpinist\u00f3w<span class=\"ez-toc-section-end\"><\/span><\/h2>\n\n\n\n<p>Model ten stworzono z my\u015bl\u0105 o wspinaczach. Tr\u00f3jwarstwowy GORE-TEX PRO 80D gwarantuje niezwyk\u0142\u0105 wytrzyma\u0142o\u015b\u0107 mechaniczn\u0105, pozwalaj\u0105c skupi\u0107 si\u0119 na pokonywanej drodze, bez obaw o stan naszej kurtki. Kr\u00f3j kurtki Mountain Equipment jest minimalistyczny \u2013 ograniczono si\u0119 tu do dw\u00f3ch kieszeni zewn\u0119trznych, umiejscowionych tak, aby by\u0107 dost\u0119pne r\u00f3wnie\u017c podczas u\u017cywania uprz\u0119\u017cy wspinaczkowej. Dodatkowa kiesze\u0144 wewn\u0119trzna s\u0142u\u017cy do bezpiecznego przechowywania drobnych przedmiot\u00f3w. Kaptur wykonany w unikalnej technologii Super Alpine HC Hood stworzony jest do wsp\u00f3\u0142pracy z kaskiem. Tupilak to topowy model do najbardziej ekstremalnych zastosowa\u0144!<\/p>\n\n\n\n<h2 class=\"wp-block-heading\"><span class=\"ez-toc-section\" id=\"Kurtki_Lhotse_oraz_Manaslu_%E2%80%93_wybor_na_najbardziej_wymagajace_szlaki\"><\/span>Kurtki Lhotse oraz Manaslu \u2013 wyb\u00f3r na najbardziej wymagaj\u0105ce szlaki<span class=\"ez-toc-section-end\"><\/span><\/h2>\n\n\n\n<p>Kurtki te, to w istocie odpowiadaj\u0105ce sobie modele w wersji m\u0119skiej (kurtka Lhotse) oraz damskiej (kurtka Manaslu). Wykonane s\u0105 z wytrzyma\u0142ego GORE-TEX\u2019u PRO 40D oraz 80D (wzmocnienia w newralgicznych miejscach). Kr\u00f3j Lhotse oraz Manaslu jest zoptymalizowany pod k\u0105tem ambitnego trekkingu.<\/p>\n\n\n\n<p>W kurtkach mamy tu do czynienia z trzema kieszeniami zewn\u0119trznymi \u2013 dwiema bocznymi oraz kieszeni\u0105 napoleo\u0144sk\u0105. Kaptur uszyty jest w technologii Mountain HC Hood. Kurtki te doskonale sprawdz\u0105 si\u0119 w turystyce g\u00f3rskiej, r\u00f3wnie\u017c w jej najbardziej ambitnych formach.<\/p>\n\n\n<div class=\"wp-block-image\">\n<figure class=\"aligncenter size-full\"><img loading=\"lazy\" decoding=\"async\" width=\"1024\" height=\"660\" src=\"https:\/\/www.skalnik.pl\/blog\/wp-content\/uploads\/2023\/10\/kurtka-lhotse-mountain-equipment.jpg\" alt=\"kurtka lhotse goretex\" class=\"wp-image-24475\" srcset=\"https:\/\/www.skalnik.pl\/blog\/wp-content\/uploads\/2023\/10\/kurtka-lhotse-mountain-equipment.jpg 1024w, https:\/\/www.skalnik.pl\/blog\/wp-content\/uploads\/2023\/10\/kurtka-lhotse-mountain-equipment-300x193.jpg 300w, https:\/\/www.skalnik.pl\/blog\/wp-content\/uploads\/2023\/10\/kurtka-lhotse-mountain-equipment-768x495.jpg 768w\" sizes=\"auto, (max-width: 1024px) 100vw, 1024px\" \/><figcaption class=\"wp-element-caption\"><em>Kurtka Mountain Equipment Lhotse na najbardziej wymagaj\u0105ce szlaki. (fot. Mountain Equipment)<\/em><\/figcaption><\/figure>\n<\/div>\n\n\n<h2 class=\"wp-block-heading\"><span class=\"ez-toc-section\" id=\"Kurtka_Mountain_Equipment_Changabang_%E2%80%93_dla_entuzjastow_sportow_zimowych\"><\/span>Kurtka Mountain Equipment Changabang \u2013 dla entuzjast\u00f3w sport\u00f3w zimowych<span class=\"ez-toc-section-end\"><\/span><\/h2>\n\n\n\n<p>Kurtka Changabang to propozycja dla mi\u0142o\u015bnik\u00f3w narciarstwa w ka\u017cdym wydaniu, w szczeg\u00f3lno\u015bci jednak skialpinist\u00f3w i skiturowc\u00f3w. U\u017cycie tr\u00f3jwarstwowego laminatu GORE-TEX Pro 80D i kaptur o kroju Mountain HC Hood tworz\u0105 z tego produktu \u201ezbroj\u0119\u201d na najci\u0119\u017csze g\u00f3rskie wyzwania, a odpinane fartuchy \u015bnie\u017cne i kiesze\u0144 na ski-pass to praktyczne dodatki, podkre\u015blaj\u0105ce jego narciarsk\u0105 specjalizacj\u0119.<\/p>\n\n\n\n<p>Kurtk\u0119 wyposa\u017cono ponadto w cztery laserowo wycinane kieszenie zewn\u0119trzne i kiesze\u0144 wewn\u0119trzn\u0105. Sprawdzi si\u0119 ona tak\u017ce w sportach takich jak wspinaczka lodowa czy mikstowa. Model ten wyst\u0119puje jedynie w wersji m\u0119skiej.<\/p>\n\n\n\n<h2 class=\"wp-block-heading\"><span class=\"ez-toc-section\" id=\"Shivling_oraz_Nanda_Devi_%E2%80%93_lekkie_i_caloroczne\"><\/span>Shivling oraz Nanda Devi \u2013 lekkie i ca\u0142oroczne<span class=\"ez-toc-section-end\"><\/span><\/h2>\n\n\n\n<p>Kurtka Shivling to model \u0142\u0105cz\u0105cy w sobie lekko\u015b\u0107 i doskona\u0142\u0105 ochron\u0119, przeznaczony do ca\u0142orocznego zastosowania. Jest to prosta kurtka, pozbawiona zb\u0119dnych dodatk\u00f3w, dzi\u0119ki czemu uda\u0142o si\u0119 uzyska\u0107 ni\u017csz\u0105 wag\u0119 (410g).<\/p>\n\n\n\n<p>Do uszycia wykorzystano tr\u00f3jwarstwowy laminat GORE-TEX Pro 40D. Kurtka posiada w pe\u0142ni regulowany kaptur o kroju Mountain HC Hood oraz dwie kieszenie zewn\u0119trzne. W cieplejsze dni oddychalno\u015b\u0107 poprawi\u0105 rozpinane wywietrzniki pod pachami.<\/p>\n\n\n\n<p>Kurtka Nanda Devi to kolejny ca\u0142oroczny model trekkingowy. Wyposa\u017cono j\u0105 w dwie kieszenie, wywietrzniki oraz w pe\u0142ni regulowany kaptur. U\u017cyto tu laminatu dwuwarstwowego GORE-TEX 75D. Waga kurtki to 560 g. Model charakteryzuje si\u0119 dwoma du\u017cymi kieszeniami zewn\u0119trznymi oraz jedn\u0105 wewn\u0119trzn\u0105. Tak\u017ce ten model wyposa\u017cono w wywietrzniki pod pachami.<\/p>\n\n\n<div class=\"wp-block-image\">\n<figure class=\"aligncenter size-large\"><img loading=\"lazy\" decoding=\"async\" width=\"1024\" height=\"683\" src=\"https:\/\/www.skalnik.pl\/blog\/wp-content\/uploads\/2023\/10\/kurtka-nanda-devi-goretex-1024x683.jpg\" alt=\"kurtka nanda devi z membran\u0105 goretex\" class=\"wp-image-24470\" srcset=\"https:\/\/www.skalnik.pl\/blog\/wp-content\/uploads\/2023\/10\/kurtka-nanda-devi-goretex-1024x683.jpg 1024w, https:\/\/www.skalnik.pl\/blog\/wp-content\/uploads\/2023\/10\/kurtka-nanda-devi-goretex-300x200.jpg 300w, https:\/\/www.skalnik.pl\/blog\/wp-content\/uploads\/2023\/10\/kurtka-nanda-devi-goretex-768x512.jpg 768w, https:\/\/www.skalnik.pl\/blog\/wp-content\/uploads\/2023\/10\/kurtka-nanda-devi-goretex.jpg 1200w\" sizes=\"auto, (max-width: 1024px) 100vw, 1024px\" \/><figcaption class=\"wp-element-caption\"><em>Kurtka Nanda Devi to model idealny dla os\u00f3b poszukuj\u0105cych modelu na trekking w ka\u017cdych warunkach.<\/em> <em>(fot. Mountain Equipment)<\/em><\/figcaption><\/figure>\n<\/div>\n\n\n<h2 class=\"wp-block-heading\"><span class=\"ez-toc-section\" id=\"Kurtki_Rupal_oraz_Makalu_%E2%80%93_uniwersalne_ale_z_pazurem\"><\/span>Kurtki Rupal oraz Makalu \u2013 uniwersalne, ale z pazurem!<span class=\"ez-toc-section-end\"><\/span><\/h2>\n\n\n\n<p>Dla os\u00f3b potrzebuj\u0105cych jednej kurtki, pokrywaj\u0105cej ca\u0142e spektrum mo\u017cliwych zastosowa\u0144, Mountain Equipment przygotowa\u0142 model Rupal. Ide\u0105 przy\u015bwiecaj\u0105c\u0105 projektantom by\u0142a maksymalna uniwersalno\u015b\u0107. Uszyta z trzywarstwej membrany GORE-TEX 75D posiada dwie du\u017ce zewn\u0119trzne kieszenie oraz regulowany kaptur Mountain HC Hood. Kurtka Rupal pos\u0142u\u017cy doskonale zar\u00f3wno backpackerom jak i osobom podejmuj\u0105cym techniczne, alpejskie wyzwania.<\/p>\n\n\n\n<p>Kurtka Makalu stanowi kompromis pomi\u0119dzy wysok\u0105 wytrzyma\u0142o\u015bci\u0105 i wag\u0105. Wykonano j\u0105 z membrany GORE-TEX 75D w technologii trzywarstwowej. Techniczny kr\u00f3j z dwoma, wysoko ulokowanymi kieszeniami oraz kieszeni\u0105 napoleo\u0144sk\u0105, a tak\u017ce regulowany kaptur predestynuj\u0105 t\u0119 kurtk\u0119 zar\u00f3wno do klasycznego trekkingu, jak i wspinaczki g\u00f3rskiej.<\/p>\n\n\n<div class=\"wp-block-image\">\n<figure class=\"aligncenter size-large\"><img loading=\"lazy\" decoding=\"async\" width=\"1024\" height=\"683\" src=\"https:\/\/www.skalnik.pl\/blog\/wp-content\/uploads\/2023\/10\/nanda-devi-women-1024x683.jpg\" alt=\"\" class=\"wp-image-24471\" srcset=\"https:\/\/www.skalnik.pl\/blog\/wp-content\/uploads\/2023\/10\/nanda-devi-women-1024x683.jpg 1024w, https:\/\/www.skalnik.pl\/blog\/wp-content\/uploads\/2023\/10\/nanda-devi-women-300x200.jpg 300w, https:\/\/www.skalnik.pl\/blog\/wp-content\/uploads\/2023\/10\/nanda-devi-women-768x512.jpg 768w, https:\/\/www.skalnik.pl\/blog\/wp-content\/uploads\/2023\/10\/nanda-devi-women.jpg 1200w\" sizes=\"auto, (max-width: 1024px) 100vw, 1024px\" \/><figcaption class=\"wp-element-caption\"><em>Model Makalu czyli balans pomi\u0119dzy wytrzyma\u0142o\u015bci\u0105 i wag\u0105. (fot. Mountain Equipment)<\/em><\/figcaption><\/figure>\n<\/div>\n\n\n<h2 class=\"wp-block-heading\"><span class=\"ez-toc-section\" id=\"Kurtka_Firefox_%E2%80%93_lekkosc_i_podwyzszona_oddychalnosc\"><\/span>Kurtka Firefox \u2013 lekko\u015b\u0107 i podwy\u017cszona oddychalno\u015b\u0107<span class=\"ez-toc-section-end\"><\/span><\/h2>\n\n\n\n<p>Dzi\u0119ki wykonaniu z lekkiego, trzywarstwowego laminatu GORE TEX Active 2.0 30D, kurtka ta wa\u017cy zaledwie 330 g. Charakteryzuje si\u0119 przy tym podwy\u017cszon\u0105 w stosunku do klasycznych membran oddychalno\u015bci\u0105. Dedykowana jest wszystkim, kt\u00f3rym bliska jest idea <em>fast&amp;light<\/em>. Opr\u00f3cz rozpinanych wywietrznik\u00f3w pod pachami, zastosowano tu tak\u017ce dwie wentylowane kieszenie. Wszystko to w celu umo\u017cliwienia intensywnego ruchu bez ryzyka szybkiego zapocenia si\u0119.<\/p>\n\n\n\n<h2 class=\"wp-block-heading\"><span class=\"ez-toc-section\" id=\"Kurtka_Firefly_%E2%80%93_druga_skora_dla_gorskich_biegaczy\"><\/span>Kurtka Firefly \u2013 druga sk\u00f3ra dla g\u00f3rskich biegaczy<span class=\"ez-toc-section-end\"><\/span><\/h2>\n\n\n\n<p>Ten oparty na trzywarstwowej membranie GORE-TEX Active 2.0 i wykonany z lekkiego materia\u0142u 13D model jest zaskakuj\u0105co lekki i pakowny! Wa\u017cy zaledwie 200 g i doskonale nada si\u0119 jako awaryjne rozwi\u0105zanie trzymane w kamizelce biegowej. Membrana Active zapewnia przy tym podwy\u017cszon\u0105 oddychalno\u015b\u0107, a pojedyncza kiesze\u0144 na klatce piersiowej w zupe\u0142no\u015bci wystarczy na batonika, \u017cele energetyczne oraz telefon.<\/p>\n\n\n\n<p class=\"has-white-color has-vivid-cyan-blue-background-color has-text-color has-background\">Tutaj znajdziesz &#8211;&gt; <strong><a href=\"https:\/\/www.skalnik.pl\/mountain-equipment\/typ_produktu:kurtka\/goretex:tak\" target=\"_blank\" rel=\"noopener\" title=\"\">Mountain Equipment kurtki GORE-TEX<\/a><\/strong><\/p>\n\n\n\n<h2 class=\"wp-block-heading\"><span class=\"ez-toc-section\" id=\"Kurtki_Mountain_Equipment_do_klasycznej_turystyki\"><\/span>Kurtki Mountain Equipment do klasycznej turystyki<span class=\"ez-toc-section-end\"><\/span><\/h2>\n\n\n\n<p>Mountain Equipment to nie tylko specjalistyczne kurtki goretex o mocno technicznym charakterze. R\u00f3wnie\u017c tam, gdzie liczy si\u0119 po prostu solidna ochrona, trwa\u0142o\u015bci prostota sprawdz\u0105 si\u0119 modele tej firmy. Producent oferuje kilka propozycji kurtek og\u00f3lnego zastosowania opartych na cenionej membranie GORE-TEX.<\/p>\n\n\n<div class=\"wp-block-image\">\n<figure class=\"aligncenter size-full\"><img loading=\"lazy\" decoding=\"async\" width=\"1024\" height=\"683\" src=\"https:\/\/www.skalnik.pl\/blog\/wp-content\/uploads\/2023\/10\/kurtka-saltoro-gtx-na-trekking-Niestandardowy.jpg\" alt=\"kurtka przeciwdeszczowa goretex saltoro\" class=\"wp-image-24473\" srcset=\"https:\/\/www.skalnik.pl\/blog\/wp-content\/uploads\/2023\/10\/kurtka-saltoro-gtx-na-trekking-Niestandardowy.jpg 1024w, https:\/\/www.skalnik.pl\/blog\/wp-content\/uploads\/2023\/10\/kurtka-saltoro-gtx-na-trekking-Niestandardowy-300x200.jpg 300w, https:\/\/www.skalnik.pl\/blog\/wp-content\/uploads\/2023\/10\/kurtka-saltoro-gtx-na-trekking-Niestandardowy-768x512.jpg 768w\" sizes=\"auto, (max-width: 1024px) 100vw, 1024px\" \/><figcaption class=\"wp-element-caption\"><em>Saltoro to model lekki i pakowny. Membrana 2,5L \u015bwietnie sprawdzi si\u0119 do zastosowa\u0144 w turystyce. (fot. Mountain Equipment)<\/em><\/figcaption><\/figure>\n<\/div>\n\n\n<p><strong>Kurtka Saltoro<\/strong> to ciekawa, hybrydowa propozycja. Po\u0142\u0105czono tu trzywarstwowy GORE-TEX 75D (w miejscach szczeg\u00f3lnie nara\u017conych na zu\u017cycie) oraz du\u017co l\u017cejszy, 2,5 warstwowy GORE-TEX PACLITE 40D zastosowany w innych miejscach kurtki Mountain Equipment. Kr\u00f3j modelu jest prosty. Kurtka posiada dwie kieszenie oraz rozpinane wywietrzniki pod pachami. Dzi\u0119ki takiemu po\u0142\u0105czeniu uda\u0142o si\u0119 uzyska\u0107 wag\u0119 zaledwie 430 g.<\/p>\n\n\n\t<div class=\"magento-wrapper\">\n\t\t<ul class=\"products\">\n\t\t\t<li class=\"product\">\n\t\n\t\t<div class=\"image\">\n\t\t\t<a href=\"https:\/\/www.skalnik.pl\/kurtka-saltoro-gtx-magma-bracken\" target=\"_self\">\n\t\t\t\t\t\t<img\n\t\t\tsrc=\"https:\/\/www.skalnik.pl\/media\/catalog\/product\/m\/_\/m_23.092021_150_.jpg\"\n\t\t\talt=\"KURTKA SALTORO GTX-MAGMA-BRACKEN\"\n\t\t\t\t\t\t\t\t\/>\n\t\t\t\t\t<\/a>\n\t\t<\/div>\n\n\t\t\n\t\t<a href=\"https:\/\/www.skalnik.pl\/kurtka-saltoro-gtx-magma-bracken\" target=\"_self\"><span class=\"name\">KURTKA SALTORO GTX-MAGMA-BRACKEN<\/span><\/a>\t\n\t\n\t\n\t<div class=\"url\"><a class=\"view-details\" href=\"https:\/\/www.skalnik.pl\/kurtka-saltoro-gtx-magma-bracken\">Zobacz wi\u0119cej <\/a><\/div><\/li>\n<li class=\"product\">\n\t\n\t\t<div class=\"image\">\n\t\t\t<a href=\"https:\/\/www.skalnik.pl\/kurtka-garwhal-gtx-women-raisin-1008339\" target=\"_self\">\n\t\t\t\t\t\t<img\n\t\t\tsrc=\"https:\/\/www.skalnik.pl\/media\/catalog\/product\/k\/u\/kurtka-garwhal-gtx-women-raisin-1008339_2.jpg\"\n\t\t\talt=\"KURTKA GARWHAL GTX WOMEN-RAISIN\"\n\t\t\t\t\t\t\t\t\/>\n\t\t\t\t\t<\/a>\n\t\t<\/div>\n\n\t\t\n\t\t<a href=\"https:\/\/www.skalnik.pl\/kurtka-garwhal-gtx-women-raisin-1008339\" target=\"_self\"><span class=\"name\">KURTKA GARWHAL GTX WOMEN-RAISIN<\/span><\/a>\t\n\t\n\t\n\t<div class=\"url\"><a class=\"view-details\" href=\"https:\/\/www.skalnik.pl\/kurtka-garwhal-gtx-women-raisin-1008339\">Zobacz wi\u0119cej <\/a><\/div><\/li>\n<li class=\"product\">\n\t\n\t\t<div class=\"image\">\n\t\t\t<a href=\"https:\/\/www.skalnik.pl\/kurtka-makalu-gtx-women-mykonos-blue-majolica-blue-1013535\" target=\"_self\">\n\t\t\t\t\t\t<img\n\t\t\tsrc=\"https:\/\/www.skalnik.pl\/media\/catalog\/product\/k\/u\/kurtka-makalu-gtx-women-mykonos-blue-majolica-blue-1013535_2.jpg\"\n\t\t\talt=\"KURTKA MAKALU GTX WOMEN-MYKONOS BLUE-MAJOLICA BLUE\"\n\t\t\t\t\t\t\t\t\/>\n\t\t\t\t\t<\/a>\n\t\t<\/div>\n\n\t\t\n\t\t<a href=\"https:\/\/www.skalnik.pl\/kurtka-makalu-gtx-women-mykonos-blue-majolica-blue-1013535\" target=\"_self\"><span class=\"name\">KURTKA MAKALU GTX WOMEN-MYKONOS BLUE-MAJOLICA BLUE<\/span><\/a>\t\n\t\n\t\n\t<div class=\"url\"><a class=\"view-details\" href=\"https:\/\/www.skalnik.pl\/kurtka-makalu-gtx-women-mykonos-blue-majolica-blue-1013535\">Zobacz wi\u0119cej <\/a><\/div><\/li>\n\t\t<\/ul>\n\t<\/div>\n\n\n\n\n<figure class=\"wp-block-image size-full\"><a href=\"https:\/\/www.skalnik.pl\/mountain-equipment\/\" target=\"_blank\" rel=\"noreferrer noopener\"><img loading=\"lazy\" decoding=\"async\" width=\"1024\" height=\"250\" src=\"https:\/\/www.skalnik.pl\/blog\/wp-content\/uploads\/2023\/10\/sklep-mountain-equipment.jpg\" alt=\"\" class=\"wp-image-24487\" srcset=\"https:\/\/www.skalnik.pl\/blog\/wp-content\/uploads\/2023\/10\/sklep-mountain-equipment.jpg 1024w, https:\/\/www.skalnik.pl\/blog\/wp-content\/uploads\/2023\/10\/sklep-mountain-equipment-300x73.jpg 300w, https:\/\/www.skalnik.pl\/blog\/wp-content\/uploads\/2023\/10\/sklep-mountain-equipment-768x188.jpg 768w\" sizes=\"auto, (max-width: 1024px) 100vw, 1024px\" \/><\/a><\/figure>\n\n\n\n<p><strong>Kurtka Garwhal <\/strong>krojem i zastosowanymi rozwi\u0105zaniami na pierwszy rzut oka bardzo przypomina model Saltoro. Zrezygnowano tu jednak z wywietrznik\u00f3w pod pachami, a ca\u0142o\u015b\u0107 uszyto z dwuip\u00f3\u0142warstwowego GORE-TEX PACLITE. Dzi\u0119ki tak radykalnym krokom uzyskano wag\u0119 zaledwie 340 g. Kurtka sprawdzi si\u0119 zatem \u015bwietnie jako awaryjne rozwi\u0105zanie, kiedy chcemy mie\u0107 w plecaku zabezpieczenie na wypadek deszczu, nie odczuwaj\u0105c przy tym zbyt wiele dodatkowej wagi.<\/p>\n\n\n\n<h2 class=\"wp-block-heading\"><span class=\"ez-toc-section\" id=\"Spodnie_GORE-TEX_marki_Mountain_Equipment\"><\/span>Spodnie GORE-TEX marki Mountain Equipment<span class=\"ez-toc-section-end\"><\/span><\/h2>\n\n\n\n<p>Przeciwdeszczowa ochrona g\u00f3rnej cz\u0119\u015bci cia\u0142a to nie wszystko \u2013 nieprzemakalne, membranowe spodnie uchroni\u0105 nas nie tylko przed zmoczeniem n\u00f3g, ale tak\u017ce przemoczeniem but\u00f3w wod\u0105 wlewaj\u0105c\u0105 si\u0119 przez cholewki.<\/p>\n\n\n\n<p>Mountain Equipment przygotowa\u0142 pi\u0119\u0107 modeli spodni wyposa\u017conych w membrany GORE-TEX. Ich nazwy odpowiadaj\u0105 nazwom opisanych wcze\u015bniej kurtek. R\u00f3wnie\u017c w\u0142a\u015bciwo\u015bci s\u0105 podobne.<\/p>\n\n\n\n<p>Spodnie Mountain Equipment <strong>Kongur MRT<\/strong> stanowi\u0105 zatem pancern\u0105 warstw\u0119 ochronn\u0105 o podwy\u017cszonej wytrzyma\u0142o\u015bci, wyposa\u017con\u0105 w szelki. <strong>Tupilak<\/strong> to kolejny model spodni na szelkach, z wysokim stanem i odpinanymi ochraniaczami przeciw\u015bnie\u017cnymi. Doskonale nadaje si\u0119 do uprawiania zimowej wspinaczki i alpinizmu. Spodnie <strong>Saltoro<\/strong> oraz <strong>Makalu <\/strong>to modele lekkie i minimalistyczne, ze zintegrowanym \u015bci\u0105gaczem w pasie oraz d\u0142ugie na \u00be nogawki zamki. Spodnie <strong>Lhotse<\/strong> \u015bwietnie sprawdz\u0105 si\u0119 w turystyce wysokog\u00f3rskiej \u2013 s\u0105 do\u015b\u0107 lekkie, a kr\u00f3j nogawek u\u0142atwia u\u017cycie ich z butami wysokog\u00f3rskimi. R\u00f3wnie\u017c ten model wyposa\u017cono w d\u0142ugie, boczne zamki na nogawkach. Rozwi\u0105zanie to umo\u017cliwia zak\u0142adanie spodni bez zdejmowania but\u00f3w, co ma ogromne znaczenie w przypadku gwa\u0142townej ulewy.<\/p>\n\n\n\n<p class=\"has-white-color has-vivid-cyan-blue-background-color has-text-color has-background\">Kliknij i zobacz &#8211;&gt; <strong><a href=\"https:\/\/www.skalnik.pl\/mountain-equipment\/typ_produktu:spodnie\/goretex:tak\" target=\"_blank\" rel=\"noopener\" title=\"\">Mountain Equispodnie GORE-TEX <\/a><\/strong><\/p>\n\n\n\n<p>Jak mo\u017cna si\u0119 przekona\u0107 kolekcja na spodnie i kurtki GORE-TEX marki Mountain Equipment jest kompletna. Dzi\u0119ki temu marka odpowiada na potrzeby ka\u017cdego, kto w g\u00f3rach potrzebuje sprawdzonych rozwi\u0105za\u0144.<\/p>\n","protected":false},"excerpt":{"rendered":"<p>Poznaj niezawodne kurtki GORE-TEX\u00ae, poznaj kurtki Mountain Equipment.<\/p>\n","protected":false},"author":39,"featured_media":24467,"comment_status":"closed","ping_status":"closed","sticky":false,"template":"","format":"standard","meta":{"_acf_changed":false,"footnotes":""},"categories":[5],"tags":[157],"magento_category":[],"magento_product":[],"class_list":["post-24466","post","type-post","status-publish","format-standard","has-post-thumbnail","hentry","category-branza","tag-kurtki-gore-tex"],"acf":[],"aioseo_notices":[],"aioseo_head":"\n\t\t<!-- All in One SEO 4.9.10 - aioseo.com -->\n\t<meta name=\"description\" content=\"Sprawd\u017a kurtki GORE-TEX marki Mountain Equipment. To niezawodne kurtki z membran\u0105, kt\u00f3re chroni\u0105 przed opadami deszczu i \u015bniegu. Zobacz jak\u0105 kurtk\u0119 GORE-TEX wybra\u0107\" \/>\n\t<meta name=\"robots\" content=\"max-image-preview:large\" \/>\n\t<meta name=\"author\" content=\"Skadi\"\/>\n\t<link rel=\"canonical\" href=\"https:\/\/www.skalnik.pl\/blog\/mountain-equipment-spodnie-i-kurtki-gore-tex\/\" \/>\n\t<meta name=\"generator\" content=\"All in One SEO (AIOSEO) 4.9.10\" \/>\n\t\t<meta property=\"og:locale\" content=\"pl_PL\" \/>\n\t\t<meta property=\"og:site_name\" content=\"blog Skalnik - Blog, porady, artyku\u0142y - blog Skalnik\" \/>\n\t\t<meta property=\"og:type\" content=\"article\" \/>\n\t\t<meta property=\"og:title\" content=\"Mountain Equipment \u2013 spodnie i kurtki GORE-TEX - blog Skalnik\" \/>\n\t\t<meta property=\"og:description\" content=\"Sprawd\u017a kurtki GORE-TEX marki Mountain Equipment. To niezawodne kurtki z membran\u0105, kt\u00f3re chroni\u0105 przed opadami deszczu i \u015bniegu. Zobacz jak\u0105 kurtk\u0119 GORE-TEX wybra\u0107\" \/>\n\t\t<meta property=\"og:url\" content=\"https:\/\/www.skalnik.pl\/blog\/mountain-equipment-spodnie-i-kurtki-gore-tex\/\" \/>\n\t\t<meta property=\"og:image\" content=\"https:\/\/www.skalnik.pl\/blog\/wp-content\/uploads\/2023\/10\/gore-tex-membrana-kurtka-Niestandardowy.jpg\" \/>\n\t\t<meta property=\"og:image:secure_url\" content=\"https:\/\/www.skalnik.pl\/blog\/wp-content\/uploads\/2023\/10\/gore-tex-membrana-kurtka-Niestandardowy.jpg\" \/>\n\t\t<meta property=\"og:image:width\" content=\"1024\" \/>\n\t\t<meta property=\"og:image:height\" content=\"683\" \/>\n\t\t<meta property=\"article:tag\" content=\"bran\u017ca\" \/>\n\t\t<meta property=\"article:tag\" content=\"kurtki gore-tex\" \/>\n\t\t<meta property=\"article:published_time\" content=\"2023-10-10T13:18:21+00:00\" \/>\n\t\t<meta property=\"article:modified_time\" content=\"2023-11-22T11:16:01+00:00\" \/>\n\t\t<meta name=\"twitter:card\" content=\"summary_large_image\" \/>\n\t\t<meta name=\"twitter:title\" content=\"Mountain Equipment \u2013 spodnie i kurtki GORE-TEX - blog Skalnik\" \/>\n\t\t<meta name=\"twitter:description\" content=\"Sprawd\u017a kurtki GORE-TEX marki Mountain Equipment. To niezawodne kurtki z membran\u0105, kt\u00f3re chroni\u0105 przed opadami deszczu i \u015bniegu. Zobacz jak\u0105 kurtk\u0119 GORE-TEX wybra\u0107\" \/>\n\t\t<meta name=\"twitter:image\" content=\"https:\/\/www.skalnik.pl\/blog\/wp-content\/uploads\/2023\/10\/gore-tex-membrana-kurtka-Niestandardowy.jpg\" \/>\n\t\t<script type=\"application\/ld+json\" class=\"aioseo-schema\">\n\t\t\t{\"@context\":\"https:\\\/\\\/schema.org\",\"@graph\":[{\"@type\":\"BlogPosting\",\"@id\":\"https:\\\/\\\/www.skalnik.pl\\\/blog\\\/mountain-equipment-spodnie-i-kurtki-gore-tex\\\/#blogposting\",\"name\":\"Mountain Equipment \\u2013 spodnie i kurtki GORE-TEX - blog Skalnik\",\"headline\":\"Mountain Equipment \\u2013 spodnie i kurtki GORE-TEX\",\"author\":{\"@id\":\"https:\\\/\\\/www.skalnik.pl\\\/blog\\\/author\\\/skadi\\\/#author\"},\"publisher\":{\"@id\":\"https:\\\/\\\/www.skalnik.pl\\\/blog\\\/#organization\"},\"image\":{\"@type\":\"ImageObject\",\"url\":\"https:\\\/\\\/www.skalnik.pl\\\/blog\\\/wp-content\\\/uploads\\\/2023\\\/10\\\/kurtki-i-spodnie-goretex-mountain-equipment.jpg\",\"width\":1920,\"height\":706},\"datePublished\":\"2023-10-10T15:18:21+02:00\",\"dateModified\":\"2023-11-22T13:16:01+02:00\",\"inLanguage\":\"pl-PL\",\"mainEntityOfPage\":{\"@id\":\"https:\\\/\\\/www.skalnik.pl\\\/blog\\\/mountain-equipment-spodnie-i-kurtki-gore-tex\\\/#webpage\"},\"isPartOf\":{\"@id\":\"https:\\\/\\\/www.skalnik.pl\\\/blog\\\/mountain-equipment-spodnie-i-kurtki-gore-tex\\\/#webpage\"},\"articleSection\":\"Bran\\u017ca, kurtki gore-tex\"},{\"@type\":\"BreadcrumbList\",\"@id\":\"https:\\\/\\\/www.skalnik.pl\\\/blog\\\/mountain-equipment-spodnie-i-kurtki-gore-tex\\\/#breadcrumblist\",\"itemListElement\":[{\"@type\":\"ListItem\",\"@id\":\"https:\\\/\\\/www.skalnik.pl\\\/blog#listItem\",\"position\":1,\"name\":\"Home\",\"item\":\"https:\\\/\\\/www.skalnik.pl\\\/blog\",\"nextItem\":{\"@type\":\"ListItem\",\"@id\":\"https:\\\/\\\/www.skalnik.pl\\\/blog\\\/.\\\/branza\\\/#listItem\",\"name\":\"Bran\\u017ca\"}},{\"@type\":\"ListItem\",\"@id\":\"https:\\\/\\\/www.skalnik.pl\\\/blog\\\/.\\\/branza\\\/#listItem\",\"position\":2,\"name\":\"Bran\\u017ca\",\"item\":\"https:\\\/\\\/www.skalnik.pl\\\/blog\\\/.\\\/branza\\\/\",\"nextItem\":{\"@type\":\"ListItem\",\"@id\":\"https:\\\/\\\/www.skalnik.pl\\\/blog\\\/mountain-equipment-spodnie-i-kurtki-gore-tex\\\/#listItem\",\"name\":\"Mountain Equipment \\u2013 spodnie i kurtki GORE-TEX\"},\"previousItem\":{\"@type\":\"ListItem\",\"@id\":\"https:\\\/\\\/www.skalnik.pl\\\/blog#listItem\",\"name\":\"Home\"}},{\"@type\":\"ListItem\",\"@id\":\"https:\\\/\\\/www.skalnik.pl\\\/blog\\\/mountain-equipment-spodnie-i-kurtki-gore-tex\\\/#listItem\",\"position\":3,\"name\":\"Mountain Equipment \\u2013 spodnie i kurtki GORE-TEX\",\"previousItem\":{\"@type\":\"ListItem\",\"@id\":\"https:\\\/\\\/www.skalnik.pl\\\/blog\\\/.\\\/branza\\\/#listItem\",\"name\":\"Bran\\u017ca\"}}]},{\"@type\":\"Organization\",\"@id\":\"https:\\\/\\\/www.skalnik.pl\\\/blog\\\/#organization\",\"name\":\"blog Skalnik\",\"description\":\"Blog, porady, artyku\\u0142y - blog Skalnik\",\"url\":\"https:\\\/\\\/www.skalnik.pl\\\/blog\\\/\"},{\"@type\":\"Person\",\"@id\":\"https:\\\/\\\/www.skalnik.pl\\\/blog\\\/author\\\/skadi\\\/#author\",\"url\":\"https:\\\/\\\/www.skalnik.pl\\\/blog\\\/author\\\/skadi\\\/\",\"name\":\"Skadi\",\"image\":{\"@type\":\"ImageObject\",\"@id\":\"https:\\\/\\\/www.skalnik.pl\\\/blog\\\/mountain-equipment-spodnie-i-kurtki-gore-tex\\\/#authorImage\",\"url\":\"https:\\\/\\\/secure.gravatar.com\\\/avatar\\\/ae13ef788103b67237116ff6ca11806fd62a3875c2f169205ba46718cec9cfc7?s=96&d=mm&r=g\",\"width\":96,\"height\":96,\"caption\":\"Skadi\"}},{\"@type\":\"WebPage\",\"@id\":\"https:\\\/\\\/www.skalnik.pl\\\/blog\\\/mountain-equipment-spodnie-i-kurtki-gore-tex\\\/#webpage\",\"url\":\"https:\\\/\\\/www.skalnik.pl\\\/blog\\\/mountain-equipment-spodnie-i-kurtki-gore-tex\\\/\",\"name\":\"Mountain Equipment \\u2013 spodnie i kurtki GORE-TEX - blog Skalnik\",\"description\":\"Sprawd\\u017a kurtki GORE-TEX marki Mountain Equipment. To niezawodne kurtki z membran\\u0105, kt\\u00f3re chroni\\u0105 przed opadami deszczu i \\u015bniegu. Zobacz jak\\u0105 kurtk\\u0119 GORE-TEX wybra\\u0107\",\"inLanguage\":\"pl-PL\",\"isPartOf\":{\"@id\":\"https:\\\/\\\/www.skalnik.pl\\\/blog\\\/#website\"},\"breadcrumb\":{\"@id\":\"https:\\\/\\\/www.skalnik.pl\\\/blog\\\/mountain-equipment-spodnie-i-kurtki-gore-tex\\\/#breadcrumblist\"},\"author\":{\"@id\":\"https:\\\/\\\/www.skalnik.pl\\\/blog\\\/author\\\/skadi\\\/#author\"},\"creator\":{\"@id\":\"https:\\\/\\\/www.skalnik.pl\\\/blog\\\/author\\\/skadi\\\/#author\"},\"image\":{\"@type\":\"ImageObject\",\"url\":\"https:\\\/\\\/www.skalnik.pl\\\/blog\\\/wp-content\\\/uploads\\\/2023\\\/10\\\/kurtki-i-spodnie-goretex-mountain-equipment.jpg\",\"@id\":\"https:\\\/\\\/www.skalnik.pl\\\/blog\\\/mountain-equipment-spodnie-i-kurtki-gore-tex\\\/#mainImage\",\"width\":1920,\"height\":706},\"primaryImageOfPage\":{\"@id\":\"https:\\\/\\\/www.skalnik.pl\\\/blog\\\/mountain-equipment-spodnie-i-kurtki-gore-tex\\\/#mainImage\"},\"datePublished\":\"2023-10-10T15:18:21+02:00\",\"dateModified\":\"2023-11-22T13:16:01+02:00\"},{\"@type\":\"WebSite\",\"@id\":\"https:\\\/\\\/www.skalnik.pl\\\/blog\\\/#website\",\"url\":\"https:\\\/\\\/www.skalnik.pl\\\/blog\\\/\",\"name\":\"blog Skalnik\",\"description\":\"Blog, porady, artyku\\u0142y - blog Skalnik\",\"inLanguage\":\"pl-PL\",\"publisher\":{\"@id\":\"https:\\\/\\\/www.skalnik.pl\\\/blog\\\/#organization\"}}]}\n\t\t<\/script>\n\t\t<!-- All in One SEO -->\n\n","aioseo_head_json":{"title":"Mountain Equipment \u2013 spodnie i kurtki GORE-TEX - blog Skalnik","description":"Sprawd\u017a kurtki GORE-TEX marki Mountain Equipment. To niezawodne kurtki z membran\u0105, kt\u00f3re chroni\u0105 przed opadami deszczu i \u015bniegu. Zobacz jak\u0105 kurtk\u0119 GORE-TEX wybra\u0107","canonical_url":"https:\/\/www.skalnik.pl\/blog\/mountain-equipment-spodnie-i-kurtki-gore-tex\/","robots":"max-image-preview:large","keywords":"","webmasterTools":{"miscellaneous":""},"schema":{"@context":"https:\/\/schema.org","@graph":[{"@type":"BlogPosting","@id":"https:\/\/www.skalnik.pl\/blog\/mountain-equipment-spodnie-i-kurtki-gore-tex\/#blogposting","name":"Mountain Equipment \u2013 spodnie i kurtki GORE-TEX - blog Skalnik","headline":"Mountain Equipment \u2013 spodnie i kurtki GORE-TEX","author":{"@id":"https:\/\/www.skalnik.pl\/blog\/author\/skadi\/#author"},"publisher":{"@id":"https:\/\/www.skalnik.pl\/blog\/#organization"},"image":{"@type":"ImageObject","url":"https:\/\/www.skalnik.pl\/blog\/wp-content\/uploads\/2023\/10\/kurtki-i-spodnie-goretex-mountain-equipment.jpg","width":1920,"height":706},"datePublished":"2023-10-10T15:18:21+02:00","dateModified":"2023-11-22T13:16:01+02:00","inLanguage":"pl-PL","mainEntityOfPage":{"@id":"https:\/\/www.skalnik.pl\/blog\/mountain-equipment-spodnie-i-kurtki-gore-tex\/#webpage"},"isPartOf":{"@id":"https:\/\/www.skalnik.pl\/blog\/mountain-equipment-spodnie-i-kurtki-gore-tex\/#webpage"},"articleSection":"Bran\u017ca, kurtki gore-tex"},{"@type":"BreadcrumbList","@id":"https:\/\/www.skalnik.pl\/blog\/mountain-equipment-spodnie-i-kurtki-gore-tex\/#breadcrumblist","itemListElement":[{"@type":"ListItem","@id":"https:\/\/www.skalnik.pl\/blog#listItem","position":1,"name":"Home","item":"https:\/\/www.skalnik.pl\/blog","nextItem":{"@type":"ListItem","@id":"https:\/\/www.skalnik.pl\/blog\/.\/branza\/#listItem","name":"Bran\u017ca"}},{"@type":"ListItem","@id":"https:\/\/www.skalnik.pl\/blog\/.\/branza\/#listItem","position":2,"name":"Bran\u017ca","item":"https:\/\/www.skalnik.pl\/blog\/.\/branza\/","nextItem":{"@type":"ListItem","@id":"https:\/\/www.skalnik.pl\/blog\/mountain-equipment-spodnie-i-kurtki-gore-tex\/#listItem","name":"Mountain Equipment \u2013 spodnie i kurtki GORE-TEX"},"previousItem":{"@type":"ListItem","@id":"https:\/\/www.skalnik.pl\/blog#listItem","name":"Home"}},{"@type":"ListItem","@id":"https:\/\/www.skalnik.pl\/blog\/mountain-equipment-spodnie-i-kurtki-gore-tex\/#listItem","position":3,"name":"Mountain Equipment \u2013 spodnie i kurtki GORE-TEX","previousItem":{"@type":"ListItem","@id":"https:\/\/www.skalnik.pl\/blog\/.\/branza\/#listItem","name":"Bran\u017ca"}}]},{"@type":"Organization","@id":"https:\/\/www.skalnik.pl\/blog\/#organization","name":"blog Skalnik","description":"Blog, porady, artyku\u0142y - blog Skalnik","url":"https:\/\/www.skalnik.pl\/blog\/"},{"@type":"Person","@id":"https:\/\/www.skalnik.pl\/blog\/author\/skadi\/#author","url":"https:\/\/www.skalnik.pl\/blog\/author\/skadi\/","name":"Skadi","image":{"@type":"ImageObject","@id":"https:\/\/www.skalnik.pl\/blog\/mountain-equipment-spodnie-i-kurtki-gore-tex\/#authorImage","url":"https:\/\/secure.gravatar.com\/avatar\/ae13ef788103b67237116ff6ca11806fd62a3875c2f169205ba46718cec9cfc7?s=96&d=mm&r=g","width":96,"height":96,"caption":"Skadi"}},{"@type":"WebPage","@id":"https:\/\/www.skalnik.pl\/blog\/mountain-equipment-spodnie-i-kurtki-gore-tex\/#webpage","url":"https:\/\/www.skalnik.pl\/blog\/mountain-equipment-spodnie-i-kurtki-gore-tex\/","name":"Mountain Equipment \u2013 spodnie i kurtki GORE-TEX - blog Skalnik","description":"Sprawd\u017a kurtki GORE-TEX marki Mountain Equipment. To niezawodne kurtki z membran\u0105, kt\u00f3re chroni\u0105 przed opadami deszczu i \u015bniegu. Zobacz jak\u0105 kurtk\u0119 GORE-TEX wybra\u0107","inLanguage":"pl-PL","isPartOf":{"@id":"https:\/\/www.skalnik.pl\/blog\/#website"},"breadcrumb":{"@id":"https:\/\/www.skalnik.pl\/blog\/mountain-equipment-spodnie-i-kurtki-gore-tex\/#breadcrumblist"},"author":{"@id":"https:\/\/www.skalnik.pl\/blog\/author\/skadi\/#author"},"creator":{"@id":"https:\/\/www.skalnik.pl\/blog\/author\/skadi\/#author"},"image":{"@type":"ImageObject","url":"https:\/\/www.skalnik.pl\/blog\/wp-content\/uploads\/2023\/10\/kurtki-i-spodnie-goretex-mountain-equipment.jpg","@id":"https:\/\/www.skalnik.pl\/blog\/mountain-equipment-spodnie-i-kurtki-gore-tex\/#mainImage","width":1920,"height":706},"primaryImageOfPage":{"@id":"https:\/\/www.skalnik.pl\/blog\/mountain-equipment-spodnie-i-kurtki-gore-tex\/#mainImage"},"datePublished":"2023-10-10T15:18:21+02:00","dateModified":"2023-11-22T13:16:01+02:00"},{"@type":"WebSite","@id":"https:\/\/www.skalnik.pl\/blog\/#website","url":"https:\/\/www.skalnik.pl\/blog\/","name":"blog Skalnik","description":"Blog, porady, artyku\u0142y - blog Skalnik","inLanguage":"pl-PL","publisher":{"@id":"https:\/\/www.skalnik.pl\/blog\/#organization"}}]},"og:locale":"pl_PL","og:site_name":"blog Skalnik - Blog, porady, artyku\u0142y - blog Skalnik","og:type":"article","og:title":"Mountain Equipment \u2013 spodnie i kurtki GORE-TEX - blog Skalnik","og:description":"Sprawd\u017a kurtki GORE-TEX marki Mountain Equipment. To niezawodne kurtki z membran\u0105, kt\u00f3re chroni\u0105 przed opadami deszczu i \u015bniegu. Zobacz jak\u0105 kurtk\u0119 GORE-TEX wybra\u0107","og:url":"https:\/\/www.skalnik.pl\/blog\/mountain-equipment-spodnie-i-kurtki-gore-tex\/","og:image":"https:\/\/www.skalnik.pl\/blog\/wp-content\/uploads\/2023\/10\/gore-tex-membrana-kurtka-Niestandardowy.jpg","og:image:secure_url":"https:\/\/www.skalnik.pl\/blog\/wp-content\/uploads\/2023\/10\/gore-tex-membrana-kurtka-Niestandardowy.jpg","og:image:width":1024,"og:image:height":683,"article:tag":["bran\u017ca","kurtki gore-tex"],"article:published_time":"2023-10-10T13:18:21+00:00","article:modified_time":"2023-11-22T11:16:01+00:00","twitter:card":"summary_large_image","twitter:title":"Mountain Equipment \u2013 spodnie i kurtki GORE-TEX - blog Skalnik","twitter:description":"Sprawd\u017a kurtki GORE-TEX marki Mountain Equipment. To niezawodne kurtki z membran\u0105, kt\u00f3re chroni\u0105 przed opadami deszczu i \u015bniegu. Zobacz jak\u0105 kurtk\u0119 GORE-TEX wybra\u0107","twitter:image":"https:\/\/www.skalnik.pl\/blog\/wp-content\/uploads\/2023\/10\/gore-tex-membrana-kurtka-Niestandardowy.jpg"},"aioseo_meta_data":{"post_id":"24466","title":null,"description":"Sprawd\u017a kurtki GORE-TEX marki Mountain Equipment. To niezawodne kurtki z membran\u0105, kt\u00f3re chroni\u0105 przed opadami deszczu i \u015bniegu. Zobacz jak\u0105 kurtk\u0119 GORE-TEX wybra\u0107","keywords":[],"keyphrases":{"focus":{"keyphrase":"kurtki gore-tex","score":69,"analysis":{"keyphraseInTitle":{"score":9,"maxScore":9,"error":0},"keyphraseInDescription":{"score":9,"maxScore":9,"error":0},"keyphraseLength":{"score":9,"maxScore":9,"error":0,"length":2},"keyphraseInURL":{"score":5,"maxScore":5,"error":0},"keyphraseInIntroduction":{"score":3,"maxScore":9,"error":1},"keyphraseInSubHeadings":{"score":3,"maxScore":9,"error":1},"keyphraseInImageAlt":{"score":3,"maxScore":9,"error":1}}},"additional":[]},"primary_term":null,"canonical_url":null,"og_title":null,"og_description":null,"og_object_type":"default","og_image_type":"default","og_image_url":null,"og_image_width":null,"og_image_height":null,"og_image_custom_url":null,"og_image_custom_fields":null,"og_video":"","og_custom_url":null,"og_article_section":null,"og_article_tags":[],"twitter_use_og":false,"twitter_card":"default","twitter_image_type":"default","twitter_image_url":null,"twitter_image_custom_url":null,"twitter_image_custom_fields":null,"twitter_title":null,"twitter_description":null,"schema":{"blockGraphs":[],"customGraphs":[],"default":{"data":{"Article":[],"Course":[],"Dataset":[],"FAQPage":[],"Movie":[],"Person":[],"Product":[],"ProductReview":[],"Car":[],"Recipe":[],"Service":[],"SoftwareApplication":[],"WebPage":[]},"graphName":"","isEnabled":true},"graphs":[]},"schema_type":"default","schema_type_options":null,"pillar_content":false,"robots_default":true,"robots_noindex":false,"robots_noarchive":false,"robots_nosnippet":false,"robots_nofollow":false,"robots_noimageindex":false,"robots_noodp":false,"robots_notranslate":false,"robots_max_snippet":"-1","robots_max_videopreview":"-1","robots_max_imagepreview":"large","priority":null,"frequency":"default","local_seo":null,"breadcrumb_settings":null,"limit_modified_date":false,"ai":null,"created":"2023-10-10 08:36:33","updated":"2026-02-17 22:45:00","seo_analyzer_scan_date":null},"aioseo_breadcrumb":"<div class=\"aioseo-breadcrumbs\"><span class=\"aioseo-breadcrumb\">\n\t\t\t<a href=\"https:\/\/www.skalnik.pl\/blog\" title=\"Home\">Home<\/a>\n\t\t<\/span><span class=\"aioseo-breadcrumb-separator\">&raquo;<\/span><span class=\"aioseo-breadcrumb\">\n\t\t\t<a href=\"https:\/\/www.skalnik.pl\/blog\/.\/branza\/\" title=\"Bran\u017ca\">Bran\u017ca<\/a>\n\t\t<\/span><span class=\"aioseo-breadcrumb-separator\">&raquo;<\/span><span class=\"aioseo-breadcrumb\">\n\t\t\tMountain Equipment \u2013 spodnie i kurtki GORE-TEX\n\t\t<\/span><\/div>","aioseo_breadcrumb_json":[{"label":"Home","link":"https:\/\/www.skalnik.pl\/blog"},{"label":"Bran\u017ca","link":"https:\/\/www.skalnik.pl\/blog\/.\/branza\/"},{"label":"Mountain Equipment \u2013 spodnie i kurtki GORE-TEX","link":"https:\/\/www.skalnik.pl\/blog\/mountain-equipment-spodnie-i-kurtki-gore-tex\/"}],"_links":{"self":[{"href":"https:\/\/www.skalnik.pl\/blog\/wp-json\/wp\/v2\/posts\/24466","targetHints":{"allow":["GET"]}}],"collection":[{"href":"https:\/\/www.skalnik.pl\/blog\/wp-json\/wp\/v2\/posts"}],"about":[{"href":"https:\/\/www.skalnik.pl\/blog\/wp-json\/wp\/v2\/types\/post"}],"author":[{"embeddable":true,"href":"https:\/\/www.skalnik.pl\/blog\/wp-json\/wp\/v2\/users\/39"}],"replies":[{"embeddable":true,"href":"https:\/\/www.skalnik.pl\/blog\/wp-json\/wp\/v2\/comments?post=24466"}],"version-history":[{"count":12,"href":"https:\/\/www.skalnik.pl\/blog\/wp-json\/wp\/v2\/posts\/24466\/revisions"}],"predecessor-version":[{"id":24877,"href":"https:\/\/www.skalnik.pl\/blog\/wp-json\/wp\/v2\/posts\/24466\/revisions\/24877"}],"wp:featuredmedia":[{"embeddable":true,"href":"https:\/\/www.skalnik.pl\/blog\/wp-json\/wp\/v2\/media\/24467"}],"wp:attachment":[{"href":"https:\/\/www.skalnik.pl\/blog\/wp-json\/wp\/v2\/media?parent=24466"}],"wp:term":[{"taxonomy":"category","embeddable":true,"href":"https:\/\/www.skalnik.pl\/blog\/wp-json\/wp\/v2\/categories?post=24466"},{"taxonomy":"post_tag","embeddable":true,"href":"https:\/\/www.skalnik.pl\/blog\/wp-json\/wp\/v2\/tags?post=24466"},{"taxonomy":"magento_category","embeddable":true,"href":"https:\/\/www.skalnik.pl\/blog\/wp-json\/wp\/v2\/magento_category?post=24466"},{"taxonomy":"magento_product","embeddable":true,"href":"https:\/\/www.skalnik.pl\/blog\/wp-json\/wp\/v2\/magento_product?post=24466"}],"curies":[{"name":"wp","href":"https:\/\/api.w.org\/{rel}","templated":true}]}}