{"id":24583,"date":"2023-10-25T11:34:24","date_gmt":"2023-10-25T09:34:24","guid":{"rendered":"https:\/\/www.skalnik.pl\/blog\/?p=24583"},"modified":"2023-12-04T15:14:57","modified_gmt":"2023-12-04T13:14:57","slug":"jaka-kurtka-w-gory-zima-postaw-na-kurtke-brenta-marki-salewa","status":"publish","type":"post","link":"https:\/\/www.skalnik.pl\/blog\/jaka-kurtka-w-gory-zima-postaw-na-kurtke-brenta-marki-salewa\/","title":{"rendered":"Jaka kurtka w g\u00f3ry zim\u0105? Postaw na kurtk\u0119 Brenta marki Salewa"},"content":{"rendered":"\n<p><strong>Gdy temperatury spadaj\u0105 dobrze mie\u0107 w plecaku ochron\u0119 przed zimnem. Jaka kurtka zimowa b\u0119dzie najlepsza w g\u00f3ry? Oczywi\u015bcie puchowa, dlatego, \u017ce \u0142\u0105czy w sobie kilka wa\u017cnych cech: jest lekka, dobrze chroni przed ch\u0142odem i sk\u0142ada si\u0119 do malutkiego pakunku. Na zimowych w\u0142\u00f3cz\u0119gach sprawdzi si\u0119 kurtka puchowa Brenta, zaprojektowana na r\u00f3\u017cne aktywno\u015bci w g\u00f3rach.<\/strong><\/p>\n\n\n\n<p>Ju\u017c od jesieni kurtka puchowa to niezb\u0119dny element wyposa\u017cenia, szczeg\u00f3lnie podczas d\u0142ugich (kilkudniowych b\u0105d\u017a ca\u0142odziennych) w\u0119dr\u00f3wek. Z pewno\u015bci\u0105 b\u0119d\u0105 wycieczki, na kt\u00f3rych nie wyci\u0105gniesz jej z plecaka ani na minut\u0119, ale mo\u017ce si\u0119 zdarzy\u0107 taka pogoda, \u017ce kurtka wype\u0142niona naturalnym puchem b\u0119dzie twoj\u0105 najlepsz\u0105 przyjaci\u00f3\u0142k\u0105 i wybawicielk\u0105.<\/p>\n\n\n<div class=\"wp-block-image\">\n<figure class=\"aligncenter is-resized\"><img loading=\"lazy\" decoding=\"async\" src=\"https:\/\/images.surferseo.art\/f5146778-41b4-4d28-bbd9-85d0fc105738.jpeg\" alt=\"M\u0119\u017cczyzna w kurtce puchowej\" width=\"840\" height=\"559\"\/><figcaption class=\"wp-element-caption\"><em>Jesieni\u0105 i zim\u0105 warto postawi\u0107 na kurtki puchowe. To najlepszy sprzymierzeniec w walce z zimnem. (fot. Salewa) <\/em><\/figcaption><\/figure>\n<\/div>\n\n\n<div id=\"ez-toc-container\" class=\"ez-toc-v2_0_85 counter-hierarchy ez-toc-counter ez-toc-light-blue ez-toc-container-direction\">\n<div class=\"ez-toc-title-container\">\n<p class=\"ez-toc-title\" style=\"cursor:inherit\">SPIS TRE\u015aCI <\/p>\n<span class=\"ez-toc-title-toggle\"><a href=\"#\" class=\"ez-toc-pull-right ez-toc-btn ez-toc-btn-xs ez-toc-btn-default ez-toc-toggle\" aria-label=\"Prze\u0142\u0105cznik Spisu Tre\u015bci\"><span class=\"ez-toc-js-icon-con\"><span class=\"\"><span class=\"eztoc-hide\" style=\"display:none;\">Toggle<\/span><span class=\"ez-toc-icon-toggle-span\"><svg style=\"fill: #999;color:#999\" xmlns=\"http:\/\/www.w3.org\/2000\/svg\" class=\"list-377408\" width=\"20px\" height=\"20px\" viewBox=\"0 0 24 24\" fill=\"none\"><path d=\"M6 6H4v2h2V6zm14 0H8v2h12V6zM4 11h2v2H4v-2zm16 0H8v2h12v-2zM4 16h2v2H4v-2zm16 0H8v2h12v-2z\" fill=\"currentColor\"><\/path><\/svg><svg style=\"fill: #999;color:#999\" class=\"arrow-unsorted-368013\" xmlns=\"http:\/\/www.w3.org\/2000\/svg\" width=\"10px\" height=\"10px\" viewBox=\"0 0 24 24\" version=\"1.2\" baseProfile=\"tiny\"><path d=\"M18.2 9.3l-6.2-6.3-6.2 6.3c-.2.2-.3.4-.3.7s.1.5.3.7c.2.2.4.3.7.3h11c.3 0 .5-.1.7-.3.2-.2.3-.5.3-.7s-.1-.5-.3-.7zM5.8 14.7l6.2 6.3 6.2-6.3c.2-.2.3-.5.3-.7s-.1-.5-.3-.7c-.2-.2-.4-.3-.7-.3h-11c-.3 0-.5.1-.7.3-.2.2-.3.5-.3.7s.1.5.3.7z\"\/><\/svg><\/span><\/span><\/span><\/a><\/span><\/div>\n<nav><ul class='ez-toc-list ez-toc-list-level-1 ' ><li class='ez-toc-page-1 ez-toc-heading-level-2'><a class=\"ez-toc-link ez-toc-heading-1\" href=\"https:\/\/www.skalnik.pl\/blog\/jaka-kurtka-w-gory-zima-postaw-na-kurtke-brenta-marki-salewa\/#Puchowa_kurtka_Brenta\" >Puchowa kurtka Brenta<\/a><\/li><li class='ez-toc-page-1 ez-toc-heading-level-2'><a class=\"ez-toc-link ez-toc-heading-2\" href=\"https:\/\/www.skalnik.pl\/blog\/jaka-kurtka-w-gory-zima-postaw-na-kurtke-brenta-marki-salewa\/#Kurtka_zimowa_z_serca_Dolomitow\" >Kurtka zimowa&nbsp;z serca Dolomit\u00f3w<\/a><\/li><li class='ez-toc-page-1 ez-toc-heading-level-2'><a class=\"ez-toc-link ez-toc-heading-3\" href=\"https:\/\/www.skalnik.pl\/blog\/jaka-kurtka-w-gory-zima-postaw-na-kurtke-brenta-marki-salewa\/#Kurtka_zimowa_w_gory_%E2%80%93_wygoda_i_cieplo\" >Kurtka zimowa w g\u00f3ry &#8211; wygoda i ciep\u0142o<\/a><ul class='ez-toc-list-level-3' ><li class='ez-toc-heading-level-3'><a class=\"ez-toc-link ez-toc-heading-4\" href=\"https:\/\/www.skalnik.pl\/blog\/jaka-kurtka-w-gory-zima-postaw-na-kurtke-brenta-marki-salewa\/#Ocieplany_kaptur\" >Ocieplany kaptur<\/a><\/li><li class='ez-toc-page-1 ez-toc-heading-level-3'><a class=\"ez-toc-link ez-toc-heading-5\" href=\"https:\/\/www.skalnik.pl\/blog\/jaka-kurtka-w-gory-zima-postaw-na-kurtke-brenta-marki-salewa\/#Cieple_techniczne_kieszenie\" >Ciep\u0142e, techniczne kieszenie<\/a><\/li><\/ul><\/li><li class='ez-toc-page-1 ez-toc-heading-level-2'><a class=\"ez-toc-link ez-toc-heading-6\" href=\"https:\/\/www.skalnik.pl\/blog\/jaka-kurtka-w-gory-zima-postaw-na-kurtke-brenta-marki-salewa\/#Kurtka_puchowa_jako_warstwa_posrednia\" >Kurtka puchowa jako warstwa po\u015brednia<\/a><\/li><\/ul><\/nav><\/div>\n<h2 class=\"wp-block-heading\"><span class=\"ez-toc-section\" id=\"Puchowa_kurtka_Brenta\"><\/span>Puchowa kurtka Brenta<span class=\"ez-toc-section-end\"><\/span><\/h2>\n\n\n\n<p>Wn\u0119trze kurtki Brenta wype\u0142nia naturalny kaczy puch o spr\u0119\u017cysto\u015bci 550 cuin oraz o stosunku puchu do pierza 80\/20. Dla przypomnienia cuin to warto\u015b\u0107 rozpr\u0119\u017cenia puchu &#8211; w kurtce puchowej Brenta uncja puchu (nieco ponad 28 g) zajmuje 550 cali sze\u015bciennych (ok. 9 litr\u00f3w).<\/p>\n\n\n\n<p>Takie parametry odzwierciedlaj\u0105 przeznaczenie tej kurtki zimowej: g\u00f3rskie w\u0119dr\u00f3wki i skituring, czyli aktywno\u015bci zimowe, kt\u00f3rym towarzyszy wysi\u0142ek fizyczny. Warto doda\u0107, \u017ce puch pozyskano w spos\u00f3b odpowiedzialny, co potwierdza certyfikat RDS (Responsible Down Standard).<\/p>\n\n\n<div class=\"wp-block-image\">\n<figure class=\"aligncenter\"><img decoding=\"async\" src=\"https:\/\/images.surferseo.art\/2120e4f5-e46b-42af-aee2-5095d51f8535.jpeg\" alt=\"M\u0119\u017cczyzna zak\u0142ada kurtk\u0119 puchow\u0105\"\/><figcaption class=\"wp-element-caption\"><em>Kurtki puchowe Salewa od lat sprawdzaj\u0105 si\u0119 w g\u00f3rach! (fot. Salewa)<\/em><\/figcaption><\/figure>\n<\/div>\n\n\n<p>W od\u015bwie\u017conym modelu Brenty dodatkow\u0105 izolacj\u0119 zapewniaj\u0105 te\u017c inserty z Tirol Wool\u00ae &#8211; to specjalna mieszanka naturalnej we\u0142ny i poliestru. W przeciwie\u0144stwie do puchu zachowuje ona swoje termiczne w\u0142a\u015bciwo\u015bci nawet gdy jest mokra. Projektanci zastosowali tu body mapping, rozk\u0142adaj\u0105c izolacj\u0119 w zale\u017cno\u015bci od potrzeb organizmu.<\/p>\n\n\n\n<p>Takie po\u0142\u0105czenie warstwy b\u0119dzie optymalne, gdy wybierasz si\u0119 w g\u00f3ry zim\u0105 i aktywnie sp\u0119dzasz tam czas. Jednocze\u015bnie warto pami\u0119ta\u0107 wybieraj\u0105c kurtk\u0119 na zim\u0119, \u017ce musi by\u0107 ona dopasowana pod rodzaj aktywno\u015bci.<\/p>\n\n\n\n<h2 class=\"wp-block-heading\"><span class=\"ez-toc-section\" id=\"Kurtka_zimowa_z_serca_Dolomitow\"><\/span>Kurtka zimowa&nbsp;z serca Dolomit\u00f3w<span class=\"ez-toc-section-end\"><\/span><\/h2>\n\n\n\n<p>Brenta to kurtka zaprojektowana przez specjalist\u00f3w marki Salewa w centrum Dolomit\u00f3w \u2013 jej nazwa zreszt\u0105 wprost nawi\u0105zuje do jednej z najs\u0142ynniejszych cz\u0119\u015b\u0107 tych majestatycznych g\u00f3r. Nic dziwnego \u2013 stworzona zosta\u0142a po to, by zaoferowa\u0107 maksimum komfortu, nie tylko termicznego, ale przede wszystkim wygody w u\u017cytkowaniu.<\/p>\n\n\n\n<p>Dopasowany kr\u00f3j to znak szczeg\u00f3lny jakim wyr\u00f3\u017cnia si\u0119 Brenta kurtka, a wysokiej jako\u015bci materia\u0142y, z kt\u00f3rych j\u0105 wykonano s\u0105 potwierdzeniem, \u017ce w outdoorze czasem nie ma miejsca na drog\u0119 na skr\u00f3ty. Po\u0142\u0105czenie wydajnej izolacji (czyli naturalnego puchu i Tirol Wool\u00ae) oraz materia\u0142u zewn\u0119trznego &#8211; nylonu woven o g\u0119sto\u015bci 20D, kt\u00f3ry jest przeznaczony do kurtek puchowych, a przy tym lekki i wytrzyma\u0142y &#8211; daje produkt, kurtk\u0119 puchow\u0105, kt\u00f3ra b\u0119dzie dobr\u0105 ochron\u0105 przed zimnem. Dodatkowo materia\u0142 zewn\u0119trzny powleczono bezpieczn\u0105 dla \u015brodowiska hydrofobow\u0105 warstw\u0105 DWR, kt\u00f3ra w przypadku ma\u0142ego opadu (np. gdy z nieba akurat pada mokry \u015bnieg) powinna ochroni\u0107 puch przed zamokni\u0119ciem. Jest to podobna warstwa, jak\u0105 ma chyba ka\u017cda kurtka softshell.<\/p>\n\n\n\n<p>Brenta to lekka kurtka na zimowy trekking czy skitury, dla kt\u00f3rej zawsze wystarczy miejsca w plecaku.<\/p>\n\n\n\t<div class=\"magento-wrapper\">\n\t\t<ul class=\"products\">\n\t\t\t<li class=\"product\">\n\t\n\t\t<div class=\"image\">\n\t\t\t<a href=\"https:\/\/www.skalnik.pl\/kurtka-brenta-down-electric-0910-999752\" target=\"_self\">\n\t\t\t\t\t\t<img\n\t\t\tsrc=\"https:\/\/www.skalnik.pl\/media\/catalog\/product\/k\/u\/kurtka-brenta-down-electric-0910-999752_2.jpg\"\n\t\t\talt=\"KURTKA BRENTA DOWN-ELECTRIC-0910\"\n\t\t\t\t\t\t\t\t\/>\n\t\t\t\t\t<\/a>\n\t\t<\/div>\n\n\t\t\n\t\t<a href=\"https:\/\/www.skalnik.pl\/kurtka-brenta-down-electric-0910-999752\" target=\"_self\"><span class=\"name\">KURTKA BRENTA DOWN-ELECTRIC-0910<\/span><\/a>\t\n\t\n\t\n\t<div class=\"url\"><a class=\"view-details\" href=\"https:\/\/www.skalnik.pl\/kurtka-brenta-down-electric-0910-999752\">Zobacz wi\u0119cej <\/a><\/div><\/li>\n<li class=\"product\">\n\t\n\t\t<div class=\"image\">\n\t\t\t<a href=\"https:\/\/www.skalnik.pl\/kurtka-brenta-down-women-electric-999258\" target=\"_self\">\n\t\t\t\t\t\t<img\n\t\t\tsrc=\"https:\/\/www.skalnik.pl\/media\/catalog\/product\/k\/u\/kurtka-brenta-down-women-electric-999258_2.jpg\"\n\t\t\talt=\"KURTKA BRENTA DOWN WOMEN-ELECTRIC\"\n\t\t\t\t\t\t\t\t\/>\n\t\t\t\t\t<\/a>\n\t\t<\/div>\n\n\t\t\n\t\t<a href=\"https:\/\/www.skalnik.pl\/kurtka-brenta-down-women-electric-999258\" target=\"_self\"><span class=\"name\">KURTKA BRENTA DOWN WOMEN-ELECTRIC<\/span><\/a>\t\n\t\n\t\n\t<div class=\"url\"><a class=\"view-details\" href=\"https:\/\/www.skalnik.pl\/kurtka-brenta-down-women-electric-999258\">Zobacz wi\u0119cej <\/a><\/div><\/li>\n<li class=\"product\">\n\t\n\t\t<div class=\"image\">\n\t\t\t<a href=\"https:\/\/www.skalnik.pl\/kurtka-brenta-down-women-syrah-998926\" target=\"_self\">\n\t\t\t\t\t\t<img\n\t\t\tsrc=\"https:\/\/www.skalnik.pl\/media\/catalog\/product\/k\/u\/kurtka-brenta-down-women-syrah-998926_2.jpg\"\n\t\t\talt=\"KURTKA BRENTA DOWN WOMEN-SYRAH\"\n\t\t\t\t\t\t\t\t\/>\n\t\t\t\t\t<\/a>\n\t\t<\/div>\n\n\t\t\n\t\t<a href=\"https:\/\/www.skalnik.pl\/kurtka-brenta-down-women-syrah-998926\" target=\"_self\"><span class=\"name\">KURTKA BRENTA DOWN WOMEN-SYRAH<\/span><\/a>\t\n\t\n\t\n\t<div class=\"url\"><a class=\"view-details\" href=\"https:\/\/www.skalnik.pl\/kurtka-brenta-down-women-syrah-998926\">Zobacz wi\u0119cej <\/a><\/div><\/li>\n\t\t<\/ul>\n\t<\/div>\n\n\n\n\n<h2 class=\"wp-block-heading\"><span class=\"ez-toc-section\" id=\"Kurtka_zimowa_w_gory_%E2%80%93_wygoda_i_cieplo\"><\/span>Kurtka zimowa w g\u00f3ry &#8211; wygoda i ciep\u0142o<span class=\"ez-toc-section-end\"><\/span><\/h2>\n\n\n\n<p>Po technikaliach przychodzi czas na funkcjonalny opis kurtki Brenta. Jest to kurtka o dopasowanym kroju (athletic fit). Pami\u0119taj o tym, gdy j\u0105 kupujesz &#8211; dobierz rozmiar jak najbli\u017cszy swojej sylwetce. Dzi\u0119ki dopasowaniu kurtka daje o wiele lepsz\u0105 ochron\u0119 przed zimnem, poniewa\u017c ogrzane przez organizm powietrze nie ma kt\u00f3r\u0119dy wydosta\u0107 si\u0119 (nie dostaje si\u0119 do \u015brodka tak\u017ce zimne powietrze z zewn\u0105trz). Kurtka Brenta jednocze\u015bnie uszyta zosta\u0142a w taki spos\u00f3b, \u017ceby nie kr\u0119powa\u0107 ruch\u00f3w, co b\u0119dzie szczeg\u00f3lnie wa\u017cne dla mi\u0142o\u015bnik\u00f3w i mi\u0142o\u015bniczek skituringu.<\/p>\n\n\n<div class=\"wp-block-image\">\n<figure class=\"aligncenter\"><img decoding=\"async\" src=\"https:\/\/images.surferseo.art\/4658d16a-2a75-4649-8899-7c1d62ad7588.jpeg\" alt=\"Kobieta w kurtce puchowej zak\u0142ada kurtk\u0119 przeciwdeszczow\u0105\"\/><figcaption class=\"wp-element-caption\"><em>Wybierz idealny rozmiar, by cieszy\u0107 si\u0119 w\u0142a\u015bciwo\u015bciami kurtki puchowej. (fot. Salewa)<\/em><\/figcaption><\/figure>\n<\/div>\n\n\n<h3 class=\"wp-block-heading\"><span class=\"ez-toc-section\" id=\"Ocieplany_kaptur\"><\/span>Ocieplany kaptur<span class=\"ez-toc-section-end\"><\/span><\/h3>\n\n\n\n<p>Integraln\u0105 cz\u0119\u015bci\u0105 Brenty jest ocieplany kaptur z wysok\u0105 gard\u0105. Ochroni twoj\u0105 g\u0142ow\u0119 przed wych\u0142odzeniem, nawet je\u015bli nie we\u017amiesz ze sob\u0105 czapki. Poniewa\u017c ta kurtka puchowa powsta\u0142a z my\u015bl\u0105 o turystyce minimalistycznej, nie ma tu regulacji, a za przyleganie kaptura do g\u0142owy odpowiada elastyczna lam\u00f3wka. Podobne rozwi\u0105zanie zastosowane zosta\u0142o tak\u017ce przy mankietach i u do\u0142u kurtki.<\/p>\n\n\n\n<figure class=\"wp-block-image\"><img decoding=\"async\" src=\"https:\/\/images.surferseo.art\/b39c82e4-b82c-4d68-95ce-05b3f4bfc5c4.png\" alt=\"Detale kurtki puchowej Brenta - ocieplany kaptur, elastyczne mankiety, zapinane kieszenie boczne\"\/><\/figure>\n\n\n\n<h3 class=\"wp-block-heading\"><span class=\"ez-toc-section\" id=\"Cieple_techniczne_kieszenie\"><\/span>Ciep\u0142e, techniczne kieszenie<span class=\"ez-toc-section-end\"><\/span><\/h3>\n\n\n\n<p>Kieszenie boczne w kurtce tak\u017ce s\u0105 ocieplane, co docenia si\u0119 zwykle podczas postoj\u00f3w. Kieszenie s\u0105 umieszczone nieco wy\u017cej &#8211; to znane rozwi\u0105zanie, kt\u00f3re charakteryzuje odzie\u017c g\u00f3rsk\u0105. Zapi\u0119ty pas biodrowy plecaka czy za\u0142o\u017cona uprz\u0105\u017c wspinaczkowa nie s\u0105 przeszkod\u0105, by dosta\u0107 si\u0119 do ich wn\u0119trza, gdzie spokojnie zmieszcz\u0105 si\u0119 przydatne drobiazgi: cienkie r\u0119kawiczki, buff, krem czy chusteczki. Zamki w kieszeniach chroni\u0105 zawarto\u015b\u0107 przed przypadkowym zgubieniem.<\/p>\n\n\n\n<p>Uzupe\u0142nieniem technicznego kroju jest wewn\u0119trzna patka wzd\u0142u\u017c zamka, kt\u00f3ra zapobiega przedostawaniu si\u0119 zimnego powietrza do wewn\u0105trz.<\/p>\n\n\n\n<figure class=\"wp-block-image size-full\"><a href=\"https:\/\/www.skalnik.pl\/salewa\/\" target=\"_blank\" rel=\"noreferrer noopener\"><img loading=\"lazy\" decoding=\"async\" width=\"1024\" height=\"250\" src=\"https:\/\/www.skalnik.pl\/blog\/wp-content\/uploads\/2023\/09\/SALEWA-SKLEP.jpg\" alt=\"\" class=\"wp-image-24137\" srcset=\"https:\/\/www.skalnik.pl\/blog\/wp-content\/uploads\/2023\/09\/SALEWA-SKLEP.jpg 1024w, https:\/\/www.skalnik.pl\/blog\/wp-content\/uploads\/2023\/09\/SALEWA-SKLEP-300x73.jpg 300w, https:\/\/www.skalnik.pl\/blog\/wp-content\/uploads\/2023\/09\/SALEWA-SKLEP-768x188.jpg 768w\" sizes=\"auto, (max-width: 1024px) 100vw, 1024px\" \/><\/a><\/figure>\n\n\n\n<h2 class=\"wp-block-heading\"><span class=\"ez-toc-section\" id=\"Kurtka_puchowa_jako_warstwa_posrednia\"><\/span>Kurtka puchowa jako warstwa po\u015brednia<span class=\"ez-toc-section-end\"><\/span><\/h2>\n\n\n\n<p>Kr\u00f3j athletic jest idealny, by kurtk\u0119 puchow\u0105 potraktowa\u0107 jako warstw\u0119 po\u015bredni\u0105. Konstrukcja kurtki Brenta &#8211; ilo\u015b\u0107 wype\u0142nienia oraz kr\u00f3j &#8211; jest doskona\u0142a, by traktowa\u0107 j\u0105 jako docieplenie. Przy silnym wietrze lub opadach warstwa zewn\u0119trzna musi sobie poradzi\u0107 z takimi warunkami &#8211; w takim wypadku najlepsza b\u0119dzie kurtka przeciwdeszczowa z membran\u0105 np. GORE-TEX.<\/p>\n\n\n<div class=\"wp-block-image\">\n<figure class=\"aligncenter\"><img decoding=\"async\" src=\"https:\/\/images.surferseo.art\/1903afc7-a5a6-433b-b87a-923d14115b6b.jpeg\" alt=\"Kobieta w odzie\u017cy zimowej pije herbat\u0119\"\/><figcaption class=\"wp-element-caption\"><em>Kurtka puchowa jako warstwa po\u015brednia pod kurtk\u0105 goretex. (fot. Salewa)<\/em><\/figcaption><\/figure>\n<\/div>\n\n\n<p>Je\u015bli pod ni\u0105 za\u0142o\u017cysz kurtk\u0119 puchow\u0105 Brenta obie warstwy stworz\u0105 razem najlepsz\u0105 ochron\u0119 ciep\u0142\u0105 kurtk\u0119 na zimowe wypady w g\u00f3ry. W ten spos\u00f3b powstaje warstwowa kurtka w g\u00f3ry, bardziej funkcjonalna ni\u017c zimowa kurtka ocieplana, w kt\u00f3rej ci\u0119\u017cko pogodzi\u0107 potrzeby podczas ruchu oraz w czasie odpoczynku.<\/p>\n\n\n\n<hr class=\"wp-block-separator has-alpha-channel-opacity is-style-dots\"\/>\n\n\n\n<p>Kurtka Brent to jeden ze znakomitych modeli, kt\u00f3ry mo\u017ce ochroni\u0107 przed niskimi temperaturami. Salewa przygotowa\u0142a jednak szersz\u0105 ofert\u0119, z kt\u00f3r\u0105 warto si\u0119 zapozna\u0107. <\/p>\n\n\n\n<p class=\"has-text-align-center has-white-color has-vivid-cyan-blue-background-color has-text-color has-background\">Kliknij w link poni\u017cej i poznaj: <\/p>\n\n\n\n<div class=\"wp-block-columns is-layout-flex wp-container-core-columns-is-layout-9d6595d7 wp-block-columns-is-layout-flex\">\n<div class=\"wp-block-column is-layout-flow wp-block-column-is-layout-flow\">\n<p class=\"has-white-color has-vivid-cyan-blue-background-color has-text-color has-background\"><strong><a href=\"https:\/\/www.skalnik.pl\/odziez\/odziez-damska\/odziez-damska-kurtki-zimowe\/marka:salewa\" target=\"_blank\" rel=\"noopener\" title=\"\">kurtki puchowe Salewa damskie<\/a><\/strong><\/p>\n<\/div>\n\n\n\n<div class=\"wp-block-column is-layout-flow wp-block-column-is-layout-flow\">\n<p class=\"has-text-align-center has-white-color has-vivid-cyan-blue-background-color has-text-color has-background\"><a href=\"https:\/\/www.skalnik.pl\/odziez\/odziez-meska\/odziez-meska-kurtki-zimowe\/marka:salewa\" target=\"_blank\" rel=\"noopener\" title=\"\">kurtki puchowe Salewa m\u0119skie<\/a><\/p>\n<\/div>\n<\/div>\n","protected":false},"excerpt":{"rendered":"<p>Przygotuj si\u0119 do zimy. Wybierz kurtk\u0119 puchow\u0105 Salewa!<\/p>\n","protected":false},"author":9,"featured_media":24597,"comment_status":"closed","ping_status":"closed","sticky":false,"template":"","format":"standard","meta":{"_acf_changed":false,"footnotes":""},"categories":[5],"tags":[],"magento_category":[],"magento_product":[],"class_list":["post-24583","post","type-post","status-publish","format-standard","has-post-thumbnail","hentry","category-branza"],"acf":[],"aioseo_notices":[],"aioseo_head":"\n\t\t<!-- All in One SEO 4.9.10 - aioseo.com -->\n\t<meta name=\"description\" content=\"Kurtka puchowa Salewa Brenta to model, z kt\u00f3rym zima nie b\u0119dzie Ci straszna. Przygotuj si\u0119 na zimowe przygody outdoor, ale najpierw poznaj z bliska model Brenta\" \/>\n\t<meta name=\"robots\" content=\"max-image-preview:large\" \/>\n\t<meta name=\"author\" content=\"Beata Nawrotkiewicz\"\/>\n\t<link rel=\"canonical\" href=\"https:\/\/www.skalnik.pl\/blog\/jaka-kurtka-w-gory-zima-postaw-na-kurtke-brenta-marki-salewa\/\" \/>\n\t<meta name=\"generator\" content=\"All in One SEO (AIOSEO) 4.9.10\" \/>\n\t\t<meta property=\"og:locale\" content=\"pl_PL\" \/>\n\t\t<meta property=\"og:site_name\" content=\"blog Skalnik - Blog, porady, artyku\u0142y - blog Skalnik\" \/>\n\t\t<meta property=\"og:type\" content=\"article\" \/>\n\t\t<meta property=\"og:title\" content=\"Jaka kurtka w g\u00f3ry zim\u0105? Postaw na kurtk\u0119 Brenta marki Salewa - blog Skalnik\" \/>\n\t\t<meta property=\"og:description\" content=\"Kurtka puchowa Salewa Brenta to model, z kt\u00f3rym zima nie b\u0119dzie Ci straszna. Przygotuj si\u0119 na zimowe przygody outdoor, ale najpierw poznaj z bliska model Brenta\" \/>\n\t\t<meta property=\"og:url\" content=\"https:\/\/www.skalnik.pl\/blog\/jaka-kurtka-w-gory-zima-postaw-na-kurtke-brenta-marki-salewa\/\" \/>\n\t\t<meta property=\"og:image\" content=\"https:\/\/images.surferseo.art\/f5146778-41b4-4d28-bbd9-85d0fc105738.jpeg\" \/>\n\t\t<meta property=\"og:image:secure_url\" content=\"https:\/\/images.surferseo.art\/f5146778-41b4-4d28-bbd9-85d0fc105738.jpeg\" \/>\n\t\t<meta property=\"article:tag\" content=\"bran\u017ca\" \/>\n\t\t<meta property=\"article:published_time\" content=\"2023-10-25T09:34:24+00:00\" \/>\n\t\t<meta property=\"article:modified_time\" content=\"2023-12-04T13:14:57+00:00\" \/>\n\t\t<meta name=\"twitter:card\" content=\"summary_large_image\" \/>\n\t\t<meta name=\"twitter:title\" content=\"Jaka kurtka w g\u00f3ry zim\u0105? Postaw na kurtk\u0119 Brenta marki Salewa - blog Skalnik\" \/>\n\t\t<meta name=\"twitter:description\" content=\"Kurtka puchowa Salewa Brenta to model, z kt\u00f3rym zima nie b\u0119dzie Ci straszna. Przygotuj si\u0119 na zimowe przygody outdoor, ale najpierw poznaj z bliska model Brenta\" \/>\n\t\t<meta name=\"twitter:image\" content=\"https:\/\/images.surferseo.art\/f5146778-41b4-4d28-bbd9-85d0fc105738.jpeg\" \/>\n\t\t<script type=\"application\/ld+json\" class=\"aioseo-schema\">\n\t\t\t{\"@context\":\"https:\\\/\\\/schema.org\",\"@graph\":[{\"@type\":\"BlogPosting\",\"@id\":\"https:\\\/\\\/www.skalnik.pl\\\/blog\\\/jaka-kurtka-w-gory-zima-postaw-na-kurtke-brenta-marki-salewa\\\/#blogposting\",\"name\":\"Jaka kurtka w g\\u00f3ry zim\\u0105? Postaw na kurtk\\u0119 Brenta marki Salewa - blog Skalnik\",\"headline\":\"Jaka kurtka w g\\u00f3ry zim\\u0105? Postaw na kurtk\\u0119 Brenta marki Salewa\",\"author\":{\"@id\":\"https:\\\/\\\/www.skalnik.pl\\\/blog\\\/author\\\/beata-nawrotkiewicz\\\/#author\"},\"publisher\":{\"@id\":\"https:\\\/\\\/www.skalnik.pl\\\/blog\\\/#organization\"},\"image\":{\"@type\":\"ImageObject\",\"url\":\"https:\\\/\\\/www.skalnik.pl\\\/blog\\\/wp-content\\\/uploads\\\/2023\\\/10\\\/kurtki-na-zime-salewa.jpg\",\"width\":1920,\"height\":706},\"datePublished\":\"2023-10-25T11:34:24+02:00\",\"dateModified\":\"2023-12-04T15:14:57+02:00\",\"inLanguage\":\"pl-PL\",\"mainEntityOfPage\":{\"@id\":\"https:\\\/\\\/www.skalnik.pl\\\/blog\\\/jaka-kurtka-w-gory-zima-postaw-na-kurtke-brenta-marki-salewa\\\/#webpage\"},\"isPartOf\":{\"@id\":\"https:\\\/\\\/www.skalnik.pl\\\/blog\\\/jaka-kurtka-w-gory-zima-postaw-na-kurtke-brenta-marki-salewa\\\/#webpage\"},\"articleSection\":\"Bran\\u017ca\"},{\"@type\":\"BreadcrumbList\",\"@id\":\"https:\\\/\\\/www.skalnik.pl\\\/blog\\\/jaka-kurtka-w-gory-zima-postaw-na-kurtke-brenta-marki-salewa\\\/#breadcrumblist\",\"itemListElement\":[{\"@type\":\"ListItem\",\"@id\":\"https:\\\/\\\/www.skalnik.pl\\\/blog#listItem\",\"position\":1,\"name\":\"Home\",\"item\":\"https:\\\/\\\/www.skalnik.pl\\\/blog\",\"nextItem\":{\"@type\":\"ListItem\",\"@id\":\"https:\\\/\\\/www.skalnik.pl\\\/blog\\\/.\\\/branza\\\/#listItem\",\"name\":\"Bran\\u017ca\"}},{\"@type\":\"ListItem\",\"@id\":\"https:\\\/\\\/www.skalnik.pl\\\/blog\\\/.\\\/branza\\\/#listItem\",\"position\":2,\"name\":\"Bran\\u017ca\",\"item\":\"https:\\\/\\\/www.skalnik.pl\\\/blog\\\/.\\\/branza\\\/\",\"nextItem\":{\"@type\":\"ListItem\",\"@id\":\"https:\\\/\\\/www.skalnik.pl\\\/blog\\\/jaka-kurtka-w-gory-zima-postaw-na-kurtke-brenta-marki-salewa\\\/#listItem\",\"name\":\"Jaka kurtka w g\\u00f3ry zim\\u0105? Postaw na kurtk\\u0119 Brenta marki Salewa\"},\"previousItem\":{\"@type\":\"ListItem\",\"@id\":\"https:\\\/\\\/www.skalnik.pl\\\/blog#listItem\",\"name\":\"Home\"}},{\"@type\":\"ListItem\",\"@id\":\"https:\\\/\\\/www.skalnik.pl\\\/blog\\\/jaka-kurtka-w-gory-zima-postaw-na-kurtke-brenta-marki-salewa\\\/#listItem\",\"position\":3,\"name\":\"Jaka kurtka w g\\u00f3ry zim\\u0105? Postaw na kurtk\\u0119 Brenta marki Salewa\",\"previousItem\":{\"@type\":\"ListItem\",\"@id\":\"https:\\\/\\\/www.skalnik.pl\\\/blog\\\/.\\\/branza\\\/#listItem\",\"name\":\"Bran\\u017ca\"}}]},{\"@type\":\"Organization\",\"@id\":\"https:\\\/\\\/www.skalnik.pl\\\/blog\\\/#organization\",\"name\":\"blog Skalnik\",\"description\":\"Blog, porady, artyku\\u0142y - blog Skalnik\",\"url\":\"https:\\\/\\\/www.skalnik.pl\\\/blog\\\/\"},{\"@type\":\"Person\",\"@id\":\"https:\\\/\\\/www.skalnik.pl\\\/blog\\\/author\\\/beata-nawrotkiewicz\\\/#author\",\"url\":\"https:\\\/\\\/www.skalnik.pl\\\/blog\\\/author\\\/beata-nawrotkiewicz\\\/\",\"name\":\"Beata Nawrotkiewicz\",\"image\":{\"@type\":\"ImageObject\",\"@id\":\"https:\\\/\\\/www.skalnik.pl\\\/blog\\\/jaka-kurtka-w-gory-zima-postaw-na-kurtke-brenta-marki-salewa\\\/#authorImage\",\"url\":\"https:\\\/\\\/secure.gravatar.com\\\/avatar\\\/53cf81cfcc3a81694535515925ffcf159be725e8bd1fb455eeb9e2cadcaa5684?s=96&d=mm&r=g\",\"width\":96,\"height\":96,\"caption\":\"Beata Nawrotkiewicz\"}},{\"@type\":\"WebPage\",\"@id\":\"https:\\\/\\\/www.skalnik.pl\\\/blog\\\/jaka-kurtka-w-gory-zima-postaw-na-kurtke-brenta-marki-salewa\\\/#webpage\",\"url\":\"https:\\\/\\\/www.skalnik.pl\\\/blog\\\/jaka-kurtka-w-gory-zima-postaw-na-kurtke-brenta-marki-salewa\\\/\",\"name\":\"Jaka kurtka w g\\u00f3ry zim\\u0105? Postaw na kurtk\\u0119 Brenta marki Salewa - blog Skalnik\",\"description\":\"Kurtka puchowa Salewa Brenta to model, z kt\\u00f3rym zima nie b\\u0119dzie Ci straszna. Przygotuj si\\u0119 na zimowe przygody outdoor, ale najpierw poznaj z bliska model Brenta\",\"inLanguage\":\"pl-PL\",\"isPartOf\":{\"@id\":\"https:\\\/\\\/www.skalnik.pl\\\/blog\\\/#website\"},\"breadcrumb\":{\"@id\":\"https:\\\/\\\/www.skalnik.pl\\\/blog\\\/jaka-kurtka-w-gory-zima-postaw-na-kurtke-brenta-marki-salewa\\\/#breadcrumblist\"},\"author\":{\"@id\":\"https:\\\/\\\/www.skalnik.pl\\\/blog\\\/author\\\/beata-nawrotkiewicz\\\/#author\"},\"creator\":{\"@id\":\"https:\\\/\\\/www.skalnik.pl\\\/blog\\\/author\\\/beata-nawrotkiewicz\\\/#author\"},\"image\":{\"@type\":\"ImageObject\",\"url\":\"https:\\\/\\\/www.skalnik.pl\\\/blog\\\/wp-content\\\/uploads\\\/2023\\\/10\\\/kurtki-na-zime-salewa.jpg\",\"@id\":\"https:\\\/\\\/www.skalnik.pl\\\/blog\\\/jaka-kurtka-w-gory-zima-postaw-na-kurtke-brenta-marki-salewa\\\/#mainImage\",\"width\":1920,\"height\":706},\"primaryImageOfPage\":{\"@id\":\"https:\\\/\\\/www.skalnik.pl\\\/blog\\\/jaka-kurtka-w-gory-zima-postaw-na-kurtke-brenta-marki-salewa\\\/#mainImage\"},\"datePublished\":\"2023-10-25T11:34:24+02:00\",\"dateModified\":\"2023-12-04T15:14:57+02:00\"},{\"@type\":\"WebSite\",\"@id\":\"https:\\\/\\\/www.skalnik.pl\\\/blog\\\/#website\",\"url\":\"https:\\\/\\\/www.skalnik.pl\\\/blog\\\/\",\"name\":\"blog Skalnik\",\"description\":\"Blog, porady, artyku\\u0142y - blog Skalnik\",\"inLanguage\":\"pl-PL\",\"publisher\":{\"@id\":\"https:\\\/\\\/www.skalnik.pl\\\/blog\\\/#organization\"}}]}\n\t\t<\/script>\n\t\t<!-- All in One SEO -->\n\n","aioseo_head_json":{"title":"Jaka kurtka w g\u00f3ry zim\u0105? Postaw na kurtk\u0119 Brenta marki Salewa - blog Skalnik","description":"Kurtka puchowa Salewa Brenta to model, z kt\u00f3rym zima nie b\u0119dzie Ci straszna. Przygotuj si\u0119 na zimowe przygody outdoor, ale najpierw poznaj z bliska model Brenta","canonical_url":"https:\/\/www.skalnik.pl\/blog\/jaka-kurtka-w-gory-zima-postaw-na-kurtke-brenta-marki-salewa\/","robots":"max-image-preview:large","keywords":"","webmasterTools":{"miscellaneous":""},"schema":{"@context":"https:\/\/schema.org","@graph":[{"@type":"BlogPosting","@id":"https:\/\/www.skalnik.pl\/blog\/jaka-kurtka-w-gory-zima-postaw-na-kurtke-brenta-marki-salewa\/#blogposting","name":"Jaka kurtka w g\u00f3ry zim\u0105? Postaw na kurtk\u0119 Brenta marki Salewa - blog Skalnik","headline":"Jaka kurtka w g\u00f3ry zim\u0105? Postaw na kurtk\u0119 Brenta marki Salewa","author":{"@id":"https:\/\/www.skalnik.pl\/blog\/author\/beata-nawrotkiewicz\/#author"},"publisher":{"@id":"https:\/\/www.skalnik.pl\/blog\/#organization"},"image":{"@type":"ImageObject","url":"https:\/\/www.skalnik.pl\/blog\/wp-content\/uploads\/2023\/10\/kurtki-na-zime-salewa.jpg","width":1920,"height":706},"datePublished":"2023-10-25T11:34:24+02:00","dateModified":"2023-12-04T15:14:57+02:00","inLanguage":"pl-PL","mainEntityOfPage":{"@id":"https:\/\/www.skalnik.pl\/blog\/jaka-kurtka-w-gory-zima-postaw-na-kurtke-brenta-marki-salewa\/#webpage"},"isPartOf":{"@id":"https:\/\/www.skalnik.pl\/blog\/jaka-kurtka-w-gory-zima-postaw-na-kurtke-brenta-marki-salewa\/#webpage"},"articleSection":"Bran\u017ca"},{"@type":"BreadcrumbList","@id":"https:\/\/www.skalnik.pl\/blog\/jaka-kurtka-w-gory-zima-postaw-na-kurtke-brenta-marki-salewa\/#breadcrumblist","itemListElement":[{"@type":"ListItem","@id":"https:\/\/www.skalnik.pl\/blog#listItem","position":1,"name":"Home","item":"https:\/\/www.skalnik.pl\/blog","nextItem":{"@type":"ListItem","@id":"https:\/\/www.skalnik.pl\/blog\/.\/branza\/#listItem","name":"Bran\u017ca"}},{"@type":"ListItem","@id":"https:\/\/www.skalnik.pl\/blog\/.\/branza\/#listItem","position":2,"name":"Bran\u017ca","item":"https:\/\/www.skalnik.pl\/blog\/.\/branza\/","nextItem":{"@type":"ListItem","@id":"https:\/\/www.skalnik.pl\/blog\/jaka-kurtka-w-gory-zima-postaw-na-kurtke-brenta-marki-salewa\/#listItem","name":"Jaka kurtka w g\u00f3ry zim\u0105? Postaw na kurtk\u0119 Brenta marki Salewa"},"previousItem":{"@type":"ListItem","@id":"https:\/\/www.skalnik.pl\/blog#listItem","name":"Home"}},{"@type":"ListItem","@id":"https:\/\/www.skalnik.pl\/blog\/jaka-kurtka-w-gory-zima-postaw-na-kurtke-brenta-marki-salewa\/#listItem","position":3,"name":"Jaka kurtka w g\u00f3ry zim\u0105? Postaw na kurtk\u0119 Brenta marki Salewa","previousItem":{"@type":"ListItem","@id":"https:\/\/www.skalnik.pl\/blog\/.\/branza\/#listItem","name":"Bran\u017ca"}}]},{"@type":"Organization","@id":"https:\/\/www.skalnik.pl\/blog\/#organization","name":"blog Skalnik","description":"Blog, porady, artyku\u0142y - blog Skalnik","url":"https:\/\/www.skalnik.pl\/blog\/"},{"@type":"Person","@id":"https:\/\/www.skalnik.pl\/blog\/author\/beata-nawrotkiewicz\/#author","url":"https:\/\/www.skalnik.pl\/blog\/author\/beata-nawrotkiewicz\/","name":"Beata Nawrotkiewicz","image":{"@type":"ImageObject","@id":"https:\/\/www.skalnik.pl\/blog\/jaka-kurtka-w-gory-zima-postaw-na-kurtke-brenta-marki-salewa\/#authorImage","url":"https:\/\/secure.gravatar.com\/avatar\/53cf81cfcc3a81694535515925ffcf159be725e8bd1fb455eeb9e2cadcaa5684?s=96&d=mm&r=g","width":96,"height":96,"caption":"Beata Nawrotkiewicz"}},{"@type":"WebPage","@id":"https:\/\/www.skalnik.pl\/blog\/jaka-kurtka-w-gory-zima-postaw-na-kurtke-brenta-marki-salewa\/#webpage","url":"https:\/\/www.skalnik.pl\/blog\/jaka-kurtka-w-gory-zima-postaw-na-kurtke-brenta-marki-salewa\/","name":"Jaka kurtka w g\u00f3ry zim\u0105? Postaw na kurtk\u0119 Brenta marki Salewa - blog Skalnik","description":"Kurtka puchowa Salewa Brenta to model, z kt\u00f3rym zima nie b\u0119dzie Ci straszna. Przygotuj si\u0119 na zimowe przygody outdoor, ale najpierw poznaj z bliska model Brenta","inLanguage":"pl-PL","isPartOf":{"@id":"https:\/\/www.skalnik.pl\/blog\/#website"},"breadcrumb":{"@id":"https:\/\/www.skalnik.pl\/blog\/jaka-kurtka-w-gory-zima-postaw-na-kurtke-brenta-marki-salewa\/#breadcrumblist"},"author":{"@id":"https:\/\/www.skalnik.pl\/blog\/author\/beata-nawrotkiewicz\/#author"},"creator":{"@id":"https:\/\/www.skalnik.pl\/blog\/author\/beata-nawrotkiewicz\/#author"},"image":{"@type":"ImageObject","url":"https:\/\/www.skalnik.pl\/blog\/wp-content\/uploads\/2023\/10\/kurtki-na-zime-salewa.jpg","@id":"https:\/\/www.skalnik.pl\/blog\/jaka-kurtka-w-gory-zima-postaw-na-kurtke-brenta-marki-salewa\/#mainImage","width":1920,"height":706},"primaryImageOfPage":{"@id":"https:\/\/www.skalnik.pl\/blog\/jaka-kurtka-w-gory-zima-postaw-na-kurtke-brenta-marki-salewa\/#mainImage"},"datePublished":"2023-10-25T11:34:24+02:00","dateModified":"2023-12-04T15:14:57+02:00"},{"@type":"WebSite","@id":"https:\/\/www.skalnik.pl\/blog\/#website","url":"https:\/\/www.skalnik.pl\/blog\/","name":"blog Skalnik","description":"Blog, porady, artyku\u0142y - blog Skalnik","inLanguage":"pl-PL","publisher":{"@id":"https:\/\/www.skalnik.pl\/blog\/#organization"}}]},"og:locale":"pl_PL","og:site_name":"blog Skalnik - Blog, porady, artyku\u0142y - blog Skalnik","og:type":"article","og:title":"Jaka kurtka w g\u00f3ry zim\u0105? Postaw na kurtk\u0119 Brenta marki Salewa - blog Skalnik","og:description":"Kurtka puchowa Salewa Brenta to model, z kt\u00f3rym zima nie b\u0119dzie Ci straszna. Przygotuj si\u0119 na zimowe przygody outdoor, ale najpierw poznaj z bliska model Brenta","og:url":"https:\/\/www.skalnik.pl\/blog\/jaka-kurtka-w-gory-zima-postaw-na-kurtke-brenta-marki-salewa\/","og:image":"https:\/\/images.surferseo.art\/f5146778-41b4-4d28-bbd9-85d0fc105738.jpeg","og:image:secure_url":"https:\/\/images.surferseo.art\/f5146778-41b4-4d28-bbd9-85d0fc105738.jpeg","article:tag":["bran\u017ca"],"article:published_time":"2023-10-25T09:34:24+00:00","article:modified_time":"2023-12-04T13:14:57+00:00","twitter:card":"summary_large_image","twitter:title":"Jaka kurtka w g\u00f3ry zim\u0105? Postaw na kurtk\u0119 Brenta marki Salewa - blog Skalnik","twitter:description":"Kurtka puchowa Salewa Brenta to model, z kt\u00f3rym zima nie b\u0119dzie Ci straszna. Przygotuj si\u0119 na zimowe przygody outdoor, ale najpierw poznaj z bliska model Brenta","twitter:image":"https:\/\/images.surferseo.art\/f5146778-41b4-4d28-bbd9-85d0fc105738.jpeg"},"aioseo_meta_data":{"post_id":"24583","title":null,"description":"Kurtka puchowa Salewa Brenta to model, z kt\u00f3rym zima nie b\u0119dzie Ci straszna. Przygotuj si\u0119 na zimowe przygody outdoor, ale najpierw poznaj z bliska model Brenta","keywords":[],"keyphrases":{"focus":{"keyphrase":"kurtka puchowa","score":63,"analysis":{"keyphraseInTitle":{"score":3,"maxScore":9,"error":1},"keyphraseInDescription":{"score":9,"maxScore":9,"error":0},"keyphraseLength":{"score":9,"maxScore":9,"error":0,"length":2},"keyphraseInURL":{"score":1,"maxScore":5,"error":1},"keyphraseInIntroduction":{"score":9,"maxScore":9,"error":0},"keyphraseInSubHeadings":{"score":3,"maxScore":9,"error":1},"keyphraseInImageAlt":{"score":3,"maxScore":9,"error":1}}},"additional":[]},"primary_term":null,"canonical_url":null,"og_title":null,"og_description":null,"og_object_type":"default","og_image_type":"default","og_image_url":null,"og_image_width":null,"og_image_height":null,"og_image_custom_url":null,"og_image_custom_fields":null,"og_video":"","og_custom_url":null,"og_article_section":null,"og_article_tags":[],"twitter_use_og":false,"twitter_card":"default","twitter_image_type":"default","twitter_image_url":null,"twitter_image_custom_url":null,"twitter_image_custom_fields":null,"twitter_title":null,"twitter_description":null,"schema":{"blockGraphs":[],"customGraphs":[],"default":{"data":{"Article":[],"Course":[],"Dataset":[],"FAQPage":[],"Movie":[],"Person":[],"Product":[],"ProductReview":[],"Car":[],"Recipe":[],"Service":[],"SoftwareApplication":[],"WebPage":[]},"graphName":"","isEnabled":true},"graphs":[]},"schema_type":"default","schema_type_options":null,"pillar_content":false,"robots_default":true,"robots_noindex":false,"robots_noarchive":false,"robots_nosnippet":false,"robots_nofollow":false,"robots_noimageindex":false,"robots_noodp":false,"robots_notranslate":false,"robots_max_snippet":"-1","robots_max_videopreview":"-1","robots_max_imagepreview":"large","priority":null,"frequency":"default","local_seo":null,"breadcrumb_settings":null,"limit_modified_date":false,"ai":null,"created":"2023-10-25 06:54:08","updated":"2026-02-17 22:45:31","seo_analyzer_scan_date":null},"aioseo_breadcrumb":"<div class=\"aioseo-breadcrumbs\"><span class=\"aioseo-breadcrumb\">\n\t\t\t<a href=\"https:\/\/www.skalnik.pl\/blog\" title=\"Home\">Home<\/a>\n\t\t<\/span><span class=\"aioseo-breadcrumb-separator\">&raquo;<\/span><span class=\"aioseo-breadcrumb\">\n\t\t\t<a href=\"https:\/\/www.skalnik.pl\/blog\/.\/branza\/\" title=\"Bran\u017ca\">Bran\u017ca<\/a>\n\t\t<\/span><span class=\"aioseo-breadcrumb-separator\">&raquo;<\/span><span class=\"aioseo-breadcrumb\">\n\t\t\tJaka kurtka w g\u00f3ry zim\u0105? Postaw na kurtk\u0119 Brenta marki Salewa\n\t\t<\/span><\/div>","aioseo_breadcrumb_json":[{"label":"Home","link":"https:\/\/www.skalnik.pl\/blog"},{"label":"Bran\u017ca","link":"https:\/\/www.skalnik.pl\/blog\/.\/branza\/"},{"label":"Jaka kurtka w g\u00f3ry zim\u0105? Postaw na kurtk\u0119 Brenta marki Salewa","link":"https:\/\/www.skalnik.pl\/blog\/jaka-kurtka-w-gory-zima-postaw-na-kurtke-brenta-marki-salewa\/"}],"_links":{"self":[{"href":"https:\/\/www.skalnik.pl\/blog\/wp-json\/wp\/v2\/posts\/24583","targetHints":{"allow":["GET"]}}],"collection":[{"href":"https:\/\/www.skalnik.pl\/blog\/wp-json\/wp\/v2\/posts"}],"about":[{"href":"https:\/\/www.skalnik.pl\/blog\/wp-json\/wp\/v2\/types\/post"}],"author":[{"embeddable":true,"href":"https:\/\/www.skalnik.pl\/blog\/wp-json\/wp\/v2\/users\/9"}],"replies":[{"embeddable":true,"href":"https:\/\/www.skalnik.pl\/blog\/wp-json\/wp\/v2\/comments?post=24583"}],"version-history":[{"count":7,"href":"https:\/\/www.skalnik.pl\/blog\/wp-json\/wp\/v2\/posts\/24583\/revisions"}],"predecessor-version":[{"id":24599,"href":"https:\/\/www.skalnik.pl\/blog\/wp-json\/wp\/v2\/posts\/24583\/revisions\/24599"}],"wp:featuredmedia":[{"embeddable":true,"href":"https:\/\/www.skalnik.pl\/blog\/wp-json\/wp\/v2\/media\/24597"}],"wp:attachment":[{"href":"https:\/\/www.skalnik.pl\/blog\/wp-json\/wp\/v2\/media?parent=24583"}],"wp:term":[{"taxonomy":"category","embeddable":true,"href":"https:\/\/www.skalnik.pl\/blog\/wp-json\/wp\/v2\/categories?post=24583"},{"taxonomy":"post_tag","embeddable":true,"href":"https:\/\/www.skalnik.pl\/blog\/wp-json\/wp\/v2\/tags?post=24583"},{"taxonomy":"magento_category","embeddable":true,"href":"https:\/\/www.skalnik.pl\/blog\/wp-json\/wp\/v2\/magento_category?post=24583"},{"taxonomy":"magento_product","embeddable":true,"href":"https:\/\/www.skalnik.pl\/blog\/wp-json\/wp\/v2\/magento_product?post=24583"}],"curies":[{"name":"wp","href":"https:\/\/api.w.org\/{rel}","templated":true}]}}