{"id":24785,"date":"2023-11-20T14:14:03","date_gmt":"2023-11-20T12:14:03","guid":{"rendered":"https:\/\/www.skalnik.pl\/blog\/?p=24785"},"modified":"2023-11-22T11:22:22","modified_gmt":"2023-11-22T09:22:22","slug":"plecaki-deuter-seria-aircontact","status":"publish","type":"post","link":"https:\/\/www.skalnik.pl\/blog\/plecaki-deuter-seria-aircontact\/","title":{"rendered":"Plecaki Deuter &#8211; seria Aircontact"},"content":{"rendered":"\n<p><strong>Deuter &#8211; ta nazwa to niemal synonim s\u0142owa \u201eplecak\u201d. Ponad 100 letnia tradycja produkcji plecak\u00f3w zobowi\u0105zuje. Wci\u0105\u017c powi\u0119kszana i unowocze\u015bniania oferta marki jest bardzo rozbudowana. Dlatego tym razem zabieram Ci\u0119 na spotkanie z jej niewielk\u0105, ale jak\u017ce istotn\u0105 cz\u0119\u015bci\u0105. Poznaj dobrze Deuter Aircontact &#8211; plecaki, kt\u00f3re pokochali tury\u015bci na ca\u0142ym \u015bwiecie. Sprawd\u017a, w jakich sytuacjach si\u0119 spisze si\u0119 ten model i przekonaj si\u0119, czy to wyb\u00f3r dla Ciebie.<\/strong><\/p>\n\n\n\n<div id=\"ez-toc-container\" class=\"ez-toc-v2_0_85 counter-hierarchy ez-toc-counter ez-toc-light-blue ez-toc-container-direction\">\n<div class=\"ez-toc-title-container\">\n<p class=\"ez-toc-title\" style=\"cursor:inherit\">SPIS TRE\u015aCI <\/p>\n<span class=\"ez-toc-title-toggle\"><a href=\"#\" class=\"ez-toc-pull-right ez-toc-btn ez-toc-btn-xs ez-toc-btn-default ez-toc-toggle\" aria-label=\"Prze\u0142\u0105cznik Spisu Tre\u015bci\"><span class=\"ez-toc-js-icon-con\"><span class=\"\"><span class=\"eztoc-hide\" style=\"display:none;\">Toggle<\/span><span class=\"ez-toc-icon-toggle-span\"><svg style=\"fill: #999;color:#999\" xmlns=\"http:\/\/www.w3.org\/2000\/svg\" class=\"list-377408\" width=\"20px\" height=\"20px\" viewBox=\"0 0 24 24\" fill=\"none\"><path d=\"M6 6H4v2h2V6zm14 0H8v2h12V6zM4 11h2v2H4v-2zm16 0H8v2h12v-2zM4 16h2v2H4v-2zm16 0H8v2h12v-2z\" fill=\"currentColor\"><\/path><\/svg><svg style=\"fill: #999;color:#999\" class=\"arrow-unsorted-368013\" xmlns=\"http:\/\/www.w3.org\/2000\/svg\" width=\"10px\" height=\"10px\" viewBox=\"0 0 24 24\" version=\"1.2\" baseProfile=\"tiny\"><path d=\"M18.2 9.3l-6.2-6.3-6.2 6.3c-.2.2-.3.4-.3.7s.1.5.3.7c.2.2.4.3.7.3h11c.3 0 .5-.1.7-.3.2-.2.3-.5.3-.7s-.1-.5-.3-.7zM5.8 14.7l6.2 6.3 6.2-6.3c.2-.2.3-.5.3-.7s-.1-.5-.3-.7c-.2-.2-.4-.3-.7-.3h-11c-.3 0-.5.1-.7.3-.2.2-.3.5-.3.7s.1.5.3.7z\"\/><\/svg><\/span><\/span><\/span><\/a><\/span><\/div>\n<nav><ul class='ez-toc-list ez-toc-list-level-1 ' ><li class='ez-toc-page-1 ez-toc-heading-level-2'><a class=\"ez-toc-link ez-toc-heading-1\" href=\"https:\/\/www.skalnik.pl\/blog\/plecaki-deuter-seria-aircontact\/#Czy_plecak_Deuter_Aircontact_jest_dla_Ciebie\" >Czy plecak Deuter Aircontact jest dla Ciebie?<\/a><\/li><li class='ez-toc-page-1 ez-toc-heading-level-2'><a class=\"ez-toc-link ez-toc-heading-2\" href=\"https:\/\/www.skalnik.pl\/blog\/plecaki-deuter-seria-aircontact\/#Deuter_Aircontact_%E2%80%93_Twoje_plecy_podziekuja_Ci_za_ten_wybor\" >Deuter Aircontact &#8211; Twoje plecy podzi\u0119kuj\u0105 Ci za ten wyb\u00f3r<\/a><\/li><li class='ez-toc-page-1 ez-toc-heading-level-2'><a class=\"ez-toc-link ez-toc-heading-3\" href=\"https:\/\/www.skalnik.pl\/blog\/plecaki-deuter-seria-aircontact\/#Aircontact_Core_%E2%80%93_klasyczny_plecak_trekkingowy\" >Aircontact Core \u2013 klasyczny plecak trekkingowy<\/a><\/li><li class='ez-toc-page-1 ez-toc-heading-level-2'><a class=\"ez-toc-link ez-toc-heading-4\" href=\"https:\/\/www.skalnik.pl\/blog\/plecaki-deuter-seria-aircontact\/#Aircontact_Lite_%E2%80%93_pakuj_sie_lzej\" >Aircontact Lite \u2013 pakuj si\u0119 l\u017cej<\/a><\/li><li class='ez-toc-page-1 ez-toc-heading-level-2'><a class=\"ez-toc-link ez-toc-heading-5\" href=\"https:\/\/www.skalnik.pl\/blog\/plecaki-deuter-seria-aircontact\/#Aircontact_Ultra_%E2%80%93_plecak_dla_milosnikow_minimalizmu\" >Aircontact Ultra \u2013 plecak dla mi\u0142o\u015bnik\u00f3w minimalizmu<\/a><\/li><li class='ez-toc-page-1 ez-toc-heading-level-2'><a class=\"ez-toc-link ez-toc-heading-6\" href=\"https:\/\/www.skalnik.pl\/blog\/plecaki-deuter-seria-aircontact\/#Aircontact_X_%E2%80%93_podrozniczy_gamechanger\" >Aircontact X \u2013 podr\u00f3\u017cniczy gamechanger<\/a><\/li><\/ul><\/nav><\/div>\n<h2 class=\"wp-block-heading\"><span class=\"ez-toc-section\" id=\"Czy_plecak_Deuter_Aircontact_jest_dla_Ciebie\"><\/span>Czy plecak Deuter Aircontact jest dla Ciebie?<span class=\"ez-toc-section-end\"><\/span><\/h2>\n\n\n\n<p>Aircontact to bardzo rozbudowana i wci\u0105\u017c poszerzana linia plecak\u00f3w Deuter. S\u0105 to plecaki du\u017ce od 35\/40 litr\u00f3w wzwy\u017c. Najwi\u0119ksze warianty tego modelu maj\u0105 pojemno\u015b\u0107 a\u017c 80 l. Do jakich aktywno\u015bci dedykowany jest ten model? Przede wszystkim do trekking\u00f3w. Deuter Aircontact to prawdziwa klasyka plecak\u00f3w dla trekkingowc\u00f3w. Mniejsze modele o pojemno\u015bci 35-45 l sprawdz\u0105 si\u0119 na weekendowy, czy kilkudniowy wypad na lekko, a najwi\u0119ksze 70-80 l zabierzesz na wielotygodniow\u0105 w\u0119dr\u00f3wk\u0119.<\/p>\n\n\n\n<p>Obecnie linia ta doczeka\u0142a si\u0119 czterech wariant\u00f3w:<\/p>\n\n\n\n<ul class=\"wp-block-list\">\n<li>Aircontact Core<\/li>\n\n\n\n<li>Aircontact Lite<\/li>\n\n\n\n<li>Airconteact Ultra<\/li>\n\n\n\n<li>Aircontact X<\/li>\n<\/ul>\n\n\n\n<p>Szerzej opowiem o nich w dalszej cz\u0119\u015bci artyku\u0142u. Na pocz\u0105tek jednak czas na cechy wsp\u00f3lne. To przede wszystkim niebywa\u0142a funkcjonalno\u015b\u0107 i praktyczno\u015b\u0107. Przemy\u015blane punkty dost\u0119pu, liczne mo\u017cliwo\u015bci troczenia, kieszenie rozmieszczone dok\u0142adnie tam, gdzie naj\u0142atwiej si\u0119gn\u0105\u0107 po podr\u0119czne przedmioty, uchwyty na kije trekkingowe. Deuter Aircontact ma pomaga\u0107 podczas pokonywania kolejnych trekkingowych wyzwa\u0144.<\/p>\n\n\n\n<p class=\"has-white-color has-vivid-cyan-blue-background-color has-text-color has-background\">Kliknij link i poznaj wszystkie produkty marki &#8211;&gt;<strong><a href=\"https:\/\/www.skalnik.pl\/deuter\" target=\"_blank\" rel=\"noopener\" title=\"\"> Deuter<\/a><\/strong>. <\/p>\n\n\n<div class=\"wp-block-image\">\n<figure class=\"aligncenter size-large\"><img loading=\"lazy\" decoding=\"async\" width=\"1024\" height=\"683\" src=\"https:\/\/www.skalnik.pl\/blog\/wp-content\/uploads\/2023\/11\/Trekking_AircontactX_Sideshot_1_StefanNeuhauser-min-1024x683.png\" alt=\"\" class=\"wp-image-24820\" srcset=\"https:\/\/www.skalnik.pl\/blog\/wp-content\/uploads\/2023\/11\/Trekking_AircontactX_Sideshot_1_StefanNeuhauser-min-1024x683.png 1024w, https:\/\/www.skalnik.pl\/blog\/wp-content\/uploads\/2023\/11\/Trekking_AircontactX_Sideshot_1_StefanNeuhauser-min-300x200.png 300w, https:\/\/www.skalnik.pl\/blog\/wp-content\/uploads\/2023\/11\/Trekking_AircontactX_Sideshot_1_StefanNeuhauser-min-768x512.png 768w, https:\/\/www.skalnik.pl\/blog\/wp-content\/uploads\/2023\/11\/Trekking_AircontactX_Sideshot_1_StefanNeuhauser-min-1536x1024.png 1536w, https:\/\/www.skalnik.pl\/blog\/wp-content\/uploads\/2023\/11\/Trekking_AircontactX_Sideshot_1_StefanNeuhauser-min-2048x1365.png 2048w\" sizes=\"auto, (max-width: 1024px) 100vw, 1024px\" \/><figcaption class=\"wp-element-caption\"><em>Wygoda, funkcjonalno\u015b\u0107 i solidno\u015b\u0107 &#8211; taki w\u0142a\u015bnie jest Deuter Aircontact (fot. De<\/em><\/figcaption><\/figure>\n<\/div>\n\n\n<p>Warianty o wi\u0119kszej pojemno\u015bci doskonale sprawdzaj\u0105 si\u0119 tak\u017ce podczas podr\u00f3\u017cy backpackerskich trwaj\u0105cych nawet wiele miesi\u0119cy. To solidne plecaki, wykonane z odpornych, wytrzyma\u0142ych materia\u0142\u00f3w, kt\u00f3rym nie straszne \u017cadne warunki. <\/p>\n\n\n\n<p>Je\u015bli nie jest Ci obca troska o \u015brodowisko naturalne, to mam dobr\u0105 wiadomo\u015b\u0107. Deuter to marka, kt\u00f3ra stawia sobie za cel produkcj\u0119, kt\u00f3ra w zr\u00f3wnowa\u017cony i odpowiedzialny spos\u00f3b traktuje zar\u00f3wno nasz\u0105 Planet\u0119, jak i podwykonawc\u00f3w na ca\u0142ym \u015bwiecie. W produkcji stosowane s\u0105 materia\u0142y z recyklingu, eliminowane s\u0105 szkodliwe zwi\u0105zki chemiczne jak PFC, wykorzystuje si\u0119 odnawialne \u017ar\u00f3d\u0142a energii oraz stosuje zasady Fair Trade. Wszystko to sprawia, \u017ce w 2022 marka zosta\u0142a laureatem niemieckiej nagrody Sustainability Award Global Corporate Partnerships.<\/p>\n\n\n\n<p class=\"has-white-color has-vivid-cyan-blue-background-color has-text-color has-background\">Zobacz wszystkie &#8211;&gt; <strong><a href=\"https:\/\/www.skalnik.pl\/sprzet-turystyczny\/plecaki\/plecaki-turystyczne\/marka:deuter\" target=\"_blank\" rel=\"noopener\" title=\"\">plecaki Deuter<\/a><\/strong>.<\/p>\n\n\n\n<h2 class=\"wp-block-heading\"><span class=\"ez-toc-section\" id=\"Deuter_Aircontact_%E2%80%93_Twoje_plecy_podziekuja_Ci_za_ten_wybor\"><\/span>Deuter Aircontact &#8211; Twoje plecy podzi\u0119kuj\u0105 Ci za ten wyb\u00f3r<span class=\"ez-toc-section-end\"><\/span><\/h2>\n\n\n\n<p>Aircontact to nie tylko nazwa linii plecak\u00f3w Deuter, ale tak\u017ce, a mo\u017ce przede wszystkim systemu no\u015bnego opracowanego dla du\u017cych plecak\u00f3w, kt\u00f3re maj\u0105 przenosi\u0107 spore ci\u0119\u017cary. Jest to opatentowany, autorski projekt konstruktor\u00f3w Deuter, kt\u00f3ry w ka\u017cdej kolejnej edycji podlega unowocze\u015bnieniu, ale nie traci na swojej wygodzie i funkcjonalno\u015bci. Aircontact zapewnia optymalne roz\u0142o\u017cenie ci\u0119\u017caru oraz wentylacj\u0119 plec\u00f3w. Podczas d\u0142ugotrwa\u0142ego trekkingu lub w wysokich temperaturach Twoje plecy odczuj\u0105 r\u00f3\u017cnic\u0119.<\/p>\n\n\n<div class=\"wp-block-image\">\n<figure class=\"aligncenter size-large\"><img loading=\"lazy\" decoding=\"async\" width=\"1024\" height=\"683\" src=\"https:\/\/www.skalnik.pl\/blog\/wp-content\/uploads\/2023\/11\/Trekking_AircontactUltra_Sideshot_1_fmarmsater_USA-min-1024x683.png\" alt=\"\" class=\"wp-image-24821\" srcset=\"https:\/\/www.skalnik.pl\/blog\/wp-content\/uploads\/2023\/11\/Trekking_AircontactUltra_Sideshot_1_fmarmsater_USA-min-1024x683.png 1024w, https:\/\/www.skalnik.pl\/blog\/wp-content\/uploads\/2023\/11\/Trekking_AircontactUltra_Sideshot_1_fmarmsater_USA-min-300x200.png 300w, https:\/\/www.skalnik.pl\/blog\/wp-content\/uploads\/2023\/11\/Trekking_AircontactUltra_Sideshot_1_fmarmsater_USA-min-768x512.png 768w, https:\/\/www.skalnik.pl\/blog\/wp-content\/uploads\/2023\/11\/Trekking_AircontactUltra_Sideshot_1_fmarmsater_USA-min-1536x1024.png 1536w, https:\/\/www.skalnik.pl\/blog\/wp-content\/uploads\/2023\/11\/Trekking_AircontactUltra_Sideshot_1_fmarmsater_USA-min-2048x1365.png 2048w\" sizes=\"auto, (max-width: 1024px) 100vw, 1024px\" \/><figcaption class=\"wp-element-caption\"><em>Deuter- jeden z prekursor\u00f3w tworzenia plecak\u00f3w w wersji m\u0119skiej i damskiej (fot. Deuter)<\/em><\/figcaption><\/figure>\n<\/div>\n\n\n<p>A oto co sk\u0142ada si\u0119 na system no\u015bny plecaka Aircontact:<\/p>\n\n\n\n<ul class=\"wp-block-list\">\n<li>tylny <strong>panel Aircontact<\/strong>, kt\u00f3ry pozostaj\u0105c blisko plec\u00f3w zapewnia efektywn\u0105 wentylacj\u0119. Jego konstrukcja z kana\u0142em powietrznym i oddychaj\u0105c\u0105 siateczk\u0105 umo\u017cliwia sta\u0142e ch\u0142odzenie plec\u00f3w podczas w\u0119dr\u00f3wki. Jednocze\u015bnie \u015brodek ci\u0119\u017cko\u015bci jest na tyle blisko plec\u00f3w, \u017ce nie powoduje przeci\u0105\u017cania podczas w\u0119dr\u00f3wki \u201ena ci\u0119\u017cko\u201d.<\/li>\n\n\n\n<li><strong>VariQuick System<\/strong> \u2013 d\u0142ugo\u015b\u0107 tylnego panelu mo\u017cesz dostosowa\u0107 do swojej wysoko\u015bci dzi\u0119ki prostej regulacji.<\/li>\n\n\n\n<li><strong>VariFlex<\/strong> \u2013 to system, kt\u00f3ry sprawia, \u017ce pasy biodrowe, a co za tym idzie ca\u0142y system pod\u0105\u017ca za Twoimi ruchami. Nic nie \u201eci\u0105gnie\u201d do ty\u0142u, a plecak pozostaje stabilny. Mo\u017cesz w ten spos\u00f3b przenosi\u0107 nawet du\u017ce ci\u0119\u017cary.<\/li>\n\n\n\n<li><strong>ActiveFit<\/strong> \u2013 to system dopasowania pas\u00f3w ramieniowych plecaka, kt\u00f3ry eliminuje to, co zwykle denerwuje najbardziej. Te\u017c nienawidzisz kiedy szelki \u201esame si\u0119 przesuwaj\u0105\u201d? Deuter znalaz\u0142 na to rozwi\u0105zanie. Pasy ramieniowe s\u0105 zawsze tam, gdzie by\u0107 powinny.<\/li>\n<\/ul>\n\n\n\n<p>Plecaki Aircontact dost\u0119pne s\u0105 w wersji m\u0119skiej i damskiej (SL).<\/p>\n\n\n\n<h2 class=\"wp-block-heading\"><span class=\"ez-toc-section\" id=\"Aircontact_Core_%E2%80%93_klasyczny_plecak_trekkingowy\"><\/span>Aircontact Core \u2013 klasyczny plecak trekkingowy<span class=\"ez-toc-section-end\"><\/span><\/h2>\n\n\n\n<p>Aircontact Core to najbardziej rozbudowana cz\u0119\u015b\u0107 tej linii plecak\u00f3w Deuter. Znajdziesz tu modele w rozmiarach od 40 (wersja SL 35) do 70 (SL 65) litr\u00f3w. Ka\u017cdy z nich ma jeszcze dodatkowe 10 l \u201ezapasu\u201d w kominie zamykaj\u0105cym komor\u0119 g\u0142\u00f3wn\u0105. <\/p>\n\n\n\n<p>S\u0105 to plecaki dwukomorowe, z dost\u0119pem od g\u00f3ry i przez dolne zamkni\u0119cie na zamek z klap\u0105 zapinan\u0105 na dwie klamry. Maj\u0105 pojemne kieszenie zasuwane w klapie i na pasach biodrowych oraz elastyczne, rozci\u0105gliwe kieszenie na bokach i na przednim panelu. Mo\u017cna do nich troczy\u0107 kije trekkingowe, czekan oraz inny sprz\u0119t za pomoc\u0105 odpowiednich ta\u015bm i uchwyt\u00f3w.<\/p>\n\n\n\n<h2 class=\"wp-block-heading\"><span class=\"ez-toc-section\" id=\"Aircontact_Lite_%E2%80%93_pakuj_sie_lzej\"><\/span>Aircontact Lite \u2013 pakuj si\u0119 l\u017cej<span class=\"ez-toc-section-end\"><\/span><\/h2>\n\n\n\n<p>Aircontact Lite to nieco \u201eodchudzona\u201d wersja trekkingowej klasyki. Podobnie jak Core maj\u0105 dwie komory i klap\u0119 oraz podobny uk\u0142ad kieszeni. Odr\u00f3\u017cnia je wykorzystanie l\u017cejszych materia\u0142\u00f3w, nieco mniejsze kieszenie na pasie biodrowym oraz konstrukcja kieszeni na przednim panelu, gdzie dodatkowo umiejscowiono klamr\u0119. <\/p>\n\n\n\n<p>Plecaki te wyst\u0119puj\u0105 w wersji 40 (SL 35) i 50 (SL 45) litrowej. Doskonale sprawdz\u0105 si\u0119 podczas kilku i kilkunastodniowych trekking\u00f3w, gdy chcesz ograniczy\u0107 wag\u0119 plecaka, nie trac\u0105c jednocze\u015bnie nic z jego funkcjonalno\u015bci.<\/p>\n\n\n\t<div class=\"magento-wrapper\">\n\t\t<ul class=\"products\">\n\t\t\t<li class=\"product\">\n\t\n\t\t<div class=\"image\">\n\t\t\t<a href=\"https:\/\/www.skalnik.pl\/plecak-aircontact-lite-40-10\" target=\"_self\">\n\t\t\t\t\t\t<img\n\t\t\tsrc=\"https:\/\/www.skalnik.pl\/media\/catalog\/product\/3\/3\/3340321-5331-aircontact_lite_40_10-d00.jpg\"\n\t\t\talt=\"PLECAK AIRCONTACT LITE 40+10\"\n\t\t\t\t\t\t\t\t\/>\n\t\t\t\t\t<\/a>\n\t\t<\/div>\n\n\t\t\n\t\t<a href=\"https:\/\/www.skalnik.pl\/plecak-aircontact-lite-40-10\" target=\"_self\"><span class=\"name\">PLECAK AIRCONTACT LITE 40+10<\/span><\/a>\t\n\t\n\t\t\t\t\t<div class=\"price has-special\">\n\t\t\tCENA\n\t\t\t\t\t\t\t<span class=\"special-price\">485.00 z\u0142<\/span>\n\t\t\t\t<span class=\"special-price base-price\">969.99 z\u0142<\/span>\n\t\t\t\t\t<\/div>\n\t\t\t\n\t<div class=\"url\"><a class=\"view-details\" href=\"https:\/\/www.skalnik.pl\/plecak-aircontact-lite-40-10\">Zobacz wi\u0119cej <\/a><\/div><\/li>\n<li class=\"product\">\n\t\n\t\t<div class=\"image\">\n\t\t\t<a href=\"https:\/\/www.skalnik.pl\/plecak-aircontact-ultra-505-fern-alpinegreen-999379\" target=\"_self\">\n\t\t\t\t\t\t<img\n\t\t\tsrc=\"https:\/\/www.skalnik.pl\/media\/catalog\/product\/p\/l\/plecak-aircontact-ultra-505-fern-alpinegreen-999379_1.jpg\"\n\t\t\talt=\"PLECAK AIRCONTACT ULTRA 50+5-FERN-ALPINEGREEN\"\n\t\t\t\t\t\t\t\t\/>\n\t\t\t\t\t<\/a>\n\t\t<\/div>\n\n\t\t\n\t\t<a href=\"https:\/\/www.skalnik.pl\/plecak-aircontact-ultra-505-fern-alpinegreen-999379\" target=\"_self\"><span class=\"name\">PLECAK AIRCONTACT ULTRA 50+5-FERN-ALPINEGREEN<\/span><\/a>\t\n\t\n\t\t\t\t\t<div class=\"price has-special\">\n\t\t\tCENA\n\t\t\t\t\t\t\t<span class=\"special-price\">1,091.99 z\u0142<\/span>\n\t\t\t\t<span class=\"special-price base-price\">1,299.99 z\u0142<\/span>\n\t\t\t\t\t<\/div>\n\t\t\t\n\t<div class=\"url\"><a class=\"view-details\" href=\"https:\/\/www.skalnik.pl\/plecak-aircontact-ultra-505-fern-alpinegreen-999379\">Zobacz wi\u0119cej <\/a><\/div><\/li>\n<li class=\"product\">\n\t\n\t\t<div class=\"image\">\n\t\t\t<a href=\"https:\/\/www.skalnik.pl\/plecak-aircontact-x-6015-sl-redwood-ink-1001946\" target=\"_self\">\n\t\t\t\t\t\t<img\n\t\t\tsrc=\"https:\/\/www.skalnik.pl\/media\/catalog\/product\/p\/l\/plecak-aircontact-x-6015-sl-redwood-ink-1001946_1.jpg\"\n\t\t\talt=\"PLECAK AIRCONTACT X 60+15 SL-REDWOOD-INK\"\n\t\t\t\t\t\t\t\t\/>\n\t\t\t\t\t<\/a>\n\t\t<\/div>\n\n\t\t\n\t\t<a href=\"https:\/\/www.skalnik.pl\/plecak-aircontact-x-6015-sl-redwood-ink-1001946\" target=\"_self\"><span class=\"name\">PLECAK AIRCONTACT X 60+15 SL-REDWOOD-INK<\/span><\/a>\t\n\t\n\t\t\t\t\t<div class=\"price has-special\">\n\t\t\tCENA\n\t\t\t\t\t\t\t<span class=\"special-price\">1,493.99 z\u0142<\/span>\n\t\t\t\t<span class=\"special-price base-price\">1,799.99 z\u0142<\/span>\n\t\t\t\t\t<\/div>\n\t\t\t\n\t<div class=\"url\"><a class=\"view-details\" href=\"https:\/\/www.skalnik.pl\/plecak-aircontact-x-6015-sl-redwood-ink-1001946\">Zobacz wi\u0119cej <\/a><\/div><\/li>\n\t\t<\/ul>\n\t<\/div>\n\n\n\n\n<h2 class=\"wp-block-heading\"><span class=\"ez-toc-section\" id=\"Aircontact_Ultra_%E2%80%93_plecak_dla_milosnikow_minimalizmu\"><\/span>Aircontact Ultra \u2013 plecak dla mi\u0142o\u015bnik\u00f3w minimalizmu<span class=\"ez-toc-section-end\"><\/span><\/h2>\n\n\n\n<p>Aircontact Ultra to plecaki trekkingowe o bardzo prostej budowie. Zosta\u0142y stworzone z my\u015bl\u0105 o mi\u0142o\u015bnikach minimalizmu i prostoty w g\u00f3rskim wydaniu. Zachowano w nich tylko to, co niezb\u0119dne do efektywnej w\u0119dr\u00f3wki, pozbywaj\u0105c si\u0119 wszelkich dodatkowych obci\u0105\u017ce\u0144. S\u0105 to plecaki jednokomorowe, z dost\u0119pem od g\u00f3ry i zamkni\u0119te klap\u0105 z dwiema klamrami. Maj\u0105 elastyczne kieszenie boczne i na przednim panelu, zasuwane kieszenie na pasie biodrowym i w klapie. Ich klap\u0119 mo\u017cna odpi\u0105\u0107 zmniejszaj\u0105c wag\u0119 plecaka, a dodatkowe, odpinane paski i p\u0119tle pozwalaj\u0105 mocowa\u0107 na przednim panelu np. namiot. Wag\u0119 obni\u017ca tak\u017ce bardzo lekki, a przy tym wytrzyma\u0142y materia\u0142 poliamidowy z technologi\u0105 Ripstop zapobiegaj\u0105c\u0105 przecieraniu. <\/p>\n\n\n<div class=\"wp-block-image\">\n<figure class=\"aligncenter size-large\"><img loading=\"lazy\" decoding=\"async\" width=\"1024\" height=\"683\" src=\"https:\/\/www.skalnik.pl\/blog\/wp-content\/uploads\/2023\/11\/Trekking_AircontactUltra_Sideshot_2_fmarmsater_USA-min-1024x683.png\" alt=\"\" class=\"wp-image-24822\" srcset=\"https:\/\/www.skalnik.pl\/blog\/wp-content\/uploads\/2023\/11\/Trekking_AircontactUltra_Sideshot_2_fmarmsater_USA-min-1024x683.png 1024w, https:\/\/www.skalnik.pl\/blog\/wp-content\/uploads\/2023\/11\/Trekking_AircontactUltra_Sideshot_2_fmarmsater_USA-min-300x200.png 300w, https:\/\/www.skalnik.pl\/blog\/wp-content\/uploads\/2023\/11\/Trekking_AircontactUltra_Sideshot_2_fmarmsater_USA-min-768x512.png 768w, https:\/\/www.skalnik.pl\/blog\/wp-content\/uploads\/2023\/11\/Trekking_AircontactUltra_Sideshot_2_fmarmsater_USA-min-1536x1024.png 1536w, https:\/\/www.skalnik.pl\/blog\/wp-content\/uploads\/2023\/11\/Trekking_AircontactUltra_Sideshot_2_fmarmsater_USA-min-2048x1365.png 2048w\" sizes=\"auto, (max-width: 1024px) 100vw, 1024px\" \/><figcaption class=\"wp-element-caption\"><em>Deuter Aircontact Ultra &#8211; funkcjonalny minimalizm. No\u015b mniej na plecach! (fot. Deuter)<\/em><\/figcaption><\/figure>\n<\/div>\n\n\n<p>Ten model dost\u0119pny jest w pojemno\u015bci 50 l (45 l w wersji damskiej).<\/p>\n\n\n\n<h2 class=\"wp-block-heading\"><span class=\"ez-toc-section\" id=\"Aircontact_X_%E2%80%93_podrozniczy_gamechanger\"><\/span>Aircontact X \u2013 podr\u00f3\u017cniczy gamechanger<span class=\"ez-toc-section-end\"><\/span><\/h2>\n\n\n\n<p>Wariant X to najwi\u0119ksze i najbardziej pojemne plecaki Deuter. Maj\u0105 pojemno\u015b\u0107 60, 70 i 80 l zar\u00f3wno w wersji m\u0119skiej jak i damskiej. Przeznaczone s\u0105 na d\u0142ugie trekkingi oraz do wielotygodniowych (a nawet wielomiesi\u0119cznych) podr\u00f3\u017cy. Do ka\u017cdego z nich do\u0142\u0105czony jest 15 l mi\u0119kki plecak Daypack, kt\u00f3ry mo\u017ce by\u0107 np. podr\u0119cznym baga\u017cem do samolotu, czy podczas przejazd\u00f3w komunikacj\u0105.<\/p>\n\n\n<div class=\"wp-block-image\">\n<figure class=\"aligncenter size-large\"><img loading=\"lazy\" decoding=\"async\" width=\"1024\" height=\"683\" src=\"https:\/\/www.skalnik.pl\/blog\/wp-content\/uploads\/2023\/11\/Trekking_AircontactX_Sideshot_22_StefanNeuhauser-min-1024x683.png\" alt=\"\" class=\"wp-image-24823\" srcset=\"https:\/\/www.skalnik.pl\/blog\/wp-content\/uploads\/2023\/11\/Trekking_AircontactX_Sideshot_22_StefanNeuhauser-min-1024x683.png 1024w, https:\/\/www.skalnik.pl\/blog\/wp-content\/uploads\/2023\/11\/Trekking_AircontactX_Sideshot_22_StefanNeuhauser-min-300x200.png 300w, https:\/\/www.skalnik.pl\/blog\/wp-content\/uploads\/2023\/11\/Trekking_AircontactX_Sideshot_22_StefanNeuhauser-min-768x512.png 768w, https:\/\/www.skalnik.pl\/blog\/wp-content\/uploads\/2023\/11\/Trekking_AircontactX_Sideshot_22_StefanNeuhauser-min-1536x1024.png 1536w, https:\/\/www.skalnik.pl\/blog\/wp-content\/uploads\/2023\/11\/Trekking_AircontactX_Sideshot_22_StefanNeuhauser-min-2048x1365.png 2048w\" sizes=\"auto, (max-width: 1024px) 100vw, 1024px\" \/><figcaption class=\"wp-element-caption\"><em>Aircontact X &#8211; w niego spakujesz si\u0119 nawet na najd\u0142u\u017cszy trekkingu lub podr\u00f3\u017c (fot. Deuter)<\/em><\/figcaption><\/figure>\n<\/div>\n\n\n<p>Opr\u00f3cz dost\u0119pu od g\u00f3ry i do dolnej komory maj\u0105 jeszcze dodatkowe wej\u015bcie przez przedni panel, zamykane na zamek w kszta\u0142cie litery U. Znacznie u\u0142atwia to pakowanie i rozpakowywanie plecaka. Plecaki wyposa\u017cone s\u0105 boczne kieszenie elastyczne, przedni\u0105 kiesze\u0144 zasuwan\u0105, kieszenie w klapie oraz odpinane, bardzo pojemne kieszenie na pasie biodrowym. Mo\u017cna te\u017c do nich mocowa\u0107 r\u00f3\u017cnorodny sprz\u0119t za pomoc\u0105 uchwyt\u00f3w, p\u0119tli i pask\u00f3w.<\/p>\n\n\n\n<figure class=\"wp-block-image size-full\"><a href=\"https:\/\/www.skalnik.pl\/deuter\" target=\"_blank\" rel=\"noreferrer noopener\"><img loading=\"lazy\" decoding=\"async\" width=\"1024\" height=\"250\" src=\"https:\/\/www.skalnik.pl\/blog\/wp-content\/uploads\/2023\/11\/deuter-plecaki-baner-sklep.jpg\" alt=\"deuter plecaki baner sklep\" class=\"wp-image-24826\" srcset=\"https:\/\/www.skalnik.pl\/blog\/wp-content\/uploads\/2023\/11\/deuter-plecaki-baner-sklep.jpg 1024w, https:\/\/www.skalnik.pl\/blog\/wp-content\/uploads\/2023\/11\/deuter-plecaki-baner-sklep-300x73.jpg 300w, https:\/\/www.skalnik.pl\/blog\/wp-content\/uploads\/2023\/11\/deuter-plecaki-baner-sklep-768x188.jpg 768w\" sizes=\"auto, (max-width: 1024px) 100vw, 1024px\" \/><\/a><\/figure>\n\n\n\n<hr class=\"wp-block-separator has-alpha-channel-opacity is-style-dots\"\/>\n\n\n\n<p>Deuter Airconatact to plecaki stworzone z my\u015bl\u0105 o trekkingach i podr\u00f3\u017cach. Je\u015bli planujesz d\u0142u\u017csze w\u0119dr\u00f3wki z plecakiem lub przygotowujesz si\u0119 do podr\u00f3\u017cy backpackerskiej to wyb\u00f3r, kt\u00f3ry po\u0142\u0105czy funkcjonalno\u015b\u0107, wygod\u0119 i wytrzyma\u0142o\u015b\u0107. &nbsp;<\/p>\n","protected":false},"excerpt":{"rendered":"<p>Szukasz sprawdzonego plecaka trekkingowego? Poznaj lini\u0119 Aircontact marki Deuter! To plecaki, kt\u00f3re od lat towarzysz\u0105 mi\u0142o\u015bnikom g\u00f3rskich w\u0119dr\u00f3wek i d\u0142ugich podr\u00f3\u017cy. <\/p>\n","protected":false},"author":41,"featured_media":24818,"comment_status":"closed","ping_status":"closed","sticky":false,"template":"","format":"standard","meta":{"_acf_changed":false,"footnotes":""},"categories":[5],"tags":[250,23],"magento_category":[51,1559],"magento_product":[2053,2054,2056,2055,2059,2057,2061,2060,2058,2073,2075,2062,2074,2079,2078,2063,2064,2077,2083,2084,2086,2085,2076,2065,2081,2087,2099,2082,2092,2089,2095,2100,2080,2091,2101,2088,2098,2090,2093,2097,2096,2094,2103,2107,2072,2067,2104,2066,2068,2109,2069,2106,2102,2110,2115,2105,2111,2112,2108,2070,2113,2071,2114],"class_list":["post-24785","post","type-post","status-publish","format-standard","has-post-thumbnail","hentry","category-branza","tag-deuter","tag-plecaki"],"acf":[],"aioseo_notices":[],"aioseo_head":"\n\t\t<!-- All in One SEO 4.9.10 - aioseo.com -->\n\t<meta name=\"description\" content=\"Deuter Aircontact to jeden z najbardziej rozpoznawalnych plecak\u00f3w tej marki. Poznaj funkcjonalne plecaki trekkingowe i ich warianty oraz ich mo\u017cliwo\u015bci.\" \/>\n\t<meta name=\"robots\" content=\"max-image-preview:large\" \/>\n\t<meta name=\"author\" content=\"Anna \u015aliwa\"\/>\n\t<link rel=\"canonical\" href=\"https:\/\/www.skalnik.pl\/blog\/plecaki-deuter-seria-aircontact\/\" \/>\n\t<meta name=\"generator\" content=\"All in One SEO (AIOSEO) 4.9.10\" \/>\n\t\t<meta property=\"og:locale\" content=\"pl_PL\" \/>\n\t\t<meta property=\"og:site_name\" content=\"blog Skalnik - Blog, porady, artyku\u0142y - blog Skalnik\" \/>\n\t\t<meta property=\"og:type\" content=\"article\" \/>\n\t\t<meta property=\"og:title\" content=\"Plecaki Deuter \u2013 seria Aircontact - blog Skalnik\" \/>\n\t\t<meta property=\"og:description\" content=\"Deuter Aircontact to jeden z najbardziej rozpoznawalnych plecak\u00f3w tej marki. Poznaj funkcjonalne plecaki trekkingowe i ich warianty oraz ich mo\u017cliwo\u015bci.\" \/>\n\t\t<meta property=\"og:url\" content=\"https:\/\/www.skalnik.pl\/blog\/plecaki-deuter-seria-aircontact\/\" \/>\n\t\t<meta property=\"og:image\" content=\"https:\/\/www.skalnik.pl\/blog\/wp-content\/uploads\/2023\/11\/Trekking_AircontactX_Sideshot_1_StefanNeuhauser-min.png\" \/>\n\t\t<meta property=\"og:image:secure_url\" content=\"https:\/\/www.skalnik.pl\/blog\/wp-content\/uploads\/2023\/11\/Trekking_AircontactX_Sideshot_1_StefanNeuhauser-min.png\" \/>\n\t\t<meta property=\"og:image:width\" content=\"2657\" \/>\n\t\t<meta property=\"og:image:height\" content=\"1771\" \/>\n\t\t<meta property=\"article:tag\" content=\"bran\u017ca\" \/>\n\t\t<meta property=\"article:tag\" content=\"deuter\" \/>\n\t\t<meta property=\"article:tag\" content=\"plecaki\" \/>\n\t\t<meta property=\"article:published_time\" content=\"2023-11-20T12:14:03+00:00\" \/>\n\t\t<meta property=\"article:modified_time\" content=\"2023-11-22T09:22:22+00:00\" \/>\n\t\t<meta name=\"twitter:card\" content=\"summary_large_image\" \/>\n\t\t<meta name=\"twitter:title\" content=\"Plecaki Deuter \u2013 seria Aircontact - blog Skalnik\" \/>\n\t\t<meta name=\"twitter:description\" content=\"Deuter Aircontact to jeden z najbardziej rozpoznawalnych plecak\u00f3w tej marki. Poznaj funkcjonalne plecaki trekkingowe i ich warianty oraz ich mo\u017cliwo\u015bci.\" \/>\n\t\t<meta name=\"twitter:image\" content=\"https:\/\/www.skalnik.pl\/blog\/wp-content\/uploads\/2023\/11\/Trekking_AircontactX_Sideshot_1_StefanNeuhauser-min.png\" \/>\n\t\t<script type=\"application\/ld+json\" class=\"aioseo-schema\">\n\t\t\t{\"@context\":\"https:\\\/\\\/schema.org\",\"@graph\":[{\"@type\":\"BlogPosting\",\"@id\":\"https:\\\/\\\/www.skalnik.pl\\\/blog\\\/plecaki-deuter-seria-aircontact\\\/#blogposting\",\"name\":\"Plecaki Deuter \\u2013 seria Aircontact - blog Skalnik\",\"headline\":\"Plecaki Deuter &#8211; seria Aircontact\",\"author\":{\"@id\":\"https:\\\/\\\/www.skalnik.pl\\\/blog\\\/author\\\/anna-sliwa\\\/#author\"},\"publisher\":{\"@id\":\"https:\\\/\\\/www.skalnik.pl\\\/blog\\\/#organization\"},\"image\":{\"@type\":\"ImageObject\",\"url\":\"https:\\\/\\\/www.skalnik.pl\\\/blog\\\/wp-content\\\/uploads\\\/2023\\\/11\\\/Trekking_AircontactX_Sideshot_20_StefanNeuhauser-scaled.jpg\",\"width\":2560,\"height\":938},\"datePublished\":\"2023-11-20T14:14:03+02:00\",\"dateModified\":\"2023-11-22T11:22:22+02:00\",\"inLanguage\":\"pl-PL\",\"mainEntityOfPage\":{\"@id\":\"https:\\\/\\\/www.skalnik.pl\\\/blog\\\/plecaki-deuter-seria-aircontact\\\/#webpage\"},\"isPartOf\":{\"@id\":\"https:\\\/\\\/www.skalnik.pl\\\/blog\\\/plecaki-deuter-seria-aircontact\\\/#webpage\"},\"articleSection\":\"Bran\\u017ca, deuter, plecaki, 1202, 1437, 604847, 604849, 604851, 604854, 604856, 604857, 604861, 604864, 604866, 604867, 604869, 604871, 604876, 604877, 604879, 605513, 605516, 605517, 605520, 605522, 605523, 605525, 605528, 605860, 605908, 605909, 605910, 605913, 661432, 661433, 661434, 661435, 661436, 661437, 661438, 661470, 661471, 661472, 661473, 661474, 661499, 661500, 661501, 661502, 661503, 661693, 661694, 669479, 669875, 670119, 670998, 674019, 680305, 680307, 680309, 680380, 680381, 680382, 680399, 680400, 680538, 680540, 680542\"},{\"@type\":\"BreadcrumbList\",\"@id\":\"https:\\\/\\\/www.skalnik.pl\\\/blog\\\/plecaki-deuter-seria-aircontact\\\/#breadcrumblist\",\"itemListElement\":[{\"@type\":\"ListItem\",\"@id\":\"https:\\\/\\\/www.skalnik.pl\\\/blog#listItem\",\"position\":1,\"name\":\"Home\",\"item\":\"https:\\\/\\\/www.skalnik.pl\\\/blog\",\"nextItem\":{\"@type\":\"ListItem\",\"@id\":\"https:\\\/\\\/www.skalnik.pl\\\/blog\\\/.\\\/branza\\\/#listItem\",\"name\":\"Bran\\u017ca\"}},{\"@type\":\"ListItem\",\"@id\":\"https:\\\/\\\/www.skalnik.pl\\\/blog\\\/.\\\/branza\\\/#listItem\",\"position\":2,\"name\":\"Bran\\u017ca\",\"item\":\"https:\\\/\\\/www.skalnik.pl\\\/blog\\\/.\\\/branza\\\/\",\"nextItem\":{\"@type\":\"ListItem\",\"@id\":\"https:\\\/\\\/www.skalnik.pl\\\/blog\\\/plecaki-deuter-seria-aircontact\\\/#listItem\",\"name\":\"Plecaki Deuter &#8211; seria Aircontact\"},\"previousItem\":{\"@type\":\"ListItem\",\"@id\":\"https:\\\/\\\/www.skalnik.pl\\\/blog#listItem\",\"name\":\"Home\"}},{\"@type\":\"ListItem\",\"@id\":\"https:\\\/\\\/www.skalnik.pl\\\/blog\\\/plecaki-deuter-seria-aircontact\\\/#listItem\",\"position\":3,\"name\":\"Plecaki Deuter &#8211; seria Aircontact\",\"previousItem\":{\"@type\":\"ListItem\",\"@id\":\"https:\\\/\\\/www.skalnik.pl\\\/blog\\\/.\\\/branza\\\/#listItem\",\"name\":\"Bran\\u017ca\"}}]},{\"@type\":\"Organization\",\"@id\":\"https:\\\/\\\/www.skalnik.pl\\\/blog\\\/#organization\",\"name\":\"blog Skalnik\",\"description\":\"Blog, porady, artyku\\u0142y - blog Skalnik\",\"url\":\"https:\\\/\\\/www.skalnik.pl\\\/blog\\\/\"},{\"@type\":\"Person\",\"@id\":\"https:\\\/\\\/www.skalnik.pl\\\/blog\\\/author\\\/anna-sliwa\\\/#author\",\"url\":\"https:\\\/\\\/www.skalnik.pl\\\/blog\\\/author\\\/anna-sliwa\\\/\",\"name\":\"Anna \\u015aliwa\",\"image\":{\"@type\":\"ImageObject\",\"@id\":\"https:\\\/\\\/www.skalnik.pl\\\/blog\\\/plecaki-deuter-seria-aircontact\\\/#authorImage\",\"url\":\"https:\\\/\\\/secure.gravatar.com\\\/avatar\\\/e8300be3de710e2e109e5dfbf092dcf827242ec8071807a1e13f6b3f7c9bbd79?s=96&d=mm&r=g\",\"width\":96,\"height\":96,\"caption\":\"Anna \\u015aliwa\"}},{\"@type\":\"WebPage\",\"@id\":\"https:\\\/\\\/www.skalnik.pl\\\/blog\\\/plecaki-deuter-seria-aircontact\\\/#webpage\",\"url\":\"https:\\\/\\\/www.skalnik.pl\\\/blog\\\/plecaki-deuter-seria-aircontact\\\/\",\"name\":\"Plecaki Deuter \\u2013 seria Aircontact - blog Skalnik\",\"description\":\"Deuter Aircontact to jeden z najbardziej rozpoznawalnych plecak\\u00f3w tej marki. Poznaj funkcjonalne plecaki trekkingowe i ich warianty oraz ich mo\\u017cliwo\\u015bci.\",\"inLanguage\":\"pl-PL\",\"isPartOf\":{\"@id\":\"https:\\\/\\\/www.skalnik.pl\\\/blog\\\/#website\"},\"breadcrumb\":{\"@id\":\"https:\\\/\\\/www.skalnik.pl\\\/blog\\\/plecaki-deuter-seria-aircontact\\\/#breadcrumblist\"},\"author\":{\"@id\":\"https:\\\/\\\/www.skalnik.pl\\\/blog\\\/author\\\/anna-sliwa\\\/#author\"},\"creator\":{\"@id\":\"https:\\\/\\\/www.skalnik.pl\\\/blog\\\/author\\\/anna-sliwa\\\/#author\"},\"image\":{\"@type\":\"ImageObject\",\"url\":\"https:\\\/\\\/www.skalnik.pl\\\/blog\\\/wp-content\\\/uploads\\\/2023\\\/11\\\/Trekking_AircontactX_Sideshot_20_StefanNeuhauser-scaled.jpg\",\"@id\":\"https:\\\/\\\/www.skalnik.pl\\\/blog\\\/plecaki-deuter-seria-aircontact\\\/#mainImage\",\"width\":2560,\"height\":938},\"primaryImageOfPage\":{\"@id\":\"https:\\\/\\\/www.skalnik.pl\\\/blog\\\/plecaki-deuter-seria-aircontact\\\/#mainImage\"},\"datePublished\":\"2023-11-20T14:14:03+02:00\",\"dateModified\":\"2023-11-22T11:22:22+02:00\"},{\"@type\":\"WebSite\",\"@id\":\"https:\\\/\\\/www.skalnik.pl\\\/blog\\\/#website\",\"url\":\"https:\\\/\\\/www.skalnik.pl\\\/blog\\\/\",\"name\":\"blog Skalnik\",\"description\":\"Blog, porady, artyku\\u0142y - blog Skalnik\",\"inLanguage\":\"pl-PL\",\"publisher\":{\"@id\":\"https:\\\/\\\/www.skalnik.pl\\\/blog\\\/#organization\"}}]}\n\t\t<\/script>\n\t\t<!-- All in One SEO -->\n\n","aioseo_head_json":{"title":"Plecaki Deuter \u2013 seria Aircontact - blog Skalnik","description":"Deuter Aircontact to jeden z najbardziej rozpoznawalnych plecak\u00f3w tej marki. Poznaj funkcjonalne plecaki trekkingowe i ich warianty oraz ich mo\u017cliwo\u015bci.","canonical_url":"https:\/\/www.skalnik.pl\/blog\/plecaki-deuter-seria-aircontact\/","robots":"max-image-preview:large","keywords":"","webmasterTools":{"miscellaneous":""},"schema":{"@context":"https:\/\/schema.org","@graph":[{"@type":"BlogPosting","@id":"https:\/\/www.skalnik.pl\/blog\/plecaki-deuter-seria-aircontact\/#blogposting","name":"Plecaki Deuter \u2013 seria Aircontact - blog Skalnik","headline":"Plecaki Deuter &#8211; seria Aircontact","author":{"@id":"https:\/\/www.skalnik.pl\/blog\/author\/anna-sliwa\/#author"},"publisher":{"@id":"https:\/\/www.skalnik.pl\/blog\/#organization"},"image":{"@type":"ImageObject","url":"https:\/\/www.skalnik.pl\/blog\/wp-content\/uploads\/2023\/11\/Trekking_AircontactX_Sideshot_20_StefanNeuhauser-scaled.jpg","width":2560,"height":938},"datePublished":"2023-11-20T14:14:03+02:00","dateModified":"2023-11-22T11:22:22+02:00","inLanguage":"pl-PL","mainEntityOfPage":{"@id":"https:\/\/www.skalnik.pl\/blog\/plecaki-deuter-seria-aircontact\/#webpage"},"isPartOf":{"@id":"https:\/\/www.skalnik.pl\/blog\/plecaki-deuter-seria-aircontact\/#webpage"},"articleSection":"Bran\u017ca, deuter, plecaki, 1202, 1437, 604847, 604849, 604851, 604854, 604856, 604857, 604861, 604864, 604866, 604867, 604869, 604871, 604876, 604877, 604879, 605513, 605516, 605517, 605520, 605522, 605523, 605525, 605528, 605860, 605908, 605909, 605910, 605913, 661432, 661433, 661434, 661435, 661436, 661437, 661438, 661470, 661471, 661472, 661473, 661474, 661499, 661500, 661501, 661502, 661503, 661693, 661694, 669479, 669875, 670119, 670998, 674019, 680305, 680307, 680309, 680380, 680381, 680382, 680399, 680400, 680538, 680540, 680542"},{"@type":"BreadcrumbList","@id":"https:\/\/www.skalnik.pl\/blog\/plecaki-deuter-seria-aircontact\/#breadcrumblist","itemListElement":[{"@type":"ListItem","@id":"https:\/\/www.skalnik.pl\/blog#listItem","position":1,"name":"Home","item":"https:\/\/www.skalnik.pl\/blog","nextItem":{"@type":"ListItem","@id":"https:\/\/www.skalnik.pl\/blog\/.\/branza\/#listItem","name":"Bran\u017ca"}},{"@type":"ListItem","@id":"https:\/\/www.skalnik.pl\/blog\/.\/branza\/#listItem","position":2,"name":"Bran\u017ca","item":"https:\/\/www.skalnik.pl\/blog\/.\/branza\/","nextItem":{"@type":"ListItem","@id":"https:\/\/www.skalnik.pl\/blog\/plecaki-deuter-seria-aircontact\/#listItem","name":"Plecaki Deuter &#8211; seria Aircontact"},"previousItem":{"@type":"ListItem","@id":"https:\/\/www.skalnik.pl\/blog#listItem","name":"Home"}},{"@type":"ListItem","@id":"https:\/\/www.skalnik.pl\/blog\/plecaki-deuter-seria-aircontact\/#listItem","position":3,"name":"Plecaki Deuter &#8211; seria Aircontact","previousItem":{"@type":"ListItem","@id":"https:\/\/www.skalnik.pl\/blog\/.\/branza\/#listItem","name":"Bran\u017ca"}}]},{"@type":"Organization","@id":"https:\/\/www.skalnik.pl\/blog\/#organization","name":"blog Skalnik","description":"Blog, porady, artyku\u0142y - blog Skalnik","url":"https:\/\/www.skalnik.pl\/blog\/"},{"@type":"Person","@id":"https:\/\/www.skalnik.pl\/blog\/author\/anna-sliwa\/#author","url":"https:\/\/www.skalnik.pl\/blog\/author\/anna-sliwa\/","name":"Anna \u015aliwa","image":{"@type":"ImageObject","@id":"https:\/\/www.skalnik.pl\/blog\/plecaki-deuter-seria-aircontact\/#authorImage","url":"https:\/\/secure.gravatar.com\/avatar\/e8300be3de710e2e109e5dfbf092dcf827242ec8071807a1e13f6b3f7c9bbd79?s=96&d=mm&r=g","width":96,"height":96,"caption":"Anna \u015aliwa"}},{"@type":"WebPage","@id":"https:\/\/www.skalnik.pl\/blog\/plecaki-deuter-seria-aircontact\/#webpage","url":"https:\/\/www.skalnik.pl\/blog\/plecaki-deuter-seria-aircontact\/","name":"Plecaki Deuter \u2013 seria Aircontact - blog Skalnik","description":"Deuter Aircontact to jeden z najbardziej rozpoznawalnych plecak\u00f3w tej marki. Poznaj funkcjonalne plecaki trekkingowe i ich warianty oraz ich mo\u017cliwo\u015bci.","inLanguage":"pl-PL","isPartOf":{"@id":"https:\/\/www.skalnik.pl\/blog\/#website"},"breadcrumb":{"@id":"https:\/\/www.skalnik.pl\/blog\/plecaki-deuter-seria-aircontact\/#breadcrumblist"},"author":{"@id":"https:\/\/www.skalnik.pl\/blog\/author\/anna-sliwa\/#author"},"creator":{"@id":"https:\/\/www.skalnik.pl\/blog\/author\/anna-sliwa\/#author"},"image":{"@type":"ImageObject","url":"https:\/\/www.skalnik.pl\/blog\/wp-content\/uploads\/2023\/11\/Trekking_AircontactX_Sideshot_20_StefanNeuhauser-scaled.jpg","@id":"https:\/\/www.skalnik.pl\/blog\/plecaki-deuter-seria-aircontact\/#mainImage","width":2560,"height":938},"primaryImageOfPage":{"@id":"https:\/\/www.skalnik.pl\/blog\/plecaki-deuter-seria-aircontact\/#mainImage"},"datePublished":"2023-11-20T14:14:03+02:00","dateModified":"2023-11-22T11:22:22+02:00"},{"@type":"WebSite","@id":"https:\/\/www.skalnik.pl\/blog\/#website","url":"https:\/\/www.skalnik.pl\/blog\/","name":"blog Skalnik","description":"Blog, porady, artyku\u0142y - blog Skalnik","inLanguage":"pl-PL","publisher":{"@id":"https:\/\/www.skalnik.pl\/blog\/#organization"}}]},"og:locale":"pl_PL","og:site_name":"blog Skalnik - Blog, porady, artyku\u0142y - blog Skalnik","og:type":"article","og:title":"Plecaki Deuter \u2013 seria Aircontact - blog Skalnik","og:description":"Deuter Aircontact to jeden z najbardziej rozpoznawalnych plecak\u00f3w tej marki. Poznaj funkcjonalne plecaki trekkingowe i ich warianty oraz ich mo\u017cliwo\u015bci.","og:url":"https:\/\/www.skalnik.pl\/blog\/plecaki-deuter-seria-aircontact\/","og:image":"https:\/\/www.skalnik.pl\/blog\/wp-content\/uploads\/2023\/11\/Trekking_AircontactX_Sideshot_1_StefanNeuhauser-min.png","og:image:secure_url":"https:\/\/www.skalnik.pl\/blog\/wp-content\/uploads\/2023\/11\/Trekking_AircontactX_Sideshot_1_StefanNeuhauser-min.png","og:image:width":2657,"og:image:height":1771,"article:tag":["bran\u017ca","deuter","plecaki"],"article:published_time":"2023-11-20T12:14:03+00:00","article:modified_time":"2023-11-22T09:22:22+00:00","twitter:card":"summary_large_image","twitter:title":"Plecaki Deuter \u2013 seria Aircontact - blog Skalnik","twitter:description":"Deuter Aircontact to jeden z najbardziej rozpoznawalnych plecak\u00f3w tej marki. Poznaj funkcjonalne plecaki trekkingowe i ich warianty oraz ich mo\u017cliwo\u015bci.","twitter:image":"https:\/\/www.skalnik.pl\/blog\/wp-content\/uploads\/2023\/11\/Trekking_AircontactX_Sideshot_1_StefanNeuhauser-min.png"},"aioseo_meta_data":{"post_id":"24785","title":null,"description":"Deuter Aircontact to jeden z najbardziej rozpoznawalnych plecak\u00f3w tej marki. Poznaj funkcjonalne plecaki trekkingowe i ich warianty oraz ich mo\u017cliwo\u015bci.","keywords":[],"keyphrases":{"focus":{"keyphrase":"deuter","score":100,"analysis":{"keyphraseInTitle":{"score":9,"maxScore":9,"error":0},"keyphraseInDescription":{"score":9,"maxScore":9,"error":0},"keyphraseLength":{"score":9,"maxScore":9,"error":0,"length":1},"keyphraseInURL":{"score":5,"maxScore":5,"error":0},"keyphraseInIntroduction":{"score":9,"maxScore":9,"error":0},"keyphraseInSubHeadings":{"score":9,"maxScore":9,"error":0},"keyphraseInImageAlt":{"score":9,"maxScore":9,"error":0}}},"additional":[]},"primary_term":null,"canonical_url":null,"og_title":null,"og_description":null,"og_object_type":"default","og_image_type":"default","og_image_url":null,"og_image_width":null,"og_image_height":null,"og_image_custom_url":null,"og_image_custom_fields":null,"og_video":"","og_custom_url":null,"og_article_section":null,"og_article_tags":[],"twitter_use_og":false,"twitter_card":"default","twitter_image_type":"default","twitter_image_url":null,"twitter_image_custom_url":null,"twitter_image_custom_fields":null,"twitter_title":null,"twitter_description":null,"schema":{"blockGraphs":[],"customGraphs":[],"default":{"data":{"Article":[],"Course":[],"Dataset":[],"FAQPage":[],"Movie":[],"Person":[],"Product":[],"ProductReview":[],"Car":[],"Recipe":[],"Service":[],"SoftwareApplication":[],"WebPage":[]},"graphName":"","isEnabled":true},"graphs":[]},"schema_type":"default","schema_type_options":null,"pillar_content":false,"robots_default":true,"robots_noindex":false,"robots_noarchive":false,"robots_nosnippet":false,"robots_nofollow":false,"robots_noimageindex":false,"robots_noodp":false,"robots_notranslate":false,"robots_max_snippet":"-1","robots_max_videopreview":"-1","robots_max_imagepreview":"large","priority":null,"frequency":"default","local_seo":null,"breadcrumb_settings":null,"limit_modified_date":false,"ai":null,"created":"2023-11-17 06:00:26","updated":"2026-02-17 22:46:26","seo_analyzer_scan_date":null},"aioseo_breadcrumb":"<div class=\"aioseo-breadcrumbs\"><span class=\"aioseo-breadcrumb\">\n\t\t\t<a href=\"https:\/\/www.skalnik.pl\/blog\" title=\"Home\">Home<\/a>\n\t\t<\/span><span class=\"aioseo-breadcrumb-separator\">&raquo;<\/span><span class=\"aioseo-breadcrumb\">\n\t\t\t<a href=\"https:\/\/www.skalnik.pl\/blog\/.\/branza\/\" title=\"Bran\u017ca\">Bran\u017ca<\/a>\n\t\t<\/span><span class=\"aioseo-breadcrumb-separator\">&raquo;<\/span><span class=\"aioseo-breadcrumb\">\n\t\t\tPlecaki Deuter \u2013 seria Aircontact\n\t\t<\/span><\/div>","aioseo_breadcrumb_json":[{"label":"Home","link":"https:\/\/www.skalnik.pl\/blog"},{"label":"Bran\u017ca","link":"https:\/\/www.skalnik.pl\/blog\/.\/branza\/"},{"label":"Plecaki Deuter &#8211; seria Aircontact","link":"https:\/\/www.skalnik.pl\/blog\/plecaki-deuter-seria-aircontact\/"}],"_links":{"self":[{"href":"https:\/\/www.skalnik.pl\/blog\/wp-json\/wp\/v2\/posts\/24785","targetHints":{"allow":["GET"]}}],"collection":[{"href":"https:\/\/www.skalnik.pl\/blog\/wp-json\/wp\/v2\/posts"}],"about":[{"href":"https:\/\/www.skalnik.pl\/blog\/wp-json\/wp\/v2\/types\/post"}],"author":[{"embeddable":true,"href":"https:\/\/www.skalnik.pl\/blog\/wp-json\/wp\/v2\/users\/41"}],"replies":[{"embeddable":true,"href":"https:\/\/www.skalnik.pl\/blog\/wp-json\/wp\/v2\/comments?post=24785"}],"version-history":[{"count":5,"href":"https:\/\/www.skalnik.pl\/blog\/wp-json\/wp\/v2\/posts\/24785\/revisions"}],"predecessor-version":[{"id":24861,"href":"https:\/\/www.skalnik.pl\/blog\/wp-json\/wp\/v2\/posts\/24785\/revisions\/24861"}],"wp:featuredmedia":[{"embeddable":true,"href":"https:\/\/www.skalnik.pl\/blog\/wp-json\/wp\/v2\/media\/24818"}],"wp:attachment":[{"href":"https:\/\/www.skalnik.pl\/blog\/wp-json\/wp\/v2\/media?parent=24785"}],"wp:term":[{"taxonomy":"category","embeddable":true,"href":"https:\/\/www.skalnik.pl\/blog\/wp-json\/wp\/v2\/categories?post=24785"},{"taxonomy":"post_tag","embeddable":true,"href":"https:\/\/www.skalnik.pl\/blog\/wp-json\/wp\/v2\/tags?post=24785"},{"taxonomy":"magento_category","embeddable":true,"href":"https:\/\/www.skalnik.pl\/blog\/wp-json\/wp\/v2\/magento_category?post=24785"},{"taxonomy":"magento_product","embeddable":true,"href":"https:\/\/www.skalnik.pl\/blog\/wp-json\/wp\/v2\/magento_product?post=24785"}],"curies":[{"name":"wp","href":"https:\/\/api.w.org\/{rel}","templated":true}]}}