{"id":24978,"date":"2023-12-07T15:46:24","date_gmt":"2023-12-07T13:46:24","guid":{"rendered":"https:\/\/www.skalnik.pl\/blog\/?p=24978"},"modified":"2024-02-21T09:33:33","modified_gmt":"2024-02-21T07:33:33","slug":"koscielec-polski-matterhorn","status":"publish","type":"post","link":"https:\/\/www.skalnik.pl\/blog\/koscielec-polski-matterhorn\/","title":{"rendered":"Ko\u015bcielec &#8211; polski Matterhorn"},"content":{"rendered":"\n<p><strong>Nawet je\u015bli nie jeste\u015b sta\u0142ym bywalcem Tatr, ten szczyt i jego sylwetk\u0119 znasz na pewno. Fotografowany o ka\u017cdej porze roku, charakterystyczny, strzelisty wierzcho\u0142ek, kt\u00f3ry przypomina niekt\u00f3rym Matterhorn jest chyba najbardziej znanym elementem otoczenia Doliny G\u0105sienicowej. Kto to taki? Oczywi\u015bcie Ko\u015bcielec. Popularny, cho\u0107 wymagaj\u0105cy cel wycieczek turyst\u00f3w, taternik\u00f3w i narciarzy. Wybierz si\u0119 wi\u0119c ze mn\u0105 w Tatry i dowiedz si\u0119 wi\u0119cej o szczycie Ko\u015bcielca oraz jego otoczeniu.<\/strong><\/p>\n\n\n\n<div id=\"ez-toc-container\" class=\"ez-toc-v2_0_85 counter-hierarchy ez-toc-counter ez-toc-light-blue ez-toc-container-direction\">\n<div class=\"ez-toc-title-container\">\n<p class=\"ez-toc-title\" style=\"cursor:inherit\">SPIS TRE\u015aCI <\/p>\n<span class=\"ez-toc-title-toggle\"><a href=\"#\" class=\"ez-toc-pull-right ez-toc-btn ez-toc-btn-xs ez-toc-btn-default ez-toc-toggle\" aria-label=\"Prze\u0142\u0105cznik Spisu Tre\u015bci\"><span class=\"ez-toc-js-icon-con\"><span class=\"\"><span class=\"eztoc-hide\" style=\"display:none;\">Toggle<\/span><span class=\"ez-toc-icon-toggle-span\"><svg style=\"fill: #999;color:#999\" xmlns=\"http:\/\/www.w3.org\/2000\/svg\" class=\"list-377408\" width=\"20px\" height=\"20px\" viewBox=\"0 0 24 24\" fill=\"none\"><path d=\"M6 6H4v2h2V6zm14 0H8v2h12V6zM4 11h2v2H4v-2zm16 0H8v2h12v-2zM4 16h2v2H4v-2zm16 0H8v2h12v-2z\" fill=\"currentColor\"><\/path><\/svg><svg style=\"fill: #999;color:#999\" class=\"arrow-unsorted-368013\" xmlns=\"http:\/\/www.w3.org\/2000\/svg\" width=\"10px\" height=\"10px\" viewBox=\"0 0 24 24\" version=\"1.2\" baseProfile=\"tiny\"><path d=\"M18.2 9.3l-6.2-6.3-6.2 6.3c-.2.2-.3.4-.3.7s.1.5.3.7c.2.2.4.3.7.3h11c.3 0 .5-.1.7-.3.2-.2.3-.5.3-.7s-.1-.5-.3-.7zM5.8 14.7l6.2 6.3 6.2-6.3c.2-.2.3-.5.3-.7s-.1-.5-.3-.7c-.2-.2-.4-.3-.7-.3h-11c-.3 0-.5.1-.7.3-.2.2-.3.5-.3.7s.1.5.3.7z\"\/><\/svg><\/span><\/span><\/span><\/a><\/span><\/div>\n<nav><ul class='ez-toc-list ez-toc-list-level-1 ' ><li class='ez-toc-page-1 ez-toc-heading-level-2'><a class=\"ez-toc-link ez-toc-heading-1\" href=\"https:\/\/www.skalnik.pl\/blog\/koscielec-polski-matterhorn\/#Koscielec_%E2%80%93_poznaj_blizej_ten_piekny_szczyt\" >Ko\u015bcielec &#8211; poznaj bli\u017cej ten pi\u0119kny szczyt<\/a><\/li><li class='ez-toc-page-1 ez-toc-heading-level-2'><a class=\"ez-toc-link ez-toc-heading-2\" href=\"https:\/\/www.skalnik.pl\/blog\/koscielec-polski-matterhorn\/#Wycieczka_na_Koscielec_%E2%80%93_dla_kogo\" >Wycieczka na Ko\u015bcielec &#8211; dla kogo<\/a><\/li><li class='ez-toc-page-1 ez-toc-heading-level-2'><a class=\"ez-toc-link ez-toc-heading-3\" href=\"https:\/\/www.skalnik.pl\/blog\/koscielec-polski-matterhorn\/#Jak_przygotowac_sie_na_zdobycie_Koscielca\" >Jak przygotowa\u0107 si\u0119 na zdobycie Ko\u015bcielca<\/a><\/li><li class='ez-toc-page-1 ez-toc-heading-level-2'><a class=\"ez-toc-link ez-toc-heading-4\" href=\"https:\/\/www.skalnik.pl\/blog\/koscielec-polski-matterhorn\/#Szlak_na_Koscielec_%E2%80%93_opis\" >Szlak na Ko\u015bcielec &#8211; opis<\/a><\/li><li class='ez-toc-page-1 ez-toc-heading-level-2'><a class=\"ez-toc-link ez-toc-heading-5\" href=\"https:\/\/www.skalnik.pl\/blog\/koscielec-polski-matterhorn\/#Wejscia_taternickie\" >Wej\u015bcia taternickie<\/a><\/li><\/ul><\/nav><\/div>\n<h2 class=\"wp-block-heading\"><span class=\"ez-toc-section\" id=\"Koscielec_%E2%80%93_poznaj_blizej_ten_piekny_szczyt\"><\/span>Ko\u015bcielec &#8211; poznaj bli\u017cej ten pi\u0119kny szczyt<span class=\"ez-toc-section-end\"><\/span><\/h2>\n\n\n\n<p>Ko\u015bcielec (2155 m n.p.m.) zaliczany jest przez wielu do najpi\u0119kniejszych tatrza\u0144skich szczyt\u00f3w. Wznosi si\u0119 w Tatrach Wysokich, rozdzielaj\u0105c niemal na p\u00f3\u0142 Dolin\u0119 G\u0105sienicow\u0105. Po jego wschodniej stronie znajduje si\u0119 Czarny Staw G\u0105sienicowy i Dolina Czarna G\u0105sienicowa, za\u015b po zachodniej D\u0142ugi Staw i Zmarz\u0142y Staw w Dolinie Zielonej G\u0105sienicowej. Ca\u0142a Gra\u0144 Ko\u015bcielca rozpoczyna si\u0119 od strony Doliny Ma\u0142ym Ko\u015bcielcem, by przez Prze\u0142\u0119cz Karb, Ko\u015bcielec, Prze\u0142\u0119cz Myln\u0105 do\u0142\u0105czy\u0107 do g\u0142\u00f3wnej grani Tatr na Zawratowej Turni.<\/p>\n\n\n\n<p>Na p\u00f3\u0142noc od Ko\u015bcielca otwiera si\u0119 jedna z najpi\u0119kniejszych tatrza\u0144skich dolin &#8211; Dolina G\u0105sienicowa i Hala G\u0105sienicowa, popularny cel wycieczek z Zakopanego, w kt\u00f3rej znajduj\u0105 si\u0119 tak kultowe obiekty jak Schronisko PTTK Murowaniec na Hali G\u0105sienicowej oraz Betlejemka &#8211; o\u015brodek szkoleniowy Polskiego Zwi\u0105zku Alpinizmu.<\/p>\n\n\n<div class=\"wp-block-image\">\n<figure class=\"aligncenter size-large is-resized\"><img loading=\"lazy\" decoding=\"async\" src=\"https:\/\/www.skalnik.pl\/blog\/wp-content\/uploads\/2023\/11\/AdobeStock_344505474-min-1024x683.jpeg\" alt=\"ko\u015bcielec i hala g\u0105sienicowa zim\u0105\" class=\"wp-image-24981\" width=\"840\" height=\"560\" srcset=\"https:\/\/www.skalnik.pl\/blog\/wp-content\/uploads\/2023\/11\/AdobeStock_344505474-min-1024x683.jpeg 1024w, https:\/\/www.skalnik.pl\/blog\/wp-content\/uploads\/2023\/11\/AdobeStock_344505474-min-300x200.jpeg 300w, https:\/\/www.skalnik.pl\/blog\/wp-content\/uploads\/2023\/11\/AdobeStock_344505474-min-768x512.jpeg 768w, https:\/\/www.skalnik.pl\/blog\/wp-content\/uploads\/2023\/11\/AdobeStock_344505474-min-1536x1024.jpeg 1536w, https:\/\/www.skalnik.pl\/blog\/wp-content\/uploads\/2023\/11\/AdobeStock_344505474-min-2048x1365.jpeg 2048w\" sizes=\"auto, (max-width: 840px) 100vw, 840px\" \/><figcaption class=\"wp-element-caption\"><em>Dolina G\u0105sienicowa z Ko\u015bcielcem to jeden z najpi\u0119kniejszych tatrza\u0144skich widok\u00f3w. <\/em><\/figcaption><\/figure>\n<\/div>\n\n\n<p>Fakt, \u017ce Ko\u015bcielec znajduje si\u0119 w otoczeniu jednej z najch\u0119tniej odwiedzanych przez turyst\u00f3w Dolin w Tatrach, sprawia, \u017ce wiele os\u00f3b wybiera go za cel wycieczek pieszych. Czasem niestety podejmowanych <em>ad hoc<\/em>, na zasadzie &#8222;o, jaki \u0142adny szczyt, to chod\u017amy jeszcze tam, mamy czas&#8221;. Tymczasem szczyt Ko\u015bcielca jest wymagaj\u0105cy i nie ka\u017cdy, a ju\u017c na pewno nie w ka\u017cdych warunkach powinien decydowa\u0107 si\u0119 na tak\u0105 wycieczk\u0119. Dlaczego, o tym powiem za chwil\u0119.<\/p>\n\n\n\n<p>Sk\u0105d w og\u00f3le wzi\u0119\u0142a si\u0119 nazwa tego charakterystycznego szczytu. Najprawdopodobniej od jego kszta\u0142tu, kt\u00f3ry przypomina z daleka ko\u015bcieln\u0105 wie\u017c\u0119. To w\u0142a\u015bnie ta piramidalna sylwetka pobudza\u0142a wyobra\u017ani\u0119 pierwszych tatrza\u0144skich turyst\u00f3w, kt\u00f3rzy docierali na Hal\u0119 G\u0105sienicow\u0105 ju\u017c w pierwszej po\u0142owie XIX w. Pierwszego wej\u015bcia na Ko\u015bcielec dokona\u0142 w 1845 r. Antoni Hoborski, ale na zimowe wej\u015bcie trzeba by\u0142o poczeka\u0107 ponad p\u00f3\u0142 wieku. W 1908 r. Ko\u015bcielec zim\u0105 zdobyli s\u0142ynny kompozytor Mieczys\u0142aw Kar\u0142owicz oraz Roman Kordys. Kar\u0142owicz bardzo upodoba\u0142 sobie ten szczyt, tak\u017ce dlatego, \u017ce jak zauwa\u017cy\u0142 z Ko\u015bcielca widoczne s\u0105 wszystkie Stawy G\u0105sienicowe. Fascynacja Kar\u0142owicza Ko\u015bcielcem zako\u0144czy\u0142a si\u0119 niestety tragicznie. 8 lutego 1909 r. kompozytor zgin\u0105\u0142 w lawinie pod Ma\u0142ym Ko\u015bcielcem, a pok\u0142osiem tego wypadku by\u0142o utworzenie TOPR &#8211; Tatrza\u0144skiego Ochotniczego Pogotowia Ratunkowego.<\/p>\n\n\n\n<h2 class=\"wp-block-heading\"><span class=\"ez-toc-section\" id=\"Wycieczka_na_Koscielec_%E2%80%93_dla_kogo\"><\/span>Wycieczka na Ko\u015bcielec &#8211; dla kogo<span class=\"ez-toc-section-end\"><\/span><\/h2>\n\n\n\n<p>Sylwetka Ko\u015bcielca oraz pi\u0119kne widoki, kt\u00f3re roztaczaj\u0105 si\u0119 ze szczytu to wabiki, kt\u00f3re sprawiaj\u0105, \u017ce ch\u0119tnych na wej\u015bcie jest naprawd\u0119 wielu (i ka\u017cdego roku wi\u0119cej). Nie mo\u017cesz jednak zapomina\u0107, \u017ce to wysoki jak na tatrza\u0144skie warunki szczyt, licz\u0105cy ponad 2000 m n.p.m., stromy i wymagaj\u0105cy nie tylko dobrej kondycji, ale i odporno\u015bci na ekspozycj\u0119. Szlak turystyczny, mimo tego, \u017ce nie jest zabezpieczony klamrami i \u0142a\u0144cuchami, jak na s\u0105siedniej Orlej Perci, wymaga w niekt\u00f3rych miejscach przytrzymania si\u0119 r\u0119kami, podci\u0105gni\u0119cia oraz bardzo rozwa\u017cnego stawiania krok\u00f3w. Podczas wchodzenia i schodzenia trzeba zachowa\u0107 szczeg\u00f3ln\u0105 ostro\u017cno\u015b\u0107.<\/p>\n\n\n<div class=\"wp-block-image\">\n<figure class=\"aligncenter size-large\"><img loading=\"lazy\" decoding=\"async\" width=\"1024\" height=\"683\" src=\"https:\/\/www.skalnik.pl\/blog\/wp-content\/uploads\/2023\/11\/AdobeStock_127510641-min-1024x683.jpeg\" alt=\"szlak na ko\u015bielec prze\u0142\u0119cz karb\" class=\"wp-image-24982\" srcset=\"https:\/\/www.skalnik.pl\/blog\/wp-content\/uploads\/2023\/11\/AdobeStock_127510641-min-1024x683.jpeg 1024w, https:\/\/www.skalnik.pl\/blog\/wp-content\/uploads\/2023\/11\/AdobeStock_127510641-min-300x200.jpeg 300w, https:\/\/www.skalnik.pl\/blog\/wp-content\/uploads\/2023\/11\/AdobeStock_127510641-min-768x512.jpeg 768w, https:\/\/www.skalnik.pl\/blog\/wp-content\/uploads\/2023\/11\/AdobeStock_127510641-min-1536x1024.jpeg 1536w, https:\/\/www.skalnik.pl\/blog\/wp-content\/uploads\/2023\/11\/AdobeStock_127510641-min-2048x1365.jpeg 2048w\" sizes=\"auto, (max-width: 1024px) 100vw, 1024px\" \/><figcaption class=\"wp-element-caption\"><em>Wej\u015bcie na Ko\u015bcielec jest wymagaj\u0105ce. Oceniaj rozwa\u017cnie swoje mo\u017cliwo\u015bci i panuj\u0105ce warunki! <\/em><\/figcaption><\/figure>\n<\/div>\n\n\n<p>Nie polecam Ci wej\u015bcia na szczyt Ko\u015bcielca je\u015bli dopiero stawiasz swoje pierwsze kroki w Tatrach. Oczywi\u015bcie, nikt wchodzi\u0107 nie zabroni, ale lepiej najpierw spr\u00f3bowa\u0107 swych si\u0142 na nieco \u0142atwiejszych tatrza\u0144skich szlakach, a dopiero potem wybiera\u0107 si\u0119 na &#8222;polski Matterhorn&#8221;.<\/p>\n\n\n\n<p>Zanim zdecydujesz si\u0119 na wyj\u015bcie na Ko\u015bcielec sprawd\u017a dok\u0142adnie prognoz\u0119 pogody i warunki, najlepiej te podawane przez TOPR. Na szlaku znajduj\u0105 si\u0119 pochy\u0142e skalne p\u0142yty, skalne gruzowiska, a \u015bcie\u017cka w wielu miejscach jest bardzo w\u0105ska. Po opadach deszczu, gdy jest wilgotno, a tym bardziej je\u015bli wyst\u0119puje oblodzenie, Ko\u015bcielec mo\u017ce sta\u0107 si\u0119 pu\u0142apk\u0105, z kt\u00f3rej ci\u0119\u017cko wydosta\u0107 si\u0119 samodzielnie. Wycieczk\u0119 zaplanuj rozwa\u017cnie, latem najlepiej wychodz\u0105c wcze\u015bnie, by unikn\u0105\u0107 ryzyka pojawiaj\u0105cych si\u0119 cz\u0119sto popo\u0142udniowych burz. Dobrym rozwi\u0105zaniem jest nocleg na Hali G\u0105sienicowej i wyj\u015bcie rano ze schroniska Murowaniec. Wycieczk\u0119 mo\u017cesz te\u017c odby\u0107 z Ku\u017anic lub Brzezin, ale musisz si\u0119 liczy\u0107 z tym, \u017ce zajmie ca\u0142y dzie\u0144.<\/p>\n\n\n\n<h2 class=\"wp-block-heading\"><span class=\"ez-toc-section\" id=\"Jak_przygotowac_sie_na_zdobycie_Koscielca\"><\/span>Jak przygotowa\u0107 si\u0119 na zdobycie Ko\u015bcielca<span class=\"ez-toc-section-end\"><\/span><\/h2>\n\n\n\n<p>Tak jak wspomnia\u0142am, szlak na Ko\u015bcielec jest do\u015b\u0107 wymagaj\u0105cy i zdobywanie go w przys\u0142owiowych &#8222;trampkach&#8221;, a tym bardziej &#8222;w klapkach&#8221;, nawet w formie performancu nie jest dobrym pomys\u0142em. Je\u015bli zamierzasz stan\u0105\u0107 na szczycie, za\u0142\u00f3\u017c wysokie lub niskie buty trekkingowe lub hikingowe na przyczepnej podeszwie, kt\u00f3ra zmniejszy ryzyko \u015blizgania si\u0119 na kamieniach. Do plecaka wrzu\u0107 cieplejsz\u0105 odzie\u017c &#8211; bluz\u0119 lub softshell oraz kurtk\u0119, bo na szczycie mo\u017cna wia\u0107 i by\u0107 ch\u0142odniej ni\u017c pod schroniskiem. Koniecznie zabierz wod\u0119 lub inne napoje jakie lubisz (byle nie wyskokowe), przek\u0105ski, a je\u015bli wybierasz si\u0119 na wycieczk\u0119 z Zakopanego i nie zamierzasz sto\u0142owa\u0107 si\u0119 w schronisku, tak\u017ce bardziej tre\u015bciwy prowiant. Pami\u0119taj o nakryciu g\u0142owy oraz kremie z filtrem poniewa\u017c ca\u0142y czas b\u0119dziesz wystawiony na dzia\u0142anie s\u0142o\u0144ca.<\/p>\n\n\n<div class=\"wp-block-image\">\n<figure class=\"aligncenter size-large\"><img loading=\"lazy\" decoding=\"async\" width=\"1024\" height=\"683\" src=\"https:\/\/www.skalnik.pl\/blog\/wp-content\/uploads\/2023\/11\/AdobeStock_354322623-min-1024x683.jpeg\" alt=\"ko\u015bcielec zim\u0105 warunki \" class=\"wp-image-24983\" srcset=\"https:\/\/www.skalnik.pl\/blog\/wp-content\/uploads\/2023\/11\/AdobeStock_354322623-min-1024x683.jpeg 1024w, https:\/\/www.skalnik.pl\/blog\/wp-content\/uploads\/2023\/11\/AdobeStock_354322623-min-300x200.jpeg 300w, https:\/\/www.skalnik.pl\/blog\/wp-content\/uploads\/2023\/11\/AdobeStock_354322623-min-768x512.jpeg 768w, https:\/\/www.skalnik.pl\/blog\/wp-content\/uploads\/2023\/11\/AdobeStock_354322623-min-1536x1024.jpeg 1536w, https:\/\/www.skalnik.pl\/blog\/wp-content\/uploads\/2023\/11\/AdobeStock_354322623-min-2048x1365.jpeg 2048w\" sizes=\"auto, (max-width: 1024px) 100vw, 1024px\" \/><figcaption class=\"wp-element-caption\"><em>Wej\u015bcie na Ko\u015bcielec zim\u0105 wymaga nie tylko sprz\u0119tu, ale i umiej\u0119tno\u015bci pos\u0142ugiwania si\u0119 nim. <\/em><\/figcaption><\/figure>\n<\/div>\n\n\n<p>Na wej\u015bcie na Ko\u015bcielec zalecany jest kask wspinaczkowy. Nie jest to wyposa\u017cenie obowi\u0105zkowe, ale pami\u0119taj, \u017ce w wielu miejscach ska\u0142a jest krucha, na szlaku znajduj\u0105 si\u0119 te\u017c lu\u017ane kamienie. Przy du\u017cym ruchu i bior\u0105c pod uwag\u0119, \u017ce sporo os\u00f3b pr\u00f3buje obchodzi\u0107 trudniejsze fragmenty \u015bcie\u017cki, tocz\u0105ce si\u0119 i spadaj\u0105ce z g\u00f3ry kamienie s\u0105 zjawiskiem do\u015b\u0107 cz\u0119stym.<\/p>\n\n\n\n<p>Zim\u0105 wej\u015bcie na Ko\u015bcielec wymaga posiadania rak\u00f3w, czekana, kasku, lawinowego ABC oraz umiej\u0119tno\u015bci pos\u0142ugiwania si\u0119 nimi. Wyruszaj\u0105c na szlak pami\u0119taj o na\u0142adowanym telefonie kom\u00f3rkowym, zainstalowaniu aplikacji &#8222;Ratunek&#8221; oraz wpisaniu do bazy kontakt\u00f3w numeru do TOPR 985 lub 601 100 300.<\/p>\n\n\n<div class=\"wp-block-image\">\n<figure class=\"aligncenter size-full\"><img loading=\"lazy\" decoding=\"async\" width=\"1024\" height=\"350\" src=\"https:\/\/www.skalnik.pl\/blog\/wp-content\/uploads\/2020\/07\/topr-hzs.jpg\" alt=\"\" class=\"wp-image-12940\" srcset=\"https:\/\/www.skalnik.pl\/blog\/wp-content\/uploads\/2020\/07\/topr-hzs.jpg 1024w, https:\/\/www.skalnik.pl\/blog\/wp-content\/uploads\/2020\/07\/topr-hzs-300x103.jpg 300w, https:\/\/www.skalnik.pl\/blog\/wp-content\/uploads\/2020\/07\/topr-hzs-768x263.jpg 768w\" sizes=\"auto, (max-width: 1024px) 100vw, 1024px\" \/><\/figure>\n<\/div>\n\n\n<h2 class=\"wp-block-heading\"><span class=\"ez-toc-section\" id=\"Szlak_na_Koscielec_%E2%80%93_opis\"><\/span><strong>Szlak na Ko\u015bcielec &#8211; opis<\/strong><span class=\"ez-toc-section-end\"><\/span><\/h2>\n\n\n\n<p>W\u0142a\u015bciwa cz\u0119\u015b\u0107 wycieczki na Ko\u015bcielec zaczyna si\u0119 Hali G\u0105sienicowej. Mo\u017cesz si\u0119 tu dosta\u0107 z centrum Zakopanego, a konkretnie z Ku\u017anic niebieskim szlakiem (lub cz\u0119\u015bciowo szlakiem \u017c\u00f3\u0142tym Dolin\u0105 Jaworzynki) przez Prze\u0142\u0119cz Mi\u0119dzy Kopami albo wygodn\u0105 drog\u0105 w Dolinie Suchej Wody z Brzezin. Z Brzezin mo\u017cesz dojecha\u0107 do schroniska Murowaniec w Dolinie G\u0105sienicowej rowerem, tak\u017ce elektrycznym wypo\u017cyczonym na miejscu. Innym wariantem dotarcia do Doliny jest wjazd kolejk\u0105 na Kasprowy Wierch i zej\u015bcie st\u0105d w oko\u0142o godzin\u0119 na Hal\u0119 G\u0105sienicow\u0105. Tak, jak wspomnia\u0142am, wy\u017cej wycieczk\u0119 mo\u017cna te\u017c rozpocz\u0105\u0107 w Murowa\u0144cu, je\u015bli sp\u0119dzi si\u0119 tam wcze\u015bniejsz\u0105 noc.<\/p>\n\n\n\n<p>Czas przej\u015bcia od schroniska do szczytu Ko\u015bcielca to oko\u0142o 2-3 godziny zale\u017cnie, kt\u00f3ry wariant szlaku wybierzesz. Na zej\u015bcie potrzebne jest oko\u0142o p\u00f3\u0142 godziny mniej. Jak wi\u0119c widzisz, wycieczka taka ze schroniska (bez doj\u015bcia do niego i powrotu do Zakopanego) zajmie minimum 4-5 godzin.<\/p>\n\n\n<div class=\"wp-block-image\">\n<figure class=\"aligncenter size-large\"><img loading=\"lazy\" decoding=\"async\" width=\"1024\" height=\"768\" src=\"https:\/\/www.skalnik.pl\/blog\/wp-content\/uploads\/2023\/11\/magda-tierney-G838PdM-3qE-unsplash-1024x768.jpg\" alt=\"\" class=\"wp-image-24984\" srcset=\"https:\/\/www.skalnik.pl\/blog\/wp-content\/uploads\/2023\/11\/magda-tierney-G838PdM-3qE-unsplash-1024x768.jpg 1024w, https:\/\/www.skalnik.pl\/blog\/wp-content\/uploads\/2023\/11\/magda-tierney-G838PdM-3qE-unsplash-300x225.jpg 300w, https:\/\/www.skalnik.pl\/blog\/wp-content\/uploads\/2023\/11\/magda-tierney-G838PdM-3qE-unsplash-768x576.jpg 768w, https:\/\/www.skalnik.pl\/blog\/wp-content\/uploads\/2023\/11\/magda-tierney-G838PdM-3qE-unsplash-1536x1152.jpg 1536w, https:\/\/www.skalnik.pl\/blog\/wp-content\/uploads\/2023\/11\/magda-tierney-G838PdM-3qE-unsplash.jpg 1920w\" sizes=\"auto, (max-width: 1024px) 100vw, 1024px\" \/><figcaption class=\"wp-element-caption\"><em>Gra\u0144 Ko\u015bcielca jest w\u0105ska i \u0142atwo spa\u015b\u0107 po zboczu (fot. Magda Tierney, Unsplash)<\/em><\/figcaption><\/figure>\n<\/div>\n\n\n<p>Zobacz wi\u0119c jakie szlaki masz do wyboru:<\/p>\n\n\n\n<ul class=\"wp-block-list\">\n<li><strong>przez Czarny Staw G\u0105sienicowy<\/strong> &#8211; przy Murowa\u0144cu wybierz niebieski szlak prowadz\u0105cy do Czarnego Stawu G\u0105sienicowego. Dotrzesz tu w oko\u0142o p\u00f3\u0142 godziny w\u0119druj\u0105c po kamiennych p\u0142ytach. Przy szlaku mo\u017cesz zobaczy\u0107 g\u0142az z inskrypcj\u0105 po\u015bwi\u0119con\u0105 Kar\u0142owiczowi, kt\u00f3ry zgin\u0105\u0142 w lawinie w 1909 roku. Przy doj\u015bciu do Czarnego Stawu musisz wej\u015b\u0107 na czarny szlak. Kieruje si\u0119 on w prawo, pod g\u00f3r\u0119 zakosami po kamiennych stopniach. Podej\u015bcie znad Czarnego Stawu jest m\u0119cz\u0105ce i strome. Gdy dotrzesz na grzbiet, po prawej stronie pozostanie Gra\u0144 Ma\u0142ego Ko\u015bcielca. Szlak opada st\u0105d w lewo, lekko w d\u00f3\u0142 na Prze\u0142\u0119cz Karb. Podej\u015bcie na Prze\u0142\u0119cz zajmuje oko\u0142o 40 min. Na Prze\u0142\u0119czy Karb warto dokona\u0107 ostatniej weryfikacji czy na pewno chcesz i\u015b\u0107 dalej i czy pogoda przez najbli\u017csze minimum dwie godziny si\u0119 utrzyma. Je\u015bli masz w\u0105tpliwo\u015bci, zawr\u00f3\u0107. Z Prze\u0142\u0119czy Karb na szczyt jest jeszcze oko\u0142o 50 min podej\u015bcia. Prowadzi ono najpierw przez skalne gruzowiska, a dalej po kamiennych stopniach i w\u0105sk\u0105 \u015bcie\u017ck\u0105. Na podej\u015bciu trzeba przekroczy\u0107 w\u0105ski pr\u00f3g skalny, gdzie u\u017cycie r\u0105k jest konieczno\u015bci\u0105. Im bli\u017cej szczytu, tym szlak jest bardziej wymagaj\u0105cy. Na drodze pojawiaj\u0105 si\u0119 skupiska kamieni i skalne \u015bcianki. Zachowaj tu szczeg\u00f3ln\u0105 ostro\u017cno\u015b\u0107 bo \u0142atwo si\u0119 po\u015blizn\u0105\u0107 i spa\u0107 po urwisku. Po pokonaniu tych trudno\u015bci mo\u017cna w ko\u0144cu stan\u0105\u0107 na szczycie i cieszy\u0107 si\u0119 wspania\u0142ym widokiem. Powr\u00f3t do Prze\u0142\u0119czy Karb mo\u017cliwy jest tylko t\u0105 sam\u0105 drog\u0105.<\/li>\n\n\n\n<li>przez <strong>Zielon\u0105 Dolin\u0119 G\u0105sienicow\u0105<\/strong> &#8211; w\u0119dr\u00f3wk\u0119 rozpocznij czarnym szlakiem przy Murowa\u0144cu i kieruj si\u0119 nad Zielony Staw G\u0105sienicowy. Dotrzesz do niego po oko\u0142o p\u00f3\u0142torej godzinie. Gdy miniesz staw na skrzy\u017cowaniu wybierz niebieski szlak prowadz\u0105cy na Prze\u0142\u0119cz Karb. Podej\u015bcie od tej strony jest \u0142agodniejsze i zajmuje oko\u0142o 30 min. Odwracaj\u0105c si\u0119 do tylu b\u0119dziesz mie\u0107 \u0142adny widok na Zielon\u0105 Dolin\u0119 G\u0105sienicow\u0105. Po dotarciu na Prze\u0142\u0119cz Karb szlak prowadzi tak samo jak przy poprzednim wariancie.<\/li>\n<\/ul>\n\n\n\n<p>Maj\u0105c dwa warianty szlaku rozpoczynaj\u0105ce si\u0119 przy schronisku Murowaniec i krzy\u017cuj\u0105ce na Prze\u0142\u0119czy Karb mo\u017cesz zaplanowa\u0107 wycieczk\u0119 okr\u0119\u017cn\u0105 odwiedzaj\u0105c zar\u00f3wno Czarny Staw G\u0105sienicowy jak i Zielony Staw G\u0105sienicowy.<\/p>\n\n\n\n<h2 class=\"wp-block-heading\"><span class=\"ez-toc-section\" id=\"Wejscia_taternickie\"><\/span><strong>Wej\u015bcia taternickie<\/strong><span class=\"ez-toc-section-end\"><\/span><\/h2>\n\n\n\n<p>Ko\u015bcielec, obok Mnicha nale\u017cy do najpopularniejszych cel\u00f3w taternickich wej\u015b\u0107 w polskich Tatrach. Nie bez przyczyny to w\u0142a\u015bnie do Doliny G\u0105sienicowej od lat przyje\u017cd\u017caj\u0105 adepci taternictwa, by w Betlejemce doskonali\u0107 swoje umiej\u0119tno\u015bci. Gra\u0144 Ko\u015bcielc\u00f3w, kt\u00f3ra od Prze\u0142\u0119czy Mylnej do g\u0142\u00f3wnej grani Tatr ma charakter wspinaczkowy, a tak\u017ce wytyczona na wschodniej \u015bcianie &#8222;Setka&#8221; nale\u017c\u0105 do klasycznych dr\u00f3g szkoleniowych. Klasyczne drogi poprowadzone s\u0105 tak\u017ce na zachodniej \u015bcianie Ko\u015bcielca, za\u015b sektor sportowy znajduje si\u0119 na zachodniej \u015bcianie Zadniego Ko\u015bcielca. Wiele dr\u00f3g w tym rejonie ma przygotowane sta\u0142e stanowiska asekuracyjne, co wi\u0105\u017ce si\u0119 z prowadzonym tu programem Tatry bez m\u0142otka.<\/p>\n\n\n\n<p class=\"has-white-color has-vivid-cyan-blue-background-color has-text-color has-background\">Wi\u0119cej artyku\u0142\u00f3w o najwy\u017cszych polskich g\u00f3rach znajdziesz klikaj\u0105c w tag &#8211;&gt; <strong><a href=\"https:\/\/www.skalnik.pl\/blog\/tag\/tatry\/\" target=\"_blank\" rel=\"noopener\" title=\"\">Tatry<\/a><\/strong>.<\/p>\n\n\n\n<hr class=\"wp-block-separator has-alpha-channel-opacity is-style-dots\"\/>\n\n\n\n<p>Ko\u015bcielec to szczyt, kt\u00f3ry zachwyca i pobudza wyobra\u017ani\u0119. Wygl\u0105da pi\u0119knie w tatrza\u0144skich panoramach, a widoki z niego zaliczane s\u0105 do najciekawszych w Tatrach. Wycieczk\u0119 na Ko\u015bcielec planuj jednak rozwa\u017cnie, po uczciwej ocenie swoich mo\u017cliwo\u015bci. Pami\u0119taj, bezpiecze\u0144stwo to podstawa.<\/p>\n","protected":false},"excerpt":{"rendered":"<p>Ko\u015bcielec to jeden z najpi\u0119kniejszych szczyt\u00f3w w polskich Tatrach. Sprawd\u017a jak go zdoby\u0107. <\/p>\n","protected":false},"author":41,"featured_media":25056,"comment_status":"closed","ping_status":"closed","sticky":false,"template":"","format":"standard","meta":{"_acf_changed":false,"footnotes":""},"categories":[84],"tags":[14],"magento_category":[],"magento_product":[],"class_list":["post-24978","post","type-post","status-publish","format-standard","has-post-thumbnail","hentry","category-pasja","tag-tatry"],"acf":[],"aioseo_notices":[],"aioseo_head":"\n\t\t<!-- All in One SEO 4.9.10 - aioseo.com -->\n\t<meta name=\"description\" content=\"Ko\u015bcielec to jeden z najbardziej rozpoznawalnych tatrza\u0144skich szczyt\u00f3w. Poznaj go bli\u017cej i sprawd\u017a szlak na Ko\u015bcielec i zobacz, w jaki spos\u00f3b wej\u015b\u0107 na szczyt.\" \/>\n\t<meta name=\"robots\" content=\"max-image-preview:large\" \/>\n\t<meta name=\"author\" content=\"Anna \u015aliwa\"\/>\n\t<link rel=\"canonical\" href=\"https:\/\/www.skalnik.pl\/blog\/koscielec-polski-matterhorn\/\" \/>\n\t<meta name=\"generator\" content=\"All in One SEO (AIOSEO) 4.9.10\" \/>\n\t\t<meta property=\"og:locale\" content=\"pl_PL\" \/>\n\t\t<meta property=\"og:site_name\" content=\"blog Skalnik - Blog, porady, artyku\u0142y - blog Skalnik\" \/>\n\t\t<meta property=\"og:type\" content=\"article\" \/>\n\t\t<meta property=\"og:title\" content=\"Ko\u015bcielec \u2013 polski Matterhorn - blog Skalnik\" \/>\n\t\t<meta property=\"og:description\" content=\"Ko\u015bcielec to jeden z najbardziej rozpoznawalnych tatrza\u0144skich szczyt\u00f3w. Poznaj go bli\u017cej i sprawd\u017a szlak na Ko\u015bcielec i zobacz, w jaki spos\u00f3b wej\u015b\u0107 na szczyt.\" \/>\n\t\t<meta property=\"og:url\" content=\"https:\/\/www.skalnik.pl\/blog\/koscielec-polski-matterhorn\/\" \/>\n\t\t<meta property=\"og:image\" content=\"https:\/\/www.skalnik.pl\/blog\/wp-content\/uploads\/2023\/11\/AdobeStock_344505474-min-1024x683.jpeg\" \/>\n\t\t<meta property=\"og:image:secure_url\" content=\"https:\/\/www.skalnik.pl\/blog\/wp-content\/uploads\/2023\/11\/AdobeStock_344505474-min-1024x683.jpeg\" \/>\n\t\t<meta property=\"article:tag\" content=\"pasja\" \/>\n\t\t<meta property=\"article:tag\" content=\"tatry\" \/>\n\t\t<meta property=\"article:published_time\" content=\"2023-12-07T13:46:24+00:00\" \/>\n\t\t<meta property=\"article:modified_time\" content=\"2024-02-21T07:33:33+00:00\" \/>\n\t\t<meta name=\"twitter:card\" content=\"summary_large_image\" \/>\n\t\t<meta name=\"twitter:title\" content=\"Ko\u015bcielec \u2013 polski Matterhorn - blog Skalnik\" \/>\n\t\t<meta name=\"twitter:description\" content=\"Ko\u015bcielec to jeden z najbardziej rozpoznawalnych tatrza\u0144skich szczyt\u00f3w. Poznaj go bli\u017cej i sprawd\u017a szlak na Ko\u015bcielec i zobacz, w jaki spos\u00f3b wej\u015b\u0107 na szczyt.\" \/>\n\t\t<meta name=\"twitter:image\" content=\"https:\/\/www.skalnik.pl\/blog\/wp-content\/uploads\/2023\/11\/AdobeStock_344505474-min-1024x683.jpeg\" \/>\n\t\t<script type=\"application\/ld+json\" class=\"aioseo-schema\">\n\t\t\t{\"@context\":\"https:\\\/\\\/schema.org\",\"@graph\":[{\"@type\":\"BlogPosting\",\"@id\":\"https:\\\/\\\/www.skalnik.pl\\\/blog\\\/koscielec-polski-matterhorn\\\/#blogposting\",\"name\":\"Ko\\u015bcielec \\u2013 polski Matterhorn - blog Skalnik\",\"headline\":\"Ko\\u015bcielec &#8211; polski Matterhorn\",\"author\":{\"@id\":\"https:\\\/\\\/www.skalnik.pl\\\/blog\\\/author\\\/anna-sliwa\\\/#author\"},\"publisher\":{\"@id\":\"https:\\\/\\\/www.skalnik.pl\\\/blog\\\/#organization\"},\"image\":{\"@type\":\"ImageObject\",\"url\":\"https:\\\/\\\/www.skalnik.pl\\\/blog\\\/wp-content\\\/uploads\\\/2023\\\/11\\\/koscielec-okl.jpg\",\"width\":1920,\"height\":706,\"caption\":\"ko\\u015bcielec opis szczytu jak wej\\u015b\\u0107\"},\"datePublished\":\"2023-12-07T15:46:24+02:00\",\"dateModified\":\"2024-02-21T09:33:33+02:00\",\"inLanguage\":\"pl-PL\",\"mainEntityOfPage\":{\"@id\":\"https:\\\/\\\/www.skalnik.pl\\\/blog\\\/koscielec-polski-matterhorn\\\/#webpage\"},\"isPartOf\":{\"@id\":\"https:\\\/\\\/www.skalnik.pl\\\/blog\\\/koscielec-polski-matterhorn\\\/#webpage\"},\"articleSection\":\"Pasja, tatry\"},{\"@type\":\"BreadcrumbList\",\"@id\":\"https:\\\/\\\/www.skalnik.pl\\\/blog\\\/koscielec-polski-matterhorn\\\/#breadcrumblist\",\"itemListElement\":[{\"@type\":\"ListItem\",\"@id\":\"https:\\\/\\\/www.skalnik.pl\\\/blog#listItem\",\"position\":1,\"name\":\"Home\",\"item\":\"https:\\\/\\\/www.skalnik.pl\\\/blog\",\"nextItem\":{\"@type\":\"ListItem\",\"@id\":\"https:\\\/\\\/www.skalnik.pl\\\/blog\\\/.\\\/pasja\\\/#listItem\",\"name\":\"Pasja\"}},{\"@type\":\"ListItem\",\"@id\":\"https:\\\/\\\/www.skalnik.pl\\\/blog\\\/.\\\/pasja\\\/#listItem\",\"position\":2,\"name\":\"Pasja\",\"item\":\"https:\\\/\\\/www.skalnik.pl\\\/blog\\\/.\\\/pasja\\\/\",\"nextItem\":{\"@type\":\"ListItem\",\"@id\":\"https:\\\/\\\/www.skalnik.pl\\\/blog\\\/koscielec-polski-matterhorn\\\/#listItem\",\"name\":\"Ko\\u015bcielec &#8211; polski Matterhorn\"},\"previousItem\":{\"@type\":\"ListItem\",\"@id\":\"https:\\\/\\\/www.skalnik.pl\\\/blog#listItem\",\"name\":\"Home\"}},{\"@type\":\"ListItem\",\"@id\":\"https:\\\/\\\/www.skalnik.pl\\\/blog\\\/koscielec-polski-matterhorn\\\/#listItem\",\"position\":3,\"name\":\"Ko\\u015bcielec &#8211; polski Matterhorn\",\"previousItem\":{\"@type\":\"ListItem\",\"@id\":\"https:\\\/\\\/www.skalnik.pl\\\/blog\\\/.\\\/pasja\\\/#listItem\",\"name\":\"Pasja\"}}]},{\"@type\":\"Organization\",\"@id\":\"https:\\\/\\\/www.skalnik.pl\\\/blog\\\/#organization\",\"name\":\"blog Skalnik\",\"description\":\"Blog, porady, artyku\\u0142y - blog Skalnik\",\"url\":\"https:\\\/\\\/www.skalnik.pl\\\/blog\\\/\"},{\"@type\":\"Person\",\"@id\":\"https:\\\/\\\/www.skalnik.pl\\\/blog\\\/author\\\/anna-sliwa\\\/#author\",\"url\":\"https:\\\/\\\/www.skalnik.pl\\\/blog\\\/author\\\/anna-sliwa\\\/\",\"name\":\"Anna \\u015aliwa\",\"image\":{\"@type\":\"ImageObject\",\"@id\":\"https:\\\/\\\/www.skalnik.pl\\\/blog\\\/koscielec-polski-matterhorn\\\/#authorImage\",\"url\":\"https:\\\/\\\/secure.gravatar.com\\\/avatar\\\/e8300be3de710e2e109e5dfbf092dcf827242ec8071807a1e13f6b3f7c9bbd79?s=96&d=mm&r=g\",\"width\":96,\"height\":96,\"caption\":\"Anna \\u015aliwa\"}},{\"@type\":\"WebPage\",\"@id\":\"https:\\\/\\\/www.skalnik.pl\\\/blog\\\/koscielec-polski-matterhorn\\\/#webpage\",\"url\":\"https:\\\/\\\/www.skalnik.pl\\\/blog\\\/koscielec-polski-matterhorn\\\/\",\"name\":\"Ko\\u015bcielec \\u2013 polski Matterhorn - blog Skalnik\",\"description\":\"Ko\\u015bcielec to jeden z najbardziej rozpoznawalnych tatrza\\u0144skich szczyt\\u00f3w. Poznaj go bli\\u017cej i sprawd\\u017a szlak na Ko\\u015bcielec i zobacz, w jaki spos\\u00f3b wej\\u015b\\u0107 na szczyt.\",\"inLanguage\":\"pl-PL\",\"isPartOf\":{\"@id\":\"https:\\\/\\\/www.skalnik.pl\\\/blog\\\/#website\"},\"breadcrumb\":{\"@id\":\"https:\\\/\\\/www.skalnik.pl\\\/blog\\\/koscielec-polski-matterhorn\\\/#breadcrumblist\"},\"author\":{\"@id\":\"https:\\\/\\\/www.skalnik.pl\\\/blog\\\/author\\\/anna-sliwa\\\/#author\"},\"creator\":{\"@id\":\"https:\\\/\\\/www.skalnik.pl\\\/blog\\\/author\\\/anna-sliwa\\\/#author\"},\"image\":{\"@type\":\"ImageObject\",\"url\":\"https:\\\/\\\/www.skalnik.pl\\\/blog\\\/wp-content\\\/uploads\\\/2023\\\/11\\\/koscielec-okl.jpg\",\"@id\":\"https:\\\/\\\/www.skalnik.pl\\\/blog\\\/koscielec-polski-matterhorn\\\/#mainImage\",\"width\":1920,\"height\":706,\"caption\":\"ko\\u015bcielec opis szczytu jak wej\\u015b\\u0107\"},\"primaryImageOfPage\":{\"@id\":\"https:\\\/\\\/www.skalnik.pl\\\/blog\\\/koscielec-polski-matterhorn\\\/#mainImage\"},\"datePublished\":\"2023-12-07T15:46:24+02:00\",\"dateModified\":\"2024-02-21T09:33:33+02:00\"},{\"@type\":\"WebSite\",\"@id\":\"https:\\\/\\\/www.skalnik.pl\\\/blog\\\/#website\",\"url\":\"https:\\\/\\\/www.skalnik.pl\\\/blog\\\/\",\"name\":\"blog Skalnik\",\"description\":\"Blog, porady, artyku\\u0142y - blog Skalnik\",\"inLanguage\":\"pl-PL\",\"publisher\":{\"@id\":\"https:\\\/\\\/www.skalnik.pl\\\/blog\\\/#organization\"}}]}\n\t\t<\/script>\n\t\t<!-- All in One SEO -->\n\n","aioseo_head_json":{"title":"Ko\u015bcielec \u2013 polski Matterhorn - blog Skalnik","description":"Ko\u015bcielec to jeden z najbardziej rozpoznawalnych tatrza\u0144skich szczyt\u00f3w. Poznaj go bli\u017cej i sprawd\u017a szlak na Ko\u015bcielec i zobacz, w jaki spos\u00f3b wej\u015b\u0107 na szczyt.","canonical_url":"https:\/\/www.skalnik.pl\/blog\/koscielec-polski-matterhorn\/","robots":"max-image-preview:large","keywords":"","webmasterTools":{"miscellaneous":""},"schema":{"@context":"https:\/\/schema.org","@graph":[{"@type":"BlogPosting","@id":"https:\/\/www.skalnik.pl\/blog\/koscielec-polski-matterhorn\/#blogposting","name":"Ko\u015bcielec \u2013 polski Matterhorn - blog Skalnik","headline":"Ko\u015bcielec &#8211; polski Matterhorn","author":{"@id":"https:\/\/www.skalnik.pl\/blog\/author\/anna-sliwa\/#author"},"publisher":{"@id":"https:\/\/www.skalnik.pl\/blog\/#organization"},"image":{"@type":"ImageObject","url":"https:\/\/www.skalnik.pl\/blog\/wp-content\/uploads\/2023\/11\/koscielec-okl.jpg","width":1920,"height":706,"caption":"ko\u015bcielec opis szczytu jak wej\u015b\u0107"},"datePublished":"2023-12-07T15:46:24+02:00","dateModified":"2024-02-21T09:33:33+02:00","inLanguage":"pl-PL","mainEntityOfPage":{"@id":"https:\/\/www.skalnik.pl\/blog\/koscielec-polski-matterhorn\/#webpage"},"isPartOf":{"@id":"https:\/\/www.skalnik.pl\/blog\/koscielec-polski-matterhorn\/#webpage"},"articleSection":"Pasja, tatry"},{"@type":"BreadcrumbList","@id":"https:\/\/www.skalnik.pl\/blog\/koscielec-polski-matterhorn\/#breadcrumblist","itemListElement":[{"@type":"ListItem","@id":"https:\/\/www.skalnik.pl\/blog#listItem","position":1,"name":"Home","item":"https:\/\/www.skalnik.pl\/blog","nextItem":{"@type":"ListItem","@id":"https:\/\/www.skalnik.pl\/blog\/.\/pasja\/#listItem","name":"Pasja"}},{"@type":"ListItem","@id":"https:\/\/www.skalnik.pl\/blog\/.\/pasja\/#listItem","position":2,"name":"Pasja","item":"https:\/\/www.skalnik.pl\/blog\/.\/pasja\/","nextItem":{"@type":"ListItem","@id":"https:\/\/www.skalnik.pl\/blog\/koscielec-polski-matterhorn\/#listItem","name":"Ko\u015bcielec &#8211; polski Matterhorn"},"previousItem":{"@type":"ListItem","@id":"https:\/\/www.skalnik.pl\/blog#listItem","name":"Home"}},{"@type":"ListItem","@id":"https:\/\/www.skalnik.pl\/blog\/koscielec-polski-matterhorn\/#listItem","position":3,"name":"Ko\u015bcielec &#8211; polski Matterhorn","previousItem":{"@type":"ListItem","@id":"https:\/\/www.skalnik.pl\/blog\/.\/pasja\/#listItem","name":"Pasja"}}]},{"@type":"Organization","@id":"https:\/\/www.skalnik.pl\/blog\/#organization","name":"blog Skalnik","description":"Blog, porady, artyku\u0142y - blog Skalnik","url":"https:\/\/www.skalnik.pl\/blog\/"},{"@type":"Person","@id":"https:\/\/www.skalnik.pl\/blog\/author\/anna-sliwa\/#author","url":"https:\/\/www.skalnik.pl\/blog\/author\/anna-sliwa\/","name":"Anna \u015aliwa","image":{"@type":"ImageObject","@id":"https:\/\/www.skalnik.pl\/blog\/koscielec-polski-matterhorn\/#authorImage","url":"https:\/\/secure.gravatar.com\/avatar\/e8300be3de710e2e109e5dfbf092dcf827242ec8071807a1e13f6b3f7c9bbd79?s=96&d=mm&r=g","width":96,"height":96,"caption":"Anna \u015aliwa"}},{"@type":"WebPage","@id":"https:\/\/www.skalnik.pl\/blog\/koscielec-polski-matterhorn\/#webpage","url":"https:\/\/www.skalnik.pl\/blog\/koscielec-polski-matterhorn\/","name":"Ko\u015bcielec \u2013 polski Matterhorn - blog Skalnik","description":"Ko\u015bcielec to jeden z najbardziej rozpoznawalnych tatrza\u0144skich szczyt\u00f3w. Poznaj go bli\u017cej i sprawd\u017a szlak na Ko\u015bcielec i zobacz, w jaki spos\u00f3b wej\u015b\u0107 na szczyt.","inLanguage":"pl-PL","isPartOf":{"@id":"https:\/\/www.skalnik.pl\/blog\/#website"},"breadcrumb":{"@id":"https:\/\/www.skalnik.pl\/blog\/koscielec-polski-matterhorn\/#breadcrumblist"},"author":{"@id":"https:\/\/www.skalnik.pl\/blog\/author\/anna-sliwa\/#author"},"creator":{"@id":"https:\/\/www.skalnik.pl\/blog\/author\/anna-sliwa\/#author"},"image":{"@type":"ImageObject","url":"https:\/\/www.skalnik.pl\/blog\/wp-content\/uploads\/2023\/11\/koscielec-okl.jpg","@id":"https:\/\/www.skalnik.pl\/blog\/koscielec-polski-matterhorn\/#mainImage","width":1920,"height":706,"caption":"ko\u015bcielec opis szczytu jak wej\u015b\u0107"},"primaryImageOfPage":{"@id":"https:\/\/www.skalnik.pl\/blog\/koscielec-polski-matterhorn\/#mainImage"},"datePublished":"2023-12-07T15:46:24+02:00","dateModified":"2024-02-21T09:33:33+02:00"},{"@type":"WebSite","@id":"https:\/\/www.skalnik.pl\/blog\/#website","url":"https:\/\/www.skalnik.pl\/blog\/","name":"blog Skalnik","description":"Blog, porady, artyku\u0142y - blog Skalnik","inLanguage":"pl-PL","publisher":{"@id":"https:\/\/www.skalnik.pl\/blog\/#organization"}}]},"og:locale":"pl_PL","og:site_name":"blog Skalnik - Blog, porady, artyku\u0142y - blog Skalnik","og:type":"article","og:title":"Ko\u015bcielec \u2013 polski Matterhorn - blog Skalnik","og:description":"Ko\u015bcielec to jeden z najbardziej rozpoznawalnych tatrza\u0144skich szczyt\u00f3w. Poznaj go bli\u017cej i sprawd\u017a szlak na Ko\u015bcielec i zobacz, w jaki spos\u00f3b wej\u015b\u0107 na szczyt.","og:url":"https:\/\/www.skalnik.pl\/blog\/koscielec-polski-matterhorn\/","og:image":"https:\/\/www.skalnik.pl\/blog\/wp-content\/uploads\/2023\/11\/AdobeStock_344505474-min-1024x683.jpeg","og:image:secure_url":"https:\/\/www.skalnik.pl\/blog\/wp-content\/uploads\/2023\/11\/AdobeStock_344505474-min-1024x683.jpeg","article:tag":["pasja","tatry"],"article:published_time":"2023-12-07T13:46:24+00:00","article:modified_time":"2024-02-21T07:33:33+00:00","twitter:card":"summary_large_image","twitter:title":"Ko\u015bcielec \u2013 polski Matterhorn - blog Skalnik","twitter:description":"Ko\u015bcielec to jeden z najbardziej rozpoznawalnych tatrza\u0144skich szczyt\u00f3w. Poznaj go bli\u017cej i sprawd\u017a szlak na Ko\u015bcielec i zobacz, w jaki spos\u00f3b wej\u015b\u0107 na szczyt.","twitter:image":"https:\/\/www.skalnik.pl\/blog\/wp-content\/uploads\/2023\/11\/AdobeStock_344505474-min-1024x683.jpeg"},"aioseo_meta_data":{"post_id":"24978","title":null,"description":"Ko\u015bcielec to jeden z najbardziej rozpoznawalnych tatrza\u0144skich szczyt\u00f3w. Poznaj go bli\u017cej i sprawd\u017a szlak na Ko\u015bcielec i zobacz, w jaki spos\u00f3b wej\u015b\u0107 na szczyt.","keywords":[],"keyphrases":{"focus":{"keyphrase":"ko\u015bcielec","score":100,"analysis":{"keyphraseInTitle":{"score":9,"maxScore":9,"error":0},"keyphraseInDescription":{"score":9,"maxScore":9,"error":0},"keyphraseLength":{"score":9,"maxScore":9,"error":0,"length":1},"keyphraseInURL":{"score":5,"maxScore":5,"error":0},"keyphraseInIntroduction":{"score":9,"maxScore":9,"error":0},"keyphraseInSubHeadings":{"score":9,"maxScore":9,"error":0},"keyphraseInImageAlt":{"score":9,"maxScore":9,"error":0}}},"additional":[]},"primary_term":null,"canonical_url":null,"og_title":null,"og_description":null,"og_object_type":"default","og_image_type":"default","og_image_url":null,"og_image_width":null,"og_image_height":null,"og_image_custom_url":null,"og_image_custom_fields":null,"og_video":"","og_custom_url":null,"og_article_section":null,"og_article_tags":[],"twitter_use_og":false,"twitter_card":"default","twitter_image_type":"default","twitter_image_url":null,"twitter_image_custom_url":null,"twitter_image_custom_fields":null,"twitter_title":null,"twitter_description":null,"schema":{"blockGraphs":[],"customGraphs":[],"default":{"data":{"Article":[],"Course":[],"Dataset":[],"FAQPage":[],"Movie":[],"Person":[],"Product":[],"ProductReview":[],"Car":[],"Recipe":[],"Service":[],"SoftwareApplication":[],"WebPage":[]},"graphName":"","isEnabled":true},"graphs":[]},"schema_type":"default","schema_type_options":null,"pillar_content":false,"robots_default":true,"robots_noindex":false,"robots_noarchive":false,"robots_nosnippet":false,"robots_nofollow":false,"robots_noimageindex":false,"robots_noodp":false,"robots_notranslate":false,"robots_max_snippet":"-1","robots_max_videopreview":"-1","robots_max_imagepreview":"large","priority":null,"frequency":"default","local_seo":null,"breadcrumb_settings":null,"limit_modified_date":false,"ai":null,"created":"2023-11-30 14:52:51","updated":"2026-02-17 22:47:46","seo_analyzer_scan_date":null},"aioseo_breadcrumb":"<div class=\"aioseo-breadcrumbs\"><span class=\"aioseo-breadcrumb\">\n\t\t\t<a href=\"https:\/\/www.skalnik.pl\/blog\" title=\"Home\">Home<\/a>\n\t\t<\/span><span class=\"aioseo-breadcrumb-separator\">&raquo;<\/span><span class=\"aioseo-breadcrumb\">\n\t\t\t<a href=\"https:\/\/www.skalnik.pl\/blog\/.\/pasja\/\" title=\"Pasja\">Pasja<\/a>\n\t\t<\/span><span class=\"aioseo-breadcrumb-separator\">&raquo;<\/span><span class=\"aioseo-breadcrumb\">\n\t\t\tKo\u015bcielec \u2013 polski Matterhorn\n\t\t<\/span><\/div>","aioseo_breadcrumb_json":[{"label":"Home","link":"https:\/\/www.skalnik.pl\/blog"},{"label":"Pasja","link":"https:\/\/www.skalnik.pl\/blog\/.\/pasja\/"},{"label":"Ko\u015bcielec &#8211; polski Matterhorn","link":"https:\/\/www.skalnik.pl\/blog\/koscielec-polski-matterhorn\/"}],"_links":{"self":[{"href":"https:\/\/www.skalnik.pl\/blog\/wp-json\/wp\/v2\/posts\/24978","targetHints":{"allow":["GET"]}}],"collection":[{"href":"https:\/\/www.skalnik.pl\/blog\/wp-json\/wp\/v2\/posts"}],"about":[{"href":"https:\/\/www.skalnik.pl\/blog\/wp-json\/wp\/v2\/types\/post"}],"author":[{"embeddable":true,"href":"https:\/\/www.skalnik.pl\/blog\/wp-json\/wp\/v2\/users\/41"}],"replies":[{"embeddable":true,"href":"https:\/\/www.skalnik.pl\/blog\/wp-json\/wp\/v2\/comments?post=24978"}],"version-history":[{"count":3,"href":"https:\/\/www.skalnik.pl\/blog\/wp-json\/wp\/v2\/posts\/24978\/revisions"}],"predecessor-version":[{"id":25178,"href":"https:\/\/www.skalnik.pl\/blog\/wp-json\/wp\/v2\/posts\/24978\/revisions\/25178"}],"wp:featuredmedia":[{"embeddable":true,"href":"https:\/\/www.skalnik.pl\/blog\/wp-json\/wp\/v2\/media\/25056"}],"wp:attachment":[{"href":"https:\/\/www.skalnik.pl\/blog\/wp-json\/wp\/v2\/media?parent=24978"}],"wp:term":[{"taxonomy":"category","embeddable":true,"href":"https:\/\/www.skalnik.pl\/blog\/wp-json\/wp\/v2\/categories?post=24978"},{"taxonomy":"post_tag","embeddable":true,"href":"https:\/\/www.skalnik.pl\/blog\/wp-json\/wp\/v2\/tags?post=24978"},{"taxonomy":"magento_category","embeddable":true,"href":"https:\/\/www.skalnik.pl\/blog\/wp-json\/wp\/v2\/magento_category?post=24978"},{"taxonomy":"magento_product","embeddable":true,"href":"https:\/\/www.skalnik.pl\/blog\/wp-json\/wp\/v2\/magento_product?post=24978"}],"curies":[{"name":"wp","href":"https:\/\/api.w.org\/{rel}","templated":true}]}}