{"id":24987,"date":"2023-11-30T10:46:03","date_gmt":"2023-11-30T08:46:03","guid":{"rendered":"https:\/\/www.skalnik.pl\/blog\/?p=24987"},"modified":"2023-12-01T13:24:32","modified_gmt":"2023-12-01T11:24:32","slug":"plecaki-deuter-seria-futura","status":"publish","type":"post","link":"https:\/\/www.skalnik.pl\/blog\/plecaki-deuter-seria-futura\/","title":{"rendered":"Plecaki Deuter &#8211; seria Futura"},"content":{"rendered":"\n<p><strong>Nazwa Deuter w outdoorze to synonim znakomitej jako\u015bci i przemy\u015blanej konstrukcji. Nic dziwnego, skoro niemiecka marka produkcj\u0105 plecak\u00f3w i toreb zajmuje si\u0119 od schy\u0142ku XIX wieku. Przez ten czas zmieni\u0142o si\u0119 wszystko \u2013 od materia\u0142\u00f3w i rozwi\u0105za\u0144 technologicznych po wygl\u0105d plecak\u00f3w. Projektanci marki pozostaj\u0105 jednak niez\u0142omni w praktyczno\u015bci, czego dowodem jest popularno\u015b\u0107 jak\u0105 ciesz\u0105 si\u0119 plecaki Deuter. Przyjrzymy si\u0119 bli\u017cej serii Futura.<\/strong><\/p>\n\n\n\n<p>W ofercie marki Deuter znajdziemy wiele serii plecak\u00f3w pogrupowanych przede wszystkim ze wzgl\u0119du na ich przeznaczenie. Najwi\u0119ksza grupa to plecaki na jedno czy kilkudniowe w\u0119dr\u00f3wki (hikking, trekking, ferraty) \u2013 tu te\u017c znajdziemy bohater\u00f3w tego tekstu, czyli ca\u0142\u0105 wielk\u0105 seri\u0119 plecak\u00f3w \u2013 Deuter Futura.<\/p>\n\n\n<div class=\"wp-block-image\">\n<figure class=\"aligncenter size-full\"><img loading=\"lazy\" decoding=\"async\" width=\"1024\" height=\"683\" src=\"https:\/\/www.skalnik.pl\/blog\/wp-content\/uploads\/2023\/12\/ferraty_Stefan_Neuhauser.jpg\" alt=\"kobieta i m\u0119\u017cczyzna w kaskach z plecakami Deuter id\u0105 po via ferracie\" class=\"wp-image-24990\" srcset=\"https:\/\/www.skalnik.pl\/blog\/wp-content\/uploads\/2023\/12\/ferraty_Stefan_Neuhauser.jpg 1024w, https:\/\/www.skalnik.pl\/blog\/wp-content\/uploads\/2023\/12\/ferraty_Stefan_Neuhauser-300x200.jpg 300w, https:\/\/www.skalnik.pl\/blog\/wp-content\/uploads\/2023\/12\/ferraty_Stefan_Neuhauser-768x512.jpg 768w\" sizes=\"auto, (max-width: 1024px) 100vw, 1024px\" \/><figcaption class=\"wp-element-caption\"><em>Plecaki Deuter Futura w akcji na via ferracie &#8211; zabierzesz do nich wszystko, co niezb\u0119dne (fot. Stefan Neuhauser, Deuter)<\/em><\/figcaption><\/figure>\n<\/div>\n\n\n<p>Plecak Deuter Futura swoj\u0105 premier\u0119 mia\u0142 w 1998 r., wi\u0119c ju\u017c ponad \u0107wier\u0107 wieku temu! Od tego czasu jest jednym z najpopularniejszych spo\u015br\u00f3d plecak\u00f3w Deuter. Ma na to wp\u0142yw kilka czynnik\u00f3w. Pierwszym jest lekka konstrukcja plecaka Futura, drugim doskona\u0142a wentylacja plec\u00f3w, kt\u00f3r\u0105 zapewnia system Aircomfort, kolejnym bogactwo modeli i rozmiar\u00f3w, a jeszcze innym rozwi\u0105zania w poszczeg\u00f3lnych modelach, kt\u00f3re dopasowano do najpopularniejszych aktywno\u015bci.<\/p>\n\n\n\n<figure class=\"wp-block-image size-full\"><a href=\"https:\/\/www.skalnik.pl\/sprzet-turystyczny\/plecaki\/plecaki-turystyczne\/marka:deuter\" target=\"_blank\" rel=\"noreferrer noopener\"><img loading=\"lazy\" decoding=\"async\" width=\"1024\" height=\"250\" src=\"https:\/\/www.skalnik.pl\/blog\/wp-content\/uploads\/2023\/11\/deuter-plecaki-baner-sklep.jpg\" alt=\"\" class=\"wp-image-24826\" srcset=\"https:\/\/www.skalnik.pl\/blog\/wp-content\/uploads\/2023\/11\/deuter-plecaki-baner-sklep.jpg 1024w, https:\/\/www.skalnik.pl\/blog\/wp-content\/uploads\/2023\/11\/deuter-plecaki-baner-sklep-300x73.jpg 300w, https:\/\/www.skalnik.pl\/blog\/wp-content\/uploads\/2023\/11\/deuter-plecaki-baner-sklep-768x188.jpg 768w\" sizes=\"auto, (max-width: 1024px) 100vw, 1024px\" \/><\/a><\/figure>\n\n\n\n<div id=\"ez-toc-container\" class=\"ez-toc-v2_0_85 counter-hierarchy ez-toc-counter ez-toc-light-blue ez-toc-container-direction\">\n<div class=\"ez-toc-title-container\">\n<p class=\"ez-toc-title\" style=\"cursor:inherit\">SPIS TRE\u015aCI <\/p>\n<span class=\"ez-toc-title-toggle\"><a href=\"#\" class=\"ez-toc-pull-right ez-toc-btn ez-toc-btn-xs ez-toc-btn-default ez-toc-toggle\" aria-label=\"Prze\u0142\u0105cznik Spisu Tre\u015bci\"><span class=\"ez-toc-js-icon-con\"><span class=\"\"><span class=\"eztoc-hide\" style=\"display:none;\">Toggle<\/span><span class=\"ez-toc-icon-toggle-span\"><svg style=\"fill: #999;color:#999\" xmlns=\"http:\/\/www.w3.org\/2000\/svg\" class=\"list-377408\" width=\"20px\" height=\"20px\" viewBox=\"0 0 24 24\" fill=\"none\"><path d=\"M6 6H4v2h2V6zm14 0H8v2h12V6zM4 11h2v2H4v-2zm16 0H8v2h12v-2zM4 16h2v2H4v-2zm16 0H8v2h12v-2z\" fill=\"currentColor\"><\/path><\/svg><svg style=\"fill: #999;color:#999\" class=\"arrow-unsorted-368013\" xmlns=\"http:\/\/www.w3.org\/2000\/svg\" width=\"10px\" height=\"10px\" viewBox=\"0 0 24 24\" version=\"1.2\" baseProfile=\"tiny\"><path d=\"M18.2 9.3l-6.2-6.3-6.2 6.3c-.2.2-.3.4-.3.7s.1.5.3.7c.2.2.4.3.7.3h11c.3 0 .5-.1.7-.3.2-.2.3-.5.3-.7s-.1-.5-.3-.7zM5.8 14.7l6.2 6.3 6.2-6.3c.2-.2.3-.5.3-.7s-.1-.5-.3-.7c-.2-.2-.4-.3-.7-.3h-11c-.3 0-.5.1-.7.3-.2.2-.3.5-.3.7s.1.5.3.7z\"\/><\/svg><\/span><\/span><\/span><\/a><\/span><\/div>\n<nav><ul class='ez-toc-list ez-toc-list-level-1 ' ><li class='ez-toc-page-1 ez-toc-heading-level-2'><a class=\"ez-toc-link ez-toc-heading-1\" href=\"https:\/\/www.skalnik.pl\/blog\/plecaki-deuter-seria-futura\/#Seria_Futura_Deuter\" >Seria Futura Deuter<\/a><\/li><li class='ez-toc-page-1 ez-toc-heading-level-2'><a class=\"ez-toc-link ez-toc-heading-2\" href=\"https:\/\/www.skalnik.pl\/blog\/plecaki-deuter-seria-futura\/#Plecak_Futura_%E2%80%93_konstrukcja\" >Plecak Futura &#8211; konstrukcja<\/a><\/li><li class='ez-toc-page-1 ez-toc-heading-level-2'><a class=\"ez-toc-link ez-toc-heading-3\" href=\"https:\/\/www.skalnik.pl\/blog\/plecaki-deuter-seria-futura\/#Dla_kogo_plecaki_Deuter_Futura\" >Dla kogo plecaki Deuter Futura<\/a><\/li><li class='ez-toc-page-1 ez-toc-heading-level-2'><a class=\"ez-toc-link ez-toc-heading-4\" href=\"https:\/\/www.skalnik.pl\/blog\/plecaki-deuter-seria-futura\/#Plecaki_Deuter_%E2%80%93_produkty_z_troska_o_srodowisko\" >Plecaki Deuter \u2013 produkty z trosk\u0105 o \u015brodowisko<\/a><\/li><\/ul><\/nav><\/div>\n<h2 class=\"wp-block-heading\"><span class=\"ez-toc-section\" id=\"Seria_Futura_Deuter\"><\/span>Seria Futura Deuter<span class=\"ez-toc-section-end\"><\/span><\/h2>\n\n\n\n<p>Seria Futura jest chyba najliczniejsz\u0105 w ofercie marki, nie tylko ze wzgl\u0119du na rozmiary (o czym wi\u0119cej szczeg\u00f3\u0142\u00f3w znajdziesz poni\u017cej), ale r\u00f3\u017cnorodno\u015b\u0107 modeli. To dzi\u0119ki niej mo\u017cemy wybra\u0107 plecak turystyczny Deuter<strong> <\/strong>idealnie dopasowany do swoich g\u00f3rskich cel\u00f3w.<\/p>\n\n\n\n<ul class=\"wp-block-list\">\n<li><strong>Futura<\/strong> to model podstawowy, m\u0119ski lub uniseksowy.<\/li>\n\n\n\n<li><strong>Futura SL<\/strong> (tak\u017ce Pro SL i AirTrek SL) to modele stworzone dla kobiet.<\/li>\n\n\n\n<li><strong>Futura EL <\/strong>zaprojektowana z my\u015bl\u0105 o osobach wysokich (wzrost powy\u017cej 185 cm).<\/li>\n\n\n\n<li><strong>Futura Pro<\/strong> stworzony dla komfortu na kilkudniowych trasach z przemy\u015blanym systemem schowk\u00f3w i anatomicznym przenoszeniem ci\u0119\u017caru na biodra.<\/li>\n\n\n\n<li><strong>Futura AirTrek<\/strong> plecaki o wi\u0119kszych litra\u017cach przeznaczone na d\u0142u\u017csze trekkingi, ma rozwi\u0105zania konstrukcyjne w systemie no\u015bnym, kt\u00f3re wp\u0142ywaj\u0105 na komfort w\u0119dr\u00f3wki. &nbsp;<\/li>\n<\/ul>\n\n\n\t<div class=\"magento-wrapper\">\n\t\t<ul class=\"products\">\n\t\t\t<li class=\"product\">\n\t\n\t\t<div class=\"image\">\n\t\t\t<a href=\"https:\/\/www.skalnik.pl\/plecak-futura-pro-36-atlantic-ink-1012726\" target=\"_self\">\n\t\t\t\t\t\t<img\n\t\t\tsrc=\"https:\/\/www.skalnik.pl\/media\/catalog\/product\/p\/l\/plecak-futura-pro-36-atlantic-ink-1012726_1_8.jpg\"\n\t\t\talt=\"PLECAK FUTURA PRO 36-ATLANTIC-INK\"\n\t\t\t\t\t\t\t\t\/>\n\t\t\t\t\t<\/a>\n\t\t<\/div>\n\n\t\t\n\t\t<a href=\"https:\/\/www.skalnik.pl\/plecak-futura-pro-36-atlantic-ink-1012726\" target=\"_self\"><span class=\"name\">PLECAK FUTURA PRO 36-ATLANTIC-INK<\/span><\/a>\t\n\t\n\t\t\t\t\t<div class=\"price has-special\">\n\t\t\tCENA\n\t\t\t\t\t\t\t<span class=\"special-price\">839.99 z\u0142<\/span>\n\t\t\t\t<span class=\"special-price base-price\">999.99 z\u0142<\/span>\n\t\t\t\t\t<\/div>\n\t\t\t\n\t<div class=\"url\"><a class=\"view-details\" href=\"https:\/\/www.skalnik.pl\/plecak-futura-pro-36-atlantic-ink-1012726\">Zobacz wi\u0119cej <\/a><\/div><\/li>\n<li class=\"product\">\n\t\n\t\t<div class=\"image\">\n\t\t\t<a href=\"https:\/\/www.skalnik.pl\/plecak-futura-30-sl-caspia-currant-1012732\" target=\"_self\">\n\t\t\t\t\t\t<img\n\t\t\tsrc=\"https:\/\/www.skalnik.pl\/media\/catalog\/product\/p\/l\/plecak-futura-30-sl-caspia-currant-1012732_1.jpg\"\n\t\t\talt=\"PLECAK FUTURA 30 SL-CASPIA-CURRANT\"\n\t\t\t\t\t\t\t\t\/>\n\t\t\t\t\t<\/a>\n\t\t<\/div>\n\n\t\t\n\t\t<a href=\"https:\/\/www.skalnik.pl\/plecak-futura-30-sl-caspia-currant-1012732\" target=\"_self\"><span class=\"name\">PLECAK FUTURA 30 SL-CASPIA-CURRANT<\/span><\/a>\t\n\t\n\t\t\t\t\t<div class=\"price has-special\">\n\t\t\tCENA\n\t\t\t\t\t\t\t<span class=\"special-price\">655.99 z\u0142<\/span>\n\t\t\t\t<span class=\"special-price base-price\">819.99 z\u0142<\/span>\n\t\t\t\t\t<\/div>\n\t\t\t\n\t<div class=\"url\"><a class=\"view-details\" href=\"https:\/\/www.skalnik.pl\/plecak-futura-30-sl-caspia-currant-1012732\">Zobacz wi\u0119cej <\/a><\/div><\/li>\n<li class=\"product\">\n\t\n\t\t<div class=\"image\">\n\t\t\t<a href=\"https:\/\/www.skalnik.pl\/plecak-futura-27-reef-ink-992759\" target=\"_self\">\n\t\t\t\t\t\t<img\n\t\t\tsrc=\"https:\/\/www.skalnik.pl\/media\/catalog\/product\/3\/4\/3400321-1358-futura27_reef_ink-d-00.jpg\"\n\t\t\talt=\"PLECAK FUTURA 27-REEF INK\"\n\t\t\t\t\t\t\t\t\/>\n\t\t\t\t\t<\/a>\n\t\t<\/div>\n\n\t\t\n\t\t<a href=\"https:\/\/www.skalnik.pl\/plecak-futura-27-reef-ink-992759\" target=\"_self\"><span class=\"name\">PLECAK FUTURA 27-REEF INK<\/span><\/a>\t\n\t\n\t\t\t\t\t<div class=\"price has-special\">\n\t\t\tCENA\n\t\t\t\t\t\t\t<span class=\"special-price\">524.99 z\u0142<\/span>\n\t\t\t\t<span class=\"special-price base-price\">699.99 z\u0142<\/span>\n\t\t\t\t\t<\/div>\n\t\t\t\n\t<div class=\"url\"><a class=\"view-details\" href=\"https:\/\/www.skalnik.pl\/plecak-futura-27-reef-ink-992759\">Zobacz wi\u0119cej <\/a><\/div><\/li>\n\t\t<\/ul>\n\t<\/div>\n\n\n\n\n<h2 class=\"wp-block-heading\"><span class=\"ez-toc-section\" id=\"Plecak_Futura_%E2%80%93_konstrukcja\"><\/span>Plecak Futura &#8211; konstrukcja<span class=\"ez-toc-section-end\"><\/span><\/h2>\n\n\n\n<p>Je\u015bli spojrzymy na t\u0119 seri\u0119 dostrze\u017cemy klasyczny wygl\u0105d, jakim charakteryzuj\u0105 si\u0119 te plecaki. Do\u015b\u0107 smuk\u0142a budowa, dwie otwarte kieszenie boczne, w kt\u00f3rych mo\u017cna wygodnie umie\u015bci\u0107 np. map\u0119 czy butelk\u0119 z napojem, jedna kiesze\u0144 z przodu plecaka, kolejna umieszczona w klapie. Oszcz\u0119dnie, ale praktycznie umieszczone elastyczne troki do przytwierdzenia kijk\u00f3w, a w wi\u0119kszych modelach p\u0119tla na czekan.<\/p>\n\n\n<div class=\"wp-block-image\">\n<figure class=\"aligncenter size-full\"><img loading=\"lazy\" decoding=\"async\" width=\"1024\" height=\"683\" src=\"https:\/\/www.skalnik.pl\/blog\/wp-content\/uploads\/2023\/12\/plecak_Richard-Buchner.jpg\" alt=\"m\u0119\u017cczyzna z \u017c\u00f3\u0142tym plecakiem Deuter Futura na plecach\" class=\"wp-image-24989\" srcset=\"https:\/\/www.skalnik.pl\/blog\/wp-content\/uploads\/2023\/12\/plecak_Richard-Buchner.jpg 1024w, https:\/\/www.skalnik.pl\/blog\/wp-content\/uploads\/2023\/12\/plecak_Richard-Buchner-300x200.jpg 300w, https:\/\/www.skalnik.pl\/blog\/wp-content\/uploads\/2023\/12\/plecak_Richard-Buchner-768x512.jpg 768w\" sizes=\"auto, (max-width: 1024px) 100vw, 1024px\" \/><figcaption class=\"wp-element-caption\"><em>Plecak Deuter Futura ma klasyczn\u0105 sylwetk\u0119 i kilka praktycznych drobiazg\u00f3w: kieszenie, troki i mocowania (fot. Richard-Buchner, Deuter)<\/em><\/figcaption><\/figure>\n<\/div>\n\n\n<p>Jednak zdecydowanie najwa\u017cniejsz\u0105 technologi\u0105, kt\u00f3r\u0105 maj\u0105 Deuter plecaki Futura jest Aircomfort. Czyli system no\u015bny plecaka z elastyczn\u0105 siateczk\u0105, kt\u00f3ra dystansuje plecy od tylnej cz\u0119\u015bci plecaka. Dzi\u0119ki temu plecy s\u0105 dobrze wentylowane, co ma niebagatelne znaczenie nie tylko latem i u\u0142atwia odparowanie ciep\u0142a. Je\u015bli kiedykolwiek po \u015bci\u0105gni\u0119ciu plecaka mieli\u015bcie mokre (od potu) plecy, dobrze wiecie, o czym pisz\u0119. Dzi\u0119ki Aircomfort ten problem praktycznie przestaje istnie\u0107. Ca\u0142y system wraz z mi\u0119kkimi szelkami wp\u0142ywa na komfort noszenia plecaka przez d\u0142ugie godziny. Wszystkie rozmiary plecaka Futura wyposa\u017cono w Aircomfort \u2013 od najmniejszych po najwi\u0119ksze.<\/p>\n\n\n\n<p>W modelach AirTrek system no\u015bny jest dodatkowo regulowany do wzrostu u\u017cytkownika lub u\u017cytkowniczki, a specjalna konstrukcja pasa biodrowego jest nie tylko wygodna, ale p\u0142ynnie dopasowuje si\u0119 do ruchu.<\/p>\n\n\n\n<p>Rozwi\u0105zaniem, na kt\u00f3re zdecydowanie warto zwr\u00f3ci\u0107 uwag\u0119, jest zamek przedni, kt\u00f3ry otwiera dost\u0119p do g\u0142\u00f3wnej komory od przodu. W taki dost\u0119p wyposa\u017cy\u0142 Deuter plecaki turystyczne Futura Air Trek, ale tak\u017ce podstawowy model Futura w rozmiarach 24SL i 26.<\/p>\n\n\n<div class=\"wp-block-image\">\n<figure class=\"aligncenter size-full\"><img loading=\"lazy\" decoding=\"async\" width=\"1024\" height=\"683\" src=\"https:\/\/www.skalnik.pl\/blog\/wp-content\/uploads\/2023\/12\/rozpinanie_Stefan_Neuhauser.jpg\" alt=\"kobieta i m\u0119\u017cczyzna siedz\u0105 na skalnej grani i wyci\u0105gaj\u0105 rzeczy z plecak\u00f3w Deuter\" class=\"wp-image-24991\" srcset=\"https:\/\/www.skalnik.pl\/blog\/wp-content\/uploads\/2023\/12\/rozpinanie_Stefan_Neuhauser.jpg 1024w, https:\/\/www.skalnik.pl\/blog\/wp-content\/uploads\/2023\/12\/rozpinanie_Stefan_Neuhauser-300x200.jpg 300w, https:\/\/www.skalnik.pl\/blog\/wp-content\/uploads\/2023\/12\/rozpinanie_Stefan_Neuhauser-768x512.jpg 768w\" sizes=\"auto, (max-width: 1024px) 100vw, 1024px\" \/><figcaption class=\"wp-element-caption\"><em>U\u0142atwiony dost\u0119p do wn\u0119trza plecaka dzi\u0119ki suwakowi w kszta\u0142cie litery U na froncie plecaka (fot. Stefan Neuhauser, Deuter)<\/em><\/figcaption><\/figure>\n<\/div>\n\n\n<h2 class=\"wp-block-heading\"><span class=\"ez-toc-section\" id=\"Dla_kogo_plecaki_Deuter_Futura\"><\/span>Dla kogo plecaki Deuter Futura<span class=\"ez-toc-section-end\"><\/span><\/h2>\n\n\n\n<p>Chcia\u0142oby si\u0119 rzec, \u017ce plecak Futura jest odpowiedni dla ka\u017cdej osoby ruszaj\u0105cej w g\u00f3ry (cho\u0107 nie tylko). Dzi\u0119ki rozpi\u0119to\u015bci rozmiar\u00f3w oraz r\u00f3\u017cnorodno\u015bci modeli tak jest w rzeczywisto\u015bci. Seri\u0119 Futura \u201eotwieraj\u0105\u201d plecaki idealne na ca\u0142odniowy wypad nie tylko w g\u00f3ry, ale i wycieczk\u0119 miejsk\u0105. Najmniejsze maj\u0105 obj\u0119to\u015b\u0107 21\/23 litr\u00f3w (mniejsze to wersja SL \u2013 zaprojektowana dla kobiet) i jednokomorow\u0105 budow\u0119, zapinan\u0105 na zamek. Jednak ju\u017c nieco wi\u0119ksze modele przeznaczone na ambitniejsze w\u0119dr\u00f3wki jednodniowe, na ferraty czy weekendowy wypad, czyli takie, kt\u00f3re mo\u017cna przypasowa\u0107 do kategorii Deuter plecak 30 l maj\u0105 budow\u0119 z klap\u0105 oraz praktycznymi dodatkami. Seri\u0119 zamyka najwi\u0119kszy plecak Futura Air Trek ma pojemno\u015b\u0107 60 l (plus 10-litrowy komin).<\/p>\n\n\n<div class=\"wp-block-image\">\n<figure class=\"aligncenter size-full\"><img loading=\"lazy\" decoding=\"async\" width=\"1024\" height=\"683\" src=\"https:\/\/www.skalnik.pl\/blog\/wp-content\/uploads\/2023\/12\/SL_Stefan_Neuhauser.jpg\" alt=\"kobieta w kasku w r\u0119kawiczkach do po\u0142owy palc\u00f3w, w r\u0119ce ma okulary s\u0142oneczne, kt\u00f3re wk\u0142ada w p\u0119tl\u0119 przy szelce plecaka\" class=\"wp-image-24994\" srcset=\"https:\/\/www.skalnik.pl\/blog\/wp-content\/uploads\/2023\/12\/SL_Stefan_Neuhauser.jpg 1024w, https:\/\/www.skalnik.pl\/blog\/wp-content\/uploads\/2023\/12\/SL_Stefan_Neuhauser-300x200.jpg 300w, https:\/\/www.skalnik.pl\/blog\/wp-content\/uploads\/2023\/12\/SL_Stefan_Neuhauser-768x512.jpg 768w\" sizes=\"auto, (max-width: 1024px) 100vw, 1024px\" \/><figcaption class=\"wp-element-caption\"><em>Futura SL to modele zaprojektowane specjalnie dla kobiet &#8211; bli\u017cej po\u0142o\u017cone, specjalnie wyprofilowane szelki oraz pas biodrowy dopasowany do damskiej anatomii<\/em> <em>(fot. Stefan Neuhauser, Deuter)<\/em> <\/figcaption><\/figure>\n<\/div>\n\n\n<p>Uniwersalno\u015b\u0107 serii Futura to tak\u017ce Je\u015bli bierzemy pod uwag\u0119 dopasowanie to warto wspomnie\u0107 o dw\u00f3ch podtypach plecak\u00f3w: zaprojektowane dla kobiet (dopisek SL w nazwie modelu) oraz dla os\u00f3b wysokich (dopisek EL w nazwie). Standardem s\u0105 ju\u017c linie produkt\u00f3w dla kobiet \u2013 co w przypadku plecak\u00f3w nie jest \u017cadnym chwytem marketingowym. Wygodnie uk\u0142adaj\u0105ce si\u0119 szelki oraz pas biodrowy naprawd\u0119 znakomicie u\u0142atwiaj\u0105 komfort w\u0119dr\u00f3wki, co przek\u0142ada si\u0119 nie tylko na tempo, ale na brak dolegliwo\u015bci b\u00f3lowych.<\/p>\n\n\n\n<p class=\"has-white-color has-vivid-cyan-blue-background-color has-text-color has-background\">Zobacz wszystkie produkty marki &#8211;&gt; <strong><a href=\"https:\/\/www.skalnik.pl\/deuter\" target=\"_blank\" rel=\"noopener\" title=\"\">Deuter<\/a><\/strong>.<\/p>\n\n\n\n<h2 class=\"wp-block-heading\"><span class=\"ez-toc-section\" id=\"Plecaki_Deuter_%E2%80%93_produkty_z_troska_o_srodowisko\"><\/span>Plecaki Deuter \u2013 produkty z trosk\u0105 o \u015brodowisko<span class=\"ez-toc-section-end\"><\/span><\/h2>\n\n\n\n<p>Marka Deuter dobrze wie, \u017ce jej produkty wywieraj\u0105 wp\u0142yw na \u015brodowisko naturalne. Jednocze\u015bnie dok\u0142ada stara\u0144, by by\u0142 on jak najmniejszy. Produkty Deuter s\u0105 trwa\u0142e i dobrej jako\u015bci, \u017ceby s\u0142u\u017cy\u0142y d\u0142ugie sezony. Dlatego warto na bie\u017c\u0105co czy\u015bci\u0107 plecak wilgotn\u0105 g\u0105bk\u0105, a w przypadku silnych zabrudze\u0144 nie czeka\u0107 a\u017c \u201esamo si\u0119 wykruszy\u201d, tylko zakasa\u0107 r\u0119kawy i wypra\u0107 plecak przy okazji sprawdzaj\u0105c czy nie ma w nim mechanicznych uszkodze\u0144. Sam producent zach\u0119ca do troski o sprz\u0119t, by s\u0142u\u017cy\u0142 przez wiele sezon\u00f3w.<\/p>\n\n\n\n<p>Z eko-rozwi\u0105za\u0144 warto doda\u0107, \u017ce ju\u017c 50% w\u0142\u00f3kien wykorzystywanych do produkcji materia\u0142\u00f3w, z kt\u00f3rych szyte s\u0105 plecaki Futura, pochodzi z recyklingu, a stosowane impregnaty s\u0105 bezpieczne dla natury (PFAS free).<\/p>\n\n\n<div class=\"wp-block-image\">\n<figure class=\"aligncenter size-full\"><img loading=\"lazy\" decoding=\"async\" width=\"1024\" height=\"683\" src=\"https:\/\/www.skalnik.pl\/blog\/wp-content\/uploads\/2023\/12\/wdeszczu_Stefan_Neuhauser.jpg\" alt=\"dwie osoby w kurtkach przeciwdeszczowych kucaj\u0105 i nak\u0142adaj\u0105 pokrowce na plecaki Deuter Futura\" class=\"wp-image-24996\" srcset=\"https:\/\/www.skalnik.pl\/blog\/wp-content\/uploads\/2023\/12\/wdeszczu_Stefan_Neuhauser.jpg 1024w, https:\/\/www.skalnik.pl\/blog\/wp-content\/uploads\/2023\/12\/wdeszczu_Stefan_Neuhauser-300x200.jpg 300w, https:\/\/www.skalnik.pl\/blog\/wp-content\/uploads\/2023\/12\/wdeszczu_Stefan_Neuhauser-768x512.jpg 768w\" sizes=\"auto, (max-width: 1024px) 100vw, 1024px\" \/><figcaption class=\"wp-element-caption\"><em>Deszcz sp\u0142ukuje cz\u0105stki impregnatu, kt\u00f3re trafiaj\u0105 do gleby i wody &#8211; dlatego tak wa\u017cne jest, by by\u0142y to \u015brodki bezpieczne dla \u015brodowiska (fot. Stefan Neuhauser, Deuter)<\/em><\/figcaption><\/figure>\n<\/div>\n\n\n<hr class=\"wp-block-separator has-alpha-channel-opacity is-style-dots\"\/>\n\n\n\n<p>Niezale\u017cnie od twoich cel\u00f3w turystycznych w ofercie Deuter z pewno\u015bci\u0105 znajdziesz plecak turystyczny, kt\u00f3ry zabierzesz na ka\u017cdy szlak. Je\u015bli chcesz pozna\u0107 wi\u0119cej modeli, kliknij w link i zobacz &#8211;&gt; <strong><a href=\"https:\/\/www.skalnik.pl\/sprzet-turystyczny\/plecaki\/plecaki-turystyczne\/marka:deuter\" target=\"_blank\" rel=\"noopener\" title=\"\">wszystkie plecaki Deuter<\/a><\/strong>.<\/p>\n","protected":false},"excerpt":{"rendered":"<p>Poznaj jedne z najcz\u0119\u015bciej wybieranych plecak\u00f3w turystycznych &#8211; Deuter Futura. <\/p>\n","protected":false},"author":9,"featured_media":24993,"comment_status":"closed","ping_status":"closed","sticky":false,"template":"","format":"standard","meta":{"_acf_changed":false,"footnotes":""},"categories":[5],"tags":[250,23,210],"magento_category":[1559],"magento_product":[2900,2904,2915,2912,2271,2272,2277,2279,2928,2941,2916,2917,2918,2976,2940,2920,2924,2207,2210,2209,2215,2206,2260,2262,2306,2368,2212,2310,2308,2307,2372,2446,2439,2574,2452,2453,2443,3014,3015,2572,2213,2577,2442,2447,2558,2609,2608,2540,2297,2300,2298,2304,2303,2301,3016,3017,2305,2311,2315,2323,2322,2346,2350,2351,2348,2349,2352,2353,2355,2354,2356,2362,2361,2364,2357,2358,3018,2360,2363,2359,2376,2378,2377,2375,2382,2379,2380,2383,2384,2385,2483,2536,2528,2557,2542,2531,2580,2552,2576,2551,2544,2598,2564,2585,2591,2584,2593,2592,2603,2605,2622,2616,2613,2617,2619,2627,2624,2633,2647,2636,2731,2735,2762,2716,2742,2718,2744,2808,2800,2767,2755,2740,2736,2807,2773,2774,2748,2732,2743,2741,2769,2749,2761,2770,2760,2776,2786,2780,2789,2806,2750,2782,2792,2810,2775,2809,2787,2835,2817,2766,2793,2821,2802,2847,2798,2885,2870,2830,2825,2843,2861,2878,2852],"class_list":["post-24987","post","type-post","status-publish","format-standard","has-post-thumbnail","hentry","category-branza","tag-deuter","tag-plecaki","tag-turystyka"],"acf":[],"aioseo_notices":[],"aioseo_head":"\n\t\t<!-- All in One SEO 4.9.10 - aioseo.com -->\n\t<meta name=\"description\" content=\"Plecaki Deuter Futura to modele idealne na trekking. Poznaj jeden z topowych modeli marki Deuter, a potem ciesz si\u0119 wygod\u0105 na trekkingu i wycieczce.\" \/>\n\t<meta name=\"robots\" content=\"max-image-preview:large\" \/>\n\t<meta name=\"author\" content=\"Beata Nawrotkiewicz\"\/>\n\t<link rel=\"canonical\" href=\"https:\/\/www.skalnik.pl\/blog\/plecaki-deuter-seria-futura\/\" \/>\n\t<meta name=\"generator\" content=\"All in One SEO (AIOSEO) 4.9.10\" \/>\n\t\t<meta property=\"og:locale\" content=\"pl_PL\" \/>\n\t\t<meta property=\"og:site_name\" content=\"blog Skalnik - Blog, porady, artyku\u0142y - blog Skalnik\" \/>\n\t\t<meta property=\"og:type\" content=\"article\" \/>\n\t\t<meta property=\"og:title\" content=\"Plecaki Deuter \u2013 seria Futura - blog Skalnik\" \/>\n\t\t<meta property=\"og:description\" content=\"Plecaki Deuter Futura to modele idealne na trekking. Poznaj jeden z topowych modeli marki Deuter, a potem ciesz si\u0119 wygod\u0105 na trekkingu i wycieczce.\" \/>\n\t\t<meta property=\"og:url\" content=\"https:\/\/www.skalnik.pl\/blog\/plecaki-deuter-seria-futura\/\" \/>\n\t\t<meta property=\"og:image\" content=\"https:\/\/www.skalnik.pl\/blog\/wp-content\/uploads\/2023\/12\/ferraty_Stefan_Neuhauser.jpg\" \/>\n\t\t<meta property=\"og:image:secure_url\" content=\"https:\/\/www.skalnik.pl\/blog\/wp-content\/uploads\/2023\/12\/ferraty_Stefan_Neuhauser.jpg\" \/>\n\t\t<meta property=\"og:image:width\" content=\"1024\" \/>\n\t\t<meta property=\"og:image:height\" content=\"683\" \/>\n\t\t<meta property=\"article:tag\" content=\"bran\u017ca\" \/>\n\t\t<meta property=\"article:tag\" content=\"deuter\" \/>\n\t\t<meta property=\"article:tag\" content=\"plecaki\" \/>\n\t\t<meta property=\"article:tag\" content=\"turystyka\" \/>\n\t\t<meta property=\"article:published_time\" content=\"2023-11-30T08:46:03+00:00\" \/>\n\t\t<meta property=\"article:modified_time\" content=\"2023-12-01T11:24:32+00:00\" \/>\n\t\t<meta name=\"twitter:card\" content=\"summary_large_image\" \/>\n\t\t<meta name=\"twitter:title\" content=\"Plecaki Deuter \u2013 seria Futura - blog Skalnik\" \/>\n\t\t<meta name=\"twitter:description\" content=\"Plecaki Deuter Futura to modele idealne na trekking. Poznaj jeden z topowych modeli marki Deuter, a potem ciesz si\u0119 wygod\u0105 na trekkingu i wycieczce.\" \/>\n\t\t<meta name=\"twitter:image\" content=\"https:\/\/www.skalnik.pl\/blog\/wp-content\/uploads\/2023\/12\/ferraty_Stefan_Neuhauser.jpg\" \/>\n\t\t<script type=\"application\/ld+json\" class=\"aioseo-schema\">\n\t\t\t{\"@context\":\"https:\\\/\\\/schema.org\",\"@graph\":[{\"@type\":\"BlogPosting\",\"@id\":\"https:\\\/\\\/www.skalnik.pl\\\/blog\\\/plecaki-deuter-seria-futura\\\/#blogposting\",\"name\":\"Plecaki Deuter \\u2013 seria Futura - blog Skalnik\",\"headline\":\"Plecaki Deuter &#8211; seria Futura\",\"author\":{\"@id\":\"https:\\\/\\\/www.skalnik.pl\\\/blog\\\/author\\\/beata-nawrotkiewicz\\\/#author\"},\"publisher\":{\"@id\":\"https:\\\/\\\/www.skalnik.pl\\\/blog\\\/#organization\"},\"image\":{\"@type\":\"ImageObject\",\"url\":\"https:\\\/\\\/www.skalnik.pl\\\/blog\\\/wp-content\\\/uploads\\\/2023\\\/12\\\/okladkoweStefan_Neuhauser.jpg\",\"width\":1920,\"height\":705,\"caption\":\"kobieta i m\\u0119\\u017cczyzna z plecakami Deuter id\\u0105 skaln\\u0105 grani\\u0105\"},\"datePublished\":\"2023-11-30T10:46:03+02:00\",\"dateModified\":\"2023-12-01T13:24:32+02:00\",\"inLanguage\":\"pl-PL\",\"mainEntityOfPage\":{\"@id\":\"https:\\\/\\\/www.skalnik.pl\\\/blog\\\/plecaki-deuter-seria-futura\\\/#webpage\"},\"isPartOf\":{\"@id\":\"https:\\\/\\\/www.skalnik.pl\\\/blog\\\/plecaki-deuter-seria-futura\\\/#webpage\"},\"articleSection\":\"Bran\\u017ca, deuter, plecaki, turystyka, 1437, 1012711, 1012723, 1012724, 1012726, 1012727, 1012728, 1012731, 1012732, 1012736, 1012737, 1012738, 1012739, 1012742, 1012743, 1012745, 1012748, 1012753, 624816, 624817, 624818, 624823, 624824, 624825, 624828, 624829, 624830, 624834, 624835, 624836, 626952, 626953, 650141, 650142, 650143, 650144, 650145, 650146, 650149, 650150, 650154, 650155, 651348, 651349, 651350, 651351, 651353, 651355, 651357, 662363, 662364, 662365, 662426, 663064, 663065, 663066, 663067, 663112, 663113, 663114, 663489, 663490, 664499, 664500, 664501, 664502, 664503, 664505, 664506, 664507, 664508, 664509, 664510, 664511, 664512, 664513, 664514, 664515, 664516, 664517, 664518, 665426, 665427, 665480, 665481, 665482, 665502, 665535, 665536, 665537, 665763, 680696, 686681, 686682, 686684, 689178, 689179, 689180, 689181, 689182, 689183, 689189, 689200, 689201, 689202, 689203, 689204, 689205, 689206, 689207, 689208, 689259, 690809, 690810, 690811, 690812, 690814, 690815, 690816, 694328, 694329, 702208, 702209, 702210, 702211, 702213, 702214, 702215, 702216, 702217, 702218, 702219, 702220, 702221, 702222, 702223, 702224, 702225, 702226, 702227, 702228, 702229, 702700, 702701, 702702, 702703, 702704, 702709, 702710, 702711, 702712, 702715, 702716, 702722, 702723, 702724, 702725, 702726, 702727, 702728, 702733, 702735, 702820, 702823, 706541, 988724, 990910, 990919, 990920, 990921, 992759, 995276, 995277, 995278\"},{\"@type\":\"BreadcrumbList\",\"@id\":\"https:\\\/\\\/www.skalnik.pl\\\/blog\\\/plecaki-deuter-seria-futura\\\/#breadcrumblist\",\"itemListElement\":[{\"@type\":\"ListItem\",\"@id\":\"https:\\\/\\\/www.skalnik.pl\\\/blog#listItem\",\"position\":1,\"name\":\"Home\",\"item\":\"https:\\\/\\\/www.skalnik.pl\\\/blog\",\"nextItem\":{\"@type\":\"ListItem\",\"@id\":\"https:\\\/\\\/www.skalnik.pl\\\/blog\\\/.\\\/branza\\\/#listItem\",\"name\":\"Bran\\u017ca\"}},{\"@type\":\"ListItem\",\"@id\":\"https:\\\/\\\/www.skalnik.pl\\\/blog\\\/.\\\/branza\\\/#listItem\",\"position\":2,\"name\":\"Bran\\u017ca\",\"item\":\"https:\\\/\\\/www.skalnik.pl\\\/blog\\\/.\\\/branza\\\/\",\"nextItem\":{\"@type\":\"ListItem\",\"@id\":\"https:\\\/\\\/www.skalnik.pl\\\/blog\\\/plecaki-deuter-seria-futura\\\/#listItem\",\"name\":\"Plecaki Deuter &#8211; seria Futura\"},\"previousItem\":{\"@type\":\"ListItem\",\"@id\":\"https:\\\/\\\/www.skalnik.pl\\\/blog#listItem\",\"name\":\"Home\"}},{\"@type\":\"ListItem\",\"@id\":\"https:\\\/\\\/www.skalnik.pl\\\/blog\\\/plecaki-deuter-seria-futura\\\/#listItem\",\"position\":3,\"name\":\"Plecaki Deuter &#8211; seria Futura\",\"previousItem\":{\"@type\":\"ListItem\",\"@id\":\"https:\\\/\\\/www.skalnik.pl\\\/blog\\\/.\\\/branza\\\/#listItem\",\"name\":\"Bran\\u017ca\"}}]},{\"@type\":\"Organization\",\"@id\":\"https:\\\/\\\/www.skalnik.pl\\\/blog\\\/#organization\",\"name\":\"blog Skalnik\",\"description\":\"Blog, porady, artyku\\u0142y - blog Skalnik\",\"url\":\"https:\\\/\\\/www.skalnik.pl\\\/blog\\\/\"},{\"@type\":\"Person\",\"@id\":\"https:\\\/\\\/www.skalnik.pl\\\/blog\\\/author\\\/beata-nawrotkiewicz\\\/#author\",\"url\":\"https:\\\/\\\/www.skalnik.pl\\\/blog\\\/author\\\/beata-nawrotkiewicz\\\/\",\"name\":\"Beata Nawrotkiewicz\",\"image\":{\"@type\":\"ImageObject\",\"@id\":\"https:\\\/\\\/www.skalnik.pl\\\/blog\\\/plecaki-deuter-seria-futura\\\/#authorImage\",\"url\":\"https:\\\/\\\/secure.gravatar.com\\\/avatar\\\/53cf81cfcc3a81694535515925ffcf159be725e8bd1fb455eeb9e2cadcaa5684?s=96&d=mm&r=g\",\"width\":96,\"height\":96,\"caption\":\"Beata Nawrotkiewicz\"}},{\"@type\":\"WebPage\",\"@id\":\"https:\\\/\\\/www.skalnik.pl\\\/blog\\\/plecaki-deuter-seria-futura\\\/#webpage\",\"url\":\"https:\\\/\\\/www.skalnik.pl\\\/blog\\\/plecaki-deuter-seria-futura\\\/\",\"name\":\"Plecaki Deuter \\u2013 seria Futura - blog Skalnik\",\"description\":\"Plecaki Deuter Futura to modele idealne na trekking. Poznaj jeden z topowych modeli marki Deuter, a potem ciesz si\\u0119 wygod\\u0105 na trekkingu i wycieczce.\",\"inLanguage\":\"pl-PL\",\"isPartOf\":{\"@id\":\"https:\\\/\\\/www.skalnik.pl\\\/blog\\\/#website\"},\"breadcrumb\":{\"@id\":\"https:\\\/\\\/www.skalnik.pl\\\/blog\\\/plecaki-deuter-seria-futura\\\/#breadcrumblist\"},\"author\":{\"@id\":\"https:\\\/\\\/www.skalnik.pl\\\/blog\\\/author\\\/beata-nawrotkiewicz\\\/#author\"},\"creator\":{\"@id\":\"https:\\\/\\\/www.skalnik.pl\\\/blog\\\/author\\\/beata-nawrotkiewicz\\\/#author\"},\"image\":{\"@type\":\"ImageObject\",\"url\":\"https:\\\/\\\/www.skalnik.pl\\\/blog\\\/wp-content\\\/uploads\\\/2023\\\/12\\\/okladkoweStefan_Neuhauser.jpg\",\"@id\":\"https:\\\/\\\/www.skalnik.pl\\\/blog\\\/plecaki-deuter-seria-futura\\\/#mainImage\",\"width\":1920,\"height\":705,\"caption\":\"kobieta i m\\u0119\\u017cczyzna z plecakami Deuter id\\u0105 skaln\\u0105 grani\\u0105\"},\"primaryImageOfPage\":{\"@id\":\"https:\\\/\\\/www.skalnik.pl\\\/blog\\\/plecaki-deuter-seria-futura\\\/#mainImage\"},\"datePublished\":\"2023-11-30T10:46:03+02:00\",\"dateModified\":\"2023-12-01T13:24:32+02:00\"},{\"@type\":\"WebSite\",\"@id\":\"https:\\\/\\\/www.skalnik.pl\\\/blog\\\/#website\",\"url\":\"https:\\\/\\\/www.skalnik.pl\\\/blog\\\/\",\"name\":\"blog Skalnik\",\"description\":\"Blog, porady, artyku\\u0142y - blog Skalnik\",\"inLanguage\":\"pl-PL\",\"publisher\":{\"@id\":\"https:\\\/\\\/www.skalnik.pl\\\/blog\\\/#organization\"}}]}\n\t\t<\/script>\n\t\t<!-- All in One SEO -->\n\n","aioseo_head_json":{"title":"Plecaki Deuter \u2013 seria Futura - blog Skalnik","description":"Plecaki Deuter Futura to modele idealne na trekking. Poznaj jeden z topowych modeli marki Deuter, a potem ciesz si\u0119 wygod\u0105 na trekkingu i wycieczce.","canonical_url":"https:\/\/www.skalnik.pl\/blog\/plecaki-deuter-seria-futura\/","robots":"max-image-preview:large","keywords":"","webmasterTools":{"miscellaneous":""},"schema":{"@context":"https:\/\/schema.org","@graph":[{"@type":"BlogPosting","@id":"https:\/\/www.skalnik.pl\/blog\/plecaki-deuter-seria-futura\/#blogposting","name":"Plecaki Deuter \u2013 seria Futura - blog Skalnik","headline":"Plecaki Deuter &#8211; seria Futura","author":{"@id":"https:\/\/www.skalnik.pl\/blog\/author\/beata-nawrotkiewicz\/#author"},"publisher":{"@id":"https:\/\/www.skalnik.pl\/blog\/#organization"},"image":{"@type":"ImageObject","url":"https:\/\/www.skalnik.pl\/blog\/wp-content\/uploads\/2023\/12\/okladkoweStefan_Neuhauser.jpg","width":1920,"height":705,"caption":"kobieta i m\u0119\u017cczyzna z plecakami Deuter id\u0105 skaln\u0105 grani\u0105"},"datePublished":"2023-11-30T10:46:03+02:00","dateModified":"2023-12-01T13:24:32+02:00","inLanguage":"pl-PL","mainEntityOfPage":{"@id":"https:\/\/www.skalnik.pl\/blog\/plecaki-deuter-seria-futura\/#webpage"},"isPartOf":{"@id":"https:\/\/www.skalnik.pl\/blog\/plecaki-deuter-seria-futura\/#webpage"},"articleSection":"Bran\u017ca, deuter, plecaki, turystyka, 1437, 1012711, 1012723, 1012724, 1012726, 1012727, 1012728, 1012731, 1012732, 1012736, 1012737, 1012738, 1012739, 1012742, 1012743, 1012745, 1012748, 1012753, 624816, 624817, 624818, 624823, 624824, 624825, 624828, 624829, 624830, 624834, 624835, 624836, 626952, 626953, 650141, 650142, 650143, 650144, 650145, 650146, 650149, 650150, 650154, 650155, 651348, 651349, 651350, 651351, 651353, 651355, 651357, 662363, 662364, 662365, 662426, 663064, 663065, 663066, 663067, 663112, 663113, 663114, 663489, 663490, 664499, 664500, 664501, 664502, 664503, 664505, 664506, 664507, 664508, 664509, 664510, 664511, 664512, 664513, 664514, 664515, 664516, 664517, 664518, 665426, 665427, 665480, 665481, 665482, 665502, 665535, 665536, 665537, 665763, 680696, 686681, 686682, 686684, 689178, 689179, 689180, 689181, 689182, 689183, 689189, 689200, 689201, 689202, 689203, 689204, 689205, 689206, 689207, 689208, 689259, 690809, 690810, 690811, 690812, 690814, 690815, 690816, 694328, 694329, 702208, 702209, 702210, 702211, 702213, 702214, 702215, 702216, 702217, 702218, 702219, 702220, 702221, 702222, 702223, 702224, 702225, 702226, 702227, 702228, 702229, 702700, 702701, 702702, 702703, 702704, 702709, 702710, 702711, 702712, 702715, 702716, 702722, 702723, 702724, 702725, 702726, 702727, 702728, 702733, 702735, 702820, 702823, 706541, 988724, 990910, 990919, 990920, 990921, 992759, 995276, 995277, 995278"},{"@type":"BreadcrumbList","@id":"https:\/\/www.skalnik.pl\/blog\/plecaki-deuter-seria-futura\/#breadcrumblist","itemListElement":[{"@type":"ListItem","@id":"https:\/\/www.skalnik.pl\/blog#listItem","position":1,"name":"Home","item":"https:\/\/www.skalnik.pl\/blog","nextItem":{"@type":"ListItem","@id":"https:\/\/www.skalnik.pl\/blog\/.\/branza\/#listItem","name":"Bran\u017ca"}},{"@type":"ListItem","@id":"https:\/\/www.skalnik.pl\/blog\/.\/branza\/#listItem","position":2,"name":"Bran\u017ca","item":"https:\/\/www.skalnik.pl\/blog\/.\/branza\/","nextItem":{"@type":"ListItem","@id":"https:\/\/www.skalnik.pl\/blog\/plecaki-deuter-seria-futura\/#listItem","name":"Plecaki Deuter &#8211; seria Futura"},"previousItem":{"@type":"ListItem","@id":"https:\/\/www.skalnik.pl\/blog#listItem","name":"Home"}},{"@type":"ListItem","@id":"https:\/\/www.skalnik.pl\/blog\/plecaki-deuter-seria-futura\/#listItem","position":3,"name":"Plecaki Deuter &#8211; seria Futura","previousItem":{"@type":"ListItem","@id":"https:\/\/www.skalnik.pl\/blog\/.\/branza\/#listItem","name":"Bran\u017ca"}}]},{"@type":"Organization","@id":"https:\/\/www.skalnik.pl\/blog\/#organization","name":"blog Skalnik","description":"Blog, porady, artyku\u0142y - blog Skalnik","url":"https:\/\/www.skalnik.pl\/blog\/"},{"@type":"Person","@id":"https:\/\/www.skalnik.pl\/blog\/author\/beata-nawrotkiewicz\/#author","url":"https:\/\/www.skalnik.pl\/blog\/author\/beata-nawrotkiewicz\/","name":"Beata Nawrotkiewicz","image":{"@type":"ImageObject","@id":"https:\/\/www.skalnik.pl\/blog\/plecaki-deuter-seria-futura\/#authorImage","url":"https:\/\/secure.gravatar.com\/avatar\/53cf81cfcc3a81694535515925ffcf159be725e8bd1fb455eeb9e2cadcaa5684?s=96&d=mm&r=g","width":96,"height":96,"caption":"Beata Nawrotkiewicz"}},{"@type":"WebPage","@id":"https:\/\/www.skalnik.pl\/blog\/plecaki-deuter-seria-futura\/#webpage","url":"https:\/\/www.skalnik.pl\/blog\/plecaki-deuter-seria-futura\/","name":"Plecaki Deuter \u2013 seria Futura - blog Skalnik","description":"Plecaki Deuter Futura to modele idealne na trekking. Poznaj jeden z topowych modeli marki Deuter, a potem ciesz si\u0119 wygod\u0105 na trekkingu i wycieczce.","inLanguage":"pl-PL","isPartOf":{"@id":"https:\/\/www.skalnik.pl\/blog\/#website"},"breadcrumb":{"@id":"https:\/\/www.skalnik.pl\/blog\/plecaki-deuter-seria-futura\/#breadcrumblist"},"author":{"@id":"https:\/\/www.skalnik.pl\/blog\/author\/beata-nawrotkiewicz\/#author"},"creator":{"@id":"https:\/\/www.skalnik.pl\/blog\/author\/beata-nawrotkiewicz\/#author"},"image":{"@type":"ImageObject","url":"https:\/\/www.skalnik.pl\/blog\/wp-content\/uploads\/2023\/12\/okladkoweStefan_Neuhauser.jpg","@id":"https:\/\/www.skalnik.pl\/blog\/plecaki-deuter-seria-futura\/#mainImage","width":1920,"height":705,"caption":"kobieta i m\u0119\u017cczyzna z plecakami Deuter id\u0105 skaln\u0105 grani\u0105"},"primaryImageOfPage":{"@id":"https:\/\/www.skalnik.pl\/blog\/plecaki-deuter-seria-futura\/#mainImage"},"datePublished":"2023-11-30T10:46:03+02:00","dateModified":"2023-12-01T13:24:32+02:00"},{"@type":"WebSite","@id":"https:\/\/www.skalnik.pl\/blog\/#website","url":"https:\/\/www.skalnik.pl\/blog\/","name":"blog Skalnik","description":"Blog, porady, artyku\u0142y - blog Skalnik","inLanguage":"pl-PL","publisher":{"@id":"https:\/\/www.skalnik.pl\/blog\/#organization"}}]},"og:locale":"pl_PL","og:site_name":"blog Skalnik - Blog, porady, artyku\u0142y - blog Skalnik","og:type":"article","og:title":"Plecaki Deuter \u2013 seria Futura - blog Skalnik","og:description":"Plecaki Deuter Futura to modele idealne na trekking. Poznaj jeden z topowych modeli marki Deuter, a potem ciesz si\u0119 wygod\u0105 na trekkingu i wycieczce.","og:url":"https:\/\/www.skalnik.pl\/blog\/plecaki-deuter-seria-futura\/","og:image":"https:\/\/www.skalnik.pl\/blog\/wp-content\/uploads\/2023\/12\/ferraty_Stefan_Neuhauser.jpg","og:image:secure_url":"https:\/\/www.skalnik.pl\/blog\/wp-content\/uploads\/2023\/12\/ferraty_Stefan_Neuhauser.jpg","og:image:width":1024,"og:image:height":683,"article:tag":["bran\u017ca","deuter","plecaki","turystyka"],"article:published_time":"2023-11-30T08:46:03+00:00","article:modified_time":"2023-12-01T11:24:32+00:00","twitter:card":"summary_large_image","twitter:title":"Plecaki Deuter \u2013 seria Futura - blog Skalnik","twitter:description":"Plecaki Deuter Futura to modele idealne na trekking. Poznaj jeden z topowych modeli marki Deuter, a potem ciesz si\u0119 wygod\u0105 na trekkingu i wycieczce.","twitter:image":"https:\/\/www.skalnik.pl\/blog\/wp-content\/uploads\/2023\/12\/ferraty_Stefan_Neuhauser.jpg"},"aioseo_meta_data":{"post_id":"24987","title":null,"description":"Plecaki Deuter Futura to modele idealne na trekking. Poznaj jeden z topowych modeli marki Deuter, a potem ciesz si\u0119 wygod\u0105 na trekkingu i wycieczce.","keywords":[],"keyphrases":{"focus":{"keyphrase":"plecaki deuter","score":100,"analysis":{"keyphraseInTitle":{"score":9,"maxScore":9,"error":0},"keyphraseInDescription":{"score":9,"maxScore":9,"error":0},"keyphraseLength":{"score":9,"maxScore":9,"error":0,"length":2},"keyphraseInURL":{"score":5,"maxScore":5,"error":0},"keyphraseInIntroduction":{"score":9,"maxScore":9,"error":0},"keyphraseInSubHeadings":{"score":9,"maxScore":9,"error":0},"keyphraseInImageAlt":{"score":9,"maxScore":9,"error":0}}},"additional":[]},"primary_term":null,"canonical_url":null,"og_title":null,"og_description":null,"og_object_type":"default","og_image_type":"default","og_image_url":null,"og_image_width":null,"og_image_height":null,"og_image_custom_url":null,"og_image_custom_fields":null,"og_video":"","og_custom_url":null,"og_article_section":null,"og_article_tags":[],"twitter_use_og":false,"twitter_card":"default","twitter_image_type":"default","twitter_image_url":null,"twitter_image_custom_url":null,"twitter_image_custom_fields":null,"twitter_title":null,"twitter_description":null,"schema":{"blockGraphs":[],"customGraphs":[],"default":{"data":{"Article":[],"Course":[],"Dataset":[],"FAQPage":[],"Movie":[],"Person":[],"Product":[],"ProductReview":[],"Car":[],"Recipe":[],"Service":[],"SoftwareApplication":[],"WebPage":[]},"graphName":"","isEnabled":true},"graphs":[]},"schema_type":"default","schema_type_options":null,"pillar_content":false,"robots_default":true,"robots_noindex":false,"robots_noarchive":false,"robots_nosnippet":false,"robots_nofollow":false,"robots_noimageindex":false,"robots_noodp":false,"robots_notranslate":false,"robots_max_snippet":"-1","robots_max_videopreview":"-1","robots_max_imagepreview":"large","priority":null,"frequency":"default","local_seo":null,"breadcrumb_settings":null,"limit_modified_date":false,"ai":null,"created":"2023-11-30 22:45:01","updated":"2026-02-17 22:46:26","seo_analyzer_scan_date":null},"aioseo_breadcrumb":"<div class=\"aioseo-breadcrumbs\"><span class=\"aioseo-breadcrumb\">\n\t\t\t<a href=\"https:\/\/www.skalnik.pl\/blog\" title=\"Home\">Home<\/a>\n\t\t<\/span><span class=\"aioseo-breadcrumb-separator\">&raquo;<\/span><span class=\"aioseo-breadcrumb\">\n\t\t\t<a href=\"https:\/\/www.skalnik.pl\/blog\/.\/branza\/\" title=\"Bran\u017ca\">Bran\u017ca<\/a>\n\t\t<\/span><span class=\"aioseo-breadcrumb-separator\">&raquo;<\/span><span class=\"aioseo-breadcrumb\">\n\t\t\tPlecaki Deuter \u2013 seria Futura\n\t\t<\/span><\/div>","aioseo_breadcrumb_json":[{"label":"Home","link":"https:\/\/www.skalnik.pl\/blog"},{"label":"Bran\u017ca","link":"https:\/\/www.skalnik.pl\/blog\/.\/branza\/"},{"label":"Plecaki Deuter &#8211; seria Futura","link":"https:\/\/www.skalnik.pl\/blog\/plecaki-deuter-seria-futura\/"}],"_links":{"self":[{"href":"https:\/\/www.skalnik.pl\/blog\/wp-json\/wp\/v2\/posts\/24987","targetHints":{"allow":["GET"]}}],"collection":[{"href":"https:\/\/www.skalnik.pl\/blog\/wp-json\/wp\/v2\/posts"}],"about":[{"href":"https:\/\/www.skalnik.pl\/blog\/wp-json\/wp\/v2\/types\/post"}],"author":[{"embeddable":true,"href":"https:\/\/www.skalnik.pl\/blog\/wp-json\/wp\/v2\/users\/9"}],"replies":[{"embeddable":true,"href":"https:\/\/www.skalnik.pl\/blog\/wp-json\/wp\/v2\/comments?post=24987"}],"version-history":[{"count":7,"href":"https:\/\/www.skalnik.pl\/blog\/wp-json\/wp\/v2\/posts\/24987\/revisions"}],"predecessor-version":[{"id":25013,"href":"https:\/\/www.skalnik.pl\/blog\/wp-json\/wp\/v2\/posts\/24987\/revisions\/25013"}],"wp:featuredmedia":[{"embeddable":true,"href":"https:\/\/www.skalnik.pl\/blog\/wp-json\/wp\/v2\/media\/24993"}],"wp:attachment":[{"href":"https:\/\/www.skalnik.pl\/blog\/wp-json\/wp\/v2\/media?parent=24987"}],"wp:term":[{"taxonomy":"category","embeddable":true,"href":"https:\/\/www.skalnik.pl\/blog\/wp-json\/wp\/v2\/categories?post=24987"},{"taxonomy":"post_tag","embeddable":true,"href":"https:\/\/www.skalnik.pl\/blog\/wp-json\/wp\/v2\/tags?post=24987"},{"taxonomy":"magento_category","embeddable":true,"href":"https:\/\/www.skalnik.pl\/blog\/wp-json\/wp\/v2\/magento_category?post=24987"},{"taxonomy":"magento_product","embeddable":true,"href":"https:\/\/www.skalnik.pl\/blog\/wp-json\/wp\/v2\/magento_product?post=24987"}],"curies":[{"name":"wp","href":"https:\/\/api.w.org\/{rel}","templated":true}]}}