{"id":25129,"date":"2023-12-13T10:48:36","date_gmt":"2023-12-13T08:48:36","guid":{"rendered":"https:\/\/www.skalnik.pl\/blog\/?p=25129"},"modified":"2023-12-13T10:48:37","modified_gmt":"2023-12-13T08:48:37","slug":"materace-turystyczne-naturehike","status":"publish","type":"post","link":"https:\/\/www.skalnik.pl\/blog\/materace-turystyczne-naturehike\/","title":{"rendered":"Materace turystyczne Naturehike"},"content":{"rendered":"\n<p><strong>Porz\u0105dny odpoczynek to podstawa, niezale\u017cnie czy wybierasz si\u0119 na wspinaczk\u0119, trekking, w podr\u00f3\u017c, czy po prostu na biwak lub kemping. To w\u0142a\u015bnie wtedy potrzebujesz go naprawd\u0119, by mie\u0107 si\u0142\u0119 do pokonywania kolejnych wyzwa\u0144. W podr\u00f3\u017cy albo na trekkingu, wygoda musi si\u0119 te\u017c wi\u0105za\u0107 z funkcjonalno\u015bci\u0105, a to oznacza komfortowy sen i niewiele do noszenia. Marzenia? Niekoniecznie. Przejrzyj ofert\u0119 na materace turystyczne Naturehike i przekonaj si\u0119, \u017ce mo\u017cesz spa\u0107 wygodnie i nosi\u0107 ma\u0142o.<\/strong><\/p>\n\n\n\n<div id=\"ez-toc-container\" class=\"ez-toc-v2_0_85 counter-hierarchy ez-toc-counter ez-toc-light-blue ez-toc-container-direction\">\n<div class=\"ez-toc-title-container\">\n<p class=\"ez-toc-title\" style=\"cursor:inherit\">SPIS TRE\u015aCI <\/p>\n<span class=\"ez-toc-title-toggle\"><a href=\"#\" class=\"ez-toc-pull-right ez-toc-btn ez-toc-btn-xs ez-toc-btn-default ez-toc-toggle\" aria-label=\"Prze\u0142\u0105cznik Spisu Tre\u015bci\"><span class=\"ez-toc-js-icon-con\"><span class=\"\"><span class=\"eztoc-hide\" style=\"display:none;\">Toggle<\/span><span class=\"ez-toc-icon-toggle-span\"><svg style=\"fill: #999;color:#999\" xmlns=\"http:\/\/www.w3.org\/2000\/svg\" class=\"list-377408\" width=\"20px\" height=\"20px\" viewBox=\"0 0 24 24\" fill=\"none\"><path d=\"M6 6H4v2h2V6zm14 0H8v2h12V6zM4 11h2v2H4v-2zm16 0H8v2h12v-2zM4 16h2v2H4v-2zm16 0H8v2h12v-2z\" fill=\"currentColor\"><\/path><\/svg><svg style=\"fill: #999;color:#999\" class=\"arrow-unsorted-368013\" xmlns=\"http:\/\/www.w3.org\/2000\/svg\" width=\"10px\" height=\"10px\" viewBox=\"0 0 24 24\" version=\"1.2\" baseProfile=\"tiny\"><path d=\"M18.2 9.3l-6.2-6.3-6.2 6.3c-.2.2-.3.4-.3.7s.1.5.3.7c.2.2.4.3.7.3h11c.3 0 .5-.1.7-.3.2-.2.3-.5.3-.7s-.1-.5-.3-.7zM5.8 14.7l6.2 6.3 6.2-6.3c.2-.2.3-.5.3-.7s-.1-.5-.3-.7c-.2-.2-.4-.3-.7-.3h-11c-.3 0-.5.1-.7.3-.2.2-.3.5-.3.7s.1.5.3.7z\"\/><\/svg><\/span><\/span><\/span><\/a><\/span><\/div>\n<nav><ul class='ez-toc-list ez-toc-list-level-1 ' ><li class='ez-toc-page-1 ez-toc-heading-level-2'><a class=\"ez-toc-link ez-toc-heading-1\" href=\"https:\/\/www.skalnik.pl\/blog\/materace-turystyczne-naturehike\/#Dla_kogo_materac_turystyczny\" >Dla kogo materac turystyczny<\/a><\/li><li class='ez-toc-page-1 ez-toc-heading-level-2'><a class=\"ez-toc-link ez-toc-heading-2\" href=\"https:\/\/www.skalnik.pl\/blog\/materace-turystyczne-naturehike\/#Materac_na_kazda_pore_roku\" >Materac na ka\u017cd\u0105 por\u0119 roku<\/a><\/li><li class='ez-toc-page-1 ez-toc-heading-level-2'><a class=\"ez-toc-link ez-toc-heading-3\" href=\"https:\/\/www.skalnik.pl\/blog\/materace-turystyczne-naturehike\/#Materace_turystyczne_Naturehike_%E2%80%93_jakosc_w_rozsadnej_cenie\" >Materace turystyczne Naturehike \u2013 jako\u015b\u0107 w rozs\u0105dnej cenie<\/a><\/li><li class='ez-toc-page-1 ez-toc-heading-level-2'><a class=\"ez-toc-link ez-toc-heading-4\" href=\"https:\/\/www.skalnik.pl\/blog\/materace-turystyczne-naturehike\/#Lekko_wygodnie_ekonomicznie_%E2%80%93_Materace_Naturehike_FC\" >Lekko, wygodnie, ekonomicznie \u2013 Materace Naturehike FC<\/a><\/li><li class='ez-toc-page-1 ez-toc-heading-level-2'><a class=\"ez-toc-link ez-toc-heading-5\" href=\"https:\/\/www.skalnik.pl\/blog\/materace-turystyczne-naturehike\/#Lekkie_materace_trzysezonowe\" >Lekkie materace trzysezonowe<\/a><\/li><li class='ez-toc-page-1 ez-toc-heading-level-2'><a class=\"ez-toc-link ez-toc-heading-6\" href=\"https:\/\/www.skalnik.pl\/blog\/materace-turystyczne-naturehike\/#Materace_czterosezonowe_Naturehike\" >Materace czterosezonowe Naturehike<\/a><\/li><li class='ez-toc-page-1 ez-toc-heading-level-2'><a class=\"ez-toc-link ez-toc-heading-7\" href=\"https:\/\/www.skalnik.pl\/blog\/materace-turystyczne-naturehike\/#Materace_kempingowe_Naturehike\" >Materace kempingowe Naturehike<\/a><\/li><\/ul><\/nav><\/div>\n<h2 class=\"wp-block-heading\"><span class=\"ez-toc-section\" id=\"Dla_kogo_materac_turystyczny\"><\/span>Dla kogo materac turystyczny<span class=\"ez-toc-section-end\"><\/span><\/h2>\n\n\n\n<p>O tym na czym \u015bpimy, my\u015blimy zwykle niewiele. Ale gdy na trekkingu, w podr\u00f3\u017cy czy na biwaku przed wspinaczk\u0105 wstajesz rano i czujesz si\u0119 jakby Ci\u0119 kto\u015b po\u0142ama\u0142, a do tego oczy piek\u0105 z niewyspania, to nie jest to najlepszy prognostyk przed ca\u0142ym dniem pe\u0142nym wysi\u0142ku czy przyg\u00f3d. Brak snu to zm\u0119czenie, wolniejsze reakcje, obni\u017cone samopoczucie, a zesztywnia\u0142y kark i bol\u0105ce plecy mog\u0105 skutecznie uniemo\u017cliwi\u0107 chodzenie z ci\u0119\u017ckim plecakiem albo pokonywanie kolejnych dr\u00f3g w \u015bcianie. <\/p>\n\n\n\n<p>Z drugiej strony je\u015bli wybierasz si\u0119 na trekking czy w podr\u00f3\u017c, chcesz na pewno minimalizowa\u0107 baga\u017c, kt\u00f3ry nosisz na plecach. Je\u015bli nie chcesz rezygnowa\u0107 z wygody podczas swoich outdoorowych wyzwa\u0144, si\u0119gnij po materac turystyczny. Wielu osobom has\u0142o to kojarzy si\u0119 z czym\u015b, czego u\u017cy\u0107 mo\u017cna co najwy\u017cej na pla\u017cy. Oj, te czasy ju\u017c dawno min\u0119\u0142y. Obecnie materace turystyczne przebojem wdar\u0142y si\u0119 do naszych plecak\u00f3w. Ze mn\u0105 materac jedzie wsz\u0119dzie, od gleby w schronisku przez jorda\u0144sk\u0105 pustyni\u0119 po biwaki w G\u00f3rach Przekl\u0119tych lub w rumu\u0144skich Karpatach. Po z\u0142o\u017ceniu jest mniejszy od butelki wody, a komfort spania jest niepor\u00f3wnywalny z karimat\u0105.<\/p>\n\n\n\n<h2 class=\"wp-block-heading\"><span class=\"ez-toc-section\" id=\"Materac_na_kazda_pore_roku\"><\/span>Materac na ka\u017cd\u0105 por\u0119 roku<span class=\"ez-toc-section-end\"><\/span><\/h2>\n\n\n\n<p>Jak wspomnia\u0142am wy\u017cej czasy, kiedy na dmuchanych materacach odpoczywa\u0142o si\u0119 tylko na pla\u017cy odesz\u0142y do przesz\u0142o\u015bci. Dzi\u015b to bardzo wa\u017cny segment rynku sprz\u0119tu turystycznego. Znajduj\u0105 si\u0119 w nim zar\u00f3wno materace na trekking, ale te\u017c materace kempingowe lub samochodowe, z kt\u00f3re z powodzeniem zast\u0105pi\u0105 \u0142\u00f3\u017cko.<\/p>\n\n\n<div class=\"wp-block-image\">\n<figure class=\"aligncenter size-large\"><img loading=\"lazy\" decoding=\"async\" width=\"1024\" height=\"576\" src=\"https:\/\/www.skalnik.pl\/blog\/wp-content\/uploads\/2023\/12\/DSC2483-1024x576.jpg\" alt=\"materac turystyczny naturehike \" class=\"wp-image-25134\" srcset=\"https:\/\/www.skalnik.pl\/blog\/wp-content\/uploads\/2023\/12\/DSC2483-1024x576.jpg 1024w, https:\/\/www.skalnik.pl\/blog\/wp-content\/uploads\/2023\/12\/DSC2483-300x169.jpg 300w, https:\/\/www.skalnik.pl\/blog\/wp-content\/uploads\/2023\/12\/DSC2483-768x432.jpg 768w, https:\/\/www.skalnik.pl\/blog\/wp-content\/uploads\/2023\/12\/DSC2483-1536x864.jpg 1536w, https:\/\/www.skalnik.pl\/blog\/wp-content\/uploads\/2023\/12\/DSC2483-2048x1152.jpg 2048w\" sizes=\"auto, (max-width: 1024px) 100vw, 1024px\" \/><figcaption class=\"wp-element-caption\"><em>Materace turystyczne &#8211; niewielkie rozmiary, wygoda i \u0142atwe nape\u0142nianie<\/em>.<\/figcaption><\/figure>\n<\/div>\n\n\n<p>Mimo niewielkich rozmiar\u00f3w i niskiej wagi materacy mo\u017cesz u\u017cywa\u0107 o ka\u017cdej porze roku. Ale oczywi\u015bcie nie ka\u017cdego. Materace zimowe s\u0105 grubsze i maj\u0105 dodatkowe warstwy izolacyjne. Do jakich konkretnie warunk\u00f3w nadaje si\u0119 dany materac i jakie ma w\u0142a\u015bciwo\u015bci izolacyjne mo\u017cesz sprawdzi\u0107 dzi\u0119ki wsp\u00f3\u0142czynnikowi R-Value. Podaje go wielu producent\u00f3w, w tym Naturehike. Im wy\u017cszy, tym materac lepiej izoluje. <\/p>\n\n\n\n<p>Szybka \u015bci\u0105gawka, jakich warto\u015bci szuka\u0107 dla konkretnych warunk\u00f3w:<\/p>\n\n\n\n<ul class=\"wp-block-list\">\n<li>R- Value 1-2 \u2013 materace na ciep\u0142e, suche noce, g\u0142\u00f3wnie na lato lub do nocleg\u00f3w w pomieszczeniach<\/li>\n\n\n\n<li>R-Value 2-3 \u2013 materace trzysezonowe, sprawdz\u0105 si\u0119 nawet przy lekkich przymrozkach<\/li>\n\n\n\n<li>R- Value 4-5- materace czterosezonowe, dobrze izoluj\u0105 podczas mroz\u00f3w<\/li>\n\n\n\n<li>R-Value 5 i wi\u0119cej \u2013materace wyprawowe, gdy b\u0119dziesz nocowa\u0107 na mrozie, \u015bniegu, przy du\u017cej wilgotno\u015bci.<\/li>\n<\/ul>\n\n\n\n<p class=\"has-white-color has-vivid-cyan-blue-background-color has-text-color has-background\">Wi\u0119cej na temat wsp\u00f3\u0142czynnika R-Value przeczytasz w artykule &#8211;> &#8222;<strong><a href=\"https:\/\/www.skalnik.pl\/blog\/czym-jest-wspolczynnik-r-value\/\" target=\"_blank\" rel=\"noopener\" title=\"\">Czym jest wsp\u00f3\u0142czynnik R-Value?<\/a><\/strong>&#8221; <\/p>\n\n\n\n<h2 class=\"wp-block-heading\"><span class=\"ez-toc-section\" id=\"Materace_turystyczne_Naturehike_%E2%80%93_jakosc_w_rozsadnej_cenie\"><\/span>Materace turystyczne Naturehike \u2013 jako\u015b\u0107 w rozs\u0105dnej cenie<span class=\"ez-toc-section-end\"><\/span><\/h2>\n\n\n\n<p>Naturehike to pochodz\u0105cy z Chin producent sprz\u0119tu turystycznego. Pocz\u0105tkowo traktowany przez wielu z pewn\u0105 nieufno\u015bci\u0105, zdoby\u0142 sobie jednak pewn\u0105 pozycj\u0119 na rynku. Ceniony jest za solidno\u015b\u0107, funkcjonalne rozwi\u0105zania, praktyczno\u015b\u0107 oraz &#8211; co dla wielu os\u00f3b kluczowe &#8211; ceny z przyst\u0119pnej p\u00f3\u0142ki. <\/p>\n\n\n<div class=\"wp-block-image\">\n<figure class=\"aligncenter size-full\"><img loading=\"lazy\" decoding=\"async\" width=\"878\" height=\"878\" src=\"https:\/\/www.skalnik.pl\/blog\/wp-content\/uploads\/2023\/12\/a.jpg\" alt=\"namiot naturehike na biwak\" class=\"wp-image-25136\" srcset=\"https:\/\/www.skalnik.pl\/blog\/wp-content\/uploads\/2023\/12\/a.jpg 878w, https:\/\/www.skalnik.pl\/blog\/wp-content\/uploads\/2023\/12\/a-300x300.jpg 300w, https:\/\/www.skalnik.pl\/blog\/wp-content\/uploads\/2023\/12\/a-768x768.jpg 768w\" sizes=\"auto, (max-width: 878px) 100vw, 878px\" \/><figcaption class=\"wp-element-caption\"><em>Naturehike &#8211; sprawdzony sprz\u0119t turystyczny i kempingowy (fot. Naturehike)<\/em>.<\/figcaption><\/figure>\n<\/div>\n\n\n<p>Do najbardziej cenionych element\u00f3w kolekcji Naturehike nale\u017c\u0105 namioty, na czele z bestsellerami takimi jak model Cloud-Up, Mongar, Vik, czy ultralekkie namioty dla rowerzyst\u00f3w. Opr\u00f3cz namiot\u00f3w tury\u015bci bardzo ceni\u0105 sobie meble kempingowe Naturehike oraz maty i materace turystyczne. To w\u0142a\u015bnie o nich chc\u0119 Ci dzi\u015b opowiedzie\u0107 troch\u0119 wi\u0119cej i przedstawi\u0107 kilka modeli, kt\u00f3re sprawdz\u0105 si\u0119 w r\u00f3\u017cnych warunkach.<\/p>\n\n\n\n<figure class=\"wp-block-image size-full\"><a href=\"https:\/\/www.skalnik.pl\/naturehike\" target=\"_blank\" rel=\"noreferrer noopener\"><img loading=\"lazy\" decoding=\"async\" width=\"1024\" height=\"250\" src=\"https:\/\/www.skalnik.pl\/blog\/wp-content\/uploads\/2023\/07\/NATUREHIKE-SKLEP.jpg\" alt=\"baner naturehike sklep skalnik\" class=\"wp-image-23590\" srcset=\"https:\/\/www.skalnik.pl\/blog\/wp-content\/uploads\/2023\/07\/NATUREHIKE-SKLEP.jpg 1024w, https:\/\/www.skalnik.pl\/blog\/wp-content\/uploads\/2023\/07\/NATUREHIKE-SKLEP-300x73.jpg 300w, https:\/\/www.skalnik.pl\/blog\/wp-content\/uploads\/2023\/07\/NATUREHIKE-SKLEP-768x188.jpg 768w\" sizes=\"auto, (max-width: 1024px) 100vw, 1024px\" \/><\/a><\/figure>\n\n\n\n<h2 class=\"wp-block-heading\"><span class=\"ez-toc-section\" id=\"Lekko_wygodnie_ekonomicznie_%E2%80%93_Materace_Naturehike_FC\"><\/span>Lekko, wygodnie, ekonomicznie \u2013 Materace Naturehike FC<span class=\"ez-toc-section-end\"><\/span><\/h2>\n\n\n\n<p>Najbardziej podstawow\u0105 seri\u0105 materacy Naturehike s\u0105 te z oznaczeniem FC. To funkcjonalne materace letnie wykonane z Nylonu z pow\u0142ok\u0105 TPU. S\u0105 wytrzyma\u0142e na przetarcia i maj\u0105 podklejone szwy na \u0142\u0105czeniach materia\u0142u, co zmniejsza ryzyko uciekania powietrza. Grubo\u015b\u0107 6,5 cm gwarantuje du\u017c\u0105 wygod\u0119 podczas snu. Komory Air Cell maj\u0105 kszta\u0142t romb\u00f3w, dzi\u0119ki czemu nie uginaj\u0105 si\u0119 punktowo, a izolacja i komfort s\u0105 wi\u0119c jednakowe na ca\u0142ej d\u0142ugo\u015bci materaca.<\/p>\n\n\n<div class=\"wp-block-image\">\n<figure class=\"aligncenter size-large\"><img loading=\"lazy\" decoding=\"async\" width=\"1024\" height=\"576\" src=\"https:\/\/www.skalnik.pl\/blog\/wp-content\/uploads\/2023\/12\/DSC2486-min-1024x576.jpg\" alt=\"materac naturehike materia\u0142 poszycia\" class=\"wp-image-25131\" srcset=\"https:\/\/www.skalnik.pl\/blog\/wp-content\/uploads\/2023\/12\/DSC2486-min-1024x576.jpg 1024w, https:\/\/www.skalnik.pl\/blog\/wp-content\/uploads\/2023\/12\/DSC2486-min-300x169.jpg 300w, https:\/\/www.skalnik.pl\/blog\/wp-content\/uploads\/2023\/12\/DSC2486-min-768x432.jpg 768w, https:\/\/www.skalnik.pl\/blog\/wp-content\/uploads\/2023\/12\/DSC2486-min-1536x864.jpg 1536w, https:\/\/www.skalnik.pl\/blog\/wp-content\/uploads\/2023\/12\/DSC2486-min-2048x1152.jpg 2048w\" sizes=\"auto, (max-width: 1024px) 100vw, 1024px\" \/><figcaption class=\"wp-element-caption\"><em>Komory o kszta\u0142cie romb\u00f3w zapewniaj\u0105 du\u017c\u0105 wygod\u0119 podczas snu<\/em>.<\/figcaption><\/figure>\n<\/div>\n\n\n<p>Je\u015bli obawiasz si\u0119, \u017ce materac mo\u017ce by\u0107 trudny do nape\u0142nienia powietrzem, to spiesz\u0119 uspokoi\u0107. W\u015br\u00f3d akcesori\u00f3w Naturehike znajdziesz specjalny worek Inflatable Bag. Kilka ruch\u00f3w i materac jest gotowy, by si\u0119 na nim po\u0142o\u017cy\u0107. Niekt\u00f3re materace tej serii maj\u0105 do\u0142\u0105czony worek, do innych trzeba go dokupi\u0107 oddzielnie. <\/p>\n\n\n\n<p>W tej serii znajdziesz nast\u0119puj\u0105ce materace:<\/p>\n\n\n\n<ul class=\"wp-block-list\">\n<li><strong>FC-10<\/strong> \u2013 model podstawowy, o kszta\u0142cie prostok\u0105ta. Wa\u017cy 470 g, a po spakowaniu do do\u0142\u0105czonego pokrowca zajmuje mniej wi\u0119cej tyle miejsca co p\u00f3\u0142toralitrowa butelka wody.<\/li>\n\n\n\n<li><strong>FC-11<\/strong>&#8211; to wersja podw\u00f3jna tego samego materaca prostok\u0105tnego. Ma szeroko\u015b\u0107 120 cm i zmieszcz\u0105 si\u0119 na nim 2 osoby. Wa\u017cy oko\u0142o 1 kg i jest nieco wi\u0119kszy ni\u017c butelka wody.<\/li>\n\n\n\n<li><strong>FC-12<\/strong> \u2013 je\u015bli cenisz komfort podczas nocleg\u00f3w w terenie to ta wersja materaca FC jest dla Ciebie. Jego g\u00f3rna cz\u0119\u015b\u0107 tworzy po nadmuchaniu lekko uniesion\u0105 poduszk\u0119. Nie musisz ju\u017c zabiera\u0107 jej ze sob\u0105 albo wk\u0142ada\u0107 pod g\u0142ow\u0119 zwini\u0119tych bluz czy kurtek. Znajdziesz go tak\u017ce w wersji z do\u0142\u0105czonym workiem do pompowania. Materac wa\u017cy 530 g i odpowiada wielko\u015bci\u0105 butelce wody.<\/li>\n<\/ul>\n\n\n\t<div class=\"magento-wrapper\">\n\t\t<ul class=\"products\">\n\t\t\t<li class=\"product\">\n\t\n\t\t<div class=\"image\">\n\t\t\t<a href=\"https:\/\/www.skalnik.pl\/materac-fc-10-nh19z032-p-orange-681323\" target=\"_self\">\n\t\t\t\t\t\t<img\n\t\t\tsrc=\"https:\/\/www.skalnik.pl\/media\/catalog\/product\/m\/a\/materac_naturehike_fc-10_nh19z032-p_3_.jpg\"\n\t\t\talt=\"MATERAC FC-10 NH19Z032-P-ORANGE\"\n\t\t\t\t\t\t\t\t\/>\n\t\t\t\t\t<\/a>\n\t\t<\/div>\n\n\t\t\n\t\t<a href=\"https:\/\/www.skalnik.pl\/materac-fc-10-nh19z032-p-orange-681323\" target=\"_self\"><span class=\"name\">MATERAC FC-10 NH19Z032-P-ORANGE<\/span><\/a>\t\n\t\n\t\t\t\t\t<div class=\"price has-special\">\n\t\t\tCENA\n\t\t\t\t\t\t\t<span class=\"special-price\">169.99 z\u0142<\/span>\n\t\t\t\t<span class=\"special-price base-price\">189.99 z\u0142<\/span>\n\t\t\t\t\t<\/div>\n\t\t\t\n\t<div class=\"url\"><a class=\"view-details\" href=\"https:\/\/www.skalnik.pl\/materac-fc-10-nh19z032-p-orange-681323\">Zobacz wi\u0119cej <\/a><\/div><\/li>\n<li class=\"product\">\n\t\n\t\t<div class=\"image\">\n\t\t\t<a href=\"https:\/\/www.skalnik.pl\/materac-fc-11-nh19z055-p-blue-681324\" target=\"_self\">\n\t\t\t\t\t\t<img\n\t\t\tsrc=\"https:\/\/www.skalnik.pl\/media\/catalog\/product\/n\/h\/nh19z055-p_1.jpg\"\n\t\t\talt=\"MATERAC FC-11 NH19Z055-P\"\n\t\t\t\t\t\t\t\t\/>\n\t\t\t\t\t<\/a>\n\t\t<\/div>\n\n\t\t\n\t\t<a href=\"https:\/\/www.skalnik.pl\/materac-fc-11-nh19z055-p-blue-681324\" target=\"_self\"><span class=\"name\">MATERAC FC-11 NH19Z055-P<\/span><\/a>\t\n\t\n\t\t\t\t\t<div class=\"price has-special\">\n\t\t\tCENA\n\t\t\t\t\t\t\t<span class=\"special-price\">373.99 z\u0142<\/span>\n\t\t\t\t<span class=\"special-price base-price\">419.99 z\u0142<\/span>\n\t\t\t\t\t<\/div>\n\t\t\t\n\t<div class=\"url\"><a class=\"view-details\" href=\"https:\/\/www.skalnik.pl\/materac-fc-11-nh19z055-p-blue-681324\">Zobacz wi\u0119cej <\/a><\/div><\/li>\n<li class=\"product\">\n\t\n\t\t<div class=\"image\">\n\t\t\t<a href=\"https:\/\/www.skalnik.pl\/materac-fc-12-nh19z012-p-army-green-1029526\" target=\"_self\">\n\t\t\t\t\t\t<img\n\t\t\tsrc=\"https:\/\/www.skalnik.pl\/media\/catalog\/product\/m\/a\/materac-fc-12-nh19z012-p-army-green-1029526_2.jpg\"\n\t\t\talt=\"MATERAC FC-12 NH19Z012-P-ARMY GREEN\"\n\t\t\t\t\t\t\t\t\/>\n\t\t\t\t\t<\/a>\n\t\t<\/div>\n\n\t\t\n\t\t<a href=\"https:\/\/www.skalnik.pl\/materac-fc-12-nh19z012-p-army-green-1029526\" target=\"_self\"><span class=\"name\">MATERAC FC-12 NH19Z012-P-ARMY GREEN<\/span><\/a>\t\n\t\n\t\t\t\t\t<div class=\"price has-special\">\n\t\t\tCENA\n\t\t\t\t\t\t\t<span class=\"special-price\">154.99 z\u0142<\/span>\n\t\t\t\t<span class=\"special-price base-price\">229.99 z\u0142<\/span>\n\t\t\t\t\t<\/div>\n\t\t\t\n\t<div class=\"url\"><a class=\"view-details\" href=\"https:\/\/www.skalnik.pl\/materac-fc-12-nh19z012-p-army-green-1029526\">Zobacz wi\u0119cej <\/a><\/div><\/li>\n\t\t<\/ul>\n\t<\/div>\n\n\n\n\n<h2 class=\"wp-block-heading\"><span class=\"ez-toc-section\" id=\"Lekkie_materace_trzysezonowe\"><\/span>Lekkie materace trzysezonowe<span class=\"ez-toc-section-end\"><\/span><\/h2>\n\n\n\n<p>Materace z serii Ultralight R 3,5 sprawdz\u0105 si\u0119 podczas nocleg\u00f3w od wiosny do jesieni, nawet, kiedy zapanuj\u0105 lekkie przymrozki. Ich zalet\u0105 jest tr\u00f3jwarstwowa konstrukcja, kt\u00f3ra doskonale izoluje od pod\u0142o\u017ca i jednocze\u015bnie jest bardzo pakowna. S\u0105 to materace o grubo\u015bci 7 cm z komorami w kszta\u0142cie kwadrat\u00f3w, kt\u00f3re nie uginaj\u0105 si\u0119 pod obci\u0105\u017ceniem. Dzi\u0119ki temu izolacja jest jednakowa na ca\u0142ej powierzchni.<\/p>\n\n\n<div class=\"wp-block-image\">\n<figure class=\"aligncenter size-large\"><img loading=\"lazy\" decoding=\"async\" width=\"1024\" height=\"576\" src=\"https:\/\/www.skalnik.pl\/blog\/wp-content\/uploads\/2023\/12\/DSC2481-min-1024x576.jpg\" alt=\"materac naturehike ultralekki\" class=\"wp-image-25133\" srcset=\"https:\/\/www.skalnik.pl\/blog\/wp-content\/uploads\/2023\/12\/DSC2481-min-1024x576.jpg 1024w, https:\/\/www.skalnik.pl\/blog\/wp-content\/uploads\/2023\/12\/DSC2481-min-300x169.jpg 300w, https:\/\/www.skalnik.pl\/blog\/wp-content\/uploads\/2023\/12\/DSC2481-min-768x432.jpg 768w, https:\/\/www.skalnik.pl\/blog\/wp-content\/uploads\/2023\/12\/DSC2481-min-1536x864.jpg 1536w, https:\/\/www.skalnik.pl\/blog\/wp-content\/uploads\/2023\/12\/DSC2481-min-2048x1152.jpg 2048w\" sizes=\"auto, (max-width: 1024px) 100vw, 1024px\" \/><figcaption class=\"wp-element-caption\"><em>Materace Ultralight znajdziesz w wersji trzy i czterosezonowej<\/em>.<\/figcaption><\/figure>\n<\/div>\n\n\n<p>Materace tej serii wykonane s\u0105 z wytrzyma\u0142ego Nylonu z pow\u0142ok\u0105 TPU, dzi\u0119ki czemu s\u0105 odporne na wilgo\u0107 i wytrzyma\u0142e na uszkodzenia. S\u0105 bardzo pakowne i po z\u0142o\u017ceniu maj\u0105 wymiary mniej wi\u0119cej litrowej butelki wody. Mo\u017cna je \u0142atwo zmie\u015bci\u0107 w ma\u0142ym plecaku lub rowerowej sakwie. Do materacy do\u0142\u0105czone s\u0105 worki do pompowania, kt\u00f3re u\u0142atwiaj\u0105 ich nape\u0142nianie. W serii tej znajdziesz materace w rozmiarze Standard (d\u0142ugo\u015b\u0107 183 cm) oraz Plus (d\u0142ugo\u015b\u0107 196 cm). Dost\u0119pne s\u0105 w trzech kszta\u0142tach:<\/p>\n\n\n\n<ul class=\"wp-block-list\">\n<li>Mummy \u2013 dopasowany do anatomicznego kszta\u0142tu ludzkiego cia\u0142a \u2013 wa\u017cy 440 g<\/li>\n\n\n\n<li>Square \u2013 materac prostok\u0105tny zapewniaj\u0105cy du\u017c\u0105 wygod\u0119 np. podczas przesuwania si\u0119 w nocy \u2013 wa\u017cy 545 g<\/li>\n\n\n\n<li>Square Double \u2013 materac dla dw\u00f3ch os\u00f3b o szeroko\u015bci 120 cm \u2013 waga 1180 g<\/li>\n<\/ul>\n\n\n\t<div class=\"magento-wrapper\">\n\t\t<ul class=\"products\">\n\t\t\t<li class=\"product\">\n\t\n\t\t<div class=\"image\">\n\t\t\t<a href=\"https:\/\/www.skalnik.pl\/materac-ultralight-square-plus-r-35-cnh22dz018-black-1017300\" target=\"_self\">\n\t\t\t\t\t\t<img\n\t\t\tsrc=\"https:\/\/www.skalnik.pl\/media\/catalog\/product\/m\/a\/materac-ultralight-square-plus-r-35-cnh22dz018-black-1017300_1_1.jpg\"\n\t\t\talt=\"MATERAC ULTRALIGHT SQUARE PLUS R 3.5 CNH22DZ018-BLACK\"\n\t\t\t\t\t\t\t\t\/>\n\t\t\t\t\t<\/a>\n\t\t<\/div>\n\n\t\t\n\t\t<a href=\"https:\/\/www.skalnik.pl\/materac-ultralight-square-plus-r-35-cnh22dz018-black-1017300\" target=\"_self\"><span class=\"name\">MATERAC ULTRALIGHT SQUARE PLUS R 3.5 CNH22DZ018-BLACK<\/span><\/a>\t\n\t\n\t\t\t\t\t<div class=\"price has-special\">\n\t\t\tCENA\n\t\t\t\t\t\t\t<span class=\"special-price\">533.99 z\u0142<\/span>\n\t\t\t\t<span class=\"special-price base-price\">599.99 z\u0142<\/span>\n\t\t\t\t\t<\/div>\n\t\t\t\n\t<div class=\"url\"><a class=\"view-details\" href=\"https:\/\/www.skalnik.pl\/materac-ultralight-square-plus-r-35-cnh22dz018-black-1017300\">Zobacz wi\u0119cej <\/a><\/div><\/li>\n<li class=\"product\">\n\t\n\t\t<div class=\"image\">\n\t\t\t<a href=\"https:\/\/www.skalnik.pl\/materac-ultralight-mummy-standard-r-35-cnh22dz018-black-1017301\" target=\"_self\">\n\t\t\t\t\t\t<img\n\t\t\tsrc=\"https:\/\/www.skalnik.pl\/media\/catalog\/product\/m\/a\/materac-ultralight-mummy-standard-r-35-cnh22dz018-black-1017301_2.jpg\"\n\t\t\talt=\"MATERAC ULTRALIGHT MUMMY STANDARD R 3.5 CNH22DZ018-BLACK\"\n\t\t\t\t\t\t\t\t\/>\n\t\t\t\t\t<\/a>\n\t\t<\/div>\n\n\t\t\n\t\t<a href=\"https:\/\/www.skalnik.pl\/materac-ultralight-mummy-standard-r-35-cnh22dz018-black-1017301\" target=\"_self\"><span class=\"name\">MATERAC ULTRALIGHT MUMMY STANDARD R 3.5 CNH22DZ018-BLACK<\/span><\/a>\t\n\t\n\t\t\t\t\t<div class=\"price has-special\">\n\t\t\tCENA\n\t\t\t\t\t\t\t<span class=\"special-price\">409.99 z\u0142<\/span>\n\t\t\t\t<span class=\"special-price base-price\">459.99 z\u0142<\/span>\n\t\t\t\t\t<\/div>\n\t\t\t\n\t<div class=\"url\"><a class=\"view-details\" href=\"https:\/\/www.skalnik.pl\/materac-ultralight-mummy-standard-r-35-cnh22dz018-black-1017301\">Zobacz wi\u0119cej <\/a><\/div><\/li>\n<li class=\"product\">\n\t\n\t\t<div class=\"image\">\n\t\t\t<a href=\"https:\/\/www.skalnik.pl\/materac-ultralight-square-double-r-35-cnh22dz018-green-1029532\" target=\"_self\">\n\t\t\t\t\t\t<img\n\t\t\tsrc=\"https:\/\/www.skalnik.pl\/media\/catalog\/product\/m\/a\/materac-ultralight-square-double-r-35-cnh22dz018-green-1029532_1.jpg\"\n\t\t\talt=\"MATERAC ULTRALIGHT SQUARE DOUBLE R 3.5 CNH22DZ018-GREEN\"\n\t\t\t\t\t\t\t\t\/>\n\t\t\t\t\t<\/a>\n\t\t<\/div>\n\n\t\t\n\t\t<a href=\"https:\/\/www.skalnik.pl\/materac-ultralight-square-double-r-35-cnh22dz018-green-1029532\" target=\"_self\"><span class=\"name\">MATERAC ULTRALIGHT SQUARE DOUBLE R 3.5 CNH22DZ018-GREEN<\/span><\/a>\t\n\t\n\t\t\t\t\t<div class=\"price has-special\">\n\t\t\tCENA\n\t\t\t\t\t\t\t<span class=\"special-price\">770.99 z\u0142<\/span>\n\t\t\t\t<span class=\"special-price base-price\">1,149.99 z\u0142<\/span>\n\t\t\t\t\t<\/div>\n\t\t\t\n\t<div class=\"url\"><a class=\"view-details\" href=\"https:\/\/www.skalnik.pl\/materac-ultralight-square-double-r-35-cnh22dz018-green-1029532\">Zobacz wi\u0119cej <\/a><\/div><\/li>\n\t\t<\/ul>\n\t<\/div>\n\n\n\n\n<h2 class=\"wp-block-heading\"><span class=\"ez-toc-section\" id=\"Materace_czterosezonowe_Naturehike\"><\/span>Materace czterosezonowe Naturehike<span class=\"ez-toc-section-end\"><\/span><\/h2>\n\n\n\n<p>Seria Ultralight R 5,8 to rozwini\u0119cie opisanych wy\u017cej materacy trzysezonowych. Dzi\u0119ki dodaniu do tr\u00f3jwarstwowej konstrukcji wk\u0142adek z folii aluminiowej, kt\u00f3ra odbija ciep\u0142o w kierunku cia\u0142a zapewniaj\u0105 izolacj\u0119 tak\u017ce w\u00f3wczas, gdy temperatury spadaj\u0105 poni\u017cej -10 stopni Celsjusza. <\/p>\n\n\n\n<p>S\u0105 to materace o grubo\u015bci 7 cm z kwadratowymi komorami zapewniaj\u0105cymi du\u017c\u0105 wygod\u0119 podczas snu. Maj\u0105 podw\u00f3jny zaw\u00f3r, kt\u00f3ry mo\u017cna ustawi\u0107 w pozycji do pompowania i wypuszczania powietrza, a do\u0142\u0105czony worek u\u0142atwia nape\u0142nianie. Materace s\u0105 dost\u0119pne w rozmiarze Standard i Plus i maj\u0105 kszta\u0142t mumii (Mummy) oraz prostok\u0105ta (Square). Ich waga jest analogiczna, co materacy trzysezonowych Ultralight R 3,5.<\/p>\n\n\n\n<h2 class=\"wp-block-heading\"><span class=\"ez-toc-section\" id=\"Materace_kempingowe_Naturehike\"><\/span>Materace kempingowe Naturehike<span class=\"ez-toc-section-end\"><\/span><\/h2>\n\n\n\n<p>Opr\u00f3cz materacy, kt\u00f3re sprawdz\u0105 si\u0119 na trekkingach, w podr\u00f3\u017cy backpackerskiej, na biwaku pod \u015bcian\u0105 albo na wyprawie rowerowej, w kolekcji Nautrehike znajdziesz te\u017c typowe materace kempingowe. Chc\u0119 zwr\u00f3ci\u0107 twoj\u0105 uwag\u0119 na dwa modele:<\/p>\n\n\n\n<ul class=\"wp-block-list\">\n<li><strong>Thic Double Pad<\/strong> to materac o grubo\u015bci 13 cm, na kt\u00f3rym poczujesz si\u0119 jak na \u0142\u00f3\u017cku. Nie ugina si\u0119, jest trwa\u0142y i nie nasi\u0105ka wilgoci\u0105. \u015awietnie sprawdzi si\u0119 w namiotach kempingowych. Jest to materac dla dw\u00f3ch os\u00f3b i ma szeroko\u015b\u0107 135 cm. Wa\u017cy 1,6 kg, a po z\u0142o\u017ceniu zajmie niewiele miejsca w baga\u017cniku.<\/li>\n<\/ul>\n\n\n<div class=\"wp-block-image\">\n<figure class=\"aligncenter size-large\"><img loading=\"lazy\" decoding=\"async\" width=\"1024\" height=\"576\" src=\"https:\/\/www.skalnik.pl\/blog\/wp-content\/uploads\/2023\/12\/DSC2492-min-1024x576.jpg\" alt=\"wygodne materace turystyczne naturehike\" class=\"wp-image-25132\" srcset=\"https:\/\/www.skalnik.pl\/blog\/wp-content\/uploads\/2023\/12\/DSC2492-min-1024x576.jpg 1024w, https:\/\/www.skalnik.pl\/blog\/wp-content\/uploads\/2023\/12\/DSC2492-min-300x169.jpg 300w, https:\/\/www.skalnik.pl\/blog\/wp-content\/uploads\/2023\/12\/DSC2492-min-768x432.jpg 768w, https:\/\/www.skalnik.pl\/blog\/wp-content\/uploads\/2023\/12\/DSC2492-min-1536x864.jpg 1536w, https:\/\/www.skalnik.pl\/blog\/wp-content\/uploads\/2023\/12\/DSC2492-min-2048x1152.jpg 2048w\" sizes=\"auto, (max-width: 1024px) 100vw, 1024px\" \/><figcaption class=\"wp-element-caption\"><em>Z materacami kempingowymi Naturehike poczu<\/em>jesz<em> si\u0119 jak we w\u0142asnym \u0142\u00f3\u017cku<\/em>.<\/figcaption><\/figure>\n<\/div>\n\n\n<ul class=\"wp-block-list\">\n<li><strong>Car Air Mattress<\/strong> \u2013 to dwuosobowy materac, dzi\u0119ki kt\u00f3remu zmienisz samoch\u00f3d w wygodne miejsce do spania. Ma 13 cm grubo\u015bci i sk\u0142ada si\u0119 z 8 oddzielnie nadmuchiwanych poduszek, co sprawia, \u017ce dostosujesz go do swojego samochodu i aktualnych potrzeb. Opr\u00f3\u017cnij baga\u017cnik, z\u0142\u00f3\u017c tylne fotele i wygodne \u0142\u00f3\u017cko w plenerze gotowe!<\/li>\n<\/ul>\n\n\n\n<p class=\"has-white-color has-vivid-cyan-blue-background-color has-text-color has-background\">Kliknij w link by pozna\u0107 wszystkie &#8211;> <strong><a href=\"https:\/\/www.skalnik.pl\/sprzet-turystyczny\/spiwory-i-maty\/spiwory-i-maty-materace\/marka:naturehike\" target=\"_blank\" rel=\"noopener\" title=\"\">materace turystyczne Naturehike<\/a><\/strong>. <\/p>\n\n\n\n<hr class=\"wp-block-separator has-alpha-channel-opacity is-style-dots\"\/>\n\n\n\n<p>Wygodnie, lekko i kompaktowo- te s\u0142owa nie musz\u0105 si\u0119 wyklucza\u0107. Materace turystyczne Naturehike pozwalaj\u0105 na komfortowy sen w ka\u017cdych warunkach.<\/p>\n","protected":false},"excerpt":{"rendered":"<p>Szukasz wygodnego i lekkiego sprz\u0119tu do nocleg\u00f3w w terenie? Poznaj materace Naturehike na ka\u017cd\u0105 por\u0119 roku!<\/p>\n","protected":false},"author":41,"featured_media":25130,"comment_status":"closed","ping_status":"closed","sticky":false,"template":"","format":"standard","meta":{"_acf_changed":false,"footnotes":""},"categories":[5],"tags":[148,87],"magento_category":[231],"magento_product":[],"class_list":["post-25129","post","type-post","status-publish","format-standard","has-post-thumbnail","hentry","category-branza","tag-akcesoria-turystyczne","tag-biwak"],"acf":[],"aioseo_notices":[],"aioseo_head":"\n\t\t<!-- All in One SEO 4.9.10 - aioseo.com -->\n\t<meta name=\"description\" content=\"Wygoda podczas snu to podstawa podczas trekking\u00f3w czy w podr\u00f3\u017cy. Lekkie materace turystyczne Naturehike nie obci\u0105\u017c\u0105 baga\u017cu i zapewni\u0105 komfort przez ca\u0142y rok.\" \/>\n\t<meta name=\"robots\" content=\"max-image-preview:large\" \/>\n\t<meta name=\"author\" content=\"Anna \u015aliwa\"\/>\n\t<link rel=\"canonical\" href=\"https:\/\/www.skalnik.pl\/blog\/materace-turystyczne-naturehike\/\" \/>\n\t<meta name=\"generator\" content=\"All in One SEO (AIOSEO) 4.9.10\" \/>\n\t\t<meta property=\"og:locale\" content=\"pl_PL\" \/>\n\t\t<meta property=\"og:site_name\" content=\"blog Skalnik - Blog, porady, artyku\u0142y - blog Skalnik\" \/>\n\t\t<meta property=\"og:type\" content=\"article\" \/>\n\t\t<meta property=\"og:title\" content=\"Materace turystyczne Naturehike - blog Skalnik\" \/>\n\t\t<meta property=\"og:description\" content=\"Wygoda podczas snu to podstawa podczas trekking\u00f3w czy w podr\u00f3\u017cy. Lekkie materace turystyczne Naturehike nie obci\u0105\u017c\u0105 baga\u017cu i zapewni\u0105 komfort przez ca\u0142y rok.\" \/>\n\t\t<meta property=\"og:url\" content=\"https:\/\/www.skalnik.pl\/blog\/materace-turystyczne-naturehike\/\" \/>\n\t\t<meta property=\"og:image\" content=\"https:\/\/www.skalnik.pl\/blog\/wp-content\/uploads\/2023\/12\/DSC2483-1024x576.jpg\" \/>\n\t\t<meta property=\"og:image:secure_url\" content=\"https:\/\/www.skalnik.pl\/blog\/wp-content\/uploads\/2023\/12\/DSC2483-1024x576.jpg\" \/>\n\t\t<meta property=\"article:tag\" content=\"bran\u017ca\" \/>\n\t\t<meta property=\"article:tag\" content=\"akcesoria turystyczne\" \/>\n\t\t<meta property=\"article:tag\" content=\"biwak\" \/>\n\t\t<meta property=\"article:published_time\" content=\"2023-12-13T08:48:36+00:00\" \/>\n\t\t<meta property=\"article:modified_time\" content=\"2023-12-13T08:48:37+00:00\" \/>\n\t\t<meta name=\"twitter:card\" content=\"summary_large_image\" \/>\n\t\t<meta name=\"twitter:title\" content=\"Materace turystyczne Naturehike - blog Skalnik\" \/>\n\t\t<meta name=\"twitter:description\" content=\"Wygoda podczas snu to podstawa podczas trekking\u00f3w czy w podr\u00f3\u017cy. Lekkie materace turystyczne Naturehike nie obci\u0105\u017c\u0105 baga\u017cu i zapewni\u0105 komfort przez ca\u0142y rok.\" \/>\n\t\t<meta name=\"twitter:image\" content=\"https:\/\/www.skalnik.pl\/blog\/wp-content\/uploads\/2023\/12\/DSC2483-1024x576.jpg\" \/>\n\t\t<script type=\"application\/ld+json\" class=\"aioseo-schema\">\n\t\t\t{\"@context\":\"https:\\\/\\\/schema.org\",\"@graph\":[{\"@type\":\"BlogPosting\",\"@id\":\"https:\\\/\\\/www.skalnik.pl\\\/blog\\\/materace-turystyczne-naturehike\\\/#blogposting\",\"name\":\"Materace turystyczne Naturehike - blog Skalnik\",\"headline\":\"Materace turystyczne Naturehike\",\"author\":{\"@id\":\"https:\\\/\\\/www.skalnik.pl\\\/blog\\\/author\\\/anna-sliwa\\\/#author\"},\"publisher\":{\"@id\":\"https:\\\/\\\/www.skalnik.pl\\\/blog\\\/#organization\"},\"image\":{\"@type\":\"ImageObject\",\"url\":\"https:\\\/\\\/www.skalnik.pl\\\/blog\\\/wp-content\\\/uploads\\\/2023\\\/12\\\/DSC2480-min-scaled.jpg\",\"width\":2560,\"height\":940},\"datePublished\":\"2023-12-13T10:48:36+02:00\",\"dateModified\":\"2023-12-13T10:48:37+02:00\",\"inLanguage\":\"pl-PL\",\"mainEntityOfPage\":{\"@id\":\"https:\\\/\\\/www.skalnik.pl\\\/blog\\\/materace-turystyczne-naturehike\\\/#webpage\"},\"isPartOf\":{\"@id\":\"https:\\\/\\\/www.skalnik.pl\\\/blog\\\/materace-turystyczne-naturehike\\\/#webpage\"},\"articleSection\":\"Bran\\u017ca, akcesoria turystyczne, biwak, 1223\"},{\"@type\":\"BreadcrumbList\",\"@id\":\"https:\\\/\\\/www.skalnik.pl\\\/blog\\\/materace-turystyczne-naturehike\\\/#breadcrumblist\",\"itemListElement\":[{\"@type\":\"ListItem\",\"@id\":\"https:\\\/\\\/www.skalnik.pl\\\/blog#listItem\",\"position\":1,\"name\":\"Home\",\"item\":\"https:\\\/\\\/www.skalnik.pl\\\/blog\",\"nextItem\":{\"@type\":\"ListItem\",\"@id\":\"https:\\\/\\\/www.skalnik.pl\\\/blog\\\/.\\\/branza\\\/#listItem\",\"name\":\"Bran\\u017ca\"}},{\"@type\":\"ListItem\",\"@id\":\"https:\\\/\\\/www.skalnik.pl\\\/blog\\\/.\\\/branza\\\/#listItem\",\"position\":2,\"name\":\"Bran\\u017ca\",\"item\":\"https:\\\/\\\/www.skalnik.pl\\\/blog\\\/.\\\/branza\\\/\",\"nextItem\":{\"@type\":\"ListItem\",\"@id\":\"https:\\\/\\\/www.skalnik.pl\\\/blog\\\/materace-turystyczne-naturehike\\\/#listItem\",\"name\":\"Materace turystyczne Naturehike\"},\"previousItem\":{\"@type\":\"ListItem\",\"@id\":\"https:\\\/\\\/www.skalnik.pl\\\/blog#listItem\",\"name\":\"Home\"}},{\"@type\":\"ListItem\",\"@id\":\"https:\\\/\\\/www.skalnik.pl\\\/blog\\\/materace-turystyczne-naturehike\\\/#listItem\",\"position\":3,\"name\":\"Materace turystyczne Naturehike\",\"previousItem\":{\"@type\":\"ListItem\",\"@id\":\"https:\\\/\\\/www.skalnik.pl\\\/blog\\\/.\\\/branza\\\/#listItem\",\"name\":\"Bran\\u017ca\"}}]},{\"@type\":\"Organization\",\"@id\":\"https:\\\/\\\/www.skalnik.pl\\\/blog\\\/#organization\",\"name\":\"blog Skalnik\",\"description\":\"Blog, porady, artyku\\u0142y - blog Skalnik\",\"url\":\"https:\\\/\\\/www.skalnik.pl\\\/blog\\\/\"},{\"@type\":\"Person\",\"@id\":\"https:\\\/\\\/www.skalnik.pl\\\/blog\\\/author\\\/anna-sliwa\\\/#author\",\"url\":\"https:\\\/\\\/www.skalnik.pl\\\/blog\\\/author\\\/anna-sliwa\\\/\",\"name\":\"Anna \\u015aliwa\",\"image\":{\"@type\":\"ImageObject\",\"@id\":\"https:\\\/\\\/www.skalnik.pl\\\/blog\\\/materace-turystyczne-naturehike\\\/#authorImage\",\"url\":\"https:\\\/\\\/secure.gravatar.com\\\/avatar\\\/e8300be3de710e2e109e5dfbf092dcf827242ec8071807a1e13f6b3f7c9bbd79?s=96&d=mm&r=g\",\"width\":96,\"height\":96,\"caption\":\"Anna \\u015aliwa\"}},{\"@type\":\"WebPage\",\"@id\":\"https:\\\/\\\/www.skalnik.pl\\\/blog\\\/materace-turystyczne-naturehike\\\/#webpage\",\"url\":\"https:\\\/\\\/www.skalnik.pl\\\/blog\\\/materace-turystyczne-naturehike\\\/\",\"name\":\"Materace turystyczne Naturehike - blog Skalnik\",\"description\":\"Wygoda podczas snu to podstawa podczas trekking\\u00f3w czy w podr\\u00f3\\u017cy. Lekkie materace turystyczne Naturehike nie obci\\u0105\\u017c\\u0105 baga\\u017cu i zapewni\\u0105 komfort przez ca\\u0142y rok.\",\"inLanguage\":\"pl-PL\",\"isPartOf\":{\"@id\":\"https:\\\/\\\/www.skalnik.pl\\\/blog\\\/#website\"},\"breadcrumb\":{\"@id\":\"https:\\\/\\\/www.skalnik.pl\\\/blog\\\/materace-turystyczne-naturehike\\\/#breadcrumblist\"},\"author\":{\"@id\":\"https:\\\/\\\/www.skalnik.pl\\\/blog\\\/author\\\/anna-sliwa\\\/#author\"},\"creator\":{\"@id\":\"https:\\\/\\\/www.skalnik.pl\\\/blog\\\/author\\\/anna-sliwa\\\/#author\"},\"image\":{\"@type\":\"ImageObject\",\"url\":\"https:\\\/\\\/www.skalnik.pl\\\/blog\\\/wp-content\\\/uploads\\\/2023\\\/12\\\/DSC2480-min-scaled.jpg\",\"@id\":\"https:\\\/\\\/www.skalnik.pl\\\/blog\\\/materace-turystyczne-naturehike\\\/#mainImage\",\"width\":2560,\"height\":940},\"primaryImageOfPage\":{\"@id\":\"https:\\\/\\\/www.skalnik.pl\\\/blog\\\/materace-turystyczne-naturehike\\\/#mainImage\"},\"datePublished\":\"2023-12-13T10:48:36+02:00\",\"dateModified\":\"2023-12-13T10:48:37+02:00\"},{\"@type\":\"WebSite\",\"@id\":\"https:\\\/\\\/www.skalnik.pl\\\/blog\\\/#website\",\"url\":\"https:\\\/\\\/www.skalnik.pl\\\/blog\\\/\",\"name\":\"blog Skalnik\",\"description\":\"Blog, porady, artyku\\u0142y - blog Skalnik\",\"inLanguage\":\"pl-PL\",\"publisher\":{\"@id\":\"https:\\\/\\\/www.skalnik.pl\\\/blog\\\/#organization\"}}]}\n\t\t<\/script>\n\t\t<!-- All in One SEO -->\n\n","aioseo_head_json":{"title":"Materace turystyczne Naturehike - blog Skalnik","description":"Wygoda podczas snu to podstawa podczas trekking\u00f3w czy w podr\u00f3\u017cy. Lekkie materace turystyczne Naturehike nie obci\u0105\u017c\u0105 baga\u017cu i zapewni\u0105 komfort przez ca\u0142y rok.","canonical_url":"https:\/\/www.skalnik.pl\/blog\/materace-turystyczne-naturehike\/","robots":"max-image-preview:large","keywords":"","webmasterTools":{"miscellaneous":""},"schema":{"@context":"https:\/\/schema.org","@graph":[{"@type":"BlogPosting","@id":"https:\/\/www.skalnik.pl\/blog\/materace-turystyczne-naturehike\/#blogposting","name":"Materace turystyczne Naturehike - blog Skalnik","headline":"Materace turystyczne Naturehike","author":{"@id":"https:\/\/www.skalnik.pl\/blog\/author\/anna-sliwa\/#author"},"publisher":{"@id":"https:\/\/www.skalnik.pl\/blog\/#organization"},"image":{"@type":"ImageObject","url":"https:\/\/www.skalnik.pl\/blog\/wp-content\/uploads\/2023\/12\/DSC2480-min-scaled.jpg","width":2560,"height":940},"datePublished":"2023-12-13T10:48:36+02:00","dateModified":"2023-12-13T10:48:37+02:00","inLanguage":"pl-PL","mainEntityOfPage":{"@id":"https:\/\/www.skalnik.pl\/blog\/materace-turystyczne-naturehike\/#webpage"},"isPartOf":{"@id":"https:\/\/www.skalnik.pl\/blog\/materace-turystyczne-naturehike\/#webpage"},"articleSection":"Bran\u017ca, akcesoria turystyczne, biwak, 1223"},{"@type":"BreadcrumbList","@id":"https:\/\/www.skalnik.pl\/blog\/materace-turystyczne-naturehike\/#breadcrumblist","itemListElement":[{"@type":"ListItem","@id":"https:\/\/www.skalnik.pl\/blog#listItem","position":1,"name":"Home","item":"https:\/\/www.skalnik.pl\/blog","nextItem":{"@type":"ListItem","@id":"https:\/\/www.skalnik.pl\/blog\/.\/branza\/#listItem","name":"Bran\u017ca"}},{"@type":"ListItem","@id":"https:\/\/www.skalnik.pl\/blog\/.\/branza\/#listItem","position":2,"name":"Bran\u017ca","item":"https:\/\/www.skalnik.pl\/blog\/.\/branza\/","nextItem":{"@type":"ListItem","@id":"https:\/\/www.skalnik.pl\/blog\/materace-turystyczne-naturehike\/#listItem","name":"Materace turystyczne Naturehike"},"previousItem":{"@type":"ListItem","@id":"https:\/\/www.skalnik.pl\/blog#listItem","name":"Home"}},{"@type":"ListItem","@id":"https:\/\/www.skalnik.pl\/blog\/materace-turystyczne-naturehike\/#listItem","position":3,"name":"Materace turystyczne Naturehike","previousItem":{"@type":"ListItem","@id":"https:\/\/www.skalnik.pl\/blog\/.\/branza\/#listItem","name":"Bran\u017ca"}}]},{"@type":"Organization","@id":"https:\/\/www.skalnik.pl\/blog\/#organization","name":"blog Skalnik","description":"Blog, porady, artyku\u0142y - blog Skalnik","url":"https:\/\/www.skalnik.pl\/blog\/"},{"@type":"Person","@id":"https:\/\/www.skalnik.pl\/blog\/author\/anna-sliwa\/#author","url":"https:\/\/www.skalnik.pl\/blog\/author\/anna-sliwa\/","name":"Anna \u015aliwa","image":{"@type":"ImageObject","@id":"https:\/\/www.skalnik.pl\/blog\/materace-turystyczne-naturehike\/#authorImage","url":"https:\/\/secure.gravatar.com\/avatar\/e8300be3de710e2e109e5dfbf092dcf827242ec8071807a1e13f6b3f7c9bbd79?s=96&d=mm&r=g","width":96,"height":96,"caption":"Anna \u015aliwa"}},{"@type":"WebPage","@id":"https:\/\/www.skalnik.pl\/blog\/materace-turystyczne-naturehike\/#webpage","url":"https:\/\/www.skalnik.pl\/blog\/materace-turystyczne-naturehike\/","name":"Materace turystyczne Naturehike - blog Skalnik","description":"Wygoda podczas snu to podstawa podczas trekking\u00f3w czy w podr\u00f3\u017cy. Lekkie materace turystyczne Naturehike nie obci\u0105\u017c\u0105 baga\u017cu i zapewni\u0105 komfort przez ca\u0142y rok.","inLanguage":"pl-PL","isPartOf":{"@id":"https:\/\/www.skalnik.pl\/blog\/#website"},"breadcrumb":{"@id":"https:\/\/www.skalnik.pl\/blog\/materace-turystyczne-naturehike\/#breadcrumblist"},"author":{"@id":"https:\/\/www.skalnik.pl\/blog\/author\/anna-sliwa\/#author"},"creator":{"@id":"https:\/\/www.skalnik.pl\/blog\/author\/anna-sliwa\/#author"},"image":{"@type":"ImageObject","url":"https:\/\/www.skalnik.pl\/blog\/wp-content\/uploads\/2023\/12\/DSC2480-min-scaled.jpg","@id":"https:\/\/www.skalnik.pl\/blog\/materace-turystyczne-naturehike\/#mainImage","width":2560,"height":940},"primaryImageOfPage":{"@id":"https:\/\/www.skalnik.pl\/blog\/materace-turystyczne-naturehike\/#mainImage"},"datePublished":"2023-12-13T10:48:36+02:00","dateModified":"2023-12-13T10:48:37+02:00"},{"@type":"WebSite","@id":"https:\/\/www.skalnik.pl\/blog\/#website","url":"https:\/\/www.skalnik.pl\/blog\/","name":"blog Skalnik","description":"Blog, porady, artyku\u0142y - blog Skalnik","inLanguage":"pl-PL","publisher":{"@id":"https:\/\/www.skalnik.pl\/blog\/#organization"}}]},"og:locale":"pl_PL","og:site_name":"blog Skalnik - Blog, porady, artyku\u0142y - blog Skalnik","og:type":"article","og:title":"Materace turystyczne Naturehike - blog Skalnik","og:description":"Wygoda podczas snu to podstawa podczas trekking\u00f3w czy w podr\u00f3\u017cy. Lekkie materace turystyczne Naturehike nie obci\u0105\u017c\u0105 baga\u017cu i zapewni\u0105 komfort przez ca\u0142y rok.","og:url":"https:\/\/www.skalnik.pl\/blog\/materace-turystyczne-naturehike\/","og:image":"https:\/\/www.skalnik.pl\/blog\/wp-content\/uploads\/2023\/12\/DSC2483-1024x576.jpg","og:image:secure_url":"https:\/\/www.skalnik.pl\/blog\/wp-content\/uploads\/2023\/12\/DSC2483-1024x576.jpg","article:tag":["bran\u017ca","akcesoria turystyczne","biwak"],"article:published_time":"2023-12-13T08:48:36+00:00","article:modified_time":"2023-12-13T08:48:37+00:00","twitter:card":"summary_large_image","twitter:title":"Materace turystyczne Naturehike - blog Skalnik","twitter:description":"Wygoda podczas snu to podstawa podczas trekking\u00f3w czy w podr\u00f3\u017cy. Lekkie materace turystyczne Naturehike nie obci\u0105\u017c\u0105 baga\u017cu i zapewni\u0105 komfort przez ca\u0142y rok.","twitter:image":"https:\/\/www.skalnik.pl\/blog\/wp-content\/uploads\/2023\/12\/DSC2483-1024x576.jpg"},"aioseo_meta_data":{"post_id":"25129","title":null,"description":"Wygoda podczas snu to podstawa podczas trekking\u00f3w czy w podr\u00f3\u017cy. Lekkie materace turystyczne Naturehike nie obci\u0105\u017c\u0105 baga\u017cu i zapewni\u0105 komfort przez ca\u0142y rok.","keywords":[],"keyphrases":{"focus":{"keyphrase":"materace turystyczne naturehike","score":90,"analysis":{"keyphraseInTitle":{"score":9,"maxScore":9,"error":0},"keyphraseInDescription":{"score":9,"maxScore":9,"error":0},"keyphraseLength":{"score":9,"maxScore":9,"error":0,"length":3},"keyphraseInURL":{"score":5,"maxScore":5,"error":0},"keyphraseInIntroduction":{"score":9,"maxScore":9,"error":0},"keyphraseInSubHeadings":{"score":3,"maxScore":9,"error":1},"keyphraseInImageAlt":{"score":9,"maxScore":9,"error":0}}},"additional":[]},"primary_term":null,"canonical_url":null,"og_title":null,"og_description":null,"og_object_type":"default","og_image_type":"default","og_image_url":null,"og_image_width":null,"og_image_height":null,"og_image_custom_url":null,"og_image_custom_fields":null,"og_video":"","og_custom_url":null,"og_article_section":null,"og_article_tags":[],"twitter_use_og":false,"twitter_card":"default","twitter_image_type":"default","twitter_image_url":null,"twitter_image_custom_url":null,"twitter_image_custom_fields":null,"twitter_title":null,"twitter_description":null,"schema":{"blockGraphs":[],"customGraphs":[],"default":{"data":{"Article":[],"Course":[],"Dataset":[],"FAQPage":[],"Movie":[],"Person":[],"Product":[],"ProductReview":[],"Car":[],"Recipe":[],"Service":[],"SoftwareApplication":[],"WebPage":[]},"graphName":"","isEnabled":true},"graphs":[]},"schema_type":"default","schema_type_options":null,"pillar_content":false,"robots_default":true,"robots_noindex":false,"robots_noarchive":false,"robots_nosnippet":false,"robots_nofollow":false,"robots_noimageindex":false,"robots_noodp":false,"robots_notranslate":false,"robots_max_snippet":"-1","robots_max_videopreview":"-1","robots_max_imagepreview":"large","priority":null,"frequency":"default","local_seo":null,"breadcrumb_settings":null,"limit_modified_date":false,"ai":null,"created":"2023-12-13 07:14:55","updated":"2026-02-17 22:47:46","seo_analyzer_scan_date":null},"aioseo_breadcrumb":"<div class=\"aioseo-breadcrumbs\"><span class=\"aioseo-breadcrumb\">\n\t\t\t<a href=\"https:\/\/www.skalnik.pl\/blog\" title=\"Home\">Home<\/a>\n\t\t<\/span><span class=\"aioseo-breadcrumb-separator\">&raquo;<\/span><span class=\"aioseo-breadcrumb\">\n\t\t\t<a href=\"https:\/\/www.skalnik.pl\/blog\/.\/branza\/\" title=\"Bran\u017ca\">Bran\u017ca<\/a>\n\t\t<\/span><span class=\"aioseo-breadcrumb-separator\">&raquo;<\/span><span class=\"aioseo-breadcrumb\">\n\t\t\tMaterace turystyczne Naturehike\n\t\t<\/span><\/div>","aioseo_breadcrumb_json":[{"label":"Home","link":"https:\/\/www.skalnik.pl\/blog"},{"label":"Bran\u017ca","link":"https:\/\/www.skalnik.pl\/blog\/.\/branza\/"},{"label":"Materace turystyczne Naturehike","link":"https:\/\/www.skalnik.pl\/blog\/materace-turystyczne-naturehike\/"}],"_links":{"self":[{"href":"https:\/\/www.skalnik.pl\/blog\/wp-json\/wp\/v2\/posts\/25129","targetHints":{"allow":["GET"]}}],"collection":[{"href":"https:\/\/www.skalnik.pl\/blog\/wp-json\/wp\/v2\/posts"}],"about":[{"href":"https:\/\/www.skalnik.pl\/blog\/wp-json\/wp\/v2\/types\/post"}],"author":[{"embeddable":true,"href":"https:\/\/www.skalnik.pl\/blog\/wp-json\/wp\/v2\/users\/41"}],"replies":[{"embeddable":true,"href":"https:\/\/www.skalnik.pl\/blog\/wp-json\/wp\/v2\/comments?post=25129"}],"version-history":[{"count":3,"href":"https:\/\/www.skalnik.pl\/blog\/wp-json\/wp\/v2\/posts\/25129\/revisions"}],"predecessor-version":[{"id":25141,"href":"https:\/\/www.skalnik.pl\/blog\/wp-json\/wp\/v2\/posts\/25129\/revisions\/25141"}],"wp:featuredmedia":[{"embeddable":true,"href":"https:\/\/www.skalnik.pl\/blog\/wp-json\/wp\/v2\/media\/25130"}],"wp:attachment":[{"href":"https:\/\/www.skalnik.pl\/blog\/wp-json\/wp\/v2\/media?parent=25129"}],"wp:term":[{"taxonomy":"category","embeddable":true,"href":"https:\/\/www.skalnik.pl\/blog\/wp-json\/wp\/v2\/categories?post=25129"},{"taxonomy":"post_tag","embeddable":true,"href":"https:\/\/www.skalnik.pl\/blog\/wp-json\/wp\/v2\/tags?post=25129"},{"taxonomy":"magento_category","embeddable":true,"href":"https:\/\/www.skalnik.pl\/blog\/wp-json\/wp\/v2\/magento_category?post=25129"},{"taxonomy":"magento_product","embeddable":true,"href":"https:\/\/www.skalnik.pl\/blog\/wp-json\/wp\/v2\/magento_product?post=25129"}],"curies":[{"name":"wp","href":"https:\/\/api.w.org\/{rel}","templated":true}]}}