{"id":25143,"date":"2023-12-14T14:37:06","date_gmt":"2023-12-14T12:37:06","guid":{"rendered":"https:\/\/www.skalnik.pl\/blog\/?p=25143"},"modified":"2024-09-30T17:45:57","modified_gmt":"2024-09-30T15:45:57","slug":"gregory-zulu-40-test-plecaka-trekkingowego","status":"publish","type":"post","link":"https:\/\/www.skalnik.pl\/blog\/gregory-zulu-40-test-plecaka-trekkingowego\/","title":{"rendered":"Gregory Zulu 40 &#8211; test plecaka trekkingowego"},"content":{"rendered":"\n<p><strong>W wy\u015bcigu o laur firmy produkuj\u0105cej najlepsze plecaki w g\u00f3ry mamy naprawd\u0119 wielu powa\u017cnych zawodnik\u00f3w. U mnie od lat niezmiennie na podium sta\u0142y Deuter i Osprey, a tak\u017ce polski Wisport \u2014 cho\u0107 ten ostatni bardziej z segmentu militarno-survivalowego. W kierunku ameryka\u0144skiej marki Gregory \u2014 czyli bohatera dzisiejszego odcinka \u2014 nie spogl\u0105da\u0142em zbyt cz\u0119sto, mo\u017ce dlatego, \u017ce to brand na naszym rynku znany stosunkowo od niedawna.<\/strong><\/p>\n\n\n\n<p>C\u00f3\u017c, po testach modelu <strong>Gregory Zulu 40<\/strong> musia\u0142em do\u015b\u0107 mocno zweryfikowa\u0107 sw\u00f3j ranking. Za co go polubi\u0142em i jakie jego cechy sprawi\u0142y, \u017ce sta\u0142 si\u0119 jednym z moich ulubionych plecak\u00f3w trekkingowych, dowiecie si\u0119 ju\u017c za moment?<\/p>\n\n\n\n<div id=\"ez-toc-container\" class=\"ez-toc-v2_0_85 counter-hierarchy ez-toc-counter ez-toc-light-blue ez-toc-container-direction\">\n<div class=\"ez-toc-title-container\">\n<p class=\"ez-toc-title\" style=\"cursor:inherit\">SPIS TRE\u015aCI <\/p>\n<span class=\"ez-toc-title-toggle\"><a href=\"#\" class=\"ez-toc-pull-right ez-toc-btn ez-toc-btn-xs ez-toc-btn-default ez-toc-toggle\" aria-label=\"Prze\u0142\u0105cznik Spisu Tre\u015bci\"><span class=\"ez-toc-js-icon-con\"><span class=\"\"><span class=\"eztoc-hide\" style=\"display:none;\">Toggle<\/span><span class=\"ez-toc-icon-toggle-span\"><svg style=\"fill: #999;color:#999\" xmlns=\"http:\/\/www.w3.org\/2000\/svg\" class=\"list-377408\" width=\"20px\" height=\"20px\" viewBox=\"0 0 24 24\" fill=\"none\"><path d=\"M6 6H4v2h2V6zm14 0H8v2h12V6zM4 11h2v2H4v-2zm16 0H8v2h12v-2zM4 16h2v2H4v-2zm16 0H8v2h12v-2z\" fill=\"currentColor\"><\/path><\/svg><svg style=\"fill: #999;color:#999\" class=\"arrow-unsorted-368013\" xmlns=\"http:\/\/www.w3.org\/2000\/svg\" width=\"10px\" height=\"10px\" viewBox=\"0 0 24 24\" version=\"1.2\" baseProfile=\"tiny\"><path d=\"M18.2 9.3l-6.2-6.3-6.2 6.3c-.2.2-.3.4-.3.7s.1.5.3.7c.2.2.4.3.7.3h11c.3 0 .5-.1.7-.3.2-.2.3-.5.3-.7s-.1-.5-.3-.7zM5.8 14.7l6.2 6.3 6.2-6.3c.2-.2.3-.5.3-.7s-.1-.5-.3-.7c-.2-.2-.4-.3-.7-.3h-11c-.3 0-.5.1-.7.3-.2.2-.3.5-.3.7s.1.5.3.7z\"\/><\/svg><\/span><\/span><\/span><\/a><\/span><\/div>\n<nav><ul class='ez-toc-list ez-toc-list-level-1 ' ><li class='ez-toc-page-1 ez-toc-heading-level-2'><a class=\"ez-toc-link ez-toc-heading-1\" href=\"https:\/\/www.skalnik.pl\/blog\/gregory-zulu-40-test-plecaka-trekkingowego\/#Gregory_%E2%80%93_co_to_za_marka\" >Gregory &#8211; co to za marka?<\/a><\/li><li class='ez-toc-page-1 ez-toc-heading-level-2'><a class=\"ez-toc-link ez-toc-heading-2\" href=\"https:\/\/www.skalnik.pl\/blog\/gregory-zulu-40-test-plecaka-trekkingowego\/#Gregory_Zulu_40_%E2%80%93_nie_za_maly_nie_za_duzy_lecz_w_sam_raz\" >Gregory Zulu 40 &#8211; nie za ma\u0142y, nie za du\u017cy, lecz w sam raz<\/a><\/li><li class='ez-toc-page-1 ez-toc-heading-level-2'><a class=\"ez-toc-link ez-toc-heading-3\" href=\"https:\/\/www.skalnik.pl\/blog\/gregory-zulu-40-test-plecaka-trekkingowego\/#Plecak_Gregory_Zulu_40_%E2%80%93_budowa\" >Plecak Gregory Zulu 40 &#8211; budowa<\/a><\/li><li class='ez-toc-page-1 ez-toc-heading-level-2'><a class=\"ez-toc-link ez-toc-heading-4\" href=\"https:\/\/www.skalnik.pl\/blog\/gregory-zulu-40-test-plecaka-trekkingowego\/#Cechy_plecaka_Zulu_40_%E2%80%93_diabel_tkwi_w_szczegolach\" >Cechy plecaka Zulu 40 &#8211; diabe\u0142 tkwi w szczeg\u00f3\u0142ach<\/a><\/li><li class='ez-toc-page-1 ez-toc-heading-level-2'><a class=\"ez-toc-link ez-toc-heading-5\" href=\"https:\/\/www.skalnik.pl\/blog\/gregory-zulu-40-test-plecaka-trekkingowego\/#Plecak_Gregory_Zulu_40_%E2%80%94_plecak_idealny\" >Plecak Gregory Zulu 40 \u2014 plecak idealny?<\/a><\/li><\/ul><\/nav><\/div>\n<h2 class=\"wp-block-heading\"><span class=\"ez-toc-section\" id=\"Gregory_%E2%80%93_co_to_za_marka\"><\/span>Gregory &#8211; co to za marka?<span class=\"ez-toc-section-end\"><\/span><\/h2>\n\n\n\n<p>S\u0142owem wst\u0119pu przybli\u017cmy mo\u017ce pokr\u00f3tce histori\u0119 oraz dzia\u0142alno\u015b\u0107 marki Gregory. Jej nazwa jest nieprzypadkowa, wzi\u0119\u0142a si\u0119 albowiem od nazwiska jej tw\u00f3rcy Wayne\u2019a Gregory. Wayne od najm\u0142odszych lat interesowa\u0142 si\u0119 skautingiem i sprz\u0119tem turystycznym. Po pierwszych pr\u00f3bach w projektowaniu i sprzeda\u017cy plecak\u00f3w, w roku 1977 oficjalnie powsta\u0142a firma i marka Gregory.<\/p>\n\n\n\n<p>Od pocz\u0105tku jej celem by\u0142o nowatorskie podej\u015bcie do tworzenia plecak\u00f3w, odmienne od tradycyjnego modelu \u201eworka na szelkach\u201d. Plecaki turystyczne Gregory wprowadza\u0142y na rynek wiele nowych i ciekawych rozwi\u0105za\u0144 z zakresu anatomicznej konstrukcji plecaka, dost\u0119pu do niego, czy co chyba najwa\u017cniejsze \u2014 innowacyjnych i niezwykle wygodnych system\u00f3w no\u015bnych.<\/p>\n\n\n\n<p>Obecnie marka Gregory cieszy si\u0119 bardzo dobr\u0105 renom\u0105 w outdoorowym \u015bwiatku i oferuje bardzo r\u00f3\u017cnorodn\u0105 i kompleksow\u0105 ofert\u0119 plecak\u00f3w. Pojemne i komfortowe plecaki dla hiker\u00f3w i backpackers\u00f3w, zaawansowane modele skiturowe i alpinistyczne, lekkie plecaki <em>fast and light<\/em>, a nawet miejskie modele EDC.<\/p>\n\n\n<div class=\"wp-block-image\">\n<figure class=\"aligncenter size-full\"><img loading=\"lazy\" decoding=\"async\" width=\"1024\" height=\"683\" src=\"https:\/\/www.skalnik.pl\/blog\/wp-content\/uploads\/2023\/12\/IMG_9520.jpg\" alt=\"plecak trekkingowy gregory \" class=\"wp-image-25146\" srcset=\"https:\/\/www.skalnik.pl\/blog\/wp-content\/uploads\/2023\/12\/IMG_9520.jpg 1024w, https:\/\/www.skalnik.pl\/blog\/wp-content\/uploads\/2023\/12\/IMG_9520-300x200.jpg 300w, https:\/\/www.skalnik.pl\/blog\/wp-content\/uploads\/2023\/12\/IMG_9520-768x512.jpg 768w\" sizes=\"auto, (max-width: 1024px) 100vw, 1024px\" \/><figcaption class=\"wp-element-caption\"><em>Bohater tego wpisu, plecak Gregory Zulu 40! <\/em><\/figcaption><\/figure>\n<\/div>\n\n\n<figure class=\"wp-block-image size-full\"><a href=\"https:\/\/www.skalnik.pl\/gregory\" target=\"_blank\" rel=\"noreferrer noopener\"><img loading=\"lazy\" decoding=\"async\" width=\"1024\" height=\"250\" src=\"https:\/\/www.skalnik.pl\/blog\/wp-content\/uploads\/2023\/12\/BANER-PLECAKI-GREGORY.jpg\" alt=\"GREGORY BANER SKLEP\" class=\"wp-image-25160\" srcset=\"https:\/\/www.skalnik.pl\/blog\/wp-content\/uploads\/2023\/12\/BANER-PLECAKI-GREGORY.jpg 1024w, https:\/\/www.skalnik.pl\/blog\/wp-content\/uploads\/2023\/12\/BANER-PLECAKI-GREGORY-300x73.jpg 300w, https:\/\/www.skalnik.pl\/blog\/wp-content\/uploads\/2023\/12\/BANER-PLECAKI-GREGORY-768x188.jpg 768w\" sizes=\"auto, (max-width: 1024px) 100vw, 1024px\" \/><\/a><\/figure>\n\n\n\n<h2 class=\"wp-block-heading\"><span class=\"ez-toc-section\" id=\"Gregory_Zulu_40_%E2%80%93_nie_za_maly_nie_za_duzy_lecz_w_sam_raz\"><\/span>Gregory Zulu 40 &#8211; nie za ma\u0142y, nie za du\u017cy, lecz w sam raz<span class=\"ez-toc-section-end\"><\/span><\/h2>\n\n\n\n<p>W katalogu firmy Gregory znajdziemy kilka wersji plecaka Zulu, kt\u00f3re \u0142\u0105czy podobna bry\u0142a. Zakres pojemno\u015bci jest tu bardzo du\u017cy: od najmniejszego modelu 30-litrowego, a\u017c po du\u017cy 65-litrowy na najd\u0142u\u017csze i najbardziej wymagaj\u0105ce wyprawy. Kiedy\u015b wydawa\u0142o mi si\u0119, \u017ce \u201cczterdziestka\u201d to dziwny litra\u017c dla plecaka. Za du\u017co na weekendowy wypad latem, za ma\u0142o na dwuygodniowy trekking szlakiem d\u0142ugodystansowym. Po pewnym czasie u\u017cytkowania okaza\u0142o si\u0119 jednak, \u017ce Zulu 40 jest bardzo uniwersalny i o jego praktycznej pojemno\u015bci nie \u015bwiadcz\u0105 tylko suche cyferki, ale bardzo przemy\u015blana konstrukcja komory i kieszeni dodatkowych.<\/p>\n\n\n\n<p>Plecak, gdy nie jest na maksa wypakowany mo\u017cna bardzo skutecznie skompresowa\u0107, wi\u0119c nawet na kr\u00f3tsz\u0105 wycieczk\u0119 w Karkonosze nie b\u0119dzie za du\u017cy, a gdy planujemy biwak w terenie i musimy pomie\u015bci\u0107 hamak, \u015bpiw\u00f3r i zapas jedzenia &#8211; wtedy jest idealnie. \u015awietnie sprawdzi si\u0119 te\u017c zim\u0105, gdy w plecaku musz\u0105 znale\u017a\u0107 si\u0119 dodatkowe warstwy odzie\u017cy, sprz\u0119t zimowy i termos. Podsumowuj\u0105c \u2014 w zale\u017cno\u015bci od sezonu poleci\u0142bym wersj\u0119 40-litrow\u0105 Zulu na wypady w g\u00f3ry trwaj\u0105ce od dw\u00f3ch dni do nawet tygodnia.<\/p>\n\n\n\t<div class=\"magento-wrapper\">\n\t\t<ul class=\"products\">\n\t\t\t<li class=\"product\">\n\t\n\t\t<div class=\"image\">\n\t\t\t<a href=\"https:\/\/www.skalnik.pl\/plecak-zulu-40-forage-green-1014210\" target=\"_self\">\n\t\t\t\t\t\t<img\n\t\t\tsrc=\"https:\/\/www.skalnik.pl\/media\/catalog\/product\/p\/l\/plecak-zulu-40-forage-green-1014210_1.jpg\"\n\t\t\talt=\"PLECAK ZULU 40-FORAGE GREEN\"\n\t\t\t\t\t\t\t\t\/>\n\t\t\t\t\t<\/a>\n\t\t<\/div>\n\n\t\t\n\t\t<a href=\"https:\/\/www.skalnik.pl\/plecak-zulu-40-forage-green-1014210\" target=\"_self\"><span class=\"name\">PLECAK ZULU 40-FORAGE GREEN<\/span><\/a>\t\n\t\n\t\n\t<div class=\"url\"><a class=\"view-details\" href=\"https:\/\/www.skalnik.pl\/plecak-zulu-40-forage-green-1014210\">Zobacz wi\u0119cej <\/a><\/div><\/li>\n<li class=\"product\">\n\t\n\t\t<div class=\"image\">\n\t\t\t<a href=\"https:\/\/www.skalnik.pl\/plecak-zulu-40-halo-blue-1014207\" target=\"_self\">\n\t\t\t\t\t\t<img\n\t\t\tsrc=\"https:\/\/www.skalnik.pl\/media\/catalog\/product\/p\/l\/plecak-zulu-40-halo-blue-1014207_1_4.jpg\"\n\t\t\talt=\"PLECAK ZULU 40-HALO BLUE\"\n\t\t\t\t\t\t\t\t\/>\n\t\t\t\t\t<\/a>\n\t\t<\/div>\n\n\t\t\n\t\t<a href=\"https:\/\/www.skalnik.pl\/plecak-zulu-40-halo-blue-1014207\" target=\"_self\"><span class=\"name\">PLECAK ZULU 40-HALO BLUE<\/span><\/a>\t\n\t\n\t\n\t<div class=\"url\"><a class=\"view-details\" href=\"https:\/\/www.skalnik.pl\/plecak-zulu-40-halo-blue-1014207\">Zobacz wi\u0119cej <\/a><\/div><\/li>\n<li class=\"product\">\n\t\n\t\t<div class=\"image\">\n\t\t\t<a href=\"https:\/\/www.skalnik.pl\/plecak-zulu-40-volcanic-black-1015854\" target=\"_self\">\n\t\t\t\t\t\t<img\n\t\t\tsrc=\"https:\/\/www.skalnik.pl\/media\/catalog\/product\/p\/l\/plecak-zulu-40-volcanic-black-1015854_1_5.jpg\"\n\t\t\talt=\"PLECAK ZULU 40-VOLCANIC BLACK\"\n\t\t\t\t\t\t\t\t\/>\n\t\t\t\t\t<\/a>\n\t\t<\/div>\n\n\t\t\n\t\t<a href=\"https:\/\/www.skalnik.pl\/plecak-zulu-40-volcanic-black-1015854\" target=\"_self\"><span class=\"name\">PLECAK ZULU 40-VOLCANIC BLACK<\/span><\/a>\t\n\t\n\t\n\t<div class=\"url\"><a class=\"view-details\" href=\"https:\/\/www.skalnik.pl\/plecak-zulu-40-volcanic-black-1015854\">Zobacz wi\u0119cej <\/a><\/div><\/li>\n\t\t<\/ul>\n\t<\/div>\n\n\n\n\n<p class=\"has-white-color has-vivid-cyan-blue-background-color has-text-color has-background\">Kliknij i odkryj wszystkie &#8211;&gt; <strong><a href=\"https:\/\/www.skalnik.pl\/sprzet-turystyczny\/plecaki\/plecaki-turystyczne\/marka:gregory\" target=\"_blank\" rel=\"noopener\" title=\"\">plecaki turystyczne Gregory<\/a><\/strong>. <\/p>\n\n\n\n<h2 class=\"wp-block-heading\"><span class=\"ez-toc-section\" id=\"Plecak_Gregory_Zulu_40_%E2%80%93_budowa\"><\/span>Plecak Gregory Zulu 40 &#8211; budowa<span class=\"ez-toc-section-end\"><\/span><\/h2>\n\n\n\n<p>Zacznijmy od materia\u0142u. Do uszycia g\u0142\u00f3wnej cz\u0119\u015bci plecaka u\u017cyto pochodz\u0105cego cz\u0119\u015bciowo z recyclingu <strong>Nylonu 210D<\/strong> ze splotem Honeycomb Cryptorip. Jest to technika wzmacniania tkaniny podobna do charakterystycznej \u201ekratki\u201d <strong>Rip-Stop<\/strong>, kt\u00f3ra podnosi wytrzyma\u0142o\u015b\u0107 na rozdarcia. Doln\u0105 cz\u0119\u015b\u0107 plecaka, kt\u00f3ra b\u0119dzie musia\u0142a wytrzyma\u0107 k\u0142adzenie plecaka na kamieniach, piachu, asfalcie i innych pod\u0142o\u017cach wykonano z mocniejszej odmiany Nylonu 420D.<\/p>\n\n\n\n<figure class=\"wp-block-image size-full\"><img loading=\"lazy\" decoding=\"async\" width=\"1024\" height=\"683\" src=\"https:\/\/www.skalnik.pl\/blog\/wp-content\/uploads\/2023\/12\/gregory-zulu-6.jpg\" alt=\"gregory zulu plecak na trekking\" class=\"wp-image-25147\" srcset=\"https:\/\/www.skalnik.pl\/blog\/wp-content\/uploads\/2023\/12\/gregory-zulu-6.jpg 1024w, https:\/\/www.skalnik.pl\/blog\/wp-content\/uploads\/2023\/12\/gregory-zulu-6-300x200.jpg 300w, https:\/\/www.skalnik.pl\/blog\/wp-content\/uploads\/2023\/12\/gregory-zulu-6-768x512.jpg 768w\" sizes=\"auto, (max-width: 1024px) 100vw, 1024px\" \/><\/figure>\n\n\n\n<p>Zastosowano tu system no\u015bny typu FreeFloat, co oznacza, \u017ce jego elementy nie s\u0105 na sta\u0142e zespolone z bry\u0142\u0105 plecaka i b\u0119d\u0105 \u201cpracowa\u0107\u201d razem z ruchami u\u017cytkownika. Na swobod\u0119 ruchu maj\u0105 te\u017c wp\u0142yw ruchome panele pasa biodrowego, kt\u00f3re wykonano w technologii <strong>3D Comfort Cradle<\/strong>. Ca\u0142o\u015b\u0107 siedzi na lekkiej i sztywnej ramie <strong>X-Frame <\/strong>z aluminium i w\u0142\u00f3kna w\u0119glowego. System bardzo skutecznie przenosi ci\u0119\u017car plecaka na l\u0119d\u017awia i biodra pozwalaj\u0105c odci\u0105\u017cy\u0107 ramiona. Siatka rozpi\u0119ta na stela\u017cu pozwala zdystansowa\u0107 plecak od naszych plec\u00f3w, wydatnie poprawiaj\u0105c wentylacj\u0119 w gor\u0105ce dni.<\/p>\n\n\n\n<p>Skoro mowa o ramionach \u2014 szelki s\u0105 grubie i mi\u0119ciutkie. Na pasie piersiowym mamy gwizdek i klips na w\u0119\u017cyk od buk\u0142aka z wod\u0105. Fajnie rozwi\u0105zano tu regulacj\u0119 g\u00f3ra-d\u00f3\u0142 pasa piersiowego.kt\u00f3ra jest p\u0142ynna. Wiem, \u017ce wielu g\u00f3ro\u0142az\u00f3w-fotograf\u00f3w korzysta z klipsa do aparatu Capture firmy Peak Design, wi\u0119c info dla nich, \u017ce klips bez problemu mie\u015bci si\u0119 na szelce (cho\u0107 jest do\u015b\u0107 ciasno, z uwagi na grubo\u015b\u0107 samej szelki).<\/p>\n\n\n\n<figure class=\"wp-block-image size-full\"><img loading=\"lazy\" decoding=\"async\" width=\"1024\" height=\"683\" src=\"https:\/\/www.skalnik.pl\/blog\/wp-content\/uploads\/2023\/12\/gregory-zulu-17.jpg\" alt=\"system no\u015bny w plecaku gregory zulu\" class=\"wp-image-25148\" srcset=\"https:\/\/www.skalnik.pl\/blog\/wp-content\/uploads\/2023\/12\/gregory-zulu-17.jpg 1024w, https:\/\/www.skalnik.pl\/blog\/wp-content\/uploads\/2023\/12\/gregory-zulu-17-300x200.jpg 300w, https:\/\/www.skalnik.pl\/blog\/wp-content\/uploads\/2023\/12\/gregory-zulu-17-768x512.jpg 768w\" sizes=\"auto, (max-width: 1024px) 100vw, 1024px\" \/><\/figure>\n\n\n\n<p>Zwr\u00f3\u0107cie uwag\u0119, \u017ce plecak jest dost\u0119pny w dw\u00f3ch rozmiarach: S\/M oraz M\/L. Na stronie producenta mo\u017cna znale\u017a\u0107 szczeg\u00f3\u0142ow\u0105 instrukcj\u0119 jak zmierzy\u0107 d\u0142ugo\u015b\u0107 korpusu i odpowiednio dobra\u0107 rozmiar. P\u00f3\u017aniej mamy jeszcze mo\u017cliwo\u015b\u0107 regulacji w pewnym zakresie wysoko\u015bci systemu no\u015bnego (blokowany jest przy u\u017cyciu rzepa).<\/p>\n\n\n\n<p>Po odpowiednim wyregulowaniu jest tu naprawd\u0119 wygodnie i oceniam system no\u015bny plecaka Zulu 40 na pi\u0105tk\u0119 z plusem &#8211; nic nie uwiera i nie obciera, nawet po wielogodzinnej w\u0119dr\u00f3wce. Sam plecak jest te\u017c stosunkowo lekki \u2014 pusty wa\u017cy oko\u0142o 1300 gram\u00f3w. Nie jest to oczywi\u015bcie klasa ultra-light, ale jak na tak rozbudowany i komfortowy system no\u015bny uwa\u017cam to za bardzo przyzwoity wynik.<\/p>\n\n\n\n<h2 class=\"wp-block-heading\"><span class=\"ez-toc-section\" id=\"Cechy_plecaka_Zulu_40_%E2%80%93_diabel_tkwi_w_szczegolach\"><\/span>Cechy plecaka Zulu 40 &#8211; diabe\u0142 tkwi w szczeg\u00f3\u0142ach<span class=\"ez-toc-section-end\"><\/span><\/h2>\n\n\n\n<p>Przejd\u017amy teraz po kolei po szeregu detali plecaka Zulu 40, bo poza udanym systemem no\u015bnym to w\u0142a\u015bnie poszczeg\u00f3lne rozwi\u0105zania sprawiaj\u0105, \u017ce tak dobrze si\u0119 go u\u017cywa na szlaku. Wida\u0107, \u017ce tego plecaka nie projektowali przypadkowi ludzie, ale do\u015bwiadczona ekipa projektant\u00f3w, kt\u00f3ra sama outdoorowego sprz\u0119tu u\u017cywa i wie, jak to wszystko powinno wygl\u0105da\u0107.<\/p>\n\n\n\n<ul class=\"wp-block-list\">\n<li><strong>Komin<\/strong> \u2014 ze \u015bci\u0105gaczem oraz ta\u015bm\u0105 z klamr\u0105 typu fastex. Dzi\u0119ki takiemu podw\u00f3jnemu rozwi\u0105zaniu mamy nie tylko szczelne zamkni\u0119cie g\u0142\u00f3wnej komory od g\u00f3ry, ale te\u017c bardzo dobr\u0105 kompresj\u0119, kt\u00f3ra pozwala zmie\u015bci\u0107 pod klap\u0105 du\u017co wi\u0119cej rzeczy ni\u017c pierwotnie mog\u0142oby si\u0119 wydawa\u0107. Mi\u0142y detal to ta\u015bma pozwalaj\u0105ca jednym, szybkim poci\u0105gni\u0119ciem otworzy\u0107 komin \u2014 bez zabawy ze \u015bci\u0105gaczem i luzowaniem stopera.<\/li>\n\n\n\n<li><strong>D<\/strong><strong>odatkowy d<\/strong><strong>ost\u0119p od frontu do g\u0142\u00f3wnej komory <\/strong>\u2014 przydatna rzecz, je\u015bli chcemy wyci\u0105gn\u0105\u0107 co\u015b z dna plecaka bez konieczno\u015bci wyrzucania wszystkiego po kolei przez komin.<\/li>\n\n\n\n<li><strong>Kieszenie w klapie<\/strong> \u2014 mamy tu dwie: zewn\u0119trzn\u0105 i wewn\u0119trzn\u0105. Idealne do spakowania przydatnych drobiazg\u00f3w, takich jak czo\u0142\u00f3wka, powerbank, mapa, czapka czy kanapki. Wewn\u0119trzna kiesze\u0144 posiada klasyczn\u0105 tasiemk\u0119 do przypi\u0119cia kluczy. Nie wiem czy ktokolwiek, kiedykolwiek faktycznie przypi\u0105\u0142 tam klucze, ale\u2026 mo\u017cna!<\/li>\n<\/ul>\n\n\n\n<ul class=\"wp-block-list\">\n<li><strong>P\u0142aska kiesze\u0144 na przodzie<\/strong> \u2014 wykonana z elastycznego, stretchowego materia\u0142u, a od g\u00f3ry zamykana klamr\u0105. Dobra dla wi\u0119kszych przedmiot\u00f3w, kt\u00f3re chcemy mie\u0107 pod r\u0119k\u0105 bez konieczno\u015bci otwierania plecaka \u2014 spokojnie wejdzie tam kurtka hardshell na wypadek deszczu, b\u0105d\u017a lekka puch\u00f3wka do dogrzania si\u0119 podczas postoju na herbat\u0119.<\/li>\n<\/ul>\n\n\n\n<ul class=\"wp-block-list\">\n<li><strong>Boczne kieszenie<\/strong> \u2014 r\u00f3wnie\u017c wykonane ze stretchowej siateczki. S\u0105 obszerne i g\u0142\u0119bokie, zmie\u015bci si\u0119 tam praktycznie ka\u017cdy rodzaj butelki: popularna 1-litrowa Nalgene, plastikowa butelka PET ze sklepu, a nawet spory termos, jak w moim przypadku litrowy Esbit. Je\u015bli odpowiednio zabezpieczycie groty, aby nie uszkodzi\u0142y siateczki, mo\u017cna tam te\u017c wsadzi\u0107 z\u0142o\u017cone kijki trekkingowe.<\/li>\n<\/ul>\n\n\n\n<figure class=\"wp-block-image size-large\"><img loading=\"lazy\" decoding=\"async\" width=\"1024\" height=\"819\" src=\"https:\/\/www.skalnik.pl\/blog\/wp-content\/uploads\/2023\/12\/Niebieski-i-Kremowy-Podroz-Wakacje-Plany-Kolaz-Fotograficzny-1024x819.jpg\" alt=\"detale plecaki gregory zulu\" class=\"wp-image-25149\" srcset=\"https:\/\/www.skalnik.pl\/blog\/wp-content\/uploads\/2023\/12\/Niebieski-i-Kremowy-Podroz-Wakacje-Plany-Kolaz-Fotograficzny-1024x819.jpg 1024w, https:\/\/www.skalnik.pl\/blog\/wp-content\/uploads\/2023\/12\/Niebieski-i-Kremowy-Podroz-Wakacje-Plany-Kolaz-Fotograficzny-300x240.jpg 300w, https:\/\/www.skalnik.pl\/blog\/wp-content\/uploads\/2023\/12\/Niebieski-i-Kremowy-Podroz-Wakacje-Plany-Kolaz-Fotograficzny-768x614.jpg 768w, https:\/\/www.skalnik.pl\/blog\/wp-content\/uploads\/2023\/12\/Niebieski-i-Kremowy-Podroz-Wakacje-Plany-Kolaz-Fotograficzny-1536x1229.jpg 1536w, https:\/\/www.skalnik.pl\/blog\/wp-content\/uploads\/2023\/12\/Niebieski-i-Kremowy-Podroz-Wakacje-Plany-Kolaz-Fotograficzny.jpg 2000w\" sizes=\"auto, (max-width: 1024px) 100vw, 1024px\" \/><\/figure>\n\n\n\n<ul class=\"wp-block-list\">\n<li><strong>Kieszenie na pasie biodrowym<\/strong> \u2014 z obu stron. Ca\u0142kiem poka\u017ane. Zmie\u015bci si\u0119 do nich du\u017cych rozmiar\u00f3w telefon (a w dzisiejszych czasach prawie ka\u017cdy jest du\u017cy), ja zawsze pakuj\u0119 tam podr\u0119czn\u0105 mini-apteczk\u0119 i przek\u0105ski w postaci baton\u00f3w i \u017celi &#8211; wszystko do czego mo\u017cliwe, \u017ce b\u0119d\u0119 musia\u0142 si\u0119gn\u0105\u0107 podczas marszu bez konieczno\u015bci zdejmowania plecaka.<\/li>\n\n\n\n<li><strong>Ta\u015bmy kompresyjne<\/strong> \u2014 tradycyjnie na g\u00f3rze i na dole. Musz\u0119 si\u0119 tu zatrzyma\u0107 na d\u0142u\u017cej i pochwali\u0107 pomys\u0142 na schowanie dolnych ta\u015bm POD kieszeniami bocznymi. Umo\u017cliwia to kompresowanie plecaka bez konieczno\u015bci \u015bciskania w\u0142o\u017conej do bocznej kieszeni butelki. \u015awietna sprawa. Nie ma tu co prawda \u017cadnych dodatkowych ta\u015bm na dole plecaka ani na klapie, ale um\u00f3wmy si\u0119 &#8211; kto w 2023 roku troczy w ten spos\u00f3b namioty i karimaty? No dobrze, widz\u0119 te 3 osoby. B\u0119dziecie musieli zatem sobie poradzi\u0107 w inny spos\u00f3b.<\/li>\n\n\n\n<li><strong>Uchwyt na czekan\/kije<\/strong> \u2014 czyli standardowa p\u0119tla na dole plus uchwyt ze \u015bci\u0105gaczem na g\u00f3rze. Zim\u0105 korzystam z tego rozwi\u0105zania do przypi\u0119cia czekana, ale przyznam szczerze, \u017ce kij\u00f3w nie lubi\u0119 w ten spos\u00f3b mocowa\u0107 \u2014 wol\u0119 przytroczy\u0107 je z boku plecaka na ta\u015bmach, gdzie s\u0105 stabilniejsze i na pewno nikomu nie zrobi\u0105 krzywdy. Cieszy fakt, \u017ce dolna p\u0119tla jest regulowana (co rzadko si\u0119 pojawia w innych plecakach), dzi\u0119ki czemu mo\u017cna lepiej docisn\u0105\u0107 i ustabilizowa\u0107 czekan\/kije.<\/li>\n<\/ul>\n\n\n\n<figure class=\"wp-block-image size-large\"><img loading=\"lazy\" decoding=\"async\" width=\"1024\" height=\"819\" src=\"https:\/\/www.skalnik.pl\/blog\/wp-content\/uploads\/2023\/12\/detale-plecak-zulu-1024x819.jpg\" alt=\"plecak gregory zulu detale\" class=\"wp-image-25150\" srcset=\"https:\/\/www.skalnik.pl\/blog\/wp-content\/uploads\/2023\/12\/detale-plecak-zulu-1024x819.jpg 1024w, https:\/\/www.skalnik.pl\/blog\/wp-content\/uploads\/2023\/12\/detale-plecak-zulu-300x240.jpg 300w, https:\/\/www.skalnik.pl\/blog\/wp-content\/uploads\/2023\/12\/detale-plecak-zulu-768x614.jpg 768w, https:\/\/www.skalnik.pl\/blog\/wp-content\/uploads\/2023\/12\/detale-plecak-zulu-1536x1229.jpg 1536w, https:\/\/www.skalnik.pl\/blog\/wp-content\/uploads\/2023\/12\/detale-plecak-zulu.jpg 2000w\" sizes=\"auto, (max-width: 1024px) 100vw, 1024px\" \/><\/figure>\n\n\n\n<ul class=\"wp-block-list\">\n<li><strong>Miejsce na system hydracyjny<\/strong> \u2014 to otwarta kiesze\u0144 wewn\u0105trz g\u0142\u00f3wnej komory. Do podczepienia buk\u0142aka nie ma tam cz\u0119sto stosowanej tasiemki, tylko plastikowy haczyk. Pewnie nie do ka\u017cdego buk\u0142aka b\u0119dzie to pasowa\u0107, ale m\u00f3j buk\u0142ak Salomona\/Hydrapak uda\u0142o si\u0119 podwiesi\u0107 na tym haczyku, dzi\u0119ki czemu wype\u0142niony wod\u0105 buk\u0142ak nie wpada do \u015brodka. Otw\u00f3r na wyprowadzenie rurki jest obustronny, a na szelce mo\u017cemy j\u0105 zabezpieczy\u0107 pod elastyczn\u0105 ta\u015bm\u0105 \u2014 tak z lewej, jaki z prawej strony.<\/li>\n\n\n\n<li><strong>Pokrowiec przeciwdeszczowy <\/strong>\u2014 oczywi\u015bcie jest, niestety nie ma dla niego dedykowanej kieszeni na spodzie plecaka, wi\u0119c musimy go upchn\u0105\u0107 w inne miejsce. T\u0119 niedogodno\u015b\u0107 wynagradza fakt, \u017ce pokrowiec jest do\u015b\u0107 obszerny, wi\u0119c nie ma problemu z naci\u0105gni\u0119ciem go na plecak wypakowany pod kurek, dodatkowo z butelkami lub termosem na bokach.<\/li>\n<\/ul>\n\n\n\n<figure class=\"wp-block-image size-full\"><img loading=\"lazy\" decoding=\"async\" width=\"1024\" height=\"683\" src=\"https:\/\/www.skalnik.pl\/blog\/wp-content\/uploads\/2023\/12\/gregory-zulu-2.jpg\" alt=\"plecak gregory zulu 40 test\" class=\"wp-image-25151\" srcset=\"https:\/\/www.skalnik.pl\/blog\/wp-content\/uploads\/2023\/12\/gregory-zulu-2.jpg 1024w, https:\/\/www.skalnik.pl\/blog\/wp-content\/uploads\/2023\/12\/gregory-zulu-2-300x200.jpg 300w, https:\/\/www.skalnik.pl\/blog\/wp-content\/uploads\/2023\/12\/gregory-zulu-2-768x512.jpg 768w\" sizes=\"auto, (max-width: 1024px) 100vw, 1024px\" \/><\/figure>\n\n\n\n<h2 class=\"wp-block-heading\"><span class=\"ez-toc-section\" id=\"Plecak_Gregory_Zulu_40_%E2%80%94_plecak_idealny\"><\/span>Plecak Gregory Zulu 40 \u2014 plecak idealny?<span class=\"ez-toc-section-end\"><\/span><\/h2>\n\n\n\n<p>O tak dalece id\u0105ce podsumowanie si\u0119 tu nie pokusz\u0119. Nie da si\u0119 przecie\u017c wybra\u0107 jednego, idealnego plecaka do wszystkiego. Jednak je\u015bli zaw\u0119zimy obszar poszukiwa\u0144 do kilkudniowych plecak\u00f3w o pojemno\u015bci 35-45 litr\u00f3w&#8230; tutaj ju\u017c jest bardzo blisko do idea\u0142u. Dzi\u0119ki rewelacyjnemu, dynamicznemu systemowi no\u015bnemu, szerokich mo\u017cliwo\u015bciach regulacji i uniwersalnej pojemno\u015bci, Gregory Zulu 40 sta\u0142 si\u0119 jednym z moich ulubionych plecak\u00f3w. Do tego ca\u0142a gama drobnych rozwi\u0105za\u0144 u\u0142atwiaj\u0105cych \u017cycie, o kt\u00f3rych tak cz\u0119sto zapominaj\u0105 producenci sprz\u0119tu g\u00f3rskiego. Gregory \u2013 witamy na podium!<\/p>\n","protected":false},"excerpt":{"rendered":"<p>Poznaj plecak idealny na kr\u00f3tszy trekking &#8211; Poznaj Zulu 40!<\/p>\n","protected":false},"author":21,"featured_media":25144,"comment_status":"closed","ping_status":"closed","sticky":false,"template":"","format":"standard","meta":{"_acf_changed":false,"footnotes":""},"categories":[8],"tags":[23,229],"magento_category":[],"magento_product":[4887,4885,4881,4872,4877,4860,4874,4884,4834,4888,4824,4826,4827,4831,4829,4828,4825,4841,4839,4830,4842,4832,4833,4845,4855,4835,4844,4836,4837,4846,4889,4847,4840,4838,4843,4880,4848,4849,4870,4857,4871,4854,4878,4876,4853,4868,4879,4867,4850,4875,4859,4864,4862,4865,4883,4873,4890,4882,4851,4869,4861,4856,4866,4886,4858,4863,4852],"class_list":["post-25143","post","type-post","status-publish","format-standard","has-post-thumbnail","hentry","category-testy","tag-plecaki","tag-testy"],"acf":[],"aioseo_notices":[],"aioseo_head":"\n\t\t<!-- All in One SEO 4.9.10 - aioseo.com -->\n\t<meta name=\"description\" content=\"Test Gregory Zulu 40 to okazja, by pozna\u0107 z bliska plecak idealny na trekking. Sprawd\u017a jak spisa\u0142 si\u0119 jest ten plecak turystyczny. Mo\u017ce Ty te\u017c go pokochasz!\" \/>\n\t<meta name=\"robots\" content=\"max-image-preview:large\" \/>\n\t<meta name=\"author\" content=\"Dominik Marzec\"\/>\n\t<link rel=\"canonical\" href=\"https:\/\/www.skalnik.pl\/blog\/gregory-zulu-40-test-plecaka-trekkingowego\/\" \/>\n\t<meta name=\"generator\" content=\"All in One SEO (AIOSEO) 4.9.10\" \/>\n\t\t<meta property=\"og:locale\" content=\"pl_PL\" \/>\n\t\t<meta property=\"og:site_name\" content=\"blog Skalnik - Blog, porady, artyku\u0142y - blog Skalnik\" \/>\n\t\t<meta property=\"og:type\" content=\"article\" \/>\n\t\t<meta property=\"og:title\" content=\"Gregory Zulu 40 \u2013 test plecaka trekkingowego - blog Skalnik\" \/>\n\t\t<meta property=\"og:description\" content=\"Test Gregory Zulu 40 to okazja, by pozna\u0107 z bliska plecak idealny na trekking. Sprawd\u017a jak spisa\u0142 si\u0119 jest ten plecak turystyczny. Mo\u017ce Ty te\u017c go pokochasz!\" \/>\n\t\t<meta property=\"og:url\" content=\"https:\/\/www.skalnik.pl\/blog\/gregory-zulu-40-test-plecaka-trekkingowego\/\" \/>\n\t\t<meta property=\"og:image\" content=\"https:\/\/www.skalnik.pl\/blog\/wp-content\/uploads\/2023\/12\/gregory-zulu-test.jpg\" \/>\n\t\t<meta property=\"og:image:secure_url\" content=\"https:\/\/www.skalnik.pl\/blog\/wp-content\/uploads\/2023\/12\/gregory-zulu-test.jpg\" \/>\n\t\t<meta property=\"og:image:width\" content=\"1920\" \/>\n\t\t<meta property=\"og:image:height\" content=\"706\" \/>\n\t\t<meta property=\"article:tag\" content=\"testy\" \/>\n\t\t<meta property=\"article:tag\" content=\"plecaki\" \/>\n\t\t<meta property=\"article:published_time\" content=\"2023-12-14T12:37:06+00:00\" \/>\n\t\t<meta property=\"article:modified_time\" content=\"2024-09-30T15:45:57+00:00\" \/>\n\t\t<meta name=\"twitter:card\" content=\"summary_large_image\" \/>\n\t\t<meta name=\"twitter:title\" content=\"Gregory Zulu 40 \u2013 test plecaka trekkingowego - blog Skalnik\" \/>\n\t\t<meta name=\"twitter:description\" content=\"Test Gregory Zulu 40 to okazja, by pozna\u0107 z bliska plecak idealny na trekking. Sprawd\u017a jak spisa\u0142 si\u0119 jest ten plecak turystyczny. Mo\u017ce Ty te\u017c go pokochasz!\" \/>\n\t\t<meta name=\"twitter:image\" content=\"https:\/\/www.skalnik.pl\/blog\/wp-content\/uploads\/2023\/12\/gregory-zulu-test.jpg\" \/>\n\t\t<script type=\"application\/ld+json\" class=\"aioseo-schema\">\n\t\t\t{\"@context\":\"https:\\\/\\\/schema.org\",\"@graph\":[{\"@type\":\"BlogPosting\",\"@id\":\"https:\\\/\\\/www.skalnik.pl\\\/blog\\\/gregory-zulu-40-test-plecaka-trekkingowego\\\/#blogposting\",\"name\":\"Gregory Zulu 40 \\u2013 test plecaka trekkingowego - blog Skalnik\",\"headline\":\"Gregory Zulu 40 &#8211; test plecaka trekkingowego\",\"author\":{\"@id\":\"https:\\\/\\\/www.skalnik.pl\\\/blog\\\/author\\\/dominik-marzec\\\/#author\"},\"publisher\":{\"@id\":\"https:\\\/\\\/www.skalnik.pl\\\/blog\\\/#organization\"},\"image\":{\"@type\":\"ImageObject\",\"url\":\"https:\\\/\\\/www.skalnik.pl\\\/blog\\\/wp-content\\\/uploads\\\/2023\\\/12\\\/gregory-zulu-test.jpg\",\"width\":1920,\"height\":706},\"datePublished\":\"2023-12-14T14:37:06+02:00\",\"dateModified\":\"2024-09-30T17:45:57+02:00\",\"inLanguage\":\"pl-PL\",\"mainEntityOfPage\":{\"@id\":\"https:\\\/\\\/www.skalnik.pl\\\/blog\\\/gregory-zulu-40-test-plecaka-trekkingowego\\\/#webpage\"},\"isPartOf\":{\"@id\":\"https:\\\/\\\/www.skalnik.pl\\\/blog\\\/gregory-zulu-40-test-plecaka-trekkingowego\\\/#webpage\"},\"articleSection\":\"Testy, plecaki, testy, 1012771, 1012773, 1012778, 1012780, 1014207, 1014210, 1014216, 1014228, 1014231, 1015854, 602889, 602891, 602893, 602894, 602898, 602900, 602902, 602903, 602907, 602908, 602910, 602911, 641456, 641457, 641460, 641461, 641462, 641463, 641464, 641465, 641466, 641467, 641473, 641474, 641477, 641478, 641479, 641480, 641481, 641482, 641483, 641484, 641488641489641492, 641493, 641494, 641495, 641496, 641497, 641498, 641499, 676532, 676534, 676884, 676886, 676888, 676890, 676892, 676894, 676939, 676944, 676946, 679462, 687386, 696429, 990628, 995646, 997511\"},{\"@type\":\"BreadcrumbList\",\"@id\":\"https:\\\/\\\/www.skalnik.pl\\\/blog\\\/gregory-zulu-40-test-plecaka-trekkingowego\\\/#breadcrumblist\",\"itemListElement\":[{\"@type\":\"ListItem\",\"@id\":\"https:\\\/\\\/www.skalnik.pl\\\/blog#listItem\",\"position\":1,\"name\":\"Home\",\"item\":\"https:\\\/\\\/www.skalnik.pl\\\/blog\",\"nextItem\":{\"@type\":\"ListItem\",\"@id\":\"https:\\\/\\\/www.skalnik.pl\\\/blog\\\/.\\\/testy\\\/#listItem\",\"name\":\"Testy\"}},{\"@type\":\"ListItem\",\"@id\":\"https:\\\/\\\/www.skalnik.pl\\\/blog\\\/.\\\/testy\\\/#listItem\",\"position\":2,\"name\":\"Testy\",\"item\":\"https:\\\/\\\/www.skalnik.pl\\\/blog\\\/.\\\/testy\\\/\",\"nextItem\":{\"@type\":\"ListItem\",\"@id\":\"https:\\\/\\\/www.skalnik.pl\\\/blog\\\/gregory-zulu-40-test-plecaka-trekkingowego\\\/#listItem\",\"name\":\"Gregory Zulu 40 &#8211; test plecaka trekkingowego\"},\"previousItem\":{\"@type\":\"ListItem\",\"@id\":\"https:\\\/\\\/www.skalnik.pl\\\/blog#listItem\",\"name\":\"Home\"}},{\"@type\":\"ListItem\",\"@id\":\"https:\\\/\\\/www.skalnik.pl\\\/blog\\\/gregory-zulu-40-test-plecaka-trekkingowego\\\/#listItem\",\"position\":3,\"name\":\"Gregory Zulu 40 &#8211; test plecaka trekkingowego\",\"previousItem\":{\"@type\":\"ListItem\",\"@id\":\"https:\\\/\\\/www.skalnik.pl\\\/blog\\\/.\\\/testy\\\/#listItem\",\"name\":\"Testy\"}}]},{\"@type\":\"Organization\",\"@id\":\"https:\\\/\\\/www.skalnik.pl\\\/blog\\\/#organization\",\"name\":\"blog Skalnik\",\"description\":\"Blog, porady, artyku\\u0142y - blog Skalnik\",\"url\":\"https:\\\/\\\/www.skalnik.pl\\\/blog\\\/\"},{\"@type\":\"Person\",\"@id\":\"https:\\\/\\\/www.skalnik.pl\\\/blog\\\/author\\\/dominik-marzec\\\/#author\",\"url\":\"https:\\\/\\\/www.skalnik.pl\\\/blog\\\/author\\\/dominik-marzec\\\/\",\"name\":\"Dominik Marzec\",\"image\":{\"@type\":\"ImageObject\",\"@id\":\"https:\\\/\\\/www.skalnik.pl\\\/blog\\\/gregory-zulu-40-test-plecaka-trekkingowego\\\/#authorImage\",\"url\":\"https:\\\/\\\/secure.gravatar.com\\\/avatar\\\/3b5d5b73985d1015e6793369ac3b78362bc9b0fc6b0d982a1e6396714ef4fb75?s=96&d=mm&r=g\",\"width\":96,\"height\":96,\"caption\":\"Dominik Marzec\"}},{\"@type\":\"WebPage\",\"@id\":\"https:\\\/\\\/www.skalnik.pl\\\/blog\\\/gregory-zulu-40-test-plecaka-trekkingowego\\\/#webpage\",\"url\":\"https:\\\/\\\/www.skalnik.pl\\\/blog\\\/gregory-zulu-40-test-plecaka-trekkingowego\\\/\",\"name\":\"Gregory Zulu 40 \\u2013 test plecaka trekkingowego - blog Skalnik\",\"description\":\"Test Gregory Zulu 40 to okazja, by pozna\\u0107 z bliska plecak idealny na trekking. Sprawd\\u017a jak spisa\\u0142 si\\u0119 jest ten plecak turystyczny. Mo\\u017ce Ty te\\u017c go pokochasz!\",\"inLanguage\":\"pl-PL\",\"isPartOf\":{\"@id\":\"https:\\\/\\\/www.skalnik.pl\\\/blog\\\/#website\"},\"breadcrumb\":{\"@id\":\"https:\\\/\\\/www.skalnik.pl\\\/blog\\\/gregory-zulu-40-test-plecaka-trekkingowego\\\/#breadcrumblist\"},\"author\":{\"@id\":\"https:\\\/\\\/www.skalnik.pl\\\/blog\\\/author\\\/dominik-marzec\\\/#author\"},\"creator\":{\"@id\":\"https:\\\/\\\/www.skalnik.pl\\\/blog\\\/author\\\/dominik-marzec\\\/#author\"},\"image\":{\"@type\":\"ImageObject\",\"url\":\"https:\\\/\\\/www.skalnik.pl\\\/blog\\\/wp-content\\\/uploads\\\/2023\\\/12\\\/gregory-zulu-test.jpg\",\"@id\":\"https:\\\/\\\/www.skalnik.pl\\\/blog\\\/gregory-zulu-40-test-plecaka-trekkingowego\\\/#mainImage\",\"width\":1920,\"height\":706},\"primaryImageOfPage\":{\"@id\":\"https:\\\/\\\/www.skalnik.pl\\\/blog\\\/gregory-zulu-40-test-plecaka-trekkingowego\\\/#mainImage\"},\"datePublished\":\"2023-12-14T14:37:06+02:00\",\"dateModified\":\"2024-09-30T17:45:57+02:00\"},{\"@type\":\"WebSite\",\"@id\":\"https:\\\/\\\/www.skalnik.pl\\\/blog\\\/#website\",\"url\":\"https:\\\/\\\/www.skalnik.pl\\\/blog\\\/\",\"name\":\"blog Skalnik\",\"description\":\"Blog, porady, artyku\\u0142y - blog Skalnik\",\"inLanguage\":\"pl-PL\",\"publisher\":{\"@id\":\"https:\\\/\\\/www.skalnik.pl\\\/blog\\\/#organization\"}}]}\n\t\t<\/script>\n\t\t<!-- All in One SEO -->\n\n","aioseo_head_json":{"title":"Gregory Zulu 40 \u2013 test plecaka trekkingowego - blog Skalnik","description":"Test Gregory Zulu 40 to okazja, by pozna\u0107 z bliska plecak idealny na trekking. Sprawd\u017a jak spisa\u0142 si\u0119 jest ten plecak turystyczny. Mo\u017ce Ty te\u017c go pokochasz!","canonical_url":"https:\/\/www.skalnik.pl\/blog\/gregory-zulu-40-test-plecaka-trekkingowego\/","robots":"max-image-preview:large","keywords":"","webmasterTools":{"miscellaneous":""},"schema":{"@context":"https:\/\/schema.org","@graph":[{"@type":"BlogPosting","@id":"https:\/\/www.skalnik.pl\/blog\/gregory-zulu-40-test-plecaka-trekkingowego\/#blogposting","name":"Gregory Zulu 40 \u2013 test plecaka trekkingowego - blog Skalnik","headline":"Gregory Zulu 40 &#8211; test plecaka trekkingowego","author":{"@id":"https:\/\/www.skalnik.pl\/blog\/author\/dominik-marzec\/#author"},"publisher":{"@id":"https:\/\/www.skalnik.pl\/blog\/#organization"},"image":{"@type":"ImageObject","url":"https:\/\/www.skalnik.pl\/blog\/wp-content\/uploads\/2023\/12\/gregory-zulu-test.jpg","width":1920,"height":706},"datePublished":"2023-12-14T14:37:06+02:00","dateModified":"2024-09-30T17:45:57+02:00","inLanguage":"pl-PL","mainEntityOfPage":{"@id":"https:\/\/www.skalnik.pl\/blog\/gregory-zulu-40-test-plecaka-trekkingowego\/#webpage"},"isPartOf":{"@id":"https:\/\/www.skalnik.pl\/blog\/gregory-zulu-40-test-plecaka-trekkingowego\/#webpage"},"articleSection":"Testy, plecaki, testy, 1012771, 1012773, 1012778, 1012780, 1014207, 1014210, 1014216, 1014228, 1014231, 1015854, 602889, 602891, 602893, 602894, 602898, 602900, 602902, 602903, 602907, 602908, 602910, 602911, 641456, 641457, 641460, 641461, 641462, 641463, 641464, 641465, 641466, 641467, 641473, 641474, 641477, 641478, 641479, 641480, 641481, 641482, 641483, 641484, 641488641489641492, 641493, 641494, 641495, 641496, 641497, 641498, 641499, 676532, 676534, 676884, 676886, 676888, 676890, 676892, 676894, 676939, 676944, 676946, 679462, 687386, 696429, 990628, 995646, 997511"},{"@type":"BreadcrumbList","@id":"https:\/\/www.skalnik.pl\/blog\/gregory-zulu-40-test-plecaka-trekkingowego\/#breadcrumblist","itemListElement":[{"@type":"ListItem","@id":"https:\/\/www.skalnik.pl\/blog#listItem","position":1,"name":"Home","item":"https:\/\/www.skalnik.pl\/blog","nextItem":{"@type":"ListItem","@id":"https:\/\/www.skalnik.pl\/blog\/.\/testy\/#listItem","name":"Testy"}},{"@type":"ListItem","@id":"https:\/\/www.skalnik.pl\/blog\/.\/testy\/#listItem","position":2,"name":"Testy","item":"https:\/\/www.skalnik.pl\/blog\/.\/testy\/","nextItem":{"@type":"ListItem","@id":"https:\/\/www.skalnik.pl\/blog\/gregory-zulu-40-test-plecaka-trekkingowego\/#listItem","name":"Gregory Zulu 40 &#8211; test plecaka trekkingowego"},"previousItem":{"@type":"ListItem","@id":"https:\/\/www.skalnik.pl\/blog#listItem","name":"Home"}},{"@type":"ListItem","@id":"https:\/\/www.skalnik.pl\/blog\/gregory-zulu-40-test-plecaka-trekkingowego\/#listItem","position":3,"name":"Gregory Zulu 40 &#8211; test plecaka trekkingowego","previousItem":{"@type":"ListItem","@id":"https:\/\/www.skalnik.pl\/blog\/.\/testy\/#listItem","name":"Testy"}}]},{"@type":"Organization","@id":"https:\/\/www.skalnik.pl\/blog\/#organization","name":"blog Skalnik","description":"Blog, porady, artyku\u0142y - blog Skalnik","url":"https:\/\/www.skalnik.pl\/blog\/"},{"@type":"Person","@id":"https:\/\/www.skalnik.pl\/blog\/author\/dominik-marzec\/#author","url":"https:\/\/www.skalnik.pl\/blog\/author\/dominik-marzec\/","name":"Dominik Marzec","image":{"@type":"ImageObject","@id":"https:\/\/www.skalnik.pl\/blog\/gregory-zulu-40-test-plecaka-trekkingowego\/#authorImage","url":"https:\/\/secure.gravatar.com\/avatar\/3b5d5b73985d1015e6793369ac3b78362bc9b0fc6b0d982a1e6396714ef4fb75?s=96&d=mm&r=g","width":96,"height":96,"caption":"Dominik Marzec"}},{"@type":"WebPage","@id":"https:\/\/www.skalnik.pl\/blog\/gregory-zulu-40-test-plecaka-trekkingowego\/#webpage","url":"https:\/\/www.skalnik.pl\/blog\/gregory-zulu-40-test-plecaka-trekkingowego\/","name":"Gregory Zulu 40 \u2013 test plecaka trekkingowego - blog Skalnik","description":"Test Gregory Zulu 40 to okazja, by pozna\u0107 z bliska plecak idealny na trekking. Sprawd\u017a jak spisa\u0142 si\u0119 jest ten plecak turystyczny. Mo\u017ce Ty te\u017c go pokochasz!","inLanguage":"pl-PL","isPartOf":{"@id":"https:\/\/www.skalnik.pl\/blog\/#website"},"breadcrumb":{"@id":"https:\/\/www.skalnik.pl\/blog\/gregory-zulu-40-test-plecaka-trekkingowego\/#breadcrumblist"},"author":{"@id":"https:\/\/www.skalnik.pl\/blog\/author\/dominik-marzec\/#author"},"creator":{"@id":"https:\/\/www.skalnik.pl\/blog\/author\/dominik-marzec\/#author"},"image":{"@type":"ImageObject","url":"https:\/\/www.skalnik.pl\/blog\/wp-content\/uploads\/2023\/12\/gregory-zulu-test.jpg","@id":"https:\/\/www.skalnik.pl\/blog\/gregory-zulu-40-test-plecaka-trekkingowego\/#mainImage","width":1920,"height":706},"primaryImageOfPage":{"@id":"https:\/\/www.skalnik.pl\/blog\/gregory-zulu-40-test-plecaka-trekkingowego\/#mainImage"},"datePublished":"2023-12-14T14:37:06+02:00","dateModified":"2024-09-30T17:45:57+02:00"},{"@type":"WebSite","@id":"https:\/\/www.skalnik.pl\/blog\/#website","url":"https:\/\/www.skalnik.pl\/blog\/","name":"blog Skalnik","description":"Blog, porady, artyku\u0142y - blog Skalnik","inLanguage":"pl-PL","publisher":{"@id":"https:\/\/www.skalnik.pl\/blog\/#organization"}}]},"og:locale":"pl_PL","og:site_name":"blog Skalnik - Blog, porady, artyku\u0142y - blog Skalnik","og:type":"article","og:title":"Gregory Zulu 40 \u2013 test plecaka trekkingowego - blog Skalnik","og:description":"Test Gregory Zulu 40 to okazja, by pozna\u0107 z bliska plecak idealny na trekking. Sprawd\u017a jak spisa\u0142 si\u0119 jest ten plecak turystyczny. Mo\u017ce Ty te\u017c go pokochasz!","og:url":"https:\/\/www.skalnik.pl\/blog\/gregory-zulu-40-test-plecaka-trekkingowego\/","og:image":"https:\/\/www.skalnik.pl\/blog\/wp-content\/uploads\/2023\/12\/gregory-zulu-test.jpg","og:image:secure_url":"https:\/\/www.skalnik.pl\/blog\/wp-content\/uploads\/2023\/12\/gregory-zulu-test.jpg","og:image:width":"1920","og:image:height":"706","article:tag":["testy","plecaki"],"article:published_time":"2023-12-14T12:37:06+00:00","article:modified_time":"2024-09-30T15:45:57+00:00","twitter:card":"summary_large_image","twitter:title":"Gregory Zulu 40 \u2013 test plecaka trekkingowego - blog Skalnik","twitter:description":"Test Gregory Zulu 40 to okazja, by pozna\u0107 z bliska plecak idealny na trekking. Sprawd\u017a jak spisa\u0142 si\u0119 jest ten plecak turystyczny. Mo\u017ce Ty te\u017c go pokochasz!","twitter:image":"https:\/\/www.skalnik.pl\/blog\/wp-content\/uploads\/2023\/12\/gregory-zulu-test.jpg"},"aioseo_meta_data":{"post_id":"25143","title":null,"description":"Test Gregory Zulu 40 to okazja, by pozna\u0107 z bliska plecak idealny na trekking. Sprawd\u017a jak spisa\u0142 si\u0119 jest ten plecak turystyczny. Mo\u017ce Ty te\u017c go pokochasz!","keywords":[],"keyphrases":{"focus":{"keyphrase":"gregory zulu","score":90,"analysis":{"keyphraseInTitle":{"score":9,"maxScore":9,"error":0},"keyphraseInDescription":{"score":9,"maxScore":9,"error":0},"keyphraseLength":{"score":9,"maxScore":9,"error":0,"length":2},"keyphraseInURL":{"score":5,"maxScore":5,"error":0},"keyphraseInIntroduction":{"score":3,"maxScore":9,"error":1},"keyphraseInSubHeadings":{"score":9,"maxScore":9,"error":0},"keyphraseInImageAlt":{"score":9,"maxScore":9,"error":0}}},"additional":[]},"primary_term":null,"canonical_url":null,"og_title":null,"og_description":null,"og_object_type":"article","og_image_type":"featured","og_image_url":"https:\/\/www.skalnik.pl\/blog\/wp-content\/uploads\/2023\/12\/gregory-zulu-test.jpg","og_image_width":"1920","og_image_height":"706","og_image_custom_url":null,"og_image_custom_fields":null,"og_video":"","og_custom_url":null,"og_article_section":null,"og_article_tags":[],"twitter_use_og":false,"twitter_card":"default","twitter_image_type":"default","twitter_image_url":null,"twitter_image_custom_url":null,"twitter_image_custom_fields":null,"twitter_title":null,"twitter_description":null,"schema":{"blockGraphs":[],"customGraphs":[],"default":{"data":{"Article":[],"Course":[],"Dataset":[],"FAQPage":[],"Movie":[],"Person":[],"Product":[],"ProductReview":[],"Car":[],"Recipe":[],"Service":[],"SoftwareApplication":[],"WebPage":[]},"graphName":"","isEnabled":true},"graphs":[]},"schema_type":"default","schema_type_options":null,"pillar_content":false,"robots_default":true,"robots_noindex":false,"robots_noarchive":false,"robots_nosnippet":false,"robots_nofollow":false,"robots_noimageindex":false,"robots_noodp":false,"robots_notranslate":false,"robots_max_snippet":"-1","robots_max_videopreview":"-1","robots_max_imagepreview":"large","priority":null,"frequency":"default","local_seo":null,"breadcrumb_settings":null,"limit_modified_date":false,"ai":null,"created":"2023-12-14 11:14:28","updated":"2026-02-17 22:47:46","seo_analyzer_scan_date":null},"aioseo_breadcrumb":"<div class=\"aioseo-breadcrumbs\"><span class=\"aioseo-breadcrumb\">\n\t\t\t<a href=\"https:\/\/www.skalnik.pl\/blog\" title=\"Home\">Home<\/a>\n\t\t<\/span><span class=\"aioseo-breadcrumb-separator\">&raquo;<\/span><span class=\"aioseo-breadcrumb\">\n\t\t\t<a href=\"https:\/\/www.skalnik.pl\/blog\/.\/testy\/\" title=\"Testy\">Testy<\/a>\n\t\t<\/span><span class=\"aioseo-breadcrumb-separator\">&raquo;<\/span><span class=\"aioseo-breadcrumb\">\n\t\t\tGregory Zulu 40 \u2013 test plecaka trekkingowego\n\t\t<\/span><\/div>","aioseo_breadcrumb_json":[{"label":"Home","link":"https:\/\/www.skalnik.pl\/blog"},{"label":"Testy","link":"https:\/\/www.skalnik.pl\/blog\/.\/testy\/"},{"label":"Gregory Zulu 40 &#8211; test plecaka trekkingowego","link":"https:\/\/www.skalnik.pl\/blog\/gregory-zulu-40-test-plecaka-trekkingowego\/"}],"_links":{"self":[{"href":"https:\/\/www.skalnik.pl\/blog\/wp-json\/wp\/v2\/posts\/25143","targetHints":{"allow":["GET"]}}],"collection":[{"href":"https:\/\/www.skalnik.pl\/blog\/wp-json\/wp\/v2\/posts"}],"about":[{"href":"https:\/\/www.skalnik.pl\/blog\/wp-json\/wp\/v2\/types\/post"}],"author":[{"embeddable":true,"href":"https:\/\/www.skalnik.pl\/blog\/wp-json\/wp\/v2\/users\/21"}],"replies":[{"embeddable":true,"href":"https:\/\/www.skalnik.pl\/blog\/wp-json\/wp\/v2\/comments?post=25143"}],"version-history":[{"count":9,"href":"https:\/\/www.skalnik.pl\/blog\/wp-json\/wp\/v2\/posts\/25143\/revisions"}],"predecessor-version":[{"id":26216,"href":"https:\/\/www.skalnik.pl\/blog\/wp-json\/wp\/v2\/posts\/25143\/revisions\/26216"}],"wp:featuredmedia":[{"embeddable":true,"href":"https:\/\/www.skalnik.pl\/blog\/wp-json\/wp\/v2\/media\/25144"}],"wp:attachment":[{"href":"https:\/\/www.skalnik.pl\/blog\/wp-json\/wp\/v2\/media?parent=25143"}],"wp:term":[{"taxonomy":"category","embeddable":true,"href":"https:\/\/www.skalnik.pl\/blog\/wp-json\/wp\/v2\/categories?post=25143"},{"taxonomy":"post_tag","embeddable":true,"href":"https:\/\/www.skalnik.pl\/blog\/wp-json\/wp\/v2\/tags?post=25143"},{"taxonomy":"magento_category","embeddable":true,"href":"https:\/\/www.skalnik.pl\/blog\/wp-json\/wp\/v2\/magento_category?post=25143"},{"taxonomy":"magento_product","embeddable":true,"href":"https:\/\/www.skalnik.pl\/blog\/wp-json\/wp\/v2\/magento_product?post=25143"}],"curies":[{"name":"wp","href":"https:\/\/api.w.org\/{rel}","templated":true}]}}