{"id":25173,"date":"2023-12-19T11:34:59","date_gmt":"2023-12-19T09:34:59","guid":{"rendered":"https:\/\/www.skalnik.pl\/blog\/?p=25173"},"modified":"2023-12-19T12:13:14","modified_gmt":"2023-12-19T10:13:14","slug":"kurtki-gore-tex-ranking-2023-2024","status":"publish","type":"post","link":"https:\/\/www.skalnik.pl\/blog\/kurtki-gore-tex-ranking-2023-2024\/","title":{"rendered":"Kurtki GORE-TEX \u2013 ranking 2023\/2024"},"content":{"rendered":"\n<p><strong>Sezon jesienno-zimowy zawsze stawia wyzwania. Wiatr, deszcz i \u015bnieg, te trzy czynniki atmosferyczne sprawiaj\u0105, \u017ce najch\u0119tniej nie opuszcza\u0142oby si\u0119 schroniska. B\u0105d\u017amy jednak realistami, kt\u00f3ry z mi\u0142o\u015bnik\u00f3w g\u00f3rskich przyg\u00f3d udaje si\u0119 w g\u00f3ry po to, \u017ceby zamiast na szlaku czas sp\u0119dzi\u0107 w schronisku? Kurtka przeciwdeszczowa na grzbiet i w drog\u0119! Przygotuj si\u0119 na gorsz\u0105 pogod\u0119 razem z rankingiem kurtek goretex.<\/strong><\/p>\n\n\n\n<div id=\"ez-toc-container\" class=\"ez-toc-v2_0_85 counter-hierarchy ez-toc-counter ez-toc-light-blue ez-toc-container-direction\">\n<div class=\"ez-toc-title-container\">\n<p class=\"ez-toc-title\" style=\"cursor:inherit\">SPIS TRE\u015aCI <\/p>\n<span class=\"ez-toc-title-toggle\"><a href=\"#\" class=\"ez-toc-pull-right ez-toc-btn ez-toc-btn-xs ez-toc-btn-default ez-toc-toggle\" aria-label=\"Prze\u0142\u0105cznik Spisu Tre\u015bci\"><span class=\"ez-toc-js-icon-con\"><span class=\"\"><span class=\"eztoc-hide\" style=\"display:none;\">Toggle<\/span><span class=\"ez-toc-icon-toggle-span\"><svg style=\"fill: #999;color:#999\" xmlns=\"http:\/\/www.w3.org\/2000\/svg\" class=\"list-377408\" width=\"20px\" height=\"20px\" viewBox=\"0 0 24 24\" fill=\"none\"><path d=\"M6 6H4v2h2V6zm14 0H8v2h12V6zM4 11h2v2H4v-2zm16 0H8v2h12v-2zM4 16h2v2H4v-2zm16 0H8v2h12v-2z\" fill=\"currentColor\"><\/path><\/svg><svg style=\"fill: #999;color:#999\" class=\"arrow-unsorted-368013\" xmlns=\"http:\/\/www.w3.org\/2000\/svg\" width=\"10px\" height=\"10px\" viewBox=\"0 0 24 24\" version=\"1.2\" baseProfile=\"tiny\"><path d=\"M18.2 9.3l-6.2-6.3-6.2 6.3c-.2.2-.3.4-.3.7s.1.5.3.7c.2.2.4.3.7.3h11c.3 0 .5-.1.7-.3.2-.2.3-.5.3-.7s-.1-.5-.3-.7zM5.8 14.7l6.2 6.3 6.2-6.3c.2-.2.3-.5.3-.7s-.1-.5-.3-.7c-.2-.2-.4-.3-.7-.3h-11c-.3 0-.5.1-.7.3-.2.2-.3.5-.3.7s.1.5.3.7z\"\/><\/svg><\/span><\/span><\/span><\/a><\/span><\/div>\n<nav><ul class='ez-toc-list ez-toc-list-level-1 ' ><li class='ez-toc-page-1 ez-toc-heading-level-2'><a class=\"ez-toc-link ez-toc-heading-1\" href=\"https:\/\/www.skalnik.pl\/blog\/kurtki-gore-tex-ranking-2023-2024\/#Kurtki_GORE-TEX_%E2%80%93_remedium_na_niepogode\" >Kurtki GORE-TEX \u2013 remedium na niepogod\u0119<\/a><\/li><li class='ez-toc-page-1 ez-toc-heading-level-2'><a class=\"ez-toc-link ez-toc-heading-2\" href=\"https:\/\/www.skalnik.pl\/blog\/kurtki-gore-tex-ranking-2023-2024\/#Kurtka_GORE-TEX_%E2%80%93_na_co_zwrocic_uwage_przy_wyborze\" >Kurtka GORE-TEX \u2013 na co zwr\u00f3ci\u0107 uwag\u0119 przy wyborze?<\/a><\/li><li class='ez-toc-page-1 ez-toc-heading-level-2'><a class=\"ez-toc-link ez-toc-heading-3\" href=\"https:\/\/www.skalnik.pl\/blog\/kurtki-gore-tex-ranking-2023-2024\/#Patagonia_TRIOLET\" >Patagonia TRIOLET<\/a><\/li><li class='ez-toc-page-1 ez-toc-heading-level-2'><a class=\"ez-toc-link ez-toc-heading-4\" href=\"https:\/\/www.skalnik.pl\/blog\/kurtki-gore-tex-ranking-2023-2024\/#Arcteryx_Beta\" >Arc\u2019teryx Beta<\/a><\/li><li class='ez-toc-page-1 ez-toc-heading-level-2'><a class=\"ez-toc-link ez-toc-heading-5\" href=\"https:\/\/www.skalnik.pl\/blog\/kurtki-gore-tex-ranking-2023-2024\/#Rab_Namche\" >Rab Namche<\/a><\/li><li class='ez-toc-page-1 ez-toc-heading-level-2'><a class=\"ez-toc-link ez-toc-heading-6\" href=\"https:\/\/www.skalnik.pl\/blog\/kurtki-gore-tex-ranking-2023-2024\/#Rab_Latok_Extreme\" >Rab Latok Extreme<\/a><\/li><li class='ez-toc-page-1 ez-toc-heading-level-2'><a class=\"ez-toc-link ez-toc-heading-7\" href=\"https:\/\/www.skalnik.pl\/blog\/kurtki-gore-tex-ranking-2023-2024\/#Marmot_Minimalist_i_Minimalist_Pro\" >Marmot Minimalist i Minimalist Pro<\/a><\/li><li class='ez-toc-page-1 ez-toc-heading-level-2'><a class=\"ez-toc-link ez-toc-heading-8\" href=\"https:\/\/www.skalnik.pl\/blog\/kurtki-gore-tex-ranking-2023-2024\/#Arcteryx_Alpha\" >Arc\u2019teryx Alpha<\/a><\/li><li class='ez-toc-page-1 ez-toc-heading-level-2'><a class=\"ez-toc-link ez-toc-heading-9\" href=\"https:\/\/www.skalnik.pl\/blog\/kurtki-gore-tex-ranking-2023-2024\/#Arcteryx_Alpha_SV\" >Arc\u2019teryx Alpha SV<\/a><\/li><\/ul><\/nav><\/div>\n<h2 class=\"wp-block-heading\"><span class=\"ez-toc-section\" id=\"Kurtki_GORE-TEX_%E2%80%93_remedium_na_niepogode\"><\/span>Kurtki GORE-TEX \u2013 remedium na niepogod\u0119<span class=\"ez-toc-section-end\"><\/span><\/h2>\n\n\n\n<p>Jak mawiaj\u0105 Skandynawowie: \u201eNie ma z\u0142ej pogody, s\u0105 tylko nieodpowiednie ubrania\u201d. Ka\u017cdy turysta, nawet ten mniej do\u015bwiadczony wie, \u017ce kurtka przeciwdeszczowa lub kurtka hardshell, to nieodzowny element wyposa\u017cenia g\u00f3rzyst\u00f3w.<\/p>\n\n\n\n<p>Pogoda w g\u00f3rach bywa kapry\u015bna i nieprzewidywalna. Jesieni\u0105 i zim\u0105 jednak ni\u017csze temperatury w po\u0142\u0105czeniu z wilgoci\u0105 penetruj\u0105c\u0105 kolejne warstwy odzie\u017cy mog\u0105 zamieni\u0107 wasz\u0105 wycieczk\u0119 w koszmar. Kurtka z membran\u0105 niczym zbroja chroni nas przed wilgoci\u0105 i wiatrem, a technologia GORE-TEX to gwarant najwy\u017cszej oddychalno\u015bci i wodoodporno\u015bci, dlatego te\u017c poni\u017cej przedstawi\u0119 Wam najciekawsze kurtki w g\u00f3ry na sezon jesie\u0144-zima 2023\/2024.<\/p>\n\n\n\n<h2 class=\"wp-block-heading\"><span class=\"ez-toc-section\" id=\"Kurtka_GORE-TEX_%E2%80%93_na_co_zwrocic_uwage_przy_wyborze\"><\/span>Kurtka GORE-TEX \u2013 na co zwr\u00f3ci\u0107 uwag\u0119 przy wyborze?<span class=\"ez-toc-section-end\"><\/span><\/h2>\n\n\n\n<p>Przy wyborze kurtki powinni\u015bcie przeanalizowa\u0107 spektrum waszych aktywno\u015bci i to, w jakich warunkach b\u0119dziecie jej u\u017cywa\u0107. Zwr\u00f3\u0107cie uwag\u0119 na kr\u00f3j, dopasowanie i mo\u017cliwo\u015b\u0107 umieszczenia dodatkowych warstw izolacyjnych pod spodem. Zastan\u00f3wcie si\u0119, czy kurtki b\u0119dziecie u\u017cywa\u0107 z kaskiem wspinaczkowym, czy mo\u017ce ma ona wam s\u0142u\u017cy\u0107 jedynie podczas hikingu lub trekkingu. Ilo\u015b\u0107 kieszeni, waga to r\u00f3wnie wa\u017cne kryteria, kt\u00f3re pomog\u0105 wam wybra\u0107 mo\u017cliwie najlepsz\u0105 kurtk\u0119.<\/p>\n\n\n<div class=\"wp-block-image\">\n<figure class=\"aligncenter size-full\"><img loading=\"lazy\" decoding=\"async\" width=\"1024\" height=\"683\" src=\"https:\/\/www.skalnik.pl\/blog\/wp-content\/uploads\/2023\/12\/kurtki-goretexowe-alrcteryx.jpg\" alt=\"\" class=\"wp-image-25212\" srcset=\"https:\/\/www.skalnik.pl\/blog\/wp-content\/uploads\/2023\/12\/kurtki-goretexowe-alrcteryx.jpg 1024w, https:\/\/www.skalnik.pl\/blog\/wp-content\/uploads\/2023\/12\/kurtki-goretexowe-alrcteryx-300x200.jpg 300w, https:\/\/www.skalnik.pl\/blog\/wp-content\/uploads\/2023\/12\/kurtki-goretexowe-alrcteryx-768x512.jpg 768w\" sizes=\"auto, (max-width: 1024px) 100vw, 1024px\" \/><figcaption class=\"wp-element-caption\"><em>Kurtk\u0119 w membran\u0105 GORE-TEX\u00ae warto wybra\u0107 tak, by odpowiada\u0142a naszym potrzebom. (fot. Arc&#8217;teryx)<\/em><\/figcaption><\/figure>\n<\/div>\n\n\n<h2 class=\"wp-block-heading\"><span class=\"ez-toc-section\" id=\"Patagonia_TRIOLET\"><\/span>Patagonia TRIOLET<span class=\"ez-toc-section-end\"><\/span><\/h2>\n\n\n\n<p>Zestawienie otwiera kurtka Patagonia Triolet. Jest to jedna z najciekawszych pozycji w\u015br\u00f3d kurtek technicznych. Wykonana z tr\u00f3jwarstwowego laminatu GORE-TEX 3L kurtka membranowa jako wierzchni\u0105 jego warstw\u0119 wykorzystuje recyklingowany poliester 75d. Materia\u0142 ten odznacza si\u0119 wysok\u0105 odporno\u015bci\u0105 na uszkodzenia mechaniczne i ze wzgl\u0119du na jego pochodzenie jest przyjazny \u015brodowisku.<\/p>\n\n\n\n<p>Dwie zewn\u0119trze kieszenie piersiowe pomieszcz\u0105 najwa\u017cniejsze rzeczy, a gdyby miejsca by\u0142o ma\u0142o u\u017cytkownik ma do dyspozycji kiesze\u0144 wewn\u0119trzn\u0105. W kontroli mikroklimatu pomagaj\u0105 wywietrzniki pod pachami, kt\u00f3re regulowane s\u0105 za pomoc\u0105 zamk\u00f3w. Obszerny kaptur pomie\u015bci kask wspinaczkowy, a reflektor systemu RECCO w kt\u00f3ry zosta\u0142a wyposa\u017cona kurtka przyspieszy poszukiwania w przypadku przysypania u\u017cytkownika przez lawin\u0119.<\/p>\n\n\n\n<iframe loading=\"lazy\" width=\"800\" height=\"442\" src=\"https:\/\/www.youtube.com\/embed\/EIj7rejPn1w?si=d92AB2D-RIjbcpZV\" title=\"YouTube video player\" frameborder=\"0\" allow=\"accelerometer; autoplay; clipboard-write; encrypted-media; gyroscope; picture-in-picture; web-share\" allowfullscreen><\/iframe>\n\n\n\n<h2 class=\"wp-block-heading\"><span class=\"ez-toc-section\" id=\"Arcteryx_Beta\"><\/span>Arc\u2019teryx Beta<span class=\"ez-toc-section-end\"><\/span><\/h2>\n\n\n\n<p>M\u0119ska kurtka przeciwdeszczowa Arc\u2019teryx BETA to kurtka wodoodporna, kt\u00f3ra \u015bwietnie sprawdzi si\u0119 w u\u017cyciu turystycznym i miejskim. L\u017cejszy, ale wci\u0105\u017c tr\u00f3jwarstwowy laminat GORE-TEX C-KNIT cechuje wy\u017cszy komfort u\u017cytkowania i fantastyczna oddychalno\u015b\u0107. C-KNIT przez zastosowanie l\u017cejszego materia\u0142u wewn\u0119trznego jest bardziej mi\u0119kki, mniej szele\u015bci i \u015bwietnie odprowadza wilgo\u0107.<\/p>\n\n\n\n<p>Dzi\u0119ki u\u017cyciu materia\u0142u zewn\u0119trznego N30p kurtka wodoodporna Arc\u2019teryx BETA jest niesamowicie lekka i wa\u017cy jedynie 300 gram\u00f3w. Kurtka posiada kaptur o standardowej obj\u0119to\u015bci (nie zmie\u015bci si\u0119 pod nim kask), dwie kieszenie zewn\u0119trzne i jedn\u0105 wewn\u0119trzn\u0105. Kurtka BETA nie posiada wentylacji pod pachami, jednak stanowi \u015bwietn\u0105 propozycj\u0119 dla szukaj\u0105cych uniwersalnej kurtki w g\u00f3ry i do miasta.<\/p>\n\n\n\t<div class=\"magento-wrapper\">\n\t\t<ul class=\"products\">\n\t\t\t<li class=\"product\">\n\t\n\t\t<div class=\"image\">\n\t\t\t<a href=\"https:\/\/www.skalnik.pl\/kurtka-beta-women-fika-1009727\" target=\"_self\">\n\t\t\t\t\t\t<img\n\t\t\tsrc=\"https:\/\/www.skalnik.pl\/media\/catalog\/product\/k\/u\/kurtka-beta-women-fika-1009727_2.jpg\"\n\t\t\talt=\"KURTKA BETA WOMEN-FIKA\"\n\t\t\t\t\t\t\t\t\/>\n\t\t\t\t\t<\/a>\n\t\t<\/div>\n\n\t\t\n\t\t<a href=\"https:\/\/www.skalnik.pl\/kurtka-beta-women-fika-1009727\" target=\"_self\"><span class=\"name\">KURTKA BETA WOMEN-FIKA<\/span><\/a>\t\n\t\n\t\n\t<div class=\"url\"><a class=\"view-details\" href=\"https:\/\/www.skalnik.pl\/kurtka-beta-women-fika-1009727\">Zobacz wi\u0119cej <\/a><\/div><\/li>\n<li class=\"product\">\n\t\n\t\t<div class=\"image\">\n\t\t\t<a href=\"https:\/\/www.skalnik.pl\/kurtka-latok-extreme-gtx-marmalade-1001315\" target=\"_self\">\n\t\t\t\t\t\t<img\n\t\t\tsrc=\"https:\/\/www.skalnik.pl\/media\/catalog\/product\/k\/u\/kurtka-latok-extreme-gtx-marmalade-1001315_2.jpg\"\n\t\t\talt=\"KURTKA LATOK EXTREME GTX-MARMALADE\"\n\t\t\t\t\t\t\t\t\/>\n\t\t\t\t\t<\/a>\n\t\t<\/div>\n\n\t\t\n\t\t<a href=\"https:\/\/www.skalnik.pl\/kurtka-latok-extreme-gtx-marmalade-1001315\" target=\"_self\"><span class=\"name\">KURTKA LATOK EXTREME GTX-MARMALADE<\/span><\/a>\t\n\t\n\t\n\t<div class=\"url\"><a class=\"view-details\" href=\"https:\/\/www.skalnik.pl\/kurtka-latok-extreme-gtx-marmalade-1001315\">Zobacz wi\u0119cej <\/a><\/div><\/li>\n<li class=\"product\">\n\t\n\t\t<div class=\"image\">\n\t\t\t<a href=\"https:\/\/www.skalnik.pl\/kurtka-namche-gtx-women-footprint-1024753\" target=\"_self\">\n\t\t\t\t\t\t<img\n\t\t\tsrc=\"https:\/\/www.skalnik.pl\/media\/catalog\/product\/k\/u\/kurtka-namche-gtx-women-footprint-1024753_1.jpg\"\n\t\t\talt=\"KURTKA NAMCHE GTX WOMEN-FOOTPRINT\"\n\t\t\t\t\t\t\t\t\/>\n\t\t\t\t\t<\/a>\n\t\t<\/div>\n\n\t\t\n\t\t<a href=\"https:\/\/www.skalnik.pl\/kurtka-namche-gtx-women-footprint-1024753\" target=\"_self\"><span class=\"name\">KURTKA NAMCHE GTX WOMEN-FOOTPRINT<\/span><\/a>\t\n\t\n\t\n\t<div class=\"url\"><a class=\"view-details\" href=\"https:\/\/www.skalnik.pl\/kurtka-namche-gtx-women-footprint-1024753\">Zobacz wi\u0119cej <\/a><\/div><\/li>\n\t\t<\/ul>\n\t<\/div>\n\n\n\n\n<h2 class=\"wp-block-heading\"><span class=\"ez-toc-section\" id=\"Rab_Namche\"><\/span>Rab Namche<span class=\"ez-toc-section-end\"><\/span><\/h2>\n\n\n\n<p>W zestawieniu musz\u0105 znale\u017a\u0107 si\u0119 kurtki przeciwdeszczowe damskie, a przed Wami pierwsza z nich, czyli kurtka Rab Namche. Jest to kurtka GORE-TEX, kt\u00f3ra zosta\u0142a wykonana z tr\u00f3jwarstwowego laminatu odznaczaj\u0105cego si\u0119 wysok\u0105 oddychalno\u015bci\u0105 i wytrzyma\u0142o\u015bci\u0105 na uszkodzenia mechaniczne. Wierzch laminatu zosta\u0142 wykonany z materia\u0142u pochodz\u0105cego z recycklingu, co podkre\u015bla ekologiczny kierunek, kt\u00f3ry obra\u0142a marka wywodz\u0105ca si\u0119 ze Zjednoczonego Kr\u00f3lestwa.<\/p>\n\n\n\n<p>Kurtka posiada zestaw kieszeni wierzchnich, regulowany kaptur i wentylacj\u0119 pod pachami. Kr\u00f3j nie ogranicza i zapewnia pe\u0142n\u0105 swobod\u0119 ruch\u00f3w, co jest zas\u0142ug\u0105 profilowanych r\u0119kaw\u00f3w oraz kaptura. Rab Namche \u015bwietnie sprawdzi si\u0119 w u\u017cyciu z plecakiem podczas d\u0142ugich trekking\u00f3w w niepogodzie. Damska kurtka przeciwdeszczowa RAB Namche wa\u017cy 387 gram\u00f3w i w kategorii kurtki turystyczne dla pa\u0144 jest jedn\u0105 z najbardziej uniwersalnych.<\/p>\n\n\n\n<iframe loading=\"lazy\" width=\"800\" height=\"442\" src=\"https:\/\/www.youtube.com\/embed\/LP2YVYHfx24?si=VlPGANKo0vQFcm1P\" title=\"YouTube video player\" frameborder=\"0\" allow=\"accelerometer; autoplay; clipboard-write; encrypted-media; gyroscope; picture-in-picture; web-share\" allowfullscreen><\/iframe>\n\n\n\n<h2 class=\"wp-block-heading\"><span class=\"ez-toc-section\" id=\"Rab_Latok_Extreme\"><\/span>Rab Latok Extreme<span class=\"ez-toc-section-end\"><\/span><\/h2>\n\n\n\n<p>Kurtka Rab Latok Extreme to topowy model brytyjskiego producenta. Jest to jeden z najbardziej polecanych modeli przeznaczonych do wspinaczki i alpinizmu. Wykonany z mocnego tr\u00f3jwarstwowego laminatu GORE-TEX PRO Most Breathable wyr\u00f3\u017cnia si\u0119 wysok\u0105 oddychalno\u015bci\u0105, a dzi\u0119ki zastosowaniu Nylonu 80D w warstwie wierzchniej stanowi jedn\u0105 z najbardziej odpornych mechanicznie kurtek wodoodpornych na rynku.<\/p>\n\n\n\n<p>Obszerny kaptur pod kask, po dwie kieszenie na zewn\u0105trz i wewn\u0105trz oraz d\u0142ugie otwory wentylacyjne to niejedyne atuty tej kurtki. Na uwag\u0119 zas\u0142uguje r\u00f3wnie\u017c nieograniczaj\u0105cy ruch\u00f3w kr\u00f3j i wygodne, du\u017ce pullery zamk\u00f3w u\u0142atwiaj\u0105ce ich obs\u0142ug\u0119 w r\u0119kawicach. Daszek kaptura jest usztywniony, a wysoka garda chroni twarz przed silnymi podmuchami wiatru i opadem.<\/p>\n\n\n\n<iframe loading=\"lazy\" width=\"800\" height=\"442\" src=\"https:\/\/www.youtube.com\/embed\/oQpHpGw-pd4?si=M89Km9o9XFg6ISMQ\" title=\"YouTube video player\" frameborder=\"0\" allow=\"accelerometer; autoplay; clipboard-write; encrypted-media; gyroscope; picture-in-picture; web-share\" allowfullscreen><\/iframe>\n\n\n\n<h2 class=\"wp-block-heading\"><span class=\"ez-toc-section\" id=\"Marmot_Minimalist_i_Minimalist_Pro\"><\/span>Marmot Minimalist i Minimalist Pro<span class=\"ez-toc-section-end\"><\/span><\/h2>\n\n\n\n<p>Kurtki Marmot Marmot Minimalist i Minimalist Pro to modele wykonane odpowiednio w technologii GORE-TEX Paclite i Paclite Plus. S\u0105 to jedne z niewielu ju\u017c modeli wykonane z laminat\u00f3w 2.5 warstwowych. Kurtki Marmot serii Minimalist cechuje niska, bo oscyluj\u0105ca w okolicy 350 gram\u00f3w waga.<\/p>\n\n\n\n<p>Cho\u0107 kurtki nale\u017c\u0105 do tej samej rodziny, to znacznie r\u00f3\u017cni\u0105 si\u0119 krojem oraz umiejscowieniem kieszeni. Wersja PRO jest bardziej dopasowana, posiada dwie kieszenie piersiowe, do kt\u00f3rych b\u0119dziemy mie\u0107 sta\u0142y dost\u0119p nawet podczas noszenia plecaka z zapi\u0119tym pasem biodrowym. Klasyczny, znany ju\u017c od wielu sezon\u00f3w Minimalist posiada dwie kieszenie umiejscowione w dolnej cz\u0119\u015bci kurtki oraz jedn\u0105 kiesze\u0144 piersiow\u0105, kt\u00f3rej zamek, tak jak i zamek g\u0142\u00f3wny, kryty jest materia\u0142ow\u0105 patk\u0105. Zamek g\u0142\u00f3wny wersji PRO jest zamkiem laminowanym. Oba modele \u015bwietnie sprawdz\u0105 si\u0119 jako kurtki turystyczne i miejskie.<\/p>\n\n\n<div class=\"wp-block-image\">\n<figure class=\"aligncenter size-full\"><img loading=\"lazy\" decoding=\"async\" width=\"1024\" height=\"683\" src=\"https:\/\/www.skalnik.pl\/blog\/wp-content\/uploads\/2022\/06\/marmot-minimalist-tekst.jpg\" alt=\"kurtki gore-tex kurtka marmot\" class=\"wp-image-20138\" srcset=\"https:\/\/www.skalnik.pl\/blog\/wp-content\/uploads\/2022\/06\/marmot-minimalist-tekst.jpg 1024w, https:\/\/www.skalnik.pl\/blog\/wp-content\/uploads\/2022\/06\/marmot-minimalist-tekst-300x200.jpg 300w, https:\/\/www.skalnik.pl\/blog\/wp-content\/uploads\/2022\/06\/marmot-minimalist-tekst-768x512.jpg 768w\" sizes=\"auto, (max-width: 1024px) 100vw, 1024px\" \/><figcaption class=\"wp-element-caption\"><em>Kurtka Minimalist Pro w czasie naszych test\u00f3w.<\/em><\/figcaption><\/figure>\n<\/div>\n\n\n<p class=\"has-white-color has-vivid-cyan-blue-background-color has-text-color has-background\">Kliknij i przeczytaj ca\u0142y &#8211;&gt; <a href=\"https:\/\/www.skalnik.pl\/blog\/marmot-minimalist-pro-test-minimum-kombinowania-maksimum-ochrony\/\" target=\"_blank\" rel=\"noopener\" title=\"\"><strong>test kurtki Marmot Minimalist Pro<\/strong><\/a>. <\/p>\n\n\n\n<h2 class=\"wp-block-heading\"><span class=\"ez-toc-section\" id=\"Arcteryx_Alpha\"><\/span>Arc\u2019teryx Alpha<span class=\"ez-toc-section-end\"><\/span><\/h2>\n\n\n\n<p>Kurtki z membran\u0105 to niesamowicie wa\u017cne narz\u0119dzia w trudnym i nieprzyjaznym g\u00f3rskim terenie. Kurtka Arc\u2019teryx Alphajest jednym z nich. Jest to wysoce zaawansowany, uniwersalny model kurtki do dzia\u0142a\u0144 wspinaczkowych i wysokog\u00f3rskich. Hybrydowa konstrukcja wykorzystuje w najbardziej newralgicznych miejscach kurtki materia\u0142 wierzchni HADRON LCP, kt\u00f3ry jest bezkonkurencyjny pod wzgl\u0119dem wytrzyma\u0142o\u015bci na uszkodzenia mechaniczne. Pozosta\u0142\u0105 cz\u0119\u015b\u0107 kurtki stanowi materia\u0142 N40p, a ca\u0142o\u015b\u0107 jako tr\u00f3jlaminat GORE-TEX PRO Most Rugged stanowi gwarancj\u0119 ochrony w najgorszych warunkach.<\/p>\n\n\n\n<p>Atutami kurtki Alpha s\u0105 dwie kieszenie zewn\u0119trzne, jedna kiesze\u0144 wewn\u0119trzna oraz w pe\u0142ni regulowany kaptur StormHood, kt\u00f3ry pomie\u015bci kask wspinaczkowy. W kaptur zosta\u0142 wszyty reflektor Recco, a pod pachami znalaz\u0142y si\u0119 regulowane zamkami wywietrzniki. Kurtka wa\u017cy zaledwie 370 gram\u00f3w i jest jedn\u0105 z najciekawszych pozycji dla wspinaczy i alpinist\u00f3w.<\/p>\n\n\n\t<div class=\"magento-wrapper\">\n\t\t<ul class=\"products\">\n\t\t\t<li class=\"product\">\n\t\n\t\t<div class=\"image\">\n\t\t\t<a href=\"https:\/\/www.skalnik.pl\/kurtka-alpha-sv-jungle-1009930\" target=\"_self\">\n\t\t\t\t\t\t<img\n\t\t\tsrc=\"https:\/\/www.skalnik.pl\/media\/catalog\/product\/k\/u\/kurtka-alpha-sv-jungle-1009930_1.jpg\"\n\t\t\talt=\"KURTKA ALPHA SV-JUNGLE\"\n\t\t\t\t\t\t\t\t\/>\n\t\t\t\t\t<\/a>\n\t\t<\/div>\n\n\t\t\n\t\t<a href=\"https:\/\/www.skalnik.pl\/kurtka-alpha-sv-jungle-1009930\" target=\"_self\"><span class=\"name\">KURTKA ALPHA SV-JUNGLE<\/span><\/a>\t\n\t\n\t\n\t<div class=\"url\"><a class=\"view-details\" href=\"https:\/\/www.skalnik.pl\/kurtka-alpha-sv-jungle-1009930\">Zobacz wi\u0119cej <\/a><\/div><\/li>\n<li class=\"product\">\n\t\n\t\t<div class=\"image\">\n\t\t\t<a href=\"https:\/\/www.skalnik.pl\/kurtka-alpha-women-black-sapphire-1025033\" target=\"_self\">\n\t\t\t\t\t\t<img\n\t\t\tsrc=\"https:\/\/www.skalnik.pl\/media\/catalog\/product\/k\/u\/kurtka-alpha-women-black-sapphire-1025033_2.jpg\"\n\t\t\talt=\"KURTKA ALPHA WOMEN-BLACK SAPPHIRE\"\n\t\t\t\t\t\t\t\t\/>\n\t\t\t\t\t<\/a>\n\t\t<\/div>\n\n\t\t\n\t\t<a href=\"https:\/\/www.skalnik.pl\/kurtka-alpha-women-black-sapphire-1025033\" target=\"_self\"><span class=\"name\">KURTKA ALPHA WOMEN-BLACK SAPPHIRE<\/span><\/a>\t\n\t\n\t\n\t<div class=\"url\"><a class=\"view-details\" href=\"https:\/\/www.skalnik.pl\/kurtka-alpha-women-black-sapphire-1025033\">Zobacz wi\u0119cej <\/a><\/div><\/li>\n<li class=\"product\">\n\t\n\t\t<div class=\"image\">\n\t\t\t<a href=\"https:\/\/www.skalnik.pl\/kurtka-alpha-black-1025149\" target=\"_self\">\n\t\t\t\t\t\t<img\n\t\t\tsrc=\"https:\/\/www.skalnik.pl\/media\/catalog\/product\/k\/u\/kurtka-alpha-black-1025149_2.jpg\"\n\t\t\talt=\"KURTKA ALPHA-BLACK\"\n\t\t\t\t\t\t\t\t\/>\n\t\t\t\t\t<\/a>\n\t\t<\/div>\n\n\t\t\n\t\t<a href=\"https:\/\/www.skalnik.pl\/kurtka-alpha-black-1025149\" target=\"_self\"><span class=\"name\">KURTKA ALPHA-BLACK<\/span><\/a>\t\n\t\n\t\n\t<div class=\"url\"><a class=\"view-details\" href=\"https:\/\/www.skalnik.pl\/kurtka-alpha-black-1025149\">Zobacz wi\u0119cej <\/a><\/div><\/li>\n\t\t<\/ul>\n\t<\/div>\n\n\n\n\n<h2 class=\"wp-block-heading\"><span class=\"ez-toc-section\" id=\"Arcteryx_Alpha_SV\"><\/span>Arc\u2019teryx Alpha SV<span class=\"ez-toc-section-end\"><\/span><\/h2>\n\n\n\n<p>Przegl\u0105daj\u0105c kurtki przeciwdeszczowe m\u0119skie Arc\u2019teryx Alpha SV rzuca si\u0119 w oczy ka\u017cdemu. Wra\u017cenie robi na pewno cena, gdy\u017c jest to najdro\u017csza kurtka w tym zestawieniu. Za cen\u0105 stoj\u0105 jednak argumenty i ka\u017cdy, kto interesuje si\u0119 outdoorem wie, \u017ce ci\u0119\u017cko jest z nimi dyskutowa\u0107.<\/p>\n\n\n\n<p>Kurtka Alpha SV to najci\u0119\u017cszy kaliber, je\u017celi chodzi o ochron\u0119 przed najgorszymi warunkami pogodowymi. Ca\u0142o\u015b\u0107 jest wykonana z mocnego tr\u00f3jwarstwowego laminatu GORE-TEX PRO Most Rugged, gdzie jego zewn\u0119trza warstwa to materia\u0142 N100d. Alpha SV posiada 3 kieszenie zewn\u0119trze, dwie napoleo\u0144skie oraz jedn\u0105 na ramieniu. Uzupe\u0142nieniem s\u0105 dwie kieszenie wewn\u0105trz kurtki. Kurtka Alpha SV posiada obszerniejszy kr\u00f3j, przewiduj\u0105cy u\u017cycie wi\u0119kszej ilo\u015bci warstw izolacyjnych. Kaptur Storm Hood jest obszerny i z powodzeniem kurtki mo\u017cemy u\u017cywa\u0107 wraz z kaskiem wspinaczkowym. Alpha SV to kurtka dedykowana do najtrudniejszych g\u00f3rskich zada\u0144 wykonywanych w skrajnych warunkach pogodowych.<\/p>\n\n\n<div class=\"wp-block-image\">\n<figure class=\"aligncenter size-full\"><img loading=\"lazy\" decoding=\"async\" width=\"1024\" height=\"683\" src=\"https:\/\/www.skalnik.pl\/blog\/wp-content\/uploads\/2021\/12\/kurtka-alpha-hardshell-arcteryx.png\" alt=\"kurtki gore-tex\" class=\"wp-image-18960\" srcset=\"https:\/\/www.skalnik.pl\/blog\/wp-content\/uploads\/2021\/12\/kurtka-alpha-hardshell-arcteryx.png 1024w, https:\/\/www.skalnik.pl\/blog\/wp-content\/uploads\/2021\/12\/kurtka-alpha-hardshell-arcteryx-300x200.png 300w, https:\/\/www.skalnik.pl\/blog\/wp-content\/uploads\/2021\/12\/kurtka-alpha-hardshell-arcteryx-768x512.png 768w\" sizes=\"auto, (max-width: 1024px) 100vw, 1024px\" \/><figcaption class=\"wp-element-caption\"><em>Ta kurtka Arc&#8217;teryx to model na najtrudniejsze warunki. (fot. Arc&#8217;teryx)<\/em><\/figcaption><\/figure>\n<\/div>\n\n\n<p class=\"has-white-color has-vivid-cyan-blue-background-color has-text-color has-background\">Poznaj topowe kurtki Arc&#8217;teryx z artyku\u0142u &#8211;&gt; <strong><a href=\"https:\/\/www.skalnik.pl\/blog\/kultowe-kurtki-arcteryx-alpha-atom-i-gamma\/\" target=\"_blank\" rel=\"noopener\" title=\"\">Kultowe kurtki Arc\u2019teryx: Alpha, Atom i Gamma<\/a><\/strong><\/p>\n\n\n\n<hr class=\"wp-block-separator has-alpha-channel-opacity is-style-dots\"\/>\n\n\n\n<p>W powy\u017cszym zestawieniu wymieni\u0142em kurtki przeciwdeszczowe, kt\u00f3re stanowi\u0105 jedynie cz\u0119\u015b\u0107 szerokiej oferty, ale s\u0105 jednymi z najcz\u0119\u015bciej wybieranych przez klient\u00f3w modeli. Je\u017celi wci\u0105\u017c szukacie swojej wymarzonej kurtki GORE-TEX zach\u0119cam was do odwiedzenia naszego sklepu internetowego oraz sklep\u00f3w stacjonarnych, gdzie nasi specjali\u015bci doradz\u0105 i pomog\u0105 wybra\u0107 najodpowiedniejszy model. Do zobaczenia na szlaku!<\/p>\n","protected":false},"excerpt":{"rendered":"<p>Dla wielu to najwy\u017cszy poziom ochrony! Poznaj najlepsze kurtki GORE-TEX\u00ae.<\/p>\n","protected":false},"author":15,"featured_media":25214,"comment_status":"closed","ping_status":"closed","sticky":false,"template":"","format":"standard","meta":{"_acf_changed":false,"footnotes":""},"categories":[5],"tags":[109,157],"magento_category":[40,38],"magento_product":[],"class_list":["post-25173","post","type-post","status-publish","format-standard","has-post-thumbnail","hentry","category-branza","tag-gore-tex","tag-kurtki-gore-tex"],"acf":[],"aioseo_notices":[],"aioseo_head":"\n\t\t<!-- All in One SEO 4.9.10 - aioseo.com -->\n\t<meta name=\"description\" content=\"Dla wielu to najwy\u017cszy poziom ochrony! Poznaj najlepsze kurtki GORE-TEX\u00ae.\" \/>\n\t<meta name=\"robots\" content=\"max-image-preview:large\" \/>\n\t<meta name=\"author\" content=\"Marcin Nowak\"\/>\n\t<link rel=\"canonical\" href=\"https:\/\/www.skalnik.pl\/blog\/kurtki-gore-tex-ranking-2023-2024\/\" \/>\n\t<meta name=\"generator\" content=\"All in One SEO (AIOSEO) 4.9.10\" \/>\n\t\t<meta property=\"og:locale\" content=\"pl_PL\" \/>\n\t\t<meta property=\"og:site_name\" content=\"blog Skalnik - Blog, porady, artyku\u0142y - blog Skalnik\" \/>\n\t\t<meta property=\"og:type\" content=\"article\" \/>\n\t\t<meta property=\"og:title\" content=\"Kurtki GORE-TEX \u2013 ranking 2023\/2024 - blog Skalnik\" \/>\n\t\t<meta property=\"og:description\" content=\"Dla wielu to najwy\u017cszy poziom ochrony! Poznaj najlepsze kurtki GORE-TEX\u00ae.\" \/>\n\t\t<meta property=\"og:url\" content=\"https:\/\/www.skalnik.pl\/blog\/kurtki-gore-tex-ranking-2023-2024\/\" \/>\n\t\t<meta property=\"og:image\" content=\"https:\/\/www.skalnik.pl\/blog\/wp-content\/uploads\/2023\/12\/kurtki-goretexowe-alrcteryx.jpg\" \/>\n\t\t<meta property=\"og:image:secure_url\" content=\"https:\/\/www.skalnik.pl\/blog\/wp-content\/uploads\/2023\/12\/kurtki-goretexowe-alrcteryx.jpg\" \/>\n\t\t<meta property=\"og:image:width\" content=\"1024\" \/>\n\t\t<meta property=\"og:image:height\" content=\"683\" \/>\n\t\t<meta property=\"article:tag\" content=\"bran\u017ca\" \/>\n\t\t<meta property=\"article:tag\" content=\"gore-tex\" \/>\n\t\t<meta property=\"article:tag\" content=\"kurtki gore-tex\" \/>\n\t\t<meta property=\"article:published_time\" content=\"2023-12-19T09:34:59+00:00\" \/>\n\t\t<meta property=\"article:modified_time\" content=\"2023-12-19T10:13:14+00:00\" \/>\n\t\t<meta name=\"twitter:card\" content=\"summary_large_image\" \/>\n\t\t<meta name=\"twitter:title\" content=\"Kurtki GORE-TEX \u2013 ranking 2023\/2024 - blog Skalnik\" \/>\n\t\t<meta name=\"twitter:description\" content=\"Dla wielu to najwy\u017cszy poziom ochrony! Poznaj najlepsze kurtki GORE-TEX\u00ae.\" \/>\n\t\t<meta name=\"twitter:image\" content=\"https:\/\/www.skalnik.pl\/blog\/wp-content\/uploads\/2023\/12\/kurtki-goretexowe-alrcteryx.jpg\" \/>\n\t\t<script type=\"application\/ld+json\" class=\"aioseo-schema\">\n\t\t\t{\"@context\":\"https:\\\/\\\/schema.org\",\"@graph\":[{\"@type\":\"BlogPosting\",\"@id\":\"https:\\\/\\\/www.skalnik.pl\\\/blog\\\/kurtki-gore-tex-ranking-2023-2024\\\/#blogposting\",\"name\":\"Kurtki GORE-TEX \\u2013 ranking 2023\\\/2024 - blog Skalnik\",\"headline\":\"Kurtki GORE-TEX \\u2013 ranking 2023\\\/2024\",\"author\":{\"@id\":\"https:\\\/\\\/www.skalnik.pl\\\/blog\\\/author\\\/marcin-nowak\\\/#author\"},\"publisher\":{\"@id\":\"https:\\\/\\\/www.skalnik.pl\\\/blog\\\/#organization\"},\"image\":{\"@type\":\"ImageObject\",\"url\":\"https:\\\/\\\/www.skalnik.pl\\\/blog\\\/wp-content\\\/uploads\\\/2023\\\/12\\\/kurtki-gore-tex-arcteryx-ranking.jpg\",\"width\":1920,\"height\":706},\"datePublished\":\"2023-12-19T11:34:59+02:00\",\"dateModified\":\"2023-12-19T12:13:14+02:00\",\"inLanguage\":\"pl-PL\",\"mainEntityOfPage\":{\"@id\":\"https:\\\/\\\/www.skalnik.pl\\\/blog\\\/kurtki-gore-tex-ranking-2023-2024\\\/#webpage\"},\"isPartOf\":{\"@id\":\"https:\\\/\\\/www.skalnik.pl\\\/blog\\\/kurtki-gore-tex-ranking-2023-2024\\\/#webpage\"},\"articleSection\":\"Bran\\u017ca, gore-tex, kurtki gore-tex, 1090, 1101\"},{\"@type\":\"BreadcrumbList\",\"@id\":\"https:\\\/\\\/www.skalnik.pl\\\/blog\\\/kurtki-gore-tex-ranking-2023-2024\\\/#breadcrumblist\",\"itemListElement\":[{\"@type\":\"ListItem\",\"@id\":\"https:\\\/\\\/www.skalnik.pl\\\/blog#listItem\",\"position\":1,\"name\":\"Home\",\"item\":\"https:\\\/\\\/www.skalnik.pl\\\/blog\",\"nextItem\":{\"@type\":\"ListItem\",\"@id\":\"https:\\\/\\\/www.skalnik.pl\\\/blog\\\/.\\\/branza\\\/#listItem\",\"name\":\"Bran\\u017ca\"}},{\"@type\":\"ListItem\",\"@id\":\"https:\\\/\\\/www.skalnik.pl\\\/blog\\\/.\\\/branza\\\/#listItem\",\"position\":2,\"name\":\"Bran\\u017ca\",\"item\":\"https:\\\/\\\/www.skalnik.pl\\\/blog\\\/.\\\/branza\\\/\",\"nextItem\":{\"@type\":\"ListItem\",\"@id\":\"https:\\\/\\\/www.skalnik.pl\\\/blog\\\/kurtki-gore-tex-ranking-2023-2024\\\/#listItem\",\"name\":\"Kurtki GORE-TEX \\u2013 ranking 2023\\\/2024\"},\"previousItem\":{\"@type\":\"ListItem\",\"@id\":\"https:\\\/\\\/www.skalnik.pl\\\/blog#listItem\",\"name\":\"Home\"}},{\"@type\":\"ListItem\",\"@id\":\"https:\\\/\\\/www.skalnik.pl\\\/blog\\\/kurtki-gore-tex-ranking-2023-2024\\\/#listItem\",\"position\":3,\"name\":\"Kurtki GORE-TEX \\u2013 ranking 2023\\\/2024\",\"previousItem\":{\"@type\":\"ListItem\",\"@id\":\"https:\\\/\\\/www.skalnik.pl\\\/blog\\\/.\\\/branza\\\/#listItem\",\"name\":\"Bran\\u017ca\"}}]},{\"@type\":\"Organization\",\"@id\":\"https:\\\/\\\/www.skalnik.pl\\\/blog\\\/#organization\",\"name\":\"blog Skalnik\",\"description\":\"Blog, porady, artyku\\u0142y - blog Skalnik\",\"url\":\"https:\\\/\\\/www.skalnik.pl\\\/blog\\\/\"},{\"@type\":\"Person\",\"@id\":\"https:\\\/\\\/www.skalnik.pl\\\/blog\\\/author\\\/marcin-nowak\\\/#author\",\"url\":\"https:\\\/\\\/www.skalnik.pl\\\/blog\\\/author\\\/marcin-nowak\\\/\",\"name\":\"Marcin Nowak\",\"image\":{\"@type\":\"ImageObject\",\"@id\":\"https:\\\/\\\/www.skalnik.pl\\\/blog\\\/kurtki-gore-tex-ranking-2023-2024\\\/#authorImage\",\"url\":\"https:\\\/\\\/secure.gravatar.com\\\/avatar\\\/f73628a26381dc449e848c17fc0bed5da595b192c42ec3df1b8c321ba4534014?s=96&d=mm&r=g\",\"width\":96,\"height\":96,\"caption\":\"Marcin Nowak\"}},{\"@type\":\"WebPage\",\"@id\":\"https:\\\/\\\/www.skalnik.pl\\\/blog\\\/kurtki-gore-tex-ranking-2023-2024\\\/#webpage\",\"url\":\"https:\\\/\\\/www.skalnik.pl\\\/blog\\\/kurtki-gore-tex-ranking-2023-2024\\\/\",\"name\":\"Kurtki GORE-TEX \\u2013 ranking 2023\\\/2024 - blog Skalnik\",\"description\":\"Dla wielu to najwy\\u017cszy poziom ochrony! Poznaj najlepsze kurtki GORE-TEX\\u00ae.\",\"inLanguage\":\"pl-PL\",\"isPartOf\":{\"@id\":\"https:\\\/\\\/www.skalnik.pl\\\/blog\\\/#website\"},\"breadcrumb\":{\"@id\":\"https:\\\/\\\/www.skalnik.pl\\\/blog\\\/kurtki-gore-tex-ranking-2023-2024\\\/#breadcrumblist\"},\"author\":{\"@id\":\"https:\\\/\\\/www.skalnik.pl\\\/blog\\\/author\\\/marcin-nowak\\\/#author\"},\"creator\":{\"@id\":\"https:\\\/\\\/www.skalnik.pl\\\/blog\\\/author\\\/marcin-nowak\\\/#author\"},\"image\":{\"@type\":\"ImageObject\",\"url\":\"https:\\\/\\\/www.skalnik.pl\\\/blog\\\/wp-content\\\/uploads\\\/2023\\\/12\\\/kurtki-gore-tex-arcteryx-ranking.jpg\",\"@id\":\"https:\\\/\\\/www.skalnik.pl\\\/blog\\\/kurtki-gore-tex-ranking-2023-2024\\\/#mainImage\",\"width\":1920,\"height\":706},\"primaryImageOfPage\":{\"@id\":\"https:\\\/\\\/www.skalnik.pl\\\/blog\\\/kurtki-gore-tex-ranking-2023-2024\\\/#mainImage\"},\"datePublished\":\"2023-12-19T11:34:59+02:00\",\"dateModified\":\"2023-12-19T12:13:14+02:00\"},{\"@type\":\"WebSite\",\"@id\":\"https:\\\/\\\/www.skalnik.pl\\\/blog\\\/#website\",\"url\":\"https:\\\/\\\/www.skalnik.pl\\\/blog\\\/\",\"name\":\"blog Skalnik\",\"description\":\"Blog, porady, artyku\\u0142y - blog Skalnik\",\"inLanguage\":\"pl-PL\",\"publisher\":{\"@id\":\"https:\\\/\\\/www.skalnik.pl\\\/blog\\\/#organization\"}}]}\n\t\t<\/script>\n\t\t<!-- All in One SEO -->\n\n","aioseo_head_json":{"title":"Kurtki GORE-TEX \u2013 ranking 2023\/2024 - blog Skalnik","description":"Dla wielu to najwy\u017cszy poziom ochrony! Poznaj najlepsze kurtki GORE-TEX\u00ae.","canonical_url":"https:\/\/www.skalnik.pl\/blog\/kurtki-gore-tex-ranking-2023-2024\/","robots":"max-image-preview:large","keywords":"","webmasterTools":{"miscellaneous":""},"schema":{"@context":"https:\/\/schema.org","@graph":[{"@type":"BlogPosting","@id":"https:\/\/www.skalnik.pl\/blog\/kurtki-gore-tex-ranking-2023-2024\/#blogposting","name":"Kurtki GORE-TEX \u2013 ranking 2023\/2024 - blog Skalnik","headline":"Kurtki GORE-TEX \u2013 ranking 2023\/2024","author":{"@id":"https:\/\/www.skalnik.pl\/blog\/author\/marcin-nowak\/#author"},"publisher":{"@id":"https:\/\/www.skalnik.pl\/blog\/#organization"},"image":{"@type":"ImageObject","url":"https:\/\/www.skalnik.pl\/blog\/wp-content\/uploads\/2023\/12\/kurtki-gore-tex-arcteryx-ranking.jpg","width":1920,"height":706},"datePublished":"2023-12-19T11:34:59+02:00","dateModified":"2023-12-19T12:13:14+02:00","inLanguage":"pl-PL","mainEntityOfPage":{"@id":"https:\/\/www.skalnik.pl\/blog\/kurtki-gore-tex-ranking-2023-2024\/#webpage"},"isPartOf":{"@id":"https:\/\/www.skalnik.pl\/blog\/kurtki-gore-tex-ranking-2023-2024\/#webpage"},"articleSection":"Bran\u017ca, gore-tex, kurtki gore-tex, 1090, 1101"},{"@type":"BreadcrumbList","@id":"https:\/\/www.skalnik.pl\/blog\/kurtki-gore-tex-ranking-2023-2024\/#breadcrumblist","itemListElement":[{"@type":"ListItem","@id":"https:\/\/www.skalnik.pl\/blog#listItem","position":1,"name":"Home","item":"https:\/\/www.skalnik.pl\/blog","nextItem":{"@type":"ListItem","@id":"https:\/\/www.skalnik.pl\/blog\/.\/branza\/#listItem","name":"Bran\u017ca"}},{"@type":"ListItem","@id":"https:\/\/www.skalnik.pl\/blog\/.\/branza\/#listItem","position":2,"name":"Bran\u017ca","item":"https:\/\/www.skalnik.pl\/blog\/.\/branza\/","nextItem":{"@type":"ListItem","@id":"https:\/\/www.skalnik.pl\/blog\/kurtki-gore-tex-ranking-2023-2024\/#listItem","name":"Kurtki GORE-TEX \u2013 ranking 2023\/2024"},"previousItem":{"@type":"ListItem","@id":"https:\/\/www.skalnik.pl\/blog#listItem","name":"Home"}},{"@type":"ListItem","@id":"https:\/\/www.skalnik.pl\/blog\/kurtki-gore-tex-ranking-2023-2024\/#listItem","position":3,"name":"Kurtki GORE-TEX \u2013 ranking 2023\/2024","previousItem":{"@type":"ListItem","@id":"https:\/\/www.skalnik.pl\/blog\/.\/branza\/#listItem","name":"Bran\u017ca"}}]},{"@type":"Organization","@id":"https:\/\/www.skalnik.pl\/blog\/#organization","name":"blog Skalnik","description":"Blog, porady, artyku\u0142y - blog Skalnik","url":"https:\/\/www.skalnik.pl\/blog\/"},{"@type":"Person","@id":"https:\/\/www.skalnik.pl\/blog\/author\/marcin-nowak\/#author","url":"https:\/\/www.skalnik.pl\/blog\/author\/marcin-nowak\/","name":"Marcin Nowak","image":{"@type":"ImageObject","@id":"https:\/\/www.skalnik.pl\/blog\/kurtki-gore-tex-ranking-2023-2024\/#authorImage","url":"https:\/\/secure.gravatar.com\/avatar\/f73628a26381dc449e848c17fc0bed5da595b192c42ec3df1b8c321ba4534014?s=96&d=mm&r=g","width":96,"height":96,"caption":"Marcin Nowak"}},{"@type":"WebPage","@id":"https:\/\/www.skalnik.pl\/blog\/kurtki-gore-tex-ranking-2023-2024\/#webpage","url":"https:\/\/www.skalnik.pl\/blog\/kurtki-gore-tex-ranking-2023-2024\/","name":"Kurtki GORE-TEX \u2013 ranking 2023\/2024 - blog Skalnik","description":"Dla wielu to najwy\u017cszy poziom ochrony! Poznaj najlepsze kurtki GORE-TEX\u00ae.","inLanguage":"pl-PL","isPartOf":{"@id":"https:\/\/www.skalnik.pl\/blog\/#website"},"breadcrumb":{"@id":"https:\/\/www.skalnik.pl\/blog\/kurtki-gore-tex-ranking-2023-2024\/#breadcrumblist"},"author":{"@id":"https:\/\/www.skalnik.pl\/blog\/author\/marcin-nowak\/#author"},"creator":{"@id":"https:\/\/www.skalnik.pl\/blog\/author\/marcin-nowak\/#author"},"image":{"@type":"ImageObject","url":"https:\/\/www.skalnik.pl\/blog\/wp-content\/uploads\/2023\/12\/kurtki-gore-tex-arcteryx-ranking.jpg","@id":"https:\/\/www.skalnik.pl\/blog\/kurtki-gore-tex-ranking-2023-2024\/#mainImage","width":1920,"height":706},"primaryImageOfPage":{"@id":"https:\/\/www.skalnik.pl\/blog\/kurtki-gore-tex-ranking-2023-2024\/#mainImage"},"datePublished":"2023-12-19T11:34:59+02:00","dateModified":"2023-12-19T12:13:14+02:00"},{"@type":"WebSite","@id":"https:\/\/www.skalnik.pl\/blog\/#website","url":"https:\/\/www.skalnik.pl\/blog\/","name":"blog Skalnik","description":"Blog, porady, artyku\u0142y - blog Skalnik","inLanguage":"pl-PL","publisher":{"@id":"https:\/\/www.skalnik.pl\/blog\/#organization"}}]},"og:locale":"pl_PL","og:site_name":"blog Skalnik - Blog, porady, artyku\u0142y - blog Skalnik","og:type":"article","og:title":"Kurtki GORE-TEX \u2013 ranking 2023\/2024 - blog Skalnik","og:description":"Dla wielu to najwy\u017cszy poziom ochrony! Poznaj najlepsze kurtki GORE-TEX\u00ae.","og:url":"https:\/\/www.skalnik.pl\/blog\/kurtki-gore-tex-ranking-2023-2024\/","og:image":"https:\/\/www.skalnik.pl\/blog\/wp-content\/uploads\/2023\/12\/kurtki-goretexowe-alrcteryx.jpg","og:image:secure_url":"https:\/\/www.skalnik.pl\/blog\/wp-content\/uploads\/2023\/12\/kurtki-goretexowe-alrcteryx.jpg","og:image:width":1024,"og:image:height":683,"article:tag":["bran\u017ca","gore-tex","kurtki gore-tex"],"article:published_time":"2023-12-19T09:34:59+00:00","article:modified_time":"2023-12-19T10:13:14+00:00","twitter:card":"summary_large_image","twitter:title":"Kurtki GORE-TEX \u2013 ranking 2023\/2024 - blog Skalnik","twitter:description":"Dla wielu to najwy\u017cszy poziom ochrony! Poznaj najlepsze kurtki GORE-TEX\u00ae.","twitter:image":"https:\/\/www.skalnik.pl\/blog\/wp-content\/uploads\/2023\/12\/kurtki-goretexowe-alrcteryx.jpg"},"aioseo_meta_data":{"post_id":"25173","title":null,"description":null,"keywords":[],"keyphrases":{"focus":{"keyphrase":"kurtki gore-tex","score":80,"analysis":{"keyphraseInTitle":{"score":9,"maxScore":9,"error":0},"keyphraseInDescription":{"score":9,"maxScore":9,"error":0},"keyphraseLength":{"score":9,"maxScore":9,"error":0,"length":2},"keyphraseInURL":{"score":5,"maxScore":5,"error":0},"keyphraseInIntroduction":{"score":3,"maxScore":9,"error":1},"keyphraseInSubHeadings":{"score":3,"maxScore":9,"error":1},"keyphraseInImageAlt":{"score":9,"maxScore":9,"error":0}}},"additional":[]},"primary_term":null,"canonical_url":null,"og_title":null,"og_description":null,"og_object_type":"default","og_image_type":"default","og_image_url":null,"og_image_width":null,"og_image_height":null,"og_image_custom_url":null,"og_image_custom_fields":null,"og_video":"","og_custom_url":null,"og_article_section":null,"og_article_tags":[],"twitter_use_og":false,"twitter_card":"default","twitter_image_type":"default","twitter_image_url":null,"twitter_image_custom_url":null,"twitter_image_custom_fields":null,"twitter_title":null,"twitter_description":null,"schema":{"blockGraphs":[],"customGraphs":[],"default":{"data":{"Article":[],"Course":[],"Dataset":[],"FAQPage":[],"Movie":[],"Person":[],"Product":[],"ProductReview":[],"Car":[],"Recipe":[],"Service":[],"SoftwareApplication":[],"WebPage":[]},"graphName":"","isEnabled":true},"graphs":[]},"schema_type":"default","schema_type_options":null,"pillar_content":false,"robots_default":true,"robots_noindex":false,"robots_noarchive":false,"robots_nosnippet":false,"robots_nofollow":false,"robots_noimageindex":false,"robots_noodp":false,"robots_notranslate":false,"robots_max_snippet":"-1","robots_max_videopreview":"-1","robots_max_imagepreview":"large","priority":null,"frequency":"default","local_seo":null,"breadcrumb_settings":null,"limit_modified_date":false,"ai":null,"created":"2023-12-15 13:33:37","updated":"2026-02-17 22:47:46","seo_analyzer_scan_date":null},"aioseo_breadcrumb":"<div class=\"aioseo-breadcrumbs\"><span class=\"aioseo-breadcrumb\">\n\t\t\t<a href=\"https:\/\/www.skalnik.pl\/blog\" title=\"Home\">Home<\/a>\n\t\t<\/span><span class=\"aioseo-breadcrumb-separator\">&raquo;<\/span><span class=\"aioseo-breadcrumb\">\n\t\t\t<a href=\"https:\/\/www.skalnik.pl\/blog\/.\/branza\/\" title=\"Bran\u017ca\">Bran\u017ca<\/a>\n\t\t<\/span><span class=\"aioseo-breadcrumb-separator\">&raquo;<\/span><span class=\"aioseo-breadcrumb\">\n\t\t\tKurtki GORE-TEX \u2013 ranking 2023\/2024\n\t\t<\/span><\/div>","aioseo_breadcrumb_json":[{"label":"Home","link":"https:\/\/www.skalnik.pl\/blog"},{"label":"Bran\u017ca","link":"https:\/\/www.skalnik.pl\/blog\/.\/branza\/"},{"label":"Kurtki GORE-TEX \u2013 ranking 2023\/2024","link":"https:\/\/www.skalnik.pl\/blog\/kurtki-gore-tex-ranking-2023-2024\/"}],"_links":{"self":[{"href":"https:\/\/www.skalnik.pl\/blog\/wp-json\/wp\/v2\/posts\/25173","targetHints":{"allow":["GET"]}}],"collection":[{"href":"https:\/\/www.skalnik.pl\/blog\/wp-json\/wp\/v2\/posts"}],"about":[{"href":"https:\/\/www.skalnik.pl\/blog\/wp-json\/wp\/v2\/types\/post"}],"author":[{"embeddable":true,"href":"https:\/\/www.skalnik.pl\/blog\/wp-json\/wp\/v2\/users\/15"}],"replies":[{"embeddable":true,"href":"https:\/\/www.skalnik.pl\/blog\/wp-json\/wp\/v2\/comments?post=25173"}],"version-history":[{"count":13,"href":"https:\/\/www.skalnik.pl\/blog\/wp-json\/wp\/v2\/posts\/25173\/revisions"}],"predecessor-version":[{"id":25215,"href":"https:\/\/www.skalnik.pl\/blog\/wp-json\/wp\/v2\/posts\/25173\/revisions\/25215"}],"wp:featuredmedia":[{"embeddable":true,"href":"https:\/\/www.skalnik.pl\/blog\/wp-json\/wp\/v2\/media\/25214"}],"wp:attachment":[{"href":"https:\/\/www.skalnik.pl\/blog\/wp-json\/wp\/v2\/media?parent=25173"}],"wp:term":[{"taxonomy":"category","embeddable":true,"href":"https:\/\/www.skalnik.pl\/blog\/wp-json\/wp\/v2\/categories?post=25173"},{"taxonomy":"post_tag","embeddable":true,"href":"https:\/\/www.skalnik.pl\/blog\/wp-json\/wp\/v2\/tags?post=25173"},{"taxonomy":"magento_category","embeddable":true,"href":"https:\/\/www.skalnik.pl\/blog\/wp-json\/wp\/v2\/magento_category?post=25173"},{"taxonomy":"magento_product","embeddable":true,"href":"https:\/\/www.skalnik.pl\/blog\/wp-json\/wp\/v2\/magento_product?post=25173"}],"curies":[{"name":"wp","href":"https:\/\/api.w.org\/{rel}","templated":true}]}}