{"id":25190,"date":"2024-03-06T16:27:48","date_gmt":"2024-03-06T14:27:48","guid":{"rendered":"https:\/\/www.skalnik.pl\/blog\/?p=25190"},"modified":"2024-04-08T08:52:15","modified_gmt":"2024-04-08T06:52:15","slug":"pireneje-przewodnik-dla-turystow","status":"publish","type":"post","link":"https:\/\/www.skalnik.pl\/blog\/pireneje-przewodnik-dla-turystow\/","title":{"rendered":"Pireneje &#8211; przewodnik dla turyst\u00f3w"},"content":{"rendered":"\n<p><strong>Pireneje nale\u017c\u0105 do najwy\u017cszych \u0142a\u0144cuch\u00f3w g\u00f3rskich w Europie. Ich wspania\u0142e krajobrazy przyci\u0105gaj\u0105 ka\u017cdego roku rzesze mi\u0142o\u015bnik\u00f3w g\u00f3rskich w\u0119dr\u00f3wek, ale tak\u017ce wspinaczy, a zim\u0105 narciarzy. S\u0105 to g\u00f3ry bardzo zr\u00f3\u017cnicowane, zajmuj\u0105ce teren mi\u0119dzy Morzem \u015ar\u00f3dziemnym, a Oceanem Atlantyckim. Je\u017celi chcesz zobaczy\u0107 tu &#8222;wszystko&#8221; musisz przygotowa\u0107 si\u0119 na naprawd\u0119 d\u0142ugi wyjazd. Ale jest te\u017c dobra informacja &#8211; Pireneje to g\u00f3ry, w kt\u00f3re podobnie jak w Karpaty czy Alpy mo\u017cna wraca\u0107 wielokrotnie i zawsze odkry\u0107 co\u015b nowego. Zapraszam na wycieczk\u0119, na &#8222;kraniec Europy&#8221;.<\/strong><\/p>\n\n\n\n<div id=\"ez-toc-container\" class=\"ez-toc-v2_0_85 counter-hierarchy ez-toc-counter ez-toc-light-blue ez-toc-container-direction\">\n<div class=\"ez-toc-title-container\">\n<p class=\"ez-toc-title\" style=\"cursor:inherit\">SPIS TRE\u015aCI <\/p>\n<span class=\"ez-toc-title-toggle\"><a href=\"#\" class=\"ez-toc-pull-right ez-toc-btn ez-toc-btn-xs ez-toc-btn-default ez-toc-toggle\" aria-label=\"Prze\u0142\u0105cznik Spisu Tre\u015bci\"><span class=\"ez-toc-js-icon-con\"><span class=\"\"><span class=\"eztoc-hide\" style=\"display:none;\">Toggle<\/span><span class=\"ez-toc-icon-toggle-span\"><svg style=\"fill: #999;color:#999\" xmlns=\"http:\/\/www.w3.org\/2000\/svg\" class=\"list-377408\" width=\"20px\" height=\"20px\" viewBox=\"0 0 24 24\" fill=\"none\"><path d=\"M6 6H4v2h2V6zm14 0H8v2h12V6zM4 11h2v2H4v-2zm16 0H8v2h12v-2zM4 16h2v2H4v-2zm16 0H8v2h12v-2z\" fill=\"currentColor\"><\/path><\/svg><svg style=\"fill: #999;color:#999\" class=\"arrow-unsorted-368013\" xmlns=\"http:\/\/www.w3.org\/2000\/svg\" width=\"10px\" height=\"10px\" viewBox=\"0 0 24 24\" version=\"1.2\" baseProfile=\"tiny\"><path d=\"M18.2 9.3l-6.2-6.3-6.2 6.3c-.2.2-.3.4-.3.7s.1.5.3.7c.2.2.4.3.7.3h11c.3 0 .5-.1.7-.3.2-.2.3-.5.3-.7s-.1-.5-.3-.7zM5.8 14.7l6.2 6.3 6.2-6.3c.2-.2.3-.5.3-.7s-.1-.5-.3-.7c-.2-.2-.4-.3-.7-.3h-11c-.3 0-.5.1-.7.3-.2.2-.3.5-.3.7s.1.5.3.7z\"\/><\/svg><\/span><\/span><\/span><\/a><\/span><\/div>\n<nav><ul class='ez-toc-list ez-toc-list-level-1 ' ><li class='ez-toc-page-1 ez-toc-heading-level-2'><a class=\"ez-toc-link ez-toc-heading-1\" href=\"https:\/\/www.skalnik.pl\/blog\/pireneje-przewodnik-dla-turystow\/#Gdzie_leza_Pireneje\" >Gdzie le\u017c\u0105 Pireneje<\/a><\/li><li class='ez-toc-page-1 ez-toc-heading-level-2'><a class=\"ez-toc-link ez-toc-heading-2\" href=\"https:\/\/www.skalnik.pl\/blog\/pireneje-przewodnik-dla-turystow\/#Krajobrazy_Pirenejow\" >Krajobrazy Pirenej\u00f3w<\/a><\/li><li class='ez-toc-page-1 ez-toc-heading-level-2'><a class=\"ez-toc-link ez-toc-heading-3\" href=\"https:\/\/www.skalnik.pl\/blog\/pireneje-przewodnik-dla-turystow\/#Szlaki_dlugodystansowe_w_Pirenejach\" >Szlaki d\u0142ugodystansowe w Pirenejach<\/a><\/li><li class='ez-toc-page-1 ez-toc-heading-level-2'><a class=\"ez-toc-link ez-toc-heading-4\" href=\"https:\/\/www.skalnik.pl\/blog\/pireneje-przewodnik-dla-turystow\/#Pireneje_%E2%80%93_informacje_praktyczne\" >Pireneje &#8211; informacje praktyczne<\/a><\/li><\/ul><\/nav><\/div>\n<h2 class=\"wp-block-heading\"><span class=\"ez-toc-section\" id=\"Gdzie_leza_Pireneje\"><\/span>Gdzie le\u017c\u0105 Pireneje<span class=\"ez-toc-section-end\"><\/span><\/h2>\n\n\n\n<p>Pireneje, kt\u00f3rych nazwa pochodzi od mitologicznej c\u00f3rki Atlasa Pyrene, to \u0142a\u0144cuch o d\u0142ugo\u015bci 450 km oddzielaj\u0105cy P\u00f3\u0142wysep Iberyjski od pozosta\u0142ej cz\u0119\u015bci Europy. Pireneje rozci\u0105gaj\u0105 si\u0119 od Morza \u015ar\u00f3dziemnego po Ocean Atlantycki, co w przesz\u0142o\u015bci prowadzi\u0142o do b\u0142\u0119dnych wniosk\u00f3w jakoby by\u0142y granic\u0105 Europy.<\/p>\n\n\n\n<p>Powierzchnia i r\u00f3\u017cnorodno\u015b\u0107 Pirenej\u00f3w sprawiaj\u0105, \u017ce dzieli si\u0119 je w literaturze na trzy cz\u0119\u015bci. S\u0105 to:<\/p>\n\n\n\n<ul class=\"wp-block-list\">\n<li>Pireneje Zachodnie nazywane te\u017c Atlantyckimi, kt\u00f3rych wysoko\u015b\u0107 maleje stopniowo ze wschodu na zach\u00f3d do wybrze\u017cy Atlantyku<\/li>\n\n\n\n<li>Pireneje Centralne po\u0142o\u017cone mi\u0119dzy prze\u0142\u0119cz\u0105 Somport i si\u0119gaj\u0105ce po dolin\u0119 Val d&#8217;Aran. W tej cz\u0119\u015bci znajduj\u0105 si\u0119 najwy\u017cszy szczyt Pirenej\u00f3w &#8211; Pico de Aneto 3404 m n.p.m. i kolejne najwy\u017csze szczyty Mont Posets (3375 m n.p.m.) oraz Monte Perdido (3355 m n.p.m.).<\/li>\n\n\n\n<li>Pireneje Wschodnie, kt\u00f3re obni\u017caj\u0105 si\u0119 w kierunku Morza \u015ar\u00f3dziemnego<\/li>\n<\/ul>\n\n\n\n<p>Jak widzisz ju\u017c z powy\u017cszego zestawienia Pireneje s\u0105 g\u00f3rami, kt\u00f3rych wysoko\u015b\u0107 przekracza 3000 m n.p.m. S\u0105 te\u017c bardzo zr\u00f3\u017cnicowane krajobrazowo, a przez to niezwykle atrakcyjne.<\/p>\n\n\n<div class=\"wp-block-image\">\n<figure class=\"aligncenter size-large\"><img loading=\"lazy\" decoding=\"async\" width=\"1024\" height=\"575\" src=\"https:\/\/www.skalnik.pl\/blog\/wp-content\/uploads\/2023\/12\/hendrik-morkel-SAVhAuFtxzM-unsplash-1024x575.jpg\" alt=\"pireneje krajobraz\" class=\"wp-image-25192\" srcset=\"https:\/\/www.skalnik.pl\/blog\/wp-content\/uploads\/2023\/12\/hendrik-morkel-SAVhAuFtxzM-unsplash-1024x575.jpg 1024w, https:\/\/www.skalnik.pl\/blog\/wp-content\/uploads\/2023\/12\/hendrik-morkel-SAVhAuFtxzM-unsplash-300x169.jpg 300w, https:\/\/www.skalnik.pl\/blog\/wp-content\/uploads\/2023\/12\/hendrik-morkel-SAVhAuFtxzM-unsplash-768x431.jpg 768w, https:\/\/www.skalnik.pl\/blog\/wp-content\/uploads\/2023\/12\/hendrik-morkel-SAVhAuFtxzM-unsplash-1536x863.jpg 1536w, https:\/\/www.skalnik.pl\/blog\/wp-content\/uploads\/2023\/12\/hendrik-morkel-SAVhAuFtxzM-unsplash-2048x1150.jpg 2048w\" sizes=\"auto, (max-width: 1024px) 100vw, 1024px\" \/><figcaption class=\"wp-element-caption\"><em>Pireneje to g\u00f3ry o niezwykle zr\u00f3\u017cnicowanym krajobrazie (fot. Hendrik Morkel, Unsplash)<\/em><\/figcaption><\/figure>\n<\/div>\n\n\n<p>Jest jeszcze jeden podzia\u0142 Pirenej\u00f3w, wymuszony troch\u0119 przez histori\u0119 i polityk\u0119. To podzia\u0142 na Pireneje Francuskie i Pireneje Hiszpa\u0144skie. Nazwy pochodz\u0105 oczywi\u015bcie od pa\u0144stw, w jakich si\u0119 znajduj\u0105. W Pirenejach znajduje si\u0119 te\u017c jeszcze jedno pa\u0144stwo, niewielka Andora, po\u0142o\u017cona w ca\u0142o\u015bci w g\u00f3rach.<\/p>\n\n\n\n<h2 class=\"wp-block-heading\"><span class=\"ez-toc-section\" id=\"Krajobrazy_Pirenejow\"><\/span>Krajobrazy Pirenej\u00f3w<span class=\"ez-toc-section-end\"><\/span><\/h2>\n\n\n\n<p>Pireneje pozostaj\u0105 wci\u0105\u017c nieco na uboczu zainteresowania polskich turyst\u00f3w g\u00f3rskich. Nie budz\u0105 takiej ekscytacji jak Alpy, nie s\u0105 te\u017c uwa\u017cane za tak &#8222;egzotyczne&#8221; jak Wschodnie i Po\u0142udniowe Karpaty lub g\u00f3ry P\u00f3\u0142wyspu Ba\u0142ka\u0144skiego. A to b\u0142\u0105d bo to jedno z najlepszych w Europie miejsc do uprawiania turystyki pieszej, szczeg\u00f3lnie dla os\u00f3b kt\u00f3re lubi\u0105 wielodniowe w\u0119dr\u00f3wki, brak cywilizacji, noclegi w schroniskach czy w namiotach.<\/p>\n\n\n\n<p class=\"has-white-color has-vivid-cyan-blue-background-color has-text-color has-background\">Kliknij i znajd\u017a &#8211;&gt; <a href=\"https:\/\/www.skalnik.pl\/sprzet-turystyczny\/namioty\/namioty-turystyczne\" target=\"_blank\" rel=\"noopener\" title=\"\"><strong>namiot turystyczny<\/strong><\/a> &lt;&#8211; na w\u0119dr\u00f3wk\u0119 w Pirenejach. <\/p>\n\n\n<div class=\"wp-block-image\">\n<figure class=\"aligncenter size-large\"><img loading=\"lazy\" decoding=\"async\" width=\"1024\" height=\"576\" src=\"https:\/\/www.skalnik.pl\/blog\/wp-content\/uploads\/2023\/12\/marco-montero-pisani-4V5fNRrLpRk-unsplash-1024x576.jpg\" alt=\"\" class=\"wp-image-25193\" srcset=\"https:\/\/www.skalnik.pl\/blog\/wp-content\/uploads\/2023\/12\/marco-montero-pisani-4V5fNRrLpRk-unsplash-1024x576.jpg 1024w, https:\/\/www.skalnik.pl\/blog\/wp-content\/uploads\/2023\/12\/marco-montero-pisani-4V5fNRrLpRk-unsplash-300x169.jpg 300w, https:\/\/www.skalnik.pl\/blog\/wp-content\/uploads\/2023\/12\/marco-montero-pisani-4V5fNRrLpRk-unsplash-768x432.jpg 768w, https:\/\/www.skalnik.pl\/blog\/wp-content\/uploads\/2023\/12\/marco-montero-pisani-4V5fNRrLpRk-unsplash-1536x864.jpg 1536w, https:\/\/www.skalnik.pl\/blog\/wp-content\/uploads\/2023\/12\/marco-montero-pisani-4V5fNRrLpRk-unsplash-2048x1152.jpg 2048w\" sizes=\"auto, (max-width: 1024px) 100vw, 1024px\" \/><figcaption class=\"wp-element-caption\"><em>Pireneje zachwycaj\u0105 naturalnym pi\u0119knem i malowniczymi wioskami (fot. Marco Montero Pisani, Unsplash)<\/em><\/figcaption><\/figure>\n<\/div>\n\n\n<p>Powiedzie\u0107, \u017ce Pireneje s\u0105 zr\u00f3\u017cnicowane to jak nie powiedzie\u0107 nic. To g\u00f3ry, w kt\u00f3rych okrzyki &#8222;wow&#8221; same pchaj\u0105 si\u0119 na usta czasem i po kilka razy dziennie. Czego tu nie ma? Zielone \u0142\u0105ki i magiczne doliny z niewielkimi, tradycyjnymi wioskami z kamienn\u0105 zabudow\u0105, g\u00f3rskie jeziora i wodospady, lodowce, widokowe prze\u0142\u0119cze, poszarpane turnie, g\u00f3ruj\u0105ce nad nimi nagie, skaliste szczyty, kt\u00f3rych \u015bciany s\u0105 idealnym miejscem dla wspinaczy. Ca\u0142e pasmo to ogromna kopalnia pomys\u0142\u00f3w na kr\u00f3tsze i d\u0142u\u017csze trasy piesze. Nie bez powodu Rezerwat Biosfery obejmuj\u0105cy masywy Ordesa &#8211; Monte Perdido oraz Gavarnie &#8211; Vignemale zosta\u0142 wpisany na List\u0119 UNESCO. Na li\u015bcie tej znajduje si\u0119 te\u017c Dolina Madriu-Perafita-Claror w Andorze.<\/p>\n\n\n\n<p>Dok\u0142adny opis Pirenej\u00f3w i ich atrakcji zaj\u0105\u0142by pewnie ca\u0142kiem grub\u0105 ksi\u0105\u017ck\u0119 bo ich pi\u0119kno i r\u00f3\u017cnorodno\u015b\u0107 s\u0105 niezwyk\u0142e. Na ich terenie znajduj\u0105 si\u0119 3 parki narodowe:<\/p>\n\n\n\n<ul class=\"wp-block-list\">\n<li>Park Narodowy Pirenej\u00f3w we Francji le\u017c\u0105cy na po\u0142udnie od s\u0142ynnej Doliny Lescun i obejmuj\u0105cy imponuj\u0105ce pojedyncze szczyty le\u017c\u0105ce na p\u00f3\u0142noc od g\u0142\u00f3wnej grani Pirenej\u00f3w, a tak\u017ce pi\u0119kny rezerwat Neouvielle z polodowcowymi jeziorami i krajobrazem przypominaj\u0105cym Tatry.<\/li>\n\n\n\n<li>Park Narodowy Ordesa i Monte Perdido, o kt\u00f3rym wspomnia\u0142am ju\u017c wy\u017cej. Obejmuje Pireneje Wysokie, a na jego terenie znajduj\u0105 si\u0119 przepi\u0119kne kaniony Ordesa, Aniscola i Escuain. Pomimo licznych szlak\u00f3w i \u015bcie\u017cek teren poddany jest rygorystycznej ochronie, a obostrzenia w ruchu turystycznym s\u0105 tu bardzo du\u017ce.<\/li>\n<\/ul>\n\n\n<div class=\"wp-block-image\">\n<figure class=\"aligncenter size-large\"><img loading=\"lazy\" decoding=\"async\" width=\"1024\" height=\"683\" src=\"https:\/\/www.skalnik.pl\/blog\/wp-content\/uploads\/2023\/12\/pedro-sanz-ZPX5mLV38TY-unsplash-1024x683.jpg\" alt=\"\" class=\"wp-image-25194\" srcset=\"https:\/\/www.skalnik.pl\/blog\/wp-content\/uploads\/2023\/12\/pedro-sanz-ZPX5mLV38TY-unsplash-1024x683.jpg 1024w, https:\/\/www.skalnik.pl\/blog\/wp-content\/uploads\/2023\/12\/pedro-sanz-ZPX5mLV38TY-unsplash-300x200.jpg 300w, https:\/\/www.skalnik.pl\/blog\/wp-content\/uploads\/2023\/12\/pedro-sanz-ZPX5mLV38TY-unsplash-768x512.jpg 768w, https:\/\/www.skalnik.pl\/blog\/wp-content\/uploads\/2023\/12\/pedro-sanz-ZPX5mLV38TY-unsplash-1536x1024.jpg 1536w, https:\/\/www.skalnik.pl\/blog\/wp-content\/uploads\/2023\/12\/pedro-sanz-ZPX5mLV38TY-unsplash-2048x1365.jpg 2048w\" sizes=\"auto, (max-width: 1024px) 100vw, 1024px\" \/><figcaption class=\"wp-element-caption\"><em>Monte Perdido &#8211; jeden z najbardziej rozpoznawalnych szczyt\u00f3w w Pirenejach (fot. Pedro Sanz, Unsplash)<\/em><\/figcaption><\/figure>\n<\/div>\n\n\n<ul class=\"wp-block-list\">\n<li>Park narodowy d&#8217;Aiguestortes i Estane de Sant Maurici w Katalonii, w kt\u00f3rym podziwia\u0107 mo\u017cna dziki, polodowcowy krajobraz z cyrkami i g\u00f3rskimi jeziorami.<\/li>\n<\/ul>\n\n\n\n<h2 class=\"wp-block-heading\"><span class=\"ez-toc-section\" id=\"Szlaki_dlugodystansowe_w_Pirenejach\"><\/span>Szlaki d\u0142ugodystansowe w Pirenejach<span class=\"ez-toc-section-end\"><\/span><\/h2>\n\n\n\n<p>W\u015br\u00f3d turyst\u00f3w i mi\u0142o\u015bnik\u00f3w g\u00f3rskich w\u0119dr\u00f3wek Pireneje znane s\u0105 bardzo dobrze ze szlak\u00f3w d\u0142ugodystansowych. Jak pewnie si\u0119 domy\u015blasz \u0142\u0105cz\u0105 one wybrze\u017ca Atlantyku i Morza \u015ar\u00f3dziemnego. Przez ca\u0142y \u0142a\u0144cuch g\u00f3rski poprowadzono trzy takie szlaki, a w\u0142a\u015bciwie bardziej poprawnie nale\u017ca\u0142oby powiedzie\u0107 trzy takie trasy bo nie zawsze jest to jeden ci\u0105g\u0142y szlak. Wszystkie trzy maj\u0105 oko\u0142o 850 km d\u0142ugo\u015bci i na ich pokonanie potrzebne jest 40-50 dni.<\/p>\n\n\n<div class=\"wp-block-image\">\n<figure class=\"aligncenter size-large\"><img loading=\"lazy\" decoding=\"async\" width=\"1024\" height=\"683\" src=\"https:\/\/www.skalnik.pl\/blog\/wp-content\/uploads\/2023\/12\/dominik-jirovsky-WZyeEQABfGo-unsplash-1024x683.jpg\" alt=\"\" class=\"wp-image-25196\" srcset=\"https:\/\/www.skalnik.pl\/blog\/wp-content\/uploads\/2023\/12\/dominik-jirovsky-WZyeEQABfGo-unsplash-1024x683.jpg 1024w, https:\/\/www.skalnik.pl\/blog\/wp-content\/uploads\/2023\/12\/dominik-jirovsky-WZyeEQABfGo-unsplash-300x200.jpg 300w, https:\/\/www.skalnik.pl\/blog\/wp-content\/uploads\/2023\/12\/dominik-jirovsky-WZyeEQABfGo-unsplash-768x512.jpg 768w, https:\/\/www.skalnik.pl\/blog\/wp-content\/uploads\/2023\/12\/dominik-jirovsky-WZyeEQABfGo-unsplash-1536x1024.jpg 1536w, https:\/\/www.skalnik.pl\/blog\/wp-content\/uploads\/2023\/12\/dominik-jirovsky-WZyeEQABfGo-unsplash-2048x1365.jpg 2048w\" sizes=\"auto, (max-width: 1024px) 100vw, 1024px\" \/><figcaption class=\"wp-element-caption\"><em>W\u0119dr\u00f3wka przez Pireneje to ci\u0105g\u0142y zachwyt wspania\u0142ymi widokami (fot. Dominik Jirovsky, Unsplash)<\/em><\/figcaption><\/figure>\n<\/div>\n\n\n<ul class=\"wp-block-list\">\n<li>Szlak GR 10 &#8211; to szlak poprowadzony po stronie francuskiej, kt\u00f3rego punktami skrajnymi s\u0105 miejscowo\u015bci Hendaye i Banyuls-sur-Mer. Przebiega w du\u017cej cz\u0119\u015bci przez Wysokie Pireneje. Ma charakter trekkingowy i na jego trasie nie ma trudno\u015bci wymagaj\u0105cych umiej\u0119tno\u015bci wspinaczkowych, ale za to wymaga bardzo dobrej kondycji ze wzgl\u0119du na liczne, m\u0119cz\u0105ce podej\u015bcia. Na trasie znajduj\u0105 si\u0119 zar\u00f3wno rejony ca\u0142kiem dzikie, jak i miasteczka i le\u017c\u0105ce w dolinach wioski.<\/li>\n\n\n\n<li>Szlak GR 11 &#8211; szlak poprowadzony w Hiszpanii od przyl\u0105dka Cape Higuer do Cap de Creus i jest mo\u017cna powiedzie\u0107 lustrzanym odbiciem GR 10 tylko po drugiej stronie granicy.<\/li>\n\n\n\n<li>szlak Haute Randonnee Pyreneenne (HRP) czyli Szlak Wysokog\u00f3rski Pirenej\u00f3w. Jest najtrudniejszy z tej tr\u00f3jki, ale przez wielu uwa\u017cany za najciekawszy. Biegnie blisko g\u0142\u00f3wnej grani lub ni\u0105, wprowadza na najwy\u017csze szczyty i liczne prze\u0142\u0119cze. Nie jest to szlak w pe\u0142ni oznakowany, ale raczej trasa \u0142\u0105cz\u0105ca r\u00f3\u017cne szlaki (w tym fragmenty GR 10 i 11), a miejscami prowadz\u0105ca bezdro\u017cami, gdzie przydaje si\u0119 umiej\u0119tno\u015b\u0107 nawigacji. W zamian otrzymuje si\u0119 mo\u017cliwo\u015b\u0107 pobytu w sercu Pirenej\u00f3w, obcowanie z wysokimi szczytami oraz dziko\u015b\u0107 i brak cywilizacji.<\/li>\n<\/ul>\n\n\n\n<figure class=\"wp-block-image size-full\"><a href=\"https:\/\/www.skalnik.pl\" target=\"_blank\" rel=\"noreferrer noopener\"><img loading=\"lazy\" decoding=\"async\" width=\"1024\" height=\"250\" src=\"https:\/\/www.skalnik.pl\/blog\/wp-content\/uploads\/2023\/06\/Baner-blog_skalnik_1024x250pxA.jpg\" alt=\"\" class=\"wp-image-23485\" srcset=\"https:\/\/www.skalnik.pl\/blog\/wp-content\/uploads\/2023\/06\/Baner-blog_skalnik_1024x250pxA.jpg 1024w, https:\/\/www.skalnik.pl\/blog\/wp-content\/uploads\/2023\/06\/Baner-blog_skalnik_1024x250pxA-300x73.jpg 300w, https:\/\/www.skalnik.pl\/blog\/wp-content\/uploads\/2023\/06\/Baner-blog_skalnik_1024x250pxA-768x188.jpg 768w\" sizes=\"auto, (max-width: 1024px) 100vw, 1024px\" \/><\/a><\/figure>\n\n\n\n<h2 class=\"wp-block-heading\"><span class=\"ez-toc-section\" id=\"Pireneje_%E2%80%93_informacje_praktyczne\"><\/span>Pireneje &#8211; informacje praktyczne<span class=\"ez-toc-section-end\"><\/span><\/h2>\n\n\n\n<p>Na pocz\u0105tek dobra wiadomo\u015b\u0107. Organizacja wyjazdu w Pireneje, na trekking czy pobyt z wycieczkami jednodniowymi nie jest trudna. Oczywi\u015bcie konieczne jest dobre planowanie bo jak widzisz teren jest ogromny i nie da si\u0119 go w ca\u0142o\u015bci pozna\u0107 podczas np. dwutygodniowego wyjazdu. Kiedy si\u0119 wybra\u0107? Najlepszymi miesi\u0105cami do w\u0119dr\u00f3wek, a tak\u017ce do wspinaczki w Pirenejach s\u0105 czerwiec i wrzesie\u0144. Lipiec i sierpie\u0144 bywaj\u0105 zbyt gor\u0105ce, z kolei w maju mo\u017ce jeszcze le\u017ce\u0107 \u015bnieg, a w pa\u017adzierniku nadchodzi wilgotna i deszczowa jesie\u0144. Warto pami\u0119ta\u0107, \u017ce pogoda w ca\u0142ym \u0142a\u0144cuchu jest bardzo zmienna i wilgotna, latem za\u015b popo\u0142udniami cz\u0119sto zdarzaj\u0105 si\u0119 gwa\u0142towne burze.<\/p>\n\n\n<div class=\"wp-block-image\">\n<figure class=\"aligncenter size-large\"><img loading=\"lazy\" decoding=\"async\" width=\"1024\" height=\"768\" src=\"https:\/\/www.skalnik.pl\/blog\/wp-content\/uploads\/2023\/12\/vladan-raznatovic-4ktqUNZ2FtQ-unsplash-1024x768.jpg\" alt=\"szczyty pirenej\u00f3w\" class=\"wp-image-25195\" srcset=\"https:\/\/www.skalnik.pl\/blog\/wp-content\/uploads\/2023\/12\/vladan-raznatovic-4ktqUNZ2FtQ-unsplash-1024x768.jpg 1024w, https:\/\/www.skalnik.pl\/blog\/wp-content\/uploads\/2023\/12\/vladan-raznatovic-4ktqUNZ2FtQ-unsplash-300x225.jpg 300w, https:\/\/www.skalnik.pl\/blog\/wp-content\/uploads\/2023\/12\/vladan-raznatovic-4ktqUNZ2FtQ-unsplash-768x576.jpg 768w, https:\/\/www.skalnik.pl\/blog\/wp-content\/uploads\/2023\/12\/vladan-raznatovic-4ktqUNZ2FtQ-unsplash-1536x1152.jpg 1536w, https:\/\/www.skalnik.pl\/blog\/wp-content\/uploads\/2023\/12\/vladan-raznatovic-4ktqUNZ2FtQ-unsplash-2048x1536.jpg 2048w\" sizes=\"auto, (max-width: 1024px) 100vw, 1024px\" \/><figcaption class=\"wp-element-caption\"><em>Pole biwakowe przy jednym ze schronisk w Pirenejach (fot. Vladan Raznatov,Unsplash)<\/em><\/figcaption><\/figure>\n<\/div>\n\n\n<p>Najszybciej dolecie\u0107 w Pireneje samolotem &#8211; po francuskiej stronie na lotnisko w Tuluzie, za\u015b po hiszpa\u0144skiej w Barcelonie. Z obydwu tych miast dojedziesz w rejony g\u00f3rskie autobusami lub poci\u0105gami. Mo\u017cna te\u017c oczywi\u015bcie wybra\u0107 si\u0119 z Polski samochodem, szczeg\u00f3lnie je\u015bli planuje si\u0119 przemieszczanie mi\u0119dzy r\u00f3\u017cnymi rejonami g\u00f3r i kr\u00f3tsze w\u0119dr\u00f3wki.<\/p>\n\n\n\n<p>W Pirenejach znajduje si\u0119 ca\u0142kiem dobrze rozbudowana sie\u0107 schronisk o r\u00f3\u017cnym standardzie. Du\u017ca cz\u0119\u015b\u0107 z nich dzia\u0142a sezonowo. Ceny s\u0105 stosunkowo wysokie, a ob\u0142o\u017cenie do\u015b\u0107 du\u017ce i warto robi\u0107 rezerwacje. Dla mi\u0142o\u015bnik\u00f3w obozowania na dziko wie\u015bci s\u0105 z\u0142e. Zakazy s\u0105 do\u015b\u0107 restrykcyjnie przestrzegane. Na biwaki s\u0105 wyznaczone miejsca, g\u0142\u00f3wnie przy schroniskach, przy wioskach lub w g\u00f3rach i mo\u017cna si\u0119 na nich rozbi\u0107 na 1 noc. Sto\u0142owa\u0107 mo\u017cna si\u0119 w wioskach i schroniskach, ale wybieraj\u0105c si\u0119 na d\u0142u\u017cszy trekking trzeba zaopatrzy\u0107 si\u0119 w jedzenie i sprz\u0119t do gotowania.<\/p>\n\n\n\t<div class=\"magento-wrapper\">\n\t\t<ul class=\"products\">\n\t\t\t<li class=\"product\">\n\t\n\t\t<div class=\"image\">\n\t\t\t<a href=\"https:\/\/www.skalnik.pl\/danie-434-kurczak-5-smakow-z-ryzem-82g-lyo-expedition-632677\" target=\"_self\">\n\t\t\t\t\t\t<img\n\t\t\tsrc=\"https:\/\/www.skalnik.pl\/media\/catalog\/product\/l\/y\/lyofood-pouch-plate-five_spice_chicken-srgb.jpg\"\n\t\t\talt=\"DANIE (434) KURCZAK 5 SMAK\u00d3W Z RY\u017bEM 82G\"\n\t\t\t\t\t\t\t\t\/>\n\t\t\t\t\t<\/a>\n\t\t<\/div>\n\n\t\t\n\t\t<a href=\"https:\/\/www.skalnik.pl\/danie-434-kurczak-5-smakow-z-ryzem-82g-lyo-expedition-632677\" target=\"_self\"><span class=\"name\">DANIE (434) KURCZAK 5 SMAK\u00d3W Z RY\u017bEM 82G<\/span><\/a>\t\n\t\n\t\t\t\t\t<div class=\"price has-special\">\n\t\t\tCENA\n\t\t\t\t\t\t\t<span class=\"special-price\">31.99 z\u0142<\/span>\n\t\t\t\t<span class=\"special-price base-price\">39.99 z\u0142<\/span>\n\t\t\t\t\t<\/div>\n\t\t\t\n\t<div class=\"url\"><a class=\"view-details\" href=\"https:\/\/www.skalnik.pl\/danie-434-kurczak-5-smakow-z-ryzem-82g-lyo-expedition-632677\">Zobacz wi\u0119cej <\/a><\/div><\/li>\n<li class=\"product\">\n\t\n\t\t<div class=\"image\">\n\t\t\t<a href=\"https:\/\/www.skalnik.pl\/kuchenka-fms-118-fire-maple-638555\" target=\"_self\">\n\t\t\t\t\t\t<img\n\t\t\tsrc=\"https:\/\/www.skalnik.pl\/media\/catalog\/product\/i\/m\/img_0398_1.jpg\"\n\t\t\talt=\"KUCHENKA FMS-118\"\n\t\t\t\t\t\t\t\t\/>\n\t\t\t\t\t<\/a>\n\t\t<\/div>\n\n\t\t\n\t\t<a href=\"https:\/\/www.skalnik.pl\/kuchenka-fms-118-fire-maple-638555\" target=\"_self\"><span class=\"name\">KUCHENKA FMS-118<\/span><\/a>\t\n\t\n\t\t\t\t\t<div class=\"price has-special\">\n\t\t\tCENA\n\t\t\t\t\t\t\t<span class=\"special-price\">159.99 z\u0142<\/span>\n\t\t\t\t<span class=\"special-price base-price\">189.99 z\u0142<\/span>\n\t\t\t\t\t<\/div>\n\t\t\t\n\t<div class=\"url\"><a class=\"view-details\" href=\"https:\/\/www.skalnik.pl\/kuchenka-fms-118-fire-maple-638555\">Zobacz wi\u0119cej <\/a><\/div><\/li>\n<li class=\"product\">\n\t\n\t\t<div class=\"image\">\n\t\t\t<a href=\"https:\/\/www.skalnik.pl\/danie-560-pikantny-ryz-z-warzywami-i-pestkami-dyni-100g-voyager-667169\" target=\"_self\">\n\t\t\t\t\t\t<img\n\t\t\tsrc=\"https:\/\/www.skalnik.pl\/media\/catalog\/product\/5\/6\/560--pikantny-ry_-z-warzywami-i-pestkami-dyni-str01.jpg\"\n\t\t\talt=\"DANIE (560) PIKANTNY RY\u017b Z WARZYWAMI I PESTKAMI DYNI 100G\"\n\t\t\t\t\t\t\t\t\/>\n\t\t\t\t\t<\/a>\n\t\t<\/div>\n\n\t\t\n\t\t<a href=\"https:\/\/www.skalnik.pl\/danie-560-pikantny-ryz-z-warzywami-i-pestkami-dyni-100g-voyager-667169\" target=\"_self\"><span class=\"name\">DANIE (560) PIKANTNY RY\u017b Z WARZYWAMI I PESTKAMI DYNI 100G<\/span><\/a>\t\n\t\n\t\t\t\t\t<div class=\"price has-special\">\n\t\t\tCENA\n\t\t\t\t\t\t\t<span class=\"special-price\">30.39 z\u0142<\/span>\n\t\t\t\t<span class=\"special-price base-price\">39.99 z\u0142<\/span>\n\t\t\t\t\t<\/div>\n\t\t\t\n\t<div class=\"url\"><a class=\"view-details\" href=\"https:\/\/www.skalnik.pl\/danie-560-pikantny-ryz-z-warzywami-i-pestkami-dyni-100g-voyager-667169\">Zobacz wi\u0119cej <\/a><\/div><\/li>\n\t\t<\/ul>\n\t<\/div>\n\n\n\n\n<hr class=\"wp-block-separator has-alpha-channel-opacity is-style-dots\"\/>\n\n\n\n<p>Pireneje zaskakuj\u0105 swoim pi\u0119knem i r\u00f3\u017cnorodno\u015bci\u0105. Po\u0142o\u017cone w zachodniej Europie zachowa\u0142y swoj\u0105 dziko\u015b\u0107 i naturalno\u015b\u0107. To idealne miejsce dla mi\u0142o\u015bnik\u00f3w d\u0142ugich w\u0119dr\u00f3wek i teren\u00f3w, gdzie przyroda oraz krajobrazy s\u0105 na pierwszym miejscu.<\/p>\n","protected":false},"excerpt":{"rendered":"<p>Szukasz pomys\u0142u na trekking? Poznaj bli\u017cej Pireneje! Ich r\u00f3\u017cnorodno\u015b\u0107 i pi\u0119kno Ci\u0119 zaskocz\u0105. <\/p>\n","protected":false},"author":41,"featured_media":25191,"comment_status":"closed","ping_status":"closed","sticky":false,"template":"","format":"standard","meta":{"_acf_changed":false,"footnotes":""},"categories":[84],"tags":[91],"magento_category":[],"magento_product":[],"class_list":["post-25190","post","type-post","status-publish","format-standard","has-post-thumbnail","hentry","category-pasja","tag-trekking"],"acf":[],"aioseo_notices":[],"aioseo_head":"\n\t\t<!-- All in One SEO 4.9.10 - aioseo.com -->\n\t<meta name=\"description\" content=\"Pireneje to jedne z najwy\u017cszych i najbardziej zr\u00f3\u017cnicowanych g\u00f3r w Europie. Ich pi\u0119kno, wspania\u0142e krajobrazy oraz tradycyjne wioski w dolinach zachwycaj\u0105.\" \/>\n\t<meta name=\"robots\" content=\"max-image-preview:large\" \/>\n\t<meta name=\"author\" content=\"Anna \u015aliwa\"\/>\n\t<link rel=\"canonical\" href=\"https:\/\/www.skalnik.pl\/blog\/pireneje-przewodnik-dla-turystow\/\" \/>\n\t<meta name=\"generator\" content=\"All in One SEO (AIOSEO) 4.9.10\" \/>\n\t\t<meta property=\"og:locale\" content=\"pl_PL\" \/>\n\t\t<meta property=\"og:site_name\" content=\"blog Skalnik - Blog, porady, artyku\u0142y - blog Skalnik\" \/>\n\t\t<meta property=\"og:type\" content=\"article\" \/>\n\t\t<meta property=\"og:title\" content=\"Pireneje \u2013 przewodnik dla turyst\u00f3w - blog Skalnik\" \/>\n\t\t<meta property=\"og:description\" content=\"Pireneje to jedne z najwy\u017cszych i najbardziej zr\u00f3\u017cnicowanych g\u00f3r w Europie. Ich pi\u0119kno, wspania\u0142e krajobrazy oraz tradycyjne wioski w dolinach zachwycaj\u0105.\" \/>\n\t\t<meta property=\"og:url\" content=\"https:\/\/www.skalnik.pl\/blog\/pireneje-przewodnik-dla-turystow\/\" \/>\n\t\t<meta property=\"og:image\" content=\"https:\/\/www.skalnik.pl\/blog\/wp-content\/uploads\/2023\/12\/hendrik-morkel-SAVhAuFtxzM-unsplash.jpg\" \/>\n\t\t<meta property=\"og:image:secure_url\" content=\"https:\/\/www.skalnik.pl\/blog\/wp-content\/uploads\/2023\/12\/hendrik-morkel-SAVhAuFtxzM-unsplash.jpg\" \/>\n\t\t<meta property=\"og:image:width\" content=\"2400\" \/>\n\t\t<meta property=\"og:image:height\" content=\"1348\" \/>\n\t\t<meta property=\"article:tag\" content=\"pasja\" \/>\n\t\t<meta property=\"article:tag\" content=\"trekking\" \/>\n\t\t<meta property=\"article:published_time\" content=\"2024-03-06T14:27:48+00:00\" \/>\n\t\t<meta property=\"article:modified_time\" content=\"2024-04-08T06:52:15+00:00\" \/>\n\t\t<meta name=\"twitter:card\" content=\"summary_large_image\" \/>\n\t\t<meta name=\"twitter:title\" content=\"Pireneje \u2013 przewodnik dla turyst\u00f3w - blog Skalnik\" \/>\n\t\t<meta name=\"twitter:description\" content=\"Pireneje to jedne z najwy\u017cszych i najbardziej zr\u00f3\u017cnicowanych g\u00f3r w Europie. Ich pi\u0119kno, wspania\u0142e krajobrazy oraz tradycyjne wioski w dolinach zachwycaj\u0105.\" \/>\n\t\t<meta name=\"twitter:image\" content=\"https:\/\/www.skalnik.pl\/blog\/wp-content\/uploads\/2023\/12\/hendrik-morkel-SAVhAuFtxzM-unsplash.jpg\" \/>\n\t\t<script type=\"application\/ld+json\" class=\"aioseo-schema\">\n\t\t\t{\"@context\":\"https:\\\/\\\/schema.org\",\"@graph\":[{\"@type\":\"BlogPosting\",\"@id\":\"https:\\\/\\\/www.skalnik.pl\\\/blog\\\/pireneje-przewodnik-dla-turystow\\\/#blogposting\",\"name\":\"Pireneje \\u2013 przewodnik dla turyst\\u00f3w - blog Skalnik\",\"headline\":\"Pireneje &#8211; przewodnik dla turyst\\u00f3w\",\"author\":{\"@id\":\"https:\\\/\\\/www.skalnik.pl\\\/blog\\\/author\\\/anna-sliwa\\\/#author\"},\"publisher\":{\"@id\":\"https:\\\/\\\/www.skalnik.pl\\\/blog\\\/#organization\"},\"image\":{\"@type\":\"ImageObject\",\"url\":\"https:\\\/\\\/www.skalnik.pl\\\/blog\\\/wp-content\\\/uploads\\\/2023\\\/12\\\/chris-maya-6pY_1y6mXG4-unsplash.jpg\",\"width\":2400,\"height\":881},\"datePublished\":\"2024-03-06T16:27:48+02:00\",\"dateModified\":\"2024-04-08T08:52:15+02:00\",\"inLanguage\":\"pl-PL\",\"mainEntityOfPage\":{\"@id\":\"https:\\\/\\\/www.skalnik.pl\\\/blog\\\/pireneje-przewodnik-dla-turystow\\\/#webpage\"},\"isPartOf\":{\"@id\":\"https:\\\/\\\/www.skalnik.pl\\\/blog\\\/pireneje-przewodnik-dla-turystow\\\/#webpage\"},\"articleSection\":\"Pasja, trekking\"},{\"@type\":\"BreadcrumbList\",\"@id\":\"https:\\\/\\\/www.skalnik.pl\\\/blog\\\/pireneje-przewodnik-dla-turystow\\\/#breadcrumblist\",\"itemListElement\":[{\"@type\":\"ListItem\",\"@id\":\"https:\\\/\\\/www.skalnik.pl\\\/blog#listItem\",\"position\":1,\"name\":\"Home\",\"item\":\"https:\\\/\\\/www.skalnik.pl\\\/blog\",\"nextItem\":{\"@type\":\"ListItem\",\"@id\":\"https:\\\/\\\/www.skalnik.pl\\\/blog\\\/.\\\/pasja\\\/#listItem\",\"name\":\"Pasja\"}},{\"@type\":\"ListItem\",\"@id\":\"https:\\\/\\\/www.skalnik.pl\\\/blog\\\/.\\\/pasja\\\/#listItem\",\"position\":2,\"name\":\"Pasja\",\"item\":\"https:\\\/\\\/www.skalnik.pl\\\/blog\\\/.\\\/pasja\\\/\",\"nextItem\":{\"@type\":\"ListItem\",\"@id\":\"https:\\\/\\\/www.skalnik.pl\\\/blog\\\/pireneje-przewodnik-dla-turystow\\\/#listItem\",\"name\":\"Pireneje &#8211; przewodnik dla turyst\\u00f3w\"},\"previousItem\":{\"@type\":\"ListItem\",\"@id\":\"https:\\\/\\\/www.skalnik.pl\\\/blog#listItem\",\"name\":\"Home\"}},{\"@type\":\"ListItem\",\"@id\":\"https:\\\/\\\/www.skalnik.pl\\\/blog\\\/pireneje-przewodnik-dla-turystow\\\/#listItem\",\"position\":3,\"name\":\"Pireneje &#8211; przewodnik dla turyst\\u00f3w\",\"previousItem\":{\"@type\":\"ListItem\",\"@id\":\"https:\\\/\\\/www.skalnik.pl\\\/blog\\\/.\\\/pasja\\\/#listItem\",\"name\":\"Pasja\"}}]},{\"@type\":\"Organization\",\"@id\":\"https:\\\/\\\/www.skalnik.pl\\\/blog\\\/#organization\",\"name\":\"blog Skalnik\",\"description\":\"Blog, porady, artyku\\u0142y - blog Skalnik\",\"url\":\"https:\\\/\\\/www.skalnik.pl\\\/blog\\\/\"},{\"@type\":\"Person\",\"@id\":\"https:\\\/\\\/www.skalnik.pl\\\/blog\\\/author\\\/anna-sliwa\\\/#author\",\"url\":\"https:\\\/\\\/www.skalnik.pl\\\/blog\\\/author\\\/anna-sliwa\\\/\",\"name\":\"Anna \\u015aliwa\",\"image\":{\"@type\":\"ImageObject\",\"@id\":\"https:\\\/\\\/www.skalnik.pl\\\/blog\\\/pireneje-przewodnik-dla-turystow\\\/#authorImage\",\"url\":\"https:\\\/\\\/secure.gravatar.com\\\/avatar\\\/e8300be3de710e2e109e5dfbf092dcf827242ec8071807a1e13f6b3f7c9bbd79?s=96&d=mm&r=g\",\"width\":96,\"height\":96,\"caption\":\"Anna \\u015aliwa\"}},{\"@type\":\"WebPage\",\"@id\":\"https:\\\/\\\/www.skalnik.pl\\\/blog\\\/pireneje-przewodnik-dla-turystow\\\/#webpage\",\"url\":\"https:\\\/\\\/www.skalnik.pl\\\/blog\\\/pireneje-przewodnik-dla-turystow\\\/\",\"name\":\"Pireneje \\u2013 przewodnik dla turyst\\u00f3w - blog Skalnik\",\"description\":\"Pireneje to jedne z najwy\\u017cszych i najbardziej zr\\u00f3\\u017cnicowanych g\\u00f3r w Europie. Ich pi\\u0119kno, wspania\\u0142e krajobrazy oraz tradycyjne wioski w dolinach zachwycaj\\u0105.\",\"inLanguage\":\"pl-PL\",\"isPartOf\":{\"@id\":\"https:\\\/\\\/www.skalnik.pl\\\/blog\\\/#website\"},\"breadcrumb\":{\"@id\":\"https:\\\/\\\/www.skalnik.pl\\\/blog\\\/pireneje-przewodnik-dla-turystow\\\/#breadcrumblist\"},\"author\":{\"@id\":\"https:\\\/\\\/www.skalnik.pl\\\/blog\\\/author\\\/anna-sliwa\\\/#author\"},\"creator\":{\"@id\":\"https:\\\/\\\/www.skalnik.pl\\\/blog\\\/author\\\/anna-sliwa\\\/#author\"},\"image\":{\"@type\":\"ImageObject\",\"url\":\"https:\\\/\\\/www.skalnik.pl\\\/blog\\\/wp-content\\\/uploads\\\/2023\\\/12\\\/chris-maya-6pY_1y6mXG4-unsplash.jpg\",\"@id\":\"https:\\\/\\\/www.skalnik.pl\\\/blog\\\/pireneje-przewodnik-dla-turystow\\\/#mainImage\",\"width\":2400,\"height\":881},\"primaryImageOfPage\":{\"@id\":\"https:\\\/\\\/www.skalnik.pl\\\/blog\\\/pireneje-przewodnik-dla-turystow\\\/#mainImage\"},\"datePublished\":\"2024-03-06T16:27:48+02:00\",\"dateModified\":\"2024-04-08T08:52:15+02:00\"},{\"@type\":\"WebSite\",\"@id\":\"https:\\\/\\\/www.skalnik.pl\\\/blog\\\/#website\",\"url\":\"https:\\\/\\\/www.skalnik.pl\\\/blog\\\/\",\"name\":\"blog Skalnik\",\"description\":\"Blog, porady, artyku\\u0142y - blog Skalnik\",\"inLanguage\":\"pl-PL\",\"publisher\":{\"@id\":\"https:\\\/\\\/www.skalnik.pl\\\/blog\\\/#organization\"}}]}\n\t\t<\/script>\n\t\t<!-- All in One SEO -->\n\n","aioseo_head_json":{"title":"Pireneje \u2013 przewodnik dla turyst\u00f3w - blog Skalnik","description":"Pireneje to jedne z najwy\u017cszych i najbardziej zr\u00f3\u017cnicowanych g\u00f3r w Europie. Ich pi\u0119kno, wspania\u0142e krajobrazy oraz tradycyjne wioski w dolinach zachwycaj\u0105.","canonical_url":"https:\/\/www.skalnik.pl\/blog\/pireneje-przewodnik-dla-turystow\/","robots":"max-image-preview:large","keywords":"","webmasterTools":{"miscellaneous":""},"schema":{"@context":"https:\/\/schema.org","@graph":[{"@type":"BlogPosting","@id":"https:\/\/www.skalnik.pl\/blog\/pireneje-przewodnik-dla-turystow\/#blogposting","name":"Pireneje \u2013 przewodnik dla turyst\u00f3w - blog Skalnik","headline":"Pireneje &#8211; przewodnik dla turyst\u00f3w","author":{"@id":"https:\/\/www.skalnik.pl\/blog\/author\/anna-sliwa\/#author"},"publisher":{"@id":"https:\/\/www.skalnik.pl\/blog\/#organization"},"image":{"@type":"ImageObject","url":"https:\/\/www.skalnik.pl\/blog\/wp-content\/uploads\/2023\/12\/chris-maya-6pY_1y6mXG4-unsplash.jpg","width":2400,"height":881},"datePublished":"2024-03-06T16:27:48+02:00","dateModified":"2024-04-08T08:52:15+02:00","inLanguage":"pl-PL","mainEntityOfPage":{"@id":"https:\/\/www.skalnik.pl\/blog\/pireneje-przewodnik-dla-turystow\/#webpage"},"isPartOf":{"@id":"https:\/\/www.skalnik.pl\/blog\/pireneje-przewodnik-dla-turystow\/#webpage"},"articleSection":"Pasja, trekking"},{"@type":"BreadcrumbList","@id":"https:\/\/www.skalnik.pl\/blog\/pireneje-przewodnik-dla-turystow\/#breadcrumblist","itemListElement":[{"@type":"ListItem","@id":"https:\/\/www.skalnik.pl\/blog#listItem","position":1,"name":"Home","item":"https:\/\/www.skalnik.pl\/blog","nextItem":{"@type":"ListItem","@id":"https:\/\/www.skalnik.pl\/blog\/.\/pasja\/#listItem","name":"Pasja"}},{"@type":"ListItem","@id":"https:\/\/www.skalnik.pl\/blog\/.\/pasja\/#listItem","position":2,"name":"Pasja","item":"https:\/\/www.skalnik.pl\/blog\/.\/pasja\/","nextItem":{"@type":"ListItem","@id":"https:\/\/www.skalnik.pl\/blog\/pireneje-przewodnik-dla-turystow\/#listItem","name":"Pireneje &#8211; przewodnik dla turyst\u00f3w"},"previousItem":{"@type":"ListItem","@id":"https:\/\/www.skalnik.pl\/blog#listItem","name":"Home"}},{"@type":"ListItem","@id":"https:\/\/www.skalnik.pl\/blog\/pireneje-przewodnik-dla-turystow\/#listItem","position":3,"name":"Pireneje &#8211; przewodnik dla turyst\u00f3w","previousItem":{"@type":"ListItem","@id":"https:\/\/www.skalnik.pl\/blog\/.\/pasja\/#listItem","name":"Pasja"}}]},{"@type":"Organization","@id":"https:\/\/www.skalnik.pl\/blog\/#organization","name":"blog Skalnik","description":"Blog, porady, artyku\u0142y - blog Skalnik","url":"https:\/\/www.skalnik.pl\/blog\/"},{"@type":"Person","@id":"https:\/\/www.skalnik.pl\/blog\/author\/anna-sliwa\/#author","url":"https:\/\/www.skalnik.pl\/blog\/author\/anna-sliwa\/","name":"Anna \u015aliwa","image":{"@type":"ImageObject","@id":"https:\/\/www.skalnik.pl\/blog\/pireneje-przewodnik-dla-turystow\/#authorImage","url":"https:\/\/secure.gravatar.com\/avatar\/e8300be3de710e2e109e5dfbf092dcf827242ec8071807a1e13f6b3f7c9bbd79?s=96&d=mm&r=g","width":96,"height":96,"caption":"Anna \u015aliwa"}},{"@type":"WebPage","@id":"https:\/\/www.skalnik.pl\/blog\/pireneje-przewodnik-dla-turystow\/#webpage","url":"https:\/\/www.skalnik.pl\/blog\/pireneje-przewodnik-dla-turystow\/","name":"Pireneje \u2013 przewodnik dla turyst\u00f3w - blog Skalnik","description":"Pireneje to jedne z najwy\u017cszych i najbardziej zr\u00f3\u017cnicowanych g\u00f3r w Europie. Ich pi\u0119kno, wspania\u0142e krajobrazy oraz tradycyjne wioski w dolinach zachwycaj\u0105.","inLanguage":"pl-PL","isPartOf":{"@id":"https:\/\/www.skalnik.pl\/blog\/#website"},"breadcrumb":{"@id":"https:\/\/www.skalnik.pl\/blog\/pireneje-przewodnik-dla-turystow\/#breadcrumblist"},"author":{"@id":"https:\/\/www.skalnik.pl\/blog\/author\/anna-sliwa\/#author"},"creator":{"@id":"https:\/\/www.skalnik.pl\/blog\/author\/anna-sliwa\/#author"},"image":{"@type":"ImageObject","url":"https:\/\/www.skalnik.pl\/blog\/wp-content\/uploads\/2023\/12\/chris-maya-6pY_1y6mXG4-unsplash.jpg","@id":"https:\/\/www.skalnik.pl\/blog\/pireneje-przewodnik-dla-turystow\/#mainImage","width":2400,"height":881},"primaryImageOfPage":{"@id":"https:\/\/www.skalnik.pl\/blog\/pireneje-przewodnik-dla-turystow\/#mainImage"},"datePublished":"2024-03-06T16:27:48+02:00","dateModified":"2024-04-08T08:52:15+02:00"},{"@type":"WebSite","@id":"https:\/\/www.skalnik.pl\/blog\/#website","url":"https:\/\/www.skalnik.pl\/blog\/","name":"blog Skalnik","description":"Blog, porady, artyku\u0142y - blog Skalnik","inLanguage":"pl-PL","publisher":{"@id":"https:\/\/www.skalnik.pl\/blog\/#organization"}}]},"og:locale":"pl_PL","og:site_name":"blog Skalnik - Blog, porady, artyku\u0142y - blog Skalnik","og:type":"article","og:title":"Pireneje \u2013 przewodnik dla turyst\u00f3w - blog Skalnik","og:description":"Pireneje to jedne z najwy\u017cszych i najbardziej zr\u00f3\u017cnicowanych g\u00f3r w Europie. Ich pi\u0119kno, wspania\u0142e krajobrazy oraz tradycyjne wioski w dolinach zachwycaj\u0105.","og:url":"https:\/\/www.skalnik.pl\/blog\/pireneje-przewodnik-dla-turystow\/","og:image":"https:\/\/www.skalnik.pl\/blog\/wp-content\/uploads\/2023\/12\/hendrik-morkel-SAVhAuFtxzM-unsplash.jpg","og:image:secure_url":"https:\/\/www.skalnik.pl\/blog\/wp-content\/uploads\/2023\/12\/hendrik-morkel-SAVhAuFtxzM-unsplash.jpg","og:image:width":2400,"og:image:height":1348,"article:tag":["pasja","trekking"],"article:published_time":"2024-03-06T14:27:48+00:00","article:modified_time":"2024-04-08T06:52:15+00:00","twitter:card":"summary_large_image","twitter:title":"Pireneje \u2013 przewodnik dla turyst\u00f3w - blog Skalnik","twitter:description":"Pireneje to jedne z najwy\u017cszych i najbardziej zr\u00f3\u017cnicowanych g\u00f3r w Europie. Ich pi\u0119kno, wspania\u0142e krajobrazy oraz tradycyjne wioski w dolinach zachwycaj\u0105.","twitter:image":"https:\/\/www.skalnik.pl\/blog\/wp-content\/uploads\/2023\/12\/hendrik-morkel-SAVhAuFtxzM-unsplash.jpg"},"aioseo_meta_data":{"post_id":"25190","title":null,"description":"Pireneje to jedne z najwy\u017cszych i najbardziej zr\u00f3\u017cnicowanych g\u00f3r w Europie. Ich pi\u0119kno, wspania\u0142e krajobrazy oraz tradycyjne wioski w dolinach zachwycaj\u0105.","keywords":[],"keyphrases":{"focus":{"keyphrase":"pireneje","score":100,"analysis":{"keyphraseInTitle":{"score":9,"maxScore":9,"error":0},"keyphraseInDescription":{"score":9,"maxScore":9,"error":0},"keyphraseLength":{"score":9,"maxScore":9,"error":0,"length":1},"keyphraseInURL":{"score":5,"maxScore":5,"error":0},"keyphraseInIntroduction":{"score":9,"maxScore":9,"error":0},"keyphraseInSubHeadings":{"score":9,"maxScore":9,"error":0},"keyphraseInImageAlt":{"score":9,"maxScore":9,"error":0}}},"additional":[]},"primary_term":null,"canonical_url":null,"og_title":null,"og_description":null,"og_object_type":"default","og_image_type":"default","og_image_url":null,"og_image_width":null,"og_image_height":null,"og_image_custom_url":null,"og_image_custom_fields":null,"og_video":"","og_custom_url":null,"og_article_section":null,"og_article_tags":[],"twitter_use_og":false,"twitter_card":"default","twitter_image_type":"default","twitter_image_url":null,"twitter_image_custom_url":null,"twitter_image_custom_fields":null,"twitter_title":null,"twitter_description":null,"schema":{"blockGraphs":[],"customGraphs":[],"default":{"data":{"Article":[],"Course":[],"Dataset":[],"FAQPage":[],"Movie":[],"Person":[],"Product":[],"ProductReview":[],"Car":[],"Recipe":[],"Service":[],"SoftwareApplication":[],"WebPage":[]},"graphName":"","isEnabled":true},"graphs":[]},"schema_type":"default","schema_type_options":null,"pillar_content":false,"robots_default":true,"robots_noindex":false,"robots_noarchive":false,"robots_nosnippet":false,"robots_nofollow":false,"robots_noimageindex":false,"robots_noodp":false,"robots_notranslate":false,"robots_max_snippet":"-1","robots_max_videopreview":"-1","robots_max_imagepreview":"large","priority":null,"frequency":"default","local_seo":null,"breadcrumb_settings":null,"limit_modified_date":false,"ai":null,"created":"2023-12-18 20:23:55","updated":"2026-02-17 22:50:54","seo_analyzer_scan_date":null},"aioseo_breadcrumb":"<div class=\"aioseo-breadcrumbs\"><span class=\"aioseo-breadcrumb\">\n\t\t\t<a href=\"https:\/\/www.skalnik.pl\/blog\" title=\"Home\">Home<\/a>\n\t\t<\/span><span class=\"aioseo-breadcrumb-separator\">&raquo;<\/span><span class=\"aioseo-breadcrumb\">\n\t\t\t<a href=\"https:\/\/www.skalnik.pl\/blog\/.\/pasja\/\" title=\"Pasja\">Pasja<\/a>\n\t\t<\/span><span class=\"aioseo-breadcrumb-separator\">&raquo;<\/span><span class=\"aioseo-breadcrumb\">\n\t\t\tPireneje \u2013 przewodnik dla turyst\u00f3w\n\t\t<\/span><\/div>","aioseo_breadcrumb_json":[{"label":"Home","link":"https:\/\/www.skalnik.pl\/blog"},{"label":"Pasja","link":"https:\/\/www.skalnik.pl\/blog\/.\/pasja\/"},{"label":"Pireneje &#8211; przewodnik dla turyst\u00f3w","link":"https:\/\/www.skalnik.pl\/blog\/pireneje-przewodnik-dla-turystow\/"}],"_links":{"self":[{"href":"https:\/\/www.skalnik.pl\/blog\/wp-json\/wp\/v2\/posts\/25190","targetHints":{"allow":["GET"]}}],"collection":[{"href":"https:\/\/www.skalnik.pl\/blog\/wp-json\/wp\/v2\/posts"}],"about":[{"href":"https:\/\/www.skalnik.pl\/blog\/wp-json\/wp\/v2\/types\/post"}],"author":[{"embeddable":true,"href":"https:\/\/www.skalnik.pl\/blog\/wp-json\/wp\/v2\/users\/41"}],"replies":[{"embeddable":true,"href":"https:\/\/www.skalnik.pl\/blog\/wp-json\/wp\/v2\/comments?post=25190"}],"version-history":[{"count":3,"href":"https:\/\/www.skalnik.pl\/blog\/wp-json\/wp\/v2\/posts\/25190\/revisions"}],"predecessor-version":[{"id":25892,"href":"https:\/\/www.skalnik.pl\/blog\/wp-json\/wp\/v2\/posts\/25190\/revisions\/25892"}],"wp:featuredmedia":[{"embeddable":true,"href":"https:\/\/www.skalnik.pl\/blog\/wp-json\/wp\/v2\/media\/25191"}],"wp:attachment":[{"href":"https:\/\/www.skalnik.pl\/blog\/wp-json\/wp\/v2\/media?parent=25190"}],"wp:term":[{"taxonomy":"category","embeddable":true,"href":"https:\/\/www.skalnik.pl\/blog\/wp-json\/wp\/v2\/categories?post=25190"},{"taxonomy":"post_tag","embeddable":true,"href":"https:\/\/www.skalnik.pl\/blog\/wp-json\/wp\/v2\/tags?post=25190"},{"taxonomy":"magento_category","embeddable":true,"href":"https:\/\/www.skalnik.pl\/blog\/wp-json\/wp\/v2\/magento_category?post=25190"},{"taxonomy":"magento_product","embeddable":true,"href":"https:\/\/www.skalnik.pl\/blog\/wp-json\/wp\/v2\/magento_product?post=25190"}],"curies":[{"name":"wp","href":"https:\/\/api.w.org\/{rel}","templated":true}]}}