{"id":252,"date":"2013-11-30T15:18:11","date_gmt":"2013-11-30T14:18:11","guid":{"rendered":"https:\/\/skalnik.pl\/blog\/?p=252"},"modified":"2018-08-17T12:17:14","modified_gmt":"2018-08-17T10:17:14","slug":"jak-prac-i-impregnowac-kurtki-turystyczne-2","status":"publish","type":"post","link":"https:\/\/www.skalnik.pl\/blog\/jak-prac-i-impregnowac-kurtki-turystyczne-2\/","title":{"rendered":"Jak pra\u0107 i impregnowa\u0107 kurtki turystyczne"},"content":{"rendered":"<p><b>Przyszed\u0142 czas na konserwacj\u0119 Twojej outdoorowej kolekcji? Zastanawiasz si\u0119, jak to zrobi\u0107, by odzie\u017c zachowa\u0142a wszystkie parametry, kt\u00f3rymi cieszy\u0142e\u015b si\u0119 do tej pory? Poni\u017cej przedstawiamy mini poradnik, w\u00a0kt\u00f3rym odpowiemy na najcz\u0119\u015bciej nurtuj\u0105ce klient\u00f3w pytania dotycz\u0105ce prania produkt\u00f3w wyposa\u017conych w\u00a0membran\u0119.<\/b><\/p>\n<div id=\"ez-toc-container\" class=\"ez-toc-v2_0_85 counter-hierarchy ez-toc-counter ez-toc-light-blue ez-toc-container-direction\">\n<div class=\"ez-toc-title-container\">\n<p class=\"ez-toc-title\" style=\"cursor:inherit\">SPIS TRE\u015aCI <\/p>\n<span class=\"ez-toc-title-toggle\"><a href=\"#\" class=\"ez-toc-pull-right ez-toc-btn ez-toc-btn-xs ez-toc-btn-default ez-toc-toggle\" aria-label=\"Prze\u0142\u0105cznik Spisu Tre\u015bci\"><span class=\"ez-toc-js-icon-con\"><span class=\"\"><span class=\"eztoc-hide\" style=\"display:none;\">Toggle<\/span><span class=\"ez-toc-icon-toggle-span\"><svg style=\"fill: #999;color:#999\" xmlns=\"http:\/\/www.w3.org\/2000\/svg\" class=\"list-377408\" width=\"20px\" height=\"20px\" viewBox=\"0 0 24 24\" fill=\"none\"><path d=\"M6 6H4v2h2V6zm14 0H8v2h12V6zM4 11h2v2H4v-2zm16 0H8v2h12v-2zM4 16h2v2H4v-2zm16 0H8v2h12v-2z\" fill=\"currentColor\"><\/path><\/svg><svg style=\"fill: #999;color:#999\" class=\"arrow-unsorted-368013\" xmlns=\"http:\/\/www.w3.org\/2000\/svg\" width=\"10px\" height=\"10px\" viewBox=\"0 0 24 24\" version=\"1.2\" baseProfile=\"tiny\"><path d=\"M18.2 9.3l-6.2-6.3-6.2 6.3c-.2.2-.3.4-.3.7s.1.5.3.7c.2.2.4.3.7.3h11c.3 0 .5-.1.7-.3.2-.2.3-.5.3-.7s-.1-.5-.3-.7zM5.8 14.7l6.2 6.3 6.2-6.3c.2-.2.3-.5.3-.7s-.1-.5-.3-.7c-.2-.2-.4-.3-.7-.3h-11c-.3 0-.5.1-.7.3-.2.2-.3.5-.3.7s.1.5.3.7z\"\/><\/svg><\/span><\/span><\/span><\/a><\/span><\/div>\n<nav><ul class='ez-toc-list ez-toc-list-level-1 ' ><li class='ez-toc-page-1 ez-toc-heading-level-2'><a class=\"ez-toc-link ez-toc-heading-1\" href=\"https:\/\/www.skalnik.pl\/blog\/jak-prac-i-impregnowac-kurtki-turystyczne-2\/#Srodki_do_prania\" >\u015arodki do prania<\/a><\/li><li class='ez-toc-page-1 ez-toc-heading-level-2'><a class=\"ez-toc-link ez-toc-heading-2\" href=\"https:\/\/www.skalnik.pl\/blog\/jak-prac-i-impregnowac-kurtki-turystyczne-2\/#Program_prania\" >Program prania<\/a><\/li><li class='ez-toc-page-1 ez-toc-heading-level-2'><a class=\"ez-toc-link ez-toc-heading-3\" href=\"https:\/\/www.skalnik.pl\/blog\/jak-prac-i-impregnowac-kurtki-turystyczne-2\/#Impregnacja\" >Impregnacja<\/a><\/li><\/ul><\/nav><\/div>\n<h2><span class=\"ez-toc-section\" id=\"Srodki_do_prania\"><\/span>\u015arodki do prania<span class=\"ez-toc-section-end\"><\/span><\/h2>\n<p><img loading=\"lazy\" decoding=\"async\" class=\" wp-image-1099 alignright\" src=\"https:\/\/skalnik.pl\/blog\/wp-content\/uploads\/2013\/11\/full_full_img_9532-300x300.jpg\" alt=\"Impregnat Nikwax\" width=\"215\" height=\"202\" \/><\/p>\n<p>Cz\u0119stym b\u0142\u0119dem, pope\u0142nianym przez posiadaczy odzie\u017cy membranowej, jest unikanie jej prania w\u00a0obawie przed\u00a0uszkodzeniem. Chcieliby\u015bmy obali\u0107 mity funkcjonuj\u0105ce w\u00a0tej materii i\u00a0zapewni\u0107, \u017ce wyroby z\u00a0membran\u0105 Gore-Tex, Sympatex czy te\u017c ka\u017cd\u0105 inn\u0105 nale\u017cy, a\u00a0wr\u0119cz trzeba poddawa\u0107 praniu. Znacznie bardziej druzgoc\u0105ce dla naszych rzeczy jest utrzymywanie ich brudnymi, ni\u017c odpowiednie przeprowadzenie procesu czyszczenia, zatem przede wszystkim: nie b\u00f3jmy si\u0119 pra\u0107!<\/p>\n<p>Kiedy ju\u017c przyjdzie nam stan\u0105\u0107 oko w\u00a0oko z\u00a0pralk\u0105, musimy wiedzie\u0107 jakich \u015brodk\u00f3w u\u017cy\u0107 oraz jakie parametry prania wybra\u0107, by bezpiecznie od\u015bwie\u017cy\u0107 nasze ciuchy. Podstawow\u0105 zasad\u0105 jest unikanie silnych detergent\u00f3w, jakimi s\u0105 proszki do prania oraz p\u0142yny zmi\u0119kczaj\u0105ce. Zamiast nich nale\u017cy zastosowa\u0107\u00a0<a href=\"https:\/\/skalnik.pl\/akcesoria-impregnaty-do-odziezy.html\" target=\"_self\">\u015brodki<\/a>\u00a0specjalnie przeznaczone do konserwacji produkt\u00f3w membranowych, takich producent\u00f3w jak Nikwax czy Grangers. Gwarantuj\u0105 one wysoki poziom czyszczenia, a\u00a0przy tym nie wp\u0142ywaj\u0105 negatywnie na struktur\u0119 membrany, pozostawiaj\u0105c j\u0105 nienaruszon\u0105.<\/p>\n<h2><span class=\"ez-toc-section\" id=\"Program_prania\"><\/span>Program prania<span class=\"ez-toc-section-end\"><\/span><\/h2>\n<p>Kolejnym istotnym czynnikiem jest ustawienie odpowiedniej temperatury oraz programu prania. Ta pierwsza nie mo\u017ce przekracza\u0107 30\u00b0C, a\u00a0pralka powinna pracowa\u0107 w\u00a0trybie ,,delikatnym\u2019\u2019. Wskazanym jest r\u00f3wnie\u017c wy\u0142\u0105czenie opcji wirowania. Lepiej, by wyprana odzie\u017c sch\u0142a d\u0142u\u017cej, ni\u017c zosta\u0142a brutalnie potraktowana przez pr\u0119dko\u015b\u0107 wiruj\u0105cego b\u0119bna. Je\u017celi jednak decydujemy si\u0119 na pranie z\u00a0w\u0142\u0105czon\u0105 opcj\u0105 wirowania, r\u00f3bmy to na jak najni\u017cszych obrotach.<\/p>\n<h2><span class=\"ez-toc-section\" id=\"Impregnacja\"><\/span>Impregnacja<span class=\"ez-toc-section-end\"><\/span><\/h2>\n<p>Opr\u00f3cz wyczyszczenia naszych rzeczy podczas prania, mo\u017cemy o\u00a0nie dodatkowo zadba\u0107 poprzez impregnacj\u0119. Polega ona na odnowieniu specjalnej warstwy na zewn\u0119trznej powierzchni odzie\u017cy. Pow\u0142oka ta chroni nasz tekstylny ekwipunek przed zabrudzeniami i\u00a0zapewnia dodatkow\u0105 wodoodporno\u015b\u0107. Efekt ten mo\u017cemy uzyska\u0107 poprzez stosowanie p\u0142yn\u00f3w produkowanych przez wcze\u015bniej wymienionych producent\u00f3w. Podczas gdy \u015brodki do czyszczenia aplikujemy w\u00a0miejscu przeznaczonym w\u00a0pralce na proszek do prania, te do impregnacji wlewamy do przegr\u00f3dki na p\u0142yn do p\u0142ukania. Niekt\u00f3re firmy oferuj\u0105 r\u00f3wnie\u017c wyroby\u00a0\u0142\u0105cz\u0105ce w\u00a0sobie p\u0142yn pior\u0105cy z\u00a0impregnatem.<\/p>\n<p>&nbsp;<\/p>\n<p>Jak widzimy, pranie produkt\u00f3w membranowych jest zadaniem tylko z\u00a0pozoru trudnym. Pami\u0119taj\u0105c o\u00a0wszystkich powy\u017cszych zaleceniach, jeste\u015bmy w\u00a0stanie od\u015bwie\u017cy\u0107 nasz\u0105 turystyczn\u0105 garderob\u0119, utrzymuj\u0105c jej wszystkie w\u0142a\u015bciwo\u015bci techniczne. Nie unikajmy wi\u0119c prania i\u00a0korzystajmy w\u00a0pe\u0142ni ze wszystkich zalet naszych ciuch\u00f3w przez d\u0142ugie lata. \u015arodki do bezpiecznego czyszczenia i impregnowania kurtek znajdziesz w naszym sklepie <a href=\"https:\/\/skalnik.pl\/sprzet-turystyczny\/akcesoria-turystyczne\/akcesoria-turystyczne-impregnacja-i-czyszczenie-sprzetu\" target=\"_blank\" rel=\"noopener\">tutaj<\/a>.<\/p>\n","protected":false},"excerpt":{"rendered":"<p>Nie b\u00f3j si\u0119 pra\u0107 swojej kurtki z goreteksem! Pranie to podstawowy zabieg piel\u0119gnacyjny, kt\u00f3ry jej nie zniszczy, o ile zastosujesz si\u0119 do wskaz\u00f3wek producenta. Wybierz w\u0142a\u015bciwe p\u0142yny do prania odzie\u017cy membranowej, a tak\u017ce delikatny program prania. Nie zapomnij tak\u017ce od czasu do czasu zaimpregnowa\u0107 kurtki turystycznej, szczeg\u00f3lnie gdy czujesz, \u017ce przecieka lub nie pami\u0119tasz, kiedy ostatnio by\u0142a impregnowana. W obu przypadkach przyszed\u0142 w\u0142a\u015bciwy czas, by u\u017cy\u0107 specjalnego impregnatu. Tak zadbana kurtka turystyczna powinna ci s\u0142u\u017cy\u0107 przez wiele sezon\u00f3w. <\/p>\n","protected":false},"author":7,"featured_media":1044,"comment_status":"open","ping_status":"open","sticky":false,"template":"","format":"standard","meta":{"_acf_changed":false,"footnotes":""},"categories":[3],"tags":[109,22,144,15],"magento_category":[54],"magento_product":[],"class_list":["post-252","post","type-post","status-publish","format-standard","has-post-thumbnail","hentry","category-porady","tag-gore-tex","tag-impregnacja","tag-nikwax","tag-odziez"],"acf":[],"aioseo_notices":[],"aioseo_head":"\n\t\t<!-- All in One SEO 4.9.10 - aioseo.com -->\n\t<meta name=\"description\" content=\"Mini poradnik dotycz\u0105cy prania i impregnacji kurtek turystycznych z membran\u0105. \u27a4 Dowiedz si\u0119 wi\u0119cej o specjalistycznych \u015brodkach do prania. \u27a4 Poznaj sposoby na od\u015bwie\u017cenie kurtek turystycznych z zachowaniem wszystkich parametr\u00f3w i w\u0142a\u015bciwo\u015bci technicznych!\" \/>\n\t<meta name=\"robots\" content=\"max-image-preview:large\" \/>\n\t<meta name=\"author\" content=\"Redakcja skalnik.pl\"\/>\n\t<link rel=\"canonical\" href=\"https:\/\/www.skalnik.pl\/blog\/jak-prac-i-impregnowac-kurtki-turystyczne-2\/\" \/>\n\t<meta name=\"generator\" content=\"All in One SEO (AIOSEO) 4.9.10\" \/>\n\t\t<meta property=\"og:locale\" content=\"pl_PL\" \/>\n\t\t<meta property=\"og:site_name\" content=\"blog Skalnik - Blog, porady, artyku\u0142y - blog Skalnik\" \/>\n\t\t<meta property=\"og:type\" content=\"article\" \/>\n\t\t<meta property=\"og:title\" content=\"Jak pra\u0107 i impregnowa\u0107 kurtki turystyczne - blog Skalnik\" \/>\n\t\t<meta property=\"og:description\" content=\"Mini poradnik dotycz\u0105cy prania i impregnacji kurtek turystycznych z membran\u0105. \u27a4 Dowiedz si\u0119 wi\u0119cej o specjalistycznych \u015brodkach do prania. \u27a4 Poznaj sposoby na od\u015bwie\u017cenie kurtek turystycznych z zachowaniem wszystkich parametr\u00f3w i w\u0142a\u015bciwo\u015bci technicznych!\" \/>\n\t\t<meta property=\"og:url\" content=\"https:\/\/www.skalnik.pl\/blog\/jak-prac-i-impregnowac-kurtki-turystyczne-2\/\" \/>\n\t\t<meta property=\"og:image\" content=\"https:\/\/skalnik.pl\/blog\/wp-content\/uploads\/2013\/11\/full_full_img_9532-300x300.jpg\" \/>\n\t\t<meta property=\"og:image:secure_url\" content=\"https:\/\/skalnik.pl\/blog\/wp-content\/uploads\/2013\/11\/full_full_img_9532-300x300.jpg\" \/>\n\t\t<meta property=\"article:tag\" content=\"porady\" \/>\n\t\t<meta property=\"article:tag\" content=\"gore-tex\" \/>\n\t\t<meta property=\"article:tag\" content=\"impregnacja\" \/>\n\t\t<meta property=\"article:tag\" content=\"nikwax\" \/>\n\t\t<meta property=\"article:tag\" content=\"odzie\u017c\" \/>\n\t\t<meta property=\"article:published_time\" content=\"2013-11-30T14:18:11+00:00\" \/>\n\t\t<meta property=\"article:modified_time\" content=\"2018-08-17T10:17:14+00:00\" \/>\n\t\t<meta name=\"twitter:card\" content=\"summary_large_image\" \/>\n\t\t<meta name=\"twitter:title\" content=\"Jak pra\u0107 i impregnowa\u0107 kurtki turystyczne - blog Skalnik\" \/>\n\t\t<meta name=\"twitter:description\" content=\"Mini poradnik dotycz\u0105cy prania i impregnacji kurtek turystycznych z membran\u0105. \u27a4 Dowiedz si\u0119 wi\u0119cej o specjalistycznych \u015brodkach do prania. \u27a4 Poznaj sposoby na od\u015bwie\u017cenie kurtek turystycznych z zachowaniem wszystkich parametr\u00f3w i w\u0142a\u015bciwo\u015bci technicznych!\" \/>\n\t\t<meta name=\"twitter:image\" content=\"https:\/\/skalnik.pl\/blog\/wp-content\/uploads\/2013\/11\/full_full_img_9532-300x300.jpg\" \/>\n\t\t<script type=\"application\/ld+json\" class=\"aioseo-schema\">\n\t\t\t{\"@context\":\"https:\\\/\\\/schema.org\",\"@graph\":[{\"@type\":\"BlogPosting\",\"@id\":\"https:\\\/\\\/www.skalnik.pl\\\/blog\\\/jak-prac-i-impregnowac-kurtki-turystyczne-2\\\/#blogposting\",\"name\":\"Jak pra\\u0107 i impregnowa\\u0107 kurtki turystyczne - blog Skalnik\",\"headline\":\"Jak pra\\u0107 i impregnowa\\u0107 kurtki turystyczne\",\"author\":{\"@id\":\"https:\\\/\\\/www.skalnik.pl\\\/blog\\\/author\\\/redakcja-skalnik-pl\\\/#author\"},\"publisher\":{\"@id\":\"https:\\\/\\\/www.skalnik.pl\\\/blog\\\/#organization\"},\"image\":{\"@type\":\"ImageObject\",\"url\":\"https:\\\/\\\/www.skalnik.pl\\\/blog\\\/wp-content\\\/uploads\\\/2013\\\/11\\\/2013-11-30_kurtki_turystyczne.jpg\",\"width\":1920,\"height\":705,\"caption\":\"kurtki turystyczne\"},\"datePublished\":\"2013-11-30T15:18:11+02:00\",\"dateModified\":\"2018-08-17T12:17:14+02:00\",\"inLanguage\":\"pl-PL\",\"mainEntityOfPage\":{\"@id\":\"https:\\\/\\\/www.skalnik.pl\\\/blog\\\/jak-prac-i-impregnowac-kurtki-turystyczne-2\\\/#webpage\"},\"isPartOf\":{\"@id\":\"https:\\\/\\\/www.skalnik.pl\\\/blog\\\/jak-prac-i-impregnowac-kurtki-turystyczne-2\\\/#webpage\"},\"articleSection\":\"Porady, gore-tex, impregnacja, nikwax, odzie\\u017c, 1128\"},{\"@type\":\"BreadcrumbList\",\"@id\":\"https:\\\/\\\/www.skalnik.pl\\\/blog\\\/jak-prac-i-impregnowac-kurtki-turystyczne-2\\\/#breadcrumblist\",\"itemListElement\":[{\"@type\":\"ListItem\",\"@id\":\"https:\\\/\\\/www.skalnik.pl\\\/blog#listItem\",\"position\":1,\"name\":\"Home\",\"item\":\"https:\\\/\\\/www.skalnik.pl\\\/blog\",\"nextItem\":{\"@type\":\"ListItem\",\"@id\":\"https:\\\/\\\/www.skalnik.pl\\\/blog\\\/.\\\/porady\\\/#listItem\",\"name\":\"Porady\"}},{\"@type\":\"ListItem\",\"@id\":\"https:\\\/\\\/www.skalnik.pl\\\/blog\\\/.\\\/porady\\\/#listItem\",\"position\":2,\"name\":\"Porady\",\"item\":\"https:\\\/\\\/www.skalnik.pl\\\/blog\\\/.\\\/porady\\\/\",\"nextItem\":{\"@type\":\"ListItem\",\"@id\":\"https:\\\/\\\/www.skalnik.pl\\\/blog\\\/jak-prac-i-impregnowac-kurtki-turystyczne-2\\\/#listItem\",\"name\":\"Jak pra\\u0107 i impregnowa\\u0107 kurtki turystyczne\"},\"previousItem\":{\"@type\":\"ListItem\",\"@id\":\"https:\\\/\\\/www.skalnik.pl\\\/blog#listItem\",\"name\":\"Home\"}},{\"@type\":\"ListItem\",\"@id\":\"https:\\\/\\\/www.skalnik.pl\\\/blog\\\/jak-prac-i-impregnowac-kurtki-turystyczne-2\\\/#listItem\",\"position\":3,\"name\":\"Jak pra\\u0107 i impregnowa\\u0107 kurtki turystyczne\",\"previousItem\":{\"@type\":\"ListItem\",\"@id\":\"https:\\\/\\\/www.skalnik.pl\\\/blog\\\/.\\\/porady\\\/#listItem\",\"name\":\"Porady\"}}]},{\"@type\":\"Organization\",\"@id\":\"https:\\\/\\\/www.skalnik.pl\\\/blog\\\/#organization\",\"name\":\"blog Skalnik\",\"description\":\"Blog, porady, artyku\\u0142y - blog Skalnik\",\"url\":\"https:\\\/\\\/www.skalnik.pl\\\/blog\\\/\"},{\"@type\":\"Person\",\"@id\":\"https:\\\/\\\/www.skalnik.pl\\\/blog\\\/author\\\/redakcja-skalnik-pl\\\/#author\",\"url\":\"https:\\\/\\\/www.skalnik.pl\\\/blog\\\/author\\\/redakcja-skalnik-pl\\\/\",\"name\":\"Redakcja skalnik.pl\",\"image\":{\"@type\":\"ImageObject\",\"@id\":\"https:\\\/\\\/www.skalnik.pl\\\/blog\\\/jak-prac-i-impregnowac-kurtki-turystyczne-2\\\/#authorImage\",\"url\":\"https:\\\/\\\/secure.gravatar.com\\\/avatar\\\/7eab29b048aaf0899cd9a145e9adb814e2130ced31e65b454b902500bea65f9e?s=96&d=mm&r=g\",\"width\":96,\"height\":96,\"caption\":\"Redakcja skalnik.pl\"}},{\"@type\":\"WebPage\",\"@id\":\"https:\\\/\\\/www.skalnik.pl\\\/blog\\\/jak-prac-i-impregnowac-kurtki-turystyczne-2\\\/#webpage\",\"url\":\"https:\\\/\\\/www.skalnik.pl\\\/blog\\\/jak-prac-i-impregnowac-kurtki-turystyczne-2\\\/\",\"name\":\"Jak pra\\u0107 i impregnowa\\u0107 kurtki turystyczne - blog Skalnik\",\"description\":\"Mini poradnik dotycz\\u0105cy prania i impregnacji kurtek turystycznych z membran\\u0105. \\u27a4 Dowiedz si\\u0119 wi\\u0119cej o specjalistycznych \\u015brodkach do prania. \\u27a4 Poznaj sposoby na od\\u015bwie\\u017cenie kurtek turystycznych z zachowaniem wszystkich parametr\\u00f3w i w\\u0142a\\u015bciwo\\u015bci technicznych!\",\"inLanguage\":\"pl-PL\",\"isPartOf\":{\"@id\":\"https:\\\/\\\/www.skalnik.pl\\\/blog\\\/#website\"},\"breadcrumb\":{\"@id\":\"https:\\\/\\\/www.skalnik.pl\\\/blog\\\/jak-prac-i-impregnowac-kurtki-turystyczne-2\\\/#breadcrumblist\"},\"author\":{\"@id\":\"https:\\\/\\\/www.skalnik.pl\\\/blog\\\/author\\\/redakcja-skalnik-pl\\\/#author\"},\"creator\":{\"@id\":\"https:\\\/\\\/www.skalnik.pl\\\/blog\\\/author\\\/redakcja-skalnik-pl\\\/#author\"},\"image\":{\"@type\":\"ImageObject\",\"url\":\"https:\\\/\\\/www.skalnik.pl\\\/blog\\\/wp-content\\\/uploads\\\/2013\\\/11\\\/2013-11-30_kurtki_turystyczne.jpg\",\"@id\":\"https:\\\/\\\/www.skalnik.pl\\\/blog\\\/jak-prac-i-impregnowac-kurtki-turystyczne-2\\\/#mainImage\",\"width\":1920,\"height\":705,\"caption\":\"kurtki turystyczne\"},\"primaryImageOfPage\":{\"@id\":\"https:\\\/\\\/www.skalnik.pl\\\/blog\\\/jak-prac-i-impregnowac-kurtki-turystyczne-2\\\/#mainImage\"},\"datePublished\":\"2013-11-30T15:18:11+02:00\",\"dateModified\":\"2018-08-17T12:17:14+02:00\"},{\"@type\":\"WebSite\",\"@id\":\"https:\\\/\\\/www.skalnik.pl\\\/blog\\\/#website\",\"url\":\"https:\\\/\\\/www.skalnik.pl\\\/blog\\\/\",\"name\":\"blog Skalnik\",\"description\":\"Blog, porady, artyku\\u0142y - blog Skalnik\",\"inLanguage\":\"pl-PL\",\"publisher\":{\"@id\":\"https:\\\/\\\/www.skalnik.pl\\\/blog\\\/#organization\"}}]}\n\t\t<\/script>\n\t\t<!-- All in One SEO -->\n\n","aioseo_head_json":{"title":"Jak pra\u0107 i impregnowa\u0107 kurtki turystyczne - blog Skalnik","description":"Mini poradnik dotycz\u0105cy prania i impregnacji kurtek turystycznych z membran\u0105. \u27a4 Dowiedz si\u0119 wi\u0119cej o specjalistycznych \u015brodkach do prania. \u27a4 Poznaj sposoby na od\u015bwie\u017cenie kurtek turystycznych z zachowaniem wszystkich parametr\u00f3w i w\u0142a\u015bciwo\u015bci technicznych!","canonical_url":"https:\/\/www.skalnik.pl\/blog\/jak-prac-i-impregnowac-kurtki-turystyczne-2\/","robots":"max-image-preview:large","keywords":"","webmasterTools":{"miscellaneous":""},"schema":{"@context":"https:\/\/schema.org","@graph":[{"@type":"BlogPosting","@id":"https:\/\/www.skalnik.pl\/blog\/jak-prac-i-impregnowac-kurtki-turystyczne-2\/#blogposting","name":"Jak pra\u0107 i impregnowa\u0107 kurtki turystyczne - blog Skalnik","headline":"Jak pra\u0107 i impregnowa\u0107 kurtki turystyczne","author":{"@id":"https:\/\/www.skalnik.pl\/blog\/author\/redakcja-skalnik-pl\/#author"},"publisher":{"@id":"https:\/\/www.skalnik.pl\/blog\/#organization"},"image":{"@type":"ImageObject","url":"https:\/\/www.skalnik.pl\/blog\/wp-content\/uploads\/2013\/11\/2013-11-30_kurtki_turystyczne.jpg","width":1920,"height":705,"caption":"kurtki turystyczne"},"datePublished":"2013-11-30T15:18:11+02:00","dateModified":"2018-08-17T12:17:14+02:00","inLanguage":"pl-PL","mainEntityOfPage":{"@id":"https:\/\/www.skalnik.pl\/blog\/jak-prac-i-impregnowac-kurtki-turystyczne-2\/#webpage"},"isPartOf":{"@id":"https:\/\/www.skalnik.pl\/blog\/jak-prac-i-impregnowac-kurtki-turystyczne-2\/#webpage"},"articleSection":"Porady, gore-tex, impregnacja, nikwax, odzie\u017c, 1128"},{"@type":"BreadcrumbList","@id":"https:\/\/www.skalnik.pl\/blog\/jak-prac-i-impregnowac-kurtki-turystyczne-2\/#breadcrumblist","itemListElement":[{"@type":"ListItem","@id":"https:\/\/www.skalnik.pl\/blog#listItem","position":1,"name":"Home","item":"https:\/\/www.skalnik.pl\/blog","nextItem":{"@type":"ListItem","@id":"https:\/\/www.skalnik.pl\/blog\/.\/porady\/#listItem","name":"Porady"}},{"@type":"ListItem","@id":"https:\/\/www.skalnik.pl\/blog\/.\/porady\/#listItem","position":2,"name":"Porady","item":"https:\/\/www.skalnik.pl\/blog\/.\/porady\/","nextItem":{"@type":"ListItem","@id":"https:\/\/www.skalnik.pl\/blog\/jak-prac-i-impregnowac-kurtki-turystyczne-2\/#listItem","name":"Jak pra\u0107 i impregnowa\u0107 kurtki turystyczne"},"previousItem":{"@type":"ListItem","@id":"https:\/\/www.skalnik.pl\/blog#listItem","name":"Home"}},{"@type":"ListItem","@id":"https:\/\/www.skalnik.pl\/blog\/jak-prac-i-impregnowac-kurtki-turystyczne-2\/#listItem","position":3,"name":"Jak pra\u0107 i impregnowa\u0107 kurtki turystyczne","previousItem":{"@type":"ListItem","@id":"https:\/\/www.skalnik.pl\/blog\/.\/porady\/#listItem","name":"Porady"}}]},{"@type":"Organization","@id":"https:\/\/www.skalnik.pl\/blog\/#organization","name":"blog Skalnik","description":"Blog, porady, artyku\u0142y - blog Skalnik","url":"https:\/\/www.skalnik.pl\/blog\/"},{"@type":"Person","@id":"https:\/\/www.skalnik.pl\/blog\/author\/redakcja-skalnik-pl\/#author","url":"https:\/\/www.skalnik.pl\/blog\/author\/redakcja-skalnik-pl\/","name":"Redakcja skalnik.pl","image":{"@type":"ImageObject","@id":"https:\/\/www.skalnik.pl\/blog\/jak-prac-i-impregnowac-kurtki-turystyczne-2\/#authorImage","url":"https:\/\/secure.gravatar.com\/avatar\/7eab29b048aaf0899cd9a145e9adb814e2130ced31e65b454b902500bea65f9e?s=96&d=mm&r=g","width":96,"height":96,"caption":"Redakcja skalnik.pl"}},{"@type":"WebPage","@id":"https:\/\/www.skalnik.pl\/blog\/jak-prac-i-impregnowac-kurtki-turystyczne-2\/#webpage","url":"https:\/\/www.skalnik.pl\/blog\/jak-prac-i-impregnowac-kurtki-turystyczne-2\/","name":"Jak pra\u0107 i impregnowa\u0107 kurtki turystyczne - blog Skalnik","description":"Mini poradnik dotycz\u0105cy prania i impregnacji kurtek turystycznych z membran\u0105. \u27a4 Dowiedz si\u0119 wi\u0119cej o specjalistycznych \u015brodkach do prania. \u27a4 Poznaj sposoby na od\u015bwie\u017cenie kurtek turystycznych z zachowaniem wszystkich parametr\u00f3w i w\u0142a\u015bciwo\u015bci technicznych!","inLanguage":"pl-PL","isPartOf":{"@id":"https:\/\/www.skalnik.pl\/blog\/#website"},"breadcrumb":{"@id":"https:\/\/www.skalnik.pl\/blog\/jak-prac-i-impregnowac-kurtki-turystyczne-2\/#breadcrumblist"},"author":{"@id":"https:\/\/www.skalnik.pl\/blog\/author\/redakcja-skalnik-pl\/#author"},"creator":{"@id":"https:\/\/www.skalnik.pl\/blog\/author\/redakcja-skalnik-pl\/#author"},"image":{"@type":"ImageObject","url":"https:\/\/www.skalnik.pl\/blog\/wp-content\/uploads\/2013\/11\/2013-11-30_kurtki_turystyczne.jpg","@id":"https:\/\/www.skalnik.pl\/blog\/jak-prac-i-impregnowac-kurtki-turystyczne-2\/#mainImage","width":1920,"height":705,"caption":"kurtki turystyczne"},"primaryImageOfPage":{"@id":"https:\/\/www.skalnik.pl\/blog\/jak-prac-i-impregnowac-kurtki-turystyczne-2\/#mainImage"},"datePublished":"2013-11-30T15:18:11+02:00","dateModified":"2018-08-17T12:17:14+02:00"},{"@type":"WebSite","@id":"https:\/\/www.skalnik.pl\/blog\/#website","url":"https:\/\/www.skalnik.pl\/blog\/","name":"blog Skalnik","description":"Blog, porady, artyku\u0142y - blog Skalnik","inLanguage":"pl-PL","publisher":{"@id":"https:\/\/www.skalnik.pl\/blog\/#organization"}}]},"og:locale":"pl_PL","og:site_name":"blog Skalnik - Blog, porady, artyku\u0142y - blog Skalnik","og:type":"article","og:title":"Jak pra\u0107 i impregnowa\u0107 kurtki turystyczne - blog Skalnik","og:description":"Mini poradnik dotycz\u0105cy prania i impregnacji kurtek turystycznych z membran\u0105. \u27a4 Dowiedz si\u0119 wi\u0119cej o specjalistycznych \u015brodkach do prania. \u27a4 Poznaj sposoby na od\u015bwie\u017cenie kurtek turystycznych z zachowaniem wszystkich parametr\u00f3w i w\u0142a\u015bciwo\u015bci technicznych!","og:url":"https:\/\/www.skalnik.pl\/blog\/jak-prac-i-impregnowac-kurtki-turystyczne-2\/","og:image":"https:\/\/skalnik.pl\/blog\/wp-content\/uploads\/2013\/11\/full_full_img_9532-300x300.jpg","og:image:secure_url":"https:\/\/skalnik.pl\/blog\/wp-content\/uploads\/2013\/11\/full_full_img_9532-300x300.jpg","article:tag":["porady","gore-tex","impregnacja","nikwax","odzie\u017c"],"article:published_time":"2013-11-30T14:18:11+00:00","article:modified_time":"2018-08-17T10:17:14+00:00","twitter:card":"summary_large_image","twitter:title":"Jak pra\u0107 i impregnowa\u0107 kurtki turystyczne - blog Skalnik","twitter:description":"Mini poradnik dotycz\u0105cy prania i impregnacji kurtek turystycznych z membran\u0105. \u27a4 Dowiedz si\u0119 wi\u0119cej o specjalistycznych \u015brodkach do prania. \u27a4 Poznaj sposoby na od\u015bwie\u017cenie kurtek turystycznych z zachowaniem wszystkich parametr\u00f3w i w\u0142a\u015bciwo\u015bci technicznych!","twitter:image":"https:\/\/skalnik.pl\/blog\/wp-content\/uploads\/2013\/11\/full_full_img_9532-300x300.jpg"},"aioseo_meta_data":{"post_id":"252","title":"","description":"Mini poradnik dotycz\u0105cy prania i impregnacji kurtek turystycznych z membran\u0105. \u27a4 Dowiedz si\u0119 wi\u0119cej o specjalistycznych \u015brodkach do prania. \u27a4 Poznaj sposoby na od\u015bwie\u017cenie kurtek turystycznych z zachowaniem wszystkich parametr\u00f3w i w\u0142a\u015bciwo\u015bci technicznych!","keywords":[{"label":"impregancja kurtki","value":"impregancja kurtki"},{"label":"nikwax","value":"nikwax"},{"label":"jak impregnowa\u0107 kurtk\u0119","value":"jak impregnowa\u0107 kurtk\u0119"},{"label":"pranie kurtki","value":"pranie kurtki"}],"keyphrases":null,"primary_term":null,"canonical_url":null,"og_title":null,"og_description":null,"og_object_type":"default","og_image_type":"default","og_image_url":null,"og_image_width":null,"og_image_height":null,"og_image_custom_url":null,"og_image_custom_fields":null,"og_video":null,"og_custom_url":null,"og_article_section":null,"og_article_tags":null,"twitter_use_og":false,"twitter_card":"default","twitter_image_type":"default","twitter_image_url":null,"twitter_image_custom_url":null,"twitter_image_custom_fields":null,"twitter_title":null,"twitter_description":null,"schema":{"blockGraphs":[],"customGraphs":[],"default":{"data":{"Article":[],"Course":[],"Dataset":[],"FAQPage":[],"Movie":[],"Person":[],"Product":[],"ProductReview":[],"Car":[],"Recipe":[],"Service":[],"SoftwareApplication":[],"WebPage":[]},"graphName":"BlogPosting","isEnabled":true},"graphs":[]},"schema_type":"default","schema_type_options":null,"pillar_content":false,"robots_default":true,"robots_noindex":false,"robots_noarchive":false,"robots_nosnippet":false,"robots_nofollow":false,"robots_noimageindex":false,"robots_noodp":false,"robots_notranslate":false,"robots_max_snippet":null,"robots_max_videopreview":null,"robots_max_imagepreview":"large","priority":null,"frequency":null,"local_seo":null,"breadcrumb_settings":null,"limit_modified_date":false,"ai":null,"created":"2022-08-26 09:33:21","updated":"2026-02-17 21:06:42","seo_analyzer_scan_date":null},"aioseo_breadcrumb":"<div class=\"aioseo-breadcrumbs\"><span class=\"aioseo-breadcrumb\">\n\t\t\t<a href=\"https:\/\/www.skalnik.pl\/blog\" title=\"Home\">Home<\/a>\n\t\t<\/span><span class=\"aioseo-breadcrumb-separator\">&raquo;<\/span><span class=\"aioseo-breadcrumb\">\n\t\t\t<a href=\"https:\/\/www.skalnik.pl\/blog\/.\/porady\/\" title=\"Porady\">Porady<\/a>\n\t\t<\/span><span class=\"aioseo-breadcrumb-separator\">&raquo;<\/span><span class=\"aioseo-breadcrumb\">\n\t\t\tJak pra\u0107 i impregnowa\u0107 kurtki turystyczne\n\t\t<\/span><\/div>","aioseo_breadcrumb_json":[{"label":"Home","link":"https:\/\/www.skalnik.pl\/blog"},{"label":"Porady","link":"https:\/\/www.skalnik.pl\/blog\/.\/porady\/"},{"label":"Jak pra\u0107 i impregnowa\u0107 kurtki turystyczne","link":"https:\/\/www.skalnik.pl\/blog\/jak-prac-i-impregnowac-kurtki-turystyczne-2\/"}],"_links":{"self":[{"href":"https:\/\/www.skalnik.pl\/blog\/wp-json\/wp\/v2\/posts\/252","targetHints":{"allow":["GET"]}}],"collection":[{"href":"https:\/\/www.skalnik.pl\/blog\/wp-json\/wp\/v2\/posts"}],"about":[{"href":"https:\/\/www.skalnik.pl\/blog\/wp-json\/wp\/v2\/types\/post"}],"author":[{"embeddable":true,"href":"https:\/\/www.skalnik.pl\/blog\/wp-json\/wp\/v2\/users\/7"}],"replies":[{"embeddable":true,"href":"https:\/\/www.skalnik.pl\/blog\/wp-json\/wp\/v2\/comments?post=252"}],"version-history":[{"count":28,"href":"https:\/\/www.skalnik.pl\/blog\/wp-json\/wp\/v2\/posts\/252\/revisions"}],"predecessor-version":[{"id":3559,"href":"https:\/\/www.skalnik.pl\/blog\/wp-json\/wp\/v2\/posts\/252\/revisions\/3559"}],"wp:featuredmedia":[{"embeddable":true,"href":"https:\/\/www.skalnik.pl\/blog\/wp-json\/wp\/v2\/media\/1044"}],"wp:attachment":[{"href":"https:\/\/www.skalnik.pl\/blog\/wp-json\/wp\/v2\/media?parent=252"}],"wp:term":[{"taxonomy":"category","embeddable":true,"href":"https:\/\/www.skalnik.pl\/blog\/wp-json\/wp\/v2\/categories?post=252"},{"taxonomy":"post_tag","embeddable":true,"href":"https:\/\/www.skalnik.pl\/blog\/wp-json\/wp\/v2\/tags?post=252"},{"taxonomy":"magento_category","embeddable":true,"href":"https:\/\/www.skalnik.pl\/blog\/wp-json\/wp\/v2\/magento_category?post=252"},{"taxonomy":"magento_product","embeddable":true,"href":"https:\/\/www.skalnik.pl\/blog\/wp-json\/wp\/v2\/magento_product?post=252"}],"curies":[{"name":"wp","href":"https:\/\/api.w.org\/{rel}","templated":true}]}}