{"id":25305,"date":"2024-01-02T09:58:25","date_gmt":"2024-01-02T07:58:25","guid":{"rendered":"https:\/\/www.skalnik.pl\/blog\/?p=25305"},"modified":"2024-01-04T12:42:20","modified_gmt":"2024-01-04T10:42:20","slug":"jakie-spodnie-na-narty-postaw-na-spodnie-salewa-softshell","status":"publish","type":"post","link":"https:\/\/www.skalnik.pl\/blog\/jakie-spodnie-na-narty-postaw-na-spodnie-salewa-softshell\/","title":{"rendered":"Jakie spodnie na narty? Postaw na spodnie Salewa softshell"},"content":{"rendered":"\n<p><strong>Narciarskie szale\u0144stwo &#8211; czas start! Opr\u00f3cz serwisu sprz\u0119tu, zadbaj te\u017c o sw\u00f3j komfort na stoku. Sprawd\u017amy, kt\u00f3re produkty marki Salewa sprawdz\u0105 si\u0119 jako odzie\u017c narciarska, przede wszystkim spodnie, bo od ich wyboru w du\u017cej mierze, zale\u017cy udane szusowanie.<\/strong><\/p>\n\n\n\n<p>W bogatym katalogu produkt\u00f3w marki Salewa z \u0142atwo\u015bci\u0105 dopasujesz odzie\u017c narciarsk\u0105 &#8211; spodnie na narty, kurtk\u0119 narciarsk\u0105, r\u0119kawice. Je\u015bli dodasz do tego praktyczne akcesoria: bielizn\u0119 termiczn\u0105, skarpety narciarskie i warstw\u0119 docieplaj\u0105c\u0105 to masz gotowy komplet, by ruszy\u0107 na ca\u0142odzienn\u0105 przygod\u0119 na stoku.<\/p>\n\n\n<div class=\"wp-block-image\">\n<figure class=\"aligncenter size-full\"><img loading=\"lazy\" decoding=\"async\" width=\"1024\" height=\"683\" src=\"https:\/\/www.skalnik.pl\/blog\/wp-content\/uploads\/2024\/01\/mezczyzna-zjazd-Stefan.Voitl_026.jpg\" alt=\"m\u0119\u017cczyzna zje\u017cd\u017caj\u0105cy ze stromego stoku na nartach\" class=\"wp-image-25308\" srcset=\"https:\/\/www.skalnik.pl\/blog\/wp-content\/uploads\/2024\/01\/mezczyzna-zjazd-Stefan.Voitl_026.jpg 1024w, https:\/\/www.skalnik.pl\/blog\/wp-content\/uploads\/2024\/01\/mezczyzna-zjazd-Stefan.Voitl_026-300x200.jpg 300w, https:\/\/www.skalnik.pl\/blog\/wp-content\/uploads\/2024\/01\/mezczyzna-zjazd-Stefan.Voitl_026-768x512.jpg 768w\" sizes=\"auto, (max-width: 1024px) 100vw, 1024px\" \/><figcaption class=\"wp-element-caption\"><em>Odzie\u017c Salewa znakomicie sprawdzi si\u0119 na stoku narciarskim i skiturowym wypadzie (fot. Stefan Voitl, Salewa)<\/em><\/figcaption><\/figure>\n<\/div>\n\n\n<div id=\"ez-toc-container\" class=\"ez-toc-v2_0_85 counter-hierarchy ez-toc-counter ez-toc-light-blue ez-toc-container-direction\">\n<div class=\"ez-toc-title-container\">\n<p class=\"ez-toc-title\" style=\"cursor:inherit\">SPIS TRE\u015aCI <\/p>\n<span class=\"ez-toc-title-toggle\"><a href=\"#\" class=\"ez-toc-pull-right ez-toc-btn ez-toc-btn-xs ez-toc-btn-default ez-toc-toggle\" aria-label=\"Prze\u0142\u0105cznik Spisu Tre\u015bci\"><span class=\"ez-toc-js-icon-con\"><span class=\"\"><span class=\"eztoc-hide\" style=\"display:none;\">Toggle<\/span><span class=\"ez-toc-icon-toggle-span\"><svg style=\"fill: #999;color:#999\" xmlns=\"http:\/\/www.w3.org\/2000\/svg\" class=\"list-377408\" width=\"20px\" height=\"20px\" viewBox=\"0 0 24 24\" fill=\"none\"><path d=\"M6 6H4v2h2V6zm14 0H8v2h12V6zM4 11h2v2H4v-2zm16 0H8v2h12v-2zM4 16h2v2H4v-2zm16 0H8v2h12v-2z\" fill=\"currentColor\"><\/path><\/svg><svg style=\"fill: #999;color:#999\" class=\"arrow-unsorted-368013\" xmlns=\"http:\/\/www.w3.org\/2000\/svg\" width=\"10px\" height=\"10px\" viewBox=\"0 0 24 24\" version=\"1.2\" baseProfile=\"tiny\"><path d=\"M18.2 9.3l-6.2-6.3-6.2 6.3c-.2.2-.3.4-.3.7s.1.5.3.7c.2.2.4.3.7.3h11c.3 0 .5-.1.7-.3.2-.2.3-.5.3-.7s-.1-.5-.3-.7zM5.8 14.7l6.2 6.3 6.2-6.3c.2-.2.3-.5.3-.7s-.1-.5-.3-.7c-.2-.2-.4-.3-.7-.3h-11c-.3 0-.5.1-.7.3-.2.2-.3.5-.3.7s.1.5.3.7z\"\/><\/svg><\/span><\/span><\/span><\/a><\/span><\/div>\n<nav><ul class='ez-toc-list ez-toc-list-level-1 ' ><li class='ez-toc-page-1 ez-toc-heading-level-2'><a class=\"ez-toc-link ez-toc-heading-1\" href=\"https:\/\/www.skalnik.pl\/blog\/jakie-spodnie-na-narty-postaw-na-spodnie-salewa-softshell\/#Dobre_spodnie_narciarskie\" >Dobre spodnie narciarskie<\/a><\/li><li class='ez-toc-page-1 ez-toc-heading-level-2'><a class=\"ez-toc-link ez-toc-heading-2\" href=\"https:\/\/www.skalnik.pl\/blog\/jakie-spodnie-na-narty-postaw-na-spodnie-salewa-softshell\/#Spodnie_narciarskie_marki_Salewa\" >Spodnie narciarskie marki Salewa<\/a><ul class='ez-toc-list-level-3' ><li class='ez-toc-heading-level-3'><a class=\"ez-toc-link ez-toc-heading-3\" href=\"https:\/\/www.skalnik.pl\/blog\/jakie-spodnie-na-narty-postaw-na-spodnie-salewa-softshell\/#Spodnie_narciarskie_damskie\" >Spodnie narciarskie damskie<\/a><\/li><li class='ez-toc-page-1 ez-toc-heading-level-3'><a class=\"ez-toc-link ez-toc-heading-4\" href=\"https:\/\/www.skalnik.pl\/blog\/jakie-spodnie-na-narty-postaw-na-spodnie-salewa-softshell\/#Sella_%E2%80%93_raj_dla_narciarzy\" >Sella &#8211; raj dla narciarzy<\/a><\/li><li class='ez-toc-page-1 ez-toc-heading-level-3'><a class=\"ez-toc-link ez-toc-heading-5\" href=\"https:\/\/www.skalnik.pl\/blog\/jakie-spodnie-na-narty-postaw-na-spodnie-salewa-softshell\/#Spodnie_narciarskie_softshell\" >Spodnie narciarskie softshell<\/a><\/li><li class='ez-toc-page-1 ez-toc-heading-level-3'><a class=\"ez-toc-link ez-toc-heading-6\" href=\"https:\/\/www.skalnik.pl\/blog\/jakie-spodnie-na-narty-postaw-na-spodnie-salewa-softshell\/#Spodnie_narciarskie_hybrydowe\" >Spodnie narciarskie hybrydowe<\/a><\/li><li class='ez-toc-page-1 ez-toc-heading-level-3'><a class=\"ez-toc-link ez-toc-heading-7\" href=\"https:\/\/www.skalnik.pl\/blog\/jakie-spodnie-na-narty-postaw-na-spodnie-salewa-softshell\/#Spodnie_narciarskie_z_membrana\" >Spodnie narciarskie z membran\u0105<\/a><\/li><\/ul><\/li><li class='ez-toc-page-1 ez-toc-heading-level-2'><a class=\"ez-toc-link ez-toc-heading-8\" href=\"https:\/\/www.skalnik.pl\/blog\/jakie-spodnie-na-narty-postaw-na-spodnie-salewa-softshell\/#Durastretch_czyli_material_softshell\" >Durastretch, czyli materia\u0142 softshell<\/a><\/li><\/ul><\/nav><\/div>\n<h2 class=\"wp-block-heading\"><span class=\"ez-toc-section\" id=\"Dobre_spodnie_narciarskie\"><\/span>Dobre spodnie narciarskie<span class=\"ez-toc-section-end\"><\/span><\/h2>\n\n\n\n<p>Spodnie narciarskie to ta cz\u0119\u015b\u0107 garderoby, kt\u00f3ra nie uznaje \u017cadnych kompromis\u00f3w. Jakie cechy musz\u0105 mie\u0107 spodnie, \u017ceby spe\u0142ni\u0142y si\u0119 w roli spodni narciarskich? Przy wyborze warto wzi\u0105\u0107 pod uwag\u0119 takie wytyczne:<\/p>\n\n\n\n<ul class=\"wp-block-list\">\n<li>spodnie wodoodporne, ale jednocze\u015bnie oddychaj\u0105ce,<\/li>\n\n\n\n<li>wygodne, nie kr\u0119puj\u0105 ruch\u00f3w,<\/li>\n\n\n\n<li>wysoki pas, kt\u00f3ry zapobiega dostawaniu si\u0119 \u015bniegu do wewn\u0105trz (m\u0119skie spodnie narciarskie dodatkowo mog\u0105 mie\u0107 odpinane szelki lub szlufki umo\u017cliwiaj\u0105ce ich zaczepienie),<\/li>\n\n\n\n<li>rozpinane nogawki, \u017ceby buty pasowa\u0142y do but\u00f3w narciarskich,<\/li>\n\n\n\n<li>wewn\u0119trzne nogawki przeciw\u015bnie\u017cne oraz wzmocnienia dolnej cz\u0119\u015bci nogawek.<\/li>\n<\/ul>\n\n\n\n<p>Je\u015bli chcesz wybra\u0107 spodnie narciarskie, kt\u00f3re b\u0119d\u0105 najlepiej sprawdza\u0107 si\u0119 przy twoich aktywno\u015bciach, zastan\u00f3w si\u0119, na co jeszcze warto postawi\u0107. Mo\u017ce to by\u0107 rodzaj materia\u0142u, liczba kieszeni i ich rozmieszczenie, a tak\u017ce dodatkowe cechy jak np. wywietrzniki dla \u0142atwej i szybkiej wentylacji. Jest to cecha ceniona przez fan\u00f3w skitouringu oraz te osoby, kt\u00f3re preferuj\u0105 alpejskie raje narciarskie wiosn\u0105.<\/p>\n\n\n<div class=\"wp-block-image\">\n<figure class=\"aligncenter size-full\"><img loading=\"lazy\" decoding=\"async\" width=\"1024\" height=\"683\" src=\"https:\/\/www.skalnik.pl\/blog\/wp-content\/uploads\/2024\/01\/para_Stefan.Voitl_.jpg\" alt=\"kobieta i m\u0119\u017cczyzna id\u0105 drog\u0105 nios\u0105 na ramionach narty w r\u0119ku kije narciarskie maj\u0105 na sobie spodnie salewa \" class=\"wp-image-25309\" srcset=\"https:\/\/www.skalnik.pl\/blog\/wp-content\/uploads\/2024\/01\/para_Stefan.Voitl_.jpg 1024w, https:\/\/www.skalnik.pl\/blog\/wp-content\/uploads\/2024\/01\/para_Stefan.Voitl_-300x200.jpg 300w, https:\/\/www.skalnik.pl\/blog\/wp-content\/uploads\/2024\/01\/para_Stefan.Voitl_-768x512.jpg 768w\" sizes=\"auto, (max-width: 1024px) 100vw, 1024px\" \/><figcaption class=\"wp-element-caption\"><em>Wygodna odzie\u017c narciarska tak\u017ce po ca\u0142odziennym szusowaniu (fot. Stefan Voitl, Salewa<\/em>)<\/figcaption><\/figure>\n<\/div>\n\n\n<h2 class=\"wp-block-heading\"><span class=\"ez-toc-section\" id=\"Spodnie_narciarskie_marki_Salewa\"><\/span>Spodnie narciarskie marki Salewa<span class=\"ez-toc-section-end\"><\/span><\/h2>\n\n\n\n<p>W ofercie marki Salewa nie ma typowej odzie\u017cy narciarskiej przeznaczonej specjalnie do narciarstwa zjazdowego. Jednak to, co na pierwszy rzut oka wydaje si\u0119 by\u0107 wad\u0105, jest tak naprawd\u0119 dobr\u0105 wiadomo\u015bci\u0105, szczeg\u00f3lnie dla os\u00f3b, kt\u00f3re s\u0105 aktywne zim\u0105 w r\u00f3\u017cnych dyscyplinach. Odzie\u017c Salewa jest na tyle uniwersalna, \u017ce z powodzeniem skompletujemy ubrania, kt\u00f3re b\u0119d\u0105 idealne do kilku aktywno\u015bci.<\/p>\n\n\n\n<h3 class=\"wp-block-heading\"><span class=\"ez-toc-section\" id=\"Spodnie_narciarskie_damskie\"><\/span>Spodnie narciarskie damskie<span class=\"ez-toc-section-end\"><\/span><\/h3>\n\n\n\n<p>Warto podkre\u015bli\u0107, \u017ce obecnie mamy ogromy wyb\u00f3r modeli dla pa\u0144 i pan\u00f3w, modele uniseks powoli odchodz\u0105 w niepami\u0119\u0107. Do kobiecej sylwetki dopasowane s\u0105 damskie spodnie narciarskie, kt\u00f3re na pierwszy rzut oka wyr\u00f3\u017cniaj\u0105 przede wszystkim kolory, ale wa\u017cniejszy jest kr\u00f3j &#8211; zar\u00f3wno szeroko\u015b\u0107 w talii i biodrach, jak i d\u0142ugo\u015b\u0107 nogawek. Poza tym &#8211; maj\u0105 dok\u0142adnie te same cechy, co spodnie m\u0119skie, s\u0105 komfortowe i trwa\u0142e.<\/p>\n\n\n<div class=\"wp-block-image\">\n<figure class=\"aligncenter size-full\"><img loading=\"lazy\" decoding=\"async\" width=\"1024\" height=\"683\" src=\"https:\/\/www.skalnik.pl\/blog\/wp-content\/uploads\/2024\/01\/dziewczyna.jpg\" alt=\"kobieta na tle g\u00f3r w odzie\u017cy narciarskiej - kurtce i spodniach salewa - pije ciep\u0142y nap\u00f3j z termosu, obok kije z r\u0119kawiczkami na r\u0105czkach\" class=\"wp-image-25310\" srcset=\"https:\/\/www.skalnik.pl\/blog\/wp-content\/uploads\/2024\/01\/dziewczyna.jpg 1024w, https:\/\/www.skalnik.pl\/blog\/wp-content\/uploads\/2024\/01\/dziewczyna-300x200.jpg 300w, https:\/\/www.skalnik.pl\/blog\/wp-content\/uploads\/2024\/01\/dziewczyna-768x512.jpg 768w\" sizes=\"auto, (max-width: 1024px) 100vw, 1024px\" \/><figcaption class=\"wp-element-caption\"><em>Dopasuj odzie\u017c narciarsk\u0105 do warunk\u00f3w pogodowych i swojej aktywno\u015bci zimowej (fot. <em>Matteo Pavana, Salewa)<\/em><\/em><\/figcaption><\/figure>\n<\/div>\n\n\n<figure class=\"wp-block-image size-full\"><a href=\"https:\/\/www.skalnik.pl\/salewa\" target=\"_blank\" rel=\"noreferrer noopener\"><img loading=\"lazy\" decoding=\"async\" width=\"1024\" height=\"250\" src=\"https:\/\/www.skalnik.pl\/blog\/wp-content\/uploads\/2023\/09\/SALEWA-SKLEP.jpg\" alt=\"\" class=\"wp-image-24137\" srcset=\"https:\/\/www.skalnik.pl\/blog\/wp-content\/uploads\/2023\/09\/SALEWA-SKLEP.jpg 1024w, https:\/\/www.skalnik.pl\/blog\/wp-content\/uploads\/2023\/09\/SALEWA-SKLEP-300x73.jpg 300w, https:\/\/www.skalnik.pl\/blog\/wp-content\/uploads\/2023\/09\/SALEWA-SKLEP-768x188.jpg 768w\" sizes=\"auto, (max-width: 1024px) 100vw, 1024px\" \/><\/a><\/figure>\n\n\n\n<h3 class=\"wp-block-heading\"><span class=\"ez-toc-section\" id=\"Sella_%E2%80%93_raj_dla_narciarzy\"><\/span>Sella &#8211; raj dla narciarzy<span class=\"ez-toc-section-end\"><\/span><\/h3>\n\n\n\n<p>Seria Sella to zar\u00f3wno damskie, jak i m\u0119skie spodnie narciarskie specjalnie zaprojektowane z my\u015bl\u0105 o zimowych aktywno\u015bciach. Swoj\u0105 nazw\u0119 wzi\u0119\u0142a oczywi\u015bcie z serca Dolomit\u00f3w. Miejscu, gdzie bije ka\u017cde narciarskie serce &#8211; skiturowe, zjazdowe i freeride&#8217;owe. W serii tej znajdziemy m.in.:<\/p>\n\n\n\n<ul class=\"wp-block-list\">\n<li>narciarskie spodnie softshell,<\/li>\n\n\n\n<li>modele hybrydowe,<\/li>\n\n\n\n<li>spodnie z membran\u0105.<\/li>\n<\/ul>\n\n\n\n<h3 class=\"wp-block-heading\"><span class=\"ez-toc-section\" id=\"Spodnie_narciarskie_softshell\"><\/span>Spodnie narciarskie softshell<span class=\"ez-toc-section-end\"><\/span><\/h3>\n\n\n\n<p>Softshellowe spodnie na skitury marki Salewa b\u0119d\u0105 dobrymi kompanami ka\u017cdej \u015bnie\u017cnej w\u0119dr\u00f3wki. Sprawdz\u0105 si\u0119 jednak nie tylko na wypadach skiturowych (cho\u0107 jest to g\u0142\u00f3wna aktywno\u015b\u0107 polecana przez producenta), ale tak\u017ce na przygotowanych stokach, z powodzeniem zast\u0105pi\u0105 &#8222;tradycyjne&#8221;, ocieplane spodnie narciarskie oraz jako wygodne spodnie na zimowe w\u0119dr\u00f3wki, a nawet podczas rekreacyjnych spacer\u00f3w na bieg\u00f3wkach. Za t\u0119 wielozadaniowo\u015b\u0107 odpowiada zar\u00f3wno materia\u0142 spodni (softshell Durastretch), jak i przemy\u015blany kr\u00f3j. W tej kategorii spodni znajdziemy zar\u00f3wno m\u0119skie, jak i damskie spodnie narciarskie.<\/p>\n\n\n\n<p>Dzi\u0119ki cechom materia\u0142u te spodnie bardzo dobrze dopasowuj\u0105 si\u0119 do sylwetki i nie kr\u0119puj\u0105 ruch\u00f3w, co doceni\u0105 wszyscy fani i fanki precyzyjnych ruch\u00f3w. Klasyczny model Sella Durastretch zaprojektowano w dw\u00f3ch wersjach jako spodnie narciarskie damskie i m\u0119skie. Zaprojektowano je, by w niczym nie ogranicza\u0142y ruch\u00f3w, co przy ca\u0142odziennym ruchu ma niebagatelne znaczenie. Dla lepszego komfortu spodnie maj\u0105 wysoki pas z regulacj\u0105 i mocowaniami szelek oraz przylegaj\u0105ce do but\u00f3w narciarskich mankiety nogawek, a materia\u0142 pokrywa bezpieczna dla \u015brodowiska warstwa DWR, skutecznie zatrzymuj\u0105ca wod\u0119 na powierzchni materia\u0142u.<\/p>\n\n\n\t<div class=\"magento-wrapper\">\n\t\t<ul class=\"products\">\n\t\t\t<li class=\"product\">\n\t\n\t\t<div class=\"image\">\n\t\t\t<a href=\"https:\/\/www.skalnik.pl\/spodnie-sella-dst-light-black-out-1022501\" target=\"_self\">\n\t\t\t\t\t\t<img\n\t\t\tsrc=\"https:\/\/www.skalnik.pl\/media\/catalog\/product\/s\/p\/spodnie-sella-dst-light-black-out-1022501_2.jpg\"\n\t\t\talt=\"SPODNIE SELLA DST LIGHT-BLACK OUT\"\n\t\t\t\t\t\t\t\t\/>\n\t\t\t\t\t<\/a>\n\t\t<\/div>\n\n\t\t\n\t\t<a href=\"https:\/\/www.skalnik.pl\/spodnie-sella-dst-light-black-out-1022501\" target=\"_self\"><span class=\"name\">SPODNIE SELLA DST LIGHT-BLACK OUT<\/span><\/a>\t\n\t\n\t\n\t<div class=\"url\"><a class=\"view-details\" href=\"https:\/\/www.skalnik.pl\/spodnie-sella-dst-light-black-out-1022501\">Zobacz wi\u0119cej <\/a><\/div><\/li>\n<li class=\"product\">\n\t\n\t\t<div class=\"image\">\n\t\t\t<a href=\"https:\/\/www.skalnik.pl\/spodnie-sella-dst-women-black-out-1002619\" target=\"_self\">\n\t\t\t\t\t\t<img\n\t\t\tsrc=\"https:\/\/www.skalnik.pl\/media\/catalog\/product\/s\/p\/spodnie-sella-dst-women-black-out-1002619_2.jpg\"\n\t\t\talt=\"SPODNIE SELLA DST WOMEN-BLACK OUT\"\n\t\t\t\t\t\t\t\t\/>\n\t\t\t\t\t<\/a>\n\t\t<\/div>\n\n\t\t\n\t\t<a href=\"https:\/\/www.skalnik.pl\/spodnie-sella-dst-women-black-out-1002619\" target=\"_self\"><span class=\"name\">SPODNIE SELLA DST WOMEN-BLACK OUT<\/span><\/a>\t\n\t\n\t\n\t<div class=\"url\"><a class=\"view-details\" href=\"https:\/\/www.skalnik.pl\/spodnie-sella-dst-women-black-out-1002619\">Zobacz wi\u0119cej <\/a><\/div><\/li>\n<li class=\"product\">\n\t\n\t\t<div class=\"image\">\n\t\t\t<a href=\"https:\/\/www.skalnik.pl\/spodnie-sella-dst-women-syrah-0910-1002814\" target=\"_self\">\n\t\t\t\t\t\t<img\n\t\t\tsrc=\"https:\/\/www.skalnik.pl\/media\/catalog\/product\/s\/p\/spodnie-sella-dst-women-syrah-0910-1002814_2.jpg\"\n\t\t\talt=\"SPODNIE SELLA DST WOMEN-SYRAH-0910\"\n\t\t\t\t\t\t\t\t\/>\n\t\t\t\t\t<\/a>\n\t\t<\/div>\n\n\t\t\n\t\t<a href=\"https:\/\/www.skalnik.pl\/spodnie-sella-dst-women-syrah-0910-1002814\" target=\"_self\"><span class=\"name\">SPODNIE SELLA DST WOMEN-SYRAH-0910<\/span><\/a>\t\n\t\n\t\n\t<div class=\"url\"><a class=\"view-details\" href=\"https:\/\/www.skalnik.pl\/spodnie-sella-dst-women-syrah-0910-1002814\">Zobacz wi\u0119cej <\/a><\/div><\/li>\n\t\t<\/ul>\n\t<\/div>\n\n\n\n\n<p>Z kolei ultralekki model Sella Durastretch Light, kt\u00f3rego minimalistyczny kr\u00f3j przypadnie do gustu fanom stylu<em> fast&amp;light<\/em>, przede wszystkim skiturowcom.<\/p>\n\n\n\n<p>Spodnie narciarskie softshell sprawdz\u0105 si\u0119 przede wszystkim na skiturach, a tak\u017ce podczas wiosennych wypad\u00f3w na narty, kiedy rzadziej pada \u015bnieg, a temperatury s\u0105 zazwyczaj wy\u017csze ni\u017c w tzw. wysokim sezonie. W takich warunkach sam materia\u0142 softshell daje dobr\u0105 ochron\u0119 termiczn\u0105.<\/p>\n\n\n<div class=\"wp-block-image\">\n<figure class=\"aligncenter size-full\"><img loading=\"lazy\" decoding=\"async\" width=\"1024\" height=\"683\" src=\"https:\/\/www.skalnik.pl\/blog\/wp-content\/uploads\/2024\/01\/grupaStefan.Voitl_001.jpg\" alt=\"grupa kilku narciarzy stoj\u0105cych na stoku\" class=\"wp-image-25312\" srcset=\"https:\/\/www.skalnik.pl\/blog\/wp-content\/uploads\/2024\/01\/grupaStefan.Voitl_001.jpg 1024w, https:\/\/www.skalnik.pl\/blog\/wp-content\/uploads\/2024\/01\/grupaStefan.Voitl_001-300x200.jpg 300w, https:\/\/www.skalnik.pl\/blog\/wp-content\/uploads\/2024\/01\/grupaStefan.Voitl_001-768x512.jpg 768w\" sizes=\"auto, (max-width: 1024px) 100vw, 1024px\" \/><figcaption class=\"wp-element-caption\"><em>Ca\u0142y dzie\u0144 na nartach, odzie\u017c narciarska daje rad\u0119, a Wy?<\/em> (fot. <em>Stefan Voitl, Salewa<\/em>)<\/figcaption><\/figure>\n<\/div>\n\n\n<h3 class=\"wp-block-heading\"><span class=\"ez-toc-section\" id=\"Spodnie_narciarskie_hybrydowe\"><\/span>Spodnie narciarskie hybrydowe<span class=\"ez-toc-section-end\"><\/span><\/h3>\n\n\n\n<p>Dla os\u00f3b, kt\u00f3rym zdarza si\u0119 marzn\u0105\u0107 na nartach, idealnym rozwi\u0105zaniem b\u0119dzie hybrydowa konstrukcja. Po\u0142\u0105czono w niej zalety materia\u0142 zewn\u0119trznego z ocieplin\u0105. W spodniach Sella Durastretch Hybrid jest to softshell i we\u0142na merino, a w modelu Sella Ski 2L Powertex TirolWool\u00ae &#8211; membrana z ocieplin\u0105 TirolWool\u00ae. Dzi\u0119ki temu \u015bwietnie sprawdz\u0105 si\u0119 w ni\u017cszych temperaturach zar\u00f3wno w czasie jazdy na przygotowanym stoku, jak i skiturowym wypadzie.<\/p>\n\n\n\n<h3 class=\"wp-block-heading\"><span class=\"ez-toc-section\" id=\"Spodnie_narciarskie_z_membrana\"><\/span>Spodnie narciarskie z membran\u0105<span class=\"ez-toc-section-end\"><\/span><\/h3>\n\n\n\n<p>Wymagaj\u0105ce warunki, czyli tak zwana pogoda dla koneser\u00f3w &#8211; z opadami \u015bniegu i wiatrem &#8211; wymagaj\u0105 lepszej ochrony, kt\u00f3r\u0105 zapewni\u0105 membrany mikroporowate. Idealne b\u0119d\u0105 wtedy z modelu Sella spodnie Powertex, w kt\u00f3rych bez kompromis\u00f3w po\u0142\u0105czono wodoodporno\u015b\u0107, wiatroszczelno\u015b\u0107 i oddychalno\u015b\u0107 lub wykorzystuj\u0105ce najbardziej znan\u0105 membran\u0119 spodnie Ortles GORE-TEX Pro Stretch w wersji damskiej i m\u0119skiej.<\/p>\n\n\n\n<p class=\"has-text-align-center has-white-color has-vivid-cyan-blue-background-color has-text-color has-background\">Znajd\u017a idealne spodnie dla siebie &#8211; kliknij i sprawd\u017a: <\/p>\n\n\n\n<div class=\"wp-block-columns is-layout-flex wp-container-core-columns-is-layout-9d6595d7 wp-block-columns-is-layout-flex\">\n<div class=\"wp-block-column is-layout-flow wp-block-column-is-layout-flow\">\n<p class=\"has-text-align-center has-white-color has-vivid-cyan-blue-background-color has-text-color has-background\"><a href=\"https:\/\/www.skalnik.pl\/odziez\/odziez-damska\/odziez-damska-spodnie\/marka:salewa\" target=\"_blank\" rel=\"noopener\" title=\"\"><strong>spodnie Salewa damskie<\/strong><\/a><\/p>\n<\/div>\n\n\n\n<div class=\"wp-block-column is-layout-flow wp-block-column-is-layout-flow\">\n<p class=\"has-text-align-center has-white-color has-vivid-cyan-blue-background-color has-text-color has-background\"><a href=\"https:\/\/www.skalnik.pl\/odziez\/odziez-meska\/odziez-meska-spodnie\/marka:salewa\" target=\"_blank\" rel=\"noopener\" title=\"\"><strong>spodnie Salewa m\u0119skie<\/strong><\/a><\/p>\n<\/div>\n<\/div>\n\n\n\n<h2 class=\"wp-block-heading\"><span class=\"ez-toc-section\" id=\"Durastretch_czyli_material_softshell\"><\/span>Durastretch, czyli materia\u0142 softshell<span class=\"ez-toc-section-end\"><\/span><\/h2>\n\n\n\n<p>Durastretch to opracowany przez technolog\u00f3w Salewa materia\u0142, kt\u00f3ry \u0142\u0105czy w sobie trzy niezwykle wa\u017cne cechy:<\/p>\n\n\n\n<ul class=\"wp-block-list\">\n<li>ma dobr\u0105 oddychalno\u015b\u0107, czyli umo\u017cliwia sprawne odprowadzenie nadmiaru ciep\u0142a,<\/li>\n\n\n\n<li>jest trwa\u0142y i odporny na \u015bcieranie<\/li>\n\n\n\n<li>rozci\u0105ga si\u0119, a przez to spodnie \u0142atwo dopasowuj\u0105 si\u0119 do sylwetki.<\/li>\n<\/ul>\n\n\n\n<p>Te cechy materia\u0142u w po\u0142\u0105czeniu z przemy\u015blan\u0105 konstrukcj\u0105 specjalnie zaprojektowan\u0105 z my\u015bl\u0105 o narciarzach i skiturowcach sprawiaj\u0105, \u017ce spodnie narciarskie softshell s\u0105 ciekaw\u0105 alternatyw\u0105 dla tradycyjnych spodni narciarskich, kt\u00f3re zazwyczaj s\u0105 ci\u0119\u017csze i zajmuj\u0105 wi\u0119cej miejsca. Wybieraj\u0105c spodnie na narty pomy\u015bl, czy to nie powinny by\u0107 jednak spodnie Salewa! <\/p>\n","protected":false},"excerpt":{"rendered":"<p>Spodnie Salewa doskonale sprawdz\u0105 si\u0119 w roli spodni narciarskich. Softshellowe spodnie na narty to ca\u0142odzienny komfort w poruszaniu si\u0119. Sprawd\u017a, na jakie ich cechy warto zwr\u00f3ci\u0107 uwag\u0119.<\/p>\n","protected":false},"author":9,"featured_media":25307,"comment_status":"closed","ping_status":"closed","sticky":false,"template":"","format":"standard","meta":{"_acf_changed":false,"footnotes":""},"categories":[5],"tags":[16],"magento_category":[],"magento_product":[],"class_list":["post-25305","post","type-post","status-publish","format-standard","has-post-thumbnail","hentry","category-branza","tag-zima"],"acf":[],"aioseo_notices":[],"aioseo_head":"\n\t\t<!-- All in One SEO 4.9.10 - aioseo.com -->\n\t<meta name=\"description\" content=\"Spodnie Salewa na narty - dlaczego nie! Poznaj modele, kt\u00f3re \u015bwietnie sprawdz\u0105 si\u0119 na skiturach czy zjazd\u00f3wkach. Zobacz spodnie Salewa z materia\u0142u Durastretch\" \/>\n\t<meta name=\"robots\" content=\"max-image-preview:large\" \/>\n\t<meta name=\"author\" content=\"Beata Nawrotkiewicz\"\/>\n\t<link rel=\"canonical\" href=\"https:\/\/www.skalnik.pl\/blog\/jakie-spodnie-na-narty-postaw-na-spodnie-salewa-softshell\/\" \/>\n\t<meta name=\"generator\" content=\"All in One SEO (AIOSEO) 4.9.10\" \/>\n\t\t<meta property=\"og:locale\" content=\"pl_PL\" \/>\n\t\t<meta property=\"og:site_name\" content=\"blog Skalnik - Blog, porady, artyku\u0142y - blog Skalnik\" \/>\n\t\t<meta property=\"og:type\" content=\"article\" \/>\n\t\t<meta property=\"og:title\" content=\"Jakie spodnie na narty? Postaw na spodnie Salewa softshell - blog Skalnik\" \/>\n\t\t<meta property=\"og:description\" content=\"Spodnie Salewa na narty - dlaczego nie! Poznaj modele, kt\u00f3re \u015bwietnie sprawdz\u0105 si\u0119 na skiturach czy zjazd\u00f3wkach. Zobacz spodnie Salewa z materia\u0142u Durastretch\" \/>\n\t\t<meta property=\"og:url\" content=\"https:\/\/www.skalnik.pl\/blog\/jakie-spodnie-na-narty-postaw-na-spodnie-salewa-softshell\/\" \/>\n\t\t<meta property=\"og:image\" content=\"https:\/\/www.skalnik.pl\/blog\/wp-content\/uploads\/2024\/01\/mezczyzna-zjazd-Stefan.Voitl_026.jpg\" \/>\n\t\t<meta property=\"og:image:secure_url\" content=\"https:\/\/www.skalnik.pl\/blog\/wp-content\/uploads\/2024\/01\/mezczyzna-zjazd-Stefan.Voitl_026.jpg\" \/>\n\t\t<meta property=\"og:image:width\" content=\"1024\" \/>\n\t\t<meta property=\"og:image:height\" content=\"683\" \/>\n\t\t<meta property=\"article:tag\" content=\"bran\u017ca\" \/>\n\t\t<meta property=\"article:tag\" content=\"zima\" \/>\n\t\t<meta property=\"article:published_time\" content=\"2024-01-02T07:58:25+00:00\" \/>\n\t\t<meta property=\"article:modified_time\" content=\"2024-01-04T10:42:20+00:00\" \/>\n\t\t<meta name=\"twitter:card\" content=\"summary_large_image\" \/>\n\t\t<meta name=\"twitter:title\" content=\"Jakie spodnie na narty? Postaw na spodnie Salewa softshell - blog Skalnik\" \/>\n\t\t<meta name=\"twitter:description\" content=\"Spodnie Salewa na narty - dlaczego nie! Poznaj modele, kt\u00f3re \u015bwietnie sprawdz\u0105 si\u0119 na skiturach czy zjazd\u00f3wkach. Zobacz spodnie Salewa z materia\u0142u Durastretch\" \/>\n\t\t<meta name=\"twitter:image\" content=\"https:\/\/www.skalnik.pl\/blog\/wp-content\/uploads\/2024\/01\/mezczyzna-zjazd-Stefan.Voitl_026.jpg\" \/>\n\t\t<script type=\"application\/ld+json\" class=\"aioseo-schema\">\n\t\t\t{\"@context\":\"https:\\\/\\\/schema.org\",\"@graph\":[{\"@type\":\"BlogPosting\",\"@id\":\"https:\\\/\\\/www.skalnik.pl\\\/blog\\\/jakie-spodnie-na-narty-postaw-na-spodnie-salewa-softshell\\\/#blogposting\",\"name\":\"Jakie spodnie na narty? Postaw na spodnie Salewa softshell - blog Skalnik\",\"headline\":\"Jakie spodnie na narty? Postaw na spodnie Salewa softshell\",\"author\":{\"@id\":\"https:\\\/\\\/www.skalnik.pl\\\/blog\\\/author\\\/beata-nawrotkiewicz\\\/#author\"},\"publisher\":{\"@id\":\"https:\\\/\\\/www.skalnik.pl\\\/blog\\\/#organization\"},\"image\":{\"@type\":\"ImageObject\",\"url\":\"https:\\\/\\\/www.skalnik.pl\\\/blog\\\/wp-content\\\/uploads\\\/2024\\\/01\\\/zjazd-tytulowe.jpg\",\"width\":1920,\"height\":705,\"caption\":\"kobieta zje\\u017cd\\u017caj\\u0105ca na nartach\"},\"datePublished\":\"2024-01-02T09:58:25+02:00\",\"dateModified\":\"2024-01-04T12:42:20+02:00\",\"inLanguage\":\"pl-PL\",\"mainEntityOfPage\":{\"@id\":\"https:\\\/\\\/www.skalnik.pl\\\/blog\\\/jakie-spodnie-na-narty-postaw-na-spodnie-salewa-softshell\\\/#webpage\"},\"isPartOf\":{\"@id\":\"https:\\\/\\\/www.skalnik.pl\\\/blog\\\/jakie-spodnie-na-narty-postaw-na-spodnie-salewa-softshell\\\/#webpage\"},\"articleSection\":\"Bran\\u017ca, zima\"},{\"@type\":\"BreadcrumbList\",\"@id\":\"https:\\\/\\\/www.skalnik.pl\\\/blog\\\/jakie-spodnie-na-narty-postaw-na-spodnie-salewa-softshell\\\/#breadcrumblist\",\"itemListElement\":[{\"@type\":\"ListItem\",\"@id\":\"https:\\\/\\\/www.skalnik.pl\\\/blog#listItem\",\"position\":1,\"name\":\"Home\",\"item\":\"https:\\\/\\\/www.skalnik.pl\\\/blog\",\"nextItem\":{\"@type\":\"ListItem\",\"@id\":\"https:\\\/\\\/www.skalnik.pl\\\/blog\\\/.\\\/branza\\\/#listItem\",\"name\":\"Bran\\u017ca\"}},{\"@type\":\"ListItem\",\"@id\":\"https:\\\/\\\/www.skalnik.pl\\\/blog\\\/.\\\/branza\\\/#listItem\",\"position\":2,\"name\":\"Bran\\u017ca\",\"item\":\"https:\\\/\\\/www.skalnik.pl\\\/blog\\\/.\\\/branza\\\/\",\"nextItem\":{\"@type\":\"ListItem\",\"@id\":\"https:\\\/\\\/www.skalnik.pl\\\/blog\\\/jakie-spodnie-na-narty-postaw-na-spodnie-salewa-softshell\\\/#listItem\",\"name\":\"Jakie spodnie na narty? Postaw na spodnie Salewa softshell\"},\"previousItem\":{\"@type\":\"ListItem\",\"@id\":\"https:\\\/\\\/www.skalnik.pl\\\/blog#listItem\",\"name\":\"Home\"}},{\"@type\":\"ListItem\",\"@id\":\"https:\\\/\\\/www.skalnik.pl\\\/blog\\\/jakie-spodnie-na-narty-postaw-na-spodnie-salewa-softshell\\\/#listItem\",\"position\":3,\"name\":\"Jakie spodnie na narty? Postaw na spodnie Salewa softshell\",\"previousItem\":{\"@type\":\"ListItem\",\"@id\":\"https:\\\/\\\/www.skalnik.pl\\\/blog\\\/.\\\/branza\\\/#listItem\",\"name\":\"Bran\\u017ca\"}}]},{\"@type\":\"Organization\",\"@id\":\"https:\\\/\\\/www.skalnik.pl\\\/blog\\\/#organization\",\"name\":\"blog Skalnik\",\"description\":\"Blog, porady, artyku\\u0142y - blog Skalnik\",\"url\":\"https:\\\/\\\/www.skalnik.pl\\\/blog\\\/\"},{\"@type\":\"Person\",\"@id\":\"https:\\\/\\\/www.skalnik.pl\\\/blog\\\/author\\\/beata-nawrotkiewicz\\\/#author\",\"url\":\"https:\\\/\\\/www.skalnik.pl\\\/blog\\\/author\\\/beata-nawrotkiewicz\\\/\",\"name\":\"Beata Nawrotkiewicz\",\"image\":{\"@type\":\"ImageObject\",\"@id\":\"https:\\\/\\\/www.skalnik.pl\\\/blog\\\/jakie-spodnie-na-narty-postaw-na-spodnie-salewa-softshell\\\/#authorImage\",\"url\":\"https:\\\/\\\/secure.gravatar.com\\\/avatar\\\/53cf81cfcc3a81694535515925ffcf159be725e8bd1fb455eeb9e2cadcaa5684?s=96&d=mm&r=g\",\"width\":96,\"height\":96,\"caption\":\"Beata Nawrotkiewicz\"}},{\"@type\":\"WebPage\",\"@id\":\"https:\\\/\\\/www.skalnik.pl\\\/blog\\\/jakie-spodnie-na-narty-postaw-na-spodnie-salewa-softshell\\\/#webpage\",\"url\":\"https:\\\/\\\/www.skalnik.pl\\\/blog\\\/jakie-spodnie-na-narty-postaw-na-spodnie-salewa-softshell\\\/\",\"name\":\"Jakie spodnie na narty? Postaw na spodnie Salewa softshell - blog Skalnik\",\"description\":\"Spodnie Salewa na narty - dlaczego nie! Poznaj modele, kt\\u00f3re \\u015bwietnie sprawdz\\u0105 si\\u0119 na skiturach czy zjazd\\u00f3wkach. Zobacz spodnie Salewa z materia\\u0142u Durastretch\",\"inLanguage\":\"pl-PL\",\"isPartOf\":{\"@id\":\"https:\\\/\\\/www.skalnik.pl\\\/blog\\\/#website\"},\"breadcrumb\":{\"@id\":\"https:\\\/\\\/www.skalnik.pl\\\/blog\\\/jakie-spodnie-na-narty-postaw-na-spodnie-salewa-softshell\\\/#breadcrumblist\"},\"author\":{\"@id\":\"https:\\\/\\\/www.skalnik.pl\\\/blog\\\/author\\\/beata-nawrotkiewicz\\\/#author\"},\"creator\":{\"@id\":\"https:\\\/\\\/www.skalnik.pl\\\/blog\\\/author\\\/beata-nawrotkiewicz\\\/#author\"},\"image\":{\"@type\":\"ImageObject\",\"url\":\"https:\\\/\\\/www.skalnik.pl\\\/blog\\\/wp-content\\\/uploads\\\/2024\\\/01\\\/zjazd-tytulowe.jpg\",\"@id\":\"https:\\\/\\\/www.skalnik.pl\\\/blog\\\/jakie-spodnie-na-narty-postaw-na-spodnie-salewa-softshell\\\/#mainImage\",\"width\":1920,\"height\":705,\"caption\":\"kobieta zje\\u017cd\\u017caj\\u0105ca na nartach\"},\"primaryImageOfPage\":{\"@id\":\"https:\\\/\\\/www.skalnik.pl\\\/blog\\\/jakie-spodnie-na-narty-postaw-na-spodnie-salewa-softshell\\\/#mainImage\"},\"datePublished\":\"2024-01-02T09:58:25+02:00\",\"dateModified\":\"2024-01-04T12:42:20+02:00\"},{\"@type\":\"WebSite\",\"@id\":\"https:\\\/\\\/www.skalnik.pl\\\/blog\\\/#website\",\"url\":\"https:\\\/\\\/www.skalnik.pl\\\/blog\\\/\",\"name\":\"blog Skalnik\",\"description\":\"Blog, porady, artyku\\u0142y - blog Skalnik\",\"inLanguage\":\"pl-PL\",\"publisher\":{\"@id\":\"https:\\\/\\\/www.skalnik.pl\\\/blog\\\/#organization\"}}]}\n\t\t<\/script>\n\t\t<!-- All in One SEO -->\n\n","aioseo_head_json":{"title":"Jakie spodnie na narty? Postaw na spodnie Salewa softshell - blog Skalnik","description":"Spodnie Salewa na narty - dlaczego nie! Poznaj modele, kt\u00f3re \u015bwietnie sprawdz\u0105 si\u0119 na skiturach czy zjazd\u00f3wkach. Zobacz spodnie Salewa z materia\u0142u Durastretch","canonical_url":"https:\/\/www.skalnik.pl\/blog\/jakie-spodnie-na-narty-postaw-na-spodnie-salewa-softshell\/","robots":"max-image-preview:large","keywords":"","webmasterTools":{"miscellaneous":""},"schema":{"@context":"https:\/\/schema.org","@graph":[{"@type":"BlogPosting","@id":"https:\/\/www.skalnik.pl\/blog\/jakie-spodnie-na-narty-postaw-na-spodnie-salewa-softshell\/#blogposting","name":"Jakie spodnie na narty? Postaw na spodnie Salewa softshell - blog Skalnik","headline":"Jakie spodnie na narty? Postaw na spodnie Salewa softshell","author":{"@id":"https:\/\/www.skalnik.pl\/blog\/author\/beata-nawrotkiewicz\/#author"},"publisher":{"@id":"https:\/\/www.skalnik.pl\/blog\/#organization"},"image":{"@type":"ImageObject","url":"https:\/\/www.skalnik.pl\/blog\/wp-content\/uploads\/2024\/01\/zjazd-tytulowe.jpg","width":1920,"height":705,"caption":"kobieta zje\u017cd\u017caj\u0105ca na nartach"},"datePublished":"2024-01-02T09:58:25+02:00","dateModified":"2024-01-04T12:42:20+02:00","inLanguage":"pl-PL","mainEntityOfPage":{"@id":"https:\/\/www.skalnik.pl\/blog\/jakie-spodnie-na-narty-postaw-na-spodnie-salewa-softshell\/#webpage"},"isPartOf":{"@id":"https:\/\/www.skalnik.pl\/blog\/jakie-spodnie-na-narty-postaw-na-spodnie-salewa-softshell\/#webpage"},"articleSection":"Bran\u017ca, zima"},{"@type":"BreadcrumbList","@id":"https:\/\/www.skalnik.pl\/blog\/jakie-spodnie-na-narty-postaw-na-spodnie-salewa-softshell\/#breadcrumblist","itemListElement":[{"@type":"ListItem","@id":"https:\/\/www.skalnik.pl\/blog#listItem","position":1,"name":"Home","item":"https:\/\/www.skalnik.pl\/blog","nextItem":{"@type":"ListItem","@id":"https:\/\/www.skalnik.pl\/blog\/.\/branza\/#listItem","name":"Bran\u017ca"}},{"@type":"ListItem","@id":"https:\/\/www.skalnik.pl\/blog\/.\/branza\/#listItem","position":2,"name":"Bran\u017ca","item":"https:\/\/www.skalnik.pl\/blog\/.\/branza\/","nextItem":{"@type":"ListItem","@id":"https:\/\/www.skalnik.pl\/blog\/jakie-spodnie-na-narty-postaw-na-spodnie-salewa-softshell\/#listItem","name":"Jakie spodnie na narty? Postaw na spodnie Salewa softshell"},"previousItem":{"@type":"ListItem","@id":"https:\/\/www.skalnik.pl\/blog#listItem","name":"Home"}},{"@type":"ListItem","@id":"https:\/\/www.skalnik.pl\/blog\/jakie-spodnie-na-narty-postaw-na-spodnie-salewa-softshell\/#listItem","position":3,"name":"Jakie spodnie na narty? Postaw na spodnie Salewa softshell","previousItem":{"@type":"ListItem","@id":"https:\/\/www.skalnik.pl\/blog\/.\/branza\/#listItem","name":"Bran\u017ca"}}]},{"@type":"Organization","@id":"https:\/\/www.skalnik.pl\/blog\/#organization","name":"blog Skalnik","description":"Blog, porady, artyku\u0142y - blog Skalnik","url":"https:\/\/www.skalnik.pl\/blog\/"},{"@type":"Person","@id":"https:\/\/www.skalnik.pl\/blog\/author\/beata-nawrotkiewicz\/#author","url":"https:\/\/www.skalnik.pl\/blog\/author\/beata-nawrotkiewicz\/","name":"Beata Nawrotkiewicz","image":{"@type":"ImageObject","@id":"https:\/\/www.skalnik.pl\/blog\/jakie-spodnie-na-narty-postaw-na-spodnie-salewa-softshell\/#authorImage","url":"https:\/\/secure.gravatar.com\/avatar\/53cf81cfcc3a81694535515925ffcf159be725e8bd1fb455eeb9e2cadcaa5684?s=96&d=mm&r=g","width":96,"height":96,"caption":"Beata Nawrotkiewicz"}},{"@type":"WebPage","@id":"https:\/\/www.skalnik.pl\/blog\/jakie-spodnie-na-narty-postaw-na-spodnie-salewa-softshell\/#webpage","url":"https:\/\/www.skalnik.pl\/blog\/jakie-spodnie-na-narty-postaw-na-spodnie-salewa-softshell\/","name":"Jakie spodnie na narty? Postaw na spodnie Salewa softshell - blog Skalnik","description":"Spodnie Salewa na narty - dlaczego nie! Poznaj modele, kt\u00f3re \u015bwietnie sprawdz\u0105 si\u0119 na skiturach czy zjazd\u00f3wkach. Zobacz spodnie Salewa z materia\u0142u Durastretch","inLanguage":"pl-PL","isPartOf":{"@id":"https:\/\/www.skalnik.pl\/blog\/#website"},"breadcrumb":{"@id":"https:\/\/www.skalnik.pl\/blog\/jakie-spodnie-na-narty-postaw-na-spodnie-salewa-softshell\/#breadcrumblist"},"author":{"@id":"https:\/\/www.skalnik.pl\/blog\/author\/beata-nawrotkiewicz\/#author"},"creator":{"@id":"https:\/\/www.skalnik.pl\/blog\/author\/beata-nawrotkiewicz\/#author"},"image":{"@type":"ImageObject","url":"https:\/\/www.skalnik.pl\/blog\/wp-content\/uploads\/2024\/01\/zjazd-tytulowe.jpg","@id":"https:\/\/www.skalnik.pl\/blog\/jakie-spodnie-na-narty-postaw-na-spodnie-salewa-softshell\/#mainImage","width":1920,"height":705,"caption":"kobieta zje\u017cd\u017caj\u0105ca na nartach"},"primaryImageOfPage":{"@id":"https:\/\/www.skalnik.pl\/blog\/jakie-spodnie-na-narty-postaw-na-spodnie-salewa-softshell\/#mainImage"},"datePublished":"2024-01-02T09:58:25+02:00","dateModified":"2024-01-04T12:42:20+02:00"},{"@type":"WebSite","@id":"https:\/\/www.skalnik.pl\/blog\/#website","url":"https:\/\/www.skalnik.pl\/blog\/","name":"blog Skalnik","description":"Blog, porady, artyku\u0142y - blog Skalnik","inLanguage":"pl-PL","publisher":{"@id":"https:\/\/www.skalnik.pl\/blog\/#organization"}}]},"og:locale":"pl_PL","og:site_name":"blog Skalnik - Blog, porady, artyku\u0142y - blog Skalnik","og:type":"article","og:title":"Jakie spodnie na narty? Postaw na spodnie Salewa softshell - blog Skalnik","og:description":"Spodnie Salewa na narty - dlaczego nie! Poznaj modele, kt\u00f3re \u015bwietnie sprawdz\u0105 si\u0119 na skiturach czy zjazd\u00f3wkach. Zobacz spodnie Salewa z materia\u0142u Durastretch","og:url":"https:\/\/www.skalnik.pl\/blog\/jakie-spodnie-na-narty-postaw-na-spodnie-salewa-softshell\/","og:image":"https:\/\/www.skalnik.pl\/blog\/wp-content\/uploads\/2024\/01\/mezczyzna-zjazd-Stefan.Voitl_026.jpg","og:image:secure_url":"https:\/\/www.skalnik.pl\/blog\/wp-content\/uploads\/2024\/01\/mezczyzna-zjazd-Stefan.Voitl_026.jpg","og:image:width":1024,"og:image:height":683,"article:tag":["bran\u017ca","zima"],"article:published_time":"2024-01-02T07:58:25+00:00","article:modified_time":"2024-01-04T10:42:20+00:00","twitter:card":"summary_large_image","twitter:title":"Jakie spodnie na narty? Postaw na spodnie Salewa softshell - blog Skalnik","twitter:description":"Spodnie Salewa na narty - dlaczego nie! Poznaj modele, kt\u00f3re \u015bwietnie sprawdz\u0105 si\u0119 na skiturach czy zjazd\u00f3wkach. Zobacz spodnie Salewa z materia\u0142u Durastretch","twitter:image":"https:\/\/www.skalnik.pl\/blog\/wp-content\/uploads\/2024\/01\/mezczyzna-zjazd-Stefan.Voitl_026.jpg"},"aioseo_meta_data":{"post_id":"25305","title":null,"description":"Spodnie Salewa na narty - dlaczego nie! Poznaj modele, kt\u00f3re \u015bwietnie sprawdz\u0105 si\u0119 na skiturach czy zjazd\u00f3wkach. Zobacz spodnie Salewa z materia\u0142u Durastretch","keywords":[],"keyphrases":{"focus":{"keyphrase":"spodnie salewa","score":80,"analysis":{"keyphraseInTitle":{"score":9,"maxScore":9,"error":0},"keyphraseInDescription":{"score":9,"maxScore":9,"error":0},"keyphraseLength":{"score":9,"maxScore":9,"error":0,"length":2},"keyphraseInURL":{"score":5,"maxScore":5,"error":0},"keyphraseInIntroduction":{"score":3,"maxScore":9,"error":1},"keyphraseInSubHeadings":{"score":3,"maxScore":9,"error":1},"keyphraseInImageAlt":{"score":9,"maxScore":9,"error":0}}},"additional":[]},"primary_term":null,"canonical_url":null,"og_title":null,"og_description":null,"og_object_type":"default","og_image_type":"default","og_image_url":null,"og_image_width":null,"og_image_height":null,"og_image_custom_url":null,"og_image_custom_fields":null,"og_video":"","og_custom_url":null,"og_article_section":null,"og_article_tags":[],"twitter_use_og":false,"twitter_card":"default","twitter_image_type":"default","twitter_image_url":null,"twitter_image_custom_url":null,"twitter_image_custom_fields":null,"twitter_title":null,"twitter_description":null,"schema":{"blockGraphs":[],"customGraphs":[],"default":{"data":{"Article":[],"Course":[],"Dataset":[],"FAQPage":[],"Movie":[],"Person":[],"Product":[],"ProductReview":[],"Car":[],"Recipe":[],"Service":[],"SoftwareApplication":[],"WebPage":[]},"graphName":"","isEnabled":true},"graphs":[]},"schema_type":"default","schema_type_options":null,"pillar_content":false,"robots_default":true,"robots_noindex":false,"robots_noarchive":false,"robots_nosnippet":false,"robots_nofollow":false,"robots_noimageindex":false,"robots_noodp":false,"robots_notranslate":false,"robots_max_snippet":"-1","robots_max_videopreview":"-1","robots_max_imagepreview":"large","priority":null,"frequency":"default","local_seo":null,"breadcrumb_settings":null,"limit_modified_date":false,"ai":null,"created":"2024-01-01 20:03:18","updated":"2026-02-17 22:48:24","seo_analyzer_scan_date":null},"aioseo_breadcrumb":"<div class=\"aioseo-breadcrumbs\"><span class=\"aioseo-breadcrumb\">\n\t\t\t<a href=\"https:\/\/www.skalnik.pl\/blog\" title=\"Home\">Home<\/a>\n\t\t<\/span><span class=\"aioseo-breadcrumb-separator\">&raquo;<\/span><span class=\"aioseo-breadcrumb\">\n\t\t\t<a href=\"https:\/\/www.skalnik.pl\/blog\/.\/branza\/\" title=\"Bran\u017ca\">Bran\u017ca<\/a>\n\t\t<\/span><span class=\"aioseo-breadcrumb-separator\">&raquo;<\/span><span class=\"aioseo-breadcrumb\">\n\t\t\tJakie spodnie na narty? Postaw na spodnie Salewa softshell\n\t\t<\/span><\/div>","aioseo_breadcrumb_json":[{"label":"Home","link":"https:\/\/www.skalnik.pl\/blog"},{"label":"Bran\u017ca","link":"https:\/\/www.skalnik.pl\/blog\/.\/branza\/"},{"label":"Jakie spodnie na narty? Postaw na spodnie Salewa softshell","link":"https:\/\/www.skalnik.pl\/blog\/jakie-spodnie-na-narty-postaw-na-spodnie-salewa-softshell\/"}],"_links":{"self":[{"href":"https:\/\/www.skalnik.pl\/blog\/wp-json\/wp\/v2\/posts\/25305","targetHints":{"allow":["GET"]}}],"collection":[{"href":"https:\/\/www.skalnik.pl\/blog\/wp-json\/wp\/v2\/posts"}],"about":[{"href":"https:\/\/www.skalnik.pl\/blog\/wp-json\/wp\/v2\/types\/post"}],"author":[{"embeddable":true,"href":"https:\/\/www.skalnik.pl\/blog\/wp-json\/wp\/v2\/users\/9"}],"replies":[{"embeddable":true,"href":"https:\/\/www.skalnik.pl\/blog\/wp-json\/wp\/v2\/comments?post=25305"}],"version-history":[{"count":5,"href":"https:\/\/www.skalnik.pl\/blog\/wp-json\/wp\/v2\/posts\/25305\/revisions"}],"predecessor-version":[{"id":25326,"href":"https:\/\/www.skalnik.pl\/blog\/wp-json\/wp\/v2\/posts\/25305\/revisions\/25326"}],"wp:featuredmedia":[{"embeddable":true,"href":"https:\/\/www.skalnik.pl\/blog\/wp-json\/wp\/v2\/media\/25307"}],"wp:attachment":[{"href":"https:\/\/www.skalnik.pl\/blog\/wp-json\/wp\/v2\/media?parent=25305"}],"wp:term":[{"taxonomy":"category","embeddable":true,"href":"https:\/\/www.skalnik.pl\/blog\/wp-json\/wp\/v2\/categories?post=25305"},{"taxonomy":"post_tag","embeddable":true,"href":"https:\/\/www.skalnik.pl\/blog\/wp-json\/wp\/v2\/tags?post=25305"},{"taxonomy":"magento_category","embeddable":true,"href":"https:\/\/www.skalnik.pl\/blog\/wp-json\/wp\/v2\/magento_category?post=25305"},{"taxonomy":"magento_product","embeddable":true,"href":"https:\/\/www.skalnik.pl\/blog\/wp-json\/wp\/v2\/magento_product?post=25305"}],"curies":[{"name":"wp","href":"https:\/\/api.w.org\/{rel}","templated":true}]}}