{"id":25316,"date":"2024-02-28T16:03:47","date_gmt":"2024-02-28T14:03:47","guid":{"rendered":"https:\/\/www.skalnik.pl\/blog\/?p=25316"},"modified":"2024-04-08T08:57:38","modified_gmt":"2024-04-08T06:57:38","slug":"orla-perc-najtrudniejszy-szlak-w-tatrach","status":"publish","type":"post","link":"https:\/\/www.skalnik.pl\/blog\/orla-perc-najtrudniejszy-szlak-w-tatrach\/","title":{"rendered":"Orla Per\u0107 &#8211; najtrudniejszy szlak w Tatrach"},"content":{"rendered":"\n<p><strong>Orla Per\u0107 to nazwa znana ka\u017cdemu tury\u015bcie, kt\u00f3ry by\u0142 lub planuje dopiero odwiedzi\u0107 Tatry. Nale\u017cy niew\u0105tpliwie do najs\u0142ynniejszych, ale i najtrudniejszych szlak\u00f3w po polskiej stronie Tatr. W ostatnich latach staje si\u0119 tak\u017ce niezwykle popularny, co szczeg\u00f3lnie w sezonie, przek\u0142ada si\u0119 na zwi\u0119kszony ruch i zatory. Czy Orla Per\u0107 jest dla wszystkich? Czy to trudny szlak? Jak przygotowa\u0107 si\u0119 do jego przej\u015bcia. Je\u015bli chcesz pozna\u0107 odpowiedzi na te i nie tylko te pytania, zapraszam do lektury.<\/strong><\/p>\n\n\n\n<div id=\"ez-toc-container\" class=\"ez-toc-v2_0_85 counter-hierarchy ez-toc-counter ez-toc-light-blue ez-toc-container-direction\">\n<div class=\"ez-toc-title-container\">\n<p class=\"ez-toc-title\" style=\"cursor:inherit\">SPIS TRE\u015aCI <\/p>\n<span class=\"ez-toc-title-toggle\"><a href=\"#\" class=\"ez-toc-pull-right ez-toc-btn ez-toc-btn-xs ez-toc-btn-default ez-toc-toggle\" aria-label=\"Prze\u0142\u0105cznik Spisu Tre\u015bci\"><span class=\"ez-toc-js-icon-con\"><span class=\"\"><span class=\"eztoc-hide\" style=\"display:none;\">Toggle<\/span><span class=\"ez-toc-icon-toggle-span\"><svg style=\"fill: #999;color:#999\" xmlns=\"http:\/\/www.w3.org\/2000\/svg\" class=\"list-377408\" width=\"20px\" height=\"20px\" viewBox=\"0 0 24 24\" fill=\"none\"><path d=\"M6 6H4v2h2V6zm14 0H8v2h12V6zM4 11h2v2H4v-2zm16 0H8v2h12v-2zM4 16h2v2H4v-2zm16 0H8v2h12v-2z\" fill=\"currentColor\"><\/path><\/svg><svg style=\"fill: #999;color:#999\" class=\"arrow-unsorted-368013\" xmlns=\"http:\/\/www.w3.org\/2000\/svg\" width=\"10px\" height=\"10px\" viewBox=\"0 0 24 24\" version=\"1.2\" baseProfile=\"tiny\"><path d=\"M18.2 9.3l-6.2-6.3-6.2 6.3c-.2.2-.3.4-.3.7s.1.5.3.7c.2.2.4.3.7.3h11c.3 0 .5-.1.7-.3.2-.2.3-.5.3-.7s-.1-.5-.3-.7zM5.8 14.7l6.2 6.3 6.2-6.3c.2-.2.3-.5.3-.7s-.1-.5-.3-.7c-.2-.2-.4-.3-.7-.3h-11c-.3 0-.5.1-.7.3-.2.2-.3.5-.3.7s.1.5.3.7z\"\/><\/svg><\/span><\/span><\/span><\/a><\/span><\/div>\n<nav><ul class='ez-toc-list ez-toc-list-level-1 ' ><li class='ez-toc-page-1 ez-toc-heading-level-2'><a class=\"ez-toc-link ez-toc-heading-1\" href=\"https:\/\/www.skalnik.pl\/blog\/orla-perc-najtrudniejszy-szlak-w-tatrach\/#Najtrudniejszy_znakowany_szlak_turystyczny_w_polskich_Tatrach\" >Najtrudniejszy znakowany szlak turystyczny w polskich Tatrach<\/a><\/li><li class='ez-toc-page-1 ez-toc-heading-level-2'><a class=\"ez-toc-link ez-toc-heading-2\" href=\"https:\/\/www.skalnik.pl\/blog\/orla-perc-najtrudniejszy-szlak-w-tatrach\/#Szlak_Orla_Perc_%E2%80%93_jakich_trudnosci_mozesz_sie_spodziewac\" >Szlak Orla Per\u0107 &#8211; jakich trudno\u015bci mo\u017cesz si\u0119 spodziewa\u0107<\/a><\/li><li class='ez-toc-page-1 ez-toc-heading-level-2'><a class=\"ez-toc-link ez-toc-heading-3\" href=\"https:\/\/www.skalnik.pl\/blog\/orla-perc-najtrudniejszy-szlak-w-tatrach\/#Jak_sie_przygotowac_na_przejscie_Orlej_Perci\" >Jak si\u0119 przygotowa\u0107 na przej\u015bcie Orlej Perci?<\/a><\/li><li class='ez-toc-page-1 ez-toc-heading-level-2'><a class=\"ez-toc-link ez-toc-heading-4\" href=\"https:\/\/www.skalnik.pl\/blog\/orla-perc-najtrudniejszy-szlak-w-tatrach\/#Szlaki_dojsciowe_na_Orla_Perc\" >Szlaki doj\u015bciowe na Orl\u0105 Per\u0107<\/a><\/li><li class='ez-toc-page-1 ez-toc-heading-level-2'><a class=\"ez-toc-link ez-toc-heading-5\" href=\"https:\/\/www.skalnik.pl\/blog\/orla-perc-najtrudniejszy-szlak-w-tatrach\/#Orla_Perc_%E2%80%93_opis_szlaku\" >Orla Per\u0107 &#8211; opis szlaku<\/a><\/li><\/ul><\/nav><\/div>\n<h2 class=\"wp-block-heading\"><span class=\"ez-toc-section\" id=\"Najtrudniejszy_znakowany_szlak_turystyczny_w_polskich_Tatrach\"><\/span><strong>Najtrudniejszy znakowany szlak turystyczny w polskich Tatrach<\/strong><span class=\"ez-toc-section-end\"><\/span><\/h2>\n\n\n\n<p>Poprowadzona szlakiem czerwonym wzd\u0142u\u017c grani Tatr, od Prze\u0142\u0119czy Zawrat do Prze\u0142\u0119czy Krzy\u017cne, Orla Per\u0107 ma ju\u017c ponad 100 lat. Jej wytyczenie postulowa\u0142 w 1901 r. Franciszek Henryk Nowicki, ale Towarzystwo Tatrza\u0144skie pocz\u0105tkowo nie podj\u0119\u0142o tej inicjatywy. W latach 1903-1906 szlak wytyczy\u0142 g\u0142\u00f3wnie w\u0142asnymi \u015brodkami ksi\u0105dz Walenty Gadowski z pomoc\u0105 Jakuba G\u0105sienicy Wawrytki i Klimka Bachledy. W pierwotnej wersji Orla Per\u0107 ci\u0105gn\u0119\u0142a si\u0119 od Zawratu do Wo\u0142oszyna, ale w 1932 r. odcinek z prze\u0142\u0119czy Krzy\u017cne na Wo\u0142oszyn zosta\u0142 zamkni\u0119ty w zwi\u0105zku z utworzeniem rezerwatu przyrody.<\/p>\n\n\n<div class=\"wp-block-image\">\n<figure class=\"aligncenter size-large\"><img loading=\"lazy\" decoding=\"async\" width=\"1024\" height=\"681\" src=\"https:\/\/www.skalnik.pl\/blog\/wp-content\/uploads\/2024\/01\/tom-jur-8itKOTu0Zo4-unsplash-1024x681.jpg\" alt=\"\" class=\"wp-image-25318\" srcset=\"https:\/\/www.skalnik.pl\/blog\/wp-content\/uploads\/2024\/01\/tom-jur-8itKOTu0Zo4-unsplash-1024x681.jpg 1024w, https:\/\/www.skalnik.pl\/blog\/wp-content\/uploads\/2024\/01\/tom-jur-8itKOTu0Zo4-unsplash-300x200.jpg 300w, https:\/\/www.skalnik.pl\/blog\/wp-content\/uploads\/2024\/01\/tom-jur-8itKOTu0Zo4-unsplash-768x511.jpg 768w, https:\/\/www.skalnik.pl\/blog\/wp-content\/uploads\/2024\/01\/tom-jur-8itKOTu0Zo4-unsplash-1536x1022.jpg 1536w, https:\/\/www.skalnik.pl\/blog\/wp-content\/uploads\/2024\/01\/tom-jur-8itKOTu0Zo4-unsplash-2048x1363.jpg 2048w\" sizes=\"auto, (max-width: 1024px) 100vw, 1024px\" \/><figcaption class=\"wp-element-caption\"><em>Orla Per\u0107 to najbardziej wymagaj\u0105cy szlak w polskich Tatrach (fot. Tom Jur, Unsplash)<\/em><\/figcaption><\/figure>\n<\/div>\n\n\n<p>Dzi\u015b Orla Per\u0107 to 4,3 km graniowego szlaku tatrza\u0144skiego prowadz\u0105cego przez prze\u0142\u0119cze, szczyty i trawersy. Niech Ci\u0119 nie zmyli niewielka d\u0142ugo\u015b\u0107. Do przej\u015bcia Orlej Perci potrzeba oko\u0142o 6-7 h, bez wliczania doj\u015bcia, postoj\u00f3w oraz kork\u00f3w, jakie tworz\u0105 si\u0119 tu przy du\u017cym ruchu. Ju\u017c to powinno wzbudzi\u0107 czujno\u015b\u0107 i \u015bwiadczy o tym, \u017ce jest to szlak trudny. Warto pami\u0119ta\u0107, \u017ce zgin\u0119\u0142o na nim ju\u017c ponad 140 os\u00f3b. Na pewno nie jest to odpowiednie wyzwanie, je\u015bli dopiero stawiasz pierwsze kroki na tatrza\u0144skich szlakach. Orla Per\u0107 wymaga do\u015bwiadczenia, obycia w skalnym terenie oraz odporno\u015bci na ekspozycj\u0119. Niebagateln\u0105 rol\u0119 w przej\u015bciu szlaku odgrywa pogoda. Gdy jest mokro i \u015blisko, mo\u017ce by\u0107 tu \u015bmiertelnie niebezpiecznie, a przej\u015bcia zimowe wymagaj\u0105 przygotowania wspinaczkowego, umiej\u0119tno\u015bci asekuracji i sprz\u0119tu.<\/p>\n\n\n\n<h2 class=\"wp-block-heading\"><span class=\"ez-toc-section\" id=\"Szlak_Orla_Perc_%E2%80%93_jakich_trudnosci_mozesz_sie_spodziewac\"><\/span><strong>Szlak Orla Per\u0107 &#8211; jakich trudno\u015bci mo\u017cesz si\u0119 spodziewa\u0107<\/strong><span class=\"ez-toc-section-end\"><\/span><\/h2>\n\n\n\n<p>Jak ju\u017c wspomnia\u0142am Orla Per\u0107 to szlak wymagaj\u0105cy, dla do\u015bwiadczonych turyst\u00f3w, a przej\u015bcie ca\u0142ej trasy zajmuje oko\u0142o 6-7 h. Czego mo\u017cesz si\u0119 wi\u0119c spodziewa\u0107?<\/p>\n\n\n\n<ul class=\"wp-block-list\">\n<li>du\u017cej ekspozycji i przepa\u015bci &#8211; szlak prowadzi grani\u0105 i trawersami. Je\u015bli pojawia si\u0119 u Ciebie l\u0119k przestrzeni dobrze przemy\u015bl wyb\u00f3r tej trasy.<\/li>\n\n\n\n<li>zalegaj\u0105cego w \u017clebach \u015bniegu &#8211; cz\u0119sto le\u017cy tu a\u017c do lata. \u015aliskie p\u0142aty \u015bniegu mog\u0105 by\u0107 bardzo niebezpieczne.<\/li>\n\n\n\n<li>komink\u00f3w, pochy\u0142ych skalnych p\u0142yt, kt\u00f3re zosta\u0142y zabezpieczone \u0142a\u0144cuchami u\u0142atwiaj\u0105cymi ich pokonywanie<\/li>\n\n\n\n<li>pionowych odcink\u00f3w, kt\u00f3rych pokonywanie mo\u017cliwe jest dzi\u0119ki klamrom i dw\u00f3m drabinkom. Najd\u0142u\u017csza, pionowa drabina na Orlej Perci ma 8 m d\u0142ugo\u015bci i znajduje si\u0119 nad Kozi\u0105 Prze\u0142\u0119cz\u0105.<\/li>\n\n\n\n<li>str\u0105canych przez turyst\u00f3w kamieni &#8211; na Orl\u0105 Per\u0107 warto wybiera\u0107 si\u0119 w kasku.<\/li>\n<\/ul>\n\n\n\n<p class=\"has-white-color has-vivid-cyan-blue-background-color has-text-color has-background\">Na eksponowane szlaki Tatr zabierz kask. Przeczytaj artyku\u0142 &#8211;&gt; &#8222;<a href=\"https:\/\/www.skalnik.pl\/blog\/jaki-kask-w-gory\/\" target=\"_blank\" rel=\"noopener\" title=\"\"><strong>Jaki kask w g\u00f3ry?<\/strong><\/a>&#8222;<\/p>\n\n\n<div class=\"wp-block-image\">\n<figure class=\"aligncenter size-large\"><img loading=\"lazy\" decoding=\"async\" width=\"1024\" height=\"682\" src=\"https:\/\/www.skalnik.pl\/blog\/wp-content\/uploads\/2024\/01\/AdobeStock_639123735-min-1024x682.jpeg\" alt=\"szlak tatry orla nper\u0107 \" class=\"wp-image-25319\" srcset=\"https:\/\/www.skalnik.pl\/blog\/wp-content\/uploads\/2024\/01\/AdobeStock_639123735-min-1024x682.jpeg 1024w, https:\/\/www.skalnik.pl\/blog\/wp-content\/uploads\/2024\/01\/AdobeStock_639123735-min-300x200.jpeg 300w, https:\/\/www.skalnik.pl\/blog\/wp-content\/uploads\/2024\/01\/AdobeStock_639123735-min-768x512.jpeg 768w, https:\/\/www.skalnik.pl\/blog\/wp-content\/uploads\/2024\/01\/AdobeStock_639123735-min-1536x1024.jpeg 1536w, https:\/\/www.skalnik.pl\/blog\/wp-content\/uploads\/2024\/01\/AdobeStock_639123735-min-2048x1365.jpeg 2048w\" sizes=\"auto, (max-width: 1024px) 100vw, 1024px\" \/><figcaption class=\"wp-element-caption\"><em>Du\u017ce odcinki Orlej Perci zabezpieczone s\u0105 \u0142a\u0144cuchami i klamrami<\/em><\/figcaption><\/figure>\n<\/div>\n\n\n<p>Latem i wczesn\u0105 jesieni\u0105, kt\u00f3re uwa\u017cane s\u0105 za najlepszy czas do pokonywania Orlej Perci, turyst\u00f3w na szlaku jest bardzo du\u017co. Cz\u0119\u015b\u0107 z nich nie ma odpowiedniego wyposa\u017cenia ani umiej\u0119tno\u015bci do takiej w\u0119dr\u00f3wki, co przek\u0142ada si\u0119 na bardzo wolne pokonywanie trasy. Zwi\u0119kszony ruch to niestety zatory, kt\u00f3re musisz bra\u0107 pod uwag\u0119 planuj\u0105c przej\u015bcie tego szlaku.<\/p>\n\n\n\n<p>Za najtrudniejszy odcinek szlaku Orla Per\u0107 uwa\u017cany jest fragment od Zawratu na Kozi Wierch przez Kozi\u0105 Prze\u0142\u0119cz. Z tego wzgl\u0119du od 2007 r. jest to szlak jednokierunkowy. Dalsz\u0105 cz\u0119\u015b\u0107 pokonywa\u0107 mo\u017cna ju\u017c w dwie strony. <\/p>\n\n\n<div class=\"wp-block-image\">\n<figure class=\"aligncenter size-large\"><img loading=\"lazy\" decoding=\"async\" width=\"1024\" height=\"683\" src=\"https:\/\/www.skalnik.pl\/blog\/wp-content\/uploads\/2024\/01\/AdobeStock_415850377-min-1024x683.jpeg\" alt=\"\" class=\"wp-image-25320\" srcset=\"https:\/\/www.skalnik.pl\/blog\/wp-content\/uploads\/2024\/01\/AdobeStock_415850377-min-1024x683.jpeg 1024w, https:\/\/www.skalnik.pl\/blog\/wp-content\/uploads\/2024\/01\/AdobeStock_415850377-min-300x200.jpeg 300w, https:\/\/www.skalnik.pl\/blog\/wp-content\/uploads\/2024\/01\/AdobeStock_415850377-min-768x512.jpeg 768w, https:\/\/www.skalnik.pl\/blog\/wp-content\/uploads\/2024\/01\/AdobeStock_415850377-min-1536x1024.jpeg 1536w, https:\/\/www.skalnik.pl\/blog\/wp-content\/uploads\/2024\/01\/AdobeStock_415850377-min-2048x1365.jpeg 2048w\" sizes=\"auto, (max-width: 1024px) 100vw, 1024px\" \/><figcaption class=\"wp-element-caption\"><em>Orla Per\u0107 zim\u0105 to wyzwanie dla do\u015bwiadczonych turyst\u00f3w, kt\u00f3rzy umiej\u0105 pos\u0142ugiwa\u0107 si\u0119 sprz\u0119tem takim jak m.in. czekan i raki.  <\/em><\/figcaption><\/figure>\n<\/div>\n\n\n<p>Je\u015bli marzysz o Orlej Perci zim\u0105 to pami\u0119taj, \u017ce o tej porze roku jest to wyzwanie raczej wspinaczkowe ni\u017c turystyczne. Zanim je podejmiesz oce\u0144 swoje umiej\u0119tno\u015bci i sprz\u0119t (w tej kolejno\u015bci) i je\u015bli nie s\u0105 wystarczaj\u0105ce skorzystaj z kursu zimowej turystyki wysokog\u00f3rskiej.<\/p>\n\n\n\n<h2 class=\"wp-block-heading\"><span class=\"ez-toc-section\" id=\"Jak_sie_przygotowac_na_przejscie_Orlej_Perci\"><\/span><strong>Jak si\u0119 przygotowa\u0107 na przej\u015bcie Orlej Perci?<\/strong><span class=\"ez-toc-section-end\"><\/span><\/h2>\n\n\n\n<p>Orla Per\u0107 na pewno nie jest szlakiem, kt\u00f3ry mo\u017cna bra\u0107 pod uwag\u0119 podczas pierwszych wycieczek w Tatry (chyba, \u017ce wcze\u015bniej by\u0142e\u015b na podobnych trasach w innych g\u00f3rach np. na szlakach typu via ferrata). Je\u017celi jeste\u015b zupe\u0142nie pocz\u0105tkuj\u0105cy w chodzeniu po eksponowanych, zabezpieczonych szlakach, spr\u00f3buj najpierw swoich si\u0142 w \u0142atwiejszych miejscach i przede wszystkim sprawd\u017a swoj\u0105 odporno\u015b\u0107 na du\u017c\u0105 ilo\u015b\u0107 luftu pod nogami (lub obok nich).<\/p>\n\n\n\n<p>Przej\u015bcie Orlej Perci wymaga dobrej kondycji. Wspomina\u0142am ju\u017c o d\u0142ugo\u015bci przej\u015bcia, ale do tego nale\u017cy doliczy\u0107 jeszcze doj\u015bcie do szlaku. Wiele os\u00f3b decyduje si\u0119 na podzia\u0142 Orlej Perci na dwa odcinki. U\u0142atwiaj\u0105 to docieraj\u0105ce do grani szlaki \u0142\u0105cznikowe. Najlepszym rozwi\u0105zaniem jest nocleg w schronisku Murowaniec na Hali G\u0105sienicowej lub w schronisku w Dolinie Pi\u0119ciu Staw\u00f3w Polskich. Doj\u015bcie do grani z ka\u017cdego z nich trwa od 1:45 do 2:30 h.<\/p>\n\n\n<div class=\"wp-block-image\">\n<figure class=\"aligncenter size-large\"><img loading=\"lazy\" decoding=\"async\" width=\"1024\" height=\"640\" src=\"https:\/\/www.skalnik.pl\/blog\/wp-content\/uploads\/2024\/01\/krisztian-korhetz-8i_wCbbyu6s-unsplash-1024x640.jpg\" alt=\"\" class=\"wp-image-25323\" srcset=\"https:\/\/www.skalnik.pl\/blog\/wp-content\/uploads\/2024\/01\/krisztian-korhetz-8i_wCbbyu6s-unsplash-1024x640.jpg 1024w, https:\/\/www.skalnik.pl\/blog\/wp-content\/uploads\/2024\/01\/krisztian-korhetz-8i_wCbbyu6s-unsplash-300x188.jpg 300w, https:\/\/www.skalnik.pl\/blog\/wp-content\/uploads\/2024\/01\/krisztian-korhetz-8i_wCbbyu6s-unsplash-768x480.jpg 768w, https:\/\/www.skalnik.pl\/blog\/wp-content\/uploads\/2024\/01\/krisztian-korhetz-8i_wCbbyu6s-unsplash-1536x960.jpg 1536w, https:\/\/www.skalnik.pl\/blog\/wp-content\/uploads\/2024\/01\/krisztian-korhetz-8i_wCbbyu6s-unsplash-2048x1280.jpg 2048w\" sizes=\"auto, (max-width: 1024px) 100vw, 1024px\" \/><figcaption class=\"wp-element-caption\"><em>Orla Per\u0107 wymaga dobrej kondycji oraz odporno\u015bci na ekspozycj\u0119 (fot. Krisztian Korhet, Unsplash)<\/em><\/figcaption><\/figure>\n<\/div>\n\n\n<p>Ca\u0142a Orla Per\u0107 znajduje si\u0119 na wysoko\u015bci przekraczaj\u0105cej 2000 m n.p.m. Mo\u017cesz si\u0119 wi\u0119c spodziewa\u0107 ni\u017cszej temperatury ni\u017c w dolinach, silnego wiatru, wspomnianego ju\u017c zalegaj\u0105cego w \u017clebach \u015bniegu oraz du\u017cej zmienno\u015bci pogody. Szczeg\u00f3lnie latem sprawdzaj j\u0105 na bie\u017c\u0105co i w razie nadchodzenia burzy staraj si\u0119 jak najszybciej wycofa\u0107 kt\u00f3rym\u015b ze szlak\u00f3w doj\u015bciowych. Latem we\u017a te\u017c pod uwag\u0119, \u017ce na szlaku nie ma si\u0119 gdzie schowa\u0107 przed s\u0142o\u0144cem. Krem do opalania i nakrycie g\u0142owy to wyposa\u017cenie obowi\u0105zkowe.<\/p>\n\n\n\n<p>Jakie buty wybra\u0107 na przej\u015bcie Orlej Perci? Przede wszystkim przyczepne, najlepiej z podeszw\u0105 przystosowan\u0105 na skalny teren. Bardzo dobrze sprawdza si\u0119 tu obuwie podej\u015bciowe oraz dedykowane do tras typu via ferrata. Opr\u00f3cz odpowiednich but\u00f3w zabierz tak\u017ce bluz\u0119 lub puch\u00f3wk\u0119, kurtk\u0119 przeciwdeszczow\u0105, gdy wieje wiatr czapk\u0119, a tak\u017ce r\u0119kawiczki. Te ostatnie przydadz\u0105 si\u0119 te\u017c do chwytania \u0142a\u0144cuch\u00f3w. <\/p>\n\n\n\n<p>Pami\u0119taj, \u017ce na trasie nie ma schronisk i bufet\u00f3w. Musisz mie\u0107 ze sob\u0105 odpowiedni\u0105 ilo\u015b\u0107 napoj\u00f3w oraz jedzenie na ca\u0142\u0105 tras\u0119. Warto tak\u017ce mie\u0107 w plecaku czo\u0142\u00f3wk\u0119, apteczk\u0119, a tak\u017ce na\u0142adowany telefon z zainstalowan\u0105 aplikacj\u0105 Ratunek i numerem do TOPR oraz powerbank. Podczas pokonywania Orlej Perci zalecane jest posiadanie kasku ze wzgl\u0119du na spadaj\u0105ce kamienie, str\u0105cane przez innych turyst\u00f3w.<\/p>\n\n\n\t<div class=\"magento-wrapper\">\n\t\t<ul class=\"products\">\n\t\t\t<li class=\"product\">\n\t\n\t\t<div class=\"image\">\n\t\t\t<a href=\"https:\/\/www.skalnik.pl\/kask-galaxy-red-climbing-technology-643758\" target=\"_self\">\n\t\t\t\t\t\t<img\n\t\t\tsrc=\"https:\/\/www.skalnik.pl\/media\/catalog\/product\/i\/m\/img_32811_1.jpg\"\n\t\t\talt=\"KASK GALAXY - RED\"\n\t\t\t\t\t\t\t\t\/>\n\t\t\t\t\t<\/a>\n\t\t<\/div>\n\n\t\t\n\t\t<a href=\"https:\/\/www.skalnik.pl\/kask-galaxy-red-climbing-technology-643758\" target=\"_self\"><span class=\"name\">KASK GALAXY - RED<\/span><\/a>\t\n\t\n\t\t\t\t\t<div class=\"price has-special\">\n\t\t\tCENA\n\t\t\t\t\t\t\t<span class=\"special-price\">239.99 z\u0142<\/span>\n\t\t\t\t<span class=\"special-price base-price\">299.99 z\u0142<\/span>\n\t\t\t\t\t<\/div>\n\t\t\t\n\t<div class=\"url\"><a class=\"view-details\" href=\"https:\/\/www.skalnik.pl\/kask-galaxy-red-climbing-technology-643758\">Zobacz wi\u0119cej <\/a><\/div><\/li>\n<li class=\"product\">\n\t\n\t\t<div class=\"image\">\n\t\t\t<a href=\"https:\/\/www.skalnik.pl\/apteczka-outdoor-red-red-710760\" target=\"_self\">\n\t\t\t\t\t\t<img\n\t\t\tsrc=\"https:\/\/www.skalnik.pl\/media\/catalog\/product\/a\/p\/apteczka_outdoor.jpg\"\n\t\t\talt=\"APTECZKA OUTDOOR-RED\"\n\t\t\t\t\t\t\t\t\/>\n\t\t\t\t\t<\/a>\n\t\t<\/div>\n\n\t\t\n\t\t<a href=\"https:\/\/www.skalnik.pl\/apteczka-outdoor-red-red-710760\" target=\"_self\"><span class=\"name\">APTECZKA OUTDOOR-RED<\/span><\/a>\t\n\t\n\t\t\t\t\t<div class=\"price has-special\">\n\t\t\tCENA\n\t\t\t\t\t\t\t<span class=\"special-price\">68.99 z\u0142<\/span>\n\t\t\t\t<span class=\"special-price base-price\">84.99 z\u0142<\/span>\n\t\t\t\t\t<\/div>\n\t\t\t\n\t<div class=\"url\"><a class=\"view-details\" href=\"https:\/\/www.skalnik.pl\/apteczka-outdoor-red-red-710760\">Zobacz wi\u0119cej <\/a><\/div><\/li>\n<li class=\"product\">\n\t\n\t\t<div class=\"image\">\n\t\t\t<a href=\"https:\/\/www.skalnik.pl\/czolowka-storm-450-black-995444\" target=\"_self\">\n\t\t\t\t\t\t<img\n\t\t\tsrc=\"https:\/\/www.skalnik.pl\/media\/catalog\/product\/6\/2\/620671_0002_storm_450_headlamp_black_01_.jpg\"\n\t\t\talt=\"CZO\u0141\u00d3WKA STORM 450-BLACK\"\n\t\t\t\t\t\t\t\t\/>\n\t\t\t\t\t<\/a>\n\t\t<\/div>\n\n\t\t\n\t\t<a href=\"https:\/\/www.skalnik.pl\/czolowka-storm-450-black-995444\" target=\"_self\"><span class=\"name\">CZO\u0141\u00d3WKA STORM 450-BLACK<\/span><\/a>\t\n\t\n\t\t\t\t\t<div class=\"price has-special\">\n\t\t\tCENA\n\t\t\t\t\t\t\t<span class=\"special-price\">163.99 z\u0142<\/span>\n\t\t\t\t<span class=\"special-price base-price\">259.99 z\u0142<\/span>\n\t\t\t\t\t<\/div>\n\t\t\t\n\t<div class=\"url\"><a class=\"view-details\" href=\"https:\/\/www.skalnik.pl\/czolowka-storm-450-black-995444\">Zobacz wi\u0119cej <\/a><\/div><\/li>\n\t\t<\/ul>\n\t<\/div>\n\n\n\n\n<h2 class=\"wp-block-heading\"><span class=\"ez-toc-section\" id=\"Szlaki_dojsciowe_na_Orla_Perc\"><\/span><strong>Szlaki doj\u015bciowe na Orl\u0105 Per\u0107<\/strong><span class=\"ez-toc-section-end\"><\/span><\/h2>\n\n\n\n<p>Na Orl\u0105 Per\u0107 mo\u017cna doj\u015b\u0107 ze znajduj\u0105cych si\u0119 u jej st\u00f3p dolin &#8211; G\u0105sienicowej i Doliny Pi\u0119ciu Staw\u00f3w Polskich. Szlak\u00f3w na odcinku Zawrat &#8211; Skrajny Granat jest kilka, co u\u0142atwia dzielenie trasy na kr\u00f3tsze odcinki oraz ewentualne wycofanie si\u0119, gdy pogoda si\u0119 pogorszy.<\/p>\n\n\n\n<p>Z Doliny G\u0105sienicowej i schroniska Murowaniec:<\/p>\n\n\n\n<ul class=\"wp-block-list\">\n<li>szlak niebieski na Prze\u0142\u0119cz Zawrat przez Czarny Staw<\/li>\n\n\n\n<li>szlak niebieski i szlak \u017c\u00f3\u0142ty na Kozi\u0105 Prze\u0142\u0119cz<\/li>\n\n\n\n<li>szlak niebieski, zielony i czarny przez Kozi\u0105 Dolink\u0119 i \u017blebem Kulczy\u0144skiego<\/li>\n\n\n\n<li>szlak niebieski i zielony na Zadni Granat<\/li>\n\n\n\n<li>szlak niebieski i \u017c\u00f3\u0142ty na Skrajny Granat<\/li>\n\n\n\n<li>szlak \u017c\u00f3\u0142ty na Prze\u0142\u0119cz Krzy\u017cne<\/li>\n<\/ul>\n\n\n\n<p>Z Doliny Pi\u0119ciu Staw\u00f3w:<\/p>\n\n\n\n<ul class=\"wp-block-list\">\n<li>szlakiem niebieskim na Prze\u0142\u0119cz Zawrat<\/li>\n\n\n\n<li>szlakami niebieskim i \u017c\u00f3\u0142tym na Kozi\u0105 Prze\u0142\u0119cz<\/li>\n\n\n\n<li>szlakami niebieskim i czarnym na Kozi Wierch<\/li>\n\n\n\n<li>szlakiem \u017c\u00f3\u0142tym na Prze\u0142\u0119cz Krzy\u017cne<\/li>\n<\/ul>\n\n\n\n<p>W\u015br\u00f3d popularnych szlak\u00f3w doj\u015bciowych do niedawna by\u0142 czerwony szlak z Kasprowego Wierchu (mo\u017cliwo\u015b\u0107 wjazdu kolej\u0105 linow\u0105) przez \u015awinic\u0119. Jednak od 2021 r. na odcinku Zawrat-\u015awinica jest on jednokierunkowy. Mo\u017cna wej\u015b\u0107 na \u015awinic\u0119 z Zawratu, ale nie mo\u017cna z niej zej\u015b\u0107 na prze\u0142\u0119cz.<\/p>\n\n\n\n<h2 class=\"wp-block-heading\"><span class=\"ez-toc-section\" id=\"Orla_Perc_%E2%80%93_opis_szlaku\"><\/span><strong>Orla Per\u0107 &#8211; opis szlaku<\/strong><span class=\"ez-toc-section-end\"><\/span><\/h2>\n\n\n\n<p>O Orlej Perci powsta\u0142y ca\u0142e przewodniki wi\u0119c tutaj tylko kr\u00f3tko scharakteryzuj\u0119 jej przebieg:<\/p>\n\n\n\n<ul class=\"wp-block-list\">\n<li><strong>od Prze\u0142\u0119czy Zawrat do Koziego Wierchu<\/strong>-najtrudniejszy odcinek Orlej Perci z obowi\u0105zuj\u0105cym ruchem jednokierunkowym. Jego przej\u015bcie zajmuje oko\u0142o 2h 15 min. Na trasie znajduje si\u0119 \u017bleb Honoratka, w kt\u00f3rym mo\u017cna spodziewa\u0107 si\u0119 zalegaj\u0105cego \u015bniegu. Szlak jest bardzo mocno eksponowany, w wielu miejscach zabezpieczony \u0142a\u0144cuchami i klamrami. Na trasie wspania\u0142e widoki czekaj\u0105 na szczycie Ma\u0142y Kozi Wierch. Z trawersu Zmarz\u0142ej Turni na Kozi\u0105 Prze\u0142\u0119cz sprowadza pionowa drabinka o d\u0142ugo\u015bci 8 m. Odcinek ten ko\u0144czy si\u0119 na Kozim Wierchu, najwy\u017cszym punkcie na ca\u0142ej trasie, z kt\u00f3rego roztacza si\u0119 wspania\u0142y widok na Dolin\u0119 Pi\u0119ciu Staw\u00f3w i Dolin\u0119 G\u0105sienicow\u0105.<\/li>\n<\/ul>\n\n\n<div class=\"wp-block-image\">\n<figure class=\"aligncenter size-large\"><img loading=\"lazy\" decoding=\"async\" width=\"1024\" height=\"585\" src=\"https:\/\/www.skalnik.pl\/blog\/wp-content\/uploads\/2024\/01\/AdobeStock_85196742-min-1024x585.jpeg\" alt=\"orla per\u0107 najtrudniejszy szlak w tatrach\" class=\"wp-image-25324\" srcset=\"https:\/\/www.skalnik.pl\/blog\/wp-content\/uploads\/2024\/01\/AdobeStock_85196742-min-1024x585.jpeg 1024w, https:\/\/www.skalnik.pl\/blog\/wp-content\/uploads\/2024\/01\/AdobeStock_85196742-min-300x172.jpeg 300w, https:\/\/www.skalnik.pl\/blog\/wp-content\/uploads\/2024\/01\/AdobeStock_85196742-min-768x439.jpeg 768w, https:\/\/www.skalnik.pl\/blog\/wp-content\/uploads\/2024\/01\/AdobeStock_85196742-min-1536x878.jpeg 1536w, https:\/\/www.skalnik.pl\/blog\/wp-content\/uploads\/2024\/01\/AdobeStock_85196742-min-2048x1171.jpeg 2048w\" sizes=\"auto, (max-width: 1024px) 100vw, 1024px\" \/><figcaption class=\"wp-element-caption\"><em>Orla Per\u0107 pozwala na podziwianie jednych z najpi\u0119kniejszych widok\u00f3w w Tatrach <\/em><\/figcaption><\/figure>\n<\/div>\n\n\n<ul class=\"wp-block-list\">\n<li><strong>Od Koziego Wierchu na Skrajny Granat<\/strong> &#8211; w tym miejscu rozpoczyna si\u0119 dwukierunkowy odcinek szlaku wi\u0119c trzeba spodziewa\u0107 si\u0119 mijanek. Jest to trasa spokojniejsza i \u0142atwiejsza, co nie znaczy, \u017ce mo\u017cna j\u0105 zlekcewa\u017cy\u0107. Du\u017c\u0105 ostro\u017cno\u015b\u0107 nale\u017cy zachowa\u0107 przy zej\u015bciu z Koziego Wierchu \u017blebem Kulczy\u0144skiego, gdzie ska\u0142a jest krucha, w skalnych kominkach przy Czarnym Mniszku i na Skrajnym Granacie, w szczelinie na Granatach oraz w bardzo zdradliwym \u017blebie Drege&#8217;a. Skrajny Granat \u015bwietnie nadaje si\u0119 do odpoczynku. Znajduje si\u0119 tu tak\u017ce zej\u015bcie \u017c\u00f3\u0142tym szlakiem do Doliny G\u0105sienicowej. Kolejny szlak sprowadzaj\u0105cy w dolin\u0119 znajduje si\u0119 dopiero na Prze\u0142\u0119czy Krzy\u017cne.<\/li>\n\n\n\n<li><strong>od Skrajnego Granatu na Prze\u0142\u0119cz Krzy\u017cne<\/strong> &#8211; dwukierunkowy odcinek, kt\u00f3rego pokonanie zajmuje oko\u0142o 1h 45 min. Teren jest tu kruchy, a ekspozycje do\u015b\u0107 znaczne. Na trasie znajduje si\u0119 4 metrowa drabinka, ci\u0105gi \u0142a\u0144cuch\u00f3w u\u0142atwiaj\u0105ce u\u0142atwiaj\u0105ce pokonywanie podej\u015b\u0107 i zej\u015b\u0107. Najwi\u0119cej trudno\u015bci pojawia si\u0119 do Ma\u0142ej Buczynowej Turni, sk\u0105d dalszy szlak jest ju\u017c \u0142atwiejszy. Orla Per\u0107 ko\u0144czy si\u0119 na widokowej Prze\u0142\u0119czy Krzy\u017cne, sk\u0105d mo\u017cna zej\u015b\u0107 do Doliny Pi\u0119ciu Staw\u00f3w lub G\u0105sienicowej.<\/li>\n<\/ul>\n\n\n\n<p class=\"has-white-color has-vivid-cyan-blue-background-color has-text-color has-background\">Poznaj te\u017c inne wymagaj\u0105ce szlaki z artyku\u0142u ratowniczki TOPR i przewodniczki tatrza\u0144skiej Eweliny Wiercioch &#8211;&gt; &#8222;<a href=\"https:\/\/www.skalnik.pl\/blog\/tatry-najtrudniejsze-szlaki-lato\/\" target=\"_blank\" rel=\"noopener\" title=\"\"><strong>Tatry &#8211; najtrudniejsze szlaki (lato)<\/strong><\/a>&#8221; <\/p>\n\n\n\n<hr class=\"wp-block-separator has-alpha-channel-opacity is-style-dots\"\/>\n\n\n\n<p>Orla Per\u0107- kultowy tatrza\u0144ski szlak to wyzwanie dla do\u015bwiadczonych turyst\u00f3w. Je\u015bli nie masz l\u0119ku wysoko\u015bci i chcesz wej\u015b\u0107 na kolejny stopie\u0144 g\u00f3rskiego wtajemniczenia ruszaj na szlak. Byle z g\u0142ow\u0105, rozs\u0105dnie i realistycznie oceniaj\u0105c swoje mo\u017cliwo\u015bci tak\u017ce podczas w\u0119dr\u00f3wki. Mo\u017ce b\u0119dzie to wst\u0119p do przyg\u00f3d z innymi wysokog\u00f3rskimi szlakami np w Alpach lub Dolomitach.<\/p>\n","protected":false},"excerpt":{"rendered":"<p>Poznaj jeden z najbardziej znanych tatrza\u0144skich szlak\u00f3w. Sprawd\u017a czy Orla Per\u0107 jest dla Ciebie i czego mo\u017cesz si\u0119 na niej spodziewa\u0107. <\/p>\n","protected":false},"author":41,"featured_media":25317,"comment_status":"closed","ping_status":"closed","sticky":false,"template":"","format":"standard","meta":{"_acf_changed":false,"footnotes":""},"categories":[84],"tags":[14],"magento_category":[],"magento_product":[],"class_list":["post-25316","post","type-post","status-publish","format-standard","has-post-thumbnail","hentry","category-pasja","tag-tatry"],"acf":[],"aioseo_notices":[],"aioseo_head":"\n\t\t<!-- All in One SEO 4.9.10 - aioseo.com -->\n\t<meta name=\"description\" content=\"Orla Per\u0107 to najtrudniejszy szlak w polskich Tatrach. Czy to trasa dla ka\u017cdego? Jak przygotowa\u0107 si\u0119 na jego pokonanie i czego spodziewa\u0107 si\u0119 na trasie.\" \/>\n\t<meta name=\"robots\" content=\"max-image-preview:large\" \/>\n\t<meta name=\"author\" content=\"Anna \u015aliwa\"\/>\n\t<link rel=\"canonical\" href=\"https:\/\/www.skalnik.pl\/blog\/orla-perc-najtrudniejszy-szlak-w-tatrach\/\" \/>\n\t<meta name=\"generator\" content=\"All in One SEO (AIOSEO) 4.9.10\" \/>\n\t\t<meta property=\"og:locale\" content=\"pl_PL\" \/>\n\t\t<meta property=\"og:site_name\" content=\"blog Skalnik - Blog, porady, artyku\u0142y - blog Skalnik\" \/>\n\t\t<meta property=\"og:type\" content=\"article\" \/>\n\t\t<meta property=\"og:title\" content=\"Orla Per\u0107 \u2013 najtrudniejszy szlak w Tatrach - blog Skalnik\" \/>\n\t\t<meta property=\"og:description\" content=\"Orla Per\u0107 to najtrudniejszy szlak w polskich Tatrach. Czy to trasa dla ka\u017cdego? Jak przygotowa\u0107 si\u0119 na jego pokonanie i czego spodziewa\u0107 si\u0119 na trasie.\" \/>\n\t\t<meta property=\"og:url\" content=\"https:\/\/www.skalnik.pl\/blog\/orla-perc-najtrudniejszy-szlak-w-tatrach\/\" \/>\n\t\t<meta property=\"og:image\" content=\"https:\/\/www.skalnik.pl\/blog\/wp-content\/uploads\/2024\/01\/tom-jur-8itKOTu0Zo4-unsplash.jpg\" \/>\n\t\t<meta property=\"og:image:secure_url\" content=\"https:\/\/www.skalnik.pl\/blog\/wp-content\/uploads\/2024\/01\/tom-jur-8itKOTu0Zo4-unsplash.jpg\" \/>\n\t\t<meta property=\"og:image:width\" content=\"2400\" \/>\n\t\t<meta property=\"og:image:height\" content=\"1597\" \/>\n\t\t<meta property=\"article:tag\" content=\"pasja\" \/>\n\t\t<meta property=\"article:tag\" content=\"tatry\" \/>\n\t\t<meta property=\"article:published_time\" content=\"2024-02-28T14:03:47+00:00\" \/>\n\t\t<meta property=\"article:modified_time\" content=\"2024-04-08T06:57:38+00:00\" \/>\n\t\t<meta name=\"twitter:card\" content=\"summary_large_image\" \/>\n\t\t<meta name=\"twitter:title\" content=\"Orla Per\u0107 \u2013 najtrudniejszy szlak w Tatrach - blog Skalnik\" \/>\n\t\t<meta name=\"twitter:description\" content=\"Orla Per\u0107 to najtrudniejszy szlak w polskich Tatrach. Czy to trasa dla ka\u017cdego? Jak przygotowa\u0107 si\u0119 na jego pokonanie i czego spodziewa\u0107 si\u0119 na trasie.\" \/>\n\t\t<meta name=\"twitter:image\" content=\"https:\/\/www.skalnik.pl\/blog\/wp-content\/uploads\/2024\/01\/tom-jur-8itKOTu0Zo4-unsplash.jpg\" \/>\n\t\t<script type=\"application\/ld+json\" class=\"aioseo-schema\">\n\t\t\t{\"@context\":\"https:\\\/\\\/schema.org\",\"@graph\":[{\"@type\":\"BlogPosting\",\"@id\":\"https:\\\/\\\/www.skalnik.pl\\\/blog\\\/orla-perc-najtrudniejszy-szlak-w-tatrach\\\/#blogposting\",\"name\":\"Orla Per\\u0107 \\u2013 najtrudniejszy szlak w Tatrach - blog Skalnik\",\"headline\":\"Orla Per\\u0107 &#8211; najtrudniejszy szlak w Tatrach\",\"author\":{\"@id\":\"https:\\\/\\\/www.skalnik.pl\\\/blog\\\/author\\\/anna-sliwa\\\/#author\"},\"publisher\":{\"@id\":\"https:\\\/\\\/www.skalnik.pl\\\/blog\\\/#organization\"},\"image\":{\"@type\":\"ImageObject\",\"url\":\"https:\\\/\\\/www.skalnik.pl\\\/blog\\\/wp-content\\\/uploads\\\/2024\\\/01\\\/AdobeStock_412509707-scaled.jpeg\",\"width\":2560,\"height\":939},\"datePublished\":\"2024-02-28T16:03:47+02:00\",\"dateModified\":\"2024-04-08T08:57:38+02:00\",\"inLanguage\":\"pl-PL\",\"mainEntityOfPage\":{\"@id\":\"https:\\\/\\\/www.skalnik.pl\\\/blog\\\/orla-perc-najtrudniejszy-szlak-w-tatrach\\\/#webpage\"},\"isPartOf\":{\"@id\":\"https:\\\/\\\/www.skalnik.pl\\\/blog\\\/orla-perc-najtrudniejszy-szlak-w-tatrach\\\/#webpage\"},\"articleSection\":\"Pasja, tatry\"},{\"@type\":\"BreadcrumbList\",\"@id\":\"https:\\\/\\\/www.skalnik.pl\\\/blog\\\/orla-perc-najtrudniejszy-szlak-w-tatrach\\\/#breadcrumblist\",\"itemListElement\":[{\"@type\":\"ListItem\",\"@id\":\"https:\\\/\\\/www.skalnik.pl\\\/blog#listItem\",\"position\":1,\"name\":\"Home\",\"item\":\"https:\\\/\\\/www.skalnik.pl\\\/blog\",\"nextItem\":{\"@type\":\"ListItem\",\"@id\":\"https:\\\/\\\/www.skalnik.pl\\\/blog\\\/.\\\/pasja\\\/#listItem\",\"name\":\"Pasja\"}},{\"@type\":\"ListItem\",\"@id\":\"https:\\\/\\\/www.skalnik.pl\\\/blog\\\/.\\\/pasja\\\/#listItem\",\"position\":2,\"name\":\"Pasja\",\"item\":\"https:\\\/\\\/www.skalnik.pl\\\/blog\\\/.\\\/pasja\\\/\",\"nextItem\":{\"@type\":\"ListItem\",\"@id\":\"https:\\\/\\\/www.skalnik.pl\\\/blog\\\/orla-perc-najtrudniejszy-szlak-w-tatrach\\\/#listItem\",\"name\":\"Orla Per\\u0107 &#8211; najtrudniejszy szlak w Tatrach\"},\"previousItem\":{\"@type\":\"ListItem\",\"@id\":\"https:\\\/\\\/www.skalnik.pl\\\/blog#listItem\",\"name\":\"Home\"}},{\"@type\":\"ListItem\",\"@id\":\"https:\\\/\\\/www.skalnik.pl\\\/blog\\\/orla-perc-najtrudniejszy-szlak-w-tatrach\\\/#listItem\",\"position\":3,\"name\":\"Orla Per\\u0107 &#8211; najtrudniejszy szlak w Tatrach\",\"previousItem\":{\"@type\":\"ListItem\",\"@id\":\"https:\\\/\\\/www.skalnik.pl\\\/blog\\\/.\\\/pasja\\\/#listItem\",\"name\":\"Pasja\"}}]},{\"@type\":\"Organization\",\"@id\":\"https:\\\/\\\/www.skalnik.pl\\\/blog\\\/#organization\",\"name\":\"blog Skalnik\",\"description\":\"Blog, porady, artyku\\u0142y - blog Skalnik\",\"url\":\"https:\\\/\\\/www.skalnik.pl\\\/blog\\\/\"},{\"@type\":\"Person\",\"@id\":\"https:\\\/\\\/www.skalnik.pl\\\/blog\\\/author\\\/anna-sliwa\\\/#author\",\"url\":\"https:\\\/\\\/www.skalnik.pl\\\/blog\\\/author\\\/anna-sliwa\\\/\",\"name\":\"Anna \\u015aliwa\",\"image\":{\"@type\":\"ImageObject\",\"@id\":\"https:\\\/\\\/www.skalnik.pl\\\/blog\\\/orla-perc-najtrudniejszy-szlak-w-tatrach\\\/#authorImage\",\"url\":\"https:\\\/\\\/secure.gravatar.com\\\/avatar\\\/e8300be3de710e2e109e5dfbf092dcf827242ec8071807a1e13f6b3f7c9bbd79?s=96&d=mm&r=g\",\"width\":96,\"height\":96,\"caption\":\"Anna \\u015aliwa\"}},{\"@type\":\"WebPage\",\"@id\":\"https:\\\/\\\/www.skalnik.pl\\\/blog\\\/orla-perc-najtrudniejszy-szlak-w-tatrach\\\/#webpage\",\"url\":\"https:\\\/\\\/www.skalnik.pl\\\/blog\\\/orla-perc-najtrudniejszy-szlak-w-tatrach\\\/\",\"name\":\"Orla Per\\u0107 \\u2013 najtrudniejszy szlak w Tatrach - blog Skalnik\",\"description\":\"Orla Per\\u0107 to najtrudniejszy szlak w polskich Tatrach. Czy to trasa dla ka\\u017cdego? Jak przygotowa\\u0107 si\\u0119 na jego pokonanie i czego spodziewa\\u0107 si\\u0119 na trasie.\",\"inLanguage\":\"pl-PL\",\"isPartOf\":{\"@id\":\"https:\\\/\\\/www.skalnik.pl\\\/blog\\\/#website\"},\"breadcrumb\":{\"@id\":\"https:\\\/\\\/www.skalnik.pl\\\/blog\\\/orla-perc-najtrudniejszy-szlak-w-tatrach\\\/#breadcrumblist\"},\"author\":{\"@id\":\"https:\\\/\\\/www.skalnik.pl\\\/blog\\\/author\\\/anna-sliwa\\\/#author\"},\"creator\":{\"@id\":\"https:\\\/\\\/www.skalnik.pl\\\/blog\\\/author\\\/anna-sliwa\\\/#author\"},\"image\":{\"@type\":\"ImageObject\",\"url\":\"https:\\\/\\\/www.skalnik.pl\\\/blog\\\/wp-content\\\/uploads\\\/2024\\\/01\\\/AdobeStock_412509707-scaled.jpeg\",\"@id\":\"https:\\\/\\\/www.skalnik.pl\\\/blog\\\/orla-perc-najtrudniejszy-szlak-w-tatrach\\\/#mainImage\",\"width\":2560,\"height\":939},\"primaryImageOfPage\":{\"@id\":\"https:\\\/\\\/www.skalnik.pl\\\/blog\\\/orla-perc-najtrudniejszy-szlak-w-tatrach\\\/#mainImage\"},\"datePublished\":\"2024-02-28T16:03:47+02:00\",\"dateModified\":\"2024-04-08T08:57:38+02:00\"},{\"@type\":\"WebSite\",\"@id\":\"https:\\\/\\\/www.skalnik.pl\\\/blog\\\/#website\",\"url\":\"https:\\\/\\\/www.skalnik.pl\\\/blog\\\/\",\"name\":\"blog Skalnik\",\"description\":\"Blog, porady, artyku\\u0142y - blog Skalnik\",\"inLanguage\":\"pl-PL\",\"publisher\":{\"@id\":\"https:\\\/\\\/www.skalnik.pl\\\/blog\\\/#organization\"}}]}\n\t\t<\/script>\n\t\t<!-- All in One SEO -->\n\n","aioseo_head_json":{"title":"Orla Per\u0107 \u2013 najtrudniejszy szlak w Tatrach - blog Skalnik","description":"Orla Per\u0107 to najtrudniejszy szlak w polskich Tatrach. Czy to trasa dla ka\u017cdego? Jak przygotowa\u0107 si\u0119 na jego pokonanie i czego spodziewa\u0107 si\u0119 na trasie.","canonical_url":"https:\/\/www.skalnik.pl\/blog\/orla-perc-najtrudniejszy-szlak-w-tatrach\/","robots":"max-image-preview:large","keywords":"","webmasterTools":{"miscellaneous":""},"schema":{"@context":"https:\/\/schema.org","@graph":[{"@type":"BlogPosting","@id":"https:\/\/www.skalnik.pl\/blog\/orla-perc-najtrudniejszy-szlak-w-tatrach\/#blogposting","name":"Orla Per\u0107 \u2013 najtrudniejszy szlak w Tatrach - blog Skalnik","headline":"Orla Per\u0107 &#8211; najtrudniejszy szlak w Tatrach","author":{"@id":"https:\/\/www.skalnik.pl\/blog\/author\/anna-sliwa\/#author"},"publisher":{"@id":"https:\/\/www.skalnik.pl\/blog\/#organization"},"image":{"@type":"ImageObject","url":"https:\/\/www.skalnik.pl\/blog\/wp-content\/uploads\/2024\/01\/AdobeStock_412509707-scaled.jpeg","width":2560,"height":939},"datePublished":"2024-02-28T16:03:47+02:00","dateModified":"2024-04-08T08:57:38+02:00","inLanguage":"pl-PL","mainEntityOfPage":{"@id":"https:\/\/www.skalnik.pl\/blog\/orla-perc-najtrudniejszy-szlak-w-tatrach\/#webpage"},"isPartOf":{"@id":"https:\/\/www.skalnik.pl\/blog\/orla-perc-najtrudniejszy-szlak-w-tatrach\/#webpage"},"articleSection":"Pasja, tatry"},{"@type":"BreadcrumbList","@id":"https:\/\/www.skalnik.pl\/blog\/orla-perc-najtrudniejszy-szlak-w-tatrach\/#breadcrumblist","itemListElement":[{"@type":"ListItem","@id":"https:\/\/www.skalnik.pl\/blog#listItem","position":1,"name":"Home","item":"https:\/\/www.skalnik.pl\/blog","nextItem":{"@type":"ListItem","@id":"https:\/\/www.skalnik.pl\/blog\/.\/pasja\/#listItem","name":"Pasja"}},{"@type":"ListItem","@id":"https:\/\/www.skalnik.pl\/blog\/.\/pasja\/#listItem","position":2,"name":"Pasja","item":"https:\/\/www.skalnik.pl\/blog\/.\/pasja\/","nextItem":{"@type":"ListItem","@id":"https:\/\/www.skalnik.pl\/blog\/orla-perc-najtrudniejszy-szlak-w-tatrach\/#listItem","name":"Orla Per\u0107 &#8211; najtrudniejszy szlak w Tatrach"},"previousItem":{"@type":"ListItem","@id":"https:\/\/www.skalnik.pl\/blog#listItem","name":"Home"}},{"@type":"ListItem","@id":"https:\/\/www.skalnik.pl\/blog\/orla-perc-najtrudniejszy-szlak-w-tatrach\/#listItem","position":3,"name":"Orla Per\u0107 &#8211; najtrudniejszy szlak w Tatrach","previousItem":{"@type":"ListItem","@id":"https:\/\/www.skalnik.pl\/blog\/.\/pasja\/#listItem","name":"Pasja"}}]},{"@type":"Organization","@id":"https:\/\/www.skalnik.pl\/blog\/#organization","name":"blog Skalnik","description":"Blog, porady, artyku\u0142y - blog Skalnik","url":"https:\/\/www.skalnik.pl\/blog\/"},{"@type":"Person","@id":"https:\/\/www.skalnik.pl\/blog\/author\/anna-sliwa\/#author","url":"https:\/\/www.skalnik.pl\/blog\/author\/anna-sliwa\/","name":"Anna \u015aliwa","image":{"@type":"ImageObject","@id":"https:\/\/www.skalnik.pl\/blog\/orla-perc-najtrudniejszy-szlak-w-tatrach\/#authorImage","url":"https:\/\/secure.gravatar.com\/avatar\/e8300be3de710e2e109e5dfbf092dcf827242ec8071807a1e13f6b3f7c9bbd79?s=96&d=mm&r=g","width":96,"height":96,"caption":"Anna \u015aliwa"}},{"@type":"WebPage","@id":"https:\/\/www.skalnik.pl\/blog\/orla-perc-najtrudniejszy-szlak-w-tatrach\/#webpage","url":"https:\/\/www.skalnik.pl\/blog\/orla-perc-najtrudniejszy-szlak-w-tatrach\/","name":"Orla Per\u0107 \u2013 najtrudniejszy szlak w Tatrach - blog Skalnik","description":"Orla Per\u0107 to najtrudniejszy szlak w polskich Tatrach. Czy to trasa dla ka\u017cdego? Jak przygotowa\u0107 si\u0119 na jego pokonanie i czego spodziewa\u0107 si\u0119 na trasie.","inLanguage":"pl-PL","isPartOf":{"@id":"https:\/\/www.skalnik.pl\/blog\/#website"},"breadcrumb":{"@id":"https:\/\/www.skalnik.pl\/blog\/orla-perc-najtrudniejszy-szlak-w-tatrach\/#breadcrumblist"},"author":{"@id":"https:\/\/www.skalnik.pl\/blog\/author\/anna-sliwa\/#author"},"creator":{"@id":"https:\/\/www.skalnik.pl\/blog\/author\/anna-sliwa\/#author"},"image":{"@type":"ImageObject","url":"https:\/\/www.skalnik.pl\/blog\/wp-content\/uploads\/2024\/01\/AdobeStock_412509707-scaled.jpeg","@id":"https:\/\/www.skalnik.pl\/blog\/orla-perc-najtrudniejszy-szlak-w-tatrach\/#mainImage","width":2560,"height":939},"primaryImageOfPage":{"@id":"https:\/\/www.skalnik.pl\/blog\/orla-perc-najtrudniejszy-szlak-w-tatrach\/#mainImage"},"datePublished":"2024-02-28T16:03:47+02:00","dateModified":"2024-04-08T08:57:38+02:00"},{"@type":"WebSite","@id":"https:\/\/www.skalnik.pl\/blog\/#website","url":"https:\/\/www.skalnik.pl\/blog\/","name":"blog Skalnik","description":"Blog, porady, artyku\u0142y - blog Skalnik","inLanguage":"pl-PL","publisher":{"@id":"https:\/\/www.skalnik.pl\/blog\/#organization"}}]},"og:locale":"pl_PL","og:site_name":"blog Skalnik - Blog, porady, artyku\u0142y - blog Skalnik","og:type":"article","og:title":"Orla Per\u0107 \u2013 najtrudniejszy szlak w Tatrach - blog Skalnik","og:description":"Orla Per\u0107 to najtrudniejszy szlak w polskich Tatrach. Czy to trasa dla ka\u017cdego? Jak przygotowa\u0107 si\u0119 na jego pokonanie i czego spodziewa\u0107 si\u0119 na trasie.","og:url":"https:\/\/www.skalnik.pl\/blog\/orla-perc-najtrudniejszy-szlak-w-tatrach\/","og:image":"https:\/\/www.skalnik.pl\/blog\/wp-content\/uploads\/2024\/01\/tom-jur-8itKOTu0Zo4-unsplash.jpg","og:image:secure_url":"https:\/\/www.skalnik.pl\/blog\/wp-content\/uploads\/2024\/01\/tom-jur-8itKOTu0Zo4-unsplash.jpg","og:image:width":2400,"og:image:height":1597,"article:tag":["pasja","tatry"],"article:published_time":"2024-02-28T14:03:47+00:00","article:modified_time":"2024-04-08T06:57:38+00:00","twitter:card":"summary_large_image","twitter:title":"Orla Per\u0107 \u2013 najtrudniejszy szlak w Tatrach - blog Skalnik","twitter:description":"Orla Per\u0107 to najtrudniejszy szlak w polskich Tatrach. Czy to trasa dla ka\u017cdego? Jak przygotowa\u0107 si\u0119 na jego pokonanie i czego spodziewa\u0107 si\u0119 na trasie.","twitter:image":"https:\/\/www.skalnik.pl\/blog\/wp-content\/uploads\/2024\/01\/tom-jur-8itKOTu0Zo4-unsplash.jpg"},"aioseo_meta_data":{"post_id":"25316","title":null,"description":"Orla Per\u0107 to najtrudniejszy szlak w polskich Tatrach. Czy to trasa dla ka\u017cdego? Jak przygotowa\u0107 si\u0119 na jego pokonanie i czego spodziewa\u0107 si\u0119 na trasie.","keywords":[],"keyphrases":{"focus":{"keyphrase":"orla per\u0107","score":100,"analysis":{"keyphraseInTitle":{"score":9,"maxScore":9,"error":0},"keyphraseInDescription":{"score":9,"maxScore":9,"error":0},"keyphraseLength":{"score":9,"maxScore":9,"error":0,"length":2},"keyphraseInURL":{"score":5,"maxScore":5,"error":0},"keyphraseInIntroduction":{"score":9,"maxScore":9,"error":0},"keyphraseInSubHeadings":{"score":9,"maxScore":9,"error":0},"keyphraseInImageAlt":{"score":9,"maxScore":9,"error":0}}},"additional":[]},"primary_term":null,"canonical_url":null,"og_title":null,"og_description":null,"og_object_type":"default","og_image_type":"default","og_image_url":null,"og_image_width":null,"og_image_height":null,"og_image_custom_url":null,"og_image_custom_fields":null,"og_video":"","og_custom_url":null,"og_article_section":null,"og_article_tags":[],"twitter_use_og":false,"twitter_card":"default","twitter_image_type":"default","twitter_image_url":null,"twitter_image_custom_url":null,"twitter_image_custom_fields":null,"twitter_title":null,"twitter_description":null,"schema":{"blockGraphs":[],"customGraphs":[],"default":{"data":{"Article":[],"Course":[],"Dataset":[],"FAQPage":[],"Movie":[],"Person":[],"Product":[],"ProductReview":[],"Car":[],"Recipe":[],"Service":[],"SoftwareApplication":[],"WebPage":[]},"graphName":"","isEnabled":true},"graphs":[]},"schema_type":"default","schema_type_options":null,"pillar_content":false,"robots_default":true,"robots_noindex":false,"robots_noarchive":false,"robots_nosnippet":false,"robots_nofollow":false,"robots_noimageindex":false,"robots_noodp":false,"robots_notranslate":false,"robots_max_snippet":"-1","robots_max_videopreview":"-1","robots_max_imagepreview":"large","priority":null,"frequency":"default","local_seo":null,"breadcrumb_settings":null,"limit_modified_date":false,"ai":null,"created":"2024-01-02 10:16:03","updated":"2026-02-17 22:50:54","seo_analyzer_scan_date":null},"aioseo_breadcrumb":"<div class=\"aioseo-breadcrumbs\"><span class=\"aioseo-breadcrumb\">\n\t\t\t<a href=\"https:\/\/www.skalnik.pl\/blog\" title=\"Home\">Home<\/a>\n\t\t<\/span><span class=\"aioseo-breadcrumb-separator\">&raquo;<\/span><span class=\"aioseo-breadcrumb\">\n\t\t\t<a href=\"https:\/\/www.skalnik.pl\/blog\/.\/pasja\/\" title=\"Pasja\">Pasja<\/a>\n\t\t<\/span><span class=\"aioseo-breadcrumb-separator\">&raquo;<\/span><span class=\"aioseo-breadcrumb\">\n\t\t\tOrla Per\u0107 \u2013 najtrudniejszy szlak w Tatrach\n\t\t<\/span><\/div>","aioseo_breadcrumb_json":[{"label":"Home","link":"https:\/\/www.skalnik.pl\/blog"},{"label":"Pasja","link":"https:\/\/www.skalnik.pl\/blog\/.\/pasja\/"},{"label":"Orla Per\u0107 &#8211; najtrudniejszy szlak w Tatrach","link":"https:\/\/www.skalnik.pl\/blog\/orla-perc-najtrudniejszy-szlak-w-tatrach\/"}],"_links":{"self":[{"href":"https:\/\/www.skalnik.pl\/blog\/wp-json\/wp\/v2\/posts\/25316","targetHints":{"allow":["GET"]}}],"collection":[{"href":"https:\/\/www.skalnik.pl\/blog\/wp-json\/wp\/v2\/posts"}],"about":[{"href":"https:\/\/www.skalnik.pl\/blog\/wp-json\/wp\/v2\/types\/post"}],"author":[{"embeddable":true,"href":"https:\/\/www.skalnik.pl\/blog\/wp-json\/wp\/v2\/users\/41"}],"replies":[{"embeddable":true,"href":"https:\/\/www.skalnik.pl\/blog\/wp-json\/wp\/v2\/comments?post=25316"}],"version-history":[{"count":3,"href":"https:\/\/www.skalnik.pl\/blog\/wp-json\/wp\/v2\/posts\/25316\/revisions"}],"predecessor-version":[{"id":25964,"href":"https:\/\/www.skalnik.pl\/blog\/wp-json\/wp\/v2\/posts\/25316\/revisions\/25964"}],"wp:featuredmedia":[{"embeddable":true,"href":"https:\/\/www.skalnik.pl\/blog\/wp-json\/wp\/v2\/media\/25317"}],"wp:attachment":[{"href":"https:\/\/www.skalnik.pl\/blog\/wp-json\/wp\/v2\/media?parent=25316"}],"wp:term":[{"taxonomy":"category","embeddable":true,"href":"https:\/\/www.skalnik.pl\/blog\/wp-json\/wp\/v2\/categories?post=25316"},{"taxonomy":"post_tag","embeddable":true,"href":"https:\/\/www.skalnik.pl\/blog\/wp-json\/wp\/v2\/tags?post=25316"},{"taxonomy":"magento_category","embeddable":true,"href":"https:\/\/www.skalnik.pl\/blog\/wp-json\/wp\/v2\/magento_category?post=25316"},{"taxonomy":"magento_product","embeddable":true,"href":"https:\/\/www.skalnik.pl\/blog\/wp-json\/wp\/v2\/magento_product?post=25316"}],"curies":[{"name":"wp","href":"https:\/\/api.w.org\/{rel}","templated":true}]}}