{"id":25329,"date":"2024-09-02T10:39:35","date_gmt":"2024-09-02T08:39:35","guid":{"rendered":"https:\/\/www.skalnik.pl\/blog\/?p=25329"},"modified":"2024-08-27T10:39:40","modified_gmt":"2024-08-27T08:39:40","slug":"gory-skaliste-pasmo-gorskie-w-ameryce-polnocnej","status":"publish","type":"post","link":"https:\/\/www.skalnik.pl\/blog\/gory-skaliste-pasmo-gorskie-w-ameryce-polnocnej\/","title":{"rendered":"G\u00f3ry Skaliste &#8211; pasmo g\u00f3rskie w Ameryce P\u00f3\u0142nocnej"},"content":{"rendered":"\n<p><strong>Kiedy w XIX wieku przez rozleg\u0142e prerie Ameryki P\u00f3\u0142nocnej pod\u0105\u017cali osadnicy kieruj\u0105cy si\u0119 na zachodnie wybrze\u017ce stawa\u0142 przed nimi wydawa\u0142oby si\u0119 nieprzebyty skalny mur. Naje\u017cone ska\u0142ami g\u00f3ry otrzyma\u0142y wi\u0119c nazw\u0119 Rocky Mountains, G\u00f3r Skalistych. \u0141a\u0144cuch g\u00f3rski ci\u0105gn\u0105cy si\u0119 na przestrzeni oko\u0142o 4800 km to jedna z g\u0142\u00f3wnych atrakcji Stan\u00f3w Zjednoczonych i Kanady. Porywaj\u0105ce krajobrazy, zadziwiaj\u0105ce zjawiska natury oraz dzika fauna i flora w po\u0142\u0105czeniu z bardzo dobrym zagospodarowaniem turystycznym przyci\u0105gaj\u0105 tu co roku rzesze turyst\u00f3w. Chcesz pozna\u0107 te monumentalne g\u00f3ry? Przejrzyj najwa\u017cniejsze informacje o nich i zaplanuj wypraw\u0119 do Stan\u00f3w Zjednoczonych lub Kanady.<\/strong><\/p>\n\n\n\n<div id=\"ez-toc-container\" class=\"ez-toc-v2_0_85 counter-hierarchy ez-toc-counter ez-toc-light-blue ez-toc-container-direction\">\n<div class=\"ez-toc-title-container\">\n<p class=\"ez-toc-title\" style=\"cursor:inherit\">SPIS TRE\u015aCI <\/p>\n<span class=\"ez-toc-title-toggle\"><a href=\"#\" class=\"ez-toc-pull-right ez-toc-btn ez-toc-btn-xs ez-toc-btn-default ez-toc-toggle\" aria-label=\"Prze\u0142\u0105cznik Spisu Tre\u015bci\"><span class=\"ez-toc-js-icon-con\"><span class=\"\"><span class=\"eztoc-hide\" style=\"display:none;\">Toggle<\/span><span class=\"ez-toc-icon-toggle-span\"><svg style=\"fill: #999;color:#999\" xmlns=\"http:\/\/www.w3.org\/2000\/svg\" class=\"list-377408\" width=\"20px\" height=\"20px\" viewBox=\"0 0 24 24\" fill=\"none\"><path d=\"M6 6H4v2h2V6zm14 0H8v2h12V6zM4 11h2v2H4v-2zm16 0H8v2h12v-2zM4 16h2v2H4v-2zm16 0H8v2h12v-2z\" fill=\"currentColor\"><\/path><\/svg><svg style=\"fill: #999;color:#999\" class=\"arrow-unsorted-368013\" xmlns=\"http:\/\/www.w3.org\/2000\/svg\" width=\"10px\" height=\"10px\" viewBox=\"0 0 24 24\" version=\"1.2\" baseProfile=\"tiny\"><path d=\"M18.2 9.3l-6.2-6.3-6.2 6.3c-.2.2-.3.4-.3.7s.1.5.3.7c.2.2.4.3.7.3h11c.3 0 .5-.1.7-.3.2-.2.3-.5.3-.7s-.1-.5-.3-.7zM5.8 14.7l6.2 6.3 6.2-6.3c.2-.2.3-.5.3-.7s-.1-.5-.3-.7c-.2-.2-.4-.3-.7-.3h-11c-.3 0-.5.1-.7.3-.2.2-.3.5-.3.7s.1.5.3.7z\"\/><\/svg><\/span><\/span><\/span><\/a><\/span><\/div>\n<nav><ul class='ez-toc-list ez-toc-list-level-1 ' ><li class='ez-toc-page-1 ez-toc-heading-level-2'><a class=\"ez-toc-link ez-toc-heading-1\" href=\"https:\/\/www.skalnik.pl\/blog\/gory-skaliste-pasmo-gorskie-w-ameryce-polnocnej\/#Gory_Skaliste_%E2%80%93_najwazniejsze_informacje\" >G\u00f3ry Skaliste &#8211; najwa\u017cniejsze informacje<\/a><\/li><li class='ez-toc-page-1 ez-toc-heading-level-2'><a class=\"ez-toc-link ez-toc-heading-2\" href=\"https:\/\/www.skalnik.pl\/blog\/gory-skaliste-pasmo-gorskie-w-ameryce-polnocnej\/#Parki_narodowe_Gor_Skalistych_w_Stanach_Zjednoczonych\" >Parki narodowe G\u00f3r Skalistych w Stanach Zjednoczonych<\/a><\/li><li class='ez-toc-page-1 ez-toc-heading-level-2'><a class=\"ez-toc-link ez-toc-heading-3\" href=\"https:\/\/www.skalnik.pl\/blog\/gory-skaliste-pasmo-gorskie-w-ameryce-polnocnej\/#Parki_narodowe_w_Gorach_Skalistych_na_terenie_Kanady\" >Parki narodowe w G\u00f3rach Skalistych na terenie Kanady<\/a><\/li><\/ul><\/nav><\/div>\n<h2 class=\"wp-block-heading\"><span class=\"ez-toc-section\" id=\"Gory_Skaliste_%E2%80%93_najwazniejsze_informacje\"><\/span><strong>G\u00f3ry Skaliste &#8211; najwa\u017cniejsze informacje<\/strong><span class=\"ez-toc-section-end\"><\/span><\/h2>\n\n\n\n<p>Nazwa G\u00f3r Skalistych w Ameryce P\u00f3\u0142nocnej na pewno obi\u0142a si\u0119 o uszy ka\u017cdemu, kto ogl\u0105da\u0142 westerny lub czyta\u0142 ksi\u0105\u017cki osadzone w realiach Dzikiego Zachodu. Ich \u0142a\u0144cuch ogranicza od zachodu rozleg\u0142e ameryka\u0144skie prerie tworz\u0105c sceneri\u0119, w kt\u00f3rej rozgrywa si\u0119 mn\u00f3stwo tego typu historii. Nazwa pojawi\u0142a si\u0119 ju\u017c w pierwszej po\u0142owie XVIII w., gdy takie miano nada\u0142 im francuski podr\u00f3\u017cnik Pierre Gautier de Yarennes de la Verandrye.<\/p>\n\n\n<div class=\"wp-block-image\">\n<figure class=\"aligncenter size-large\"><img loading=\"lazy\" decoding=\"async\" width=\"1024\" height=\"683\" src=\"https:\/\/www.skalnik.pl\/blog\/wp-content\/uploads\/2024\/01\/toan-chu-8dvphKlzJ40-unsplash-1024x683.jpg\" alt=\"\" class=\"wp-image-25334\" srcset=\"https:\/\/www.skalnik.pl\/blog\/wp-content\/uploads\/2024\/01\/toan-chu-8dvphKlzJ40-unsplash-1024x683.jpg 1024w, https:\/\/www.skalnik.pl\/blog\/wp-content\/uploads\/2024\/01\/toan-chu-8dvphKlzJ40-unsplash-300x200.jpg 300w, https:\/\/www.skalnik.pl\/blog\/wp-content\/uploads\/2024\/01\/toan-chu-8dvphKlzJ40-unsplash-768x512.jpg 768w, https:\/\/www.skalnik.pl\/blog\/wp-content\/uploads\/2024\/01\/toan-chu-8dvphKlzJ40-unsplash-1536x1025.jpg 1536w, https:\/\/www.skalnik.pl\/blog\/wp-content\/uploads\/2024\/01\/toan-chu-8dvphKlzJ40-unsplash.jpg 1920w\" sizes=\"auto, (max-width: 1024px) 100vw, 1024px\" \/><figcaption class=\"wp-element-caption\"><em>Masyw Grand Teton to jeden z klasycznych widok\u00f3w w G\u00f3rach Skalistych (fot. Toan Chu, Unsplash)<\/em><\/figcaption><\/figure>\n<\/div>\n\n\n<p>G\u00f3ry Skaliste to nie jedno pasmo g\u00f3rskie, ale system g\u00f3rski nale\u017c\u0105cy do Kordylier\u00f3w, podzielony na ponad 100 mniejszych pasm i grup g\u00f3rskich. Ci\u0105gn\u0105 si\u0119 na d\u0142ugo\u015bci 4800 km w zachodniej cz\u0119\u015bci Ameryki P\u00f3\u0142nocnej, od rzeki Rio Grande w ameryka\u0144skim stanie Nowy Meksyk po rzek\u0119 Liard w kanadyjskiej prowincji Kolumbia Zachodnia. Najwy\u017cszym szczytem G\u00f3r Skalistych jest znajduj\u0105cy si\u0119 w stanie Kolorado Mount Elbert 4401 m n.p.m., a oko\u0142o 50 kolejnych szczyt\u00f3w przekracza wysoko\u015b\u0107 4000 m n.p.m. Kanadyjskie G\u00f3ry Skaliste s\u0105 nieco ni\u017csze, a ich najwy\u017cszy szczyt to Mount Robson o wysoko\u015bci 3954 m n.p.m. S\u0105 jednak bardziej niedost\u0119pne, a zbocza g\u00f3rskie s\u0105 tu bardziej strome , co odbija si\u0119 na tutejszych szlakach turystycznych, kt\u00f3re w zasadzie w og\u00f3le omijaj\u0105 bardzo trudno dost\u0119pne szczyty, wyprowadzaj\u0105c jedynie na prze\u0142\u0119cze i przebiegaj\u0105c malowniczymi dolinami.<\/p>\n\n\n\n<p>Ze wzgl\u0119du na swoje po\u0142o\u017cenie G\u00f3ry Skaliste odznaczaj\u0105 si\u0119 ciep\u0142ym i suchym latem, gdy chmury zatrzymywane s\u0105 po zachodniej stronie \u0142a\u0144cucha oraz mro\u017anymi zimami z mocnymi opadami \u015bniegu. W G\u00f3rach Skalistych znajduje si\u0119 wiele popularnych o\u015brodk\u00f3w narciarskich, w tym ekskluzywne i odwiedzane przez \u015bwiatowe elity Aspen. Najwi\u0119cej tras do szusowania na nartach znajduje si\u0119 w stanach Kolorado, Utah i Idaho. G\u00f3ry Skaliste Kanady i Stan\u00f3w Zjednoczonych s\u0105 te\u017c popularne w\u015br\u00f3d mi\u0142o\u015bnik\u00f3w skitur\u00f3w, nart biegowych oraz freeridu.<\/p>\n\n\n<div class=\"wp-block-image\">\n<figure class=\"aligncenter size-large\"><img loading=\"lazy\" decoding=\"async\" width=\"1024\" height=\"683\" src=\"https:\/\/www.skalnik.pl\/blog\/wp-content\/uploads\/2024\/01\/AdobeStock_135255774-min-1024x683.jpeg\" alt=\"\" class=\"wp-image-25335\" srcset=\"https:\/\/www.skalnik.pl\/blog\/wp-content\/uploads\/2024\/01\/AdobeStock_135255774-min-1024x683.jpeg 1024w, https:\/\/www.skalnik.pl\/blog\/wp-content\/uploads\/2024\/01\/AdobeStock_135255774-min-300x200.jpeg 300w, https:\/\/www.skalnik.pl\/blog\/wp-content\/uploads\/2024\/01\/AdobeStock_135255774-min-768x513.jpeg 768w, https:\/\/www.skalnik.pl\/blog\/wp-content\/uploads\/2024\/01\/AdobeStock_135255774-min-1536x1025.jpeg 1536w, https:\/\/www.skalnik.pl\/blog\/wp-content\/uploads\/2024\/01\/AdobeStock_135255774-min-2048x1367.jpeg 2048w\" sizes=\"auto, (max-width: 1024px) 100vw, 1024px\" \/><figcaption class=\"wp-element-caption\"><em>W G\u00f3rach Skalistych widoki osza\u0142amiaj\u0105 &#8211; Maroon Lake w okolicach Aspen <\/em><\/figcaption><\/figure>\n<\/div>\n\n\n<p>Ogromny obszar, bogactwo przyrodnicze i krajobrazowe sprawiaj\u0105, \u017ce G\u00f3ry Skaliste mo\u017cna poznawa\u0107 latami. By jednak nie pogubi\u0107 si\u0119 w tym bogactwie najlepiej zacz\u0105\u0107 od park\u00f3w narodowych oraz najwi\u0119kszych atrakcji. Ka\u017cdy z nich mo\u017ce by\u0107 motywem przewodnim osobnej podr\u00f3\u017cy, ale mo\u017cna te\u017c \u0142\u0105czy\u0107 je przebywaj\u0105c w ka\u017cdym z miejsc po kilka dni.<\/p>\n\n\n\n<p>Je\u015bli chcesz pozna\u0107 G\u00f3ry Skaliste najlepiej zaplanuj wypo\u017cyczenie samochodu gdy\u017c przestrzenie s\u0105 tu ogromne. Przygotuj si\u0119 te\u017c na noclegi na kempingach, kt\u00f3re cz\u0119\u015bciowo trzeba rezerwowa\u0107 z du\u017cym wyprzedzeniem. Obozowanie na dziko jest zakazane, a do tego mo\u017ce by\u0107 zwyczajnie niebezpieczne ze wzgl\u0119du na mo\u017cliwo\u015b\u0107 ataku dzikich zwierz\u0105t, w tym przede wszystkim nied\u017awiedzi.<\/p>\n\n\n\n<h2 class=\"wp-block-heading\"><span class=\"ez-toc-section\" id=\"Parki_narodowe_Gor_Skalistych_w_Stanach_Zjednoczonych\"><\/span><strong>Parki narodowe G\u00f3r Skalistych w Stanach Zjednoczonych<\/strong><span class=\"ez-toc-section-end\"><\/span><\/h2>\n\n\n\n<p>G\u00f3ry Skaliste (Rocky Mountains) w USA znajduj\u0105 si\u0119 w pi\u0119ciu stanach, Nowym Meksyku, Kolorado, Wyoming, Utah i Montana. Na ich przedpolu na Wy\u017cynie Kolorado w stanie Arizona znajduje si\u0119 jedna z najwi\u0119kszych atrakcji Stan\u00f3w Zjednoczonych, Wielki Kanion Kolorado.<\/p>\n\n\n\n<p>Na terenie tych pi\u0119ciu stan\u00f3w zlokalizowane s\u0105 cztery rozleg\u0142e parki narodowe, kt\u00f3re przyci\u0105gaj\u0105 fantastycznymi szczytami, wspania\u0142ymi widokami oraz ciekawostkami geologicznymi, a tak\u017ce dzik\u0105 przyrod\u0105. Zapraszam na przegl\u0105d ich najwi\u0119kszych atrakcji.<\/p>\n\n\n\n<ul class=\"wp-block-list\">\n<li><strong>Park Narodowy G\u00f3r Skalistych <\/strong>&#8211; znajduje si\u0119 w p\u00f3\u0142nocno- zachodniej cz\u0119\u015bci stanu Kolorado i istnieje ju\u017c ponad 100 lat, od 1015 r. Obejmuje ponad 1000 km2 dziewiczych teren\u00f3w po dw\u00f3ch stronach g\u0142\u00f3wnego wododzia\u0142u Ameryki P\u00f3\u0142nocnej. To po\u0142o\u017cenie sprawia, \u017ce ma zr\u00f3\u017cnicowan\u0105 szat\u0119 ro\u015blinn\u0105. Cz\u0119\u015b\u0107 zachodnia jest sucha, za\u015b zachodnia pokryta bujnymi lasami. Tutejsze g\u00f3ry osi\u0105gaj\u0105 ponad 4000 m n.p.m., a najwy\u017cszy szczyt to Longs Peak 4346 m n.p.m., kt\u00f3rego zdobycie nie wymaga umiej\u0119tno\u015bci wspinaczkowych, a jedynie bardzo dobrej kondycji. Jedna czwarta Parku Narodowego G\u00f3r Skalistych znajduje si\u0119 powy\u017cej granicy lasu. Wyst\u0119puje tu te\u017c tundra g\u00f3rska oraz bory \u015bwierkowe. Atrakcj\u0105 widokow\u0105 s\u0105 malownicze jeziora.<\/li>\n<\/ul>\n\n\n<div class=\"wp-block-image\">\n<figure class=\"aligncenter size-large\"><img loading=\"lazy\" decoding=\"async\" width=\"1024\" height=\"678\" src=\"https:\/\/www.skalnik.pl\/blog\/wp-content\/uploads\/2024\/01\/AdobeStock_144107506-min-1024x678.jpeg\" alt=\"\" class=\"wp-image-25332\" srcset=\"https:\/\/www.skalnik.pl\/blog\/wp-content\/uploads\/2024\/01\/AdobeStock_144107506-min-1024x678.jpeg 1024w, https:\/\/www.skalnik.pl\/blog\/wp-content\/uploads\/2024\/01\/AdobeStock_144107506-min-300x199.jpeg 300w, https:\/\/www.skalnik.pl\/blog\/wp-content\/uploads\/2024\/01\/AdobeStock_144107506-min-768x509.jpeg 768w, https:\/\/www.skalnik.pl\/blog\/wp-content\/uploads\/2024\/01\/AdobeStock_144107506-min-1536x1017.jpeg 1536w, https:\/\/www.skalnik.pl\/blog\/wp-content\/uploads\/2024\/01\/AdobeStock_144107506-min-2048x1356.jpeg 2048w\" sizes=\"auto, (max-width: 1024px) 100vw, 1024px\" \/><figcaption class=\"wp-element-caption\"><em>Grand Prismatic Spring w Parku Narodowym Yellowstone <\/em><\/figcaption><\/figure>\n<\/div>\n\n\n<ul class=\"wp-block-list\">\n<li><strong>Park Narodowy Yellowstone<\/strong> &#8211; my\u015bl\u0119, \u017ce tej nazwy nie trzeba t\u0142umaczy\u0107 bo jest to jedna z najwi\u0119kszych atrakcji Stan\u00f3w Zjednoczonych. Najstarszy park narodowy na \u015bwiecie za\u0142o\u017cony zosta\u0142 ju\u017c w 1872 r. Tutejszy krajobraz tworz\u0105 ska\u0142y wulkaniczne, a wulkaniczny p\u0142askowy\u017c kryje pod sob\u0105 komor\u0119 magmow\u0105. Jej aktywno\u015b\u0107 sprawia, \u017ce rejon ten znany jest ze \u017ar\u00f3de\u0142 termalnych, takich jak Mommoth Hot Springs czy zachwycaj\u0105ce swoimi kolorami Grand Prismatic Spring. Ale to nie wszystko Yellowstone to tak\u017ce gejzery takie jak Old Faithfull czy Steamboat, wulkany b\u0142otne czy fumarole, a tak\u017ce wspania\u0142y Kanion Yellowstone i pot\u0119\u017cne wodospady. Na terenie parku \u017cyje jedyne w Ameryce P\u00f3\u0142nocnej w pe\u0142ni dzikie stado bizon\u00f3w, a tak\u017ce nied\u017awiedzie grizzly, wilki szare, rysie kanadyjskie i wiele innych.<\/li>\n\n\n\n<li><strong>Park Narodowy Grand Teton<\/strong> znajduje si\u0119 w stanie Wyoming i obejmuje pasmo Teton Range wraz ze znajduj\u0105cymi si\u0119 u jego podn\u00f3\u017ca jeziorami polodowcowymi oraz okoliczne doliny b\u0119d\u0105ce terenem wypasowym dla bizon\u00f3w. To m\u0142odsze \u0142a\u0144cuchy G\u00f3r Skalistych, odznaczaj\u0105ce si\u0119 wyj\u0105tkowymi widokami. Ich najwy\u017cszy szczyt to Grand Teton o wysoko\u015bci 4199 m n.p.m., a do najpopularniejszych widok\u00f3w nale\u017cy s\u0142ynne masyw Cathedral Group oraz stoj\u0105ca na tle o\u015bnie\u017conych szczyt\u00f3w stodo\u0142a Johna Moultona. Grand Teton oddalony jest o zaledwie 16 km od Parku Narodowego Yellowstone i tury\u015bci bardzo cz\u0119sto \u0142\u0105cz\u0105 wizyty w tych dw\u00f3ch miejscach.<\/li>\n<\/ul>\n\n\n<div class=\"wp-block-image\">\n<figure class=\"aligncenter size-large\"><img loading=\"lazy\" decoding=\"async\" width=\"1024\" height=\"722\" src=\"https:\/\/www.skalnik.pl\/blog\/wp-content\/uploads\/2024\/01\/cora-leach-Z6Of9vBpY4E-unsplash-1024x722.jpg\" alt=\"\" class=\"wp-image-25336\" srcset=\"https:\/\/www.skalnik.pl\/blog\/wp-content\/uploads\/2024\/01\/cora-leach-Z6Of9vBpY4E-unsplash-1024x722.jpg 1024w, https:\/\/www.skalnik.pl\/blog\/wp-content\/uploads\/2024\/01\/cora-leach-Z6Of9vBpY4E-unsplash-300x211.jpg 300w, https:\/\/www.skalnik.pl\/blog\/wp-content\/uploads\/2024\/01\/cora-leach-Z6Of9vBpY4E-unsplash-768x541.jpg 768w, https:\/\/www.skalnik.pl\/blog\/wp-content\/uploads\/2024\/01\/cora-leach-Z6Of9vBpY4E-unsplash-1536x1082.jpg 1536w, https:\/\/www.skalnik.pl\/blog\/wp-content\/uploads\/2024\/01\/cora-leach-Z6Of9vBpY4E-unsplash.jpg 1920w\" sizes=\"auto, (max-width: 1024px) 100vw, 1024px\" \/><figcaption class=\"wp-element-caption\"><em>S\u0142ynna Stodo\u0142a Johna Moultona na tle masywu Grand Teton (fot. Cora Leach, Unsplash)<\/em><\/figcaption><\/figure>\n<\/div>\n\n\n<ul class=\"wp-block-list\">\n<li><strong>Park Narodowy Glacier<\/strong> obejmuje p\u00f3\u0142nocno- zachodni\u0105 cz\u0119\u015b\u0107 stanu Montana, przy granicy z Kanad\u0105. W kanadyjskiej cz\u0119\u015bci G\u00f3r Skalistych znajduje si\u0119 tu Park Narodowy Waterton Lakes, a obydwa parki tworz\u0105 Mi\u0119dzynarodowy Park Pokoju Waterton- Glacier. Nazwa parku wywodzi si\u0119 od znajduj\u0105cych si\u0119 tu lodowc\u00f3w, kt\u00f3re niestety na skutek zmian klimatu sukcesywnie zmniejszaj\u0105 swoj\u0105 powierzchni\u0119 i znikaj\u0105. Krajobraz parku tworz\u0105 strome skaliste g\u00f3ry, urwiska skalne, przepi\u0119kne jeziora polodowcowe oraz lasy \u015bwierkowe zamieszkiwane przez liczne dzikie zwierz\u0119ta.<\/li>\n<\/ul>\n\n\n\n<h2 class=\"wp-block-heading\"><span class=\"ez-toc-section\" id=\"Parki_narodowe_w_Gorach_Skalistych_na_terenie_Kanady\"><\/span><strong>Parki narodowe w G\u00f3rach Skalistych na terenie Kanady<\/strong><span class=\"ez-toc-section-end\"><\/span><\/h2>\n\n\n\n<p>Je\u015bli po tej dawce pi\u0119knych widok\u00f3w my\u015blisz, \u017ce nic Ci\u0119 ju\u017c nie zaskoczy, zapnij pasy. Jedziemy w kanadyjskie G\u00f3ry Skaliste i do tutejszych park\u00f3w narodowych.<\/p>\n\n\n\n<ul class=\"wp-block-list\">\n<li><strong>Park Narodowy Banff <\/strong>w prowincji Alberta jest jedn\u0105 z najwi\u0119kszych atrakcji przyrodniczych Kanady i istnieje od 1885 r. Jego nazwa wywodzi si\u0119 od miasteczka Banff, kt\u00f3re jest turystycznym centrum tego regionu. Na terenie parku znajduj\u0105 si\u0119 s\u0142ynne jeziora Lake Louis z ikonicznym hotelem Fairmont oraz Lake Moraine, kt\u00f3rego widok umieszczony zosta\u0142 na banknocie dwudziestodolarowym z 1969 i 1979 r. To w\u0142a\u015bnie z tego wzgl\u0119du nazywany jest cz\u0119sto &#8222;Twenty Dollars View&#8221;. Otaczaj\u0105ca jezioro dolina nazwana jest Dolin\u0105 Dziesi\u0119ciu Szczyt\u00f3w od uk\u0142adaj\u0105cych si\u0119 jeden za drugim wierzcho\u0142k\u00f3w widocznych powy\u017cej w\u00f3d jeziora.<\/li>\n<\/ul>\n\n\n<div class=\"wp-block-image\">\n<figure class=\"aligncenter size-large\"><img loading=\"lazy\" decoding=\"async\" width=\"1024\" height=\"323\" src=\"https:\/\/www.skalnik.pl\/blog\/wp-content\/uploads\/2024\/01\/AdobeStock_192751980-min-1-1024x323.jpeg\" alt=\"\" class=\"wp-image-25337\" srcset=\"https:\/\/www.skalnik.pl\/blog\/wp-content\/uploads\/2024\/01\/AdobeStock_192751980-min-1-1024x323.jpeg 1024w, https:\/\/www.skalnik.pl\/blog\/wp-content\/uploads\/2024\/01\/AdobeStock_192751980-min-1-300x95.jpeg 300w, https:\/\/www.skalnik.pl\/blog\/wp-content\/uploads\/2024\/01\/AdobeStock_192751980-min-1-768x243.jpeg 768w, https:\/\/www.skalnik.pl\/blog\/wp-content\/uploads\/2024\/01\/AdobeStock_192751980-min-1-1536x485.jpeg 1536w, https:\/\/www.skalnik.pl\/blog\/wp-content\/uploads\/2024\/01\/AdobeStock_192751980-min-1-2048x647.jpeg 2048w\" sizes=\"auto, (max-width: 1024px) 100vw, 1024px\" \/><figcaption class=\"wp-element-caption\"><em>Widoki w Parku Narodowym Banff to jedna z najwi\u0119kszych atrakcji Kanady <\/em><\/figcaption><\/figure>\n<\/div>\n\n\n<ul class=\"wp-block-list\">\n<li><strong>Park Narodowy Jasper <\/strong>w Albercie obejmuje g\u00f3ry zbudowane ze ska\u0142 osadowych, kt\u00f3re zosta\u0142y silnie przekszta\u0142cone przez dzia\u0142anie lodowc\u00f3w. S\u0105siaduje on z parkiem Banff, a na jego terenie znajduj\u0105 si\u0119 wspania\u0142e Wodospady Athabasca oraz najwy\u017csze szczyty kanadyjskich G\u00f3r Skalistych na czele z Mount Robson. Ze wzgl\u0119du na po\u0142o\u017cenie i wysoko\u015b\u0107 na terenie parku mo\u017cna podziwia\u0107 borealne lasy iglaste, ro\u015blinno\u015b\u0107 alpejsk\u0105 oraz rozleg\u0142e wrzosowiska.<\/li>\n\n\n\n<li><strong>Park Narodowy Kootenay<\/strong> znajduje si\u0119 w Kolumbii Brytyjskiej i charakteryzuje go du\u017ce zr\u00f3\u017cnicowanie wysoko\u015bci. Jego najwi\u0119ksz\u0105 atrakcj\u0105 jest Sinclair Canyon oraz widokowa Sinclair Pass, z kt\u00f3rej podziwia\u0107 mo\u017cna pi\u0119kne widoki. Rejon ten obfituje te\u017c w \u017ar\u00f3d\u0142a termalne.<\/li>\n\n\n\n<li><strong>Park Narodowy Waterton Lakes <\/strong>le\u017cy przy granicy z USA. Wspomina\u0142am ju\u017c, \u017ce jest po\u0142\u0105czony z ameryka\u0144skim parkiem Glacier w jeden Mi\u0119dzynarodowy Park Pokoju. Tutejszy krajobraz tworz\u0105 si\u0119gaj\u0105ce ponad 2900 m n.p.m. g\u00f3ry, kt\u00f3re odbijaj\u0105 si\u0119 w krystalicznie czystych jeziorach oraz polodowcowe doliny poro\u015bni\u0119te bujnymi lasami.<\/li>\n<\/ul>\n\n\n<div class=\"wp-block-image\">\n<figure class=\"aligncenter size-large\"><img loading=\"lazy\" decoding=\"async\" width=\"1024\" height=\"620\" src=\"https:\/\/www.skalnik.pl\/blog\/wp-content\/uploads\/2024\/01\/hendrik-cornelissen-qrcOR33ErA-unsplash-1024x620.jpg\" alt=\"\" class=\"wp-image-25338\" srcset=\"https:\/\/www.skalnik.pl\/blog\/wp-content\/uploads\/2024\/01\/hendrik-cornelissen-qrcOR33ErA-unsplash-1024x620.jpg 1024w, https:\/\/www.skalnik.pl\/blog\/wp-content\/uploads\/2024\/01\/hendrik-cornelissen-qrcOR33ErA-unsplash-300x182.jpg 300w, https:\/\/www.skalnik.pl\/blog\/wp-content\/uploads\/2024\/01\/hendrik-cornelissen-qrcOR33ErA-unsplash-768x465.jpg 768w, https:\/\/www.skalnik.pl\/blog\/wp-content\/uploads\/2024\/01\/hendrik-cornelissen-qrcOR33ErA-unsplash-1536x930.jpg 1536w, https:\/\/www.skalnik.pl\/blog\/wp-content\/uploads\/2024\/01\/hendrik-cornelissen-qrcOR33ErA-unsplash.jpg 1920w\" sizes=\"auto, (max-width: 1024px) 100vw, 1024px\" \/><figcaption class=\"wp-element-caption\"><em>G\u00f3ry Skaliste &#8211; idealne miejsce dla wielbicieli wspania\u0142ych widok\u00f3w (fot. Hendrik Cornelissen, Unsplash)<\/em><\/figcaption><\/figure>\n<\/div>\n\n\n<ul class=\"wp-block-list\">\n<li><strong>Park Narodowy Yoho<\/strong> wywodzi swoj\u0105 nazw\u0119 od okrzyku zachwytu w j\u0119zyku plemienia Kri. A jest si\u0119 czym zachwyca\u0107. Przepi\u0119kne jezioro Emerald Lake o niezwyk\u0142ym kolorze wody, wodospad Takakkaw, z kt\u00f3rego woda opada z wysoko\u015bci 373 m, naturalny most skalny czy p\u0142yn\u0105ca bystro rzeka Kicking Horse &#8211; Yoho mo\u017cna tu krzycze\u0107 niemal na ka\u017cdym kroku.<\/li>\n<\/ul>\n\n\n\n<hr class=\"wp-block-separator has-alpha-channel-opacity is-style-dots\"\/>\n\n\n\n<p>G\u00f3ry Skaliste to niemal niewyczerpane \u017ar\u00f3d\u0142o pi\u0119knych widok\u00f3w i mo\u017cliwo\u015bci wycieczkowych. Zar\u00f3wno ich cz\u0119\u015b\u0107 znajduj\u0105ca si\u0119 w Kanadzie, jak i w Stanach Zjednoczonych pozostawia zachwyt i niezapomniane wra\u017cenia. Mam nadziej\u0119, \u017ce ta inspiracja pomo\u017ce w planowaniu dalekich podr\u00f3\u017cy. Oby si\u0119 spe\u0142ni\u0142y.<\/p>\n","protected":false},"excerpt":{"rendered":"<p>Szukasz inspiracji do dalekich podr\u00f3\u017cy? Poznaj G\u00f3ry Skaliste w USA i Kanadzie, niewyczerpane \u017ar\u00f3d\u0142o pi\u0119knych widok\u00f3w. <\/p>\n","protected":false},"author":41,"featured_media":25330,"comment_status":"closed","ping_status":"closed","sticky":false,"template":"","format":"standard","meta":{"_acf_changed":false,"footnotes":""},"categories":[84],"tags":[28],"magento_category":[],"magento_product":[],"class_list":["post-25329","post","type-post","status-publish","format-standard","has-post-thumbnail","hentry","category-pasja","tag-gory"],"acf":[],"aioseo_notices":[],"aioseo_head":"\n\t\t<!-- All in One SEO 4.9.10 - aioseo.com -->\n\t<meta name=\"description\" content=\"G\u00f3ry Skaliste to \u0142a\u0144cuch g\u00f3rski maj\u0105cy oko\u0142o 4800 km w USA i Kanadzie. Bogactwo widok\u00f3w i mo\u017cliwo\u015b\u0107 obcowania z przyrod\u0105 przyci\u0105ga t\u0142umu. Poznaj je bli\u017cej.\" \/>\n\t<meta name=\"robots\" content=\"max-image-preview:large\" \/>\n\t<meta name=\"author\" content=\"Anna \u015aliwa\"\/>\n\t<link rel=\"canonical\" href=\"https:\/\/www.skalnik.pl\/blog\/gory-skaliste-pasmo-gorskie-w-ameryce-polnocnej\/\" \/>\n\t<meta name=\"generator\" content=\"All in One SEO (AIOSEO) 4.9.10\" \/>\n\t\t<meta property=\"og:locale\" content=\"pl_PL\" \/>\n\t\t<meta property=\"og:site_name\" content=\"blog Skalnik - Blog, porady, artyku\u0142y - blog Skalnik\" \/>\n\t\t<meta property=\"og:type\" content=\"article\" \/>\n\t\t<meta property=\"og:title\" content=\"G\u00f3ry Skaliste \u2013 pasmo g\u00f3rskie w Ameryce P\u00f3\u0142nocnej - blog Skalnik\" \/>\n\t\t<meta property=\"og:description\" content=\"G\u00f3ry Skaliste to \u0142a\u0144cuch g\u00f3rski maj\u0105cy oko\u0142o 4800 km w USA i Kanadzie. Bogactwo widok\u00f3w i mo\u017cliwo\u015b\u0107 obcowania z przyrod\u0105 przyci\u0105ga t\u0142umu. Poznaj je bli\u017cej.\" \/>\n\t\t<meta property=\"og:url\" content=\"https:\/\/www.skalnik.pl\/blog\/gory-skaliste-pasmo-gorskie-w-ameryce-polnocnej\/\" \/>\n\t\t<meta property=\"og:image\" content=\"https:\/\/www.skalnik.pl\/blog\/wp-content\/uploads\/2024\/01\/toan-chu-8dvphKlzJ40-unsplash.jpg\" \/>\n\t\t<meta property=\"og:image:secure_url\" content=\"https:\/\/www.skalnik.pl\/blog\/wp-content\/uploads\/2024\/01\/toan-chu-8dvphKlzJ40-unsplash.jpg\" \/>\n\t\t<meta property=\"og:image:width\" content=\"1920\" \/>\n\t\t<meta property=\"og:image:height\" content=\"1281\" \/>\n\t\t<meta property=\"article:tag\" content=\"pasja\" \/>\n\t\t<meta property=\"article:tag\" content=\"g\u00f3ry\" \/>\n\t\t<meta property=\"article:published_time\" content=\"2024-09-02T08:39:35+00:00\" \/>\n\t\t<meta property=\"article:modified_time\" content=\"2024-08-27T08:39:40+00:00\" \/>\n\t\t<meta name=\"twitter:card\" content=\"summary_large_image\" \/>\n\t\t<meta name=\"twitter:title\" content=\"G\u00f3ry Skaliste \u2013 pasmo g\u00f3rskie w Ameryce P\u00f3\u0142nocnej - blog Skalnik\" \/>\n\t\t<meta name=\"twitter:description\" content=\"G\u00f3ry Skaliste to \u0142a\u0144cuch g\u00f3rski maj\u0105cy oko\u0142o 4800 km w USA i Kanadzie. Bogactwo widok\u00f3w i mo\u017cliwo\u015b\u0107 obcowania z przyrod\u0105 przyci\u0105ga t\u0142umu. Poznaj je bli\u017cej.\" \/>\n\t\t<meta name=\"twitter:image\" content=\"https:\/\/www.skalnik.pl\/blog\/wp-content\/uploads\/2024\/01\/toan-chu-8dvphKlzJ40-unsplash.jpg\" \/>\n\t\t<script type=\"application\/ld+json\" class=\"aioseo-schema\">\n\t\t\t{\"@context\":\"https:\\\/\\\/schema.org\",\"@graph\":[{\"@type\":\"BlogPosting\",\"@id\":\"https:\\\/\\\/www.skalnik.pl\\\/blog\\\/gory-skaliste-pasmo-gorskie-w-ameryce-polnocnej\\\/#blogposting\",\"name\":\"G\\u00f3ry Skaliste \\u2013 pasmo g\\u00f3rskie w Ameryce P\\u00f3\\u0142nocnej - blog Skalnik\",\"headline\":\"G\\u00f3ry Skaliste &#8211; pasmo g\\u00f3rskie w Ameryce P\\u00f3\\u0142nocnej\",\"author\":{\"@id\":\"https:\\\/\\\/www.skalnik.pl\\\/blog\\\/author\\\/anna-sliwa\\\/#author\"},\"publisher\":{\"@id\":\"https:\\\/\\\/www.skalnik.pl\\\/blog\\\/#organization\"},\"image\":{\"@type\":\"ImageObject\",\"url\":\"https:\\\/\\\/www.skalnik.pl\\\/blog\\\/wp-content\\\/uploads\\\/2024\\\/01\\\/AdobeStock_396007562-min-scaled.jpeg\",\"width\":2560,\"height\":940},\"datePublished\":\"2024-09-02T10:39:35+02:00\",\"dateModified\":\"2024-08-27T10:39:40+02:00\",\"inLanguage\":\"pl-PL\",\"mainEntityOfPage\":{\"@id\":\"https:\\\/\\\/www.skalnik.pl\\\/blog\\\/gory-skaliste-pasmo-gorskie-w-ameryce-polnocnej\\\/#webpage\"},\"isPartOf\":{\"@id\":\"https:\\\/\\\/www.skalnik.pl\\\/blog\\\/gory-skaliste-pasmo-gorskie-w-ameryce-polnocnej\\\/#webpage\"},\"articleSection\":\"Pasja, g\\u00f3ry\"},{\"@type\":\"BreadcrumbList\",\"@id\":\"https:\\\/\\\/www.skalnik.pl\\\/blog\\\/gory-skaliste-pasmo-gorskie-w-ameryce-polnocnej\\\/#breadcrumblist\",\"itemListElement\":[{\"@type\":\"ListItem\",\"@id\":\"https:\\\/\\\/www.skalnik.pl\\\/blog#listItem\",\"position\":1,\"name\":\"Home\",\"item\":\"https:\\\/\\\/www.skalnik.pl\\\/blog\",\"nextItem\":{\"@type\":\"ListItem\",\"@id\":\"https:\\\/\\\/www.skalnik.pl\\\/blog\\\/.\\\/pasja\\\/#listItem\",\"name\":\"Pasja\"}},{\"@type\":\"ListItem\",\"@id\":\"https:\\\/\\\/www.skalnik.pl\\\/blog\\\/.\\\/pasja\\\/#listItem\",\"position\":2,\"name\":\"Pasja\",\"item\":\"https:\\\/\\\/www.skalnik.pl\\\/blog\\\/.\\\/pasja\\\/\",\"nextItem\":{\"@type\":\"ListItem\",\"@id\":\"https:\\\/\\\/www.skalnik.pl\\\/blog\\\/gory-skaliste-pasmo-gorskie-w-ameryce-polnocnej\\\/#listItem\",\"name\":\"G\\u00f3ry Skaliste &#8211; pasmo g\\u00f3rskie w Ameryce P\\u00f3\\u0142nocnej\"},\"previousItem\":{\"@type\":\"ListItem\",\"@id\":\"https:\\\/\\\/www.skalnik.pl\\\/blog#listItem\",\"name\":\"Home\"}},{\"@type\":\"ListItem\",\"@id\":\"https:\\\/\\\/www.skalnik.pl\\\/blog\\\/gory-skaliste-pasmo-gorskie-w-ameryce-polnocnej\\\/#listItem\",\"position\":3,\"name\":\"G\\u00f3ry Skaliste &#8211; pasmo g\\u00f3rskie w Ameryce P\\u00f3\\u0142nocnej\",\"previousItem\":{\"@type\":\"ListItem\",\"@id\":\"https:\\\/\\\/www.skalnik.pl\\\/blog\\\/.\\\/pasja\\\/#listItem\",\"name\":\"Pasja\"}}]},{\"@type\":\"Organization\",\"@id\":\"https:\\\/\\\/www.skalnik.pl\\\/blog\\\/#organization\",\"name\":\"blog Skalnik\",\"description\":\"Blog, porady, artyku\\u0142y - blog Skalnik\",\"url\":\"https:\\\/\\\/www.skalnik.pl\\\/blog\\\/\"},{\"@type\":\"Person\",\"@id\":\"https:\\\/\\\/www.skalnik.pl\\\/blog\\\/author\\\/anna-sliwa\\\/#author\",\"url\":\"https:\\\/\\\/www.skalnik.pl\\\/blog\\\/author\\\/anna-sliwa\\\/\",\"name\":\"Anna \\u015aliwa\",\"image\":{\"@type\":\"ImageObject\",\"@id\":\"https:\\\/\\\/www.skalnik.pl\\\/blog\\\/gory-skaliste-pasmo-gorskie-w-ameryce-polnocnej\\\/#authorImage\",\"url\":\"https:\\\/\\\/secure.gravatar.com\\\/avatar\\\/e8300be3de710e2e109e5dfbf092dcf827242ec8071807a1e13f6b3f7c9bbd79?s=96&d=mm&r=g\",\"width\":96,\"height\":96,\"caption\":\"Anna \\u015aliwa\"}},{\"@type\":\"WebPage\",\"@id\":\"https:\\\/\\\/www.skalnik.pl\\\/blog\\\/gory-skaliste-pasmo-gorskie-w-ameryce-polnocnej\\\/#webpage\",\"url\":\"https:\\\/\\\/www.skalnik.pl\\\/blog\\\/gory-skaliste-pasmo-gorskie-w-ameryce-polnocnej\\\/\",\"name\":\"G\\u00f3ry Skaliste \\u2013 pasmo g\\u00f3rskie w Ameryce P\\u00f3\\u0142nocnej - blog Skalnik\",\"description\":\"G\\u00f3ry Skaliste to \\u0142a\\u0144cuch g\\u00f3rski maj\\u0105cy oko\\u0142o 4800 km w USA i Kanadzie. Bogactwo widok\\u00f3w i mo\\u017cliwo\\u015b\\u0107 obcowania z przyrod\\u0105 przyci\\u0105ga t\\u0142umu. Poznaj je bli\\u017cej.\",\"inLanguage\":\"pl-PL\",\"isPartOf\":{\"@id\":\"https:\\\/\\\/www.skalnik.pl\\\/blog\\\/#website\"},\"breadcrumb\":{\"@id\":\"https:\\\/\\\/www.skalnik.pl\\\/blog\\\/gory-skaliste-pasmo-gorskie-w-ameryce-polnocnej\\\/#breadcrumblist\"},\"author\":{\"@id\":\"https:\\\/\\\/www.skalnik.pl\\\/blog\\\/author\\\/anna-sliwa\\\/#author\"},\"creator\":{\"@id\":\"https:\\\/\\\/www.skalnik.pl\\\/blog\\\/author\\\/anna-sliwa\\\/#author\"},\"image\":{\"@type\":\"ImageObject\",\"url\":\"https:\\\/\\\/www.skalnik.pl\\\/blog\\\/wp-content\\\/uploads\\\/2024\\\/01\\\/AdobeStock_396007562-min-scaled.jpeg\",\"@id\":\"https:\\\/\\\/www.skalnik.pl\\\/blog\\\/gory-skaliste-pasmo-gorskie-w-ameryce-polnocnej\\\/#mainImage\",\"width\":2560,\"height\":940},\"primaryImageOfPage\":{\"@id\":\"https:\\\/\\\/www.skalnik.pl\\\/blog\\\/gory-skaliste-pasmo-gorskie-w-ameryce-polnocnej\\\/#mainImage\"},\"datePublished\":\"2024-09-02T10:39:35+02:00\",\"dateModified\":\"2024-08-27T10:39:40+02:00\"},{\"@type\":\"WebSite\",\"@id\":\"https:\\\/\\\/www.skalnik.pl\\\/blog\\\/#website\",\"url\":\"https:\\\/\\\/www.skalnik.pl\\\/blog\\\/\",\"name\":\"blog Skalnik\",\"description\":\"Blog, porady, artyku\\u0142y - blog Skalnik\",\"inLanguage\":\"pl-PL\",\"publisher\":{\"@id\":\"https:\\\/\\\/www.skalnik.pl\\\/blog\\\/#organization\"}}]}\n\t\t<\/script>\n\t\t<!-- All in One SEO -->\n\n","aioseo_head_json":{"title":"G\u00f3ry Skaliste \u2013 pasmo g\u00f3rskie w Ameryce P\u00f3\u0142nocnej - blog Skalnik","description":"G\u00f3ry Skaliste to \u0142a\u0144cuch g\u00f3rski maj\u0105cy oko\u0142o 4800 km w USA i Kanadzie. Bogactwo widok\u00f3w i mo\u017cliwo\u015b\u0107 obcowania z przyrod\u0105 przyci\u0105ga t\u0142umu. Poznaj je bli\u017cej.","canonical_url":"https:\/\/www.skalnik.pl\/blog\/gory-skaliste-pasmo-gorskie-w-ameryce-polnocnej\/","robots":"max-image-preview:large","keywords":"","webmasterTools":{"miscellaneous":""},"schema":{"@context":"https:\/\/schema.org","@graph":[{"@type":"BlogPosting","@id":"https:\/\/www.skalnik.pl\/blog\/gory-skaliste-pasmo-gorskie-w-ameryce-polnocnej\/#blogposting","name":"G\u00f3ry Skaliste \u2013 pasmo g\u00f3rskie w Ameryce P\u00f3\u0142nocnej - blog Skalnik","headline":"G\u00f3ry Skaliste &#8211; pasmo g\u00f3rskie w Ameryce P\u00f3\u0142nocnej","author":{"@id":"https:\/\/www.skalnik.pl\/blog\/author\/anna-sliwa\/#author"},"publisher":{"@id":"https:\/\/www.skalnik.pl\/blog\/#organization"},"image":{"@type":"ImageObject","url":"https:\/\/www.skalnik.pl\/blog\/wp-content\/uploads\/2024\/01\/AdobeStock_396007562-min-scaled.jpeg","width":2560,"height":940},"datePublished":"2024-09-02T10:39:35+02:00","dateModified":"2024-08-27T10:39:40+02:00","inLanguage":"pl-PL","mainEntityOfPage":{"@id":"https:\/\/www.skalnik.pl\/blog\/gory-skaliste-pasmo-gorskie-w-ameryce-polnocnej\/#webpage"},"isPartOf":{"@id":"https:\/\/www.skalnik.pl\/blog\/gory-skaliste-pasmo-gorskie-w-ameryce-polnocnej\/#webpage"},"articleSection":"Pasja, g\u00f3ry"},{"@type":"BreadcrumbList","@id":"https:\/\/www.skalnik.pl\/blog\/gory-skaliste-pasmo-gorskie-w-ameryce-polnocnej\/#breadcrumblist","itemListElement":[{"@type":"ListItem","@id":"https:\/\/www.skalnik.pl\/blog#listItem","position":1,"name":"Home","item":"https:\/\/www.skalnik.pl\/blog","nextItem":{"@type":"ListItem","@id":"https:\/\/www.skalnik.pl\/blog\/.\/pasja\/#listItem","name":"Pasja"}},{"@type":"ListItem","@id":"https:\/\/www.skalnik.pl\/blog\/.\/pasja\/#listItem","position":2,"name":"Pasja","item":"https:\/\/www.skalnik.pl\/blog\/.\/pasja\/","nextItem":{"@type":"ListItem","@id":"https:\/\/www.skalnik.pl\/blog\/gory-skaliste-pasmo-gorskie-w-ameryce-polnocnej\/#listItem","name":"G\u00f3ry Skaliste &#8211; pasmo g\u00f3rskie w Ameryce P\u00f3\u0142nocnej"},"previousItem":{"@type":"ListItem","@id":"https:\/\/www.skalnik.pl\/blog#listItem","name":"Home"}},{"@type":"ListItem","@id":"https:\/\/www.skalnik.pl\/blog\/gory-skaliste-pasmo-gorskie-w-ameryce-polnocnej\/#listItem","position":3,"name":"G\u00f3ry Skaliste &#8211; pasmo g\u00f3rskie w Ameryce P\u00f3\u0142nocnej","previousItem":{"@type":"ListItem","@id":"https:\/\/www.skalnik.pl\/blog\/.\/pasja\/#listItem","name":"Pasja"}}]},{"@type":"Organization","@id":"https:\/\/www.skalnik.pl\/blog\/#organization","name":"blog Skalnik","description":"Blog, porady, artyku\u0142y - blog Skalnik","url":"https:\/\/www.skalnik.pl\/blog\/"},{"@type":"Person","@id":"https:\/\/www.skalnik.pl\/blog\/author\/anna-sliwa\/#author","url":"https:\/\/www.skalnik.pl\/blog\/author\/anna-sliwa\/","name":"Anna \u015aliwa","image":{"@type":"ImageObject","@id":"https:\/\/www.skalnik.pl\/blog\/gory-skaliste-pasmo-gorskie-w-ameryce-polnocnej\/#authorImage","url":"https:\/\/secure.gravatar.com\/avatar\/e8300be3de710e2e109e5dfbf092dcf827242ec8071807a1e13f6b3f7c9bbd79?s=96&d=mm&r=g","width":96,"height":96,"caption":"Anna \u015aliwa"}},{"@type":"WebPage","@id":"https:\/\/www.skalnik.pl\/blog\/gory-skaliste-pasmo-gorskie-w-ameryce-polnocnej\/#webpage","url":"https:\/\/www.skalnik.pl\/blog\/gory-skaliste-pasmo-gorskie-w-ameryce-polnocnej\/","name":"G\u00f3ry Skaliste \u2013 pasmo g\u00f3rskie w Ameryce P\u00f3\u0142nocnej - blog Skalnik","description":"G\u00f3ry Skaliste to \u0142a\u0144cuch g\u00f3rski maj\u0105cy oko\u0142o 4800 km w USA i Kanadzie. Bogactwo widok\u00f3w i mo\u017cliwo\u015b\u0107 obcowania z przyrod\u0105 przyci\u0105ga t\u0142umu. Poznaj je bli\u017cej.","inLanguage":"pl-PL","isPartOf":{"@id":"https:\/\/www.skalnik.pl\/blog\/#website"},"breadcrumb":{"@id":"https:\/\/www.skalnik.pl\/blog\/gory-skaliste-pasmo-gorskie-w-ameryce-polnocnej\/#breadcrumblist"},"author":{"@id":"https:\/\/www.skalnik.pl\/blog\/author\/anna-sliwa\/#author"},"creator":{"@id":"https:\/\/www.skalnik.pl\/blog\/author\/anna-sliwa\/#author"},"image":{"@type":"ImageObject","url":"https:\/\/www.skalnik.pl\/blog\/wp-content\/uploads\/2024\/01\/AdobeStock_396007562-min-scaled.jpeg","@id":"https:\/\/www.skalnik.pl\/blog\/gory-skaliste-pasmo-gorskie-w-ameryce-polnocnej\/#mainImage","width":2560,"height":940},"primaryImageOfPage":{"@id":"https:\/\/www.skalnik.pl\/blog\/gory-skaliste-pasmo-gorskie-w-ameryce-polnocnej\/#mainImage"},"datePublished":"2024-09-02T10:39:35+02:00","dateModified":"2024-08-27T10:39:40+02:00"},{"@type":"WebSite","@id":"https:\/\/www.skalnik.pl\/blog\/#website","url":"https:\/\/www.skalnik.pl\/blog\/","name":"blog Skalnik","description":"Blog, porady, artyku\u0142y - blog Skalnik","inLanguage":"pl-PL","publisher":{"@id":"https:\/\/www.skalnik.pl\/blog\/#organization"}}]},"og:locale":"pl_PL","og:site_name":"blog Skalnik - Blog, porady, artyku\u0142y - blog Skalnik","og:type":"article","og:title":"G\u00f3ry Skaliste \u2013 pasmo g\u00f3rskie w Ameryce P\u00f3\u0142nocnej - blog Skalnik","og:description":"G\u00f3ry Skaliste to \u0142a\u0144cuch g\u00f3rski maj\u0105cy oko\u0142o 4800 km w USA i Kanadzie. Bogactwo widok\u00f3w i mo\u017cliwo\u015b\u0107 obcowania z przyrod\u0105 przyci\u0105ga t\u0142umu. Poznaj je bli\u017cej.","og:url":"https:\/\/www.skalnik.pl\/blog\/gory-skaliste-pasmo-gorskie-w-ameryce-polnocnej\/","og:image":"https:\/\/www.skalnik.pl\/blog\/wp-content\/uploads\/2024\/01\/toan-chu-8dvphKlzJ40-unsplash.jpg","og:image:secure_url":"https:\/\/www.skalnik.pl\/blog\/wp-content\/uploads\/2024\/01\/toan-chu-8dvphKlzJ40-unsplash.jpg","og:image:width":1920,"og:image:height":1281,"article:tag":["pasja","g\u00f3ry"],"article:published_time":"2024-09-02T08:39:35+00:00","article:modified_time":"2024-08-27T08:39:40+00:00","twitter:card":"summary_large_image","twitter:title":"G\u00f3ry Skaliste \u2013 pasmo g\u00f3rskie w Ameryce P\u00f3\u0142nocnej - blog Skalnik","twitter:description":"G\u00f3ry Skaliste to \u0142a\u0144cuch g\u00f3rski maj\u0105cy oko\u0142o 4800 km w USA i Kanadzie. Bogactwo widok\u00f3w i mo\u017cliwo\u015b\u0107 obcowania z przyrod\u0105 przyci\u0105ga t\u0142umu. Poznaj je bli\u017cej.","twitter:image":"https:\/\/www.skalnik.pl\/blog\/wp-content\/uploads\/2024\/01\/toan-chu-8dvphKlzJ40-unsplash.jpg"},"aioseo_meta_data":{"post_id":"25329","title":null,"description":"G\u00f3ry Skaliste to \u0142a\u0144cuch g\u00f3rski maj\u0105cy oko\u0142o 4800 km w USA i Kanadzie. Bogactwo widok\u00f3w i mo\u017cliwo\u015b\u0107 obcowania z przyrod\u0105 przyci\u0105ga t\u0142umu. Poznaj je bli\u017cej.","keywords":[],"keyphrases":{"focus":{"keyphrase":"G\u00f3ry Skaliste, USA, Kanada, g\u00f3ry USA, g\u00f3ry Kanada, Banff, Yellowstone","score":32,"analysis":{"keyphraseInTitle":{"score":3,"maxScore":9,"error":1},"keyphraseInDescription":{"score":3,"maxScore":9,"error":1},"keyphraseLength":{"score":3,"maxScore":9,"error":1,"length":10},"keyphraseInURL":{"score":1,"maxScore":5,"error":1},"keyphraseInIntroduction":{"score":3,"maxScore":9,"error":1},"keyphraseInSubHeadings":{"score":3,"maxScore":9,"error":1},"keyphraseInImageAlt":{"score":3,"maxScore":9,"error":1}}},"additional":[]},"primary_term":null,"canonical_url":null,"og_title":null,"og_description":null,"og_object_type":"default","og_image_type":"default","og_image_url":null,"og_image_width":null,"og_image_height":null,"og_image_custom_url":null,"og_image_custom_fields":null,"og_video":"","og_custom_url":null,"og_article_section":null,"og_article_tags":[],"twitter_use_og":false,"twitter_card":"default","twitter_image_type":"default","twitter_image_url":null,"twitter_image_custom_url":null,"twitter_image_custom_fields":null,"twitter_title":null,"twitter_description":null,"schema":{"blockGraphs":[],"customGraphs":[],"default":{"data":{"Article":[],"Course":[],"Dataset":[],"FAQPage":[],"Movie":[],"Person":[],"Product":[],"ProductReview":[],"Car":[],"Recipe":[],"Service":[],"SoftwareApplication":[],"WebPage":[]},"graphName":"","isEnabled":true},"graphs":[]},"schema_type":"default","schema_type_options":null,"pillar_content":false,"robots_default":true,"robots_noindex":false,"robots_noarchive":false,"robots_nosnippet":false,"robots_nofollow":false,"robots_noimageindex":false,"robots_noodp":false,"robots_notranslate":false,"robots_max_snippet":"-1","robots_max_videopreview":"-1","robots_max_imagepreview":"large","priority":null,"frequency":"default","local_seo":null,"breadcrumb_settings":null,"limit_modified_date":false,"ai":null,"created":"2024-01-04 07:08:25","updated":"2026-02-17 22:56:31","seo_analyzer_scan_date":null},"aioseo_breadcrumb":"<div class=\"aioseo-breadcrumbs\"><span class=\"aioseo-breadcrumb\">\n\t\t\t<a href=\"https:\/\/www.skalnik.pl\/blog\" title=\"Home\">Home<\/a>\n\t\t<\/span><span class=\"aioseo-breadcrumb-separator\">&raquo;<\/span><span class=\"aioseo-breadcrumb\">\n\t\t\t<a href=\"https:\/\/www.skalnik.pl\/blog\/.\/pasja\/\" title=\"Pasja\">Pasja<\/a>\n\t\t<\/span><span class=\"aioseo-breadcrumb-separator\">&raquo;<\/span><span class=\"aioseo-breadcrumb\">\n\t\t\tG\u00f3ry Skaliste \u2013 pasmo g\u00f3rskie w Ameryce P\u00f3\u0142nocnej\n\t\t<\/span><\/div>","aioseo_breadcrumb_json":[{"label":"Home","link":"https:\/\/www.skalnik.pl\/blog"},{"label":"Pasja","link":"https:\/\/www.skalnik.pl\/blog\/.\/pasja\/"},{"label":"G\u00f3ry Skaliste &#8211; pasmo g\u00f3rskie w Ameryce P\u00f3\u0142nocnej","link":"https:\/\/www.skalnik.pl\/blog\/gory-skaliste-pasmo-gorskie-w-ameryce-polnocnej\/"}],"_links":{"self":[{"href":"https:\/\/www.skalnik.pl\/blog\/wp-json\/wp\/v2\/posts\/25329","targetHints":{"allow":["GET"]}}],"collection":[{"href":"https:\/\/www.skalnik.pl\/blog\/wp-json\/wp\/v2\/posts"}],"about":[{"href":"https:\/\/www.skalnik.pl\/blog\/wp-json\/wp\/v2\/types\/post"}],"author":[{"embeddable":true,"href":"https:\/\/www.skalnik.pl\/blog\/wp-json\/wp\/v2\/users\/41"}],"replies":[{"embeddable":true,"href":"https:\/\/www.skalnik.pl\/blog\/wp-json\/wp\/v2\/comments?post=25329"}],"version-history":[{"count":1,"href":"https:\/\/www.skalnik.pl\/blog\/wp-json\/wp\/v2\/posts\/25329\/revisions"}],"predecessor-version":[{"id":25339,"href":"https:\/\/www.skalnik.pl\/blog\/wp-json\/wp\/v2\/posts\/25329\/revisions\/25339"}],"wp:featuredmedia":[{"embeddable":true,"href":"https:\/\/www.skalnik.pl\/blog\/wp-json\/wp\/v2\/media\/25330"}],"wp:attachment":[{"href":"https:\/\/www.skalnik.pl\/blog\/wp-json\/wp\/v2\/media?parent=25329"}],"wp:term":[{"taxonomy":"category","embeddable":true,"href":"https:\/\/www.skalnik.pl\/blog\/wp-json\/wp\/v2\/categories?post=25329"},{"taxonomy":"post_tag","embeddable":true,"href":"https:\/\/www.skalnik.pl\/blog\/wp-json\/wp\/v2\/tags?post=25329"},{"taxonomy":"magento_category","embeddable":true,"href":"https:\/\/www.skalnik.pl\/blog\/wp-json\/wp\/v2\/magento_category?post=25329"},{"taxonomy":"magento_product","embeddable":true,"href":"https:\/\/www.skalnik.pl\/blog\/wp-json\/wp\/v2\/magento_product?post=25329"}],"curies":[{"name":"wp","href":"https:\/\/api.w.org\/{rel}","templated":true}]}}