{"id":25381,"date":"2024-09-05T10:40:31","date_gmt":"2024-09-05T08:40:31","guid":{"rendered":"https:\/\/www.skalnik.pl\/blog\/?p=25381"},"modified":"2024-08-27T10:40:35","modified_gmt":"2024-08-27T08:40:35","slug":"korona-gor-polski-lysica","status":"publish","type":"post","link":"https:\/\/www.skalnik.pl\/blog\/korona-gor-polski-lysica\/","title":{"rendered":"Korona G\u00f3r Polski: \u0141ysica"},"content":{"rendered":"\n<p><strong>Czy w Koronie G\u00f3r Polskich s\u0105 szczyty wa\u017cniejsze i mniej wa\u017cne? Zdecydowanie nie. Za to s\u0105 zar\u00f3wno te bardzo wysokie, przekraczaj\u0105ce 1000, a nawet 2000 m n.p.m., jak i o wiele ni\u017csze. I o takim w\u0142a\u015bnie, stosunkowo niskim i \u0142atwym do zdobycia szczycie b\u0119dzie w tym wpisie. \u0141ysica \u2013 najwy\u017csze wzniesienie w G\u00f3rach \u015awi\u0119tokrzyskich i jednocze\u015bnie najni\u017cszy szczyt w Koronie G\u00f3r Polskich. Zebra\u0142am najwa\u017cniejsze informacje, kt\u00f3re pomog\u0105 w zaplanowaniu wycieczki.<\/strong><\/p>\n\n\n\n<div id=\"ez-toc-container\" class=\"ez-toc-v2_0_85 counter-hierarchy ez-toc-counter ez-toc-light-blue ez-toc-container-direction\">\n<div class=\"ez-toc-title-container\">\n<p class=\"ez-toc-title\" style=\"cursor:inherit\">SPIS TRE\u015aCI <\/p>\n<span class=\"ez-toc-title-toggle\"><a href=\"#\" class=\"ez-toc-pull-right ez-toc-btn ez-toc-btn-xs ez-toc-btn-default ez-toc-toggle\" aria-label=\"Prze\u0142\u0105cznik Spisu Tre\u015bci\"><span class=\"ez-toc-js-icon-con\"><span class=\"\"><span class=\"eztoc-hide\" style=\"display:none;\">Toggle<\/span><span class=\"ez-toc-icon-toggle-span\"><svg style=\"fill: #999;color:#999\" xmlns=\"http:\/\/www.w3.org\/2000\/svg\" class=\"list-377408\" width=\"20px\" height=\"20px\" viewBox=\"0 0 24 24\" fill=\"none\"><path d=\"M6 6H4v2h2V6zm14 0H8v2h12V6zM4 11h2v2H4v-2zm16 0H8v2h12v-2zM4 16h2v2H4v-2zm16 0H8v2h12v-2z\" fill=\"currentColor\"><\/path><\/svg><svg style=\"fill: #999;color:#999\" class=\"arrow-unsorted-368013\" xmlns=\"http:\/\/www.w3.org\/2000\/svg\" width=\"10px\" height=\"10px\" viewBox=\"0 0 24 24\" version=\"1.2\" baseProfile=\"tiny\"><path d=\"M18.2 9.3l-6.2-6.3-6.2 6.3c-.2.2-.3.4-.3.7s.1.5.3.7c.2.2.4.3.7.3h11c.3 0 .5-.1.7-.3.2-.2.3-.5.3-.7s-.1-.5-.3-.7zM5.8 14.7l6.2 6.3 6.2-6.3c.2-.2.3-.5.3-.7s-.1-.5-.3-.7c-.2-.2-.4-.3-.7-.3h-11c-.3 0-.5.1-.7.3-.2.2-.3.5-.3.7s.1.5.3.7z\"\/><\/svg><\/span><\/span><\/span><\/a><\/span><\/div>\n<nav><ul class='ez-toc-list ez-toc-list-level-1 ' ><li class='ez-toc-page-1 ez-toc-heading-level-2'><a class=\"ez-toc-link ez-toc-heading-1\" href=\"https:\/\/www.skalnik.pl\/blog\/korona-gor-polski-lysica\/#Gory_Swietokrzyskie_%E2%80%93_najnizsze_gory_w_Polsce\" >G\u00f3ry \u015awi\u0119tokrzyskie \u2013 najni\u017csze g\u00f3ry w Polsce<\/a><\/li><li class='ez-toc-page-1 ez-toc-heading-level-2'><a class=\"ez-toc-link ez-toc-heading-2\" href=\"https:\/\/www.skalnik.pl\/blog\/korona-gor-polski-lysica\/#Lysica_%E2%80%93_parkingi_i_noclegi\" >\u0141ysica \u2013 parkingi i noclegi<\/a><\/li><li class='ez-toc-page-1 ez-toc-heading-level-2'><a class=\"ez-toc-link ez-toc-heading-3\" href=\"https:\/\/www.skalnik.pl\/blog\/korona-gor-polski-lysica\/#Jak_przygotowac_sie_do_wycieczki\" >Jak przygotowa\u0107 si\u0119 do wycieczki<\/a><\/li><li class='ez-toc-page-1 ez-toc-heading-level-2'><a class=\"ez-toc-link ez-toc-heading-4\" href=\"https:\/\/www.skalnik.pl\/blog\/korona-gor-polski-lysica\/#Lysica_%E2%80%93_najwyzszy_szczyt_Gor_Swietokrzyskich\" >\u0141ysica \u2013 najwy\u017cszy szczyt G\u00f3r \u015awi\u0119tokrzyskich<\/a><\/li><li class='ez-toc-page-1 ez-toc-heading-level-2'><a class=\"ez-toc-link ez-toc-heading-5\" href=\"https:\/\/www.skalnik.pl\/blog\/korona-gor-polski-lysica\/#Lysica_%E2%80%93_szlaki_na_szczyt_KGP\" >\u0141ysica \u2013 szlaki na szczyt KGP<\/a><\/li><li class='ez-toc-page-1 ez-toc-heading-level-2'><a class=\"ez-toc-link ez-toc-heading-6\" href=\"https:\/\/www.skalnik.pl\/blog\/korona-gor-polski-lysica\/#Lysica_%E2%80%93_ciekawostki\" >\u0141ysica \u2013 ciekawostki<\/a><\/li><\/ul><\/nav><\/div>\n<h2 class=\"wp-block-heading\"><span class=\"ez-toc-section\" id=\"Gory_Swietokrzyskie_%E2%80%93_najnizsze_gory_w_Polsce\"><\/span>G\u00f3ry \u015awi\u0119tokrzyskie \u2013 najni\u017csze g\u00f3ry w Polsce<span class=\"ez-toc-section-end\"><\/span><\/h2>\n\n\n\n<p>R\u00f3\u017cne s\u0105 patenty na zdobywanie Korony G\u00f3r Polski. Jedni wol\u0105 skupia\u0107 si\u0119 tylko na szybkich wej\u015bciach na te najwy\u017csze by ruszy\u0107 dalej, inni kompletuj\u0105 Koron\u0119 jakby troch\u0119 \u201eprzy okazji\u201d wyjazd\u00f3w w r\u00f3\u017cne polskie g\u00f3ry. Na pewno jest to bardzo dobry spos\u00f3b by pozna\u0107 mniej popularne w\u015br\u00f3d g\u00f3rskich turyst\u00f3w pasma, a czasem pojecha\u0107 pierwszy raz w g\u00f3ry, kt\u00f3re si\u0119 dot\u0105d pomija\u0142o.<\/p>\n\n\n\n<p>G\u00f3ry \u015awi\u0119tokrzyskie przez wielu turyst\u00f3w traktowane s\u0105 z lekkim pob\u0142a\u017caniem. Opinie, \u017ce co to za g\u00f3ry, co ledwie wyrastaj\u0105 ponad 600 m n.p.m. mo\u017cna us\u0142ysze\u0107 do\u015b\u0107 cz\u0119sto. Ale czy wysoko\u015b\u0107 to zawsze jedyny wyznacznik? G\u00f3ry \u015awi\u0119tokrzyskie s\u0105 pi\u0119kne i niezwykle interesuj\u0105ce ze wzgl\u0119du na swoj\u0105 budow\u0119 geologiczn\u0105, wyst\u0119powanie go\u0142oborzy, malownicz\u0105 Puszcz\u0119 Jod\u0142ow\u0105 oraz po\u0142\u0105czenie krajobraz\u00f3w i natury z kultur\u0105. Tak, s\u0105 to g\u00f3ry niskie, ale przez to idealnie nadaj\u0105 si\u0119 na mniej forsowne wycieczki, tak\u017ce te z dzie\u0107mi.<\/p>\n\n\n<div class=\"wp-block-image\">\n<figure class=\"aligncenter size-large\"><img loading=\"lazy\" decoding=\"async\" width=\"1024\" height=\"768\" src=\"https:\/\/www.skalnik.pl\/blog\/wp-content\/uploads\/2024\/01\/DSCN3189-min-1024x768.jpg\" alt=\"\" class=\"wp-image-25384\" srcset=\"https:\/\/www.skalnik.pl\/blog\/wp-content\/uploads\/2024\/01\/DSCN3189-min-1024x768.jpg 1024w, https:\/\/www.skalnik.pl\/blog\/wp-content\/uploads\/2024\/01\/DSCN3189-min-300x225.jpg 300w, https:\/\/www.skalnik.pl\/blog\/wp-content\/uploads\/2024\/01\/DSCN3189-min-768x576.jpg 768w, https:\/\/www.skalnik.pl\/blog\/wp-content\/uploads\/2024\/01\/DSCN3189-min-1536x1152.jpg 1536w, https:\/\/www.skalnik.pl\/blog\/wp-content\/uploads\/2024\/01\/DSCN3189-min-2048x1536.jpg 2048w\" sizes=\"auto, (max-width: 1024px) 100vw, 1024px\" \/><figcaption class=\"wp-element-caption\"><em>Go\u0142oborze na \u015awi\u0119tym Krzy\u017cu (fot. Anna \u015aliwa)<\/em><\/figcaption><\/figure>\n<\/div>\n\n\n<p>\u0141ysica le\u017cy w najwy\u017cszym i najbardziej znanym pa\u015bmie G\u00f3r \u015awi\u0119tokrzyskich czyli w \u0141ysog\u00f3rach. Ci\u0105gn\u0105 si\u0119 one od doliny Lubrzanki na zachodzie po Now\u0105 S\u0142upi\u0119 na wschodzie. To w\u0142a\u015bnie tu skupia si\u0119 wi\u0119kszo\u015b\u0107 najwa\u017cniejszych i najch\u0119tniej odwiedzanych przez turyst\u00f3w atrakcji regionu. Ca\u0142e \u0141ysog\u00f3ry mo\u017cesz przew\u0119drowa\u0107 (wchodz\u0105c oczywi\u015bcie na \u0141ysic\u0119) kieruj\u0105c si\u0119 czerwonym, G\u0142\u00f3wnym Szlakiem \u015awi\u0119tokrzyskim im. Edmunda Massalskiego z Trzcianki przez \u015awi\u0119ty Krzy\u017c \u2013 Hut\u0119 Szklan\u0105 \u2013 Kakonin \u2013 \u0141ysic\u0119 \u2013 \u015awi\u0119t\u0105 Katarzyn\u0119 \u2013 Radostow\u0105 po dolin\u0119 Lubrzanki w okolicach miejscowo\u015bci Ciekoty.<\/p>\n\n\n\n<p>W pa\u015bmie tym znajdziesz dwa go\u0142oborza \u2013 na \u0141ysicy oraz pod szczytem \u015awi\u0119tego Krzy\u017ca, opisywan\u0105 przez \u017beromskiego Puszcz\u0119 Jod\u0142ow\u0105, klasztor na \u015awi\u0119tym Krzy\u017cu, kt\u00f3rego historia si\u0119ga prze\u0142omu X i XI w., miejsca dawnego kultu przedchrze\u015bcija\u0144skiego na \u0141ysej G\u00f3rze, Muzeum Staro\u017cytnego Hutnictwa w Nowej S\u0142upi wraz ze skansenem oraz Muzeum Minera\u0142\u00f3w i Skamienia\u0142o\u015bci w \u015awi\u0119tej Katarzynie. Je\u015bli zamierzasz wybra\u0107 si\u0119 w te rejony z dzie\u0107mi, to w Krajnie mo\u017cesz odwiedzi\u0107 Park Miniatur \u201eSabat\u201d.<\/p>\n\n\n<div class=\"wp-block-image\">\n<figure class=\"aligncenter size-large\"><img loading=\"lazy\" decoding=\"async\" width=\"1024\" height=\"768\" src=\"https:\/\/www.skalnik.pl\/blog\/wp-content\/uploads\/2024\/01\/P7260063-min-1024x768.jpg\" alt=\"\" class=\"wp-image-25383\" srcset=\"https:\/\/www.skalnik.pl\/blog\/wp-content\/uploads\/2024\/01\/P7260063-min-1024x768.jpg 1024w, https:\/\/www.skalnik.pl\/blog\/wp-content\/uploads\/2024\/01\/P7260063-min-300x225.jpg 300w, https:\/\/www.skalnik.pl\/blog\/wp-content\/uploads\/2024\/01\/P7260063-min-768x576.jpg 768w, https:\/\/www.skalnik.pl\/blog\/wp-content\/uploads\/2024\/01\/P7260063-min-1536x1152.jpg 1536w, https:\/\/www.skalnik.pl\/blog\/wp-content\/uploads\/2024\/01\/P7260063-min-2048x1536.jpg 2048w\" sizes=\"auto, (max-width: 1024px) 100vw, 1024px\" \/><figcaption class=\"wp-element-caption\"><em>Na \u0141ysicy (fot. Anna \u015aliwa)<\/em><\/figcaption><\/figure>\n<\/div>\n\n\n<p>Cho\u0107 \u0141ysog\u00f3ry s\u0105 w du\u017cym stopniu zalesione, to i tu trafiaj\u0105 si\u0119 miejsca widokowe. A przy dobrych warunkach widoki mog\u0105 by\u0107 naprawd\u0119 bardzo dalekie bo si\u0119gaj\u0105ce odleg\u0142ych o oko\u0142o 200 km Tatr. Miejscami, z kt\u00f3rych mo\u017cna je obserwowa\u0107 (o ile ma si\u0119 szcz\u0119\u015bcie) s\u0105 np. \u015awi\u0119ty Krzy\u017c albo Krajno. &nbsp;<\/p>\n\n\n\n<h2 class=\"wp-block-heading\"><span class=\"ez-toc-section\" id=\"Lysica_%E2%80%93_parkingi_i_noclegi\"><\/span>\u0141ysica \u2013 parkingi i noclegi<span class=\"ez-toc-section-end\"><\/span><\/h2>\n\n\n\n<p>G\u00f3ry \u015awi\u0119tokrzyskie to region, w kt\u00f3rym nie brakuje nocleg\u00f3w o rozmaitym standardzie. Jak si\u0119 pewnie domy\u015blasz nie ma tu schronisk g\u00f3rskich bo i teren nie wymaga ich obecno\u015bci. Baz\u0119 noclegow\u0105 tworz\u0105 g\u0142\u00f3wnie pensjonaty, o\u015brodki wypoczynkowe i agroturystyki, ale s\u0105 i wy\u017cszej klasy hotele. Najta\u0144sza baza to obecnie schroniska m\u0142odzie\u017cowe, kt\u00f3re w okolicach \u0141ysog\u00f3r dzia\u0142aj\u0105 w M\u0105chocicach \u2013 Scholasterii, Bodzentynie, Nowej S\u0142upi i w \u015awi\u0119tej Katarzynie (schronisko prywatne) oraz Dom Wycieczkowy PTTK w \u015awi\u0119tej Katarzynie.<\/p>\n\n\n\n<p>Wycieczk\u0119 na \u0141ysic\u0119 najlepiej rozpocz\u0105\u0107 w \u015awi\u0119tej Katarzynie lub w Kakoninie. W obydwu tych miejscowo\u015bciach znajduj\u0105 si\u0119 parkingi. Niekt\u00f3re z nich s\u0105 p\u0142atne.<\/p>\n\n\n\n<h2 class=\"wp-block-heading\"><span class=\"ez-toc-section\" id=\"Jak_przygotowac_sie_do_wycieczki\"><\/span>Jak przygotowa\u0107 si\u0119 do wycieczki<span class=\"ez-toc-section-end\"><\/span><\/h2>\n\n\n\n<p>G\u00f3ry \u015awi\u0119tokrzyskie, w tym \u0141ysog\u00f3ry nie s\u0105 wymagaj\u0105ce pod wzgl\u0119dem warunk\u00f3w do uprawiania turystyki. Na ich najwy\u017cszy szczyt bez problem\u00f3w wejdziesz nawet z ma\u0142ymi dzie\u0107mi. Nie potrzebujesz si\u0119 te\u017c przygotowywa\u0107 do takiej wycieczki w specjalny spos\u00f3b. Za\u0142\u00f3\u017c wygodne buty na przyczepnej podeszwie, ubierz si\u0119 adekwatnie do pogody i ruszaj na szlak. Szlak prowadzi ca\u0142y czas w lesie, \u015bcie\u017ck\u0105, na kt\u00f3rej pojawiaj\u0105 si\u0119 czasem kamienie. Jest \u0142atwy, cho\u0107 po opadach deszczu mo\u017ce by\u0107 tu nieco bardziej \u015blisko. Nie polecam wchodzenia w sanda\u0142ach czy tenis\u00f3wkach na cienkiej podeszwie ze wzgl\u0119du na stabilno\u015b\u0107 i mo\u017cliwo\u015b\u0107 po\u015blizgni\u0119cia. Ale niskie buty outdoorowe, turystyczne czy trekkingowe b\u0119d\u0105 ca\u0142kowicie wystarczaj\u0105ce.<\/p>\n\n\n<div class=\"wp-block-image\">\n<figure class=\"aligncenter size-large\"><img loading=\"lazy\" decoding=\"async\" width=\"1024\" height=\"768\" src=\"https:\/\/www.skalnik.pl\/blog\/wp-content\/uploads\/2024\/01\/DSCN2618-min-1024x768.jpg\" alt=\"\" class=\"wp-image-25388\" srcset=\"https:\/\/www.skalnik.pl\/blog\/wp-content\/uploads\/2024\/01\/DSCN2618-min-1024x768.jpg 1024w, https:\/\/www.skalnik.pl\/blog\/wp-content\/uploads\/2024\/01\/DSCN2618-min-300x225.jpg 300w, https:\/\/www.skalnik.pl\/blog\/wp-content\/uploads\/2024\/01\/DSCN2618-min-768x576.jpg 768w, https:\/\/www.skalnik.pl\/blog\/wp-content\/uploads\/2024\/01\/DSCN2618-min-1536x1152.jpg 1536w, https:\/\/www.skalnik.pl\/blog\/wp-content\/uploads\/2024\/01\/DSCN2618-min-2048x1536.jpg 2048w\" sizes=\"auto, (max-width: 1024px) 100vw, 1024px\" \/><figcaption class=\"wp-element-caption\"><em>Szlak na \u0141ysic\u0119 nie jest wymagaj\u0105cy (fot. Anna \u015aliwa)<\/em><\/figcaption><\/figure>\n<\/div>\n\n\n<p>Zale\u017cnie od tego, z kt\u00f3rej strony chcesz wej\u015b\u0107 na \u0141ysic\u0119 oraz gdzie i\u015b\u0107 dalej zabierz odpowiedni\u0105 ilo\u015b\u0107 napoj\u00f3w oraz co\u015b do przegryzienia na trasie. Zdobycie szczytu mo\u017cesz po\u0142\u0105czy\u0107 z w\u0119dr\u00f3wk\u0105 ca\u0142ym grzbietem \u0141ysog\u00f3r do \u015awi\u0119tego Krzy\u017ca i Nowej S\u0142upi, co zajmuje \u0142\u0105cznie oko\u0142o 5 godzin. Jedyne punkty gastronomiczne na tej trasie znajduj\u0105 si\u0119 na \u015awi\u0119tym Krzy\u017cu.<\/p>\n\n\n\n<p>\u0141ysica znajduje si\u0119 na terenie \u015awi\u0119tokrzyskiego Parku Narodowego wi\u0119c przed wej\u015bciem na szlak musisz wykupi\u0107 bilet. Mo\u017cesz to zrobi\u0107 w kiosku na pocz\u0105tku szlaku np. w \u015awi\u0119tej Katarzynie lub w Nowej S\u0142upi albo online na stronie parku.&nbsp;<\/p>\n\n\n\n<h2 class=\"wp-block-heading\"><span class=\"ez-toc-section\" id=\"Lysica_%E2%80%93_najwyzszy_szczyt_Gor_Swietokrzyskich\"><\/span>\u0141ysica \u2013 najwy\u017cszy szczyt G\u00f3r \u015awi\u0119tokrzyskich<span class=\"ez-toc-section-end\"><\/span><\/h2>\n\n\n\n<p>\u0141ysica to szczyt o dw\u00f3ch wierzcho\u0142kach wznosz\u0105cy si\u0119 nad miejscowo\u015bciami \u015awi\u0119ta Katarzyna i Kakonin. Wok\u00f3\u0142 jego wysoko\u015bci zrobi\u0142o si\u0119 w ostatnich latach ma\u0142e zamieszanie i w internecie oraz w przewodnikach mo\u017cesz znale\u017a\u0107 r\u00f3\u017cne wersje. Do 2018 r. wydawa\u0142o si\u0119, \u017ce sprawa jest jasna. Najwy\u017cszy szczyt G\u00f3r \u015awi\u0119tokrzyskich ma 612 m n.p.m. i jego najwy\u017cszy punkt znajduje si\u0119 na zachodnim wierzcho\u0142ku, w miejscu, gdzie stoi krzy\u017c.<\/p>\n\n\n\n<p>Jednak w 2018 r. przeprowadzono bardzo dok\u0142adne pomiary z wykorzystaniem urz\u0105dze\u0144 cyfrowych, kt\u00f3re wykaza\u0142y, \u017ce po pierwsze \u0141ysica jest nieco wy\u017csza, o oko\u0142o 1 metr, a poza tym najwy\u017cszy punkt znajduje si\u0119 na wierzcho\u0142ku wschodnim- Skale Agaty. W tym miejscu \u0141ysica osi\u0105ga 613,96 m n.p.m. Wierzcho\u0142ek z krzy\u017cem jest o oko\u0142o 50 cm ni\u017cszy.<\/p>\n\n\n<div class=\"wp-block-image\">\n<figure class=\"aligncenter size-large\"><img loading=\"lazy\" decoding=\"async\" width=\"1024\" height=\"768\" src=\"https:\/\/www.skalnik.pl\/blog\/wp-content\/uploads\/2024\/01\/P7260060-min-1024x768.jpg\" alt=\"\" class=\"wp-image-25386\" srcset=\"https:\/\/www.skalnik.pl\/blog\/wp-content\/uploads\/2024\/01\/P7260060-min-1024x768.jpg 1024w, https:\/\/www.skalnik.pl\/blog\/wp-content\/uploads\/2024\/01\/P7260060-min-300x225.jpg 300w, https:\/\/www.skalnik.pl\/blog\/wp-content\/uploads\/2024\/01\/P7260060-min-768x576.jpg 768w, https:\/\/www.skalnik.pl\/blog\/wp-content\/uploads\/2024\/01\/P7260060-min-1536x1152.jpg 1536w, https:\/\/www.skalnik.pl\/blog\/wp-content\/uploads\/2024\/01\/P7260060-min-2048x1536.jpg 2048w\" sizes=\"auto, (max-width: 1024px) 100vw, 1024px\" \/><figcaption class=\"wp-element-caption\"><em>Go\u0142oborze na \u0141ysicy (fot. Anna \u015aliwa)<\/em><\/figcaption><\/figure>\n<\/div>\n\n\n<p>Znakowany szlak pieszy prowadzi obecnie jedynie na wierzcho\u0142ek z krzy\u017cem. Ska\u0142a Agaty znajduje si\u0119 poza szlakiem, cho\u0107 \u015awi\u0119tokrzyski Park Narodowy planuje poprowadzenie tam \u015bcie\u017cki przyrodniczej. Na ten moment wydeptana jest tylko przez turyst\u00f3w \u015bcie\u017cka. Pami\u0119taj, \u017ce poruszanie si\u0119 w parku narodowym poza znakowanymi szlakami jest zakazane.<\/p>\n\n\n\n<p>\u0141ysica, cho\u0107 nie oferuje rozleg\u0142ych widok\u00f3w, jest interesuj\u0105cym miejscem na wycieczk\u0119. Pod jej szczytem znajduje si\u0119 go\u0142oborze, kt\u00f3re w przeciwie\u0144stwie do tego na \u015awi\u0119tym Krzy\u017cu mo\u017cna ogl\u0105da\u0107 bez dodatkowych op\u0142at. Na wierzcho\u0142ku zachodnim stoi krzy\u017c, kt\u00f3ry jest replik\u0105 pierwszego krucyfiksu ustawionego tu w 1930 r. Masyw porastaj\u0105 malownicze lasy mieszane oraz du\u017ce fragmenty Puszczy Jod\u0142owej. Przy szlaku prowadz\u0105cym od \u015awi\u0119tej Katarzyny napotkasz dwa urokliwe miejsca \u2013 tak zwan\u0105 Kapliczk\u0119 \u017beromskiego, gdzie na \u015bcianie znajduj\u0105 si\u0119 podpisy pisarza i jego kolegi z czas\u00f3w szkolnych oraz kapliczk\u0119 \u015bwi\u0119tego Franciszka z cudownym \u017ar\u00f3de\u0142kiem.<\/p>\n\n\n\n<h2 class=\"wp-block-heading\"><span class=\"ez-toc-section\" id=\"Lysica_%E2%80%93_szlaki_na_szczyt_KGP\"><\/span>\u0141ysica \u2013 szlaki na szczyt KGP<span class=\"ez-toc-section-end\"><\/span><\/h2>\n\n\n\n<p>Przez szczyt \u0141ysicy przebiega oznaczony kolorem czerwonym G\u0142\u00f3wny Szlak \u015awi\u0119tokrzyski im. Edmunda Massalskiego na odcinku \u015awi\u0119ta Katarzyna \u2013 Kakonin. Jest to jedyna znakowana trasa umo\u017cliwiaj\u0105ca wej\u015bcie na szczyt. Tak, jak wspomnia\u0142am wy\u017cej szlak trawersuje Ska\u0142\u0119 Agaty, na kt\u00f3r\u0105 trasa nie jest obecnie wyznakowana.<\/p>\n\n\n<div class=\"wp-block-image\">\n<figure class=\"aligncenter size-large\"><img loading=\"lazy\" decoding=\"async\" width=\"1024\" height=\"768\" src=\"https:\/\/www.skalnik.pl\/blog\/wp-content\/uploads\/2024\/01\/P7260056-min-1024x768.jpg\" alt=\"\" class=\"wp-image-25387\" srcset=\"https:\/\/www.skalnik.pl\/blog\/wp-content\/uploads\/2024\/01\/P7260056-min-1024x768.jpg 1024w, https:\/\/www.skalnik.pl\/blog\/wp-content\/uploads\/2024\/01\/P7260056-min-300x225.jpg 300w, https:\/\/www.skalnik.pl\/blog\/wp-content\/uploads\/2024\/01\/P7260056-min-768x576.jpg 768w, https:\/\/www.skalnik.pl\/blog\/wp-content\/uploads\/2024\/01\/P7260056-min-1536x1152.jpg 1536w, https:\/\/www.skalnik.pl\/blog\/wp-content\/uploads\/2024\/01\/P7260056-min-2048x1536.jpg 2048w\" sizes=\"auto, (max-width: 1024px) 100vw, 1024px\" \/><figcaption class=\"wp-element-caption\"><em>Cudowne \u017ar\u00f3de\u0142ko przy Kaplicy \u015bw. Franciszka na zboczach \u0141ysicy (fot. Anna \u015aliwa)<\/em><\/figcaption><\/figure>\n<\/div>\n\n\n<p>Jak wej\u015b\u0107 na \u0141ysic\u0119?<\/p>\n\n\n\n<ul class=\"wp-block-list\">\n<li><strong>ze \u015awi\u0119tej Katarzyny<\/strong> \u2013 wej\u015bcie zajmuje oko\u0142o 1h- 1h 10 min. Do pokonania jest 2,5 km oraz 275 m przewy\u017cszenia. Podej\u015bcie jest momentami do\u015b\u0107 strome, ale bez \u017cadnych trudno\u015bci. Dadz\u0105 sobie na nim rad\u0119 nawet dzieci czy osoby, kt\u00f3re nie s\u0105 przyzwyczajone do forsownych w\u0119dr\u00f3wek. Szlak prowadzi ca\u0142y czas lasem, a po drodze mo\u017cna obejrze\u0107 klasztor w \u015awi\u0119tej Katarzynie, Kapliczk\u0119 \u017beromskiego oraz cudowne \u017ar\u00f3de\u0142ko i Kapliczk\u0119 \u015bw. Franciszka. W wielu miejscach na trasie znajduj\u0105 si\u0119 \u0142awki, na kt\u00f3rych w miar\u0119 potrzeby mo\u017cna odpocz\u0105\u0107.<\/li>\n\n\n\n<li><strong>z Kakonina<\/strong> \u2013 trasa o d\u0142ugo\u015bci 4,2 km z przewy\u017cszeniem 221 m. Wej\u015bcie zajmuje oko\u0142o 1 h 30 min. Trasa ta jest d\u0142u\u017csza, ale podej\u015bcia \u0142agodniejsze. Pocz\u0105tkowo prowadzi \u0142\u0105kami nad Kakoninem, by po chwili zag\u0142\u0119bi\u0107 si\u0119 w lasy na zboczach \u0141ysicy. Po dotarciu na grzbiet na Prze\u0142\u0119czy \u015bw. Miko\u0142aja mo\u017cna zobaczy\u0107 niewielk\u0105 kapliczk\u0119.<\/li>\n<\/ul>\n\n\n\n<p>Je\u015bli chcesz w\u0142\u0105czy\u0107 \u0141ysic\u0119 w d\u0142u\u017csz\u0105 wycieczk\u0119 w G\u00f3rach \u015awi\u0119tokrzyskich mo\u017cesz w\u0119drowa\u0107 z Kakonina dalej w kierunku \u015awi\u0119tego Krzy\u017ca i do Nowej S\u0142upi lub Trzcianki. Tras\u0119 mo\u017cna oczywi\u015bcie pokona\u0107 tak\u017ce w odwrotnym kierunku. &nbsp;<\/p>\n\n\n\n<h2 class=\"wp-block-heading\"><span class=\"ez-toc-section\" id=\"Lysica_%E2%80%93_ciekawostki\"><\/span>\u0141ysica \u2013 ciekawostki<span class=\"ez-toc-section-end\"><\/span><\/h2>\n\n\n\n<ul class=\"wp-block-list\">\n<li>G\u00f3ry \u015awi\u0119tokrzyskie, w kt\u00f3rych le\u017cy \u0141ysica nale\u017c\u0105 do najstarszych g\u00f3r w Polsce i w Europie.<\/li>\n\n\n\n<li>Wyst\u0119puj\u0105ce pod szczytem \u0141ysicy (oraz na \u015awi\u0119tym Krzy\u017cu) go\u0142oborza to bezle\u015bne obszary pokryte rumowiskami z piaskowca kwarcytowego. Powsta\u0142y w wyniku wietrzenia mrozowego ska\u0142 w czasie zlodowace\u0144.<\/li>\n\n\n\n<li>W Ciekotach le\u017c\u0105cych u podn\u00f3\u017ca \u0141ysog\u00f3r sp\u0119dzi\u0142 dzieci\u0144stwo Stefan \u017beromski. Wspomnienia zawar\u0142 w ksi\u0105\u017cce \u201ePuszcza Jod\u0142owa\u201d, w kt\u00f3rej opisuje m.in. wycieczki na \u0141ysic\u0119.<\/li>\n\n\n\n<li>Ze \u017ar\u00f3de\u0142ka przy kaplicy \u015bw. Franciszka na zboczu \u0141ysicy do dzi\u015b zaopatrywany jest w wod\u0119 klasztor w \u015awi\u0119tej Katarzynie. Woda jest lekko zmineralizowana, a jej sta\u0142a temperatura to +7 st. C. Zim\u0105, w czasie mroz\u00f3w nad \u017ar\u00f3de\u0142kiem unosi si\u0119 para wodna.&nbsp;<\/li>\n<\/ul>\n","protected":false},"excerpt":{"rendered":"<p>\u0141ysica to najwy\u017cszy szczyt G\u00f3r \u015awi\u0119tokrzyskich i najni\u017cszy szczyt w Koronie G\u00f3r Polski. Planujesz wycieczk\u0119 w G\u00f3ry \u015awi\u0119tokrzyskie? Sprawd\u017a jak wej\u015b\u0107 na \u0141ysic\u0119. <\/p>\n","protected":false},"author":41,"featured_media":25382,"comment_status":"closed","ping_status":"closed","sticky":false,"template":"","format":"standard","meta":{"_acf_changed":false,"footnotes":""},"categories":[84],"tags":[260],"magento_category":[],"magento_product":[],"class_list":["post-25381","post","type-post","status-publish","format-standard","has-post-thumbnail","hentry","category-pasja","tag-korona-gor-polski"],"acf":[],"aioseo_notices":[],"aioseo_head":"\n\t\t<!-- All in One SEO 4.9.10 - aioseo.com -->\n\t<meta name=\"description\" content=\"\u0141ysica jest najwy\u017cszym szczytem G\u00f3r \u015awi\u0119tokrzyskich. Sprawd\u017a jak zorganizowa\u0107 wycieczk\u0119 na ten szczyt nale\u017c\u0105cy do Korony G\u00f3r Polski.\" \/>\n\t<meta name=\"robots\" content=\"max-image-preview:large\" \/>\n\t<meta name=\"author\" content=\"Anna \u015aliwa\"\/>\n\t<link rel=\"canonical\" href=\"https:\/\/www.skalnik.pl\/blog\/korona-gor-polski-lysica\/\" \/>\n\t<meta name=\"generator\" content=\"All in One SEO (AIOSEO) 4.9.10\" \/>\n\t\t<meta property=\"og:locale\" content=\"pl_PL\" \/>\n\t\t<meta property=\"og:site_name\" content=\"blog Skalnik - Blog, porady, artyku\u0142y - blog Skalnik\" \/>\n\t\t<meta property=\"og:type\" content=\"article\" \/>\n\t\t<meta property=\"og:title\" content=\"Korona G\u00f3r Polski: \u0141ysica - blog Skalnik\" \/>\n\t\t<meta property=\"og:description\" content=\"\u0141ysica jest najwy\u017cszym szczytem G\u00f3r \u015awi\u0119tokrzyskich. Sprawd\u017a jak zorganizowa\u0107 wycieczk\u0119 na ten szczyt nale\u017c\u0105cy do Korony G\u00f3r Polski.\" \/>\n\t\t<meta property=\"og:url\" content=\"https:\/\/www.skalnik.pl\/blog\/korona-gor-polski-lysica\/\" \/>\n\t\t<meta property=\"og:image\" content=\"https:\/\/www.skalnik.pl\/blog\/wp-content\/uploads\/2024\/01\/DSCN3189-min-1024x768.jpg\" \/>\n\t\t<meta property=\"og:image:secure_url\" content=\"https:\/\/www.skalnik.pl\/blog\/wp-content\/uploads\/2024\/01\/DSCN3189-min-1024x768.jpg\" \/>\n\t\t<meta property=\"article:tag\" content=\"pasja\" \/>\n\t\t<meta property=\"article:tag\" content=\"korona g\u00f3r polski\" \/>\n\t\t<meta property=\"article:published_time\" content=\"2024-09-05T08:40:31+00:00\" \/>\n\t\t<meta property=\"article:modified_time\" content=\"2024-08-27T08:40:35+00:00\" \/>\n\t\t<meta name=\"twitter:card\" content=\"summary_large_image\" \/>\n\t\t<meta name=\"twitter:title\" content=\"Korona G\u00f3r Polski: \u0141ysica - blog Skalnik\" \/>\n\t\t<meta name=\"twitter:description\" content=\"\u0141ysica jest najwy\u017cszym szczytem G\u00f3r \u015awi\u0119tokrzyskich. Sprawd\u017a jak zorganizowa\u0107 wycieczk\u0119 na ten szczyt nale\u017c\u0105cy do Korony G\u00f3r Polski.\" \/>\n\t\t<meta name=\"twitter:image\" content=\"https:\/\/www.skalnik.pl\/blog\/wp-content\/uploads\/2024\/01\/DSCN3189-min-1024x768.jpg\" \/>\n\t\t<script type=\"application\/ld+json\" class=\"aioseo-schema\">\n\t\t\t{\"@context\":\"https:\\\/\\\/schema.org\",\"@graph\":[{\"@type\":\"BlogPosting\",\"@id\":\"https:\\\/\\\/www.skalnik.pl\\\/blog\\\/korona-gor-polski-lysica\\\/#blogposting\",\"name\":\"Korona G\\u00f3r Polski: \\u0141ysica - blog Skalnik\",\"headline\":\"Korona G\\u00f3r Polski: \\u0141ysica\",\"author\":{\"@id\":\"https:\\\/\\\/www.skalnik.pl\\\/blog\\\/author\\\/anna-sliwa\\\/#author\"},\"publisher\":{\"@id\":\"https:\\\/\\\/www.skalnik.pl\\\/blog\\\/#organization\"},\"image\":{\"@type\":\"ImageObject\",\"url\":\"https:\\\/\\\/www.skalnik.pl\\\/blog\\\/wp-content\\\/uploads\\\/2024\\\/01\\\/swietokrzyskie-mountains-5580604_1920.jpg\",\"width\":1920,\"height\":705},\"datePublished\":\"2024-09-05T10:40:31+02:00\",\"dateModified\":\"2024-08-27T10:40:35+02:00\",\"inLanguage\":\"pl-PL\",\"mainEntityOfPage\":{\"@id\":\"https:\\\/\\\/www.skalnik.pl\\\/blog\\\/korona-gor-polski-lysica\\\/#webpage\"},\"isPartOf\":{\"@id\":\"https:\\\/\\\/www.skalnik.pl\\\/blog\\\/korona-gor-polski-lysica\\\/#webpage\"},\"articleSection\":\"Pasja, korona g\\u00f3r polski\"},{\"@type\":\"BreadcrumbList\",\"@id\":\"https:\\\/\\\/www.skalnik.pl\\\/blog\\\/korona-gor-polski-lysica\\\/#breadcrumblist\",\"itemListElement\":[{\"@type\":\"ListItem\",\"@id\":\"https:\\\/\\\/www.skalnik.pl\\\/blog#listItem\",\"position\":1,\"name\":\"Home\",\"item\":\"https:\\\/\\\/www.skalnik.pl\\\/blog\",\"nextItem\":{\"@type\":\"ListItem\",\"@id\":\"https:\\\/\\\/www.skalnik.pl\\\/blog\\\/.\\\/pasja\\\/#listItem\",\"name\":\"Pasja\"}},{\"@type\":\"ListItem\",\"@id\":\"https:\\\/\\\/www.skalnik.pl\\\/blog\\\/.\\\/pasja\\\/#listItem\",\"position\":2,\"name\":\"Pasja\",\"item\":\"https:\\\/\\\/www.skalnik.pl\\\/blog\\\/.\\\/pasja\\\/\",\"nextItem\":{\"@type\":\"ListItem\",\"@id\":\"https:\\\/\\\/www.skalnik.pl\\\/blog\\\/korona-gor-polski-lysica\\\/#listItem\",\"name\":\"Korona G\\u00f3r Polski: \\u0141ysica\"},\"previousItem\":{\"@type\":\"ListItem\",\"@id\":\"https:\\\/\\\/www.skalnik.pl\\\/blog#listItem\",\"name\":\"Home\"}},{\"@type\":\"ListItem\",\"@id\":\"https:\\\/\\\/www.skalnik.pl\\\/blog\\\/korona-gor-polski-lysica\\\/#listItem\",\"position\":3,\"name\":\"Korona G\\u00f3r Polski: \\u0141ysica\",\"previousItem\":{\"@type\":\"ListItem\",\"@id\":\"https:\\\/\\\/www.skalnik.pl\\\/blog\\\/.\\\/pasja\\\/#listItem\",\"name\":\"Pasja\"}}]},{\"@type\":\"Organization\",\"@id\":\"https:\\\/\\\/www.skalnik.pl\\\/blog\\\/#organization\",\"name\":\"blog Skalnik\",\"description\":\"Blog, porady, artyku\\u0142y - blog Skalnik\",\"url\":\"https:\\\/\\\/www.skalnik.pl\\\/blog\\\/\"},{\"@type\":\"Person\",\"@id\":\"https:\\\/\\\/www.skalnik.pl\\\/blog\\\/author\\\/anna-sliwa\\\/#author\",\"url\":\"https:\\\/\\\/www.skalnik.pl\\\/blog\\\/author\\\/anna-sliwa\\\/\",\"name\":\"Anna \\u015aliwa\",\"image\":{\"@type\":\"ImageObject\",\"@id\":\"https:\\\/\\\/www.skalnik.pl\\\/blog\\\/korona-gor-polski-lysica\\\/#authorImage\",\"url\":\"https:\\\/\\\/secure.gravatar.com\\\/avatar\\\/e8300be3de710e2e109e5dfbf092dcf827242ec8071807a1e13f6b3f7c9bbd79?s=96&d=mm&r=g\",\"width\":96,\"height\":96,\"caption\":\"Anna \\u015aliwa\"}},{\"@type\":\"WebPage\",\"@id\":\"https:\\\/\\\/www.skalnik.pl\\\/blog\\\/korona-gor-polski-lysica\\\/#webpage\",\"url\":\"https:\\\/\\\/www.skalnik.pl\\\/blog\\\/korona-gor-polski-lysica\\\/\",\"name\":\"Korona G\\u00f3r Polski: \\u0141ysica - blog Skalnik\",\"description\":\"\\u0141ysica jest najwy\\u017cszym szczytem G\\u00f3r \\u015awi\\u0119tokrzyskich. Sprawd\\u017a jak zorganizowa\\u0107 wycieczk\\u0119 na ten szczyt nale\\u017c\\u0105cy do Korony G\\u00f3r Polski.\",\"inLanguage\":\"pl-PL\",\"isPartOf\":{\"@id\":\"https:\\\/\\\/www.skalnik.pl\\\/blog\\\/#website\"},\"breadcrumb\":{\"@id\":\"https:\\\/\\\/www.skalnik.pl\\\/blog\\\/korona-gor-polski-lysica\\\/#breadcrumblist\"},\"author\":{\"@id\":\"https:\\\/\\\/www.skalnik.pl\\\/blog\\\/author\\\/anna-sliwa\\\/#author\"},\"creator\":{\"@id\":\"https:\\\/\\\/www.skalnik.pl\\\/blog\\\/author\\\/anna-sliwa\\\/#author\"},\"image\":{\"@type\":\"ImageObject\",\"url\":\"https:\\\/\\\/www.skalnik.pl\\\/blog\\\/wp-content\\\/uploads\\\/2024\\\/01\\\/swietokrzyskie-mountains-5580604_1920.jpg\",\"@id\":\"https:\\\/\\\/www.skalnik.pl\\\/blog\\\/korona-gor-polski-lysica\\\/#mainImage\",\"width\":1920,\"height\":705},\"primaryImageOfPage\":{\"@id\":\"https:\\\/\\\/www.skalnik.pl\\\/blog\\\/korona-gor-polski-lysica\\\/#mainImage\"},\"datePublished\":\"2024-09-05T10:40:31+02:00\",\"dateModified\":\"2024-08-27T10:40:35+02:00\"},{\"@type\":\"WebSite\",\"@id\":\"https:\\\/\\\/www.skalnik.pl\\\/blog\\\/#website\",\"url\":\"https:\\\/\\\/www.skalnik.pl\\\/blog\\\/\",\"name\":\"blog Skalnik\",\"description\":\"Blog, porady, artyku\\u0142y - blog Skalnik\",\"inLanguage\":\"pl-PL\",\"publisher\":{\"@id\":\"https:\\\/\\\/www.skalnik.pl\\\/blog\\\/#organization\"}}]}\n\t\t<\/script>\n\t\t<!-- All in One SEO -->\n\n","aioseo_head_json":{"title":"Korona G\u00f3r Polski: \u0141ysica - blog Skalnik","description":"\u0141ysica jest najwy\u017cszym szczytem G\u00f3r \u015awi\u0119tokrzyskich. Sprawd\u017a jak zorganizowa\u0107 wycieczk\u0119 na ten szczyt nale\u017c\u0105cy do Korony G\u00f3r Polski.","canonical_url":"https:\/\/www.skalnik.pl\/blog\/korona-gor-polski-lysica\/","robots":"max-image-preview:large","keywords":"","webmasterTools":{"miscellaneous":""},"schema":{"@context":"https:\/\/schema.org","@graph":[{"@type":"BlogPosting","@id":"https:\/\/www.skalnik.pl\/blog\/korona-gor-polski-lysica\/#blogposting","name":"Korona G\u00f3r Polski: \u0141ysica - blog Skalnik","headline":"Korona G\u00f3r Polski: \u0141ysica","author":{"@id":"https:\/\/www.skalnik.pl\/blog\/author\/anna-sliwa\/#author"},"publisher":{"@id":"https:\/\/www.skalnik.pl\/blog\/#organization"},"image":{"@type":"ImageObject","url":"https:\/\/www.skalnik.pl\/blog\/wp-content\/uploads\/2024\/01\/swietokrzyskie-mountains-5580604_1920.jpg","width":1920,"height":705},"datePublished":"2024-09-05T10:40:31+02:00","dateModified":"2024-08-27T10:40:35+02:00","inLanguage":"pl-PL","mainEntityOfPage":{"@id":"https:\/\/www.skalnik.pl\/blog\/korona-gor-polski-lysica\/#webpage"},"isPartOf":{"@id":"https:\/\/www.skalnik.pl\/blog\/korona-gor-polski-lysica\/#webpage"},"articleSection":"Pasja, korona g\u00f3r polski"},{"@type":"BreadcrumbList","@id":"https:\/\/www.skalnik.pl\/blog\/korona-gor-polski-lysica\/#breadcrumblist","itemListElement":[{"@type":"ListItem","@id":"https:\/\/www.skalnik.pl\/blog#listItem","position":1,"name":"Home","item":"https:\/\/www.skalnik.pl\/blog","nextItem":{"@type":"ListItem","@id":"https:\/\/www.skalnik.pl\/blog\/.\/pasja\/#listItem","name":"Pasja"}},{"@type":"ListItem","@id":"https:\/\/www.skalnik.pl\/blog\/.\/pasja\/#listItem","position":2,"name":"Pasja","item":"https:\/\/www.skalnik.pl\/blog\/.\/pasja\/","nextItem":{"@type":"ListItem","@id":"https:\/\/www.skalnik.pl\/blog\/korona-gor-polski-lysica\/#listItem","name":"Korona G\u00f3r Polski: \u0141ysica"},"previousItem":{"@type":"ListItem","@id":"https:\/\/www.skalnik.pl\/blog#listItem","name":"Home"}},{"@type":"ListItem","@id":"https:\/\/www.skalnik.pl\/blog\/korona-gor-polski-lysica\/#listItem","position":3,"name":"Korona G\u00f3r Polski: \u0141ysica","previousItem":{"@type":"ListItem","@id":"https:\/\/www.skalnik.pl\/blog\/.\/pasja\/#listItem","name":"Pasja"}}]},{"@type":"Organization","@id":"https:\/\/www.skalnik.pl\/blog\/#organization","name":"blog Skalnik","description":"Blog, porady, artyku\u0142y - blog Skalnik","url":"https:\/\/www.skalnik.pl\/blog\/"},{"@type":"Person","@id":"https:\/\/www.skalnik.pl\/blog\/author\/anna-sliwa\/#author","url":"https:\/\/www.skalnik.pl\/blog\/author\/anna-sliwa\/","name":"Anna \u015aliwa","image":{"@type":"ImageObject","@id":"https:\/\/www.skalnik.pl\/blog\/korona-gor-polski-lysica\/#authorImage","url":"https:\/\/secure.gravatar.com\/avatar\/e8300be3de710e2e109e5dfbf092dcf827242ec8071807a1e13f6b3f7c9bbd79?s=96&d=mm&r=g","width":96,"height":96,"caption":"Anna \u015aliwa"}},{"@type":"WebPage","@id":"https:\/\/www.skalnik.pl\/blog\/korona-gor-polski-lysica\/#webpage","url":"https:\/\/www.skalnik.pl\/blog\/korona-gor-polski-lysica\/","name":"Korona G\u00f3r Polski: \u0141ysica - blog Skalnik","description":"\u0141ysica jest najwy\u017cszym szczytem G\u00f3r \u015awi\u0119tokrzyskich. Sprawd\u017a jak zorganizowa\u0107 wycieczk\u0119 na ten szczyt nale\u017c\u0105cy do Korony G\u00f3r Polski.","inLanguage":"pl-PL","isPartOf":{"@id":"https:\/\/www.skalnik.pl\/blog\/#website"},"breadcrumb":{"@id":"https:\/\/www.skalnik.pl\/blog\/korona-gor-polski-lysica\/#breadcrumblist"},"author":{"@id":"https:\/\/www.skalnik.pl\/blog\/author\/anna-sliwa\/#author"},"creator":{"@id":"https:\/\/www.skalnik.pl\/blog\/author\/anna-sliwa\/#author"},"image":{"@type":"ImageObject","url":"https:\/\/www.skalnik.pl\/blog\/wp-content\/uploads\/2024\/01\/swietokrzyskie-mountains-5580604_1920.jpg","@id":"https:\/\/www.skalnik.pl\/blog\/korona-gor-polski-lysica\/#mainImage","width":1920,"height":705},"primaryImageOfPage":{"@id":"https:\/\/www.skalnik.pl\/blog\/korona-gor-polski-lysica\/#mainImage"},"datePublished":"2024-09-05T10:40:31+02:00","dateModified":"2024-08-27T10:40:35+02:00"},{"@type":"WebSite","@id":"https:\/\/www.skalnik.pl\/blog\/#website","url":"https:\/\/www.skalnik.pl\/blog\/","name":"blog Skalnik","description":"Blog, porady, artyku\u0142y - blog Skalnik","inLanguage":"pl-PL","publisher":{"@id":"https:\/\/www.skalnik.pl\/blog\/#organization"}}]},"og:locale":"pl_PL","og:site_name":"blog Skalnik - Blog, porady, artyku\u0142y - blog Skalnik","og:type":"article","og:title":"Korona G\u00f3r Polski: \u0141ysica - blog Skalnik","og:description":"\u0141ysica jest najwy\u017cszym szczytem G\u00f3r \u015awi\u0119tokrzyskich. Sprawd\u017a jak zorganizowa\u0107 wycieczk\u0119 na ten szczyt nale\u017c\u0105cy do Korony G\u00f3r Polski.","og:url":"https:\/\/www.skalnik.pl\/blog\/korona-gor-polski-lysica\/","og:image":"https:\/\/www.skalnik.pl\/blog\/wp-content\/uploads\/2024\/01\/DSCN3189-min-1024x768.jpg","og:image:secure_url":"https:\/\/www.skalnik.pl\/blog\/wp-content\/uploads\/2024\/01\/DSCN3189-min-1024x768.jpg","article:tag":["pasja","korona g\u00f3r polski"],"article:published_time":"2024-09-05T08:40:31+00:00","article:modified_time":"2024-08-27T08:40:35+00:00","twitter:card":"summary_large_image","twitter:title":"Korona G\u00f3r Polski: \u0141ysica - blog Skalnik","twitter:description":"\u0141ysica jest najwy\u017cszym szczytem G\u00f3r \u015awi\u0119tokrzyskich. Sprawd\u017a jak zorganizowa\u0107 wycieczk\u0119 na ten szczyt nale\u017c\u0105cy do Korony G\u00f3r Polski.","twitter:image":"https:\/\/www.skalnik.pl\/blog\/wp-content\/uploads\/2024\/01\/DSCN3189-min-1024x768.jpg"},"aioseo_meta_data":{"post_id":"25381","title":null,"description":"\u0141ysica jest najwy\u017cszym szczytem G\u00f3r \u015awi\u0119tokrzyskich. Sprawd\u017a jak zorganizowa\u0107 wycieczk\u0119 na ten szczyt nale\u017c\u0105cy do Korony G\u00f3r Polski.","keywords":[],"keyphrases":{"focus":{"keyphrase":"\u0141ysica, G\u00f3ry \u015awi\u0119tokrzyskie, KGP, Korona G\u00f3r Polski, \u015awi\u0119ta Katarzyna, \u0141ysog\u00f3ry ","score":32,"analysis":{"keyphraseInTitle":{"score":3,"maxScore":9,"error":1},"keyphraseInDescription":{"score":3,"maxScore":9,"error":1},"keyphraseLength":{"score":3,"maxScore":9,"error":1,"length":10},"keyphraseInURL":{"score":1,"maxScore":5,"error":1},"keyphraseInIntroduction":{"score":3,"maxScore":9,"error":1},"keyphraseInSubHeadings":{"score":3,"maxScore":9,"error":1},"keyphraseInImageAlt":{"score":3,"maxScore":9,"error":1}}},"additional":[]},"primary_term":null,"canonical_url":null,"og_title":null,"og_description":null,"og_object_type":"default","og_image_type":"default","og_image_url":null,"og_image_width":null,"og_image_height":null,"og_image_custom_url":null,"og_image_custom_fields":null,"og_video":"","og_custom_url":null,"og_article_section":null,"og_article_tags":[],"twitter_use_og":false,"twitter_card":"default","twitter_image_type":"default","twitter_image_url":null,"twitter_image_custom_url":null,"twitter_image_custom_fields":null,"twitter_title":null,"twitter_description":null,"schema":{"blockGraphs":[],"customGraphs":[],"default":{"data":{"Article":[],"Course":[],"Dataset":[],"FAQPage":[],"Movie":[],"Person":[],"Product":[],"ProductReview":[],"Car":[],"Recipe":[],"Service":[],"SoftwareApplication":[],"WebPage":[]},"graphName":"","isEnabled":true},"graphs":[]},"schema_type":"default","schema_type_options":null,"pillar_content":false,"robots_default":true,"robots_noindex":false,"robots_noarchive":false,"robots_nosnippet":false,"robots_nofollow":false,"robots_noimageindex":false,"robots_noodp":false,"robots_notranslate":false,"robots_max_snippet":"-1","robots_max_videopreview":"-1","robots_max_imagepreview":"large","priority":null,"frequency":"default","local_seo":null,"breadcrumb_settings":null,"limit_modified_date":false,"ai":null,"created":"2024-01-14 21:46:44","updated":"2026-02-17 22:56:31","seo_analyzer_scan_date":null},"aioseo_breadcrumb":"<div class=\"aioseo-breadcrumbs\"><span class=\"aioseo-breadcrumb\">\n\t\t\t<a href=\"https:\/\/www.skalnik.pl\/blog\" title=\"Home\">Home<\/a>\n\t\t<\/span><span class=\"aioseo-breadcrumb-separator\">&raquo;<\/span><span class=\"aioseo-breadcrumb\">\n\t\t\t<a href=\"https:\/\/www.skalnik.pl\/blog\/.\/pasja\/\" title=\"Pasja\">Pasja<\/a>\n\t\t<\/span><span class=\"aioseo-breadcrumb-separator\">&raquo;<\/span><span class=\"aioseo-breadcrumb\">\n\t\t\tKorona G\u00f3r Polski: \u0141ysica\n\t\t<\/span><\/div>","aioseo_breadcrumb_json":[{"label":"Home","link":"https:\/\/www.skalnik.pl\/blog"},{"label":"Pasja","link":"https:\/\/www.skalnik.pl\/blog\/.\/pasja\/"},{"label":"Korona G\u00f3r Polski: \u0141ysica","link":"https:\/\/www.skalnik.pl\/blog\/korona-gor-polski-lysica\/"}],"_links":{"self":[{"href":"https:\/\/www.skalnik.pl\/blog\/wp-json\/wp\/v2\/posts\/25381","targetHints":{"allow":["GET"]}}],"collection":[{"href":"https:\/\/www.skalnik.pl\/blog\/wp-json\/wp\/v2\/posts"}],"about":[{"href":"https:\/\/www.skalnik.pl\/blog\/wp-json\/wp\/v2\/types\/post"}],"author":[{"embeddable":true,"href":"https:\/\/www.skalnik.pl\/blog\/wp-json\/wp\/v2\/users\/41"}],"replies":[{"embeddable":true,"href":"https:\/\/www.skalnik.pl\/blog\/wp-json\/wp\/v2\/comments?post=25381"}],"version-history":[{"count":2,"href":"https:\/\/www.skalnik.pl\/blog\/wp-json\/wp\/v2\/posts\/25381\/revisions"}],"predecessor-version":[{"id":26504,"href":"https:\/\/www.skalnik.pl\/blog\/wp-json\/wp\/v2\/posts\/25381\/revisions\/26504"}],"wp:featuredmedia":[{"embeddable":true,"href":"https:\/\/www.skalnik.pl\/blog\/wp-json\/wp\/v2\/media\/25382"}],"wp:attachment":[{"href":"https:\/\/www.skalnik.pl\/blog\/wp-json\/wp\/v2\/media?parent=25381"}],"wp:term":[{"taxonomy":"category","embeddable":true,"href":"https:\/\/www.skalnik.pl\/blog\/wp-json\/wp\/v2\/categories?post=25381"},{"taxonomy":"post_tag","embeddable":true,"href":"https:\/\/www.skalnik.pl\/blog\/wp-json\/wp\/v2\/tags?post=25381"},{"taxonomy":"magento_category","embeddable":true,"href":"https:\/\/www.skalnik.pl\/blog\/wp-json\/wp\/v2\/magento_category?post=25381"},{"taxonomy":"magento_product","embeddable":true,"href":"https:\/\/www.skalnik.pl\/blog\/wp-json\/wp\/v2\/magento_product?post=25381"}],"curies":[{"name":"wp","href":"https:\/\/api.w.org\/{rel}","templated":true}]}}