{"id":25406,"date":"2024-01-18T09:06:02","date_gmt":"2024-01-18T07:06:02","guid":{"rendered":"https:\/\/www.skalnik.pl\/blog\/?p=25406"},"modified":"2024-02-12T14:00:49","modified_gmt":"2024-02-12T12:00:49","slug":"odlo-bielizna-termoaktywna-na-zime","status":"publish","type":"post","link":"https:\/\/www.skalnik.pl\/blog\/odlo-bielizna-termoaktywna-na-zime\/","title":{"rendered":"Odlo &#8211; bielizna termoaktywna na zim\u0119"},"content":{"rendered":"\n<p><strong>Zima to niezwykle wymagaj\u0105cy czas dla ka\u017cdego, kto uprawia sport lub jest mi\u0142o\u015bnikiem r\u00f3\u017cnych outdoorowych aktywno\u015bci. Je\u015bli chodzisz zim\u0105 po g\u00f3rach, biegasz, je\u017adzisz na nartach, czy w uprawiasz inn\u0105 aktywno\u015b\u0107 na \u015bwie\u017cym powietrzu, wiesz na pewno jak ci\u0119\u017cko o tej porze roku zachowa\u0107 komfort termiczny. I tu w\u0142a\u015bnie wkracza Odlo, marka o skandynawskich korzeniach, kt\u00f3ra kilkadziesi\u0105t lat temu zrewolucjonizowa\u0142a podej\u015bcie do outdoorowej i sportowej odzie\u017cy. Zapraszam na przegl\u0105d bielizny termo na zim\u0119 od Odlo.<\/strong><\/p>\n\n\n\n<div id=\"ez-toc-container\" class=\"ez-toc-v2_0_85 counter-hierarchy ez-toc-counter ez-toc-light-blue ez-toc-container-direction\">\n<div class=\"ez-toc-title-container\">\n<p class=\"ez-toc-title\" style=\"cursor:inherit\">SPIS TRE\u015aCI <\/p>\n<span class=\"ez-toc-title-toggle\"><a href=\"#\" class=\"ez-toc-pull-right ez-toc-btn ez-toc-btn-xs ez-toc-btn-default ez-toc-toggle\" aria-label=\"Prze\u0142\u0105cznik Spisu Tre\u015bci\"><span class=\"ez-toc-js-icon-con\"><span class=\"\"><span class=\"eztoc-hide\" style=\"display:none;\">Toggle<\/span><span class=\"ez-toc-icon-toggle-span\"><svg style=\"fill: #999;color:#999\" xmlns=\"http:\/\/www.w3.org\/2000\/svg\" class=\"list-377408\" width=\"20px\" height=\"20px\" viewBox=\"0 0 24 24\" fill=\"none\"><path d=\"M6 6H4v2h2V6zm14 0H8v2h12V6zM4 11h2v2H4v-2zm16 0H8v2h12v-2zM4 16h2v2H4v-2zm16 0H8v2h12v-2z\" fill=\"currentColor\"><\/path><\/svg><svg style=\"fill: #999;color:#999\" class=\"arrow-unsorted-368013\" xmlns=\"http:\/\/www.w3.org\/2000\/svg\" width=\"10px\" height=\"10px\" viewBox=\"0 0 24 24\" version=\"1.2\" baseProfile=\"tiny\"><path d=\"M18.2 9.3l-6.2-6.3-6.2 6.3c-.2.2-.3.4-.3.7s.1.5.3.7c.2.2.4.3.7.3h11c.3 0 .5-.1.7-.3.2-.2.3-.5.3-.7s-.1-.5-.3-.7zM5.8 14.7l6.2 6.3 6.2-6.3c.2-.2.3-.5.3-.7s-.1-.5-.3-.7c-.2-.2-.4-.3-.7-.3h-11c-.3 0-.5.1-.7.3-.2.2-.3.5-.3.7s.1.5.3.7z\"\/><\/svg><\/span><\/span><\/span><\/a><\/span><\/div>\n<nav><ul class='ez-toc-list ez-toc-list-level-1 ' ><li class='ez-toc-page-1 ez-toc-heading-level-2'><a class=\"ez-toc-link ez-toc-heading-1\" href=\"https:\/\/www.skalnik.pl\/blog\/odlo-bielizna-termoaktywna-na-zime\/#Norweskie_korzenie_i_szwajcarska_technologia\" >Norweskie korzenie i szwajcarska technologia<\/a><\/li><li class='ez-toc-page-1 ez-toc-heading-level-2'><a class=\"ez-toc-link ez-toc-heading-2\" href=\"https:\/\/www.skalnik.pl\/blog\/odlo-bielizna-termoaktywna-na-zime\/#Bielizna_Odlo_%E2%80%93_komfort_dla_skory\" >Bielizna Odlo \u2013 komfort dla sk\u00f3ry<\/a><\/li><li class='ez-toc-page-1 ez-toc-heading-level-2'><a class=\"ez-toc-link ez-toc-heading-3\" href=\"https:\/\/www.skalnik.pl\/blog\/odlo-bielizna-termoaktywna-na-zime\/#Odlo_Performance_%E2%80%93_bielizna_do_zadan_specjalnych\" >Odlo Performance \u2013 bielizna do zada\u0144 specjalnych<\/a><\/li><li class='ez-toc-page-1 ez-toc-heading-level-2'><a class=\"ez-toc-link ez-toc-heading-4\" href=\"https:\/\/www.skalnik.pl\/blog\/odlo-bielizna-termoaktywna-na-zime\/#POW_Blackcomb_%E2%80%93_bielizna_na_narty\" >POW Blackcomb \u2013 bielizna na narty<\/a><\/li><li class='ez-toc-page-1 ez-toc-heading-level-2'><a class=\"ez-toc-link ez-toc-heading-5\" href=\"https:\/\/www.skalnik.pl\/blog\/odlo-bielizna-termoaktywna-na-zime\/#Odlo_Natural_%E2%80%93_komfort_welny_merino\" >Odlo Natural \u2013 komfort we\u0142ny merino<\/a><\/li><li class='ez-toc-page-1 ez-toc-heading-level-2'><a class=\"ez-toc-link ez-toc-heading-6\" href=\"https:\/\/www.skalnik.pl\/blog\/odlo-bielizna-termoaktywna-na-zime\/#Odlo_Active_%E2%80%93_zima_w_wydaniu_aktywnym\" >Odlo Active \u2013 zima w wydaniu aktywnym<\/a><\/li><\/ul><\/nav><\/div>\n<h2 class=\"wp-block-heading\"><span class=\"ez-toc-section\" id=\"Norweskie_korzenie_i_szwajcarska_technologia\"><\/span>Norweskie korzenie i szwajcarska technologia<span class=\"ez-toc-section-end\"><\/span><\/h2>\n\n\n\n<p>Tr\u00f3jwarstwowy system odzie\u017cy jest czym\u015b, co jest dzi\u015b oczywiste dla ka\u017cdego, kto aktywnie sp\u0119dza czas na \u015bwie\u017cym powietrzu w mniej sprzyjaj\u0105cych warunkach pogodowych. Ale nie zawsze tak by\u0142o. To w\u0142a\u015bnie konstruktorzy Odlo kilkadziesi\u0105t lat temu stworzyli tak\u0105 koncepcj\u0119 odzie\u017cy outdoorowej.<\/p>\n\n\n\n<p>Marka Odlo powsta\u0142a w 1946 r. w Norwegii, a jej tw\u00f3rc\u0105 by\u0142 Odd Roar Lofterod Senior. Jej oferta inspirowana by\u0142a popularnymi w Skandynawii sportami &#8211; narciarstwem biegowym oraz \u0142y\u017cwiarstwem szybkim. Dzi\u0119ki innowacyjnemu podej\u015bciu do odzie\u017cy i bielizny marka bardzo szybko sta\u0142a si\u0119 potentatem na lokalnym rynku sportowym i outdoorowym, ale prze\u0142omem by\u0142o uszycie termicznego i aerodynamicznego kombinezonu do \u0142y\u017cwiarstwa szybkiego w po\u0142owie lat sze\u015b\u0107dziesi\u0105tych. Odlo wkroczy\u0142o na rynek mi\u0119dzynarodowy i na Igrzyskach w Sapporo w 1972 r. ju\u017c 22 ekipy narodowe korzysta\u0142y z bielizny i odzie\u017cy Odlo.<\/p>\n\n\n<div class=\"wp-block-image\">\n<figure class=\"aligncenter size-large\"><img loading=\"lazy\" decoding=\"async\" width=\"1024\" height=\"683\" src=\"https:\/\/www.skalnik.pl\/blog\/wp-content\/uploads\/2024\/01\/FW23_CrossCountry_Couple-13-min-1024x683.jpg\" alt=\"\" class=\"wp-image-25409\" srcset=\"https:\/\/www.skalnik.pl\/blog\/wp-content\/uploads\/2024\/01\/FW23_CrossCountry_Couple-13-min-1024x683.jpg 1024w, https:\/\/www.skalnik.pl\/blog\/wp-content\/uploads\/2024\/01\/FW23_CrossCountry_Couple-13-min-300x200.jpg 300w, https:\/\/www.skalnik.pl\/blog\/wp-content\/uploads\/2024\/01\/FW23_CrossCountry_Couple-13-min-768x512.jpg 768w\" sizes=\"auto, (max-width: 1024px) 100vw, 1024px\" \/><figcaption class=\"wp-element-caption\"><em>Skandynawskie inspiracje i szwajcarska technologia &#8211; odzie\u017c Odlo to doskona\u0142y wyb\u00f3r do aktywno\u015bci przez ca\u0142y rok (fot. Odlo)<\/em><\/figcaption><\/figure>\n<\/div>\n\n\n<p>Ca\u0142\u0105 histori\u0119 marki wyznacza rozw\u00f3j technologii i konstrukcji z wykorzystaniem najnowszych osi\u0105gni\u0119\u0107 nauki. Proces ten przyspieszy\u0142, gdy w 1986 r. Odd Roar Lofterod Junior przeni\u00f3s\u0142 siedzib\u0119 firmy do Szwajcarii. To tu rozpocz\u0119to opracowywanie i produkcj\u0119 tr\u00f3jwarstwowego systemu odzie\u017cy, a do ubra\u0144 dla narciarzy i \u0142y\u017cwiarzy stopniowo do\u0142\u0105czano kolekcje trekkingowe, biegowe i rowerowe.<\/p>\n\n\n\n<p>Dzi\u015b z Odlo mo\u017ce ubra\u0107 si\u0119 ka\u017cdy mi\u0142o\u015bnik aktywno\u015bci na \u015bwie\u017cym powietrzu. Wszystkie kolekcje oparte s\u0105 na koncepcji tr\u00f3jwarstwowej i tworz\u0105 system, kt\u00f3ry zapewnia komfort termiczny o ka\u017cdej porze roku.<\/p>\n\n\n\n<h2 class=\"wp-block-heading\"><span class=\"ez-toc-section\" id=\"Bielizna_Odlo_%E2%80%93_komfort_dla_skory\"><\/span>Bielizna Odlo \u2013 komfort dla sk\u00f3ry<span class=\"ez-toc-section-end\"><\/span><\/h2>\n\n\n\n<p>Ubieraj\u0105c si\u0119 na trekking, narty, bieg czy inne zimowe aktywno\u015bci, na pewno korzystasz z tr\u00f3jwarstwowej koncepcji ubioru. Jego podstaw\u0105 jest bielizna, najbli\u017csza sk\u00f3rze i odpowiadaj\u0105ca za komfort termiczny i gospodark\u0119 wilgoci\u0105 powstaj\u0105c\u0105 w naturalny spos\u00f3b podczas ruchu. W produkcji bielizny Odlo si\u0119ga po najnowsze technologie, kt\u00f3re pomagaj\u0105 utrzyma\u0107 prawid\u0142ow\u0105 termik\u0119.<\/p>\n\n\n<div class=\"wp-block-image\">\n<figure class=\"aligncenter size-large\"><img loading=\"lazy\" decoding=\"async\" width=\"1024\" height=\"683\" src=\"https:\/\/www.skalnik.pl\/blog\/wp-content\/uploads\/2024\/01\/FW23_CrossCountry_Couple-5-min-1024x683.jpg\" alt=\"\" class=\"wp-image-25411\" srcset=\"https:\/\/www.skalnik.pl\/blog\/wp-content\/uploads\/2024\/01\/FW23_CrossCountry_Couple-5-min-1024x683.jpg 1024w, https:\/\/www.skalnik.pl\/blog\/wp-content\/uploads\/2024\/01\/FW23_CrossCountry_Couple-5-min-300x200.jpg 300w, https:\/\/www.skalnik.pl\/blog\/wp-content\/uploads\/2024\/01\/FW23_CrossCountry_Couple-5-min-768x512.jpg 768w\" sizes=\"auto, (max-width: 1024px) 100vw, 1024px\" \/><figcaption class=\"wp-element-caption\"><em>Odlo &#8211; marka, kt\u00f3ra stworzy\u0142a tr\u00f3jwarstwowy system odzie\u017cy outdoorowej (fot. Odlo)<\/em><\/figcaption><\/figure>\n<\/div>\n\n\n<p>Od pocz\u0105tku XXI w. Odlo w\u0142\u0105cza si\u0119 w \u015bwiatowy trend produkcji zr\u00f3wnowa\u017conej. Marka nale\u017cy do Fair Wear Foundation (FWF) i Sustainable Apparel Coalition (SAC), a we wsp\u00f3\u0142pracy z kontrahentami kieruje si\u0119 Kodeksem Post\u0119powania ODLO. Do produkcji u\u017cywane s\u0105 w\u0142\u00f3kna naturalne oraz pochodz\u0105ce z recyklingu. Bielizna Odlo posiada certyfikat STANDARD 100 by OEKO-TEX\u00ae, dzi\u0119ki czemu mo\u017cesz by\u0107 pewien, \u017ce jest przyjazna dla sk\u00f3ry.<\/p>\n\n\n\n<h2 class=\"wp-block-heading\"><span class=\"ez-toc-section\" id=\"Odlo_Performance_%E2%80%93_bielizna_do_zadan_specjalnych\"><\/span>Odlo Performance \u2013 bielizna do zada\u0144 specjalnych<span class=\"ez-toc-section-end\"><\/span><\/h2>\n\n\n\n<p>Performance to kolekcja Odlo przeznaczona do bardzo intensywnych i zr\u00f3\u017cnicowanych aktywno\u015bci. Mo\u017cesz jej u\u017cywa\u0107 do biegania, jazdy na nartach lub jazdy na rowerze. Na zim\u0119 mo\u017cesz wybra\u0107 spo\u015br\u00f3d jej dw\u00f3ch rodzaj\u00f3w:<\/p>\n\n\n\n<ul class=\"wp-block-list\">\n<li><strong>Performance Warm<\/strong> \u2013 to ciep\u0142a i jednocze\u015bnie oddychaj\u0105ca bielizna wykonana z w\u0142\u00f3kien syntetycznych pochodz\u0105cych w zdecydowanej wi\u0119kszo\u015bci z recyklingu. Zastosowano w niej technologi\u0119 organicznego bodymappingu, dzi\u0119ki czemu utrzymuje temperatur\u0119 i odprowadza wilgo\u0107 dok\u0142adnie tam, gdzie to konieczne. Wyposa\u017cona jest w specjalne strefy wentylacyjne, kt\u00f3re zapobiegaj\u0105 poceniu si\u0119. W kolekcji znajdziesz koszulki z d\u0142ugim r\u0119kawem o zr\u00f3\u017cnicowanym wyko\u0144czeniu pod szyj\u0105 (podkr\u00f3j, p\u00f3\u0142golf z zamkiem, golf z os\u0142on\u0105 dolnej cz\u0119\u015bci twarzy) oraz leginsy o d\u0142ugo\u015bci pe\u0142nej i 3\/4. Bezszwowa konstrukcja i idealne dopasowanie do cia\u0142a pozwalaj\u0105 na pe\u0142n\u0105 swobod\u0119 ruchu, a technologia ZeroScent zapobiega powstawaniu nieprzyjemnego zapachu.<\/li>\n\n\n\n<li><strong>Performance Wool<\/strong> \u2013 bielizna wykonana z mieszanki we\u0142ny merino z w\u0142\u00f3knami syntetycznymi. Dedykowana jest na zimowe trekkingi oraz do uprawiania narciarstwa zjazdowego. Dzi\u0119ki we\u0142nie merino ma naturalne w\u0142a\u015bciwo\u015bci termoregulacyjne, a przy tym jest mi\u0119kka i przyjemna w dotyku.&nbsp;<\/li>\n<\/ul>\n\n\n<p>\t<div class=\"magento-wrapper\">\n\t\t<ul class=\"products\">\n\t\t\t<li class=\"product\">\n\t\n\t\t<div class=\"image\">\n\t\t\t<a href=\"https:\/\/www.skalnik.pl\/leginsy-performance-light-bl-bottom-long-women-black-1005537\" target=\"_self\">\n\t\t\t\t\t\t<img\n\t\t\tsrc=\"https:\/\/www.skalnik.pl\/media\/catalog\/product\/l\/e\/leginsy-performance-light-bl-bottom-long-women-black-1005537_2.jpg\"\n\t\t\talt=\"LEGINSY PERFORMANCE LIGHT BL BOTTOM LONG WOMEN-BLACK\"\n\t\t\t\t\t\t\t\t\/>\n\t\t\t\t\t<\/a>\n\t\t<\/div>\n\n\t\t\n\t\t<a href=\"https:\/\/www.skalnik.pl\/leginsy-performance-light-bl-bottom-long-women-black-1005537\" target=\"_self\"><span class=\"name\">LEGINSY PERFORMANCE LIGHT BL BOTTOM LONG WOMEN-BLACK<\/span><\/a>\t\n\t\n\t\n\t<div class=\"url\"><a class=\"view-details\" href=\"https:\/\/www.skalnik.pl\/leginsy-performance-light-bl-bottom-long-women-black-1005537\">Zobacz wi\u0119cej <\/a><\/div><\/li>\n<li class=\"product\">\n\t\n\t\t<div class=\"image\">\n\t\t\t<a href=\"https:\/\/www.skalnik.pl\/koszulka-performance-warm-eco-bl-top-turtle-neck-ls-half-zip-black-odlo-graphite-grey-1005587\" target=\"_self\">\n\t\t\t\t\t\t<img\n\t\t\tsrc=\"https:\/\/www.skalnik.pl\/media\/catalog\/product\/k\/o\/koszulka-performance-warm-eco-bl-top-turtle-neck-ls-half-zip-black-odlo-graphite-grey-1005587_2.jpg\"\n\t\t\talt=\"KOSZULKA PERFORMANCE WARM ECO BL TOP TURTLE NECK LS HALF ZIP-BLACK-ODLO GRAPHITE GREY\"\n\t\t\t\t\t\t\t\t\/>\n\t\t\t\t\t<\/a>\n\t\t<\/div>\n\n\t\t\n\t\t<a href=\"https:\/\/www.skalnik.pl\/koszulka-performance-warm-eco-bl-top-turtle-neck-ls-half-zip-black-odlo-graphite-grey-1005587\" target=\"_self\"><span class=\"name\">KOSZULKA PERFORMANCE WARM ECO BL TOP TURTLE NECK LS HALF ZIP-BLACK-ODLO GRAPHITE GREY<\/span><\/a>\t\n\t\n\t\n\t<div class=\"url\"><a class=\"view-details\" href=\"https:\/\/www.skalnik.pl\/koszulka-performance-warm-eco-bl-top-turtle-neck-ls-half-zip-black-odlo-graphite-grey-1005587\">Zobacz wi\u0119cej <\/a><\/div><\/li>\n<li class=\"product\">\n\t\n\t\t<div class=\"image\">\n\t\t\t<a href=\"https:\/\/www.skalnik.pl\/koszulka-performance-warm-eco-bl-top-crew-neck-ls-women-black-odlo-graphite-grey-1005596\" target=\"_self\">\n\t\t\t\t\t\t<img\n\t\t\tsrc=\"https:\/\/www.skalnik.pl\/media\/catalog\/product\/k\/o\/koszulka-performance-warm-eco-bl-top-crew-neck-ls-women-black-odlo-graphite-grey-1005596_2.jpg\"\n\t\t\talt=\"KOSZULKA PERFORMANCE WARM ECO BL TOP CREW NECK LS WOMEN-BLACK-ODLO GRAPHITE GREY\"\n\t\t\t\t\t\t\t\t\/>\n\t\t\t\t\t<\/a>\n\t\t<\/div>\n\n\t\t\n\t\t<a href=\"https:\/\/www.skalnik.pl\/koszulka-performance-warm-eco-bl-top-crew-neck-ls-women-black-odlo-graphite-grey-1005596\" target=\"_self\"><span class=\"name\">KOSZULKA PERFORMANCE WARM ECO BL TOP CREW NECK LS WOMEN-BLACK-ODLO GRAPHITE GREY<\/span><\/a>\t\n\t\n\t\n\t<div class=\"url\"><a class=\"view-details\" href=\"https:\/\/www.skalnik.pl\/koszulka-performance-warm-eco-bl-top-crew-neck-ls-women-black-odlo-graphite-grey-1005596\">Zobacz wi\u0119cej <\/a><\/div><\/li>\n\t\t<\/ul>\n\t<\/div>\n7<\/p>\n\n\n\n<h2 class=\"wp-block-heading\"><span class=\"ez-toc-section\" id=\"POW_Blackcomb_%E2%80%93_bielizna_na_narty\"><\/span>POW Blackcomb \u2013 bielizna na narty<span class=\"ez-toc-section-end\"><\/span><\/h2>\n\n\n\n<p>Seria bielizny <strong>POW Blackcomb<\/strong> dedykowana jest <strong>dla narciarzy<\/strong>, zar\u00f3wno na stoki, jak i na skitury czy do narciarstwa biegowego. Sprawdzi si\u0119 tak\u017ce podczas zimowych bieg\u00f3w. To ciep\u0142e koszulki z r\u00f3\u017cnym wyko\u0144czeniem pod szyj\u0105 oraz leginsy wykonane z funkcjonalnych w\u0142\u00f3kien syntetycznych. Zapewniaj\u0105 doskona\u0142\u0105 izolacj\u0119 po\u0142\u0105czon\u0105 ze sprawnym odprowadzaniem wilgoci dzi\u0119ki organicznemu bodymappingowi. <\/p>\n\n\n<div class=\"wp-block-image\">\n<figure class=\"aligncenter size-large\"><img loading=\"lazy\" decoding=\"async\" width=\"1024\" height=\"683\" src=\"https:\/\/www.skalnik.pl\/blog\/wp-content\/uploads\/2024\/01\/FW23_SKI-TOURING_PRODUCT_01271-min-1024x683.jpg\" alt=\"\" class=\"wp-image-25410\" srcset=\"https:\/\/www.skalnik.pl\/blog\/wp-content\/uploads\/2024\/01\/FW23_SKI-TOURING_PRODUCT_01271-min-1024x683.jpg 1024w, https:\/\/www.skalnik.pl\/blog\/wp-content\/uploads\/2024\/01\/FW23_SKI-TOURING_PRODUCT_01271-min-300x200.jpg 300w, https:\/\/www.skalnik.pl\/blog\/wp-content\/uploads\/2024\/01\/FW23_SKI-TOURING_PRODUCT_01271-min-768x512.jpg 768w, https:\/\/www.skalnik.pl\/blog\/wp-content\/uploads\/2024\/01\/FW23_SKI-TOURING_PRODUCT_01271-min-1536x1025.jpg 1536w\" sizes=\"auto, (max-width: 1024px) 100vw, 1024px\" \/><figcaption class=\"wp-element-caption\"><em>Blackcomb to seria bielizny stworzona do potrzeb narciarzy (fot. Odlo)<\/em><\/figcaption><\/figure>\n<\/div>\n\n\n<p>Technologia antybakteryjna ZeroScent oparta na naturalnych sk\u0142adnikach sprawia, \u017ce bielizna d\u0142u\u017cej pozostaje \u015bwie\u017ca, a jej konstrukcja zapewnia du\u017c\u0105 swobod\u0119 ruchu. Seria POW Blackcomb powsta\u0142a we wsp\u00f3\u0142pracy ze szwajcarsk\u0105 NGO\u2019s Protect Our Winter (POW) i jej design inspirowany jest \u015bniegiem.<\/p>\n\n\n\t<div class=\"magento-wrapper\">\n\t\t<ul class=\"products\">\n\t\t\t<li class=\"product\">\n\t\n\t\t<div class=\"image\">\n\t\t\t<a href=\"https:\/\/www.skalnik.pl\/koszulka-blackcomb-eco-bl-top-crew-neck-ls-women-india-ink-1023045\" target=\"_self\">\n\t\t\t\t\t\t<img\n\t\t\tsrc=\"https:\/\/www.skalnik.pl\/media\/catalog\/product\/k\/o\/koszulka-blackcomb-eco-bl-top-crew-neck-ls-women-india-ink-1023045_1.jpg\"\n\t\t\talt=\"KOSZULKA BLACKCOMB ECO BL TOP CREW NECK LS WOMEN-INDIA INK\"\n\t\t\t\t\t\t\t\t\/>\n\t\t\t\t\t<\/a>\n\t\t<\/div>\n\n\t\t\n\t\t<a href=\"https:\/\/www.skalnik.pl\/koszulka-blackcomb-eco-bl-top-crew-neck-ls-women-india-ink-1023045\" target=\"_self\"><span class=\"name\">KOSZULKA BLACKCOMB ECO BL TOP CREW NECK LS WOMEN-INDIA INK<\/span><\/a>\t\n\t\n\t\n\t<div class=\"url\"><a class=\"view-details\" href=\"https:\/\/www.skalnik.pl\/koszulka-blackcomb-eco-bl-top-crew-neck-ls-women-india-ink-1023045\">Zobacz wi\u0119cej <\/a><\/div><\/li>\n<li class=\"product\">\n\t\n\t\t<div class=\"image\">\n\t\t\t<a href=\"https:\/\/www.skalnik.pl\/koszulka-blackcomb-eco-bl-top-facemask-ls-saxony-blue-1023034\" target=\"_self\">\n\t\t\t\t\t\t<img\n\t\t\tsrc=\"https:\/\/www.skalnik.pl\/media\/catalog\/product\/k\/o\/koszulka-blackcomb-eco-bl-top-facemask-ls-saxony-blue-1023034_2.jpg\"\n\t\t\talt=\"KOSZULKA BLACKCOMB ECO BL TOP FACEMASK LS-SAXONY BLUE\"\n\t\t\t\t\t\t\t\t\/>\n\t\t\t\t\t<\/a>\n\t\t<\/div>\n\n\t\t\n\t\t<a href=\"https:\/\/www.skalnik.pl\/koszulka-blackcomb-eco-bl-top-facemask-ls-saxony-blue-1023034\" target=\"_self\"><span class=\"name\">KOSZULKA BLACKCOMB ECO BL TOP FACEMASK LS-SAXONY BLUE<\/span><\/a>\t\n\t\n\t\n\t<div class=\"url\"><a class=\"view-details\" href=\"https:\/\/www.skalnik.pl\/koszulka-blackcomb-eco-bl-top-facemask-ls-saxony-blue-1023034\">Zobacz wi\u0119cej <\/a><\/div><\/li>\n<li class=\"product\">\n\t\n\t\t<div class=\"image\">\n\t\t\t<a href=\"https:\/\/www.skalnik.pl\/koszulka-black-1023205\" target=\"_self\">\n\t\t\t\t\t\t<img\n\t\t\tsrc=\"https:\/\/www.skalnik.pl\/media\/catalog\/product\/k\/o\/koszulka-black-1023205_1_2.jpeg\"\n\t\t\talt=\"KOSZULKA BLACKCOMB ECO BL TOP FACEMASK LS WOMEN-BLACK\"\n\t\t\t\t\t\t\t\t\/>\n\t\t\t\t\t<\/a>\n\t\t<\/div>\n\n\t\t\n\t\t<a href=\"https:\/\/www.skalnik.pl\/koszulka-black-1023205\" target=\"_self\"><span class=\"name\">KOSZULKA BLACKCOMB ECO BL TOP FACEMASK LS WOMEN-BLACK<\/span><\/a>\t\n\t\n\t\n\t<div class=\"url\"><a class=\"view-details\" href=\"https:\/\/www.skalnik.pl\/koszulka-black-1023205\">Zobacz wi\u0119cej <\/a><\/div><\/li>\n\t\t<\/ul>\n\t<\/div>\n\n\n\n\n<h2 class=\"wp-block-heading\"><span class=\"ez-toc-section\" id=\"Odlo_Natural_%E2%80%93_komfort_welny_merino\"><\/span>Odlo Natural \u2013 komfort we\u0142ny merino<span class=\"ez-toc-section-end\"><\/span><\/h2>\n\n\n\n<p>Seria bielizny <strong>Natural 200<\/strong> wykonana jest z czystej <strong>we\u0142ny merino<\/strong> o gramaturze 200 g\/m2. To naturalne w\u0142\u00f3kno zapewnia rewelacyjne w\u0142a\u015bciwo\u015bci termoregulacyjne, sprawne odprowadzanie wilgoci i niezr\u00f3wnany komfort przy sk\u00f3rze. Koszulki i leginsy z we\u0142ny merino s\u0105 antybakteryjne i maj\u0105 w\u0142a\u015bciwo\u015bci antyalergiczne, dzi\u0119ki czemu mo\u017cesz je nosi\u0107 nawet je\u015bli masz wra\u017cliw\u0105 sk\u00f3r\u0119. Nie powoduj\u0105 podra\u017cnie\u0144 i s\u0105 bardzo przyjemne w dotyku. Linia Natural przeznaczona jest g\u0142\u00f3wnie do trekking\u00f3w oraz na narty.<\/p>\n\n\n\n<h2 class=\"wp-block-heading\"><span class=\"ez-toc-section\" id=\"Odlo_Active_%E2%80%93_zima_w_wydaniu_aktywnym\"><\/span>Odlo Active \u2013 zima w wydaniu aktywnym<span class=\"ez-toc-section-end\"><\/span><\/h2>\n\n\n\n<p>Linia bielizny Active wyst\u0119puje w dw\u00f3ch wersjach<strong> Active Warm,<\/strong> dedykowana na temperatury od 0 do oko\u0142o -10\/-15 st. C oraz <strong>Active X-Warm<\/strong>, w kt\u00f3rej nie zmarzniesz nawet, gdy temperatury spadn\u0105 w granicach -20\/- 30 st. C. Przeznaczona jest na zimowe trekkingi oraz do uprawiania narciarstwa. Leginsy i koszulki o r\u00f3\u017cnym wyko\u0144czeniu pod szyj\u0105 maj\u0105 w\u0142a\u015bciwo\u015bci termoizolacyjne i oddychaj\u0105ce, dzi\u0119ki czemu pozwalaj\u0105 zachowa\u0107 komfort cieplny podczas aktywno\u015bci na mrozie. Wykonane s\u0105 mi\u0119kkiej dzianiny z poliestru z recyklingu wyko\u0144czonej technologi\u0105 antybakteryjn\u0105 ZeroScent.<\/p>\n\n\n\n<p class=\"has-white-color has-vivid-cyan-blue-background-color has-text-color has-background\">Kliknij w nazw\u0119 marki i zobacz pe\u0142n\u0105 ofert\u0119 produkt\u00f3w &#8211;&gt; <strong><a href=\"https:\/\/www.skalnik.pl\/odlo\" target=\"_blank\" rel=\"noopener\" title=\"\">Odlo<\/a><\/strong>.<\/p>\n\n\n\n<hr class=\"wp-block-separator has-alpha-channel-opacity is-style-dots\"\/>\n\n\n\n<p>W tr\u00f3jwarstwowej koncepcji ubioru outdoorowego bielizna zajmuje niezwykle wa\u017cne miejsce. Bez niej ca\u0142y system sypie si\u0119 i nie spe\u0142nia swojej funkcji. Je\u015bli szukasz zimowej bielizny termoaktywnej, kt\u00f3ra sprawi, \u017ce b\u0119dzie Ci ciep\u0142o, a jednocze\u015bnie nie b\u0119dziesz si\u0119 przegrzewa\u0107 podczas ruchu, zajrzyj do kolekcji Odlo. Na pewno znajdziesz koszulki i leginsy dopasowane do swoich potrzeb.<\/p>\n","protected":false},"excerpt":{"rendered":"<p>Zim\u0105 bielizna termo to podstawa komfortu termicznego na szlakach i trasach narciarskich. Poznaj kolekcj\u0119 bielizny termoaktywnej marki Odlo. <\/p>\n","protected":false},"author":41,"featured_media":25430,"comment_status":"closed","ping_status":"closed","sticky":false,"template":"","format":"standard","meta":{"_acf_changed":false,"footnotes":""},"categories":[5],"tags":[252],"magento_category":[53,170],"magento_product":[],"class_list":["post-25406","post","type-post","status-publish","format-standard","has-post-thumbnail","hentry","category-branza","tag-bielizna-termoaktywna"],"acf":[],"aioseo_notices":[],"aioseo_head":"\n\t\t<!-- All in One SEO 4.9.10 - aioseo.com -->\n\t<meta name=\"description\" content=\"Bielizna termoaktywna to podstawa zimowej odzie\u017cy outdoorowej. Poznaj bielizn\u0119 marki Odlo do r\u00f3\u017cnych aktywno\u015bci zimowych i zapewnij sobie komfort w mro\u017ane dni.\" \/>\n\t<meta name=\"robots\" content=\"max-image-preview:large\" \/>\n\t<meta name=\"author\" content=\"Anna \u015aliwa\"\/>\n\t<link rel=\"canonical\" href=\"https:\/\/www.skalnik.pl\/blog\/odlo-bielizna-termoaktywna-na-zime\/\" \/>\n\t<meta name=\"generator\" content=\"All in One SEO (AIOSEO) 4.9.10\" \/>\n\t\t<meta property=\"og:locale\" content=\"pl_PL\" \/>\n\t\t<meta property=\"og:site_name\" content=\"blog Skalnik - Blog, porady, artyku\u0142y - blog Skalnik\" \/>\n\t\t<meta property=\"og:type\" content=\"article\" \/>\n\t\t<meta property=\"og:title\" content=\"Odlo \u2013 bielizna termoaktywna na zim\u0119 - blog Skalnik\" \/>\n\t\t<meta property=\"og:description\" content=\"Bielizna termoaktywna to podstawa zimowej odzie\u017cy outdoorowej. Poznaj bielizn\u0119 marki Odlo do r\u00f3\u017cnych aktywno\u015bci zimowych i zapewnij sobie komfort w mro\u017ane dni.\" \/>\n\t\t<meta property=\"og:url\" content=\"https:\/\/www.skalnik.pl\/blog\/odlo-bielizna-termoaktywna-na-zime\/\" \/>\n\t\t<meta property=\"og:image\" content=\"https:\/\/www.skalnik.pl\/blog\/wp-content\/uploads\/2024\/01\/FW23_CrossCountry_Couple-13-min.jpg\" \/>\n\t\t<meta property=\"og:image:secure_url\" content=\"https:\/\/www.skalnik.pl\/blog\/wp-content\/uploads\/2024\/01\/FW23_CrossCountry_Couple-13-min.jpg\" \/>\n\t\t<meta property=\"og:image:width\" content=\"9504\" \/>\n\t\t<meta property=\"og:image:height\" content=\"6336\" \/>\n\t\t<meta property=\"article:tag\" content=\"bran\u017ca\" \/>\n\t\t<meta property=\"article:tag\" content=\"bielizna termoaktywna\" \/>\n\t\t<meta property=\"article:published_time\" content=\"2024-01-18T07:06:02+00:00\" \/>\n\t\t<meta property=\"article:modified_time\" content=\"2024-02-12T12:00:49+00:00\" \/>\n\t\t<meta name=\"twitter:card\" content=\"summary_large_image\" \/>\n\t\t<meta name=\"twitter:title\" content=\"Odlo \u2013 bielizna termoaktywna na zim\u0119 - blog Skalnik\" \/>\n\t\t<meta name=\"twitter:description\" content=\"Bielizna termoaktywna to podstawa zimowej odzie\u017cy outdoorowej. Poznaj bielizn\u0119 marki Odlo do r\u00f3\u017cnych aktywno\u015bci zimowych i zapewnij sobie komfort w mro\u017ane dni.\" \/>\n\t\t<meta name=\"twitter:image\" content=\"https:\/\/www.skalnik.pl\/blog\/wp-content\/uploads\/2024\/01\/FW23_CrossCountry_Couple-13-min.jpg\" \/>\n\t\t<script type=\"application\/ld+json\" class=\"aioseo-schema\">\n\t\t\t{\"@context\":\"https:\\\/\\\/schema.org\",\"@graph\":[{\"@type\":\"BlogPosting\",\"@id\":\"https:\\\/\\\/www.skalnik.pl\\\/blog\\\/odlo-bielizna-termoaktywna-na-zime\\\/#blogposting\",\"name\":\"Odlo \\u2013 bielizna termoaktywna na zim\\u0119 - blog Skalnik\",\"headline\":\"Odlo &#8211; bielizna termoaktywna na zim\\u0119\",\"author\":{\"@id\":\"https:\\\/\\\/www.skalnik.pl\\\/blog\\\/author\\\/anna-sliwa\\\/#author\"},\"publisher\":{\"@id\":\"https:\\\/\\\/www.skalnik.pl\\\/blog\\\/#organization\"},\"image\":{\"@type\":\"ImageObject\",\"url\":\"https:\\\/\\\/www.skalnik.pl\\\/blog\\\/wp-content\\\/uploads\\\/2024\\\/01\\\/odlo-okladka-bielizna-termo.jpg\",\"width\":1920,\"height\":706},\"datePublished\":\"2024-01-18T09:06:02+02:00\",\"dateModified\":\"2024-02-12T14:00:49+02:00\",\"inLanguage\":\"pl-PL\",\"mainEntityOfPage\":{\"@id\":\"https:\\\/\\\/www.skalnik.pl\\\/blog\\\/odlo-bielizna-termoaktywna-na-zime\\\/#webpage\"},\"isPartOf\":{\"@id\":\"https:\\\/\\\/www.skalnik.pl\\\/blog\\\/odlo-bielizna-termoaktywna-na-zime\\\/#webpage\"},\"articleSection\":\"Bran\\u017ca, bielizna termoaktywna, 1097, 1108\"},{\"@type\":\"BreadcrumbList\",\"@id\":\"https:\\\/\\\/www.skalnik.pl\\\/blog\\\/odlo-bielizna-termoaktywna-na-zime\\\/#breadcrumblist\",\"itemListElement\":[{\"@type\":\"ListItem\",\"@id\":\"https:\\\/\\\/www.skalnik.pl\\\/blog#listItem\",\"position\":1,\"name\":\"Home\",\"item\":\"https:\\\/\\\/www.skalnik.pl\\\/blog\",\"nextItem\":{\"@type\":\"ListItem\",\"@id\":\"https:\\\/\\\/www.skalnik.pl\\\/blog\\\/.\\\/branza\\\/#listItem\",\"name\":\"Bran\\u017ca\"}},{\"@type\":\"ListItem\",\"@id\":\"https:\\\/\\\/www.skalnik.pl\\\/blog\\\/.\\\/branza\\\/#listItem\",\"position\":2,\"name\":\"Bran\\u017ca\",\"item\":\"https:\\\/\\\/www.skalnik.pl\\\/blog\\\/.\\\/branza\\\/\",\"nextItem\":{\"@type\":\"ListItem\",\"@id\":\"https:\\\/\\\/www.skalnik.pl\\\/blog\\\/odlo-bielizna-termoaktywna-na-zime\\\/#listItem\",\"name\":\"Odlo &#8211; bielizna termoaktywna na zim\\u0119\"},\"previousItem\":{\"@type\":\"ListItem\",\"@id\":\"https:\\\/\\\/www.skalnik.pl\\\/blog#listItem\",\"name\":\"Home\"}},{\"@type\":\"ListItem\",\"@id\":\"https:\\\/\\\/www.skalnik.pl\\\/blog\\\/odlo-bielizna-termoaktywna-na-zime\\\/#listItem\",\"position\":3,\"name\":\"Odlo &#8211; bielizna termoaktywna na zim\\u0119\",\"previousItem\":{\"@type\":\"ListItem\",\"@id\":\"https:\\\/\\\/www.skalnik.pl\\\/blog\\\/.\\\/branza\\\/#listItem\",\"name\":\"Bran\\u017ca\"}}]},{\"@type\":\"Organization\",\"@id\":\"https:\\\/\\\/www.skalnik.pl\\\/blog\\\/#organization\",\"name\":\"blog Skalnik\",\"description\":\"Blog, porady, artyku\\u0142y - blog Skalnik\",\"url\":\"https:\\\/\\\/www.skalnik.pl\\\/blog\\\/\"},{\"@type\":\"Person\",\"@id\":\"https:\\\/\\\/www.skalnik.pl\\\/blog\\\/author\\\/anna-sliwa\\\/#author\",\"url\":\"https:\\\/\\\/www.skalnik.pl\\\/blog\\\/author\\\/anna-sliwa\\\/\",\"name\":\"Anna \\u015aliwa\",\"image\":{\"@type\":\"ImageObject\",\"@id\":\"https:\\\/\\\/www.skalnik.pl\\\/blog\\\/odlo-bielizna-termoaktywna-na-zime\\\/#authorImage\",\"url\":\"https:\\\/\\\/secure.gravatar.com\\\/avatar\\\/e8300be3de710e2e109e5dfbf092dcf827242ec8071807a1e13f6b3f7c9bbd79?s=96&d=mm&r=g\",\"width\":96,\"height\":96,\"caption\":\"Anna \\u015aliwa\"}},{\"@type\":\"WebPage\",\"@id\":\"https:\\\/\\\/www.skalnik.pl\\\/blog\\\/odlo-bielizna-termoaktywna-na-zime\\\/#webpage\",\"url\":\"https:\\\/\\\/www.skalnik.pl\\\/blog\\\/odlo-bielizna-termoaktywna-na-zime\\\/\",\"name\":\"Odlo \\u2013 bielizna termoaktywna na zim\\u0119 - blog Skalnik\",\"description\":\"Bielizna termoaktywna to podstawa zimowej odzie\\u017cy outdoorowej. Poznaj bielizn\\u0119 marki Odlo do r\\u00f3\\u017cnych aktywno\\u015bci zimowych i zapewnij sobie komfort w mro\\u017ane dni.\",\"inLanguage\":\"pl-PL\",\"isPartOf\":{\"@id\":\"https:\\\/\\\/www.skalnik.pl\\\/blog\\\/#website\"},\"breadcrumb\":{\"@id\":\"https:\\\/\\\/www.skalnik.pl\\\/blog\\\/odlo-bielizna-termoaktywna-na-zime\\\/#breadcrumblist\"},\"author\":{\"@id\":\"https:\\\/\\\/www.skalnik.pl\\\/blog\\\/author\\\/anna-sliwa\\\/#author\"},\"creator\":{\"@id\":\"https:\\\/\\\/www.skalnik.pl\\\/blog\\\/author\\\/anna-sliwa\\\/#author\"},\"image\":{\"@type\":\"ImageObject\",\"url\":\"https:\\\/\\\/www.skalnik.pl\\\/blog\\\/wp-content\\\/uploads\\\/2024\\\/01\\\/odlo-okladka-bielizna-termo.jpg\",\"@id\":\"https:\\\/\\\/www.skalnik.pl\\\/blog\\\/odlo-bielizna-termoaktywna-na-zime\\\/#mainImage\",\"width\":1920,\"height\":706},\"primaryImageOfPage\":{\"@id\":\"https:\\\/\\\/www.skalnik.pl\\\/blog\\\/odlo-bielizna-termoaktywna-na-zime\\\/#mainImage\"},\"datePublished\":\"2024-01-18T09:06:02+02:00\",\"dateModified\":\"2024-02-12T14:00:49+02:00\"},{\"@type\":\"WebSite\",\"@id\":\"https:\\\/\\\/www.skalnik.pl\\\/blog\\\/#website\",\"url\":\"https:\\\/\\\/www.skalnik.pl\\\/blog\\\/\",\"name\":\"blog Skalnik\",\"description\":\"Blog, porady, artyku\\u0142y - blog Skalnik\",\"inLanguage\":\"pl-PL\",\"publisher\":{\"@id\":\"https:\\\/\\\/www.skalnik.pl\\\/blog\\\/#organization\"}}]}\n\t\t<\/script>\n\t\t<!-- All in One SEO -->\n\n","aioseo_head_json":{"title":"Odlo \u2013 bielizna termoaktywna na zim\u0119 - blog Skalnik","description":"Bielizna termoaktywna to podstawa zimowej odzie\u017cy outdoorowej. Poznaj bielizn\u0119 marki Odlo do r\u00f3\u017cnych aktywno\u015bci zimowych i zapewnij sobie komfort w mro\u017ane dni.","canonical_url":"https:\/\/www.skalnik.pl\/blog\/odlo-bielizna-termoaktywna-na-zime\/","robots":"max-image-preview:large","keywords":"","webmasterTools":{"miscellaneous":""},"schema":{"@context":"https:\/\/schema.org","@graph":[{"@type":"BlogPosting","@id":"https:\/\/www.skalnik.pl\/blog\/odlo-bielizna-termoaktywna-na-zime\/#blogposting","name":"Odlo \u2013 bielizna termoaktywna na zim\u0119 - blog Skalnik","headline":"Odlo &#8211; bielizna termoaktywna na zim\u0119","author":{"@id":"https:\/\/www.skalnik.pl\/blog\/author\/anna-sliwa\/#author"},"publisher":{"@id":"https:\/\/www.skalnik.pl\/blog\/#organization"},"image":{"@type":"ImageObject","url":"https:\/\/www.skalnik.pl\/blog\/wp-content\/uploads\/2024\/01\/odlo-okladka-bielizna-termo.jpg","width":1920,"height":706},"datePublished":"2024-01-18T09:06:02+02:00","dateModified":"2024-02-12T14:00:49+02:00","inLanguage":"pl-PL","mainEntityOfPage":{"@id":"https:\/\/www.skalnik.pl\/blog\/odlo-bielizna-termoaktywna-na-zime\/#webpage"},"isPartOf":{"@id":"https:\/\/www.skalnik.pl\/blog\/odlo-bielizna-termoaktywna-na-zime\/#webpage"},"articleSection":"Bran\u017ca, bielizna termoaktywna, 1097, 1108"},{"@type":"BreadcrumbList","@id":"https:\/\/www.skalnik.pl\/blog\/odlo-bielizna-termoaktywna-na-zime\/#breadcrumblist","itemListElement":[{"@type":"ListItem","@id":"https:\/\/www.skalnik.pl\/blog#listItem","position":1,"name":"Home","item":"https:\/\/www.skalnik.pl\/blog","nextItem":{"@type":"ListItem","@id":"https:\/\/www.skalnik.pl\/blog\/.\/branza\/#listItem","name":"Bran\u017ca"}},{"@type":"ListItem","@id":"https:\/\/www.skalnik.pl\/blog\/.\/branza\/#listItem","position":2,"name":"Bran\u017ca","item":"https:\/\/www.skalnik.pl\/blog\/.\/branza\/","nextItem":{"@type":"ListItem","@id":"https:\/\/www.skalnik.pl\/blog\/odlo-bielizna-termoaktywna-na-zime\/#listItem","name":"Odlo &#8211; bielizna termoaktywna na zim\u0119"},"previousItem":{"@type":"ListItem","@id":"https:\/\/www.skalnik.pl\/blog#listItem","name":"Home"}},{"@type":"ListItem","@id":"https:\/\/www.skalnik.pl\/blog\/odlo-bielizna-termoaktywna-na-zime\/#listItem","position":3,"name":"Odlo &#8211; bielizna termoaktywna na zim\u0119","previousItem":{"@type":"ListItem","@id":"https:\/\/www.skalnik.pl\/blog\/.\/branza\/#listItem","name":"Bran\u017ca"}}]},{"@type":"Organization","@id":"https:\/\/www.skalnik.pl\/blog\/#organization","name":"blog Skalnik","description":"Blog, porady, artyku\u0142y - blog Skalnik","url":"https:\/\/www.skalnik.pl\/blog\/"},{"@type":"Person","@id":"https:\/\/www.skalnik.pl\/blog\/author\/anna-sliwa\/#author","url":"https:\/\/www.skalnik.pl\/blog\/author\/anna-sliwa\/","name":"Anna \u015aliwa","image":{"@type":"ImageObject","@id":"https:\/\/www.skalnik.pl\/blog\/odlo-bielizna-termoaktywna-na-zime\/#authorImage","url":"https:\/\/secure.gravatar.com\/avatar\/e8300be3de710e2e109e5dfbf092dcf827242ec8071807a1e13f6b3f7c9bbd79?s=96&d=mm&r=g","width":96,"height":96,"caption":"Anna \u015aliwa"}},{"@type":"WebPage","@id":"https:\/\/www.skalnik.pl\/blog\/odlo-bielizna-termoaktywna-na-zime\/#webpage","url":"https:\/\/www.skalnik.pl\/blog\/odlo-bielizna-termoaktywna-na-zime\/","name":"Odlo \u2013 bielizna termoaktywna na zim\u0119 - blog Skalnik","description":"Bielizna termoaktywna to podstawa zimowej odzie\u017cy outdoorowej. Poznaj bielizn\u0119 marki Odlo do r\u00f3\u017cnych aktywno\u015bci zimowych i zapewnij sobie komfort w mro\u017ane dni.","inLanguage":"pl-PL","isPartOf":{"@id":"https:\/\/www.skalnik.pl\/blog\/#website"},"breadcrumb":{"@id":"https:\/\/www.skalnik.pl\/blog\/odlo-bielizna-termoaktywna-na-zime\/#breadcrumblist"},"author":{"@id":"https:\/\/www.skalnik.pl\/blog\/author\/anna-sliwa\/#author"},"creator":{"@id":"https:\/\/www.skalnik.pl\/blog\/author\/anna-sliwa\/#author"},"image":{"@type":"ImageObject","url":"https:\/\/www.skalnik.pl\/blog\/wp-content\/uploads\/2024\/01\/odlo-okladka-bielizna-termo.jpg","@id":"https:\/\/www.skalnik.pl\/blog\/odlo-bielizna-termoaktywna-na-zime\/#mainImage","width":1920,"height":706},"primaryImageOfPage":{"@id":"https:\/\/www.skalnik.pl\/blog\/odlo-bielizna-termoaktywna-na-zime\/#mainImage"},"datePublished":"2024-01-18T09:06:02+02:00","dateModified":"2024-02-12T14:00:49+02:00"},{"@type":"WebSite","@id":"https:\/\/www.skalnik.pl\/blog\/#website","url":"https:\/\/www.skalnik.pl\/blog\/","name":"blog Skalnik","description":"Blog, porady, artyku\u0142y - blog Skalnik","inLanguage":"pl-PL","publisher":{"@id":"https:\/\/www.skalnik.pl\/blog\/#organization"}}]},"og:locale":"pl_PL","og:site_name":"blog Skalnik - Blog, porady, artyku\u0142y - blog Skalnik","og:type":"article","og:title":"Odlo \u2013 bielizna termoaktywna na zim\u0119 - blog Skalnik","og:description":"Bielizna termoaktywna to podstawa zimowej odzie\u017cy outdoorowej. Poznaj bielizn\u0119 marki Odlo do r\u00f3\u017cnych aktywno\u015bci zimowych i zapewnij sobie komfort w mro\u017ane dni.","og:url":"https:\/\/www.skalnik.pl\/blog\/odlo-bielizna-termoaktywna-na-zime\/","og:image":"https:\/\/www.skalnik.pl\/blog\/wp-content\/uploads\/2024\/01\/FW23_CrossCountry_Couple-13-min.jpg","og:image:secure_url":"https:\/\/www.skalnik.pl\/blog\/wp-content\/uploads\/2024\/01\/FW23_CrossCountry_Couple-13-min.jpg","og:image:width":9504,"og:image:height":6336,"article:tag":["bran\u017ca","bielizna termoaktywna"],"article:published_time":"2024-01-18T07:06:02+00:00","article:modified_time":"2024-02-12T12:00:49+00:00","twitter:card":"summary_large_image","twitter:title":"Odlo \u2013 bielizna termoaktywna na zim\u0119 - blog Skalnik","twitter:description":"Bielizna termoaktywna to podstawa zimowej odzie\u017cy outdoorowej. Poznaj bielizn\u0119 marki Odlo do r\u00f3\u017cnych aktywno\u015bci zimowych i zapewnij sobie komfort w mro\u017ane dni.","twitter:image":"https:\/\/www.skalnik.pl\/blog\/wp-content\/uploads\/2024\/01\/FW23_CrossCountry_Couple-13-min.jpg"},"aioseo_meta_data":{"post_id":"25406","title":null,"description":"Bielizna termoaktywna to podstawa zimowej odzie\u017cy outdoorowej. Poznaj bielizn\u0119 marki Odlo do r\u00f3\u017cnych aktywno\u015bci zimowych i zapewnij sobie komfort w mro\u017ane dni.","keywords":[],"keyphrases":{"focus":{"keyphrase":"odlo ","score":90,"analysis":{"keyphraseInTitle":{"score":9,"maxScore":9,"error":0},"keyphraseInDescription":{"score":9,"maxScore":9,"error":0},"keyphraseLength":{"score":9,"maxScore":9,"error":0,"length":1},"keyphraseInURL":{"score":5,"maxScore":5,"error":0},"keyphraseInIntroduction":{"score":9,"maxScore":9,"error":0},"keyphraseInSubHeadings":{"score":9,"maxScore":9,"error":0},"keyphraseInImageAlt":{"score":3,"maxScore":9,"error":1}}},"additional":[]},"primary_term":null,"canonical_url":null,"og_title":null,"og_description":null,"og_object_type":"default","og_image_type":"default","og_image_url":null,"og_image_width":null,"og_image_height":null,"og_image_custom_url":null,"og_image_custom_fields":null,"og_video":"","og_custom_url":null,"og_article_section":null,"og_article_tags":[],"twitter_use_og":false,"twitter_card":"default","twitter_image_type":"default","twitter_image_url":null,"twitter_image_custom_url":null,"twitter_image_custom_fields":null,"twitter_title":null,"twitter_description":null,"schema":{"blockGraphs":[],"customGraphs":[],"default":{"data":{"Article":[],"Course":[],"Dataset":[],"FAQPage":[],"Movie":[],"Person":[],"Product":[],"ProductReview":[],"Car":[],"Recipe":[],"Service":[],"SoftwareApplication":[],"WebPage":[]},"graphName":"","isEnabled":true},"graphs":[]},"schema_type":"default","schema_type_options":null,"pillar_content":false,"robots_default":true,"robots_noindex":false,"robots_noarchive":false,"robots_nosnippet":false,"robots_nofollow":false,"robots_noimageindex":false,"robots_noodp":false,"robots_notranslate":false,"robots_max_snippet":"-1","robots_max_videopreview":"-1","robots_max_imagepreview":"large","priority":null,"frequency":"default","local_seo":null,"breadcrumb_settings":null,"limit_modified_date":false,"ai":null,"created":"2024-01-17 10:04:48","updated":"2026-02-17 22:48:24","seo_analyzer_scan_date":null},"aioseo_breadcrumb":"<div class=\"aioseo-breadcrumbs\"><span class=\"aioseo-breadcrumb\">\n\t\t\t<a href=\"https:\/\/www.skalnik.pl\/blog\" title=\"Home\">Home<\/a>\n\t\t<\/span><span class=\"aioseo-breadcrumb-separator\">&raquo;<\/span><span class=\"aioseo-breadcrumb\">\n\t\t\t<a href=\"https:\/\/www.skalnik.pl\/blog\/.\/branza\/\" title=\"Bran\u017ca\">Bran\u017ca<\/a>\n\t\t<\/span><span class=\"aioseo-breadcrumb-separator\">&raquo;<\/span><span class=\"aioseo-breadcrumb\">\n\t\t\tOdlo \u2013 bielizna termoaktywna na zim\u0119\n\t\t<\/span><\/div>","aioseo_breadcrumb_json":[{"label":"Home","link":"https:\/\/www.skalnik.pl\/blog"},{"label":"Bran\u017ca","link":"https:\/\/www.skalnik.pl\/blog\/.\/branza\/"},{"label":"Odlo &#8211; bielizna termoaktywna na zim\u0119","link":"https:\/\/www.skalnik.pl\/blog\/odlo-bielizna-termoaktywna-na-zime\/"}],"_links":{"self":[{"href":"https:\/\/www.skalnik.pl\/blog\/wp-json\/wp\/v2\/posts\/25406","targetHints":{"allow":["GET"]}}],"collection":[{"href":"https:\/\/www.skalnik.pl\/blog\/wp-json\/wp\/v2\/posts"}],"about":[{"href":"https:\/\/www.skalnik.pl\/blog\/wp-json\/wp\/v2\/types\/post"}],"author":[{"embeddable":true,"href":"https:\/\/www.skalnik.pl\/blog\/wp-json\/wp\/v2\/users\/41"}],"replies":[{"embeddable":true,"href":"https:\/\/www.skalnik.pl\/blog\/wp-json\/wp\/v2\/comments?post=25406"}],"version-history":[{"count":3,"href":"https:\/\/www.skalnik.pl\/blog\/wp-json\/wp\/v2\/posts\/25406\/revisions"}],"predecessor-version":[{"id":25431,"href":"https:\/\/www.skalnik.pl\/blog\/wp-json\/wp\/v2\/posts\/25406\/revisions\/25431"}],"wp:featuredmedia":[{"embeddable":true,"href":"https:\/\/www.skalnik.pl\/blog\/wp-json\/wp\/v2\/media\/25430"}],"wp:attachment":[{"href":"https:\/\/www.skalnik.pl\/blog\/wp-json\/wp\/v2\/media?parent=25406"}],"wp:term":[{"taxonomy":"category","embeddable":true,"href":"https:\/\/www.skalnik.pl\/blog\/wp-json\/wp\/v2\/categories?post=25406"},{"taxonomy":"post_tag","embeddable":true,"href":"https:\/\/www.skalnik.pl\/blog\/wp-json\/wp\/v2\/tags?post=25406"},{"taxonomy":"magento_category","embeddable":true,"href":"https:\/\/www.skalnik.pl\/blog\/wp-json\/wp\/v2\/magento_category?post=25406"},{"taxonomy":"magento_product","embeddable":true,"href":"https:\/\/www.skalnik.pl\/blog\/wp-json\/wp\/v2\/magento_product?post=25406"}],"curies":[{"name":"wp","href":"https:\/\/api.w.org\/{rel}","templated":true}]}}