{"id":2547,"date":"2017-02-21T13:17:49","date_gmt":"2017-02-21T12:17:49","guid":{"rendered":"https:\/\/skalnik.pl\/blog\/?p=2547"},"modified":"2018-12-13T09:15:46","modified_gmt":"2018-12-13T08:15:46","slug":"45-lat-wsrod-lojatnow","status":"publish","type":"post","link":"https:\/\/www.skalnik.pl\/blog\/45-lat-wsrod-lojatnow\/","title":{"rendered":"45 lat w\u015br\u00f3d \u0142ojatn\u00f3w"},"content":{"rendered":"<p><img loading=\"lazy\" decoding=\"async\" class=\"alignleft wp-image-2548 size-full\" src=\"https:\/\/skalnik.pl\/blog\/wp-content\/uploads\/2018\/07\/Alek-Lwow-portret.jpg\" alt=\"Alek Lwow\" width=\"355\" height=\"355\" srcset=\"https:\/\/www.skalnik.pl\/blog\/wp-content\/uploads\/2018\/07\/Alek-Lwow-portret.jpg 355w, https:\/\/www.skalnik.pl\/blog\/wp-content\/uploads\/2018\/07\/Alek-Lwow-portret-300x300.jpg 300w\" sizes=\"auto, (max-width: 355px) 100vw, 355px\" \/><\/p>\n<p><b>TEMAT:<\/b><\/p>\n<p>45 lat w\u015br\u00f3d \u0142ojatn\u00f3w<\/p>\n<p><b>PRELEGENT:<\/b><\/p>\n<p>Aleksander Lwow<\/p>\n<p><b>MIEJSCE:<\/b><\/p>\n<p>Wybrze\u017ce Wyspia\u0144skiego 27, Budynek A1 PWR, Sala 329, Wroc\u0142aw<\/p>\n<p><b>DATA:<\/b><\/p>\n<p>21.02.2017 19:00<\/p>\n<div id=\"ez-toc-container\" class=\"ez-toc-v2_0_85 counter-hierarchy ez-toc-counter ez-toc-light-blue ez-toc-container-direction\">\n<div class=\"ez-toc-title-container\">\n<p class=\"ez-toc-title\" style=\"cursor:inherit\">SPIS TRE\u015aCI <\/p>\n<span class=\"ez-toc-title-toggle\"><a href=\"#\" class=\"ez-toc-pull-right ez-toc-btn ez-toc-btn-xs ez-toc-btn-default ez-toc-toggle\" aria-label=\"Prze\u0142\u0105cznik Spisu Tre\u015bci\"><span class=\"ez-toc-js-icon-con\"><span class=\"\"><span class=\"eztoc-hide\" style=\"display:none;\">Toggle<\/span><span class=\"ez-toc-icon-toggle-span\"><svg style=\"fill: #999;color:#999\" xmlns=\"http:\/\/www.w3.org\/2000\/svg\" class=\"list-377408\" width=\"20px\" height=\"20px\" viewBox=\"0 0 24 24\" fill=\"none\"><path d=\"M6 6H4v2h2V6zm14 0H8v2h12V6zM4 11h2v2H4v-2zm16 0H8v2h12v-2zM4 16h2v2H4v-2zm16 0H8v2h12v-2z\" fill=\"currentColor\"><\/path><\/svg><svg style=\"fill: #999;color:#999\" class=\"arrow-unsorted-368013\" xmlns=\"http:\/\/www.w3.org\/2000\/svg\" width=\"10px\" height=\"10px\" viewBox=\"0 0 24 24\" version=\"1.2\" baseProfile=\"tiny\"><path d=\"M18.2 9.3l-6.2-6.3-6.2 6.3c-.2.2-.3.4-.3.7s.1.5.3.7c.2.2.4.3.7.3h11c.3 0 .5-.1.7-.3.2-.2.3-.5.3-.7s-.1-.5-.3-.7zM5.8 14.7l6.2 6.3 6.2-6.3c.2-.2.3-.5.3-.7s-.1-.5-.3-.7c-.2-.2-.4-.3-.7-.3h-11c-.3 0-.5.1-.7.3-.2.2-.3.5-.3.7s.1.5.3.7z\"\/><\/svg><\/span><\/span><\/span><\/a><\/span><\/div>\n<nav><ul class='ez-toc-list ez-toc-list-level-1 ' ><ul class='ez-toc-list-level-3' ><li class='ez-toc-heading-level-3'><a class=\"ez-toc-link ez-toc-heading-1\" href=\"https:\/\/www.skalnik.pl\/blog\/45-lat-wsrod-lojatnow\/#O_prelekcji\" >O prelekcji:<\/a><\/li><li class='ez-toc-page-1 ez-toc-heading-level-3'><a class=\"ez-toc-link ez-toc-heading-2\" href=\"https:\/\/www.skalnik.pl\/blog\/45-lat-wsrod-lojatnow\/#Aleksander_Lwow\" >Aleksander Lwow:<\/a><\/li><\/ul><\/li><li class='ez-toc-page-1 ez-toc-heading-level-2'><a class=\"ez-toc-link ez-toc-heading-3\" href=\"https:\/\/www.skalnik.pl\/blog\/45-lat-wsrod-lojatnow\/#Sponsorzy\" >Sponsorzy<\/a><\/li><\/ul><\/nav><\/div>\n<h3><span class=\"ez-toc-section\" id=\"O_prelekcji\"><\/span><strong>O prelekcji:<\/strong><span class=\"ez-toc-section-end\"><\/span><\/h3>\n<p>Prelekcja b\u0119dzie kalejdoskopem wspomnie\u0144 Alka z 45 lat jego \u017cycia zwi\u0105zanego z g\u00f3rami, wspomnie\u0144 o jego partnerach wspinaczkowych, przyjacio\u0142ach, kolegach &#8211; osobach znanych i zas\u0142u\u017conych dla polskiego i \u015bwiatowego alpinizmu, takich jak Wanda Rutkiewicz, Jerzy Kukuczka, Krzysztof Wielicki, Wojciech Kurtyka, Andrzej Zawada i wielu innych.<\/p>\n<div class=\"page_gallery\">\n\n\t\t<style type=\"text\/css\">\n\t\t\t#gallery-1 {\n\t\t\t\tmargin: auto;\n\t\t\t}\n\t\t\t#gallery-1 .gallery-item {\n\t\t\t\tfloat: left;\n\t\t\t\tmargin-top: 10px;\n\t\t\t\ttext-align: center;\n\t\t\t\twidth: 33%;\n\t\t\t}\n\t\t\t#gallery-1 img {\n\t\t\t\tborder: 2px solid #cfcfcf;\n\t\t\t}\n\t\t\t#gallery-1 .gallery-caption {\n\t\t\t\tmargin-left: 0;\n\t\t\t}\n\t\t\t\/* see gallery_shortcode() in wp-includes\/media.php *\/\n\t\t<\/style>\n\t\t<div id='gallery-1' class='gallery galleryid-2547 gallery-columns-3 gallery-size-full'><dl class='gallery-item'>\n\t\t\t<dt class='gallery-icon landscape'>\n\t\t\t\t<img loading=\"lazy\" decoding=\"async\" width=\"1024\" height=\"766\" src=\"https:\/\/www.skalnik.pl\/blog\/wp-content\/uploads\/2018\/07\/Alek-i-Matterhorn.jpg\" class=\"attachment-full size-full\" alt=\"Alek Lwow w g\u00f3rach\" srcset=\"https:\/\/www.skalnik.pl\/blog\/wp-content\/uploads\/2018\/07\/Alek-i-Matterhorn.jpg 1024w, https:\/\/www.skalnik.pl\/blog\/wp-content\/uploads\/2018\/07\/Alek-i-Matterhorn-300x224.jpg 300w, https:\/\/www.skalnik.pl\/blog\/wp-content\/uploads\/2018\/07\/Alek-i-Matterhorn-768x575.jpg 768w\" sizes=\"auto, (max-width: 1024px) 100vw, 1024px\" \/>\n\t\t\t<\/dt><\/dl><dl class='gallery-item'>\n\t\t\t<dt class='gallery-icon landscape'>\n\t\t\t\t<img loading=\"lazy\" decoding=\"async\" width=\"995\" height=\"639\" src=\"https:\/\/www.skalnik.pl\/blog\/wp-content\/uploads\/2018\/07\/Maciek.-Berbeka-Ashraf-Aman-i-Alek-Lwow-po-zimowym-K2.jpg\" class=\"attachment-full size-full\" alt=\"Maciek, Berbeka, Ashraf, Aman i Alek Lwow po zimowym K2\" srcset=\"https:\/\/www.skalnik.pl\/blog\/wp-content\/uploads\/2018\/07\/Maciek.-Berbeka-Ashraf-Aman-i-Alek-Lwow-po-zimowym-K2.jpg 995w, https:\/\/www.skalnik.pl\/blog\/wp-content\/uploads\/2018\/07\/Maciek.-Berbeka-Ashraf-Aman-i-Alek-Lwow-po-zimowym-K2-300x193.jpg 300w, https:\/\/www.skalnik.pl\/blog\/wp-content\/uploads\/2018\/07\/Maciek.-Berbeka-Ashraf-Aman-i-Alek-Lwow-po-zimowym-K2-768x493.jpg 768w\" sizes=\"auto, (max-width: 995px) 100vw, 995px\" \/>\n\t\t\t<\/dt><\/dl>\n\t\t\t<br style='clear: both' \/>\n\t\t<\/div>\n\n<\/div>\n<h3><span class=\"ez-toc-section\" id=\"Aleksander_Lwow\"><\/span><strong>Aleksander Lwow:<\/strong><span class=\"ez-toc-section-end\"><\/span><\/h3>\n<p>Aleksander Lwow (ur. 18 wrze\u015bnia 1953 w Krakowie) \u2013 polski alpinista i himalaista. Wspina si\u0119 od 1970 roku, zaczyna\u0142 od G\u00f3r Sokolich w Rudawach Janowickich i Karkonoszy. W 1971 r. wst\u0105pi\u0142 do Klubu Wysokog\u00f3rskiego we Wroc\u0142awiu.<\/p>\n<p>By\u0142 uczestnikiem wypraw w Himalaje i Karakorum, mi\u0119dzy innymi na K2 (2 razy, w tym raz w zimie), Yalung Kang (zim\u0105), Broad Peak (zim\u0105), Mount Everest (3 razy, w tym raz w zimie). Wspina\u0142 si\u0119 tak\u017ce w Hindukuszu, Pamirze, Andach i Tienszanie. Jest autorem pierwszego polskiego i jak dot\u0105d najszybszego w historii (7 godzin, samotnie) wej\u015bcia na Pumori. W 1991 roku kierowa\u0142 mi\u0119dzynarodow\u0105 wypraw\u0105 Polish Jack Wolfskin Everest Expedition.<\/p>\n<p>Zdobyte o\u015bmiotysi\u0119czniki:<\/p>\n<p>Lhotse (8516 m) \u2013 1986, z Tadeuszem Karolczakiem,<\/p>\n<p>Manaslu (8156 m) \u2013 1984, z Krzysztofem Wielickim,<\/p>\n<p>Cho Oyu (8201 m) \u2013 1987, z tadeuszem Karolczakiem,<\/p>\n<p>Gasherbrum II(8035 m) \u2013 1993, z Piotrem Snopczy\u0144skim i Larym Hallem.<\/p>\n<p>W 1994 r. stworzy\u0142 pierwszy w Polsce miesi\u0119cznik wspinaczkowy pt. G\u00d3RY i ALPINIZM, kt\u00f3ry redagowa\u0142 i wydawa\u0142 do 2005 r. publikuj\u0105c w sumie 98 numer\u00f3w w ramach dziesi\u0119ciu rocznik\u00f3w.<\/p>\n<p>Jest autorem trzech ksi\u0105\u017cek wspomnieniowych: \u201eWybra\u0142em g\u00f3ry&#8221;, dwukrotnie wznawianej \u201eZwyci\u0119\u017cy\u0107 znaczy prze\u017cy\u0107&#8221; i \u201eZwyci\u0119\u017cy\u0107 znaczy prze\u017cy\u0107 &#8211; 20 lat p\u00f3\u017aniej\u201d, oraz podr\u0119cznika \u201eLiny alpinistyczne\u201d. Opracowa\u0142 i wyda\u0142 te\u017c \u201eWielk\u0105 ksi\u0119g\u0119 humoru rysunkowego GiA\u201d.<\/p>\n<p>Dwukrotnie odznaczony z\u0142otymi medalami \u201eZa wybitne osi\u0105gni\u0119cia sportowe\u201d. Jest honorowym cz\u0142onkiem Polskiego Zwi\u0105zku Alpinizmu.<\/p>\n<div class=\"sponsors\">\n<h2><span class=\"ez-toc-section\" id=\"Sponsorzy\"><\/span>Sponsorzy<span class=\"ez-toc-section-end\"><\/span><\/h2>\n\n\t\t<style type=\"text\/css\">\n\t\t\t#gallery-2 {\n\t\t\t\tmargin: auto;\n\t\t\t}\n\t\t\t#gallery-2 .gallery-item {\n\t\t\t\tfloat: left;\n\t\t\t\tmargin-top: 10px;\n\t\t\t\ttext-align: center;\n\t\t\t\twidth: 20%;\n\t\t\t}\n\t\t\t#gallery-2 img {\n\t\t\t\tborder: 2px solid #cfcfcf;\n\t\t\t}\n\t\t\t#gallery-2 .gallery-caption {\n\t\t\t\tmargin-left: 0;\n\t\t\t}\n\t\t\t\/* see gallery_shortcode() in wp-includes\/media.php *\/\n\t\t<\/style>\n\t\t<div id='gallery-2' class='gallery galleryid-2547 gallery-columns-5 gallery-size-thumbnail'><dl class='gallery-item'>\n\t\t\t<dt class='gallery-icon landscape'>\n\t\t\t\t<img loading=\"lazy\" decoding=\"async\" width=\"150\" height=\"150\" src=\"https:\/\/www.skalnik.pl\/blog\/wp-content\/uploads\/2016\/10\/74236798.jpg\" class=\"attachment-thumbnail size-thumbnail\" alt=\"skalnik logo\" \/>\n\t\t\t<\/dt><\/dl><dl class='gallery-item'>\n\t\t\t<dt class='gallery-icon landscape'>\n\t\t\t\t<img loading=\"lazy\" decoding=\"async\" width=\"150\" height=\"150\" src=\"https:\/\/www.skalnik.pl\/blog\/wp-content\/uploads\/2016\/10\/18654627.jpg\" class=\"attachment-thumbnail size-thumbnail\" alt=\"DKF logo\" \/>\n\t\t\t<\/dt><\/dl><dl class='gallery-item'>\n\t\t\t<dt class='gallery-icon landscape'>\n\t\t\t\t<img loading=\"lazy\" decoding=\"async\" width=\"150\" height=\"150\" src=\"https:\/\/www.skalnik.pl\/blog\/wp-content\/uploads\/2016\/10\/55774142.jpg\" class=\"attachment-thumbnail size-thumbnail\" alt=\"Politechnika logo\" \/>\n\t\t\t<\/dt><\/dl><dl class='gallery-item'>\n\t\t\t<dt class='gallery-icon landscape'>\n\t\t\t\t<img loading=\"lazy\" decoding=\"async\" width=\"150\" height=\"150\" src=\"https:\/\/www.skalnik.pl\/blog\/wp-content\/uploads\/2016\/10\/64382480.jpg\" class=\"attachment-thumbnail size-thumbnail\" alt=\"VI.6+ logo\" \/>\n\t\t\t<\/dt><\/dl><dl class='gallery-item'>\n\t\t\t<dt class='gallery-icon landscape'>\n\t\t\t\t<img loading=\"lazy\" decoding=\"async\" width=\"150\" height=\"150\" src=\"https:\/\/www.skalnik.pl\/blog\/wp-content\/uploads\/2016\/10\/25112021.jpg\" class=\"attachment-thumbnail size-thumbnail\" alt=\"volven logo\" \/>\n\t\t\t<\/dt><\/dl><br style=\"clear: both\" \/>\n\t\t<\/div>\n\n<\/div>\n","protected":false},"excerpt":{"rendered":"<p>TEMAT: 45 lat w\u015br\u00f3d \u0142ojatn\u00f3w PRELEGENT: Aleksander Lwow MIEJSCE: Wybrze\u017ce Wyspia\u0144skiego 27, Budynek A1 PWR, Sala 329, Wroc\u0142aw DATA: 21.02.2017 19:00 O prelekcji: Prelekcja b\u0119dzie kalejdoskopem wspomnie\u0144 Alka z 45 lat jego \u017cycia zwi\u0105zanego z g\u00f3rami, wspomnie\u0144 o jego partnerach wspinaczkowych, przyjacio\u0142ach, kolegach &#8211; osobach znanych i zas\u0142u\u017conych dla polskiego i \u015bwiatowego alpinizmu, takich jak [&hellip;]<\/p>\n","protected":false},"author":10,"featured_media":2553,"comment_status":"open","ping_status":"open","sticky":false,"template":"","format":"standard","meta":{"_acf_changed":false,"footnotes":""},"categories":[9],"tags":[202],"magento_category":[],"magento_product":[],"class_list":["post-2547","post","type-post","status-publish","format-standard","has-post-thumbnail","hentry","category-spotkania-z-gorami","tag-spotkania-z-gorami"],"acf":[],"aioseo_notices":[],"aioseo_head":"\n\t\t<!-- All in One SEO 4.9.10 - aioseo.com -->\n\t<meta name=\"description\" content=\"Prelekcja b\u0119dzie kalejdoskopem wspomnie\u0144 Alka z 45 lat jego \u017cycia zwi\u0105zanego z g\u00f3rami, wspomnie\u0144 o jego partnerach wspinaczkowych, przyjacio\u0142ach, kolegach - osobach znanych i zas\u0142u\u017conych dla polskiego i \u015bwiatowego alpinizmu, takich jak Wanda Rutkiewicz, Jerzy Kukuczka, Krzysztof Wielicki, Wojciech Kurtyka, Andrzej Zawada i wielu innych.\" \/>\n\t<meta name=\"robots\" content=\"max-image-preview:large\" \/>\n\t<meta name=\"author\" content=\"Spotkania z G\u00f3rami\"\/>\n\t<link rel=\"canonical\" href=\"https:\/\/www.skalnik.pl\/blog\/45-lat-wsrod-lojatnow\/\" \/>\n\t<meta name=\"generator\" content=\"All in One SEO (AIOSEO) 4.9.10\" \/>\n\t\t<meta property=\"og:locale\" content=\"pl_PL\" \/>\n\t\t<meta property=\"og:site_name\" content=\"blog Skalnik - Blog, porady, artyku\u0142y - blog Skalnik\" \/>\n\t\t<meta property=\"og:type\" content=\"article\" \/>\n\t\t<meta property=\"og:title\" content=\"45 lat w\u015br\u00f3d \u0142ojatn\u00f3w - blog Skalnik\" \/>\n\t\t<meta property=\"og:description\" content=\"Prelekcja b\u0119dzie kalejdoskopem wspomnie\u0144 Alka z 45 lat jego \u017cycia zwi\u0105zanego z g\u00f3rami, wspomnie\u0144 o jego partnerach wspinaczkowych, przyjacio\u0142ach, kolegach - osobach znanych i zas\u0142u\u017conych dla polskiego i \u015bwiatowego alpinizmu, takich jak Wanda Rutkiewicz, Jerzy Kukuczka, Krzysztof Wielicki, Wojciech Kurtyka, Andrzej Zawada i wielu innych.\" \/>\n\t\t<meta property=\"og:url\" content=\"https:\/\/www.skalnik.pl\/blog\/45-lat-wsrod-lojatnow\/\" \/>\n\t\t<meta property=\"og:image\" content=\"https:\/\/skalnik.pl\/blog\/wp-content\/uploads\/2018\/07\/Alek-Lwow-portret.jpg\" \/>\n\t\t<meta property=\"og:image:secure_url\" content=\"https:\/\/skalnik.pl\/blog\/wp-content\/uploads\/2018\/07\/Alek-Lwow-portret.jpg\" \/>\n\t\t<meta property=\"article:tag\" content=\"spotkania z g\u00f3rami\" \/>\n\t\t<meta property=\"article:published_time\" content=\"2017-02-21T12:17:49+00:00\" \/>\n\t\t<meta property=\"article:modified_time\" content=\"2018-12-13T08:15:46+00:00\" \/>\n\t\t<meta name=\"twitter:card\" content=\"summary_large_image\" \/>\n\t\t<meta name=\"twitter:title\" content=\"45 lat w\u015br\u00f3d \u0142ojatn\u00f3w - blog Skalnik\" \/>\n\t\t<meta name=\"twitter:description\" content=\"Prelekcja b\u0119dzie kalejdoskopem wspomnie\u0144 Alka z 45 lat jego \u017cycia zwi\u0105zanego z g\u00f3rami, wspomnie\u0144 o jego partnerach wspinaczkowych, przyjacio\u0142ach, kolegach - osobach znanych i zas\u0142u\u017conych dla polskiego i \u015bwiatowego alpinizmu, takich jak Wanda Rutkiewicz, Jerzy Kukuczka, Krzysztof Wielicki, Wojciech Kurtyka, Andrzej Zawada i wielu innych.\" \/>\n\t\t<meta name=\"twitter:image\" content=\"https:\/\/skalnik.pl\/blog\/wp-content\/uploads\/2018\/07\/Alek-Lwow-portret.jpg\" \/>\n\t\t<script type=\"application\/ld+json\" class=\"aioseo-schema\">\n\t\t\t{\"@context\":\"https:\\\/\\\/schema.org\",\"@graph\":[{\"@type\":\"BlogPosting\",\"@id\":\"https:\\\/\\\/www.skalnik.pl\\\/blog\\\/45-lat-wsrod-lojatnow\\\/#blogposting\",\"name\":\"45 lat w\\u015br\\u00f3d \\u0142ojatn\\u00f3w - blog Skalnik\",\"headline\":\"45 lat w\\u015br\\u00f3d \\u0142ojatn\\u00f3w\",\"author\":{\"@id\":\"https:\\\/\\\/www.skalnik.pl\\\/blog\\\/author\\\/spotkania\\\/#author\"},\"publisher\":{\"@id\":\"https:\\\/\\\/www.skalnik.pl\\\/blog\\\/#organization\"},\"image\":{\"@type\":\"ImageObject\",\"url\":\"https:\\\/\\\/www.skalnik.pl\\\/blog\\\/wp-content\\\/uploads\\\/2017\\\/02\\\/Alek_ok\\u0142adka.jpg\",\"width\":1920,\"height\":705,\"caption\":\"Alek w g\\u00f3rach\"},\"datePublished\":\"2017-02-21T13:17:49+02:00\",\"dateModified\":\"2018-12-13T09:15:46+02:00\",\"inLanguage\":\"pl-PL\",\"mainEntityOfPage\":{\"@id\":\"https:\\\/\\\/www.skalnik.pl\\\/blog\\\/45-lat-wsrod-lojatnow\\\/#webpage\"},\"isPartOf\":{\"@id\":\"https:\\\/\\\/www.skalnik.pl\\\/blog\\\/45-lat-wsrod-lojatnow\\\/#webpage\"},\"articleSection\":\"Spotkania z g\\u00f3rami, spotkania z g\\u00f3rami\"},{\"@type\":\"BreadcrumbList\",\"@id\":\"https:\\\/\\\/www.skalnik.pl\\\/blog\\\/45-lat-wsrod-lojatnow\\\/#breadcrumblist\",\"itemListElement\":[{\"@type\":\"ListItem\",\"@id\":\"https:\\\/\\\/www.skalnik.pl\\\/blog#listItem\",\"position\":1,\"name\":\"Home\",\"item\":\"https:\\\/\\\/www.skalnik.pl\\\/blog\",\"nextItem\":{\"@type\":\"ListItem\",\"@id\":\"https:\\\/\\\/www.skalnik.pl\\\/blog\\\/.\\\/spotkania-z-gorami\\\/#listItem\",\"name\":\"Spotkania z g\\u00f3rami\"}},{\"@type\":\"ListItem\",\"@id\":\"https:\\\/\\\/www.skalnik.pl\\\/blog\\\/.\\\/spotkania-z-gorami\\\/#listItem\",\"position\":2,\"name\":\"Spotkania z g\\u00f3rami\",\"item\":\"https:\\\/\\\/www.skalnik.pl\\\/blog\\\/.\\\/spotkania-z-gorami\\\/\",\"nextItem\":{\"@type\":\"ListItem\",\"@id\":\"https:\\\/\\\/www.skalnik.pl\\\/blog\\\/45-lat-wsrod-lojatnow\\\/#listItem\",\"name\":\"45 lat w\\u015br\\u00f3d \\u0142ojatn\\u00f3w\"},\"previousItem\":{\"@type\":\"ListItem\",\"@id\":\"https:\\\/\\\/www.skalnik.pl\\\/blog#listItem\",\"name\":\"Home\"}},{\"@type\":\"ListItem\",\"@id\":\"https:\\\/\\\/www.skalnik.pl\\\/blog\\\/45-lat-wsrod-lojatnow\\\/#listItem\",\"position\":3,\"name\":\"45 lat w\\u015br\\u00f3d \\u0142ojatn\\u00f3w\",\"previousItem\":{\"@type\":\"ListItem\",\"@id\":\"https:\\\/\\\/www.skalnik.pl\\\/blog\\\/.\\\/spotkania-z-gorami\\\/#listItem\",\"name\":\"Spotkania z g\\u00f3rami\"}}]},{\"@type\":\"Organization\",\"@id\":\"https:\\\/\\\/www.skalnik.pl\\\/blog\\\/#organization\",\"name\":\"blog Skalnik\",\"description\":\"Blog, porady, artyku\\u0142y - blog Skalnik\",\"url\":\"https:\\\/\\\/www.skalnik.pl\\\/blog\\\/\"},{\"@type\":\"Person\",\"@id\":\"https:\\\/\\\/www.skalnik.pl\\\/blog\\\/author\\\/spotkania\\\/#author\",\"url\":\"https:\\\/\\\/www.skalnik.pl\\\/blog\\\/author\\\/spotkania\\\/\",\"name\":\"Spotkania z G\\u00f3rami\",\"image\":{\"@type\":\"ImageObject\",\"@id\":\"https:\\\/\\\/www.skalnik.pl\\\/blog\\\/45-lat-wsrod-lojatnow\\\/#authorImage\",\"url\":\"https:\\\/\\\/secure.gravatar.com\\\/avatar\\\/e09dd3aeee26ff64ebd6fda736cd0f273a292e33f7d42d8fbdff1ba323502b0b?s=96&d=mm&r=g\",\"width\":96,\"height\":96,\"caption\":\"Spotkania z G\\u00f3rami\"}},{\"@type\":\"WebPage\",\"@id\":\"https:\\\/\\\/www.skalnik.pl\\\/blog\\\/45-lat-wsrod-lojatnow\\\/#webpage\",\"url\":\"https:\\\/\\\/www.skalnik.pl\\\/blog\\\/45-lat-wsrod-lojatnow\\\/\",\"name\":\"45 lat w\\u015br\\u00f3d \\u0142ojatn\\u00f3w - blog Skalnik\",\"description\":\"Prelekcja b\\u0119dzie kalejdoskopem wspomnie\\u0144 Alka z 45 lat jego \\u017cycia zwi\\u0105zanego z g\\u00f3rami, wspomnie\\u0144 o jego partnerach wspinaczkowych, przyjacio\\u0142ach, kolegach - osobach znanych i zas\\u0142u\\u017conych dla polskiego i \\u015bwiatowego alpinizmu, takich jak Wanda Rutkiewicz, Jerzy Kukuczka, Krzysztof Wielicki, Wojciech Kurtyka, Andrzej Zawada i wielu innych.\",\"inLanguage\":\"pl-PL\",\"isPartOf\":{\"@id\":\"https:\\\/\\\/www.skalnik.pl\\\/blog\\\/#website\"},\"breadcrumb\":{\"@id\":\"https:\\\/\\\/www.skalnik.pl\\\/blog\\\/45-lat-wsrod-lojatnow\\\/#breadcrumblist\"},\"author\":{\"@id\":\"https:\\\/\\\/www.skalnik.pl\\\/blog\\\/author\\\/spotkania\\\/#author\"},\"creator\":{\"@id\":\"https:\\\/\\\/www.skalnik.pl\\\/blog\\\/author\\\/spotkania\\\/#author\"},\"image\":{\"@type\":\"ImageObject\",\"url\":\"https:\\\/\\\/www.skalnik.pl\\\/blog\\\/wp-content\\\/uploads\\\/2017\\\/02\\\/Alek_ok\\u0142adka.jpg\",\"@id\":\"https:\\\/\\\/www.skalnik.pl\\\/blog\\\/45-lat-wsrod-lojatnow\\\/#mainImage\",\"width\":1920,\"height\":705,\"caption\":\"Alek w g\\u00f3rach\"},\"primaryImageOfPage\":{\"@id\":\"https:\\\/\\\/www.skalnik.pl\\\/blog\\\/45-lat-wsrod-lojatnow\\\/#mainImage\"},\"datePublished\":\"2017-02-21T13:17:49+02:00\",\"dateModified\":\"2018-12-13T09:15:46+02:00\"},{\"@type\":\"WebSite\",\"@id\":\"https:\\\/\\\/www.skalnik.pl\\\/blog\\\/#website\",\"url\":\"https:\\\/\\\/www.skalnik.pl\\\/blog\\\/\",\"name\":\"blog Skalnik\",\"description\":\"Blog, porady, artyku\\u0142y - blog Skalnik\",\"inLanguage\":\"pl-PL\",\"publisher\":{\"@id\":\"https:\\\/\\\/www.skalnik.pl\\\/blog\\\/#organization\"}}]}\n\t\t<\/script>\n\t\t<!-- All in One SEO -->\n\n","aioseo_head_json":{"title":"45 lat w\u015br\u00f3d \u0142ojatn\u00f3w - blog Skalnik","description":"Prelekcja b\u0119dzie kalejdoskopem wspomnie\u0144 Alka z 45 lat jego \u017cycia zwi\u0105zanego z g\u00f3rami, wspomnie\u0144 o jego partnerach wspinaczkowych, przyjacio\u0142ach, kolegach - osobach znanych i zas\u0142u\u017conych dla polskiego i \u015bwiatowego alpinizmu, takich jak Wanda Rutkiewicz, Jerzy Kukuczka, Krzysztof Wielicki, Wojciech Kurtyka, Andrzej Zawada i wielu innych.","canonical_url":"https:\/\/www.skalnik.pl\/blog\/45-lat-wsrod-lojatnow\/","robots":"max-image-preview:large","keywords":"","webmasterTools":{"miscellaneous":""},"schema":{"@context":"https:\/\/schema.org","@graph":[{"@type":"BlogPosting","@id":"https:\/\/www.skalnik.pl\/blog\/45-lat-wsrod-lojatnow\/#blogposting","name":"45 lat w\u015br\u00f3d \u0142ojatn\u00f3w - blog Skalnik","headline":"45 lat w\u015br\u00f3d \u0142ojatn\u00f3w","author":{"@id":"https:\/\/www.skalnik.pl\/blog\/author\/spotkania\/#author"},"publisher":{"@id":"https:\/\/www.skalnik.pl\/blog\/#organization"},"image":{"@type":"ImageObject","url":"https:\/\/www.skalnik.pl\/blog\/wp-content\/uploads\/2017\/02\/Alek_ok\u0142adka.jpg","width":1920,"height":705,"caption":"Alek w g\u00f3rach"},"datePublished":"2017-02-21T13:17:49+02:00","dateModified":"2018-12-13T09:15:46+02:00","inLanguage":"pl-PL","mainEntityOfPage":{"@id":"https:\/\/www.skalnik.pl\/blog\/45-lat-wsrod-lojatnow\/#webpage"},"isPartOf":{"@id":"https:\/\/www.skalnik.pl\/blog\/45-lat-wsrod-lojatnow\/#webpage"},"articleSection":"Spotkania z g\u00f3rami, spotkania z g\u00f3rami"},{"@type":"BreadcrumbList","@id":"https:\/\/www.skalnik.pl\/blog\/45-lat-wsrod-lojatnow\/#breadcrumblist","itemListElement":[{"@type":"ListItem","@id":"https:\/\/www.skalnik.pl\/blog#listItem","position":1,"name":"Home","item":"https:\/\/www.skalnik.pl\/blog","nextItem":{"@type":"ListItem","@id":"https:\/\/www.skalnik.pl\/blog\/.\/spotkania-z-gorami\/#listItem","name":"Spotkania z g\u00f3rami"}},{"@type":"ListItem","@id":"https:\/\/www.skalnik.pl\/blog\/.\/spotkania-z-gorami\/#listItem","position":2,"name":"Spotkania z g\u00f3rami","item":"https:\/\/www.skalnik.pl\/blog\/.\/spotkania-z-gorami\/","nextItem":{"@type":"ListItem","@id":"https:\/\/www.skalnik.pl\/blog\/45-lat-wsrod-lojatnow\/#listItem","name":"45 lat w\u015br\u00f3d \u0142ojatn\u00f3w"},"previousItem":{"@type":"ListItem","@id":"https:\/\/www.skalnik.pl\/blog#listItem","name":"Home"}},{"@type":"ListItem","@id":"https:\/\/www.skalnik.pl\/blog\/45-lat-wsrod-lojatnow\/#listItem","position":3,"name":"45 lat w\u015br\u00f3d \u0142ojatn\u00f3w","previousItem":{"@type":"ListItem","@id":"https:\/\/www.skalnik.pl\/blog\/.\/spotkania-z-gorami\/#listItem","name":"Spotkania z g\u00f3rami"}}]},{"@type":"Organization","@id":"https:\/\/www.skalnik.pl\/blog\/#organization","name":"blog Skalnik","description":"Blog, porady, artyku\u0142y - blog Skalnik","url":"https:\/\/www.skalnik.pl\/blog\/"},{"@type":"Person","@id":"https:\/\/www.skalnik.pl\/blog\/author\/spotkania\/#author","url":"https:\/\/www.skalnik.pl\/blog\/author\/spotkania\/","name":"Spotkania z G\u00f3rami","image":{"@type":"ImageObject","@id":"https:\/\/www.skalnik.pl\/blog\/45-lat-wsrod-lojatnow\/#authorImage","url":"https:\/\/secure.gravatar.com\/avatar\/e09dd3aeee26ff64ebd6fda736cd0f273a292e33f7d42d8fbdff1ba323502b0b?s=96&d=mm&r=g","width":96,"height":96,"caption":"Spotkania z G\u00f3rami"}},{"@type":"WebPage","@id":"https:\/\/www.skalnik.pl\/blog\/45-lat-wsrod-lojatnow\/#webpage","url":"https:\/\/www.skalnik.pl\/blog\/45-lat-wsrod-lojatnow\/","name":"45 lat w\u015br\u00f3d \u0142ojatn\u00f3w - blog Skalnik","description":"Prelekcja b\u0119dzie kalejdoskopem wspomnie\u0144 Alka z 45 lat jego \u017cycia zwi\u0105zanego z g\u00f3rami, wspomnie\u0144 o jego partnerach wspinaczkowych, przyjacio\u0142ach, kolegach - osobach znanych i zas\u0142u\u017conych dla polskiego i \u015bwiatowego alpinizmu, takich jak Wanda Rutkiewicz, Jerzy Kukuczka, Krzysztof Wielicki, Wojciech Kurtyka, Andrzej Zawada i wielu innych.","inLanguage":"pl-PL","isPartOf":{"@id":"https:\/\/www.skalnik.pl\/blog\/#website"},"breadcrumb":{"@id":"https:\/\/www.skalnik.pl\/blog\/45-lat-wsrod-lojatnow\/#breadcrumblist"},"author":{"@id":"https:\/\/www.skalnik.pl\/blog\/author\/spotkania\/#author"},"creator":{"@id":"https:\/\/www.skalnik.pl\/blog\/author\/spotkania\/#author"},"image":{"@type":"ImageObject","url":"https:\/\/www.skalnik.pl\/blog\/wp-content\/uploads\/2017\/02\/Alek_ok\u0142adka.jpg","@id":"https:\/\/www.skalnik.pl\/blog\/45-lat-wsrod-lojatnow\/#mainImage","width":1920,"height":705,"caption":"Alek w g\u00f3rach"},"primaryImageOfPage":{"@id":"https:\/\/www.skalnik.pl\/blog\/45-lat-wsrod-lojatnow\/#mainImage"},"datePublished":"2017-02-21T13:17:49+02:00","dateModified":"2018-12-13T09:15:46+02:00"},{"@type":"WebSite","@id":"https:\/\/www.skalnik.pl\/blog\/#website","url":"https:\/\/www.skalnik.pl\/blog\/","name":"blog Skalnik","description":"Blog, porady, artyku\u0142y - blog Skalnik","inLanguage":"pl-PL","publisher":{"@id":"https:\/\/www.skalnik.pl\/blog\/#organization"}}]},"og:locale":"pl_PL","og:site_name":"blog Skalnik - Blog, porady, artyku\u0142y - blog Skalnik","og:type":"article","og:title":"45 lat w\u015br\u00f3d \u0142ojatn\u00f3w - blog Skalnik","og:description":"Prelekcja b\u0119dzie kalejdoskopem wspomnie\u0144 Alka z 45 lat jego \u017cycia zwi\u0105zanego z g\u00f3rami, wspomnie\u0144 o jego partnerach wspinaczkowych, przyjacio\u0142ach, kolegach - osobach znanych i zas\u0142u\u017conych dla polskiego i \u015bwiatowego alpinizmu, takich jak Wanda Rutkiewicz, Jerzy Kukuczka, Krzysztof Wielicki, Wojciech Kurtyka, Andrzej Zawada i wielu innych.","og:url":"https:\/\/www.skalnik.pl\/blog\/45-lat-wsrod-lojatnow\/","og:image":"https:\/\/skalnik.pl\/blog\/wp-content\/uploads\/2018\/07\/Alek-Lwow-portret.jpg","og:image:secure_url":"https:\/\/skalnik.pl\/blog\/wp-content\/uploads\/2018\/07\/Alek-Lwow-portret.jpg","article:tag":["spotkania z g\u00f3rami"],"article:published_time":"2017-02-21T12:17:49+00:00","article:modified_time":"2018-12-13T08:15:46+00:00","twitter:card":"summary_large_image","twitter:title":"45 lat w\u015br\u00f3d \u0142ojatn\u00f3w - blog Skalnik","twitter:description":"Prelekcja b\u0119dzie kalejdoskopem wspomnie\u0144 Alka z 45 lat jego \u017cycia zwi\u0105zanego z g\u00f3rami, wspomnie\u0144 o jego partnerach wspinaczkowych, przyjacio\u0142ach, kolegach - osobach znanych i zas\u0142u\u017conych dla polskiego i \u015bwiatowego alpinizmu, takich jak Wanda Rutkiewicz, Jerzy Kukuczka, Krzysztof Wielicki, Wojciech Kurtyka, Andrzej Zawada i wielu innych.","twitter:image":"https:\/\/skalnik.pl\/blog\/wp-content\/uploads\/2018\/07\/Alek-Lwow-portret.jpg"},"aioseo_meta_data":{"post_id":"2547","title":null,"description":"Prelekcja b\u0119dzie kalejdoskopem wspomnie\u0144 Alka z 45 lat jego \u017cycia zwi\u0105zanego z g\u00f3rami, wspomnie\u0144 o jego partnerach wspinaczkowych, przyjacio\u0142ach, kolegach - osobach znanych i zas\u0142u\u017conych dla polskiego i \u015bwiatowego alpinizmu, takich jak Wanda Rutkiewicz, Jerzy Kukuczka, Krzysztof Wielicki, Wojciech Kurtyka, Andrzej Zawada i wielu innych.","keywords":[{"label":"spotkania z g\u00f3rami","value":"spotkania z g\u00f3rami"},{"label":"prelekcje z podr\u00f3\u017cnikami","value":"prelekcje z podr\u00f3\u017cnikami"},{"label":"wydarzenia wroc\u0142aw","value":"wydarzenia wroc\u0142aw"}],"keyphrases":null,"primary_term":null,"canonical_url":null,"og_title":null,"og_description":null,"og_object_type":"default","og_image_type":"default","og_image_url":null,"og_image_width":null,"og_image_height":null,"og_image_custom_url":null,"og_image_custom_fields":null,"og_video":null,"og_custom_url":null,"og_article_section":null,"og_article_tags":null,"twitter_use_og":false,"twitter_card":"default","twitter_image_type":"default","twitter_image_url":null,"twitter_image_custom_url":null,"twitter_image_custom_fields":null,"twitter_title":null,"twitter_description":null,"schema":{"blockGraphs":[],"customGraphs":[],"default":{"data":{"Article":[],"Course":[],"Dataset":[],"FAQPage":[],"Movie":[],"Person":[],"Product":[],"ProductReview":[],"Car":[],"Recipe":[],"Service":[],"SoftwareApplication":[],"WebPage":[]},"graphName":"BlogPosting","isEnabled":true},"graphs":[]},"schema_type":"default","schema_type_options":null,"pillar_content":false,"robots_default":true,"robots_noindex":false,"robots_noarchive":false,"robots_nosnippet":false,"robots_nofollow":false,"robots_noimageindex":false,"robots_noodp":false,"robots_notranslate":false,"robots_max_snippet":null,"robots_max_videopreview":null,"robots_max_imagepreview":"large","priority":null,"frequency":null,"local_seo":null,"breadcrumb_settings":null,"limit_modified_date":false,"ai":null,"created":"2022-08-26 09:44:59","updated":"2026-02-17 21:17:20","seo_analyzer_scan_date":null},"aioseo_breadcrumb":"<div class=\"aioseo-breadcrumbs\"><span class=\"aioseo-breadcrumb\">\n\t\t\t<a href=\"https:\/\/www.skalnik.pl\/blog\" title=\"Home\">Home<\/a>\n\t\t<\/span><span class=\"aioseo-breadcrumb-separator\">&raquo;<\/span><span class=\"aioseo-breadcrumb\">\n\t\t\t<a href=\"https:\/\/www.skalnik.pl\/blog\/.\/spotkania-z-gorami\/\" title=\"Spotkania z g\u00f3rami\">Spotkania z g\u00f3rami<\/a>\n\t\t<\/span><span class=\"aioseo-breadcrumb-separator\">&raquo;<\/span><span class=\"aioseo-breadcrumb\">\n\t\t\t45 lat w\u015br\u00f3d \u0142ojatn\u00f3w\n\t\t<\/span><\/div>","aioseo_breadcrumb_json":[{"label":"Home","link":"https:\/\/www.skalnik.pl\/blog"},{"label":"Spotkania z g\u00f3rami","link":"https:\/\/www.skalnik.pl\/blog\/.\/spotkania-z-gorami\/"},{"label":"45 lat w\u015br\u00f3d \u0142ojatn\u00f3w","link":"https:\/\/www.skalnik.pl\/blog\/45-lat-wsrod-lojatnow\/"}],"_links":{"self":[{"href":"https:\/\/www.skalnik.pl\/blog\/wp-json\/wp\/v2\/posts\/2547","targetHints":{"allow":["GET"]}}],"collection":[{"href":"https:\/\/www.skalnik.pl\/blog\/wp-json\/wp\/v2\/posts"}],"about":[{"href":"https:\/\/www.skalnik.pl\/blog\/wp-json\/wp\/v2\/types\/post"}],"author":[{"embeddable":true,"href":"https:\/\/www.skalnik.pl\/blog\/wp-json\/wp\/v2\/users\/10"}],"replies":[{"embeddable":true,"href":"https:\/\/www.skalnik.pl\/blog\/wp-json\/wp\/v2\/comments?post=2547"}],"version-history":[{"count":1,"href":"https:\/\/www.skalnik.pl\/blog\/wp-json\/wp\/v2\/posts\/2547\/revisions"}],"predecessor-version":[{"id":2552,"href":"https:\/\/www.skalnik.pl\/blog\/wp-json\/wp\/v2\/posts\/2547\/revisions\/2552"}],"wp:featuredmedia":[{"embeddable":true,"href":"https:\/\/www.skalnik.pl\/blog\/wp-json\/wp\/v2\/media\/2553"}],"wp:attachment":[{"href":"https:\/\/www.skalnik.pl\/blog\/wp-json\/wp\/v2\/media?parent=2547"}],"wp:term":[{"taxonomy":"category","embeddable":true,"href":"https:\/\/www.skalnik.pl\/blog\/wp-json\/wp\/v2\/categories?post=2547"},{"taxonomy":"post_tag","embeddable":true,"href":"https:\/\/www.skalnik.pl\/blog\/wp-json\/wp\/v2\/tags?post=2547"},{"taxonomy":"magento_category","embeddable":true,"href":"https:\/\/www.skalnik.pl\/blog\/wp-json\/wp\/v2\/magento_category?post=2547"},{"taxonomy":"magento_product","embeddable":true,"href":"https:\/\/www.skalnik.pl\/blog\/wp-json\/wp\/v2\/magento_product?post=2547"}],"curies":[{"name":"wp","href":"https:\/\/api.w.org\/{rel}","templated":true}]}}