{"id":25531,"date":"2024-01-29T15:17:55","date_gmt":"2024-01-29T13:17:55","guid":{"rendered":"https:\/\/www.skalnik.pl\/blog\/?p=25531"},"modified":"2024-02-12T14:15:27","modified_gmt":"2024-02-12T12:15:27","slug":"jaki-plecak-na-narty-wybrac","status":"publish","type":"post","link":"https:\/\/www.skalnik.pl\/blog\/jaki-plecak-na-narty-wybrac\/","title":{"rendered":"Jaki plecak na narty wybra\u0107?"},"content":{"rendered":"\n<p><strong>W dziedzinie sprz\u0119tu outdoorowego zaobserwowa\u0107 mo\u017cemy post\u0119puj\u0105c\u0105 specjalizacj\u0119. Dotyczy to r\u00f3wnie\u017c plecak\u00f3w \u2013 na rynku znajdziemy modele przeznaczone do kolarstwa, trekkingu, alpinizmu, skituringu\u2026 Poniek\u0105d mo\u017ce to powodowa\u0107 zapytania o sens tworzenia kolejnych podzia\u0142\u00f3w. Wszak na poz\u00f3r plecak to plecak i powinien poradzi\u0107 sobie ze wszystkim. Czy jednak aby na pewno? Tym razem stawiamy pytanie \u2013 jaki plecak na narty?<\/strong><\/p>\n\n\n\n<p>Diabe\u0142 tkwi w szczeg\u00f3\u0142ach \u2013 mo\u017cemy na wycieczk\u0119 skiturow\u0105 wybra\u0107 si\u0119 cho\u0107by i z tornistrem szkolnym. Je\u015bli jest to jednorazowa przygoda dla zasmakowania czym w\u0142a\u015bciwie jest ten sport, taka oszcz\u0119dno\u015b\u0107 jest nawet uzasadniona. Je\u015bli jednak narciarstwo stanowi jeden z cz\u0119\u015bciej uprawianych przez nas sport\u00f3w i na dw\u00f3ch deskach sp\u0119dzamy sporo czasu (lub planujemy sp\u0119dza\u0107 bo w\u0142a\u015bnie z\u0142apali\u015bmy bakcyla), warto zainwestowa\u0107 w plecak nieco bardziej skrojony pod nasze potrzeby.<\/p>\n\n\n\n<p>W kr\u0119gu naszego zainteresowania znajd\u0105 si\u0119 nie tylko specjalistyczne plecaki narciarskie. Mimo to, aby zapewni\u0107 nam komfortowe korzystanie z urok\u00f3w bia\u0142ego szale\u0144stwa, dobrze aby wybrany przez nas model posiada\u0142 pewne szczeg\u00f3lne cechy. Jakie? To zale\u017cy od uprawianej przez nas dyscypliny narciarstwa!<\/p>\n\n\n\n<div id=\"ez-toc-container\" class=\"ez-toc-v2_0_85 counter-hierarchy ez-toc-counter ez-toc-light-blue ez-toc-container-direction\">\n<div class=\"ez-toc-title-container\">\n<p class=\"ez-toc-title\" style=\"cursor:inherit\">SPIS TRE\u015aCI <\/p>\n<span class=\"ez-toc-title-toggle\"><a href=\"#\" class=\"ez-toc-pull-right ez-toc-btn ez-toc-btn-xs ez-toc-btn-default ez-toc-toggle\" aria-label=\"Prze\u0142\u0105cznik Spisu Tre\u015bci\"><span class=\"ez-toc-js-icon-con\"><span class=\"\"><span class=\"eztoc-hide\" style=\"display:none;\">Toggle<\/span><span class=\"ez-toc-icon-toggle-span\"><svg style=\"fill: #999;color:#999\" xmlns=\"http:\/\/www.w3.org\/2000\/svg\" class=\"list-377408\" width=\"20px\" height=\"20px\" viewBox=\"0 0 24 24\" fill=\"none\"><path d=\"M6 6H4v2h2V6zm14 0H8v2h12V6zM4 11h2v2H4v-2zm16 0H8v2h12v-2zM4 16h2v2H4v-2zm16 0H8v2h12v-2z\" fill=\"currentColor\"><\/path><\/svg><svg style=\"fill: #999;color:#999\" class=\"arrow-unsorted-368013\" xmlns=\"http:\/\/www.w3.org\/2000\/svg\" width=\"10px\" height=\"10px\" viewBox=\"0 0 24 24\" version=\"1.2\" baseProfile=\"tiny\"><path d=\"M18.2 9.3l-6.2-6.3-6.2 6.3c-.2.2-.3.4-.3.7s.1.5.3.7c.2.2.4.3.7.3h11c.3 0 .5-.1.7-.3.2-.2.3-.5.3-.7s-.1-.5-.3-.7zM5.8 14.7l6.2 6.3 6.2-6.3c.2-.2.3-.5.3-.7s-.1-.5-.3-.7c-.2-.2-.4-.3-.7-.3h-11c-.3 0-.5.1-.7.3-.2.2-.3.5-.3.7s.1.5.3.7z\"\/><\/svg><\/span><\/span><\/span><\/a><\/span><\/div>\n<nav><ul class='ez-toc-list ez-toc-list-level-1 ' ><li class='ez-toc-page-1 ez-toc-heading-level-2'><a class=\"ez-toc-link ez-toc-heading-1\" href=\"https:\/\/www.skalnik.pl\/blog\/jaki-plecak-na-narty-wybrac\/#Plecak_narciarski_na_stok\" >Plecak narciarski na stok<\/a><\/li><li class='ez-toc-page-1 ez-toc-heading-level-2'><a class=\"ez-toc-link ez-toc-heading-2\" href=\"https:\/\/www.skalnik.pl\/blog\/jaki-plecak-na-narty-wybrac\/#Plecak_na_narty_biegowe\" >Plecak na narty biegowe<\/a><\/li><li class='ez-toc-page-1 ez-toc-heading-level-2'><a class=\"ez-toc-link ez-toc-heading-3\" href=\"https:\/\/www.skalnik.pl\/blog\/jaki-plecak-na-narty-wybrac\/#Plecaki_na_narty_skiturowe\" >Plecaki na narty skiturowe<\/a><\/li><li class='ez-toc-page-1 ez-toc-heading-level-2'><a class=\"ez-toc-link ez-toc-heading-4\" href=\"https:\/\/www.skalnik.pl\/blog\/jaki-plecak-na-narty-wybrac\/#Plecak_lawinowy_%E2%80%93_narciarska_polisa_na_zycie\" >Plecak lawinowy \u2013 narciarska polisa na \u017cycie<\/a><\/li><li class='ez-toc-page-1 ez-toc-heading-level-2'><a class=\"ez-toc-link ez-toc-heading-5\" href=\"https:\/\/www.skalnik.pl\/blog\/jaki-plecak-na-narty-wybrac\/#Plecak_narciarski_czy_uniwersalny\" >Plecak narciarski czy uniwersalny?<\/a><\/li><\/ul><\/nav><\/div>\n<h2 class=\"wp-block-heading\"><span class=\"ez-toc-section\" id=\"Plecak_narciarski_na_stok\"><\/span><strong>Plecak narciarski na stok<\/strong><span class=\"ez-toc-section-end\"><\/span><\/h2>\n\n\n\n<p>Chyba najmniejszy problem maj\u0105 osoby wybieraj\u0105ce plecak maj\u0105cy im s\u0142u\u017cy\u0107 przede wszystkim na zagospodarowanym stoku narciarskim. W takie miejsce nie zabieramy ze sob\u0105 wielu specjalistycznych akcesori\u00f3w, nasza aktywno\u015b\u0107 ogranicza si\u0119 wy\u0142\u0105cznie do zjazd\u00f3w (bez podchodzenia), a narty znajduj\u0105 si\u0119 zazwyczaj pod naszymi nogami lub stoj\u0105 \u201ezaparkowane\u201d przed przystokowym barem.<\/p>\n\n\n<div class=\"wp-block-image\">\n<figure class=\"aligncenter size-large\"><img loading=\"lazy\" decoding=\"async\" width=\"1024\" height=\"683\" src=\"https:\/\/www.skalnik.pl\/blog\/wp-content\/uploads\/2024\/01\/ben-koorengevel-plecak-na-narty-unsplash-1024x683.jpg\" alt=\"plecak na stok jazda na narty\" class=\"wp-image-25534\" srcset=\"https:\/\/www.skalnik.pl\/blog\/wp-content\/uploads\/2024\/01\/ben-koorengevel-plecak-na-narty-unsplash-1024x683.jpg 1024w, https:\/\/www.skalnik.pl\/blog\/wp-content\/uploads\/2024\/01\/ben-koorengevel-plecak-na-narty-unsplash-300x200.jpg 300w, https:\/\/www.skalnik.pl\/blog\/wp-content\/uploads\/2024\/01\/ben-koorengevel-plecak-na-narty-unsplash-768x512.jpg 768w, https:\/\/www.skalnik.pl\/blog\/wp-content\/uploads\/2024\/01\/ben-koorengevel-plecak-na-narty-unsplash-1536x1024.jpg 1536w, https:\/\/www.skalnik.pl\/blog\/wp-content\/uploads\/2024\/01\/ben-koorengevel-plecak-na-narty-unsplash-2048x1365.jpg 2048w\" sizes=\"auto, (max-width: 1024px) 100vw, 1024px\" \/><figcaption class=\"wp-element-caption\"><em>Plecak na stok powinien przede wszystkim przylega\u0107 do plec\u00f3w. (fot. Ben Koorengevel, Unsplash)<\/em><\/figcaption><\/figure>\n<\/div>\n\n\n<p>\u201eNarciarsko\u015b\u0107\u201d plecaka nie jest w tym przypadku bardzo istotn\u0105 cech\u0105. Zdecydowanie jednak powinno cechowa\u0107 go dobre przyleganie \u2013 plecak po za\u0142o\u017ceniu i zapi\u0119ciu pasa biodrowego i piersiowego nie powinien przemieszcza\u0107 si\u0119 i podskakiwa\u0107 \u2013 to bardzo utrudni utrzymanie r\u00f3wnowagi! Kolejn\u0105 istotn\u0105 cech\u0105 jest solidne zamkni\u0119cie. Zw\u0142aszcza na pocz\u0105tkowym etapie nauki jazdy b\u0119dzie nas czeka\u0142a niejedna wywrotka. G\u0142upio by\u0142oby zorientowa\u0107 si\u0119 na koniec dnia, \u017ce nie mamy przy sobie portfela lub kluczyk\u00f3w od samochodu. Ochroni\u0107 nas przed tym mo\u017ce r\u00f3wnie\u017c wewn\u0119trzna, dodatkowo zapinana kiesze\u0144 lub zapi\u0119cie do kluczy.<\/p>\n\n\n\n<p>Nieco mniej wa\u017cny, ale wci\u0105\u017c przydatny jest materia\u0142 o sensownej wodoodporno\u015bci. Nie musi to by\u0107 pe\u0142na wodoszczelno\u015b\u0107 \u2013 w deszczu obl\u0119\u017cenie prze\u017cywaj\u0105 raczej bary ni\u017c stoki narciarskie. Dobrze jednak, aby nie przesi\u0105ka\u0142 wod\u0105 z topniej\u0105cego \u015bniegu. Ze wzgl\u0119du na blisko\u015b\u0107 punkt\u00f3w gastronomicznych itp., na stoku cz\u0119sto mo\u017cemy jednak w og\u00f3le zrezygnowa\u0107 z plecaka.<\/p>\n\n\n\n<h2 class=\"wp-block-heading\"><span class=\"ez-toc-section\" id=\"Plecak_na_narty_biegowe\"><\/span><strong>Plecak na narty biegowe<\/strong><span class=\"ez-toc-section-end\"><\/span><\/h2>\n\n\n\n<p>Na bieg\u00f3wkach niewiele os\u00f3b u\u017cywa plecak\u00f3w, zw\u0142aszcza je\u015bli chodzi o szybkie, intensywne treningi. Je\u015bli jednak pewniej czujemy si\u0119 maj\u0105c ze sob\u0105 dodatkowy, ciep\u0142y ciuch albo niewielki termos z gor\u0105c\u0105 herbat\u0105, doskona\u0142ym pomys\u0142em b\u0119dzie u\u017cycie plecaka (kamizelki) biegowej lub torebki biodrowej (\u201enerki\u201d). Inaczej sprawa ma si\u0119 je\u015bli nart biegowych u\u017cywamy do spokojnej turystyki i nie zale\u017cy nam na dynamice poruszania si\u0119. Wtedy na plecy mo\u017cemy wrzuci\u0107 cokolwiek. Mniejszy baga\u017c oznacza jednak zdecydowanie wi\u0119ksz\u0105 wygod\u0119!<\/p>\n\n\n<div class=\"wp-block-image\">\n<figure class=\"aligncenter size-full\"><img loading=\"lazy\" decoding=\"async\" width=\"1024\" height=\"683\" src=\"https:\/\/www.skalnik.pl\/blog\/wp-content\/uploads\/2024\/01\/narty-biegowe-silvini.jpg\" alt=\"silvini narty biegowe\" class=\"wp-image-25455\" srcset=\"https:\/\/www.skalnik.pl\/blog\/wp-content\/uploads\/2024\/01\/narty-biegowe-silvini.jpg 1024w, https:\/\/www.skalnik.pl\/blog\/wp-content\/uploads\/2024\/01\/narty-biegowe-silvini-300x200.jpg 300w, https:\/\/www.skalnik.pl\/blog\/wp-content\/uploads\/2024\/01\/narty-biegowe-silvini-768x512.jpg 768w\" sizes=\"auto, (max-width: 1024px) 100vw, 1024px\" \/><figcaption class=\"wp-element-caption\"><em>Im mniej, tym wygodniej. Na bieg\u00f3wkach cz\u0119sto rezygnuje si\u0119 z jakiegokolwiek baga\u017cu. (fot. Silvini)<\/em><\/figcaption><\/figure>\n<\/div>\n\n\n<h2 class=\"wp-block-heading\"><span class=\"ez-toc-section\" id=\"Plecaki_na_narty_skiturowe\"><\/span><strong>Plecaki na narty skiturowe<\/strong><span class=\"ez-toc-section-end\"><\/span><\/h2>\n\n\n\n<p>Najwi\u0119ksze znaczenie b\u0119dzie mia\u0142 dob\u00f3r odpowiedniego plecaka dla narciarza skiturowego. Sport ten bowiem stanowi tak naprawd\u0119 po\u0142\u0105czenie okoliczno\u015bci w\u0142a\u015bciwych turystyce g\u00f3rskiej albo wr\u0119cz wysokog\u00f3rskiej oraz narciarstwu.<\/p>\n\n\n\n<p>Wycieczka wycieczce nier\u00f3wna \u2013 dla cz\u0119\u015bci os\u00f3b skituring b\u0119dzie oznacza\u0142 podej\u015bcie wzd\u0142u\u017c nartostrady, zatem poza pomieszczeniem dodatkowej ciep\u0142ej kurtki plecak nie musi spe\u0142ni\u0107 wielu wymog\u00f3w. Na wielu wycieczkach b\u0119dziemy jednak zmuszeni dzia\u0142a\u0107 wiele godzin, jedynie w oparciu o zapasy zgromadzone w naszym plecaku, czasem za\u015b zdj\u0105\u0107 narty lub mierzy\u0107 si\u0119 z nag\u0142\u0105 \u015bnie\u017cyc\u0105, czy porywami wiatru. Dotyczy to r\u00f3wnie\u017c \u0142agodniejszych g\u00f3r, takich jak Beskidy czy Sudety. Plecak skiturowy musi w tej sytuacji pomie\u015bci\u0107 prowiant, dodatkowe ubrania, apteczk\u0119 pierwszej pomocy, map\u0119 i inny sprz\u0119t do nawigacji, a tak\u017ce umo\u017cliwi\u0107 przytroczenie nart i innych akcesori\u00f3w.<\/p>\n\n\n\n<p>Plecak skitour zabierany w teren wysokog\u00f3rski powinien dodatkowo pomie\u015bci\u0107 lawinowe ABC (detektor lawinowy, sonda i \u0142opatka) \u2013 i to nie byle gdzie, ale w osobnej, \u0142atwo dost\u0119pnej kieszeni. Istotny jest dobry system no\u015bny, zw\u0142aszcza je\u015bli preferujemy d\u0142ugie wyrypy, zwi\u0105zane z zabieraniem wi\u0119kszej ilo\u015bci \u0142adunku.<\/p>\n\n\n\n<p>Wyb\u00f3r takiego plecaka zacznijmy oczywi\u015bcie od sprawdzenia czy dobrze le\u017cy na naszych plecach. Nie mo\u017ce podskakiwa\u0107 czy lu\u017ano \u201ebuja\u0107 si\u0119\u201d, wytr\u0105caj\u0105c nas z r\u00f3wnowagi. Zastan\u00f3wmy si\u0119 jakiej pojemno\u015bci potrzebujemy. Osobi\u015bcie uwa\u017cam, \u017ce obci\u0105\u017cenie wi\u0119ksze ni\u017c 6 \u2013 7 kg skutecznie odbiera przyjemno\u015b\u0107 ze zjazdu, zatem odpowiedzmy sobie na pytanie jaki ekwipunek faktycznie b\u0119dzie nam potrzebny na narciarskie wycieczki.<\/p>\n\n\n\n<p>My\u015bl\u0119, \u017ce plecak o pojemno\u015bci wi\u0119kszej ni\u017c 35 litr\u00f3w ma sens tylko w przypadku, kiedy narty stanowi\u0105 dla nas praktyczny \u015brodek lokomocji np. w drodze na wspinanie, nie za\u015b przyjemno\u015b\u0107 i cel sam w sobie.<\/p>\n\n\n<div class=\"wp-block-image\">\n<figure class=\"aligncenter size-full\"><img loading=\"lazy\" decoding=\"async\" width=\"1024\" height=\"683\" src=\"https:\/\/www.skalnik.pl\/blog\/wp-content\/uploads\/2024\/01\/dynafit_w23_freetoplecak-skitour-2.jpg\" alt=\"\" class=\"wp-image-25538\" srcset=\"https:\/\/www.skalnik.pl\/blog\/wp-content\/uploads\/2024\/01\/dynafit_w23_freetoplecak-skitour-2.jpg 1024w, https:\/\/www.skalnik.pl\/blog\/wp-content\/uploads\/2024\/01\/dynafit_w23_freetoplecak-skitour-2-300x200.jpg 300w, https:\/\/www.skalnik.pl\/blog\/wp-content\/uploads\/2024\/01\/dynafit_w23_freetoplecak-skitour-2-768x512.jpg 768w\" sizes=\"auto, (max-width: 1024px) 100vw, 1024px\" \/><figcaption class=\"wp-element-caption\"><em>Mo\u017cliwo\u015b\u0107 troczenia nart czy uchwyt na kask to wa\u017cne elementy plecaka na skitury. (fot. Dynafit) <\/em><\/figcaption><\/figure>\n<\/div>\n\n\n<p>Kolejnym krokiem b\u0119dzie wyb\u00f3r systemu troczenia nart. Mocowanie nart do plecaka realizowane jest na dwa sposoby: narty spi\u0119te razem, troczone z ty\u0142u plecaka, po przek\u0105tnej oraz system \u201eA\u201d, gdzie deski przypi\u0119te s\u0105 pojedynczo po obu stronach plecaka i spi\u0119te razem na g\u00f3rze. Pierwszy system jest nieco bardziej uniwersalny \u2013 pozwala r\u00f3wnie\u017c na przypi\u0119cie deski snowboardowej.<\/p>\n\n\n\n<p>Nast\u0119pnie zwr\u00f3\u0107my uwag\u0119 na rodzaj i jako\u015b\u0107 punkt\u00f3w dost\u0119pu do plecaka, zapi\u0119\u0107 i kieszeni. Strategicznie rozmieszczone zamki i kieszenie pozwol\u0105 nam na dostanie si\u0119 do dok\u0142adnie tego elementu ekwipunku, jaki jest nam w danym momencie potrzebny, bez wyjmowania ca\u0142ej zawarto\u015bci plecaka. Koniecznie wybierzmy plecak z kieszeni\u0105 na lawinowe ABC, chyba \u017ce nie zamierzamy dzia\u0142a\u0107 w terenie zagro\u017conym lawinami.<\/p>\n\n\n\n<p>Jako\u015b\u0107 zamk\u00f3w z kolei pozwoli unikn\u0105\u0107 sytuacji, kiedy pechowo na odleg\u0142ej prze\u0142\u0119czy oka\u017ce si\u0119, \u017ce zamkni\u0119cie naszego baga\u017cu uleg\u0142o awarii i w \u017caden spos\u00f3b nie mo\u017cemy zabezpieczy\u0107 si\u0119 przed pogubieniem jego zawarto\u015bci na zje\u017adzie\u2026<\/p>\n\n\n\n<p>Upewnijmy si\u0119, \u017ce wybierany przez nas plecak ma poza mo\u017cliwo\u015bci\u0105 troczenia nart r\u00f3wnie\u017c odpowiednie troki do czekana oraz mo\u017cliwo\u015b\u0107 dopi\u0119cia kasku. Ta ostatnia cecha pozwala wybra\u0107 plecak nieco mniejszy, nie b\u0119dziemy bowiem musieli upycha\u0107 os\u0142ony g\u0142owy do \u015brodka.<\/p>\n\n\n\t<div class=\"magento-wrapper\">\n\t\t<ul class=\"products\">\n\t\t\t<li class=\"product\">\n\t\n\t\t<div class=\"image\">\n\t\t\t<a href=\"https:\/\/www.skalnik.pl\/plecak-rescuer-25-pro-black-834773\" target=\"_self\">\n\t\t\t\t\t\t<img\n\t\t\tsrc=\"https:\/\/www.skalnik.pl\/media\/catalog\/product\/r\/e\/rescuer-25-pro_1_.jpg\"\n\t\t\talt=\"PLECAK RESCUER 25 PRO-BLACK\"\n\t\t\t\t\t\t\t\t\/>\n\t\t\t\t\t<\/a>\n\t\t<\/div>\n\n\t\t\n\t\t<a href=\"https:\/\/www.skalnik.pl\/plecak-rescuer-25-pro-black-834773\" target=\"_self\"><span class=\"name\">PLECAK RESCUER 25 PRO-BLACK<\/span><\/a>\t\n\t\n\t\t\t\t\t<div class=\"price has-special\">\n\t\t\tCENA\n\t\t\t\t\t\t\t<span class=\"special-price\">468.99 z\u0142<\/span>\n\t\t\t\t<span class=\"special-price base-price\">669.99 z\u0142<\/span>\n\t\t\t\t\t<\/div>\n\t\t\t\n\t<div class=\"url\"><a class=\"view-details\" href=\"https:\/\/www.skalnik.pl\/plecak-rescuer-25-pro-black-834773\">Zobacz wi\u0119cej <\/a><\/div><\/li>\n<li class=\"product\">\n\t\n\t\t<div class=\"image\">\n\t\t\t<a href=\"https:\/\/www.skalnik.pl\/plecak-rescuer-32-pro-black-834776\" target=\"_self\">\n\t\t\t\t\t\t<img\n\t\t\tsrc=\"https:\/\/www.skalnik.pl\/media\/catalog\/product\/r\/e\/rescuer-32-pro_1_.jpg\"\n\t\t\talt=\"PLECAK RESCUER 32 PRO-BLACK\"\n\t\t\t\t\t\t\t\t\/>\n\t\t\t\t\t<\/a>\n\t\t<\/div>\n\n\t\t\n\t\t<a href=\"https:\/\/www.skalnik.pl\/plecak-rescuer-32-pro-black-834776\" target=\"_self\"><span class=\"name\">PLECAK RESCUER 32 PRO-BLACK<\/span><\/a>\t\n\t\n\t\t\t\t\t<div class=\"price has-special\">\n\t\t\tCENA\n\t\t\t\t\t\t\t<span class=\"special-price\">606.99 z\u0142<\/span>\n\t\t\t\t<span class=\"special-price base-price\">739.99 z\u0142<\/span>\n\t\t\t\t\t<\/div>\n\t\t\t\n\t<div class=\"url\"><a class=\"view-details\" href=\"https:\/\/www.skalnik.pl\/plecak-rescuer-32-pro-black-834776\">Zobacz wi\u0119cej <\/a><\/div><\/li>\n<li class=\"product\">\n\t\n\t\t<div class=\"image\">\n\t\t\t<a href=\"https:\/\/www.skalnik.pl\/plecak-tour-25-jester-red-1006653\" target=\"_self\">\n\t\t\t\t\t\t<img\n\t\t\tsrc=\"https:\/\/www.skalnik.pl\/media\/catalog\/product\/p\/l\/plecak-tour-25-jester-red-1006653_1_9.jpg\"\n\t\t\talt=\"PLECAK TOUR 25-JESTER RED\"\n\t\t\t\t\t\t\t\t\/>\n\t\t\t\t\t<\/a>\n\t\t<\/div>\n\n\t\t\n\t\t<a href=\"https:\/\/www.skalnik.pl\/plecak-tour-25-jester-red-1006653\" target=\"_self\"><span class=\"name\">PLECAK TOUR 25-JESTER RED<\/span><\/a>\t\n\t\n\t\t\t\t\t<div class=\"price has-special\">\n\t\t\tCENA\n\t\t\t\t\t\t\t<span class=\"special-price\">350.99 z\u0142<\/span>\n\t\t\t\t<span class=\"special-price base-price\">579.99 z\u0142<\/span>\n\t\t\t\t\t<\/div>\n\t\t\t\n\t<div class=\"url\"><a class=\"view-details\" href=\"https:\/\/www.skalnik.pl\/plecak-tour-25-jester-red-1006653\">Zobacz wi\u0119cej <\/a><\/div><\/li>\n\t\t<\/ul>\n\t<\/div>\n\n\n\n\n<p>Nie dajmy si\u0119 tak\u017ce z\u0142apa\u0107 na marketingowy chwyt w postaci p\u0142ytki RECCO wmontowanej w plecak. O ile sens jej obecno\u015bci w odzie\u017cy jest dyskusyjny, zw\u0142aszcza w rejonach odleg\u0142ych od stok\u00f3w narciarskich, o tyle w przypadku plecak\u00f3w, p\u0142ytka RECCO jest wr\u0119cz szkodliwa! Jedna z podstawowych regu\u0142 zachowania si\u0119 w przypadku porwania przez lawin\u0119 m\u00f3wi o natychmiastowym zrzuceniu plecaka. W takiej sytuacji poszukuj\u0105cy nas ratownicy zamiast trafi\u0107 od razu na nas, mog\u0105 zacz\u0105\u0107 sondowanie w okolicy naszego zrzuconego baga\u017cu\u2026 Wyj\u0105tkiem jest tu jeden, specjalistyczny typ plecaka, kt\u00f3rego w przypadku porwania przez lawin\u0119 bezwzgl\u0119dnie nie zrzucamy \u2013 plecaki lawinowe.<\/p>\n\n\n\n<figure class=\"wp-block-image size-full\"><a href=\"https:\/\/www.skalnik.pl\/sprzet-zimowy\/skituring\/skituring-plecaki-skitourowe\" target=\"_blank\" rel=\"noreferrer noopener\"><img loading=\"lazy\" decoding=\"async\" width=\"1024\" height=\"250\" src=\"https:\/\/www.skalnik.pl\/blog\/wp-content\/uploads\/2024\/01\/PLECAKI-SKITUROWE-BANER-SKLEP.jpg\" alt=\"\" class=\"wp-image-25545\" srcset=\"https:\/\/www.skalnik.pl\/blog\/wp-content\/uploads\/2024\/01\/PLECAKI-SKITUROWE-BANER-SKLEP.jpg 1024w, https:\/\/www.skalnik.pl\/blog\/wp-content\/uploads\/2024\/01\/PLECAKI-SKITUROWE-BANER-SKLEP-300x73.jpg 300w, https:\/\/www.skalnik.pl\/blog\/wp-content\/uploads\/2024\/01\/PLECAKI-SKITUROWE-BANER-SKLEP-768x188.jpg 768w\" sizes=\"auto, (max-width: 1024px) 100vw, 1024px\" \/><\/a><\/figure>\n\n\n\n<h2 class=\"wp-block-heading\"><span class=\"ez-toc-section\" id=\"Plecak_lawinowy_%E2%80%93_narciarska_polisa_na_zycie\"><\/span><strong>Plecak lawinowy \u2013 narciarska polisa na \u017cycie<\/strong><span class=\"ez-toc-section-end\"><\/span><\/h2>\n\n\n\n<p>Dla tych, kt\u00f3rzy cz\u0119sto zapuszczaj\u0105 si\u0119 w teren zagro\u017cony lawinami, odpowiedni b\u0119dzie plecak lawinowy. Produkty z tej kategorii charakteryzuj\u0105 si\u0119 obecno\u015bci\u0105 poduszki powietrznej, nape\u0142nianej przez system elektryczny lub nab\u00f3j ze spr\u0119\u017conym gazem. Poduszka taka po nape\u0142nieniu dzia\u0142a dwojako \u2013 z jednej strony zapewnia nam dodatni\u0105 wyporno\u015b\u0107, pozwalaj\u0105c\u0105 utrzyma\u0107 si\u0119 na powierzchni lawiniska, z drugiej za\u015b daje pewn\u0105 ochron\u0119 przed ewentualnymi obra\u017ceniami.<\/p>\n\n\n\n<p>Przyk\u0142adem jest plecak Arva Switch Tour Bundle, umo\u017cliwiaj\u0105cy nam wymian\u0119 kom\u00f3r \u2013 w zale\u017cno\u015bci od charakteru naszej wycieczki, mo\u017cemy zainstalowa\u0107 komor\u0119 o pojemno\u015bci 25 b\u0105d\u017a 40 litr\u00f3w. Konkurencyjny plecak ABS A.Light Tour 35-40 posiada dwie niezale\u017cne poduszki powietrzne, minimalizuj\u0105c ryzyko uszkodzenia ca\u0142ego systemu np. przez wystaj\u0105ce spod \u015bniegu ska\u0142y.<\/p>\n\n\n<div class=\"wp-block-image\">\n<figure class=\"aligncenter size-full\"><img loading=\"lazy\" decoding=\"async\" width=\"1024\" height=\"683\" src=\"https:\/\/www.skalnik.pl\/blog\/wp-content\/uploads\/2024\/01\/AndyEarl-plecak-lawinowy-black-diamond.jpeg\" alt=\"\" class=\"wp-image-25539\" srcset=\"https:\/\/www.skalnik.pl\/blog\/wp-content\/uploads\/2024\/01\/AndyEarl-plecak-lawinowy-black-diamond.jpeg 1024w, https:\/\/www.skalnik.pl\/blog\/wp-content\/uploads\/2024\/01\/AndyEarl-plecak-lawinowy-black-diamond-300x200.jpeg 300w, https:\/\/www.skalnik.pl\/blog\/wp-content\/uploads\/2024\/01\/AndyEarl-plecak-lawinowy-black-diamond-768x512.jpeg 768w\" sizes=\"auto, (max-width: 1024px) 100vw, 1024px\" \/><figcaption class=\"wp-element-caption\"><em>Wyruszaj\u0105c w teren zagro\u017cony lawinami, warto zabra\u0107 plecak lawinowy. (fot. Black Diamond)<\/em><\/figcaption><\/figure>\n<\/div>\n\n\t<div class=\"magento-wrapper\">\n\t\t<ul class=\"products\">\n\t\t\t<li class=\"product\">\n\t\n\t\t<div class=\"image\">\n\t\t\t<a href=\"https:\/\/www.skalnik.pl\/plecak-jetforce-bt-25-sky-blue-685381\" target=\"_self\">\n\t\t\t\t\t\t<img\n\t\t\tsrc=\"https:\/\/www.skalnik.pl\/media\/catalog\/product\/j\/e\/jetforce20_bt_25_blue_rgb_web.jpg\"\n\t\t\talt=\"PLECAK JETFORCE BT 25\"\n\t\t\t\t\t\t\t\t\/>\n\t\t\t\t\t<\/a>\n\t\t<\/div>\n\n\t\t\n\t\t<a href=\"https:\/\/www.skalnik.pl\/plecak-jetforce-bt-25-sky-blue-685381\" target=\"_self\"><span class=\"name\">PLECAK JETFORCE BT 25<\/span><\/a>\t\n\t\n\t\n\t<div class=\"url\"><a class=\"view-details\" href=\"https:\/\/www.skalnik.pl\/plecak-jetforce-bt-25-sky-blue-685381\">Zobacz wi\u0119cej <\/a><\/div><\/li>\n<li class=\"product\">\n\t\n\t\t<div class=\"image\">\n\t\t\t<a href=\"https:\/\/www.skalnik.pl\/plecak-lawinowy-alight-go-dark-slate-1025885\" target=\"_self\">\n\t\t\t\t\t\t<img\n\t\t\tsrc=\"https:\/\/www.skalnik.pl\/media\/catalog\/product\/p\/l\/plecak-lawinowy-alight-go-dark-slate-1025885_1.jpg\"\n\t\t\talt=\"PLECAK LAWINOWY A.LIGHT GO-DARK SLATE\"\n\t\t\t\t\t\t\t\t\/>\n\t\t\t\t\t<\/a>\n\t\t<\/div>\n\n\t\t\n\t\t<a href=\"https:\/\/www.skalnik.pl\/plecak-lawinowy-alight-go-dark-slate-1025885\" target=\"_self\"><span class=\"name\">PLECAK LAWINOWY A.LIGHT GO-DARK SLATE<\/span><\/a>\t\n\t\n\t\n\t<div class=\"url\"><a class=\"view-details\" href=\"https:\/\/www.skalnik.pl\/plecak-lawinowy-alight-go-dark-slate-1025885\">Zobacz wi\u0119cej <\/a><\/div><\/li>\n<li class=\"product\">\n\t\n\t\t<div class=\"image\">\n\t\t\t<a href=\"https:\/\/www.skalnik.pl\/plecak-tour-32-airbag-grey-1031026\" target=\"_self\">\n\t\t\t\t\t\t<img\n\t\t\tsrc=\"https:\/\/www.skalnik.pl\/media\/catalog\/product\/p\/l\/plecak-tour-32-airbag-grey-1031026_1.jpg\"\n\t\t\talt=\"PLECAK TOUR 32 AIRBAG-GREY\"\n\t\t\t\t\t\t\t\t\/>\n\t\t\t\t\t<\/a>\n\t\t<\/div>\n\n\t\t\n\t\t<a href=\"https:\/\/www.skalnik.pl\/plecak-tour-32-airbag-grey-1031026\" target=\"_self\"><span class=\"name\">PLECAK TOUR 32 AIRBAG-GREY<\/span><\/a>\t\n\t\n\t\n\t<div class=\"url\"><a class=\"view-details\" href=\"https:\/\/www.skalnik.pl\/plecak-tour-32-airbag-grey-1031026\">Zobacz wi\u0119cej <\/a><\/div><\/li>\n\t\t<\/ul>\n\t<\/div>\n\n\n\n\n<h2 class=\"wp-block-heading\"><span class=\"ez-toc-section\" id=\"Plecak_narciarski_czy_uniwersalny\"><\/span><strong>Plecak narciarski czy uniwersalny?<\/strong><span class=\"ez-toc-section-end\"><\/span><\/h2>\n\n\n\n<p>Jak wida\u0107 nie jeste\u015bmy skazani wy\u0142\u0105cznie na plecaki narciarskie. Dzi\u015b wi\u0119kszo\u015b\u0107 opisywanych wymaga\u0144 wzgl\u0119dem plecak\u00f3w, r\u00f3wnie\u017c skiturowych, spe\u0142nia wiele modeli turystycznych proponowanych przez renomowanych producent\u00f3w (i zazwyczaj wspominaj\u0105 oni o tym fakcie). Nie ma zatem potrzeby zakupu mocno wyspecjalizowanego modelu, kt\u00f3ry s\u0142u\u017cy\u0142 nam b\u0119dzie jedynie na nartach, przez wi\u0119kszo\u015b\u0107 roku le\u017cakuj\u0105c w szafie. W przypadku jednak, kiedy zamierzamy cz\u0119\u015bciej przebywa\u0107 w g\u00f3rach o charakterze alpejskim, zw\u0142aszcza je\u015bli interesuj\u0105 nas ambitne zjazdy stromymi stokami, powa\u017cnie rozwa\u017cmy zakup plecaka lawinowego \u2013 nasze \u017cycie warte jest ka\u017cdej ceny!<\/p>\n","protected":false},"excerpt":{"rendered":"<p>Jaki plecak na narty? Dowiedz si\u0119, co powinien mie\u0107 plecak narciarski. <\/p>\n","protected":false},"author":39,"featured_media":25533,"comment_status":"closed","ping_status":"closed","sticky":false,"template":"","format":"standard","meta":{"_acf_changed":false,"footnotes":""},"categories":[3],"tags":[23,128,16],"magento_category":[],"magento_product":[],"class_list":["post-25531","post","type-post","status-publish","format-standard","has-post-thumbnail","hentry","category-porady","tag-plecaki","tag-skitouring","tag-zima"],"acf":[],"aioseo_notices":[],"aioseo_head":"\n\t\t<!-- All in One SEO 4.9.10 - aioseo.com -->\n\t<meta name=\"description\" content=\"Jaki plecak na narty? To zale\u017cy, jaki rodzaj narciarstwa uprawiasz. Dowiedz si\u0119 co powinien mie\u0107 plecak na narty zjazdowe, bieg\u00f3wki i skitury. Zajrzyj tutaj\" \/>\n\t<meta name=\"robots\" content=\"max-image-preview:large\" \/>\n\t<meta name=\"author\" content=\"Skadi\"\/>\n\t<link rel=\"canonical\" href=\"https:\/\/www.skalnik.pl\/blog\/jaki-plecak-na-narty-wybrac\/\" \/>\n\t<meta name=\"generator\" content=\"All in One SEO (AIOSEO) 4.9.10\" \/>\n\t\t<meta property=\"og:locale\" content=\"pl_PL\" \/>\n\t\t<meta property=\"og:site_name\" content=\"blog Skalnik - Blog, porady, artyku\u0142y - blog Skalnik\" \/>\n\t\t<meta property=\"og:type\" content=\"article\" \/>\n\t\t<meta property=\"og:title\" content=\"Jaki plecak na narty wybra\u0107? - blog Skalnik\" \/>\n\t\t<meta property=\"og:description\" content=\"Jaki plecak na narty? To zale\u017cy, jaki rodzaj narciarstwa uprawiasz. Dowiedz si\u0119 co powinien mie\u0107 plecak na narty zjazdowe, bieg\u00f3wki i skitury. Zajrzyj tutaj\" \/>\n\t\t<meta property=\"og:url\" content=\"https:\/\/www.skalnik.pl\/blog\/jaki-plecak-na-narty-wybrac\/\" \/>\n\t\t<meta property=\"og:image\" content=\"https:\/\/www.skalnik.pl\/blog\/wp-content\/uploads\/2024\/01\/ben-koorengevel-plecak-na-narty-unsplash-1024x683.jpg\" \/>\n\t\t<meta property=\"og:image:secure_url\" content=\"https:\/\/www.skalnik.pl\/blog\/wp-content\/uploads\/2024\/01\/ben-koorengevel-plecak-na-narty-unsplash-1024x683.jpg\" \/>\n\t\t<meta property=\"article:tag\" content=\"porady\" \/>\n\t\t<meta property=\"article:tag\" content=\"plecaki\" \/>\n\t\t<meta property=\"article:tag\" content=\"skitouring\" \/>\n\t\t<meta property=\"article:tag\" content=\"zima\" \/>\n\t\t<meta property=\"article:published_time\" content=\"2024-01-29T13:17:55+00:00\" \/>\n\t\t<meta property=\"article:modified_time\" content=\"2024-02-12T12:15:27+00:00\" \/>\n\t\t<meta name=\"twitter:card\" content=\"summary_large_image\" \/>\n\t\t<meta name=\"twitter:title\" content=\"Jaki plecak na narty wybra\u0107? - blog Skalnik\" \/>\n\t\t<meta name=\"twitter:description\" content=\"Jaki plecak na narty? To zale\u017cy, jaki rodzaj narciarstwa uprawiasz. Dowiedz si\u0119 co powinien mie\u0107 plecak na narty zjazdowe, bieg\u00f3wki i skitury. Zajrzyj tutaj\" \/>\n\t\t<meta name=\"twitter:image\" content=\"https:\/\/www.skalnik.pl\/blog\/wp-content\/uploads\/2024\/01\/ben-koorengevel-plecak-na-narty-unsplash-1024x683.jpg\" \/>\n\t\t<script type=\"application\/ld+json\" class=\"aioseo-schema\">\n\t\t\t{\"@context\":\"https:\\\/\\\/schema.org\",\"@graph\":[{\"@type\":\"BlogPosting\",\"@id\":\"https:\\\/\\\/www.skalnik.pl\\\/blog\\\/jaki-plecak-na-narty-wybrac\\\/#blogposting\",\"name\":\"Jaki plecak na narty wybra\\u0107? - blog Skalnik\",\"headline\":\"Jaki plecak na narty wybra\\u0107?\",\"author\":{\"@id\":\"https:\\\/\\\/www.skalnik.pl\\\/blog\\\/author\\\/skadi\\\/#author\"},\"publisher\":{\"@id\":\"https:\\\/\\\/www.skalnik.pl\\\/blog\\\/#organization\"},\"image\":{\"@type\":\"ImageObject\",\"url\":\"https:\\\/\\\/www.skalnik.pl\\\/blog\\\/wp-content\\\/uploads\\\/2024\\\/01\\\/dynafit_w23_freetour_action_0014_vigl_neu.jpg\",\"width\":1920,\"height\":706},\"datePublished\":\"2024-01-29T15:17:55+02:00\",\"dateModified\":\"2024-02-12T14:15:27+02:00\",\"inLanguage\":\"pl-PL\",\"mainEntityOfPage\":{\"@id\":\"https:\\\/\\\/www.skalnik.pl\\\/blog\\\/jaki-plecak-na-narty-wybrac\\\/#webpage\"},\"isPartOf\":{\"@id\":\"https:\\\/\\\/www.skalnik.pl\\\/blog\\\/jaki-plecak-na-narty-wybrac\\\/#webpage\"},\"articleSection\":\"Porady, plecaki, skitouring, zima\"},{\"@type\":\"BreadcrumbList\",\"@id\":\"https:\\\/\\\/www.skalnik.pl\\\/blog\\\/jaki-plecak-na-narty-wybrac\\\/#breadcrumblist\",\"itemListElement\":[{\"@type\":\"ListItem\",\"@id\":\"https:\\\/\\\/www.skalnik.pl\\\/blog#listItem\",\"position\":1,\"name\":\"Home\",\"item\":\"https:\\\/\\\/www.skalnik.pl\\\/blog\",\"nextItem\":{\"@type\":\"ListItem\",\"@id\":\"https:\\\/\\\/www.skalnik.pl\\\/blog\\\/.\\\/porady\\\/#listItem\",\"name\":\"Porady\"}},{\"@type\":\"ListItem\",\"@id\":\"https:\\\/\\\/www.skalnik.pl\\\/blog\\\/.\\\/porady\\\/#listItem\",\"position\":2,\"name\":\"Porady\",\"item\":\"https:\\\/\\\/www.skalnik.pl\\\/blog\\\/.\\\/porady\\\/\",\"nextItem\":{\"@type\":\"ListItem\",\"@id\":\"https:\\\/\\\/www.skalnik.pl\\\/blog\\\/jaki-plecak-na-narty-wybrac\\\/#listItem\",\"name\":\"Jaki plecak na narty wybra\\u0107?\"},\"previousItem\":{\"@type\":\"ListItem\",\"@id\":\"https:\\\/\\\/www.skalnik.pl\\\/blog#listItem\",\"name\":\"Home\"}},{\"@type\":\"ListItem\",\"@id\":\"https:\\\/\\\/www.skalnik.pl\\\/blog\\\/jaki-plecak-na-narty-wybrac\\\/#listItem\",\"position\":3,\"name\":\"Jaki plecak na narty wybra\\u0107?\",\"previousItem\":{\"@type\":\"ListItem\",\"@id\":\"https:\\\/\\\/www.skalnik.pl\\\/blog\\\/.\\\/porady\\\/#listItem\",\"name\":\"Porady\"}}]},{\"@type\":\"Organization\",\"@id\":\"https:\\\/\\\/www.skalnik.pl\\\/blog\\\/#organization\",\"name\":\"blog Skalnik\",\"description\":\"Blog, porady, artyku\\u0142y - blog Skalnik\",\"url\":\"https:\\\/\\\/www.skalnik.pl\\\/blog\\\/\"},{\"@type\":\"Person\",\"@id\":\"https:\\\/\\\/www.skalnik.pl\\\/blog\\\/author\\\/skadi\\\/#author\",\"url\":\"https:\\\/\\\/www.skalnik.pl\\\/blog\\\/author\\\/skadi\\\/\",\"name\":\"Skadi\",\"image\":{\"@type\":\"ImageObject\",\"@id\":\"https:\\\/\\\/www.skalnik.pl\\\/blog\\\/jaki-plecak-na-narty-wybrac\\\/#authorImage\",\"url\":\"https:\\\/\\\/secure.gravatar.com\\\/avatar\\\/ae13ef788103b67237116ff6ca11806fd62a3875c2f169205ba46718cec9cfc7?s=96&d=mm&r=g\",\"width\":96,\"height\":96,\"caption\":\"Skadi\"}},{\"@type\":\"WebPage\",\"@id\":\"https:\\\/\\\/www.skalnik.pl\\\/blog\\\/jaki-plecak-na-narty-wybrac\\\/#webpage\",\"url\":\"https:\\\/\\\/www.skalnik.pl\\\/blog\\\/jaki-plecak-na-narty-wybrac\\\/\",\"name\":\"Jaki plecak na narty wybra\\u0107? - blog Skalnik\",\"description\":\"Jaki plecak na narty? To zale\\u017cy, jaki rodzaj narciarstwa uprawiasz. Dowiedz si\\u0119 co powinien mie\\u0107 plecak na narty zjazdowe, bieg\\u00f3wki i skitury. Zajrzyj tutaj\",\"inLanguage\":\"pl-PL\",\"isPartOf\":{\"@id\":\"https:\\\/\\\/www.skalnik.pl\\\/blog\\\/#website\"},\"breadcrumb\":{\"@id\":\"https:\\\/\\\/www.skalnik.pl\\\/blog\\\/jaki-plecak-na-narty-wybrac\\\/#breadcrumblist\"},\"author\":{\"@id\":\"https:\\\/\\\/www.skalnik.pl\\\/blog\\\/author\\\/skadi\\\/#author\"},\"creator\":{\"@id\":\"https:\\\/\\\/www.skalnik.pl\\\/blog\\\/author\\\/skadi\\\/#author\"},\"image\":{\"@type\":\"ImageObject\",\"url\":\"https:\\\/\\\/www.skalnik.pl\\\/blog\\\/wp-content\\\/uploads\\\/2024\\\/01\\\/dynafit_w23_freetour_action_0014_vigl_neu.jpg\",\"@id\":\"https:\\\/\\\/www.skalnik.pl\\\/blog\\\/jaki-plecak-na-narty-wybrac\\\/#mainImage\",\"width\":1920,\"height\":706},\"primaryImageOfPage\":{\"@id\":\"https:\\\/\\\/www.skalnik.pl\\\/blog\\\/jaki-plecak-na-narty-wybrac\\\/#mainImage\"},\"datePublished\":\"2024-01-29T15:17:55+02:00\",\"dateModified\":\"2024-02-12T14:15:27+02:00\"},{\"@type\":\"WebSite\",\"@id\":\"https:\\\/\\\/www.skalnik.pl\\\/blog\\\/#website\",\"url\":\"https:\\\/\\\/www.skalnik.pl\\\/blog\\\/\",\"name\":\"blog Skalnik\",\"description\":\"Blog, porady, artyku\\u0142y - blog Skalnik\",\"inLanguage\":\"pl-PL\",\"publisher\":{\"@id\":\"https:\\\/\\\/www.skalnik.pl\\\/blog\\\/#organization\"}}]}\n\t\t<\/script>\n\t\t<!-- All in One SEO -->\n\n","aioseo_head_json":{"title":"Jaki plecak na narty wybra\u0107? - blog Skalnik","description":"Jaki plecak na narty? To zale\u017cy, jaki rodzaj narciarstwa uprawiasz. Dowiedz si\u0119 co powinien mie\u0107 plecak na narty zjazdowe, bieg\u00f3wki i skitury. Zajrzyj tutaj","canonical_url":"https:\/\/www.skalnik.pl\/blog\/jaki-plecak-na-narty-wybrac\/","robots":"max-image-preview:large","keywords":"","webmasterTools":{"miscellaneous":""},"schema":{"@context":"https:\/\/schema.org","@graph":[{"@type":"BlogPosting","@id":"https:\/\/www.skalnik.pl\/blog\/jaki-plecak-na-narty-wybrac\/#blogposting","name":"Jaki plecak na narty wybra\u0107? - blog Skalnik","headline":"Jaki plecak na narty wybra\u0107?","author":{"@id":"https:\/\/www.skalnik.pl\/blog\/author\/skadi\/#author"},"publisher":{"@id":"https:\/\/www.skalnik.pl\/blog\/#organization"},"image":{"@type":"ImageObject","url":"https:\/\/www.skalnik.pl\/blog\/wp-content\/uploads\/2024\/01\/dynafit_w23_freetour_action_0014_vigl_neu.jpg","width":1920,"height":706},"datePublished":"2024-01-29T15:17:55+02:00","dateModified":"2024-02-12T14:15:27+02:00","inLanguage":"pl-PL","mainEntityOfPage":{"@id":"https:\/\/www.skalnik.pl\/blog\/jaki-plecak-na-narty-wybrac\/#webpage"},"isPartOf":{"@id":"https:\/\/www.skalnik.pl\/blog\/jaki-plecak-na-narty-wybrac\/#webpage"},"articleSection":"Porady, plecaki, skitouring, zima"},{"@type":"BreadcrumbList","@id":"https:\/\/www.skalnik.pl\/blog\/jaki-plecak-na-narty-wybrac\/#breadcrumblist","itemListElement":[{"@type":"ListItem","@id":"https:\/\/www.skalnik.pl\/blog#listItem","position":1,"name":"Home","item":"https:\/\/www.skalnik.pl\/blog","nextItem":{"@type":"ListItem","@id":"https:\/\/www.skalnik.pl\/blog\/.\/porady\/#listItem","name":"Porady"}},{"@type":"ListItem","@id":"https:\/\/www.skalnik.pl\/blog\/.\/porady\/#listItem","position":2,"name":"Porady","item":"https:\/\/www.skalnik.pl\/blog\/.\/porady\/","nextItem":{"@type":"ListItem","@id":"https:\/\/www.skalnik.pl\/blog\/jaki-plecak-na-narty-wybrac\/#listItem","name":"Jaki plecak na narty wybra\u0107?"},"previousItem":{"@type":"ListItem","@id":"https:\/\/www.skalnik.pl\/blog#listItem","name":"Home"}},{"@type":"ListItem","@id":"https:\/\/www.skalnik.pl\/blog\/jaki-plecak-na-narty-wybrac\/#listItem","position":3,"name":"Jaki plecak na narty wybra\u0107?","previousItem":{"@type":"ListItem","@id":"https:\/\/www.skalnik.pl\/blog\/.\/porady\/#listItem","name":"Porady"}}]},{"@type":"Organization","@id":"https:\/\/www.skalnik.pl\/blog\/#organization","name":"blog Skalnik","description":"Blog, porady, artyku\u0142y - blog Skalnik","url":"https:\/\/www.skalnik.pl\/blog\/"},{"@type":"Person","@id":"https:\/\/www.skalnik.pl\/blog\/author\/skadi\/#author","url":"https:\/\/www.skalnik.pl\/blog\/author\/skadi\/","name":"Skadi","image":{"@type":"ImageObject","@id":"https:\/\/www.skalnik.pl\/blog\/jaki-plecak-na-narty-wybrac\/#authorImage","url":"https:\/\/secure.gravatar.com\/avatar\/ae13ef788103b67237116ff6ca11806fd62a3875c2f169205ba46718cec9cfc7?s=96&d=mm&r=g","width":96,"height":96,"caption":"Skadi"}},{"@type":"WebPage","@id":"https:\/\/www.skalnik.pl\/blog\/jaki-plecak-na-narty-wybrac\/#webpage","url":"https:\/\/www.skalnik.pl\/blog\/jaki-plecak-na-narty-wybrac\/","name":"Jaki plecak na narty wybra\u0107? - blog Skalnik","description":"Jaki plecak na narty? To zale\u017cy, jaki rodzaj narciarstwa uprawiasz. Dowiedz si\u0119 co powinien mie\u0107 plecak na narty zjazdowe, bieg\u00f3wki i skitury. Zajrzyj tutaj","inLanguage":"pl-PL","isPartOf":{"@id":"https:\/\/www.skalnik.pl\/blog\/#website"},"breadcrumb":{"@id":"https:\/\/www.skalnik.pl\/blog\/jaki-plecak-na-narty-wybrac\/#breadcrumblist"},"author":{"@id":"https:\/\/www.skalnik.pl\/blog\/author\/skadi\/#author"},"creator":{"@id":"https:\/\/www.skalnik.pl\/blog\/author\/skadi\/#author"},"image":{"@type":"ImageObject","url":"https:\/\/www.skalnik.pl\/blog\/wp-content\/uploads\/2024\/01\/dynafit_w23_freetour_action_0014_vigl_neu.jpg","@id":"https:\/\/www.skalnik.pl\/blog\/jaki-plecak-na-narty-wybrac\/#mainImage","width":1920,"height":706},"primaryImageOfPage":{"@id":"https:\/\/www.skalnik.pl\/blog\/jaki-plecak-na-narty-wybrac\/#mainImage"},"datePublished":"2024-01-29T15:17:55+02:00","dateModified":"2024-02-12T14:15:27+02:00"},{"@type":"WebSite","@id":"https:\/\/www.skalnik.pl\/blog\/#website","url":"https:\/\/www.skalnik.pl\/blog\/","name":"blog Skalnik","description":"Blog, porady, artyku\u0142y - blog Skalnik","inLanguage":"pl-PL","publisher":{"@id":"https:\/\/www.skalnik.pl\/blog\/#organization"}}]},"og:locale":"pl_PL","og:site_name":"blog Skalnik - Blog, porady, artyku\u0142y - blog Skalnik","og:type":"article","og:title":"Jaki plecak na narty wybra\u0107? - blog Skalnik","og:description":"Jaki plecak na narty? To zale\u017cy, jaki rodzaj narciarstwa uprawiasz. Dowiedz si\u0119 co powinien mie\u0107 plecak na narty zjazdowe, bieg\u00f3wki i skitury. Zajrzyj tutaj","og:url":"https:\/\/www.skalnik.pl\/blog\/jaki-plecak-na-narty-wybrac\/","og:image":"https:\/\/www.skalnik.pl\/blog\/wp-content\/uploads\/2024\/01\/ben-koorengevel-plecak-na-narty-unsplash-1024x683.jpg","og:image:secure_url":"https:\/\/www.skalnik.pl\/blog\/wp-content\/uploads\/2024\/01\/ben-koorengevel-plecak-na-narty-unsplash-1024x683.jpg","article:tag":["porady","plecaki","skitouring","zima"],"article:published_time":"2024-01-29T13:17:55+00:00","article:modified_time":"2024-02-12T12:15:27+00:00","twitter:card":"summary_large_image","twitter:title":"Jaki plecak na narty wybra\u0107? - blog Skalnik","twitter:description":"Jaki plecak na narty? To zale\u017cy, jaki rodzaj narciarstwa uprawiasz. Dowiedz si\u0119 co powinien mie\u0107 plecak na narty zjazdowe, bieg\u00f3wki i skitury. Zajrzyj tutaj","twitter:image":"https:\/\/www.skalnik.pl\/blog\/wp-content\/uploads\/2024\/01\/ben-koorengevel-plecak-na-narty-unsplash-1024x683.jpg"},"aioseo_meta_data":{"post_id":"25531","title":null,"description":"Jaki plecak na narty? To zale\u017cy, jaki rodzaj narciarstwa uprawiasz. Dowiedz si\u0119 co powinien mie\u0107 plecak na narty zjazdowe, bieg\u00f3wki i skitury. Zajrzyj tutaj","keywords":[],"keyphrases":{"focus":{"keyphrase":"plecak na narty","score":90,"analysis":{"keyphraseInTitle":{"score":9,"maxScore":9,"error":0},"keyphraseInDescription":{"score":9,"maxScore":9,"error":0},"keyphraseLength":{"score":9,"maxScore":9,"error":0,"length":3},"keyphraseInURL":{"score":5,"maxScore":5,"error":0},"keyphraseInIntroduction":{"score":9,"maxScore":9,"error":0},"keyphraseInSubHeadings":{"score":3,"maxScore":9,"error":1},"keyphraseInImageAlt":{"score":9,"maxScore":9,"error":0}}},"additional":[]},"primary_term":null,"canonical_url":null,"og_title":null,"og_description":null,"og_object_type":"default","og_image_type":"default","og_image_url":null,"og_image_width":null,"og_image_height":null,"og_image_custom_url":null,"og_image_custom_fields":null,"og_video":"","og_custom_url":null,"og_article_section":null,"og_article_tags":[],"twitter_use_og":false,"twitter_card":"default","twitter_image_type":"default","twitter_image_url":null,"twitter_image_custom_url":null,"twitter_image_custom_fields":null,"twitter_title":null,"twitter_description":null,"schema":{"blockGraphs":[],"customGraphs":[],"default":{"data":{"Article":[],"Course":[],"Dataset":[],"FAQPage":[],"Movie":[],"Person":[],"Product":[],"ProductReview":[],"Car":[],"Recipe":[],"Service":[],"SoftwareApplication":[],"WebPage":[]},"graphName":"","isEnabled":true},"graphs":[]},"schema_type":"default","schema_type_options":null,"pillar_content":false,"robots_default":true,"robots_noindex":false,"robots_noarchive":false,"robots_nosnippet":false,"robots_nofollow":false,"robots_noimageindex":false,"robots_noodp":false,"robots_notranslate":false,"robots_max_snippet":"-1","robots_max_videopreview":"-1","robots_max_imagepreview":"large","priority":null,"frequency":"default","local_seo":null,"breadcrumb_settings":null,"limit_modified_date":false,"ai":null,"created":"2024-01-29 10:46:15","updated":"2026-02-17 22:49:21","seo_analyzer_scan_date":null},"aioseo_breadcrumb":"<div class=\"aioseo-breadcrumbs\"><span class=\"aioseo-breadcrumb\">\n\t\t\t<a href=\"https:\/\/www.skalnik.pl\/blog\" title=\"Home\">Home<\/a>\n\t\t<\/span><span class=\"aioseo-breadcrumb-separator\">&raquo;<\/span><span class=\"aioseo-breadcrumb\">\n\t\t\t<a href=\"https:\/\/www.skalnik.pl\/blog\/.\/porady\/\" title=\"Porady\">Porady<\/a>\n\t\t<\/span><span class=\"aioseo-breadcrumb-separator\">&raquo;<\/span><span class=\"aioseo-breadcrumb\">\n\t\t\tJaki plecak na narty wybra\u0107?\n\t\t<\/span><\/div>","aioseo_breadcrumb_json":[{"label":"Home","link":"https:\/\/www.skalnik.pl\/blog"},{"label":"Porady","link":"https:\/\/www.skalnik.pl\/blog\/.\/porady\/"},{"label":"Jaki plecak na narty wybra\u0107?","link":"https:\/\/www.skalnik.pl\/blog\/jaki-plecak-na-narty-wybrac\/"}],"_links":{"self":[{"href":"https:\/\/www.skalnik.pl\/blog\/wp-json\/wp\/v2\/posts\/25531","targetHints":{"allow":["GET"]}}],"collection":[{"href":"https:\/\/www.skalnik.pl\/blog\/wp-json\/wp\/v2\/posts"}],"about":[{"href":"https:\/\/www.skalnik.pl\/blog\/wp-json\/wp\/v2\/types\/post"}],"author":[{"embeddable":true,"href":"https:\/\/www.skalnik.pl\/blog\/wp-json\/wp\/v2\/users\/39"}],"replies":[{"embeddable":true,"href":"https:\/\/www.skalnik.pl\/blog\/wp-json\/wp\/v2\/comments?post=25531"}],"version-history":[{"count":10,"href":"https:\/\/www.skalnik.pl\/blog\/wp-json\/wp\/v2\/posts\/25531\/revisions"}],"predecessor-version":[{"id":25560,"href":"https:\/\/www.skalnik.pl\/blog\/wp-json\/wp\/v2\/posts\/25531\/revisions\/25560"}],"wp:featuredmedia":[{"embeddable":true,"href":"https:\/\/www.skalnik.pl\/blog\/wp-json\/wp\/v2\/media\/25533"}],"wp:attachment":[{"href":"https:\/\/www.skalnik.pl\/blog\/wp-json\/wp\/v2\/media?parent=25531"}],"wp:term":[{"taxonomy":"category","embeddable":true,"href":"https:\/\/www.skalnik.pl\/blog\/wp-json\/wp\/v2\/categories?post=25531"},{"taxonomy":"post_tag","embeddable":true,"href":"https:\/\/www.skalnik.pl\/blog\/wp-json\/wp\/v2\/tags?post=25531"},{"taxonomy":"magento_category","embeddable":true,"href":"https:\/\/www.skalnik.pl\/blog\/wp-json\/wp\/v2\/magento_category?post=25531"},{"taxonomy":"magento_product","embeddable":true,"href":"https:\/\/www.skalnik.pl\/blog\/wp-json\/wp\/v2\/magento_product?post=25531"}],"curies":[{"name":"wp","href":"https:\/\/api.w.org\/{rel}","templated":true}]}}