{"id":25729,"date":"2024-02-14T07:33:00","date_gmt":"2024-02-14T05:33:00","guid":{"rendered":"https:\/\/www.skalnik.pl\/blog\/?p=25729"},"modified":"2024-04-08T08:52:36","modified_gmt":"2024-04-08T06:52:36","slug":"nosidelka-deuter-kultowe-nosidelka-dla-dzieci","status":"publish","type":"post","link":"https:\/\/www.skalnik.pl\/blog\/nosidelka-deuter-kultowe-nosidelka-dla-dzieci\/","title":{"rendered":"Noside\u0142ka Deuter \u2013 kultowe noside\u0142ka dla dzieci"},"content":{"rendered":"\n<p><strong>Mi\u0142o\u015b\u0107 do g\u00f3r jest w pewnych wzgl\u0119dach wyj\u0105tkowa. To uczucie, kt\u00f3re chcemy prze\u017cywa\u0107, cieszy\u0107 si\u0119 nim i dzieli\u0107. Tym uczuciem chcemy zara\u017ca\u0107 i przekazywa\u0107 je dalej, przyjacio\u0142om, rodzinie, po prostu najbli\u017cszym. Nie inaczej jest z dzie\u0107mi, w kt\u00f3rych te\u017c chce si\u0119 zaszczepi\u0107 g\u00f3rskiego bakcyla. Mimo tego, \u017ce nie ka\u017cdy szlak b\u0119dzie dost\u0119pny dla w\u00f3zk\u00f3w, to i tak nawet najm\u0142odsze pociechy mog\u0105 do\u015bwiadcza\u0107 g\u00f3r i podziwia\u0107 g\u00f3rskie panoramy z rodzicielskich plec\u00f3w. Od lat pozwalaj\u0105 na to noside\u0142ka Deuter. W tym wpisie przedstawi\u0119 Wam noside\u0142ka niemieckiej marki i wska\u017ce r\u00f3\u017cnice mi\u0119dzy poszczeg\u00f3lnymi modelami.<\/strong><\/p>\n\n\n\n<div id=\"ez-toc-container\" class=\"ez-toc-v2_0_85 counter-hierarchy ez-toc-counter ez-toc-light-blue ez-toc-container-direction\">\n<div class=\"ez-toc-title-container\">\n<p class=\"ez-toc-title\" style=\"cursor:inherit\">SPIS TRE\u015aCI <\/p>\n<span class=\"ez-toc-title-toggle\"><a href=\"#\" class=\"ez-toc-pull-right ez-toc-btn ez-toc-btn-xs ez-toc-btn-default ez-toc-toggle\" aria-label=\"Prze\u0142\u0105cznik Spisu Tre\u015bci\"><span class=\"ez-toc-js-icon-con\"><span class=\"\"><span class=\"eztoc-hide\" style=\"display:none;\">Toggle<\/span><span class=\"ez-toc-icon-toggle-span\"><svg style=\"fill: #999;color:#999\" xmlns=\"http:\/\/www.w3.org\/2000\/svg\" class=\"list-377408\" width=\"20px\" height=\"20px\" viewBox=\"0 0 24 24\" fill=\"none\"><path d=\"M6 6H4v2h2V6zm14 0H8v2h12V6zM4 11h2v2H4v-2zm16 0H8v2h12v-2zM4 16h2v2H4v-2zm16 0H8v2h12v-2z\" fill=\"currentColor\"><\/path><\/svg><svg style=\"fill: #999;color:#999\" class=\"arrow-unsorted-368013\" xmlns=\"http:\/\/www.w3.org\/2000\/svg\" width=\"10px\" height=\"10px\" viewBox=\"0 0 24 24\" version=\"1.2\" baseProfile=\"tiny\"><path d=\"M18.2 9.3l-6.2-6.3-6.2 6.3c-.2.2-.3.4-.3.7s.1.5.3.7c.2.2.4.3.7.3h11c.3 0 .5-.1.7-.3.2-.2.3-.5.3-.7s-.1-.5-.3-.7zM5.8 14.7l6.2 6.3 6.2-6.3c.2-.2.3-.5.3-.7s-.1-.5-.3-.7c-.2-.2-.4-.3-.7-.3h-11c-.3 0-.5.1-.7.3-.2.2-.3.5-.3.7s.1.5.3.7z\"\/><\/svg><\/span><\/span><\/span><\/a><\/span><\/div>\n<nav><ul class='ez-toc-list ez-toc-list-level-1 ' ><li class='ez-toc-page-1 ez-toc-heading-level-2'><a class=\"ez-toc-link ez-toc-heading-1\" href=\"https:\/\/www.skalnik.pl\/blog\/nosidelka-deuter-kultowe-nosidelka-dla-dzieci\/#Nosidelka_turystyczne_%E2%80%93_dlaczego_warto\" >Noside\u0142ka turystyczne \u2013 dlaczego warto?<\/a><\/li><li class='ez-toc-page-1 ez-toc-heading-level-2'><a class=\"ez-toc-link ez-toc-heading-2\" href=\"https:\/\/www.skalnik.pl\/blog\/nosidelka-deuter-kultowe-nosidelka-dla-dzieci\/#Nosidelko_Deuter_Kidcomfort_%E2%80%93_wygoda_dla_dwojga\" >Noside\u0142ko Deuter Kidcomfort \u2013 wygoda dla dwojga<\/a><\/li><li class='ez-toc-page-1 ez-toc-heading-level-2'><a class=\"ez-toc-link ez-toc-heading-3\" href=\"https:\/\/www.skalnik.pl\/blog\/nosidelka-deuter-kultowe-nosidelka-dla-dzieci\/#Nosidelko_Deuter_Kidcomfort_Active_%E2%80%93_waga_piorkowa\" >Noside\u0142ko Deuter Kidcomfort Active \u2013 waga pi\u00f3rkowa<\/a><\/li><li class='ez-toc-page-1 ez-toc-heading-level-2'><a class=\"ez-toc-link ez-toc-heading-4\" href=\"https:\/\/www.skalnik.pl\/blog\/nosidelka-deuter-kultowe-nosidelka-dla-dzieci\/#Nosidelka_Deuter_Kidcomfort_Pro_%E2%80%93_dziecieca_limuzyna\" >Noside\u0142ka Deuter Kidcomfort Pro \u2013 dzieci\u0119ca limuzyna<\/a><\/li><li class='ez-toc-page-1 ez-toc-heading-level-2'><a class=\"ez-toc-link ez-toc-heading-5\" href=\"https:\/\/www.skalnik.pl\/blog\/nosidelka-deuter-kultowe-nosidelka-dla-dzieci\/#Czy_nosidelka_turystyczne_Deueter_sa_bezpieczne\" >Czy noside\u0142ka turystyczne Deueter s\u0105 bezpieczne?<\/a><\/li><\/ul><\/nav><\/div>\n<h2 class=\"wp-block-heading\"><span class=\"ez-toc-section\" id=\"Nosidelka_turystyczne_%E2%80%93_dlaczego_warto\"><\/span>Noside\u0142ka turystyczne \u2013 dlaczego warto?<span class=\"ez-toc-section-end\"><\/span><\/h2>\n\n\n\n<p>Nosid\u0142o turystyczne jest coraz cz\u0119\u015bciej wybieranym przez rodzic\u00f3w rozwi\u0105zaniem. Stanowi zasadnicz\u0105, lepsz\u0105 alternatyw\u0119 dla r\u00f3\u017cnego rodzaju noside\u0142ek dzieci\u0119cych czy chust. Oczywi\u015bcie, dziecko nie jest bezpo\u015brednio przy rodzicu, ale komfort poruszania si\u0119 po g\u00f3rskich szlakach jest niepor\u00f3wnywalnie wy\u017cszy. Szczeg\u00f3lnie, gdy dziecko ju\u017c nieco podro\u015bnie.<\/p>\n\n\n\n<p>Noside\u0142ko turystyczne to, w wielkim skr\u00f3cie, akcesorium, kt\u00f3re przy zachowaniu w\u0142a\u015bciwo\u015bci no\u015bnych plecaka umo\u017cliwia przemieszczanie si\u0119 w komfortowy spos\u00f3b wraz z umieszczonym w nim dzieckiem. Noside\u0142ko g\u00f3rskie dla dzieci cechuje si\u0119 systemem no\u015bnym identycznym z tym, kt\u00f3re mo\u017cna spotka\u0107 w jako\u015bciowych plecakach transportowych, siedziskiem, w kt\u00f3rym umieszczamy dziecko, licznymi kieszeniami i akcesoriami pobocznymi takimi jak daszek czy pokrowiec wodoodporny.<\/p>\n\n\n\n<p>Noside\u0142ka turystyczne dla dzieci s\u0105 zdecydowanie wygodniejsze nie tylko dla samego rodzica. Dziecko siedzi w wygodnej, w bezpiecznej uprz\u0119\u017cy zapewniaj\u0105cej w\u0142a\u015bciw\u0105 pozycj\u0119 i odpowiedni\u0105 cyrkulacj\u0119 powietrza. Dodatkowo dla jeszcze wi\u0119kszego komfortu najm\u0142odszych st\u00f3pki umieszczamy w specjalnych strzemionach, dzi\u0119ki czemu nie opadaj\u0105 bezw\u0142adnie. Co istotne, \u017ceby m\u00f3c korzysta\u0107 z nosid\u0142a, dziecko powinno umie\u0107 samodzielnie siedzie\u0107.<\/p>\n\n\n<div class=\"wp-block-image\">\n<figure class=\"aligncenter size-full\"><img loading=\"lazy\" decoding=\"async\" width=\"1024\" height=\"682\" src=\"https:\/\/www.skalnik.pl\/blog\/wp-content\/uploads\/2024\/02\/Family_KC-ActiveSL_SideShot_4_Julian-Bueckers21.jpg\" alt=\"wygodne noside\u0142ka dla dzieci\" class=\"wp-image-25734\" srcset=\"https:\/\/www.skalnik.pl\/blog\/wp-content\/uploads\/2024\/02\/Family_KC-ActiveSL_SideShot_4_Julian-Bueckers21.jpg 1024w, https:\/\/www.skalnik.pl\/blog\/wp-content\/uploads\/2024\/02\/Family_KC-ActiveSL_SideShot_4_Julian-Bueckers21-300x200.jpg 300w, https:\/\/www.skalnik.pl\/blog\/wp-content\/uploads\/2024\/02\/Family_KC-ActiveSL_SideShot_4_Julian-Bueckers21-768x512.jpg 768w\" sizes=\"auto, (max-width: 1024px) 100vw, 1024px\" \/><figcaption class=\"wp-element-caption\"><em>Z dzieckiem w g\u00f3ry bezpiecznie i wygodnie! (fot. Deuter)<\/em><\/figcaption><\/figure>\n<\/div>\n\n\n<p class=\"has-white-color has-vivid-cyan-blue-background-color has-text-color has-background\">Zobacz ofert\u0119 na &#8211;&gt; <a href=\"https:\/\/www.skalnik.pl\/sprzet-turystyczny\/plecaki\/plecaki-nosidelka\" target=\"_blank\" rel=\"noopener\" title=\"\"><strong>noside\u0142ka turystyczne<\/strong><\/a>.<\/p>\n\n\n\n<h2 class=\"wp-block-heading\"><span class=\"ez-toc-section\" id=\"Nosidelko_Deuter_Kidcomfort_%E2%80%93_wygoda_dla_dwojga\"><\/span>Noside\u0142ko Deuter Kidcomfort \u2013 wygoda dla dwojga<span class=\"ez-toc-section-end\"><\/span><\/h2>\n\n\n\n<p>Noside\u0142ko turystyczne dla dzieci Deuter Kidcomfort to jeden z najbardziej popularnych modeli dost\u0119pnych na rynku. Na jego popularno\u015b\u0107 i renom\u0119 sk\u0142adaj\u0105 si\u0119 dob\u00f3r materia\u0142\u00f3w, system\u00f3w i rozwi\u0105za\u0144 w nim zastosowanych.<\/p>\n\n\n\n<p>Deuter noside\u0142ka robi wygodne niczym najlepsze plecaki transportowe, wi\u0119c nie mog\u0142o zabrakn\u0105\u0107 systemu no\u015bnego Aircomfort Sensic Vario. System ten gwarantuje roz\u0142o\u017cenie obci\u0105\u017cenia i utrzymanie go mo\u017cliwie blisko u\u017cytkownika. Pozwala to zachowa\u0107 wygod\u0119 podczas poruszania si\u0119 nawet przy sporym nachyleniu terenu i relatywnie du\u017cym obci\u0105\u017ceniu.<\/p>\n\n\n\n<p>System no\u015bny Aircomfort Sensic Vario mimo przylegania do plec\u00f3w gwarantuje dobr\u0105 cyrkulacj\u0119 powietrza dzi\u0119ki zastosowaniu siatki Aircomfort Mesh System. Rami\u0105czka nosid\u0142a s\u0105 szerokie i wykonane z wytrzyma\u0142ej pianki, dzi\u0119ki czemu nie odkszta\u0142caj\u0105 si\u0119 podczas u\u017cytkowania. Pas biodrowy wykonany w technologii VariFlex pracuje wraz z u\u017cytkownikiem znacz\u0105co wp\u0142ywaj\u0105c na komfort podczas g\u00f3rskich spacer\u00f3w.<\/p>\n\n\n\n<iframe loading=\"lazy\" width=\"880\" height=\"442\" src=\"https:\/\/www.youtube.com\/embed\/i_mKcNdiC08?si=Iks4a9oizvdRbGeV\" title=\"YouTube video player\" frameborder=\"0\" allow=\"accelerometer; autoplay; clipboard-write; encrypted-media; gyroscope; picture-in-picture; web-share\" allowfullscreen><\/iframe>\n\n\n\n<p>Noside\u0142ko turystyczne Deuter Kidcomfort to r\u00f3wnie\u017c gwarancja wygody dla malucha. Komfortowe siedzisko, regulowane strzemiona oraz mi\u0119kkie poduszki na wysoko\u015bci g\u0142owy dziecka sprawi\u0105, \u017ce m\u0142ody obie\u017cy\u015bwiat skupi si\u0119 na podziwianiu widok\u00f3w. Je\u017celi wra\u017ce\u0144 b\u0119dzie zbyt wiele, m\u0142ody turysta lub turystka spokojnie i komfortowo odpocznie, a rodzic b\u0119dzie m\u00f3g\u0142 dalej maszerowa\u0107.<\/p>\n\n\n\n<p>Nosid\u0142o posiada kilka u\u017cytecznych kieszeni, w tym jedn\u0105 na buk\u0142ak o maksymalnej pojemno\u015bci 3 litr\u00f3w oraz rozk\u0142adan\u0105 n\u00f3\u017ck\u0119, dzi\u0119ki kt\u00f3rej mo\u017cemy bezpiecznie postawi\u0107 nosid\u0142o na ziemi.<\/p>\n\n\n\n<h2 class=\"wp-block-heading\"><span class=\"ez-toc-section\" id=\"Nosidelko_Deuter_Kidcomfort_Active_%E2%80%93_waga_piorkowa\"><\/span>Noside\u0142ko Deuter Kidcomfort Active \u2013 waga pi\u00f3rkowa<span class=\"ez-toc-section-end\"><\/span><\/h2>\n\n\n\n<p>Dla tych, kt\u00f3rzy poszukuj\u0105 l\u017cejszych rozwi\u0105za\u0144, Deuter oferuje noside\u0142ko turystyczne dla dzieci Kidcomfort Active. Jest to model, kt\u00f3ry posiada l\u017cejszy system no\u015bny o nazwie Deuter Lite. System u\u017cywany jest w plecakach alpinistycznych tej marki.<\/p>\n\n\n\n<p>Dzi\u0119ki rozwi\u0105zaniu VariQuick regulacja ustawienia systemu no\u015bnego jest szybka i prosta. Sam system no\u015bny, mimo znacz\u0105co ni\u017cszej wagi wci\u0105\u017c jest ponadprzeci\u0119tnie wygodny. Taki efekt mo\u017cna by\u0142o uzyska\u0107 dzi\u0119ki zastosowaniu specjalnych pianek, kt\u00f3re nie odkszta\u0142caj\u0105 si\u0119 i dobrze dystrybuuj\u0105 obci\u0105\u017cenie na u\u017cytkowniku.<\/p>\n\n\n\n<p>Noside\u0142ko g\u00f3rskie dla dzieci Kidcomfort Active, tak jak prezentowany poprzednio model, posiada liczne i przemy\u015blane kieszenie, do kt\u00f3rych zmie\u015bcimy najwa\u017cniejsze i najpotrzebniejsze rzeczy. Ogromnym atutem jest waga nosid\u0142a, kt\u00f3ra jest ni\u017csza o ponad 550 gram\u00f3w od modelu Kidcomfort oraz to, \u017ce wyst\u0119puje w wersji SL, czyli w wariancie dla pa\u0144.<\/p>\n\n\n\n<figure class=\"wp-block-image size-full\"><img loading=\"lazy\" decoding=\"async\" width=\"1024\" height=\"682\" src=\"https:\/\/www.skalnik.pl\/blog\/wp-content\/uploads\/2024\/02\/Family_KC-ActiveSL_SideShot_3_Julian-Bueckers_21.jpg\" alt=\"noside\u0142ko deuter dla kobiet\" class=\"wp-image-25732\" srcset=\"https:\/\/www.skalnik.pl\/blog\/wp-content\/uploads\/2024\/02\/Family_KC-ActiveSL_SideShot_3_Julian-Bueckers_21.jpg 1024w, https:\/\/www.skalnik.pl\/blog\/wp-content\/uploads\/2024\/02\/Family_KC-ActiveSL_SideShot_3_Julian-Bueckers_21-300x200.jpg 300w, https:\/\/www.skalnik.pl\/blog\/wp-content\/uploads\/2024\/02\/Family_KC-ActiveSL_SideShot_3_Julian-Bueckers_21-768x512.jpg 768w\" sizes=\"auto, (max-width: 1024px) 100vw, 1024px\" \/><figcaption class=\"wp-element-caption\">Kidcomfort Active SL to noside\u0142ko zoptymalizowane dla mam, kt\u00f3re kochaj\u0105 outdoor. (fot. Deuter)<\/figcaption><\/figure>\n\n\n\n<h2 class=\"wp-block-heading\"><span class=\"ez-toc-section\" id=\"Nosidelka_Deuter_Kidcomfort_Pro_%E2%80%93_dziecieca_limuzyna\"><\/span>Noside\u0142ka Deuter Kidcomfort Pro \u2013 dzieci\u0119ca limuzyna<span class=\"ez-toc-section-end\"><\/span><\/h2>\n\n\n\n<p>Kolejn\u0105 propozycj\u0105 wyr\u00f3\u017cniaj\u0105c\u0105 si\u0119 ponad inne noside\u0142ka turystyczne dla dzieci jest model Kidcomfort Pro. Jest to model konstrukcyjnie zbli\u017cony do modelu Kidcomfort. Tak wi\u0119c znajdziemy w nim rozwi\u0105zania i systemy takie jak system no\u015bny Aircomfort Sensic Vario, pas biodrowy VariFlex, czy regulacj\u0119 wysoko\u015bci VariSlide.<\/p>\n\n\n\n<p>Zmianie nie ulega r\u00f3wnie\u017c wygoda m\u0142odszej cz\u0119\u015bci turystycznego duetu, gdy\u017c siedzisko dla u\u017cytkownik\u00f3w noside\u0142ka jest zaprojektowane i wykonane z tak\u0105 sam\u0105 pieczo\u0142owito\u015bci\u0105. R\u00f3\u017cnic\u0105 za\u015b jest zintegrowany daszek, kt\u00f3ry w s\u0142oneczne dni skutecznie ochroni przed nadmiern\u0105 ekspozycj\u0105 na promienie UV i lekkim opadem. Do dyspozycji rodzica jest lusterko, dzi\u0119ki kt\u00f3remu mo\u017ce stale kontrolowa\u0107 sytuacj\u0119 i obserwowa\u0107 pasa\u017cera.<\/p>\n\n\n\n<p>Nosid\u0142o Deuter Kidcomfort Pro posiada liczne kieszenie, a do dw\u00f3ch z nich dost\u0119p mo\u017ce mie\u0107 r\u00f3wnie\u017c i dziecko. Mo\u017cesz do nich schowa\u0107 butelk\u0119 z wod\u0105, saszetk\u0119 lub ukochan\u0105 maskotk\u0119. Do dyspozycji rodzica jest r\u00f3wnie\u017c zintegrowany plecak o pojemno\u015bci 10 litr\u00f3w.<\/p>\n\n\n<div class=\"wp-block-image\">\n<figure class=\"aligncenter size-full\"><img loading=\"lazy\" decoding=\"async\" width=\"992\" height=\"662\" src=\"https:\/\/www.skalnik.pl\/blog\/wp-content\/uploads\/2024\/02\/KidComfort_KCPro_SideShot_6_JulianBuckers.jpg\" alt=\"wydodne noside\u0142ko urystyczne Deuter\" class=\"wp-image-25733\" srcset=\"https:\/\/www.skalnik.pl\/blog\/wp-content\/uploads\/2024\/02\/KidComfort_KCPro_SideShot_6_JulianBuckers.jpg 992w, https:\/\/www.skalnik.pl\/blog\/wp-content\/uploads\/2024\/02\/KidComfort_KCPro_SideShot_6_JulianBuckers-300x200.jpg 300w, https:\/\/www.skalnik.pl\/blog\/wp-content\/uploads\/2024\/02\/KidComfort_KCPro_SideShot_6_JulianBuckers-768x513.jpg 768w\" sizes=\"auto, (max-width: 992px) 100vw, 992px\" \/><figcaption class=\"wp-element-caption\">Model, kt\u00f3ry posiada wszystko! Kidcomfort Pro &#8211; noside\u0142ko wygodne dla wszystkich. (fot. Deuter) <\/figcaption><\/figure>\n<\/div>\n\n\n<h2 class=\"wp-block-heading\"><span class=\"ez-toc-section\" id=\"Czy_nosidelka_turystyczne_Deueter_sa_bezpieczne\"><\/span>Czy noside\u0142ka turystyczne Deueter s\u0105 bezpieczne?<span class=\"ez-toc-section-end\"><\/span><\/h2>\n\n\n\n<p>Ka\u017cde nosid\u0142o turystyczne z serii Kidcomfort to jako\u015bciowe produkty, kt\u00f3re pr\u00f3cz komfortu dla obojga u\u017cytkownik\u00f3w gwarantuj\u0105 bezpiecze\u0144stwo, co poparte jest nale\u017cytymi certyfikatami. W tym przypadku m\u00f3wimy o restrykcyjnym, niemieckim certyfikacie T\u00dcV SUD GS. Produkty oznaczone tym znakiem mog\u0105 pochwali\u0107 si\u0119 zgodno\u015bci\u0105 ze wszystkimi ustawowymi wymogami o bezpiecze\u0144stwie produkt\u00f3w.<\/p>\n\n\n\t<div class=\"magento-wrapper\">\n\t\t<ul class=\"products\">\n\t\t\t<li class=\"product\">\n\t\n\t\t<div class=\"image\">\n\t\t\t<a href=\"https:\/\/www.skalnik.pl\/nosidelko-kid-comfort-active-sl-currant-1020579\" target=\"_self\">\n\t\t\t\t\t\t<img\n\t\t\tsrc=\"https:\/\/www.skalnik.pl\/media\/catalog\/product\/n\/o\/nosidelko-kid-comfort-active-sl-currant-1020579_1_3.jpg\"\n\t\t\talt=\"NOSIDE\u0141KO KID COMFORT ACTIVE SL-CURRANT\"\n\t\t\t\t\t\t\t\t\/>\n\t\t\t\t\t<\/a>\n\t\t<\/div>\n\n\t\t\n\t\t<a href=\"https:\/\/www.skalnik.pl\/nosidelko-kid-comfort-active-sl-currant-1020579\" target=\"_self\"><span class=\"name\">NOSIDE\u0141KO KID COMFORT ACTIVE SL-CURRANT<\/span><\/a>\t\n\t\n\t\t\t\t\t<div class=\"price has-special\">\n\t\t\tCENA\n\t\t\t\t\t\t\t<span class=\"special-price\">1,111.99 z\u0142<\/span>\n\t\t\t\t<span class=\"special-price base-price\">1,549.99 z\u0142<\/span>\n\t\t\t\t\t<\/div>\n\t\t\t\n\t<div class=\"url\"><a class=\"view-details\" href=\"https:\/\/www.skalnik.pl\/nosidelko-kid-comfort-active-sl-currant-1020579\">Zobacz wi\u0119cej <\/a><\/div><\/li>\n<li class=\"product\">\n\t\n\t\t<div class=\"image\">\n\t\t\t<a href=\"https:\/\/www.skalnik.pl\/nosidelko-kid-comfort-forest-1017315\" target=\"_self\">\n\t\t\t\t\t\t<img\n\t\t\tsrc=\"https:\/\/www.skalnik.pl\/media\/catalog\/product\/n\/o\/nosidelko-kid-comfort-forest-1017315_1_13.jpg\"\n\t\t\talt=\"NOSIDE\u0141KO KID COMFORT-FOREST\"\n\t\t\t\t\t\t\t\t\/>\n\t\t\t\t\t<\/a>\n\t\t<\/div>\n\n\t\t\n\t\t<a href=\"https:\/\/www.skalnik.pl\/nosidelko-kid-comfort-forest-1017315\" target=\"_self\"><span class=\"name\">NOSIDE\u0141KO KID COMFORT-FOREST<\/span><\/a>\t\n\t\n\t\t\t\t\t<div class=\"price has-special\">\n\t\t\tCENA\n\t\t\t\t\t\t\t<span class=\"special-price\">1,279.99 z\u0142<\/span>\n\t\t\t\t<span class=\"special-price base-price\">1,899.99 z\u0142<\/span>\n\t\t\t\t\t<\/div>\n\t\t\t\n\t<div class=\"url\"><a class=\"view-details\" href=\"https:\/\/www.skalnik.pl\/nosidelko-kid-comfort-forest-1017315\">Zobacz wi\u0119cej <\/a><\/div><\/li>\n<li class=\"product\">\n\t\n\t\t<div class=\"image\">\n\t\t\t<a href=\"https:\/\/www.skalnik.pl\/nosidelko-kid-comfort-pro-677962\" target=\"_self\">\n\t\t\t\t\t\t<img\n\t\t\tsrc=\"https:\/\/www.skalnik.pl\/media\/catalog\/product\/k\/i\/kid_comfort_pro_midnight_3_.jpg\"\n\t\t\talt=\"NOSIDE\u0141KO KID COMFORT PRO\"\n\t\t\t\t\t\t\t\t\/>\n\t\t\t\t\t<\/a>\n\t\t<\/div>\n\n\t\t\n\t\t<a href=\"https:\/\/www.skalnik.pl\/nosidelko-kid-comfort-pro-677962\" target=\"_self\"><span class=\"name\">NOSIDE\u0141KO KID COMFORT PRO<\/span><\/a>\t\n\t\n\t\t\t\t\t<div class=\"price has-special\">\n\t\t\tCENA\n\t\t\t\t\t\t\t<span class=\"special-price\">1,867.99 z\u0142<\/span>\n\t\t\t\t<span class=\"special-price base-price\">2,249.99 z\u0142<\/span>\n\t\t\t\t\t<\/div>\n\t\t\t\n\t<div class=\"url\"><a class=\"view-details\" href=\"https:\/\/www.skalnik.pl\/nosidelko-kid-comfort-pro-677962\">Zobacz wi\u0119cej <\/a><\/div><\/li>\n\t\t<\/ul>\n\t<\/div>\n\n\n\n\n<p class=\"has-white-color has-vivid-cyan-blue-background-color has-text-color has-background\">Zobacz wszystkie &#8211;&gt; <strong><a href=\"https:\/\/www.skalnik.pl\/sprzet-turystyczny\/plecaki\/plecaki-nosidelka\/marka:deuter\" target=\"_blank\" rel=\"noopener\" title=\"\">noside\u0142ka turystyczne Deuter<\/a><\/strong>.<\/p>\n\n\n\n<hr class=\"wp-block-separator has-alpha-channel-opacity is-style-dots\"\/>\n\n\n\n<p>Oferta noside\u0142ek marki Deuter jest kompleksowa, cho\u0107 reprezentuj\u0105 j\u0105 zaledwie trzy modele. Ka\u017cdy rodzic z pewno\u015bci\u0105 znajdzie nosid\u0142o, kt\u00f3ry spe\u0142ni oczekiwania obu u\u017cytkownik\u00f3w. Jako rodzic, kt\u00f3ry ch\u0119tnie korzysta\u0142 z noside\u0142 mog\u0119 poleci\u0107, to przymiarka nosid\u0142a z dzieckiem. Warto sprawdzi\u0107, czy nasza pociecha zaakceptuje taki rodzaj lokomocji i czy jest jej w danym modelu wygodnie. Zapraszam Was do naszych sklep\u00f3w stacjonarnych, gdzie nasi specjali\u015bci pomog\u0105 w doborze w\u0142a\u015bciwego modelu.<\/p>\n","protected":false},"excerpt":{"rendered":"<p>Jakie noside\u0142ko wybra\u0107? Sprawd\u017a noside\u0142ka Deuter!<\/p>\n","protected":false},"author":15,"featured_media":25730,"comment_status":"closed","ping_status":"closed","sticky":false,"template":"","format":"standard","meta":{"_acf_changed":false,"footnotes":""},"categories":[5],"tags":[],"magento_category":[185],"magento_product":[5292,5296,5298,5288,5299,5289,5297,5290,5295,5294,5293,5291],"class_list":["post-25729","post","type-post","status-publish","format-standard","has-post-thumbnail","hentry","category-branza"],"acf":[],"aioseo_notices":[],"aioseo_head":"\n\t\t<!-- All in One SEO 4.9.10 - aioseo.com -->\n\t<meta name=\"description\" content=\"Poznaj noside\u0142ka Deuter, z kt\u00f3rymi dzieciom poka\u017cesz g\u00f3rski \u015bwiat. Noside\u0142ka turystyczne to najbezpieczniejszy i najwygodniejszy spos\u00f3b na w\u0119dr\u00f3wk\u0119 z maluchem\" \/>\n\t<meta name=\"robots\" content=\"max-image-preview:large\" \/>\n\t<meta name=\"author\" content=\"Marcin Nowak\"\/>\n\t<link rel=\"canonical\" href=\"https:\/\/www.skalnik.pl\/blog\/nosidelka-deuter-kultowe-nosidelka-dla-dzieci\/\" \/>\n\t<meta name=\"generator\" content=\"All in One SEO (AIOSEO) 4.9.10\" \/>\n\t\t<meta property=\"og:locale\" content=\"pl_PL\" \/>\n\t\t<meta property=\"og:site_name\" content=\"blog Skalnik - Blog, porady, artyku\u0142y - blog Skalnik\" \/>\n\t\t<meta property=\"og:type\" content=\"article\" \/>\n\t\t<meta property=\"og:title\" content=\"Noside\u0142ka Deuter \u2013 kultowe noside\u0142ka dla dzieci - blog Skalnik\" \/>\n\t\t<meta property=\"og:description\" content=\"Poznaj noside\u0142ka Deuter, z kt\u00f3rymi dzieciom poka\u017cesz g\u00f3rski \u015bwiat. Noside\u0142ka turystyczne to najbezpieczniejszy i najwygodniejszy spos\u00f3b na w\u0119dr\u00f3wk\u0119 z maluchem\" \/>\n\t\t<meta property=\"og:url\" content=\"https:\/\/www.skalnik.pl\/blog\/nosidelka-deuter-kultowe-nosidelka-dla-dzieci\/\" \/>\n\t\t<meta property=\"og:image\" content=\"https:\/\/www.skalnik.pl\/blog\/wp-content\/uploads\/2024\/02\/Family_KC-ActiveSL_SideShot_4_Julian-Bueckers21.jpg\" \/>\n\t\t<meta property=\"og:image:secure_url\" content=\"https:\/\/www.skalnik.pl\/blog\/wp-content\/uploads\/2024\/02\/Family_KC-ActiveSL_SideShot_4_Julian-Bueckers21.jpg\" \/>\n\t\t<meta property=\"og:image:width\" content=\"1024\" \/>\n\t\t<meta property=\"og:image:height\" content=\"682\" \/>\n\t\t<meta property=\"article:tag\" content=\"bran\u017ca\" \/>\n\t\t<meta property=\"article:published_time\" content=\"2024-02-14T05:33:00+00:00\" \/>\n\t\t<meta property=\"article:modified_time\" content=\"2024-04-08T06:52:36+00:00\" \/>\n\t\t<meta name=\"twitter:card\" content=\"summary_large_image\" \/>\n\t\t<meta name=\"twitter:title\" content=\"Noside\u0142ka Deuter \u2013 kultowe noside\u0142ka dla dzieci - blog Skalnik\" \/>\n\t\t<meta name=\"twitter:description\" content=\"Poznaj noside\u0142ka Deuter, z kt\u00f3rymi dzieciom poka\u017cesz g\u00f3rski \u015bwiat. Noside\u0142ka turystyczne to najbezpieczniejszy i najwygodniejszy spos\u00f3b na w\u0119dr\u00f3wk\u0119 z maluchem\" \/>\n\t\t<meta name=\"twitter:image\" content=\"https:\/\/www.skalnik.pl\/blog\/wp-content\/uploads\/2024\/02\/Family_KC-ActiveSL_SideShot_4_Julian-Bueckers21.jpg\" \/>\n\t\t<script type=\"application\/ld+json\" class=\"aioseo-schema\">\n\t\t\t{\"@context\":\"https:\\\/\\\/schema.org\",\"@graph\":[{\"@type\":\"BlogPosting\",\"@id\":\"https:\\\/\\\/www.skalnik.pl\\\/blog\\\/nosidelka-deuter-kultowe-nosidelka-dla-dzieci\\\/#blogposting\",\"name\":\"Noside\\u0142ka Deuter \\u2013 kultowe noside\\u0142ka dla dzieci - blog Skalnik\",\"headline\":\"Noside\\u0142ka Deuter \\u2013 kultowe noside\\u0142ka dla dzieci\",\"author\":{\"@id\":\"https:\\\/\\\/www.skalnik.pl\\\/blog\\\/author\\\/marcin-nowak\\\/#author\"},\"publisher\":{\"@id\":\"https:\\\/\\\/www.skalnik.pl\\\/blog\\\/#organization\"},\"image\":{\"@type\":\"ImageObject\",\"url\":\"https:\\\/\\\/www.skalnik.pl\\\/blog\\\/wp-content\\\/uploads\\\/2024\\\/02\\\/nosidelka-deuter.jpg\",\"width\":1920,\"height\":706},\"datePublished\":\"2024-02-14T07:33:00+02:00\",\"dateModified\":\"2024-04-08T08:52:36+02:00\",\"inLanguage\":\"pl-PL\",\"mainEntityOfPage\":{\"@id\":\"https:\\\/\\\/www.skalnik.pl\\\/blog\\\/nosidelka-deuter-kultowe-nosidelka-dla-dzieci\\\/#webpage\"},\"isPartOf\":{\"@id\":\"https:\\\/\\\/www.skalnik.pl\\\/blog\\\/nosidelka-deuter-kultowe-nosidelka-dla-dzieci\\\/#webpage\"},\"articleSection\":\"Bran\\u017ca, 1204, 1013061, 1017315, 1020579, 610627, 624810, 624811, 656230, 674017, 677959, 677960, 677961, 677962\"},{\"@type\":\"BreadcrumbList\",\"@id\":\"https:\\\/\\\/www.skalnik.pl\\\/blog\\\/nosidelka-deuter-kultowe-nosidelka-dla-dzieci\\\/#breadcrumblist\",\"itemListElement\":[{\"@type\":\"ListItem\",\"@id\":\"https:\\\/\\\/www.skalnik.pl\\\/blog#listItem\",\"position\":1,\"name\":\"Home\",\"item\":\"https:\\\/\\\/www.skalnik.pl\\\/blog\",\"nextItem\":{\"@type\":\"ListItem\",\"@id\":\"https:\\\/\\\/www.skalnik.pl\\\/blog\\\/.\\\/branza\\\/#listItem\",\"name\":\"Bran\\u017ca\"}},{\"@type\":\"ListItem\",\"@id\":\"https:\\\/\\\/www.skalnik.pl\\\/blog\\\/.\\\/branza\\\/#listItem\",\"position\":2,\"name\":\"Bran\\u017ca\",\"item\":\"https:\\\/\\\/www.skalnik.pl\\\/blog\\\/.\\\/branza\\\/\",\"nextItem\":{\"@type\":\"ListItem\",\"@id\":\"https:\\\/\\\/www.skalnik.pl\\\/blog\\\/nosidelka-deuter-kultowe-nosidelka-dla-dzieci\\\/#listItem\",\"name\":\"Noside\\u0142ka Deuter \\u2013 kultowe noside\\u0142ka dla dzieci\"},\"previousItem\":{\"@type\":\"ListItem\",\"@id\":\"https:\\\/\\\/www.skalnik.pl\\\/blog#listItem\",\"name\":\"Home\"}},{\"@type\":\"ListItem\",\"@id\":\"https:\\\/\\\/www.skalnik.pl\\\/blog\\\/nosidelka-deuter-kultowe-nosidelka-dla-dzieci\\\/#listItem\",\"position\":3,\"name\":\"Noside\\u0142ka Deuter \\u2013 kultowe noside\\u0142ka dla dzieci\",\"previousItem\":{\"@type\":\"ListItem\",\"@id\":\"https:\\\/\\\/www.skalnik.pl\\\/blog\\\/.\\\/branza\\\/#listItem\",\"name\":\"Bran\\u017ca\"}}]},{\"@type\":\"Organization\",\"@id\":\"https:\\\/\\\/www.skalnik.pl\\\/blog\\\/#organization\",\"name\":\"blog Skalnik\",\"description\":\"Blog, porady, artyku\\u0142y - blog Skalnik\",\"url\":\"https:\\\/\\\/www.skalnik.pl\\\/blog\\\/\"},{\"@type\":\"Person\",\"@id\":\"https:\\\/\\\/www.skalnik.pl\\\/blog\\\/author\\\/marcin-nowak\\\/#author\",\"url\":\"https:\\\/\\\/www.skalnik.pl\\\/blog\\\/author\\\/marcin-nowak\\\/\",\"name\":\"Marcin Nowak\",\"image\":{\"@type\":\"ImageObject\",\"@id\":\"https:\\\/\\\/www.skalnik.pl\\\/blog\\\/nosidelka-deuter-kultowe-nosidelka-dla-dzieci\\\/#authorImage\",\"url\":\"https:\\\/\\\/secure.gravatar.com\\\/avatar\\\/f73628a26381dc449e848c17fc0bed5da595b192c42ec3df1b8c321ba4534014?s=96&d=mm&r=g\",\"width\":96,\"height\":96,\"caption\":\"Marcin Nowak\"}},{\"@type\":\"WebPage\",\"@id\":\"https:\\\/\\\/www.skalnik.pl\\\/blog\\\/nosidelka-deuter-kultowe-nosidelka-dla-dzieci\\\/#webpage\",\"url\":\"https:\\\/\\\/www.skalnik.pl\\\/blog\\\/nosidelka-deuter-kultowe-nosidelka-dla-dzieci\\\/\",\"name\":\"Noside\\u0142ka Deuter \\u2013 kultowe noside\\u0142ka dla dzieci - blog Skalnik\",\"description\":\"Poznaj noside\\u0142ka Deuter, z kt\\u00f3rymi dzieciom poka\\u017cesz g\\u00f3rski \\u015bwiat. Noside\\u0142ka turystyczne to najbezpieczniejszy i najwygodniejszy spos\\u00f3b na w\\u0119dr\\u00f3wk\\u0119 z maluchem\",\"inLanguage\":\"pl-PL\",\"isPartOf\":{\"@id\":\"https:\\\/\\\/www.skalnik.pl\\\/blog\\\/#website\"},\"breadcrumb\":{\"@id\":\"https:\\\/\\\/www.skalnik.pl\\\/blog\\\/nosidelka-deuter-kultowe-nosidelka-dla-dzieci\\\/#breadcrumblist\"},\"author\":{\"@id\":\"https:\\\/\\\/www.skalnik.pl\\\/blog\\\/author\\\/marcin-nowak\\\/#author\"},\"creator\":{\"@id\":\"https:\\\/\\\/www.skalnik.pl\\\/blog\\\/author\\\/marcin-nowak\\\/#author\"},\"image\":{\"@type\":\"ImageObject\",\"url\":\"https:\\\/\\\/www.skalnik.pl\\\/blog\\\/wp-content\\\/uploads\\\/2024\\\/02\\\/nosidelka-deuter.jpg\",\"@id\":\"https:\\\/\\\/www.skalnik.pl\\\/blog\\\/nosidelka-deuter-kultowe-nosidelka-dla-dzieci\\\/#mainImage\",\"width\":1920,\"height\":706},\"primaryImageOfPage\":{\"@id\":\"https:\\\/\\\/www.skalnik.pl\\\/blog\\\/nosidelka-deuter-kultowe-nosidelka-dla-dzieci\\\/#mainImage\"},\"datePublished\":\"2024-02-14T07:33:00+02:00\",\"dateModified\":\"2024-04-08T08:52:36+02:00\"},{\"@type\":\"WebSite\",\"@id\":\"https:\\\/\\\/www.skalnik.pl\\\/blog\\\/#website\",\"url\":\"https:\\\/\\\/www.skalnik.pl\\\/blog\\\/\",\"name\":\"blog Skalnik\",\"description\":\"Blog, porady, artyku\\u0142y - blog Skalnik\",\"inLanguage\":\"pl-PL\",\"publisher\":{\"@id\":\"https:\\\/\\\/www.skalnik.pl\\\/blog\\\/#organization\"}}]}\n\t\t<\/script>\n\t\t<!-- All in One SEO -->\n\n","aioseo_head_json":{"title":"Noside\u0142ka Deuter \u2013 kultowe noside\u0142ka dla dzieci - blog Skalnik","description":"Poznaj noside\u0142ka Deuter, z kt\u00f3rymi dzieciom poka\u017cesz g\u00f3rski \u015bwiat. Noside\u0142ka turystyczne to najbezpieczniejszy i najwygodniejszy spos\u00f3b na w\u0119dr\u00f3wk\u0119 z maluchem","canonical_url":"https:\/\/www.skalnik.pl\/blog\/nosidelka-deuter-kultowe-nosidelka-dla-dzieci\/","robots":"max-image-preview:large","keywords":"","webmasterTools":{"miscellaneous":""},"schema":{"@context":"https:\/\/schema.org","@graph":[{"@type":"BlogPosting","@id":"https:\/\/www.skalnik.pl\/blog\/nosidelka-deuter-kultowe-nosidelka-dla-dzieci\/#blogposting","name":"Noside\u0142ka Deuter \u2013 kultowe noside\u0142ka dla dzieci - blog Skalnik","headline":"Noside\u0142ka Deuter \u2013 kultowe noside\u0142ka dla dzieci","author":{"@id":"https:\/\/www.skalnik.pl\/blog\/author\/marcin-nowak\/#author"},"publisher":{"@id":"https:\/\/www.skalnik.pl\/blog\/#organization"},"image":{"@type":"ImageObject","url":"https:\/\/www.skalnik.pl\/blog\/wp-content\/uploads\/2024\/02\/nosidelka-deuter.jpg","width":1920,"height":706},"datePublished":"2024-02-14T07:33:00+02:00","dateModified":"2024-04-08T08:52:36+02:00","inLanguage":"pl-PL","mainEntityOfPage":{"@id":"https:\/\/www.skalnik.pl\/blog\/nosidelka-deuter-kultowe-nosidelka-dla-dzieci\/#webpage"},"isPartOf":{"@id":"https:\/\/www.skalnik.pl\/blog\/nosidelka-deuter-kultowe-nosidelka-dla-dzieci\/#webpage"},"articleSection":"Bran\u017ca, 1204, 1013061, 1017315, 1020579, 610627, 624810, 624811, 656230, 674017, 677959, 677960, 677961, 677962"},{"@type":"BreadcrumbList","@id":"https:\/\/www.skalnik.pl\/blog\/nosidelka-deuter-kultowe-nosidelka-dla-dzieci\/#breadcrumblist","itemListElement":[{"@type":"ListItem","@id":"https:\/\/www.skalnik.pl\/blog#listItem","position":1,"name":"Home","item":"https:\/\/www.skalnik.pl\/blog","nextItem":{"@type":"ListItem","@id":"https:\/\/www.skalnik.pl\/blog\/.\/branza\/#listItem","name":"Bran\u017ca"}},{"@type":"ListItem","@id":"https:\/\/www.skalnik.pl\/blog\/.\/branza\/#listItem","position":2,"name":"Bran\u017ca","item":"https:\/\/www.skalnik.pl\/blog\/.\/branza\/","nextItem":{"@type":"ListItem","@id":"https:\/\/www.skalnik.pl\/blog\/nosidelka-deuter-kultowe-nosidelka-dla-dzieci\/#listItem","name":"Noside\u0142ka Deuter \u2013 kultowe noside\u0142ka dla dzieci"},"previousItem":{"@type":"ListItem","@id":"https:\/\/www.skalnik.pl\/blog#listItem","name":"Home"}},{"@type":"ListItem","@id":"https:\/\/www.skalnik.pl\/blog\/nosidelka-deuter-kultowe-nosidelka-dla-dzieci\/#listItem","position":3,"name":"Noside\u0142ka Deuter \u2013 kultowe noside\u0142ka dla dzieci","previousItem":{"@type":"ListItem","@id":"https:\/\/www.skalnik.pl\/blog\/.\/branza\/#listItem","name":"Bran\u017ca"}}]},{"@type":"Organization","@id":"https:\/\/www.skalnik.pl\/blog\/#organization","name":"blog Skalnik","description":"Blog, porady, artyku\u0142y - blog Skalnik","url":"https:\/\/www.skalnik.pl\/blog\/"},{"@type":"Person","@id":"https:\/\/www.skalnik.pl\/blog\/author\/marcin-nowak\/#author","url":"https:\/\/www.skalnik.pl\/blog\/author\/marcin-nowak\/","name":"Marcin Nowak","image":{"@type":"ImageObject","@id":"https:\/\/www.skalnik.pl\/blog\/nosidelka-deuter-kultowe-nosidelka-dla-dzieci\/#authorImage","url":"https:\/\/secure.gravatar.com\/avatar\/f73628a26381dc449e848c17fc0bed5da595b192c42ec3df1b8c321ba4534014?s=96&d=mm&r=g","width":96,"height":96,"caption":"Marcin Nowak"}},{"@type":"WebPage","@id":"https:\/\/www.skalnik.pl\/blog\/nosidelka-deuter-kultowe-nosidelka-dla-dzieci\/#webpage","url":"https:\/\/www.skalnik.pl\/blog\/nosidelka-deuter-kultowe-nosidelka-dla-dzieci\/","name":"Noside\u0142ka Deuter \u2013 kultowe noside\u0142ka dla dzieci - blog Skalnik","description":"Poznaj noside\u0142ka Deuter, z kt\u00f3rymi dzieciom poka\u017cesz g\u00f3rski \u015bwiat. Noside\u0142ka turystyczne to najbezpieczniejszy i najwygodniejszy spos\u00f3b na w\u0119dr\u00f3wk\u0119 z maluchem","inLanguage":"pl-PL","isPartOf":{"@id":"https:\/\/www.skalnik.pl\/blog\/#website"},"breadcrumb":{"@id":"https:\/\/www.skalnik.pl\/blog\/nosidelka-deuter-kultowe-nosidelka-dla-dzieci\/#breadcrumblist"},"author":{"@id":"https:\/\/www.skalnik.pl\/blog\/author\/marcin-nowak\/#author"},"creator":{"@id":"https:\/\/www.skalnik.pl\/blog\/author\/marcin-nowak\/#author"},"image":{"@type":"ImageObject","url":"https:\/\/www.skalnik.pl\/blog\/wp-content\/uploads\/2024\/02\/nosidelka-deuter.jpg","@id":"https:\/\/www.skalnik.pl\/blog\/nosidelka-deuter-kultowe-nosidelka-dla-dzieci\/#mainImage","width":1920,"height":706},"primaryImageOfPage":{"@id":"https:\/\/www.skalnik.pl\/blog\/nosidelka-deuter-kultowe-nosidelka-dla-dzieci\/#mainImage"},"datePublished":"2024-02-14T07:33:00+02:00","dateModified":"2024-04-08T08:52:36+02:00"},{"@type":"WebSite","@id":"https:\/\/www.skalnik.pl\/blog\/#website","url":"https:\/\/www.skalnik.pl\/blog\/","name":"blog Skalnik","description":"Blog, porady, artyku\u0142y - blog Skalnik","inLanguage":"pl-PL","publisher":{"@id":"https:\/\/www.skalnik.pl\/blog\/#organization"}}]},"og:locale":"pl_PL","og:site_name":"blog Skalnik - Blog, porady, artyku\u0142y - blog Skalnik","og:type":"article","og:title":"Noside\u0142ka Deuter \u2013 kultowe noside\u0142ka dla dzieci - blog Skalnik","og:description":"Poznaj noside\u0142ka Deuter, z kt\u00f3rymi dzieciom poka\u017cesz g\u00f3rski \u015bwiat. Noside\u0142ka turystyczne to najbezpieczniejszy i najwygodniejszy spos\u00f3b na w\u0119dr\u00f3wk\u0119 z maluchem","og:url":"https:\/\/www.skalnik.pl\/blog\/nosidelka-deuter-kultowe-nosidelka-dla-dzieci\/","og:image":"https:\/\/www.skalnik.pl\/blog\/wp-content\/uploads\/2024\/02\/Family_KC-ActiveSL_SideShot_4_Julian-Bueckers21.jpg","og:image:secure_url":"https:\/\/www.skalnik.pl\/blog\/wp-content\/uploads\/2024\/02\/Family_KC-ActiveSL_SideShot_4_Julian-Bueckers21.jpg","og:image:width":1024,"og:image:height":682,"article:tag":["bran\u017ca"],"article:published_time":"2024-02-14T05:33:00+00:00","article:modified_time":"2024-04-08T06:52:36+00:00","twitter:card":"summary_large_image","twitter:title":"Noside\u0142ka Deuter \u2013 kultowe noside\u0142ka dla dzieci - blog Skalnik","twitter:description":"Poznaj noside\u0142ka Deuter, z kt\u00f3rymi dzieciom poka\u017cesz g\u00f3rski \u015bwiat. Noside\u0142ka turystyczne to najbezpieczniejszy i najwygodniejszy spos\u00f3b na w\u0119dr\u00f3wk\u0119 z maluchem","twitter:image":"https:\/\/www.skalnik.pl\/blog\/wp-content\/uploads\/2024\/02\/Family_KC-ActiveSL_SideShot_4_Julian-Bueckers21.jpg"},"aioseo_meta_data":{"post_id":"25729","title":null,"description":"Poznaj noside\u0142ka Deuter, z kt\u00f3rymi dzieciom poka\u017cesz g\u00f3rski \u015bwiat. Noside\u0142ka turystyczne to najbezpieczniejszy i najwygodniejszy spos\u00f3b na w\u0119dr\u00f3wk\u0119 z maluchem","keywords":[],"keyphrases":{"focus":{"keyphrase":"noside\u0142ka Deuter","score":90,"analysis":{"keyphraseInTitle":{"score":9,"maxScore":9,"error":0},"keyphraseInDescription":{"score":9,"maxScore":9,"error":0},"keyphraseLength":{"score":9,"maxScore":9,"error":0,"length":2},"keyphraseInURL":{"score":5,"maxScore":5,"error":0},"keyphraseInIntroduction":{"score":9,"maxScore":9,"error":0},"keyphraseInSubHeadings":{"score":3,"maxScore":9,"error":1},"keyphraseInImageAlt":{"score":9,"maxScore":9,"error":0}}},"additional":[]},"primary_term":null,"canonical_url":null,"og_title":null,"og_description":null,"og_object_type":"default","og_image_type":"default","og_image_url":null,"og_image_width":null,"og_image_height":null,"og_image_custom_url":null,"og_image_custom_fields":null,"og_video":"","og_custom_url":null,"og_article_section":null,"og_article_tags":[],"twitter_use_og":false,"twitter_card":"default","twitter_image_type":"default","twitter_image_url":null,"twitter_image_custom_url":null,"twitter_image_custom_fields":null,"twitter_title":null,"twitter_description":null,"schema":{"blockGraphs":[],"customGraphs":[],"default":{"data":{"Article":[],"Course":[],"Dataset":[],"FAQPage":[],"Movie":[],"Person":[],"Product":[],"ProductReview":[],"Car":[],"Recipe":[],"Service":[],"SoftwareApplication":[],"WebPage":[]},"graphName":"","isEnabled":true},"graphs":[]},"schema_type":"default","schema_type_options":null,"pillar_content":false,"robots_default":true,"robots_noindex":false,"robots_noarchive":false,"robots_nosnippet":false,"robots_nofollow":false,"robots_noimageindex":false,"robots_noodp":false,"robots_notranslate":false,"robots_max_snippet":"-1","robots_max_videopreview":"-1","robots_max_imagepreview":"large","priority":null,"frequency":"default","local_seo":null,"breadcrumb_settings":null,"limit_modified_date":false,"ai":null,"created":"2024-02-13 08:11:34","updated":"2026-02-17 22:49:21","seo_analyzer_scan_date":null},"aioseo_breadcrumb":"<div class=\"aioseo-breadcrumbs\"><span class=\"aioseo-breadcrumb\">\n\t\t\t<a href=\"https:\/\/www.skalnik.pl\/blog\" title=\"Home\">Home<\/a>\n\t\t<\/span><span class=\"aioseo-breadcrumb-separator\">&raquo;<\/span><span class=\"aioseo-breadcrumb\">\n\t\t\t<a href=\"https:\/\/www.skalnik.pl\/blog\/.\/branza\/\" title=\"Bran\u017ca\">Bran\u017ca<\/a>\n\t\t<\/span><span class=\"aioseo-breadcrumb-separator\">&raquo;<\/span><span class=\"aioseo-breadcrumb\">\n\t\t\tNoside\u0142ka Deuter \u2013 kultowe noside\u0142ka dla dzieci\n\t\t<\/span><\/div>","aioseo_breadcrumb_json":[{"label":"Home","link":"https:\/\/www.skalnik.pl\/blog"},{"label":"Bran\u017ca","link":"https:\/\/www.skalnik.pl\/blog\/.\/branza\/"},{"label":"Noside\u0142ka Deuter \u2013 kultowe noside\u0142ka dla dzieci","link":"https:\/\/www.skalnik.pl\/blog\/nosidelka-deuter-kultowe-nosidelka-dla-dzieci\/"}],"_links":{"self":[{"href":"https:\/\/www.skalnik.pl\/blog\/wp-json\/wp\/v2\/posts\/25729","targetHints":{"allow":["GET"]}}],"collection":[{"href":"https:\/\/www.skalnik.pl\/blog\/wp-json\/wp\/v2\/posts"}],"about":[{"href":"https:\/\/www.skalnik.pl\/blog\/wp-json\/wp\/v2\/types\/post"}],"author":[{"embeddable":true,"href":"https:\/\/www.skalnik.pl\/blog\/wp-json\/wp\/v2\/users\/15"}],"replies":[{"embeddable":true,"href":"https:\/\/www.skalnik.pl\/blog\/wp-json\/wp\/v2\/comments?post=25729"}],"version-history":[{"count":7,"href":"https:\/\/www.skalnik.pl\/blog\/wp-json\/wp\/v2\/posts\/25729\/revisions"}],"predecessor-version":[{"id":25756,"href":"https:\/\/www.skalnik.pl\/blog\/wp-json\/wp\/v2\/posts\/25729\/revisions\/25756"}],"wp:featuredmedia":[{"embeddable":true,"href":"https:\/\/www.skalnik.pl\/blog\/wp-json\/wp\/v2\/media\/25730"}],"wp:attachment":[{"href":"https:\/\/www.skalnik.pl\/blog\/wp-json\/wp\/v2\/media?parent=25729"}],"wp:term":[{"taxonomy":"category","embeddable":true,"href":"https:\/\/www.skalnik.pl\/blog\/wp-json\/wp\/v2\/categories?post=25729"},{"taxonomy":"post_tag","embeddable":true,"href":"https:\/\/www.skalnik.pl\/blog\/wp-json\/wp\/v2\/tags?post=25729"},{"taxonomy":"magento_category","embeddable":true,"href":"https:\/\/www.skalnik.pl\/blog\/wp-json\/wp\/v2\/magento_category?post=25729"},{"taxonomy":"magento_product","embeddable":true,"href":"https:\/\/www.skalnik.pl\/blog\/wp-json\/wp\/v2\/magento_product?post=25729"}],"curies":[{"name":"wp","href":"https:\/\/api.w.org\/{rel}","templated":true}]}}