{"id":2575,"date":"2017-05-16T15:17:25","date_gmt":"2017-05-16T13:17:25","guid":{"rendered":"https:\/\/skalnik.pl\/blog\/?p=2575"},"modified":"2018-12-13T09:16:44","modified_gmt":"2018-12-13T08:16:44","slug":"przezyc-dzien-jak-tygrys","status":"publish","type":"post","link":"https:\/\/www.skalnik.pl\/blog\/przezyc-dzien-jak-tygrys\/","title":{"rendered":"Prze\u017cy\u0107 dzie\u0144 jak tygrys"},"content":{"rendered":"<p><b><img loading=\"lazy\" decoding=\"async\" class=\"size-medium wp-image-2582 alignleft\" src=\"https:\/\/skalnik.pl\/blog\/wp-content\/uploads\/2018\/07\/John-Porter-portret-300x300.jpg\" alt=\"John Porter\" width=\"300\" height=\"300\" srcset=\"https:\/\/www.skalnik.pl\/blog\/wp-content\/uploads\/2018\/07\/John-Porter-portret-300x300.jpg 300w, https:\/\/www.skalnik.pl\/blog\/wp-content\/uploads\/2018\/07\/John-Porter-portret.jpg 355w\" sizes=\"auto, (max-width: 300px) 100vw, 300px\" \/>TEMAT:<\/b><\/p>\n<p>Prze\u017cy\u0107 dzie\u0144 jak tygrys<\/p>\n<p><b>PRELEGENT:<\/b><\/p>\n<p>John Porter<\/p>\n<p><b>MIEJSCE:<\/b><\/p>\n<p>Wybrze\u017ce Wyspia\u0144skiego 27, Budynek A1 PWR, Sala 329, Wroc\u0142aw<\/p>\n<p><b>DATA:<\/b><\/p>\n<p>16.05.2016 19:00<\/p>\n<div class=\"page_gallery\">\n\n\t\t<style type=\"text\/css\">\n\t\t\t#gallery-1 {\n\t\t\t\tmargin: auto;\n\t\t\t}\n\t\t\t#gallery-1 .gallery-item {\n\t\t\t\tfloat: left;\n\t\t\t\tmargin-top: 10px;\n\t\t\t\ttext-align: center;\n\t\t\t\twidth: 33%;\n\t\t\t}\n\t\t\t#gallery-1 img {\n\t\t\t\tborder: 2px solid #cfcfcf;\n\t\t\t}\n\t\t\t#gallery-1 .gallery-caption {\n\t\t\t\tmargin-left: 0;\n\t\t\t}\n\t\t\t\/* see gallery_shortcode() in wp-includes\/media.php *\/\n\t\t<\/style>\n\t\t<div id='gallery-1' class='gallery galleryid-2575 gallery-columns-3 gallery-size-full'><dl class='gallery-item'>\n\t\t\t<dt class='gallery-icon landscape'>\n\t\t\t\t<img loading=\"lazy\" decoding=\"async\" width=\"1200\" height=\"808\" src=\"https:\/\/www.skalnik.pl\/blog\/wp-content\/uploads\/2017\/05\/Od-lewej-J.-Porter-K.-\u017burek-W.-Kurtyka-A.jpg\" class=\"attachment-full size-full\" alt=\"J. Porter, K. \u017burek, W. Kurtyka, A. MacIntyre\" srcset=\"https:\/\/www.skalnik.pl\/blog\/wp-content\/uploads\/2017\/05\/Od-lewej-J.-Porter-K.-\u017burek-W.-Kurtyka-A.jpg 1200w, https:\/\/www.skalnik.pl\/blog\/wp-content\/uploads\/2017\/05\/Od-lewej-J.-Porter-K.-\u017burek-W.-Kurtyka-A-300x202.jpg 300w, https:\/\/www.skalnik.pl\/blog\/wp-content\/uploads\/2017\/05\/Od-lewej-J.-Porter-K.-\u017burek-W.-Kurtyka-A-768x517.jpg 768w, https:\/\/www.skalnik.pl\/blog\/wp-content\/uploads\/2017\/05\/Od-lewej-J.-Porter-K.-\u017burek-W.-Kurtyka-A-1024x689.jpg 1024w\" sizes=\"auto, (max-width: 1200px) 100vw, 1200px\" \/>\n\t\t\t<\/dt><\/dl><dl class='gallery-item'>\n\t\t\t<dt class='gallery-icon portrait'>\n\t\t\t\t<img loading=\"lazy\" decoding=\"async\" width=\"797\" height=\"1200\" src=\"https:\/\/www.skalnik.pl\/blog\/wp-content\/uploads\/2017\/05\/John-Porter.jpg\" class=\"attachment-full size-full\" alt=\"John Porter\" srcset=\"https:\/\/www.skalnik.pl\/blog\/wp-content\/uploads\/2017\/05\/John-Porter.jpg 797w, https:\/\/www.skalnik.pl\/blog\/wp-content\/uploads\/2017\/05\/John-Porter-199x300.jpg 199w, https:\/\/www.skalnik.pl\/blog\/wp-content\/uploads\/2017\/05\/John-Porter-768x1156.jpg 768w, https:\/\/www.skalnik.pl\/blog\/wp-content\/uploads\/2017\/05\/John-Porter-680x1024.jpg 680w\" sizes=\"auto, (max-width: 797px) 100vw, 797px\" \/>\n\t\t\t<\/dt><\/dl><dl class='gallery-item'>\n\t\t\t<dt class='gallery-icon landscape'>\n\t\t\t\t<img loading=\"lazy\" decoding=\"async\" width=\"1200\" height=\"675\" src=\"https:\/\/www.skalnik.pl\/blog\/wp-content\/uploads\/2017\/05\/DSC_0014.jpg\" class=\"attachment-full size-full\" alt=\"prelekcja Johna Portera\" srcset=\"https:\/\/www.skalnik.pl\/blog\/wp-content\/uploads\/2017\/05\/DSC_0014.jpg 1200w, https:\/\/www.skalnik.pl\/blog\/wp-content\/uploads\/2017\/05\/DSC_0014-300x169.jpg 300w, https:\/\/www.skalnik.pl\/blog\/wp-content\/uploads\/2017\/05\/DSC_0014-768x432.jpg 768w, https:\/\/www.skalnik.pl\/blog\/wp-content\/uploads\/2017\/05\/DSC_0014-1024x576.jpg 1024w\" sizes=\"auto, (max-width: 1200px) 100vw, 1200px\" \/>\n\t\t\t<\/dt><\/dl><br style=\"clear: both\" \/><dl class='gallery-item'>\n\t\t\t<dt class='gallery-icon landscape'>\n\t\t\t\t<img loading=\"lazy\" decoding=\"async\" width=\"1200\" height=\"675\" src=\"https:\/\/www.skalnik.pl\/blog\/wp-content\/uploads\/2017\/05\/DSC_0017.jpg\" class=\"attachment-full size-full\" alt=\"prelekcja Johna Portera\" srcset=\"https:\/\/www.skalnik.pl\/blog\/wp-content\/uploads\/2017\/05\/DSC_0017.jpg 1200w, https:\/\/www.skalnik.pl\/blog\/wp-content\/uploads\/2017\/05\/DSC_0017-300x169.jpg 300w, https:\/\/www.skalnik.pl\/blog\/wp-content\/uploads\/2017\/05\/DSC_0017-768x432.jpg 768w, https:\/\/www.skalnik.pl\/blog\/wp-content\/uploads\/2017\/05\/DSC_0017-1024x576.jpg 1024w\" sizes=\"auto, (max-width: 1200px) 100vw, 1200px\" \/>\n\t\t\t<\/dt><\/dl><dl class='gallery-item'>\n\t\t\t<dt class='gallery-icon landscape'>\n\t\t\t\t<img loading=\"lazy\" decoding=\"async\" width=\"1200\" height=\"675\" src=\"https:\/\/www.skalnik.pl\/blog\/wp-content\/uploads\/2017\/05\/DSC_0018.jpg\" class=\"attachment-full size-full\" alt=\"John Porter podpisuje ksi\u0105\u017cki\" srcset=\"https:\/\/www.skalnik.pl\/blog\/wp-content\/uploads\/2017\/05\/DSC_0018.jpg 1200w, https:\/\/www.skalnik.pl\/blog\/wp-content\/uploads\/2017\/05\/DSC_0018-300x169.jpg 300w, https:\/\/www.skalnik.pl\/blog\/wp-content\/uploads\/2017\/05\/DSC_0018-768x432.jpg 768w, https:\/\/www.skalnik.pl\/blog\/wp-content\/uploads\/2017\/05\/DSC_0018-1024x576.jpg 1024w\" sizes=\"auto, (max-width: 1200px) 100vw, 1200px\" \/>\n\t\t\t<\/dt><\/dl>\n\t\t\t<br style='clear: both' \/>\n\t\t<\/div>\n\n<\/div>\n<div id=\"ez-toc-container\" class=\"ez-toc-v2_0_85 counter-hierarchy ez-toc-counter ez-toc-light-blue ez-toc-container-direction\">\n<div class=\"ez-toc-title-container\">\n<p class=\"ez-toc-title\" style=\"cursor:inherit\">SPIS TRE\u015aCI <\/p>\n<span class=\"ez-toc-title-toggle\"><a href=\"#\" class=\"ez-toc-pull-right ez-toc-btn ez-toc-btn-xs ez-toc-btn-default ez-toc-toggle\" aria-label=\"Prze\u0142\u0105cznik Spisu Tre\u015bci\"><span class=\"ez-toc-js-icon-con\"><span class=\"\"><span class=\"eztoc-hide\" style=\"display:none;\">Toggle<\/span><span class=\"ez-toc-icon-toggle-span\"><svg style=\"fill: #999;color:#999\" xmlns=\"http:\/\/www.w3.org\/2000\/svg\" class=\"list-377408\" width=\"20px\" height=\"20px\" viewBox=\"0 0 24 24\" fill=\"none\"><path d=\"M6 6H4v2h2V6zm14 0H8v2h12V6zM4 11h2v2H4v-2zm16 0H8v2h12v-2zM4 16h2v2H4v-2zm16 0H8v2h12v-2z\" fill=\"currentColor\"><\/path><\/svg><svg style=\"fill: #999;color:#999\" class=\"arrow-unsorted-368013\" xmlns=\"http:\/\/www.w3.org\/2000\/svg\" width=\"10px\" height=\"10px\" viewBox=\"0 0 24 24\" version=\"1.2\" baseProfile=\"tiny\"><path d=\"M18.2 9.3l-6.2-6.3-6.2 6.3c-.2.2-.3.4-.3.7s.1.5.3.7c.2.2.4.3.7.3h11c.3 0 .5-.1.7-.3.2-.2.3-.5.3-.7s-.1-.5-.3-.7zM5.8 14.7l6.2 6.3 6.2-6.3c.2-.2.3-.5.3-.7s-.1-.5-.3-.7c-.2-.2-.4-.3-.7-.3h-11c-.3 0-.5.1-.7.3-.2.2-.3.5-.3.7s.1.5.3.7z\"\/><\/svg><\/span><\/span><\/span><\/a><\/span><\/div>\n<nav><ul class='ez-toc-list ez-toc-list-level-1 ' ><li class='ez-toc-page-1 ez-toc-heading-level-2'><a class=\"ez-toc-link ez-toc-heading-1\" href=\"https:\/\/www.skalnik.pl\/blog\/przezyc-dzien-jak-tygrys\/#O_prelekcji_i_prelegencie\" >O prelekcji i prelegencie:<\/a><\/li><li class='ez-toc-page-1 ez-toc-heading-level-2'><a class=\"ez-toc-link ez-toc-heading-2\" href=\"https:\/\/www.skalnik.pl\/blog\/przezyc-dzien-jak-tygrys\/#Sponsorzy\" >Sponsorzy<\/a><\/li><\/ul><\/nav><\/div>\n<h2><span class=\"ez-toc-section\" id=\"O_prelekcji_i_prelegencie\"><\/span><strong>O prelekcji i prelegencie:<\/strong><span class=\"ez-toc-section-end\"><\/span><\/h2>\n<p>John Porter, alpinista brytyjski, legenda \u015bwiata wspinaczki i himalaizmu. Jeden z prekursor\u00f3w, obok Alexa McIntyre i Wojtka Kurtyki, alpejskiego stylu wspinania w g\u00f3rach najwy\u017cszych.<\/p>\n<p>Amerykanin z urodzenia. Jako nastolatek wspina\u0142 si\u0119 w G\u00f3rach Bia\u0142ych w New Hampshire, nast\u0119pnie doskonali\u0142 swoje alpinistyczne umiej\u0119tno\u015bci w G\u00f3rach Skalistych i Yosemite. Po studiach w Oregonie wyjecha\u0142 do Anglii, gdzie uko\u0144czy\u0142 studia podyplomowe na Uniwersytecie w Leeds. Wspina\u0142 si\u0119 z czo\u0142owymi wspinaczami tamtych czas\u00f3w. Wraz z Peterem Boardmanem, Wojtkiem Kurtyk\u0105, Ren\u00e9\u00a0Ghilinim (Francja) i Aleksem MacIntyre\u2019em dokona\u0142 szeregu pionierskich przej\u015b\u0107 w stylu alpejskim, w tym p\u00f3\u0142nocno-wschodniej \u015bciany Bandaka (1977), grani Tarke Kang (1978), po\u0142udniowej \u015bciany Ranrapulka (1979), po\u0142udniowo-wschodniej grani Tarke Kang (1982), Kedar Dome (1988), Chong Kundam (1990). Wspina\u0142 si\u0119 z Chrisem Boningtonem, w tym nowymi drogami na Grenlandii, w Tybecie i podczas pr\u00f3by przej\u015bcia Sepu Kangri. Wraz z Alanem Rousem i Joe Taskerem uczestniczy\u0142 w zako\u0144czonej niepowodzeniem zimowej wyprawie zachodni\u0105 grani\u0105 na Mount Everest w sezonie 1980\/81. By\u0142 te\u017c z Alem Rousem na p\u00f3\u0142nocno-zachodniej grani K2 podczas tragicznego sezonu w 1986 roku.<\/p>\n<p>Mieszka z \u017con\u0105 i dwiema c\u00f3rkami w Lake District. Wraz z Brianem Hallem i Jimem Curranem przyczyni\u0142 si\u0119 do rozwoju g\u00f3rskich projekt\u00f3w kulturalnych. Razem zorganizowali festiwal film\u00f3w g\u00f3rskich w Kendal i za\u0142o\u017cyli stron\u0119 SteepEdge z g\u00f3rskimi filmami. By\u0142 za\u0142o\u017cycielem Mountain Heritage Trust (oddzia\u0142 British Mountaineering Council), a obecnie jest cz\u0142onkiem jego zarz\u0105du.<\/p>\n<p>Jego bliski przyjaciel Alex MacIntyre zgin\u0105\u0142 podczas pr\u00f3by przej\u015bcia po\u0142udniowej \u015bciany Annapurny w 1982 roku. W 2014 roku John Porter napisa\u0142 jego biografi\u0119 pod tytu\u0142em \u201eOne Day as a Tiger&#8221;, kt\u00f3ra zdoby\u0142a laury w wielu konkursach na najlepsz\u0105 ksi\u0105\u017ck\u0119 g\u00f3rsk\u0105.\u00a0Podczas spotkania b\u0119dzie mo\u017cna naby\u0107 polskie wydanie tej ksi\u0105\u017cki.<\/p>\n<div class=\"sponsors\">\n<h2><span class=\"ez-toc-section\" id=\"Sponsorzy\"><\/span>Sponsorzy<span class=\"ez-toc-section-end\"><\/span><\/h2>\n\n\t\t<style type=\"text\/css\">\n\t\t\t#gallery-2 {\n\t\t\t\tmargin: auto;\n\t\t\t}\n\t\t\t#gallery-2 .gallery-item {\n\t\t\t\tfloat: left;\n\t\t\t\tmargin-top: 10px;\n\t\t\t\ttext-align: center;\n\t\t\t\twidth: 20%;\n\t\t\t}\n\t\t\t#gallery-2 img {\n\t\t\t\tborder: 2px solid #cfcfcf;\n\t\t\t}\n\t\t\t#gallery-2 .gallery-caption {\n\t\t\t\tmargin-left: 0;\n\t\t\t}\n\t\t\t\/* see gallery_shortcode() in wp-includes\/media.php *\/\n\t\t<\/style>\n\t\t<div id='gallery-2' class='gallery galleryid-2575 gallery-columns-5 gallery-size-thumbnail'><dl class='gallery-item'>\n\t\t\t<dt class='gallery-icon landscape'>\n\t\t\t\t<img loading=\"lazy\" decoding=\"async\" width=\"150\" height=\"150\" src=\"https:\/\/www.skalnik.pl\/blog\/wp-content\/uploads\/2016\/10\/74236798.jpg\" class=\"attachment-thumbnail size-thumbnail\" alt=\"skalnik logo\" \/>\n\t\t\t<\/dt><\/dl><dl class='gallery-item'>\n\t\t\t<dt class='gallery-icon landscape'>\n\t\t\t\t<img loading=\"lazy\" decoding=\"async\" width=\"150\" height=\"150\" src=\"https:\/\/www.skalnik.pl\/blog\/wp-content\/uploads\/2016\/10\/18654627.jpg\" class=\"attachment-thumbnail size-thumbnail\" alt=\"DKF logo\" \/>\n\t\t\t<\/dt><\/dl><dl class='gallery-item'>\n\t\t\t<dt class='gallery-icon landscape'>\n\t\t\t\t<img loading=\"lazy\" decoding=\"async\" width=\"150\" height=\"150\" src=\"https:\/\/www.skalnik.pl\/blog\/wp-content\/uploads\/2016\/10\/55774142.jpg\" class=\"attachment-thumbnail size-thumbnail\" alt=\"Politechnika logo\" \/>\n\t\t\t<\/dt><\/dl><dl class='gallery-item'>\n\t\t\t<dt class='gallery-icon landscape'>\n\t\t\t\t<img loading=\"lazy\" decoding=\"async\" width=\"150\" height=\"150\" src=\"https:\/\/www.skalnik.pl\/blog\/wp-content\/uploads\/2016\/10\/64382480.jpg\" class=\"attachment-thumbnail size-thumbnail\" alt=\"VI.6+ logo\" \/>\n\t\t\t<\/dt><\/dl><dl class='gallery-item'>\n\t\t\t<dt class='gallery-icon landscape'>\n\t\t\t\t<img loading=\"lazy\" decoding=\"async\" width=\"150\" height=\"150\" src=\"https:\/\/www.skalnik.pl\/blog\/wp-content\/uploads\/2016\/10\/25112021.jpg\" class=\"attachment-thumbnail size-thumbnail\" alt=\"volven logo\" \/>\n\t\t\t<\/dt><\/dl><br style=\"clear: both\" \/><dl class='gallery-item'>\n\t\t\t<dt class='gallery-icon landscape'>\n\t\t\t\t<img loading=\"lazy\" decoding=\"async\" width=\"150\" height=\"150\" src=\"https:\/\/www.skalnik.pl\/blog\/wp-content\/uploads\/2018\/07\/images.png\" class=\"attachment-thumbnail size-thumbnail\" alt=\"silver rock logo\" \/>\n\t\t\t<\/dt><\/dl>\n\t\t\t<br style='clear: both' \/>\n\t\t<\/div>\n\n<\/div>\n","protected":false},"excerpt":{"rendered":"<p>TEMAT: Prze\u017cy\u0107 dzie\u0144 jak tygrys PRELEGENT: John Porter MIEJSCE: Wybrze\u017ce Wyspia\u0144skiego 27, Budynek A1 PWR, Sala 329, Wroc\u0142aw DATA: 16.05.2016 19:00 O prelekcji i prelegencie: John Porter, alpinista brytyjski, legenda \u015bwiata wspinaczki i himalaizmu. Jeden z prekursor\u00f3w, obok Alexa McIntyre i Wojtka Kurtyki, alpejskiego stylu wspinania w g\u00f3rach najwy\u017cszych. Amerykanin z urodzenia. Jako nastolatek wspina\u0142 [&hellip;]<\/p>\n","protected":false},"author":10,"featured_media":2580,"comment_status":"open","ping_status":"open","sticky":false,"template":"","format":"standard","meta":{"_acf_changed":false,"footnotes":""},"categories":[9],"tags":[164,202],"magento_category":[],"magento_product":[],"class_list":["post-2575","post","type-post","status-publish","format-standard","has-post-thumbnail","hentry","category-spotkania-z-gorami","tag-himalaizm","tag-spotkania-z-gorami"],"acf":[],"aioseo_notices":[],"aioseo_head":"\n\t\t<!-- All in One SEO 4.9.10 - aioseo.com -->\n\t<meta name=\"description\" content=\"John Porter, alpinista brytyjski, legenda \u015bwiata wspinaczki i himalaizmu. Jeden z prekursor\u00f3w alpejskiego stylu wspinania w g\u00f3rach najwy\u017cszych.\" \/>\n\t<meta name=\"robots\" content=\"max-image-preview:large\" \/>\n\t<meta name=\"author\" content=\"Spotkania z G\u00f3rami\"\/>\n\t<link rel=\"canonical\" href=\"https:\/\/www.skalnik.pl\/blog\/przezyc-dzien-jak-tygrys\/\" \/>\n\t<meta name=\"generator\" content=\"All in One SEO (AIOSEO) 4.9.10\" \/>\n\t\t<meta property=\"og:locale\" content=\"pl_PL\" \/>\n\t\t<meta property=\"og:site_name\" content=\"blog Skalnik - Blog, porady, artyku\u0142y - blog Skalnik\" \/>\n\t\t<meta property=\"og:type\" content=\"article\" \/>\n\t\t<meta property=\"og:title\" content=\"Prze\u017cy\u0107 dzie\u0144 jak tygrys - blog Skalnik\" \/>\n\t\t<meta property=\"og:description\" content=\"John Porter, alpinista brytyjski, legenda \u015bwiata wspinaczki i himalaizmu. Jeden z prekursor\u00f3w alpejskiego stylu wspinania w g\u00f3rach najwy\u017cszych.\" \/>\n\t\t<meta property=\"og:url\" content=\"https:\/\/www.skalnik.pl\/blog\/przezyc-dzien-jak-tygrys\/\" \/>\n\t\t<meta property=\"og:image\" content=\"https:\/\/skalnik.pl\/blog\/wp-content\/uploads\/2018\/07\/John-Porter-portret-300x300.jpg\" \/>\n\t\t<meta property=\"og:image:secure_url\" content=\"https:\/\/skalnik.pl\/blog\/wp-content\/uploads\/2018\/07\/John-Porter-portret-300x300.jpg\" \/>\n\t\t<meta property=\"article:tag\" content=\"spotkania z g\u00f3rami\" \/>\n\t\t<meta property=\"article:tag\" content=\"himalaizm\" \/>\n\t\t<meta property=\"article:published_time\" content=\"2017-05-16T13:17:25+00:00\" \/>\n\t\t<meta property=\"article:modified_time\" content=\"2018-12-13T08:16:44+00:00\" \/>\n\t\t<meta name=\"twitter:card\" content=\"summary_large_image\" \/>\n\t\t<meta name=\"twitter:title\" content=\"Prze\u017cy\u0107 dzie\u0144 jak tygrys - blog Skalnik\" \/>\n\t\t<meta name=\"twitter:description\" content=\"John Porter, alpinista brytyjski, legenda \u015bwiata wspinaczki i himalaizmu. Jeden z prekursor\u00f3w alpejskiego stylu wspinania w g\u00f3rach najwy\u017cszych.\" \/>\n\t\t<meta name=\"twitter:image\" content=\"https:\/\/skalnik.pl\/blog\/wp-content\/uploads\/2018\/07\/John-Porter-portret-300x300.jpg\" \/>\n\t\t<script type=\"application\/ld+json\" class=\"aioseo-schema\">\n\t\t\t{\"@context\":\"https:\\\/\\\/schema.org\",\"@graph\":[{\"@type\":\"BlogPosting\",\"@id\":\"https:\\\/\\\/www.skalnik.pl\\\/blog\\\/przezyc-dzien-jak-tygrys\\\/#blogposting\",\"name\":\"Prze\\u017cy\\u0107 dzie\\u0144 jak tygrys - blog Skalnik\",\"headline\":\"Prze\\u017cy\\u0107 dzie\\u0144 jak tygrys\",\"author\":{\"@id\":\"https:\\\/\\\/www.skalnik.pl\\\/blog\\\/author\\\/spotkania\\\/#author\"},\"publisher\":{\"@id\":\"https:\\\/\\\/www.skalnik.pl\\\/blog\\\/#organization\"},\"image\":{\"@type\":\"ImageObject\",\"url\":\"https:\\\/\\\/www.skalnik.pl\\\/blog\\\/wp-content\\\/uploads\\\/2018\\\/07\\\/ok\\u0142adka-1.jpg\",\"width\":1920,\"height\":705,\"caption\":\"John Porter\"},\"datePublished\":\"2017-05-16T15:17:25+02:00\",\"dateModified\":\"2018-12-13T09:16:44+02:00\",\"inLanguage\":\"pl-PL\",\"mainEntityOfPage\":{\"@id\":\"https:\\\/\\\/www.skalnik.pl\\\/blog\\\/przezyc-dzien-jak-tygrys\\\/#webpage\"},\"isPartOf\":{\"@id\":\"https:\\\/\\\/www.skalnik.pl\\\/blog\\\/przezyc-dzien-jak-tygrys\\\/#webpage\"},\"articleSection\":\"Spotkania z g\\u00f3rami, himalaizm, spotkania z g\\u00f3rami\"},{\"@type\":\"BreadcrumbList\",\"@id\":\"https:\\\/\\\/www.skalnik.pl\\\/blog\\\/przezyc-dzien-jak-tygrys\\\/#breadcrumblist\",\"itemListElement\":[{\"@type\":\"ListItem\",\"@id\":\"https:\\\/\\\/www.skalnik.pl\\\/blog#listItem\",\"position\":1,\"name\":\"Home\",\"item\":\"https:\\\/\\\/www.skalnik.pl\\\/blog\",\"nextItem\":{\"@type\":\"ListItem\",\"@id\":\"https:\\\/\\\/www.skalnik.pl\\\/blog\\\/.\\\/spotkania-z-gorami\\\/#listItem\",\"name\":\"Spotkania z g\\u00f3rami\"}},{\"@type\":\"ListItem\",\"@id\":\"https:\\\/\\\/www.skalnik.pl\\\/blog\\\/.\\\/spotkania-z-gorami\\\/#listItem\",\"position\":2,\"name\":\"Spotkania z g\\u00f3rami\",\"item\":\"https:\\\/\\\/www.skalnik.pl\\\/blog\\\/.\\\/spotkania-z-gorami\\\/\",\"nextItem\":{\"@type\":\"ListItem\",\"@id\":\"https:\\\/\\\/www.skalnik.pl\\\/blog\\\/przezyc-dzien-jak-tygrys\\\/#listItem\",\"name\":\"Prze\\u017cy\\u0107 dzie\\u0144 jak tygrys\"},\"previousItem\":{\"@type\":\"ListItem\",\"@id\":\"https:\\\/\\\/www.skalnik.pl\\\/blog#listItem\",\"name\":\"Home\"}},{\"@type\":\"ListItem\",\"@id\":\"https:\\\/\\\/www.skalnik.pl\\\/blog\\\/przezyc-dzien-jak-tygrys\\\/#listItem\",\"position\":3,\"name\":\"Prze\\u017cy\\u0107 dzie\\u0144 jak tygrys\",\"previousItem\":{\"@type\":\"ListItem\",\"@id\":\"https:\\\/\\\/www.skalnik.pl\\\/blog\\\/.\\\/spotkania-z-gorami\\\/#listItem\",\"name\":\"Spotkania z g\\u00f3rami\"}}]},{\"@type\":\"Organization\",\"@id\":\"https:\\\/\\\/www.skalnik.pl\\\/blog\\\/#organization\",\"name\":\"blog Skalnik\",\"description\":\"Blog, porady, artyku\\u0142y - blog Skalnik\",\"url\":\"https:\\\/\\\/www.skalnik.pl\\\/blog\\\/\"},{\"@type\":\"Person\",\"@id\":\"https:\\\/\\\/www.skalnik.pl\\\/blog\\\/author\\\/spotkania\\\/#author\",\"url\":\"https:\\\/\\\/www.skalnik.pl\\\/blog\\\/author\\\/spotkania\\\/\",\"name\":\"Spotkania z G\\u00f3rami\",\"image\":{\"@type\":\"ImageObject\",\"@id\":\"https:\\\/\\\/www.skalnik.pl\\\/blog\\\/przezyc-dzien-jak-tygrys\\\/#authorImage\",\"url\":\"https:\\\/\\\/secure.gravatar.com\\\/avatar\\\/e09dd3aeee26ff64ebd6fda736cd0f273a292e33f7d42d8fbdff1ba323502b0b?s=96&d=mm&r=g\",\"width\":96,\"height\":96,\"caption\":\"Spotkania z G\\u00f3rami\"}},{\"@type\":\"WebPage\",\"@id\":\"https:\\\/\\\/www.skalnik.pl\\\/blog\\\/przezyc-dzien-jak-tygrys\\\/#webpage\",\"url\":\"https:\\\/\\\/www.skalnik.pl\\\/blog\\\/przezyc-dzien-jak-tygrys\\\/\",\"name\":\"Prze\\u017cy\\u0107 dzie\\u0144 jak tygrys - blog Skalnik\",\"description\":\"John Porter, alpinista brytyjski, legenda \\u015bwiata wspinaczki i himalaizmu. Jeden z prekursor\\u00f3w alpejskiego stylu wspinania w g\\u00f3rach najwy\\u017cszych.\",\"inLanguage\":\"pl-PL\",\"isPartOf\":{\"@id\":\"https:\\\/\\\/www.skalnik.pl\\\/blog\\\/#website\"},\"breadcrumb\":{\"@id\":\"https:\\\/\\\/www.skalnik.pl\\\/blog\\\/przezyc-dzien-jak-tygrys\\\/#breadcrumblist\"},\"author\":{\"@id\":\"https:\\\/\\\/www.skalnik.pl\\\/blog\\\/author\\\/spotkania\\\/#author\"},\"creator\":{\"@id\":\"https:\\\/\\\/www.skalnik.pl\\\/blog\\\/author\\\/spotkania\\\/#author\"},\"image\":{\"@type\":\"ImageObject\",\"url\":\"https:\\\/\\\/www.skalnik.pl\\\/blog\\\/wp-content\\\/uploads\\\/2018\\\/07\\\/ok\\u0142adka-1.jpg\",\"@id\":\"https:\\\/\\\/www.skalnik.pl\\\/blog\\\/przezyc-dzien-jak-tygrys\\\/#mainImage\",\"width\":1920,\"height\":705,\"caption\":\"John Porter\"},\"primaryImageOfPage\":{\"@id\":\"https:\\\/\\\/www.skalnik.pl\\\/blog\\\/przezyc-dzien-jak-tygrys\\\/#mainImage\"},\"datePublished\":\"2017-05-16T15:17:25+02:00\",\"dateModified\":\"2018-12-13T09:16:44+02:00\"},{\"@type\":\"WebSite\",\"@id\":\"https:\\\/\\\/www.skalnik.pl\\\/blog\\\/#website\",\"url\":\"https:\\\/\\\/www.skalnik.pl\\\/blog\\\/\",\"name\":\"blog Skalnik\",\"description\":\"Blog, porady, artyku\\u0142y - blog Skalnik\",\"inLanguage\":\"pl-PL\",\"publisher\":{\"@id\":\"https:\\\/\\\/www.skalnik.pl\\\/blog\\\/#organization\"}}]}\n\t\t<\/script>\n\t\t<!-- All in One SEO -->\n\n","aioseo_head_json":{"title":"Prze\u017cy\u0107 dzie\u0144 jak tygrys - blog Skalnik","description":"John Porter, alpinista brytyjski, legenda \u015bwiata wspinaczki i himalaizmu. Jeden z prekursor\u00f3w alpejskiego stylu wspinania w g\u00f3rach najwy\u017cszych.","canonical_url":"https:\/\/www.skalnik.pl\/blog\/przezyc-dzien-jak-tygrys\/","robots":"max-image-preview:large","keywords":"","webmasterTools":{"miscellaneous":""},"schema":{"@context":"https:\/\/schema.org","@graph":[{"@type":"BlogPosting","@id":"https:\/\/www.skalnik.pl\/blog\/przezyc-dzien-jak-tygrys\/#blogposting","name":"Prze\u017cy\u0107 dzie\u0144 jak tygrys - blog Skalnik","headline":"Prze\u017cy\u0107 dzie\u0144 jak tygrys","author":{"@id":"https:\/\/www.skalnik.pl\/blog\/author\/spotkania\/#author"},"publisher":{"@id":"https:\/\/www.skalnik.pl\/blog\/#organization"},"image":{"@type":"ImageObject","url":"https:\/\/www.skalnik.pl\/blog\/wp-content\/uploads\/2018\/07\/ok\u0142adka-1.jpg","width":1920,"height":705,"caption":"John Porter"},"datePublished":"2017-05-16T15:17:25+02:00","dateModified":"2018-12-13T09:16:44+02:00","inLanguage":"pl-PL","mainEntityOfPage":{"@id":"https:\/\/www.skalnik.pl\/blog\/przezyc-dzien-jak-tygrys\/#webpage"},"isPartOf":{"@id":"https:\/\/www.skalnik.pl\/blog\/przezyc-dzien-jak-tygrys\/#webpage"},"articleSection":"Spotkania z g\u00f3rami, himalaizm, spotkania z g\u00f3rami"},{"@type":"BreadcrumbList","@id":"https:\/\/www.skalnik.pl\/blog\/przezyc-dzien-jak-tygrys\/#breadcrumblist","itemListElement":[{"@type":"ListItem","@id":"https:\/\/www.skalnik.pl\/blog#listItem","position":1,"name":"Home","item":"https:\/\/www.skalnik.pl\/blog","nextItem":{"@type":"ListItem","@id":"https:\/\/www.skalnik.pl\/blog\/.\/spotkania-z-gorami\/#listItem","name":"Spotkania z g\u00f3rami"}},{"@type":"ListItem","@id":"https:\/\/www.skalnik.pl\/blog\/.\/spotkania-z-gorami\/#listItem","position":2,"name":"Spotkania z g\u00f3rami","item":"https:\/\/www.skalnik.pl\/blog\/.\/spotkania-z-gorami\/","nextItem":{"@type":"ListItem","@id":"https:\/\/www.skalnik.pl\/blog\/przezyc-dzien-jak-tygrys\/#listItem","name":"Prze\u017cy\u0107 dzie\u0144 jak tygrys"},"previousItem":{"@type":"ListItem","@id":"https:\/\/www.skalnik.pl\/blog#listItem","name":"Home"}},{"@type":"ListItem","@id":"https:\/\/www.skalnik.pl\/blog\/przezyc-dzien-jak-tygrys\/#listItem","position":3,"name":"Prze\u017cy\u0107 dzie\u0144 jak tygrys","previousItem":{"@type":"ListItem","@id":"https:\/\/www.skalnik.pl\/blog\/.\/spotkania-z-gorami\/#listItem","name":"Spotkania z g\u00f3rami"}}]},{"@type":"Organization","@id":"https:\/\/www.skalnik.pl\/blog\/#organization","name":"blog Skalnik","description":"Blog, porady, artyku\u0142y - blog Skalnik","url":"https:\/\/www.skalnik.pl\/blog\/"},{"@type":"Person","@id":"https:\/\/www.skalnik.pl\/blog\/author\/spotkania\/#author","url":"https:\/\/www.skalnik.pl\/blog\/author\/spotkania\/","name":"Spotkania z G\u00f3rami","image":{"@type":"ImageObject","@id":"https:\/\/www.skalnik.pl\/blog\/przezyc-dzien-jak-tygrys\/#authorImage","url":"https:\/\/secure.gravatar.com\/avatar\/e09dd3aeee26ff64ebd6fda736cd0f273a292e33f7d42d8fbdff1ba323502b0b?s=96&d=mm&r=g","width":96,"height":96,"caption":"Spotkania z G\u00f3rami"}},{"@type":"WebPage","@id":"https:\/\/www.skalnik.pl\/blog\/przezyc-dzien-jak-tygrys\/#webpage","url":"https:\/\/www.skalnik.pl\/blog\/przezyc-dzien-jak-tygrys\/","name":"Prze\u017cy\u0107 dzie\u0144 jak tygrys - blog Skalnik","description":"John Porter, alpinista brytyjski, legenda \u015bwiata wspinaczki i himalaizmu. Jeden z prekursor\u00f3w alpejskiego stylu wspinania w g\u00f3rach najwy\u017cszych.","inLanguage":"pl-PL","isPartOf":{"@id":"https:\/\/www.skalnik.pl\/blog\/#website"},"breadcrumb":{"@id":"https:\/\/www.skalnik.pl\/blog\/przezyc-dzien-jak-tygrys\/#breadcrumblist"},"author":{"@id":"https:\/\/www.skalnik.pl\/blog\/author\/spotkania\/#author"},"creator":{"@id":"https:\/\/www.skalnik.pl\/blog\/author\/spotkania\/#author"},"image":{"@type":"ImageObject","url":"https:\/\/www.skalnik.pl\/blog\/wp-content\/uploads\/2018\/07\/ok\u0142adka-1.jpg","@id":"https:\/\/www.skalnik.pl\/blog\/przezyc-dzien-jak-tygrys\/#mainImage","width":1920,"height":705,"caption":"John Porter"},"primaryImageOfPage":{"@id":"https:\/\/www.skalnik.pl\/blog\/przezyc-dzien-jak-tygrys\/#mainImage"},"datePublished":"2017-05-16T15:17:25+02:00","dateModified":"2018-12-13T09:16:44+02:00"},{"@type":"WebSite","@id":"https:\/\/www.skalnik.pl\/blog\/#website","url":"https:\/\/www.skalnik.pl\/blog\/","name":"blog Skalnik","description":"Blog, porady, artyku\u0142y - blog Skalnik","inLanguage":"pl-PL","publisher":{"@id":"https:\/\/www.skalnik.pl\/blog\/#organization"}}]},"og:locale":"pl_PL","og:site_name":"blog Skalnik - Blog, porady, artyku\u0142y - blog Skalnik","og:type":"article","og:title":"Prze\u017cy\u0107 dzie\u0144 jak tygrys - blog Skalnik","og:description":"John Porter, alpinista brytyjski, legenda \u015bwiata wspinaczki i himalaizmu. Jeden z prekursor\u00f3w alpejskiego stylu wspinania w g\u00f3rach najwy\u017cszych.","og:url":"https:\/\/www.skalnik.pl\/blog\/przezyc-dzien-jak-tygrys\/","og:image":"https:\/\/skalnik.pl\/blog\/wp-content\/uploads\/2018\/07\/John-Porter-portret-300x300.jpg","og:image:secure_url":"https:\/\/skalnik.pl\/blog\/wp-content\/uploads\/2018\/07\/John-Porter-portret-300x300.jpg","article:tag":["spotkania z g\u00f3rami","himalaizm"],"article:published_time":"2017-05-16T13:17:25+00:00","article:modified_time":"2018-12-13T08:16:44+00:00","twitter:card":"summary_large_image","twitter:title":"Prze\u017cy\u0107 dzie\u0144 jak tygrys - blog Skalnik","twitter:description":"John Porter, alpinista brytyjski, legenda \u015bwiata wspinaczki i himalaizmu. Jeden z prekursor\u00f3w alpejskiego stylu wspinania w g\u00f3rach najwy\u017cszych.","twitter:image":"https:\/\/skalnik.pl\/blog\/wp-content\/uploads\/2018\/07\/John-Porter-portret-300x300.jpg"},"aioseo_meta_data":{"post_id":"2575","title":null,"description":"John Porter, alpinista brytyjski, legenda \u015bwiata wspinaczki i himalaizmu. Jeden z prekursor\u00f3w alpejskiego stylu wspinania w g\u00f3rach najwy\u017cszych.","keywords":[{"label":"spotkania z g\u00f3rami","value":"spotkania z g\u00f3rami"},{"label":"prelekcje z podr\u00f3\u017cnikami","value":"prelekcje z podr\u00f3\u017cnikami"},{"label":"wydarzenia wroc\u0142aw","value":"wydarzenia wroc\u0142aw"}],"keyphrases":null,"primary_term":null,"canonical_url":null,"og_title":null,"og_description":null,"og_object_type":"default","og_image_type":"default","og_image_url":null,"og_image_width":null,"og_image_height":null,"og_image_custom_url":null,"og_image_custom_fields":null,"og_video":null,"og_custom_url":null,"og_article_section":null,"og_article_tags":null,"twitter_use_og":false,"twitter_card":"default","twitter_image_type":"default","twitter_image_url":null,"twitter_image_custom_url":null,"twitter_image_custom_fields":null,"twitter_title":null,"twitter_description":null,"schema":{"blockGraphs":[],"customGraphs":[],"default":{"data":{"Article":[],"Course":[],"Dataset":[],"FAQPage":[],"Movie":[],"Person":[],"Product":[],"ProductReview":[],"Car":[],"Recipe":[],"Service":[],"SoftwareApplication":[],"WebPage":[]},"graphName":"BlogPosting","isEnabled":true},"graphs":[]},"schema_type":"default","schema_type_options":null,"pillar_content":false,"robots_default":true,"robots_noindex":false,"robots_noarchive":false,"robots_nosnippet":false,"robots_nofollow":false,"robots_noimageindex":false,"robots_noodp":false,"robots_notranslate":false,"robots_max_snippet":null,"robots_max_videopreview":null,"robots_max_imagepreview":"large","priority":null,"frequency":null,"local_seo":null,"breadcrumb_settings":null,"limit_modified_date":false,"ai":null,"created":"2022-08-26 09:47:02","updated":"2026-02-17 21:19:23","seo_analyzer_scan_date":null},"aioseo_breadcrumb":"<div class=\"aioseo-breadcrumbs\"><span class=\"aioseo-breadcrumb\">\n\t\t\t<a href=\"https:\/\/www.skalnik.pl\/blog\" title=\"Home\">Home<\/a>\n\t\t<\/span><span class=\"aioseo-breadcrumb-separator\">&raquo;<\/span><span class=\"aioseo-breadcrumb\">\n\t\t\t<a href=\"https:\/\/www.skalnik.pl\/blog\/.\/spotkania-z-gorami\/\" title=\"Spotkania z g\u00f3rami\">Spotkania z g\u00f3rami<\/a>\n\t\t<\/span><span class=\"aioseo-breadcrumb-separator\">&raquo;<\/span><span class=\"aioseo-breadcrumb\">\n\t\t\tPrze\u017cy\u0107 dzie\u0144 jak tygrys\n\t\t<\/span><\/div>","aioseo_breadcrumb_json":[{"label":"Home","link":"https:\/\/www.skalnik.pl\/blog"},{"label":"Spotkania z g\u00f3rami","link":"https:\/\/www.skalnik.pl\/blog\/.\/spotkania-z-gorami\/"},{"label":"Prze\u017cy\u0107 dzie\u0144 jak tygrys","link":"https:\/\/www.skalnik.pl\/blog\/przezyc-dzien-jak-tygrys\/"}],"_links":{"self":[{"href":"https:\/\/www.skalnik.pl\/blog\/wp-json\/wp\/v2\/posts\/2575","targetHints":{"allow":["GET"]}}],"collection":[{"href":"https:\/\/www.skalnik.pl\/blog\/wp-json\/wp\/v2\/posts"}],"about":[{"href":"https:\/\/www.skalnik.pl\/blog\/wp-json\/wp\/v2\/types\/post"}],"author":[{"embeddable":true,"href":"https:\/\/www.skalnik.pl\/blog\/wp-json\/wp\/v2\/users\/10"}],"replies":[{"embeddable":true,"href":"https:\/\/www.skalnik.pl\/blog\/wp-json\/wp\/v2\/comments?post=2575"}],"version-history":[{"count":7,"href":"https:\/\/www.skalnik.pl\/blog\/wp-json\/wp\/v2\/posts\/2575\/revisions"}],"predecessor-version":[{"id":2597,"href":"https:\/\/www.skalnik.pl\/blog\/wp-json\/wp\/v2\/posts\/2575\/revisions\/2597"}],"wp:featuredmedia":[{"embeddable":true,"href":"https:\/\/www.skalnik.pl\/blog\/wp-json\/wp\/v2\/media\/2580"}],"wp:attachment":[{"href":"https:\/\/www.skalnik.pl\/blog\/wp-json\/wp\/v2\/media?parent=2575"}],"wp:term":[{"taxonomy":"category","embeddable":true,"href":"https:\/\/www.skalnik.pl\/blog\/wp-json\/wp\/v2\/categories?post=2575"},{"taxonomy":"post_tag","embeddable":true,"href":"https:\/\/www.skalnik.pl\/blog\/wp-json\/wp\/v2\/tags?post=2575"},{"taxonomy":"magento_category","embeddable":true,"href":"https:\/\/www.skalnik.pl\/blog\/wp-json\/wp\/v2\/magento_category?post=2575"},{"taxonomy":"magento_product","embeddable":true,"href":"https:\/\/www.skalnik.pl\/blog\/wp-json\/wp\/v2\/magento_product?post=2575"}],"curies":[{"name":"wp","href":"https:\/\/api.w.org\/{rel}","templated":true}]}}