{"id":25818,"date":"2024-03-01T13:32:53","date_gmt":"2024-03-01T11:32:53","guid":{"rendered":"https:\/\/www.skalnik.pl\/blog\/?p=25818"},"modified":"2024-04-29T11:20:38","modified_gmt":"2024-04-29T09:20:38","slug":"marki-odpowiedzialne-deuter","status":"publish","type":"post","link":"https:\/\/www.skalnik.pl\/blog\/marki-odpowiedzialne-deuter\/","title":{"rendered":"Marki odpowiedzialne \u2013 Deuter"},"content":{"rendered":"\n<p><strong>Odpowiedzialno\u015b\u0107 i r\u00f3wnowaga ekologiczna i spo\u0142eczna to w ostatnich latach jeden z najbardziej gor\u0105cych trend\u00f3w w outdoorze i turystyce. Zmiany klimatu zachodz\u0105 na naszych oczach i s\u0105 bardzo szybkie. Dlatego ro\u015bnie rzesza turyst\u00f3w i mi\u0142o\u015bnik\u00f3w outdooru, kt\u00f3rzy przy zakupach zwracaj\u0105 uwag\u0119 tak\u017ce na metody produkcji, wykorzystanie surowc\u00f3w wt\u00f3rnych czy mo\u017cliwo\u015bci naprawy sprz\u0119tu. Coraz wi\u0119cej marek ze \u015bwiata outdooru mo\u017cna nazwa\u0107 \u201ezr\u00f3wnowa\u017conymi\u201d. Przedstawiam Ci dzi\u015b jedn\u0105 z nich \u2013 niemieck\u0105 mark\u0119 Deuter, kt\u00f3r\u0105 na pewno znasz, jako jednego z najwa\u017cniejszych producent\u00f3w plecak\u00f3w turystycznych na \u015bwiecie.<\/strong><\/p>\n\n\n\n<p class=\"has-white-color has-vivid-cyan-blue-background-color has-text-color has-background\">Tym wpisem otwieramy cykl, w kt\u00f3rym b\u0119dziemy informowa\u0107 o dzia\u0142aniach marek na rzecz ekologicznej produkcji i odpowiedzialnego prowadzenia biznesu. Wi\u0119cej takich wpis\u00f3w znajdziesz klikaj\u0105c w tag &#8211;&gt; <strong><a href=\"https:\/\/www.skalnik.pl\/blog\/tag\/eko\/\" target=\"_blank\" rel=\"noopener\" title=\"\">eko<\/a><\/strong>. <\/p>\n\n\n\n<div id=\"ez-toc-container\" class=\"ez-toc-v2_0_85 counter-hierarchy ez-toc-counter ez-toc-light-blue ez-toc-container-direction\">\n<div class=\"ez-toc-title-container\">\n<p class=\"ez-toc-title\" style=\"cursor:inherit\">SPIS TRE\u015aCI <\/p>\n<span class=\"ez-toc-title-toggle\"><a href=\"#\" class=\"ez-toc-pull-right ez-toc-btn ez-toc-btn-xs ez-toc-btn-default ez-toc-toggle\" aria-label=\"Prze\u0142\u0105cznik Spisu Tre\u015bci\"><span class=\"ez-toc-js-icon-con\"><span class=\"\"><span class=\"eztoc-hide\" style=\"display:none;\">Toggle<\/span><span class=\"ez-toc-icon-toggle-span\"><svg style=\"fill: #999;color:#999\" xmlns=\"http:\/\/www.w3.org\/2000\/svg\" class=\"list-377408\" width=\"20px\" height=\"20px\" viewBox=\"0 0 24 24\" fill=\"none\"><path d=\"M6 6H4v2h2V6zm14 0H8v2h12V6zM4 11h2v2H4v-2zm16 0H8v2h12v-2zM4 16h2v2H4v-2zm16 0H8v2h12v-2z\" fill=\"currentColor\"><\/path><\/svg><svg style=\"fill: #999;color:#999\" class=\"arrow-unsorted-368013\" xmlns=\"http:\/\/www.w3.org\/2000\/svg\" width=\"10px\" height=\"10px\" viewBox=\"0 0 24 24\" version=\"1.2\" baseProfile=\"tiny\"><path d=\"M18.2 9.3l-6.2-6.3-6.2 6.3c-.2.2-.3.4-.3.7s.1.5.3.7c.2.2.4.3.7.3h11c.3 0 .5-.1.7-.3.2-.2.3-.5.3-.7s-.1-.5-.3-.7zM5.8 14.7l6.2 6.3 6.2-6.3c.2-.2.3-.5.3-.7s-.1-.5-.3-.7c-.2-.2-.4-.3-.7-.3h-11c-.3 0-.5.1-.7.3-.2.2-.3.5-.3.7s.1.5.3.7z\"\/><\/svg><\/span><\/span><\/span><\/a><\/span><\/div>\n<nav><ul class='ez-toc-list ez-toc-list-level-1 ' ><li class='ez-toc-page-1 ez-toc-heading-level-2'><a class=\"ez-toc-link ez-toc-heading-1\" href=\"https:\/\/www.skalnik.pl\/blog\/marki-odpowiedzialne-deuter\/#Outdoor_a_zrownowazona_gospodarka\" >Outdoor a zr\u00f3wnowa\u017cona gospodarka<\/a><\/li><li class='ez-toc-page-1 ez-toc-heading-level-2'><a class=\"ez-toc-link ez-toc-heading-2\" href=\"https:\/\/www.skalnik.pl\/blog\/marki-odpowiedzialne-deuter\/#Razem_dla_pelnej_odpowiedzialnosci\" >Razem dla pe\u0142nej odpowiedzialno\u015bci<\/a><\/li><li class='ez-toc-page-1 ez-toc-heading-level-2'><a class=\"ez-toc-link ez-toc-heading-3\" href=\"https:\/\/www.skalnik.pl\/blog\/marki-odpowiedzialne-deuter\/#Obietnica_Deuter_dla_planety\" >Obietnica Deuter dla planety<\/a><\/li><li class='ez-toc-page-1 ez-toc-heading-level-2'><a class=\"ez-toc-link ez-toc-heading-4\" href=\"https:\/\/www.skalnik.pl\/blog\/marki-odpowiedzialne-deuter\/#Obietnica_Deuter_dla_ludzi\" >Obietnica Deuter dla ludzi<\/a><\/li><\/ul><\/nav><\/div>\n<h2 class=\"wp-block-heading\"><span class=\"ez-toc-section\" id=\"Outdoor_a_zrownowazona_gospodarka\"><\/span>Outdoor a zr\u00f3wnowa\u017cona gospodarka<span class=\"ez-toc-section-end\"><\/span><\/h2>\n\n\n\n<p>Outdoor i turystyka nie istniej\u0105 bez przyrody i \u015brodowiska naturalnego. Jest to te\u017c bran\u017ca, kt\u00f3r\u0105 bardzo mocno dotykaj\u0105 zmiany klimatyczne. Brak \u015bniegu i ciep\u0142e zimy to zamkni\u0119te o\u015brodki narciarskie, gwa\u0142towane powodzie, a z drugiej strony susze i zwi\u0105zane z nimi po\u017cary pustosz\u0105 miejsca, kt\u00f3re s\u0105 zwykle odwiedzane przez t\u0142umy turyst\u00f3w, w\u0119druj\u0105cy trekkingowymi szlakami Himalaj\u00f3w, Alp czy G\u00f3r Skalistych nie mog\u0105 ju\u017c podziwia\u0107 lodowc\u00f3w, kt\u00f3re jeszcze kilkadziesi\u0105t lat temu wydawa\u0142y si\u0119 \u201enie do ruszenia\u201d. Nie da si\u0119 te\u017c ukry\u0107, \u017ce coraz wi\u0119ksza ekspansja du\u017cych korporacji, a tak\u017ce samego ruchu turystycznego ma ogromny wp\u0142yw na \u017cycie miejscowej ludno\u015bci.<\/p>\n\n\n<div class=\"wp-block-image\">\n<figure class=\"aligncenter size-large\"><img loading=\"lazy\" decoding=\"async\" width=\"1024\" height=\"683\" src=\"https:\/\/www.skalnik.pl\/blog\/wp-content\/uploads\/2024\/03\/Hiking_Futura_SideShot_7_Stefan_Neuhauser-1024x683.jpg\" alt=\"deuter plecaki\" class=\"wp-image-25820\" srcset=\"https:\/\/www.skalnik.pl\/blog\/wp-content\/uploads\/2024\/03\/Hiking_Futura_SideShot_7_Stefan_Neuhauser-1024x683.jpg 1024w, https:\/\/www.skalnik.pl\/blog\/wp-content\/uploads\/2024\/03\/Hiking_Futura_SideShot_7_Stefan_Neuhauser-300x200.jpg 300w, https:\/\/www.skalnik.pl\/blog\/wp-content\/uploads\/2024\/03\/Hiking_Futura_SideShot_7_Stefan_Neuhauser-768x512.jpg 768w, https:\/\/www.skalnik.pl\/blog\/wp-content\/uploads\/2024\/03\/Hiking_Futura_SideShot_7_Stefan_Neuhauser-1536x1024.jpg 1536w, https:\/\/www.skalnik.pl\/blog\/wp-content\/uploads\/2024\/03\/Hiking_Futura_SideShot_7_Stefan_Neuhauser-2048x1365.jpg 2048w\" sizes=\"auto, (max-width: 1024px) 100vw, 1024px\" \/><figcaption class=\"wp-element-caption\"><em>Deuter stawia na zr\u00f3wnowa\u017con\u0105 i odpowiedzialn\u0105 produkcj\u0119 w trosce o nasz\u0105 Planet\u0119 (fot. Deuter)<\/em><\/figcaption><\/figure>\n<\/div>\n\n\n<p>To tylko nieliczne z wielu przes\u0142anek, kt\u00f3re sprawi\u0142y, \u017ce na prze\u0142omie XX i XXI w. coraz wi\u0119cej turyst\u00f3w zacz\u0119\u0142o rozgl\u0105da\u0107 si\u0119 za bardziej zr\u00f3wnowa\u017conymi sposobami podr\u00f3\u017cowania oraz sprz\u0119tem produkowanym w odpowiedzialny spos\u00f3b. By\u0107 mo\u017ce, nawet nie do ko\u0144ca \u015bwiadomie, robisz to samo. Czasem to ca\u0142kiem drobne sprawy, jak wybranie butelki wielorazowej zamiast jednoraz\u00f3wki, u\u017cywanie swojego kubka zamiast jednorazowych, plastikowych, przesiadka na komunikacj\u0119 zbiorow\u0105 albo wyb\u00f3r roweru do wycieczek po najbli\u017cszej okolicy.&nbsp; Pozornie ma\u0142e dzia\u0142ania zebrane razem tworz\u0105 zmian\u0119. Ale jeszcze wi\u0119ksz\u0105 zacz\u0119\u0142y urzeczywistnia\u0107 \u015bwiatowe marki produkuj\u0105ce odzie\u017c i sprz\u0119t turystyczny i outdoorowy. Odpowiedzialna i zr\u00f3wnowa\u017cona produkcja, dzia\u0142ania d\u0105\u017c\u0105ce do r\u00f3wnowagi klimatycznej oraz wspieraj\u0105ce mieszka\u0144c\u00f3w najs\u0142abiej rozwini\u0119tych region\u00f3w, w kt\u00f3rych znajduj\u0105 si\u0119 fabryki wesz\u0142y do standard\u00f3w w\u015br\u00f3d najwi\u0119kszych marek outdoorowych, takich jak Deuter. To obecnie jeden z lider\u00f3w tego typu zmian w zakresie sprz\u0119tu turystycznego. Zobacz jakie dzia\u0142ania podejmuje niemiecki producent plecak\u00f3w, system\u00f3w hydro, \u015bpiwor\u00f3w i innych akcesori\u00f3w turystycznych w zakresie zr\u00f3wnowa\u017conej i odpowiedzialnej produkcji.<\/p>\n\n\n\n<p class=\"has-white-color has-vivid-cyan-blue-background-color has-text-color has-background\">Klikaj\u0105c w link, poznasz ca\u0142\u0105 nasz\u0105 ofert\u0119 marki &#8211;&gt; <strong><a href=\"https:\/\/www.skalnik.pl\/deuter\" target=\"_blank\" rel=\"noopener\" title=\"\">Deuter<\/a><\/strong>.<\/p>\n\n\n\n<h2 class=\"wp-block-heading\"><span class=\"ez-toc-section\" id=\"Razem_dla_pelnej_odpowiedzialnosci\"><\/span>Razem dla pe\u0142nej odpowiedzialno\u015bci<span class=\"ez-toc-section-end\"><\/span><\/h2>\n\n\n\n<p>Czy da si\u0119 prowadzi\u0107 produkcj\u0119, kt\u00f3ra nie wywiera \u017cadnego wp\u0142ywu na \u015brodowisko przyrodnicze i spo\u0142eczne? Osobi\u015bcie podchodz\u0119 nieco sceptycznie do tego typu deklaracji, a niestety na ka\u017cdym kroku mo\u017cna dzi\u015b spotka\u0107 zjawisko \u201egreewashingu\u201d, w kt\u00f3rym firmy prze\u015bcigaj\u0105 si\u0119 w bombardowaniu nas informacjami o tym, jak bardzo ich produkty s\u0105 eko lub zero emisyjne.<\/p>\n\n\n<div class=\"wp-block-image\">\n<figure class=\"aligncenter size-large\"><img loading=\"lazy\" decoding=\"async\" width=\"1024\" height=\"683\" src=\"https:\/\/www.skalnik.pl\/blog\/wp-content\/uploads\/2024\/03\/AG_2445-1024x683.jpg\" alt=\"marka deuter od turystyki po rower\" class=\"wp-image-25821\" srcset=\"https:\/\/www.skalnik.pl\/blog\/wp-content\/uploads\/2024\/03\/AG_2445-1024x683.jpg 1024w, https:\/\/www.skalnik.pl\/blog\/wp-content\/uploads\/2024\/03\/AG_2445-300x200.jpg 300w, https:\/\/www.skalnik.pl\/blog\/wp-content\/uploads\/2024\/03\/AG_2445-768x512.jpg 768w, https:\/\/www.skalnik.pl\/blog\/wp-content\/uploads\/2024\/03\/AG_2445-1536x1025.jpg 1536w, https:\/\/www.skalnik.pl\/blog\/wp-content\/uploads\/2024\/03\/AG_2445.jpg 2000w\" sizes=\"auto, (max-width: 1024px) 100vw, 1024px\" \/><figcaption class=\"wp-element-caption\"><em>Bez przyrody nie ma outdooru i turystyki &#8211; Deuter d\u0105\u017cy do produkcji, kt\u00f3ra nie b\u0119dzie mie\u0107 niekorzystnego wp\u0142ywu na \u015brodowisko (fot. Deuter)<\/em><\/figcaption><\/figure>\n<\/div>\n\n\n<p>Marka Deuter idzie inn\u0105 drog\u0105. Neutralno\u015b\u0107 produkcji oraz jej zr\u00f3wnowa\u017cony charakter to cele, kt\u00f3re powinny zosta\u0107 osi\u0105gni\u0119te. Niemniej droga, kt\u00f3ra do nich prowadzi nie jest w pe\u0142ni oczywista, a ju\u017c na pewno nie jest prosta. Nie da si\u0119 z dnia na dzie\u0144 przestawi\u0107 na zupe\u0142nie inny model dzia\u0142ania, trzeba to robi\u0107 stopniowo i korzysta\u0107 ze zr\u00f3wnowa\u017conych rozwi\u0105za\u0144, kt\u00f3re s\u0105 obecnie dost\u0119pne. O tym w\u0142a\u015bnie m\u00f3wi wizja \u201eTogether for 360\u00b0 Responsibility\u201d, co mo\u017cna przet\u0142umaczy\u0107 jako \u201eRazem dla pe\u0142nej odpowiedzialno\u015bci\u201d. Obietnica Deutera dotyczy zar\u00f3wno d\u0105\u017cenia do produkcji zr\u00f3wnowa\u017conej \u015brodowiskowo jak i spo\u0142ecznie, co przejawia si\u0119 w ha\u015ble \u201eDeuter Promise for Planet and People\u201d. Wizja jest oparta na og\u0142oszonych w 2015 r. przez ONZ \u201e17 Celach Zr\u00f3wnowa\u017conego Rozwoju\u201d.<\/p>\n\n\n\n<p>Przybli\u017c\u0119 Ci najwa\u017cniejsze elementy tej wizji i strategii, jaka od kilku sezon\u00f3w jest sukcesywnie wdra\u017cana w produkcji.<\/p>\n\n\n\t<div class=\"magento-wrapper\">\n\t\t<ul class=\"products\">\n\t\t\t<li class=\"product\">\n\t\n\t\t<div class=\"image\">\n\t\t\t<a href=\"https:\/\/www.skalnik.pl\/plecak-futura-30-sl-spearmint-seagreen-1020195\" target=\"_self\">\n\t\t\t\t\t\t<img\n\t\t\tsrc=\"https:\/\/www.skalnik.pl\/media\/catalog\/product\/p\/l\/plecak-futura-30-sl-spearmint-seagreen-1020195_1_9.jpg\"\n\t\t\talt=\"PLECAK FUTURA 30 SL-SPEARMINT-SEAGREEN\"\n\t\t\t\t\t\t\t\t\/>\n\t\t\t\t\t<\/a>\n\t\t<\/div>\n\n\t\t\n\t\t<a href=\"https:\/\/www.skalnik.pl\/plecak-futura-30-sl-spearmint-seagreen-1020195\" target=\"_self\"><span class=\"name\">PLECAK FUTURA 30 SL-SPEARMINT-SEAGREEN<\/span><\/a>\t\n\t\n\t\t\t\t\t<div class=\"price has-special\">\n\t\t\tCENA\n\t\t\t\t\t\t\t<span class=\"special-price\">583.99 z\u0142<\/span>\n\t\t\t\t<span class=\"special-price base-price\">839.99 z\u0142<\/span>\n\t\t\t\t\t<\/div>\n\t\t\t\n\t<div class=\"url\"><a class=\"view-details\" href=\"https:\/\/www.skalnik.pl\/plecak-futura-30-sl-spearmint-seagreen-1020195\">Zobacz wi\u0119cej <\/a><\/div><\/li>\n<li class=\"product\">\n\t\n\t\t<div class=\"image\">\n\t\t\t<a href=\"https:\/\/www.skalnik.pl\/plecak-aircontact-x-7015-ink-1001927\" target=\"_self\">\n\t\t\t\t\t\t<img\n\t\t\tsrc=\"https:\/\/www.skalnik.pl\/media\/catalog\/product\/p\/l\/plecak-aircontact-x-7015-ink-1001927_1_6.jpg\"\n\t\t\talt=\"PLECAK AIRCONTACT X 70+15-INK\"\n\t\t\t\t\t\t\t\t\/>\n\t\t\t\t\t<\/a>\n\t\t<\/div>\n\n\t\t\n\t\t<a href=\"https:\/\/www.skalnik.pl\/plecak-aircontact-x-7015-ink-1001927\" target=\"_self\"><span class=\"name\">PLECAK AIRCONTACT X 70+15-INK<\/span><\/a>\t\n\t\n\t\t\t\t\t<div class=\"price has-special\">\n\t\t\tCENA\n\t\t\t\t\t\t\t<span class=\"special-price\">1,557.99 z\u0142<\/span>\n\t\t\t\t<span class=\"special-price base-price\">1,899.99 z\u0142<\/span>\n\t\t\t\t\t<\/div>\n\t\t\t\n\t<div class=\"url\"><a class=\"view-details\" href=\"https:\/\/www.skalnik.pl\/plecak-aircontact-x-7015-ink-1001927\">Zobacz wi\u0119cej <\/a><\/div><\/li>\n<li class=\"product\">\n\t\n\t\t<div class=\"image\">\n\t\t\t<a href=\"https:\/\/www.skalnik.pl\/plecak-guide-348-wave-ink-1017591\" target=\"_self\">\n\t\t\t\t\t\t<img\n\t\t\tsrc=\"https:\/\/www.skalnik.pl\/media\/catalog\/product\/p\/l\/plecak-guide-348-wave-ink-1017591_1_10.jpg\"\n\t\t\talt=\"PLECAK GUIDE 34+8-WAVE-INK\"\n\t\t\t\t\t\t\t\t\/>\n\t\t\t\t\t<\/a>\n\t\t<\/div>\n\n\t\t\n\t\t<a href=\"https:\/\/www.skalnik.pl\/plecak-guide-348-wave-ink-1017591\" target=\"_self\"><span class=\"name\">PLECAK GUIDE 34+8-WAVE-INK<\/span><\/a>\t\n\t\n\t\t\t\t\t<div class=\"price has-special\">\n\t\t\tCENA\n\t\t\t\t\t\t\t<span class=\"special-price\">824.99 z\u0142<\/span>\n\t\t\t\t<span class=\"special-price base-price\">969.99 z\u0142<\/span>\n\t\t\t\t\t<\/div>\n\t\t\t\n\t<div class=\"url\"><a class=\"view-details\" href=\"https:\/\/www.skalnik.pl\/plecak-guide-348-wave-ink-1017591\">Zobacz wi\u0119cej <\/a><\/div><\/li>\n\t\t<\/ul>\n\t<\/div>\n\n\n\n\n<h2 class=\"wp-block-heading\"><span class=\"ez-toc-section\" id=\"Obietnica_Deuter_dla_planety\"><\/span>Obietnica Deuter dla planety<span class=\"ez-toc-section-end\"><\/span><\/h2>\n\n\n\n<p>Mamy tylko jedn\u0105 Ziemi\u0119 z jej zasobami \u2013 surowcami naturalnymi, wod\u0105, powietrzem, ale te\u017c r\u00f3\u017cnorodno\u015bci\u0105 krajobrazow\u0105 i biologiczn\u0105. Cho\u0107 mo\u017ce zabrzmi to troch\u0119 defetystycznie, to jeste\u015bmy na niej tylko na moment. Przychodzimy i zastajemy to, co zrobi\u0142y ze \u015bwiatem poprzednie pokolenia, by w przysz\u0142o\u015bci zostawi\u0107 Ziemi\u0119 dla nast\u0119pnych generacji.<\/p>\n\n\n<div class=\"wp-block-image\">\n<figure class=\"aligncenter size-large\"><a href=\"https:\/\/www.deuter.com\" target=\"_blank\" rel=\"noreferrer noopener nofollow\"><img loading=\"lazy\" decoding=\"async\" width=\"1024\" height=\"711\" src=\"https:\/\/www.skalnik.pl\/blog\/wp-content\/uploads\/2024\/03\/Hiking_Futura_SideShot_15_Stefan_Neuhauser-min-1024x711.jpg\" alt=\"plecaki deuter plecaki w g\u00f3ry\" class=\"wp-image-25822\" srcset=\"https:\/\/www.skalnik.pl\/blog\/wp-content\/uploads\/2024\/03\/Hiking_Futura_SideShot_15_Stefan_Neuhauser-min-1024x711.jpg 1024w, https:\/\/www.skalnik.pl\/blog\/wp-content\/uploads\/2024\/03\/Hiking_Futura_SideShot_15_Stefan_Neuhauser-min-300x208.jpg 300w, https:\/\/www.skalnik.pl\/blog\/wp-content\/uploads\/2024\/03\/Hiking_Futura_SideShot_15_Stefan_Neuhauser-min-768x533.jpg 768w, https:\/\/www.skalnik.pl\/blog\/wp-content\/uploads\/2024\/03\/Hiking_Futura_SideShot_15_Stefan_Neuhauser-min-1536x1067.jpg 1536w, https:\/\/www.skalnik.pl\/blog\/wp-content\/uploads\/2024\/03\/Hiking_Futura_SideShot_15_Stefan_Neuhauser-min-2048x1423.jpg 2048w\" sizes=\"auto, (max-width: 1024px) 100vw, 1024px\" \/><\/a><figcaption class=\"wp-element-caption\"><em>W plecakach Deuter znajdziesz materia\u0142y z recyklingu i impregnaty bez szkodliwych zwi\u0105zk\u00f3w PFC (fot. Deuter)<\/em><\/figcaption><\/figure>\n<\/div>\n\n\n<p>Obietnica marki Deuter dla Planety to:<\/p>\n\n\n\n<ul class=\"wp-block-list\">\n<li><strong>ochrona klimatu<\/strong> \u2013 firma sukcesywnie stara si\u0119 zmniejsza\u0107 sw\u00f3j \u015blad w\u0119glowy oraz emisj\u0119 CO2 w d\u0105\u017ceniu do neutralno\u015bci klimatycznej, kt\u00f3r\u0105 planuje osi\u0105gn\u0105\u0107 w 2028 r. Przejawia si\u0119 ona we wprowadzaniu \u201ezielonych\u201d \u017ar\u00f3de\u0142 energii zar\u00f3wno siedzibie firmy, jak i w fabrykach, redukcji zu\u017cycia wody w procesach produkcyjnych, ograniczeniu emisji CO2, wykorzystywaniu alternatywnych surowc\u00f3w pochodz\u0105cych z recyklingu, u\u017cywaniu barwnik\u00f3w o zmniejszonej zawarto\u015bci chemikali\u00f3w. Wi\u0119kszo\u015bci tych dzia\u0142a\u0144 jako konsumenci zwykle nie zauwa\u017camy- mo\u017cemy o nich przeczyta\u0107 na metkach i w opisach produkt\u00f3w. Jednak to, co na pewno da si\u0119 zauwa\u017cy\u0107 to wyd\u0142u\u017canie \u017cywotno\u015bci produkt\u00f3w i stawianie na napraw\u0119 zamiast wymiany.<\/li>\n\n\n\n<li><strong>ochrona \u015brodowiska<\/strong> \u2013 jako ca\u0142a ludzko\u015b\u0107 produkujemy ca\u0142y czas niezliczone ilo\u015bci odpad\u00f3w, kt\u00f3re zanieczyszczaj\u0105 \u015awiat. W swojej strategii Deuter stawia na u\u017cywanie materia\u0142\u00f3w pochodz\u0105cych z recyklingu \u2013 do 2025 po\u0142owa produkt\u00f3w b\u0119dzie zawiera\u0142a materia\u0142y recyklingowane. W plecakach i innym sprz\u0119cie nie stosuje si\u0119 szkodliwych i niezwykle trudnych do neutralizacji zwi\u0105zk\u00f3w PFC (perfluorow\u0119glany), na kt\u00f3rych jeszcze do niedawna opiera\u0142y si\u0119 impregnaty. Dzi\u015b s\u0105 od nich wolne. Stosowane przez Deuter tekstylia spe\u0142niaj\u0105 normy certyfikatu bluesign\u00ae oraz powstaj\u0105 zgodnie z wytycznymi inicjatywy Green Button, kt\u00f3re okre\u015blaj\u0105 za\u0142o\u017cenia zr\u00f3wnowa\u017conej produkcji tkanin. Deuter stawia tak\u017ce na \u201edrugie \u017cycie\u201d swoich plecak\u00f3w i sprz\u0119tu umo\u017cliwiaj\u0105c nie tylko jego napraw\u0119, ale tak\u017ce prowadz\u0105c sklep z od\u015bwie\u017conymi i naprawionymi plecakami, torbami i noside\u0142kami. D\u0142u\u017csze \u017cycie produktu to mniej odpad\u00f3w. Deuter nale\u017cy te\u017c do inicjatyw zwi\u0105zanych z ochron\u0105 krajobraz\u00f3w naturalnych, jak EOCA (European Outdoor Conservation Association) oraz przekazuje 10% swoich zysk\u00f3w ze sprzeda\u017cy kolekcji Deuter Infinity na fundacj\u0119 1% for the Planet.<\/li>\n<\/ul>\n\n\n<div class=\"wp-block-image\">\n<figure class=\"aligncenter size-large\"><img loading=\"lazy\" decoding=\"async\" width=\"1024\" height=\"683\" src=\"https:\/\/www.skalnik.pl\/blog\/wp-content\/uploads\/2024\/03\/SleepingBag_AstroPro800_SideShot_5_Stefan_Schlumpf-min-1024x683.jpg\" alt=\"deuter plecaki i \u015bpiwory deuter\" class=\"wp-image-25823\" srcset=\"https:\/\/www.skalnik.pl\/blog\/wp-content\/uploads\/2024\/03\/SleepingBag_AstroPro800_SideShot_5_Stefan_Schlumpf-min-1024x683.jpg 1024w, https:\/\/www.skalnik.pl\/blog\/wp-content\/uploads\/2024\/03\/SleepingBag_AstroPro800_SideShot_5_Stefan_Schlumpf-min-300x200.jpg 300w, https:\/\/www.skalnik.pl\/blog\/wp-content\/uploads\/2024\/03\/SleepingBag_AstroPro800_SideShot_5_Stefan_Schlumpf-min-768x512.jpg 768w, https:\/\/www.skalnik.pl\/blog\/wp-content\/uploads\/2024\/03\/SleepingBag_AstroPro800_SideShot_5_Stefan_Schlumpf-min-1536x1024.jpg 1536w, https:\/\/www.skalnik.pl\/blog\/wp-content\/uploads\/2024\/03\/SleepingBag_AstroPro800_SideShot_5_Stefan_Schlumpf-min-2048x1365.jpg 2048w\" sizes=\"auto, (max-width: 1024px) 100vw, 1024px\" \/><figcaption class=\"wp-element-caption\"><em>Puch w \u015bpiworach Deuter ma certyfikat RDS (fot. Deuter)<\/em><\/figcaption><\/figure>\n<\/div>\n\n\n<ul class=\"wp-block-list\">\n<li><strong>dobrostan zwierz\u0105t<\/strong> \u2013 przemys\u0142owa hodowla zwierz\u0105t budzi obecnie sporo kontrowersji. I cho\u0107 Deuter nie zamierza rezygnowa\u0107 np. z u\u017cywania puchu g\u0119siego i kaczego w swoich \u015bpiworach, to pozyskuje go w spos\u00f3b, kt\u00f3ry w jak najmniejszym stopniu wp\u0142ywa na dobrostan zwierz\u0105t. Od 2015 r. w \u015bpiworach Deuter stosuje si\u0119 tylko puch z certyfikatem RDS (Responsible Down Standard), kt\u00f3ry \u015bwiadczy o pochodzeniu z hodowli podlegaj\u0105cych kontrolom i stosuj\u0105cych odpowiedzialne metody w jego pozyskiwaniu.<\/li>\n<\/ul>\n\n\n\n<figure class=\"wp-block-image size-full\"><a href=\"https:\/\/www.skalnik.pl\/sprzet-turystyczny\/plecaki\/plecaki-turystyczne\/marka:deuter\" target=\"_blank\" rel=\"noreferrer noopener\"><img loading=\"lazy\" decoding=\"async\" width=\"1024\" height=\"250\" src=\"https:\/\/www.skalnik.pl\/blog\/wp-content\/uploads\/2023\/11\/deuter-plecaki-baner-sklep.jpg\" alt=\"deuter sklep\" class=\"wp-image-24826\" srcset=\"https:\/\/www.skalnik.pl\/blog\/wp-content\/uploads\/2023\/11\/deuter-plecaki-baner-sklep.jpg 1024w, https:\/\/www.skalnik.pl\/blog\/wp-content\/uploads\/2023\/11\/deuter-plecaki-baner-sklep-300x73.jpg 300w, https:\/\/www.skalnik.pl\/blog\/wp-content\/uploads\/2023\/11\/deuter-plecaki-baner-sklep-768x188.jpg 768w\" sizes=\"auto, (max-width: 1024px) 100vw, 1024px\" \/><\/a><\/figure>\n\n\n\n<h2 class=\"wp-block-heading\"><span class=\"ez-toc-section\" id=\"Obietnica_Deuter_dla_ludzi\"><\/span>Obietnica Deuter dla ludzi<span class=\"ez-toc-section-end\"><\/span><\/h2>\n\n\n\n<p>Drugi filar obietnicy Deutera dotyczy ludzi, czyli zar\u00f3wno konsument\u00f3w, jak i pracownik\u00f3w bior\u0105cych udzia\u0142 w procesie produkcji i dystrybucji. Nie da si\u0119 ukry\u0107, \u017ce jeszcze kilkadziesi\u0105t lat temu du\u017ce korporacje traktowa\u0142y kraje s\u0142abo rozwini\u0119te jako nieograniczony rezerwuar taniej si\u0142y roboczej, o kt\u00f3r\u0105 nie trzeba si\u0119 by\u0142o troszczy\u0107. Dzi\u015b na szcz\u0119\u015bcie to podej\u015bcie si\u0119 zmienia, a Deuter jest w czo\u0142\u00f3wce tych zmian.&nbsp;<\/p>\n\n\n\n<p>Obietnica marki w stosunku do Ludzi obejmuje:<\/p>\n\n\n\n<ul class=\"wp-block-list\">\n<li><strong>pracownik\u00f3w<\/strong> \u2013 na ka\u017cdym stanowisku i w ka\u017cdym z etap\u00f3w produkcji. Marka nale\u017cy do inicjatywy Fair Wear Foundation i wdra\u017ca jej programy podnosz\u0105ce jako\u015b\u0107 zatrudnienia. Z kolei zgodnie z zaleceniami Mi\u0119dzynarodowej Organizacji Pracy wyeliminowane zosta\u0142y przypadki wykorzystywania pracownik\u00f3w, pracy dzieci oraz wprowadzono standardy antydyskryminacyjne w miejscach pracy. W fabrykach wsp\u00f3\u0142pracuj\u0105cych z Deuter podnoszone s\u0105 wynagrodzenia podstawowe, tak by do 2025 r. zapewni\u0107 minimum socjalne co najmniej 70% za\u0142ogi. Troska o pracownik\u00f3w to tak\u017ce doposa\u017cenie stanowisk pracy, mo\u017cliwo\u015b\u0107 szkole\u0144 i podnoszenia kwalifikacji oraz dbanie o dobrostan fizyczny i psychiczny pracownik\u00f3w.&nbsp;&nbsp;<\/li>\n<\/ul>\n\n\n<div class=\"wp-block-image\">\n<figure class=\"aligncenter size-large\"><img loading=\"lazy\" decoding=\"async\" width=\"1024\" height=\"683\" src=\"https:\/\/www.skalnik.pl\/blog\/wp-content\/uploads\/2024\/03\/Trekking_AirContactPro_SideShot_1_Stefan-Neuhauser_21-1024x683.jpg\" alt=\"plecaki trekkingowe deuter\" class=\"wp-image-25824\" srcset=\"https:\/\/www.skalnik.pl\/blog\/wp-content\/uploads\/2024\/03\/Trekking_AirContactPro_SideShot_1_Stefan-Neuhauser_21-1024x683.jpg 1024w, https:\/\/www.skalnik.pl\/blog\/wp-content\/uploads\/2024\/03\/Trekking_AirContactPro_SideShot_1_Stefan-Neuhauser_21-300x200.jpg 300w, https:\/\/www.skalnik.pl\/blog\/wp-content\/uploads\/2024\/03\/Trekking_AirContactPro_SideShot_1_Stefan-Neuhauser_21-768x512.jpg 768w, https:\/\/www.skalnik.pl\/blog\/wp-content\/uploads\/2024\/03\/Trekking_AirContactPro_SideShot_1_Stefan-Neuhauser_21-1536x1024.jpg 1536w, https:\/\/www.skalnik.pl\/blog\/wp-content\/uploads\/2024\/03\/Trekking_AirContactPro_SideShot_1_Stefan-Neuhauser_21-2048x1365.jpg 2048w\" sizes=\"auto, (max-width: 1024px) 100vw, 1024px\" \/><figcaption class=\"wp-element-caption\"><em>Nie wymieniaj &#8211; napraw. Deuter umo\u017cliwia napraw\u0119 swojego sprz\u0119tu w serwisie oraz prowadzi sklep z od\u015bwie\u017conymi plecakami &#8222;z drugiej r\u0119ki&#8221; (fot. Deuter)<\/em><\/figcaption><\/figure>\n<\/div>\n\n\n<ul class=\"wp-block-list\">\n<li><strong>klient\u00f3w<\/strong> \u2013 firma nie jest organizacj\u0105 dobroczynn\u0105 i \u017cyje ze swoich klient\u00f3w. Marka Deuter przyj\u0119\u0142a sobie tak\u017ce za&nbsp; cel prowadzenie dzia\u0142a\u0144 edukacyjnych turyst\u00f3w i mi\u0142o\u015bnik\u00f3w outdooru w zakresie zr\u00f3wnowa\u017conej turystyki. Ale to nie jedyne dzia\u0142anie skierowane do klient\u00f3w. To, co szczeg\u00f3lnie odczuwalne to \u201eopieka\u201d nad sprz\u0119tem nawet po okresie gwarancyjnym. Serwis Deuter umo\u017cliwia napraw\u0119 i od\u015bwie\u017cenie plecak\u00f3w i innego sprz\u0119tu, a w przysz\u0142o\u015bci planowane jest te\u017c uruchomienie serwisu pokazuj\u0105cego jak samodzielnie wykona\u0107 drobne naprawy. Deuter dba te\u017c o najm\u0142odszych turyst\u00f3w tworz\u0105c specjalne linie dostosowane do ich wieku, sylwetki i potrzeb.<\/li>\n\n\n\n<li><strong>spo\u0142eczno\u015b\u0107<\/strong> \u2013 fabryki Deuter nie dzia\u0142aj\u0105 w pr\u00f3\u017cni, ale w otoczeniu spo\u0142ecznym, kt\u00f3rego cz\u0119\u015bci\u0105 s\u0105 pracownicy. W siedzibie firmy w Gersthofen w niemieckiej Szwabii marka prowadzi liczne dzia\u0142ania zwi\u0105zane z popularyzacj\u0105 \u015bwiadomej i zr\u00f3wnowa\u017conej turystyki. Z kolei w krajach, gdzie znajduj\u0105 si\u0119 fabryki wspiera inicjatywy zwi\u0105zane z ochron\u0105 zdrowia, szkolnictwem, r\u00f3wno\u015bci\u0105 spo\u0142eczn\u0105.<\/li>\n<\/ul>\n\n\n\n<hr class=\"wp-block-separator has-alpha-channel-opacity is-style-dots\"\/>\n\n\n\n<p>Deuter jest jednym z lider\u00f3w zr\u00f3wnowa\u017conej produkcji w \u015bwiecie outdooru. Co wi\u0119cej dzia\u0142ania marki s\u0105 transparentne i poddane kontroli mi\u0119dzynarodowych organizacji i inicjatyw. Dzia\u0142alno\u015b\u0107 ta zosta\u0142a doceniona i w 2022 Deuter wraz ze swoim wietnamskim partnerem Vina Duke otrzyma\u0142y nagrod\u0119 Sustainability Award for Global Corporate Partnerships podkre\u015blaj\u0105c\u0105 wieloletnie starania w zakresie d\u0105\u017cenia do miana marki odpowiedzialnej ekologicznie i spo\u0142ecznie.<\/p>\n","protected":false},"excerpt":{"rendered":"<p>W outdoorze szukasz marek, kt\u00f3re stosuj\u0105 zr\u00f3wnowa\u017cone metody produkcji? Sprawd\u017a dlaczego Deuter jest mark\u0105 odpowiedzialn\u0105. <\/p>\n","protected":false},"author":41,"featured_media":25819,"comment_status":"closed","ping_status":"closed","sticky":false,"template":"","format":"standard","meta":{"_acf_changed":false,"footnotes":""},"categories":[5],"tags":[250],"magento_category":[1559],"magento_product":[],"class_list":["post-25818","post","type-post","status-publish","format-standard","has-post-thumbnail","hentry","category-branza","tag-deuter"],"acf":[],"aioseo_notices":[],"aioseo_head":"\n\t\t<!-- All in One SEO 4.9.10 - aioseo.com -->\n\t<meta name=\"description\" content=\"Coraz wi\u0119cej outdoorowych marek d\u0105\u017cy do zr\u00f3wnowa\u017conej dzia\u0142alno\u015bci ekologicznej i spo\u0142ecznej. Sprawd\u017a dlaczego mark\u0119 Deuter mo\u017cna nazwa\u0107 mark\u0105 odpowiedzialn\u0105.\" \/>\n\t<meta name=\"robots\" content=\"max-image-preview:large\" \/>\n\t<meta name=\"author\" content=\"Anna \u015aliwa\"\/>\n\t<link rel=\"canonical\" href=\"https:\/\/www.skalnik.pl\/blog\/marki-odpowiedzialne-deuter\/\" \/>\n\t<meta name=\"generator\" content=\"All in One SEO (AIOSEO) 4.9.10\" \/>\n\t\t<meta property=\"og:locale\" content=\"pl_PL\" \/>\n\t\t<meta property=\"og:site_name\" content=\"blog Skalnik - Blog, porady, artyku\u0142y - blog Skalnik\" \/>\n\t\t<meta property=\"og:type\" content=\"article\" \/>\n\t\t<meta property=\"og:title\" content=\"Marki odpowiedzialne \u2013 Deuter - blog Skalnik\" \/>\n\t\t<meta property=\"og:description\" content=\"Coraz wi\u0119cej outdoorowych marek d\u0105\u017cy do zr\u00f3wnowa\u017conej dzia\u0142alno\u015bci ekologicznej i spo\u0142ecznej. Sprawd\u017a dlaczego mark\u0119 Deuter mo\u017cna nazwa\u0107 mark\u0105 odpowiedzialn\u0105.\" \/>\n\t\t<meta property=\"og:url\" content=\"https:\/\/www.skalnik.pl\/blog\/marki-odpowiedzialne-deuter\/\" \/>\n\t\t<meta property=\"og:image\" content=\"https:\/\/www.skalnik.pl\/blog\/wp-content\/uploads\/2024\/03\/Hiking_Futura_SideShot_7_Stefan_Neuhauser-1024x683.jpg\" \/>\n\t\t<meta property=\"og:image:secure_url\" content=\"https:\/\/www.skalnik.pl\/blog\/wp-content\/uploads\/2024\/03\/Hiking_Futura_SideShot_7_Stefan_Neuhauser-1024x683.jpg\" \/>\n\t\t<meta property=\"article:tag\" content=\"bran\u017ca\" \/>\n\t\t<meta property=\"article:tag\" content=\"deuter\" \/>\n\t\t<meta property=\"article:published_time\" content=\"2024-03-01T11:32:53+00:00\" \/>\n\t\t<meta property=\"article:modified_time\" content=\"2024-04-29T09:20:38+00:00\" \/>\n\t\t<meta name=\"twitter:card\" content=\"summary_large_image\" \/>\n\t\t<meta name=\"twitter:title\" content=\"Marki odpowiedzialne \u2013 Deuter - blog Skalnik\" \/>\n\t\t<meta name=\"twitter:description\" content=\"Coraz wi\u0119cej outdoorowych marek d\u0105\u017cy do zr\u00f3wnowa\u017conej dzia\u0142alno\u015bci ekologicznej i spo\u0142ecznej. Sprawd\u017a dlaczego mark\u0119 Deuter mo\u017cna nazwa\u0107 mark\u0105 odpowiedzialn\u0105.\" \/>\n\t\t<meta name=\"twitter:image\" content=\"https:\/\/www.skalnik.pl\/blog\/wp-content\/uploads\/2024\/03\/Hiking_Futura_SideShot_7_Stefan_Neuhauser-1024x683.jpg\" \/>\n\t\t<script type=\"application\/ld+json\" class=\"aioseo-schema\">\n\t\t\t{\"@context\":\"https:\\\/\\\/schema.org\",\"@graph\":[{\"@type\":\"BlogPosting\",\"@id\":\"https:\\\/\\\/www.skalnik.pl\\\/blog\\\/marki-odpowiedzialne-deuter\\\/#blogposting\",\"name\":\"Marki odpowiedzialne \\u2013 Deuter - blog Skalnik\",\"headline\":\"Marki odpowiedzialne \\u2013 Deuter\",\"author\":{\"@id\":\"https:\\\/\\\/www.skalnik.pl\\\/blog\\\/author\\\/anna-sliwa\\\/#author\"},\"publisher\":{\"@id\":\"https:\\\/\\\/www.skalnik.pl\\\/blog\\\/#organization\"},\"image\":{\"@type\":\"ImageObject\",\"url\":\"https:\\\/\\\/www.skalnik.pl\\\/blog\\\/wp-content\\\/uploads\\\/2024\\\/03\\\/Hiking_Futura_Sideshot_5_Richard-Buchner-min-scaled.jpg\",\"width\":2560,\"height\":942},\"datePublished\":\"2024-03-01T13:32:53+02:00\",\"dateModified\":\"2024-04-29T11:20:38+02:00\",\"inLanguage\":\"pl-PL\",\"mainEntityOfPage\":{\"@id\":\"https:\\\/\\\/www.skalnik.pl\\\/blog\\\/marki-odpowiedzialne-deuter\\\/#webpage\"},\"isPartOf\":{\"@id\":\"https:\\\/\\\/www.skalnik.pl\\\/blog\\\/marki-odpowiedzialne-deuter\\\/#webpage\"},\"articleSection\":\"Bran\\u017ca, deuter, 1437\"},{\"@type\":\"BreadcrumbList\",\"@id\":\"https:\\\/\\\/www.skalnik.pl\\\/blog\\\/marki-odpowiedzialne-deuter\\\/#breadcrumblist\",\"itemListElement\":[{\"@type\":\"ListItem\",\"@id\":\"https:\\\/\\\/www.skalnik.pl\\\/blog#listItem\",\"position\":1,\"name\":\"Home\",\"item\":\"https:\\\/\\\/www.skalnik.pl\\\/blog\",\"nextItem\":{\"@type\":\"ListItem\",\"@id\":\"https:\\\/\\\/www.skalnik.pl\\\/blog\\\/.\\\/branza\\\/#listItem\",\"name\":\"Bran\\u017ca\"}},{\"@type\":\"ListItem\",\"@id\":\"https:\\\/\\\/www.skalnik.pl\\\/blog\\\/.\\\/branza\\\/#listItem\",\"position\":2,\"name\":\"Bran\\u017ca\",\"item\":\"https:\\\/\\\/www.skalnik.pl\\\/blog\\\/.\\\/branza\\\/\",\"nextItem\":{\"@type\":\"ListItem\",\"@id\":\"https:\\\/\\\/www.skalnik.pl\\\/blog\\\/marki-odpowiedzialne-deuter\\\/#listItem\",\"name\":\"Marki odpowiedzialne \\u2013 Deuter\"},\"previousItem\":{\"@type\":\"ListItem\",\"@id\":\"https:\\\/\\\/www.skalnik.pl\\\/blog#listItem\",\"name\":\"Home\"}},{\"@type\":\"ListItem\",\"@id\":\"https:\\\/\\\/www.skalnik.pl\\\/blog\\\/marki-odpowiedzialne-deuter\\\/#listItem\",\"position\":3,\"name\":\"Marki odpowiedzialne \\u2013 Deuter\",\"previousItem\":{\"@type\":\"ListItem\",\"@id\":\"https:\\\/\\\/www.skalnik.pl\\\/blog\\\/.\\\/branza\\\/#listItem\",\"name\":\"Bran\\u017ca\"}}]},{\"@type\":\"Organization\",\"@id\":\"https:\\\/\\\/www.skalnik.pl\\\/blog\\\/#organization\",\"name\":\"blog Skalnik\",\"description\":\"Blog, porady, artyku\\u0142y - blog Skalnik\",\"url\":\"https:\\\/\\\/www.skalnik.pl\\\/blog\\\/\"},{\"@type\":\"Person\",\"@id\":\"https:\\\/\\\/www.skalnik.pl\\\/blog\\\/author\\\/anna-sliwa\\\/#author\",\"url\":\"https:\\\/\\\/www.skalnik.pl\\\/blog\\\/author\\\/anna-sliwa\\\/\",\"name\":\"Anna \\u015aliwa\",\"image\":{\"@type\":\"ImageObject\",\"@id\":\"https:\\\/\\\/www.skalnik.pl\\\/blog\\\/marki-odpowiedzialne-deuter\\\/#authorImage\",\"url\":\"https:\\\/\\\/secure.gravatar.com\\\/avatar\\\/e8300be3de710e2e109e5dfbf092dcf827242ec8071807a1e13f6b3f7c9bbd79?s=96&d=mm&r=g\",\"width\":96,\"height\":96,\"caption\":\"Anna \\u015aliwa\"}},{\"@type\":\"WebPage\",\"@id\":\"https:\\\/\\\/www.skalnik.pl\\\/blog\\\/marki-odpowiedzialne-deuter\\\/#webpage\",\"url\":\"https:\\\/\\\/www.skalnik.pl\\\/blog\\\/marki-odpowiedzialne-deuter\\\/\",\"name\":\"Marki odpowiedzialne \\u2013 Deuter - blog Skalnik\",\"description\":\"Coraz wi\\u0119cej outdoorowych marek d\\u0105\\u017cy do zr\\u00f3wnowa\\u017conej dzia\\u0142alno\\u015bci ekologicznej i spo\\u0142ecznej. Sprawd\\u017a dlaczego mark\\u0119 Deuter mo\\u017cna nazwa\\u0107 mark\\u0105 odpowiedzialn\\u0105.\",\"inLanguage\":\"pl-PL\",\"isPartOf\":{\"@id\":\"https:\\\/\\\/www.skalnik.pl\\\/blog\\\/#website\"},\"breadcrumb\":{\"@id\":\"https:\\\/\\\/www.skalnik.pl\\\/blog\\\/marki-odpowiedzialne-deuter\\\/#breadcrumblist\"},\"author\":{\"@id\":\"https:\\\/\\\/www.skalnik.pl\\\/blog\\\/author\\\/anna-sliwa\\\/#author\"},\"creator\":{\"@id\":\"https:\\\/\\\/www.skalnik.pl\\\/blog\\\/author\\\/anna-sliwa\\\/#author\"},\"image\":{\"@type\":\"ImageObject\",\"url\":\"https:\\\/\\\/www.skalnik.pl\\\/blog\\\/wp-content\\\/uploads\\\/2024\\\/03\\\/Hiking_Futura_Sideshot_5_Richard-Buchner-min-scaled.jpg\",\"@id\":\"https:\\\/\\\/www.skalnik.pl\\\/blog\\\/marki-odpowiedzialne-deuter\\\/#mainImage\",\"width\":2560,\"height\":942},\"primaryImageOfPage\":{\"@id\":\"https:\\\/\\\/www.skalnik.pl\\\/blog\\\/marki-odpowiedzialne-deuter\\\/#mainImage\"},\"datePublished\":\"2024-03-01T13:32:53+02:00\",\"dateModified\":\"2024-04-29T11:20:38+02:00\"},{\"@type\":\"WebSite\",\"@id\":\"https:\\\/\\\/www.skalnik.pl\\\/blog\\\/#website\",\"url\":\"https:\\\/\\\/www.skalnik.pl\\\/blog\\\/\",\"name\":\"blog Skalnik\",\"description\":\"Blog, porady, artyku\\u0142y - blog Skalnik\",\"inLanguage\":\"pl-PL\",\"publisher\":{\"@id\":\"https:\\\/\\\/www.skalnik.pl\\\/blog\\\/#organization\"}}]}\n\t\t<\/script>\n\t\t<!-- All in One SEO -->\n\n","aioseo_head_json":{"title":"Marki odpowiedzialne \u2013 Deuter - blog Skalnik","description":"Coraz wi\u0119cej outdoorowych marek d\u0105\u017cy do zr\u00f3wnowa\u017conej dzia\u0142alno\u015bci ekologicznej i spo\u0142ecznej. Sprawd\u017a dlaczego mark\u0119 Deuter mo\u017cna nazwa\u0107 mark\u0105 odpowiedzialn\u0105.","canonical_url":"https:\/\/www.skalnik.pl\/blog\/marki-odpowiedzialne-deuter\/","robots":"max-image-preview:large","keywords":"","webmasterTools":{"miscellaneous":""},"schema":{"@context":"https:\/\/schema.org","@graph":[{"@type":"BlogPosting","@id":"https:\/\/www.skalnik.pl\/blog\/marki-odpowiedzialne-deuter\/#blogposting","name":"Marki odpowiedzialne \u2013 Deuter - blog Skalnik","headline":"Marki odpowiedzialne \u2013 Deuter","author":{"@id":"https:\/\/www.skalnik.pl\/blog\/author\/anna-sliwa\/#author"},"publisher":{"@id":"https:\/\/www.skalnik.pl\/blog\/#organization"},"image":{"@type":"ImageObject","url":"https:\/\/www.skalnik.pl\/blog\/wp-content\/uploads\/2024\/03\/Hiking_Futura_Sideshot_5_Richard-Buchner-min-scaled.jpg","width":2560,"height":942},"datePublished":"2024-03-01T13:32:53+02:00","dateModified":"2024-04-29T11:20:38+02:00","inLanguage":"pl-PL","mainEntityOfPage":{"@id":"https:\/\/www.skalnik.pl\/blog\/marki-odpowiedzialne-deuter\/#webpage"},"isPartOf":{"@id":"https:\/\/www.skalnik.pl\/blog\/marki-odpowiedzialne-deuter\/#webpage"},"articleSection":"Bran\u017ca, deuter, 1437"},{"@type":"BreadcrumbList","@id":"https:\/\/www.skalnik.pl\/blog\/marki-odpowiedzialne-deuter\/#breadcrumblist","itemListElement":[{"@type":"ListItem","@id":"https:\/\/www.skalnik.pl\/blog#listItem","position":1,"name":"Home","item":"https:\/\/www.skalnik.pl\/blog","nextItem":{"@type":"ListItem","@id":"https:\/\/www.skalnik.pl\/blog\/.\/branza\/#listItem","name":"Bran\u017ca"}},{"@type":"ListItem","@id":"https:\/\/www.skalnik.pl\/blog\/.\/branza\/#listItem","position":2,"name":"Bran\u017ca","item":"https:\/\/www.skalnik.pl\/blog\/.\/branza\/","nextItem":{"@type":"ListItem","@id":"https:\/\/www.skalnik.pl\/blog\/marki-odpowiedzialne-deuter\/#listItem","name":"Marki odpowiedzialne \u2013 Deuter"},"previousItem":{"@type":"ListItem","@id":"https:\/\/www.skalnik.pl\/blog#listItem","name":"Home"}},{"@type":"ListItem","@id":"https:\/\/www.skalnik.pl\/blog\/marki-odpowiedzialne-deuter\/#listItem","position":3,"name":"Marki odpowiedzialne \u2013 Deuter","previousItem":{"@type":"ListItem","@id":"https:\/\/www.skalnik.pl\/blog\/.\/branza\/#listItem","name":"Bran\u017ca"}}]},{"@type":"Organization","@id":"https:\/\/www.skalnik.pl\/blog\/#organization","name":"blog Skalnik","description":"Blog, porady, artyku\u0142y - blog Skalnik","url":"https:\/\/www.skalnik.pl\/blog\/"},{"@type":"Person","@id":"https:\/\/www.skalnik.pl\/blog\/author\/anna-sliwa\/#author","url":"https:\/\/www.skalnik.pl\/blog\/author\/anna-sliwa\/","name":"Anna \u015aliwa","image":{"@type":"ImageObject","@id":"https:\/\/www.skalnik.pl\/blog\/marki-odpowiedzialne-deuter\/#authorImage","url":"https:\/\/secure.gravatar.com\/avatar\/e8300be3de710e2e109e5dfbf092dcf827242ec8071807a1e13f6b3f7c9bbd79?s=96&d=mm&r=g","width":96,"height":96,"caption":"Anna \u015aliwa"}},{"@type":"WebPage","@id":"https:\/\/www.skalnik.pl\/blog\/marki-odpowiedzialne-deuter\/#webpage","url":"https:\/\/www.skalnik.pl\/blog\/marki-odpowiedzialne-deuter\/","name":"Marki odpowiedzialne \u2013 Deuter - blog Skalnik","description":"Coraz wi\u0119cej outdoorowych marek d\u0105\u017cy do zr\u00f3wnowa\u017conej dzia\u0142alno\u015bci ekologicznej i spo\u0142ecznej. Sprawd\u017a dlaczego mark\u0119 Deuter mo\u017cna nazwa\u0107 mark\u0105 odpowiedzialn\u0105.","inLanguage":"pl-PL","isPartOf":{"@id":"https:\/\/www.skalnik.pl\/blog\/#website"},"breadcrumb":{"@id":"https:\/\/www.skalnik.pl\/blog\/marki-odpowiedzialne-deuter\/#breadcrumblist"},"author":{"@id":"https:\/\/www.skalnik.pl\/blog\/author\/anna-sliwa\/#author"},"creator":{"@id":"https:\/\/www.skalnik.pl\/blog\/author\/anna-sliwa\/#author"},"image":{"@type":"ImageObject","url":"https:\/\/www.skalnik.pl\/blog\/wp-content\/uploads\/2024\/03\/Hiking_Futura_Sideshot_5_Richard-Buchner-min-scaled.jpg","@id":"https:\/\/www.skalnik.pl\/blog\/marki-odpowiedzialne-deuter\/#mainImage","width":2560,"height":942},"primaryImageOfPage":{"@id":"https:\/\/www.skalnik.pl\/blog\/marki-odpowiedzialne-deuter\/#mainImage"},"datePublished":"2024-03-01T13:32:53+02:00","dateModified":"2024-04-29T11:20:38+02:00"},{"@type":"WebSite","@id":"https:\/\/www.skalnik.pl\/blog\/#website","url":"https:\/\/www.skalnik.pl\/blog\/","name":"blog Skalnik","description":"Blog, porady, artyku\u0142y - blog Skalnik","inLanguage":"pl-PL","publisher":{"@id":"https:\/\/www.skalnik.pl\/blog\/#organization"}}]},"og:locale":"pl_PL","og:site_name":"blog Skalnik - Blog, porady, artyku\u0142y - blog Skalnik","og:type":"article","og:title":"Marki odpowiedzialne \u2013 Deuter - blog Skalnik","og:description":"Coraz wi\u0119cej outdoorowych marek d\u0105\u017cy do zr\u00f3wnowa\u017conej dzia\u0142alno\u015bci ekologicznej i spo\u0142ecznej. Sprawd\u017a dlaczego mark\u0119 Deuter mo\u017cna nazwa\u0107 mark\u0105 odpowiedzialn\u0105.","og:url":"https:\/\/www.skalnik.pl\/blog\/marki-odpowiedzialne-deuter\/","og:image":"https:\/\/www.skalnik.pl\/blog\/wp-content\/uploads\/2024\/03\/Hiking_Futura_SideShot_7_Stefan_Neuhauser-1024x683.jpg","og:image:secure_url":"https:\/\/www.skalnik.pl\/blog\/wp-content\/uploads\/2024\/03\/Hiking_Futura_SideShot_7_Stefan_Neuhauser-1024x683.jpg","article:tag":["bran\u017ca","deuter"],"article:published_time":"2024-03-01T11:32:53+00:00","article:modified_time":"2024-04-29T09:20:38+00:00","twitter:card":"summary_large_image","twitter:title":"Marki odpowiedzialne \u2013 Deuter - blog Skalnik","twitter:description":"Coraz wi\u0119cej outdoorowych marek d\u0105\u017cy do zr\u00f3wnowa\u017conej dzia\u0142alno\u015bci ekologicznej i spo\u0142ecznej. Sprawd\u017a dlaczego mark\u0119 Deuter mo\u017cna nazwa\u0107 mark\u0105 odpowiedzialn\u0105.","twitter:image":"https:\/\/www.skalnik.pl\/blog\/wp-content\/uploads\/2024\/03\/Hiking_Futura_SideShot_7_Stefan_Neuhauser-1024x683.jpg"},"aioseo_meta_data":{"post_id":"25818","title":null,"description":"Coraz wi\u0119cej outdoorowych marek d\u0105\u017cy do zr\u00f3wnowa\u017conej dzia\u0142alno\u015bci ekologicznej i spo\u0142ecznej. Sprawd\u017a dlaczego mark\u0119 Deuter mo\u017cna nazwa\u0107 mark\u0105 odpowiedzialn\u0105.","keywords":[],"keyphrases":{"focus":{"keyphrase":"deuter","score":100,"analysis":{"keyphraseInTitle":{"score":9,"maxScore":9,"error":0},"keyphraseInDescription":{"score":9,"maxScore":9,"error":0},"keyphraseLength":{"score":9,"maxScore":9,"error":0,"length":1},"keyphraseInURL":{"score":5,"maxScore":5,"error":0},"keyphraseInIntroduction":{"score":9,"maxScore":9,"error":0},"keyphraseInSubHeadings":{"score":9,"maxScore":9,"error":0},"keyphraseInImageAlt":{"score":9,"maxScore":9,"error":0}}},"additional":[]},"primary_term":null,"canonical_url":null,"og_title":null,"og_description":null,"og_object_type":"default","og_image_type":"default","og_image_url":null,"og_image_width":null,"og_image_height":null,"og_image_custom_url":null,"og_image_custom_fields":null,"og_video":"","og_custom_url":null,"og_article_section":null,"og_article_tags":[],"twitter_use_og":false,"twitter_card":"default","twitter_image_type":"default","twitter_image_url":null,"twitter_image_custom_url":null,"twitter_image_custom_fields":null,"twitter_title":null,"twitter_description":null,"schema":{"blockGraphs":[],"customGraphs":[],"default":{"data":{"Article":[],"Course":[],"Dataset":[],"FAQPage":[],"Movie":[],"Person":[],"Product":[],"ProductReview":[],"Car":[],"Recipe":[],"Service":[],"SoftwareApplication":[],"WebPage":[]},"graphName":"","isEnabled":true},"graphs":[]},"schema_type":"default","schema_type_options":null,"pillar_content":false,"robots_default":true,"robots_noindex":false,"robots_noarchive":false,"robots_nosnippet":false,"robots_nofollow":false,"robots_noimageindex":false,"robots_noodp":false,"robots_notranslate":false,"robots_max_snippet":"-1","robots_max_videopreview":"-1","robots_max_imagepreview":"large","priority":null,"frequency":"default","local_seo":null,"breadcrumb_settings":null,"limit_modified_date":false,"ai":null,"created":"2024-03-01 06:34:33","updated":"2026-02-17 22:50:54","seo_analyzer_scan_date":null},"aioseo_breadcrumb":"<div class=\"aioseo-breadcrumbs\"><span class=\"aioseo-breadcrumb\">\n\t\t\t<a href=\"https:\/\/www.skalnik.pl\/blog\" title=\"Home\">Home<\/a>\n\t\t<\/span><span class=\"aioseo-breadcrumb-separator\">&raquo;<\/span><span class=\"aioseo-breadcrumb\">\n\t\t\t<a href=\"https:\/\/www.skalnik.pl\/blog\/.\/branza\/\" title=\"Bran\u017ca\">Bran\u017ca<\/a>\n\t\t<\/span><span class=\"aioseo-breadcrumb-separator\">&raquo;<\/span><span class=\"aioseo-breadcrumb\">\n\t\t\tMarki odpowiedzialne \u2013 Deuter\n\t\t<\/span><\/div>","aioseo_breadcrumb_json":[{"label":"Home","link":"https:\/\/www.skalnik.pl\/blog"},{"label":"Bran\u017ca","link":"https:\/\/www.skalnik.pl\/blog\/.\/branza\/"},{"label":"Marki odpowiedzialne \u2013 Deuter","link":"https:\/\/www.skalnik.pl\/blog\/marki-odpowiedzialne-deuter\/"}],"_links":{"self":[{"href":"https:\/\/www.skalnik.pl\/blog\/wp-json\/wp\/v2\/posts\/25818","targetHints":{"allow":["GET"]}}],"collection":[{"href":"https:\/\/www.skalnik.pl\/blog\/wp-json\/wp\/v2\/posts"}],"about":[{"href":"https:\/\/www.skalnik.pl\/blog\/wp-json\/wp\/v2\/types\/post"}],"author":[{"embeddable":true,"href":"https:\/\/www.skalnik.pl\/blog\/wp-json\/wp\/v2\/users\/41"}],"replies":[{"embeddable":true,"href":"https:\/\/www.skalnik.pl\/blog\/wp-json\/wp\/v2\/comments?post=25818"}],"version-history":[{"count":4,"href":"https:\/\/www.skalnik.pl\/blog\/wp-json\/wp\/v2\/posts\/25818\/revisions"}],"predecessor-version":[{"id":26241,"href":"https:\/\/www.skalnik.pl\/blog\/wp-json\/wp\/v2\/posts\/25818\/revisions\/26241"}],"wp:featuredmedia":[{"embeddable":true,"href":"https:\/\/www.skalnik.pl\/blog\/wp-json\/wp\/v2\/media\/25819"}],"wp:attachment":[{"href":"https:\/\/www.skalnik.pl\/blog\/wp-json\/wp\/v2\/media?parent=25818"}],"wp:term":[{"taxonomy":"category","embeddable":true,"href":"https:\/\/www.skalnik.pl\/blog\/wp-json\/wp\/v2\/categories?post=25818"},{"taxonomy":"post_tag","embeddable":true,"href":"https:\/\/www.skalnik.pl\/blog\/wp-json\/wp\/v2\/tags?post=25818"},{"taxonomy":"magento_category","embeddable":true,"href":"https:\/\/www.skalnik.pl\/blog\/wp-json\/wp\/v2\/magento_category?post=25818"},{"taxonomy":"magento_product","embeddable":true,"href":"https:\/\/www.skalnik.pl\/blog\/wp-json\/wp\/v2\/magento_product?post=25818"}],"curies":[{"name":"wp","href":"https:\/\/api.w.org\/{rel}","templated":true}]}}