{"id":25862,"date":"2024-02-20T13:38:27","date_gmt":"2024-02-20T11:38:27","guid":{"rendered":"https:\/\/www.skalnik.pl\/blog\/?p=25862"},"modified":"2024-03-25T10:43:08","modified_gmt":"2024-03-25T08:43:08","slug":"turystyczny-plecak-salewa-mtn-trainer-2-28","status":"publish","type":"post","link":"https:\/\/www.skalnik.pl\/blog\/turystyczny-plecak-salewa-mtn-trainer-2-28\/","title":{"rendered":"Turystyczny plecak Salewa MTN Trainer 2 28"},"content":{"rendered":"\n<p><strong>Plecak to podstawowe wyposa\u017cenie ka\u017cdego g\u00f3rskiego turysty, od kt\u00f3rego wi\u0119kszo\u015b\u0107 z nas rozpoczyna kompletowanie swojego trekkingowego wyposa\u017cenia. W szerokiej ofercie marki Salewa znajdziemy r\u00f3\u017cne modele alpinistyczne, trekkingowe i hikingowe. W moich g\u00f3rskich w\u0119dr\u00f3wkach towarzyszy\u0142 mi model Salewa MTN Trainer 2 o pojemno\u015bci 28 litr\u00f3w. Byli\u015bmy wsp\u00f3lnie w letnich Beskidach i zimowych Karkonoszach. Czy sprawdzi\u0142 si\u0119 jako towarzysz jednodniowych wycieczek?<\/strong><\/p>\n\n\n\n<div id=\"ez-toc-container\" class=\"ez-toc-v2_0_85 counter-hierarchy ez-toc-counter ez-toc-light-blue ez-toc-container-direction\">\n<div class=\"ez-toc-title-container\">\n<p class=\"ez-toc-title\" style=\"cursor:inherit\">SPIS TRE\u015aCI <\/p>\n<span class=\"ez-toc-title-toggle\"><a href=\"#\" class=\"ez-toc-pull-right ez-toc-btn ez-toc-btn-xs ez-toc-btn-default ez-toc-toggle\" aria-label=\"Prze\u0142\u0105cznik Spisu Tre\u015bci\"><span class=\"ez-toc-js-icon-con\"><span class=\"\"><span class=\"eztoc-hide\" style=\"display:none;\">Toggle<\/span><span class=\"ez-toc-icon-toggle-span\"><svg style=\"fill: #999;color:#999\" xmlns=\"http:\/\/www.w3.org\/2000\/svg\" class=\"list-377408\" width=\"20px\" height=\"20px\" viewBox=\"0 0 24 24\" fill=\"none\"><path d=\"M6 6H4v2h2V6zm14 0H8v2h12V6zM4 11h2v2H4v-2zm16 0H8v2h12v-2zM4 16h2v2H4v-2zm16 0H8v2h12v-2z\" fill=\"currentColor\"><\/path><\/svg><svg style=\"fill: #999;color:#999\" class=\"arrow-unsorted-368013\" xmlns=\"http:\/\/www.w3.org\/2000\/svg\" width=\"10px\" height=\"10px\" viewBox=\"0 0 24 24\" version=\"1.2\" baseProfile=\"tiny\"><path d=\"M18.2 9.3l-6.2-6.3-6.2 6.3c-.2.2-.3.4-.3.7s.1.5.3.7c.2.2.4.3.7.3h11c.3 0 .5-.1.7-.3.2-.2.3-.5.3-.7s-.1-.5-.3-.7zM5.8 14.7l6.2 6.3 6.2-6.3c.2-.2.3-.5.3-.7s-.1-.5-.3-.7c-.2-.2-.4-.3-.7-.3h-11c-.3 0-.5.1-.7.3-.2.2-.3.5-.3.7s.1.5.3.7z\"\/><\/svg><\/span><\/span><\/span><\/a><\/span><\/div>\n<nav><ul class='ez-toc-list ez-toc-list-level-1 ' ><li class='ez-toc-page-1 ez-toc-heading-level-2'><a class=\"ez-toc-link ez-toc-heading-1\" href=\"https:\/\/www.skalnik.pl\/blog\/turystyczny-plecak-salewa-mtn-trainer-2-28\/#Plecaki_Salewa_%E2%80%93_plecakowe_technologie\" >Plecaki Salewa &#8211; plecakowe technologie<\/a><\/li><li class='ez-toc-page-1 ez-toc-heading-level-2'><a class=\"ez-toc-link ez-toc-heading-2\" href=\"https:\/\/www.skalnik.pl\/blog\/turystyczny-plecak-salewa-mtn-trainer-2-28\/#Plecak_Salewa_%E2%80%93_funkcjonalnosc_przede_wszystkim\" >Plecak Salewa &#8211; funkcjonalno\u015b\u0107 przede wszystkim<\/a><\/li><li class='ez-toc-page-1 ez-toc-heading-level-2'><a class=\"ez-toc-link ez-toc-heading-3\" href=\"https:\/\/www.skalnik.pl\/blog\/turystyczny-plecak-salewa-mtn-trainer-2-28\/#Kupowac_nie_kupowac\" >Kupowa\u0107, nie kupowa\u0107?<\/a><\/li><\/ul><\/nav><\/div>\n<h2 class=\"wp-block-heading\"><span class=\"ez-toc-section\" id=\"Plecaki_Salewa_%E2%80%93_plecakowe_technologie\"><\/span><a><\/a>Plecaki Salewa &#8211; plecakowe technologie<span class=\"ez-toc-section-end\"><\/span><\/h2>\n\n\n\n<p>To, co wyr\u00f3\u017cnia plecak Salewa MTN Trainer 2 28, to zastosowanie <strong>systemu \u200b\u200bno\u015bnego<\/strong> <strong>Dry Back Contact <\/strong>z<strong> <\/strong>dzielonymi szelkami (Split Shoulder Strap), dzi\u0119ki kt\u00f3remu Twoje plecy pozostan\u0105 suche nawet na wyczerpuj\u0105cych podej\u015bciach. System wykorzystuje mi\u0119kk\u0105 piank\u0119 EVA oraz kana\u0142y wentyluj\u0105ce 3D, co rzeczywi\u015bcie \u201crobi robot\u0119\u201d i noszenie plecaka jest bardzo komfortowe. A przy tym nieziemsko wygl\u0105da w kontrastowym, pomara\u0144czowym kolorze, szczeg\u00f3lnie w modelu Dark Denim.<\/p>\n\n\n<div class=\"wp-block-image\">\n<figure class=\"aligncenter size-full\"><img loading=\"lazy\" decoding=\"async\" width=\"800\" height=\"800\" src=\"https:\/\/www.skalnik.pl\/blog\/wp-content\/uploads\/2024\/03\/ezgif.com-resize.gif\" alt=\"\" class=\"wp-image-25866\"\/><\/figure>\n<\/div>\n\n\n<p>System no\u015bny uzupe\u0142nia <strong>wytrzyma\u0142a wk\u0142adka ISB Board<\/strong>, kt\u00f3rej celem jest dodatkowa stabilizacja plec\u00f3w. Wk\u0142adk\u0119 mo\u017cna \u0142atwo wyci\u0105gn\u0105\u0107, co przyda si\u0119 wielbicielom obni\u017cenia wagi u\u017cywanego sprz\u0119tu o ka\u017cdy dodatkowy gram. Jak w ka\u017cdym nowoczesnym, trekkingowym sprz\u0119cie znajdziesz tutaj r\u00f3wnie\u017c tajemniczo brzmi\u0105ce skr\u00f3ty takie jak <strong>TCS (<\/strong><strong>Twin Compression System)<\/strong>. Dzi\u0119ki temu systemowi mo\u017cliwa jest regulacja obj\u0119to\u015bci plecaka i jego utrzymanie w centralnej, stabilnej pozycji.<\/p>\n\n\n\n<p>Plecak Salewa MTN Trainer 2 28 wykonany jest z materia\u0142u w technologii riptstop, wykorzystuj\u0105cego nylon 210D, co zapewnia mu wytrzyma\u0142o\u015b\u0107 i odporno\u015b\u0107 na uszkodzenia mechaniczne. Materia\u0142 pochodzi z recyclingu i nie zawier szkodliwych zwi\u0105zk\u00f3w fluoropochodnych (<strong>PFC Free<\/strong>). Przy kapry\u015bnej pogodzie mo\u017cna dodatkowo wykorzysta\u0107 <strong>pokrowiec przeciwdeszczowy<\/strong> umieszczony w praktycznej kieszeni na spodzie plecaka.<\/p>\n\n\n<div class=\"wp-block-image\">\n<figure class=\"aligncenter size-large\"><img loading=\"lazy\" decoding=\"async\" width=\"1024\" height=\"829\" src=\"https:\/\/www.skalnik.pl\/blog\/wp-content\/uploads\/2024\/03\/plecak-mtn-trainer2-1024x829.jpg\" alt=\"system no\u015bny plecak salewa\" class=\"wp-image-25869\" srcset=\"https:\/\/www.skalnik.pl\/blog\/wp-content\/uploads\/2024\/03\/plecak-mtn-trainer2-1024x829.jpg 1024w, https:\/\/www.skalnik.pl\/blog\/wp-content\/uploads\/2024\/03\/plecak-mtn-trainer2-300x243.jpg 300w, https:\/\/www.skalnik.pl\/blog\/wp-content\/uploads\/2024\/03\/plecak-mtn-trainer2-768x622.jpg 768w, https:\/\/www.skalnik.pl\/blog\/wp-content\/uploads\/2024\/03\/plecak-mtn-trainer2.jpg 1200w\" sizes=\"auto, (max-width: 1024px) 100vw, 1024px\" \/><figcaption class=\"wp-element-caption\"><em>Lekkie, nowoczesne materia\u0142y i oddychaj\u0105cy panel na plecach oraz a\u017curowe szelki to znaki szczeg\u00f3lne tego plecaka Salewa.<\/em><\/figcaption><\/figure>\n<\/div>\n\n\t<div class=\"magento-wrapper\">\n\t\t<ul class=\"products\">\n\t\t\t<li class=\"product\">\n\t\n\t\t<div class=\"image\">\n\t\t\t<a href=\"https:\/\/www.skalnik.pl\/plecak-mtn-trainer-2-22-women-blue-depth-1032802\" target=\"_self\">\n\t\t\t\t\t\t<img\n\t\t\tsrc=\"https:\/\/www.skalnik.pl\/media\/catalog\/product\/p\/l\/plecak-mtn-trainer-2-22-women-blue-depth-1032802_1_3.jpg\"\n\t\t\talt=\"PLECAK MTN TRAINER 2 22 WOMEN-BLUE DEPTH\"\n\t\t\t\t\t\t\t\t\/>\n\t\t\t\t\t<\/a>\n\t\t<\/div>\n\n\t\t\n\t\t<a href=\"https:\/\/www.skalnik.pl\/plecak-mtn-trainer-2-22-women-blue-depth-1032802\" target=\"_self\"><span class=\"name\">PLECAK MTN TRAINER 2 22 WOMEN-BLUE DEPTH<\/span><\/a>\t\n\t\n\t\t\t\t\t<div class=\"price has-special\">\n\t\t\tCENA\n\t\t\t\t\t\t\t<span class=\"special-price\">513.99 z\u0142<\/span>\n\t\t\t\t<span class=\"special-price base-price\">739.99 z\u0142<\/span>\n\t\t\t\t\t<\/div>\n\t\t\t\n\t<div class=\"url\"><a class=\"view-details\" href=\"https:\/\/www.skalnik.pl\/plecak-mtn-trainer-2-22-women-blue-depth-1032802\">Zobacz wi\u0119cej <\/a><\/div><\/li>\n<li class=\"product\">\n\t\n\t\t<div class=\"image\">\n\t\t\t<a href=\"https:\/\/www.skalnik.pl\/plecak-mtn-trainer-2-28-onyx-1032773\" target=\"_self\">\n\t\t\t\t\t\t<img\n\t\t\tsrc=\"https:\/\/www.skalnik.pl\/media\/catalog\/product\/p\/l\/plecak-mtn-trainer-2-28-onyx-1032773_1_8.jpg\"\n\t\t\talt=\"PLECAK MTN TRAINER 2 28-ONYX\"\n\t\t\t\t\t\t\t\t\/>\n\t\t\t\t\t<\/a>\n\t\t<\/div>\n\n\t\t\n\t\t<a href=\"https:\/\/www.skalnik.pl\/plecak-mtn-trainer-2-28-onyx-1032773\" target=\"_self\"><span class=\"name\">PLECAK MTN TRAINER 2 28-ONYX<\/span><\/a>\t\n\t\n\t\t\t\t\t<div class=\"price has-special\">\n\t\t\tCENA\n\t\t\t\t\t\t\t<span class=\"special-price\">688.99 z\u0142<\/span>\n\t\t\t\t<span class=\"special-price base-price\">829.99 z\u0142<\/span>\n\t\t\t\t\t<\/div>\n\t\t\t\n\t<div class=\"url\"><a class=\"view-details\" href=\"https:\/\/www.skalnik.pl\/plecak-mtn-trainer-2-28-onyx-1032773\">Zobacz wi\u0119cej <\/a><\/div><\/li>\n<li class=\"product\">\n\t\n\t\t<div class=\"image\">\n\t\t\t<a href=\"https:\/\/www.skalnik.pl\/plecak-mtn-trainer-2-28-blue-depth-1032801\" target=\"_self\">\n\t\t\t\t\t\t<img\n\t\t\tsrc=\"https:\/\/www.skalnik.pl\/media\/catalog\/product\/p\/l\/plecak-mtn-trainer-2-28-blue-depth-1032801_1_1.jpg\"\n\t\t\talt=\"PLECAK MTN TRAINER 2 28-BLUE DEPTH\"\n\t\t\t\t\t\t\t\t\/>\n\t\t\t\t\t<\/a>\n\t\t<\/div>\n\n\t\t\n\t\t<a href=\"https:\/\/www.skalnik.pl\/plecak-mtn-trainer-2-28-blue-depth-1032801\" target=\"_self\"><span class=\"name\">PLECAK MTN TRAINER 2 28-BLUE DEPTH<\/span><\/a>\t\n\t\n\t\t\t\t\t<div class=\"price has-special\">\n\t\t\tCENA\n\t\t\t\t\t\t\t<span class=\"special-price\">688.99 z\u0142<\/span>\n\t\t\t\t<span class=\"special-price base-price\">829.99 z\u0142<\/span>\n\t\t\t\t\t<\/div>\n\t\t\t\n\t<div class=\"url\"><a class=\"view-details\" href=\"https:\/\/www.skalnik.pl\/plecak-mtn-trainer-2-28-blue-depth-1032801\">Zobacz wi\u0119cej <\/a><\/div><\/li>\n\t\t<\/ul>\n\t<\/div>\n\n\n\n\n<h2 class=\"wp-block-heading\"><span class=\"ez-toc-section\" id=\"Plecak_Salewa_%E2%80%93_funkcjonalnosc_przede_wszystkim\"><\/span>Plecak Salewa &#8211; funkcjonalno\u015b\u0107 przede wszystkim<span class=\"ez-toc-section-end\"><\/span><\/h2>\n\n\n\n<p>Technologie technologiami, ale wielbiciele ergonomii i poszukiwacze przydatnych funkcji w przypadku plecaka Salewy nie b\u0119d\u0105 rozczarowani. Tym, na co warto zwr\u00f3ci\u0107 uwag\u0119 w tym modelu, jest:<\/p>\n\n\n\n<ul class=\"wp-block-list\">\n<li>\u0142atwa mo\u017cliwo\u015b\u0107 <strong>przytroczenia kij\u00f3w trekkingowych<\/strong> lub czekana &#8211; na dole plecaka znajduj\u0105 si\u0119 p\u0119telki (po jednej stronie z dodatkowym mocowaniem), a na g\u00f3rze mo\u017cemy do tego wykorzysta\u0107 ta\u015bmy systemu kompresyjnego TCS;<br><\/li>\n\n\n\n<li>kompatybilno\u015b\u0107 z <strong>systemem hydratacji<\/strong> &#8211; wewn\u0105trz komory g\u0142\u00f3wnej znajdziemy dedykowan\u0105 kiesze\u0144 na buk\u0142ak, a rurk\u0119 mo\u017cemy przewlec przez otw\u00f3r (niestety tylko po jednej stronie) i umie\u015bci\u0107 pod elastyczn\u0105 ta\u015bm\u0105 na szelce;<br><\/li>\n\n\n\n<li>dodatkowa kiesze\u0144 od przodu oraz <strong>dost\u0119p do komory g\u0142\u00f3wnej plecaka od boku<\/strong> &#8211; opr\u00f3cz klasycznego dost\u0119pu do plecaka od g\u00f3ry zastosowano r\u00f3wnie\u017c zamek daj\u0105cy dost\u0119p do ca\u0142ego plecaka od boku (do\u015b\u0107 z przerzucaniem wszystkich rzeczy, aby odszuka\u0107 batonik schowany na samym dnie!);<br><br><\/li>\n<\/ul>\n\n\n<div class=\"wp-block-image\">\n<figure class=\"aligncenter size-large\"><img loading=\"lazy\" decoding=\"async\" width=\"1024\" height=\"1024\" src=\"https:\/\/www.skalnik.pl\/blog\/wp-content\/uploads\/2024\/03\/detale-plecak-salewa-mtn-trainer-2-1024x1024.jpg\" alt=\"plecak mtn trainer 2 detale\" class=\"wp-image-25871\" srcset=\"https:\/\/www.skalnik.pl\/blog\/wp-content\/uploads\/2024\/03\/detale-plecak-salewa-mtn-trainer-2-1024x1024.jpg 1024w, https:\/\/www.skalnik.pl\/blog\/wp-content\/uploads\/2024\/03\/detale-plecak-salewa-mtn-trainer-2-300x300.jpg 300w, https:\/\/www.skalnik.pl\/blog\/wp-content\/uploads\/2024\/03\/detale-plecak-salewa-mtn-trainer-2-768x768.jpg 768w, https:\/\/www.skalnik.pl\/blog\/wp-content\/uploads\/2024\/03\/detale-plecak-salewa-mtn-trainer-2.jpg 1200w\" sizes=\"auto, (max-width: 1024px) 100vw, 1024px\" \/><figcaption class=\"wp-element-caption\"><em>MTN Trainer 2 28 z bliska: 1) mo\u017cliwo\u015b\u0107 instalacji buk\u0142aka i regulacja pasa piersiowego; 2) ta\u015bmy &#8222;daisy chain&#8221;; 3) alternatywny dost\u0119p do plecaka; 4) boczne kieszenie. <\/em><\/figcaption><\/figure>\n<\/div>\n\n\n<ul class=\"wp-block-list\">\n<li>dwie <strong>kieszenie boczne<\/strong> z dodatkowymi paskami kompresyjnymi &#8211; idealne do umieszczenia termosu lub softflaska z dodatkowym napojem, je\u017celi nie wystarczy nam system hydratacji;<br><\/li>\n\n\n\n<li>pas biodrowy i <strong>pas piersiowy z systemem regulacji<\/strong> &#8211; zapi\u0119cie pasa piersiowego mo\u017cna trzystopniowo regulowa\u0107, cho\u0107 nie jest to najwygodniejsze rozwi\u0105zanie, jakie mo\u017cna by\u0142o zaprojektowa\u0107 (p\u0142ynna regulacja znana chocia\u017cby z plecak\u00f3w Gregory i Deuter jest zdecydowanie lepsza);<br><\/li>\n\n\n\n<li>kiesze\u0144 i <strong>p\u0119tla na pasie biodrowym<\/strong> &#8211; \u201cszpejarka\u201d na pasie biodrowym rzeczywi\u015bcie mo\u017ce by\u0107 wygodna (plecak aspiruje do plecaka na via ferraty) ale ma\u0142a kieszonka zapinana na zamek nadaje si\u0119 co najwy\u017cej na przechowywanie karty p\u0142atniczej z banku albo biletu do parku narodowego;<br><\/li>\n\n\n\n<li><strong>ta\u015bma a\u2019la \u201cdaisy chain\u201d<\/strong> na froncie plecaka &#8211; umo\u017cliwia \u0142atwe przytroczenie dodatkowego sprz\u0119tu i jest wygodn\u0105 form\u0105 zapinania klapy plecaka w zale\u017cno\u015bci do stopnia jego zape\u0142nienia.<\/li>\n<\/ul>\n\n\n<div class=\"wp-block-image\">\n<figure class=\"aligncenter size-large\"><img loading=\"lazy\" decoding=\"async\" width=\"1024\" height=\"584\" src=\"https:\/\/www.skalnik.pl\/blog\/wp-content\/uploads\/2024\/03\/z-plecakiem-salewa-na-szlaku-1024x584.jpg\" alt=\"\" class=\"wp-image-25880\" srcset=\"https:\/\/www.skalnik.pl\/blog\/wp-content\/uploads\/2024\/03\/z-plecakiem-salewa-na-szlaku-1024x584.jpg 1024w, https:\/\/www.skalnik.pl\/blog\/wp-content\/uploads\/2024\/03\/z-plecakiem-salewa-na-szlaku-300x171.jpg 300w, https:\/\/www.skalnik.pl\/blog\/wp-content\/uploads\/2024\/03\/z-plecakiem-salewa-na-szlaku-768x438.jpg 768w, https:\/\/www.skalnik.pl\/blog\/wp-content\/uploads\/2024\/03\/z-plecakiem-salewa-na-szlaku.jpg 1200w\" sizes=\"auto, (max-width: 1024px) 100vw, 1024px\" \/><figcaption class=\"wp-element-caption\"><em>Z plecakiem Salewa na szlaku. <\/em><\/figcaption><\/figure>\n<\/div>\n\n\n<iframe loading=\"lazy\" width=\"800\" height=\"442\" src=\"https:\/\/www.youtube.com\/embed\/161-CQk-zKM?si=WgBcYkEuIjpmNG8Q\" title=\"YouTube video player\" frameborder=\"0\" allow=\"accelerometer; autoplay; clipboard-write; encrypted-media; gyroscope; picture-in-picture; web-share\" allowfullscreen><\/iframe>\n\n\n\n<h2 class=\"wp-block-heading\"><span class=\"ez-toc-section\" id=\"Kupowac_nie_kupowac\"><\/span><a><\/a>Kupowa\u0107, nie kupowa\u0107?<span class=\"ez-toc-section-end\"><\/span><\/h2>\n\n\n\n<p>Plecak Salewa MTN Trainer 2 28, to solidny partner w trekkingowych, czy nawet via ferratowych przygodach. Trudno odm\u00f3wi\u0107 mu wysokiej jako\u015bci wykonania, a system no\u015bny Dry Back Contact zadba o nasze plecy i gwarantuje brak przepoconej koszulki (przynajmniej z ty\u0142u). Warto doceni\u0107 r\u00f3wnie\u017c wygodny spos\u00f3b zapinania klapy plecaka i du\u017ce mo\u017cliwo\u015bci kompresyjne. Dzi\u0119ki temu dwudziestoo\u015bmiolitrowy plecak jest bardzo uniwersalny r\u00f3wnie\u017c w przypadku mniejszej ilo\u015bci baga\u017cu.<\/p>\n\n\n\n<figure class=\"wp-block-image size-full\"><a href=\"https:\/\/www.skalnik.pl\/sprzet-turystyczny\/plecaki\/plecaki-turystyczne\/marka:salewa\" target=\"_blank\" rel=\"noreferrer noopener\"><img loading=\"lazy\" decoding=\"async\" width=\"1024\" height=\"250\" src=\"https:\/\/www.skalnik.pl\/blog\/wp-content\/uploads\/2024\/03\/PLECAKI-SALEWA.jpg\" alt=\"salewa plecaki sklep baner\" class=\"wp-image-25874\" srcset=\"https:\/\/www.skalnik.pl\/blog\/wp-content\/uploads\/2024\/03\/PLECAKI-SALEWA.jpg 1024w, https:\/\/www.skalnik.pl\/blog\/wp-content\/uploads\/2024\/03\/PLECAKI-SALEWA-300x73.jpg 300w, https:\/\/www.skalnik.pl\/blog\/wp-content\/uploads\/2024\/03\/PLECAKI-SALEWA-768x188.jpg 768w\" sizes=\"auto, (max-width: 1024px) 100vw, 1024px\" \/><\/a><\/figure>\n\n\n\n<p>Minusy? W zasadzie wy\u0142\u0105cznie dwa zwi\u0105zane z zastosowanymi rozwi\u0105zaniami funkcjonalnymi. Trzystopniowy system regulacji pasa piersiowego, to dziwny pomys\u0142, je\u017celi konkurencja stosuje p\u0142ynn\u0105 regulacj\u0119. Przepinaj\u0105c pasek na inn\u0105 pozycj\u0119 z pi\u0119\u0107 razy zastanowisz si\u0119 czy obecne ustawienie nie jest aby satysfakcjonuj\u0105ce. Doskona\u0142e rozwi\u0105zanie dla os\u00f3b kt\u00f3re uwa\u017caj\u0105, \u017ce cz\u0119sto zmieniaj\u0105 zdanie i chcieliby \u0107wiczy\u0107 swoj\u0105 pewno\u015b\u0107 siebie w podejmowaniu decyzji jednokrotnie. Regulacja pasa piersiowego w trakcie marszu bez zdejmowania plecaka? Zapomnij, nie ma na to \u017cadnych szans.<\/p>\n\n\n\n<p>Ponadto za kieszonk\u0119 na pasie biodrowym odpowiedzialny by\u0142 prawdopodobnie ten sam projektant, co za regulacj\u0119 pasa piersiowego. Mo\u017cna w niej trzyma\u0107 monety, banknoty, karty kredytowe i bilet do teatru albo parku narodowego. Smartphone si\u0119 nie zmie\u015bci. Chyba, \u017ce pionowo i wystaj\u0105c do po\u0142owy.<\/p>\n\n\n\n<p class=\"has-text-align-right\"><em>Tekst i test: Marcin Cicho\u0144<\/em><\/p>\n","protected":false},"excerpt":{"rendered":"<p>Testujemy plecak Salewa MTN Trainer 2 o pojemno\u015bci 28 l. Zobacz opini\u0119 o tym jak sprawdza si\u0119 w g\u00f3rach. <\/p>\n","protected":false},"author":7,"featured_media":25889,"comment_status":"closed","ping_status":"closed","sticky":false,"template":"","format":"standard","meta":{"_acf_changed":false,"footnotes":""},"categories":[8],"tags":[23,126],"magento_category":[],"magento_product":[5310,5309,5319,5318,5317,5316,5315,5314,5313,5312,5311],"class_list":["post-25862","post","type-post","status-publish","format-standard","has-post-thumbnail","hentry","category-testy","tag-plecaki","tag-salewa"],"acf":[],"aioseo_notices":[],"aioseo_head":"\n\t\t<!-- All in One SEO 4.9.10 - aioseo.com -->\n\t<meta name=\"description\" content=\"MTN Trainer to nie tylko buty Salewa. Poznaj plecak Salewa, kt\u00f3ry sprawdza si\u0119 w g\u00f3rach! Oto test modelu MTN Trainer 2 28. Sprawdzili\u015bmy go zim\u0105 i latem.\" \/>\n\t<meta name=\"robots\" content=\"max-image-preview:large\" \/>\n\t<meta name=\"author\" content=\"Redakcja skalnik.pl\"\/>\n\t<link rel=\"canonical\" href=\"https:\/\/www.skalnik.pl\/blog\/turystyczny-plecak-salewa-mtn-trainer-2-28\/\" \/>\n\t<meta name=\"generator\" content=\"All in One SEO (AIOSEO) 4.9.10\" \/>\n\t\t<meta property=\"og:locale\" content=\"pl_PL\" \/>\n\t\t<meta property=\"og:site_name\" content=\"blog Skalnik - Blog, porady, artyku\u0142y - blog Skalnik\" \/>\n\t\t<meta property=\"og:type\" content=\"article\" \/>\n\t\t<meta property=\"og:title\" content=\"Turystyczny plecak Salewa MTN Trainer 2 28 - blog Skalnik\" \/>\n\t\t<meta property=\"og:description\" content=\"MTN Trainer to nie tylko buty Salewa. Poznaj plecak Salewa, kt\u00f3ry sprawdza si\u0119 w g\u00f3rach! Oto test modelu MTN Trainer 2 28. Sprawdzili\u015bmy go zim\u0105 i latem.\" \/>\n\t\t<meta property=\"og:url\" content=\"https:\/\/www.skalnik.pl\/blog\/turystyczny-plecak-salewa-mtn-trainer-2-28\/\" \/>\n\t\t<meta property=\"og:image\" content=\"https:\/\/www.skalnik.pl\/blog\/wp-content\/uploads\/2024\/03\/ezgif.com-resize.gif\" \/>\n\t\t<meta property=\"og:image:secure_url\" content=\"https:\/\/www.skalnik.pl\/blog\/wp-content\/uploads\/2024\/03\/ezgif.com-resize.gif\" \/>\n\t\t<meta property=\"og:image:width\" content=\"800\" \/>\n\t\t<meta property=\"og:image:height\" content=\"800\" \/>\n\t\t<meta property=\"article:tag\" content=\"testy\" \/>\n\t\t<meta property=\"article:tag\" content=\"plecaki\" \/>\n\t\t<meta property=\"article:tag\" content=\"salewa\" \/>\n\t\t<meta property=\"article:published_time\" content=\"2024-02-20T11:38:27+00:00\" \/>\n\t\t<meta property=\"article:modified_time\" content=\"2024-03-25T08:43:08+00:00\" \/>\n\t\t<meta name=\"twitter:card\" content=\"summary_large_image\" \/>\n\t\t<meta name=\"twitter:title\" content=\"Turystyczny plecak Salewa MTN Trainer 2 28 - blog Skalnik\" \/>\n\t\t<meta name=\"twitter:description\" content=\"MTN Trainer to nie tylko buty Salewa. Poznaj plecak Salewa, kt\u00f3ry sprawdza si\u0119 w g\u00f3rach! Oto test modelu MTN Trainer 2 28. Sprawdzili\u015bmy go zim\u0105 i latem.\" \/>\n\t\t<meta name=\"twitter:image\" content=\"https:\/\/www.skalnik.pl\/blog\/wp-content\/uploads\/2024\/03\/ezgif.com-resize.gif\" \/>\n\t\t<script type=\"application\/ld+json\" class=\"aioseo-schema\">\n\t\t\t{\"@context\":\"https:\\\/\\\/schema.org\",\"@graph\":[{\"@type\":\"BlogPosting\",\"@id\":\"https:\\\/\\\/www.skalnik.pl\\\/blog\\\/turystyczny-plecak-salewa-mtn-trainer-2-28\\\/#blogposting\",\"name\":\"Turystyczny plecak Salewa MTN Trainer 2 28 - blog Skalnik\",\"headline\":\"Turystyczny plecak Salewa MTN Trainer 2 28\",\"author\":{\"@id\":\"https:\\\/\\\/www.skalnik.pl\\\/blog\\\/author\\\/redakcja-skalnik-pl\\\/#author\"},\"publisher\":{\"@id\":\"https:\\\/\\\/www.skalnik.pl\\\/blog\\\/#organization\"},\"image\":{\"@type\":\"ImageObject\",\"url\":\"https:\\\/\\\/www.skalnik.pl\\\/blog\\\/wp-content\\\/uploads\\\/2024\\\/02\\\/plecak-salewa-mtn-trainer-2-28-okladka-test.jpg\",\"width\":1920,\"height\":706,\"caption\":\"Plecak Salewa MTN Trainer 28\"},\"datePublished\":\"2024-02-20T13:38:27+02:00\",\"dateModified\":\"2024-03-25T10:43:08+02:00\",\"inLanguage\":\"pl-PL\",\"mainEntityOfPage\":{\"@id\":\"https:\\\/\\\/www.skalnik.pl\\\/blog\\\/turystyczny-plecak-salewa-mtn-trainer-2-28\\\/#webpage\"},\"isPartOf\":{\"@id\":\"https:\\\/\\\/www.skalnik.pl\\\/blog\\\/turystyczny-plecak-salewa-mtn-trainer-2-28\\\/#webpage\"},\"articleSection\":\"Testy, plecaki, salewa, 1032802, 997485, 997486, 997487, 997488, 997490, 997491, 998120, 999104, 999270, 999272\"},{\"@type\":\"BreadcrumbList\",\"@id\":\"https:\\\/\\\/www.skalnik.pl\\\/blog\\\/turystyczny-plecak-salewa-mtn-trainer-2-28\\\/#breadcrumblist\",\"itemListElement\":[{\"@type\":\"ListItem\",\"@id\":\"https:\\\/\\\/www.skalnik.pl\\\/blog#listItem\",\"position\":1,\"name\":\"Home\",\"item\":\"https:\\\/\\\/www.skalnik.pl\\\/blog\",\"nextItem\":{\"@type\":\"ListItem\",\"@id\":\"https:\\\/\\\/www.skalnik.pl\\\/blog\\\/.\\\/testy\\\/#listItem\",\"name\":\"Testy\"}},{\"@type\":\"ListItem\",\"@id\":\"https:\\\/\\\/www.skalnik.pl\\\/blog\\\/.\\\/testy\\\/#listItem\",\"position\":2,\"name\":\"Testy\",\"item\":\"https:\\\/\\\/www.skalnik.pl\\\/blog\\\/.\\\/testy\\\/\",\"nextItem\":{\"@type\":\"ListItem\",\"@id\":\"https:\\\/\\\/www.skalnik.pl\\\/blog\\\/turystyczny-plecak-salewa-mtn-trainer-2-28\\\/#listItem\",\"name\":\"Turystyczny plecak Salewa MTN Trainer 2 28\"},\"previousItem\":{\"@type\":\"ListItem\",\"@id\":\"https:\\\/\\\/www.skalnik.pl\\\/blog#listItem\",\"name\":\"Home\"}},{\"@type\":\"ListItem\",\"@id\":\"https:\\\/\\\/www.skalnik.pl\\\/blog\\\/turystyczny-plecak-salewa-mtn-trainer-2-28\\\/#listItem\",\"position\":3,\"name\":\"Turystyczny plecak Salewa MTN Trainer 2 28\",\"previousItem\":{\"@type\":\"ListItem\",\"@id\":\"https:\\\/\\\/www.skalnik.pl\\\/blog\\\/.\\\/testy\\\/#listItem\",\"name\":\"Testy\"}}]},{\"@type\":\"Organization\",\"@id\":\"https:\\\/\\\/www.skalnik.pl\\\/blog\\\/#organization\",\"name\":\"blog Skalnik\",\"description\":\"Blog, porady, artyku\\u0142y - blog Skalnik\",\"url\":\"https:\\\/\\\/www.skalnik.pl\\\/blog\\\/\"},{\"@type\":\"Person\",\"@id\":\"https:\\\/\\\/www.skalnik.pl\\\/blog\\\/author\\\/redakcja-skalnik-pl\\\/#author\",\"url\":\"https:\\\/\\\/www.skalnik.pl\\\/blog\\\/author\\\/redakcja-skalnik-pl\\\/\",\"name\":\"Redakcja skalnik.pl\",\"image\":{\"@type\":\"ImageObject\",\"@id\":\"https:\\\/\\\/www.skalnik.pl\\\/blog\\\/turystyczny-plecak-salewa-mtn-trainer-2-28\\\/#authorImage\",\"url\":\"https:\\\/\\\/secure.gravatar.com\\\/avatar\\\/7eab29b048aaf0899cd9a145e9adb814e2130ced31e65b454b902500bea65f9e?s=96&d=mm&r=g\",\"width\":96,\"height\":96,\"caption\":\"Redakcja skalnik.pl\"}},{\"@type\":\"WebPage\",\"@id\":\"https:\\\/\\\/www.skalnik.pl\\\/blog\\\/turystyczny-plecak-salewa-mtn-trainer-2-28\\\/#webpage\",\"url\":\"https:\\\/\\\/www.skalnik.pl\\\/blog\\\/turystyczny-plecak-salewa-mtn-trainer-2-28\\\/\",\"name\":\"Turystyczny plecak Salewa MTN Trainer 2 28 - blog Skalnik\",\"description\":\"MTN Trainer to nie tylko buty Salewa. Poznaj plecak Salewa, kt\\u00f3ry sprawdza si\\u0119 w g\\u00f3rach! Oto test modelu MTN Trainer 2 28. Sprawdzili\\u015bmy go zim\\u0105 i latem.\",\"inLanguage\":\"pl-PL\",\"isPartOf\":{\"@id\":\"https:\\\/\\\/www.skalnik.pl\\\/blog\\\/#website\"},\"breadcrumb\":{\"@id\":\"https:\\\/\\\/www.skalnik.pl\\\/blog\\\/turystyczny-plecak-salewa-mtn-trainer-2-28\\\/#breadcrumblist\"},\"author\":{\"@id\":\"https:\\\/\\\/www.skalnik.pl\\\/blog\\\/author\\\/redakcja-skalnik-pl\\\/#author\"},\"creator\":{\"@id\":\"https:\\\/\\\/www.skalnik.pl\\\/blog\\\/author\\\/redakcja-skalnik-pl\\\/#author\"},\"image\":{\"@type\":\"ImageObject\",\"url\":\"https:\\\/\\\/www.skalnik.pl\\\/blog\\\/wp-content\\\/uploads\\\/2024\\\/02\\\/plecak-salewa-mtn-trainer-2-28-okladka-test.jpg\",\"@id\":\"https:\\\/\\\/www.skalnik.pl\\\/blog\\\/turystyczny-plecak-salewa-mtn-trainer-2-28\\\/#mainImage\",\"width\":1920,\"height\":706,\"caption\":\"Plecak Salewa MTN Trainer 28\"},\"primaryImageOfPage\":{\"@id\":\"https:\\\/\\\/www.skalnik.pl\\\/blog\\\/turystyczny-plecak-salewa-mtn-trainer-2-28\\\/#mainImage\"},\"datePublished\":\"2024-02-20T13:38:27+02:00\",\"dateModified\":\"2024-03-25T10:43:08+02:00\"},{\"@type\":\"WebSite\",\"@id\":\"https:\\\/\\\/www.skalnik.pl\\\/blog\\\/#website\",\"url\":\"https:\\\/\\\/www.skalnik.pl\\\/blog\\\/\",\"name\":\"blog Skalnik\",\"description\":\"Blog, porady, artyku\\u0142y - blog Skalnik\",\"inLanguage\":\"pl-PL\",\"publisher\":{\"@id\":\"https:\\\/\\\/www.skalnik.pl\\\/blog\\\/#organization\"}}]}\n\t\t<\/script>\n\t\t<!-- All in One SEO -->\n\n","aioseo_head_json":{"title":"Turystyczny plecak Salewa MTN Trainer 2 28 - blog Skalnik","description":"MTN Trainer to nie tylko buty Salewa. Poznaj plecak Salewa, kt\u00f3ry sprawdza si\u0119 w g\u00f3rach! Oto test modelu MTN Trainer 2 28. Sprawdzili\u015bmy go zim\u0105 i latem.","canonical_url":"https:\/\/www.skalnik.pl\/blog\/turystyczny-plecak-salewa-mtn-trainer-2-28\/","robots":"max-image-preview:large","keywords":"","webmasterTools":{"miscellaneous":""},"schema":{"@context":"https:\/\/schema.org","@graph":[{"@type":"BlogPosting","@id":"https:\/\/www.skalnik.pl\/blog\/turystyczny-plecak-salewa-mtn-trainer-2-28\/#blogposting","name":"Turystyczny plecak Salewa MTN Trainer 2 28 - blog Skalnik","headline":"Turystyczny plecak Salewa MTN Trainer 2 28","author":{"@id":"https:\/\/www.skalnik.pl\/blog\/author\/redakcja-skalnik-pl\/#author"},"publisher":{"@id":"https:\/\/www.skalnik.pl\/blog\/#organization"},"image":{"@type":"ImageObject","url":"https:\/\/www.skalnik.pl\/blog\/wp-content\/uploads\/2024\/02\/plecak-salewa-mtn-trainer-2-28-okladka-test.jpg","width":1920,"height":706,"caption":"Plecak Salewa MTN Trainer 28"},"datePublished":"2024-02-20T13:38:27+02:00","dateModified":"2024-03-25T10:43:08+02:00","inLanguage":"pl-PL","mainEntityOfPage":{"@id":"https:\/\/www.skalnik.pl\/blog\/turystyczny-plecak-salewa-mtn-trainer-2-28\/#webpage"},"isPartOf":{"@id":"https:\/\/www.skalnik.pl\/blog\/turystyczny-plecak-salewa-mtn-trainer-2-28\/#webpage"},"articleSection":"Testy, plecaki, salewa, 1032802, 997485, 997486, 997487, 997488, 997490, 997491, 998120, 999104, 999270, 999272"},{"@type":"BreadcrumbList","@id":"https:\/\/www.skalnik.pl\/blog\/turystyczny-plecak-salewa-mtn-trainer-2-28\/#breadcrumblist","itemListElement":[{"@type":"ListItem","@id":"https:\/\/www.skalnik.pl\/blog#listItem","position":1,"name":"Home","item":"https:\/\/www.skalnik.pl\/blog","nextItem":{"@type":"ListItem","@id":"https:\/\/www.skalnik.pl\/blog\/.\/testy\/#listItem","name":"Testy"}},{"@type":"ListItem","@id":"https:\/\/www.skalnik.pl\/blog\/.\/testy\/#listItem","position":2,"name":"Testy","item":"https:\/\/www.skalnik.pl\/blog\/.\/testy\/","nextItem":{"@type":"ListItem","@id":"https:\/\/www.skalnik.pl\/blog\/turystyczny-plecak-salewa-mtn-trainer-2-28\/#listItem","name":"Turystyczny plecak Salewa MTN Trainer 2 28"},"previousItem":{"@type":"ListItem","@id":"https:\/\/www.skalnik.pl\/blog#listItem","name":"Home"}},{"@type":"ListItem","@id":"https:\/\/www.skalnik.pl\/blog\/turystyczny-plecak-salewa-mtn-trainer-2-28\/#listItem","position":3,"name":"Turystyczny plecak Salewa MTN Trainer 2 28","previousItem":{"@type":"ListItem","@id":"https:\/\/www.skalnik.pl\/blog\/.\/testy\/#listItem","name":"Testy"}}]},{"@type":"Organization","@id":"https:\/\/www.skalnik.pl\/blog\/#organization","name":"blog Skalnik","description":"Blog, porady, artyku\u0142y - blog Skalnik","url":"https:\/\/www.skalnik.pl\/blog\/"},{"@type":"Person","@id":"https:\/\/www.skalnik.pl\/blog\/author\/redakcja-skalnik-pl\/#author","url":"https:\/\/www.skalnik.pl\/blog\/author\/redakcja-skalnik-pl\/","name":"Redakcja skalnik.pl","image":{"@type":"ImageObject","@id":"https:\/\/www.skalnik.pl\/blog\/turystyczny-plecak-salewa-mtn-trainer-2-28\/#authorImage","url":"https:\/\/secure.gravatar.com\/avatar\/7eab29b048aaf0899cd9a145e9adb814e2130ced31e65b454b902500bea65f9e?s=96&d=mm&r=g","width":96,"height":96,"caption":"Redakcja skalnik.pl"}},{"@type":"WebPage","@id":"https:\/\/www.skalnik.pl\/blog\/turystyczny-plecak-salewa-mtn-trainer-2-28\/#webpage","url":"https:\/\/www.skalnik.pl\/blog\/turystyczny-plecak-salewa-mtn-trainer-2-28\/","name":"Turystyczny plecak Salewa MTN Trainer 2 28 - blog Skalnik","description":"MTN Trainer to nie tylko buty Salewa. Poznaj plecak Salewa, kt\u00f3ry sprawdza si\u0119 w g\u00f3rach! Oto test modelu MTN Trainer 2 28. Sprawdzili\u015bmy go zim\u0105 i latem.","inLanguage":"pl-PL","isPartOf":{"@id":"https:\/\/www.skalnik.pl\/blog\/#website"},"breadcrumb":{"@id":"https:\/\/www.skalnik.pl\/blog\/turystyczny-plecak-salewa-mtn-trainer-2-28\/#breadcrumblist"},"author":{"@id":"https:\/\/www.skalnik.pl\/blog\/author\/redakcja-skalnik-pl\/#author"},"creator":{"@id":"https:\/\/www.skalnik.pl\/blog\/author\/redakcja-skalnik-pl\/#author"},"image":{"@type":"ImageObject","url":"https:\/\/www.skalnik.pl\/blog\/wp-content\/uploads\/2024\/02\/plecak-salewa-mtn-trainer-2-28-okladka-test.jpg","@id":"https:\/\/www.skalnik.pl\/blog\/turystyczny-plecak-salewa-mtn-trainer-2-28\/#mainImage","width":1920,"height":706,"caption":"Plecak Salewa MTN Trainer 28"},"primaryImageOfPage":{"@id":"https:\/\/www.skalnik.pl\/blog\/turystyczny-plecak-salewa-mtn-trainer-2-28\/#mainImage"},"datePublished":"2024-02-20T13:38:27+02:00","dateModified":"2024-03-25T10:43:08+02:00"},{"@type":"WebSite","@id":"https:\/\/www.skalnik.pl\/blog\/#website","url":"https:\/\/www.skalnik.pl\/blog\/","name":"blog Skalnik","description":"Blog, porady, artyku\u0142y - blog Skalnik","inLanguage":"pl-PL","publisher":{"@id":"https:\/\/www.skalnik.pl\/blog\/#organization"}}]},"og:locale":"pl_PL","og:site_name":"blog Skalnik - Blog, porady, artyku\u0142y - blog Skalnik","og:type":"article","og:title":"Turystyczny plecak Salewa MTN Trainer 2 28 - blog Skalnik","og:description":"MTN Trainer to nie tylko buty Salewa. Poznaj plecak Salewa, kt\u00f3ry sprawdza si\u0119 w g\u00f3rach! Oto test modelu MTN Trainer 2 28. Sprawdzili\u015bmy go zim\u0105 i latem.","og:url":"https:\/\/www.skalnik.pl\/blog\/turystyczny-plecak-salewa-mtn-trainer-2-28\/","og:image":"https:\/\/www.skalnik.pl\/blog\/wp-content\/uploads\/2024\/03\/ezgif.com-resize.gif","og:image:secure_url":"https:\/\/www.skalnik.pl\/blog\/wp-content\/uploads\/2024\/03\/ezgif.com-resize.gif","og:image:width":800,"og:image:height":800,"article:tag":["testy","plecaki","salewa"],"article:published_time":"2024-02-20T11:38:27+00:00","article:modified_time":"2024-03-25T08:43:08+00:00","twitter:card":"summary_large_image","twitter:title":"Turystyczny plecak Salewa MTN Trainer 2 28 - blog Skalnik","twitter:description":"MTN Trainer to nie tylko buty Salewa. Poznaj plecak Salewa, kt\u00f3ry sprawdza si\u0119 w g\u00f3rach! Oto test modelu MTN Trainer 2 28. Sprawdzili\u015bmy go zim\u0105 i latem.","twitter:image":"https:\/\/www.skalnik.pl\/blog\/wp-content\/uploads\/2024\/03\/ezgif.com-resize.gif"},"aioseo_meta_data":{"post_id":"25862","title":null,"description":"MTN Trainer to nie tylko buty Salewa. Poznaj plecak Salewa, kt\u00f3ry sprawdza si\u0119 w g\u00f3rach! Oto test modelu MTN Trainer 2 28. Sprawdzili\u015bmy go zim\u0105 i latem.","keywords":[],"keyphrases":{"focus":{"keyphrase":"plecak Salewa","score":90,"analysis":{"keyphraseInTitle":{"score":9,"maxScore":9,"error":0},"keyphraseInDescription":{"score":9,"maxScore":9,"error":0},"keyphraseLength":{"score":9,"maxScore":9,"error":0,"length":2},"keyphraseInURL":{"score":5,"maxScore":5,"error":0},"keyphraseInIntroduction":{"score":3,"maxScore":9,"error":1},"keyphraseInSubHeadings":{"score":9,"maxScore":9,"error":0},"keyphraseInImageAlt":{"score":9,"maxScore":9,"error":0}}},"additional":[]},"primary_term":null,"canonical_url":null,"og_title":null,"og_description":null,"og_object_type":"default","og_image_type":"default","og_image_url":null,"og_image_width":null,"og_image_height":null,"og_image_custom_url":null,"og_image_custom_fields":null,"og_video":"","og_custom_url":null,"og_article_section":null,"og_article_tags":[],"twitter_use_og":false,"twitter_card":"default","twitter_image_type":"default","twitter_image_url":null,"twitter_image_custom_url":null,"twitter_image_custom_fields":null,"twitter_title":null,"twitter_description":null,"schema":{"blockGraphs":[],"customGraphs":[],"default":{"data":{"Article":[],"Course":[],"Dataset":[],"FAQPage":[],"Movie":[],"Person":[],"Product":[],"ProductReview":[],"Car":[],"Recipe":[],"Service":[],"SoftwareApplication":[],"WebPage":[]},"graphName":"","isEnabled":true},"graphs":[]},"schema_type":"default","schema_type_options":null,"pillar_content":false,"robots_default":true,"robots_noindex":false,"robots_noarchive":false,"robots_nosnippet":false,"robots_nofollow":false,"robots_noimageindex":false,"robots_noodp":false,"robots_notranslate":false,"robots_max_snippet":"-1","robots_max_videopreview":"-1","robots_max_imagepreview":"large","priority":null,"frequency":"default","local_seo":null,"breadcrumb_settings":null,"limit_modified_date":false,"ai":null,"created":"2024-03-04 07:38:25","updated":"2026-02-17 22:50:53","seo_analyzer_scan_date":null},"aioseo_breadcrumb":"<div class=\"aioseo-breadcrumbs\"><span class=\"aioseo-breadcrumb\">\n\t\t\t<a href=\"https:\/\/www.skalnik.pl\/blog\" title=\"Home\">Home<\/a>\n\t\t<\/span><span class=\"aioseo-breadcrumb-separator\">&raquo;<\/span><span class=\"aioseo-breadcrumb\">\n\t\t\t<a href=\"https:\/\/www.skalnik.pl\/blog\/.\/testy\/\" title=\"Testy\">Testy<\/a>\n\t\t<\/span><span class=\"aioseo-breadcrumb-separator\">&raquo;<\/span><span class=\"aioseo-breadcrumb\">\n\t\t\tTurystyczny plecak Salewa MTN Trainer 2 28\n\t\t<\/span><\/div>","aioseo_breadcrumb_json":[{"label":"Home","link":"https:\/\/www.skalnik.pl\/blog"},{"label":"Testy","link":"https:\/\/www.skalnik.pl\/blog\/.\/testy\/"},{"label":"Turystyczny plecak Salewa MTN Trainer 2 28","link":"https:\/\/www.skalnik.pl\/blog\/turystyczny-plecak-salewa-mtn-trainer-2-28\/"}],"_links":{"self":[{"href":"https:\/\/www.skalnik.pl\/blog\/wp-json\/wp\/v2\/posts\/25862","targetHints":{"allow":["GET"]}}],"collection":[{"href":"https:\/\/www.skalnik.pl\/blog\/wp-json\/wp\/v2\/posts"}],"about":[{"href":"https:\/\/www.skalnik.pl\/blog\/wp-json\/wp\/v2\/types\/post"}],"author":[{"embeddable":true,"href":"https:\/\/www.skalnik.pl\/blog\/wp-json\/wp\/v2\/users\/7"}],"replies":[{"embeddable":true,"href":"https:\/\/www.skalnik.pl\/blog\/wp-json\/wp\/v2\/comments?post=25862"}],"version-history":[{"count":16,"href":"https:\/\/www.skalnik.pl\/blog\/wp-json\/wp\/v2\/posts\/25862\/revisions"}],"predecessor-version":[{"id":25890,"href":"https:\/\/www.skalnik.pl\/blog\/wp-json\/wp\/v2\/posts\/25862\/revisions\/25890"}],"wp:featuredmedia":[{"embeddable":true,"href":"https:\/\/www.skalnik.pl\/blog\/wp-json\/wp\/v2\/media\/25889"}],"wp:attachment":[{"href":"https:\/\/www.skalnik.pl\/blog\/wp-json\/wp\/v2\/media?parent=25862"}],"wp:term":[{"taxonomy":"category","embeddable":true,"href":"https:\/\/www.skalnik.pl\/blog\/wp-json\/wp\/v2\/categories?post=25862"},{"taxonomy":"post_tag","embeddable":true,"href":"https:\/\/www.skalnik.pl\/blog\/wp-json\/wp\/v2\/tags?post=25862"},{"taxonomy":"magento_category","embeddable":true,"href":"https:\/\/www.skalnik.pl\/blog\/wp-json\/wp\/v2\/magento_category?post=25862"},{"taxonomy":"magento_product","embeddable":true,"href":"https:\/\/www.skalnik.pl\/blog\/wp-json\/wp\/v2\/magento_product?post=25862"}],"curies":[{"name":"wp","href":"https:\/\/api.w.org\/{rel}","templated":true}]}}