{"id":26015,"date":"2024-04-04T16:03:20","date_gmt":"2024-04-04T14:03:20","guid":{"rendered":"https:\/\/www.skalnik.pl\/blog\/?p=26015"},"modified":"2024-04-02T13:22:29","modified_gmt":"2024-04-02T11:22:29","slug":"jaki-plecak-dla-kobiety-plecaki-damskie-deuter-osprey-i-gregory","status":"publish","type":"post","link":"https:\/\/www.skalnik.pl\/blog\/jaki-plecak-dla-kobiety-plecaki-damskie-deuter-osprey-i-gregory\/","title":{"rendered":"Jaki plecak dla kobiety? Plecaki damskie Deuter, Osprey i Gregory"},"content":{"rendered":"\n<p><strong>Niejednokrotnie szukaj\u0105c jakiego\u015b elementu wyposa\u017cenia outdoorowego, z\u0142o\u015bci\u0142am si\u0119, \u017ce nie jest on wypuszczany w wersji damskiej. Problem ten ma tylko na poz\u00f3r charakter kosmetyczny. W wielu przypadkach wersja damska oznacza jedynie inn\u0105 szat\u0119 graficzn\u0105, czy te\u017c inny rozmiar. Kupuj\u0105c plecak turystyczny dla kobiety, szczeg\u00f3lnie warto poszuka\u0107 modelu typowo damskiego.<\/strong><\/p>\n\n\n\n<div id=\"ez-toc-container\" class=\"ez-toc-v2_0_85 counter-hierarchy ez-toc-counter ez-toc-light-blue ez-toc-container-direction\">\n<div class=\"ez-toc-title-container\">\n<p class=\"ez-toc-title\" style=\"cursor:inherit\">SPIS TRE\u015aCI <\/p>\n<span class=\"ez-toc-title-toggle\"><a href=\"#\" class=\"ez-toc-pull-right ez-toc-btn ez-toc-btn-xs ez-toc-btn-default ez-toc-toggle\" aria-label=\"Prze\u0142\u0105cznik Spisu Tre\u015bci\"><span class=\"ez-toc-js-icon-con\"><span class=\"\"><span class=\"eztoc-hide\" style=\"display:none;\">Toggle<\/span><span class=\"ez-toc-icon-toggle-span\"><svg style=\"fill: #999;color:#999\" xmlns=\"http:\/\/www.w3.org\/2000\/svg\" class=\"list-377408\" width=\"20px\" height=\"20px\" viewBox=\"0 0 24 24\" fill=\"none\"><path d=\"M6 6H4v2h2V6zm14 0H8v2h12V6zM4 11h2v2H4v-2zm16 0H8v2h12v-2zM4 16h2v2H4v-2zm16 0H8v2h12v-2z\" fill=\"currentColor\"><\/path><\/svg><svg style=\"fill: #999;color:#999\" class=\"arrow-unsorted-368013\" xmlns=\"http:\/\/www.w3.org\/2000\/svg\" width=\"10px\" height=\"10px\" viewBox=\"0 0 24 24\" version=\"1.2\" baseProfile=\"tiny\"><path d=\"M18.2 9.3l-6.2-6.3-6.2 6.3c-.2.2-.3.4-.3.7s.1.5.3.7c.2.2.4.3.7.3h11c.3 0 .5-.1.7-.3.2-.2.3-.5.3-.7s-.1-.5-.3-.7zM5.8 14.7l6.2 6.3 6.2-6.3c.2-.2.3-.5.3-.7s-.1-.5-.3-.7c-.2-.2-.4-.3-.7-.3h-11c-.3 0-.5.1-.7.3-.2.2-.3.5-.3.7s.1.5.3.7z\"\/><\/svg><\/span><\/span><\/span><\/a><\/span><\/div>\n<nav><ul class='ez-toc-list ez-toc-list-level-1 ' ><li class='ez-toc-page-1 ez-toc-heading-level-2'><a class=\"ez-toc-link ez-toc-heading-1\" href=\"https:\/\/www.skalnik.pl\/blog\/jaki-plecak-dla-kobiety-plecaki-damskie-deuter-osprey-i-gregory\/#Plecak_damski_%E2%80%93_fanaberia_czy_wspanialy_pomysl\" >Plecak damski \u2013 fanaberia czy wspania\u0142y pomys\u0142?<\/a><\/li><li class='ez-toc-page-1 ez-toc-heading-level-2'><a class=\"ez-toc-link ez-toc-heading-2\" href=\"https:\/\/www.skalnik.pl\/blog\/jaki-plecak-dla-kobiety-plecaki-damskie-deuter-osprey-i-gregory\/#Plecaki_damskie_%E2%80%93_rozne_podejscie_producentow\" >Plecaki damskie \u2013 r\u00f3\u017cne podej\u015bcie producent\u00f3w<\/a><\/li><li class='ez-toc-page-1 ez-toc-heading-level-2'><a class=\"ez-toc-link ez-toc-heading-3\" href=\"https:\/\/www.skalnik.pl\/blog\/jaki-plecak-dla-kobiety-plecaki-damskie-deuter-osprey-i-gregory\/#Damski_plecak_Deuter\" >Damski plecak Deuter<\/a><\/li><li class='ez-toc-page-1 ez-toc-heading-level-2'><a class=\"ez-toc-link ez-toc-heading-4\" href=\"https:\/\/www.skalnik.pl\/blog\/jaki-plecak-dla-kobiety-plecaki-damskie-deuter-osprey-i-gregory\/#Damski_plecak_Osprey\" >Damski plecak Osprey<\/a><\/li><li class='ez-toc-page-1 ez-toc-heading-level-2'><a class=\"ez-toc-link ez-toc-heading-5\" href=\"https:\/\/www.skalnik.pl\/blog\/jaki-plecak-dla-kobiety-plecaki-damskie-deuter-osprey-i-gregory\/#Damski_plecak_Gregory\" >Damski plecak Gregory<\/a><\/li><li class='ez-toc-page-1 ez-toc-heading-level-2'><a class=\"ez-toc-link ez-toc-heading-6\" href=\"https:\/\/www.skalnik.pl\/blog\/jaki-plecak-dla-kobiety-plecaki-damskie-deuter-osprey-i-gregory\/#Deuter_Gregory_czy_Osprey_%E2%80%93_ktory_damski_plecak_wybrac\" >Deuter, Gregory czy Osprey \u2013 kt\u00f3ry damski plecak wybra\u0107?<\/a><\/li><\/ul><\/nav><\/div>\n<h2 class=\"wp-block-heading\"><span class=\"ez-toc-section\" id=\"Plecak_damski_%E2%80%93_fanaberia_czy_wspanialy_pomysl\"><\/span>Plecak damski \u2013 fanaberia czy wspania\u0142y pomys\u0142?<span class=\"ez-toc-section-end\"><\/span><\/h2>\n\n\n\n<p>Niestety, biologii nie oszukamy i w wi\u0119kszo\u015bci przypadk\u00f3w nasza budowa cia\u0142a r\u00f3\u017cni si\u0119 od budowy cia\u0142a m\u0119\u017cczyzn. Co wa\u017cne, istotnie r\u00f3\u017cni si\u0119 w\u0142a\u015bnie w tych miejscach, kt\u00f3re odpowiadaj\u0105 za wsp\u00f3\u0142prac\u0119 z systemem no\u015bnym plecaka. O ile w przypadku niewielkich plecaczk\u00f3w, przeznaczonych do przenoszenia batonika, niewielkiej butelki wody i kilku \u201eprzydasi\u201d, nieprawid\u0142owe dopasowanie plecaka nie b\u0119dzie a\u017c tak odczuwalne, to zaniedbuj\u0105c ten aspekt w plecaku do ci\u0119\u017cszych \u0142adunk\u00f3w, bez w\u0105tpienia b\u0119dziemy cierpie\u0107\u2026 Plecak turystyczny dla kobiet powinien odpowiada\u0107 specyfice kobiecej anatomii!<\/p>\n\n\n\n<p>Na szcz\u0119\u015bcie na etapie zakup\u00f3w, problem ten jest ca\u0142kowicie do przeskoczenia \u2013 wiod\u0105cy producenci plecak\u00f3w turystycznych pomy\u015bleli, aby opracowa\u0107 rozwi\u0105zania specjalnie dla nas. Pozwala to nie tylko odpowiednio dopasowa\u0107 system no\u015bny, ale te\u017c trafi\u0107 estetyk\u0105 w kobiece gusta.<\/p>\n\n\n\n<p class=\"has-white-color has-vivid-cyan-blue-background-color has-text-color has-background\">Zobacz nasze wszystkie &#8211;&gt; <strong><a href=\"https:\/\/www.skalnik.pl\/sprzet-turystyczny\/plecaki\/plecaki-turystyczne\" target=\"_blank\" rel=\"noopener\" title=\"\">plecaki turystyczne<\/a><\/strong>. <\/p>\n\n\n\n<h2 class=\"wp-block-heading\"><span class=\"ez-toc-section\" id=\"Plecaki_damskie_%E2%80%93_rozne_podejscie_producentow\"><\/span>Plecaki damskie \u2013 r\u00f3\u017cne podej\u015bcie producent\u00f3w<span class=\"ez-toc-section-end\"><\/span><\/h2>\n\n\n\n<p>W\u015br\u00f3d producent\u00f3w mo\u017cemy spotka\u0107 si\u0119 z dwoma podej\u015bciami do problematyki damskich plecak\u00f3w. Jedni produkuj\u0105 modele specjalnie przeznaczone dla kobiet. Inni z kolei proponuj\u0105 warianty swoich flagowych modeli skrojone pod kobiec\u0105 anatomi\u0119.<\/p>\n\n\n\n<p>R\u00f3wnie\u017c w kwestii wygl\u0105du zewn\u0119trznego panuje pewna r\u00f3\u017cnorodno\u015b\u0107. Na rynku znajdziemy zar\u00f3wno plecaki nieodr\u00f3\u017cniaj\u0105ce si\u0119 na pierwszy rzut oka od \u201em\u0119skich\u201d, jak i takie, kt\u00f3rych niejeden m\u0119\u017cczyzna by nie za\u0142o\u017cy\u0142. Producent\u00f3w, kt\u00f3rzy w og\u00f3le o nas nie pomy\u015bleli i nie maj\u0105 w ofercie damskich plecak\u00f3w, pominiemy tym razem milczeniem\u2026<\/p>\n\n\n<div class=\"wp-block-image\">\n<figure class=\"aligncenter size-full\"><img loading=\"lazy\" decoding=\"async\" width=\"1024\" height=\"683\" src=\"https:\/\/www.skalnik.pl\/blog\/wp-content\/uploads\/2024\/03\/GMP_S19_ZuluJade_Hawaii-0774-plecaki-dmaskie-osprey.jpg\" alt=\"\" class=\"wp-image-26018\" srcset=\"https:\/\/www.skalnik.pl\/blog\/wp-content\/uploads\/2024\/03\/GMP_S19_ZuluJade_Hawaii-0774-plecaki-dmaskie-osprey.jpg 1024w, https:\/\/www.skalnik.pl\/blog\/wp-content\/uploads\/2024\/03\/GMP_S19_ZuluJade_Hawaii-0774-plecaki-dmaskie-osprey-300x200.jpg 300w, https:\/\/www.skalnik.pl\/blog\/wp-content\/uploads\/2024\/03\/GMP_S19_ZuluJade_Hawaii-0774-plecaki-dmaskie-osprey-768x512.jpg 768w\" sizes=\"auto, (max-width: 1024px) 100vw, 1024px\" \/><figcaption class=\"wp-element-caption\"><em>Zapewnij sobie rado\u015b\u0107 z w\u0119dr\u00f3wki. Dopasowany do anatomii plecak to klucz do sukcesu! (fot. Gregory)<\/em><\/figcaption><\/figure>\n<\/div>\n\n\n<h2 class=\"wp-block-heading\"><span class=\"ez-toc-section\" id=\"Damski_plecak_Deuter\"><\/span>Damski plecak Deuter<span class=\"ez-toc-section-end\"><\/span><\/h2>\n\n\n\n<p>Deuter kwesti\u0119 oferty dla Pa\u0144 rozwi\u0105za\u0142 poprzez wprowadzenie damskich wariant\u00f3w r\u00f3\u017cnych modeli swoich plecak\u00f3w, oznaczaj\u0105c je skr\u00f3tem SL. Od wersji m\u0119skich r\u00f3\u017cni\u0105 si\u0119 szczeg\u00f3\u0142ami budowy, nieco inn\u0105 kolorystyk\u0105 oraz akcentem w postaci \u017c\u00f3\u0142tego kwiatka, kt\u00f3ry mo\u017cemy oczywi\u015bcie odpi\u0105\u0107. W cz\u0119\u015bci modeli w stosunku do wariant\u00f3w m\u0119skich, pojawiaj\u0105 si\u0119 r\u00f3wnie\u017c drobne r\u00f3\u017cnice w litra\u017cu. Wszystkie praktyczne rozwi\u0105zania pozostaj\u0105 jednak niezmienione, co pozwala nam korzysta\u0107 w pe\u0142ni z kreatywno\u015bci tw\u00f3rc\u00f3w spod znaku marki Deuter. Plecaki, kt\u00f3re s\u0105 moim zdaniem szczeg\u00f3lnie ciekawe to nast\u0119puj\u0105ce modele.<\/p>\n\n\n\n<p><strong>Deuter Aircontact Core 45+10 SL<\/strong> jest \u015bwietn\u0105 propozycj\u0105 plecaka o \u015bredniej pojemno\u015bci, w kt\u00f3ry spakujemy si\u0119 nawet na wielodniowy trekking, przy odrobinie kreatywno\u015bci zabieraj\u0105c tak\u017ce wszelkie niezb\u0119dne akcesoria biwakowe.<\/p>\n\n\n\n<p>Sporo przydatnych kieszonek, w miejscach takich jak klapa czy pas biodrowy, oraz trzy kieszenie z siatki, komin zwi\u0119kszaj\u0105cy pojemno\u015b\u0107 g\u0142\u00f3wnej komory o 10 litr\u00f3w, a tak\u017ce odpinany pokrowiec przeciwdeszczowy, czyni\u0105 z tego modelu niezwykle praktyczne rozwi\u0105zanie! Je\u015bli dodamy do tego regulowany system no\u015bny (z wygodn\u0105 regulacj\u0105 w systemie VariSlide) oraz ruchomy pas biodrowy VariFlex, okazuje si\u0119, \u017ce dostajemy kombinacj\u0119 najlepszych pomys\u0142\u00f3w Deutera!<\/p>\n\n\n\n<p>Sama korzystam ju\u017c wiele lat ze starszej wersji tego plecaka i nic nie wskazuje na to, \u017ceby mia\u0142a przesiada\u0107 si\u0119 na cokolwiek innego. Ten model to wyb\u00f3r na lata!<\/p>\n\n\n\n<p class=\"has-white-color has-vivid-cyan-blue-background-color has-text-color has-background\">Kliknij i sprawd\u017a &#8211;&gt; <a href=\"https:\/\/www.skalnik.pl\/sprzet-turystyczny\/plecaki\/plecaki-turystyczne\/marka:deuter\/plec:kobieta\" target=\"_blank\" rel=\"noopener\" title=\"\"><strong>plecaki damskie Deuter<\/strong><\/a>. <\/p>\n\n\n<div class=\"wp-block-image\">\n<figure class=\"aligncenter size-full\"><img loading=\"lazy\" decoding=\"async\" width=\"1024\" height=\"683\" src=\"https:\/\/www.skalnik.pl\/blog\/wp-content\/uploads\/2024\/03\/Hiking_Trail_SideShot_5_Stefan-Neuhauser-plecaki-damskie-deuter.jpg\" alt=\"plecak deuter dla kobiet\" class=\"wp-image-26022\" srcset=\"https:\/\/www.skalnik.pl\/blog\/wp-content\/uploads\/2024\/03\/Hiking_Trail_SideShot_5_Stefan-Neuhauser-plecaki-damskie-deuter.jpg 1024w, https:\/\/www.skalnik.pl\/blog\/wp-content\/uploads\/2024\/03\/Hiking_Trail_SideShot_5_Stefan-Neuhauser-plecaki-damskie-deuter-300x200.jpg 300w, https:\/\/www.skalnik.pl\/blog\/wp-content\/uploads\/2024\/03\/Hiking_Trail_SideShot_5_Stefan-Neuhauser-plecaki-damskie-deuter-768x512.jpg 768w\" sizes=\"auto, (max-width: 1024px) 100vw, 1024px\" \/><figcaption class=\"wp-element-caption\"><em>Deuter od dawna tworzy dopasowan\u0105 do kobiecej sylwetki i potrzeb lini\u0119 plecak\u00f3w. (fot. Deuter)<\/em><\/figcaption><\/figure>\n<\/div>\n\n\n<p><strong>Deuter Guide 22 SL<\/strong> to nowa ods\u0142ona znanej i cenionej linii plecak\u00f3w alpejskich. Je\u015bli cenisz sobie szybko\u015b\u0107 i lekko\u015b\u0107 przemieszczania w trudniejszym, wysokog\u00f3rskim terenie i nie chcesz, aby d\u017awigany na plecach tobo\u0142ek ogranicza\u0142 Twoj\u0105 mobilno\u015b\u0107, ten model b\u0119dzie idealny.<\/p>\n\n\n\n<p>Jest to konstrukcja minimalistyczna, maj\u0105ca jednak wszystko, co niezb\u0119dne. Brak zb\u0119dnych pask\u00f3w czy trok\u00f3w powoduje, \u017ce unikamy ryzyka zaczepienia o ska\u0142y, na przyk\u0142ad przy pokonywaniu ciasnego kominka. Odpinany pas biodrowy docenimy u\u017cywaj\u0105c plecaka przy wspinaniu. Poza komor\u0105 g\u0142\u00f3wn\u0105, znajdziemy jeszcze dwie mniejsze kieszonki \u2013 na telefon kom\u00f3rkowy oraz przydatne drobiazgi w rodzaju czo\u0142\u00f3wki, z tasiemk\u0105 do mocowania kluczy. Dwie kieszenie na softflaski doceni\u0105 osoby korzystaj\u0105ce z tego rodzaju nawodnienia, poza tym jednak plecak jest kompatybilny z dwulitrowym buk\u0142akiem. Na zewn\u0105trz bezproblemowo przytroczymy dwa czekany.Zatem Plecak damski Deuter Guide doskonale sprawdzi si\u0119 zatem tak\u017ce zim\u0105.<\/p>\n\n\n\t<div class=\"magento-wrapper\">\n\t\t<ul class=\"products\">\n\t\t\t<li class=\"product\">\n\t\n\t\t<div class=\"image\">\n\t\t\t<a href=\"https:\/\/www.skalnik.pl\/plecak-aircontact-ultra-455-sl-sienna-paprika-999378\" target=\"_self\">\n\t\t\t\t\t\t<img\n\t\t\tsrc=\"https:\/\/www.skalnik.pl\/media\/catalog\/product\/p\/l\/plecak-aircontact-ultra-455-sl-sienna-paprika-999378_1.jpg\"\n\t\t\talt=\"PLECAK AIRCONTACT ULTRA 45+5 SL-SIENNA-PAPRIKA\"\n\t\t\t\t\t\t\t\t\/>\n\t\t\t\t\t<\/a>\n\t\t<\/div>\n\n\t\t\n\t\t<a href=\"https:\/\/www.skalnik.pl\/plecak-aircontact-ultra-455-sl-sienna-paprika-999378\" target=\"_self\"><span class=\"name\">PLECAK AIRCONTACT ULTRA 45+5 SL-SIENNA-PAPRIKA<\/span><\/a>\t\n\t\n\t\t\t\t\t<div class=\"price has-special\">\n\t\t\tCENA\n\t\t\t\t\t\t\t<span class=\"special-price\">650.00 z\u0142<\/span>\n\t\t\t\t<span class=\"special-price base-price\">1,299.99 z\u0142<\/span>\n\t\t\t\t\t<\/div>\n\t\t\t\n\t<div class=\"url\"><a class=\"view-details\" href=\"https:\/\/www.skalnik.pl\/plecak-aircontact-ultra-455-sl-sienna-paprika-999378\">Zobacz wi\u0119cej <\/a><\/div><\/li>\n<li class=\"product\">\n\t\n\t\t<div class=\"image\">\n\t\t\t<a href=\"https:\/\/www.skalnik.pl\/plecak-aircontact-core-4510-sl-paprica-graphite-1001923\" target=\"_self\">\n\t\t\t\t\t\t<img\n\t\t\tsrc=\"https:\/\/www.skalnik.pl\/media\/catalog\/product\/p\/l\/plecak-aircontact-core-4510-sl-paprica-graphite-1001923_1.jpg\"\n\t\t\talt=\"PLECAK AIRCONTACT CORE 45+10 SL-PAPRICA-GRAPHITE\"\n\t\t\t\t\t\t\t\t\/>\n\t\t\t\t\t<\/a>\n\t\t<\/div>\n\n\t\t\n\t\t<a href=\"https:\/\/www.skalnik.pl\/plecak-aircontact-core-4510-sl-paprica-graphite-1001923\" target=\"_self\"><span class=\"name\">PLECAK AIRCONTACT CORE 45+10 SL-PAPRICA-GRAPHITE<\/span><\/a>\t\n\t\n\t\t\t\t\t<div class=\"price has-special\">\n\t\t\tCENA\n\t\t\t\t\t\t\t<span class=\"special-price\">999.99 z\u0142<\/span>\n\t\t\t\t<span class=\"special-price base-price\">1,249.99 z\u0142<\/span>\n\t\t\t\t\t<\/div>\n\t\t\t\n\t<div class=\"url\"><a class=\"view-details\" href=\"https:\/\/www.skalnik.pl\/plecak-aircontact-core-4510-sl-paprica-graphite-1001923\">Zobacz wi\u0119cej <\/a><\/div><\/li>\n<li class=\"product\">\n\t\n\t\t<div class=\"image\">\n\t\t\t<a href=\"https:\/\/www.skalnik.pl\/plecak-aircontact-lite-4510-sl-lagoon-ivy-1013079\" target=\"_self\">\n\t\t\t\t\t\t<img\n\t\t\tsrc=\"https:\/\/www.skalnik.pl\/media\/catalog\/product\/p\/l\/plecak-aircontact-lite-4510-sl-lagoon-ivy-1013079_1_7.jpg\"\n\t\t\talt=\"PLECAK AIRCONTACT LITE 45+10 SL-LAGOON-IVY\"\n\t\t\t\t\t\t\t\t\/>\n\t\t\t\t\t<\/a>\n\t\t<\/div>\n\n\t\t\n\t\t<a href=\"https:\/\/www.skalnik.pl\/plecak-aircontact-lite-4510-sl-lagoon-ivy-1013079\" target=\"_self\"><span class=\"name\">PLECAK AIRCONTACT LITE 45+10 SL-LAGOON-IVY<\/span><\/a>\t\n\t\n\t\t\t\t\t<div class=\"price has-special\">\n\t\t\tCENA\n\t\t\t\t\t\t\t<span class=\"special-price\">913.99 z\u0142<\/span>\n\t\t\t\t<span class=\"special-price base-price\">1,049.99 z\u0142<\/span>\n\t\t\t\t\t<\/div>\n\t\t\t\n\t<div class=\"url\"><a class=\"view-details\" href=\"https:\/\/www.skalnik.pl\/plecak-aircontact-lite-4510-sl-lagoon-ivy-1013079\">Zobacz wi\u0119cej <\/a><\/div><\/li>\n\t\t<\/ul>\n\t<\/div>\n\n\n\n\n<h2 class=\"wp-block-heading\"><span class=\"ez-toc-section\" id=\"Damski_plecak_Osprey\"><\/span>Damski plecak Osprey<span class=\"ez-toc-section-end\"><\/span><\/h2>\n\n\n\n<p>Tak\u017ce marka Osprey przygotowa\u0142a ciekaw\u0105 ofert\u0119 skrojon\u0105 dla kobiet. Damskie plecaki tego producenta maj\u0105 swoje w\u0142asne nazwy, inne ni\u017c modele skierowane do pan\u00f3w. Kolorystyka damskich modeli r\u00f3wnie\u017c wskazuje nieco na ich przeznaczenie, jest jednak do\u015b\u0107 stonowana. Oferta plecak\u00f3w jest na tyle szeroka, \u017ce ka\u017cda z nas znajdzie co\u015b dla siebie, niezale\u017cnie od uprawianej aktywno\u015bci. Jedno rozwi\u0105zanie szczeg\u00f3lnie urzek\u0142o mnie w ogl\u0105danych przeze mnie produktach marki Osprey. Cz\u0119\u015b\u0107 plecak\u00f3w tego producenta ma zewn\u0119trzny dost\u0119p do kieszeni na buk\u0142ak \u2013 kapitalny pomys\u0142!<\/p>\n\n\n\n<p><strong>Osprey Kyte 38 <\/strong>to plecak, kt\u00f3ry mo\u017cna nazwa\u0107 flagowym modelem marki, je\u015bli chodzi o plecaki trekkingowe dla kobiet. Model ten od wielu doceniany jest przez podr\u00f3\u017cniczki, trekerki i turystki. Gama r\u00f3\u017cnorodnego litra\u017cu tych plecak\u00f3w pozwala wybra\u0107 plecak idealny do d\u0142ugo\u015bci wyjazd\u00f3w i wypraw.<\/p>\n\n\n\n<p>Atutem tego modelu jest regulowany i wentylowany system no\u015bny w rozwi\u0105zaniu AirScape. Dzi\u0119ki niemu noszenie baga\u017cu nie jest uci\u0105\u017cliwo\u015bci\u0105 nawet, gdy dni na szlaku ci\u0105gn\u0105 si\u0119 w niesko\u0144czono\u015b\u0107. Zachwyca te\u017c liczba kieszonek i opcji roz\u0142o\u017cenia sprz\u0119tu. Plecak oferuje kilka mo\u017cliwo\u015bci dost\u0119pu do komory g\u0142\u00f3wnej, wi\u0119c nawet to, co wyl\u0105duje na spodzie plecaka, mo\u017ce by\u0107 szybko pod r\u0119k\u0105!<\/p>\n\n\n\n<p class=\"has-white-color has-vivid-cyan-blue-background-color has-text-color has-background\">Przejd\u017a do strefy, gdzie znajdziesz &#8211;&gt; <strong><a href=\"https:\/\/www.skalnik.pl\/sprzet-turystyczny\/plecaki\/plecaki-turystyczne\/plec:kobieta\/marka:osprey\" target=\"_blank\" rel=\"noopener\" title=\"\">plecaki damskie Osprey<\/a><\/strong>.<\/p>\n\n\n<div class=\"wp-block-image\">\n<figure class=\"aligncenter size-full\"><img loading=\"lazy\" decoding=\"async\" width=\"1024\" height=\"683\" src=\"https:\/\/www.skalnik.pl\/blog\/wp-content\/uploads\/2024\/03\/S23_Kyte_TS-11-plecak-damski-osprey.jpg\" alt=\"damski plecak osprey\" class=\"wp-image-26026\" srcset=\"https:\/\/www.skalnik.pl\/blog\/wp-content\/uploads\/2024\/03\/S23_Kyte_TS-11-plecak-damski-osprey.jpg 1024w, https:\/\/www.skalnik.pl\/blog\/wp-content\/uploads\/2024\/03\/S23_Kyte_TS-11-plecak-damski-osprey-300x200.jpg 300w, https:\/\/www.skalnik.pl\/blog\/wp-content\/uploads\/2024\/03\/S23_Kyte_TS-11-plecak-damski-osprey-768x512.jpg 768w\" sizes=\"auto, (max-width: 1024px) 100vw, 1024px\" \/><figcaption class=\"wp-element-caption\"><em>Plecaki damskie Osprey to wi\u0119cej ni\u017c flagowy Kyte. Poznaj modele tworzone przez specjalist\u00f3w od trekkingu i podr\u00f3\u017cowania. (fot. Osprey)<\/em><\/figcaption><\/figure>\n<\/div>\n\n\n<p><strong>Osprey Ariel 55 <\/strong>doskonale sprawdzi si\u0119 zar\u00f3wno na d\u0142ugim trekkingu jak i podczas backpackingowej wyprawy po ca\u0142ym kontynecie. Zwarta konstrukcja i bogaty zestaw praktycznych rozwi\u0105za\u0144 od razu rzucaj\u0105 si\u0119 w oczy. System no\u015bny Airscape jest regulowany, a w g\u00f3rnej cz\u0119\u015bci plec\u00f3w specjalna siatka poprawia wentylacj\u0119.<\/p>\n\n\n\n<p>Mnogo\u015b\u0107 kieszeni pozwala w przemy\u015blany spos\u00f3b roz\u0142o\u017cy\u0107 nasz baga\u017c. Dla \u015bpiwora przewidziano przy tym oddzieln\u0105 przegrod\u0119, g\u0142\u00f3wna komora za\u015b dost\u0119pna jest na dwa sposoby \u2013 od g\u00f3ry oraz przez pionowy panel zapinany na zamek. Znajdziemy tu r\u00f3wnie\u017c pokrowiec przeciwdeszczowy oraz kiesze\u0144 na cenne drobiazgi, wyposa\u017con\u0105 w zapi\u0119cie do kluczy. Pomimo du\u017cej pojemno\u015bci plecaka, dzi\u0119ki paskom kompresyjnym uzyskamy stabilno\u015b\u0107 \u0142adunku, nawet przy niepe\u0142nym wypchaniu plecaka. Bardzo praktyczna jest odpinana klapa. Ten model plecaka wyst\u0119puje z systemem no\u015bnym w dw\u00f3ch rozmiarach.<\/p>\n\n\n\n<p><strong>Osprey Tempest<\/strong> <strong>9 <\/strong>to niewielki, damski plecak na jednodniowe wypady nie wymagaj\u0105ce od nas zabierania specjalistycznego sprz\u0119tu. Doskonale da sobie rad\u0119 jako codzienny baga\u017c, kt\u00f3ry mamy zawsze przy sobie, ale tak\u017ce jako plecak rowerowy.<\/p>\n\n\n\n<p>System no\u015bny AirScape zadba o komfort termiczny naszych plec\u00f3w, za\u015b rozci\u0105gliwe, siatkowe kieszenie boczne zwi\u0119ksz\u0105 nieco \u0142adowno\u015b\u0107 je\u015bli tylko zajdzie taka konieczno\u015b\u0107. Do plecaka zamocujemy kask, ale tak\u017ce kije trekkingowe b\u0105d\u017a czekan, co czyni z tego modelu bardzo uniwersalne rozwi\u0105zanie. Podobnie jak wy\u017cej opisywanym modelu Ospreya, tak\u017ce ten plecak mo\u017cemy kupi\u0107 z jednym z dw\u00f3ch rozmiar\u00f3w systemu no\u015bnego.<\/p>\n\n\n\t<div class=\"magento-wrapper\">\n\t\t<ul class=\"products\">\n\t\t\t<li class=\"product\">\n\t\n\t\t<div class=\"image\">\n\t\t\t<a href=\"https:\/\/www.skalnik.pl\/plecak-ariel-55-ceramic-blue-989162\" target=\"_self\">\n\t\t\t\t\t\t<img\n\t\t\tsrc=\"https:\/\/www.skalnik.pl\/media\/catalog\/product\/a\/r\/ariel_55_s21_side_ceramic_blue.jpg\"\n\t\t\talt=\"PLECAK ARIEL 55-CERAMIC BLUE\"\n\t\t\t\t\t\t\t\t\/>\n\t\t\t\t\t<\/a>\n\t\t<\/div>\n\n\t\t\n\t\t<a href=\"https:\/\/www.skalnik.pl\/plecak-ariel-55-ceramic-blue-989162\" target=\"_self\"><span class=\"name\">PLECAK ARIEL 55-CERAMIC BLUE<\/span><\/a>\t\n\t\n\t\n\t<div class=\"url\"><a class=\"view-details\" href=\"https:\/\/www.skalnik.pl\/plecak-ariel-55-ceramic-blue-989162\">Zobacz wi\u0119cej <\/a><\/div><\/li>\n<li class=\"product\">\n\t\n\t\t<div class=\"image\">\n\t\t\t<a href=\"https:\/\/www.skalnik.pl\/plecak-tempest-9\" target=\"_self\">\n\t\t\t\t\t\t<img\n\t\t\tsrc=\"https:\/\/www.skalnik.pl\/media\/catalog\/product\/t\/e\/tempest_9_s21_side_jasper_green.jpg\"\n\t\t\talt=\"PLECAK TEMPEST 9\"\n\t\t\t\t\t\t\t\t\/>\n\t\t\t\t\t<\/a>\n\t\t<\/div>\n\n\t\t\n\t\t<a href=\"https:\/\/www.skalnik.pl\/plecak-tempest-9\" target=\"_self\"><span class=\"name\">PLECAK TEMPEST 9<\/span><\/a>\t\n\t\n\t\n\t<div class=\"url\"><a class=\"view-details\" href=\"https:\/\/www.skalnik.pl\/plecak-tempest-9\">Zobacz wi\u0119cej <\/a><\/div><\/li>\n<li class=\"product\">\n\t\n\t\t<div class=\"image\">\n\t\t\t<a href=\"https:\/\/www.skalnik.pl\/plecak-kyte-38-elderberry-purple-1018651\" target=\"_self\">\n\t\t\t\t\t\t<img\n\t\t\tsrc=\"https:\/\/www.skalnik.pl\/media\/catalog\/product\/p\/l\/plecak-kyte-38-elderberry-purple-1018651_1_3.jpg\"\n\t\t\talt=\"PLECAK KYTE 38-ELDERBERRY PURPLE\"\n\t\t\t\t\t\t\t\t\/>\n\t\t\t\t\t<\/a>\n\t\t<\/div>\n\n\t\t\n\t\t<a href=\"https:\/\/www.skalnik.pl\/plecak-kyte-38-elderberry-purple-1018651\" target=\"_self\"><span class=\"name\">PLECAK KYTE 38-ELDERBERRY PURPLE<\/span><\/a>\t\n\t\n\t\n\t<div class=\"url\"><a class=\"view-details\" href=\"https:\/\/www.skalnik.pl\/plecak-kyte-38-elderberry-purple-1018651\">Zobacz wi\u0119cej <\/a><\/div><\/li>\n\t\t<\/ul>\n\t<\/div>\n\n\n\n\n<h2 class=\"wp-block-heading\"><span class=\"ez-toc-section\" id=\"Damski_plecak_Gregory\"><\/span>Damski plecak Gregory<span class=\"ez-toc-section-end\"><\/span><\/h2>\n\n\n\n<p>Marka Gregory r\u00f3wnie\u017c postawi\u0142a na wypuszczanie plecak\u00f3w damskich jako zupe\u0142nie osobne modele. Producent postawi\u0142 na stonowane, neutralne kolory, kt\u00f3re nie sugeruj\u0105 damskiego przeznaczenia. Design wi\u0119kszo\u015bci damskich plecak\u00f3w \u2013 zwarta, foremna bry\u0142a z charakterystyczn\u0105 du\u017c\u0105, rozci\u0105gliw\u0105 kieszeni\u0105 z siatki na froncie \u2013 jest typowy dla marki Gregory. Plecaki, kt\u00f3re przedstawi\u0119 poni\u017cej, szczeg\u00f3lnie przyku\u0142y moj\u0105 uwag\u0119.<\/p>\n\n\n\n<p class=\"has-white-color has-vivid-cyan-blue-background-color has-text-color has-background\">Kliknij w stron\u0119 modeli z kategorii &#8211;&gt; <strong><a href=\"https:\/\/www.skalnik.pl\/sprzet-turystyczny\/plecaki\/plecaki-turystyczne\/plec:kobieta\/marka:gregory\" target=\"_blank\" rel=\"noopener\" title=\"\">plecaki damskie Gregory<\/a><\/strong>. <\/p>\n\n\n<div class=\"wp-block-image\">\n<figure class=\"aligncenter size-full\"><img loading=\"lazy\" decoding=\"async\" width=\"1024\" height=\"683\" src=\"https:\/\/www.skalnik.pl\/blog\/wp-content\/uploads\/2024\/03\/GMP_S19_ZuluJade_Hawaii-5232.jpg\" alt=\"Gregory plecaki dla kobiet\" class=\"wp-image-26035\" srcset=\"https:\/\/www.skalnik.pl\/blog\/wp-content\/uploads\/2024\/03\/GMP_S19_ZuluJade_Hawaii-5232.jpg 1024w, https:\/\/www.skalnik.pl\/blog\/wp-content\/uploads\/2024\/03\/GMP_S19_ZuluJade_Hawaii-5232-300x200.jpg 300w, https:\/\/www.skalnik.pl\/blog\/wp-content\/uploads\/2024\/03\/GMP_S19_ZuluJade_Hawaii-5232-768x512.jpg 768w\" sizes=\"auto, (max-width: 1024px) 100vw, 1024px\" \/><figcaption class=\"wp-element-caption\"><em>Flagowiec Gregory w\u015br\u00f3d plecak\u00f3w damskich to model w wielu wariantach pojemno\u015bci. (fot. Gregory)<\/em><\/figcaption><\/figure>\n<\/div>\n\n\n<p><strong>Gregory Jade 38<\/strong> to przedstawiciel flagowej linii damskich plecak\u00f3w trekkingowych tego producenta. Charakterystyczn\u0105 cech\u0105 jest tylny panel, zbudowany z rozci\u0105gni\u0119tej na profilowanej ramie siatki. Jest to rozwi\u0105zanie, kt\u00f3re zapewnia najlepsz\u0105 mo\u017cliw\u0105 wentylacj\u0119 plec\u00f3w, a co za tym idzie, komfort termiczny.<\/p>\n\n\n\n<p>Podobnie, wszystkie pasy systemu wykonano w spos\u00f3b poprawiaj\u0105cy ich oddychalno\u015b\u0107. Rozmiar plecaka zapewnia uniwersalno\u015b\u0107 \u2013 nada si\u0119 on zar\u00f3wno do jedno jak i kilkudniowych wycieczek. Dodatkowym atutem jest alternatywny spos\u00f3b dost\u0119pu do g\u0142\u00f3wnej komory \u2013 zamek w kszta\u0142cie litery \u201eU\u201d na przednim panelu, umo\u017cliwiaj\u0105cy bezproblemowe si\u0119gni\u0119cie po zawarto\u015b\u0107 nawet mocno wypakowanego plecaka.<\/p>\n\n\n\n<p>Ciekawym rozwi\u0105zaniem technicznym jest tak\u017ce pas biodrowy FreeFloat. Kieszenie na pasie biodrowym s\u0105 pojemne, a zewn\u0119trzne troki umo\u017cliwiaj\u0105 przyczepienie czekana b\u0105d\u017a kijk\u00f3w trekkingowych. Plecak wyposa\u017cono w pokrowiec przeciwdeszczowy, ale tak\u017ce pokryto poprawiaj\u0105c\u0105 wodoodporno\u015b\u0107 warstw\u0105 DWR. Jade w rozmiarze 38 litr\u00f3w wydaje si\u0119 niezwykle uniwersalnym plecakiem i b\u0119dzie doskona\u0142ym wyborem, je\u015bli nie chcemy inwestowa\u0107 w kilka plecak\u00f3w na r\u00f3\u017cne scenariusze.<\/p>\n\n\n\n<p><strong>Pace 6 H2O <\/strong>stanowi bardzo nowatorskie rozwi\u0105zanie. Plecak z izolacj\u0105 termiczn\u0105? Prosz\u0119 bardzo! Wszak g\u0142\u00f3wnym zadaniem plecaka biegowego jest zapewnienie nam zapasu p\u0142yn\u00f3w na ca\u0142y czas trwania treningu. Nikt za\u015b chyba nie lubi pi\u0107 w upalny dzie\u0144 ciep\u0142ej wody. Plecak ten sprzedawany jest w komplecie z buk\u0142akiem o pojemno\u015bci 2 litr\u00f3w. Wewn\u0119trzne kieszonki na drobiazgi oraz zewn\u0119trzna siatkowa kiesze\u0144, mog\u0105ca pomie\u015bci\u0107 kurtk\u0119 przeciwdeszczow\u0105 sprawiaj\u0105, \u017ce jest to bardzo praktyczny plecak dla os\u00f3b preferuj\u0105cych szybkie i dynamiczne aktywno\u015bci z minimalnym baga\u017cem \u2013 takie jak biegi d\u0142ugodystansowe.<\/p>\n\n\n\t<div class=\"magento-wrapper\">\n\t\t<ul class=\"products\">\n\t\t\t<li class=\"product\">\n\t\n\t\t<div class=\"image\">\n\t\t\t<a href=\"https:\/\/www.skalnik.pl\/plecak-pace-6-h2o-mineral-yellow-1006492\" target=\"_self\">\n\t\t\t\t\t\t<img\n\t\t\tsrc=\"https:\/\/www.skalnik.pl\/media\/catalog\/product\/p\/l\/plecak-pace-6-h2o-mineral-yellow-1006492_1_5.jpg\"\n\t\t\talt=\"PLECAK BIEGOWY PACE 6 H2O-MINERAL YELLOW\"\n\t\t\t\t\t\t\t\t\/>\n\t\t\t\t\t<\/a>\n\t\t<\/div>\n\n\t\t\n\t\t<a href=\"https:\/\/www.skalnik.pl\/plecak-pace-6-h2o-mineral-yellow-1006492\" target=\"_self\"><span class=\"name\">PLECAK BIEGOWY PACE 6 H2O-MINERAL YELLOW<\/span><\/a>\t\n\t\n\t\n\t<div class=\"url\"><a class=\"view-details\" href=\"https:\/\/www.skalnik.pl\/plecak-pace-6-h2o-mineral-yellow-1006492\">Zobacz wi\u0119cej <\/a><\/div><\/li>\n<li class=\"product\">\n\t\n\t\t<div class=\"image\">\n\t\t\t<a href=\"https:\/\/www.skalnik.pl\/plecak-jade-38-ruby-red-1014214\" target=\"_self\">\n\t\t\t\t\t\t<img\n\t\t\tsrc=\"https:\/\/www.skalnik.pl\/media\/catalog\/product\/p\/l\/plecak-jade-38-ruby-red-1014214_1_6.jpg\"\n\t\t\talt=\"PLECAK JADE 38-RUBY RED\"\n\t\t\t\t\t\t\t\t\/>\n\t\t\t\t\t<\/a>\n\t\t<\/div>\n\n\t\t\n\t\t<a href=\"https:\/\/www.skalnik.pl\/plecak-jade-38-ruby-red-1014214\" target=\"_self\"><span class=\"name\">PLECAK JADE 38-RUBY RED<\/span><\/a>\t\n\t\n\t\n\t<div class=\"url\"><a class=\"view-details\" href=\"https:\/\/www.skalnik.pl\/plecak-jade-38-ruby-red-1014214\">Zobacz wi\u0119cej <\/a><\/div><\/li>\n<li class=\"product\">\n\t\n\t\t<div class=\"image\">\n\t\t\t<a href=\"https:\/\/www.skalnik.pl\/plecak-jade-28-midnight-navy-1014235\" target=\"_self\">\n\t\t\t\t\t\t<img\n\t\t\tsrc=\"https:\/\/www.skalnik.pl\/media\/catalog\/product\/p\/l\/plecak-jade-28-midnight-navy-1014235_1_9.jpg\"\n\t\t\talt=\"PLECAK JADE 28-MIDNIGHT NAVY\"\n\t\t\t\t\t\t\t\t\/>\n\t\t\t\t\t<\/a>\n\t\t<\/div>\n\n\t\t\n\t\t<a href=\"https:\/\/www.skalnik.pl\/plecak-jade-28-midnight-navy-1014235\" target=\"_self\"><span class=\"name\">PLECAK JADE 28-MIDNIGHT NAVY<\/span><\/a>\t\n\t\n\t\n\t<div class=\"url\"><a class=\"view-details\" href=\"https:\/\/www.skalnik.pl\/plecak-jade-28-midnight-navy-1014235\">Zobacz wi\u0119cej <\/a><\/div><\/li>\n\t\t<\/ul>\n\t<\/div>\n\n\n\n\n<h2 class=\"wp-block-heading\"><span class=\"ez-toc-section\" id=\"Deuter_Gregory_czy_Osprey_%E2%80%93_ktory_damski_plecak_wybrac\"><\/span>Deuter, Gregory czy Osprey \u2013 kt\u00f3ry damski plecak wybra\u0107?<span class=\"ez-toc-section-end\"><\/span><\/h2>\n\n\n\n<p>Deuter, Gregory oraz Osprey to trzej topowi producenci plecak\u00f3w, proponuj\u0105cy z regu\u0142y doskonale przemy\u015blane rozwi\u0105zania o naprawd\u0119 dobrej jako\u015bci. Konkurencja jest mocna i naprawd\u0119 trudno o znalezienie decyduj\u0105cych przewag na poziomie konkretnej marki.<\/p>\n\n\n\n<p>Przy wyborze plecaka trzeba zatem zda\u0107 si\u0119 na cechy konkretnego modelu oraz specyficzn\u0105 dla danego producenta estetyk\u0119. Deutera cechuje najbardziej kobieca kolorystyka spo\u015br\u00f3d wymienionych producent\u00f3w, a tak\u017ce rozwijany od wielu lat system VariFlex. W przypadku plecak\u00f3w Osprey, \u201etajn\u0105 broni\u0105\u201d jest \u0142atwy dost\u0119p do kieszeni na buk\u0142ak. Omawiane przeze mnie plecaki Gregory maj\u0105 za\u015b przewag\u0119 w przypadku intensywnych aktywno\u015bci \u2013 ciekawymi rozwi\u0105zaniami s\u0105 zar\u00f3wno siateczkowy panel tylny plecak\u00f3w Jade, jak i termoizolacja biegowego plecaka Pace. Jak wida\u0107 producenci prze\u015bcigaj\u0105 si\u0119 w nowatorskich pomys\u0142ach \u2013 bez w\u0105tpienia ka\u017cda z Was znajdzie co\u015b dla siebie!<\/p>\n","protected":false},"excerpt":{"rendered":"<p>Poznaj damskie plecaki turystyczne trzech topowych marek!<\/p>\n","protected":false},"author":39,"featured_media":26017,"comment_status":"closed","ping_status":"closed","sticky":false,"template":"","format":"standard","meta":{"_acf_changed":false,"footnotes":""},"categories":[5,3],"tags":[23],"magento_category":[51],"magento_product":[],"class_list":["post-26015","post","type-post","status-publish","format-standard","has-post-thumbnail","hentry","category-branza","category-porady","tag-plecaki"],"acf":[],"aioseo_notices":[],"aioseo_head":"\n\t\t<!-- All in One SEO 4.9.10 - aioseo.com -->\n\t<meta name=\"description\" content=\"Plecaki dla kobiet to nie tylko r\u00f3\u017cnice w kolorze! Poznaj plecaki damskie topowych marek. Oto najciekawsze plecaki dla kobiet Osprey, Gregory i Deuter.\" \/>\n\t<meta name=\"robots\" content=\"max-image-preview:large\" \/>\n\t<meta name=\"author\" content=\"Skadi\"\/>\n\t<link rel=\"canonical\" href=\"https:\/\/www.skalnik.pl\/blog\/jaki-plecak-dla-kobiety-plecaki-damskie-deuter-osprey-i-gregory\/\" \/>\n\t<meta name=\"generator\" content=\"All in One SEO (AIOSEO) 4.9.10\" \/>\n\t\t<meta property=\"og:locale\" content=\"pl_PL\" \/>\n\t\t<meta property=\"og:site_name\" content=\"blog Skalnik - Blog, porady, artyku\u0142y - blog Skalnik\" \/>\n\t\t<meta property=\"og:type\" content=\"article\" \/>\n\t\t<meta property=\"og:title\" content=\"Jaki plecak dla kobiety? Plecaki damskie Deuter, Osprey i Gregory - blog Skalnik\" \/>\n\t\t<meta property=\"og:description\" content=\"Plecaki dla kobiet to nie tylko r\u00f3\u017cnice w kolorze! Poznaj plecaki damskie topowych marek. Oto najciekawsze plecaki dla kobiet Osprey, Gregory i Deuter.\" \/>\n\t\t<meta property=\"og:url\" content=\"https:\/\/www.skalnik.pl\/blog\/jaki-plecak-dla-kobiety-plecaki-damskie-deuter-osprey-i-gregory\/\" \/>\n\t\t<meta property=\"og:image\" content=\"https:\/\/www.skalnik.pl\/blog\/wp-content\/uploads\/2024\/03\/GMP_S19_ZuluJade_Hawaii-0774-plecaki-dmaskie-osprey.jpg\" \/>\n\t\t<meta property=\"og:image:secure_url\" content=\"https:\/\/www.skalnik.pl\/blog\/wp-content\/uploads\/2024\/03\/GMP_S19_ZuluJade_Hawaii-0774-plecaki-dmaskie-osprey.jpg\" \/>\n\t\t<meta property=\"og:image:width\" content=\"1024\" \/>\n\t\t<meta property=\"og:image:height\" content=\"683\" \/>\n\t\t<meta property=\"article:tag\" content=\"bran\u017ca\" \/>\n\t\t<meta property=\"article:tag\" content=\"porady\" \/>\n\t\t<meta property=\"article:tag\" content=\"plecaki\" \/>\n\t\t<meta property=\"article:published_time\" content=\"2024-04-04T14:03:20+00:00\" \/>\n\t\t<meta property=\"article:modified_time\" content=\"2024-04-02T11:22:29+00:00\" \/>\n\t\t<meta name=\"twitter:card\" content=\"summary_large_image\" \/>\n\t\t<meta name=\"twitter:title\" content=\"Jaki plecak dla kobiety? Plecaki damskie Deuter, Osprey i Gregory - blog Skalnik\" \/>\n\t\t<meta name=\"twitter:description\" content=\"Plecaki dla kobiet to nie tylko r\u00f3\u017cnice w kolorze! Poznaj plecaki damskie topowych marek. Oto najciekawsze plecaki dla kobiet Osprey, Gregory i Deuter.\" \/>\n\t\t<meta name=\"twitter:image\" content=\"https:\/\/www.skalnik.pl\/blog\/wp-content\/uploads\/2024\/03\/GMP_S19_ZuluJade_Hawaii-0774-plecaki-dmaskie-osprey.jpg\" \/>\n\t\t<script type=\"application\/ld+json\" class=\"aioseo-schema\">\n\t\t\t{\"@context\":\"https:\\\/\\\/schema.org\",\"@graph\":[{\"@type\":\"BlogPosting\",\"@id\":\"https:\\\/\\\/www.skalnik.pl\\\/blog\\\/jaki-plecak-dla-kobiety-plecaki-damskie-deuter-osprey-i-gregory\\\/#blogposting\",\"name\":\"Jaki plecak dla kobiety? Plecaki damskie Deuter, Osprey i Gregory - blog Skalnik\",\"headline\":\"Jaki plecak dla kobiety? Plecaki damskie Deuter, Osprey i Gregory\",\"author\":{\"@id\":\"https:\\\/\\\/www.skalnik.pl\\\/blog\\\/author\\\/skadi\\\/#author\"},\"publisher\":{\"@id\":\"https:\\\/\\\/www.skalnik.pl\\\/blog\\\/#organization\"},\"image\":{\"@type\":\"ImageObject\",\"url\":\"https:\\\/\\\/www.skalnik.pl\\\/blog\\\/wp-content\\\/uploads\\\/2024\\\/03\\\/plecaki-dla-kobiet-okl.jpg\",\"width\":1920,\"height\":706},\"datePublished\":\"2024-04-04T16:03:20+02:00\",\"dateModified\":\"2024-04-02T13:22:29+02:00\",\"inLanguage\":\"pl-PL\",\"mainEntityOfPage\":{\"@id\":\"https:\\\/\\\/www.skalnik.pl\\\/blog\\\/jaki-plecak-dla-kobiety-plecaki-damskie-deuter-osprey-i-gregory\\\/#webpage\"},\"isPartOf\":{\"@id\":\"https:\\\/\\\/www.skalnik.pl\\\/blog\\\/jaki-plecak-dla-kobiety-plecaki-damskie-deuter-osprey-i-gregory\\\/#webpage\"},\"articleSection\":\"Bran\\u017ca, Porady, plecaki, 1202\"},{\"@type\":\"BreadcrumbList\",\"@id\":\"https:\\\/\\\/www.skalnik.pl\\\/blog\\\/jaki-plecak-dla-kobiety-plecaki-damskie-deuter-osprey-i-gregory\\\/#breadcrumblist\",\"itemListElement\":[{\"@type\":\"ListItem\",\"@id\":\"https:\\\/\\\/www.skalnik.pl\\\/blog#listItem\",\"position\":1,\"name\":\"Home\",\"item\":\"https:\\\/\\\/www.skalnik.pl\\\/blog\",\"nextItem\":{\"@type\":\"ListItem\",\"@id\":\"https:\\\/\\\/www.skalnik.pl\\\/blog\\\/.\\\/porady\\\/#listItem\",\"name\":\"Porady\"}},{\"@type\":\"ListItem\",\"@id\":\"https:\\\/\\\/www.skalnik.pl\\\/blog\\\/.\\\/porady\\\/#listItem\",\"position\":2,\"name\":\"Porady\",\"item\":\"https:\\\/\\\/www.skalnik.pl\\\/blog\\\/.\\\/porady\\\/\",\"nextItem\":{\"@type\":\"ListItem\",\"@id\":\"https:\\\/\\\/www.skalnik.pl\\\/blog\\\/jaki-plecak-dla-kobiety-plecaki-damskie-deuter-osprey-i-gregory\\\/#listItem\",\"name\":\"Jaki plecak dla kobiety? Plecaki damskie Deuter, Osprey i Gregory\"},\"previousItem\":{\"@type\":\"ListItem\",\"@id\":\"https:\\\/\\\/www.skalnik.pl\\\/blog#listItem\",\"name\":\"Home\"}},{\"@type\":\"ListItem\",\"@id\":\"https:\\\/\\\/www.skalnik.pl\\\/blog\\\/jaki-plecak-dla-kobiety-plecaki-damskie-deuter-osprey-i-gregory\\\/#listItem\",\"position\":3,\"name\":\"Jaki plecak dla kobiety? Plecaki damskie Deuter, Osprey i Gregory\",\"previousItem\":{\"@type\":\"ListItem\",\"@id\":\"https:\\\/\\\/www.skalnik.pl\\\/blog\\\/.\\\/porady\\\/#listItem\",\"name\":\"Porady\"}}]},{\"@type\":\"Organization\",\"@id\":\"https:\\\/\\\/www.skalnik.pl\\\/blog\\\/#organization\",\"name\":\"blog Skalnik\",\"description\":\"Blog, porady, artyku\\u0142y - blog Skalnik\",\"url\":\"https:\\\/\\\/www.skalnik.pl\\\/blog\\\/\"},{\"@type\":\"Person\",\"@id\":\"https:\\\/\\\/www.skalnik.pl\\\/blog\\\/author\\\/skadi\\\/#author\",\"url\":\"https:\\\/\\\/www.skalnik.pl\\\/blog\\\/author\\\/skadi\\\/\",\"name\":\"Skadi\",\"image\":{\"@type\":\"ImageObject\",\"@id\":\"https:\\\/\\\/www.skalnik.pl\\\/blog\\\/jaki-plecak-dla-kobiety-plecaki-damskie-deuter-osprey-i-gregory\\\/#authorImage\",\"url\":\"https:\\\/\\\/secure.gravatar.com\\\/avatar\\\/ae13ef788103b67237116ff6ca11806fd62a3875c2f169205ba46718cec9cfc7?s=96&d=mm&r=g\",\"width\":96,\"height\":96,\"caption\":\"Skadi\"}},{\"@type\":\"WebPage\",\"@id\":\"https:\\\/\\\/www.skalnik.pl\\\/blog\\\/jaki-plecak-dla-kobiety-plecaki-damskie-deuter-osprey-i-gregory\\\/#webpage\",\"url\":\"https:\\\/\\\/www.skalnik.pl\\\/blog\\\/jaki-plecak-dla-kobiety-plecaki-damskie-deuter-osprey-i-gregory\\\/\",\"name\":\"Jaki plecak dla kobiety? Plecaki damskie Deuter, Osprey i Gregory - blog Skalnik\",\"description\":\"Plecaki dla kobiet to nie tylko r\\u00f3\\u017cnice w kolorze! Poznaj plecaki damskie topowych marek. Oto najciekawsze plecaki dla kobiet Osprey, Gregory i Deuter.\",\"inLanguage\":\"pl-PL\",\"isPartOf\":{\"@id\":\"https:\\\/\\\/www.skalnik.pl\\\/blog\\\/#website\"},\"breadcrumb\":{\"@id\":\"https:\\\/\\\/www.skalnik.pl\\\/blog\\\/jaki-plecak-dla-kobiety-plecaki-damskie-deuter-osprey-i-gregory\\\/#breadcrumblist\"},\"author\":{\"@id\":\"https:\\\/\\\/www.skalnik.pl\\\/blog\\\/author\\\/skadi\\\/#author\"},\"creator\":{\"@id\":\"https:\\\/\\\/www.skalnik.pl\\\/blog\\\/author\\\/skadi\\\/#author\"},\"image\":{\"@type\":\"ImageObject\",\"url\":\"https:\\\/\\\/www.skalnik.pl\\\/blog\\\/wp-content\\\/uploads\\\/2024\\\/03\\\/plecaki-dla-kobiet-okl.jpg\",\"@id\":\"https:\\\/\\\/www.skalnik.pl\\\/blog\\\/jaki-plecak-dla-kobiety-plecaki-damskie-deuter-osprey-i-gregory\\\/#mainImage\",\"width\":1920,\"height\":706},\"primaryImageOfPage\":{\"@id\":\"https:\\\/\\\/www.skalnik.pl\\\/blog\\\/jaki-plecak-dla-kobiety-plecaki-damskie-deuter-osprey-i-gregory\\\/#mainImage\"},\"datePublished\":\"2024-04-04T16:03:20+02:00\",\"dateModified\":\"2024-04-02T13:22:29+02:00\"},{\"@type\":\"WebSite\",\"@id\":\"https:\\\/\\\/www.skalnik.pl\\\/blog\\\/#website\",\"url\":\"https:\\\/\\\/www.skalnik.pl\\\/blog\\\/\",\"name\":\"blog Skalnik\",\"description\":\"Blog, porady, artyku\\u0142y - blog Skalnik\",\"inLanguage\":\"pl-PL\",\"publisher\":{\"@id\":\"https:\\\/\\\/www.skalnik.pl\\\/blog\\\/#organization\"}}]}\n\t\t<\/script>\n\t\t<!-- All in One SEO -->\n\n","aioseo_head_json":{"title":"Jaki plecak dla kobiety? Plecaki damskie Deuter, Osprey i Gregory - blog Skalnik","description":"Plecaki dla kobiet to nie tylko r\u00f3\u017cnice w kolorze! Poznaj plecaki damskie topowych marek. Oto najciekawsze plecaki dla kobiet Osprey, Gregory i Deuter.","canonical_url":"https:\/\/www.skalnik.pl\/blog\/jaki-plecak-dla-kobiety-plecaki-damskie-deuter-osprey-i-gregory\/","robots":"max-image-preview:large","keywords":"","webmasterTools":{"miscellaneous":""},"schema":{"@context":"https:\/\/schema.org","@graph":[{"@type":"BlogPosting","@id":"https:\/\/www.skalnik.pl\/blog\/jaki-plecak-dla-kobiety-plecaki-damskie-deuter-osprey-i-gregory\/#blogposting","name":"Jaki plecak dla kobiety? Plecaki damskie Deuter, Osprey i Gregory - blog Skalnik","headline":"Jaki plecak dla kobiety? Plecaki damskie Deuter, Osprey i Gregory","author":{"@id":"https:\/\/www.skalnik.pl\/blog\/author\/skadi\/#author"},"publisher":{"@id":"https:\/\/www.skalnik.pl\/blog\/#organization"},"image":{"@type":"ImageObject","url":"https:\/\/www.skalnik.pl\/blog\/wp-content\/uploads\/2024\/03\/plecaki-dla-kobiet-okl.jpg","width":1920,"height":706},"datePublished":"2024-04-04T16:03:20+02:00","dateModified":"2024-04-02T13:22:29+02:00","inLanguage":"pl-PL","mainEntityOfPage":{"@id":"https:\/\/www.skalnik.pl\/blog\/jaki-plecak-dla-kobiety-plecaki-damskie-deuter-osprey-i-gregory\/#webpage"},"isPartOf":{"@id":"https:\/\/www.skalnik.pl\/blog\/jaki-plecak-dla-kobiety-plecaki-damskie-deuter-osprey-i-gregory\/#webpage"},"articleSection":"Bran\u017ca, Porady, plecaki, 1202"},{"@type":"BreadcrumbList","@id":"https:\/\/www.skalnik.pl\/blog\/jaki-plecak-dla-kobiety-plecaki-damskie-deuter-osprey-i-gregory\/#breadcrumblist","itemListElement":[{"@type":"ListItem","@id":"https:\/\/www.skalnik.pl\/blog#listItem","position":1,"name":"Home","item":"https:\/\/www.skalnik.pl\/blog","nextItem":{"@type":"ListItem","@id":"https:\/\/www.skalnik.pl\/blog\/.\/porady\/#listItem","name":"Porady"}},{"@type":"ListItem","@id":"https:\/\/www.skalnik.pl\/blog\/.\/porady\/#listItem","position":2,"name":"Porady","item":"https:\/\/www.skalnik.pl\/blog\/.\/porady\/","nextItem":{"@type":"ListItem","@id":"https:\/\/www.skalnik.pl\/blog\/jaki-plecak-dla-kobiety-plecaki-damskie-deuter-osprey-i-gregory\/#listItem","name":"Jaki plecak dla kobiety? Plecaki damskie Deuter, Osprey i Gregory"},"previousItem":{"@type":"ListItem","@id":"https:\/\/www.skalnik.pl\/blog#listItem","name":"Home"}},{"@type":"ListItem","@id":"https:\/\/www.skalnik.pl\/blog\/jaki-plecak-dla-kobiety-plecaki-damskie-deuter-osprey-i-gregory\/#listItem","position":3,"name":"Jaki plecak dla kobiety? Plecaki damskie Deuter, Osprey i Gregory","previousItem":{"@type":"ListItem","@id":"https:\/\/www.skalnik.pl\/blog\/.\/porady\/#listItem","name":"Porady"}}]},{"@type":"Organization","@id":"https:\/\/www.skalnik.pl\/blog\/#organization","name":"blog Skalnik","description":"Blog, porady, artyku\u0142y - blog Skalnik","url":"https:\/\/www.skalnik.pl\/blog\/"},{"@type":"Person","@id":"https:\/\/www.skalnik.pl\/blog\/author\/skadi\/#author","url":"https:\/\/www.skalnik.pl\/blog\/author\/skadi\/","name":"Skadi","image":{"@type":"ImageObject","@id":"https:\/\/www.skalnik.pl\/blog\/jaki-plecak-dla-kobiety-plecaki-damskie-deuter-osprey-i-gregory\/#authorImage","url":"https:\/\/secure.gravatar.com\/avatar\/ae13ef788103b67237116ff6ca11806fd62a3875c2f169205ba46718cec9cfc7?s=96&d=mm&r=g","width":96,"height":96,"caption":"Skadi"}},{"@type":"WebPage","@id":"https:\/\/www.skalnik.pl\/blog\/jaki-plecak-dla-kobiety-plecaki-damskie-deuter-osprey-i-gregory\/#webpage","url":"https:\/\/www.skalnik.pl\/blog\/jaki-plecak-dla-kobiety-plecaki-damskie-deuter-osprey-i-gregory\/","name":"Jaki plecak dla kobiety? Plecaki damskie Deuter, Osprey i Gregory - blog Skalnik","description":"Plecaki dla kobiet to nie tylko r\u00f3\u017cnice w kolorze! Poznaj plecaki damskie topowych marek. Oto najciekawsze plecaki dla kobiet Osprey, Gregory i Deuter.","inLanguage":"pl-PL","isPartOf":{"@id":"https:\/\/www.skalnik.pl\/blog\/#website"},"breadcrumb":{"@id":"https:\/\/www.skalnik.pl\/blog\/jaki-plecak-dla-kobiety-plecaki-damskie-deuter-osprey-i-gregory\/#breadcrumblist"},"author":{"@id":"https:\/\/www.skalnik.pl\/blog\/author\/skadi\/#author"},"creator":{"@id":"https:\/\/www.skalnik.pl\/blog\/author\/skadi\/#author"},"image":{"@type":"ImageObject","url":"https:\/\/www.skalnik.pl\/blog\/wp-content\/uploads\/2024\/03\/plecaki-dla-kobiet-okl.jpg","@id":"https:\/\/www.skalnik.pl\/blog\/jaki-plecak-dla-kobiety-plecaki-damskie-deuter-osprey-i-gregory\/#mainImage","width":1920,"height":706},"primaryImageOfPage":{"@id":"https:\/\/www.skalnik.pl\/blog\/jaki-plecak-dla-kobiety-plecaki-damskie-deuter-osprey-i-gregory\/#mainImage"},"datePublished":"2024-04-04T16:03:20+02:00","dateModified":"2024-04-02T13:22:29+02:00"},{"@type":"WebSite","@id":"https:\/\/www.skalnik.pl\/blog\/#website","url":"https:\/\/www.skalnik.pl\/blog\/","name":"blog Skalnik","description":"Blog, porady, artyku\u0142y - blog Skalnik","inLanguage":"pl-PL","publisher":{"@id":"https:\/\/www.skalnik.pl\/blog\/#organization"}}]},"og:locale":"pl_PL","og:site_name":"blog Skalnik - Blog, porady, artyku\u0142y - blog Skalnik","og:type":"article","og:title":"Jaki plecak dla kobiety? Plecaki damskie Deuter, Osprey i Gregory - blog Skalnik","og:description":"Plecaki dla kobiet to nie tylko r\u00f3\u017cnice w kolorze! Poznaj plecaki damskie topowych marek. Oto najciekawsze plecaki dla kobiet Osprey, Gregory i Deuter.","og:url":"https:\/\/www.skalnik.pl\/blog\/jaki-plecak-dla-kobiety-plecaki-damskie-deuter-osprey-i-gregory\/","og:image":"https:\/\/www.skalnik.pl\/blog\/wp-content\/uploads\/2024\/03\/GMP_S19_ZuluJade_Hawaii-0774-plecaki-dmaskie-osprey.jpg","og:image:secure_url":"https:\/\/www.skalnik.pl\/blog\/wp-content\/uploads\/2024\/03\/GMP_S19_ZuluJade_Hawaii-0774-plecaki-dmaskie-osprey.jpg","og:image:width":1024,"og:image:height":683,"article:tag":["bran\u017ca","porady","plecaki"],"article:published_time":"2024-04-04T14:03:20+00:00","article:modified_time":"2024-04-02T11:22:29+00:00","twitter:card":"summary_large_image","twitter:title":"Jaki plecak dla kobiety? Plecaki damskie Deuter, Osprey i Gregory - blog Skalnik","twitter:description":"Plecaki dla kobiet to nie tylko r\u00f3\u017cnice w kolorze! Poznaj plecaki damskie topowych marek. Oto najciekawsze plecaki dla kobiet Osprey, Gregory i Deuter.","twitter:image":"https:\/\/www.skalnik.pl\/blog\/wp-content\/uploads\/2024\/03\/GMP_S19_ZuluJade_Hawaii-0774-plecaki-dmaskie-osprey.jpg"},"aioseo_meta_data":{"post_id":"26015","title":null,"description":"Plecaki dla kobiet to nie tylko r\u00f3\u017cnice w kolorze! Poznaj plecaki damskie topowych marek. Oto najciekawsze plecaki dla kobiet Osprey, Gregory i Deuter.","keywords":[],"keyphrases":{"focus":{"keyphrase":"plecaki damskie","score":69,"analysis":{"keyphraseInTitle":{"score":9,"maxScore":9,"error":0},"keyphraseInDescription":{"score":9,"maxScore":9,"error":0},"keyphraseLength":{"score":9,"maxScore":9,"error":0,"length":2},"keyphraseInURL":{"score":5,"maxScore":5,"error":0},"keyphraseInIntroduction":{"score":3,"maxScore":9,"error":1},"keyphraseInSubHeadings":{"score":3,"maxScore":9,"error":1},"keyphraseInImageAlt":{"score":3,"maxScore":9,"error":1}}},"additional":[]},"primary_term":null,"canonical_url":null,"og_title":null,"og_description":null,"og_object_type":"default","og_image_type":"default","og_image_url":null,"og_image_width":null,"og_image_height":null,"og_image_custom_url":null,"og_image_custom_fields":null,"og_video":"","og_custom_url":null,"og_article_section":null,"og_article_tags":[],"twitter_use_og":false,"twitter_card":"default","twitter_image_type":"default","twitter_image_url":null,"twitter_image_custom_url":null,"twitter_image_custom_fields":null,"twitter_title":null,"twitter_description":null,"schema":{"blockGraphs":[],"customGraphs":[],"default":{"data":{"Article":[],"Course":[],"Dataset":[],"FAQPage":[],"Movie":[],"Person":[],"Product":[],"ProductReview":[],"Car":[],"Recipe":[],"Service":[],"SoftwareApplication":[],"WebPage":[]},"graphName":"","isEnabled":true},"graphs":[]},"schema_type":"default","schema_type_options":null,"pillar_content":false,"robots_default":true,"robots_noindex":false,"robots_noarchive":false,"robots_nosnippet":false,"robots_nofollow":false,"robots_noimageindex":false,"robots_noodp":false,"robots_notranslate":false,"robots_max_snippet":"-1","robots_max_videopreview":"-1","robots_max_imagepreview":"large","priority":null,"frequency":"default","local_seo":null,"breadcrumb_settings":null,"limit_modified_date":false,"ai":null,"created":"2024-03-29 05:56:57","updated":"2026-02-17 22:52:01","seo_analyzer_scan_date":null},"aioseo_breadcrumb":"<div class=\"aioseo-breadcrumbs\"><span class=\"aioseo-breadcrumb\">\n\t\t\t<a href=\"https:\/\/www.skalnik.pl\/blog\" title=\"Home\">Home<\/a>\n\t\t<\/span><span class=\"aioseo-breadcrumb-separator\">&raquo;<\/span><span class=\"aioseo-breadcrumb\">\n\t\t\t<a href=\"https:\/\/www.skalnik.pl\/blog\/.\/porady\/\" title=\"Porady\">Porady<\/a>\n\t\t<\/span><span class=\"aioseo-breadcrumb-separator\">&raquo;<\/span><span class=\"aioseo-breadcrumb\">\n\t\t\tJaki plecak dla kobiety? Plecaki damskie Deuter, Osprey i Gregory\n\t\t<\/span><\/div>","aioseo_breadcrumb_json":[{"label":"Home","link":"https:\/\/www.skalnik.pl\/blog"},{"label":"Porady","link":"https:\/\/www.skalnik.pl\/blog\/.\/porady\/"},{"label":"Jaki plecak dla kobiety? Plecaki damskie Deuter, Osprey i Gregory","link":"https:\/\/www.skalnik.pl\/blog\/jaki-plecak-dla-kobiety-plecaki-damskie-deuter-osprey-i-gregory\/"}],"_links":{"self":[{"href":"https:\/\/www.skalnik.pl\/blog\/wp-json\/wp\/v2\/posts\/26015","targetHints":{"allow":["GET"]}}],"collection":[{"href":"https:\/\/www.skalnik.pl\/blog\/wp-json\/wp\/v2\/posts"}],"about":[{"href":"https:\/\/www.skalnik.pl\/blog\/wp-json\/wp\/v2\/types\/post"}],"author":[{"embeddable":true,"href":"https:\/\/www.skalnik.pl\/blog\/wp-json\/wp\/v2\/users\/39"}],"replies":[{"embeddable":true,"href":"https:\/\/www.skalnik.pl\/blog\/wp-json\/wp\/v2\/comments?post=26015"}],"version-history":[{"count":14,"href":"https:\/\/www.skalnik.pl\/blog\/wp-json\/wp\/v2\/posts\/26015\/revisions"}],"predecessor-version":[{"id":26066,"href":"https:\/\/www.skalnik.pl\/blog\/wp-json\/wp\/v2\/posts\/26015\/revisions\/26066"}],"wp:featuredmedia":[{"embeddable":true,"href":"https:\/\/www.skalnik.pl\/blog\/wp-json\/wp\/v2\/media\/26017"}],"wp:attachment":[{"href":"https:\/\/www.skalnik.pl\/blog\/wp-json\/wp\/v2\/media?parent=26015"}],"wp:term":[{"taxonomy":"category","embeddable":true,"href":"https:\/\/www.skalnik.pl\/blog\/wp-json\/wp\/v2\/categories?post=26015"},{"taxonomy":"post_tag","embeddable":true,"href":"https:\/\/www.skalnik.pl\/blog\/wp-json\/wp\/v2\/tags?post=26015"},{"taxonomy":"magento_category","embeddable":true,"href":"https:\/\/www.skalnik.pl\/blog\/wp-json\/wp\/v2\/magento_category?post=26015"},{"taxonomy":"magento_product","embeddable":true,"href":"https:\/\/www.skalnik.pl\/blog\/wp-json\/wp\/v2\/magento_product?post=26015"}],"curies":[{"name":"wp","href":"https:\/\/api.w.org\/{rel}","templated":true}]}}