{"id":26052,"date":"2024-04-02T14:17:17","date_gmt":"2024-04-02T12:17:17","guid":{"rendered":"https:\/\/www.skalnik.pl\/blog\/?p=26052"},"modified":"2024-04-17T09:44:24","modified_gmt":"2024-04-17T07:44:24","slug":"korona-gor-polski-rysy","status":"publish","type":"post","link":"https:\/\/www.skalnik.pl\/blog\/korona-gor-polski-rysy\/","title":{"rendered":"Korona G\u00f3r Polski: Rysy"},"content":{"rendered":"\n<p><strong>Rysy \u2013 najtrudniejszy do zdobycia spo\u015br\u00f3d diament\u00f3w Korony G\u00f3r Polski. Z jednej strony szczyt, kt\u00f3ry corocznie odwiedzaj\u0105 t\u0142umy ludzi, z drugiej za\u015b marzenie, kt\u00f3re niejednemu odebra\u0142o \u017cycie. Jaki w\u0142a\u015bciwie jest ten wyj\u0105tkowy kawa\u0142 granitowej ska\u0142y? Czy nale\u017cy si\u0119 go ba\u0107 i w jaki spos\u00f3b go zdoby\u0107?<\/strong><\/p>\n\n\n\n<p>Powiedzie\u0107, \u017ce Rysy stanowi\u0105 najwy\u017cszy szczyt Polski oraz najwy\u017cszy z wierzcho\u0142k\u00f3w Korony G\u00f3r Polski to nie powiedzie\u0107 ca\u0142ej prawdy. Do Polski przynale\u017cy bowiem jeden z trzech wierzcho\u0142k\u00f3w \u2013 o najcz\u0119\u015bciej podawanej wysoko\u015bci 2499 m. n.p.m. Nie jest to wprawdzie wierzcho\u0142ek najwy\u017cszy \u2013 g\u0142\u00f3wny ma bowiem 2501 m. n.p.m. i le\u017cy w ca\u0142o\u015bci na terenie S\u0142owacji. \u201ePolski\u201d, p\u00f3\u0142nocno \u2013 zachodni wierzcho\u0142ek jest jednak wyj\u0105tkowy. Wy\u017cej w Polsce wej\u015b\u0107 si\u0119 nie da. Nic dziwnego \u2013 Tatry s\u0105 ewenementem w skali naszego kraju, grupuj\u0105c wszystkie najwy\u017csze szczyty w Polsce.<\/p>\n\n\n\n<p class=\"has-white-color has-vivid-cyan-blue-background-color has-text-color has-background\">Zobacz te\u017c inne artyku\u0142u z serii &#8211;&gt; <strong><a href=\"https:\/\/www.skalnik.pl\/blog\/tag\/korona-gor-polski\/\" target=\"_blank\" rel=\"noopener\" title=\"\">Korona G\u00f3r Polski<\/a><\/strong>. <\/p>\n\n\n\n<div id=\"ez-toc-container\" class=\"ez-toc-v2_0_85 counter-hierarchy ez-toc-counter ez-toc-light-blue ez-toc-container-direction\">\n<div class=\"ez-toc-title-container\">\n<p class=\"ez-toc-title\" style=\"cursor:inherit\">SPIS TRE\u015aCI <\/p>\n<span class=\"ez-toc-title-toggle\"><a href=\"#\" class=\"ez-toc-pull-right ez-toc-btn ez-toc-btn-xs ez-toc-btn-default ez-toc-toggle\" aria-label=\"Prze\u0142\u0105cznik Spisu Tre\u015bci\"><span class=\"ez-toc-js-icon-con\"><span class=\"\"><span class=\"eztoc-hide\" style=\"display:none;\">Toggle<\/span><span class=\"ez-toc-icon-toggle-span\"><svg style=\"fill: #999;color:#999\" xmlns=\"http:\/\/www.w3.org\/2000\/svg\" class=\"list-377408\" width=\"20px\" height=\"20px\" viewBox=\"0 0 24 24\" fill=\"none\"><path d=\"M6 6H4v2h2V6zm14 0H8v2h12V6zM4 11h2v2H4v-2zm16 0H8v2h12v-2zM4 16h2v2H4v-2zm16 0H8v2h12v-2z\" fill=\"currentColor\"><\/path><\/svg><svg style=\"fill: #999;color:#999\" class=\"arrow-unsorted-368013\" xmlns=\"http:\/\/www.w3.org\/2000\/svg\" width=\"10px\" height=\"10px\" viewBox=\"0 0 24 24\" version=\"1.2\" baseProfile=\"tiny\"><path d=\"M18.2 9.3l-6.2-6.3-6.2 6.3c-.2.2-.3.4-.3.7s.1.5.3.7c.2.2.4.3.7.3h11c.3 0 .5-.1.7-.3.2-.2.3-.5.3-.7s-.1-.5-.3-.7zM5.8 14.7l6.2 6.3 6.2-6.3c.2-.2.3-.5.3-.7s-.1-.5-.3-.7c-.2-.2-.4-.3-.7-.3h-11c-.3 0-.5.1-.7.3-.2.2-.3.5-.3.7s.1.5.3.7z\"\/><\/svg><\/span><\/span><\/span><\/a><\/span><\/div>\n<nav><ul class='ez-toc-list ez-toc-list-level-1 ' ><li class='ez-toc-page-1 ez-toc-heading-level-2'><a class=\"ez-toc-link ez-toc-heading-1\" href=\"https:\/\/www.skalnik.pl\/blog\/korona-gor-polski-rysy\/#Tatry_%E2%80%93_wyjatkowe_pasmo_gorskie\" >Tatry \u2013 wyj\u0105tkowe pasmo g\u00f3rskie<\/a><\/li><li class='ez-toc-page-1 ez-toc-heading-level-2'><a class=\"ez-toc-link ez-toc-heading-2\" href=\"https:\/\/www.skalnik.pl\/blog\/korona-gor-polski-rysy\/#Korona_Gor_Polski_%E2%80%93_ambitne_wyzwanie_dla_wytrawnego_turysty\" >Korona G\u00f3r Polski \u2013 ambitne wyzwanie dla wytrawnego turysty<\/a><\/li><li class='ez-toc-page-1 ez-toc-heading-level-2'><a class=\"ez-toc-link ez-toc-heading-3\" href=\"https:\/\/www.skalnik.pl\/blog\/korona-gor-polski-rysy\/#Tatry_Wysokie_%E2%80%93_tu_pogoda_ma_kluczowe_znaczenie\" >Tatry Wysokie \u2013 tu pogoda ma kluczowe znaczenie!<\/a><\/li><li class='ez-toc-page-1 ez-toc-heading-level-2'><a class=\"ez-toc-link ez-toc-heading-4\" href=\"https:\/\/www.skalnik.pl\/blog\/korona-gor-polski-rysy\/#Szlak_na_Rysy_%E2%80%93_skad_wyruszyc\" >Szlak na Rysy \u2013 sk\u0105d wyruszy\u0107?<\/a><\/li><li class='ez-toc-page-1 ez-toc-heading-level-2'><a class=\"ez-toc-link ez-toc-heading-5\" href=\"https:\/\/www.skalnik.pl\/blog\/korona-gor-polski-rysy\/#Wejscie_na_Rysy_od_Morskiego_Oka\" >Wej\u015bcie na Rysy od Morskiego Oka<\/a><\/li><li class='ez-toc-page-1 ez-toc-heading-level-2'><a class=\"ez-toc-link ez-toc-heading-6\" href=\"https:\/\/www.skalnik.pl\/blog\/korona-gor-polski-rysy\/#Zdobyc_Rysy_%E2%80%93_wierzcholek_polski_i_wierzcholek_slowacki\" >Zdoby\u0107 Rysy \u2013 wierzcho\u0142ek polski i wierzcho\u0142ek s\u0142owacki<\/a><\/li><li class='ez-toc-page-1 ez-toc-heading-level-2'><a class=\"ez-toc-link ez-toc-heading-7\" href=\"https:\/\/www.skalnik.pl\/blog\/korona-gor-polski-rysy\/#Szlak_na_Rysy_od_Slowacji\" >Szlak na Rysy od S\u0142owacji<\/a><\/li><li class='ez-toc-page-1 ez-toc-heading-level-2'><a class=\"ez-toc-link ez-toc-heading-8\" href=\"https:\/\/www.skalnik.pl\/blog\/korona-gor-polski-rysy\/#Jak_wejsc_na_Rysy_ze_Slowacji\" >Jak wej\u015b\u0107 na Rysy ze S\u0142owacji<\/a><\/li><li class='ez-toc-page-1 ez-toc-heading-level-2'><a class=\"ez-toc-link ez-toc-heading-9\" href=\"https:\/\/www.skalnik.pl\/blog\/korona-gor-polski-rysy\/#Rysy_najwyzsza_gora_polskich_Tatr_%E2%80%93_dla_kazdego\" >Rysy, najwy\u017csza g\u00f3ra polskich Tatr \u2013 dla ka\u017cdego?<\/a><\/li><li class='ez-toc-page-1 ez-toc-heading-level-2'><a class=\"ez-toc-link ez-toc-heading-10\" href=\"https:\/\/www.skalnik.pl\/blog\/korona-gor-polski-rysy\/#Rysy_%E2%80%93_ciekawostki\" >Rysy \u2013 ciekawostki<\/a><\/li><\/ul><\/nav><\/div>\n<h2 class=\"wp-block-heading\"><span class=\"ez-toc-section\" id=\"Tatry_%E2%80%93_wyjatkowe_pasmo_gorskie\"><\/span>Tatry \u2013 wyj\u0105tkowe pasmo g\u00f3rskie<span class=\"ez-toc-section-end\"><\/span><\/h2>\n\n\n\n<p>M\u0142ody wiek tych g\u00f3r w po\u0142\u0105czeniu z odporno\u015bci\u0105 buduj\u0105cych je w du\u017cej mierze granitoid\u00f3w sprawia, \u017ce znacznie przewy\u017cszaj\u0105 wszystkie pozosta\u0142e pasma g\u00f3rskie Polski. Jedynie tutaj znajdziemy w pe\u0142ni rozwini\u0119t\u0105 alpejsk\u0105 rze\u017ab\u0119 terenu, wyra\u017caj\u0105c\u0105 si\u0119 g\u0142\u0119bokimi kot\u0142ami polodowcowymi, eksponowanymi graniami oraz przepa\u015bcistymi \u015bcianami. Niezwyk\u0142e okoliczno\u015bci przyrody powoduj\u0105, \u017ce ca\u0142e Tatry obj\u0119te s\u0105 ochron\u0105 w ramach polskiego Tatrza\u0144skiego Parku Narodowego oraz s\u0142owackiego parku o nazwie <em>Tatransk\u00fd n\u00e1rodn\u00fd park<\/em>, oznaczaj\u0105cej dok\u0142adnie to samo. P\u00f3\u0142nocno\u2013zachodni wierzcho\u0142ek Rys\u00f3w znajduje si\u0119 dok\u0142adnie na granicy Polski i S\u0142owacji, a tak\u017ce obydwu park\u00f3w narodowych.<\/p>\n\n\n\n<h2 class=\"wp-block-heading\"><span class=\"ez-toc-section\" id=\"Korona_Gor_Polski_%E2%80%93_ambitne_wyzwanie_dla_wytrawnego_turysty\"><\/span>Korona G\u00f3r Polski \u2013 ambitne wyzwanie dla wytrawnego turysty<span class=\"ez-toc-section-end\"><\/span><\/h2>\n\n\n\n<p>Spo\u015br\u00f3d wszystkich polskich odznak turystycznych zwi\u0105zanych z g\u00f3rami, Korona G\u00f3r Polski jest chyba najbardziej presti\u017cowa. Liczy sobie 28 szczyt\u00f3w, z kt\u00f3rych znakomita wi\u0119kszo\u015b\u0107 stanowi przede wszystkim wyzwanie kondycyjne. Ca\u0142o\u015b\u0107 jest r\u00f3wnie\u017c sprawdzianem zdolno\u015bci logistycznych oraz samozaparcia \u2013 wszak diamenty tej koron rozsypane s\u0105 po ca\u0142ym po\u0142udniu naszego kraju. Rysy stanowi\u0105 jednak ewenement \u2013 b\u0119d\u0105 sprawdzianem nie tylko naszej kondycji, pewno\u015bci st\u0105pania w trudnym, wysokog\u00f3rskim terenie, a tak\u017ce odporno\u015bci na ekspozycj\u0119. Warto zostawi\u0107 je sobie na fina\u0142 przygody z KGP!<\/p>\n\n\n<div class=\"wp-block-image\">\n<figure class=\"aligncenter size-full\"><img loading=\"lazy\" decoding=\"async\" width=\"1024\" height=\"680\" src=\"https:\/\/www.skalnik.pl\/blog\/wp-content\/uploads\/2024\/04\/szlak-na-rysy-lancuchy.jpeg\" alt=\"szlak na rysy \u0142a\u0144cuchy \" class=\"wp-image-26057\" srcset=\"https:\/\/www.skalnik.pl\/blog\/wp-content\/uploads\/2024\/04\/szlak-na-rysy-lancuchy.jpeg 1024w, https:\/\/www.skalnik.pl\/blog\/wp-content\/uploads\/2024\/04\/szlak-na-rysy-lancuchy-300x199.jpeg 300w, https:\/\/www.skalnik.pl\/blog\/wp-content\/uploads\/2024\/04\/szlak-na-rysy-lancuchy-768x510.jpeg 768w\" sizes=\"auto, (max-width: 1024px) 100vw, 1024px\" \/><figcaption class=\"wp-element-caption\"><em>Przed wej\u015bciem na rysy musisz mie\u0107 pewno\u015b\u0107, \u017ce nie masz boisz si\u0119 porusza\u0107 w eksponowanym terenie. <\/em><\/figcaption><\/figure>\n<\/div>\n\n\n<h2 class=\"wp-block-heading\"><span class=\"ez-toc-section\" id=\"Tatry_Wysokie_%E2%80%93_tu_pogoda_ma_kluczowe_znaczenie\"><\/span>Tatry Wysokie \u2013 tu pogoda ma kluczowe znaczenie!<span class=\"ez-toc-section-end\"><\/span><\/h2>\n\n\n\n<p>Nie jest tajemnic\u0105, \u017ce pogoda w g\u00f3rach bywa kapry\u015bna. Niestety, szczeg\u00f3lnie ma\u0142o \u0142askawa jest ona w Tatrach w miesi\u0105cach, kiedy wi\u0119kszo\u015b\u0107 z nas wyje\u017cd\u017ca na urlopy. Najbardziej deszczowe miesi\u0105ce to czerwiec oraz lipiec. W upalne dni mo\u017cemy spodziewa\u0107 si\u0119 cz\u0119stych, popo\u0142udniowych burz. Maj oraz pocz\u0105tek czerwca mog\u0105 kusi\u0107 w miar\u0119 stabiln\u0105 pogod\u0105, jednak problemem b\u0119dzie zalegaj\u0105cy jeszcze \u015bnieg. Stabilny jest r\u00f3wnie\u017c wrzesie\u0144. Wprawdzie kosztem ch\u0142odniejszych wieczor\u00f3w, zapewni nam jednak nieco wi\u0119kszy spok\u00f3j na szlakach.<\/p>\n\n\n\n<p>Je\u015bli jeste\u015bmy fanami rak\u00f3w, czekana i \u015bniegu, raczej unikajmy pierwszych zimowych miesi\u0119cy \u2013 zima cz\u0119sto zaczyna si\u0119 od \u201eszklanych g\u00f3r\u201d, \u0142askawych dla wspinaczy, ale \u015bmiertelnie niebezpiecznych dla turyst\u00f3w, p\u00f3\u017aniej za\u015b pojawiaj\u0105 si\u0119 nie do ko\u0144ca przewidywalne \u015bniegi. Relatywnie du\u017ce bezpiecze\u0144stwo od lawin zapewniaj\u0105 p\u00f3\u017anozimowe i wczesnowiosenne firny \u2013 pod warunkiem jednak, \u017ce wr\u00f3cimy w bezpieczne miejsce zanim zostan\u0105 rozgrzane s\u0142o\u0144cem.<\/p>\n\n\n\n<h2 class=\"wp-block-heading\"><span class=\"ez-toc-section\" id=\"Szlak_na_Rysy_%E2%80%93_skad_wyruszyc\"><\/span>Szlak na Rysy \u2013 sk\u0105d wyruszy\u0107?<span class=\"ez-toc-section-end\"><\/span><\/h2>\n\n\n\n<p>Wi\u0119kszo\u015b\u0107 z Was b\u0119dzie zapewne chcia\u0142a wej\u015b\u0107 na Rysy od strony polskiej. W takiej sytuacji najbardziej logicznym punktem startowym wycieczki jest p\u0142atny parking w Palenicy Bia\u0142cza\u0144skiej. Dla w\u0142asnego spokoju postarajmy si\u0119 rezerwacj\u0119 miejsca \u2013 mo\u017cna to zrobi\u0107 przez Internet. Lepiej r\u00f3wnie\u017c zjawi\u0107 si\u0119 na miejscu o bardzo wczesnej porze \u2013 p\u00f3\u017aniejszy wyjazd grozi korkami, zw\u0142aszcza w weekendy oraz w sezonie urlopowym.<\/p>\n\n\n\n<p>Dotarcie na wierzcho\u0142ek Rys\u00f3w, bezpo\u015brednio z parkingu, wymaga przej\u015bcia ok. 13 km w jedn\u0105 stron\u0119, a tak\u017ce pokonania ok. 1,5 km przewy\u017cszenia, dobrym pomys\u0142em na baz\u0119 wypadow\u0105 b\u0119dzie schronisko. Morskie Oko to jedna z najwi\u0119kszych atrakcji w Polsce, zatem r\u00f3wnie\u017c tutaj nie mo\u017cemy liczy\u0107 na wolne miejsca i powinni\u015bmy dokona\u0107 wcze\u015bniejszej rezerwacji. Oczywi\u015bcie, wej\u015bcie na wierzcho\u0142ek prosto z parkingu le\u017cy w granicach ludzkich mo\u017cliwo\u015bci, ale cho\u0107by z uwagi na t\u0142umy ludzi i kapry\u015bn\u0105, tatrza\u0144sk\u0105 pogod\u0119, Rysy nie s\u0105 odpowiednim miejscem do bicia rekord\u00f3w. Pami\u0119tajmy o tym, \u017ce wchodzimy do Tatrza\u0144skiego Parku Narodowego \u2013 nie ominie nas op\u0142ata za bilet. Pomimo dobrze oznakowanych szlak\u00f3w, nie zapomnijmy zabra\u0107 mapy. Tatry to wszak ca\u0142kiem powa\u017cne g\u00f3ry!<\/p>\n\n\n\n<h2 class=\"wp-block-heading\"><span class=\"ez-toc-section\" id=\"Wejscie_na_Rysy_od_Morskiego_Oka\"><\/span>Wej\u015bcie na Rysy od Morskiego Oka<span class=\"ez-toc-section-end\"><\/span><\/h2>\n\n\n\n<p>A wi\u0119c dotarli\u015bmy do schroniska nad Morskim Okiem i czeka nas wej\u015bcie na Rysy. Szlak, kt\u00f3rym p\u00f3jdziemy, ma kolor czerwony. Dystans do przej\u015bcia to oko\u0142o 4,5 km, pokonamy r\u00f3wnie\u017c oko\u0142o 1100 m przewy\u017cszenia. Teoretycznie trasa powinna zaj\u0105c nam oko\u0142o 4 godzin w jedn\u0105 stron\u0119, je\u015bli jednak nie znamy dobrze swojego tempa w wysokog\u00f3rskim terenie, za\u0142\u00f3\u017cmy nieco d\u0142u\u017cszy czas.<\/p>\n\n\n\n<p>Jak wspomnia\u0142am, w godzinach popo\u0142udniowych mo\u017cemy spodziewa\u0107 si\u0119 burz, a szlak wyruszmy zatem najp\u00f3\u017aniej o godzinie 6 rano! Szybsze wyj\u015bcie to ponadto szansa na omini\u0119cie kolejek, tworz\u0105cych si\u0119 w newralgicznych miejscach oraz t\u0142um\u00f3w na szczycie.<\/p>\n\n\n\n<p>Szlak poprowadzi nas pocz\u0105tkowo brzegiem Morskiego Oka, nast\u0119pnie progiem Czarnego Stawu pod Rysami i jego wschodnim brzegiem. Odcinek ten jest jeszcze relatywnie \u0142atwy, za to bardzo malowniczy. Bardziej m\u0119cz\u0105ce zaczyna by\u0107 podej\u015bcie znad Czarnego Stawu do Kot\u0142a pod Rysami i dalej na Bul\u0119 pod Rysami.<\/p>\n\n\n\n<p>W tym miejscu warto zrobi\u0107 sobie chwil\u0119 przerwy \u2013 dalej czeka nas bowiem kluczowy odcinek trasy. Jest to 350 m podej\u015bcia ubezpieczonego \u0142a\u0144cuchami, prowadz\u0105cego skaln\u0105 grz\u0119d\u0105, ograniczaj\u0105c\u0105 charakterystyczny \u017cleb \u2013 Rys\u0119. Grz\u0119da wyprowadza nas na gra\u0144 nieco poni\u017cej wierzcho\u0142ka. Tu czeka nas jeszcze sprawdzian odporno\u015bci na ekspozycj\u0119 i satysfakcja ze zdobycia szczytu!<\/p>\n\n\n\n<iframe loading=\"lazy\" width=\"800\" height=\"442\" src=\"https:\/\/www.youtube.com\/embed\/KHXFSkomdOU?si=YWPIzlOr2PrEwtED\" title=\"YouTube video player\" frameborder=\"0\" allow=\"accelerometer; autoplay; clipboard-write; encrypted-media; gyroscope; picture-in-picture; web-share\" referrerpolicy=\"strict-origin-when-cross-origin\" allowfullscreen><\/iframe>\n\n\n\n<div style=\"max-width:800px;overflow:hidden;margin:0 auto;min-width:300px;\"><iframe src=\"https:\/\/mapa-turystyczna.pl\/map\/widget\/route\/h1l0p1\/3dfgm.html\" height=\"800\" style=\"width:100%;border:0;\" loading=\"lazy\"><\/iframe><a href=\"https:\/\/mapa-turystyczna.pl\/route\/3dfgm?utm_source=external_web&amp;utm_medium=widget&amp;utm_campaign=route_widget\" target=\"_blank\" rel=\"noopener\" style=\"color:#999;padding:7px 0;font-size: 13px;font-family:Roboto,Arial,sans-serif;display: inline-block;\">Trasa: Morskie Oko \u2013 Rysy | mapa-turystyczna.pl<\/a><\/div>\n\n\n\n<h2 class=\"wp-block-heading\"><span class=\"ez-toc-section\" id=\"Zdobyc_Rysy_%E2%80%93_wierzcholek_polski_i_wierzcholek_slowacki\"><\/span>Zdoby\u0107 Rysy \u2013 wierzcho\u0142ek polski i wierzcho\u0142ek s\u0142owacki<span class=\"ez-toc-section-end\"><\/span><\/h2>\n\n\n\n<p>Skoro jeste\u015bmy ju\u017c na polskim wierzcho\u0142ku, warto pokona\u0107 jeszcze kilkadziesi\u0105t metr\u00f3w i zdoby\u0107 wierzcho\u0142ek g\u0142\u00f3wny, s\u0142owacki \u2013 nale\u017cy on wszak do Wielkiej Korony Tatr. Nale\u017cy nam si\u0119 chwila odpoczynku, obowi\u0105zkowo r\u00f3wnie\u017c zr\u00f3bmy pami\u0105tkowe zdj\u0119cie (lub kilka). Przede wszystkim jednak pami\u0119tajmy o kontrolowaniu czasu \u2013 je\u015bli nie jeste\u015bmy absolutnie pewni pogody, postarajmy si\u0119 o godzinie 12 by\u0107 przynajmniej poni\u017cej \u0142a\u0144cuch\u00f3w. Znie\u015bmy sukces bezpiecznie na d\u00f3\u0142. Wtedy przyjdzie czas na \u015bwi\u0119towanie \u2013 szczeg\u00f3lnie, je\u015bli Rysami zako\u0144czyli\u015bmy zdobywanie Korony G\u00f3r Polski!<\/p>\n\n\n<div class=\"wp-block-image\">\n<figure class=\"aligncenter size-full\"><img loading=\"lazy\" decoding=\"async\" width=\"1024\" height=\"681\" src=\"https:\/\/www.skalnik.pl\/blog\/wp-content\/uploads\/2024\/04\/rysy-wierzcholek-slowacki.jpeg\" alt=\"rysy wierzcho\u0142ek s\u0142owacki\" class=\"wp-image-26058\" srcset=\"https:\/\/www.skalnik.pl\/blog\/wp-content\/uploads\/2024\/04\/rysy-wierzcholek-slowacki.jpeg 1024w, https:\/\/www.skalnik.pl\/blog\/wp-content\/uploads\/2024\/04\/rysy-wierzcholek-slowacki-300x200.jpeg 300w, https:\/\/www.skalnik.pl\/blog\/wp-content\/uploads\/2024\/04\/rysy-wierzcholek-slowacki-768x511.jpeg 768w\" sizes=\"auto, (max-width: 1024px) 100vw, 1024px\" \/><figcaption class=\"wp-element-caption\"><em>Z wierzcho\u0142ka granicznego warto przej\u015b\u0107 si\u0119 na wy\u017cszy wierzcho\u0142ek s\u0142owacki. <\/em><\/figcaption><\/figure>\n<\/div>\n\n\n<h2 class=\"wp-block-heading\"><span class=\"ez-toc-section\" id=\"Szlak_na_Rysy_od_Slowacji\"><\/span>Szlak na Rysy od S\u0142owacji<span class=\"ez-toc-section-end\"><\/span><\/h2>\n\n\n\n<p>Rysy mo\u017cna zdoby\u0107 r\u00f3wnie\u017c inn\u0105 drog\u0105, tym bardziej, \u017ce regulamin KGP nie okre\u015bla, jakim szlakiem mamy wej\u015b\u0107 na szczyt. Szlak na Rysy od S\u0142owacji ma swoje zalety. Po pierwsze jest kr\u00f3tsza \u2013 z parkingu na szczyt jest to oko\u0142o 9 kilometr\u00f3w. Po drugie, czeka nas mniejsze przewy\u017cszenie \u2013 sumarycznie nieco ponad 1200 metr\u00f3w. Poza tym jest \u0142atwiej i mniej t\u0142oczno, a s\u0142owackie schronisko \u2013 Chata pod Rysami \u2013 po\u0142o\u017cone jest zaledwie 250 metr\u00f3w poni\u017cej wierzcho\u0142ka. Cho\u0107 wymaga to dalszego dojazdu z Polski, polecam ten wariant zw\u0142aszcza osobom, kt\u00f3re nie czuj\u0105 si\u0119 na si\u0142ach zdobywa\u0107 Rys\u00f3w od strony polskiej.<\/p>\n\n\n\n<p>Pami\u0119tajmy jednak, \u017ce pod\u0105\u017caj\u0105c za t\u0142umem w kopule szczytowej mo\u017cemy przypadkiem pomin\u0105\u0107 polski wierzcho\u0142ek (a to w\u0142a\u015bnie on jest niezb\u0119dnym elementem Korony G\u00f3r Polski), wchodz\u0105 bezpo\u015brednio na wierzcho\u0142ek g\u0142\u00f3wny. Koniecznie wykupmy r\u00f3wnie\u017c ubezpieczenie \u2013 akcje ratunkowe po stronie s\u0142owackiej nie s\u0105 finansowane z powszechnych ubezpiecze\u0144! Nale\u017cy wi\u0119c wykupi\u0107 polis\u0119 obejmuj\u0105c\u0105 ratownictwo i poszukiwania w g\u00f3rach. <\/p>\n\n\n<div class=\"wp-block-image\">\n<figure class=\"aligncenter size-full\"><img loading=\"lazy\" decoding=\"async\" width=\"1024\" height=\"350\" src=\"https:\/\/www.skalnik.pl\/blog\/wp-content\/uploads\/2020\/07\/topr-hzs.jpg\" alt=\"numery ratunkowe w tatrach \" class=\"wp-image-12940\" srcset=\"https:\/\/www.skalnik.pl\/blog\/wp-content\/uploads\/2020\/07\/topr-hzs.jpg 1024w, https:\/\/www.skalnik.pl\/blog\/wp-content\/uploads\/2020\/07\/topr-hzs-300x103.jpg 300w, https:\/\/www.skalnik.pl\/blog\/wp-content\/uploads\/2020\/07\/topr-hzs-768x263.jpg 768w\" sizes=\"auto, (max-width: 1024px) 100vw, 1024px\" \/><\/figure>\n<\/div>\n\n\n<h2 class=\"wp-block-heading\"><span class=\"ez-toc-section\" id=\"Jak_wejsc_na_Rysy_ze_Slowacji\"><\/span>Jak wej\u015b\u0107 na Rysy ze S\u0142owacji<span class=\"ez-toc-section-end\"><\/span><\/h2>\n\n\n\n<p>Na tras\u0119 startujemy tu z parkingu przy stacji <em>Popradske Pleso<\/em> kolejki \u2013 s\u0142ynnej, podtatrza\u0144skiej \u201eelektriczki\u201d. Szlakiem niebieskim kierujemy si\u0119 w kierunku Popradzkiego Stawu. Jest to malowniczo po\u0142o\u017cony hotel g\u00f3rski, oferuj\u0105cy r\u00f3wnie\u017c noclegi w standardzie turystycznym i za rozs\u0105dne pieni\u0105dze. W tym miejscu mo\u017cna zarezerwowa\u0107 pierwszy nocleg, jednak zaoszcz\u0119dzimy na tym nast\u0119pnego dnia zaledwie 4 km marszu. Mo\u017ce to by\u0107 jednak opcja konieczna \u2013 schronisko Chata pod Rysami dysponuje zaledwie 30 \u0142\u00f3\u017ckami.<\/p>\n\n\n\n<p>Po mini\u0119ciu Popradzkiego Stawu pod\u0105\u017camy dalej Dolin\u0105 Mi\u0119guszowieck\u0105, trzymaj\u0105c si\u0119 niebieskiego, a nast\u0119pnie czerwonego szlaku. Na tym odcinku znajdziemy miejscami ubezpieczenia i u\u0142atwienia w postaci drabinek, \u0142a\u0144cuch\u00f3w, a nawet schodk\u00f3w zrobionych z metalowych, kratownicowych podest\u00f3w. Nie tworz\u0105 one jednak tak d\u0142ugiego ci\u0105gu, jaki musimy pokona\u0107 po stronie polskiej.<\/p>\n\n\n\n<p>Na wysoko\u015bci 2250 m n.p.m. miniemy schronisko Chata pod Rysami, aby nast\u0119pnie osi\u0105gn\u0105\u0107 prze\u0142\u0119cz Waga. Je\u015bli mamy szcz\u0119\u015bcie do chmur, czeka nas kapitalny widok na Dolin\u0119 Ci\u0119\u017ck\u0105. Z Wagi pozosta\u0142o nam ju\u017c tylko nieco ponad 160 m przewy\u017cszenia.<\/p>\n\n\n\n<h2 class=\"wp-block-heading\"><span class=\"ez-toc-section\" id=\"Rysy_najwyzsza_gora_polskich_Tatr_%E2%80%93_dla_kazdego\"><\/span>Rysy, najwy\u017csza g\u00f3ra polskich Tatr \u2013 dla ka\u017cdego?<span class=\"ez-toc-section-end\"><\/span><\/h2>\n\n\n\n<p>Pomimo wszelkich niedogodno\u015bci i niebezpiecze\u0144stw, jestem przekonana, \u017ce ka\u017cdy cz\u0142owiek ciesz\u0105cy si\u0119 w miar\u0119 dobrym zdrowiem i nie prowadz\u0105cy siedz\u0105cego trybu \u017cycia, mo\u017ce zdoby\u0107 Rysy latem. Wymaga to oczywi\u015bcie wcze\u015bniejszego obycia si\u0119 z wysokog\u00f3rskimi szlakami (na przyk\u0142ad na inne, ni\u017csze szczyty w Tatrach), jednak nie przekracza to ludzkich mo\u017cliwo\u015bci. Odpowiednio planuj\u0105c w\u0119dr\u00f3wk\u0119, rezerwuj\u0105c noclegi i korzystaj\u0105c ze zdrowego rozs\u0105dku, jeste\u015bmy w stanie roz\u0142o\u017cy\u0107 obci\u0105\u017cenie nawet na 3 dni (wej\u015bcie od strony s\u0142owackiej). Na szlaku mo\u017cna zaobserwowa\u0107 ludzi u\u017cywaj\u0105cych na \u0142a\u0144cuchach sprz\u0119tu ferratowego. Cho\u0107 na internetowych forach budzi to pewne kontrowersje, niew\u0105tpliwie mo\u017ce umo\u017cliwi\u0107 spe\u0142nienie marzenia osobom bardziej wra\u017cliwym na ekspozycj\u0119. Jak wida\u0107, trudno\u015bci s\u0105 do przeskoczenia \u2013 wystarczy chcie\u0107.<\/p>\n\n\n\n<p class=\"has-white-color has-vivid-cyan-blue-background-color has-text-color has-background\">Na eksponowanych szlakach Tatr warto mie\u0107 kask czy nawet lon\u017c\u0119. Zobacz artyku\u0142 &#8211;&gt; &#8222;<strong><a href=\"https:\/\/www.skalnik.pl\/blog\/jaki-kask-w-gory\/\" target=\"_blank\" rel=\"noopener\" title=\"\">Jaki kask w g\u00f3ry?<\/a><\/strong>&#8222;. <\/p>\n\n\n\t<div class=\"magento-wrapper\">\n\t\t<ul class=\"products\">\n\t\t\t<li class=\"product\">\n\t\n\t\t<div class=\"image\">\n\t\t\t<a href=\"https:\/\/www.skalnik.pl\/kask-galaxy-white-climbing-technology-643760\" target=\"_self\">\n\t\t\t\t\t\t<img\n\t\t\tsrc=\"https:\/\/www.skalnik.pl\/media\/catalog\/product\/i\/m\/img_28333.jpg\"\n\t\t\talt=\"KASK GALAXY-WHITE\"\n\t\t\t\t\t\t\t\t\/>\n\t\t\t\t\t<\/a>\n\t\t<\/div>\n\n\t\t\n\t\t<a href=\"https:\/\/www.skalnik.pl\/kask-galaxy-white-climbing-technology-643760\" target=\"_self\"><span class=\"name\">KASK GALAXY-WHITE<\/span><\/a>\t\n\t\n\t\n\t<div class=\"url\"><a class=\"view-details\" href=\"https:\/\/www.skalnik.pl\/kask-galaxy-white-climbing-technology-643760\">Zobacz wi\u0119cej <\/a><\/div><\/li>\n<li class=\"product\">\n\t\n\t\t<div class=\"image\">\n\t\t\t<a href=\"https:\/\/www.skalnik.pl\/lonza-dynamax-rock-empire-664711\" target=\"_self\">\n\t\t\t\t\t\t<img\n\t\t\tsrc=\"https:\/\/www.skalnik.pl\/media\/catalog\/product\/d\/y\/dynago2_kopie.jpg\"\n\t\t\talt=\"LON\u017bA DYNAGO\"\n\t\t\t\t\t\t\t\t\/>\n\t\t\t\t\t<\/a>\n\t\t<\/div>\n\n\t\t\n\t\t<a href=\"https:\/\/www.skalnik.pl\/lonza-dynamax-rock-empire-664711\" target=\"_self\"><span class=\"name\">LON\u017bA DYNAGO<\/span><\/a>\t\n\t\n\t\n\t<div class=\"url\"><a class=\"view-details\" href=\"https:\/\/www.skalnik.pl\/lonza-dynamax-rock-empire-664711\">Zobacz wi\u0119cej <\/a><\/div><\/li>\n<li class=\"product\">\n\t\n\t\t<div class=\"image\">\n\t\t\t<a href=\"https:\/\/www.skalnik.pl\/kask-borea-violet-686817\" target=\"_self\">\n\t\t\t\t\t\t<img\n\t\t\tsrc=\"https:\/\/www.skalnik.pl\/media\/catalog\/product\/a\/0\/a048ba00-borea_lowres.jpeg\"\n\t\t\talt=\"KASK BOREA-VIOLET\"\n\t\t\t\t\t\t\t\t\/>\n\t\t\t\t\t<\/a>\n\t\t<\/div>\n\n\t\t\n\t\t<a href=\"https:\/\/www.skalnik.pl\/kask-borea-violet-686817\" target=\"_self\"><span class=\"name\">KASK BOREA-VIOLET<\/span><\/a>\t\n\t\n\t\n\t<div class=\"url\"><a class=\"view-details\" href=\"https:\/\/www.skalnik.pl\/kask-borea-violet-686817\">Zobacz wi\u0119cej <\/a><\/div><\/li>\n\t\t<\/ul>\n\t<\/div>\n\n\n\n<div class=\"wp-block-image\">\n<figure class=\"aligncenter size-full\"><img loading=\"lazy\" decoding=\"async\" width=\"1024\" height=\"503\" src=\"https:\/\/www.skalnik.pl\/blog\/wp-content\/uploads\/2024\/04\/rysy-widok-ze-szczytu.jpeg\" alt=\"tatry rysy widok ze szczytu\" class=\"wp-image-26060\" srcset=\"https:\/\/www.skalnik.pl\/blog\/wp-content\/uploads\/2024\/04\/rysy-widok-ze-szczytu.jpeg 1024w, https:\/\/www.skalnik.pl\/blog\/wp-content\/uploads\/2024\/04\/rysy-widok-ze-szczytu-300x147.jpeg 300w, https:\/\/www.skalnik.pl\/blog\/wp-content\/uploads\/2024\/04\/rysy-widok-ze-szczytu-768x377.jpeg 768w\" sizes=\"auto, (max-width: 1024px) 100vw, 1024px\" \/><figcaption class=\"wp-element-caption\"><em>Dla takich widok\u00f3w warto stan\u0105\u0107 na szczycie! <\/em><\/figcaption><\/figure>\n<\/div>\n\n\n<h2 class=\"wp-block-heading\"><span class=\"ez-toc-section\" id=\"Rysy_%E2%80%93_ciekawostki\"><\/span>Rysy \u2013 ciekawostki<span class=\"ez-toc-section-end\"><\/span><\/h2>\n\n\n\n<ul class=\"wp-block-list\">\n<li>pierwszego wej\u015bcia dokona\u0142 20 lipca 1840 roku Eduard David Bl\u00e1sy wraz z przewodnikiem J\u00e1nem Rumanem Drie\u010dnym. Sta\u0142o si\u0119 to 40 lat po pierwszym wej\u015bciu na Grossglockner i niemal 54 lata po zdobyciu Mont Blanc<\/li>\n\n\n\n<li>autorem pierwszego wej\u015bcia zimowego, w roku 1884, byli Theodor Wundt oraz Jakob Horvay. Wundt zas\u0142yn\u0105\u0142 potem jako pierwszy zimowy zdobywca Cima Grande di Lavaredo<\/li>\n\n\n\n<li>podobno na wierzcho\u0142ku Rys\u00f3w w latach 1913-1914 dwukrotnie go\u015bci\u0142 W\u0142odzimierz Lenin<\/li>\n\n\n\n<li>w 1938 roku, Rysy przesta\u0142y na kilka miesi\u0119cy by\u0107 najwy\u017cszym szczytem Polski. Pierwsze\u0144stwo straci\u0142y na rzecz Lodowego Szczytu, znajduj\u0105cego si\u0119 przez kilka miesi\u0119cy w granicach naszego kraju<\/li>\n\n\n\n<li>wierzcho\u0142ki Rys\u00f3w znajduj\u0105 si\u0119 oko\u0142o 200 metr\u00f3w poni\u017cej granicy wiecznego \u015bniegu. Lodowce nie tworz\u0105 si\u0119 tu jedynie ze wzgl\u0119du na rze\u017ab\u0119 terenu, niepozwalaj\u0105c\u0105 na gromadzenie si\u0119 wi\u0119kszych ilo\u015bci \u015bniegu<\/li>\n\n\n\n<li>szlak na Rysy od strony polskiej jest w miesi\u0105cach zimowych niezwykle niebezpiecznym miejscem ze wzgl\u0119d\u00f3w lawinowych. Lawiny schodz\u0105ce z Buli pod Rysami potrafi\u0105 kruszy\u0107 l\u00f3d na Czarnym Stawie pod Rysami!<\/li>\n\n\n\n<li>nazwa <em>Rysy<\/em> wzi\u0119\u0142a si\u0119 od charakterystycznego \u017clebu, zwanego w\u0142a\u015bnie <em>Rys\u0105<\/em><\/li>\n<\/ul>\n","protected":false},"excerpt":{"rendered":"<p>Wejd\u017a na najwy\u017cszy polski szczyt. Jest niezb\u0119dny do skompletowania Korony G\u00f3r Polski. <\/p>\n","protected":false},"author":39,"featured_media":26054,"comment_status":"closed","ping_status":"closed","sticky":false,"template":"","format":"standard","meta":{"_acf_changed":false,"footnotes":""},"categories":[84],"tags":[260,14],"magento_category":[],"magento_product":[],"class_list":["post-26052","post","type-post","status-publish","format-standard","has-post-thumbnail","hentry","category-pasja","tag-korona-gor-polski","tag-tatry"],"acf":[],"aioseo_notices":[],"aioseo_head":"\n\t\t<!-- All in One SEO 4.9.10 - aioseo.com -->\n\t<meta name=\"description\" content=\"Dobywasz Koron\u0119 G\u00f3r Polski? Je\u015bli tak, musisz zdoby\u0107 Rysy - najwy\u017cszy szczyt polskich g\u00f3r. Opisujemy szlaki na Rysy, zar\u00f3wno z Morskiego Oka jak i ze S\u0142owacji.\" \/>\n\t<meta name=\"robots\" content=\"max-image-preview:large\" \/>\n\t<meta name=\"author\" content=\"Skadi\"\/>\n\t<link rel=\"canonical\" href=\"https:\/\/www.skalnik.pl\/blog\/korona-gor-polski-rysy\/\" \/>\n\t<meta name=\"generator\" content=\"All in One SEO (AIOSEO) 4.9.10\" \/>\n\t\t<meta property=\"og:locale\" content=\"pl_PL\" \/>\n\t\t<meta property=\"og:site_name\" content=\"blog Skalnik - Blog, porady, artyku\u0142y - blog Skalnik\" \/>\n\t\t<meta property=\"og:type\" content=\"article\" \/>\n\t\t<meta property=\"og:title\" content=\"Korona G\u00f3r Polski: Rysy - blog Skalnik\" \/>\n\t\t<meta property=\"og:description\" content=\"Dobywasz Koron\u0119 G\u00f3r Polski? Je\u015bli tak, musisz zdoby\u0107 Rysy - najwy\u017cszy szczyt polskich g\u00f3r. Opisujemy szlaki na Rysy, zar\u00f3wno z Morskiego Oka jak i ze S\u0142owacji.\" \/>\n\t\t<meta property=\"og:url\" content=\"https:\/\/www.skalnik.pl\/blog\/korona-gor-polski-rysy\/\" \/>\n\t\t<meta property=\"og:image\" content=\"https:\/\/www.skalnik.pl\/blog\/wp-content\/uploads\/2024\/04\/szlak-na-rysy-lancuchy.jpeg\" \/>\n\t\t<meta property=\"og:image:secure_url\" content=\"https:\/\/www.skalnik.pl\/blog\/wp-content\/uploads\/2024\/04\/szlak-na-rysy-lancuchy.jpeg\" \/>\n\t\t<meta property=\"og:image:width\" content=\"1024\" \/>\n\t\t<meta property=\"og:image:height\" content=\"680\" \/>\n\t\t<meta property=\"article:tag\" content=\"pasja\" \/>\n\t\t<meta property=\"article:tag\" content=\"korona g\u00f3r polski\" \/>\n\t\t<meta property=\"article:tag\" content=\"tatry\" \/>\n\t\t<meta property=\"article:published_time\" content=\"2024-04-02T12:17:17+00:00\" \/>\n\t\t<meta property=\"article:modified_time\" content=\"2024-04-17T07:44:24+00:00\" \/>\n\t\t<meta name=\"twitter:card\" content=\"summary_large_image\" \/>\n\t\t<meta name=\"twitter:title\" content=\"Korona G\u00f3r Polski: Rysy - blog Skalnik\" \/>\n\t\t<meta name=\"twitter:description\" content=\"Dobywasz Koron\u0119 G\u00f3r Polski? Je\u015bli tak, musisz zdoby\u0107 Rysy - najwy\u017cszy szczyt polskich g\u00f3r. Opisujemy szlaki na Rysy, zar\u00f3wno z Morskiego Oka jak i ze S\u0142owacji.\" \/>\n\t\t<meta name=\"twitter:image\" content=\"https:\/\/www.skalnik.pl\/blog\/wp-content\/uploads\/2024\/04\/szlak-na-rysy-lancuchy.jpeg\" \/>\n\t\t<script type=\"application\/ld+json\" class=\"aioseo-schema\">\n\t\t\t{\"@context\":\"https:\\\/\\\/schema.org\",\"@graph\":[{\"@type\":\"BlogPosting\",\"@id\":\"https:\\\/\\\/www.skalnik.pl\\\/blog\\\/korona-gor-polski-rysy\\\/#blogposting\",\"name\":\"Korona G\\u00f3r Polski: Rysy - blog Skalnik\",\"headline\":\"Korona G\\u00f3r Polski: Rysy\",\"author\":{\"@id\":\"https:\\\/\\\/www.skalnik.pl\\\/blog\\\/author\\\/skadi\\\/#author\"},\"publisher\":{\"@id\":\"https:\\\/\\\/www.skalnik.pl\\\/blog\\\/#organization\"},\"image\":{\"@type\":\"ImageObject\",\"url\":\"https:\\\/\\\/www.skalnik.pl\\\/blog\\\/wp-content\\\/uploads\\\/2024\\\/04\\\/rysy-kgp.jpeg\",\"width\":1920,\"height\":706},\"datePublished\":\"2024-04-02T14:17:17+02:00\",\"dateModified\":\"2024-04-17T09:44:24+02:00\",\"inLanguage\":\"pl-PL\",\"mainEntityOfPage\":{\"@id\":\"https:\\\/\\\/www.skalnik.pl\\\/blog\\\/korona-gor-polski-rysy\\\/#webpage\"},\"isPartOf\":{\"@id\":\"https:\\\/\\\/www.skalnik.pl\\\/blog\\\/korona-gor-polski-rysy\\\/#webpage\"},\"articleSection\":\"Pasja, korona g\\u00f3r polski, tatry\"},{\"@type\":\"BreadcrumbList\",\"@id\":\"https:\\\/\\\/www.skalnik.pl\\\/blog\\\/korona-gor-polski-rysy\\\/#breadcrumblist\",\"itemListElement\":[{\"@type\":\"ListItem\",\"@id\":\"https:\\\/\\\/www.skalnik.pl\\\/blog#listItem\",\"position\":1,\"name\":\"Home\",\"item\":\"https:\\\/\\\/www.skalnik.pl\\\/blog\",\"nextItem\":{\"@type\":\"ListItem\",\"@id\":\"https:\\\/\\\/www.skalnik.pl\\\/blog\\\/.\\\/pasja\\\/#listItem\",\"name\":\"Pasja\"}},{\"@type\":\"ListItem\",\"@id\":\"https:\\\/\\\/www.skalnik.pl\\\/blog\\\/.\\\/pasja\\\/#listItem\",\"position\":2,\"name\":\"Pasja\",\"item\":\"https:\\\/\\\/www.skalnik.pl\\\/blog\\\/.\\\/pasja\\\/\",\"nextItem\":{\"@type\":\"ListItem\",\"@id\":\"https:\\\/\\\/www.skalnik.pl\\\/blog\\\/korona-gor-polski-rysy\\\/#listItem\",\"name\":\"Korona G\\u00f3r Polski: Rysy\"},\"previousItem\":{\"@type\":\"ListItem\",\"@id\":\"https:\\\/\\\/www.skalnik.pl\\\/blog#listItem\",\"name\":\"Home\"}},{\"@type\":\"ListItem\",\"@id\":\"https:\\\/\\\/www.skalnik.pl\\\/blog\\\/korona-gor-polski-rysy\\\/#listItem\",\"position\":3,\"name\":\"Korona G\\u00f3r Polski: Rysy\",\"previousItem\":{\"@type\":\"ListItem\",\"@id\":\"https:\\\/\\\/www.skalnik.pl\\\/blog\\\/.\\\/pasja\\\/#listItem\",\"name\":\"Pasja\"}}]},{\"@type\":\"Organization\",\"@id\":\"https:\\\/\\\/www.skalnik.pl\\\/blog\\\/#organization\",\"name\":\"blog Skalnik\",\"description\":\"Blog, porady, artyku\\u0142y - blog Skalnik\",\"url\":\"https:\\\/\\\/www.skalnik.pl\\\/blog\\\/\"},{\"@type\":\"Person\",\"@id\":\"https:\\\/\\\/www.skalnik.pl\\\/blog\\\/author\\\/skadi\\\/#author\",\"url\":\"https:\\\/\\\/www.skalnik.pl\\\/blog\\\/author\\\/skadi\\\/\",\"name\":\"Skadi\",\"image\":{\"@type\":\"ImageObject\",\"@id\":\"https:\\\/\\\/www.skalnik.pl\\\/blog\\\/korona-gor-polski-rysy\\\/#authorImage\",\"url\":\"https:\\\/\\\/secure.gravatar.com\\\/avatar\\\/ae13ef788103b67237116ff6ca11806fd62a3875c2f169205ba46718cec9cfc7?s=96&d=mm&r=g\",\"width\":96,\"height\":96,\"caption\":\"Skadi\"}},{\"@type\":\"WebPage\",\"@id\":\"https:\\\/\\\/www.skalnik.pl\\\/blog\\\/korona-gor-polski-rysy\\\/#webpage\",\"url\":\"https:\\\/\\\/www.skalnik.pl\\\/blog\\\/korona-gor-polski-rysy\\\/\",\"name\":\"Korona G\\u00f3r Polski: Rysy - blog Skalnik\",\"description\":\"Dobywasz Koron\\u0119 G\\u00f3r Polski? Je\\u015bli tak, musisz zdoby\\u0107 Rysy - najwy\\u017cszy szczyt polskich g\\u00f3r. Opisujemy szlaki na Rysy, zar\\u00f3wno z Morskiego Oka jak i ze S\\u0142owacji.\",\"inLanguage\":\"pl-PL\",\"isPartOf\":{\"@id\":\"https:\\\/\\\/www.skalnik.pl\\\/blog\\\/#website\"},\"breadcrumb\":{\"@id\":\"https:\\\/\\\/www.skalnik.pl\\\/blog\\\/korona-gor-polski-rysy\\\/#breadcrumblist\"},\"author\":{\"@id\":\"https:\\\/\\\/www.skalnik.pl\\\/blog\\\/author\\\/skadi\\\/#author\"},\"creator\":{\"@id\":\"https:\\\/\\\/www.skalnik.pl\\\/blog\\\/author\\\/skadi\\\/#author\"},\"image\":{\"@type\":\"ImageObject\",\"url\":\"https:\\\/\\\/www.skalnik.pl\\\/blog\\\/wp-content\\\/uploads\\\/2024\\\/04\\\/rysy-kgp.jpeg\",\"@id\":\"https:\\\/\\\/www.skalnik.pl\\\/blog\\\/korona-gor-polski-rysy\\\/#mainImage\",\"width\":1920,\"height\":706},\"primaryImageOfPage\":{\"@id\":\"https:\\\/\\\/www.skalnik.pl\\\/blog\\\/korona-gor-polski-rysy\\\/#mainImage\"},\"datePublished\":\"2024-04-02T14:17:17+02:00\",\"dateModified\":\"2024-04-17T09:44:24+02:00\"},{\"@type\":\"WebSite\",\"@id\":\"https:\\\/\\\/www.skalnik.pl\\\/blog\\\/#website\",\"url\":\"https:\\\/\\\/www.skalnik.pl\\\/blog\\\/\",\"name\":\"blog Skalnik\",\"description\":\"Blog, porady, artyku\\u0142y - blog Skalnik\",\"inLanguage\":\"pl-PL\",\"publisher\":{\"@id\":\"https:\\\/\\\/www.skalnik.pl\\\/blog\\\/#organization\"}}]}\n\t\t<\/script>\n\t\t<!-- All in One SEO -->\n\n","aioseo_head_json":{"title":"Korona G\u00f3r Polski: Rysy - blog Skalnik","description":"Dobywasz Koron\u0119 G\u00f3r Polski? Je\u015bli tak, musisz zdoby\u0107 Rysy - najwy\u017cszy szczyt polskich g\u00f3r. Opisujemy szlaki na Rysy, zar\u00f3wno z Morskiego Oka jak i ze S\u0142owacji.","canonical_url":"https:\/\/www.skalnik.pl\/blog\/korona-gor-polski-rysy\/","robots":"max-image-preview:large","keywords":"","webmasterTools":{"miscellaneous":""},"schema":{"@context":"https:\/\/schema.org","@graph":[{"@type":"BlogPosting","@id":"https:\/\/www.skalnik.pl\/blog\/korona-gor-polski-rysy\/#blogposting","name":"Korona G\u00f3r Polski: Rysy - blog Skalnik","headline":"Korona G\u00f3r Polski: Rysy","author":{"@id":"https:\/\/www.skalnik.pl\/blog\/author\/skadi\/#author"},"publisher":{"@id":"https:\/\/www.skalnik.pl\/blog\/#organization"},"image":{"@type":"ImageObject","url":"https:\/\/www.skalnik.pl\/blog\/wp-content\/uploads\/2024\/04\/rysy-kgp.jpeg","width":1920,"height":706},"datePublished":"2024-04-02T14:17:17+02:00","dateModified":"2024-04-17T09:44:24+02:00","inLanguage":"pl-PL","mainEntityOfPage":{"@id":"https:\/\/www.skalnik.pl\/blog\/korona-gor-polski-rysy\/#webpage"},"isPartOf":{"@id":"https:\/\/www.skalnik.pl\/blog\/korona-gor-polski-rysy\/#webpage"},"articleSection":"Pasja, korona g\u00f3r polski, tatry"},{"@type":"BreadcrumbList","@id":"https:\/\/www.skalnik.pl\/blog\/korona-gor-polski-rysy\/#breadcrumblist","itemListElement":[{"@type":"ListItem","@id":"https:\/\/www.skalnik.pl\/blog#listItem","position":1,"name":"Home","item":"https:\/\/www.skalnik.pl\/blog","nextItem":{"@type":"ListItem","@id":"https:\/\/www.skalnik.pl\/blog\/.\/pasja\/#listItem","name":"Pasja"}},{"@type":"ListItem","@id":"https:\/\/www.skalnik.pl\/blog\/.\/pasja\/#listItem","position":2,"name":"Pasja","item":"https:\/\/www.skalnik.pl\/blog\/.\/pasja\/","nextItem":{"@type":"ListItem","@id":"https:\/\/www.skalnik.pl\/blog\/korona-gor-polski-rysy\/#listItem","name":"Korona G\u00f3r Polski: Rysy"},"previousItem":{"@type":"ListItem","@id":"https:\/\/www.skalnik.pl\/blog#listItem","name":"Home"}},{"@type":"ListItem","@id":"https:\/\/www.skalnik.pl\/blog\/korona-gor-polski-rysy\/#listItem","position":3,"name":"Korona G\u00f3r Polski: Rysy","previousItem":{"@type":"ListItem","@id":"https:\/\/www.skalnik.pl\/blog\/.\/pasja\/#listItem","name":"Pasja"}}]},{"@type":"Organization","@id":"https:\/\/www.skalnik.pl\/blog\/#organization","name":"blog Skalnik","description":"Blog, porady, artyku\u0142y - blog Skalnik","url":"https:\/\/www.skalnik.pl\/blog\/"},{"@type":"Person","@id":"https:\/\/www.skalnik.pl\/blog\/author\/skadi\/#author","url":"https:\/\/www.skalnik.pl\/blog\/author\/skadi\/","name":"Skadi","image":{"@type":"ImageObject","@id":"https:\/\/www.skalnik.pl\/blog\/korona-gor-polski-rysy\/#authorImage","url":"https:\/\/secure.gravatar.com\/avatar\/ae13ef788103b67237116ff6ca11806fd62a3875c2f169205ba46718cec9cfc7?s=96&d=mm&r=g","width":96,"height":96,"caption":"Skadi"}},{"@type":"WebPage","@id":"https:\/\/www.skalnik.pl\/blog\/korona-gor-polski-rysy\/#webpage","url":"https:\/\/www.skalnik.pl\/blog\/korona-gor-polski-rysy\/","name":"Korona G\u00f3r Polski: Rysy - blog Skalnik","description":"Dobywasz Koron\u0119 G\u00f3r Polski? Je\u015bli tak, musisz zdoby\u0107 Rysy - najwy\u017cszy szczyt polskich g\u00f3r. Opisujemy szlaki na Rysy, zar\u00f3wno z Morskiego Oka jak i ze S\u0142owacji.","inLanguage":"pl-PL","isPartOf":{"@id":"https:\/\/www.skalnik.pl\/blog\/#website"},"breadcrumb":{"@id":"https:\/\/www.skalnik.pl\/blog\/korona-gor-polski-rysy\/#breadcrumblist"},"author":{"@id":"https:\/\/www.skalnik.pl\/blog\/author\/skadi\/#author"},"creator":{"@id":"https:\/\/www.skalnik.pl\/blog\/author\/skadi\/#author"},"image":{"@type":"ImageObject","url":"https:\/\/www.skalnik.pl\/blog\/wp-content\/uploads\/2024\/04\/rysy-kgp.jpeg","@id":"https:\/\/www.skalnik.pl\/blog\/korona-gor-polski-rysy\/#mainImage","width":1920,"height":706},"primaryImageOfPage":{"@id":"https:\/\/www.skalnik.pl\/blog\/korona-gor-polski-rysy\/#mainImage"},"datePublished":"2024-04-02T14:17:17+02:00","dateModified":"2024-04-17T09:44:24+02:00"},{"@type":"WebSite","@id":"https:\/\/www.skalnik.pl\/blog\/#website","url":"https:\/\/www.skalnik.pl\/blog\/","name":"blog Skalnik","description":"Blog, porady, artyku\u0142y - blog Skalnik","inLanguage":"pl-PL","publisher":{"@id":"https:\/\/www.skalnik.pl\/blog\/#organization"}}]},"og:locale":"pl_PL","og:site_name":"blog Skalnik - Blog, porady, artyku\u0142y - blog Skalnik","og:type":"article","og:title":"Korona G\u00f3r Polski: Rysy - blog Skalnik","og:description":"Dobywasz Koron\u0119 G\u00f3r Polski? Je\u015bli tak, musisz zdoby\u0107 Rysy - najwy\u017cszy szczyt polskich g\u00f3r. Opisujemy szlaki na Rysy, zar\u00f3wno z Morskiego Oka jak i ze S\u0142owacji.","og:url":"https:\/\/www.skalnik.pl\/blog\/korona-gor-polski-rysy\/","og:image":"https:\/\/www.skalnik.pl\/blog\/wp-content\/uploads\/2024\/04\/szlak-na-rysy-lancuchy.jpeg","og:image:secure_url":"https:\/\/www.skalnik.pl\/blog\/wp-content\/uploads\/2024\/04\/szlak-na-rysy-lancuchy.jpeg","og:image:width":1024,"og:image:height":680,"article:tag":["pasja","korona g\u00f3r polski","tatry"],"article:published_time":"2024-04-02T12:17:17+00:00","article:modified_time":"2024-04-17T07:44:24+00:00","twitter:card":"summary_large_image","twitter:title":"Korona G\u00f3r Polski: Rysy - blog Skalnik","twitter:description":"Dobywasz Koron\u0119 G\u00f3r Polski? Je\u015bli tak, musisz zdoby\u0107 Rysy - najwy\u017cszy szczyt polskich g\u00f3r. Opisujemy szlaki na Rysy, zar\u00f3wno z Morskiego Oka jak i ze S\u0142owacji.","twitter:image":"https:\/\/www.skalnik.pl\/blog\/wp-content\/uploads\/2024\/04\/szlak-na-rysy-lancuchy.jpeg"},"aioseo_meta_data":{"post_id":"26052","title":null,"description":"Dobywasz Koron\u0119 G\u00f3r Polski? Je\u015bli tak, musisz zdoby\u0107 Rysy - najwy\u017cszy szczyt polskich g\u00f3r. Opisujemy szlaki na Rysy, zar\u00f3wno z Morskiego Oka jak i ze S\u0142owacji.","keywords":[],"keyphrases":{"focus":{"keyphrase":"rysy","score":100,"analysis":{"keyphraseInTitle":{"score":9,"maxScore":9,"error":0},"keyphraseInDescription":{"score":9,"maxScore":9,"error":0},"keyphraseLength":{"score":9,"maxScore":9,"error":0,"length":1},"keyphraseInURL":{"score":5,"maxScore":5,"error":0},"keyphraseInIntroduction":{"score":9,"maxScore":9,"error":0},"keyphraseInSubHeadings":{"score":9,"maxScore":9,"error":0},"keyphraseInImageAlt":{"score":9,"maxScore":9,"error":0}}},"additional":[]},"primary_term":null,"canonical_url":null,"og_title":null,"og_description":null,"og_object_type":"default","og_image_type":"default","og_image_url":null,"og_image_width":null,"og_image_height":null,"og_image_custom_url":null,"og_image_custom_fields":null,"og_video":"","og_custom_url":null,"og_article_section":null,"og_article_tags":[],"twitter_use_og":false,"twitter_card":"default","twitter_image_type":"default","twitter_image_url":null,"twitter_image_custom_url":null,"twitter_image_custom_fields":null,"twitter_title":null,"twitter_description":null,"schema":{"blockGraphs":[],"customGraphs":[],"default":{"data":{"Article":[],"Course":[],"Dataset":[],"FAQPage":[],"Movie":[],"Person":[],"Product":[],"ProductReview":[],"Car":[],"Recipe":[],"Service":[],"SoftwareApplication":[],"WebPage":[]},"graphName":"","isEnabled":true},"graphs":[]},"schema_type":"default","schema_type_options":null,"pillar_content":false,"robots_default":true,"robots_noindex":false,"robots_noarchive":false,"robots_nosnippet":false,"robots_nofollow":false,"robots_noimageindex":false,"robots_noodp":false,"robots_notranslate":false,"robots_max_snippet":"-1","robots_max_videopreview":"-1","robots_max_imagepreview":"large","priority":null,"frequency":"default","local_seo":null,"breadcrumb_settings":null,"limit_modified_date":false,"ai":null,"created":"2024-04-02 07:14:37","updated":"2026-02-17 22:52:01","seo_analyzer_scan_date":null},"aioseo_breadcrumb":"<div class=\"aioseo-breadcrumbs\"><span class=\"aioseo-breadcrumb\">\n\t\t\t<a href=\"https:\/\/www.skalnik.pl\/blog\" title=\"Home\">Home<\/a>\n\t\t<\/span><span class=\"aioseo-breadcrumb-separator\">&raquo;<\/span><span class=\"aioseo-breadcrumb\">\n\t\t\t<a href=\"https:\/\/www.skalnik.pl\/blog\/.\/pasja\/\" title=\"Pasja\">Pasja<\/a>\n\t\t<\/span><span class=\"aioseo-breadcrumb-separator\">&raquo;<\/span><span class=\"aioseo-breadcrumb\">\n\t\t\tKorona G\u00f3r Polski: Rysy\n\t\t<\/span><\/div>","aioseo_breadcrumb_json":[{"label":"Home","link":"https:\/\/www.skalnik.pl\/blog"},{"label":"Pasja","link":"https:\/\/www.skalnik.pl\/blog\/.\/pasja\/"},{"label":"Korona G\u00f3r Polski: Rysy","link":"https:\/\/www.skalnik.pl\/blog\/korona-gor-polski-rysy\/"}],"_links":{"self":[{"href":"https:\/\/www.skalnik.pl\/blog\/wp-json\/wp\/v2\/posts\/26052","targetHints":{"allow":["GET"]}}],"collection":[{"href":"https:\/\/www.skalnik.pl\/blog\/wp-json\/wp\/v2\/posts"}],"about":[{"href":"https:\/\/www.skalnik.pl\/blog\/wp-json\/wp\/v2\/types\/post"}],"author":[{"embeddable":true,"href":"https:\/\/www.skalnik.pl\/blog\/wp-json\/wp\/v2\/users\/39"}],"replies":[{"embeddable":true,"href":"https:\/\/www.skalnik.pl\/blog\/wp-json\/wp\/v2\/comments?post=26052"}],"version-history":[{"count":10,"href":"https:\/\/www.skalnik.pl\/blog\/wp-json\/wp\/v2\/posts\/26052\/revisions"}],"predecessor-version":[{"id":26075,"href":"https:\/\/www.skalnik.pl\/blog\/wp-json\/wp\/v2\/posts\/26052\/revisions\/26075"}],"wp:featuredmedia":[{"embeddable":true,"href":"https:\/\/www.skalnik.pl\/blog\/wp-json\/wp\/v2\/media\/26054"}],"wp:attachment":[{"href":"https:\/\/www.skalnik.pl\/blog\/wp-json\/wp\/v2\/media?parent=26052"}],"wp:term":[{"taxonomy":"category","embeddable":true,"href":"https:\/\/www.skalnik.pl\/blog\/wp-json\/wp\/v2\/categories?post=26052"},{"taxonomy":"post_tag","embeddable":true,"href":"https:\/\/www.skalnik.pl\/blog\/wp-json\/wp\/v2\/tags?post=26052"},{"taxonomy":"magento_category","embeddable":true,"href":"https:\/\/www.skalnik.pl\/blog\/wp-json\/wp\/v2\/magento_category?post=26052"},{"taxonomy":"magento_product","embeddable":true,"href":"https:\/\/www.skalnik.pl\/blog\/wp-json\/wp\/v2\/magento_product?post=26052"}],"curies":[{"name":"wp","href":"https:\/\/api.w.org\/{rel}","templated":true}]}}