{"id":26151,"date":"2024-08-27T10:33:19","date_gmt":"2024-08-27T08:33:19","guid":{"rendered":"https:\/\/www.skalnik.pl\/blog\/?p=26151"},"modified":"2024-08-27T10:33:20","modified_gmt":"2024-08-27T08:33:20","slug":"bez-paliwa-rakieta-nie-poleci-wywiad-z-piotrem-hercogiem","status":"publish","type":"post","link":"https:\/\/www.skalnik.pl\/blog\/bez-paliwa-rakieta-nie-poleci-wywiad-z-piotrem-hercogiem\/","title":{"rendered":"&#8222;Bez paliwa rakieta nie poleci&#8221; &#8211; wywiad z Piotrem Hercogiem"},"content":{"rendered":"\n<p><strong>Piotrze, wiem \u017ce jeste\u015b cz\u0142owiekiem wielu pasji. Je\u017celi si\u0119 Tobie <\/strong><strong>bli\u017cej<\/strong><strong> przyjrze\u0107, to wida\u0107 \u017ce no nie potrafisz usiedzie\u0107 na miejscu i podejmujesz si\u0119 wielu aktywno\u015bci zwi\u0105zanych z g\u00f3rami. Jeste\u015b biegaczem g\u00f3rskim, ratownikiem Grupy Sudeckiej GOPR, organizatorem du\u017cych imprez biegowych, takich jak Dolno\u015bl\u0105ski Festiwal Bieg\u00f3w G\u00f3rskich, instruktorem wspinaczki, kiedy\u015b prowadzi\u0142e\u015b nawet schronisko g\u00f3rskie. Zdecydowanie nie boisz si\u0119 wyzwa\u0144. Sporo tego, ale jak Piotra Hercoga mo\u017cna okre\u015bli\u0107 najpro\u015bciej.<\/strong><\/p>\n\n\n\n<p>To nie jest \u0142atwe&#8230; nie istnieje \u0142atwa odpowied\u017a. Zakres tych r\u00f3\u017cnych moich zainteresowa\u0144, kt\u00f3ry wymieni\u0142e\u015b, jest bardzo szeroki. Ci\u0119\u017cko tak jednym s\u0142owem scharakteryzowa\u0107 si\u0119, ale pr\u00f3buj\u0105c znale\u017a\u0107 jak\u0105\u015b formu\u0142\u0119, powiedzia\u0142bym, \u017ce jestem poszukiwaczem przyg\u00f3d, kt\u00f3re mo\u017cna prze\u017cy\u0107 na r\u00f3\u017cnoraki spos\u00f3b: sportowy, podr\u00f3\u017cniczy, czy jeszcze jaki\u015b inny. To jest chyba taka bardzo szeroka definicja, ale nie jestem w stanie zdefiniowa\u0107 si\u0119 dok\u0142adniej.<\/p>\n\n\n\n<p><strong>Czyli mimo tego, \u017ce jeste\u015b uznanym sportowcem, jednym z najbardziej rozpoznawalnych ultras\u00f3w w Polsce, to najkr\u00f3cej rzecz ujmuj\u0105c nap\u0119dza Ci\u0119 przygoda, a niekoniecznie rywalizacja?<\/strong><\/p>\n\n\n\n<p>Tak, chyba dominuj\u0105cym motywatorem jest przygoda. Podr\u00f3\u017ce, poznawanie ludzi i miejsc, prze\u017cywanie wszystkich tych sytuacji jest istotne. Nie ukrywam, gdzie\u015b ten sport i rywalizacja na pewno te\u017c, ale coraz cz\u0119\u015bciej zauwa\u017cam, \u017ce to szybkie poruszanie si\u0119 po g\u00f3rach jest te\u017c tak\u0105 form\u0105 z szybszego zwiedzania. Jestem bardzo \u0142akomy wszystkich tych rzeczy, a czasu nie jest ma\u0142o.<\/p>\n\n\n\n<figure class=\"wp-block-image size-full\"><img loading=\"lazy\" decoding=\"async\" width=\"1024\" height=\"683\" src=\"https:\/\/www.skalnik.pl\/blog\/wp-content\/uploads\/2024\/04\/press-media-2-1481294680.jpg\" alt=\"piotr hercog g\u00f3ry sto\u0142owe\" class=\"wp-image-26154\" srcset=\"https:\/\/www.skalnik.pl\/blog\/wp-content\/uploads\/2024\/04\/press-media-2-1481294680.jpg 1024w, https:\/\/www.skalnik.pl\/blog\/wp-content\/uploads\/2024\/04\/press-media-2-1481294680-300x200.jpg 300w, https:\/\/www.skalnik.pl\/blog\/wp-content\/uploads\/2024\/04\/press-media-2-1481294680-768x512.jpg 768w\" sizes=\"auto, (max-width: 1024px) 100vw, 1024px\" \/><\/figure>\n\n\n\n<p><strong>To prawda, w czasie kilku godzin, biegowo mo\u017cna zrobi\u0107 takie trasy, na kt\u00f3re by\u015bmy po\u015bwi\u0119cili ca\u0142odniow\u0105 wycieczk\u0119. Dzi\u0119ki temu faktycznie mo\u017cna realizowa\u0107 pasje i nie zaniedbywa\u0107 obowi\u0105zk\u00f3w w dolinach.<\/strong><\/p>\n\n\n\n<p>Patrz\u0105c tak bardzo przyziemnie, to w obecnych czasach mamy coraz mniej tych godzin wolnych. Bardziej sportowe podej\u015bcie mo\u017ce pozwoli\u0107 po\u0142ata\u0107 obowi\u0105zki i pasje. Tak\u0105 szybk\u0105 form\u0119 dzia\u0142ania mo\u017cna nawet przenosi\u0107 w g\u00f3ry wysokie. Dzi\u0119ki szybszemu stylowi dzia\u0142ania nie marnujemy czasu na jednym elemencie przez trzy, cztery, pi\u0119\u0107 tygodni, tylko staramy si\u0119 bardzo intensywnie realizowa\u0107 plany i prze\u017cywa\u0107. Kiedy\u015b dyskutowa\u0142em o tym nawet z Andrzejem Bargielem i on \u2013 ale nie tylko on, bo jest wi\u0119cej takich os\u00f3b z m\u0142odego pokolenia \u2013 wychodzi tak\u017ce z za\u0142o\u017cenia, \u017ce nawet je\u015bli obieramy powa\u017cne, wysokie cele, kt\u00f3re wymagaj\u0105 aklimatyzacji, to i tak mo\u017cna ca\u0142\u0105 akcj\u0119 przyspieszy\u0107, by nie siedzie\u0107, jak kiedy\u015b, przy obl\u0119\u017cniczych wyprawach cztery czy sze\u015b\u0107 tygodni pod jedn\u0105 g\u00f3r\u0105. Mo\u017cna aklimatyzowa\u0107 si\u0119 te\u017c gdzie\u015b indziej i potem przenosi\u0107 na g\u0142\u00f3wny cel. Dzi\u0119ki temu prze\u017cywamy wi\u0119cej.<\/p>\n\n\n\n<p>Zreszt\u0105, pozostaj\u0105c przy g\u00f3rach wysokich, mamy dzi\u015b wi\u0119cej mo\u017cliwo\u015bci, cho\u0107by tych logistycznych, co wp\u0142ywa na to, \u017ce himalaizm si\u0119 bardzo zmienia. Kiedy\u015b ten \u201eszlachetny\u201d, obl\u0119\u017cniczy styl by\u0142 dominuj\u0105cy, ale to si\u0119 ju\u017c zmieni\u0142o. Sportowy styl b\u0119dzie raczej dominowa\u0142, to jest przysz\u0142o\u015b\u0107.<\/p>\n\n\n\n<p><strong>Spogl\u0105daj\u0105c jeszcze na moment w przesz\u0142o\u015b\u0107\u2026 Twoja g\u00f3rska pasja i sportowe zaci\u0119cie \u2013 one zawsze Ci towarzyszy\u0142y, czy by\u0142 jaki\u015b moment, kiedy si\u0119 to objawi\u0142o?<\/strong><\/p>\n\n\n\n<p>Jak pogrzebi\u0119 w pami\u0119ci daleko \u2013 tak do lat m\u0142odzie\u0144czych \u2013 to my\u015bl\u0119, \u017ce to si\u0119 bardzo zmienia\u0142o. Na pewno zawsze by\u0142a ch\u0119\u0107 odkrywania czego\u015b nowego i \u0142akomstwo przyg\u00f3d. Od dawna towarzyszy\u0142 mi jaki\u015b element rywalizacji, bo zanim biega\u0142em po g\u00f3rach, to w moim \u017cyciu by\u0142a pi\u0142ka no\u017cna i zawody w biegach na orientacj\u0119. Teraz rywalizacja mo\u017ce traci troch\u0119 na znaczeniu, mimo to ten element, by zrobi\u0107 co\u015b szybciej, zawsze siedzi mi w g\u0142owie, czy to na zawodach, czy w bardziej przygodowych projektach.<\/p>\n\n\n\n<figure class=\"wp-block-image size-full\"><img loading=\"lazy\" decoding=\"async\" width=\"1024\" height=\"683\" src=\"https:\/\/www.skalnik.pl\/blog\/wp-content\/uploads\/2024\/04\/2018-azores-ultra-run-2-1548426394.jpg\" alt=\"piotr hercog azores ultra run\" class=\"wp-image-26155\" srcset=\"https:\/\/www.skalnik.pl\/blog\/wp-content\/uploads\/2024\/04\/2018-azores-ultra-run-2-1548426394.jpg 1024w, https:\/\/www.skalnik.pl\/blog\/wp-content\/uploads\/2024\/04\/2018-azores-ultra-run-2-1548426394-300x200.jpg 300w, https:\/\/www.skalnik.pl\/blog\/wp-content\/uploads\/2024\/04\/2018-azores-ultra-run-2-1548426394-768x512.jpg 768w\" sizes=\"auto, (max-width: 1024px) 100vw, 1024px\" \/><\/figure>\n\n\n\n<p><strong>No w\u0142a\u015bnie, biegi g\u00f3rskie to Twoje g\u0142\u00f3wne zainteresowanie, ale wcze\u015bniej to by\u0142y rajdy przygodowe, prawda?<\/strong><\/p>\n\n\n\n<p>Tak, bieganie i zawody dominowa\u0142o u mnie przez ostatni\u0105 dekad\u0119, dzi\u015b skr\u0119cam po prostu w kierunku szybkiego poruszania si\u0119 po g\u00f3rach. Przed biegami by\u0142 czas start\u00f3w rajdach przygodowych. Przez dziesi\u0119\u0107 lat startowa\u0142em w rajdach i by\u0142 taki poligon dla mojego organizmu. Oczywi\u015bcie w tym czasie musia\u0142em podnosi\u0107 sw\u00f3j poziom sportowy, \u017ceby bra\u0107 pod uwag\u0119 kolejne starty w powa\u017cnych imprezach. Budowali\u015bmy to razem z ekip\u0105, bo to by\u0142y najcz\u0119\u015bciej starty zespo\u0142owe. Takie starty bardzo du\u017co nauczy\u0142y mnie tego, ile organizm ludzki jest w stanie znie\u015b\u0107, pokaza\u0142y mi gdzie s\u0105 moje granice, w jakim momencie powinienem czasami odpu\u015bci\u0107 albo zwolni\u0107. To mi da\u0142o p\u00f3\u017aniej du\u017c\u0105 przewag\u0119 w tym, jak planowa\u0107 biegi, szczeg\u00f3lnie te najd\u0142u\u017csze.<\/p>\n\n\n\n<p><strong>Dzi\u015b bardzo du\u017co os\u00f3b biega r\u00f3wnie\u017c w g\u00f3rach. Powiedz, czy to jest dla wszystkich?<\/strong><\/p>\n\n\n\n<p>Z perspektywy wielu lat i wielu spotka\u0144 z osobami, kt\u00f3re biegaj\u0105, mog\u0119 powiedzie\u0107, \u017ce jest to aktywno\u015b\u0107 dla wszystkich. Poruszanie si\u0119 szybsze po g\u00f3rach, czy to jest bieganie czy marszobieg, jest dla wszystkich. Oczywi\u015bcie ka\u017cdy z nas ma inny poziom sportowy i wyj\u015bciowy, zupe\u0142nie inne do\u015bwiadczenia kondycyjne. Inaczej musimy zaczyna\u0107, natomiast ka\u017cdy z nas i to bez wzgl\u0119du na wiek, mo\u017ce mo\u017ce i\u015b\u0107 w t\u0119 stron\u0119, mo\u017ce popr\u00f3bowa\u0107. Nawet mo\u017ce podj\u0105\u0107 si\u0119 start\u00f3w w zawodach. W wi\u0119kszo\u015bci limity na zawodach s\u0105 tak du\u017ce, \u017ce osoba, kt\u00f3ra szybko chodzi, jest w stanie si\u0119 w nich zmie\u015bci\u0107. Pami\u0119ta\u0107 nale\u017cy o jednym. Trzeba sobie tylko takie aktywno\u015bci dozowa\u0107, \u017ceby sprawdza\u0107 ten sw\u00f3j organizm, na ile sobie mo\u017cemy pozwoli\u0107. Trzeba zaczyna\u0107 od kr\u00f3tszych dystans\u00f3w, a gdy czujemy si\u0119 dobrze wyd\u0142u\u017cy\u0107 dystans lub przyspieszy\u0107. W bieganiu \u2013 jak w ka\u017cdym innym sporcie \u2013 trzeba mie\u0107 te\u017c pewn\u0105 systematyk\u0119. Ona sprawia, \u017ce b\u0119dziemy si\u0119 czuli coraz lepiej, b\u0119dzie nam to sprawia\u0107 wi\u0119cej przyjemno\u015bci i doprowadzi do tego, \u017ce z up\u0142ywem czasu b\u0119dziemy mogli pozwala\u0107 sobie na wi\u0119cej i wi\u0119cej.<\/p>\n\n\n\n<p><strong>Ile trzeba po\u015bwi\u0119ci\u0107 czasu na bieganie? Ile trenujesz, \u017ceby utrzyma\u0107 form\u0119?<\/strong><\/p>\n\n\n\n<p>Planowanie treningu zale\u017cy od tego, co chcemy osi\u0105gn\u0105\u0107. Znam bardzo wiele os\u00f3b, dla kt\u00f3rych g\u0142\u00f3wnym celem jest po prostu sprawno\u015b\u0107. Nawet je\u015bli startuj\u0105 w zawodach, to wynik jest drugorz\u0119dny, robi\u0105 to dla \u201efanu\u201d. Sp\u0142ycaj\u0105c t\u0119 odpowied\u017a, najwa\u017cniejsze jest \u017ceby du\u017co si\u0119 rusza\u0107 i podejmowa\u0107 r\u00f3\u017cne aktywno\u015bci sportowe, nie tylko bieganie. Dwa, trzy razy warto si\u0119 w tygodniu wybiega\u0107. To nie musz\u0105 by\u0107 dystanse ultra. Inn\u0105 spraw\u0105 jest podej\u015bcie sportowe i tu zale\u017cno\u015bci jest bardzo wiele. Je\u015bli o mnie chodzi, biegam od 7, 8 kilometr\u00f3w do 20, 25 kilometr\u00f3w. Nie wi\u0119cej. To wystarczy, by potem pokonywa\u0107 o wiele d\u0142u\u017csze dystansy, dlatego nie katujmy si\u0119. Wszystko nale\u017cy robi\u0107 z g\u0142ow\u0105 i uzupe\u0142nia\u0107 treningi jakimi\u015b innymi sportami: si\u0142ownia, narty biegowe, skitury, wspinanie.<\/p>\n\n\n\n<figure class=\"wp-block-image size-full\"><img loading=\"lazy\" decoding=\"async\" width=\"1024\" height=\"768\" src=\"https:\/\/www.skalnik.pl\/blog\/wp-content\/uploads\/2024\/04\/2018-moab-endurance-run-1-1548431178.jpg\" alt=\"piotr hercog yosemite national park \" class=\"wp-image-26157\" srcset=\"https:\/\/www.skalnik.pl\/blog\/wp-content\/uploads\/2024\/04\/2018-moab-endurance-run-1-1548431178.jpg 1024w, https:\/\/www.skalnik.pl\/blog\/wp-content\/uploads\/2024\/04\/2018-moab-endurance-run-1-1548431178-300x225.jpg 300w, https:\/\/www.skalnik.pl\/blog\/wp-content\/uploads\/2024\/04\/2018-moab-endurance-run-1-1548431178-768x576.jpg 768w\" sizes=\"auto, (max-width: 1024px) 100vw, 1024px\" \/><\/figure>\n\n\n\n<p><strong>To bardzo ciekawe, bo mo\u017ce si\u0119 wydawa\u0107, \u017ce je\u015bli chcemy zosta\u0107 ultrasem, to \u2013 na przyk\u0142ad \u2013 raz w miesi\u0105cu nale\u017ca\u0142oby przebiec dystans ultra\u2026<\/strong><\/p>\n\n\n\n<p>Teraz obci\u0105\u017cenia mam troszeczk\u0119 mniejsze, bo nie mam takich cz\u0119stych i systematycznych plan\u00f3w startowych, ale nawet jak by\u0142em w mojej takiej optymalnej formie, to bardzo rzadko mi si\u0119 zdarza\u0142o przekroczy\u0107 dystans 25 czy 30 kilometr\u00f3w i to raz w tygodniu. Z regu\u0142y w czasie tygodnia jeden lub dwa treningi s\u0105 takie d\u0142ugie, a wszystkie inne to kr\u00f3tkie treningi, ale zr\u00f3\u017cnicowane. Trzeba bieganie r\u00f3\u017cnicowa\u0107, bo po pierwsze wtedy nam si\u0119 nie nudzi, a po drugie bardziej wtedy pobudzamy cia\u0142o i organizm efektywniej reaguje na zmiany. W podnoszeniu naszej formy taka zmienno\u015b\u0107 i adaptacja organizmu jest kluczowa.<\/p>\n\n\n\n<p><strong>Warto te\u017c powiedzie\u0107, \u017ce na zawodach warto biega\u0107 dla atmosfery. Biegacze to te\u017c cz\u0119\u015b\u0107 takiej fajnej, g\u00f3rskiej spo\u0142eczno\u015bci i fajnych imprez, gdzie po prostu spotykasz innych i prze\u017cywasz emocje. Dla tych emocji si\u0119 te\u017c startuje.<\/strong><\/p>\n\n\n\n<p>O tak, to prawda biegi g\u00f3rskie maj\u0105 swoj\u0105 specyfik\u0119, wok\u00f3\u0142 nich istnieje takie podw\u00f3rko ludzi, kt\u00f3rzy si\u0119 lubi\u0105 i lubi\u0105 aktywno\u015bci w g\u00f3rach. Na zawodach jest cz\u0119sto wyj\u0105tkowy klimat, a tak\u017ce ju\u017c po biegu. Z tymi lud\u017ami warto si\u0119 spotka\u0107, podyskutowa\u0107, czasami po takich rozmowach udaje si\u0119 wymy\u015bli\u0107 jaki\u015b kolejny projekt lub wyznaczy\u0107 cel, do kt\u00f3rego b\u0119dziemy d\u0105\u017cy\u0107, o kt\u00f3rym b\u0119dziemy marzy\u0107. A to jest istotne. Je\u017celi ja mam jaki\u015b cel , to bardziej si\u0119 przyk\u0142adam na co dzie\u0144, by przy ogromie obowi\u0105zk\u00f3w zawodowych i domowych wygospodarowa\u0107 jeszcze czas na trening. Lepiej zarz\u0105dzamy wtedy czasem i ja przynajmniej tak mam, \u017ce czym mniej tego czasu, tym potrafi\u0119 lepiej go wykorzysta\u0107 i jestem zadowolony, \u017ce wszystko jest pouk\u0142adane. Oczywi\u015bcie wiele os\u00f3b ma ci\u0119\u017ck\u0105 prac\u0119 i po niej odczuwa zm\u0119czenie. Wielu biegaczy jednak motywuje si\u0119, trenuje na takim zm\u0119czeniu i w ten spos\u00f3b zwi\u0119ksza pojemno\u015b\u0107 swoich akumulator\u00f3w, co p\u00f3\u017aniej owocuje tym, \u017ce organizm mo\u017ce wi\u0119cej.<\/p>\n\n\n\n<iframe loading=\"lazy\" width=\"800\" height=\"442\" src=\"https:\/\/www.youtube.com\/embed\/-Do_6PPRe9s?si=1SSTJ50s8R0VNH0-\" title=\"YouTube video player\" frameborder=\"0\" allow=\"accelerometer; autoplay; clipboard-write; encrypted-media; gyroscope; picture-in-picture; web-share\" referrerpolicy=\"strict-origin-when-cross-origin\" allowfullscreen><\/iframe>\n\n\n\n<p><strong>Powiedz mi, co jest najtrudniejsze w czasie takich rajd\u00f3w d\u0142ugodystansowych i bieg\u00f3w ultra? Co jest najwi\u0119kszym wyzwaniem z Twojej perspektywy?<\/strong><\/p>\n\n\n\n<p>U ka\u017cdego mo\u017ce by\u0107 troszeczk\u0119 inaczej, ka\u017cdy czynnik mo\u017ce powodowa\u0107 my\u015bl o rezygnacji. W pocz\u0105tkowym okresie najtrudniejszy by\u0142 dla mnie brak snu. Cz\u0119sto powodem rezygnacji jest suma kilku kluczowych czynnik\u00f3w \u2013 opr\u00f3cz braku snu, zm\u0119czenie czy otarcia. Brak si\u0142 cz\u0119sto powodowa\u0142 u mnie my\u015blenie, \u017ce ju\u017c mam do\u015b\u0107 i my\u015bla\u0142em o rezygnacji. Natomiast z ka\u017cdym kolejnym rokiem pewne rzeczy da\u0142o si\u0119 wytrenowa\u0107, a zm\u0119czenie i wysi\u0142ek opanowa\u0107. Prawda jest taka, \u017ce z czasem te\u017c przyzwyczajamy si\u0119 do tego, \u017ce zm\u0119czenie czy brak snu to nie jest nic skrajnego. Organizm przyzwyczaja si\u0119 te\u017c do b\u00f3lu, da si\u0119 to w jakim\u015b stopniu odsun\u0105\u0107. Ten b\u00f3l oczywi\u015bcie jest. To nie jest tak, \u017ce kto\u015b, kto szybko si\u0119 porusza i du\u017co trenuje, nie ma tego b\u00f3lu i jest jakim\u015b niezniszczalnym cz\u0142owiekiem. Brak snu jest nadal elementem, kt\u00f3ry sprawia trudno\u015b\u0107 i towarzyszy mi przez okres ca\u0142ej tej sportowej kariery. Nie da si\u0119 tego wyeliminowa\u0107 \u2013 g\u0142\u00f3wnie przy tych d\u0142ugodystansowych rajdach, bo bieg\u00f3w, w kt\u00f3rych trzeba si\u0119 z tym zmierzy\u0107 jest mniej. Przez te lata uda\u0142o mi si\u0119 poprzesuwa\u0107 troch\u0119 granice i do tych 40 godzin aktywno\u015bci to dzi\u015b daj\u0119 rad\u0119 wytrzyma\u0107 bez snu. To wymaga\u0142o czasu i wielu do\u015bwiadcze\u0144. Bardzo du\u017co siedzi w naszej g\u0142owie i po takich do\u015bwiadczeniach umys\u0142 wie, \u017ce skoro kiedy\u015b da\u0142 rad\u0119, to jest to mo\u017cliwe. Du\u017co zale\u017cy jak si\u0119 nastawimy do takiego wyzwania.<\/p>\n\n\n\n<p><strong>Tak, g\u0142owa to jedno, ale organizm te\u017c musi dzia\u0142a\u0107 jak sprawna maszyna, kt\u00f3ra potrzebuje paliwa. Czy masz jak\u0105\u015b specjaln\u0105 diet\u0119?<\/strong><\/p>\n\n\n\n<p>Bez paliwa rakieta nie poleci! To jest bardzo istotny element. Im wy\u017cszy poziom chcemy osi\u0105gn\u0105\u0107, tym wi\u0119cej element\u00f3w i szczeg\u00f3\u0142\u00f3w ma znaczenie. W pocz\u0105tkowym okresie wszystko przechodzi, ale gdy wchodzimy na wy\u017cszy poziom, to musimy zwr\u00f3ci\u0107 uwag\u0119, na wszystko, bo balansujemy na granicy przeci\u0105\u017cenia. Trzeba pami\u0119ta\u0107, \u017ce musi by\u0107 czas na trening i na odpoczynek, ale te\u017c musimy znale\u017a\u0107 czas na dobre od\u017cywianie. To musi by\u0107 wszystko pouk\u0142adane, \u017ceby i\u015b\u0107 do przodu. Szczeg\u00f3lnie na takich d\u0142ugich wyprawach, czy startach w biegach, ma bardzo du\u017ce znaczenie. Je\u015bli nie dostarczymy odpowiednich ilo\u015bci energii, to nasz organizm po prostu stanie. Je\u017celi dostarczymy energii \u017ale, to rozstroimy organizm. To jest bardzo cz\u0119sty problem. Wiele os\u00f3b, nawet je\u015bli mo\u017ce si\u0119 \u015bciga\u0107 na du\u017cych dystansach, to cz\u0119sto w czasie biegu ma problemy z brzuchem, jedzeniem, z przyjmowaniem pokarmu.<\/p>\n\n\n\n<p>Na co dzie\u0144 nie mam \u015bci\u015ble okre\u015blonej diety. Staram si\u0119 je\u015b\u0107 w zr\u00f3wnowa\u017cony spos\u00f3b. Mog\u0119 sobie pozwoli\u0107 na wszystko, ale\u2026 omijaj\u0105c oczywi\u015bcie pewne produkty, rzeczy, czy ilo\u015bci. \u017baden produkt tak naprawd\u0119 nas nie zabije, kluczowa jest natomiast ilo\u015b\u0107 tego, co spo\u017cywamy. Im bli\u017cej zawod\u00f3w, czy jakiego\u015b celu, tym bardziej zwracam uwag\u0119 na jedzenie i wybieram starannie produkty. Inn\u0105 kwesti\u0105 jest te\u017c \u017cywienie w czasie wysi\u0142ku. Wtedy wybieramy tylko takie produkty, kt\u00f3re s\u0105 po\u017cywne i sprawdzone. Takie, kt\u00f3re dadz\u0105 nam energi\u0119.<\/p>\n\n\n\n<figure class=\"wp-block-image size-full\"><img loading=\"lazy\" decoding=\"async\" width=\"1024\" height=\"683\" src=\"https:\/\/www.skalnik.pl\/blog\/wp-content\/uploads\/2024\/04\/2019-chicamocha-canyon-race-18-1622537555.jpg\" alt=\"piotr hercig mountain chellenge\" class=\"wp-image-26163\" srcset=\"https:\/\/www.skalnik.pl\/blog\/wp-content\/uploads\/2024\/04\/2019-chicamocha-canyon-race-18-1622537555.jpg 1024w, https:\/\/www.skalnik.pl\/blog\/wp-content\/uploads\/2024\/04\/2019-chicamocha-canyon-race-18-1622537555-300x200.jpg 300w, https:\/\/www.skalnik.pl\/blog\/wp-content\/uploads\/2024\/04\/2019-chicamocha-canyon-race-18-1622537555-768x512.jpg 768w\" sizes=\"auto, (max-width: 1024px) 100vw, 1024px\" \/><\/figure>\n\n\n\n<p><strong>Czy w takim razie masz jaki\u015b schemat \u017cywienia w czasie biegu? Czy \u2013 na przyk\u0142ad \u2013 co okre\u015blony czas si\u0119gasz po co\u015b? Co zabierasz do biegowego plecaka, a po co si\u0119gasz na punkcie od\u017cywczym?<\/strong><\/p>\n\n\n\n<p>Ka\u017cdy bieg ma swoj\u0105 specyfik\u0119. Najpierw musisz si\u0119 wczyta\u0107, jakie s\u0105 te punkty i co jaki dystans. Je\u017celi mam tak\u0105 mo\u017cliwo\u015b\u0107, staram si\u0119 omija\u0107 bufety i nie eksperymentowa\u0107 w czasie biegu. Oczywi\u015bcie nie zawsze si\u0119 da, bo s\u0105 biegi, w kt\u00f3rych nie mo\u017cna mie\u0107 supportu z zewn\u0105trz. S\u0105 jednak te\u017c zawody z zakazem takiej pomocy, lub s\u0105 one w miejscach, gdzie jest ta pomoc niemo\u017cliwa. W takim wypadku korzystam z punkt\u00f3w i wiem, \u017ce na nich mog\u0119 pozwoli\u0107 sobie przede wszystkim na p\u0142yny \u2013 wod\u0119, izotoniki \u2013 a z jedzenia to zazwyczaj s\u0105 owoce. Co\u015b do jedzenia zwykle tak\u017ce sobie nios\u0119, ale tu wa\u017cny jest kompromis, bo ka\u017cde p\u00f3\u0142 kilograma ma du\u017ce znaczenie na wynik sportowy. Przygotowa\u0107 sobie mo\u017cna zatem pewien, niewielki zapas w lekkiej formie. Izotoniki, \u017cele, musy, batoniki, to s\u0105 takie produkty. Wa\u017cne, \u017ceby nie zabiera\u0107 tylko takich produkt\u00f3w, kt\u00f3re z nazwy czy sk\u0142adu obiecuj\u0105 wiele. Najgorzej jest, gdy co\u015b nam nie smakuje, \u201enie wchodzi\u201d. Musz\u0105 to by\u0107 rzeczy sprawdzone i dla nas smaczne. Najlepiej jest, gdy na punktach od\u017cywczych mo\u017cna zostawi\u0107 swoj\u0105 \u017cywno\u015b\u0107. Przy takich d\u0142u\u017cszych biegach to si\u0119 zdarza i wtedy przygotowuj\u0119 sobie jaki\u015b sprawdzony liofilizat, owoce w puszkach i to tyle.<\/p>\n\n\n\n<p>Bywaj\u0105 zawody, gdzie jedzenie jest \u2013 powiedzmy \u2013 takie sobie. Na Bajkale , na biegu Baikal Ice Marathon na \u015bniadaniu przed startem by\u0142 szwedzki st\u00f3\u0142, a na nim \u015bledziki, kie\u0142baski, raczej jedzenie pod kolacj\u0119 i to tak\u0105 zakrapian\u0105. Po takim \u015bniadaniu raczej walczy\u0142bym z organizmem, a nie dystansem. Dziwnie tam na mnie patrzyli, gdy wyj\u0105\u0142em liofilizowan\u0105 owsiank\u0119. Wiedzia\u0142em, \u017ce to mi da du\u017co energii i faktycznie przebieg\u0142em ten dystans bez zagl\u0105dania do bufet\u00f3w. Owsianka, jeden \u017cel i uda\u0142o si\u0119 marato\u0144ski dystans na tym pokona\u0107.<\/p>\n\n\n\n<p><strong>Niesamowite!<\/strong> <strong>Skoro powiedzia\u0142e\u015b o liofilizowanej owsiance, to od razu przypomnia\u0142em sobie, \u017ce jeste\u015b przecie\u017c ambasadorem polskiej marki \u017cywno\u015bci liofilizowanej \u2013 marki Lyo.<\/strong> <strong>Co\u015b w tej marce jest wyj\u0105tkowego? Jak wejdzie si\u0119 na stron\u0119 tej firmy <\/strong><strong>i rzuci okiem do zak\u0142adki<\/strong><strong> ambasadorzy, to wida\u0107 wyra\u017anie, \u017ce to s\u0105 ludzie kt\u00f3rzy podejmuj\u0105 najambitniejsze dzia\u0142ania w swoich dziedzinach.<\/strong><\/p>\n\n\n\n<p>Firm, kt\u00f3re robi\u0105 liofilizaty jest du\u017co na \u015bwiecie, mo\u017ce w Polsce troszk\u0119 mniej, ale na \u015bwiecie ju\u017c si\u0119 spotka\u0142em z wieloma. Produkty tych marek s\u0105 r\u00f3\u017cnie komponowane. To, co przekona\u0142o mnie do wej\u015bcia w tak\u0105 d\u0142ug\u0105 wsp\u00f3\u0142prac\u0119 z mark\u0105 Lyo, by\u0142 fakt, \u017ce ja zacz\u0105\u0142em wykorzystywa\u0107 \u017cywno\u015b\u0107 liofilizowan\u0105 wcze\u015bniej, nim si\u0119 stara\u0142em ich ambasadorem. Na swoje projekty potrzebowa\u0142em czego\u015b smacznego i sprawdzonego. Dania Lyo tworzone s\u0105 z dobrych produkt\u00f3w, a to jest istotne, gdy chcemy si\u0119 dobrze od\u017cywia\u0107 i stawimy sobie wysokie cele. Jako sportowcy chcemy wiedzie\u0107 \u017ce produkt jest zdrowy. W Lyo wszystko jest przemy\u015blane, od procesu produkcji po \u0142atwo\u015b\u0107 przyrz\u0105dzenia, spo\u017cywania, a wszystko dope\u0142nia jeszcze <em>design<\/em> produkt\u00f3w.<\/p>\n\n\n\n<p><strong>Tak, oczywi\u015bcie najwa\u017cniejszy jest smak i jakich element\u00f3w oraz ile energii danie dostarcza, ale nie ukrywajmy, \u017ce wygl\u0105d, zapach ma tu du\u017ce znaczenie. Tu wszystko zdaje si\u0119 sk\u0142ada\u0107 w jedn\u0105 ca\u0142o\u015b\u0107.<\/strong><\/p>\n\n\n\n<p>Znam ludzi, kt\u00f3rzy tworz\u0105 te produkty. Wszystko to wynika z pewnego sposobu \u017cycia. To s\u0105 ludzie aktywni, z naszego \u015brodowiska i my\u015bl\u0105 podobnymi kategoriami. Ich spos\u00f3b bycia, podej\u015bcia do przyrody sprawia, \u017ce wybieraj\u0105 zdrowe sk\u0142adniki swoich da\u0144. To jest autentyczne, klei si\u0119 ze sob\u0105, a nie zawsze w r\u00f3\u017cnych firmach tak jest. Nawet je\u015bli bycie takim ambasadorem jest swego rodzaju kontraktem, prac\u0105, to w pierwszej kolejno\u015bci jest to przyjemno\u015b\u0107, a nie wykonywanie rob\u00f3t.<\/p>\n\n\n\n<figure class=\"wp-block-image size-full\"><img loading=\"lazy\" decoding=\"async\" width=\"1024\" height=\"768\" src=\"https:\/\/www.skalnik.pl\/blog\/wp-content\/uploads\/2024\/04\/2017-ultra-fiord-patagonia-chile-12-1548435623.jpg\" alt=\"piotr hercog ambasador marki lyo\" class=\"wp-image-26159\" srcset=\"https:\/\/www.skalnik.pl\/blog\/wp-content\/uploads\/2024\/04\/2017-ultra-fiord-patagonia-chile-12-1548435623.jpg 1024w, https:\/\/www.skalnik.pl\/blog\/wp-content\/uploads\/2024\/04\/2017-ultra-fiord-patagonia-chile-12-1548435623-300x225.jpg 300w, https:\/\/www.skalnik.pl\/blog\/wp-content\/uploads\/2024\/04\/2017-ultra-fiord-patagonia-chile-12-1548435623-768x576.jpg 768w\" sizes=\"auto, (max-width: 1024px) 100vw, 1024px\" \/><\/figure>\n\n\n\n<p><strong>Masz w menu LyoFood ulubione danie?<\/strong><\/p>\n\n\n\n<p>Danie\u2026 Chyba nie mam takiego jednego dania. Dziel\u0119 to menu na dania g\u0142\u00f3wne i rzeczy \u015bniadaniowe. Je\u015bli chodzi o \u015bniadania, to w\u0142a\u015bciwie bez wzgl\u0119du na smak, owsianki s\u0105 moim cz\u0119stym wyborem. Jak kto\u015b si\u0119 przyjrzy, jak skomponowane s\u0105 te \u015bniadania pod wzgl\u0119dem kalorii, to przekona si\u0119, \u017ce wszystko ma tu sw\u00f3j cel. Wydaje si\u0119, \u017ce nie jemy zbyt du\u017co, a taki posi\u0142ek trzyma d\u0142ugo i daje wiele energii. Z da\u0144 g\u0142\u00f3wnych &#8211; to zale\u017cy wszystko od projektu, wysi\u0142ku, miejsca i temperatury. Jak bywam w g\u00f3rach wysokich to tam na biwakach \u201ewchodz\u0105\u201d \u015bwietnie takie polskie smaki\u2026 Wspomn\u0119 cho\u0107by o bigosie (\u015bmiech), kt\u00f3ry jest rewelacyjny.<\/p>\n\n\n\n<p><strong>Jest ob\u0142\u0119dny!<\/strong><\/p>\n\n\n\n<p>Ja nawet raz poda\u0142em taki bigos rodzinie. Sp\u0119dzali\u015bmy w g\u00f3rach z blisk\u0105 rodzin\u0105 \u015bwi\u0119ta i wzi\u0119li\u015bmy tam po prostu liofilizowany bigos. W g\u00f3rach wi\u0119c zjadam co\u015b konkretniejszego. Jestem mi\u0119so\u017cerc\u0105 i dania mi\u0119sne, z sosem, makaronem ry\u017cem s\u0105 dla mnie podstaw\u0105. Jak jest cieplejsza pogoda to si\u0119gam te\u017c z ch\u0119ci\u0105 po pikantne rzeczy. W zale\u017cno\u015bci od nastroju, temperatury, czy rodzaju dzia\u0142a\u0144 jest r\u00f3\u017cnie z wyborem konkretnych smak\u00f3w. I w \u017cyciu codziennym, i na projektach jest to bardzo zale\u017cne.<\/p>\n\n\n\n<figure class=\"wp-block-image size-full\"><a href=\"https:\/\/www.skalnik.pl\/lyo-expedition\" target=\"_blank\" rel=\"noreferrer noopener\"><img loading=\"lazy\" decoding=\"async\" width=\"1024\" height=\"250\" src=\"https:\/\/www.skalnik.pl\/blog\/wp-content\/uploads\/2023\/06\/lyo-food-sklep-zywnosc-liofilizowana.jpg\" alt=\"\" class=\"wp-image-23459\" srcset=\"https:\/\/www.skalnik.pl\/blog\/wp-content\/uploads\/2023\/06\/lyo-food-sklep-zywnosc-liofilizowana.jpg 1024w, https:\/\/www.skalnik.pl\/blog\/wp-content\/uploads\/2023\/06\/lyo-food-sklep-zywnosc-liofilizowana-300x73.jpg 300w, https:\/\/www.skalnik.pl\/blog\/wp-content\/uploads\/2023\/06\/lyo-food-sklep-zywnosc-liofilizowana-768x188.jpg 768w\" sizes=\"auto, (max-width: 1024px) 100vw, 1024px\" \/><\/a><\/figure>\n\n\n\n<p><strong>Czyli jak Piotr Hercog ko\u0144czy dystans ultra, to na mecie nie czeka support z konkretn\u0105 potraw\u0105?<\/strong><\/p>\n\n\n\n<p>Na zawodach przyjmujemy bardzo du\u017co s\u0142odkich rzeczy. Jedn\u0105 tak\u0105 sta\u0142\u0105 jest to, \u017ce po d\u0142ugich biegach zawsze ma si\u0119 ochot\u0119 na co\u015b do prze\u0142amania smaku \u2013 albo co\u015b gorzkiego do picia, goryczkowego nawet (\u015bmiech), albo smaki typu pizza, zapiekanka. Nie wiem co w tym jest, ale wielu moich znajomych, kt\u00f3rzy startowali ze mn\u0105 w rajdach, w drugiej cz\u0119\u015bci takiego du\u017cego wysi\u0142ku m\u00f3wi\u0142o, \u017ce maj\u0105 smaka na pizz\u0119 albo zapiekank\u0119. Du\u017ce prawdopodobie\u0144stwo, \u017ce po zawodach p\u00f3jd\u0119 w t\u0119 stron\u0119 (\u015bmiech).<\/p>\n\n\n\n<p><strong>Na czym skupiasz teraz uwag\u0119? Nadal najwa\u017cniejsze s\u0105 dla Ciebie starty w zawodach, rozwijanie projektu \u201ePiotr Hercog Mountain Challenge\u201d, czy mo\u017ce masz inne plany?<\/strong><\/p>\n\n\n\n<p>Jest ca\u0142y, szeroki wachlarz tego, co chc\u0119 wykonywa\u0107. Zawody sportowe w biegach g\u00f3rskich nie s\u0105 ju\u017c dla mnie t\u0105 najwa\u017cniejsz\u0105 rzecz\u0105. Kiedy\u015b to by\u0142o nawet kilkana\u015bcie start\u00f3w w ci\u0105gu roku, ale od kilku lat troch\u0119 wystopowa\u0142em. W Polsce startuj\u0119 raczej w ramach przygotowania, treningu, a bardziej poci\u0105gaj\u0105 mnie starty w nietypowych miejscach, w trudnych biegach, jak na przyk\u0142ad bieg w Peru, kt\u00f3ry odbywa\u0142 si\u0119 na bardzo du\u017cych wysoko\u015bciach. Tam \u015brednia wysoko\u015b\u0107 na dystansie 100 km by\u0142a na wysoko\u015bci ok. 3500 m n.p.m. Rozpi\u0119to\u015b\u0107 tych wysoko\u015bci by\u0142a od 2800 do 4650 m n.p.m. W takim biegu aspekty przygotowania wytrzyma\u0142o\u015bciowego s\u0105 bardzo istotne.<\/p>\n\n\n\n<p>Bardziej te\u017c id\u0119 w kierunku projekt\u00f3w w g\u00f3rach wy\u017cszych i to niekoniecznie projekt\u00f3w biegowych. Od ponad roku siedzimy z Januszem Go\u0142\u0119biem nad pomys\u0142em zdobycia trzech najwy\u017cszych szczyt\u00f3w Ameryki Po\u0142udniowej, ale od poziomu 0. Najpierw na rowerze \u2013 najwy\u017cej jak si\u0119 da \u2013 a p\u00f3\u017aniej biegowo i wspinaczkowo. Chcieliby\u015bmy to zrealizowa\u0107 w kr\u00f3tkim czasie, w czasie oko\u0142o miesi\u0105ca, a sam dystans do przejechania na rowerach to jest blisko 2000 km i 30 000 m podjazdu\u2026 Chcemy zrealizowa\u0107 ten plan jesieni\u0105, ale kluczowe znaczenie b\u0119dzie mia\u0142a oczywi\u015bcie pogoda. Ze wzgl\u0119du na opady i temperatury mo\u017cna sobie na taki projekt pozwoli\u0107 tylko dwa razy do roku.<\/p>\n\n\n\n<p>Ca\u0142y ten projekt \u201ePiotr Hercog Mountain Challenge\u201d polega na tym, by poznawa\u0107 miejsca, w kt\u00f3rych mnie jeszcze nie by\u0142o, a je\u015bli udaje si\u0119 wkomponowa\u0107 do tego jeszcze sport, to jest super.<\/p>\n\n\n\n<figure class=\"wp-block-image size-full\"><img loading=\"lazy\" decoding=\"async\" width=\"1024\" height=\"683\" src=\"https:\/\/www.skalnik.pl\/blog\/wp-content\/uploads\/2024\/04\/2017-mount-everest-marathon-12-1496310783.jpg\" alt=\"piotr hercog himalaje\" class=\"wp-image-26161\" srcset=\"https:\/\/www.skalnik.pl\/blog\/wp-content\/uploads\/2024\/04\/2017-mount-everest-marathon-12-1496310783.jpg 1024w, https:\/\/www.skalnik.pl\/blog\/wp-content\/uploads\/2024\/04\/2017-mount-everest-marathon-12-1496310783-300x200.jpg 300w, https:\/\/www.skalnik.pl\/blog\/wp-content\/uploads\/2024\/04\/2017-mount-everest-marathon-12-1496310783-768x512.jpg 768w\" sizes=\"auto, (max-width: 1024px) 100vw, 1024px\" \/><\/figure>\n\n\n\n<p><strong>Niejedno zawodnicze marzenie ju\u017c w \u017cyciu spe\u0142ni\u0142e\u015b \u2013 co jest lepsze? Lepiej jest marzy\u0107 i planowa\u0107, czy najlepiej smakuje jednak realizowanie plan\u00f3w i spe\u0142nianie marze\u0144?<\/strong><\/p>\n\n\n\n<p>Z tym jest podobnie jak z treningami. Musi by\u0107 r\u00f3wnowaga. Nie mo\u017cemy tylko marzy\u0107 i nie realizowa\u0107, bo nigdy nie b\u0119dzie kulminacji tego marzenia. Jedno i drugie jest na r\u00f3wni wa\u017cne. W procesie marzenia, jest bardzo du\u017co niewiadomych i to zawsze nakr\u0119ca do dzia\u0142ania. To jest super. Pewne projekty wymagaj\u0105 du\u017co czasu, si\u0142y i pieni\u0119dzy, czasami trzeba w\u0142o\u017cy\u0107 w nich troch\u0119 b\u00f3lu. Je\u017celi jednak wiemy, ile musieli\u015bmy po\u015bwi\u0119ci\u0107, jak wiele czasu nas to kosztowa\u0142o i jak wielu ludzi nam w tym pomaga\u0142o, to spe\u0142nienie projektu daje du\u017co satysfakcji. Realizacja dowodzi, \u017ce to co sobie wymy\u015blili\u015bmy jest mo\u017cliwe. Bez marze\u0144 trudno by\u0142oby mi funkcjonowa\u0107 na co dzie\u0144.<\/p>\n\n\n\n<p><strong>Piotrze, bardzo dzi\u0119kuj\u0119 Ci za t\u0119 przemi\u0142\u0105 rozmow\u0119. Trzym<\/strong><strong>am<\/strong><strong> kciuki za Twoje projekty i \u017cycz\u0119 Ci wielu marze\u0144 do zrealizowania.<\/strong><\/p>\n","protected":false},"excerpt":{"rendered":"<p>Piotrze, wiem \u017ce jeste\u015b cz\u0142owiekiem wielu pasji. Je\u017celi si\u0119 Tobie bli\u017cej przyjrze\u0107, to wida\u0107 \u017ce no nie potrafisz usiedzie\u0107 na miejscu i podejmujesz si\u0119 wielu aktywno\u015bci zwi\u0105zanych z g\u00f3rami. Jeste\u015b biegaczem g\u00f3rskim, ratownikiem Grupy Sudeckiej GOPR, organizatorem du\u017cych imprez biegowych, takich jak Dolno\u015bl\u0105ski Festiwal Bieg\u00f3w G\u00f3rskich, instruktorem wspinaczki, kiedy\u015b prowadzi\u0142e\u015b nawet schronisko g\u00f3rskie. Zdecydowanie nie [&hellip;]<\/p>\n","protected":false},"author":8,"featured_media":26153,"comment_status":"closed","ping_status":"closed","sticky":false,"template":"","format":"standard","meta":{"_acf_changed":false,"footnotes":""},"categories":[220],"tags":[],"magento_category":[],"magento_product":[],"class_list":["post-26151","post","type-post","status-publish","format-standard","has-post-thumbnail","hentry","category-wywiady"],"acf":[],"aioseo_notices":[],"aioseo_head":"\n\t\t<!-- All in One SEO 4.9.10 - aioseo.com -->\n\t<meta name=\"description\" content=\"Piotrze, wiem \u017ce jeste\u015b cz\u0142owiekiem wielu pasji. Je\u017celi si\u0119 Tobie bli\u017cej przyjrze\u0107, to wida\u0107 \u017ce no nie potrafisz usiedzie\u0107 na miejscu i podejmujesz si\u0119 wielu aktywno\u015bci zwi\u0105zanych z g\u00f3rami. Jeste\u015b biegaczem g\u00f3rskim, ratownikiem Grupy Sudeckiej GOPR, organizatorem du\u017cych imprez biegowych, takich jak Dolno\u015bl\u0105ski Festiwal Bieg\u00f3w G\u00f3rskich, instruktorem wspinaczki, kiedy\u015b prowadzi\u0142e\u015b nawet schronisko g\u00f3rskie. Zdecydowanie nie\" \/>\n\t<meta name=\"robots\" content=\"max-image-preview:large\" \/>\n\t<meta name=\"author\" content=\"S\u0142awek Nosal\"\/>\n\t<link rel=\"canonical\" href=\"https:\/\/www.skalnik.pl\/blog\/bez-paliwa-rakieta-nie-poleci-wywiad-z-piotrem-hercogiem\/\" \/>\n\t<meta name=\"generator\" content=\"All in One SEO (AIOSEO) 4.9.10\" \/>\n\t\t<meta property=\"og:locale\" content=\"pl_PL\" \/>\n\t\t<meta property=\"og:site_name\" content=\"blog Skalnik - Blog, porady, artyku\u0142y - blog Skalnik\" \/>\n\t\t<meta property=\"og:type\" content=\"article\" \/>\n\t\t<meta property=\"og:title\" content=\"\u201eBez paliwa rakieta nie poleci\u201d \u2013 wywiad z Piotrem Hercogiem - blog Skalnik\" \/>\n\t\t<meta property=\"og:description\" content=\"Piotrze, wiem \u017ce jeste\u015b cz\u0142owiekiem wielu pasji. Je\u017celi si\u0119 Tobie bli\u017cej przyjrze\u0107, to wida\u0107 \u017ce no nie potrafisz usiedzie\u0107 na miejscu i podejmujesz si\u0119 wielu aktywno\u015bci zwi\u0105zanych z g\u00f3rami. Jeste\u015b biegaczem g\u00f3rskim, ratownikiem Grupy Sudeckiej GOPR, organizatorem du\u017cych imprez biegowych, takich jak Dolno\u015bl\u0105ski Festiwal Bieg\u00f3w G\u00f3rskich, instruktorem wspinaczki, kiedy\u015b prowadzi\u0142e\u015b nawet schronisko g\u00f3rskie. Zdecydowanie nie\" \/>\n\t\t<meta property=\"og:url\" content=\"https:\/\/www.skalnik.pl\/blog\/bez-paliwa-rakieta-nie-poleci-wywiad-z-piotrem-hercogiem\/\" \/>\n\t\t<meta property=\"og:image\" content=\"https:\/\/www.skalnik.pl\/blog\/wp-content\/uploads\/2024\/04\/press-media-2-1481294680.jpg\" \/>\n\t\t<meta property=\"og:image:secure_url\" content=\"https:\/\/www.skalnik.pl\/blog\/wp-content\/uploads\/2024\/04\/press-media-2-1481294680.jpg\" \/>\n\t\t<meta property=\"og:image:width\" content=\"1024\" \/>\n\t\t<meta property=\"og:image:height\" content=\"683\" \/>\n\t\t<meta property=\"article:tag\" content=\"wywiady\" \/>\n\t\t<meta property=\"article:published_time\" content=\"2024-08-27T08:33:19+00:00\" \/>\n\t\t<meta property=\"article:modified_time\" content=\"2024-08-27T08:33:20+00:00\" \/>\n\t\t<meta name=\"twitter:card\" content=\"summary_large_image\" \/>\n\t\t<meta name=\"twitter:title\" content=\"\u201eBez paliwa rakieta nie poleci\u201d \u2013 wywiad z Piotrem Hercogiem - blog Skalnik\" \/>\n\t\t<meta name=\"twitter:description\" content=\"Piotrze, wiem \u017ce jeste\u015b cz\u0142owiekiem wielu pasji. Je\u017celi si\u0119 Tobie bli\u017cej przyjrze\u0107, to wida\u0107 \u017ce no nie potrafisz usiedzie\u0107 na miejscu i podejmujesz si\u0119 wielu aktywno\u015bci zwi\u0105zanych z g\u00f3rami. Jeste\u015b biegaczem g\u00f3rskim, ratownikiem Grupy Sudeckiej GOPR, organizatorem du\u017cych imprez biegowych, takich jak Dolno\u015bl\u0105ski Festiwal Bieg\u00f3w G\u00f3rskich, instruktorem wspinaczki, kiedy\u015b prowadzi\u0142e\u015b nawet schronisko g\u00f3rskie. Zdecydowanie nie\" \/>\n\t\t<meta name=\"twitter:image\" content=\"https:\/\/www.skalnik.pl\/blog\/wp-content\/uploads\/2024\/04\/press-media-2-1481294680.jpg\" \/>\n\t\t<script type=\"application\/ld+json\" class=\"aioseo-schema\">\n\t\t\t{\"@context\":\"https:\\\/\\\/schema.org\",\"@graph\":[{\"@type\":\"BlogPosting\",\"@id\":\"https:\\\/\\\/www.skalnik.pl\\\/blog\\\/bez-paliwa-rakieta-nie-poleci-wywiad-z-piotrem-hercogiem\\\/#blogposting\",\"name\":\"\\u201eBez paliwa rakieta nie poleci\\u201d \\u2013 wywiad z Piotrem Hercogiem - blog Skalnik\",\"headline\":\"&#8222;Bez paliwa rakieta nie poleci&#8221; &#8211; wywiad z Piotrem Hercogiem\",\"author\":{\"@id\":\"https:\\\/\\\/www.skalnik.pl\\\/blog\\\/author\\\/slawek-nosal\\\/#author\"},\"publisher\":{\"@id\":\"https:\\\/\\\/www.skalnik.pl\\\/blog\\\/#organization\"},\"image\":{\"@type\":\"ImageObject\",\"url\":\"https:\\\/\\\/www.skalnik.pl\\\/blog\\\/wp-content\\\/uploads\\\/2024\\\/04\\\/2017-ultra-trail-atlas-toubkal-piotr-hercog-wywiad-okl.jpg\",\"width\":1920,\"height\":706},\"datePublished\":\"2024-08-27T10:33:19+02:00\",\"dateModified\":\"2024-08-27T10:33:20+02:00\",\"inLanguage\":\"pl-PL\",\"mainEntityOfPage\":{\"@id\":\"https:\\\/\\\/www.skalnik.pl\\\/blog\\\/bez-paliwa-rakieta-nie-poleci-wywiad-z-piotrem-hercogiem\\\/#webpage\"},\"isPartOf\":{\"@id\":\"https:\\\/\\\/www.skalnik.pl\\\/blog\\\/bez-paliwa-rakieta-nie-poleci-wywiad-z-piotrem-hercogiem\\\/#webpage\"},\"articleSection\":\"Wywiady\"},{\"@type\":\"BreadcrumbList\",\"@id\":\"https:\\\/\\\/www.skalnik.pl\\\/blog\\\/bez-paliwa-rakieta-nie-poleci-wywiad-z-piotrem-hercogiem\\\/#breadcrumblist\",\"itemListElement\":[{\"@type\":\"ListItem\",\"@id\":\"https:\\\/\\\/www.skalnik.pl\\\/blog#listItem\",\"position\":1,\"name\":\"Home\",\"item\":\"https:\\\/\\\/www.skalnik.pl\\\/blog\",\"nextItem\":{\"@type\":\"ListItem\",\"@id\":\"https:\\\/\\\/www.skalnik.pl\\\/blog\\\/.\\\/wywiady\\\/#listItem\",\"name\":\"Wywiady\"}},{\"@type\":\"ListItem\",\"@id\":\"https:\\\/\\\/www.skalnik.pl\\\/blog\\\/.\\\/wywiady\\\/#listItem\",\"position\":2,\"name\":\"Wywiady\",\"item\":\"https:\\\/\\\/www.skalnik.pl\\\/blog\\\/.\\\/wywiady\\\/\",\"nextItem\":{\"@type\":\"ListItem\",\"@id\":\"https:\\\/\\\/www.skalnik.pl\\\/blog\\\/bez-paliwa-rakieta-nie-poleci-wywiad-z-piotrem-hercogiem\\\/#listItem\",\"name\":\"&#8222;Bez paliwa rakieta nie poleci&#8221; &#8211; wywiad z Piotrem Hercogiem\"},\"previousItem\":{\"@type\":\"ListItem\",\"@id\":\"https:\\\/\\\/www.skalnik.pl\\\/blog#listItem\",\"name\":\"Home\"}},{\"@type\":\"ListItem\",\"@id\":\"https:\\\/\\\/www.skalnik.pl\\\/blog\\\/bez-paliwa-rakieta-nie-poleci-wywiad-z-piotrem-hercogiem\\\/#listItem\",\"position\":3,\"name\":\"&#8222;Bez paliwa rakieta nie poleci&#8221; &#8211; wywiad z Piotrem Hercogiem\",\"previousItem\":{\"@type\":\"ListItem\",\"@id\":\"https:\\\/\\\/www.skalnik.pl\\\/blog\\\/.\\\/wywiady\\\/#listItem\",\"name\":\"Wywiady\"}}]},{\"@type\":\"Organization\",\"@id\":\"https:\\\/\\\/www.skalnik.pl\\\/blog\\\/#organization\",\"name\":\"blog Skalnik\",\"description\":\"Blog, porady, artyku\\u0142y - blog Skalnik\",\"url\":\"https:\\\/\\\/www.skalnik.pl\\\/blog\\\/\"},{\"@type\":\"Person\",\"@id\":\"https:\\\/\\\/www.skalnik.pl\\\/blog\\\/author\\\/slawek-nosal\\\/#author\",\"url\":\"https:\\\/\\\/www.skalnik.pl\\\/blog\\\/author\\\/slawek-nosal\\\/\",\"name\":\"S\\u0142awek Nosal\",\"image\":{\"@type\":\"ImageObject\",\"@id\":\"https:\\\/\\\/www.skalnik.pl\\\/blog\\\/bez-paliwa-rakieta-nie-poleci-wywiad-z-piotrem-hercogiem\\\/#authorImage\",\"url\":\"https:\\\/\\\/secure.gravatar.com\\\/avatar\\\/376f39150afcfc713e809ef8313d42dee4210bb1425eaad8153efa8965009197?s=96&d=mm&r=g\",\"width\":96,\"height\":96,\"caption\":\"S\\u0142awek Nosal\"}},{\"@type\":\"WebPage\",\"@id\":\"https:\\\/\\\/www.skalnik.pl\\\/blog\\\/bez-paliwa-rakieta-nie-poleci-wywiad-z-piotrem-hercogiem\\\/#webpage\",\"url\":\"https:\\\/\\\/www.skalnik.pl\\\/blog\\\/bez-paliwa-rakieta-nie-poleci-wywiad-z-piotrem-hercogiem\\\/\",\"name\":\"\\u201eBez paliwa rakieta nie poleci\\u201d \\u2013 wywiad z Piotrem Hercogiem - blog Skalnik\",\"description\":\"Piotrze, wiem \\u017ce jeste\\u015b cz\\u0142owiekiem wielu pasji. Je\\u017celi si\\u0119 Tobie bli\\u017cej przyjrze\\u0107, to wida\\u0107 \\u017ce no nie potrafisz usiedzie\\u0107 na miejscu i podejmujesz si\\u0119 wielu aktywno\\u015bci zwi\\u0105zanych z g\\u00f3rami. Jeste\\u015b biegaczem g\\u00f3rskim, ratownikiem Grupy Sudeckiej GOPR, organizatorem du\\u017cych imprez biegowych, takich jak Dolno\\u015bl\\u0105ski Festiwal Bieg\\u00f3w G\\u00f3rskich, instruktorem wspinaczki, kiedy\\u015b prowadzi\\u0142e\\u015b nawet schronisko g\\u00f3rskie. Zdecydowanie nie\",\"inLanguage\":\"pl-PL\",\"isPartOf\":{\"@id\":\"https:\\\/\\\/www.skalnik.pl\\\/blog\\\/#website\"},\"breadcrumb\":{\"@id\":\"https:\\\/\\\/www.skalnik.pl\\\/blog\\\/bez-paliwa-rakieta-nie-poleci-wywiad-z-piotrem-hercogiem\\\/#breadcrumblist\"},\"author\":{\"@id\":\"https:\\\/\\\/www.skalnik.pl\\\/blog\\\/author\\\/slawek-nosal\\\/#author\"},\"creator\":{\"@id\":\"https:\\\/\\\/www.skalnik.pl\\\/blog\\\/author\\\/slawek-nosal\\\/#author\"},\"image\":{\"@type\":\"ImageObject\",\"url\":\"https:\\\/\\\/www.skalnik.pl\\\/blog\\\/wp-content\\\/uploads\\\/2024\\\/04\\\/2017-ultra-trail-atlas-toubkal-piotr-hercog-wywiad-okl.jpg\",\"@id\":\"https:\\\/\\\/www.skalnik.pl\\\/blog\\\/bez-paliwa-rakieta-nie-poleci-wywiad-z-piotrem-hercogiem\\\/#mainImage\",\"width\":1920,\"height\":706},\"primaryImageOfPage\":{\"@id\":\"https:\\\/\\\/www.skalnik.pl\\\/blog\\\/bez-paliwa-rakieta-nie-poleci-wywiad-z-piotrem-hercogiem\\\/#mainImage\"},\"datePublished\":\"2024-08-27T10:33:19+02:00\",\"dateModified\":\"2024-08-27T10:33:20+02:00\"},{\"@type\":\"WebSite\",\"@id\":\"https:\\\/\\\/www.skalnik.pl\\\/blog\\\/#website\",\"url\":\"https:\\\/\\\/www.skalnik.pl\\\/blog\\\/\",\"name\":\"blog Skalnik\",\"description\":\"Blog, porady, artyku\\u0142y - blog Skalnik\",\"inLanguage\":\"pl-PL\",\"publisher\":{\"@id\":\"https:\\\/\\\/www.skalnik.pl\\\/blog\\\/#organization\"}}]}\n\t\t<\/script>\n\t\t<!-- All in One SEO -->\n\n","aioseo_head_json":{"title":"\u201eBez paliwa rakieta nie poleci\u201d \u2013 wywiad z Piotrem Hercogiem - blog Skalnik","description":"Piotrze, wiem \u017ce jeste\u015b cz\u0142owiekiem wielu pasji. Je\u017celi si\u0119 Tobie bli\u017cej przyjrze\u0107, to wida\u0107 \u017ce no nie potrafisz usiedzie\u0107 na miejscu i podejmujesz si\u0119 wielu aktywno\u015bci zwi\u0105zanych z g\u00f3rami. Jeste\u015b biegaczem g\u00f3rskim, ratownikiem Grupy Sudeckiej GOPR, organizatorem du\u017cych imprez biegowych, takich jak Dolno\u015bl\u0105ski Festiwal Bieg\u00f3w G\u00f3rskich, instruktorem wspinaczki, kiedy\u015b prowadzi\u0142e\u015b nawet schronisko g\u00f3rskie. Zdecydowanie nie","canonical_url":"https:\/\/www.skalnik.pl\/blog\/bez-paliwa-rakieta-nie-poleci-wywiad-z-piotrem-hercogiem\/","robots":"max-image-preview:large","keywords":"","webmasterTools":{"miscellaneous":""},"schema":{"@context":"https:\/\/schema.org","@graph":[{"@type":"BlogPosting","@id":"https:\/\/www.skalnik.pl\/blog\/bez-paliwa-rakieta-nie-poleci-wywiad-z-piotrem-hercogiem\/#blogposting","name":"\u201eBez paliwa rakieta nie poleci\u201d \u2013 wywiad z Piotrem Hercogiem - blog Skalnik","headline":"&#8222;Bez paliwa rakieta nie poleci&#8221; &#8211; wywiad z Piotrem Hercogiem","author":{"@id":"https:\/\/www.skalnik.pl\/blog\/author\/slawek-nosal\/#author"},"publisher":{"@id":"https:\/\/www.skalnik.pl\/blog\/#organization"},"image":{"@type":"ImageObject","url":"https:\/\/www.skalnik.pl\/blog\/wp-content\/uploads\/2024\/04\/2017-ultra-trail-atlas-toubkal-piotr-hercog-wywiad-okl.jpg","width":1920,"height":706},"datePublished":"2024-08-27T10:33:19+02:00","dateModified":"2024-08-27T10:33:20+02:00","inLanguage":"pl-PL","mainEntityOfPage":{"@id":"https:\/\/www.skalnik.pl\/blog\/bez-paliwa-rakieta-nie-poleci-wywiad-z-piotrem-hercogiem\/#webpage"},"isPartOf":{"@id":"https:\/\/www.skalnik.pl\/blog\/bez-paliwa-rakieta-nie-poleci-wywiad-z-piotrem-hercogiem\/#webpage"},"articleSection":"Wywiady"},{"@type":"BreadcrumbList","@id":"https:\/\/www.skalnik.pl\/blog\/bez-paliwa-rakieta-nie-poleci-wywiad-z-piotrem-hercogiem\/#breadcrumblist","itemListElement":[{"@type":"ListItem","@id":"https:\/\/www.skalnik.pl\/blog#listItem","position":1,"name":"Home","item":"https:\/\/www.skalnik.pl\/blog","nextItem":{"@type":"ListItem","@id":"https:\/\/www.skalnik.pl\/blog\/.\/wywiady\/#listItem","name":"Wywiady"}},{"@type":"ListItem","@id":"https:\/\/www.skalnik.pl\/blog\/.\/wywiady\/#listItem","position":2,"name":"Wywiady","item":"https:\/\/www.skalnik.pl\/blog\/.\/wywiady\/","nextItem":{"@type":"ListItem","@id":"https:\/\/www.skalnik.pl\/blog\/bez-paliwa-rakieta-nie-poleci-wywiad-z-piotrem-hercogiem\/#listItem","name":"&#8222;Bez paliwa rakieta nie poleci&#8221; &#8211; wywiad z Piotrem Hercogiem"},"previousItem":{"@type":"ListItem","@id":"https:\/\/www.skalnik.pl\/blog#listItem","name":"Home"}},{"@type":"ListItem","@id":"https:\/\/www.skalnik.pl\/blog\/bez-paliwa-rakieta-nie-poleci-wywiad-z-piotrem-hercogiem\/#listItem","position":3,"name":"&#8222;Bez paliwa rakieta nie poleci&#8221; &#8211; wywiad z Piotrem Hercogiem","previousItem":{"@type":"ListItem","@id":"https:\/\/www.skalnik.pl\/blog\/.\/wywiady\/#listItem","name":"Wywiady"}}]},{"@type":"Organization","@id":"https:\/\/www.skalnik.pl\/blog\/#organization","name":"blog Skalnik","description":"Blog, porady, artyku\u0142y - blog Skalnik","url":"https:\/\/www.skalnik.pl\/blog\/"},{"@type":"Person","@id":"https:\/\/www.skalnik.pl\/blog\/author\/slawek-nosal\/#author","url":"https:\/\/www.skalnik.pl\/blog\/author\/slawek-nosal\/","name":"S\u0142awek Nosal","image":{"@type":"ImageObject","@id":"https:\/\/www.skalnik.pl\/blog\/bez-paliwa-rakieta-nie-poleci-wywiad-z-piotrem-hercogiem\/#authorImage","url":"https:\/\/secure.gravatar.com\/avatar\/376f39150afcfc713e809ef8313d42dee4210bb1425eaad8153efa8965009197?s=96&d=mm&r=g","width":96,"height":96,"caption":"S\u0142awek Nosal"}},{"@type":"WebPage","@id":"https:\/\/www.skalnik.pl\/blog\/bez-paliwa-rakieta-nie-poleci-wywiad-z-piotrem-hercogiem\/#webpage","url":"https:\/\/www.skalnik.pl\/blog\/bez-paliwa-rakieta-nie-poleci-wywiad-z-piotrem-hercogiem\/","name":"\u201eBez paliwa rakieta nie poleci\u201d \u2013 wywiad z Piotrem Hercogiem - blog Skalnik","description":"Piotrze, wiem \u017ce jeste\u015b cz\u0142owiekiem wielu pasji. Je\u017celi si\u0119 Tobie bli\u017cej przyjrze\u0107, to wida\u0107 \u017ce no nie potrafisz usiedzie\u0107 na miejscu i podejmujesz si\u0119 wielu aktywno\u015bci zwi\u0105zanych z g\u00f3rami. Jeste\u015b biegaczem g\u00f3rskim, ratownikiem Grupy Sudeckiej GOPR, organizatorem du\u017cych imprez biegowych, takich jak Dolno\u015bl\u0105ski Festiwal Bieg\u00f3w G\u00f3rskich, instruktorem wspinaczki, kiedy\u015b prowadzi\u0142e\u015b nawet schronisko g\u00f3rskie. Zdecydowanie nie","inLanguage":"pl-PL","isPartOf":{"@id":"https:\/\/www.skalnik.pl\/blog\/#website"},"breadcrumb":{"@id":"https:\/\/www.skalnik.pl\/blog\/bez-paliwa-rakieta-nie-poleci-wywiad-z-piotrem-hercogiem\/#breadcrumblist"},"author":{"@id":"https:\/\/www.skalnik.pl\/blog\/author\/slawek-nosal\/#author"},"creator":{"@id":"https:\/\/www.skalnik.pl\/blog\/author\/slawek-nosal\/#author"},"image":{"@type":"ImageObject","url":"https:\/\/www.skalnik.pl\/blog\/wp-content\/uploads\/2024\/04\/2017-ultra-trail-atlas-toubkal-piotr-hercog-wywiad-okl.jpg","@id":"https:\/\/www.skalnik.pl\/blog\/bez-paliwa-rakieta-nie-poleci-wywiad-z-piotrem-hercogiem\/#mainImage","width":1920,"height":706},"primaryImageOfPage":{"@id":"https:\/\/www.skalnik.pl\/blog\/bez-paliwa-rakieta-nie-poleci-wywiad-z-piotrem-hercogiem\/#mainImage"},"datePublished":"2024-08-27T10:33:19+02:00","dateModified":"2024-08-27T10:33:20+02:00"},{"@type":"WebSite","@id":"https:\/\/www.skalnik.pl\/blog\/#website","url":"https:\/\/www.skalnik.pl\/blog\/","name":"blog Skalnik","description":"Blog, porady, artyku\u0142y - blog Skalnik","inLanguage":"pl-PL","publisher":{"@id":"https:\/\/www.skalnik.pl\/blog\/#organization"}}]},"og:locale":"pl_PL","og:site_name":"blog Skalnik - Blog, porady, artyku\u0142y - blog Skalnik","og:type":"article","og:title":"\u201eBez paliwa rakieta nie poleci\u201d \u2013 wywiad z Piotrem Hercogiem - blog Skalnik","og:description":"Piotrze, wiem \u017ce jeste\u015b cz\u0142owiekiem wielu pasji. Je\u017celi si\u0119 Tobie bli\u017cej przyjrze\u0107, to wida\u0107 \u017ce no nie potrafisz usiedzie\u0107 na miejscu i podejmujesz si\u0119 wielu aktywno\u015bci zwi\u0105zanych z g\u00f3rami. Jeste\u015b biegaczem g\u00f3rskim, ratownikiem Grupy Sudeckiej GOPR, organizatorem du\u017cych imprez biegowych, takich jak Dolno\u015bl\u0105ski Festiwal Bieg\u00f3w G\u00f3rskich, instruktorem wspinaczki, kiedy\u015b prowadzi\u0142e\u015b nawet schronisko g\u00f3rskie. Zdecydowanie nie","og:url":"https:\/\/www.skalnik.pl\/blog\/bez-paliwa-rakieta-nie-poleci-wywiad-z-piotrem-hercogiem\/","og:image":"https:\/\/www.skalnik.pl\/blog\/wp-content\/uploads\/2024\/04\/press-media-2-1481294680.jpg","og:image:secure_url":"https:\/\/www.skalnik.pl\/blog\/wp-content\/uploads\/2024\/04\/press-media-2-1481294680.jpg","og:image:width":1024,"og:image:height":683,"article:tag":["wywiady"],"article:published_time":"2024-08-27T08:33:19+00:00","article:modified_time":"2024-08-27T08:33:20+00:00","twitter:card":"summary_large_image","twitter:title":"\u201eBez paliwa rakieta nie poleci\u201d \u2013 wywiad z Piotrem Hercogiem - blog Skalnik","twitter:description":"Piotrze, wiem \u017ce jeste\u015b cz\u0142owiekiem wielu pasji. Je\u017celi si\u0119 Tobie bli\u017cej przyjrze\u0107, to wida\u0107 \u017ce no nie potrafisz usiedzie\u0107 na miejscu i podejmujesz si\u0119 wielu aktywno\u015bci zwi\u0105zanych z g\u00f3rami. Jeste\u015b biegaczem g\u00f3rskim, ratownikiem Grupy Sudeckiej GOPR, organizatorem du\u017cych imprez biegowych, takich jak Dolno\u015bl\u0105ski Festiwal Bieg\u00f3w G\u00f3rskich, instruktorem wspinaczki, kiedy\u015b prowadzi\u0142e\u015b nawet schronisko g\u00f3rskie. Zdecydowanie nie","twitter:image":"https:\/\/www.skalnik.pl\/blog\/wp-content\/uploads\/2024\/04\/press-media-2-1481294680.jpg"},"aioseo_meta_data":{"post_id":"26151","title":null,"description":null,"keywords":[],"keyphrases":{"focus":{"keyphrase":"","score":0,"analysis":{"keyphraseInTitle":{"score":0,"maxScore":9,"error":1}}},"additional":[]},"primary_term":null,"canonical_url":null,"og_title":null,"og_description":null,"og_object_type":"default","og_image_type":"default","og_image_url":null,"og_image_width":null,"og_image_height":null,"og_image_custom_url":null,"og_image_custom_fields":null,"og_video":"","og_custom_url":null,"og_article_section":null,"og_article_tags":[],"twitter_use_og":false,"twitter_card":"default","twitter_image_type":"default","twitter_image_url":null,"twitter_image_custom_url":null,"twitter_image_custom_fields":null,"twitter_title":null,"twitter_description":null,"schema":{"blockGraphs":[],"customGraphs":[],"default":{"data":{"Article":[],"Course":[],"Dataset":[],"FAQPage":[],"Movie":[],"Person":[],"Product":[],"ProductReview":[],"Car":[],"Recipe":[],"Service":[],"SoftwareApplication":[],"WebPage":[]},"graphName":"","isEnabled":true},"graphs":[]},"schema_type":"default","schema_type_options":null,"pillar_content":false,"robots_default":true,"robots_noindex":false,"robots_noarchive":false,"robots_nosnippet":false,"robots_nofollow":false,"robots_noimageindex":false,"robots_noodp":false,"robots_notranslate":false,"robots_max_snippet":"-1","robots_max_videopreview":"-1","robots_max_imagepreview":"large","priority":null,"frequency":"default","local_seo":null,"breadcrumb_settings":null,"limit_modified_date":false,"ai":null,"created":"2024-04-16 11:30:32","updated":"2026-02-17 22:55:27","seo_analyzer_scan_date":null},"aioseo_breadcrumb":"<div class=\"aioseo-breadcrumbs\"><span class=\"aioseo-breadcrumb\">\n\t\t\t<a href=\"https:\/\/www.skalnik.pl\/blog\" title=\"Home\">Home<\/a>\n\t\t<\/span><span class=\"aioseo-breadcrumb-separator\">&raquo;<\/span><span class=\"aioseo-breadcrumb\">\n\t\t\t<a href=\"https:\/\/www.skalnik.pl\/blog\/.\/wywiady\/\" title=\"Wywiady\">Wywiady<\/a>\n\t\t<\/span><span class=\"aioseo-breadcrumb-separator\">&raquo;<\/span><span class=\"aioseo-breadcrumb\">\n\t\t\t\u201eBez paliwa rakieta nie poleci\u201d \u2013 wywiad z Piotrem Hercogiem\n\t\t<\/span><\/div>","aioseo_breadcrumb_json":[{"label":"Home","link":"https:\/\/www.skalnik.pl\/blog"},{"label":"Wywiady","link":"https:\/\/www.skalnik.pl\/blog\/.\/wywiady\/"},{"label":"&#8222;Bez paliwa rakieta nie poleci&#8221; &#8211; wywiad z Piotrem Hercogiem","link":"https:\/\/www.skalnik.pl\/blog\/bez-paliwa-rakieta-nie-poleci-wywiad-z-piotrem-hercogiem\/"}],"_links":{"self":[{"href":"https:\/\/www.skalnik.pl\/blog\/wp-json\/wp\/v2\/posts\/26151","targetHints":{"allow":["GET"]}}],"collection":[{"href":"https:\/\/www.skalnik.pl\/blog\/wp-json\/wp\/v2\/posts"}],"about":[{"href":"https:\/\/www.skalnik.pl\/blog\/wp-json\/wp\/v2\/types\/post"}],"author":[{"embeddable":true,"href":"https:\/\/www.skalnik.pl\/blog\/wp-json\/wp\/v2\/users\/8"}],"replies":[{"embeddable":true,"href":"https:\/\/www.skalnik.pl\/blog\/wp-json\/wp\/v2\/comments?post=26151"}],"version-history":[{"count":11,"href":"https:\/\/www.skalnik.pl\/blog\/wp-json\/wp\/v2\/posts\/26151\/revisions"}],"predecessor-version":[{"id":26187,"href":"https:\/\/www.skalnik.pl\/blog\/wp-json\/wp\/v2\/posts\/26151\/revisions\/26187"}],"wp:featuredmedia":[{"embeddable":true,"href":"https:\/\/www.skalnik.pl\/blog\/wp-json\/wp\/v2\/media\/26153"}],"wp:attachment":[{"href":"https:\/\/www.skalnik.pl\/blog\/wp-json\/wp\/v2\/media?parent=26151"}],"wp:term":[{"taxonomy":"category","embeddable":true,"href":"https:\/\/www.skalnik.pl\/blog\/wp-json\/wp\/v2\/categories?post=26151"},{"taxonomy":"post_tag","embeddable":true,"href":"https:\/\/www.skalnik.pl\/blog\/wp-json\/wp\/v2\/tags?post=26151"},{"taxonomy":"magento_category","embeddable":true,"href":"https:\/\/www.skalnik.pl\/blog\/wp-json\/wp\/v2\/magento_category?post=26151"},{"taxonomy":"magento_product","embeddable":true,"href":"https:\/\/www.skalnik.pl\/blog\/wp-json\/wp\/v2\/magento_product?post=26151"}],"curies":[{"name":"wp","href":"https:\/\/api.w.org\/{rel}","templated":true}]}}