{"id":26166,"date":"2024-04-29T16:49:59","date_gmt":"2024-04-29T14:49:59","guid":{"rendered":"https:\/\/www.skalnik.pl\/blog\/?p=26166"},"modified":"2024-04-29T16:50:01","modified_gmt":"2024-04-29T14:50:01","slug":"plecaki-osprey-talon-pro-i-tempest-kultowe-modele-w-nowej-odslonie","status":"publish","type":"post","link":"https:\/\/www.skalnik.pl\/blog\/plecaki-osprey-talon-pro-i-tempest-kultowe-modele-w-nowej-odslonie\/","title":{"rendered":"Plecaki Osprey Talon Pro i Tempest. Kultowe modele w nowej ods\u0142onie"},"content":{"rendered":"\n<p><strong>Plecaki Osprey Talon i Tempest zosta\u0142y przez lata docenione przez rzesze wielbicieli outdooru. Lekkie, funkcjonalne, z rewelacyjnymi systemami no\u015bnymi sta\u0142y si\u0119 kultowymi modelami w kolekcji ameryka\u0144skiego producenta. Dzi\u015b poka\u017c\u0119 Ci najnowsz\u0105 ods\u0142on\u0119 plecak\u00f3w Talon Pro i Tempest Pro. Sprawd\u017a co si\u0119 zmieni\u0142o i w jaki spos\u00f3b konstruktorzy sprawiali, \u017ce s\u0105 jeszcze bardziej uniwersalne i przystosowane do pokonywania r\u00f3\u017cnorodnych oudoorowych wyzwa\u0144.<\/strong><\/p>\n\n\n\n<div id=\"ez-toc-container\" class=\"ez-toc-v2_0_85 counter-hierarchy ez-toc-counter ez-toc-light-blue ez-toc-container-direction\">\n<div class=\"ez-toc-title-container\">\n<p class=\"ez-toc-title\" style=\"cursor:inherit\">SPIS TRE\u015aCI <\/p>\n<span class=\"ez-toc-title-toggle\"><a href=\"#\" class=\"ez-toc-pull-right ez-toc-btn ez-toc-btn-xs ez-toc-btn-default ez-toc-toggle\" aria-label=\"Prze\u0142\u0105cznik Spisu Tre\u015bci\"><span class=\"ez-toc-js-icon-con\"><span class=\"\"><span class=\"eztoc-hide\" style=\"display:none;\">Toggle<\/span><span class=\"ez-toc-icon-toggle-span\"><svg style=\"fill: #999;color:#999\" xmlns=\"http:\/\/www.w3.org\/2000\/svg\" class=\"list-377408\" width=\"20px\" height=\"20px\" viewBox=\"0 0 24 24\" fill=\"none\"><path d=\"M6 6H4v2h2V6zm14 0H8v2h12V6zM4 11h2v2H4v-2zm16 0H8v2h12v-2zM4 16h2v2H4v-2zm16 0H8v2h12v-2z\" fill=\"currentColor\"><\/path><\/svg><svg style=\"fill: #999;color:#999\" class=\"arrow-unsorted-368013\" xmlns=\"http:\/\/www.w3.org\/2000\/svg\" width=\"10px\" height=\"10px\" viewBox=\"0 0 24 24\" version=\"1.2\" baseProfile=\"tiny\"><path d=\"M18.2 9.3l-6.2-6.3-6.2 6.3c-.2.2-.3.4-.3.7s.1.5.3.7c.2.2.4.3.7.3h11c.3 0 .5-.1.7-.3.2-.2.3-.5.3-.7s-.1-.5-.3-.7zM5.8 14.7l6.2 6.3 6.2-6.3c.2-.2.3-.5.3-.7s-.1-.5-.3-.7c-.2-.2-.4-.3-.7-.3h-11c-.3 0-.5.1-.7.3-.2.2-.3.5-.3.7s.1.5.3.7z\"\/><\/svg><\/span><\/span><\/span><\/a><\/span><\/div>\n<nav><ul class='ez-toc-list ez-toc-list-level-1 ' ><li class='ez-toc-page-1 ez-toc-heading-level-2'><a class=\"ez-toc-link ez-toc-heading-1\" href=\"https:\/\/www.skalnik.pl\/blog\/plecaki-osprey-talon-pro-i-tempest-kultowe-modele-w-nowej-odslonie\/#Osprey_%E2%80%93_plecaki_dla_wymagajacych\" >Osprey \u2013 plecaki dla wymagaj\u0105cych<\/a><\/li><li class='ez-toc-page-1 ez-toc-heading-level-2'><a class=\"ez-toc-link ez-toc-heading-2\" href=\"https:\/\/www.skalnik.pl\/blog\/plecaki-osprey-talon-pro-i-tempest-kultowe-modele-w-nowej-odslonie\/#Osprey_Talon_Pro_i_Tempest_Pro_%E2%80%93_dla_kogo_sa_te_plecaki\" >Osprey Talon Pro i Tempest Pro \u2013 dla kogo s\u0105 te plecaki<\/a><\/li><li class='ez-toc-page-1 ez-toc-heading-level-2'><a class=\"ez-toc-link ez-toc-heading-3\" href=\"https:\/\/www.skalnik.pl\/blog\/plecaki-osprey-talon-pro-i-tempest-kultowe-modele-w-nowej-odslonie\/#TalonTempest_Pro_%E2%80%93_najwazniejsze_cechy\" >Talon\/Tempest Pro \u2013 najwa\u017cniejsze cechy<\/a><\/li><li class='ez-toc-page-1 ez-toc-heading-level-2'><a class=\"ez-toc-link ez-toc-heading-4\" href=\"https:\/\/www.skalnik.pl\/blog\/plecaki-osprey-talon-pro-i-tempest-kultowe-modele-w-nowej-odslonie\/#Plecaki_Osprey_%E2%80%93_nowa_odslona_modeli_TalonTempest_Pro_%E2%80%93_co_sie_zmienilo\" >Plecaki Osprey &#8211; nowa ods\u0142ona modeli Talon\/Tempest Pro \u2013 co si\u0119 zmieni\u0142o?<\/a><\/li><li class='ez-toc-page-1 ez-toc-heading-level-2'><a class=\"ez-toc-link ez-toc-heading-5\" href=\"https:\/\/www.skalnik.pl\/blog\/plecaki-osprey-talon-pro-i-tempest-kultowe-modele-w-nowej-odslonie\/#Poznaj_plecaki_Osprey_Talon_Pro_i_Tempest_Pro\" >Poznaj plecaki Osprey Talon Pro i Tempest Pro<\/a><\/li><\/ul><\/nav><\/div>\n<h2 class=\"wp-block-heading\"><span class=\"ez-toc-section\" id=\"Osprey_%E2%80%93_plecaki_dla_wymagajacych\"><\/span>Osprey \u2013 plecaki dla wymagaj\u0105cych<span class=\"ez-toc-section-end\"><\/span><\/h2>\n\n\n\n<p>Marka plecak\u00f3w Osprey ma ju\u017c 50 lat. Powsta\u0142a w Santa Cruz w Kalifornii w 1974 r., ale od 1990 r. jej siedziba i g\u0142\u00f3wna fabryka znajduje si\u0119 w stanie Kolorado. Nale\u017cy do najwa\u017cniejszych ameryka\u0144skich producent\u00f3w plecak\u00f3w turystycznych- trekkingowych, backpackingowych, rowerowych, wspinaczkowych, narciarskich ale tak\u017ce miejskich, codziennych czy podr\u00f3\u017cnych. Charakterystyczne logo przedstawiaj\u0105ce rybo\u0142owa mo\u017cna zobaczy\u0107 na wi\u0119kszo\u015bci tras trekkingowych na ca\u0142ym \u015bwiecie, od Islandii przez Himalaje po Now\u0105 Zelandi\u0119.<\/p>\n\n\n\n<p>Za\u0142o\u017cyciel firmy Mike Pfotenhauer wci\u0105\u017c znajduje si\u0119 w jej zarz\u0105dzie i jest czo\u0142owym konstruktorem plecak\u00f3w. To w\u0142a\u015bnie jego pomys\u0142y \u0142\u0105cz\u0105ce nisk\u0105 wag\u0119, rewelacyjne systemy no\u015bne przenosz\u0105ce obci\u0105\u017cenia na biodra, stabilno\u015b\u0107 oraz funkcjonalno\u015b\u0107 sprawi\u0142y, \u017ce zyska\u0142y one uznanie najbardziej wymagaj\u0105cych u\u017cytkownik\u00f3w \u2013 przewodnik\u00f3w i ratownik\u00f3w g\u00f3rskich, himalaist\u00f3w, narciarzy ekstremalnych. W ofercie marki Osprey znajduj\u0105 si\u0119 obecnie plecaki przeznaczone do r\u00f3\u017cnorodnych aktywno\u015bci outdoorowych oraz do codziennego u\u017cytkowania, a tak\u017ce torby podr\u00f3\u017cne, plecako \u2013 torby, walizki, saszetki i systemy nawadniaj\u0105ce. <\/p>\n\n\n<div class=\"wp-block-image\">\n<figure class=\"aligncenter size-large\"><img loading=\"lazy\" decoding=\"async\" width=\"1024\" height=\"684\" src=\"https:\/\/www.skalnik.pl\/blog\/wp-content\/uploads\/2024\/04\/Xenith_S18_Secondary_Lifestyle_02-min-1024x684.jpg\" alt=\"tury\u015bci z plecakami osprey\" class=\"wp-image-26172\" srcset=\"https:\/\/www.skalnik.pl\/blog\/wp-content\/uploads\/2024\/04\/Xenith_S18_Secondary_Lifestyle_02-min-1024x684.jpg 1024w, https:\/\/www.skalnik.pl\/blog\/wp-content\/uploads\/2024\/04\/Xenith_S18_Secondary_Lifestyle_02-min-300x200.jpg 300w, https:\/\/www.skalnik.pl\/blog\/wp-content\/uploads\/2024\/04\/Xenith_S18_Secondary_Lifestyle_02-min-768x513.jpg 768w, https:\/\/www.skalnik.pl\/blog\/wp-content\/uploads\/2024\/04\/Xenith_S18_Secondary_Lifestyle_02-min-1536x1025.jpg 1536w, https:\/\/www.skalnik.pl\/blog\/wp-content\/uploads\/2024\/04\/Xenith_S18_Secondary_Lifestyle_02-min-2048x1367.jpg 2048w\" sizes=\"auto, (max-width: 1024px) 100vw, 1024px\" \/><figcaption class=\"wp-element-caption\"><em>Z plecakami Osprey pokonasz najbardziej wymagaj\u0105ce szlaki (fot. Osprey) <\/em><\/figcaption><\/figure>\n<\/div>\n\n\n<p>W ka\u017cdej kolejnej ods\u0142onie konstruktorzy staraj\u0105 si\u0119 u\u017cywa\u0107 coraz l\u017cejszych materia\u0142\u00f3w, jednocze\u015bnie nie trac\u0105c z oczu wytrzyma\u0142o\u015bci i odporno\u015bci na przecieranie i uszkodzenia. U\u017cywane materia\u0142y spe\u0142niaj\u0105 normy certyfikatu bluesign\u00ae, zawieraj\u0105 komponenty pochodz\u0105ce z recyklingu, a do pow\u0142ok hydrofobowych nie u\u017cywa si\u0119 szkodliwych dla \u015brodowiska zwi\u0105zk\u00f3w PFC i PFAS, kt\u00f3re rozk\u0142adaj\u0105 si\u0119 bardzo wolno.<\/p>\n\n\n\n<p class=\"has-white-color has-vivid-cyan-blue-background-color has-text-color has-background\">Kliknij i poznaj &#8211;> <strong><a href=\"https:\/\/www.skalnik.pl\/sprzet-turystyczny\/plecaki\/plecaki-turystyczne\/marka:osprey\" target=\"_blank\" rel=\"noopener\" title=\"\">plecaki turystyczne Osprey<\/a><\/strong>. <\/p>\n\n\n\n<h2 class=\"wp-block-heading\"><span class=\"ez-toc-section\" id=\"Osprey_Talon_Pro_i_Tempest_Pro_%E2%80%93_dla_kogo_sa_te_plecaki\"><\/span>Osprey Talon Pro i Tempest Pro \u2013 dla kogo s\u0105 te plecaki<span class=\"ez-toc-section-end\"><\/span><\/h2>\n\n\n\n<p>Talon i Tempest to tak naprawd\u0119 ten sam model plecaka, tyle, \u017ce dopasowany do m\u0119skiej i kobiecej sylwetki. Tworz\u0105c plecaki dla wymagaj\u0105cych Osprey zwraca uwag\u0119 na najmniejsze detale, wi\u0119c nie mog\u0142o w\u015br\u00f3d nich zabrakn\u0105\u0107 do\u015b\u0107 oczywistych r\u00f3\u017cnic jakie wyst\u0119puj\u0105 mi\u0119dzy sylwetkami kobiet i m\u0119\u017cczyzn. Plecaki damskie maj\u0105 kr\u00f3tsze plecy i w\u0119\u017cszy rozstaw pas\u00f3w ramieniowych, a obydwie wersje mimo tych samych rozwi\u0105za\u0144 funkcjonalnych maj\u0105 w r\u00f3\u017cny spos\u00f3b profilowany pas biodrowy.<\/p>\n\n\n\n<p>Plecaki Talon\/Tempest Pro nale\u017c\u0105 do najbardziej uniwersalnych modeli w ca\u0142ej kolekcji Osprey. Pewnie z tego wzgl\u0119du zyska\u0142y sobie tak ogromn\u0105 popularno\u015b\u0107 i u\u017cywane s\u0105 przez mi\u0142o\u015bnik\u00f3w outdooru w r\u00f3\u017cnych postaciach.<\/p>\n\n\n<div class=\"wp-block-image\">\n<figure class=\"aligncenter size-large\"><img loading=\"lazy\" decoding=\"async\" width=\"1024\" height=\"683\" src=\"https:\/\/www.skalnik.pl\/blog\/wp-content\/uploads\/2024\/04\/S24_TalonPro30_MarsOrange_10005879_1-min-1024x683.jpg\" alt=\"plecak osprey w g\u00f3ry\" class=\"wp-image-26173\" srcset=\"https:\/\/www.skalnik.pl\/blog\/wp-content\/uploads\/2024\/04\/S24_TalonPro30_MarsOrange_10005879_1-min-1024x683.jpg 1024w, https:\/\/www.skalnik.pl\/blog\/wp-content\/uploads\/2024\/04\/S24_TalonPro30_MarsOrange_10005879_1-min-300x200.jpg 300w, https:\/\/www.skalnik.pl\/blog\/wp-content\/uploads\/2024\/04\/S24_TalonPro30_MarsOrange_10005879_1-min-768x512.jpg 768w\" sizes=\"auto, (max-width: 1024px) 100vw, 1024px\" \/><figcaption class=\"wp-element-caption\"><em>Tempest\/Talon Pro &#8211; uniwersalny plecak turystyczny, kt\u00f3ry sprawdzi si\u0119 w r\u00f3\u017cnych sytuacjach (fot. Osprey)<\/em><\/figcaption><\/figure>\n<\/div>\n\n\n<p>Najpro\u015bciej chyba b\u0119dzie mi je scharakteryzowa\u0107 jako lekkie plecaki turystyczne, kt\u00f3re dzi\u0119ki wentylowanemu, regulowanemu systemowi no\u015bnemu oraz licznym rozwi\u0105zaniom funkcjonalnym, o kt\u00f3rych za moment b\u0119d\u0105 odpowiednie do bardzo szerokiej gamy aktywno\u015bci. Sprawdz\u0105 si\u0119 idealnie podczas hiking\u00f3w w zr\u00f3\u017cnicowanym terenie, jedno i wielodniowych trekking\u00f3w, jako plecaki na sprz\u0119t wspinaczkowy, do turystyki wysokog\u00f3rskiej, a tak\u017ce do jazdy na rowerze. Je\u015bli uprawiasz r\u00f3\u017cne outdoorowe aktywno\u015bci, to w\u0142a\u015bnie Osprey Talon\/Tempest Pro mo\u017ce by\u0107 tym z\u0142otym Graalem w\u015br\u00f3d plecak\u00f3w, jakiego szukasz.<\/p>\n\n\n\n<h2 class=\"wp-block-heading\"><span class=\"ez-toc-section\" id=\"TalonTempest_Pro_%E2%80%93_najwazniejsze_cechy\"><\/span>Talon\/Tempest Pro \u2013 najwa\u017cniejsze cechy<span class=\"ez-toc-section-end\"><\/span><\/h2>\n\n\n\n<p>Czas teraz na przedstawienie najwa\u017cniejszych cech, kt\u00f3re sprawiaj\u0105, \u017ce plecaki Talon Pro i Tempest Pro s\u0105 tak wszechstronne. Skupi\u0119 si\u0119 na tych, kt\u00f3re wsp\u00f3lne s\u0105 dla modeli o wszystkich pojemno\u015bciach, a o szczeg\u00f3\u0142ach napisz\u0119 w dalszej cz\u0119\u015bci przy omawianiu konkretnych wersji litra\u017cowych.<\/p>\n\n\n<div class=\"wp-block-image\">\n<figure class=\"aligncenter size-large\"><img loading=\"lazy\" decoding=\"async\" width=\"1024\" height=\"683\" src=\"https:\/\/www.skalnik.pl\/blog\/wp-content\/uploads\/2024\/04\/S24_TempestPro20_SilverLining_10005892_4-min-1024x683.jpg\" alt=\"dwoje turyst\u00f3w na szlaku \" class=\"wp-image-26170\" srcset=\"https:\/\/www.skalnik.pl\/blog\/wp-content\/uploads\/2024\/04\/S24_TempestPro20_SilverLining_10005892_4-min-1024x683.jpg 1024w, https:\/\/www.skalnik.pl\/blog\/wp-content\/uploads\/2024\/04\/S24_TempestPro20_SilverLining_10005892_4-min-300x200.jpg 300w, https:\/\/www.skalnik.pl\/blog\/wp-content\/uploads\/2024\/04\/S24_TempestPro20_SilverLining_10005892_4-min-768x512.jpg 768w\" sizes=\"auto, (max-width: 1024px) 100vw, 1024px\" \/><figcaption class=\"wp-element-caption\"><em>Plecaki Talon\/Tempest Pro s\u0105 lekkie, wytrzyma\u0142e i niezwykle funkcjonalne (fot. Osprey) <\/em><\/figcaption><\/figure>\n<\/div>\n\n\n<ul class=\"wp-block-list\">\n<li>system no\u015bny <strong>AirScape\u2122<\/strong> oparty na formowanej wtryskowo ramie z tylnym panelem z perforowanej pianki pokrytej oddychaj\u0105c\u0105 siateczk\u0105 \u2013 dzi\u0119ki takiej konstrukcji plecak znajduje si\u0119 blisko plec\u00f3w i \u015brodka ci\u0119\u017cko\u015bci, jest niezwykle stabilny, a jednocze\u015bnie plecy s\u0105 ca\u0142y czas wentylowane.<\/li>\n\n\n\n<li>mo\u017cliwo\u015b\u0107 <strong>regulacji systemu no\u015bnego<\/strong> \u2013 regulacja tylnego panelu na wysoko\u015b\u0107 oraz ustawienia pas\u00f3w biodrowego, ramieniowych i piersiowego optymalnie do w\u0142asnej sylwetki.<\/li>\n\n\n\n<li>pasy ramieniowe i biodrowy <strong>BioStretch<\/strong>, kt\u00f3re zapewniaj\u0105 maksymaln\u0105 mobilno\u015b\u0107, a perforowana pianka pokryta siateczk\u0105 sprawia, \u017ce ca\u0142y system jest oddychaj\u0105cy.<\/li>\n\n\n\n<li>niezwykle lekki i wytrzyma\u0142y materia\u0142 <strong>NanoFly\u2122<\/strong> wykonany z Nylonu z recyklingu ze wzmocnieniami polimerowymi UHMWPE i technologi\u0105 ripstop \u2013 co to oznacza dla Ciebie? Po prostu tyle, \u017ce ten plecak niezwykle trudno przetrze\u0107, rozedrze\u0107 czy uszkodzi\u0107 podczas kontaktu z ga\u0142\u0119ziami, krzakami czy ska\u0142\u0105.<\/li>\n\n\n\n<li>pow\u0142oka DWR bez szkodliwych zwi\u0105zk\u00f3w PFC i PFAS zapewnia hydrofobowo\u015b\u0107 i ochron\u0119 przed wilgoci\u0105 oraz opadami o mniejszym nasileniu.<\/li>\n\n\n\n<li>kompatybilno\u015b\u0107 z systemem nawadniaj\u0105cym, na kt\u00f3ry przygotowano wewn\u0119trzn\u0105 kiesze\u0144<\/li>\n\n\n\n<li>liczne, funkcjonalnie rozmieszczone kieszenie \u2013 na panelu przednim, bokach, pasie biodrowym<\/li>\n\n\n\n<li>mo\u017cliwo\u015b\u0107 mocowania czekan\u00f3w, kij\u00f3w trekkingowych oraz r\u00f3\u017cnych rodzaj\u00f3w kask\u00f3w (uchwyt LidLock)<\/li>\n\n\n\n<li>wewn\u0119trzne i zewn\u0119trzne ta\u015bmy kompresyjne umo\u017cliwiaj\u0105ce stabilizacj\u0119 baga\u017cu oraz dopasowanie obj\u0119to\u015bci do ilo\u015bci sprz\u0119tu.<\/li>\n<\/ul>\n\n\n\n<h2 class=\"wp-block-heading\"><span class=\"ez-toc-section\" id=\"Plecaki_Osprey_%E2%80%93_nowa_odslona_modeli_TalonTempest_Pro_%E2%80%93_co_sie_zmienilo\"><\/span>Plecaki Osprey &#8211; nowa ods\u0142ona modeli Talon\/Tempest Pro \u2013 co si\u0119 zmieni\u0142o?<span class=\"ez-toc-section-end\"><\/span><\/h2>\n\n\n\n<p>Tempest i Talon Pro to plecaki, kt\u00f3re nie s\u0105 nowo\u015bci\u0105 na rynku. S\u0105 obecne na nim od wielu sezon\u00f3w i zyska\u0142y sobie grono wiernych fan\u00f3w. To jednak nie oznacza, \u017ce s\u0105 niezmienne i raz wymy\u015blone pozostaj\u0105 takie same. Doskonale zdajesz sobie spraw\u0119, \u017ce technologie id\u0105 do przodu i producenci musz\u0105 za nimi nad\u0105\u017ca\u0107. W kolejnych ods\u0142onach modelu Tempest Pro i Talon Pro dokonywane s\u0105 wi\u0119c zmiany, kt\u00f3re poprawiaj\u0105 funkcjonalno\u015b\u0107 i sprawiaj\u0105, \u017ce plecaki s\u0105 jeszcze l\u017cejsze, a przy tym tak\u017ce wytrzyma\u0142e. <\/p>\n\n\n<div class=\"wp-block-image\">\n<figure class=\"aligncenter size-large\"><a href=\"https:\/\/www.osprey.com\/eu\/\" target=\"_blank\" rel=\"nofollow noopener\"><img loading=\"lazy\" decoding=\"async\" width=\"1024\" height=\"684\" src=\"https:\/\/www.skalnik.pl\/blog\/wp-content\/uploads\/2024\/04\/S24_TalonPro30_MarsOrange_10005879_3-min-min-1-1024x684.jpg\" alt=\"plecaki osprey w g\u00f3ry\" class=\"wp-image-26171\" srcset=\"https:\/\/www.skalnik.pl\/blog\/wp-content\/uploads\/2024\/04\/S24_TalonPro30_MarsOrange_10005879_3-min-min-1-1024x684.jpg 1024w, https:\/\/www.skalnik.pl\/blog\/wp-content\/uploads\/2024\/04\/S24_TalonPro30_MarsOrange_10005879_3-min-min-1-300x200.jpg 300w, https:\/\/www.skalnik.pl\/blog\/wp-content\/uploads\/2024\/04\/S24_TalonPro30_MarsOrange_10005879_3-min-min-1-768x513.jpg 768w, https:\/\/www.skalnik.pl\/blog\/wp-content\/uploads\/2024\/04\/S24_TalonPro30_MarsOrange_10005879_3-min-min-1-1536x1026.jpg 1536w\" sizes=\"auto, (max-width: 1024px) 100vw, 1024px\" \/><\/a><figcaption class=\"wp-element-caption\"><em>Ulepszony materia\u0142 i poprawiona konstrukcja &#8211; zobacz co jeszcze zmieni\u0142o si\u0119 w nowej wersji plecak\u00f3w Talon\/Tempest Pro (fot. Osprey) <\/em><\/figcaption><\/figure>\n<\/div>\n\n\n<p>Co nowego w plecakach turystycznych Osprey Talon Pro i Tempest Pro?<\/p>\n\n\n\n<ul class=\"wp-block-list\">\n<li>ca\u0142kowicie <strong>zmieniono kszta\u0142t ramy<\/strong> systemu no\u015bnego by by\u0142a jeszcze lepiej dopasowana do sylwetki<\/li>\n\n\n\n<li><strong>poprawiono rozmiary panelu<\/strong> tylnego zar\u00f3wno w wersji m\u0119skiej, jak i damskiej<\/li>\n\n\n\n<li>seria zosta\u0142a rozszerzona o <strong>nowe litra\u017ce<\/strong> \u2013 s\u0105 one takie same w wersji dla kobiet i m\u0119\u017cczyzn<\/li>\n\n\n\n<li><strong>dopracowano rozmiar\u00f3wk\u0119<\/strong> plecak\u00f3w damskich i m\u0119skich, aby jeszcze \u0142atwiej i lepiej mo\u017cna by\u0142o dopasowa\u0107 je do sylwetki<\/li>\n\n\n\n<li>g\u0142\u00f3wnym materia\u0142em jest obecnie <strong>NanoFly\u2122<\/strong> ze wzmocnieniami polimerowymi \u2013 w poprzednich ods\u0142onach plecaki szyte by\u0142y z nylonowego materia\u0142u Robic<\/li>\n\n\n\n<li>nowa ods\u0142ona jest <strong>l\u017cejsza<\/strong> od poprzednich<\/li>\n\n\n\n<li>nowa <strong>ulepszona pow\u0142oka DWR<\/strong>, kt\u00f3ra nie zawiera trudno rozk\u0142adaj\u0105cych si\u0119 zwi\u0105zk\u00f3w PFC i PFAS<\/li>\n\n\n\n<li><strong>ulepszono uchwyt LidLock<\/strong> tak by by\u0142 niskoprofilowy i lepiej wsp\u00f3\u0142pracowa\u0142 z jak najszersz\u0105 gam\u0105 kask\u00f3w wspinaczkowych i rowerowych<\/li>\n<\/ul>\n\n\n\n<figure class=\"wp-block-image size-full\"><a href=\"https:\/\/www.skalnik.pl\/osprey\" target=\"_blank\" rel=\"noreferrer noopener\"><img loading=\"lazy\" decoding=\"async\" width=\"1024\" height=\"250\" src=\"https:\/\/www.skalnik.pl\/blog\/wp-content\/uploads\/2024\/04\/OSPREY-BANER-SKLEP.jpg\" alt=\"plecaki osprey baner\" class=\"wp-image-26246\" srcset=\"https:\/\/www.skalnik.pl\/blog\/wp-content\/uploads\/2024\/04\/OSPREY-BANER-SKLEP.jpg 1024w, https:\/\/www.skalnik.pl\/blog\/wp-content\/uploads\/2024\/04\/OSPREY-BANER-SKLEP-300x73.jpg 300w, https:\/\/www.skalnik.pl\/blog\/wp-content\/uploads\/2024\/04\/OSPREY-BANER-SKLEP-768x188.jpg 768w\" sizes=\"auto, (max-width: 1024px) 100vw, 1024px\" \/><\/a><\/figure>\n\n\n\n<h2 class=\"wp-block-heading\"><span class=\"ez-toc-section\" id=\"Poznaj_plecaki_Osprey_Talon_Pro_i_Tempest_Pro\"><\/span>Poznaj plecaki Osprey Talon Pro i Tempest Pro<span class=\"ez-toc-section-end\"><\/span><\/h2>\n\n\n\n<p>Na koniec czas przyjrze\u0107 si\u0119 bli\u017cej konkretnym wersjom plecak\u00f3w Talon Pro i Temptest Pro. O ich cechach wsp\u00f3lnych pisa\u0142am ju\u017c wy\u017cej wi\u0119c teraz przedstawi\u0119 co je od siebie r\u00f3\u017cni.<\/p>\n\n\n\n<ul class=\"wp-block-list\">\n<li>Talon\/Tempest Pro 40 \u2013 plecaki zamykane <strong>pokryw\u0105 z kieszeni\u0105<\/strong> i z klamerkami. Mo\u017cna j\u0105 podnie\u015b\u0107 zyskuj\u0105c miejsce na dodatkowy sprz\u0119t lub usun\u0105\u0107 i zastosowa\u0107 mi\u0119kk\u0105, p\u0142ask\u0105 klap\u0119, kt\u00f3ra ochroni przenoszone wyposa\u017cenie. Wersja 40 litrowa ma te\u017c odpinane paski w dolnej cz\u0119\u015bci panelu przedniego, do kt\u00f3rych mo\u017cna troczy\u0107 sprz\u0119t.<\/li>\n\n\n\n<li>Talon\/Tempest Pro 30 \u2013 to z kolei plecaki zamykane <strong>klap\u0105 typu \u201ebucket\u201d<\/strong> czyli zasuwan\u0105 na zamek. Daje to bardzo \u0142atwy dost\u0119p do wn\u0119trza i umo\u017cliwia szerokie otwarcie plecaka. Zamek przy klapie jest laminowany wi\u0119c nie musisz si\u0119 martwi\u0107, \u017ce do wn\u0119trza dostanie si\u0119 woda lub wilgo\u0107. Na przednim panelu plecak znajduje si\u0119 uchwyt do zamocowania lampki.<\/li>\n\n\n\n<li>Talon\/Tempest Pro 20 \u2013 najmniejszy z tej serii plecak\u00f3w turystycznych Osprey. Zamykany jest <strong>klasycznie na laminowany zamek<\/strong> w g\u00f3rnej cz\u0119\u015bci plecaka. Podobnie jak wersja 30 litrowa ma mocowanie na lampk\u0119, co jest bardzo pomocne podczas jazdy na rowerze.<\/li>\n<\/ul>\n\n\n\n<hr class=\"wp-block-separator has-alpha-channel-opacity is-style-dots\"\/>\n\n\n\n<p>Je\u015bli szukasz wszechstronnego plecaka turystycznego, z kt\u00f3rym wybierzesz si\u0119 w g\u00f3ry, na w\u0119dr\u00f3wk\u0119 w mniej wymagaj\u0105cym terenie czy na wycieczk\u0119 rowerow\u0105, to Osprey Talon Pro i Tempest Pro jest doskona\u0142ym wyborem. Nowe ods\u0142ony tych plecak\u00f3w ameryka\u0144skiego lidera rynku to po\u0142\u0105czenie niskiej wagi, funkcjonalno\u015bci i wytrzyma\u0142o\u015bci, kt\u00f3re na pewno docenisz.<\/p>\n","protected":false},"excerpt":{"rendered":"<p>Kultowe plecaki Osprey Talon Pro i Tempest Pro w nowej ods\u0142onie. Sprawd\u017a co si\u0119 zmieni\u0142o. <\/p>\n","protected":false},"author":41,"featured_media":26244,"comment_status":"closed","ping_status":"closed","sticky":false,"template":"","format":"standard","meta":{"_acf_changed":false,"footnotes":""},"categories":[5],"tags":[23,210],"magento_category":[51],"magento_product":[],"class_list":["post-26166","post","type-post","status-publish","format-standard","has-post-thumbnail","hentry","category-branza","tag-plecaki","tag-turystyka"],"acf":[],"aioseo_notices":[],"aioseo_head":"\n\t\t<!-- All in One SEO 4.9.10 - aioseo.com -->\n\t<meta name=\"description\" content=\"Wszechstronne plecaki Osprey dla turyst\u00f3w Talon Pro i Tempest Pro s\u0105 cenione przez hiker\u00f3w i trekkingowc\u00f3w. Sprawd\u017a co zmieni\u0142o si\u0119 w ich najnowszej ods\u0142onie.\" \/>\n\t<meta name=\"robots\" content=\"max-image-preview:large\" \/>\n\t<meta name=\"author\" content=\"Anna \u015aliwa\"\/>\n\t<link rel=\"canonical\" href=\"https:\/\/www.skalnik.pl\/blog\/plecaki-osprey-talon-pro-i-tempest-kultowe-modele-w-nowej-odslonie\/\" \/>\n\t<meta name=\"generator\" content=\"All in One SEO (AIOSEO) 4.9.10\" \/>\n\t\t<meta property=\"og:locale\" content=\"pl_PL\" \/>\n\t\t<meta property=\"og:site_name\" content=\"blog Skalnik - Blog, porady, artyku\u0142y - blog Skalnik\" \/>\n\t\t<meta property=\"og:type\" content=\"article\" \/>\n\t\t<meta property=\"og:title\" content=\"Plecaki Osprey Talon Pro i Tempest. Kultowe modele w nowej ods\u0142onie - blog Skalnik\" \/>\n\t\t<meta property=\"og:description\" content=\"Wszechstronne plecaki Osprey dla turyst\u00f3w Talon Pro i Tempest Pro s\u0105 cenione przez hiker\u00f3w i trekkingowc\u00f3w. Sprawd\u017a co zmieni\u0142o si\u0119 w ich najnowszej ods\u0142onie.\" \/>\n\t\t<meta property=\"og:url\" content=\"https:\/\/www.skalnik.pl\/blog\/plecaki-osprey-talon-pro-i-tempest-kultowe-modele-w-nowej-odslonie\/\" \/>\n\t\t<meta property=\"og:image\" content=\"https:\/\/www.skalnik.pl\/blog\/wp-content\/uploads\/2024\/04\/Xenith_S18_Secondary_Lifestyle_02-min-1024x684.jpg\" \/>\n\t\t<meta property=\"og:image:secure_url\" content=\"https:\/\/www.skalnik.pl\/blog\/wp-content\/uploads\/2024\/04\/Xenith_S18_Secondary_Lifestyle_02-min-1024x684.jpg\" \/>\n\t\t<meta property=\"article:tag\" content=\"bran\u017ca\" \/>\n\t\t<meta property=\"article:tag\" content=\"plecaki\" \/>\n\t\t<meta property=\"article:tag\" content=\"turystyka\" \/>\n\t\t<meta property=\"article:published_time\" content=\"2024-04-29T14:49:59+00:00\" \/>\n\t\t<meta property=\"article:modified_time\" content=\"2024-04-29T14:50:01+00:00\" \/>\n\t\t<meta name=\"twitter:card\" content=\"summary_large_image\" \/>\n\t\t<meta name=\"twitter:title\" content=\"Plecaki Osprey Talon Pro i Tempest. Kultowe modele w nowej ods\u0142onie - blog Skalnik\" \/>\n\t\t<meta name=\"twitter:description\" content=\"Wszechstronne plecaki Osprey dla turyst\u00f3w Talon Pro i Tempest Pro s\u0105 cenione przez hiker\u00f3w i trekkingowc\u00f3w. Sprawd\u017a co zmieni\u0142o si\u0119 w ich najnowszej ods\u0142onie.\" \/>\n\t\t<meta name=\"twitter:image\" content=\"https:\/\/www.skalnik.pl\/blog\/wp-content\/uploads\/2024\/04\/Xenith_S18_Secondary_Lifestyle_02-min-1024x684.jpg\" \/>\n\t\t<script type=\"application\/ld+json\" class=\"aioseo-schema\">\n\t\t\t{\"@context\":\"https:\\\/\\\/schema.org\",\"@graph\":[{\"@type\":\"BlogPosting\",\"@id\":\"https:\\\/\\\/www.skalnik.pl\\\/blog\\\/plecaki-osprey-talon-pro-i-tempest-kultowe-modele-w-nowej-odslonie\\\/#blogposting\",\"name\":\"Plecaki Osprey Talon Pro i Tempest. Kultowe modele w nowej ods\\u0142onie - blog Skalnik\",\"headline\":\"Plecaki Osprey Talon Pro i Tempest. Kultowe modele w nowej ods\\u0142onie\",\"author\":{\"@id\":\"https:\\\/\\\/www.skalnik.pl\\\/blog\\\/author\\\/anna-sliwa\\\/#author\"},\"publisher\":{\"@id\":\"https:\\\/\\\/www.skalnik.pl\\\/blog\\\/#organization\"},\"image\":{\"@type\":\"ImageObject\",\"url\":\"https:\\\/\\\/www.skalnik.pl\\\/blog\\\/wp-content\\\/uploads\\\/2024\\\/04\\\/plecaki-turystyczne.jpg\",\"width\":1920,\"height\":705},\"datePublished\":\"2024-04-29T16:49:59+02:00\",\"dateModified\":\"2024-04-29T16:50:01+02:00\",\"inLanguage\":\"pl-PL\",\"mainEntityOfPage\":{\"@id\":\"https:\\\/\\\/www.skalnik.pl\\\/blog\\\/plecaki-osprey-talon-pro-i-tempest-kultowe-modele-w-nowej-odslonie\\\/#webpage\"},\"isPartOf\":{\"@id\":\"https:\\\/\\\/www.skalnik.pl\\\/blog\\\/plecaki-osprey-talon-pro-i-tempest-kultowe-modele-w-nowej-odslonie\\\/#webpage\"},\"articleSection\":\"Bran\\u017ca, plecaki, turystyka, 1202\"},{\"@type\":\"BreadcrumbList\",\"@id\":\"https:\\\/\\\/www.skalnik.pl\\\/blog\\\/plecaki-osprey-talon-pro-i-tempest-kultowe-modele-w-nowej-odslonie\\\/#breadcrumblist\",\"itemListElement\":[{\"@type\":\"ListItem\",\"@id\":\"https:\\\/\\\/www.skalnik.pl\\\/blog#listItem\",\"position\":1,\"name\":\"Home\",\"item\":\"https:\\\/\\\/www.skalnik.pl\\\/blog\",\"nextItem\":{\"@type\":\"ListItem\",\"@id\":\"https:\\\/\\\/www.skalnik.pl\\\/blog\\\/.\\\/branza\\\/#listItem\",\"name\":\"Bran\\u017ca\"}},{\"@type\":\"ListItem\",\"@id\":\"https:\\\/\\\/www.skalnik.pl\\\/blog\\\/.\\\/branza\\\/#listItem\",\"position\":2,\"name\":\"Bran\\u017ca\",\"item\":\"https:\\\/\\\/www.skalnik.pl\\\/blog\\\/.\\\/branza\\\/\",\"nextItem\":{\"@type\":\"ListItem\",\"@id\":\"https:\\\/\\\/www.skalnik.pl\\\/blog\\\/plecaki-osprey-talon-pro-i-tempest-kultowe-modele-w-nowej-odslonie\\\/#listItem\",\"name\":\"Plecaki Osprey Talon Pro i Tempest. Kultowe modele w nowej ods\\u0142onie\"},\"previousItem\":{\"@type\":\"ListItem\",\"@id\":\"https:\\\/\\\/www.skalnik.pl\\\/blog#listItem\",\"name\":\"Home\"}},{\"@type\":\"ListItem\",\"@id\":\"https:\\\/\\\/www.skalnik.pl\\\/blog\\\/plecaki-osprey-talon-pro-i-tempest-kultowe-modele-w-nowej-odslonie\\\/#listItem\",\"position\":3,\"name\":\"Plecaki Osprey Talon Pro i Tempest. Kultowe modele w nowej ods\\u0142onie\",\"previousItem\":{\"@type\":\"ListItem\",\"@id\":\"https:\\\/\\\/www.skalnik.pl\\\/blog\\\/.\\\/branza\\\/#listItem\",\"name\":\"Bran\\u017ca\"}}]},{\"@type\":\"Organization\",\"@id\":\"https:\\\/\\\/www.skalnik.pl\\\/blog\\\/#organization\",\"name\":\"blog Skalnik\",\"description\":\"Blog, porady, artyku\\u0142y - blog Skalnik\",\"url\":\"https:\\\/\\\/www.skalnik.pl\\\/blog\\\/\"},{\"@type\":\"Person\",\"@id\":\"https:\\\/\\\/www.skalnik.pl\\\/blog\\\/author\\\/anna-sliwa\\\/#author\",\"url\":\"https:\\\/\\\/www.skalnik.pl\\\/blog\\\/author\\\/anna-sliwa\\\/\",\"name\":\"Anna \\u015aliwa\",\"image\":{\"@type\":\"ImageObject\",\"@id\":\"https:\\\/\\\/www.skalnik.pl\\\/blog\\\/plecaki-osprey-talon-pro-i-tempest-kultowe-modele-w-nowej-odslonie\\\/#authorImage\",\"url\":\"https:\\\/\\\/secure.gravatar.com\\\/avatar\\\/e8300be3de710e2e109e5dfbf092dcf827242ec8071807a1e13f6b3f7c9bbd79?s=96&d=mm&r=g\",\"width\":96,\"height\":96,\"caption\":\"Anna \\u015aliwa\"}},{\"@type\":\"WebPage\",\"@id\":\"https:\\\/\\\/www.skalnik.pl\\\/blog\\\/plecaki-osprey-talon-pro-i-tempest-kultowe-modele-w-nowej-odslonie\\\/#webpage\",\"url\":\"https:\\\/\\\/www.skalnik.pl\\\/blog\\\/plecaki-osprey-talon-pro-i-tempest-kultowe-modele-w-nowej-odslonie\\\/\",\"name\":\"Plecaki Osprey Talon Pro i Tempest. Kultowe modele w nowej ods\\u0142onie - blog Skalnik\",\"description\":\"Wszechstronne plecaki Osprey dla turyst\\u00f3w Talon Pro i Tempest Pro s\\u0105 cenione przez hiker\\u00f3w i trekkingowc\\u00f3w. Sprawd\\u017a co zmieni\\u0142o si\\u0119 w ich najnowszej ods\\u0142onie.\",\"inLanguage\":\"pl-PL\",\"isPartOf\":{\"@id\":\"https:\\\/\\\/www.skalnik.pl\\\/blog\\\/#website\"},\"breadcrumb\":{\"@id\":\"https:\\\/\\\/www.skalnik.pl\\\/blog\\\/plecaki-osprey-talon-pro-i-tempest-kultowe-modele-w-nowej-odslonie\\\/#breadcrumblist\"},\"author\":{\"@id\":\"https:\\\/\\\/www.skalnik.pl\\\/blog\\\/author\\\/anna-sliwa\\\/#author\"},\"creator\":{\"@id\":\"https:\\\/\\\/www.skalnik.pl\\\/blog\\\/author\\\/anna-sliwa\\\/#author\"},\"image\":{\"@type\":\"ImageObject\",\"url\":\"https:\\\/\\\/www.skalnik.pl\\\/blog\\\/wp-content\\\/uploads\\\/2024\\\/04\\\/plecaki-turystyczne.jpg\",\"@id\":\"https:\\\/\\\/www.skalnik.pl\\\/blog\\\/plecaki-osprey-talon-pro-i-tempest-kultowe-modele-w-nowej-odslonie\\\/#mainImage\",\"width\":1920,\"height\":705},\"primaryImageOfPage\":{\"@id\":\"https:\\\/\\\/www.skalnik.pl\\\/blog\\\/plecaki-osprey-talon-pro-i-tempest-kultowe-modele-w-nowej-odslonie\\\/#mainImage\"},\"datePublished\":\"2024-04-29T16:49:59+02:00\",\"dateModified\":\"2024-04-29T16:50:01+02:00\"},{\"@type\":\"WebSite\",\"@id\":\"https:\\\/\\\/www.skalnik.pl\\\/blog\\\/#website\",\"url\":\"https:\\\/\\\/www.skalnik.pl\\\/blog\\\/\",\"name\":\"blog Skalnik\",\"description\":\"Blog, porady, artyku\\u0142y - blog Skalnik\",\"inLanguage\":\"pl-PL\",\"publisher\":{\"@id\":\"https:\\\/\\\/www.skalnik.pl\\\/blog\\\/#organization\"}}]}\n\t\t<\/script>\n\t\t<!-- All in One SEO -->\n\n","aioseo_head_json":{"title":"Plecaki Osprey Talon Pro i Tempest. Kultowe modele w nowej ods\u0142onie - blog Skalnik","description":"Wszechstronne plecaki Osprey dla turyst\u00f3w Talon Pro i Tempest Pro s\u0105 cenione przez hiker\u00f3w i trekkingowc\u00f3w. Sprawd\u017a co zmieni\u0142o si\u0119 w ich najnowszej ods\u0142onie.","canonical_url":"https:\/\/www.skalnik.pl\/blog\/plecaki-osprey-talon-pro-i-tempest-kultowe-modele-w-nowej-odslonie\/","robots":"max-image-preview:large","keywords":"","webmasterTools":{"miscellaneous":""},"schema":{"@context":"https:\/\/schema.org","@graph":[{"@type":"BlogPosting","@id":"https:\/\/www.skalnik.pl\/blog\/plecaki-osprey-talon-pro-i-tempest-kultowe-modele-w-nowej-odslonie\/#blogposting","name":"Plecaki Osprey Talon Pro i Tempest. Kultowe modele w nowej ods\u0142onie - blog Skalnik","headline":"Plecaki Osprey Talon Pro i Tempest. Kultowe modele w nowej ods\u0142onie","author":{"@id":"https:\/\/www.skalnik.pl\/blog\/author\/anna-sliwa\/#author"},"publisher":{"@id":"https:\/\/www.skalnik.pl\/blog\/#organization"},"image":{"@type":"ImageObject","url":"https:\/\/www.skalnik.pl\/blog\/wp-content\/uploads\/2024\/04\/plecaki-turystyczne.jpg","width":1920,"height":705},"datePublished":"2024-04-29T16:49:59+02:00","dateModified":"2024-04-29T16:50:01+02:00","inLanguage":"pl-PL","mainEntityOfPage":{"@id":"https:\/\/www.skalnik.pl\/blog\/plecaki-osprey-talon-pro-i-tempest-kultowe-modele-w-nowej-odslonie\/#webpage"},"isPartOf":{"@id":"https:\/\/www.skalnik.pl\/blog\/plecaki-osprey-talon-pro-i-tempest-kultowe-modele-w-nowej-odslonie\/#webpage"},"articleSection":"Bran\u017ca, plecaki, turystyka, 1202"},{"@type":"BreadcrumbList","@id":"https:\/\/www.skalnik.pl\/blog\/plecaki-osprey-talon-pro-i-tempest-kultowe-modele-w-nowej-odslonie\/#breadcrumblist","itemListElement":[{"@type":"ListItem","@id":"https:\/\/www.skalnik.pl\/blog#listItem","position":1,"name":"Home","item":"https:\/\/www.skalnik.pl\/blog","nextItem":{"@type":"ListItem","@id":"https:\/\/www.skalnik.pl\/blog\/.\/branza\/#listItem","name":"Bran\u017ca"}},{"@type":"ListItem","@id":"https:\/\/www.skalnik.pl\/blog\/.\/branza\/#listItem","position":2,"name":"Bran\u017ca","item":"https:\/\/www.skalnik.pl\/blog\/.\/branza\/","nextItem":{"@type":"ListItem","@id":"https:\/\/www.skalnik.pl\/blog\/plecaki-osprey-talon-pro-i-tempest-kultowe-modele-w-nowej-odslonie\/#listItem","name":"Plecaki Osprey Talon Pro i Tempest. Kultowe modele w nowej ods\u0142onie"},"previousItem":{"@type":"ListItem","@id":"https:\/\/www.skalnik.pl\/blog#listItem","name":"Home"}},{"@type":"ListItem","@id":"https:\/\/www.skalnik.pl\/blog\/plecaki-osprey-talon-pro-i-tempest-kultowe-modele-w-nowej-odslonie\/#listItem","position":3,"name":"Plecaki Osprey Talon Pro i Tempest. Kultowe modele w nowej ods\u0142onie","previousItem":{"@type":"ListItem","@id":"https:\/\/www.skalnik.pl\/blog\/.\/branza\/#listItem","name":"Bran\u017ca"}}]},{"@type":"Organization","@id":"https:\/\/www.skalnik.pl\/blog\/#organization","name":"blog Skalnik","description":"Blog, porady, artyku\u0142y - blog Skalnik","url":"https:\/\/www.skalnik.pl\/blog\/"},{"@type":"Person","@id":"https:\/\/www.skalnik.pl\/blog\/author\/anna-sliwa\/#author","url":"https:\/\/www.skalnik.pl\/blog\/author\/anna-sliwa\/","name":"Anna \u015aliwa","image":{"@type":"ImageObject","@id":"https:\/\/www.skalnik.pl\/blog\/plecaki-osprey-talon-pro-i-tempest-kultowe-modele-w-nowej-odslonie\/#authorImage","url":"https:\/\/secure.gravatar.com\/avatar\/e8300be3de710e2e109e5dfbf092dcf827242ec8071807a1e13f6b3f7c9bbd79?s=96&d=mm&r=g","width":96,"height":96,"caption":"Anna \u015aliwa"}},{"@type":"WebPage","@id":"https:\/\/www.skalnik.pl\/blog\/plecaki-osprey-talon-pro-i-tempest-kultowe-modele-w-nowej-odslonie\/#webpage","url":"https:\/\/www.skalnik.pl\/blog\/plecaki-osprey-talon-pro-i-tempest-kultowe-modele-w-nowej-odslonie\/","name":"Plecaki Osprey Talon Pro i Tempest. Kultowe modele w nowej ods\u0142onie - blog Skalnik","description":"Wszechstronne plecaki Osprey dla turyst\u00f3w Talon Pro i Tempest Pro s\u0105 cenione przez hiker\u00f3w i trekkingowc\u00f3w. Sprawd\u017a co zmieni\u0142o si\u0119 w ich najnowszej ods\u0142onie.","inLanguage":"pl-PL","isPartOf":{"@id":"https:\/\/www.skalnik.pl\/blog\/#website"},"breadcrumb":{"@id":"https:\/\/www.skalnik.pl\/blog\/plecaki-osprey-talon-pro-i-tempest-kultowe-modele-w-nowej-odslonie\/#breadcrumblist"},"author":{"@id":"https:\/\/www.skalnik.pl\/blog\/author\/anna-sliwa\/#author"},"creator":{"@id":"https:\/\/www.skalnik.pl\/blog\/author\/anna-sliwa\/#author"},"image":{"@type":"ImageObject","url":"https:\/\/www.skalnik.pl\/blog\/wp-content\/uploads\/2024\/04\/plecaki-turystyczne.jpg","@id":"https:\/\/www.skalnik.pl\/blog\/plecaki-osprey-talon-pro-i-tempest-kultowe-modele-w-nowej-odslonie\/#mainImage","width":1920,"height":705},"primaryImageOfPage":{"@id":"https:\/\/www.skalnik.pl\/blog\/plecaki-osprey-talon-pro-i-tempest-kultowe-modele-w-nowej-odslonie\/#mainImage"},"datePublished":"2024-04-29T16:49:59+02:00","dateModified":"2024-04-29T16:50:01+02:00"},{"@type":"WebSite","@id":"https:\/\/www.skalnik.pl\/blog\/#website","url":"https:\/\/www.skalnik.pl\/blog\/","name":"blog Skalnik","description":"Blog, porady, artyku\u0142y - blog Skalnik","inLanguage":"pl-PL","publisher":{"@id":"https:\/\/www.skalnik.pl\/blog\/#organization"}}]},"og:locale":"pl_PL","og:site_name":"blog Skalnik - Blog, porady, artyku\u0142y - blog Skalnik","og:type":"article","og:title":"Plecaki Osprey Talon Pro i Tempest. Kultowe modele w nowej ods\u0142onie - blog Skalnik","og:description":"Wszechstronne plecaki Osprey dla turyst\u00f3w Talon Pro i Tempest Pro s\u0105 cenione przez hiker\u00f3w i trekkingowc\u00f3w. Sprawd\u017a co zmieni\u0142o si\u0119 w ich najnowszej ods\u0142onie.","og:url":"https:\/\/www.skalnik.pl\/blog\/plecaki-osprey-talon-pro-i-tempest-kultowe-modele-w-nowej-odslonie\/","og:image":"https:\/\/www.skalnik.pl\/blog\/wp-content\/uploads\/2024\/04\/Xenith_S18_Secondary_Lifestyle_02-min-1024x684.jpg","og:image:secure_url":"https:\/\/www.skalnik.pl\/blog\/wp-content\/uploads\/2024\/04\/Xenith_S18_Secondary_Lifestyle_02-min-1024x684.jpg","article:tag":["bran\u017ca","plecaki","turystyka"],"article:published_time":"2024-04-29T14:49:59+00:00","article:modified_time":"2024-04-29T14:50:01+00:00","twitter:card":"summary_large_image","twitter:title":"Plecaki Osprey Talon Pro i Tempest. Kultowe modele w nowej ods\u0142onie - blog Skalnik","twitter:description":"Wszechstronne plecaki Osprey dla turyst\u00f3w Talon Pro i Tempest Pro s\u0105 cenione przez hiker\u00f3w i trekkingowc\u00f3w. Sprawd\u017a co zmieni\u0142o si\u0119 w ich najnowszej ods\u0142onie.","twitter:image":"https:\/\/www.skalnik.pl\/blog\/wp-content\/uploads\/2024\/04\/Xenith_S18_Secondary_Lifestyle_02-min-1024x684.jpg"},"aioseo_meta_data":{"post_id":"26166","title":null,"description":"Wszechstronne plecaki Osprey dla turyst\u00f3w Talon Pro i Tempest Pro s\u0105 cenione przez hiker\u00f3w i trekkingowc\u00f3w. Sprawd\u017a co zmieni\u0142o si\u0119 w ich najnowszej ods\u0142onie.","keywords":[],"keyphrases":{"focus":{"keyphrase":"plecaki osprey","score":100,"analysis":{"keyphraseInTitle":{"score":9,"maxScore":9,"error":0},"keyphraseInDescription":{"score":9,"maxScore":9,"error":0},"keyphraseLength":{"score":9,"maxScore":9,"error":0,"length":2},"keyphraseInURL":{"score":5,"maxScore":5,"error":0},"keyphraseInIntroduction":{"score":9,"maxScore":9,"error":0},"keyphraseInSubHeadings":{"score":9,"maxScore":9,"error":0},"keyphraseInImageAlt":{"score":9,"maxScore":9,"error":0}}},"additional":[]},"primary_term":null,"canonical_url":null,"og_title":null,"og_description":null,"og_object_type":"default","og_image_type":"default","og_image_url":null,"og_image_width":null,"og_image_height":null,"og_image_custom_url":null,"og_image_custom_fields":null,"og_video":"","og_custom_url":null,"og_article_section":null,"og_article_tags":[],"twitter_use_og":false,"twitter_card":"default","twitter_image_type":"default","twitter_image_url":null,"twitter_image_custom_url":null,"twitter_image_custom_fields":null,"twitter_title":null,"twitter_description":null,"schema":{"blockGraphs":[],"customGraphs":[],"default":{"data":{"Article":[],"Course":[],"Dataset":[],"FAQPage":[],"Movie":[],"Person":[],"Product":[],"ProductReview":[],"Car":[],"Recipe":[],"Service":[],"SoftwareApplication":[],"WebPage":[]},"graphName":"","isEnabled":true},"graphs":[]},"schema_type":"default","schema_type_options":null,"pillar_content":false,"robots_default":true,"robots_noindex":false,"robots_noarchive":false,"robots_nosnippet":false,"robots_nofollow":false,"robots_noimageindex":false,"robots_noodp":false,"robots_notranslate":false,"robots_max_snippet":"-1","robots_max_videopreview":"-1","robots_max_imagepreview":"large","priority":null,"frequency":"default","local_seo":null,"breadcrumb_settings":null,"limit_modified_date":false,"ai":null,"created":"2024-04-16 20:46:15","updated":"2026-02-17 22:53:57","seo_analyzer_scan_date":null},"aioseo_breadcrumb":"<div class=\"aioseo-breadcrumbs\"><span class=\"aioseo-breadcrumb\">\n\t\t\t<a href=\"https:\/\/www.skalnik.pl\/blog\" title=\"Home\">Home<\/a>\n\t\t<\/span><span class=\"aioseo-breadcrumb-separator\">&raquo;<\/span><span class=\"aioseo-breadcrumb\">\n\t\t\t<a href=\"https:\/\/www.skalnik.pl\/blog\/.\/branza\/\" title=\"Bran\u017ca\">Bran\u017ca<\/a>\n\t\t<\/span><span class=\"aioseo-breadcrumb-separator\">&raquo;<\/span><span class=\"aioseo-breadcrumb\">\n\t\t\tPlecaki Osprey Talon Pro i Tempest. Kultowe modele w nowej ods\u0142onie\n\t\t<\/span><\/div>","aioseo_breadcrumb_json":[{"label":"Home","link":"https:\/\/www.skalnik.pl\/blog"},{"label":"Bran\u017ca","link":"https:\/\/www.skalnik.pl\/blog\/.\/branza\/"},{"label":"Plecaki Osprey Talon Pro i Tempest. Kultowe modele w nowej ods\u0142onie","link":"https:\/\/www.skalnik.pl\/blog\/plecaki-osprey-talon-pro-i-tempest-kultowe-modele-w-nowej-odslonie\/"}],"_links":{"self":[{"href":"https:\/\/www.skalnik.pl\/blog\/wp-json\/wp\/v2\/posts\/26166","targetHints":{"allow":["GET"]}}],"collection":[{"href":"https:\/\/www.skalnik.pl\/blog\/wp-json\/wp\/v2\/posts"}],"about":[{"href":"https:\/\/www.skalnik.pl\/blog\/wp-json\/wp\/v2\/types\/post"}],"author":[{"embeddable":true,"href":"https:\/\/www.skalnik.pl\/blog\/wp-json\/wp\/v2\/users\/41"}],"replies":[{"embeddable":true,"href":"https:\/\/www.skalnik.pl\/blog\/wp-json\/wp\/v2\/comments?post=26166"}],"version-history":[{"count":2,"href":"https:\/\/www.skalnik.pl\/blog\/wp-json\/wp\/v2\/posts\/26166\/revisions"}],"predecessor-version":[{"id":26247,"href":"https:\/\/www.skalnik.pl\/blog\/wp-json\/wp\/v2\/posts\/26166\/revisions\/26247"}],"wp:featuredmedia":[{"embeddable":true,"href":"https:\/\/www.skalnik.pl\/blog\/wp-json\/wp\/v2\/media\/26244"}],"wp:attachment":[{"href":"https:\/\/www.skalnik.pl\/blog\/wp-json\/wp\/v2\/media?parent=26166"}],"wp:term":[{"taxonomy":"category","embeddable":true,"href":"https:\/\/www.skalnik.pl\/blog\/wp-json\/wp\/v2\/categories?post=26166"},{"taxonomy":"post_tag","embeddable":true,"href":"https:\/\/www.skalnik.pl\/blog\/wp-json\/wp\/v2\/tags?post=26166"},{"taxonomy":"magento_category","embeddable":true,"href":"https:\/\/www.skalnik.pl\/blog\/wp-json\/wp\/v2\/magento_category?post=26166"},{"taxonomy":"magento_product","embeddable":true,"href":"https:\/\/www.skalnik.pl\/blog\/wp-json\/wp\/v2\/magento_product?post=26166"}],"curies":[{"name":"wp","href":"https:\/\/api.w.org\/{rel}","templated":true}]}}