{"id":263,"date":"2014-03-20T15:52:36","date_gmt":"2014-03-20T14:52:36","guid":{"rendered":"https:\/\/skalnik.pl\/blog\/?p=263"},"modified":"2026-05-19T11:32:05","modified_gmt":"2026-05-19T09:32:05","slug":"jak-dobrac-plecak","status":"publish","type":"post","link":"https:\/\/www.skalnik.pl\/blog\/jak-dobrac-plecak\/","title":{"rendered":"Jak dobra\u0107 plecak"},"content":{"rendered":"<p><b>Dobierz odpowiedni dla siebie plecak i\u00a0zrzu\u0107 zb\u0119dny ci\u0119\u017car z\u00a0ramion. Wygodny i\u00a0funkcjonalny plecak przychodzi na ratunek naszym plecom i\u00a0przyjmuje na siebie cz\u0119\u015b\u0107 niesionych kilogram\u00f3w. By tak si\u0119 jednak sta\u0142o musimy podczas zakupu wybra\u0107 model, kt\u00f3ry najlepiej wpisuje si\u0119 w\u00a0nasze potrzeby. Turystyka g\u00f3rska, wspinaczka, alpinizm czy zwyk\u0142y spacer z\u00a0laptopem po mie\u015bcie &#8211;\u00a0ka\u017cda z\u00a0tych aktywno\u015bci posiada w\u0142asn\u0105 specyfik\u0119 i\u00a0wymaga odr\u0119bnych rozwi\u0105za\u0144. Podpowiadamy wi\u0119c jak wybiera\u0107 dobre plecaki i na co zwr\u00f3ci\u0107 uwag\u0119 podczas wyboru turystycznego worka. \u00a0Dobry wyb\u00f3r pozwala skorzysta\u0107 ze wszystkich w\u0142a\u015bciwo\u015bci danego modelu<\/b>.<\/p>\n<div id=\"ez-toc-container\" class=\"ez-toc-v2_0_85 counter-hierarchy ez-toc-counter ez-toc-light-blue ez-toc-container-direction\">\n<div class=\"ez-toc-title-container\">\n<p class=\"ez-toc-title\" style=\"cursor:inherit\">SPIS TRE\u015aCI <\/p>\n<span class=\"ez-toc-title-toggle\"><a href=\"#\" class=\"ez-toc-pull-right ez-toc-btn ez-toc-btn-xs ez-toc-btn-default ez-toc-toggle\" aria-label=\"Prze\u0142\u0105cznik Spisu Tre\u015bci\"><span class=\"ez-toc-js-icon-con\"><span class=\"\"><span class=\"eztoc-hide\" style=\"display:none;\">Toggle<\/span><span class=\"ez-toc-icon-toggle-span\"><svg style=\"fill: #999;color:#999\" xmlns=\"http:\/\/www.w3.org\/2000\/svg\" class=\"list-377408\" width=\"20px\" height=\"20px\" viewBox=\"0 0 24 24\" fill=\"none\"><path d=\"M6 6H4v2h2V6zm14 0H8v2h12V6zM4 11h2v2H4v-2zm16 0H8v2h12v-2zM4 16h2v2H4v-2zm16 0H8v2h12v-2z\" fill=\"currentColor\"><\/path><\/svg><svg style=\"fill: #999;color:#999\" class=\"arrow-unsorted-368013\" xmlns=\"http:\/\/www.w3.org\/2000\/svg\" width=\"10px\" height=\"10px\" viewBox=\"0 0 24 24\" version=\"1.2\" baseProfile=\"tiny\"><path d=\"M18.2 9.3l-6.2-6.3-6.2 6.3c-.2.2-.3.4-.3.7s.1.5.3.7c.2.2.4.3.7.3h11c.3 0 .5-.1.7-.3.2-.2.3-.5.3-.7s-.1-.5-.3-.7zM5.8 14.7l6.2 6.3 6.2-6.3c.2-.2.3-.5.3-.7s-.1-.5-.3-.7c-.2-.2-.4-.3-.7-.3h-11c-.3 0-.5.1-.7.3-.2.2-.3.5-.3.7s.1.5.3.7z\"\/><\/svg><\/span><\/span><\/span><\/a><\/span><\/div>\n<nav><ul class='ez-toc-list ez-toc-list-level-1 ' ><li class='ez-toc-page-1 ez-toc-heading-level-2'><a class=\"ez-toc-link ez-toc-heading-1\" href=\"https:\/\/www.skalnik.pl\/blog\/jak-dobrac-plecak\/#Kazdy_detal_ma_znaczenie\" >Ka\u017cdy detal ma znaczenie<\/a><\/li><li class='ez-toc-page-1 ez-toc-heading-level-2'><a class=\"ez-toc-link ez-toc-heading-2\" href=\"https:\/\/www.skalnik.pl\/blog\/jak-dobrac-plecak\/#Wielkosc\" >Wielko\u015b\u0107<\/a><\/li><li class='ez-toc-page-1 ez-toc-heading-level-2'><a class=\"ez-toc-link ez-toc-heading-3\" href=\"https:\/\/www.skalnik.pl\/blog\/jak-dobrac-plecak\/#System_nosny\" >System no\u015bny<\/a><\/li><li class='ez-toc-page-1 ez-toc-heading-level-2'><a class=\"ez-toc-link ez-toc-heading-4\" href=\"https:\/\/www.skalnik.pl\/blog\/jak-dobrac-plecak\/#Waga\" >Waga<\/a><\/li><li class='ez-toc-page-1 ez-toc-heading-level-2'><a class=\"ez-toc-link ez-toc-heading-5\" href=\"https:\/\/www.skalnik.pl\/blog\/jak-dobrac-plecak\/#Drobiazgi\" >Drobiazgi<\/a><\/li><\/ul><\/nav><\/div>\n<h2><span class=\"ez-toc-section\" id=\"Kazdy_detal_ma_znaczenie\"><\/span>Ka\u017cdy detal ma znaczenie<span class=\"ez-toc-section-end\"><\/span><\/h2>\n<p>Potencjalny u\u017cytkownik przymierzaj\u0105c si\u0119 do zakupu plecaka w\u00a0pierwszej kolejno\u015bci zwraca uwag\u0119 na jego wielko\u015b\u0107 oraz konstrukcje systemu no\u015bnego. S\u0105 to bez w\u0105tpienia dwa podstawowe czynniki pod k\u0105tem, kt\u00f3rych powinni\u015bmy rozpatrywa\u0107 zakup, lecz nie jedyne. Opr\u00f3cz nich musimy przyjrze\u0107 si\u0119 kwesti\u0105 takim jak: u\u017cyty do wyrobu plecaka materia\u0142, d\u0142ugo\u015b\u0107 systemu no\u015bnego, konstrukcja pasa biodrowego, mo\u017cliwo\u015b\u0107 regulacji komina, rozmiar, waga i\u00a0jego og\u00f3lne przeznaczenie. Je\u017celi jeste\u015bmy szlakowymi turystami dowied\u017amy si\u0119 czy nasz upatrzony model posiada wbudowany pokrowiec przeciwdeszczowy, a\u00a0je\u017celi biegamy, b\u0105d\u017a je\u017adzimy na rowerze zadbajmy o\u00a0to, by w\u00a0plecaku znalaz\u0142o si\u0119 odpowiednie miejsce na Camelbag. Specyficzn\u0105 konstrukcj\u0105 i\u00a0wyposa\u017caniem wyr\u00f3\u017cniaj\u0105 si\u0119 r\u00f3wnie\u017c modele o\u00a0przeznaczeniu narciarskim, wspinaczkowym czy alpinistycznym. Niech wi\u0119c zastosowanie plecaka b\u0119dzie wyznacznikiem naszego wyboru.<\/p>\n<h2><span class=\"ez-toc-section\" id=\"Wielkosc\"><\/span>Wielko\u015b\u0107<span class=\"ez-toc-section-end\"><\/span><\/h2>\n<p>Na og\u00f3l jest to kwestia indywidualnego wyboru i\u00a0konkretnych potrzeb. Zapewne ci\u0119\u017cko b\u0119dzie nam si\u0119 spakowa\u0107 na miesi\u0119czny wyjazd do Indii w\u00a0dwudziestolitrowy plecak, a\u00a0na weekend za miasto nie wype\u0142nimy stulitrowego transportowca. Przy wyborze wielko\u015bci kierujmy si\u0119 przede wszystkim ilo\u015bci\u0105 rzeczy, kt\u00f3re musimy spakowa\u0107, ale pami\u0119tajmy jednocze\u015bnie, \u017ce plecaki za du\u017ce gabarytowo w\u00a0pewnych okoliczno\u015bciach staj\u0105 si\u0119 przeszkod\u0105. Ma to miejsce podczas wspinaczki i\u00a0na via ferratach. W\u00a0takich warunkach zbyt obszerna bry\u0142a plecaka cz\u0119sto klinuje si\u0119 w\u00a0w\u0105skich przesmykach lub ociera o\u00a0ska\u0142\u0119. Konsekwencj\u0105 tego jest nie tylko uszczerbek na swobodzie z\u00a0jak\u0105 pokonujemy drog\u0119, ale i\u00a0ryzyko wynikaj\u0105ce z\u00a0obni\u017cenia bezpiecze\u0144stwa. Plecak wpinaczkowo-ferratowy powinien by\u0107 zwart\u0105 konstrukcj\u0105, nie wystaj\u0105c\u0105 poza obr\u0119b plec\u00f3w. Nie mo\u017ce te\u017c by\u0107 zbyt wysoki, gdy\u017c wspinacz b\u0119dzie napotyka\u0142 na niego za ka\u017cdym razem gdy nieznacznie odchyli g\u0142ow\u0119 do ty\u0142u.<\/p>\n<h2><span class=\"ez-toc-section\" id=\"System_nosny\"><\/span>System no\u015bny<span class=\"ez-toc-section-end\"><\/span><\/h2>\n<p><img loading=\"lazy\" decoding=\"async\" class=\" wp-image-1119 alignright\" src=\"https:\/\/skalnik.pl\/blog\/wp-content\/uploads\/2014\/03\/full_full_img_8307-300x300.jpg\" alt=\"system no\u015bny\" width=\"314\" height=\"320\" \/>Szalenie istotny element ka\u017cdego plecaka, jego kr\u0119gos\u0142up. To on w\u00a0g\u0142\u00f3wnej mierze wp\u0142ywa na wygod\u0119 i\u00a0dobrze dobrany znacznie odci\u0105\u017ca nasze plecy. Na wst\u0119pie powinni\u015bmy rozr\u00f3\u017cni\u0107 dwie jego konstrukcje. Pierwsza to system oparty na siatce oddzielaj\u0105cej plecy u\u017cytkownika od plec\u00f3w stela\u017ca. Druga to klasyczny system no\u015bny, do kt\u00f3rego przylegaj\u0105 nasze plecy. Pierwsze rozwi\u0105zanie jest charakterystyczne dla ma\u0142ych i\u00a0\u015brednich modeli. Zapewnia \u015bwietn\u0105 wentylacj\u0119 i\u00a0tym samym doskonale sprawdza si\u0119 w\u00a0upalnych warunkach. Drugi jest gwarantem wygody w\u00a0plecakach transportowych.<\/p>\n<p>Jednak dobry system no\u015bny to tylko po\u0142owa sukcesu na szlaku prowadz\u0105cym do wygody. Wa\u017cne jest, by\u015bmy w\u0142a\u015bciwie dobrali jego rozmiar do naszego wzrostu. Najlepsze plecaki, np. marek The North Face, Osprey czy Mammut produkowane s\u0105 w kilku rozmiarach. Warto\u015bci\u0105, kt\u00f3r\u0105 bierzemy pod uwag\u0119 jest d\u0142ugo\u015b\u0107 plec\u00f3w w\u00a0stosunku do po\u0142o\u017cenia pasa biodrowego. Ten drugi, bezwzgl\u0119dnie powinien znajdowa\u0107 si\u0119 na biodrze. Je\u017celi regulacja trokami nie doprowadzi do prawid\u0142owego umieszczenia pasa biodrowego na swoim miejscu, to powinni\u015bmy zwr\u00f3ci\u0107 si\u0119 w\u00a0kierunku innego rozmiaru b\u0105d\u017a modelu. Pami\u0119tajmy, \u017ce powy\u017csza zasada ma zastosowanie w\u00a0przypadku wi\u0119kszych plecak\u00f3w transportowych. W\u00a0modelach o\u00a0ni\u017cszym litra\u017cu pas biodrowy stanowi raczej narz\u0119dzie stabilizuj\u0105ce ni\u017c odci\u0105\u017caj\u0105ce i\u00a0zdarza si\u0119, \u017ce trudno go odpowiednio ustawi\u0107.<\/p>\n<p>Mierzenie plecaka zawsze zaczynajmy od prawid\u0142owego umieszczenia pasa biodrowego, nast\u0119pnie regulujmy pozosta\u0142e troki, tak je ustawiaj\u0105c by poszczeg\u00f3lne elementy plecaka przylega\u0142y jak najmniejsz\u0105 powierzchni\u0105 do naszego cia\u0142a. Pozw\u00f3lmy, by ci\u0119\u017car opar\u0142 si\u0119 nie tylko na naszych barkach, ale i\u00a0na systemie no\u015bnym plecaka.<\/p>\n<h2><span class=\"ez-toc-section\" id=\"Waga\"><\/span>Waga<span class=\"ez-toc-section-end\"><\/span><\/h2>\n<p>Waga plecaka ma bezpo\u015bredni zwi\u0105zek z\u00a0u\u017cytymi materia\u0142ami do jego wyrobu. Wci\u0105\u017c obecne na rynku plecaki z\u00a0cordury stanowi\u0105 wr\u0119cz niezniszczalne narz\u0119dzia transportowe. Nie straszne im s\u0105 ekstremalnie trudne warunki naturalne ani brak delikatno\u015bci personelu port\u00f3w lotniczych. Wysoka wytrzyma\u0142o\u015b\u0107 wp\u0142ywa jednak ujemnie na ca\u0142o\u015bciow\u0105 wag\u0119 produktu. Dla zapewnienia najwy\u017cszej wytrzyma\u0142o\u015bci koniecznym jest u\u017cycie grubych materia\u0142\u00f3w o\u00a0g\u0119stym splocie. Plecaki takie doskonale sprawdz\u0105 si\u0119 podczas backpackerskich wypad\u00f3w, kiedy nie musisz si\u0119 martwi\u0107 o\u00a0stan twojej mobilnej szafy. Jednak kiedy potrzebujesz rozwi\u0105za\u0144 charakteryzuj\u0105cych si\u0119 ni\u017csz\u0105 wag\u0105, skieruj si\u0119 w\u00a0stron\u0119 nowoczesnych modeli \u015bwiatowych lider\u00f3w: The North Face, <a href=\"https:\/\/skalnik.pl\/sprzet-turystyczny\/plecaki\/osprey\" target=\"_blank\" rel=\"noopener\">Osprey<\/a>, czy Berghaus. Technologia pozwoli\u0142a tym markom na skonstruowanie modeli o\u00a0wysokiej wytrzyma\u0142o\u015bci i\u00a0niskiej wadze. Mo\u017cesz przebiera\u0107 zar\u00f3wno w\u00a0plecakach transportowych, alpinistycznych czy wspinaczkowych.<\/p>\n<p>Waga plecaka determinuje r\u00f3wnie\u017c jego przeznaczenie. Ci\u0119\u017car jest najwi\u0119kszym wrogiem ka\u017cdego wspinacza b\u0105d\u017a alpinisty. Z\u00a0pewno\u015bci\u0105 wybierze on plecak z\u00a0serii ultralekkich, kt\u00f3ry jest jednym z\u00a0element\u00f3w ca\u0142o\u015bciowego, minimalistycznego wyposa\u017cenia. Podobnie rzecz ma si\u0119 w\u00a0kwestii produkt\u00f3w rowerowych i\u00a0przeznaczonych do biegania. W\u00a0przypadku klasycznej turystyki waga nie odgrywa ju\u017c tak istotnej roli i\u00a0wyb\u00f3r mo\u017ce pa\u015b\u0107 na model nieco ci\u0119\u017cszy, ale wytrzymalszy.<\/p>\n<h2><span class=\"ez-toc-section\" id=\"Drobiazgi\"><\/span><img loading=\"lazy\" decoding=\"async\" class=\"size-medium wp-image-1120 alignleft\" src=\"https:\/\/skalnik.pl\/blog\/wp-content\/uploads\/2014\/03\/full_trion-alpinist-niebieski-300x300.jpg\" alt=\"plecak full trion alpinist\" width=\"300\" height=\"300\" srcset=\"https:\/\/www.skalnik.pl\/blog\/wp-content\/uploads\/2014\/03\/full_trion-alpinist-niebieski-300x300.jpg 300w, https:\/\/www.skalnik.pl\/blog\/wp-content\/uploads\/2014\/03\/full_trion-alpinist-niebieski.jpg 600w\" sizes=\"auto, (max-width: 300px) 100vw, 300px\" \/>Drobiazgi<span class=\"ez-toc-section-end\"><\/span><\/h2>\n<p>Tylko z\u00a0pozoru ma\u0142o istotne. Kupuj\u0105c plecak zwr\u00f3\u0107my uwag\u0119 na jego wyposa\u017cenie. Czy posiada elementy, kt\u00f3re b\u0119d\u0105 nam przydatne. Dla\u00a0<a href=\"https:\/\/skalnik.pl\/sprzet-zimowy\/skituring\/skituring-plecaki-skitourowe\" target=\"_blank\" rel=\"noopener\">ski-tourowc\u00f3w<\/a>\u00a0b\u0119dzie to kiesze\u0144 na sond\u0119 lawinow\u0105, dla biegaczy miejsce na Camelback\u2019a, dla zwyk\u0142ego turysty ilo\u015b\u0107 przegr\u00f3dek, w\u00a0kt\u00f3rych mo\u017ce uporz\u0105dkowa\u0107 sw\u00f3j podr\u00f3\u017cniczy dobytek. Dowiedzmy si\u0119 czy plecak jest wyposa\u017cony w\u00a0pokrowiec przeciwdeszczowy, czy mo\u017cna zamontowa\u0107 dodatkowe troki, czy ma dost\u0119p od do\u0142u i\u00a0boku i\u00a0w jaki spos\u00f3b dzielona jest komora. Rowerzy\u015bci z\u00a0pewno\u015bci\u0105 b\u0119d\u0105 zainteresowani modelami z\u00a0mo\u017cliwo\u015bci\u0105 przypi\u0119cia kasku, a\u00a0miejscy piechurzy kieszeni\u0105 na komputer.<\/p>\n<p>Kupuj\u0105c <a href=\"https:\/\/skalnik.pl\/sprzet-turystyczny\/plecaki\">plecak<\/a> pami\u0119tajmy o\u00a0bogatym wyborze jaki oferuje rynek w\u00a0tym segmencie. Niech wi\u0119c przeznaczenie b\u0119dzie g\u0142\u00f3wnym kryterium wyboru. Pozwoli Ci to zdecydowa\u0107 jaki <a href=\"https:\/\/www.skalnik.pl\/sprzet-turystyczny\/plecaki\/plecaki-turystyczne\">plecak turystyczny<\/a> wybra\u0107, aby by\u0142 dostosowany do Twoich potrzeb.<\/p>\n","protected":false},"excerpt":{"rendered":"<p>Warto po\u015bwi\u0119ci\u0107 d\u0142u\u017csz\u0105 chwil\u0119 na wyb\u00f3r w\u0142a\u015bciwego plecaka. Musi przede wszystkim doskonale wpasowywa\u0107 si\u0119 w rodzaj wyjazdu, na kt\u00f3ry go zabieramy. Szczeg\u00f3lnie biegacze, skiturowcy czy wspinacze powinni dobiera\u0107 plecak dopasowany do swojej ulubionej dyscypliny. Sztab projektant\u00f3w, kt\u00f3rzy pracuj\u0105 dla czo\u0142owych producent\u00f3w stara si\u0119, by ergonomia poruszania si\u0119 z plecakiem by\u0142a jak najlepsza. Dlatego te\u017c przy wyborze plecaka warto zwr\u00f3ci\u0107 uwag\u0119 nie tylko na wielko\u015b\u0107, wygod\u0119 systemu no\u015bnego, ale tak\u017ce na ca\u0142\u0105 konstrukcj\u0119, materia\u0142y, z kt\u00f3rych jest wykonany i praktyczne dodatki.<\/p>\n","protected":false},"author":7,"featured_media":1116,"comment_status":"open","ping_status":"open","sticky":false,"template":"","format":"standard","meta":{"_acf_changed":false,"footnotes":""},"categories":[3],"tags":[23,95,91],"magento_category":[51],"magento_product":[],"class_list":["post-263","post","type-post","status-publish","format-standard","has-post-thumbnail","hentry","category-porady","tag-plecaki","tag-sprzet-turystyczny","tag-trekking"],"acf":[],"aioseo_notices":[],"aioseo_head":"\n\t\t<!-- All in One SEO 4.9.10 - aioseo.com -->\n\t<meta name=\"description\" content=\"Warto po\u015bwi\u0119ci\u0107 d\u0142u\u017csz\u0105 chwil\u0119 na wyb\u00f3r w\u0142a\u015bciwego plecaka. Musi przede wszystkim doskonale wpasowywa\u0107 si\u0119 w rodzaj wyjazdu, na kt\u00f3ry go zabieramy. Szczeg\u00f3lnie biegacze, skiturowcy czy wspinacze powinni dobiera\u0107 plecak dopasowany do swojej ulubionej dyscypliny.\" \/>\n\t<meta name=\"robots\" content=\"max-image-preview:large\" \/>\n\t<meta name=\"author\" content=\"Redakcja skalnik.pl\"\/>\n\t<link rel=\"canonical\" href=\"https:\/\/www.skalnik.pl\/blog\/jak-dobrac-plecak\/\" \/>\n\t<meta name=\"generator\" content=\"All in One SEO (AIOSEO) 4.9.10\" \/>\n\t\t<meta property=\"og:locale\" content=\"pl_PL\" \/>\n\t\t<meta property=\"og:site_name\" content=\"blog Skalnik - Blog, porady, artyku\u0142y - blog Skalnik\" \/>\n\t\t<meta property=\"og:type\" content=\"article\" \/>\n\t\t<meta property=\"og:title\" content=\"Jak dobra\u0107 plecak - blog Skalnik\" \/>\n\t\t<meta property=\"og:description\" content=\"Warto po\u015bwi\u0119ci\u0107 d\u0142u\u017csz\u0105 chwil\u0119 na wyb\u00f3r w\u0142a\u015bciwego plecaka. Musi przede wszystkim doskonale wpasowywa\u0107 si\u0119 w rodzaj wyjazdu, na kt\u00f3ry go zabieramy. Szczeg\u00f3lnie biegacze, skiturowcy czy wspinacze powinni dobiera\u0107 plecak dopasowany do swojej ulubionej dyscypliny.\" \/>\n\t\t<meta property=\"og:url\" content=\"https:\/\/www.skalnik.pl\/blog\/jak-dobrac-plecak\/\" \/>\n\t\t<meta property=\"og:image\" content=\"https:\/\/skalnik.pl\/blog\/wp-content\/uploads\/2014\/03\/full_full_img_8307-300x300.jpg\" \/>\n\t\t<meta property=\"og:image:secure_url\" content=\"https:\/\/skalnik.pl\/blog\/wp-content\/uploads\/2014\/03\/full_full_img_8307-300x300.jpg\" \/>\n\t\t<meta property=\"article:tag\" content=\"porady\" \/>\n\t\t<meta property=\"article:tag\" content=\"plecaki\" \/>\n\t\t<meta property=\"article:tag\" content=\"sprz\u0119t turystyczny\" \/>\n\t\t<meta property=\"article:tag\" content=\"trekking\" \/>\n\t\t<meta property=\"article:published_time\" content=\"2014-03-20T14:52:36+00:00\" \/>\n\t\t<meta property=\"article:modified_time\" content=\"2026-05-19T09:32:05+00:00\" \/>\n\t\t<meta name=\"twitter:card\" content=\"summary_large_image\" \/>\n\t\t<meta name=\"twitter:title\" content=\"Jak dobra\u0107 plecak - blog Skalnik\" \/>\n\t\t<meta name=\"twitter:description\" content=\"Warto po\u015bwi\u0119ci\u0107 d\u0142u\u017csz\u0105 chwil\u0119 na wyb\u00f3r w\u0142a\u015bciwego plecaka. Musi przede wszystkim doskonale wpasowywa\u0107 si\u0119 w rodzaj wyjazdu, na kt\u00f3ry go zabieramy. Szczeg\u00f3lnie biegacze, skiturowcy czy wspinacze powinni dobiera\u0107 plecak dopasowany do swojej ulubionej dyscypliny.\" \/>\n\t\t<meta name=\"twitter:image\" content=\"https:\/\/skalnik.pl\/blog\/wp-content\/uploads\/2014\/03\/full_full_img_8307-300x300.jpg\" \/>\n\t\t<script type=\"application\/ld+json\" class=\"aioseo-schema\">\n\t\t\t{\"@context\":\"https:\\\/\\\/schema.org\",\"@graph\":[{\"@type\":\"BlogPosting\",\"@id\":\"https:\\\/\\\/www.skalnik.pl\\\/blog\\\/jak-dobrac-plecak\\\/#blogposting\",\"name\":\"Jak dobra\\u0107 plecak - blog Skalnik\",\"headline\":\"Jak dobra\\u0107 plecak\",\"author\":{\"@id\":\"https:\\\/\\\/www.skalnik.pl\\\/blog\\\/author\\\/redakcja-skalnik-pl\\\/#author\"},\"publisher\":{\"@id\":\"https:\\\/\\\/www.skalnik.pl\\\/blog\\\/#organization\"},\"image\":{\"@type\":\"ImageObject\",\"url\":\"https:\\\/\\\/www.skalnik.pl\\\/blog\\\/wp-content\\\/uploads\\\/2014\\\/03\\\/2014-03-20_plecak.jpg\",\"width\":1920,\"height\":705,\"caption\":\"plecak\"},\"datePublished\":\"2014-03-20T15:52:36+02:00\",\"dateModified\":\"2026-05-19T11:32:05+02:00\",\"inLanguage\":\"pl-PL\",\"mainEntityOfPage\":{\"@id\":\"https:\\\/\\\/www.skalnik.pl\\\/blog\\\/jak-dobrac-plecak\\\/#webpage\"},\"isPartOf\":{\"@id\":\"https:\\\/\\\/www.skalnik.pl\\\/blog\\\/jak-dobrac-plecak\\\/#webpage\"},\"articleSection\":\"Porady, plecaki, sprz\\u0119t turystyczny, trekking, 1202\"},{\"@type\":\"BreadcrumbList\",\"@id\":\"https:\\\/\\\/www.skalnik.pl\\\/blog\\\/jak-dobrac-plecak\\\/#breadcrumblist\",\"itemListElement\":[{\"@type\":\"ListItem\",\"@id\":\"https:\\\/\\\/www.skalnik.pl\\\/blog#listItem\",\"position\":1,\"name\":\"Home\",\"item\":\"https:\\\/\\\/www.skalnik.pl\\\/blog\",\"nextItem\":{\"@type\":\"ListItem\",\"@id\":\"https:\\\/\\\/www.skalnik.pl\\\/blog\\\/.\\\/porady\\\/#listItem\",\"name\":\"Porady\"}},{\"@type\":\"ListItem\",\"@id\":\"https:\\\/\\\/www.skalnik.pl\\\/blog\\\/.\\\/porady\\\/#listItem\",\"position\":2,\"name\":\"Porady\",\"item\":\"https:\\\/\\\/www.skalnik.pl\\\/blog\\\/.\\\/porady\\\/\",\"nextItem\":{\"@type\":\"ListItem\",\"@id\":\"https:\\\/\\\/www.skalnik.pl\\\/blog\\\/jak-dobrac-plecak\\\/#listItem\",\"name\":\"Jak dobra\\u0107 plecak\"},\"previousItem\":{\"@type\":\"ListItem\",\"@id\":\"https:\\\/\\\/www.skalnik.pl\\\/blog#listItem\",\"name\":\"Home\"}},{\"@type\":\"ListItem\",\"@id\":\"https:\\\/\\\/www.skalnik.pl\\\/blog\\\/jak-dobrac-plecak\\\/#listItem\",\"position\":3,\"name\":\"Jak dobra\\u0107 plecak\",\"previousItem\":{\"@type\":\"ListItem\",\"@id\":\"https:\\\/\\\/www.skalnik.pl\\\/blog\\\/.\\\/porady\\\/#listItem\",\"name\":\"Porady\"}}]},{\"@type\":\"Organization\",\"@id\":\"https:\\\/\\\/www.skalnik.pl\\\/blog\\\/#organization\",\"name\":\"blog Skalnik\",\"description\":\"Blog, porady, artyku\\u0142y - blog Skalnik\",\"url\":\"https:\\\/\\\/www.skalnik.pl\\\/blog\\\/\"},{\"@type\":\"Person\",\"@id\":\"https:\\\/\\\/www.skalnik.pl\\\/blog\\\/author\\\/redakcja-skalnik-pl\\\/#author\",\"url\":\"https:\\\/\\\/www.skalnik.pl\\\/blog\\\/author\\\/redakcja-skalnik-pl\\\/\",\"name\":\"Redakcja skalnik.pl\",\"image\":{\"@type\":\"ImageObject\",\"@id\":\"https:\\\/\\\/www.skalnik.pl\\\/blog\\\/jak-dobrac-plecak\\\/#authorImage\",\"url\":\"https:\\\/\\\/secure.gravatar.com\\\/avatar\\\/7eab29b048aaf0899cd9a145e9adb814e2130ced31e65b454b902500bea65f9e?s=96&d=mm&r=g\",\"width\":96,\"height\":96,\"caption\":\"Redakcja skalnik.pl\"}},{\"@type\":\"WebPage\",\"@id\":\"https:\\\/\\\/www.skalnik.pl\\\/blog\\\/jak-dobrac-plecak\\\/#webpage\",\"url\":\"https:\\\/\\\/www.skalnik.pl\\\/blog\\\/jak-dobrac-plecak\\\/\",\"name\":\"Jak dobra\\u0107 plecak - blog Skalnik\",\"description\":\"Warto po\\u015bwi\\u0119ci\\u0107 d\\u0142u\\u017csz\\u0105 chwil\\u0119 na wyb\\u00f3r w\\u0142a\\u015bciwego plecaka. Musi przede wszystkim doskonale wpasowywa\\u0107 si\\u0119 w rodzaj wyjazdu, na kt\\u00f3ry go zabieramy. Szczeg\\u00f3lnie biegacze, skiturowcy czy wspinacze powinni dobiera\\u0107 plecak dopasowany do swojej ulubionej dyscypliny.\",\"inLanguage\":\"pl-PL\",\"isPartOf\":{\"@id\":\"https:\\\/\\\/www.skalnik.pl\\\/blog\\\/#website\"},\"breadcrumb\":{\"@id\":\"https:\\\/\\\/www.skalnik.pl\\\/blog\\\/jak-dobrac-plecak\\\/#breadcrumblist\"},\"author\":{\"@id\":\"https:\\\/\\\/www.skalnik.pl\\\/blog\\\/author\\\/redakcja-skalnik-pl\\\/#author\"},\"creator\":{\"@id\":\"https:\\\/\\\/www.skalnik.pl\\\/blog\\\/author\\\/redakcja-skalnik-pl\\\/#author\"},\"image\":{\"@type\":\"ImageObject\",\"url\":\"https:\\\/\\\/www.skalnik.pl\\\/blog\\\/wp-content\\\/uploads\\\/2014\\\/03\\\/2014-03-20_plecak.jpg\",\"@id\":\"https:\\\/\\\/www.skalnik.pl\\\/blog\\\/jak-dobrac-plecak\\\/#mainImage\",\"width\":1920,\"height\":705,\"caption\":\"plecak\"},\"primaryImageOfPage\":{\"@id\":\"https:\\\/\\\/www.skalnik.pl\\\/blog\\\/jak-dobrac-plecak\\\/#mainImage\"},\"datePublished\":\"2014-03-20T15:52:36+02:00\",\"dateModified\":\"2026-05-19T11:32:05+02:00\"},{\"@type\":\"WebSite\",\"@id\":\"https:\\\/\\\/www.skalnik.pl\\\/blog\\\/#website\",\"url\":\"https:\\\/\\\/www.skalnik.pl\\\/blog\\\/\",\"name\":\"blog Skalnik\",\"description\":\"Blog, porady, artyku\\u0142y - blog Skalnik\",\"inLanguage\":\"pl-PL\",\"publisher\":{\"@id\":\"https:\\\/\\\/www.skalnik.pl\\\/blog\\\/#organization\"}}]}\n\t\t<\/script>\n\t\t<!-- All in One SEO -->\n\n","aioseo_head_json":{"title":"Jak dobra\u0107 plecak - blog Skalnik","description":"Warto po\u015bwi\u0119ci\u0107 d\u0142u\u017csz\u0105 chwil\u0119 na wyb\u00f3r w\u0142a\u015bciwego plecaka. Musi przede wszystkim doskonale wpasowywa\u0107 si\u0119 w rodzaj wyjazdu, na kt\u00f3ry go zabieramy. Szczeg\u00f3lnie biegacze, skiturowcy czy wspinacze powinni dobiera\u0107 plecak dopasowany do swojej ulubionej dyscypliny.","canonical_url":"https:\/\/www.skalnik.pl\/blog\/jak-dobrac-plecak\/","robots":"max-image-preview:large","keywords":"","webmasterTools":{"miscellaneous":""},"schema":{"@context":"https:\/\/schema.org","@graph":[{"@type":"BlogPosting","@id":"https:\/\/www.skalnik.pl\/blog\/jak-dobrac-plecak\/#blogposting","name":"Jak dobra\u0107 plecak - blog Skalnik","headline":"Jak dobra\u0107 plecak","author":{"@id":"https:\/\/www.skalnik.pl\/blog\/author\/redakcja-skalnik-pl\/#author"},"publisher":{"@id":"https:\/\/www.skalnik.pl\/blog\/#organization"},"image":{"@type":"ImageObject","url":"https:\/\/www.skalnik.pl\/blog\/wp-content\/uploads\/2014\/03\/2014-03-20_plecak.jpg","width":1920,"height":705,"caption":"plecak"},"datePublished":"2014-03-20T15:52:36+02:00","dateModified":"2026-05-19T11:32:05+02:00","inLanguage":"pl-PL","mainEntityOfPage":{"@id":"https:\/\/www.skalnik.pl\/blog\/jak-dobrac-plecak\/#webpage"},"isPartOf":{"@id":"https:\/\/www.skalnik.pl\/blog\/jak-dobrac-plecak\/#webpage"},"articleSection":"Porady, plecaki, sprz\u0119t turystyczny, trekking, 1202"},{"@type":"BreadcrumbList","@id":"https:\/\/www.skalnik.pl\/blog\/jak-dobrac-plecak\/#breadcrumblist","itemListElement":[{"@type":"ListItem","@id":"https:\/\/www.skalnik.pl\/blog#listItem","position":1,"name":"Home","item":"https:\/\/www.skalnik.pl\/blog","nextItem":{"@type":"ListItem","@id":"https:\/\/www.skalnik.pl\/blog\/.\/porady\/#listItem","name":"Porady"}},{"@type":"ListItem","@id":"https:\/\/www.skalnik.pl\/blog\/.\/porady\/#listItem","position":2,"name":"Porady","item":"https:\/\/www.skalnik.pl\/blog\/.\/porady\/","nextItem":{"@type":"ListItem","@id":"https:\/\/www.skalnik.pl\/blog\/jak-dobrac-plecak\/#listItem","name":"Jak dobra\u0107 plecak"},"previousItem":{"@type":"ListItem","@id":"https:\/\/www.skalnik.pl\/blog#listItem","name":"Home"}},{"@type":"ListItem","@id":"https:\/\/www.skalnik.pl\/blog\/jak-dobrac-plecak\/#listItem","position":3,"name":"Jak dobra\u0107 plecak","previousItem":{"@type":"ListItem","@id":"https:\/\/www.skalnik.pl\/blog\/.\/porady\/#listItem","name":"Porady"}}]},{"@type":"Organization","@id":"https:\/\/www.skalnik.pl\/blog\/#organization","name":"blog Skalnik","description":"Blog, porady, artyku\u0142y - blog Skalnik","url":"https:\/\/www.skalnik.pl\/blog\/"},{"@type":"Person","@id":"https:\/\/www.skalnik.pl\/blog\/author\/redakcja-skalnik-pl\/#author","url":"https:\/\/www.skalnik.pl\/blog\/author\/redakcja-skalnik-pl\/","name":"Redakcja skalnik.pl","image":{"@type":"ImageObject","@id":"https:\/\/www.skalnik.pl\/blog\/jak-dobrac-plecak\/#authorImage","url":"https:\/\/secure.gravatar.com\/avatar\/7eab29b048aaf0899cd9a145e9adb814e2130ced31e65b454b902500bea65f9e?s=96&d=mm&r=g","width":96,"height":96,"caption":"Redakcja skalnik.pl"}},{"@type":"WebPage","@id":"https:\/\/www.skalnik.pl\/blog\/jak-dobrac-plecak\/#webpage","url":"https:\/\/www.skalnik.pl\/blog\/jak-dobrac-plecak\/","name":"Jak dobra\u0107 plecak - blog Skalnik","description":"Warto po\u015bwi\u0119ci\u0107 d\u0142u\u017csz\u0105 chwil\u0119 na wyb\u00f3r w\u0142a\u015bciwego plecaka. Musi przede wszystkim doskonale wpasowywa\u0107 si\u0119 w rodzaj wyjazdu, na kt\u00f3ry go zabieramy. Szczeg\u00f3lnie biegacze, skiturowcy czy wspinacze powinni dobiera\u0107 plecak dopasowany do swojej ulubionej dyscypliny.","inLanguage":"pl-PL","isPartOf":{"@id":"https:\/\/www.skalnik.pl\/blog\/#website"},"breadcrumb":{"@id":"https:\/\/www.skalnik.pl\/blog\/jak-dobrac-plecak\/#breadcrumblist"},"author":{"@id":"https:\/\/www.skalnik.pl\/blog\/author\/redakcja-skalnik-pl\/#author"},"creator":{"@id":"https:\/\/www.skalnik.pl\/blog\/author\/redakcja-skalnik-pl\/#author"},"image":{"@type":"ImageObject","url":"https:\/\/www.skalnik.pl\/blog\/wp-content\/uploads\/2014\/03\/2014-03-20_plecak.jpg","@id":"https:\/\/www.skalnik.pl\/blog\/jak-dobrac-plecak\/#mainImage","width":1920,"height":705,"caption":"plecak"},"primaryImageOfPage":{"@id":"https:\/\/www.skalnik.pl\/blog\/jak-dobrac-plecak\/#mainImage"},"datePublished":"2014-03-20T15:52:36+02:00","dateModified":"2026-05-19T11:32:05+02:00"},{"@type":"WebSite","@id":"https:\/\/www.skalnik.pl\/blog\/#website","url":"https:\/\/www.skalnik.pl\/blog\/","name":"blog Skalnik","description":"Blog, porady, artyku\u0142y - blog Skalnik","inLanguage":"pl-PL","publisher":{"@id":"https:\/\/www.skalnik.pl\/blog\/#organization"}}]},"og:locale":"pl_PL","og:site_name":"blog Skalnik - Blog, porady, artyku\u0142y - blog Skalnik","og:type":"article","og:title":"Jak dobra\u0107 plecak - blog Skalnik","og:description":"Warto po\u015bwi\u0119ci\u0107 d\u0142u\u017csz\u0105 chwil\u0119 na wyb\u00f3r w\u0142a\u015bciwego plecaka. Musi przede wszystkim doskonale wpasowywa\u0107 si\u0119 w rodzaj wyjazdu, na kt\u00f3ry go zabieramy. Szczeg\u00f3lnie biegacze, skiturowcy czy wspinacze powinni dobiera\u0107 plecak dopasowany do swojej ulubionej dyscypliny.","og:url":"https:\/\/www.skalnik.pl\/blog\/jak-dobrac-plecak\/","og:image":"https:\/\/skalnik.pl\/blog\/wp-content\/uploads\/2014\/03\/full_full_img_8307-300x300.jpg","og:image:secure_url":"https:\/\/skalnik.pl\/blog\/wp-content\/uploads\/2014\/03\/full_full_img_8307-300x300.jpg","article:tag":["porady","plecaki","sprz\u0119t turystyczny","trekking"],"article:published_time":"2014-03-20T14:52:36+00:00","article:modified_time":"2026-05-19T09:32:05+00:00","twitter:card":"summary_large_image","twitter:title":"Jak dobra\u0107 plecak - blog Skalnik","twitter:description":"Warto po\u015bwi\u0119ci\u0107 d\u0142u\u017csz\u0105 chwil\u0119 na wyb\u00f3r w\u0142a\u015bciwego plecaka. Musi przede wszystkim doskonale wpasowywa\u0107 si\u0119 w rodzaj wyjazdu, na kt\u00f3ry go zabieramy. Szczeg\u00f3lnie biegacze, skiturowcy czy wspinacze powinni dobiera\u0107 plecak dopasowany do swojej ulubionej dyscypliny.","twitter:image":"https:\/\/skalnik.pl\/blog\/wp-content\/uploads\/2014\/03\/full_full_img_8307-300x300.jpg"},"aioseo_meta_data":{"post_id":"263","title":null,"description":"Warto po\u015bwi\u0119ci\u0107 d\u0142u\u017csz\u0105 chwil\u0119 na wyb\u00f3r w\u0142a\u015bciwego plecaka. Musi przede wszystkim doskonale wpasowywa\u0107 si\u0119 w rodzaj wyjazdu, na kt\u00f3ry go zabieramy. Szczeg\u00f3lnie biegacze, skiturowcy czy wspinacze powinni dobiera\u0107 plecak dopasowany do swojej ulubionej dyscypliny.","keywords":[{"label":"plecak turystyczny","value":"plecak turystyczny"},{"label":"jak dobra\u0107 plecak","value":"jak dobra\u0107 plecak"},{"label":"plecak trekkingowy","value":"plecak trekkingowy"},{"label":"deuter","value":"deuter"}],"keyphrases":{"focus":{"keyphrase":"","score":0,"analysis":{"keyphraseInTitle":{"score":0,"maxScore":9,"error":1}}},"additional":[]},"primary_term":null,"canonical_url":null,"og_title":null,"og_description":null,"og_object_type":"default","og_image_type":"default","og_image_url":null,"og_image_width":null,"og_image_height":null,"og_image_custom_url":null,"og_image_custom_fields":null,"og_video":"","og_custom_url":null,"og_article_section":null,"og_article_tags":null,"twitter_use_og":false,"twitter_card":"default","twitter_image_type":"default","twitter_image_url":null,"twitter_image_custom_url":null,"twitter_image_custom_fields":null,"twitter_title":null,"twitter_description":null,"schema":{"blockGraphs":[],"customGraphs":[],"default":{"data":{"Article":[],"Course":[],"Dataset":[],"FAQPage":[],"Movie":[],"Person":[],"Product":[],"ProductReview":[],"Car":[],"Recipe":[],"Service":[],"SoftwareApplication":[],"WebPage":[]},"graphName":"BlogPosting","isEnabled":true},"graphs":[]},"schema_type":"default","schema_type_options":null,"pillar_content":false,"robots_default":true,"robots_noindex":false,"robots_noarchive":false,"robots_nosnippet":false,"robots_nofollow":false,"robots_noimageindex":false,"robots_noodp":false,"robots_notranslate":false,"robots_max_snippet":"-1","robots_max_videopreview":"-1","robots_max_imagepreview":"large","priority":null,"frequency":"default","local_seo":null,"breadcrumb_settings":null,"limit_modified_date":false,"ai":{"faqs":[],"keyPoints":[],"titles":[],"descriptions":[],"socialPosts":{"email":[],"linkedin":[],"twitter":[],"facebook":[],"instagram":[]}},"created":"2022-08-26 09:33:21","updated":"2026-05-19 09:40:26","seo_analyzer_scan_date":null},"aioseo_breadcrumb":"<div class=\"aioseo-breadcrumbs\"><span class=\"aioseo-breadcrumb\">\n\t\t\t<a href=\"https:\/\/www.skalnik.pl\/blog\" title=\"Home\">Home<\/a>\n\t\t<\/span><span class=\"aioseo-breadcrumb-separator\">&raquo;<\/span><span class=\"aioseo-breadcrumb\">\n\t\t\t<a href=\"https:\/\/www.skalnik.pl\/blog\/.\/porady\/\" title=\"Porady\">Porady<\/a>\n\t\t<\/span><span class=\"aioseo-breadcrumb-separator\">&raquo;<\/span><span class=\"aioseo-breadcrumb\">\n\t\t\tJak dobra\u0107 plecak\n\t\t<\/span><\/div>","aioseo_breadcrumb_json":[{"label":"Home","link":"https:\/\/www.skalnik.pl\/blog"},{"label":"Porady","link":"https:\/\/www.skalnik.pl\/blog\/.\/porady\/"},{"label":"Jak dobra\u0107 plecak","link":"https:\/\/www.skalnik.pl\/blog\/jak-dobrac-plecak\/"}],"_links":{"self":[{"href":"https:\/\/www.skalnik.pl\/blog\/wp-json\/wp\/v2\/posts\/263","targetHints":{"allow":["GET"]}}],"collection":[{"href":"https:\/\/www.skalnik.pl\/blog\/wp-json\/wp\/v2\/posts"}],"about":[{"href":"https:\/\/www.skalnik.pl\/blog\/wp-json\/wp\/v2\/types\/post"}],"author":[{"embeddable":true,"href":"https:\/\/www.skalnik.pl\/blog\/wp-json\/wp\/v2\/users\/7"}],"replies":[{"embeddable":true,"href":"https:\/\/www.skalnik.pl\/blog\/wp-json\/wp\/v2\/comments?post=263"}],"version-history":[{"count":30,"href":"https:\/\/www.skalnik.pl\/blog\/wp-json\/wp\/v2\/posts\/263\/revisions"}],"predecessor-version":[{"id":27887,"href":"https:\/\/www.skalnik.pl\/blog\/wp-json\/wp\/v2\/posts\/263\/revisions\/27887"}],"wp:featuredmedia":[{"embeddable":true,"href":"https:\/\/www.skalnik.pl\/blog\/wp-json\/wp\/v2\/media\/1116"}],"wp:attachment":[{"href":"https:\/\/www.skalnik.pl\/blog\/wp-json\/wp\/v2\/media?parent=263"}],"wp:term":[{"taxonomy":"category","embeddable":true,"href":"https:\/\/www.skalnik.pl\/blog\/wp-json\/wp\/v2\/categories?post=263"},{"taxonomy":"post_tag","embeddable":true,"href":"https:\/\/www.skalnik.pl\/blog\/wp-json\/wp\/v2\/tags?post=263"},{"taxonomy":"magento_category","embeddable":true,"href":"https:\/\/www.skalnik.pl\/blog\/wp-json\/wp\/v2\/magento_category?post=263"},{"taxonomy":"magento_product","embeddable":true,"href":"https:\/\/www.skalnik.pl\/blog\/wp-json\/wp\/v2\/magento_product?post=263"}],"curies":[{"name":"wp","href":"https:\/\/api.w.org\/{rel}","templated":true}]}}