{"id":26396,"date":"2024-08-19T15:44:50","date_gmt":"2024-08-19T13:44:50","guid":{"rendered":"https:\/\/www.skalnik.pl\/blog\/?p=26396"},"modified":"2024-08-19T15:44:51","modified_gmt":"2024-08-19T13:44:51","slug":"marki-odpowiedzialne-brubeck","status":"publish","type":"post","link":"https:\/\/www.skalnik.pl\/blog\/marki-odpowiedzialne-brubeck\/","title":{"rendered":"Marki odpowiedzialne: Brubeck"},"content":{"rendered":"\n<p><strong>Brubeck to jeden z najbardziej znanych i cenionych producent\u00f3w bielizny termoaktywnej w Polsce. Polska marka, kt\u00f3ra produkuje swoje wyroby w Zdu\u0144skiej Woli, kojarzona jest z innowacyjno\u015bci\u0105, zaawansowanymi materia\u0142ami, wykorzystuj\u0105cymi najnowsze technologi\u0119 oraz wsp\u00f3\u0142prac\u0105 z GOPR. Bielizna, kt\u00f3r\u0105 nosz\u0105 g\u00f3rscy profesjonali\u015bci odznacza si\u0119 komfortem cieplnym i \u015bwietnym odprowadzaniem wilgoci. Nie w\u0105tpi\u0119, \u017ce nazwa Brubeck nie raz przewin\u0119\u0142a Ci si\u0119 przed oczami, a mo\u017ce nawet masz w szafie ich wyroby. Dzi\u015b jednak w ramach cyklu \u201eMarki odpowiedzialne\u201d chc\u0119 Ci opowiedzie\u0107 nieco wi\u0119cej o podej\u015bciu marki Brubeck do outdooru oraz dzia\u0142aniach jakie podejmuje w zakresie zr\u00f3wnowa\u017conej produkcji.<\/strong><\/p>\n\n\n\n<div id=\"ez-toc-container\" class=\"ez-toc-v2_0_85 counter-hierarchy ez-toc-counter ez-toc-light-blue ez-toc-container-direction\">\n<div class=\"ez-toc-title-container\">\n<p class=\"ez-toc-title\" style=\"cursor:inherit\">SPIS TRE\u015aCI <\/p>\n<span class=\"ez-toc-title-toggle\"><a href=\"#\" class=\"ez-toc-pull-right ez-toc-btn ez-toc-btn-xs ez-toc-btn-default ez-toc-toggle\" aria-label=\"Prze\u0142\u0105cznik Spisu Tre\u015bci\"><span class=\"ez-toc-js-icon-con\"><span class=\"\"><span class=\"eztoc-hide\" style=\"display:none;\">Toggle<\/span><span class=\"ez-toc-icon-toggle-span\"><svg style=\"fill: #999;color:#999\" xmlns=\"http:\/\/www.w3.org\/2000\/svg\" class=\"list-377408\" width=\"20px\" height=\"20px\" viewBox=\"0 0 24 24\" fill=\"none\"><path d=\"M6 6H4v2h2V6zm14 0H8v2h12V6zM4 11h2v2H4v-2zm16 0H8v2h12v-2zM4 16h2v2H4v-2zm16 0H8v2h12v-2z\" fill=\"currentColor\"><\/path><\/svg><svg style=\"fill: #999;color:#999\" class=\"arrow-unsorted-368013\" xmlns=\"http:\/\/www.w3.org\/2000\/svg\" width=\"10px\" height=\"10px\" viewBox=\"0 0 24 24\" version=\"1.2\" baseProfile=\"tiny\"><path d=\"M18.2 9.3l-6.2-6.3-6.2 6.3c-.2.2-.3.4-.3.7s.1.5.3.7c.2.2.4.3.7.3h11c.3 0 .5-.1.7-.3.2-.2.3-.5.3-.7s-.1-.5-.3-.7zM5.8 14.7l6.2 6.3 6.2-6.3c.2-.2.3-.5.3-.7s-.1-.5-.3-.7c-.2-.2-.4-.3-.7-.3h-11c-.3 0-.5.1-.7.3-.2.2-.3.5-.3.7s.1.5.3.7z\"\/><\/svg><\/span><\/span><\/span><\/a><\/span><\/div>\n<nav><ul class='ez-toc-list ez-toc-list-level-1 ' ><li class='ez-toc-page-1 ez-toc-heading-level-2'><a class=\"ez-toc-link ez-toc-heading-1\" href=\"https:\/\/www.skalnik.pl\/blog\/marki-odpowiedzialne-brubeck\/#Brubeck_%E2%80%93_technologie_i_innowacyjnosc\" >Brubeck \u2013 technologie i innowacyjno\u015b\u0107<\/a><\/li><li class='ez-toc-page-1 ez-toc-heading-level-2'><a class=\"ez-toc-link ez-toc-heading-2\" href=\"https:\/\/www.skalnik.pl\/blog\/marki-odpowiedzialne-brubeck\/#Inspiracja_z_natury\" >Inspiracja z natury<\/a><\/li><li class='ez-toc-page-1 ez-toc-heading-level-2'><a class=\"ez-toc-link ez-toc-heading-3\" href=\"https:\/\/www.skalnik.pl\/blog\/marki-odpowiedzialne-brubeck\/#Dla_natury_i_zgodnie_z_natura\" >Dla natury i zgodnie z natur\u0105<\/a><\/li><\/ul><\/nav><\/div>\n<h2 class=\"wp-block-heading\"><span class=\"ez-toc-section\" id=\"Brubeck_%E2%80%93_technologie_i_innowacyjnosc\"><\/span>Brubeck \u2013 technologie i innowacyjno\u015b\u0107<span class=\"ez-toc-section-end\"><\/span><\/h2>\n\n\n\n<p>Osoby zaczynaj\u0105ce swoj\u0105 przygod\u0119 z outdoorem cz\u0119sto nie doceniaj\u0105 roli bielizny w r\u00f3\u017cnorodnych aktywno\u015bciach. Ale do czasu. Jedno, drugie przemarzni\u0119cie, zazi\u0119bienie spowodowane przepocon\u0105 koszulk\u0105, kt\u00f3r\u0105 owia\u0142 wiatr lub wr\u0119cz przeciwnie przegrzanie w wysokich temperaturach i zaczynaj\u0105 si\u0119 poszukiwania rozwi\u0105za\u0144, kt\u00f3re dzia\u0142aj\u0105 lepiej i zapewniaj\u0105 komfort w r\u00f3\u017cnych warunkach pogodowych. <\/p>\n\n\n<div class=\"wp-block-image\">\n<figure class=\"aligncenter size-large\"><img loading=\"lazy\" decoding=\"async\" width=\"1024\" height=\"683\" src=\"https:\/\/www.skalnik.pl\/blog\/wp-content\/uploads\/2024\/05\/IMG_0193-min-1024x683.jpg\" alt=\"\" class=\"wp-image-26399\" srcset=\"https:\/\/www.skalnik.pl\/blog\/wp-content\/uploads\/2024\/05\/IMG_0193-min-1024x683.jpg 1024w, https:\/\/www.skalnik.pl\/blog\/wp-content\/uploads\/2024\/05\/IMG_0193-min-300x200.jpg 300w, https:\/\/www.skalnik.pl\/blog\/wp-content\/uploads\/2024\/05\/IMG_0193-min-768x512.jpg 768w, https:\/\/www.skalnik.pl\/blog\/wp-content\/uploads\/2024\/05\/IMG_0193-min-1536x1024.jpg 1536w, https:\/\/www.skalnik.pl\/blog\/wp-content\/uploads\/2024\/05\/IMG_0193-min-2048x1365.jpg 2048w\" sizes=\"auto, (max-width: 1024px) 100vw, 1024px\" \/><figcaption class=\"wp-element-caption\"><em>Bielizna termoaktywna Brubeck to komfort cieplny niezale\u017cnie od warunk\u00f3w (fot. Brubeck)<\/em><\/figcaption><\/figure>\n<\/div>\n\n\n<p>I tu w\u0142a\u015bnie na scen\u0119 wkracza Brubeck. To lider na polskim rynku odzie\u017cy termoaktywnej. Firma dzia\u0142a od 2005 r. i produkuje ca\u0142y sw\u00f3j asortyment w fabryce w Zdu\u0144skiej Woli. Dzi\u0119ki temu ca\u0142y proces produkcyjny znajduje si\u0119 pod \u015bcis\u0142\u0105 i ci\u0105g\u0142\u0105 kontrol\u0105. Od pocz\u0105tku swojego istnienia Brubeck systematycznie rozwija technologie i konstrukcje u\u017cywane do produkcji bielizny i odzie\u017cy termoaktywnej. W\u015br\u00f3d opracowanych rozwi\u0105za\u0144 s\u0105 m.in.:<\/p>\n\n\n\n<ul class=\"wp-block-list\">\n<li>w\u0142\u00f3kna Nilit\u00ae Innergy, Nilit\u00ae Breeze i Nilit\u00ae Heat \u2013 ka\u017cde z nich ma inne w\u0142a\u015bciwo\u015bci \u2013 zamieniaj\u0105 ciep\u0142o w promieniowanie podczerwone, ch\u0142odz\u0105 lub grzej\u0105, zale\u017cnie od sk\u0142adu<\/li>\n\n\n\n<li>Brubeck AirJet czyli uszlachetniona prz\u0119dza poliamidowo-elastanowa, kt\u00f3ra dzi\u0119ki swojej g\u0142adko\u015bci pozwala na lepsze dopasowanie, co przek\u0142ada si\u0119 na bardziej efektywny transport wilgoci na zewn\u0105trz<\/li>\n\n\n\n<li>3D technology to przestrzenna budowa dzianiny oparta na modelu tr\u00f3jwymiarowej siatki. Taka konstrukcja sprawia, \u017ce powietrze mo\u017ce \u0142atwiej kr\u0105\u017cy\u0107, a powierzchnia odbioru wilgoci jest wi\u0119ksza<\/li>\n\n\n\n<li>Air Balance\u00ae jest technologi\u0105 bodymappingu, gdzie w miejscach szczeg\u00f3lnie nara\u017conych na nadmierne pocenie umieszczane s\u0105 stresy z mikrootworami przyspieszaj\u0105cymi odprowadzanie wilgoci.<\/li>\n<\/ul>\n\n\n\n<p>To tylko niekt\u00f3re z rozwi\u0105za\u0144 opracowanych i wykorzystywanych przez Brubeck. Ich wsp\u00f3ln\u0105 cech\u0105 jest d\u0105\u017cenie do zapewniania optymalnego komfortu cieplnego niezale\u017cnie od pogody i pory roku oraz nat\u0119\u017cenia aktywno\u015bci.<\/p>\n\n\n\n<h2 class=\"wp-block-heading\"><span class=\"ez-toc-section\" id=\"Inspiracja_z_natury\"><\/span>Inspiracja z natury<span class=\"ez-toc-section-end\"><\/span><\/h2>\n\n\n\n<p>Aby tworzy\u0107 zaawansowan\u0105 bielizn\u0119 termoaktywn\u0105 Brubeck musia\u0142 dog\u0142\u0119bnie pozna\u0107 procesy zachodz\u0105ce w ludzkim ciele, ale tak\u017ce prze\u015bledzi\u0107 ewolucj\u0119 cz\u0142owieka. Inspiracj\u0105 do tworzenia kolejnych, coraz bardziej zaawansowanych rozwi\u0105za\u0144, jest sama natura. To w trakcie ewolucji wykszta\u0142ci\u0142 si\u0119 wydajny proces termoregulacji, z kt\u00f3rego konstruktorzy Brubeck czerpi\u0105 inspiracj\u0119 oraz na kt\u00f3rym si\u0119 wzoruj\u0105. Bielizna termoaktywna ma by\u0107 \u201edrug\u0105 sk\u00f3r\u0105\u201d dbaj\u0105c\u0105 o naturalne procesy zachodz\u0105ce w ciele. Jakie s\u0105 jej cechy?<\/p>\n\n\n\n<ul class=\"wp-block-list\">\n<li>Jest przyjazna dla cia\u0142a i zapewnia komfort termiczny. Na pewno zdajesz sobie spraw\u0119, \u017ce organizm lepiej funkcjonuje, gdy nie jest przegrzany lub wych\u0142odzony, a jego temperatura jest optymalna.<\/li>\n\n\n\n<li>Funkcjonalno\u015b\u0107 \u2013 wspiera podczas u\u017cytkowania, nie ociera dzi\u0119ki bezszwowej konstrukcji, \u015bwietnie odprowadza wilgo\u0107, co zawdzi\u0119cza dwuwarstwowej budowie dzianiny.<\/li>\n\n\n\n<li>Wspomaga transport wilgoci dzi\u0119ki zastosowaniu nowoczesnych rozwi\u0105za\u0144. Gdy wilgo\u0107 znajduje si\u0119 z dala od cia\u0142a zapewniona jest optymalna wentylacja i zmniejsza si\u0119 ryzyko przegrzania.<\/li>\n\n\n\n<li>Wysoka jako\u015b\u0107 \u2013 do produkcji u\u017cywane s\u0105 najwy\u017cszej jako\u015bci sk\u0142adniki syntetyczne i naturalne. Brubeck u\u017cywa zar\u00f3wno zaawansowanych prz\u0119dz poliamidowych i poliestrowych, jak i naturalnej we\u0142ny merino czy bawe\u0142ny.<\/li>\n\n\n\n<li>Dopracowane kroje zapewniaj\u0105ce du\u017c\u0105 swobod\u0119 ruchu.<\/li>\n<\/ul>\n\n\n<div class=\"wp-block-image\">\n<figure class=\"aligncenter size-large\"><img loading=\"lazy\" decoding=\"async\" width=\"1024\" height=\"683\" src=\"https:\/\/www.skalnik.pl\/blog\/wp-content\/uploads\/2024\/05\/karokrasinska_IMG-191-min-1024x683.jpg\" alt=\"\" class=\"wp-image-26400\" srcset=\"https:\/\/www.skalnik.pl\/blog\/wp-content\/uploads\/2024\/05\/karokrasinska_IMG-191-min-1024x683.jpg 1024w, https:\/\/www.skalnik.pl\/blog\/wp-content\/uploads\/2024\/05\/karokrasinska_IMG-191-min-300x200.jpg 300w, https:\/\/www.skalnik.pl\/blog\/wp-content\/uploads\/2024\/05\/karokrasinska_IMG-191-min-768x512.jpg 768w, https:\/\/www.skalnik.pl\/blog\/wp-content\/uploads\/2024\/05\/karokrasinska_IMG-191-min-1536x1024.jpg 1536w, https:\/\/www.skalnik.pl\/blog\/wp-content\/uploads\/2024\/05\/karokrasinska_IMG-191-min-2048x1365.jpg 2048w\" sizes=\"auto, (max-width: 1024px) 100vw, 1024px\" \/><figcaption class=\"wp-element-caption\"><em>Funkcjonalna, wygodna, inspirowana naturalnymi procesami ludzkiego cia\u0142a- taka jest bielizna Brubeck (fot. Brubeck)<\/em><\/figcaption><\/figure>\n<\/div>\n\n\n<p>Kolekcja Brubeck podzielona jest na linie dopasowane do r\u00f3\u017cnego nat\u0119\u017cenia aktywno\u015bci oraz do warunk\u00f3w zewn\u0119trznych. Znajduje si\u0119 w niej zar\u00f3wno bielizna codzienna, jak i przeznaczona do aktywno\u015bci o bardzo wysokim nat\u0119\u017ceniu. S\u0105 linie odpowiednie na lato, zapewniaj\u0105ce ch\u0142odzenie i b\u0142yskawiczne odprowadzanie ciep\u0142a, jak i na pory przej\u015bciowe i zim\u0119, i ekstremalnie niskie temperatury. Te ostatnie kumuluj\u0105 ciep\u0142o, pomagaj\u0105 utrzyma\u0107 optymaln\u0105 termik\u0119 nawet, gdy przez wiele godzin jeste\u015b nara\u017cony na dzia\u0142anie mrozu i wiatru.<\/p>\n\n\n\n<p>Odzie\u017c i bielizna Brubeck dopasowana jest do cyklu p\u00f3r roku:<\/p>\n\n\n\n<ul class=\"wp-block-list\">\n<li>wiosn\u0105 i jesieni\u0105 zapewnia stabilno\u015b\u0107 komfortu cieplnego, gdy warunki zmieniaj\u0105 si\u0119 czasem w ci\u0105gu kilku godzin<\/li>\n\n\n\n<li>latem poprawia wentylacj\u0119, zwi\u0119ksza odprowadzanie wilgoci i chroni przed przegrzewaniem<\/li>\n\n\n\n<li>zim\u0105 utrzymuje naturalne ciep\u0142o ludzkiego cia\u0142a, dbaj\u0105c by nie dochodzi\u0142o do wych\u0142odzenia<\/li>\n<\/ul>\n\n\n\n<p>Odwo\u0142anie do natury podczas projektowania i produkcji bielizny i odzie\u017cy jest nierozerwalnie zwi\u0105zane z odpowiedzialno\u015bci\u0105. Zobacz, jak Brubeck realizuje w praktyce za\u0142o\u017cenia zr\u00f3wnowa\u017conej produkcji.<\/p>\n\n\n\n<h2 class=\"wp-block-heading\"><span class=\"ez-toc-section\" id=\"Dla_natury_i_zgodnie_z_natura\"><\/span>Dla natury i zgodnie z natur\u0105<span class=\"ez-toc-section-end\"><\/span><\/h2>\n\n\n\n<p>Nie da si\u0119 ukry\u0107, \u017ce jednym z najwi\u0119kszych wyzwa\u0144 stoj\u0105cych dzi\u015b przed bran\u017cami produkuj\u0105cymi odzie\u017c, tak\u017ce t\u0105 outdoorow\u0105 jest jej zr\u00f3wnowa\u017cony charakter. Bran\u017ca tekstylna produkuje mn\u00f3stwo odpad\u00f3w, a w trakcie produkcji u\u017cywane s\u0105 te\u017c szkodliwe dla \u015brodowiska chemikalia.<\/p>\n\n\n\n<p>Brubeck to marka, kt\u00f3ra wpisuje si\u0119 od lat w <strong>nurt zr\u00f3wnowa\u017conej i odpowiedzialnej produkcji<\/strong>, a id\u0105 za tym konkretne dzia\u0142ania podejmowane na r\u00f3\u017cnych poziomach dzia\u0142alno\u015bci.<\/p>\n\n\n<div class=\"wp-block-image\">\n<figure class=\"aligncenter size-large\"><img loading=\"lazy\" decoding=\"async\" width=\"1024\" height=\"683\" src=\"https:\/\/www.skalnik.pl\/blog\/wp-content\/uploads\/2024\/05\/IMG_0346-min-1024x683.jpg\" alt=\"\" class=\"wp-image-26401\" srcset=\"https:\/\/www.skalnik.pl\/blog\/wp-content\/uploads\/2024\/05\/IMG_0346-min-1024x683.jpg 1024w, https:\/\/www.skalnik.pl\/blog\/wp-content\/uploads\/2024\/05\/IMG_0346-min-300x200.jpg 300w, https:\/\/www.skalnik.pl\/blog\/wp-content\/uploads\/2024\/05\/IMG_0346-min-768x512.jpg 768w, https:\/\/www.skalnik.pl\/blog\/wp-content\/uploads\/2024\/05\/IMG_0346-min-1536x1024.jpg 1536w, https:\/\/www.skalnik.pl\/blog\/wp-content\/uploads\/2024\/05\/IMG_0346-min-2048x1365.jpg 2048w\" sizes=\"auto, (max-width: 1024px) 100vw, 1024px\" \/><figcaption class=\"wp-element-caption\"><em>Tekstylia u\u017cywane przez Brubeck s\u0105 przyjazne dla sk\u00f3ry (fot. Brubeck)<\/em><\/figcaption><\/figure>\n<\/div>\n\n\n<p>Aby\u015b mia\u0142 ca\u0142kowit\u0105 pewno\u015b\u0107, \u017ce bielizna termoaktywna Brubeck, kt\u00f3ra jest najbli\u017csza sk\u00f3rze, jest dla niej przyjazna, wszystkie materia\u0142y u\u017cywane przez mark\u0119 maj\u0105 <strong>certyfikat OEKO-TEX Standard 100<\/strong>. Oznacza on, \u017ce materia\u0142y zosta\u0142y sprawdzone w niezale\u017cnych laboratoriach i nie stwierdzono obecno\u015bci w nich szkodliwych chemikali\u00f3w. Materia\u0142y u\u017cywane przez Brubeck spe\u0142niaj\u0105 te\u017c&nbsp; <strong>normy standardu REACH Compliant<\/strong>, kt\u00f3re pozwalaj\u0105 stwierdzi\u0107, \u017ce nie wyst\u0119puje w nich plastik ani szkodliwe dla zdrowia barwniki.<\/p>\n\n\n\n<p>Nie da si\u0119 jednak zupe\u0142nie wyeliminowa\u0107 barwnik\u00f3w z produkcji odzie\u017cy. Nawet, je\u015bli spe\u0142niaj\u0105 one restrykcyjne normy, to pozostaj\u0105 w wodzie u\u017cywanej do barwienia. Brubeck w swojej fabryce stosuje efektywny <strong>system oczyszczania wody z barwnik\u00f3w<\/strong>. Jest on \u015bci\u015ble monitorowany, a dodatkowo zosta\u0142 w nim umieszczony <strong>system rekuperacji<\/strong>, dzi\u0119ki kt\u00f3remu odzyskiwana jest energia cieplna u\u017cywana podczas barwienia. Doprowadzi\u0142o to do <strong>zmniejszenia o 70% poboru energii zewn\u0119trznej<\/strong> u\u017cywanej w tym procesie.<\/p>\n\n\n<div class=\"wp-block-image\">\n<figure class=\"aligncenter size-large\"><img loading=\"lazy\" decoding=\"async\" width=\"1024\" height=\"683\" src=\"https:\/\/www.skalnik.pl\/blog\/wp-content\/uploads\/2024\/05\/IMG_0770-min-1024x683.jpg\" alt=\"\" class=\"wp-image-26402\" srcset=\"https:\/\/www.skalnik.pl\/blog\/wp-content\/uploads\/2024\/05\/IMG_0770-min-1024x683.jpg 1024w, https:\/\/www.skalnik.pl\/blog\/wp-content\/uploads\/2024\/05\/IMG_0770-min-300x200.jpg 300w, https:\/\/www.skalnik.pl\/blog\/wp-content\/uploads\/2024\/05\/IMG_0770-min-768x512.jpg 768w, https:\/\/www.skalnik.pl\/blog\/wp-content\/uploads\/2024\/05\/IMG_0770-min-1536x1024.jpg 1536w, https:\/\/www.skalnik.pl\/blog\/wp-content\/uploads\/2024\/05\/IMG_0770-min-2048x1365.jpg 2048w\" sizes=\"auto, (max-width: 1024px) 100vw, 1024px\" \/><figcaption class=\"wp-element-caption\"><em>Konstrukcje bezszwowe to nie tylko wygoda, ale tak\u017ce mniejsza ilo\u015b\u0107 odpad\u00f3w (fot. Brubeck)<\/em><\/figcaption><\/figure>\n<\/div>\n\n\n<p>Jak ju\u017c napisa\u0142am wy\u017cej, bielizna i odzie\u017c Brubeck ma <strong>konstrukcj\u0119 bezszwow\u0105<\/strong>. Z jednej strony jest to niezwykle wygodne dla u\u017cytkownika, z drugiej to kolejny punkcik do zr\u00f3wnowa\u017conej produkcji. <strong>Konstrukcje bezszwowe generuj\u0105 bowiem znacznie mniejsze ilo\u015bci odpad\u00f3w<\/strong> \u2013 nie ma \u015bcink\u00f3w i skrawk\u00f3w materia\u0142\u00f3w powstaj\u0105cych podczas wykrawania element\u00f3w, kt\u00f3re s\u0105 p\u00f3\u017aniej zszywane. Nawet jednak w tak oszcz\u0119dnej produkcji zdarzaj\u0105 si\u0119 odpady \u2013 \u015bcinki z podkroi, wyko\u0144cze\u0144 r\u0119kaw\u00f3w czy dolnych cz\u0119\u015bci koszulek. <strong>Brubeck recyklinguje 80% odpad\u00f3w tekstylnych<\/strong>, powstaj\u0105cych podczas produkcji i u\u017cywa ich do produkcji innych element\u00f3w odzie\u017cy lub akcesori\u00f3w. <\/p>\n\n\n\n<p>I w ko\u0144cu najbardziej zaawansowana technologia Brubeck zwi\u0105zana ze zr\u00f3wnowa\u017con\u0105 produkcj\u0105. W linii Thermo, kt\u00f3ra nale\u017cy do najcieplejszych w kolekcji, stosowana jest <strong>prz\u0119dza Nilit\u00ae Heat, stworzona na bazie w\u0119gla kawowego<\/strong>. Uzyskiwany z \u0142upin kawy w\u0119giel ma naturalne w\u0142a\u015bciwo\u015bci termoizolacyjne. Po\u0142\u0105czony z prz\u0119dz\u0105 gromadzi ciep\u0142o i sprawia, \u017ce bielizna \u015bwietnie sprawdza si\u0119 nawet w bardzo niskich, panuj\u0105cych przez wiele godzin temperaturach. W\u0119giel kawowy nadaje tak\u017ce dzianinie ciemny kolor, dzi\u0119ki czemu nie jest konieczne dodatkowe stosowanie sztucznych barwnik\u00f3w.<\/p>\n\n\n\n<hr class=\"wp-block-separator has-alpha-channel-opacity is-style-dots\"\/>\n\n\n\n<p>Bielizna termoaktywna Brubeck to gwarancja komfortu termicznego w ka\u017cdych warunkach pogodowych, zar\u00f3wno na co dzie\u0144, jak i podczas aktywno\u015bci outdoorowych. Wybieraj\u0105c Brubeck masz te\u017c pewno\u015b\u0107, \u017ce odzie\u017c powstaje w Polsce w spos\u00f3b zr\u00f3wnowa\u017cony, a marka wci\u0105\u017c ulepsza swoje technologie by jak najmniej integrowa\u0142y w natur\u0119.<\/p>\n","protected":false},"excerpt":{"rendered":"<p>Brubeck podczas tworzenia bielizny termoaktywnej inspiruje si\u0119 natur\u0105. Zobacz jakie dzia\u0142ania podejmuje w zakresie odpowiedzialnej produkcji. <\/p>\n","protected":false},"author":41,"featured_media":26397,"comment_status":"closed","ping_status":"closed","sticky":false,"template":"","format":"standard","meta":{"_acf_changed":false,"footnotes":""},"categories":[5],"tags":[27],"magento_category":[],"magento_product":[],"class_list":["post-26396","post","type-post","status-publish","format-standard","has-post-thumbnail","hentry","category-branza","tag-eko"],"acf":[],"aioseo_notices":[],"aioseo_head":"\n\t\t<!-- All in One SEO 4.9.10 - aioseo.com -->\n\t<meta name=\"description\" content=\"Brubeck to polski lider produkcji bielizny termoaktywnej. To tak\u017ce marka odpowiedzialna. Sprawd\u017a jakie rozwi\u0105zania w produkcji stosuje by by\u0107 bardziej eko.\" \/>\n\t<meta name=\"robots\" content=\"max-image-preview:large\" \/>\n\t<meta name=\"author\" content=\"Anna \u015aliwa\"\/>\n\t<link rel=\"canonical\" href=\"https:\/\/www.skalnik.pl\/blog\/marki-odpowiedzialne-brubeck\/\" \/>\n\t<meta name=\"generator\" content=\"All in One SEO (AIOSEO) 4.9.10\" \/>\n\t\t<meta property=\"og:locale\" content=\"pl_PL\" \/>\n\t\t<meta property=\"og:site_name\" content=\"blog Skalnik - Blog, porady, artyku\u0142y - blog Skalnik\" \/>\n\t\t<meta property=\"og:type\" content=\"article\" \/>\n\t\t<meta property=\"og:title\" content=\"Marki odpowiedzialne: Brubeck - blog Skalnik\" \/>\n\t\t<meta property=\"og:description\" content=\"Brubeck to polski lider produkcji bielizny termoaktywnej. To tak\u017ce marka odpowiedzialna. Sprawd\u017a jakie rozwi\u0105zania w produkcji stosuje by by\u0107 bardziej eko.\" \/>\n\t\t<meta property=\"og:url\" content=\"https:\/\/www.skalnik.pl\/blog\/marki-odpowiedzialne-brubeck\/\" \/>\n\t\t<meta property=\"og:image\" content=\"https:\/\/www.skalnik.pl\/blog\/wp-content\/uploads\/2024\/05\/IMG_0193-min-1024x683.jpg\" \/>\n\t\t<meta property=\"og:image:secure_url\" content=\"https:\/\/www.skalnik.pl\/blog\/wp-content\/uploads\/2024\/05\/IMG_0193-min-1024x683.jpg\" \/>\n\t\t<meta property=\"article:tag\" content=\"bran\u017ca\" \/>\n\t\t<meta property=\"article:tag\" content=\"eko\" \/>\n\t\t<meta property=\"article:published_time\" content=\"2024-08-19T13:44:50+00:00\" \/>\n\t\t<meta property=\"article:modified_time\" content=\"2024-08-19T13:44:51+00:00\" \/>\n\t\t<meta name=\"twitter:card\" content=\"summary_large_image\" \/>\n\t\t<meta name=\"twitter:title\" content=\"Marki odpowiedzialne: Brubeck - blog Skalnik\" \/>\n\t\t<meta name=\"twitter:description\" content=\"Brubeck to polski lider produkcji bielizny termoaktywnej. To tak\u017ce marka odpowiedzialna. Sprawd\u017a jakie rozwi\u0105zania w produkcji stosuje by by\u0107 bardziej eko.\" \/>\n\t\t<meta name=\"twitter:image\" content=\"https:\/\/www.skalnik.pl\/blog\/wp-content\/uploads\/2024\/05\/IMG_0193-min-1024x683.jpg\" \/>\n\t\t<script type=\"application\/ld+json\" class=\"aioseo-schema\">\n\t\t\t{\"@context\":\"https:\\\/\\\/schema.org\",\"@graph\":[{\"@type\":\"BlogPosting\",\"@id\":\"https:\\\/\\\/www.skalnik.pl\\\/blog\\\/marki-odpowiedzialne-brubeck\\\/#blogposting\",\"name\":\"Marki odpowiedzialne: Brubeck - blog Skalnik\",\"headline\":\"Marki odpowiedzialne: Brubeck\",\"author\":{\"@id\":\"https:\\\/\\\/www.skalnik.pl\\\/blog\\\/author\\\/anna-sliwa\\\/#author\"},\"publisher\":{\"@id\":\"https:\\\/\\\/www.skalnik.pl\\\/blog\\\/#organization\"},\"image\":{\"@type\":\"ImageObject\",\"url\":\"https:\\\/\\\/www.skalnik.pl\\\/blog\\\/wp-content\\\/uploads\\\/2024\\\/05\\\/karokrasinska_IMG-191-scaled.jpg\",\"width\":2560,\"height\":940},\"datePublished\":\"2024-08-19T15:44:50+02:00\",\"dateModified\":\"2024-08-19T15:44:51+02:00\",\"inLanguage\":\"pl-PL\",\"mainEntityOfPage\":{\"@id\":\"https:\\\/\\\/www.skalnik.pl\\\/blog\\\/marki-odpowiedzialne-brubeck\\\/#webpage\"},\"isPartOf\":{\"@id\":\"https:\\\/\\\/www.skalnik.pl\\\/blog\\\/marki-odpowiedzialne-brubeck\\\/#webpage\"},\"articleSection\":\"Bran\\u017ca, eko\"},{\"@type\":\"BreadcrumbList\",\"@id\":\"https:\\\/\\\/www.skalnik.pl\\\/blog\\\/marki-odpowiedzialne-brubeck\\\/#breadcrumblist\",\"itemListElement\":[{\"@type\":\"ListItem\",\"@id\":\"https:\\\/\\\/www.skalnik.pl\\\/blog#listItem\",\"position\":1,\"name\":\"Home\",\"item\":\"https:\\\/\\\/www.skalnik.pl\\\/blog\",\"nextItem\":{\"@type\":\"ListItem\",\"@id\":\"https:\\\/\\\/www.skalnik.pl\\\/blog\\\/.\\\/branza\\\/#listItem\",\"name\":\"Bran\\u017ca\"}},{\"@type\":\"ListItem\",\"@id\":\"https:\\\/\\\/www.skalnik.pl\\\/blog\\\/.\\\/branza\\\/#listItem\",\"position\":2,\"name\":\"Bran\\u017ca\",\"item\":\"https:\\\/\\\/www.skalnik.pl\\\/blog\\\/.\\\/branza\\\/\",\"nextItem\":{\"@type\":\"ListItem\",\"@id\":\"https:\\\/\\\/www.skalnik.pl\\\/blog\\\/marki-odpowiedzialne-brubeck\\\/#listItem\",\"name\":\"Marki odpowiedzialne: Brubeck\"},\"previousItem\":{\"@type\":\"ListItem\",\"@id\":\"https:\\\/\\\/www.skalnik.pl\\\/blog#listItem\",\"name\":\"Home\"}},{\"@type\":\"ListItem\",\"@id\":\"https:\\\/\\\/www.skalnik.pl\\\/blog\\\/marki-odpowiedzialne-brubeck\\\/#listItem\",\"position\":3,\"name\":\"Marki odpowiedzialne: Brubeck\",\"previousItem\":{\"@type\":\"ListItem\",\"@id\":\"https:\\\/\\\/www.skalnik.pl\\\/blog\\\/.\\\/branza\\\/#listItem\",\"name\":\"Bran\\u017ca\"}}]},{\"@type\":\"Organization\",\"@id\":\"https:\\\/\\\/www.skalnik.pl\\\/blog\\\/#organization\",\"name\":\"blog Skalnik\",\"description\":\"Blog, porady, artyku\\u0142y - blog Skalnik\",\"url\":\"https:\\\/\\\/www.skalnik.pl\\\/blog\\\/\"},{\"@type\":\"Person\",\"@id\":\"https:\\\/\\\/www.skalnik.pl\\\/blog\\\/author\\\/anna-sliwa\\\/#author\",\"url\":\"https:\\\/\\\/www.skalnik.pl\\\/blog\\\/author\\\/anna-sliwa\\\/\",\"name\":\"Anna \\u015aliwa\",\"image\":{\"@type\":\"ImageObject\",\"@id\":\"https:\\\/\\\/www.skalnik.pl\\\/blog\\\/marki-odpowiedzialne-brubeck\\\/#authorImage\",\"url\":\"https:\\\/\\\/secure.gravatar.com\\\/avatar\\\/e8300be3de710e2e109e5dfbf092dcf827242ec8071807a1e13f6b3f7c9bbd79?s=96&d=mm&r=g\",\"width\":96,\"height\":96,\"caption\":\"Anna \\u015aliwa\"}},{\"@type\":\"WebPage\",\"@id\":\"https:\\\/\\\/www.skalnik.pl\\\/blog\\\/marki-odpowiedzialne-brubeck\\\/#webpage\",\"url\":\"https:\\\/\\\/www.skalnik.pl\\\/blog\\\/marki-odpowiedzialne-brubeck\\\/\",\"name\":\"Marki odpowiedzialne: Brubeck - blog Skalnik\",\"description\":\"Brubeck to polski lider produkcji bielizny termoaktywnej. To tak\\u017ce marka odpowiedzialna. Sprawd\\u017a jakie rozwi\\u0105zania w produkcji stosuje by by\\u0107 bardziej eko.\",\"inLanguage\":\"pl-PL\",\"isPartOf\":{\"@id\":\"https:\\\/\\\/www.skalnik.pl\\\/blog\\\/#website\"},\"breadcrumb\":{\"@id\":\"https:\\\/\\\/www.skalnik.pl\\\/blog\\\/marki-odpowiedzialne-brubeck\\\/#breadcrumblist\"},\"author\":{\"@id\":\"https:\\\/\\\/www.skalnik.pl\\\/blog\\\/author\\\/anna-sliwa\\\/#author\"},\"creator\":{\"@id\":\"https:\\\/\\\/www.skalnik.pl\\\/blog\\\/author\\\/anna-sliwa\\\/#author\"},\"image\":{\"@type\":\"ImageObject\",\"url\":\"https:\\\/\\\/www.skalnik.pl\\\/blog\\\/wp-content\\\/uploads\\\/2024\\\/05\\\/karokrasinska_IMG-191-scaled.jpg\",\"@id\":\"https:\\\/\\\/www.skalnik.pl\\\/blog\\\/marki-odpowiedzialne-brubeck\\\/#mainImage\",\"width\":2560,\"height\":940},\"primaryImageOfPage\":{\"@id\":\"https:\\\/\\\/www.skalnik.pl\\\/blog\\\/marki-odpowiedzialne-brubeck\\\/#mainImage\"},\"datePublished\":\"2024-08-19T15:44:50+02:00\",\"dateModified\":\"2024-08-19T15:44:51+02:00\"},{\"@type\":\"WebSite\",\"@id\":\"https:\\\/\\\/www.skalnik.pl\\\/blog\\\/#website\",\"url\":\"https:\\\/\\\/www.skalnik.pl\\\/blog\\\/\",\"name\":\"blog Skalnik\",\"description\":\"Blog, porady, artyku\\u0142y - blog Skalnik\",\"inLanguage\":\"pl-PL\",\"publisher\":{\"@id\":\"https:\\\/\\\/www.skalnik.pl\\\/blog\\\/#organization\"}}]}\n\t\t<\/script>\n\t\t<!-- All in One SEO -->\n\n","aioseo_head_json":{"title":"Marki odpowiedzialne: Brubeck - blog Skalnik","description":"Brubeck to polski lider produkcji bielizny termoaktywnej. To tak\u017ce marka odpowiedzialna. Sprawd\u017a jakie rozwi\u0105zania w produkcji stosuje by by\u0107 bardziej eko.","canonical_url":"https:\/\/www.skalnik.pl\/blog\/marki-odpowiedzialne-brubeck\/","robots":"max-image-preview:large","keywords":"","webmasterTools":{"miscellaneous":""},"schema":{"@context":"https:\/\/schema.org","@graph":[{"@type":"BlogPosting","@id":"https:\/\/www.skalnik.pl\/blog\/marki-odpowiedzialne-brubeck\/#blogposting","name":"Marki odpowiedzialne: Brubeck - blog Skalnik","headline":"Marki odpowiedzialne: Brubeck","author":{"@id":"https:\/\/www.skalnik.pl\/blog\/author\/anna-sliwa\/#author"},"publisher":{"@id":"https:\/\/www.skalnik.pl\/blog\/#organization"},"image":{"@type":"ImageObject","url":"https:\/\/www.skalnik.pl\/blog\/wp-content\/uploads\/2024\/05\/karokrasinska_IMG-191-scaled.jpg","width":2560,"height":940},"datePublished":"2024-08-19T15:44:50+02:00","dateModified":"2024-08-19T15:44:51+02:00","inLanguage":"pl-PL","mainEntityOfPage":{"@id":"https:\/\/www.skalnik.pl\/blog\/marki-odpowiedzialne-brubeck\/#webpage"},"isPartOf":{"@id":"https:\/\/www.skalnik.pl\/blog\/marki-odpowiedzialne-brubeck\/#webpage"},"articleSection":"Bran\u017ca, eko"},{"@type":"BreadcrumbList","@id":"https:\/\/www.skalnik.pl\/blog\/marki-odpowiedzialne-brubeck\/#breadcrumblist","itemListElement":[{"@type":"ListItem","@id":"https:\/\/www.skalnik.pl\/blog#listItem","position":1,"name":"Home","item":"https:\/\/www.skalnik.pl\/blog","nextItem":{"@type":"ListItem","@id":"https:\/\/www.skalnik.pl\/blog\/.\/branza\/#listItem","name":"Bran\u017ca"}},{"@type":"ListItem","@id":"https:\/\/www.skalnik.pl\/blog\/.\/branza\/#listItem","position":2,"name":"Bran\u017ca","item":"https:\/\/www.skalnik.pl\/blog\/.\/branza\/","nextItem":{"@type":"ListItem","@id":"https:\/\/www.skalnik.pl\/blog\/marki-odpowiedzialne-brubeck\/#listItem","name":"Marki odpowiedzialne: Brubeck"},"previousItem":{"@type":"ListItem","@id":"https:\/\/www.skalnik.pl\/blog#listItem","name":"Home"}},{"@type":"ListItem","@id":"https:\/\/www.skalnik.pl\/blog\/marki-odpowiedzialne-brubeck\/#listItem","position":3,"name":"Marki odpowiedzialne: Brubeck","previousItem":{"@type":"ListItem","@id":"https:\/\/www.skalnik.pl\/blog\/.\/branza\/#listItem","name":"Bran\u017ca"}}]},{"@type":"Organization","@id":"https:\/\/www.skalnik.pl\/blog\/#organization","name":"blog Skalnik","description":"Blog, porady, artyku\u0142y - blog Skalnik","url":"https:\/\/www.skalnik.pl\/blog\/"},{"@type":"Person","@id":"https:\/\/www.skalnik.pl\/blog\/author\/anna-sliwa\/#author","url":"https:\/\/www.skalnik.pl\/blog\/author\/anna-sliwa\/","name":"Anna \u015aliwa","image":{"@type":"ImageObject","@id":"https:\/\/www.skalnik.pl\/blog\/marki-odpowiedzialne-brubeck\/#authorImage","url":"https:\/\/secure.gravatar.com\/avatar\/e8300be3de710e2e109e5dfbf092dcf827242ec8071807a1e13f6b3f7c9bbd79?s=96&d=mm&r=g","width":96,"height":96,"caption":"Anna \u015aliwa"}},{"@type":"WebPage","@id":"https:\/\/www.skalnik.pl\/blog\/marki-odpowiedzialne-brubeck\/#webpage","url":"https:\/\/www.skalnik.pl\/blog\/marki-odpowiedzialne-brubeck\/","name":"Marki odpowiedzialne: Brubeck - blog Skalnik","description":"Brubeck to polski lider produkcji bielizny termoaktywnej. To tak\u017ce marka odpowiedzialna. Sprawd\u017a jakie rozwi\u0105zania w produkcji stosuje by by\u0107 bardziej eko.","inLanguage":"pl-PL","isPartOf":{"@id":"https:\/\/www.skalnik.pl\/blog\/#website"},"breadcrumb":{"@id":"https:\/\/www.skalnik.pl\/blog\/marki-odpowiedzialne-brubeck\/#breadcrumblist"},"author":{"@id":"https:\/\/www.skalnik.pl\/blog\/author\/anna-sliwa\/#author"},"creator":{"@id":"https:\/\/www.skalnik.pl\/blog\/author\/anna-sliwa\/#author"},"image":{"@type":"ImageObject","url":"https:\/\/www.skalnik.pl\/blog\/wp-content\/uploads\/2024\/05\/karokrasinska_IMG-191-scaled.jpg","@id":"https:\/\/www.skalnik.pl\/blog\/marki-odpowiedzialne-brubeck\/#mainImage","width":2560,"height":940},"primaryImageOfPage":{"@id":"https:\/\/www.skalnik.pl\/blog\/marki-odpowiedzialne-brubeck\/#mainImage"},"datePublished":"2024-08-19T15:44:50+02:00","dateModified":"2024-08-19T15:44:51+02:00"},{"@type":"WebSite","@id":"https:\/\/www.skalnik.pl\/blog\/#website","url":"https:\/\/www.skalnik.pl\/blog\/","name":"blog Skalnik","description":"Blog, porady, artyku\u0142y - blog Skalnik","inLanguage":"pl-PL","publisher":{"@id":"https:\/\/www.skalnik.pl\/blog\/#organization"}}]},"og:locale":"pl_PL","og:site_name":"blog Skalnik - Blog, porady, artyku\u0142y - blog Skalnik","og:type":"article","og:title":"Marki odpowiedzialne: Brubeck - blog Skalnik","og:description":"Brubeck to polski lider produkcji bielizny termoaktywnej. To tak\u017ce marka odpowiedzialna. Sprawd\u017a jakie rozwi\u0105zania w produkcji stosuje by by\u0107 bardziej eko.","og:url":"https:\/\/www.skalnik.pl\/blog\/marki-odpowiedzialne-brubeck\/","og:image":"https:\/\/www.skalnik.pl\/blog\/wp-content\/uploads\/2024\/05\/IMG_0193-min-1024x683.jpg","og:image:secure_url":"https:\/\/www.skalnik.pl\/blog\/wp-content\/uploads\/2024\/05\/IMG_0193-min-1024x683.jpg","article:tag":["bran\u017ca","eko"],"article:published_time":"2024-08-19T13:44:50+00:00","article:modified_time":"2024-08-19T13:44:51+00:00","twitter:card":"summary_large_image","twitter:title":"Marki odpowiedzialne: Brubeck - blog Skalnik","twitter:description":"Brubeck to polski lider produkcji bielizny termoaktywnej. To tak\u017ce marka odpowiedzialna. Sprawd\u017a jakie rozwi\u0105zania w produkcji stosuje by by\u0107 bardziej eko.","twitter:image":"https:\/\/www.skalnik.pl\/blog\/wp-content\/uploads\/2024\/05\/IMG_0193-min-1024x683.jpg"},"aioseo_meta_data":{"post_id":"26396","title":null,"description":"Brubeck to polski lider produkcji bielizny termoaktywnej. To tak\u017ce marka odpowiedzialna. Sprawd\u017a jakie rozwi\u0105zania w produkcji stosuje by by\u0107 bardziej eko.","keywords":[],"keyphrases":{"focus":{"keyphrase":"Brubeck, bielizna Brubeck, bielizna termoaktywna, bielizna merino, Brubeck merino ","score":32,"analysis":{"keyphraseInTitle":{"score":3,"maxScore":9,"error":1},"keyphraseInDescription":{"score":3,"maxScore":9,"error":1},"keyphraseLength":{"score":3,"maxScore":9,"error":1,"length":9},"keyphraseInURL":{"score":1,"maxScore":5,"error":1},"keyphraseInIntroduction":{"score":3,"maxScore":9,"error":1},"keyphraseInSubHeadings":{"score":3,"maxScore":9,"error":1},"keyphraseInImageAlt":{"score":3,"maxScore":9,"error":1}}},"additional":[]},"primary_term":null,"canonical_url":null,"og_title":null,"og_description":null,"og_object_type":"default","og_image_type":"default","og_image_url":null,"og_image_width":null,"og_image_height":null,"og_image_custom_url":null,"og_image_custom_fields":null,"og_video":"","og_custom_url":null,"og_article_section":null,"og_article_tags":[],"twitter_use_og":false,"twitter_card":"default","twitter_image_type":"default","twitter_image_url":null,"twitter_image_custom_url":null,"twitter_image_custom_fields":null,"twitter_title":null,"twitter_description":null,"schema":{"blockGraphs":[],"customGraphs":[],"default":{"data":{"Article":[],"Course":[],"Dataset":[],"FAQPage":[],"Movie":[],"Person":[],"Product":[],"ProductReview":[],"Car":[],"Recipe":[],"Service":[],"SoftwareApplication":[],"WebPage":[]},"graphName":"","isEnabled":true},"graphs":[]},"schema_type":"default","schema_type_options":null,"pillar_content":false,"robots_default":true,"robots_noindex":false,"robots_noarchive":false,"robots_nosnippet":false,"robots_nofollow":false,"robots_noimageindex":false,"robots_noodp":false,"robots_notranslate":false,"robots_max_snippet":"-1","robots_max_videopreview":"-1","robots_max_imagepreview":"large","priority":null,"frequency":"default","local_seo":null,"breadcrumb_settings":null,"limit_modified_date":false,"ai":null,"created":"2024-05-26 20:35:47","updated":"2026-02-17 22:55:27","seo_analyzer_scan_date":null},"aioseo_breadcrumb":"<div class=\"aioseo-breadcrumbs\"><span class=\"aioseo-breadcrumb\">\n\t\t\t<a href=\"https:\/\/www.skalnik.pl\/blog\" title=\"Home\">Home<\/a>\n\t\t<\/span><span class=\"aioseo-breadcrumb-separator\">&raquo;<\/span><span class=\"aioseo-breadcrumb\">\n\t\t\t<a href=\"https:\/\/www.skalnik.pl\/blog\/.\/branza\/\" title=\"Bran\u017ca\">Bran\u017ca<\/a>\n\t\t<\/span><span class=\"aioseo-breadcrumb-separator\">&raquo;<\/span><span class=\"aioseo-breadcrumb\">\n\t\t\tMarki odpowiedzialne: Brubeck\n\t\t<\/span><\/div>","aioseo_breadcrumb_json":[{"label":"Home","link":"https:\/\/www.skalnik.pl\/blog"},{"label":"Bran\u017ca","link":"https:\/\/www.skalnik.pl\/blog\/.\/branza\/"},{"label":"Marki odpowiedzialne: Brubeck","link":"https:\/\/www.skalnik.pl\/blog\/marki-odpowiedzialne-brubeck\/"}],"_links":{"self":[{"href":"https:\/\/www.skalnik.pl\/blog\/wp-json\/wp\/v2\/posts\/26396","targetHints":{"allow":["GET"]}}],"collection":[{"href":"https:\/\/www.skalnik.pl\/blog\/wp-json\/wp\/v2\/posts"}],"about":[{"href":"https:\/\/www.skalnik.pl\/blog\/wp-json\/wp\/v2\/types\/post"}],"author":[{"embeddable":true,"href":"https:\/\/www.skalnik.pl\/blog\/wp-json\/wp\/v2\/users\/41"}],"replies":[{"embeddable":true,"href":"https:\/\/www.skalnik.pl\/blog\/wp-json\/wp\/v2\/comments?post=26396"}],"version-history":[{"count":3,"href":"https:\/\/www.skalnik.pl\/blog\/wp-json\/wp\/v2\/posts\/26396\/revisions"}],"predecessor-version":[{"id":26495,"href":"https:\/\/www.skalnik.pl\/blog\/wp-json\/wp\/v2\/posts\/26396\/revisions\/26495"}],"wp:featuredmedia":[{"embeddable":true,"href":"https:\/\/www.skalnik.pl\/blog\/wp-json\/wp\/v2\/media\/26397"}],"wp:attachment":[{"href":"https:\/\/www.skalnik.pl\/blog\/wp-json\/wp\/v2\/media?parent=26396"}],"wp:term":[{"taxonomy":"category","embeddable":true,"href":"https:\/\/www.skalnik.pl\/blog\/wp-json\/wp\/v2\/categories?post=26396"},{"taxonomy":"post_tag","embeddable":true,"href":"https:\/\/www.skalnik.pl\/blog\/wp-json\/wp\/v2\/tags?post=26396"},{"taxonomy":"magento_category","embeddable":true,"href":"https:\/\/www.skalnik.pl\/blog\/wp-json\/wp\/v2\/magento_category?post=26396"},{"taxonomy":"magento_product","embeddable":true,"href":"https:\/\/www.skalnik.pl\/blog\/wp-json\/wp\/v2\/magento_product?post=26396"}],"curies":[{"name":"wp","href":"https:\/\/api.w.org\/{rel}","templated":true}]}}