{"id":26584,"date":"2024-10-25T10:32:35","date_gmt":"2024-10-25T08:32:35","guid":{"rendered":"https:\/\/www.skalnik.pl\/blog\/?p=26584"},"modified":"2024-10-25T10:32:35","modified_gmt":"2024-10-25T08:32:35","slug":"przeglad-kurtek-puchowych-rab","status":"publish","type":"post","link":"https:\/\/www.skalnik.pl\/blog\/przeglad-kurtek-puchowych-rab\/","title":{"rendered":"Przegl\u0105d kurtek puchowych RAB"},"content":{"rendered":"\n<p><strong>Kurtka puchowa jest dzi\u015b oczywistym elementem wyposa\u017cenia niemal ka\u017cdego mi\u0142o\u015bnika outdooru. Lekkie, pakowne, a przy tym ciep\u0142e i funkcjonalne kurtki wype\u0142nione naturalnym puchem zapewniaj\u0105 komfort termiczny podczas w\u0119dr\u00f3wek, postoj\u00f3w, wieczor\u00f3w na kempingu lub w g\u00f3rskim obozie czy podczas oczekiwania pod \u015bcian\u0105. Chc\u0119 Ci dzi\u015b pokaza\u0107 jakie kurtki puchowe znajdziesz w kolekcji brytyjskiego producenta odzie\u017cy i sprz\u0119tu outdoorowego, marki Rab. S\u0105 w niej zar\u00f3wno kurtki lekkie, jak i bardzo ciep\u0142e, membranowe i wyprawowe, przeznaczone do u\u017cytku w r\u00f3\u017cnych warunkach pogodowych.<\/strong><\/p>\n\n\n\n<p class=\"has-white-color has-vivid-cyan-blue-background-color has-text-color has-background\">Przegl\u0105d kurtek puchowych Rab mo\u017cesz wykona\u0107 w Skalniku. Przejd\u017a do sekcji &#8211;&gt; <a href=\"https:\/\/www.skalnik.pl\/rab\/typ_produktu:kurtka\" target=\"_blank\" rel=\"noopener\" title=\"\"><strong>kurtki Rab<\/strong><\/a>.<\/p>\n\n\n\n<div id=\"ez-toc-container\" class=\"ez-toc-v2_0_85 counter-hierarchy ez-toc-counter ez-toc-light-blue ez-toc-container-direction\">\n<div class=\"ez-toc-title-container\">\n<p class=\"ez-toc-title\" style=\"cursor:inherit\">SPIS TRE\u015aCI <\/p>\n<span class=\"ez-toc-title-toggle\"><a href=\"#\" class=\"ez-toc-pull-right ez-toc-btn ez-toc-btn-xs ez-toc-btn-default ez-toc-toggle\" aria-label=\"Prze\u0142\u0105cznik Spisu Tre\u015bci\"><span class=\"ez-toc-js-icon-con\"><span class=\"\"><span class=\"eztoc-hide\" style=\"display:none;\">Toggle<\/span><span class=\"ez-toc-icon-toggle-span\"><svg style=\"fill: #999;color:#999\" xmlns=\"http:\/\/www.w3.org\/2000\/svg\" class=\"list-377408\" width=\"20px\" height=\"20px\" viewBox=\"0 0 24 24\" fill=\"none\"><path d=\"M6 6H4v2h2V6zm14 0H8v2h12V6zM4 11h2v2H4v-2zm16 0H8v2h12v-2zM4 16h2v2H4v-2zm16 0H8v2h12v-2z\" fill=\"currentColor\"><\/path><\/svg><svg style=\"fill: #999;color:#999\" class=\"arrow-unsorted-368013\" xmlns=\"http:\/\/www.w3.org\/2000\/svg\" width=\"10px\" height=\"10px\" viewBox=\"0 0 24 24\" version=\"1.2\" baseProfile=\"tiny\"><path d=\"M18.2 9.3l-6.2-6.3-6.2 6.3c-.2.2-.3.4-.3.7s.1.5.3.7c.2.2.4.3.7.3h11c.3 0 .5-.1.7-.3.2-.2.3-.5.3-.7s-.1-.5-.3-.7zM5.8 14.7l6.2 6.3 6.2-6.3c.2-.2.3-.5.3-.7s-.1-.5-.3-.7c-.2-.2-.4-.3-.7-.3h-11c-.3 0-.5.1-.7.3-.2.2-.3.5-.3.7s.1.5.3.7z\"\/><\/svg><\/span><\/span><\/span><\/a><\/span><\/div>\n<nav><ul class='ez-toc-list ez-toc-list-level-1 ' ><li class='ez-toc-page-1 ez-toc-heading-level-2'><a class=\"ez-toc-link ez-toc-heading-1\" href=\"https:\/\/www.skalnik.pl\/blog\/przeglad-kurtek-puchowych-rab\/#Rab_%E2%80%93_odpowiedzialnie_w_najtrudniejszych_warunkach\" >Rab \u2013 odpowiedzialnie w najtrudniejszych warunkach<\/a><\/li><li class='ez-toc-page-1 ez-toc-heading-level-2'><a class=\"ez-toc-link ez-toc-heading-2\" href=\"https:\/\/www.skalnik.pl\/blog\/przeglad-kurtek-puchowych-rab\/#Lekkie_kurtki_puchowe_Rab\" >Lekkie kurtki puchowe Rab<\/a><\/li><li class='ez-toc-page-1 ez-toc-heading-level-2'><a class=\"ez-toc-link ez-toc-heading-3\" href=\"https:\/\/www.skalnik.pl\/blog\/przeglad-kurtek-puchowych-rab\/#Ciepla_kurtka_Rab_z_wypelnieniem_puchowym\" >Ciep\u0142a kurtka Rab z wype\u0142nieniem puchowym<\/a><\/li><li class='ez-toc-page-1 ez-toc-heading-level-2'><a class=\"ez-toc-link ez-toc-heading-4\" href=\"https:\/\/www.skalnik.pl\/blog\/przeglad-kurtek-puchowych-rab\/#Puchowe_kurtki_Rab_z_membrana\" >Puchowe kurtki Rab z membran\u0105<\/a><\/li><\/ul><\/nav><\/div>\n<h2 class=\"wp-block-heading\"><span class=\"ez-toc-section\" id=\"Rab_%E2%80%93_odpowiedzialnie_w_najtrudniejszych_warunkach\"><\/span>Rab \u2013 odpowiedzialnie w najtrudniejszych warunkach<span class=\"ez-toc-section-end\"><\/span><\/h2>\n\n\n\n<p>Rab nale\u017cy do najbardziej rozpoznawalnych na \u015bwiecie marek outdoorowych. Jej logo na pewno widzisz wielokrotnie na szlakach czy w schroniskach. Na polskim rynku obecni s\u0105 od 2013 r., ale firma istnieje od drugiej po\u0142owy lat siedemdziesi\u0105tych. Stworzy\u0142 j\u0105 szkocki wspinacz i himalaista Rab Carrington (nazwa marki to jego imi\u0119), kt\u00f3ry rozpoczyna\u0142 swoj\u0105 przygod\u0119 z szyciem odzie\u017cy i wyposa\u017cenia od \u015bpiwor\u00f3w i kurtek puchowych. Nic dziwnego, \u017ce to w\u0142a\u015bnie one zajmuj\u0105 dzi\u015b bardzo wa\u017cn\u0105 rol\u0119 w ofercie marki. <\/p>\n\n\n<div class=\"wp-block-image\">\n<figure class=\"aligncenter size-full\"><img loading=\"lazy\" decoding=\"async\" width=\"1024\" height=\"683\" src=\"https:\/\/www.skalnik.pl\/blog\/wp-content\/uploads\/2024\/10\/Foto-Bryce-Powrie-Rab.jpg\" alt=\"Foto Bryce Powrie Rab\" class=\"wp-image-26586\" srcset=\"https:\/\/www.skalnik.pl\/blog\/wp-content\/uploads\/2024\/10\/Foto-Bryce-Powrie-Rab.jpg 1024w, https:\/\/www.skalnik.pl\/blog\/wp-content\/uploads\/2024\/10\/Foto-Bryce-Powrie-Rab-300x200.jpg 300w, https:\/\/www.skalnik.pl\/blog\/wp-content\/uploads\/2024\/10\/Foto-Bryce-Powrie-Rab-768x512.jpg 768w\" sizes=\"auto, (max-width: 1024px) 100vw, 1024px\" \/><figcaption class=\"wp-element-caption\"><em>Rab &#8211; odzie\u017c i sprz\u0119t na najtrudniejsze warunki. (fot. Rab)<\/em><\/figcaption><\/figure>\n<\/div>\n\n\n<p>Motto Rab \u201e<em>For the most extreme conditions in&nbsp;the world\u201d (Na najtrudniejsze warunki na \u015bwiecie) <\/em>doskonale pasuje do produkowanej przez ni\u0105 odzie\u017cy. Najwy\u017cszej jako\u015bci materia\u0142y, najnowsze technologie oraz staranne wykonanie sprawiaj\u0105, \u017ce to odzie\u017c, kt\u00f3ra \u015bwietnie chroni przed warunkami zewn\u0119trznymi, a przy tym jest trwa\u0142a i wytrzyma\u0142a. Rab to pewno\u015b\u0107 i solidno\u015b\u0107 po\u0142\u0105czona z odpowiedzialn\u0105 produkcj\u0105. Marka d\u0105\u017cy do zmniejszenia \u015bladu w\u0119glowego, ograniczenia zu\u017cywanej energii, wody i chemikali\u00f3w, w tym zwi\u0105zk\u00f3w PFC. <\/p>\n\n\n<div class=\"wp-block-image\">\n<figure class=\"aligncenter size-full\"><img loading=\"lazy\" decoding=\"async\" width=\"1024\" height=\"683\" src=\"https:\/\/www.skalnik.pl\/blog\/wp-content\/uploads\/2024\/10\/Foto-Philipp-Klein-Rab.jpg\" alt=\"Foto Philipp Klein Rab\" class=\"wp-image-26591\" srcset=\"https:\/\/www.skalnik.pl\/blog\/wp-content\/uploads\/2024\/10\/Foto-Philipp-Klein-Rab.jpg 1024w, https:\/\/www.skalnik.pl\/blog\/wp-content\/uploads\/2024\/10\/Foto-Philipp-Klein-Rab-300x200.jpg 300w, https:\/\/www.skalnik.pl\/blog\/wp-content\/uploads\/2024\/10\/Foto-Philipp-Klein-Rab-768x512.jpg 768w\" sizes=\"auto, (max-width: 1024px) 100vw, 1024px\" \/><figcaption class=\"wp-element-caption\"><em>Kurtki Rab powstaj\u0105 w ramach zr\u00f3wnowa\u017conej i odpowiedzialnej produkcji (fot. Rab)<\/em><\/figcaption><\/figure>\n<\/div>\n\n\n<p>W zakresie kurtek puchowych opr\u00f3cz wyeliminowania PFC z pow\u0142ok hydrofobowych i membran, odpowiedzialna produkcja to tak\u017ce korzystanie z materia\u0142\u00f3w pochodz\u0105cych z recyklingu (Nylon i poliester) oraz odpowiedzialne pozyskiwanie puchu. Je\u015bli w kurtkach znajduje si\u0119 puch dziewiczy z g\u0119si, to ma on certyfikat RDS, czyli Responsible Down Standard \u015bwiadcz\u0105cy o etycznej hodowli. Znaczna cz\u0119\u015b\u0107 kurtek puchowych Rab jest te\u017c ocieplana puchem pochodz\u0105cym z recyklingu, kt\u00f3ry jest odpowiednio prany, impregnowany i ma por\u00f3wnywalne w\u0142a\u015bciwo\u015bci, co puch dziewiczy.<\/p>\n\n\n\t<div class=\"magento-wrapper\">\n\t\t<ul class=\"products\">\n\t\t\t<li class=\"product\">\n\t\n\t\t<div class=\"image\">\n\t\t\t<a href=\"https:\/\/www.skalnik.pl\/kurtka-batura-horizon-rab-606450\" target=\"_self\">\n\t\t\t\t\t\t<img\n\t\t\tsrc=\"https:\/\/www.skalnik.pl\/media\/catalog\/product\/0\/2\/022484-HORIZON-01.jpg\"\n\t\t\talt=\"KURTKA BATURA-HORIZON\"\n\t\t\t\t\t\t\t\t\/>\n\t\t\t\t\t<\/a>\n\t\t<\/div>\n\n\t\t\n\t\t<a href=\"https:\/\/www.skalnik.pl\/kurtka-batura-horizon-rab-606450\" target=\"_self\"><span class=\"name\">KURTKA BATURA-HORIZON<\/span><\/a>\t\n\t\n\t\n\t<div class=\"url\"><a class=\"view-details\" href=\"https:\/\/www.skalnik.pl\/kurtka-batura-horizon-rab-606450\">Zobacz wi\u0119cej <\/a><\/div><\/li>\n<li class=\"product\">\n\t\n\t\t<div class=\"image\">\n\t\t\t<a href=\"https:\/\/www.skalnik.pl\/kurtka-glaceon-pro-beluga-1047084\" target=\"_self\">\n\t\t\t\t\t\t<img\n\t\t\tsrc=\"https:\/\/www.skalnik.pl\/media\/catalog\/product\/k\/u\/kurtka-glaceon-pro-beluga-1047084_2.jpg\"\n\t\t\talt=\"KURTKA GLACEON PRO-BELUGA\"\n\t\t\t\t\t\t\t\t\/>\n\t\t\t\t\t<\/a>\n\t\t<\/div>\n\n\t\t\n\t\t<a href=\"https:\/\/www.skalnik.pl\/kurtka-glaceon-pro-beluga-1047084\" target=\"_self\"><span class=\"name\">KURTKA GLACEON PRO-BELUGA<\/span><\/a>\t\n\t\n\t\n\t<div class=\"url\"><a class=\"view-details\" href=\"https:\/\/www.skalnik.pl\/kurtka-glaceon-pro-beluga-1047084\">Zobacz wi\u0119cej <\/a><\/div><\/li>\n<li class=\"product\">\n\t\n\t\t<div class=\"image\">\n\t\t\t<a href=\"https:\/\/www.skalnik.pl\/kurtka-glaceon-pro-women-green-slate-1046427\" target=\"_self\">\n\t\t\t\t\t\t<img\n\t\t\tsrc=\"https:\/\/www.skalnik.pl\/media\/catalog\/product\/k\/u\/kurtka-glaceon-pro-women-green-slate-1046427_2.jpg\"\n\t\t\talt=\"KURTKA GLACEON PRO WOMEN-GREEN SLATE NA ZIM\u0118 PUCHOWA\"\n\t\t\t\t\t\t\t\t\/>\n\t\t\t\t\t<\/a>\n\t\t<\/div>\n\n\t\t\n\t\t<a href=\"https:\/\/www.skalnik.pl\/kurtka-glaceon-pro-women-green-slate-1046427\" target=\"_self\"><span class=\"name\">KURTKA GLACEON PRO WOMEN-GREEN SLATE NA ZIM\u0118 PUCHOWA<\/span><\/a>\t\n\t\n\t\n\t<div class=\"url\"><a class=\"view-details\" href=\"https:\/\/www.skalnik.pl\/kurtka-glaceon-pro-women-green-slate-1046427\">Zobacz wi\u0119cej <\/a><\/div><\/li>\n\t\t<\/ul>\n\t<\/div>\n\n\n\n\n<h2 class=\"wp-block-heading\"><span class=\"ez-toc-section\" id=\"Lekkie_kurtki_puchowe_Rab\"><\/span>Lekkie kurtki puchowe Rab<span class=\"ez-toc-section-end\"><\/span><\/h2>\n\n\n\n<p>Lekka kurtka puchowa m\u0119ska czy damska to dzi\u015b element ubioru, kt\u00f3ry znajduje si\u0119 niemal w ka\u017cdej turystycznej szafie. Przyda si\u0119 w ch\u0142odne letnie wieczory i poranki, jako druga warstwa odzie\u017cy w porach przej\u015bciowych, mo\u017cna j\u0105 te\u017c za\u0142o\u017cy\u0107 zim\u0105 pod hardshell czy wieczorami jako dodatkow\u0105 warstw\u0119 dogrzewaj\u0105c\u0105. W kolekcji Rab znajduj\u0105 si\u0119 dwa modele lekkich kurtek puchowych: Mythic i Microlight.<\/p>\n\n\n<div class=\"wp-block-image\">\n<figure class=\"aligncenter size-full\"><img loading=\"lazy\" decoding=\"async\" width=\"1024\" height=\"683\" src=\"https:\/\/www.skalnik.pl\/blog\/wp-content\/uploads\/2024\/10\/Foto-BEN-HAGGAR-Rab.jpg\" alt=\"BEN HAGGAR Rab\" class=\"wp-image-26588\" srcset=\"https:\/\/www.skalnik.pl\/blog\/wp-content\/uploads\/2024\/10\/Foto-BEN-HAGGAR-Rab.jpg 1024w, https:\/\/www.skalnik.pl\/blog\/wp-content\/uploads\/2024\/10\/Foto-BEN-HAGGAR-Rab-300x200.jpg 300w, https:\/\/www.skalnik.pl\/blog\/wp-content\/uploads\/2024\/10\/Foto-BEN-HAGGAR-Rab-768x512.jpg 768w\" sizes=\"auto, (max-width: 1024px) 100vw, 1024px\" \/><figcaption class=\"wp-element-caption\"><em>Lekka kurtka puchowa to doskona\u0142y wyb\u00f3r niezale\u017cnie od pory roku (fot. Rab)<\/em><\/figcaption><\/figure>\n<\/div>\n\n\n<ul class=\"wp-block-list\">\n<li><strong>Rab Mythic<\/strong> \u2013 w ofercie s\u0105 trzy lekkie kurtki z tej serii. Przeznaczone s\u0105 przede wszystkim do cel\u00f3w alpinistycznych i wspinaczkowych. Maj\u0105 ocieplone kaptury ze sztywnym daszkiem, profilowane r\u0119kawy oraz umieszczone wysoko boczne kieszenie zasuwane na zamki YKK. Ocieplenie rozmieszczone jest w nich zgodnie z zasadami bodymappingu. <strong>Mythic G<\/strong> wype\u0142niona jest ok. 125 g puchu g\u0119siego o spr\u0119\u017cysto\u015bci a\u017c 1000 cui, ma podszewk\u0119 zapobiegaj\u0105c\u0105 utracie ciep\u0142a TILT, a uszyto j\u0105 z lekkiego materia\u0142u Atmos z pow\u0142ok\u0105 hydrofobow\u0105. <strong>Mythic Alpine<\/strong> z hydrofobowego materia\u0142u Pertex\u00ae Quantum wype\u0142niono 140 g puchu hydrofobowego o spr\u0119\u017cysto\u015bci 900 cui. Z kolei <strong>Mythic Alpine Light<\/strong> to konstrukcja hybrydowa, w kt\u00f3rej opr\u00f3cz 80 g puchu hydrofobowego 900 cui u\u017cyto na bokach i ramionach syntetycznej ociepliny PrimaLoft\u00ae Gold.<\/li>\n\n\n\n<li><strong>Rab Microlight<\/strong> \u2013 kurtka ma dwie wersje: z kapturem (<strong>Microlight Alpine<\/strong>) i bez niego (<strong>Microlight Jacket<\/strong>). To najbardziej klasyczny, bestsellerowy model marki przeznaczony do wszechstronnego u\u017cytku g\u00f3rskiego i codziennego. Wype\u0142niona jest hydrofobowym puchem z recyklingu (ok. 150 g) o spr\u0119\u017cysto\u015bci 700 cui. Uszyto j\u0105 z materia\u0142u Pertex\u00ae Quantum z wyko\u0144czeniem hydrofobowym DWR.<\/li>\n<\/ul>\n\n\n\n<figure class=\"wp-block-image size-full\"><a href=\"https:\/\/www.skalnik.pl\/rab\/typ_produktu:kurtka\" target=\"_blank\" rel=\"noreferrer noopener\"><img loading=\"lazy\" decoding=\"async\" width=\"1024\" height=\"250\" src=\"https:\/\/www.skalnik.pl\/blog\/wp-content\/uploads\/2024\/10\/Tekst-akapitu.png\" alt=\"\" class=\"wp-image-26606\" srcset=\"https:\/\/www.skalnik.pl\/blog\/wp-content\/uploads\/2024\/10\/Tekst-akapitu.png 1024w, https:\/\/www.skalnik.pl\/blog\/wp-content\/uploads\/2024\/10\/Tekst-akapitu-300x73.png 300w, https:\/\/www.skalnik.pl\/blog\/wp-content\/uploads\/2024\/10\/Tekst-akapitu-768x188.png 768w\" sizes=\"auto, (max-width: 1024px) 100vw, 1024px\" \/><\/a><\/figure>\n\n\n\n<h2 class=\"wp-block-heading\"><span class=\"ez-toc-section\" id=\"Ciepla_kurtka_Rab_z_wypelnieniem_puchowym\"><\/span>Ciep\u0142a kurtka Rab z wype\u0142nieniem puchowym<span class=\"ez-toc-section-end\"><\/span><\/h2>\n\n\n\n<p>Ciep\u0142e kurtki puchowe z kolekcji Rab zawieraj\u0105 od oko\u0142o 190 do 300 g naturalnego puchu g\u0119siego. Przeznaczone s\u0105 g\u0142\u00f3wnie do u\u017cytku zimowego, jako warstwa docieplaj\u0105ca noszona pod hardshell. Kurtki z tej grupy uszyte s\u0105 z lekkiego materia\u0142u Pertex\u00ae Quantum i maj\u0105 pow\u0142ok\u0119 hydrofobow\u0105 DWR, kt\u00f3ra, cho\u0107 nie daje pe\u0142nej wodoodporno\u015bci, to sprawia, \u017ce s\u0105 odporne na wilgo\u0107, a nawet l\u017cejsze opady. Wyko\u0144czeniem hydrofobowym zabezpieczony jest te\u017c wype\u0142niaj\u0105cy je puch. Kurtki z tej grupy maj\u0105 ocieplone kaptury kompatybilne z kaskiem i wysoko umieszczone boczne kieszenie. Przeznaczone s\u0105 do dzia\u0142a\u0144 wspinaczkowych, turystyki wysokog\u00f3rskiej i do innych wyzwa\u0144 w niskich temperaturach. <\/p>\n\n\n<div class=\"wp-block-image\">\n<figure class=\"aligncenter size-full\"><img loading=\"lazy\" decoding=\"async\" width=\"1024\" height=\"683\" src=\"https:\/\/www.skalnik.pl\/blog\/wp-content\/uploads\/2024\/10\/Foto-Bryce-Powrie-Rab2.jpg\" alt=\"Bryce Powrie Rab\" class=\"wp-image-26589\" srcset=\"https:\/\/www.skalnik.pl\/blog\/wp-content\/uploads\/2024\/10\/Foto-Bryce-Powrie-Rab2.jpg 1024w, https:\/\/www.skalnik.pl\/blog\/wp-content\/uploads\/2024\/10\/Foto-Bryce-Powrie-Rab2-300x200.jpg 300w, https:\/\/www.skalnik.pl\/blog\/wp-content\/uploads\/2024\/10\/Foto-Bryce-Powrie-Rab2-768x512.jpg 768w\" sizes=\"auto, (max-width: 1024px) 100vw, 1024px\" \/><figcaption class=\"wp-element-caption\"><em>Naturalny puch to idealne rozwi\u0105zanie na zimowe dni na szlaku (fot. Rab)<\/em><\/figcaption><\/figure>\n<\/div>\n\n\n<p><strong>Positron Pro<\/strong> to najcieplejsza z nich kurtka wype\u0142niona a\u017c 300 g puchu o spr\u0119\u017cysto\u015bci 800 cui. <strong>Glaceon Pro<\/strong> ma 265 g, <strong>Neutrino Pro<\/strong> 212 g, a <strong>Electron<\/strong> 190 g puchu o spr\u0119\u017cysto\u015bci 800 cui. W modelu <strong>Ascent<\/strong> zawieraj\u0105cym 250 g puchu naturalnego 700 cui znajdziesz odpinany kaptur z ociepleniem syntetycznym Stratus\u2122, kt\u00f3ry sprawia, \u017ce kurtka jest bardziej wszechstronna. Z kolei model <strong>Mythic Ultra<\/strong> z 240 g puchu ma dodatkow\u0105 wy\u015bci\u00f3\u0142k\u0119 TILT, kt\u00f3ra kumuluje i odbija ciep\u0142o, poprawiaj\u0105c termik\u0119 w trudnych warunkach.<\/p>\n\n\n\n<h2 class=\"wp-block-heading\"><span class=\"ez-toc-section\" id=\"Puchowe_kurtki_Rab_z_membrana\"><\/span>Puchowe kurtki Rab z membran\u0105<span class=\"ez-toc-section-end\"><\/span><\/h2>\n\n\n\n<p>Membranowe kurtki puchowe zapewniaj\u0105 ochron\u0119 nie tylko przed ch\u0142odem, ale przed opadami i\/lub wiatrem. Dzi\u0119ki temu nadaj\u0105 si\u0119 na najbardziej wymagaj\u0105ce g\u00f3rskie wyprawy, do turystyki wysokog\u00f3rskiej, wspinaczki, jak i na narty. Zobacz jakie modele tej kategorii znajdziesz w kolekcji Rab.<\/p>\n\n\n<div class=\"wp-block-image\">\n<figure class=\"aligncenter size-full\"><img loading=\"lazy\" decoding=\"async\" width=\"1024\" height=\"683\" src=\"https:\/\/www.skalnik.pl\/blog\/wp-content\/uploads\/2024\/10\/Foto-ANDERS-VESTERGAARD-Rab.jpg\" alt=\"ANDERS VESTERGAARD Rab\" class=\"wp-image-26590\" srcset=\"https:\/\/www.skalnik.pl\/blog\/wp-content\/uploads\/2024\/10\/Foto-ANDERS-VESTERGAARD-Rab.jpg 1024w, https:\/\/www.skalnik.pl\/blog\/wp-content\/uploads\/2024\/10\/Foto-ANDERS-VESTERGAARD-Rab-300x200.jpg 300w, https:\/\/www.skalnik.pl\/blog\/wp-content\/uploads\/2024\/10\/Foto-ANDERS-VESTERGAARD-Rab-768x512.jpg 768w\" sizes=\"auto, (max-width: 1024px) 100vw, 1024px\" \/><figcaption class=\"wp-element-caption\"><em>Kurtka puchowa to nieodzowny element wyposa\u017cenia ka\u017cdego mi\u0142o\u015bnika outdooru (fot. Rab)<\/em><\/figcaption><\/figure>\n<\/div>\n\n\n<ul class=\"wp-block-list\">\n<li><strong>Infinity<\/strong> \u2013 to bestsellerowa linia kurtek puchowych Rab. Uszyta jest z wykorzystaniem materia\u0142u GORE-TEX Infinium\u2122 Windstopper\u00ae. Jest to membrana chroni\u0105ca przed podmuchami wiatru, bardzo lekka i elastyczna, kt\u00f3ra ma te\u017c w\u0142a\u015bciwo\u015bci hydrofobowe. Model <strong>Infinity Alpine<\/strong> ma szerokie komory wype\u0142nione 175 g puchu hydrofobowego 800 cui, za\u015b <strong>Infinity Microlight<\/strong> w\u0105skie komory ze 145 g puchu hydrofobowego 700 cui.<\/li>\n\n\n\n<li><strong>Valiance<\/strong> to kurtka hybrydowa z 205 g puchu g\u0119siego hydrofobowego&nbsp; 700 cui oraz ocieplin\u0105 syntetyczn\u0105 Stratus\u2122 w kapturze i mankietach. Uszyta jest z membranowego, wodoodpornego materia\u0142u Pertex\u00ae Shiled 2L z pow\u0142ok\u0105 hydrofobow\u0105.<\/li>\n\n\n\n<li><strong>Batura<\/strong> jest bardzo ciep\u0142\u0105 kurtk\u0105 wyprawow\u0105 z a\u017c 425 g&nbsp; puchu hydrofobowego 800 cui. Membrana Pertex\u00ae Shield 2l z pow\u0142ok\u0105 hydrofobow\u0105 chroni przed opadami i wilgoci\u0105, a ocieplona listwa zapobiega przenikaniu ch\u0142odu przez zamek.<\/li>\n<\/ul>\n\n\n\n<hr class=\"wp-block-separator has-alpha-channel-opacity is-style-dots\"\/>\n\n\n\n<p>Kutki puchowe Rab maj\u0105 zr\u00f3\u017cnicowan\u0105 ilo\u015b\u0107 wype\u0142nienia oraz zastosowano w nich r\u00f3\u017cne rozwi\u0105zania technologiczne i konstrukcyjne. Dzi\u0119ki temu mo\u017cesz dobra\u0107 model, kt\u00f3ry najlepiej pasuje do Twoich aktywno\u015bci. Cokolwiek wybierzesz, masz pewno\u015b\u0107, \u017ce decydujesz si\u0119 na najwy\u017csz\u0105 jako\u015b\u0107, doskona\u0142e materia\u0142y, pozyskany odpowiedzialnie puch oraz trwa\u0142o\u015b\u0107 na lata.<\/p>\n","protected":false},"excerpt":{"rendered":"<p>Szukasz idealnej puch\u00f3wki? Przejrzyj kolekcj\u0119 marki Rab i wybierz model skrojony pod Twoje potrzeby! <\/p>\n","protected":false},"author":41,"featured_media":26585,"comment_status":"closed","ping_status":"closed","sticky":false,"template":"","format":"standard","meta":{"_acf_changed":false,"footnotes":""},"categories":[5],"tags":[132,15,16],"magento_category":[168,58],"magento_product":[9545,9533,9534,9546,9535,9536,9537,9538,9539,9540,9541,9547,9548,9542,9543,9544],"class_list":["post-26584","post","type-post","status-publish","format-standard","has-post-thumbnail","hentry","category-branza","tag-kurtki-puchowe","tag-odziez","tag-zima"],"acf":[],"aioseo_notices":[],"aioseo_head":"\n\t\t<!-- All in One SEO 4.9.10 - aioseo.com -->\n\t<meta name=\"description\" content=\"Kurtki puchowe to znak rozpoznawczy marki Rab. Poznaj kurtki puchowe damskie i kurtki puchowe m\u0119skie z puchem naturalnym i wybierz puch\u00f3wk\u0119 dla siebie.\" \/>\n\t<meta name=\"robots\" content=\"max-image-preview:large\" \/>\n\t<meta name=\"author\" content=\"Anna \u015aliwa\"\/>\n\t<link rel=\"canonical\" href=\"https:\/\/www.skalnik.pl\/blog\/przeglad-kurtek-puchowych-rab\/\" \/>\n\t<meta name=\"generator\" content=\"All in One SEO (AIOSEO) 4.9.10\" \/>\n\t\t<meta property=\"og:locale\" content=\"pl_PL\" \/>\n\t\t<meta property=\"og:site_name\" content=\"blog Skalnik - Blog, porady, artyku\u0142y - blog Skalnik\" \/>\n\t\t<meta property=\"og:type\" content=\"article\" \/>\n\t\t<meta property=\"og:title\" content=\"Przegl\u0105d kurtek puchowych RAB - blog Skalnik\" \/>\n\t\t<meta property=\"og:description\" content=\"Kurtki puchowe to znak rozpoznawczy marki Rab. Poznaj kurtki puchowe damskie i kurtki puchowe m\u0119skie z puchem naturalnym i wybierz puch\u00f3wk\u0119 dla siebie.\" \/>\n\t\t<meta property=\"og:url\" content=\"https:\/\/www.skalnik.pl\/blog\/przeglad-kurtek-puchowych-rab\/\" \/>\n\t\t<meta property=\"og:image\" content=\"https:\/\/www.skalnik.pl\/blog\/wp-content\/uploads\/2024\/10\/Foto-Bryce-Powrie-Rab.jpg\" \/>\n\t\t<meta property=\"og:image:secure_url\" content=\"https:\/\/www.skalnik.pl\/blog\/wp-content\/uploads\/2024\/10\/Foto-Bryce-Powrie-Rab.jpg\" \/>\n\t\t<meta property=\"og:image:width\" content=\"1024\" \/>\n\t\t<meta property=\"og:image:height\" content=\"683\" \/>\n\t\t<meta property=\"article:tag\" content=\"bran\u017ca\" \/>\n\t\t<meta property=\"article:tag\" content=\"kurtki puchowe\" \/>\n\t\t<meta property=\"article:tag\" content=\"odzie\u017c\" \/>\n\t\t<meta property=\"article:tag\" content=\"zima\" \/>\n\t\t<meta property=\"article:published_time\" content=\"2024-10-25T08:32:35+00:00\" \/>\n\t\t<meta property=\"article:modified_time\" content=\"2024-10-25T08:32:35+00:00\" \/>\n\t\t<meta name=\"twitter:card\" content=\"summary_large_image\" \/>\n\t\t<meta name=\"twitter:title\" content=\"Przegl\u0105d kurtek puchowych RAB - blog Skalnik\" \/>\n\t\t<meta name=\"twitter:description\" content=\"Kurtki puchowe to znak rozpoznawczy marki Rab. Poznaj kurtki puchowe damskie i kurtki puchowe m\u0119skie z puchem naturalnym i wybierz puch\u00f3wk\u0119 dla siebie.\" \/>\n\t\t<meta name=\"twitter:image\" content=\"https:\/\/www.skalnik.pl\/blog\/wp-content\/uploads\/2024\/10\/Foto-Bryce-Powrie-Rab.jpg\" \/>\n\t\t<script type=\"application\/ld+json\" class=\"aioseo-schema\">\n\t\t\t{\"@context\":\"https:\\\/\\\/schema.org\",\"@graph\":[{\"@type\":\"BlogPosting\",\"@id\":\"https:\\\/\\\/www.skalnik.pl\\\/blog\\\/przeglad-kurtek-puchowych-rab\\\/#blogposting\",\"name\":\"Przegl\\u0105d kurtek puchowych RAB - blog Skalnik\",\"headline\":\"Przegl\\u0105d kurtek puchowych RAB\",\"author\":{\"@id\":\"https:\\\/\\\/www.skalnik.pl\\\/blog\\\/author\\\/anna-sliwa\\\/#author\"},\"publisher\":{\"@id\":\"https:\\\/\\\/www.skalnik.pl\\\/blog\\\/#organization\"},\"image\":{\"@type\":\"ImageObject\",\"url\":\"https:\\\/\\\/www.skalnik.pl\\\/blog\\\/wp-content\\\/uploads\\\/2024\\\/10\\\/Rab-okladka.jpg\",\"width\":1920,\"height\":706},\"datePublished\":\"2024-10-25T10:32:35+02:00\",\"dateModified\":\"2024-10-25T10:32:35+02:00\",\"inLanguage\":\"pl-PL\",\"mainEntityOfPage\":{\"@id\":\"https:\\\/\\\/www.skalnik.pl\\\/blog\\\/przeglad-kurtek-puchowych-rab\\\/#webpage\"},\"isPartOf\":{\"@id\":\"https:\\\/\\\/www.skalnik.pl\\\/blog\\\/przeglad-kurtek-puchowych-rab\\\/#webpage\"},\"articleSection\":\"Bran\\u017ca, kurtki puchowe, odzie\\u017c, zima, 1091, 1102, 1003679, 600259, 606246, 606450, 629407, 629408, 629409, 657995, 657996, 657997, 657998, 658846, 658847, 682770, 684296, 684315\"},{\"@type\":\"BreadcrumbList\",\"@id\":\"https:\\\/\\\/www.skalnik.pl\\\/blog\\\/przeglad-kurtek-puchowych-rab\\\/#breadcrumblist\",\"itemListElement\":[{\"@type\":\"ListItem\",\"@id\":\"https:\\\/\\\/www.skalnik.pl\\\/blog#listItem\",\"position\":1,\"name\":\"Home\",\"item\":\"https:\\\/\\\/www.skalnik.pl\\\/blog\",\"nextItem\":{\"@type\":\"ListItem\",\"@id\":\"https:\\\/\\\/www.skalnik.pl\\\/blog\\\/.\\\/branza\\\/#listItem\",\"name\":\"Bran\\u017ca\"}},{\"@type\":\"ListItem\",\"@id\":\"https:\\\/\\\/www.skalnik.pl\\\/blog\\\/.\\\/branza\\\/#listItem\",\"position\":2,\"name\":\"Bran\\u017ca\",\"item\":\"https:\\\/\\\/www.skalnik.pl\\\/blog\\\/.\\\/branza\\\/\",\"nextItem\":{\"@type\":\"ListItem\",\"@id\":\"https:\\\/\\\/www.skalnik.pl\\\/blog\\\/przeglad-kurtek-puchowych-rab\\\/#listItem\",\"name\":\"Przegl\\u0105d kurtek puchowych RAB\"},\"previousItem\":{\"@type\":\"ListItem\",\"@id\":\"https:\\\/\\\/www.skalnik.pl\\\/blog#listItem\",\"name\":\"Home\"}},{\"@type\":\"ListItem\",\"@id\":\"https:\\\/\\\/www.skalnik.pl\\\/blog\\\/przeglad-kurtek-puchowych-rab\\\/#listItem\",\"position\":3,\"name\":\"Przegl\\u0105d kurtek puchowych RAB\",\"previousItem\":{\"@type\":\"ListItem\",\"@id\":\"https:\\\/\\\/www.skalnik.pl\\\/blog\\\/.\\\/branza\\\/#listItem\",\"name\":\"Bran\\u017ca\"}}]},{\"@type\":\"Organization\",\"@id\":\"https:\\\/\\\/www.skalnik.pl\\\/blog\\\/#organization\",\"name\":\"blog Skalnik\",\"description\":\"Blog, porady, artyku\\u0142y - blog Skalnik\",\"url\":\"https:\\\/\\\/www.skalnik.pl\\\/blog\\\/\"},{\"@type\":\"Person\",\"@id\":\"https:\\\/\\\/www.skalnik.pl\\\/blog\\\/author\\\/anna-sliwa\\\/#author\",\"url\":\"https:\\\/\\\/www.skalnik.pl\\\/blog\\\/author\\\/anna-sliwa\\\/\",\"name\":\"Anna \\u015aliwa\",\"image\":{\"@type\":\"ImageObject\",\"@id\":\"https:\\\/\\\/www.skalnik.pl\\\/blog\\\/przeglad-kurtek-puchowych-rab\\\/#authorImage\",\"url\":\"https:\\\/\\\/secure.gravatar.com\\\/avatar\\\/e8300be3de710e2e109e5dfbf092dcf827242ec8071807a1e13f6b3f7c9bbd79?s=96&d=mm&r=g\",\"width\":96,\"height\":96,\"caption\":\"Anna \\u015aliwa\"}},{\"@type\":\"WebPage\",\"@id\":\"https:\\\/\\\/www.skalnik.pl\\\/blog\\\/przeglad-kurtek-puchowych-rab\\\/#webpage\",\"url\":\"https:\\\/\\\/www.skalnik.pl\\\/blog\\\/przeglad-kurtek-puchowych-rab\\\/\",\"name\":\"Przegl\\u0105d kurtek puchowych RAB - blog Skalnik\",\"description\":\"Kurtki puchowe to znak rozpoznawczy marki Rab. Poznaj kurtki puchowe damskie i kurtki puchowe m\\u0119skie z puchem naturalnym i wybierz puch\\u00f3wk\\u0119 dla siebie.\",\"inLanguage\":\"pl-PL\",\"isPartOf\":{\"@id\":\"https:\\\/\\\/www.skalnik.pl\\\/blog\\\/#website\"},\"breadcrumb\":{\"@id\":\"https:\\\/\\\/www.skalnik.pl\\\/blog\\\/przeglad-kurtek-puchowych-rab\\\/#breadcrumblist\"},\"author\":{\"@id\":\"https:\\\/\\\/www.skalnik.pl\\\/blog\\\/author\\\/anna-sliwa\\\/#author\"},\"creator\":{\"@id\":\"https:\\\/\\\/www.skalnik.pl\\\/blog\\\/author\\\/anna-sliwa\\\/#author\"},\"image\":{\"@type\":\"ImageObject\",\"url\":\"https:\\\/\\\/www.skalnik.pl\\\/blog\\\/wp-content\\\/uploads\\\/2024\\\/10\\\/Rab-okladka.jpg\",\"@id\":\"https:\\\/\\\/www.skalnik.pl\\\/blog\\\/przeglad-kurtek-puchowych-rab\\\/#mainImage\",\"width\":1920,\"height\":706},\"primaryImageOfPage\":{\"@id\":\"https:\\\/\\\/www.skalnik.pl\\\/blog\\\/przeglad-kurtek-puchowych-rab\\\/#mainImage\"},\"datePublished\":\"2024-10-25T10:32:35+02:00\",\"dateModified\":\"2024-10-25T10:32:35+02:00\"},{\"@type\":\"WebSite\",\"@id\":\"https:\\\/\\\/www.skalnik.pl\\\/blog\\\/#website\",\"url\":\"https:\\\/\\\/www.skalnik.pl\\\/blog\\\/\",\"name\":\"blog Skalnik\",\"description\":\"Blog, porady, artyku\\u0142y - blog Skalnik\",\"inLanguage\":\"pl-PL\",\"publisher\":{\"@id\":\"https:\\\/\\\/www.skalnik.pl\\\/blog\\\/#organization\"}}]}\n\t\t<\/script>\n\t\t<!-- All in One SEO -->\n\n","aioseo_head_json":{"title":"Przegl\u0105d kurtek puchowych RAB - blog Skalnik","description":"Kurtki puchowe to znak rozpoznawczy marki Rab. Poznaj kurtki puchowe damskie i kurtki puchowe m\u0119skie z puchem naturalnym i wybierz puch\u00f3wk\u0119 dla siebie.","canonical_url":"https:\/\/www.skalnik.pl\/blog\/przeglad-kurtek-puchowych-rab\/","robots":"max-image-preview:large","keywords":"","webmasterTools":{"miscellaneous":""},"schema":{"@context":"https:\/\/schema.org","@graph":[{"@type":"BlogPosting","@id":"https:\/\/www.skalnik.pl\/blog\/przeglad-kurtek-puchowych-rab\/#blogposting","name":"Przegl\u0105d kurtek puchowych RAB - blog Skalnik","headline":"Przegl\u0105d kurtek puchowych RAB","author":{"@id":"https:\/\/www.skalnik.pl\/blog\/author\/anna-sliwa\/#author"},"publisher":{"@id":"https:\/\/www.skalnik.pl\/blog\/#organization"},"image":{"@type":"ImageObject","url":"https:\/\/www.skalnik.pl\/blog\/wp-content\/uploads\/2024\/10\/Rab-okladka.jpg","width":1920,"height":706},"datePublished":"2024-10-25T10:32:35+02:00","dateModified":"2024-10-25T10:32:35+02:00","inLanguage":"pl-PL","mainEntityOfPage":{"@id":"https:\/\/www.skalnik.pl\/blog\/przeglad-kurtek-puchowych-rab\/#webpage"},"isPartOf":{"@id":"https:\/\/www.skalnik.pl\/blog\/przeglad-kurtek-puchowych-rab\/#webpage"},"articleSection":"Bran\u017ca, kurtki puchowe, odzie\u017c, zima, 1091, 1102, 1003679, 600259, 606246, 606450, 629407, 629408, 629409, 657995, 657996, 657997, 657998, 658846, 658847, 682770, 684296, 684315"},{"@type":"BreadcrumbList","@id":"https:\/\/www.skalnik.pl\/blog\/przeglad-kurtek-puchowych-rab\/#breadcrumblist","itemListElement":[{"@type":"ListItem","@id":"https:\/\/www.skalnik.pl\/blog#listItem","position":1,"name":"Home","item":"https:\/\/www.skalnik.pl\/blog","nextItem":{"@type":"ListItem","@id":"https:\/\/www.skalnik.pl\/blog\/.\/branza\/#listItem","name":"Bran\u017ca"}},{"@type":"ListItem","@id":"https:\/\/www.skalnik.pl\/blog\/.\/branza\/#listItem","position":2,"name":"Bran\u017ca","item":"https:\/\/www.skalnik.pl\/blog\/.\/branza\/","nextItem":{"@type":"ListItem","@id":"https:\/\/www.skalnik.pl\/blog\/przeglad-kurtek-puchowych-rab\/#listItem","name":"Przegl\u0105d kurtek puchowych RAB"},"previousItem":{"@type":"ListItem","@id":"https:\/\/www.skalnik.pl\/blog#listItem","name":"Home"}},{"@type":"ListItem","@id":"https:\/\/www.skalnik.pl\/blog\/przeglad-kurtek-puchowych-rab\/#listItem","position":3,"name":"Przegl\u0105d kurtek puchowych RAB","previousItem":{"@type":"ListItem","@id":"https:\/\/www.skalnik.pl\/blog\/.\/branza\/#listItem","name":"Bran\u017ca"}}]},{"@type":"Organization","@id":"https:\/\/www.skalnik.pl\/blog\/#organization","name":"blog Skalnik","description":"Blog, porady, artyku\u0142y - blog Skalnik","url":"https:\/\/www.skalnik.pl\/blog\/"},{"@type":"Person","@id":"https:\/\/www.skalnik.pl\/blog\/author\/anna-sliwa\/#author","url":"https:\/\/www.skalnik.pl\/blog\/author\/anna-sliwa\/","name":"Anna \u015aliwa","image":{"@type":"ImageObject","@id":"https:\/\/www.skalnik.pl\/blog\/przeglad-kurtek-puchowych-rab\/#authorImage","url":"https:\/\/secure.gravatar.com\/avatar\/e8300be3de710e2e109e5dfbf092dcf827242ec8071807a1e13f6b3f7c9bbd79?s=96&d=mm&r=g","width":96,"height":96,"caption":"Anna \u015aliwa"}},{"@type":"WebPage","@id":"https:\/\/www.skalnik.pl\/blog\/przeglad-kurtek-puchowych-rab\/#webpage","url":"https:\/\/www.skalnik.pl\/blog\/przeglad-kurtek-puchowych-rab\/","name":"Przegl\u0105d kurtek puchowych RAB - blog Skalnik","description":"Kurtki puchowe to znak rozpoznawczy marki Rab. Poznaj kurtki puchowe damskie i kurtki puchowe m\u0119skie z puchem naturalnym i wybierz puch\u00f3wk\u0119 dla siebie.","inLanguage":"pl-PL","isPartOf":{"@id":"https:\/\/www.skalnik.pl\/blog\/#website"},"breadcrumb":{"@id":"https:\/\/www.skalnik.pl\/blog\/przeglad-kurtek-puchowych-rab\/#breadcrumblist"},"author":{"@id":"https:\/\/www.skalnik.pl\/blog\/author\/anna-sliwa\/#author"},"creator":{"@id":"https:\/\/www.skalnik.pl\/blog\/author\/anna-sliwa\/#author"},"image":{"@type":"ImageObject","url":"https:\/\/www.skalnik.pl\/blog\/wp-content\/uploads\/2024\/10\/Rab-okladka.jpg","@id":"https:\/\/www.skalnik.pl\/blog\/przeglad-kurtek-puchowych-rab\/#mainImage","width":1920,"height":706},"primaryImageOfPage":{"@id":"https:\/\/www.skalnik.pl\/blog\/przeglad-kurtek-puchowych-rab\/#mainImage"},"datePublished":"2024-10-25T10:32:35+02:00","dateModified":"2024-10-25T10:32:35+02:00"},{"@type":"WebSite","@id":"https:\/\/www.skalnik.pl\/blog\/#website","url":"https:\/\/www.skalnik.pl\/blog\/","name":"blog Skalnik","description":"Blog, porady, artyku\u0142y - blog Skalnik","inLanguage":"pl-PL","publisher":{"@id":"https:\/\/www.skalnik.pl\/blog\/#organization"}}]},"og:locale":"pl_PL","og:site_name":"blog Skalnik - Blog, porady, artyku\u0142y - blog Skalnik","og:type":"article","og:title":"Przegl\u0105d kurtek puchowych RAB - blog Skalnik","og:description":"Kurtki puchowe to znak rozpoznawczy marki Rab. Poznaj kurtki puchowe damskie i kurtki puchowe m\u0119skie z puchem naturalnym i wybierz puch\u00f3wk\u0119 dla siebie.","og:url":"https:\/\/www.skalnik.pl\/blog\/przeglad-kurtek-puchowych-rab\/","og:image":"https:\/\/www.skalnik.pl\/blog\/wp-content\/uploads\/2024\/10\/Foto-Bryce-Powrie-Rab.jpg","og:image:secure_url":"https:\/\/www.skalnik.pl\/blog\/wp-content\/uploads\/2024\/10\/Foto-Bryce-Powrie-Rab.jpg","og:image:width":1024,"og:image:height":683,"article:tag":["bran\u017ca","kurtki puchowe","odzie\u017c","zima"],"article:published_time":"2024-10-25T08:32:35+00:00","article:modified_time":"2024-10-25T08:32:35+00:00","twitter:card":"summary_large_image","twitter:title":"Przegl\u0105d kurtek puchowych RAB - blog Skalnik","twitter:description":"Kurtki puchowe to znak rozpoznawczy marki Rab. Poznaj kurtki puchowe damskie i kurtki puchowe m\u0119skie z puchem naturalnym i wybierz puch\u00f3wk\u0119 dla siebie.","twitter:image":"https:\/\/www.skalnik.pl\/blog\/wp-content\/uploads\/2024\/10\/Foto-Bryce-Powrie-Rab.jpg"},"aioseo_meta_data":{"post_id":"26584","title":null,"description":"Kurtki puchowe to znak rozpoznawczy marki Rab. Poznaj kurtki puchowe damskie i kurtki puchowe m\u0119skie z puchem naturalnym i wybierz puch\u00f3wk\u0119 dla siebie.","keywords":[],"keyphrases":{"focus":{"keyphrase":"rab","score":90,"analysis":{"keyphraseInTitle":{"score":9,"maxScore":9,"error":0},"keyphraseInDescription":{"score":9,"maxScore":9,"error":0},"keyphraseLength":{"score":9,"maxScore":9,"error":0,"length":1},"keyphraseInURL":{"score":5,"maxScore":5,"error":0},"keyphraseInIntroduction":{"score":9,"maxScore":9,"error":0},"keyphraseInSubHeadings":{"score":3,"maxScore":9,"error":1},"keyphraseInImageAlt":{"score":9,"maxScore":9,"error":0}}},"additional":[]},"primary_term":null,"canonical_url":null,"og_title":null,"og_description":null,"og_object_type":"default","og_image_type":"default","og_image_url":null,"og_image_width":null,"og_image_height":null,"og_image_custom_url":null,"og_image_custom_fields":null,"og_video":"","og_custom_url":null,"og_article_section":null,"og_article_tags":[],"twitter_use_og":false,"twitter_card":"default","twitter_image_type":"default","twitter_image_url":null,"twitter_image_custom_url":null,"twitter_image_custom_fields":null,"twitter_title":null,"twitter_description":null,"schema":{"blockGraphs":[],"customGraphs":[],"default":{"data":{"Article":[],"Course":[],"Dataset":[],"FAQPage":[],"Movie":[],"Person":[],"Product":[],"ProductReview":[],"Car":[],"Recipe":[],"Service":[],"SoftwareApplication":[],"WebPage":[]},"graphName":"","isEnabled":true},"graphs":[]},"schema_type":"default","schema_type_options":null,"pillar_content":false,"robots_default":true,"robots_noindex":false,"robots_noarchive":false,"robots_nosnippet":false,"robots_nofollow":false,"robots_noimageindex":false,"robots_noodp":false,"robots_notranslate":false,"robots_max_snippet":"-1","robots_max_videopreview":"-1","robots_max_imagepreview":"large","priority":null,"frequency":"default","local_seo":null,"breadcrumb_settings":null,"limit_modified_date":false,"ai":null,"created":"2024-10-21 12:47:42","updated":"2026-02-17 22:56:31","seo_analyzer_scan_date":null},"aioseo_breadcrumb":"<div class=\"aioseo-breadcrumbs\"><span class=\"aioseo-breadcrumb\">\n\t\t\t<a href=\"https:\/\/www.skalnik.pl\/blog\" title=\"Home\">Home<\/a>\n\t\t<\/span><span class=\"aioseo-breadcrumb-separator\">&raquo;<\/span><span class=\"aioseo-breadcrumb\">\n\t\t\t<a href=\"https:\/\/www.skalnik.pl\/blog\/.\/branza\/\" title=\"Bran\u017ca\">Bran\u017ca<\/a>\n\t\t<\/span><span class=\"aioseo-breadcrumb-separator\">&raquo;<\/span><span class=\"aioseo-breadcrumb\">\n\t\t\tPrzegl\u0105d kurtek puchowych RAB\n\t\t<\/span><\/div>","aioseo_breadcrumb_json":[{"label":"Home","link":"https:\/\/www.skalnik.pl\/blog"},{"label":"Bran\u017ca","link":"https:\/\/www.skalnik.pl\/blog\/.\/branza\/"},{"label":"Przegl\u0105d kurtek puchowych RAB","link":"https:\/\/www.skalnik.pl\/blog\/przeglad-kurtek-puchowych-rab\/"}],"_links":{"self":[{"href":"https:\/\/www.skalnik.pl\/blog\/wp-json\/wp\/v2\/posts\/26584","targetHints":{"allow":["GET"]}}],"collection":[{"href":"https:\/\/www.skalnik.pl\/blog\/wp-json\/wp\/v2\/posts"}],"about":[{"href":"https:\/\/www.skalnik.pl\/blog\/wp-json\/wp\/v2\/types\/post"}],"author":[{"embeddable":true,"href":"https:\/\/www.skalnik.pl\/blog\/wp-json\/wp\/v2\/users\/41"}],"replies":[{"embeddable":true,"href":"https:\/\/www.skalnik.pl\/blog\/wp-json\/wp\/v2\/comments?post=26584"}],"version-history":[{"count":6,"href":"https:\/\/www.skalnik.pl\/blog\/wp-json\/wp\/v2\/posts\/26584\/revisions"}],"predecessor-version":[{"id":26620,"href":"https:\/\/www.skalnik.pl\/blog\/wp-json\/wp\/v2\/posts\/26584\/revisions\/26620"}],"wp:featuredmedia":[{"embeddable":true,"href":"https:\/\/www.skalnik.pl\/blog\/wp-json\/wp\/v2\/media\/26585"}],"wp:attachment":[{"href":"https:\/\/www.skalnik.pl\/blog\/wp-json\/wp\/v2\/media?parent=26584"}],"wp:term":[{"taxonomy":"category","embeddable":true,"href":"https:\/\/www.skalnik.pl\/blog\/wp-json\/wp\/v2\/categories?post=26584"},{"taxonomy":"post_tag","embeddable":true,"href":"https:\/\/www.skalnik.pl\/blog\/wp-json\/wp\/v2\/tags?post=26584"},{"taxonomy":"magento_category","embeddable":true,"href":"https:\/\/www.skalnik.pl\/blog\/wp-json\/wp\/v2\/magento_category?post=26584"},{"taxonomy":"magento_product","embeddable":true,"href":"https:\/\/www.skalnik.pl\/blog\/wp-json\/wp\/v2\/magento_product?post=26584"}],"curies":[{"name":"wp","href":"https:\/\/api.w.org\/{rel}","templated":true}]}}