{"id":26593,"date":"2024-12-24T10:35:54","date_gmt":"2024-12-24T08:35:54","guid":{"rendered":"https:\/\/www.skalnik.pl\/blog\/?p=26593"},"modified":"2025-01-10T17:58:42","modified_gmt":"2025-01-10T15:58:42","slug":"meindl-marka-obuwia-gorskiego-z-tradycjami","status":"publish","type":"post","link":"https:\/\/www.skalnik.pl\/blog\/meindl-marka-obuwia-gorskiego-z-tradycjami\/","title":{"rendered":"Meindl &#8211; marka obuwia g\u00f3rskiego z tradycjami"},"content":{"rendered":"\n<p><strong>Buty s\u0105 podstaw\u0105 wyposa\u017cenia ka\u017cdego turysty. Bez nich ani rusz. Ich w\u0142a\u015bciwy dob\u00f3r mo\u017ce zdecydowa\u0107 nie tylko o wygodzie podczas godzin sp\u0119dzonych na szlaku, ale czasem wr\u0119cz o powodzeniu ca\u0142ej wycieczki. Dlatego w kwestii obuwia w g\u00f3ry nie warto i\u015b\u0107 na kompromisy. W zamian trzeba postawi\u0107 na jako\u015b\u0107, sprawdzone rozwi\u0105zania i solidne materia\u0142y. Chc\u0119 Ci dzi\u015b przybli\u017cy\u0107 mark\u0119 Meindl, w kt\u00f3rej produkcja obuwia ma ju\u017c trwaj\u0105c\u0105 kilkaset lat tradycj\u0119. Robi wra\u017cenie? To sprawd\u017a ze mn\u0105, jak Meindl mo\u017ce Ci pom\u00f3c zadba\u0107 o stopy podczas g\u00f3rskich w\u0119dr\u00f3wek.<\/strong><\/p>\n\n\n\n<div id=\"ez-toc-container\" class=\"ez-toc-v2_0_85 counter-hierarchy ez-toc-counter ez-toc-light-blue ez-toc-container-direction\">\n<div class=\"ez-toc-title-container\">\n<p class=\"ez-toc-title\" style=\"cursor:inherit\">SPIS TRE\u015aCI <\/p>\n<span class=\"ez-toc-title-toggle\"><a href=\"#\" class=\"ez-toc-pull-right ez-toc-btn ez-toc-btn-xs ez-toc-btn-default ez-toc-toggle\" aria-label=\"Prze\u0142\u0105cznik Spisu Tre\u015bci\"><span class=\"ez-toc-js-icon-con\"><span class=\"\"><span class=\"eztoc-hide\" style=\"display:none;\">Toggle<\/span><span class=\"ez-toc-icon-toggle-span\"><svg style=\"fill: #999;color:#999\" xmlns=\"http:\/\/www.w3.org\/2000\/svg\" class=\"list-377408\" width=\"20px\" height=\"20px\" viewBox=\"0 0 24 24\" fill=\"none\"><path d=\"M6 6H4v2h2V6zm14 0H8v2h12V6zM4 11h2v2H4v-2zm16 0H8v2h12v-2zM4 16h2v2H4v-2zm16 0H8v2h12v-2z\" fill=\"currentColor\"><\/path><\/svg><svg style=\"fill: #999;color:#999\" class=\"arrow-unsorted-368013\" xmlns=\"http:\/\/www.w3.org\/2000\/svg\" width=\"10px\" height=\"10px\" viewBox=\"0 0 24 24\" version=\"1.2\" baseProfile=\"tiny\"><path d=\"M18.2 9.3l-6.2-6.3-6.2 6.3c-.2.2-.3.4-.3.7s.1.5.3.7c.2.2.4.3.7.3h11c.3 0 .5-.1.7-.3.2-.2.3-.5.3-.7s-.1-.5-.3-.7zM5.8 14.7l6.2 6.3 6.2-6.3c.2-.2.3-.5.3-.7s-.1-.5-.3-.7c-.2-.2-.4-.3-.7-.3h-11c-.3 0-.5.1-.7.3-.2.2-.3.5-.3.7s.1.5.3.7z\"\/><\/svg><\/span><\/span><\/span><\/a><\/span><\/div>\n<nav><ul class='ez-toc-list ez-toc-list-level-1 ' ><li class='ez-toc-page-1 ez-toc-heading-level-2'><a class=\"ez-toc-link ez-toc-heading-1\" href=\"https:\/\/www.skalnik.pl\/blog\/meindl-marka-obuwia-gorskiego-z-tradycjami\/#Meindl_%E2%80%93_solidnosc_i_jakosc_na_gorskich_szlakach\" >Meindl &#8211; solidno\u015b\u0107 i jako\u015b\u0107 na g\u00f3rskich szlakach &nbsp;<\/a><\/li><li class='ez-toc-page-1 ez-toc-heading-level-2'><a class=\"ez-toc-link ez-toc-heading-2\" href=\"https:\/\/www.skalnik.pl\/blog\/meindl-marka-obuwia-gorskiego-z-tradycjami\/#Meindl_%E2%80%93_szewcy_z_Bawarii\" >Meindl \u2013 szewcy z Bawarii<\/a><\/li><li class='ez-toc-page-1 ez-toc-heading-level-2'><a class=\"ez-toc-link ez-toc-heading-3\" href=\"https:\/\/www.skalnik.pl\/blog\/meindl-marka-obuwia-gorskiego-z-tradycjami\/#Technologie_marki_Meindl\" >Technologie marki Meindl<\/a><\/li><li class='ez-toc-page-1 ez-toc-heading-level-2'><a class=\"ez-toc-link ez-toc-heading-4\" href=\"https:\/\/www.skalnik.pl\/blog\/meindl-marka-obuwia-gorskiego-z-tradycjami\/#Buty_Meindl_na_gorskie_szlaki_i_nie_tylko\" >Buty Meindl na g\u00f3rskie szlaki i nie tylko<\/a><\/li><\/ul><\/nav><\/div>\n<h2 class=\"wp-block-heading\"><span class=\"ez-toc-section\" id=\"Meindl_%E2%80%93_solidnosc_i_jakosc_na_gorskich_szlakach\"><\/span>Meindl &#8211; solidno\u015b\u0107 i jako\u015b\u0107 na g\u00f3rskich szlakach &nbsp;<span class=\"ez-toc-section-end\"><\/span><\/h2>\n\n\n\n<p>Na pocz\u0105tku musz\u0119 przyzna\u0107, \u017ce mam do marki <a href=\"https:\/\/www.skalnik.pl\/meindl\" target=\"_blank\" rel=\"noopener\" title=\"\">Meindl<\/a> spory sentyment. Borneo by\u0142y moimi pierwszymi \u201epowa\u017cnymi\u201d butami g\u00f3rskimi, kt\u00f3re (2 kolejne wersje) nosi\u0142am \u0142\u0105cznie przez chyba 12 lat i ostatecznie wyko\u0144czy\u0142am je na lodowcu Baltoro w Karakorum. Do dzi\u015b w mojej szafce stoj\u0105 u\u017cywane g\u0142\u00f3wnie zim\u0105 Meindl Air Revolution oraz niskie Meindl Literock. I cho\u0107 podstawowym butem w g\u00f3ry sta\u0142 si\u0119 model innej marki, to do tych wci\u0105\u017c wracam i nadal uwa\u017cam, za doskona\u0142y wyb\u00f3r do, w moim przypadku, okre\u015blonych zada\u0144. <\/p>\n\n\n<div class=\"wp-block-image\">\n<figure class=\"aligncenter size-full\"><img loading=\"lazy\" decoding=\"async\" width=\"1024\" height=\"683\" src=\"https:\/\/www.skalnik.pl\/blog\/wp-content\/uploads\/2024\/10\/Klasyczne-skorzane-buty-foto-Miendl.jpg\" alt=\"Klasyczne buty Meindl\" class=\"wp-image-26596\" srcset=\"https:\/\/www.skalnik.pl\/blog\/wp-content\/uploads\/2024\/10\/Klasyczne-skorzane-buty-foto-Miendl.jpg 1024w, https:\/\/www.skalnik.pl\/blog\/wp-content\/uploads\/2024\/10\/Klasyczne-skorzane-buty-foto-Miendl-300x200.jpg 300w, https:\/\/www.skalnik.pl\/blog\/wp-content\/uploads\/2024\/10\/Klasyczne-skorzane-buty-foto-Miendl-768x512.jpg 768w\" sizes=\"auto, (max-width: 1024px) 100vw, 1024px\" \/><figcaption class=\"wp-element-caption\"><em>Klasyczne sk\u00f3rzane buty g\u00f3rskie to znak rozpoznawczy marki Meindl (fot. Meindl)<\/em><\/figcaption><\/figure>\n<\/div>\n\n\n<p>Nie da si\u0119 ukry\u0107, \u017ce dla pokole\u0144 g\u00f3rskich turyst\u00f3w buty Meindl by\u0142y i s\u0105 synonimem solidno\u015bci i pewno\u015bci na szlaku. Marka sprofilowana jest na produkcj\u0119 <a href=\"https:\/\/www.skalnik.pl\/buty\/buty-meskie\" target=\"_blank\" rel=\"noopener\" title=\"\">obuwia trekkingowego<\/a> i turystycznego, g\u0142\u00f3wnie sk\u00f3rzanego, cho\u0107 coraz szerzej pojawiaj\u0105 si\u0119 w jej ofercie tak\u017ce inne rodzaje cholewek. Dzi\u0119ki tak du\u017cej specjalizacji mo\u017cliwe by\u0142o zbli\u017canie si\u0119 do perfekcji. Marka wci\u0105\u017c rozwija swoj\u0105 kolekcj\u0119 i dostosowuje j\u0105 do zmieniaj\u0105cych si\u0119 wymaga\u0144 klient\u00f3w. Opracowuje tak\u017ce w\u0142asne rozwi\u0105zania technologiczne, kt\u00f3re staj\u0105 si\u0119 wyznacznikiem dla innych producent\u00f3w but\u00f3w g\u00f3rskich.<\/p>\n\n\n\n<h2 class=\"wp-block-heading\"><span class=\"ez-toc-section\" id=\"Meindl_%E2%80%93_szewcy_z_Bawarii\"><\/span>Meindl \u2013 szewcy z Bawarii<span class=\"ez-toc-section-end\"><\/span><\/h2>\n\n\n\n<p>Niewiele jest na \u015bwiecie firm, kt\u00f3re mog\u0105 pochwali\u0107 si\u0119 takimi tradycjami jak Meindl. Pierwsza wzmianka o za\u0142o\u017conym przez Petrusa Meindla warsztacie szewskim w Kirchansch\u00f6ring w Bawarii pochodzi z\u2026 trzymaj si\u0119 mocno\u2026 1683 r. Tak, to wtedy, gdy Jan III Sobieski pokona\u0142 Turk\u00f3w pod Wiedniem. Tak daleko si\u0119ga udokumentowana historia rodziny Meindl i jej obecno\u015bci w Kirchansch\u00f6ring. Zak\u0142ad szewski zmieni\u0142 si\u0119 w \u015bwietnie prosperuj\u0105c\u0105 firm\u0119 o mi\u0119dzynarodowym zasi\u0119gu, ale wci\u0105\u017c pozostaj\u0105c\u0105 w rodzinnych r\u0119kach i maj\u0105c\u0105 g\u0142\u00f3wn\u0105 fabryk\u0119 na przedmie\u015bciach rodzinnego miasteczka.<\/p>\n\n\n\n<figure class=\"wp-block-image size-full\"><a href=\"https:\/\/www.skalnik.pl\/meindl\/typ_produktu:buty\" target=\"_blank\" rel=\"noreferrer noopener\"><img loading=\"lazy\" decoding=\"async\" width=\"1024\" height=\"250\" src=\"https:\/\/www.skalnik.pl\/blog\/wp-content\/uploads\/2024\/10\/meindl.png\" alt=\"\" class=\"wp-image-26617\" srcset=\"https:\/\/www.skalnik.pl\/blog\/wp-content\/uploads\/2024\/10\/meindl.png 1024w, https:\/\/www.skalnik.pl\/blog\/wp-content\/uploads\/2024\/10\/meindl-300x73.png 300w, https:\/\/www.skalnik.pl\/blog\/wp-content\/uploads\/2024\/10\/meindl-768x188.png 768w\" sizes=\"auto, (max-width: 1024px) 100vw, 1024px\" \/><\/a><\/figure>\n\n\n\n<p>Zak\u0142ad szewski by\u0142 \u017ar\u00f3d\u0142em utrzymania dla rodziny Meindl przez setki lat. Jednak dopiero w 1928 r. Lukas Meindl Senior zosta\u0142 samodzielnym szewcem i za\u0142o\u017cy\u0142 firm\u0119 zatrudniaj\u0105c\u0105 kilku pracownik\u00f3w. Tak pod\u0142o\u017cy\u0142 podwaliny pod to, co obecnie oficjalnie nazywa si\u0119 Lukas Meindl GmbH &amp; Co. KG. Pocz\u0105tkowo opr\u00f3cz but\u00f3w szy\u0142 tak\u017ce tradycyjne bawarskie spodnie sk\u00f3rzane Lederhosen. A\u017c do 1949 r. firma mia\u0142a znaczenie lokalne, a\u017c po raz pierwszy pojawi\u0142a si\u0119 na targach obuwniczych w Monachium, prezentuj\u0105c swoje modele g\u00f3rskie \u2013 zar\u00f3wno dla turyst\u00f3w, jak i pracownik\u00f3w. &nbsp;<\/p>\n\n\n<div class=\"wp-block-image\">\n<figure class=\"aligncenter size-full\"><img loading=\"lazy\" decoding=\"async\" width=\"1024\" height=\"683\" src=\"https:\/\/www.skalnik.pl\/blog\/wp-content\/uploads\/2024\/10\/Podeszwa-AB-w-butach-Meindl-foto-Meindl.jpg\" alt=\"Podeszwa AB w butach Meindl\" class=\"wp-image-26597\" srcset=\"https:\/\/www.skalnik.pl\/blog\/wp-content\/uploads\/2024\/10\/Podeszwa-AB-w-butach-Meindl-foto-Meindl.jpg 1024w, https:\/\/www.skalnik.pl\/blog\/wp-content\/uploads\/2024\/10\/Podeszwa-AB-w-butach-Meindl-foto-Meindl-300x200.jpg 300w, https:\/\/www.skalnik.pl\/blog\/wp-content\/uploads\/2024\/10\/Podeszwa-AB-w-butach-Meindl-foto-Meindl-768x512.jpg 768w\" sizes=\"auto, (max-width: 1024px) 100vw, 1024px\" \/><figcaption class=\"wp-element-caption\"><em>Klasyfikacja podeszew but\u00f3w g\u00f3rskich od A do D to pomys\u0142 marki Meindl (fot. Meindl)<\/em><\/figcaption><\/figure>\n<\/div>\n\n\n<p>Od tego czasu rozpoczyna si\u0119 szybki rozw\u00f3j firmy i intensyfikacja pracy przy szukaniu nowych rozwi\u0105za\u0144 i coraz bardziej zaawansowanych but\u00f3w g\u00f3rskich. W 1976 r. Alfons Meindl przedstawi\u0142 opracowan\u0105 przez siebie <strong>klasyfikacj\u0119 twardo\u015bci podeszew <a href=\"https:\/\/www.skalnik.pl\/buty\/buty-damskie\" target=\"_blank\" rel=\"noopener\" title=\"\">but\u00f3w g\u00f3rskich<\/a> od A do D<\/strong>. Dzi\u015b jest w powszechnym u\u017cyciu i dzi\u0119ki literkom przy nazwie but\u00f3w, mo\u017cesz si\u0119 zorientowa\u0107, na jakie nawierzchnie s\u0105 one przeznaczone. Jednak w\u00f3wczas by\u0142a to absolutna nowo\u015b\u0107.<\/p>\n\n\n\n<p>Trzy lata p\u00f3\u017aniej Meindl nawi\u0105za\u0142 wsp\u00f3\u0142prac\u0119 z mark\u0105 <strong>Vibram\u00ae<\/strong>, kt\u00f3ra stworzy\u0142a specjalnie dla nich podeszw\u0119 Multi Grip. Rok 1982 r. przyni\u00f3s\u0142 z kolei nawi\u0105zanie wsp\u00f3\u0142pracy z mark\u0105 <strong>GORE-TEX\u00ae<\/strong>, kt\u00f3rej membrany pojawiaj\u0105 si\u0119 w butach Meindl, podobnie jak podeszwy Vibram do dzi\u015b.<\/p>\n\n\n\t<div class=\"magento-wrapper\">\n\t\t<ul class=\"products\">\n\t\t\t<li class=\"product\">\n\t\n\t\t<div class=\"image\">\n\t\t\t<a href=\"https:\/\/www.skalnik.pl\/buty-engadin-altloden-meindl-596338\" target=\"_self\">\n\t\t\t\t\t\t<img\n\t\t\tsrc=\"https:\/\/www.skalnik.pl\/media\/catalog\/product\/i\/m\/img_2764_2.png\"\n\t\t\talt=\"BUTY ENGADIN-ALTLODEN\"\n\t\t\t\t\t\t\t\t\/>\n\t\t\t\t\t<\/a>\n\t\t<\/div>\n\n\t\t\n\t\t<a href=\"https:\/\/www.skalnik.pl\/buty-engadin-altloden-meindl-596338\" target=\"_self\"><span class=\"name\">BUTY ENGADIN-ALTLODEN<\/span><\/a>\t\n\t\n\t\n\t<div class=\"url\"><a class=\"view-details\" href=\"https:\/\/www.skalnik.pl\/buty-engadin-altloden-meindl-596338\">Zobacz wi\u0119cej <\/a><\/div><\/li>\n<li class=\"product\">\n\t\n\t\t<div class=\"image\">\n\t\t\t<a href=\"https:\/\/www.skalnik.pl\/buty-borneo-2-lady-dark-brown-nougat-meindl-597402\" target=\"_self\">\n\t\t\t\t\t\t<img\n\t\t\tsrc=\"https:\/\/www.skalnik.pl\/media\/catalog\/product\/i\/m\/img_17783_1.png\"\n\t\t\talt=\"BUTY BORNEO 2 LADY-DARK BROWN-NOUGAT\"\n\t\t\t\t\t\t\t\t\/>\n\t\t\t\t\t<\/a>\n\t\t<\/div>\n\n\t\t\n\t\t<a href=\"https:\/\/www.skalnik.pl\/buty-borneo-2-lady-dark-brown-nougat-meindl-597402\" target=\"_self\"><span class=\"name\">BUTY BORNEO 2 LADY-DARK BROWN-NOUGAT<\/span><\/a>\t\n\t\n\t\n\t<div class=\"url\"><a class=\"view-details\" href=\"https:\/\/www.skalnik.pl\/buty-borneo-2-lady-dark-brown-nougat-meindl-597402\">Zobacz wi\u0119cej <\/a><\/div><\/li>\n<li class=\"product\">\n\t\n\t\t<div class=\"image\">\n\t\t\t<a href=\"https:\/\/www.skalnik.pl\/buty-vakuum-gtx-nadrozmiar-brazowy-meindl-597588\" target=\"_self\">\n\t\t\t\t\t\t<img\n\t\t\tsrc=\"https:\/\/www.skalnik.pl\/media\/catalog\/product\/i\/m\/img_7707.png\"\n\t\t\talt=\"BUTY VAKUUM GTX NADROZMIAR\"\n\t\t\t\t\t\t\t\t\/>\n\t\t\t\t\t<\/a>\n\t\t<\/div>\n\n\t\t\n\t\t<a href=\"https:\/\/www.skalnik.pl\/buty-vakuum-gtx-nadrozmiar-brazowy-meindl-597588\" target=\"_self\"><span class=\"name\">BUTY VAKUUM GTX NADROZMIAR<\/span><\/a>\t\n\t\n\t\n\t<div class=\"url\"><a class=\"view-details\" href=\"https:\/\/www.skalnik.pl\/buty-vakuum-gtx-nadrozmiar-brazowy-meindl-597588\">Zobacz wi\u0119cej <\/a><\/div><\/li>\n\t\t<\/ul>\n\t<\/div>\n\n\n\n\n<h2 class=\"wp-block-heading\"><span class=\"ez-toc-section\" id=\"Technologie_marki_Meindl\"><\/span>Technologie marki Meindl<span class=\"ez-toc-section-end\"><\/span><\/h2>\n\n\n\n<p>Opr\u00f3cz wsp\u00f3\u0142pracy z najwi\u0119kszymi \u015bwiatowymi producentami podeszew czy membran, Meindl rozwija te\u017c w\u0142asne patenty i technologie. Poznaj najwa\u017cniejsze z nich:<\/p>\n\n\n\n<ul class=\"wp-block-list\">\n<li><strong>Air Revolution\u00ae<\/strong> &#8211; w 2000 r. Meindl dokona\u0142 prawdziwej rewolucji w swoich butach, wprowadzaj\u0105c autorski system wentylacji ich wn\u0119trza. Opr\u00f3cz membrany, kt\u00f3ra odprowadza wilgo\u0107, zastosowano tak\u017ce spos\u00f3b na mechaniczne pozbywanie si\u0119 ciep\u0142ego powietrza. Specjalna konstrukcja j\u0119zyka sprawia, \u017ce powietrze, a wraz z nim wilgo\u0107 s\u0105 wypychane na zewn\u0105trz. W przybli\u017ceniu mo\u017cna powiedzie\u0107, \u017ce dzia\u0142a to, jak pompka. Efekt \u2013 stopy mniej si\u0119 poc\u0105, a w butach panuje przyjazny sk\u00f3rze mikroklimat.<\/li>\n\n\n\n<li><strong>Comfort-fit\u00ae<\/strong> &#8211; to system, kt\u00f3ry odpowiada za wygod\u0119 i doskona\u0142e dopasowanie but\u00f3w. Zapewnia odpowiedni\u0105 ilo\u015b\u0107 miejsca na palce, w miejscu, gdzie stopa jest najszersza i uwzgl\u0119dnia anatomi\u0119 stopy. Palce nie s\u0105 \u015bci\u015bni\u0119te, wi\u0119c nie tworz\u0105 si\u0119 na nich odciski. Z kolei tylna cz\u0119\u015b\u0107 buta jest perfekcyjnie dopasowana do pi\u0119ty i otula j\u0105 troch\u0119 jak skarpeta.<\/li>\n<\/ul>\n\n\n<div class=\"wp-block-image\">\n<figure class=\"aligncenter size-full\"><img loading=\"lazy\" decoding=\"async\" width=\"1024\" height=\"683\" src=\"https:\/\/www.skalnik.pl\/blog\/wp-content\/uploads\/2024\/10\/Meindl-Litepeak-GTX-foto-Meindl.jpg\" alt=\"Meindl Litepeak GTX\" class=\"wp-image-26598\" srcset=\"https:\/\/www.skalnik.pl\/blog\/wp-content\/uploads\/2024\/10\/Meindl-Litepeak-GTX-foto-Meindl.jpg 1024w, https:\/\/www.skalnik.pl\/blog\/wp-content\/uploads\/2024\/10\/Meindl-Litepeak-GTX-foto-Meindl-300x200.jpg 300w, https:\/\/www.skalnik.pl\/blog\/wp-content\/uploads\/2024\/10\/Meindl-Litepeak-GTX-foto-Meindl-768x512.jpg 768w\" sizes=\"auto, (max-width: 1024px) 100vw, 1024px\" \/><figcaption class=\"wp-element-caption\"><em>Meindl wci\u0105\u017c rozwija technologie i rozwi\u0105zania konstrukcyjne poprawiaj\u0105ce wygod\u0119 i funkcjonalno\u015b\u0107 but\u00f3w g\u00f3rskich (fot. Meindl)<\/em><\/figcaption><\/figure>\n<\/div>\n\n\n<ul class=\"wp-block-list\">\n<li><strong>Memory Foam System \u2013 MFS<\/strong> zapewnia idealne dopasowanie but\u00f3w dzi\u0119ki zastosowaniu pianki o dw\u00f3ch g\u0119sto\u015bciach. Reaguje ona na ciep\u0142o i pod jego wp\u0142ywem dopasowuje si\u0119 do st\u00f3p. Rozmieszczona jest w kluczowych dla but\u00f3w miejscach, czyli na pi\u0119cie, w rejonie kostki oraz w \u015br\u00f3dstopiu.<\/li>\n\n\n\n<li><strong>MFS Vakuum\u00ae<\/strong> to rozwini\u0119cie poprzedniego systemu, w kt\u00f3rym dodatkowo wyst\u0119puje wewn\u0119trzna wk\u0142adka z mi\u0119kkiej pianki dzia\u0142aj\u0105ca jak dopasowany do stopy botek.<\/li>\n\n\n\n<li><strong>Vario fix<\/strong> system odpowiadaj\u0105cy za usztywnienie i stabilizacj\u0119 kostki. Specjalny szkielet otacza tyln\u0105 cz\u0119\u015b\u0107 buta, a jego napr\u0119\u017cenie regulowane jest podczas sznurowania.<\/li>\n<\/ul>\n\n\n\n<p class=\"has-white-color has-vivid-cyan-blue-background-color has-text-color has-background\">Zaopatrz si\u0119 w now\u0105 par\u0119 but\u00f3w &#8211;&gt; <a href=\"https:\/\/www.skalnik.pl\/meindl\/typ_produktu:buty\" target=\"_blank\" rel=\"noopener\" title=\"\"><strong>buty Meindl<\/strong><\/a>.<\/p>\n\n\n\n<h2 class=\"wp-block-heading\"><span class=\"ez-toc-section\" id=\"Buty_Meindl_na_gorskie_szlaki_i_nie_tylko\"><\/span>Buty Meindl na g\u00f3rskie szlaki i nie tylko<span class=\"ez-toc-section-end\"><\/span><\/h2>\n\n\n\n<p>Buty g\u00f3rskie i buty turystyczne Meindl to ogromna kolekcja, w kt\u00f3rej s\u0105 zar\u00f3wno buty niskie, jak i si\u0119gaj\u0105ce nad kostk\u0119. Bogactwo but\u00f3w na g\u00f3rskie szlaki tej marki mo\u017ce nieco oszo\u0142omi\u0107, wi\u0119c wymieni\u0119 tylko kilka kluczowych nazw. Najbardziej klasyczne z nich to buty ze sk\u00f3ry licowej, takie jak obecny na rynku od ponad 30 lat model <strong>Island<\/strong> (obecnie Island MFS) z podwy\u017cszon\u0105 cholewk\u0105, flagowy model <strong>Vakuum<\/strong>, stosunkowo lekkie <strong>Borneo MFS<\/strong>, czy <strong>Engadin MFS<\/strong>. W segmencie but\u00f3w ze sk\u00f3ry zamszowej najbardziej znane modele wysokie to <strong>Air Revolution GTX<\/strong>, w swoich kolejnych ods\u0142onach, ale tak\u017ce l\u017cejsze <strong>Litepeak GTX <\/strong>i <strong>Tonale GTX<\/strong>. Coraz szerzej rozwijany jest te\u017c segment niskiego obuwia g\u00f3rskiego i turystycznego Meindl, kt\u00f3rego sztandarowym przyk\u0142adem s\u0105 buty <strong>Literock GTX<\/strong>.&nbsp;&nbsp; <\/p>\n\n\n<div class=\"wp-block-image\">\n<figure class=\"aligncenter size-full\"><a href=\"https:\/\/meindl.de\/\" target=\"_blank\" rel=\"noreferrer noopener\"><img loading=\"lazy\" decoding=\"async\" width=\"1024\" height=\"683\" src=\"https:\/\/www.skalnik.pl\/blog\/wp-content\/uploads\/2024\/10\/Vakuum-GTX-flagowy-model-Meindl-foto-Meindl.jpg\" alt=\"Vakuum GTX flagowy model Meindl\" class=\"wp-image-26599\" srcset=\"https:\/\/www.skalnik.pl\/blog\/wp-content\/uploads\/2024\/10\/Vakuum-GTX-flagowy-model-Meindl-foto-Meindl.jpg 1024w, https:\/\/www.skalnik.pl\/blog\/wp-content\/uploads\/2024\/10\/Vakuum-GTX-flagowy-model-Meindl-foto-Meindl-300x200.jpg 300w, https:\/\/www.skalnik.pl\/blog\/wp-content\/uploads\/2024\/10\/Vakuum-GTX-flagowy-model-Meindl-foto-Meindl-768x512.jpg 768w\" sizes=\"auto, (max-width: 1024px) 100vw, 1024px\" \/><\/a><figcaption class=\"wp-element-caption\"><em>Vakuum &#8211; flagowy model but\u00f3w Meindl (fot. Meindl)<\/em><\/figcaption><\/figure>\n<\/div>\n\n\n<p>Oddzielnym dzia\u0142em s\u0105 buty zimowe, ocieplone, z wk\u0142adkami z we\u0142ny, lub botkami z syntetycznego futerka i filcu zapewniaj\u0105ce komfort nawet przy -20, &#8211; 30 st. C. Przeznaczone s\u0105 zar\u00f3wno na l\u017cejsze szlaki, jak i do codziennego noszenia. Nale\u017c\u0105 do nich m.in. modele <strong>Ohio GTX<\/strong>, <strong>Calgary GTX<\/strong>, <strong>Rauris GTX<\/strong>. Z kolei model <strong>Solden<\/strong> ma doln\u0105 cz\u0119\u015b\u0107 cholewki dodatkowo zabezpieczon\u0105 gumowaniem.<\/p>\n\n\n\n<hr class=\"wp-block-separator has-alpha-channel-opacity is-style-dots\"\/>\n\n\n\n<p>Buty g\u00f3rskie Meindl to klasa sama dla siebie. Wyrasta z rodzinnych tradycji szewskich, ale nie boi si\u0119 zmian i nowoczesnych technologii. Modele ewoluuj\u0105, staj\u0105c si\u0119 coraz bardziej dopasowanymi do potrzeb turyst\u00f3w. Je\u015bli szukasz solidnych i wygodnych but\u00f3w turystycznych oraz but\u00f3w g\u00f3rskich, zajrzyj na p\u00f3\u0142k\u0119 marki Meindl. Na pewno znajdziesz co\u015b dla siebie.<\/p>\n","protected":false},"excerpt":{"rendered":"<p>Meindl &#8211; ta nazwa to synonim solidno\u015bci i jako\u015bci. Dowiedz si\u0119 wi\u0119cej o producencie kultowych but\u00f3w g\u00f3rskich. <\/p>\n","protected":false},"author":41,"featured_media":26594,"comment_status":"closed","ping_status":"closed","sticky":false,"template":"","format":"standard","meta":{"_acf_changed":false,"footnotes":""},"categories":[2,5],"tags":[100,91,210],"magento_category":[59,63],"magento_product":[9557,9549,9550,9551,9552,9553,9554,9555,9556],"class_list":["post-26593","post","type-post","status-publish","format-standard","has-post-thumbnail","hentry","category-baner-gorny","category-branza","tag-buty-trekkingowe","tag-trekking","tag-turystyka"],"acf":[],"aioseo_notices":[],"aioseo_head":"\n\t\t<!-- All in One SEO 4.9.10 - aioseo.com -->\n\t<meta name=\"description\" content=\"Meindl to marka produkuj\u0105ca buty g\u00f3rskie i buty turystyczne. Zobacz jak powstaj\u0105 tradycyjne sk\u00f3rzane buty m\u0119skie i buty damskie, kt\u00f3re rz\u0105dz\u0105 na szlakach.\" \/>\n\t<meta name=\"robots\" content=\"max-image-preview:large\" \/>\n\t<meta name=\"author\" content=\"Anna \u015aliwa\"\/>\n\t<link rel=\"canonical\" href=\"https:\/\/www.skalnik.pl\/blog\/meindl-marka-obuwia-gorskiego-z-tradycjami\/\" \/>\n\t<meta name=\"generator\" content=\"All in One SEO (AIOSEO) 4.9.10\" \/>\n\t\t<meta property=\"og:locale\" content=\"pl_PL\" \/>\n\t\t<meta property=\"og:site_name\" content=\"blog Skalnik - Blog, porady, artyku\u0142y - blog Skalnik\" \/>\n\t\t<meta property=\"og:type\" content=\"article\" \/>\n\t\t<meta property=\"og:title\" content=\"Meindl \u2013 marka obuwia g\u00f3rskiego z tradycjami - blog Skalnik\" \/>\n\t\t<meta property=\"og:description\" content=\"Meindl to marka produkuj\u0105ca buty g\u00f3rskie i buty turystyczne. Zobacz jak powstaj\u0105 tradycyjne sk\u00f3rzane buty m\u0119skie i buty damskie, kt\u00f3re rz\u0105dz\u0105 na szlakach.\" \/>\n\t\t<meta property=\"og:url\" content=\"https:\/\/www.skalnik.pl\/blog\/meindl-marka-obuwia-gorskiego-z-tradycjami\/\" \/>\n\t\t<meta property=\"og:image\" content=\"https:\/\/www.skalnik.pl\/blog\/wp-content\/uploads\/2024\/10\/Klasyczne-skorzane-buty-foto-Miendl.jpg\" \/>\n\t\t<meta property=\"og:image:secure_url\" content=\"https:\/\/www.skalnik.pl\/blog\/wp-content\/uploads\/2024\/10\/Klasyczne-skorzane-buty-foto-Miendl.jpg\" \/>\n\t\t<meta property=\"og:image:width\" content=\"1024\" \/>\n\t\t<meta property=\"og:image:height\" content=\"683\" \/>\n\t\t<meta property=\"article:tag\" content=\"baner g\u00f3rny\" \/>\n\t\t<meta property=\"article:tag\" content=\"bran\u017ca\" \/>\n\t\t<meta property=\"article:tag\" content=\"buty trekkingowe\" \/>\n\t\t<meta property=\"article:tag\" content=\"trekking\" \/>\n\t\t<meta property=\"article:tag\" content=\"turystyka\" \/>\n\t\t<meta property=\"article:published_time\" content=\"2024-12-24T08:35:54+00:00\" \/>\n\t\t<meta property=\"article:modified_time\" content=\"2025-01-10T15:58:42+00:00\" \/>\n\t\t<meta name=\"twitter:card\" content=\"summary_large_image\" \/>\n\t\t<meta name=\"twitter:title\" content=\"Meindl \u2013 marka obuwia g\u00f3rskiego z tradycjami - blog Skalnik\" \/>\n\t\t<meta name=\"twitter:description\" content=\"Meindl to marka produkuj\u0105ca buty g\u00f3rskie i buty turystyczne. Zobacz jak powstaj\u0105 tradycyjne sk\u00f3rzane buty m\u0119skie i buty damskie, kt\u00f3re rz\u0105dz\u0105 na szlakach.\" \/>\n\t\t<meta name=\"twitter:image\" content=\"https:\/\/www.skalnik.pl\/blog\/wp-content\/uploads\/2024\/10\/Klasyczne-skorzane-buty-foto-Miendl.jpg\" \/>\n\t\t<script type=\"application\/ld+json\" class=\"aioseo-schema\">\n\t\t\t{\"@context\":\"https:\\\/\\\/schema.org\",\"@graph\":[{\"@type\":\"BlogPosting\",\"@id\":\"https:\\\/\\\/www.skalnik.pl\\\/blog\\\/meindl-marka-obuwia-gorskiego-z-tradycjami\\\/#blogposting\",\"name\":\"Meindl \\u2013 marka obuwia g\\u00f3rskiego z tradycjami - blog Skalnik\",\"headline\":\"Meindl &#8211; marka obuwia g\\u00f3rskiego z tradycjami\",\"author\":{\"@id\":\"https:\\\/\\\/www.skalnik.pl\\\/blog\\\/author\\\/anna-sliwa\\\/#author\"},\"publisher\":{\"@id\":\"https:\\\/\\\/www.skalnik.pl\\\/blog\\\/#organization\"},\"image\":{\"@type\":\"ImageObject\",\"url\":\"https:\\\/\\\/www.skalnik.pl\\\/blog\\\/wp-content\\\/uploads\\\/2024\\\/10\\\/Meindl-Litepeak-GTX-okladka.jpg\",\"width\":1920,\"height\":706,\"caption\":\"Meindl Litepeak GTX\"},\"datePublished\":\"2024-12-24T10:35:54+02:00\",\"dateModified\":\"2025-01-10T17:58:42+02:00\",\"inLanguage\":\"pl-PL\",\"mainEntityOfPage\":{\"@id\":\"https:\\\/\\\/www.skalnik.pl\\\/blog\\\/meindl-marka-obuwia-gorskiego-z-tradycjami\\\/#webpage\"},\"isPartOf\":{\"@id\":\"https:\\\/\\\/www.skalnik.pl\\\/blog\\\/meindl-marka-obuwia-gorskiego-z-tradycjami\\\/#webpage\"},\"articleSection\":\"Baner g\\u00f3rny, Bran\\u017ca, buty trekkingowe, trekking, turystyka, 1135, 1142, 1034161, 597588, 611289, 611290, 611291, 616932, 616935, 699873, 699880\"},{\"@type\":\"BreadcrumbList\",\"@id\":\"https:\\\/\\\/www.skalnik.pl\\\/blog\\\/meindl-marka-obuwia-gorskiego-z-tradycjami\\\/#breadcrumblist\",\"itemListElement\":[{\"@type\":\"ListItem\",\"@id\":\"https:\\\/\\\/www.skalnik.pl\\\/blog#listItem\",\"position\":1,\"name\":\"Home\",\"item\":\"https:\\\/\\\/www.skalnik.pl\\\/blog\",\"nextItem\":{\"@type\":\"ListItem\",\"@id\":\"https:\\\/\\\/www.skalnik.pl\\\/blog\\\/.\\\/baner-gorny\\\/#listItem\",\"name\":\"Baner g\\u00f3rny\"}},{\"@type\":\"ListItem\",\"@id\":\"https:\\\/\\\/www.skalnik.pl\\\/blog\\\/.\\\/baner-gorny\\\/#listItem\",\"position\":2,\"name\":\"Baner g\\u00f3rny\",\"item\":\"https:\\\/\\\/www.skalnik.pl\\\/blog\\\/.\\\/baner-gorny\\\/\",\"nextItem\":{\"@type\":\"ListItem\",\"@id\":\"https:\\\/\\\/www.skalnik.pl\\\/blog\\\/meindl-marka-obuwia-gorskiego-z-tradycjami\\\/#listItem\",\"name\":\"Meindl &#8211; marka obuwia g\\u00f3rskiego z tradycjami\"},\"previousItem\":{\"@type\":\"ListItem\",\"@id\":\"https:\\\/\\\/www.skalnik.pl\\\/blog#listItem\",\"name\":\"Home\"}},{\"@type\":\"ListItem\",\"@id\":\"https:\\\/\\\/www.skalnik.pl\\\/blog\\\/meindl-marka-obuwia-gorskiego-z-tradycjami\\\/#listItem\",\"position\":3,\"name\":\"Meindl &#8211; marka obuwia g\\u00f3rskiego z tradycjami\",\"previousItem\":{\"@type\":\"ListItem\",\"@id\":\"https:\\\/\\\/www.skalnik.pl\\\/blog\\\/.\\\/baner-gorny\\\/#listItem\",\"name\":\"Baner g\\u00f3rny\"}}]},{\"@type\":\"Organization\",\"@id\":\"https:\\\/\\\/www.skalnik.pl\\\/blog\\\/#organization\",\"name\":\"blog Skalnik\",\"description\":\"Blog, porady, artyku\\u0142y - blog Skalnik\",\"url\":\"https:\\\/\\\/www.skalnik.pl\\\/blog\\\/\"},{\"@type\":\"Person\",\"@id\":\"https:\\\/\\\/www.skalnik.pl\\\/blog\\\/author\\\/anna-sliwa\\\/#author\",\"url\":\"https:\\\/\\\/www.skalnik.pl\\\/blog\\\/author\\\/anna-sliwa\\\/\",\"name\":\"Anna \\u015aliwa\",\"image\":{\"@type\":\"ImageObject\",\"@id\":\"https:\\\/\\\/www.skalnik.pl\\\/blog\\\/meindl-marka-obuwia-gorskiego-z-tradycjami\\\/#authorImage\",\"url\":\"https:\\\/\\\/secure.gravatar.com\\\/avatar\\\/e8300be3de710e2e109e5dfbf092dcf827242ec8071807a1e13f6b3f7c9bbd79?s=96&d=mm&r=g\",\"width\":96,\"height\":96,\"caption\":\"Anna \\u015aliwa\"}},{\"@type\":\"WebPage\",\"@id\":\"https:\\\/\\\/www.skalnik.pl\\\/blog\\\/meindl-marka-obuwia-gorskiego-z-tradycjami\\\/#webpage\",\"url\":\"https:\\\/\\\/www.skalnik.pl\\\/blog\\\/meindl-marka-obuwia-gorskiego-z-tradycjami\\\/\",\"name\":\"Meindl \\u2013 marka obuwia g\\u00f3rskiego z tradycjami - blog Skalnik\",\"description\":\"Meindl to marka produkuj\\u0105ca buty g\\u00f3rskie i buty turystyczne. Zobacz jak powstaj\\u0105 tradycyjne sk\\u00f3rzane buty m\\u0119skie i buty damskie, kt\\u00f3re rz\\u0105dz\\u0105 na szlakach.\",\"inLanguage\":\"pl-PL\",\"isPartOf\":{\"@id\":\"https:\\\/\\\/www.skalnik.pl\\\/blog\\\/#website\"},\"breadcrumb\":{\"@id\":\"https:\\\/\\\/www.skalnik.pl\\\/blog\\\/meindl-marka-obuwia-gorskiego-z-tradycjami\\\/#breadcrumblist\"},\"author\":{\"@id\":\"https:\\\/\\\/www.skalnik.pl\\\/blog\\\/author\\\/anna-sliwa\\\/#author\"},\"creator\":{\"@id\":\"https:\\\/\\\/www.skalnik.pl\\\/blog\\\/author\\\/anna-sliwa\\\/#author\"},\"image\":{\"@type\":\"ImageObject\",\"url\":\"https:\\\/\\\/www.skalnik.pl\\\/blog\\\/wp-content\\\/uploads\\\/2024\\\/10\\\/Meindl-Litepeak-GTX-okladka.jpg\",\"@id\":\"https:\\\/\\\/www.skalnik.pl\\\/blog\\\/meindl-marka-obuwia-gorskiego-z-tradycjami\\\/#mainImage\",\"width\":1920,\"height\":706,\"caption\":\"Meindl Litepeak GTX\"},\"primaryImageOfPage\":{\"@id\":\"https:\\\/\\\/www.skalnik.pl\\\/blog\\\/meindl-marka-obuwia-gorskiego-z-tradycjami\\\/#mainImage\"},\"datePublished\":\"2024-12-24T10:35:54+02:00\",\"dateModified\":\"2025-01-10T17:58:42+02:00\"},{\"@type\":\"WebSite\",\"@id\":\"https:\\\/\\\/www.skalnik.pl\\\/blog\\\/#website\",\"url\":\"https:\\\/\\\/www.skalnik.pl\\\/blog\\\/\",\"name\":\"blog Skalnik\",\"description\":\"Blog, porady, artyku\\u0142y - blog Skalnik\",\"inLanguage\":\"pl-PL\",\"publisher\":{\"@id\":\"https:\\\/\\\/www.skalnik.pl\\\/blog\\\/#organization\"}}]}\n\t\t<\/script>\n\t\t<!-- All in One SEO -->\n\n","aioseo_head_json":{"title":"Meindl \u2013 marka obuwia g\u00f3rskiego z tradycjami - blog Skalnik","description":"Meindl to marka produkuj\u0105ca buty g\u00f3rskie i buty turystyczne. Zobacz jak powstaj\u0105 tradycyjne sk\u00f3rzane buty m\u0119skie i buty damskie, kt\u00f3re rz\u0105dz\u0105 na szlakach.","canonical_url":"https:\/\/www.skalnik.pl\/blog\/meindl-marka-obuwia-gorskiego-z-tradycjami\/","robots":"max-image-preview:large","keywords":"","webmasterTools":{"miscellaneous":""},"schema":{"@context":"https:\/\/schema.org","@graph":[{"@type":"BlogPosting","@id":"https:\/\/www.skalnik.pl\/blog\/meindl-marka-obuwia-gorskiego-z-tradycjami\/#blogposting","name":"Meindl \u2013 marka obuwia g\u00f3rskiego z tradycjami - blog Skalnik","headline":"Meindl &#8211; marka obuwia g\u00f3rskiego z tradycjami","author":{"@id":"https:\/\/www.skalnik.pl\/blog\/author\/anna-sliwa\/#author"},"publisher":{"@id":"https:\/\/www.skalnik.pl\/blog\/#organization"},"image":{"@type":"ImageObject","url":"https:\/\/www.skalnik.pl\/blog\/wp-content\/uploads\/2024\/10\/Meindl-Litepeak-GTX-okladka.jpg","width":1920,"height":706,"caption":"Meindl Litepeak GTX"},"datePublished":"2024-12-24T10:35:54+02:00","dateModified":"2025-01-10T17:58:42+02:00","inLanguage":"pl-PL","mainEntityOfPage":{"@id":"https:\/\/www.skalnik.pl\/blog\/meindl-marka-obuwia-gorskiego-z-tradycjami\/#webpage"},"isPartOf":{"@id":"https:\/\/www.skalnik.pl\/blog\/meindl-marka-obuwia-gorskiego-z-tradycjami\/#webpage"},"articleSection":"Baner g\u00f3rny, Bran\u017ca, buty trekkingowe, trekking, turystyka, 1135, 1142, 1034161, 597588, 611289, 611290, 611291, 616932, 616935, 699873, 699880"},{"@type":"BreadcrumbList","@id":"https:\/\/www.skalnik.pl\/blog\/meindl-marka-obuwia-gorskiego-z-tradycjami\/#breadcrumblist","itemListElement":[{"@type":"ListItem","@id":"https:\/\/www.skalnik.pl\/blog#listItem","position":1,"name":"Home","item":"https:\/\/www.skalnik.pl\/blog","nextItem":{"@type":"ListItem","@id":"https:\/\/www.skalnik.pl\/blog\/.\/baner-gorny\/#listItem","name":"Baner g\u00f3rny"}},{"@type":"ListItem","@id":"https:\/\/www.skalnik.pl\/blog\/.\/baner-gorny\/#listItem","position":2,"name":"Baner g\u00f3rny","item":"https:\/\/www.skalnik.pl\/blog\/.\/baner-gorny\/","nextItem":{"@type":"ListItem","@id":"https:\/\/www.skalnik.pl\/blog\/meindl-marka-obuwia-gorskiego-z-tradycjami\/#listItem","name":"Meindl &#8211; marka obuwia g\u00f3rskiego z tradycjami"},"previousItem":{"@type":"ListItem","@id":"https:\/\/www.skalnik.pl\/blog#listItem","name":"Home"}},{"@type":"ListItem","@id":"https:\/\/www.skalnik.pl\/blog\/meindl-marka-obuwia-gorskiego-z-tradycjami\/#listItem","position":3,"name":"Meindl &#8211; marka obuwia g\u00f3rskiego z tradycjami","previousItem":{"@type":"ListItem","@id":"https:\/\/www.skalnik.pl\/blog\/.\/baner-gorny\/#listItem","name":"Baner g\u00f3rny"}}]},{"@type":"Organization","@id":"https:\/\/www.skalnik.pl\/blog\/#organization","name":"blog Skalnik","description":"Blog, porady, artyku\u0142y - blog Skalnik","url":"https:\/\/www.skalnik.pl\/blog\/"},{"@type":"Person","@id":"https:\/\/www.skalnik.pl\/blog\/author\/anna-sliwa\/#author","url":"https:\/\/www.skalnik.pl\/blog\/author\/anna-sliwa\/","name":"Anna \u015aliwa","image":{"@type":"ImageObject","@id":"https:\/\/www.skalnik.pl\/blog\/meindl-marka-obuwia-gorskiego-z-tradycjami\/#authorImage","url":"https:\/\/secure.gravatar.com\/avatar\/e8300be3de710e2e109e5dfbf092dcf827242ec8071807a1e13f6b3f7c9bbd79?s=96&d=mm&r=g","width":96,"height":96,"caption":"Anna \u015aliwa"}},{"@type":"WebPage","@id":"https:\/\/www.skalnik.pl\/blog\/meindl-marka-obuwia-gorskiego-z-tradycjami\/#webpage","url":"https:\/\/www.skalnik.pl\/blog\/meindl-marka-obuwia-gorskiego-z-tradycjami\/","name":"Meindl \u2013 marka obuwia g\u00f3rskiego z tradycjami - blog Skalnik","description":"Meindl to marka produkuj\u0105ca buty g\u00f3rskie i buty turystyczne. Zobacz jak powstaj\u0105 tradycyjne sk\u00f3rzane buty m\u0119skie i buty damskie, kt\u00f3re rz\u0105dz\u0105 na szlakach.","inLanguage":"pl-PL","isPartOf":{"@id":"https:\/\/www.skalnik.pl\/blog\/#website"},"breadcrumb":{"@id":"https:\/\/www.skalnik.pl\/blog\/meindl-marka-obuwia-gorskiego-z-tradycjami\/#breadcrumblist"},"author":{"@id":"https:\/\/www.skalnik.pl\/blog\/author\/anna-sliwa\/#author"},"creator":{"@id":"https:\/\/www.skalnik.pl\/blog\/author\/anna-sliwa\/#author"},"image":{"@type":"ImageObject","url":"https:\/\/www.skalnik.pl\/blog\/wp-content\/uploads\/2024\/10\/Meindl-Litepeak-GTX-okladka.jpg","@id":"https:\/\/www.skalnik.pl\/blog\/meindl-marka-obuwia-gorskiego-z-tradycjami\/#mainImage","width":1920,"height":706,"caption":"Meindl Litepeak GTX"},"primaryImageOfPage":{"@id":"https:\/\/www.skalnik.pl\/blog\/meindl-marka-obuwia-gorskiego-z-tradycjami\/#mainImage"},"datePublished":"2024-12-24T10:35:54+02:00","dateModified":"2025-01-10T17:58:42+02:00"},{"@type":"WebSite","@id":"https:\/\/www.skalnik.pl\/blog\/#website","url":"https:\/\/www.skalnik.pl\/blog\/","name":"blog Skalnik","description":"Blog, porady, artyku\u0142y - blog Skalnik","inLanguage":"pl-PL","publisher":{"@id":"https:\/\/www.skalnik.pl\/blog\/#organization"}}]},"og:locale":"pl_PL","og:site_name":"blog Skalnik - Blog, porady, artyku\u0142y - blog Skalnik","og:type":"article","og:title":"Meindl \u2013 marka obuwia g\u00f3rskiego z tradycjami - blog Skalnik","og:description":"Meindl to marka produkuj\u0105ca buty g\u00f3rskie i buty turystyczne. Zobacz jak powstaj\u0105 tradycyjne sk\u00f3rzane buty m\u0119skie i buty damskie, kt\u00f3re rz\u0105dz\u0105 na szlakach.","og:url":"https:\/\/www.skalnik.pl\/blog\/meindl-marka-obuwia-gorskiego-z-tradycjami\/","og:image":"https:\/\/www.skalnik.pl\/blog\/wp-content\/uploads\/2024\/10\/Klasyczne-skorzane-buty-foto-Miendl.jpg","og:image:secure_url":"https:\/\/www.skalnik.pl\/blog\/wp-content\/uploads\/2024\/10\/Klasyczne-skorzane-buty-foto-Miendl.jpg","og:image:width":1024,"og:image:height":683,"article:tag":["baner g\u00f3rny","bran\u017ca","buty trekkingowe","trekking","turystyka"],"article:published_time":"2024-12-24T08:35:54+00:00","article:modified_time":"2025-01-10T15:58:42+00:00","twitter:card":"summary_large_image","twitter:title":"Meindl \u2013 marka obuwia g\u00f3rskiego z tradycjami - blog Skalnik","twitter:description":"Meindl to marka produkuj\u0105ca buty g\u00f3rskie i buty turystyczne. Zobacz jak powstaj\u0105 tradycyjne sk\u00f3rzane buty m\u0119skie i buty damskie, kt\u00f3re rz\u0105dz\u0105 na szlakach.","twitter:image":"https:\/\/www.skalnik.pl\/blog\/wp-content\/uploads\/2024\/10\/Klasyczne-skorzane-buty-foto-Miendl.jpg"},"aioseo_meta_data":{"post_id":"26593","title":null,"description":"Meindl to marka produkuj\u0105ca buty g\u00f3rskie i buty turystyczne. Zobacz jak powstaj\u0105 tradycyjne sk\u00f3rzane buty m\u0119skie i buty damskie, kt\u00f3re rz\u0105dz\u0105 na szlakach.","keywords":[],"keyphrases":{"focus":{"keyphrase":" meindl","score":90,"analysis":{"keyphraseInTitle":{"score":9,"maxScore":9,"error":0},"keyphraseInDescription":{"score":9,"maxScore":9,"error":0},"keyphraseLength":{"score":9,"maxScore":9,"error":0,"length":1},"keyphraseInURL":{"score":5,"maxScore":5,"error":0},"keyphraseInIntroduction":{"score":9,"maxScore":9,"error":0},"keyphraseInSubHeadings":{"score":3,"maxScore":9,"error":1},"keyphraseInImageAlt":{"score":9,"maxScore":9,"error":0}}},"additional":[]},"primary_term":null,"canonical_url":null,"og_title":null,"og_description":null,"og_object_type":"default","og_image_type":"default","og_image_url":null,"og_image_width":null,"og_image_height":null,"og_image_custom_url":null,"og_image_custom_fields":null,"og_video":"","og_custom_url":null,"og_article_section":null,"og_article_tags":[],"twitter_use_og":false,"twitter_card":"default","twitter_image_type":"default","twitter_image_url":null,"twitter_image_custom_url":null,"twitter_image_custom_fields":null,"twitter_title":null,"twitter_description":null,"schema":{"blockGraphs":[],"customGraphs":[],"default":{"data":{"Article":[],"Course":[],"Dataset":[],"FAQPage":[],"Movie":[],"Person":[],"Product":[],"ProductReview":[],"Car":[],"Recipe":[],"Service":[],"SoftwareApplication":[],"WebPage":[]},"graphName":"","isEnabled":true},"graphs":[]},"schema_type":"default","schema_type_options":null,"pillar_content":false,"robots_default":true,"robots_noindex":false,"robots_noarchive":false,"robots_nosnippet":false,"robots_nofollow":false,"robots_noimageindex":false,"robots_noodp":false,"robots_notranslate":false,"robots_max_snippet":"-1","robots_max_videopreview":"-1","robots_max_imagepreview":"large","priority":null,"frequency":"default","local_seo":null,"breadcrumb_settings":null,"limit_modified_date":false,"ai":null,"created":"2024-10-21 13:11:26","updated":"2026-02-17 22:57:38","seo_analyzer_scan_date":null},"aioseo_breadcrumb":"<div class=\"aioseo-breadcrumbs\"><span class=\"aioseo-breadcrumb\">\n\t\t\t<a href=\"https:\/\/www.skalnik.pl\/blog\" title=\"Home\">Home<\/a>\n\t\t<\/span><span class=\"aioseo-breadcrumb-separator\">&raquo;<\/span><span class=\"aioseo-breadcrumb\">\n\t\t\t<a href=\"https:\/\/www.skalnik.pl\/blog\/.\/baner-gorny\/\" title=\"Baner g\u00f3rny\">Baner g\u00f3rny<\/a>\n\t\t<\/span><span class=\"aioseo-breadcrumb-separator\">&raquo;<\/span><span class=\"aioseo-breadcrumb\">\n\t\t\tMeindl \u2013 marka obuwia g\u00f3rskiego z tradycjami\n\t\t<\/span><\/div>","aioseo_breadcrumb_json":[{"label":"Home","link":"https:\/\/www.skalnik.pl\/blog"},{"label":"Baner g\u00f3rny","link":"https:\/\/www.skalnik.pl\/blog\/.\/baner-gorny\/"},{"label":"Meindl &#8211; marka obuwia g\u00f3rskiego z tradycjami","link":"https:\/\/www.skalnik.pl\/blog\/meindl-marka-obuwia-gorskiego-z-tradycjami\/"}],"_links":{"self":[{"href":"https:\/\/www.skalnik.pl\/blog\/wp-json\/wp\/v2\/posts\/26593","targetHints":{"allow":["GET"]}}],"collection":[{"href":"https:\/\/www.skalnik.pl\/blog\/wp-json\/wp\/v2\/posts"}],"about":[{"href":"https:\/\/www.skalnik.pl\/blog\/wp-json\/wp\/v2\/types\/post"}],"author":[{"embeddable":true,"href":"https:\/\/www.skalnik.pl\/blog\/wp-json\/wp\/v2\/users\/41"}],"replies":[{"embeddable":true,"href":"https:\/\/www.skalnik.pl\/blog\/wp-json\/wp\/v2\/comments?post=26593"}],"version-history":[{"count":10,"href":"https:\/\/www.skalnik.pl\/blog\/wp-json\/wp\/v2\/posts\/26593\/revisions"}],"predecessor-version":[{"id":27071,"href":"https:\/\/www.skalnik.pl\/blog\/wp-json\/wp\/v2\/posts\/26593\/revisions\/27071"}],"wp:featuredmedia":[{"embeddable":true,"href":"https:\/\/www.skalnik.pl\/blog\/wp-json\/wp\/v2\/media\/26594"}],"wp:attachment":[{"href":"https:\/\/www.skalnik.pl\/blog\/wp-json\/wp\/v2\/media?parent=26593"}],"wp:term":[{"taxonomy":"category","embeddable":true,"href":"https:\/\/www.skalnik.pl\/blog\/wp-json\/wp\/v2\/categories?post=26593"},{"taxonomy":"post_tag","embeddable":true,"href":"https:\/\/www.skalnik.pl\/blog\/wp-json\/wp\/v2\/tags?post=26593"},{"taxonomy":"magento_category","embeddable":true,"href":"https:\/\/www.skalnik.pl\/blog\/wp-json\/wp\/v2\/magento_category?post=26593"},{"taxonomy":"magento_product","embeddable":true,"href":"https:\/\/www.skalnik.pl\/blog\/wp-json\/wp\/v2\/magento_product?post=26593"}],"curies":[{"name":"wp","href":"https:\/\/api.w.org\/{rel}","templated":true}]}}