{"id":2668,"date":"2018-01-09T11:47:07","date_gmt":"2018-01-09T10:47:07","guid":{"rendered":"https:\/\/skalnik.pl\/blog\/?p=2668"},"modified":"2025-07-11T14:45:08","modified_gmt":"2025-07-11T12:45:08","slug":"komu-w-droge-temu-trek","status":"publish","type":"post","link":"https:\/\/www.skalnik.pl\/blog\/komu-w-droge-temu-trek\/","title":{"rendered":"Komu w drog\u0119, temu trek"},"content":{"rendered":"<p><b><img loading=\"lazy\" decoding=\"async\" class=\"alignleft wp-image-2672 size-full\" src=\"https:\/\/skalnik.pl\/blog\/wp-content\/uploads\/2018\/07\/portret-1.jpg\" alt=\"Mateusz Walig\u00f3ra\" width=\"355\" height=\"355\" srcset=\"https:\/\/www.skalnik.pl\/blog\/wp-content\/uploads\/2018\/07\/portret-1.jpg 355w, https:\/\/www.skalnik.pl\/blog\/wp-content\/uploads\/2018\/07\/portret-1-300x300.jpg 300w\" sizes=\"auto, (max-width: 355px) 100vw, 355px\" \/>TEMAT:<\/b><\/p>\n<p>Komu w drog\u0119, temu trek<\/p>\n<p><b>PRELEGENT:<\/b><\/p>\n<p>Mateusz Walig\u00f3ra<\/p>\n<p><b>MIEJSCE:<\/b><\/p>\n<p>Wybrze\u017ce Wyspia\u0144skiego 27, Budynek A1 PWR, Sala 329, Wroc\u0142aw<\/p>\n<p><b>DATA:<\/b><\/p>\n<p>09.01.2018 19:00<\/p>\n<p>Nie przegap pierwszych Spotka\u0144 z G\u00f3rami w 2018 r. Tym razem naszym go\u015bciem b\u0119dzie Mateusz Walig\u00f3ra \u2013 spec od wypraw z plecakiem w najbardziej odludne miejsca.<\/p>\n<p>Tym razem Mateusz zabierze nas w kilka niezwyk\u0142ych miejsc, do kt\u00f3rych podr\u00f3\u017cowa\u0142 w trakcie swoich trekking\u00f3w. Przygotujcie si\u0119 na pi\u0119kne slajdy i ciekawe opowie\u015bci. Zobaczymy lodowe \u015bciany boliwijskiej Kordyliery Kr\u00f3lewskiej, zaw\u0119drujemy w himalajski base camp, a tak\u017ce przemierzymy z fotografiami i ciekaw\u0105 histori\u0105 norweski p\u0142askowy\u017c Hardangervidda, kt\u00f3ry Mateusz przemierzy\u0142 samotnie na rakietach \u015bnie\u017cnych. Na najbli\u017cszym spotkaniu nie zabraknie r\u00f3wnie\u017c relacji z ostatniego projektu \u201eBefore It Is Gone\u201d, czyli podr\u00f3\u017cy w miejsca, kt\u00f3rych wyj\u0105tkowy charakter mo\u017ce nied\u0142ugo znikn\u0105\u0107. W ramach tego projektu Mateusz odwiedzi\u0142 ju\u017c (wraz z Micha\u0142em Dzikowskim i towarzyszami) indyjskie Himalaje oraz peruwia\u0144skie pasmo Cordillera de Vilcabamba. Skorzystaj z zaproszenia na pi\u0119kne trekkingowe trasy i pos\u0142uchaj do\u015bwiadczonego podr\u00f3\u017cnika, przewodnika wypraw trekkingowych i autora ksi\u0105\u017cki \u201eTREK. Od marzenia do przygody\u201d.<\/p>\n<div class=\"page_gallery\">\n\n\t\t<style type=\"text\/css\">\n\t\t\t#gallery-1 {\n\t\t\t\tmargin: auto;\n\t\t\t}\n\t\t\t#gallery-1 .gallery-item {\n\t\t\t\tfloat: left;\n\t\t\t\tmargin-top: 10px;\n\t\t\t\ttext-align: center;\n\t\t\t\twidth: 33%;\n\t\t\t}\n\t\t\t#gallery-1 img {\n\t\t\t\tborder: 2px solid #cfcfcf;\n\t\t\t}\n\t\t\t#gallery-1 .gallery-caption {\n\t\t\t\tmargin-left: 0;\n\t\t\t}\n\t\t\t\/* see gallery_shortcode() in wp-includes\/media.php *\/\n\t\t<\/style>\n\t\t<div id='gallery-1' class='gallery galleryid-2668 gallery-columns-3 gallery-size-full'><dl class='gallery-item'>\n\t\t\t<dt class='gallery-icon landscape'>\n\t\t\t\t<img loading=\"lazy\" decoding=\"async\" width=\"1200\" height=\"800\" src=\"https:\/\/www.skalnik.pl\/blog\/wp-content\/uploads\/2018\/07\/KWDTT03.jpg\" class=\"attachment-full size-full\" alt=\"Mateusz Walig\u00f3ra\" srcset=\"https:\/\/www.skalnik.pl\/blog\/wp-content\/uploads\/2018\/07\/KWDTT03.jpg 1200w, https:\/\/www.skalnik.pl\/blog\/wp-content\/uploads\/2018\/07\/KWDTT03-300x200.jpg 300w, https:\/\/www.skalnik.pl\/blog\/wp-content\/uploads\/2018\/07\/KWDTT03-768x512.jpg 768w, https:\/\/www.skalnik.pl\/blog\/wp-content\/uploads\/2018\/07\/KWDTT03-1024x683.jpg 1024w\" sizes=\"auto, (max-width: 1200px) 100vw, 1200px\" \/>\n\t\t\t<\/dt><\/dl><dl class='gallery-item'>\n\t\t\t<dt class='gallery-icon landscape'>\n\t\t\t\t<img loading=\"lazy\" decoding=\"async\" width=\"1200\" height=\"801\" src=\"https:\/\/www.skalnik.pl\/blog\/wp-content\/uploads\/2018\/07\/KWDTT01.jpg\" class=\"attachment-full size-full\" alt=\"Mateusz Walig\u00f3ra\" srcset=\"https:\/\/www.skalnik.pl\/blog\/wp-content\/uploads\/2018\/07\/KWDTT01.jpg 1200w, https:\/\/www.skalnik.pl\/blog\/wp-content\/uploads\/2018\/07\/KWDTT01-300x200.jpg 300w, https:\/\/www.skalnik.pl\/blog\/wp-content\/uploads\/2018\/07\/KWDTT01-768x513.jpg 768w, https:\/\/www.skalnik.pl\/blog\/wp-content\/uploads\/2018\/07\/KWDTT01-1024x684.jpg 1024w\" sizes=\"auto, (max-width: 1200px) 100vw, 1200px\" \/>\n\t\t\t<\/dt><\/dl><dl class='gallery-item'>\n\t\t\t<dt class='gallery-icon landscape'>\n\t\t\t\t<img loading=\"lazy\" decoding=\"async\" width=\"1200\" height=\"800\" src=\"https:\/\/www.skalnik.pl\/blog\/wp-content\/uploads\/2018\/07\/KWDTT02.jpg\" class=\"attachment-full size-full\" alt=\"Mateusz Walig\u00f3ra\" srcset=\"https:\/\/www.skalnik.pl\/blog\/wp-content\/uploads\/2018\/07\/KWDTT02.jpg 1200w, https:\/\/www.skalnik.pl\/blog\/wp-content\/uploads\/2018\/07\/KWDTT02-300x200.jpg 300w, https:\/\/www.skalnik.pl\/blog\/wp-content\/uploads\/2018\/07\/KWDTT02-768x512.jpg 768w, https:\/\/www.skalnik.pl\/blog\/wp-content\/uploads\/2018\/07\/KWDTT02-1024x683.jpg 1024w\" sizes=\"auto, (max-width: 1200px) 100vw, 1200px\" \/>\n\t\t\t<\/dt><\/dl><br style=\"clear: both\" \/><dl class='gallery-item'>\n\t\t\t<dt class='gallery-icon landscape'>\n\t\t\t\t<img loading=\"lazy\" decoding=\"async\" width=\"1200\" height=\"800\" src=\"https:\/\/www.skalnik.pl\/blog\/wp-content\/uploads\/2018\/07\/KWDTT05.jpg\" class=\"attachment-full size-full\" alt=\"Mateusz Walig\u00f3ra\" srcset=\"https:\/\/www.skalnik.pl\/blog\/wp-content\/uploads\/2018\/07\/KWDTT05.jpg 1200w, https:\/\/www.skalnik.pl\/blog\/wp-content\/uploads\/2018\/07\/KWDTT05-300x200.jpg 300w, https:\/\/www.skalnik.pl\/blog\/wp-content\/uploads\/2018\/07\/KWDTT05-768x512.jpg 768w, https:\/\/www.skalnik.pl\/blog\/wp-content\/uploads\/2018\/07\/KWDTT05-1024x683.jpg 1024w\" sizes=\"auto, (max-width: 1200px) 100vw, 1200px\" \/>\n\t\t\t<\/dt><\/dl>\n\t\t\t<br style='clear: both' \/>\n\t\t<\/div>\n\n<\/div>\n<div id=\"ez-toc-container\" class=\"ez-toc-v2_0_85 counter-hierarchy ez-toc-counter ez-toc-light-blue ez-toc-container-direction\">\n<div class=\"ez-toc-title-container\">\n<p class=\"ez-toc-title\" style=\"cursor:inherit\">SPIS TRE\u015aCI <\/p>\n<span class=\"ez-toc-title-toggle\"><a href=\"#\" class=\"ez-toc-pull-right ez-toc-btn ez-toc-btn-xs ez-toc-btn-default ez-toc-toggle\" aria-label=\"Prze\u0142\u0105cznik Spisu Tre\u015bci\"><span class=\"ez-toc-js-icon-con\"><span class=\"\"><span class=\"eztoc-hide\" style=\"display:none;\">Toggle<\/span><span class=\"ez-toc-icon-toggle-span\"><svg style=\"fill: #999;color:#999\" xmlns=\"http:\/\/www.w3.org\/2000\/svg\" class=\"list-377408\" width=\"20px\" height=\"20px\" viewBox=\"0 0 24 24\" fill=\"none\"><path d=\"M6 6H4v2h2V6zm14 0H8v2h12V6zM4 11h2v2H4v-2zm16 0H8v2h12v-2zM4 16h2v2H4v-2zm16 0H8v2h12v-2z\" fill=\"currentColor\"><\/path><\/svg><svg style=\"fill: #999;color:#999\" class=\"arrow-unsorted-368013\" xmlns=\"http:\/\/www.w3.org\/2000\/svg\" width=\"10px\" height=\"10px\" viewBox=\"0 0 24 24\" version=\"1.2\" baseProfile=\"tiny\"><path d=\"M18.2 9.3l-6.2-6.3-6.2 6.3c-.2.2-.3.4-.3.7s.1.5.3.7c.2.2.4.3.7.3h11c.3 0 .5-.1.7-.3.2-.2.3-.5.3-.7s-.1-.5-.3-.7zM5.8 14.7l6.2 6.3 6.2-6.3c.2-.2.3-.5.3-.7s-.1-.5-.3-.7c-.2-.2-.4-.3-.7-.3h-11c-.3 0-.5.1-.7.3-.2.2-.3.5-.3.7s.1.5.3.7z\"\/><\/svg><\/span><\/span><\/span><\/a><\/span><\/div>\n<nav><ul class='ez-toc-list ez-toc-list-level-1 ' ><li class='ez-toc-page-1 ez-toc-heading-level-2'><a class=\"ez-toc-link ez-toc-heading-1\" href=\"https:\/\/www.skalnik.pl\/blog\/komu-w-droge-temu-trek\/#Mateusz_Waligora\" >Mateusz Walig\u00f3ra:<\/a><\/li><li class='ez-toc-page-1 ez-toc-heading-level-2'><a class=\"ez-toc-link ez-toc-heading-2\" href=\"https:\/\/www.skalnik.pl\/blog\/komu-w-droge-temu-trek\/#Sponsorzy\" >Sponsorzy<\/a><\/li><\/ul><\/nav><\/div>\n<h2><span class=\"ez-toc-section\" id=\"Mateusz_Waligora\"><\/span><strong>Mateusz Walig\u00f3ra:<\/strong><span class=\"ez-toc-section-end\"><\/span><\/h2>\n<p>Mateusz Walig\u00f3ra to podr\u00f3\u017cnik, kt\u00f3ry od wielu lat pieszo, na rowerze i rakietach \u015bnie\u017cnych, podr\u00f3\u017cuje szlakiem niezwyk\u0142ych przyg\u00f3d. Okre\u015blaj\u0105c siebie m\u00f3wi, \u017ce jest uzale\u017cniony od przyg\u00f3d i podr\u00f3\u017cy, ale to nie tylko pi\u0119kne krajobrazy czy emocje, jakie wyzwala podr\u00f3\u017c, s\u0105 dla niego bod\u017acem do wyruszenia na trekking. Podr\u00f3\u017cowanie to dla naszego kolejnego go\u015bcia r\u00f3wnie\u017c spotkanie z lud\u017ami, problemami ich codzienno\u015bci oraz ich zwyczajami i kultur\u0105. \u015awiadczy o tym cho\u0107by ostatni projekt \u201eBefeore It Is Gone\u201d, w kt\u00f3rym Mateusz i Micha\u0142 Dzikowski wyprawiaj\u0105 si\u0119 w miejsca, kt\u00f3re szybko zmieniaj\u0105 si\u0119 lub gin\u0105 na skutek rozwoju cywilizacji i degradacji \u015brodowiska. Mateusz szczeg\u00f3lnie upodoba\u0142 sobie odludne miejsca, takie jak g\u00f3ry i pustynie. Na koncie ma rowerowy trawers And\u00f3w, rowerow\u0105 podr\u00f3\u017c przez najtrudniejsz\u0105 drog\u0119 wytyczon\u0105 na ziemi (Canning Stock Route w Australii Zachodniej) czy piesz\u0105 w\u0119dr\u00f3wk\u0119 przez najwi\u0119ksz\u0105 soln\u0105 pustyni\u0119 \u015bwiata \u2013 Salar de Uyuni w Boliwii. Jego wyprawy doceniane by\u0142y na najwi\u0119kszych festiwalach podr\u00f3\u017cniczych, a relacje i reporta\u017ce z podr\u00f3\u017cy publikowane na \u0142amach presti\u017cowych pism. W 2017 r. wydawnictwo Agora opublikowa\u0142o ksi\u0105\u017ck\u0119 \u201eTREK. Od marzenia do przygody\u201d, kt\u00f3ra na Festiwalu G\u00f3rskim w L\u0105dku nagrodzona zosta\u0142a tytu\u0142em &#8222;Ksi\u0105\u017cki G\u00f3rskiej Roku&#8221; w kategorii &#8222;Przewodniki i poradniki g\u00f3rskie&#8221;. O naszym prelegencie mo\u017cesz dowiedzie\u0107 si\u0119 wi\u0119cej odwiedzaj\u0105c jego stron\u0119&nbsp;<a href=\"http:\/\/www.mateuszwaligora.com\/\" target=\"_blank\" rel=\"noopener\">www.mateuszwaligora.com<\/a>&nbsp;oraz jego&nbsp;<a href=\"https:\/\/www.facebook.com\/NaKrancachSwiata\/?ref=m_notif&amp;notif_t=like\" target=\"_blank\" rel=\"noopener\">fanpage<\/a>.<\/p>\n<p>Na spotkanie \u201cKomu w drog\u0119, temu TREK\u201d zapraszaj\u0105 sklepy G\u00f3rskie Skalnik, Dyskusyjny Klub Filmowy DKF Politechnika, Politechnika Wroc\u0142awska, wspinanie.pl, Silver Rock, Volven, VI.6+ oraz marki Fjallraven, Primus i Hanwag, kt\u00f3rych podr\u00f3\u017cnik jest ambasadorem.<\/p>\n<p>Spotkanie b\u0119dzie okazj\u0105 do wys\u0142uchania prelekcji i rozmowy z naszym go\u015bciem. B\u0119dzie to r\u00f3wnie\u017c okazja do kupienia ksi\u0105\u017cki Mateusza Walig\u00f3ry, oczywi\u015bcie w promocyjnej cenie. Spotkajmy si\u0119!<\/p>\n<p>Dla tych, kt\u00f3rzy nie mog\u0105 przyby\u0107 na spotkanie przygotujemy&nbsp;<a href=\"https:\/\/skalnik.pl\/spotkania-live-a\" target=\"_blank\" rel=\"noopener\">transmisj\u0119 live<\/a>, a ksi\u0105\u017ck\u0119 Trek mo\u017cecie kupi\u0107&nbsp;<a href=\"https:\/\/skalnik.pl\/ksiegarnia-ksiazki,ksiazka-trek-od-marzenia-do-przygody,192-k-19937-59491-p\" target=\"_blank\" rel=\"noopener\">tutaj<\/a>.<\/p>\n<p><iframe loading=\"lazy\" src=\"https:\/\/www.youtube.com\/embed\/mA02oHTIwF0?rel=0\" width=\"560\" height=\"315\" frameborder=\"0\" allowfullscreen=\"allowfullscreen\"><\/iframe><\/p>\n<div class=\"sponsors\">\n<h2><span class=\"ez-toc-section\" id=\"Sponsorzy\"><\/span>Sponsorzy<span class=\"ez-toc-section-end\"><\/span><\/h2>\n\n\t\t<style type=\"text\/css\">\n\t\t\t#gallery-2 {\n\t\t\t\tmargin: auto;\n\t\t\t}\n\t\t\t#gallery-2 .gallery-item {\n\t\t\t\tfloat: left;\n\t\t\t\tmargin-top: 10px;\n\t\t\t\ttext-align: center;\n\t\t\t\twidth: 20%;\n\t\t\t}\n\t\t\t#gallery-2 img {\n\t\t\t\tborder: 2px solid #cfcfcf;\n\t\t\t}\n\t\t\t#gallery-2 .gallery-caption {\n\t\t\t\tmargin-left: 0;\n\t\t\t}\n\t\t\t\/* see gallery_shortcode() in wp-includes\/media.php *\/\n\t\t<\/style>\n\t\t<div id='gallery-2' class='gallery galleryid-2668 gallery-columns-5 gallery-size-thumbnail'><dl class='gallery-item'>\n\t\t\t<dt class='gallery-icon landscape'>\n\t\t\t\t<img loading=\"lazy\" decoding=\"async\" width=\"150\" height=\"150\" src=\"https:\/\/www.skalnik.pl\/blog\/wp-content\/uploads\/2016\/10\/74236798.jpg\" class=\"attachment-thumbnail size-thumbnail\" alt=\"skalnik logo\" \/>\n\t\t\t<\/dt><\/dl><dl class='gallery-item'>\n\t\t\t<dt class='gallery-icon landscape'>\n\t\t\t\t<img loading=\"lazy\" decoding=\"async\" width=\"150\" height=\"150\" src=\"https:\/\/www.skalnik.pl\/blog\/wp-content\/uploads\/2016\/10\/18654627.jpg\" class=\"attachment-thumbnail size-thumbnail\" alt=\"DKF logo\" \/>\n\t\t\t<\/dt><\/dl><dl class='gallery-item'>\n\t\t\t<dt class='gallery-icon landscape'>\n\t\t\t\t<img loading=\"lazy\" decoding=\"async\" width=\"150\" height=\"150\" src=\"https:\/\/www.skalnik.pl\/blog\/wp-content\/uploads\/2016\/10\/55774142.jpg\" class=\"attachment-thumbnail size-thumbnail\" alt=\"Politechnika logo\" \/>\n\t\t\t<\/dt><\/dl><dl class='gallery-item'>\n\t\t\t<dt class='gallery-icon landscape'>\n\t\t\t\t<img loading=\"lazy\" decoding=\"async\" width=\"150\" height=\"150\" src=\"https:\/\/www.skalnik.pl\/blog\/wp-content\/uploads\/2016\/10\/64382480.jpg\" class=\"attachment-thumbnail size-thumbnail\" alt=\"VI.6+ logo\" \/>\n\t\t\t<\/dt><\/dl><dl class='gallery-item'>\n\t\t\t<dt class='gallery-icon landscape'>\n\t\t\t\t<img loading=\"lazy\" decoding=\"async\" width=\"150\" height=\"150\" src=\"https:\/\/www.skalnik.pl\/blog\/wp-content\/uploads\/2016\/10\/25112021.jpg\" class=\"attachment-thumbnail size-thumbnail\" alt=\"volven logo\" \/>\n\t\t\t<\/dt><\/dl><br style=\"clear: both\" \/><dl class='gallery-item'>\n\t\t\t<dt class='gallery-icon landscape'>\n\t\t\t\t<img loading=\"lazy\" decoding=\"async\" width=\"150\" height=\"150\" src=\"https:\/\/www.skalnik.pl\/blog\/wp-content\/uploads\/2018\/07\/images.png\" class=\"attachment-thumbnail size-thumbnail\" alt=\"silver rock logo\" \/>\n\t\t\t<\/dt><\/dl><dl class='gallery-item'>\n\t\t\t<dt class='gallery-icon landscape'>\n\t\t\t\t<img loading=\"lazy\" decoding=\"async\" width=\"150\" height=\"150\" src=\"https:\/\/www.skalnik.pl\/blog\/wp-content\/uploads\/2018\/07\/23800164.jpg\" class=\"attachment-thumbnail size-thumbnail\" alt=\"Fjallraven logo\" \/>\n\t\t\t<\/dt><\/dl><dl class='gallery-item'>\n\t\t\t<dt class='gallery-icon landscape'>\n\t\t\t\t<img loading=\"lazy\" decoding=\"async\" width=\"150\" height=\"150\" src=\"https:\/\/www.skalnik.pl\/blog\/wp-content\/uploads\/2018\/07\/pobrane.jpg\" class=\"attachment-thumbnail size-thumbnail\" alt=\"Hanwag logo\" \/>\n\t\t\t<\/dt><\/dl><dl class='gallery-item'>\n\t\t\t<dt class='gallery-icon landscape'>\n\t\t\t\t<img loading=\"lazy\" decoding=\"async\" width=\"150\" height=\"150\" src=\"https:\/\/www.skalnik.pl\/blog\/wp-content\/uploads\/2018\/07\/29435797.jpg\" class=\"attachment-thumbnail size-thumbnail\" alt=\"primus logo\" \/>\n\t\t\t<\/dt><\/dl>\n\t\t\t<br style='clear: both' \/>\n\t\t<\/div>\n\n<\/div>\n","protected":false},"excerpt":{"rendered":"<p>TEMAT: Komu w drog\u0119, temu trek PRELEGENT: Mateusz Walig\u00f3ra MIEJSCE: Wybrze\u017ce Wyspia\u0144skiego 27, Budynek A1 PWR, Sala 329, Wroc\u0142aw DATA: 09.01.2018 19:00 Nie przegap pierwszych Spotka\u0144 z G\u00f3rami w 2018 r. Tym razem naszym go\u015bciem b\u0119dzie Mateusz Walig\u00f3ra \u2013 spec od wypraw z plecakiem w najbardziej odludne miejsca. Tym razem Mateusz zabierze nas w kilka [&hellip;]<\/p>\n","protected":false},"author":10,"featured_media":2673,"comment_status":"open","ping_status":"open","sticky":false,"template":"","format":"standard","meta":{"_acf_changed":false,"footnotes":""},"categories":[9],"tags":[202],"magento_category":[],"magento_product":[],"class_list":["post-2668","post","type-post","status-publish","format-standard","has-post-thumbnail","hentry","category-spotkania-z-gorami","tag-spotkania-z-gorami"],"acf":[],"aioseo_notices":[],"aioseo_head":"\n\t\t<!-- All in One SEO 4.9.10 - aioseo.com -->\n\t<meta name=\"description\" content=\"Tym razem Mateusz zabierze nas w kilka niezwyk\u0142ych miejsc, do kt\u00f3rych podr\u00f3\u017cowa\u0142 w trakcie swoich trekking\u00f3w. Przygotujcie si\u0119 na pi\u0119kne slajdy i ciekawe opowie\u015bci.\" \/>\n\t<meta name=\"robots\" content=\"noindex, nofollow, max-snippet:-1, max-image-preview:large, max-video-preview:-1\" \/>\n\t<meta name=\"author\" content=\"Spotkania z G\u00f3rami\"\/>\n\t<link rel=\"canonical\" href=\"https:\/\/www.skalnik.pl\/blog\/komu-w-droge-temu-trek\/\" \/>\n\t<meta name=\"generator\" content=\"All in One SEO (AIOSEO) 4.9.10\" \/>\n\t\t<meta property=\"og:locale\" content=\"pl_PL\" \/>\n\t\t<meta property=\"og:site_name\" content=\"blog Skalnik - Blog, porady, artyku\u0142y - blog Skalnik\" \/>\n\t\t<meta property=\"og:type\" content=\"article\" \/>\n\t\t<meta property=\"og:title\" content=\"Komu w drog\u0119, temu trek - blog Skalnik\" \/>\n\t\t<meta property=\"og:description\" content=\"Tym razem Mateusz zabierze nas w kilka niezwyk\u0142ych miejsc, do kt\u00f3rych podr\u00f3\u017cowa\u0142 w trakcie swoich trekking\u00f3w. Przygotujcie si\u0119 na pi\u0119kne slajdy i ciekawe opowie\u015bci.\" \/>\n\t\t<meta property=\"og:url\" content=\"https:\/\/www.skalnik.pl\/blog\/komu-w-droge-temu-trek\/\" \/>\n\t\t<meta property=\"og:image\" content=\"https:\/\/skalnik.pl\/blog\/wp-content\/uploads\/2018\/07\/portret-1.jpg\" \/>\n\t\t<meta property=\"og:image:secure_url\" content=\"https:\/\/skalnik.pl\/blog\/wp-content\/uploads\/2018\/07\/portret-1.jpg\" \/>\n\t\t<meta property=\"article:tag\" content=\"spotkania z g\u00f3rami\" \/>\n\t\t<meta property=\"article:published_time\" content=\"2018-01-09T10:47:07+00:00\" \/>\n\t\t<meta property=\"article:modified_time\" content=\"2025-07-11T12:45:08+00:00\" \/>\n\t\t<meta name=\"twitter:card\" content=\"summary_large_image\" \/>\n\t\t<meta name=\"twitter:title\" content=\"Komu w drog\u0119, temu trek - blog Skalnik\" \/>\n\t\t<meta name=\"twitter:description\" content=\"Tym razem Mateusz zabierze nas w kilka niezwyk\u0142ych miejsc, do kt\u00f3rych podr\u00f3\u017cowa\u0142 w trakcie swoich trekking\u00f3w. Przygotujcie si\u0119 na pi\u0119kne slajdy i ciekawe opowie\u015bci.\" \/>\n\t\t<meta name=\"twitter:image\" content=\"https:\/\/skalnik.pl\/blog\/wp-content\/uploads\/2018\/07\/portret-1.jpg\" \/>\n\t\t<script type=\"application\/ld+json\" class=\"aioseo-schema\">\n\t\t\t{\"@context\":\"https:\\\/\\\/schema.org\",\"@graph\":[{\"@type\":\"BlogPosting\",\"@id\":\"https:\\\/\\\/www.skalnik.pl\\\/blog\\\/komu-w-droge-temu-trek\\\/#blogposting\",\"name\":\"Komu w drog\\u0119, temu trek - blog Skalnik\",\"headline\":\"Komu w drog\\u0119, temu trek\",\"author\":{\"@id\":\"https:\\\/\\\/www.skalnik.pl\\\/blog\\\/author\\\/spotkania\\\/#author\"},\"publisher\":{\"@id\":\"https:\\\/\\\/www.skalnik.pl\\\/blog\\\/#organization\"},\"image\":{\"@type\":\"ImageObject\",\"url\":\"https:\\\/\\\/www.skalnik.pl\\\/blog\\\/wp-content\\\/uploads\\\/2018\\\/07\\\/ok\\u0142adka-2.jpg\",\"width\":1920,\"height\":705,\"caption\":\"Mateusz Walig\\u00f3ra\"},\"datePublished\":\"2018-01-09T11:47:07+02:00\",\"dateModified\":\"2025-07-11T14:45:08+02:00\",\"inLanguage\":\"pl-PL\",\"mainEntityOfPage\":{\"@id\":\"https:\\\/\\\/www.skalnik.pl\\\/blog\\\/komu-w-droge-temu-trek\\\/#webpage\"},\"isPartOf\":{\"@id\":\"https:\\\/\\\/www.skalnik.pl\\\/blog\\\/komu-w-droge-temu-trek\\\/#webpage\"},\"articleSection\":\"Spotkania z g\\u00f3rami, spotkania z g\\u00f3rami\"},{\"@type\":\"BreadcrumbList\",\"@id\":\"https:\\\/\\\/www.skalnik.pl\\\/blog\\\/komu-w-droge-temu-trek\\\/#breadcrumblist\",\"itemListElement\":[{\"@type\":\"ListItem\",\"@id\":\"https:\\\/\\\/www.skalnik.pl\\\/blog#listItem\",\"position\":1,\"name\":\"Home\",\"item\":\"https:\\\/\\\/www.skalnik.pl\\\/blog\",\"nextItem\":{\"@type\":\"ListItem\",\"@id\":\"https:\\\/\\\/www.skalnik.pl\\\/blog\\\/.\\\/spotkania-z-gorami\\\/#listItem\",\"name\":\"Spotkania z g\\u00f3rami\"}},{\"@type\":\"ListItem\",\"@id\":\"https:\\\/\\\/www.skalnik.pl\\\/blog\\\/.\\\/spotkania-z-gorami\\\/#listItem\",\"position\":2,\"name\":\"Spotkania z g\\u00f3rami\",\"item\":\"https:\\\/\\\/www.skalnik.pl\\\/blog\\\/.\\\/spotkania-z-gorami\\\/\",\"nextItem\":{\"@type\":\"ListItem\",\"@id\":\"https:\\\/\\\/www.skalnik.pl\\\/blog\\\/komu-w-droge-temu-trek\\\/#listItem\",\"name\":\"Komu w drog\\u0119, temu trek\"},\"previousItem\":{\"@type\":\"ListItem\",\"@id\":\"https:\\\/\\\/www.skalnik.pl\\\/blog#listItem\",\"name\":\"Home\"}},{\"@type\":\"ListItem\",\"@id\":\"https:\\\/\\\/www.skalnik.pl\\\/blog\\\/komu-w-droge-temu-trek\\\/#listItem\",\"position\":3,\"name\":\"Komu w drog\\u0119, temu trek\",\"previousItem\":{\"@type\":\"ListItem\",\"@id\":\"https:\\\/\\\/www.skalnik.pl\\\/blog\\\/.\\\/spotkania-z-gorami\\\/#listItem\",\"name\":\"Spotkania z g\\u00f3rami\"}}]},{\"@type\":\"Organization\",\"@id\":\"https:\\\/\\\/www.skalnik.pl\\\/blog\\\/#organization\",\"name\":\"blog Skalnik\",\"description\":\"Blog, porady, artyku\\u0142y - blog Skalnik\",\"url\":\"https:\\\/\\\/www.skalnik.pl\\\/blog\\\/\"},{\"@type\":\"Person\",\"@id\":\"https:\\\/\\\/www.skalnik.pl\\\/blog\\\/author\\\/spotkania\\\/#author\",\"url\":\"https:\\\/\\\/www.skalnik.pl\\\/blog\\\/author\\\/spotkania\\\/\",\"name\":\"Spotkania z G\\u00f3rami\",\"image\":{\"@type\":\"ImageObject\",\"@id\":\"https:\\\/\\\/www.skalnik.pl\\\/blog\\\/komu-w-droge-temu-trek\\\/#authorImage\",\"url\":\"https:\\\/\\\/secure.gravatar.com\\\/avatar\\\/e09dd3aeee26ff64ebd6fda736cd0f273a292e33f7d42d8fbdff1ba323502b0b?s=96&d=mm&r=g\",\"width\":96,\"height\":96,\"caption\":\"Spotkania z G\\u00f3rami\"}},{\"@type\":\"WebPage\",\"@id\":\"https:\\\/\\\/www.skalnik.pl\\\/blog\\\/komu-w-droge-temu-trek\\\/#webpage\",\"url\":\"https:\\\/\\\/www.skalnik.pl\\\/blog\\\/komu-w-droge-temu-trek\\\/\",\"name\":\"Komu w drog\\u0119, temu trek - blog Skalnik\",\"description\":\"Tym razem Mateusz zabierze nas w kilka niezwyk\\u0142ych miejsc, do kt\\u00f3rych podr\\u00f3\\u017cowa\\u0142 w trakcie swoich trekking\\u00f3w. Przygotujcie si\\u0119 na pi\\u0119kne slajdy i ciekawe opowie\\u015bci.\",\"inLanguage\":\"pl-PL\",\"isPartOf\":{\"@id\":\"https:\\\/\\\/www.skalnik.pl\\\/blog\\\/#website\"},\"breadcrumb\":{\"@id\":\"https:\\\/\\\/www.skalnik.pl\\\/blog\\\/komu-w-droge-temu-trek\\\/#breadcrumblist\"},\"author\":{\"@id\":\"https:\\\/\\\/www.skalnik.pl\\\/blog\\\/author\\\/spotkania\\\/#author\"},\"creator\":{\"@id\":\"https:\\\/\\\/www.skalnik.pl\\\/blog\\\/author\\\/spotkania\\\/#author\"},\"image\":{\"@type\":\"ImageObject\",\"url\":\"https:\\\/\\\/www.skalnik.pl\\\/blog\\\/wp-content\\\/uploads\\\/2018\\\/07\\\/ok\\u0142adka-2.jpg\",\"@id\":\"https:\\\/\\\/www.skalnik.pl\\\/blog\\\/komu-w-droge-temu-trek\\\/#mainImage\",\"width\":1920,\"height\":705,\"caption\":\"Mateusz Walig\\u00f3ra\"},\"primaryImageOfPage\":{\"@id\":\"https:\\\/\\\/www.skalnik.pl\\\/blog\\\/komu-w-droge-temu-trek\\\/#mainImage\"},\"datePublished\":\"2018-01-09T11:47:07+02:00\",\"dateModified\":\"2025-07-11T14:45:08+02:00\"},{\"@type\":\"WebSite\",\"@id\":\"https:\\\/\\\/www.skalnik.pl\\\/blog\\\/#website\",\"url\":\"https:\\\/\\\/www.skalnik.pl\\\/blog\\\/\",\"name\":\"blog Skalnik\",\"description\":\"Blog, porady, artyku\\u0142y - blog Skalnik\",\"inLanguage\":\"pl-PL\",\"publisher\":{\"@id\":\"https:\\\/\\\/www.skalnik.pl\\\/blog\\\/#organization\"}}]}\n\t\t<\/script>\n\t\t<!-- All in One SEO -->\n\n","aioseo_head_json":{"title":"Komu w drog\u0119, temu trek - blog Skalnik","description":"Tym razem Mateusz zabierze nas w kilka niezwyk\u0142ych miejsc, do kt\u00f3rych podr\u00f3\u017cowa\u0142 w trakcie swoich trekking\u00f3w. Przygotujcie si\u0119 na pi\u0119kne slajdy i ciekawe opowie\u015bci.","canonical_url":"https:\/\/www.skalnik.pl\/blog\/komu-w-droge-temu-trek\/","robots":"noindex, nofollow, max-snippet:-1, max-image-preview:large, max-video-preview:-1","keywords":"","webmasterTools":{"miscellaneous":""},"schema":{"@context":"https:\/\/schema.org","@graph":[{"@type":"BlogPosting","@id":"https:\/\/www.skalnik.pl\/blog\/komu-w-droge-temu-trek\/#blogposting","name":"Komu w drog\u0119, temu trek - blog Skalnik","headline":"Komu w drog\u0119, temu trek","author":{"@id":"https:\/\/www.skalnik.pl\/blog\/author\/spotkania\/#author"},"publisher":{"@id":"https:\/\/www.skalnik.pl\/blog\/#organization"},"image":{"@type":"ImageObject","url":"https:\/\/www.skalnik.pl\/blog\/wp-content\/uploads\/2018\/07\/ok\u0142adka-2.jpg","width":1920,"height":705,"caption":"Mateusz Walig\u00f3ra"},"datePublished":"2018-01-09T11:47:07+02:00","dateModified":"2025-07-11T14:45:08+02:00","inLanguage":"pl-PL","mainEntityOfPage":{"@id":"https:\/\/www.skalnik.pl\/blog\/komu-w-droge-temu-trek\/#webpage"},"isPartOf":{"@id":"https:\/\/www.skalnik.pl\/blog\/komu-w-droge-temu-trek\/#webpage"},"articleSection":"Spotkania z g\u00f3rami, spotkania z g\u00f3rami"},{"@type":"BreadcrumbList","@id":"https:\/\/www.skalnik.pl\/blog\/komu-w-droge-temu-trek\/#breadcrumblist","itemListElement":[{"@type":"ListItem","@id":"https:\/\/www.skalnik.pl\/blog#listItem","position":1,"name":"Home","item":"https:\/\/www.skalnik.pl\/blog","nextItem":{"@type":"ListItem","@id":"https:\/\/www.skalnik.pl\/blog\/.\/spotkania-z-gorami\/#listItem","name":"Spotkania z g\u00f3rami"}},{"@type":"ListItem","@id":"https:\/\/www.skalnik.pl\/blog\/.\/spotkania-z-gorami\/#listItem","position":2,"name":"Spotkania z g\u00f3rami","item":"https:\/\/www.skalnik.pl\/blog\/.\/spotkania-z-gorami\/","nextItem":{"@type":"ListItem","@id":"https:\/\/www.skalnik.pl\/blog\/komu-w-droge-temu-trek\/#listItem","name":"Komu w drog\u0119, temu trek"},"previousItem":{"@type":"ListItem","@id":"https:\/\/www.skalnik.pl\/blog#listItem","name":"Home"}},{"@type":"ListItem","@id":"https:\/\/www.skalnik.pl\/blog\/komu-w-droge-temu-trek\/#listItem","position":3,"name":"Komu w drog\u0119, temu trek","previousItem":{"@type":"ListItem","@id":"https:\/\/www.skalnik.pl\/blog\/.\/spotkania-z-gorami\/#listItem","name":"Spotkania z g\u00f3rami"}}]},{"@type":"Organization","@id":"https:\/\/www.skalnik.pl\/blog\/#organization","name":"blog Skalnik","description":"Blog, porady, artyku\u0142y - blog Skalnik","url":"https:\/\/www.skalnik.pl\/blog\/"},{"@type":"Person","@id":"https:\/\/www.skalnik.pl\/blog\/author\/spotkania\/#author","url":"https:\/\/www.skalnik.pl\/blog\/author\/spotkania\/","name":"Spotkania z G\u00f3rami","image":{"@type":"ImageObject","@id":"https:\/\/www.skalnik.pl\/blog\/komu-w-droge-temu-trek\/#authorImage","url":"https:\/\/secure.gravatar.com\/avatar\/e09dd3aeee26ff64ebd6fda736cd0f273a292e33f7d42d8fbdff1ba323502b0b?s=96&d=mm&r=g","width":96,"height":96,"caption":"Spotkania z G\u00f3rami"}},{"@type":"WebPage","@id":"https:\/\/www.skalnik.pl\/blog\/komu-w-droge-temu-trek\/#webpage","url":"https:\/\/www.skalnik.pl\/blog\/komu-w-droge-temu-trek\/","name":"Komu w drog\u0119, temu trek - blog Skalnik","description":"Tym razem Mateusz zabierze nas w kilka niezwyk\u0142ych miejsc, do kt\u00f3rych podr\u00f3\u017cowa\u0142 w trakcie swoich trekking\u00f3w. Przygotujcie si\u0119 na pi\u0119kne slajdy i ciekawe opowie\u015bci.","inLanguage":"pl-PL","isPartOf":{"@id":"https:\/\/www.skalnik.pl\/blog\/#website"},"breadcrumb":{"@id":"https:\/\/www.skalnik.pl\/blog\/komu-w-droge-temu-trek\/#breadcrumblist"},"author":{"@id":"https:\/\/www.skalnik.pl\/blog\/author\/spotkania\/#author"},"creator":{"@id":"https:\/\/www.skalnik.pl\/blog\/author\/spotkania\/#author"},"image":{"@type":"ImageObject","url":"https:\/\/www.skalnik.pl\/blog\/wp-content\/uploads\/2018\/07\/ok\u0142adka-2.jpg","@id":"https:\/\/www.skalnik.pl\/blog\/komu-w-droge-temu-trek\/#mainImage","width":1920,"height":705,"caption":"Mateusz Walig\u00f3ra"},"primaryImageOfPage":{"@id":"https:\/\/www.skalnik.pl\/blog\/komu-w-droge-temu-trek\/#mainImage"},"datePublished":"2018-01-09T11:47:07+02:00","dateModified":"2025-07-11T14:45:08+02:00"},{"@type":"WebSite","@id":"https:\/\/www.skalnik.pl\/blog\/#website","url":"https:\/\/www.skalnik.pl\/blog\/","name":"blog Skalnik","description":"Blog, porady, artyku\u0142y - blog Skalnik","inLanguage":"pl-PL","publisher":{"@id":"https:\/\/www.skalnik.pl\/blog\/#organization"}}]},"og:locale":"pl_PL","og:site_name":"blog Skalnik - Blog, porady, artyku\u0142y - blog Skalnik","og:type":"article","og:title":"Komu w drog\u0119, temu trek - blog Skalnik","og:description":"Tym razem Mateusz zabierze nas w kilka niezwyk\u0142ych miejsc, do kt\u00f3rych podr\u00f3\u017cowa\u0142 w trakcie swoich trekking\u00f3w. Przygotujcie si\u0119 na pi\u0119kne slajdy i ciekawe opowie\u015bci.","og:url":"https:\/\/www.skalnik.pl\/blog\/komu-w-droge-temu-trek\/","og:image":"https:\/\/skalnik.pl\/blog\/wp-content\/uploads\/2018\/07\/portret-1.jpg","og:image:secure_url":"https:\/\/skalnik.pl\/blog\/wp-content\/uploads\/2018\/07\/portret-1.jpg","article:tag":["spotkania z g\u00f3rami"],"article:published_time":"2018-01-09T10:47:07+00:00","article:modified_time":"2025-07-11T12:45:08+00:00","twitter:card":"summary_large_image","twitter:title":"Komu w drog\u0119, temu trek - blog Skalnik","twitter:description":"Tym razem Mateusz zabierze nas w kilka niezwyk\u0142ych miejsc, do kt\u00f3rych podr\u00f3\u017cowa\u0142 w trakcie swoich trekking\u00f3w. Przygotujcie si\u0119 na pi\u0119kne slajdy i ciekawe opowie\u015bci.","twitter:image":"https:\/\/skalnik.pl\/blog\/wp-content\/uploads\/2018\/07\/portret-1.jpg"},"aioseo_meta_data":{"post_id":"2668","title":null,"description":"Tym razem Mateusz zabierze nas w kilka niezwyk\u0142ych miejsc, do kt\u00f3rych podr\u00f3\u017cowa\u0142 w trakcie swoich trekking\u00f3w. Przygotujcie si\u0119 na pi\u0119kne slajdy i ciekawe opowie\u015bci.","keywords":[{"label":"spotkania z g\u00f3rami","value":"spotkania z g\u00f3rami"},{"label":"prelekcje z podr\u00f3\u017cnikami","value":"prelekcje z podr\u00f3\u017cnikami"},{"label":"wydarzenia wroc\u0142aw","value":"wydarzenia wroc\u0142aw"}],"keyphrases":{"focus":{"keyphrase":"","score":0,"analysis":{"keyphraseInTitle":{"score":0,"maxScore":9,"error":1}}},"additional":[]},"primary_term":null,"canonical_url":null,"og_title":null,"og_description":null,"og_object_type":"default","og_image_type":"default","og_image_url":null,"og_image_width":null,"og_image_height":null,"og_image_custom_url":null,"og_image_custom_fields":null,"og_video":"","og_custom_url":null,"og_article_section":null,"og_article_tags":[],"twitter_use_og":false,"twitter_card":"default","twitter_image_type":"default","twitter_image_url":null,"twitter_image_custom_url":null,"twitter_image_custom_fields":null,"twitter_title":null,"twitter_description":null,"schema":{"blockGraphs":[],"customGraphs":[],"default":{"data":{"Article":[],"Course":[],"Dataset":[],"FAQPage":[],"Movie":[],"Person":[],"Product":[],"ProductReview":[],"Car":[],"Recipe":[],"Service":[],"SoftwareApplication":[],"WebPage":[]},"graphName":"","isEnabled":true},"graphs":[]},"schema_type":"default","schema_type_options":null,"pillar_content":false,"robots_default":false,"robots_noindex":true,"robots_noarchive":false,"robots_nosnippet":false,"robots_nofollow":true,"robots_noimageindex":false,"robots_noodp":false,"robots_notranslate":false,"robots_max_snippet":"-1","robots_max_videopreview":"-1","robots_max_imagepreview":"large","priority":null,"frequency":"default","local_seo":null,"breadcrumb_settings":null,"limit_modified_date":false,"ai":null,"created":"2022-08-26 09:51:01","updated":"2026-02-17 21:23:44","seo_analyzer_scan_date":null},"aioseo_breadcrumb":"<div class=\"aioseo-breadcrumbs\"><span class=\"aioseo-breadcrumb\">\n\t\t\t<a href=\"https:\/\/www.skalnik.pl\/blog\" title=\"Home\">Home<\/a>\n\t\t<\/span><span class=\"aioseo-breadcrumb-separator\">&raquo;<\/span><span class=\"aioseo-breadcrumb\">\n\t\t\t<a href=\"https:\/\/www.skalnik.pl\/blog\/.\/spotkania-z-gorami\/\" title=\"Spotkania z g\u00f3rami\">Spotkania z g\u00f3rami<\/a>\n\t\t<\/span><span class=\"aioseo-breadcrumb-separator\">&raquo;<\/span><span class=\"aioseo-breadcrumb\">\n\t\t\tKomu w drog\u0119, temu trek\n\t\t<\/span><\/div>","aioseo_breadcrumb_json":[{"label":"Home","link":"https:\/\/www.skalnik.pl\/blog"},{"label":"Spotkania z g\u00f3rami","link":"https:\/\/www.skalnik.pl\/blog\/.\/spotkania-z-gorami\/"},{"label":"Komu w drog\u0119, temu trek","link":"https:\/\/www.skalnik.pl\/blog\/komu-w-droge-temu-trek\/"}],"_links":{"self":[{"href":"https:\/\/www.skalnik.pl\/blog\/wp-json\/wp\/v2\/posts\/2668","targetHints":{"allow":["GET"]}}],"collection":[{"href":"https:\/\/www.skalnik.pl\/blog\/wp-json\/wp\/v2\/posts"}],"about":[{"href":"https:\/\/www.skalnik.pl\/blog\/wp-json\/wp\/v2\/types\/post"}],"author":[{"embeddable":true,"href":"https:\/\/www.skalnik.pl\/blog\/wp-json\/wp\/v2\/users\/10"}],"replies":[{"embeddable":true,"href":"https:\/\/www.skalnik.pl\/blog\/wp-json\/wp\/v2\/comments?post=2668"}],"version-history":[{"count":2,"href":"https:\/\/www.skalnik.pl\/blog\/wp-json\/wp\/v2\/posts\/2668\/revisions"}],"predecessor-version":[{"id":27056,"href":"https:\/\/www.skalnik.pl\/blog\/wp-json\/wp\/v2\/posts\/2668\/revisions\/27056"}],"wp:featuredmedia":[{"embeddable":true,"href":"https:\/\/www.skalnik.pl\/blog\/wp-json\/wp\/v2\/media\/2673"}],"wp:attachment":[{"href":"https:\/\/www.skalnik.pl\/blog\/wp-json\/wp\/v2\/media?parent=2668"}],"wp:term":[{"taxonomy":"category","embeddable":true,"href":"https:\/\/www.skalnik.pl\/blog\/wp-json\/wp\/v2\/categories?post=2668"},{"taxonomy":"post_tag","embeddable":true,"href":"https:\/\/www.skalnik.pl\/blog\/wp-json\/wp\/v2\/tags?post=2668"},{"taxonomy":"magento_category","embeddable":true,"href":"https:\/\/www.skalnik.pl\/blog\/wp-json\/wp\/v2\/magento_category?post=2668"},{"taxonomy":"magento_product","embeddable":true,"href":"https:\/\/www.skalnik.pl\/blog\/wp-json\/wp\/v2\/magento_product?post=2668"}],"curies":[{"name":"wp","href":"https:\/\/api.w.org\/{rel}","templated":true}]}}