{"id":26838,"date":"2025-01-03T13:45:27","date_gmt":"2025-01-03T11:45:27","guid":{"rendered":"https:\/\/www.skalnik.pl\/blog\/?p=26838"},"modified":"2025-01-10T17:56:29","modified_gmt":"2025-01-10T15:56:29","slug":"recenzja-plecaka-gregory-arrio-30","status":"publish","type":"post","link":"https:\/\/www.skalnik.pl\/blog\/recenzja-plecaka-gregory-arrio-30\/","title":{"rendered":"Recenzja plecaka Gregory Arrio 30"},"content":{"rendered":"\n<p><strong>Zimowe w\u0119dr\u00f3wki w g\u00f3rach to prawdziwy test dla sprz\u0119tu turystycznego. Plecak musi by\u0107 wygodny, dobrze wentylowany, odporny na wilgo\u0107 i na tyle praktyczny, by umo\u017cliwi\u0107 szybki dost\u0119p do potrzebnych rzeczy. Podczas moich zimowych wycieczek \u2013 na Rysiank\u0119, \u015anie\u017cne Kot\u0142y i podczas trekkingu w Izerach \u2013 mia\u0142am okazj\u0119 sprawdzi\u0107, jak plecak Gregory Arrio 30 radzi sobie w terenie.<\/strong><\/p>\n\n\n\n<p>Gregory Arrio 30 to model, kt\u00f3ry zwraca uwag\u0119 swoj\u0105 lekko\u015bci\u0105 i prostot\u0105. Przy wadze 725 gram\u00f3w i pojemno\u015bci 30 litr\u00f3w okaza\u0142 si\u0119 idealnym wyborem na jednodniowe wypady. System no\u015bny FreeSpan od razu rzuca si\u0119 w oczy, sk\u0142ada si\u0119 z pokrytego siateczk\u0105 i rozpi\u0119tego na sztywnej ramie panelu, utrzymuj\u0105cego plecy na dystans od ty\u0142u plecaka oraz oddychaj\u0105cych pas\u00f3w ramiennych. Daje komfort nawet podczas intensywnego wysi\u0142ku.<\/p>\n\n\n\n<p>Podoba mi si\u0119 te\u017c przemy\u015blana organizacja: zasuwana kiesze\u0144 na jednym boku, elastyczna kiesze\u0144 na drugim, kiesze\u0144 w klapie i miejsce na buk\u0142ak z systemem SpeedClip. To wszystko sprawia, \u017ce plecak jest bardzo uniwersalny i praktyczny. Dodatkowym plusem jest zintegrowany pokrowiec przeciwdeszczowy, kt\u00f3ry zwi\u0119ksza ochron\u0119 podczas niekorzystnej pogody.<\/p>\n\n\n<div class=\"wp-block-image\">\n<figure class=\"aligncenter size-full\"><img loading=\"lazy\" decoding=\"async\" width=\"1024\" height=\"683\" src=\"https:\/\/www.skalnik.pl\/blog\/wp-content\/uploads\/2024\/12\/Plecak-Gregory_05.jpg\" alt=\"Gregory Arrio 30 to po\u0142\u0105czenie nowoczesnej technologii i komfortu.\" class=\"wp-image-26847\" srcset=\"https:\/\/www.skalnik.pl\/blog\/wp-content\/uploads\/2024\/12\/Plecak-Gregory_05.jpg 1024w, https:\/\/www.skalnik.pl\/blog\/wp-content\/uploads\/2024\/12\/Plecak-Gregory_05-300x200.jpg 300w, https:\/\/www.skalnik.pl\/blog\/wp-content\/uploads\/2024\/12\/Plecak-Gregory_05-768x512.jpg 768w\" sizes=\"auto, (max-width: 1024px) 100vw, 1024px\" \/><figcaption class=\"wp-element-caption\"><em>Gregory Arrio 30 to po\u0142\u0105czenie nowoczesnej technologii i komfortu (fot. Jakub Jask\u00f3lski)<\/em><\/figcaption><\/figure>\n<\/div>\n\n\n<div id=\"ez-toc-container\" class=\"ez-toc-v2_0_85 counter-hierarchy ez-toc-counter ez-toc-light-blue ez-toc-container-direction\">\n<div class=\"ez-toc-title-container\">\n<p class=\"ez-toc-title\" style=\"cursor:inherit\">SPIS TRE\u015aCI <\/p>\n<span class=\"ez-toc-title-toggle\"><a href=\"#\" class=\"ez-toc-pull-right ez-toc-btn ez-toc-btn-xs ez-toc-btn-default ez-toc-toggle\" aria-label=\"Prze\u0142\u0105cznik Spisu Tre\u015bci\"><span class=\"ez-toc-js-icon-con\"><span class=\"\"><span class=\"eztoc-hide\" style=\"display:none;\">Toggle<\/span><span class=\"ez-toc-icon-toggle-span\"><svg style=\"fill: #999;color:#999\" xmlns=\"http:\/\/www.w3.org\/2000\/svg\" class=\"list-377408\" width=\"20px\" height=\"20px\" viewBox=\"0 0 24 24\" fill=\"none\"><path d=\"M6 6H4v2h2V6zm14 0H8v2h12V6zM4 11h2v2H4v-2zm16 0H8v2h12v-2zM4 16h2v2H4v-2zm16 0H8v2h12v-2z\" fill=\"currentColor\"><\/path><\/svg><svg style=\"fill: #999;color:#999\" class=\"arrow-unsorted-368013\" xmlns=\"http:\/\/www.w3.org\/2000\/svg\" width=\"10px\" height=\"10px\" viewBox=\"0 0 24 24\" version=\"1.2\" baseProfile=\"tiny\"><path d=\"M18.2 9.3l-6.2-6.3-6.2 6.3c-.2.2-.3.4-.3.7s.1.5.3.7c.2.2.4.3.7.3h11c.3 0 .5-.1.7-.3.2-.2.3-.5.3-.7s-.1-.5-.3-.7zM5.8 14.7l6.2 6.3 6.2-6.3c.2-.2.3-.5.3-.7s-.1-.5-.3-.7c-.2-.2-.4-.3-.7-.3h-11c-.3 0-.5.1-.7.3-.2.2-.3.5-.3.7s.1.5.3.7z\"\/><\/svg><\/span><\/span><\/span><\/a><\/span><\/div>\n<nav><ul class='ez-toc-list ez-toc-list-level-1 ' ><li class='ez-toc-page-1 ez-toc-heading-level-2'><a class=\"ez-toc-link ez-toc-heading-1\" href=\"https:\/\/www.skalnik.pl\/blog\/recenzja-plecaka-gregory-arrio-30\/#Rysianka_komfort_noszenia_i_latwa_organizacja\" >Rysianka: komfort noszenia i \u0142atwa organizacja<\/a><\/li><li class='ez-toc-page-1 ez-toc-heading-level-2'><a class=\"ez-toc-link ez-toc-heading-2\" href=\"https:\/\/www.skalnik.pl\/blog\/recenzja-plecaka-gregory-arrio-30\/#Sniezne_Kotly_i_Izery_komfort_w_idealnych_warunkach\" >\u015anie\u017cne Kot\u0142y i Izery: komfort w idealnych warunkach<\/a><\/li><li class='ez-toc-page-1 ez-toc-heading-level-2'><a class=\"ez-toc-link ez-toc-heading-3\" href=\"https:\/\/www.skalnik.pl\/blog\/recenzja-plecaka-gregory-arrio-30\/#Czy_Gregory_Arrio_30_ma_wady\" >Czy Gregory Arrio 30 ma wady?<\/a><\/li><li class='ez-toc-page-1 ez-toc-heading-level-2'><a class=\"ez-toc-link ez-toc-heading-4\" href=\"https:\/\/www.skalnik.pl\/blog\/recenzja-plecaka-gregory-arrio-30\/#Plusy_i_minusy_Gregory_Arrio_30\" >Plusy i minusy Gregory Arrio 30<\/a><\/li><\/ul><\/nav><\/div>\n<h2 class=\"wp-block-heading\"><span class=\"ez-toc-section\" id=\"Rysianka_komfort_noszenia_i_latwa_organizacja\"><\/span>Rysianka: komfort noszenia i \u0142atwa organizacja<span class=\"ez-toc-section-end\"><\/span><\/h2>\n\n\n\n<p>Podczas podej\u015bcia na Rysiank\u0119 plecak <a href=\"https:\/\/www.skalnik.pl\/gregory\" target=\"_blank\" rel=\"noopener\" title=\"\">Gregory<\/a> Arrio 30 od razu pokaza\u0142 swoj\u0105 wygod\u0119. Przy zimowym ekwipunku (termos, kurtka puchowa, r\u0119kawiczki, telefon, dodatkowe warstwy i przek\u0105ski) waga by\u0142a dobrze roz\u0142o\u017cona dzi\u0119ki pasom biodrowemu i piersiowemu. Pasy ramienne z oddychaj\u0105cego materia\u0142u r\u00f3wnie\u017c spisywa\u0142y si\u0119 na medal \u2013 nawet podczas dynamiczniejszego podej\u015bcia plecak dobrze przylega\u0142 do cia\u0142a i nie przesuwa\u0142 si\u0119.<\/p>\n\n\n\t<div class=\"magento-wrapper\">\n\t\t<ul class=\"products\">\n\t\t\t<li class=\"product\">\n\t\n\t\t<div class=\"image\">\n\t\t\t<a href=\"https:\/\/www.skalnik.pl\/plecak-stout-55-compass-blue-1037388\" target=\"_self\">\n\t\t\t\t\t\t<img\n\t\t\tsrc=\"https:\/\/www.skalnik.pl\/media\/catalog\/product\/p\/l\/plecak-stout-55-compass-blue-1037388_1.jpg\"\n\t\t\talt=\"PLECAK STOUT 55-COMPASS BLUE\"\n\t\t\t\t\t\t\t\t\/>\n\t\t\t\t\t<\/a>\n\t\t<\/div>\n\n\t\t\n\t\t<a href=\"https:\/\/www.skalnik.pl\/plecak-stout-55-compass-blue-1037388\" target=\"_self\"><span class=\"name\">PLECAK STOUT 55-COMPASS BLUE<\/span><\/a>\t\n\t\n\t\t\t\t\t<div class=\"price has-special\">\n\t\t\tCENA\n\t\t\t\t\t\t\t<span class=\"special-price\">788.99 z\u0142<\/span>\n\t\t\t\t<span class=\"special-price base-price\">949.99 z\u0142<\/span>\n\t\t\t\t\t<\/div>\n\t\t\t\n\t<div class=\"url\"><a class=\"view-details\" href=\"https:\/\/www.skalnik.pl\/plecak-stout-55-compass-blue-1037388\">Zobacz wi\u0119cej <\/a><\/div><\/li>\n<li class=\"product\">\n\t\n\t\t<div class=\"image\">\n\t\t\t<a href=\"https:\/\/www.skalnik.pl\/plecak-amber-34-arctic-navy\" target=\"_self\">\n\t\t\t\t\t\t<img\n\t\t\tsrc=\"https:\/\/www.skalnik.pl\/media\/catalog\/product\/p\/l\/plecak-amber-34-arctic-navy-1033042_1.jpg\"\n\t\t\talt=\"PLECAK AMBER 34-ARCTIC NAVY\"\n\t\t\t\t\t\t\t\t\/>\n\t\t\t\t\t<\/a>\n\t\t<\/div>\n\n\t\t\n\t\t<a href=\"https:\/\/www.skalnik.pl\/plecak-amber-34-arctic-navy\" target=\"_self\"><span class=\"name\">PLECAK AMBER 34-ARCTIC NAVY<\/span><\/a>\t\n\t\n\t\t\t\t\t<div class=\"price has-special\">\n\t\t\tCENA\n\t\t\t\t\t\t\t<span class=\"special-price\">688.99 z\u0142<\/span>\n\t\t\t\t<span class=\"special-price base-price\">829.99 z\u0142<\/span>\n\t\t\t\t\t<\/div>\n\t\t\t\n\t<div class=\"url\"><a class=\"view-details\" href=\"https:\/\/www.skalnik.pl\/plecak-amber-34-arctic-navy\">Zobacz wi\u0119cej <\/a><\/div><\/li>\n<li class=\"product\">\n\t\n\t\t<div class=\"image\">\n\t\t\t<a href=\"https:\/\/www.skalnik.pl\/plecak-wander-30-redrock\" target=\"_self\">\n\t\t\t\t\t\t<img\n\t\t\tsrc=\"https:\/\/www.skalnik.pl\/media\/catalog\/product\/p\/l\/plecak-wander-30-redrock-1033082_1_6.jpg\"\n\t\t\talt=\"PLECAK WANDER 30-REDROCK\"\n\t\t\t\t\t\t\t\t\/>\n\t\t\t\t\t<\/a>\n\t\t<\/div>\n\n\t\t\n\t\t<a href=\"https:\/\/www.skalnik.pl\/plecak-wander-30-redrock\" target=\"_self\"><span class=\"name\">PLECAK WANDER 30-REDROCK<\/span><\/a>\t\n\t\n\t\t\t\t\t<div class=\"price has-special\">\n\t\t\tCENA\n\t\t\t\t\t\t\t<span class=\"special-price\">545.99 z\u0142<\/span>\n\t\t\t\t<span class=\"special-price base-price\">649.99 z\u0142<\/span>\n\t\t\t\t\t<\/div>\n\t\t\t\n\t<div class=\"url\"><a class=\"view-details\" href=\"https:\/\/www.skalnik.pl\/plecak-wander-30-redrock\">Zobacz wi\u0119cej <\/a><\/div><\/li>\n\t\t<\/ul>\n\t<\/div>\n\n\n\n\n<p>Je\u015bli chodzi o dost\u0119p do zawarto\u015bci, klapa z jedn\u0105 klamr\u0105 okaza\u0142a si\u0119 bardzo praktyczna \u2013 mo\u017cna j\u0105 otworzy\u0107 jednym ruchem r\u0119ki, co oszcz\u0119dza czas na postoju. Elastyczna kiesze\u0144 boczna sprawdzi\u0142a si\u0119 na butelk\u0119 z wod\u0105, a w zasuwanej kieszeni z boku trzyma\u0142am telefon i chusteczki, kt\u00f3re by\u0142y zawsze pod r\u0119k\u0105.<\/p>\n\n\n<div class=\"wp-block-image\">\n<figure class=\"aligncenter size-full\"><img loading=\"lazy\" decoding=\"async\" width=\"1024\" height=\"683\" src=\"https:\/\/www.skalnik.pl\/blog\/wp-content\/uploads\/2024\/12\/Plecak-Gregory_04.jpg\" alt=\"Gregory Arrio 30 wyr\u00f3\u017cnia si\u0119 lekko\u015bci\u0105 i praktycznym rozwi\u0105zaniem systemu no\u015bnego.\" class=\"wp-image-26846\" srcset=\"https:\/\/www.skalnik.pl\/blog\/wp-content\/uploads\/2024\/12\/Plecak-Gregory_04.jpg 1024w, https:\/\/www.skalnik.pl\/blog\/wp-content\/uploads\/2024\/12\/Plecak-Gregory_04-300x200.jpg 300w, https:\/\/www.skalnik.pl\/blog\/wp-content\/uploads\/2024\/12\/Plecak-Gregory_04-768x512.jpg 768w\" sizes=\"auto, (max-width: 1024px) 100vw, 1024px\" \/><figcaption class=\"wp-element-caption\"><em>Gregory Arrio 30 wyr\u00f3\u017cnia si\u0119 lekko\u015bci\u0105 i praktycznym rozwi\u0105zaniem systemu no\u015bnego (fot. <\/em>Jakub Jask\u00f3lski<em>)<\/em><\/figcaption><\/figure>\n<\/div>\n\n\n<h2 class=\"wp-block-heading\"><span class=\"ez-toc-section\" id=\"Sniezne_Kotly_i_Izery_komfort_w_idealnych_warunkach\"><\/span>\u015anie\u017cne Kot\u0142y i Izery: komfort w idealnych warunkach<span class=\"ez-toc-section-end\"><\/span><\/h2>\n\n\n\n<p>Zar\u00f3wno podczas w\u0119dr\u00f3wki przez \u015anie\u017cne Kot\u0142y, jak i trekkingu w Izerach, pogoda by\u0142a wymarzona \u2013 bezchmurne niebo i brak wiatru. W tych dniach nie mia\u0142am okazji sprawdzi\u0107, jak Gregory Arrio 30 radzi sobie w trudnych warunkach, takich jak opady \u015bniegu czy deszczu, ani przetestowa\u0107 zintegrowanego pokrowca przeciwdeszczowego. Szkoda, bo jego obecno\u015b\u0107 zwi\u0119ksza uniwersalno\u015b\u0107 plecaka.<\/p>\n\n\n\n<p>Mimo braku wyzwa\u0144 pogodowych plecak udowodni\u0142 swoj\u0105 warto\u015b\u0107 pod wzgl\u0119dem komfortu noszenia. System no\u015bny FreeSpan z siateczk\u0105 doskonale dba\u0142 o wentylacj\u0119 \u2013 plecy pozostawa\u0142y suche nawet podczas intensywnego marszu. Przemy\u015blane kieszenie i uk\u0142ad wn\u0119trza pozwoli\u0142y na \u0142atw\u0105 organizacj\u0119 rzeczy, co sprawdzi\u0142o si\u0119 zar\u00f3wno na bardziej dynamicznej trasie w \u015anie\u017cnych Kot\u0142ach, jak i na d\u0142u\u017cszym, spokojniejszym trekkingu w Izerach. Dzi\u0119ki lekkiej konstrukcji oraz wygodnym pasom biodrowym i piersiowym plecak \u015bwietnie radzi\u0142 sobie w r\u00f3\u017cnych typach aktywno\u015bci.<\/p>\n\n\n<div class=\"wp-block-image\">\n<figure class=\"aligncenter size-full\"><img loading=\"lazy\" decoding=\"async\" width=\"1024\" height=\"683\" src=\"https:\/\/www.skalnik.pl\/blog\/wp-content\/uploads\/2024\/12\/Plecak-Gregory_01.jpg\" alt=\"Plecak Gregory Arrio 30 dba o Twoj\u0105 wygod\u0119 i odpowiedni\u0105 wentylacj\u0119 plec\u00f3w w ka\u017cdych warunkach.\" class=\"wp-image-26842\" srcset=\"https:\/\/www.skalnik.pl\/blog\/wp-content\/uploads\/2024\/12\/Plecak-Gregory_01.jpg 1024w, https:\/\/www.skalnik.pl\/blog\/wp-content\/uploads\/2024\/12\/Plecak-Gregory_01-300x200.jpg 300w, https:\/\/www.skalnik.pl\/blog\/wp-content\/uploads\/2024\/12\/Plecak-Gregory_01-768x512.jpg 768w\" sizes=\"auto, (max-width: 1024px) 100vw, 1024px\" \/><figcaption class=\"wp-element-caption\"><em>Plecak Gregory Arrio 30 dba o wygod\u0119 i odpowiedni\u0105 wentylacj\u0119 plec\u00f3w w ka\u017cdych warunkach (fot. <\/em>Jakub Jask\u00f3lski<em>)<\/em><\/figcaption><\/figure>\n<\/div>\n\n\n<h2 class=\"wp-block-heading\"><span class=\"ez-toc-section\" id=\"Czy_Gregory_Arrio_30_ma_wady\"><\/span>Czy Gregory Arrio 30 ma wady?<span class=\"ez-toc-section-end\"><\/span><\/h2>\n\n\n\n<p>Je\u015bli mia\u0142abym wskaza\u0107 wady, to jedyn\u0105 rzecz\u0105, kt\u00f3ra mo\u017ce ogranicza\u0107 jego zastosowanie, jest pojemno\u015b\u0107. 30 litr\u00f3w wystarcza na jednodniowe wycieczki, nawet zim\u0105, ale na bardziej wymagaj\u0105ce wypady, np. z dodatkowym sprz\u0119tem wspinaczkowym lub wi\u0119kszym zapasem jedzenia, mo\u017ce okaza\u0107 si\u0119 za ma\u0142y.<\/p>\n\n\n\n<figure class=\"wp-block-image size-full\"><a href=\"https:\/\/www.skalnik.pl\/gregory\" target=\"_blank\" rel=\"noreferrer noopener\"><img loading=\"lazy\" decoding=\"async\" width=\"1024\" height=\"250\" src=\"https:\/\/www.skalnik.pl\/blog\/wp-content\/uploads\/2024\/12\/Baner-blog-1.png\" alt=\"\" class=\"wp-image-26851\" srcset=\"https:\/\/www.skalnik.pl\/blog\/wp-content\/uploads\/2024\/12\/Baner-blog-1.png 1024w, https:\/\/www.skalnik.pl\/blog\/wp-content\/uploads\/2024\/12\/Baner-blog-1-300x73.png 300w, https:\/\/www.skalnik.pl\/blog\/wp-content\/uploads\/2024\/12\/Baner-blog-1-768x188.png 768w\" sizes=\"auto, (max-width: 1024px) 100vw, 1024px\" \/><\/a><\/figure>\n\n\n\n<h2 class=\"wp-block-heading\"><span class=\"ez-toc-section\" id=\"Plusy_i_minusy_Gregory_Arrio_30\"><\/span>Plusy i minusy Gregory Arrio 30<span class=\"ez-toc-section-end\"><\/span><\/h2>\n\n\n\n<p>Gregory Arrio 30 to plecak, kt\u00f3ry spe\u0142nia wszystkie potrzeby podczas jednodniowych wypad\u00f3w w g\u00f3ry. Jest lekki, wygodny, dobrze wentylowany i praktyczny. System no\u015bny FreeSpan zapewnia komfort nawet podczas intensywnego marszu, a zintegrowany pokrowiec przeciwdeszczowy chroni zawarto\u015b\u0107 przed wilgoci\u0105, co czyni go niezawodnym w trudnych warunkach pogodowych.<\/p>\n\n\n<div class=\"wp-block-image\">\n<figure class=\"aligncenter size-full\"><img loading=\"lazy\" decoding=\"async\" width=\"1024\" height=\"683\" src=\"https:\/\/www.skalnik.pl\/blog\/wp-content\/uploads\/2024\/12\/Plecak-Gregory_02b.jpg\" alt=\"Gregory Arrio 30 to plecak, kt\u00f3ry \u0142\u0105czy minimalistyczny design z funkcjonalno\u015bci\u0105.\" class=\"wp-image-26844\" srcset=\"https:\/\/www.skalnik.pl\/blog\/wp-content\/uploads\/2024\/12\/Plecak-Gregory_02b.jpg 1024w, https:\/\/www.skalnik.pl\/blog\/wp-content\/uploads\/2024\/12\/Plecak-Gregory_02b-300x200.jpg 300w, https:\/\/www.skalnik.pl\/blog\/wp-content\/uploads\/2024\/12\/Plecak-Gregory_02b-768x512.jpg 768w\" sizes=\"auto, (max-width: 1024px) 100vw, 1024px\" \/><figcaption class=\"wp-element-caption\"><em>Gregory Arrio 30 to plecak, kt\u00f3ry \u0142\u0105czy minimalistyczny design z funkcjonalno\u015bci\u0105 (fot. Jakub Jask\u00f3lski)<\/em><\/figcaption><\/figure>\n<\/div>\n\n\n<p><strong>Plusy<\/strong><\/p>\n\n\n\n<ul class=\"wp-block-list\">\n<li>Lekka konstrukcja (725 g).<\/li>\n\n\n\n<li>Wygodny system no\u015bny FreeSpan z doskona\u0142\u0105 wentylacj\u0105.<\/li>\n\n\n\n<li>Praktyczny uk\u0142ad kieszeni, w tym elastyczna kiesze\u0144 na butelk\u0119 i kiesze\u0144 na zamek.<\/li>\n\n\n\n<li>Zintegrowany pokrowiec przeciwdeszczowy chroni\u0105cy przed wilgoci\u0105.<\/li>\n\n\n\n<li>Stabilno\u015b\u0107 dzi\u0119ki pasom biodrowym i piersiowym.<\/li>\n<\/ul>\n\n\n\n<p><strong>Minusy<\/strong><\/p>\n\n\n\n<ul class=\"wp-block-list\">\n<li>Pojemno\u015b\u0107 30 litr\u00f3w mo\u017ce by\u0107 niewystarczaj\u0105ca na bardziej rozbudowane zimowe wyprawy.<\/li>\n<\/ul>\n\n\n\n<p class=\"has-white-color has-vivid-cyan-blue-background-color has-text-color has-background\"><strong>Zaopatrz si\u0119 w sw\u00f3j model, wybieraj spo\u015br\u00f3d wielu!<\/strong> <strong>Sprawd\u017a &#8211;&gt; <a href=\"https:\/\/www.skalnik.pl\/gregory\" target=\"_blank\" rel=\"noopener\" title=\"\">Gregory<\/a>.<\/strong><\/p>\n\n\n\n<hr class=\"wp-block-separator has-alpha-channel-opacity is-style-dots\"\/>\n\n\n\n<p>Podsumowuj\u0105c, Gregory Arrio 30 to sprawdzony wyb\u00f3r dla os\u00f3b szukaj\u0105cych wygodnego i funkcjonalnego plecaka na jednodniowe wycieczki \u2013 r\u00f3wnie\u017c zim\u0105. Jego lekko\u015b\u0107, przemy\u015blane rozwi\u0105zania i ochrona przed wilgoci\u0105 sprawiaj\u0105, \u017ce warto mie\u0107 go w swoim outdoorowym arsenale.<\/p>\n\n\n\n<p class=\"has-text-align-right\"><em>Tekst i&nbsp;test: Magdalena Draga<\/em><\/p>\n","protected":false},"excerpt":{"rendered":"<p>Plecaki marki Gregory s\u0142yn\u0105 z wygody i trwa\u0142o\u015bci, a model Arrio 30 to idealny wyb\u00f3r na jednodniowe wypady. Sprawdzili\u015bmy go w zimowych warunkach \u2013 czy spe\u0142ni\u0142 oczekiwania? Sprawd\u017a!<\/p>\n","protected":false},"author":7,"featured_media":26850,"comment_status":"closed","ping_status":"closed","sticky":false,"template":"","format":"standard","meta":{"_acf_changed":false,"footnotes":""},"categories":[2,8],"tags":[23,95,91],"magento_category":[242],"magento_product":[9583],"class_list":["post-26838","post","type-post","status-publish","format-standard","has-post-thumbnail","hentry","category-baner-gorny","category-testy","tag-plecaki","tag-sprzet-turystyczny","tag-trekking"],"acf":[],"aioseo_notices":[],"aioseo_head":"\n\t\t<!-- All in One SEO 4.9.10 - aioseo.com -->\n\t<meta name=\"description\" content=\"Sprawd\u017a recenzj\u0119 plecaka Gregory Arrio 30. Zobacz, jak poradzi\u0142 sobie podczas zimowych, g\u00f3rskich wypraw.\" \/>\n\t<meta name=\"robots\" content=\"max-image-preview:large\" \/>\n\t<meta name=\"author\" content=\"Redakcja skalnik.pl\"\/>\n\t<link rel=\"canonical\" href=\"https:\/\/www.skalnik.pl\/blog\/recenzja-plecaka-gregory-arrio-30\/\" \/>\n\t<meta name=\"generator\" content=\"All in One SEO (AIOSEO) 4.9.10\" \/>\n\t\t<meta property=\"og:locale\" content=\"pl_PL\" \/>\n\t\t<meta property=\"og:site_name\" content=\"blog Skalnik - Blog, porady, artyku\u0142y - blog Skalnik\" \/>\n\t\t<meta property=\"og:type\" content=\"article\" \/>\n\t\t<meta property=\"og:title\" content=\"Recenzja plecaka Gregory Arrio 30 - blog Skalnik\" \/>\n\t\t<meta property=\"og:description\" content=\"Sprawd\u017a recenzj\u0119 plecaka Gregory Arrio 30. Zobacz, jak poradzi\u0142 sobie podczas zimowych, g\u00f3rskich wypraw.\" \/>\n\t\t<meta property=\"og:url\" content=\"https:\/\/www.skalnik.pl\/blog\/recenzja-plecaka-gregory-arrio-30\/\" \/>\n\t\t<meta property=\"og:image\" content=\"https:\/\/www.skalnik.pl\/blog\/wp-content\/uploads\/2024\/12\/Plecak-Gregory_05.jpg\" \/>\n\t\t<meta property=\"og:image:secure_url\" content=\"https:\/\/www.skalnik.pl\/blog\/wp-content\/uploads\/2024\/12\/Plecak-Gregory_05.jpg\" \/>\n\t\t<meta property=\"og:image:width\" content=\"1024\" \/>\n\t\t<meta property=\"og:image:height\" content=\"683\" \/>\n\t\t<meta property=\"article:tag\" content=\"baner g\u00f3rny\" \/>\n\t\t<meta property=\"article:tag\" content=\"testy\" \/>\n\t\t<meta property=\"article:tag\" content=\"plecaki\" \/>\n\t\t<meta property=\"article:tag\" content=\"sprz\u0119t turystyczny\" \/>\n\t\t<meta property=\"article:tag\" content=\"trekking\" \/>\n\t\t<meta property=\"article:published_time\" content=\"2025-01-03T11:45:27+00:00\" \/>\n\t\t<meta property=\"article:modified_time\" content=\"2025-01-10T15:56:29+00:00\" \/>\n\t\t<meta name=\"twitter:card\" content=\"summary_large_image\" \/>\n\t\t<meta name=\"twitter:title\" content=\"Recenzja plecaka Gregory Arrio 30 - blog Skalnik\" \/>\n\t\t<meta name=\"twitter:description\" content=\"Sprawd\u017a recenzj\u0119 plecaka Gregory Arrio 30. Zobacz, jak poradzi\u0142 sobie podczas zimowych, g\u00f3rskich wypraw.\" \/>\n\t\t<meta name=\"twitter:image\" content=\"https:\/\/www.skalnik.pl\/blog\/wp-content\/uploads\/2024\/12\/Plecak-Gregory_05.jpg\" \/>\n\t\t<script type=\"application\/ld+json\" class=\"aioseo-schema\">\n\t\t\t{\"@context\":\"https:\\\/\\\/schema.org\",\"@graph\":[{\"@type\":\"BlogPosting\",\"@id\":\"https:\\\/\\\/www.skalnik.pl\\\/blog\\\/recenzja-plecaka-gregory-arrio-30\\\/#blogposting\",\"name\":\"Recenzja plecaka Gregory Arrio 30 - blog Skalnik\",\"headline\":\"Recenzja plecaka Gregory Arrio 30\",\"author\":{\"@id\":\"https:\\\/\\\/www.skalnik.pl\\\/blog\\\/author\\\/redakcja-skalnik-pl\\\/#author\"},\"publisher\":{\"@id\":\"https:\\\/\\\/www.skalnik.pl\\\/blog\\\/#organization\"},\"image\":{\"@type\":\"ImageObject\",\"url\":\"https:\\\/\\\/www.skalnik.pl\\\/blog\\\/wp-content\\\/uploads\\\/2024\\\/12\\\/Plecak-Gregory-okladka.jpg\",\"width\":1920,\"height\":706},\"datePublished\":\"2025-01-03T13:45:27+02:00\",\"dateModified\":\"2025-01-10T17:56:29+02:00\",\"inLanguage\":\"pl-PL\",\"mainEntityOfPage\":{\"@id\":\"https:\\\/\\\/www.skalnik.pl\\\/blog\\\/recenzja-plecaka-gregory-arrio-30\\\/#webpage\"},\"isPartOf\":{\"@id\":\"https:\\\/\\\/www.skalnik.pl\\\/blog\\\/recenzja-plecaka-gregory-arrio-30\\\/#webpage\"},\"articleSection\":\"Baner g\\u00f3rny, Testy, plecaki, sprz\\u0119t turystyczny, trekking, 1201, 702138\"},{\"@type\":\"BreadcrumbList\",\"@id\":\"https:\\\/\\\/www.skalnik.pl\\\/blog\\\/recenzja-plecaka-gregory-arrio-30\\\/#breadcrumblist\",\"itemListElement\":[{\"@type\":\"ListItem\",\"@id\":\"https:\\\/\\\/www.skalnik.pl\\\/blog#listItem\",\"position\":1,\"name\":\"Home\",\"item\":\"https:\\\/\\\/www.skalnik.pl\\\/blog\",\"nextItem\":{\"@type\":\"ListItem\",\"@id\":\"https:\\\/\\\/www.skalnik.pl\\\/blog\\\/.\\\/baner-gorny\\\/#listItem\",\"name\":\"Baner g\\u00f3rny\"}},{\"@type\":\"ListItem\",\"@id\":\"https:\\\/\\\/www.skalnik.pl\\\/blog\\\/.\\\/baner-gorny\\\/#listItem\",\"position\":2,\"name\":\"Baner g\\u00f3rny\",\"item\":\"https:\\\/\\\/www.skalnik.pl\\\/blog\\\/.\\\/baner-gorny\\\/\",\"nextItem\":{\"@type\":\"ListItem\",\"@id\":\"https:\\\/\\\/www.skalnik.pl\\\/blog\\\/recenzja-plecaka-gregory-arrio-30\\\/#listItem\",\"name\":\"Recenzja plecaka Gregory Arrio 30\"},\"previousItem\":{\"@type\":\"ListItem\",\"@id\":\"https:\\\/\\\/www.skalnik.pl\\\/blog#listItem\",\"name\":\"Home\"}},{\"@type\":\"ListItem\",\"@id\":\"https:\\\/\\\/www.skalnik.pl\\\/blog\\\/recenzja-plecaka-gregory-arrio-30\\\/#listItem\",\"position\":3,\"name\":\"Recenzja plecaka Gregory Arrio 30\",\"previousItem\":{\"@type\":\"ListItem\",\"@id\":\"https:\\\/\\\/www.skalnik.pl\\\/blog\\\/.\\\/baner-gorny\\\/#listItem\",\"name\":\"Baner g\\u00f3rny\"}}]},{\"@type\":\"Organization\",\"@id\":\"https:\\\/\\\/www.skalnik.pl\\\/blog\\\/#organization\",\"name\":\"blog Skalnik\",\"description\":\"Blog, porady, artyku\\u0142y - blog Skalnik\",\"url\":\"https:\\\/\\\/www.skalnik.pl\\\/blog\\\/\"},{\"@type\":\"Person\",\"@id\":\"https:\\\/\\\/www.skalnik.pl\\\/blog\\\/author\\\/redakcja-skalnik-pl\\\/#author\",\"url\":\"https:\\\/\\\/www.skalnik.pl\\\/blog\\\/author\\\/redakcja-skalnik-pl\\\/\",\"name\":\"Redakcja skalnik.pl\",\"image\":{\"@type\":\"ImageObject\",\"@id\":\"https:\\\/\\\/www.skalnik.pl\\\/blog\\\/recenzja-plecaka-gregory-arrio-30\\\/#authorImage\",\"url\":\"https:\\\/\\\/secure.gravatar.com\\\/avatar\\\/7eab29b048aaf0899cd9a145e9adb814e2130ced31e65b454b902500bea65f9e?s=96&d=mm&r=g\",\"width\":96,\"height\":96,\"caption\":\"Redakcja skalnik.pl\"}},{\"@type\":\"WebPage\",\"@id\":\"https:\\\/\\\/www.skalnik.pl\\\/blog\\\/recenzja-plecaka-gregory-arrio-30\\\/#webpage\",\"url\":\"https:\\\/\\\/www.skalnik.pl\\\/blog\\\/recenzja-plecaka-gregory-arrio-30\\\/\",\"name\":\"Recenzja plecaka Gregory Arrio 30 - blog Skalnik\",\"description\":\"Sprawd\\u017a recenzj\\u0119 plecaka Gregory Arrio 30. Zobacz, jak poradzi\\u0142 sobie podczas zimowych, g\\u00f3rskich wypraw.\",\"inLanguage\":\"pl-PL\",\"isPartOf\":{\"@id\":\"https:\\\/\\\/www.skalnik.pl\\\/blog\\\/#website\"},\"breadcrumb\":{\"@id\":\"https:\\\/\\\/www.skalnik.pl\\\/blog\\\/recenzja-plecaka-gregory-arrio-30\\\/#breadcrumblist\"},\"author\":{\"@id\":\"https:\\\/\\\/www.skalnik.pl\\\/blog\\\/author\\\/redakcja-skalnik-pl\\\/#author\"},\"creator\":{\"@id\":\"https:\\\/\\\/www.skalnik.pl\\\/blog\\\/author\\\/redakcja-skalnik-pl\\\/#author\"},\"image\":{\"@type\":\"ImageObject\",\"url\":\"https:\\\/\\\/www.skalnik.pl\\\/blog\\\/wp-content\\\/uploads\\\/2024\\\/12\\\/Plecak-Gregory-okladka.jpg\",\"@id\":\"https:\\\/\\\/www.skalnik.pl\\\/blog\\\/recenzja-plecaka-gregory-arrio-30\\\/#mainImage\",\"width\":1920,\"height\":706},\"primaryImageOfPage\":{\"@id\":\"https:\\\/\\\/www.skalnik.pl\\\/blog\\\/recenzja-plecaka-gregory-arrio-30\\\/#mainImage\"},\"datePublished\":\"2025-01-03T13:45:27+02:00\",\"dateModified\":\"2025-01-10T17:56:29+02:00\"},{\"@type\":\"WebSite\",\"@id\":\"https:\\\/\\\/www.skalnik.pl\\\/blog\\\/#website\",\"url\":\"https:\\\/\\\/www.skalnik.pl\\\/blog\\\/\",\"name\":\"blog Skalnik\",\"description\":\"Blog, porady, artyku\\u0142y - blog Skalnik\",\"inLanguage\":\"pl-PL\",\"publisher\":{\"@id\":\"https:\\\/\\\/www.skalnik.pl\\\/blog\\\/#organization\"}}]}\n\t\t<\/script>\n\t\t<!-- All in One SEO -->\n\n","aioseo_head_json":{"title":"Recenzja plecaka Gregory Arrio 30 - blog Skalnik","description":"Sprawd\u017a recenzj\u0119 plecaka Gregory Arrio 30. Zobacz, jak poradzi\u0142 sobie podczas zimowych, g\u00f3rskich wypraw.","canonical_url":"https:\/\/www.skalnik.pl\/blog\/recenzja-plecaka-gregory-arrio-30\/","robots":"max-image-preview:large","keywords":"","webmasterTools":{"miscellaneous":""},"schema":{"@context":"https:\/\/schema.org","@graph":[{"@type":"BlogPosting","@id":"https:\/\/www.skalnik.pl\/blog\/recenzja-plecaka-gregory-arrio-30\/#blogposting","name":"Recenzja plecaka Gregory Arrio 30 - blog Skalnik","headline":"Recenzja plecaka Gregory Arrio 30","author":{"@id":"https:\/\/www.skalnik.pl\/blog\/author\/redakcja-skalnik-pl\/#author"},"publisher":{"@id":"https:\/\/www.skalnik.pl\/blog\/#organization"},"image":{"@type":"ImageObject","url":"https:\/\/www.skalnik.pl\/blog\/wp-content\/uploads\/2024\/12\/Plecak-Gregory-okladka.jpg","width":1920,"height":706},"datePublished":"2025-01-03T13:45:27+02:00","dateModified":"2025-01-10T17:56:29+02:00","inLanguage":"pl-PL","mainEntityOfPage":{"@id":"https:\/\/www.skalnik.pl\/blog\/recenzja-plecaka-gregory-arrio-30\/#webpage"},"isPartOf":{"@id":"https:\/\/www.skalnik.pl\/blog\/recenzja-plecaka-gregory-arrio-30\/#webpage"},"articleSection":"Baner g\u00f3rny, Testy, plecaki, sprz\u0119t turystyczny, trekking, 1201, 702138"},{"@type":"BreadcrumbList","@id":"https:\/\/www.skalnik.pl\/blog\/recenzja-plecaka-gregory-arrio-30\/#breadcrumblist","itemListElement":[{"@type":"ListItem","@id":"https:\/\/www.skalnik.pl\/blog#listItem","position":1,"name":"Home","item":"https:\/\/www.skalnik.pl\/blog","nextItem":{"@type":"ListItem","@id":"https:\/\/www.skalnik.pl\/blog\/.\/baner-gorny\/#listItem","name":"Baner g\u00f3rny"}},{"@type":"ListItem","@id":"https:\/\/www.skalnik.pl\/blog\/.\/baner-gorny\/#listItem","position":2,"name":"Baner g\u00f3rny","item":"https:\/\/www.skalnik.pl\/blog\/.\/baner-gorny\/","nextItem":{"@type":"ListItem","@id":"https:\/\/www.skalnik.pl\/blog\/recenzja-plecaka-gregory-arrio-30\/#listItem","name":"Recenzja plecaka Gregory Arrio 30"},"previousItem":{"@type":"ListItem","@id":"https:\/\/www.skalnik.pl\/blog#listItem","name":"Home"}},{"@type":"ListItem","@id":"https:\/\/www.skalnik.pl\/blog\/recenzja-plecaka-gregory-arrio-30\/#listItem","position":3,"name":"Recenzja plecaka Gregory Arrio 30","previousItem":{"@type":"ListItem","@id":"https:\/\/www.skalnik.pl\/blog\/.\/baner-gorny\/#listItem","name":"Baner g\u00f3rny"}}]},{"@type":"Organization","@id":"https:\/\/www.skalnik.pl\/blog\/#organization","name":"blog Skalnik","description":"Blog, porady, artyku\u0142y - blog Skalnik","url":"https:\/\/www.skalnik.pl\/blog\/"},{"@type":"Person","@id":"https:\/\/www.skalnik.pl\/blog\/author\/redakcja-skalnik-pl\/#author","url":"https:\/\/www.skalnik.pl\/blog\/author\/redakcja-skalnik-pl\/","name":"Redakcja skalnik.pl","image":{"@type":"ImageObject","@id":"https:\/\/www.skalnik.pl\/blog\/recenzja-plecaka-gregory-arrio-30\/#authorImage","url":"https:\/\/secure.gravatar.com\/avatar\/7eab29b048aaf0899cd9a145e9adb814e2130ced31e65b454b902500bea65f9e?s=96&d=mm&r=g","width":96,"height":96,"caption":"Redakcja skalnik.pl"}},{"@type":"WebPage","@id":"https:\/\/www.skalnik.pl\/blog\/recenzja-plecaka-gregory-arrio-30\/#webpage","url":"https:\/\/www.skalnik.pl\/blog\/recenzja-plecaka-gregory-arrio-30\/","name":"Recenzja plecaka Gregory Arrio 30 - blog Skalnik","description":"Sprawd\u017a recenzj\u0119 plecaka Gregory Arrio 30. Zobacz, jak poradzi\u0142 sobie podczas zimowych, g\u00f3rskich wypraw.","inLanguage":"pl-PL","isPartOf":{"@id":"https:\/\/www.skalnik.pl\/blog\/#website"},"breadcrumb":{"@id":"https:\/\/www.skalnik.pl\/blog\/recenzja-plecaka-gregory-arrio-30\/#breadcrumblist"},"author":{"@id":"https:\/\/www.skalnik.pl\/blog\/author\/redakcja-skalnik-pl\/#author"},"creator":{"@id":"https:\/\/www.skalnik.pl\/blog\/author\/redakcja-skalnik-pl\/#author"},"image":{"@type":"ImageObject","url":"https:\/\/www.skalnik.pl\/blog\/wp-content\/uploads\/2024\/12\/Plecak-Gregory-okladka.jpg","@id":"https:\/\/www.skalnik.pl\/blog\/recenzja-plecaka-gregory-arrio-30\/#mainImage","width":1920,"height":706},"primaryImageOfPage":{"@id":"https:\/\/www.skalnik.pl\/blog\/recenzja-plecaka-gregory-arrio-30\/#mainImage"},"datePublished":"2025-01-03T13:45:27+02:00","dateModified":"2025-01-10T17:56:29+02:00"},{"@type":"WebSite","@id":"https:\/\/www.skalnik.pl\/blog\/#website","url":"https:\/\/www.skalnik.pl\/blog\/","name":"blog Skalnik","description":"Blog, porady, artyku\u0142y - blog Skalnik","inLanguage":"pl-PL","publisher":{"@id":"https:\/\/www.skalnik.pl\/blog\/#organization"}}]},"og:locale":"pl_PL","og:site_name":"blog Skalnik - Blog, porady, artyku\u0142y - blog Skalnik","og:type":"article","og:title":"Recenzja plecaka Gregory Arrio 30 - blog Skalnik","og:description":"Sprawd\u017a recenzj\u0119 plecaka Gregory Arrio 30. Zobacz, jak poradzi\u0142 sobie podczas zimowych, g\u00f3rskich wypraw.","og:url":"https:\/\/www.skalnik.pl\/blog\/recenzja-plecaka-gregory-arrio-30\/","og:image":"https:\/\/www.skalnik.pl\/blog\/wp-content\/uploads\/2024\/12\/Plecak-Gregory_05.jpg","og:image:secure_url":"https:\/\/www.skalnik.pl\/blog\/wp-content\/uploads\/2024\/12\/Plecak-Gregory_05.jpg","og:image:width":1024,"og:image:height":683,"article:tag":["baner g\u00f3rny","testy","plecaki","sprz\u0119t turystyczny","trekking"],"article:published_time":"2025-01-03T11:45:27+00:00","article:modified_time":"2025-01-10T15:56:29+00:00","twitter:card":"summary_large_image","twitter:title":"Recenzja plecaka Gregory Arrio 30 - blog Skalnik","twitter:description":"Sprawd\u017a recenzj\u0119 plecaka Gregory Arrio 30. Zobacz, jak poradzi\u0142 sobie podczas zimowych, g\u00f3rskich wypraw.","twitter:image":"https:\/\/www.skalnik.pl\/blog\/wp-content\/uploads\/2024\/12\/Plecak-Gregory_05.jpg"},"aioseo_meta_data":{"post_id":"26838","title":null,"description":"Sprawd\u017a recenzj\u0119 plecaka Gregory Arrio 30. Zobacz, jak poradzi\u0142 sobie podczas zimowych, g\u00f3rskich wypraw.","keywords":[],"keyphrases":{"focus":{"keyphrase":"Gregory","score":100,"analysis":{"keyphraseInTitle":{"score":9,"maxScore":9,"error":0},"keyphraseInDescription":{"score":9,"maxScore":9,"error":0},"keyphraseLength":{"score":9,"maxScore":9,"error":0,"length":1},"keyphraseInURL":{"score":5,"maxScore":5,"error":0},"keyphraseInIntroduction":{"score":9,"maxScore":9,"error":0},"keyphraseInSubHeadings":{"score":9,"maxScore":9,"error":0},"keyphraseInImageAlt":{"score":9,"maxScore":9,"error":0}}},"additional":[]},"primary_term":null,"canonical_url":null,"og_title":null,"og_description":null,"og_object_type":"default","og_image_type":"default","og_image_url":null,"og_image_width":null,"og_image_height":null,"og_image_custom_url":null,"og_image_custom_fields":null,"og_video":"","og_custom_url":null,"og_article_section":null,"og_article_tags":[],"twitter_use_og":false,"twitter_card":"default","twitter_image_type":"default","twitter_image_url":null,"twitter_image_custom_url":null,"twitter_image_custom_fields":null,"twitter_title":null,"twitter_description":null,"schema":{"blockGraphs":[],"customGraphs":[],"default":{"data":{"Article":[],"Course":[],"Dataset":[],"FAQPage":[],"Movie":[],"Person":[],"Product":[],"ProductReview":[],"Car":[],"Recipe":[],"Service":[],"SoftwareApplication":[],"WebPage":[]},"graphName":"","isEnabled":true},"graphs":[]},"schema_type":"default","schema_type_options":null,"pillar_content":false,"robots_default":true,"robots_noindex":false,"robots_noarchive":false,"robots_nosnippet":false,"robots_nofollow":false,"robots_noimageindex":false,"robots_noodp":false,"robots_notranslate":false,"robots_max_snippet":"-1","robots_max_videopreview":"-1","robots_max_imagepreview":"large","priority":null,"frequency":"default","local_seo":null,"breadcrumb_settings":null,"limit_modified_date":false,"ai":null,"created":"2024-12-31 13:20:54","updated":"2026-02-17 22:57:38","seo_analyzer_scan_date":null},"aioseo_breadcrumb":"<div class=\"aioseo-breadcrumbs\"><span class=\"aioseo-breadcrumb\">\n\t\t\t<a href=\"https:\/\/www.skalnik.pl\/blog\" title=\"Home\">Home<\/a>\n\t\t<\/span><span class=\"aioseo-breadcrumb-separator\">&raquo;<\/span><span class=\"aioseo-breadcrumb\">\n\t\t\t<a href=\"https:\/\/www.skalnik.pl\/blog\/.\/baner-gorny\/\" title=\"Baner g\u00f3rny\">Baner g\u00f3rny<\/a>\n\t\t<\/span><span class=\"aioseo-breadcrumb-separator\">&raquo;<\/span><span class=\"aioseo-breadcrumb\">\n\t\t\tRecenzja plecaka Gregory Arrio 30\n\t\t<\/span><\/div>","aioseo_breadcrumb_json":[{"label":"Home","link":"https:\/\/www.skalnik.pl\/blog"},{"label":"Baner g\u00f3rny","link":"https:\/\/www.skalnik.pl\/blog\/.\/baner-gorny\/"},{"label":"Recenzja plecaka Gregory Arrio 30","link":"https:\/\/www.skalnik.pl\/blog\/recenzja-plecaka-gregory-arrio-30\/"}],"_links":{"self":[{"href":"https:\/\/www.skalnik.pl\/blog\/wp-json\/wp\/v2\/posts\/26838","targetHints":{"allow":["GET"]}}],"collection":[{"href":"https:\/\/www.skalnik.pl\/blog\/wp-json\/wp\/v2\/posts"}],"about":[{"href":"https:\/\/www.skalnik.pl\/blog\/wp-json\/wp\/v2\/types\/post"}],"author":[{"embeddable":true,"href":"https:\/\/www.skalnik.pl\/blog\/wp-json\/wp\/v2\/users\/7"}],"replies":[{"embeddable":true,"href":"https:\/\/www.skalnik.pl\/blog\/wp-json\/wp\/v2\/comments?post=26838"}],"version-history":[{"count":9,"href":"https:\/\/www.skalnik.pl\/blog\/wp-json\/wp\/v2\/posts\/26838\/revisions"}],"predecessor-version":[{"id":26887,"href":"https:\/\/www.skalnik.pl\/blog\/wp-json\/wp\/v2\/posts\/26838\/revisions\/26887"}],"wp:featuredmedia":[{"embeddable":true,"href":"https:\/\/www.skalnik.pl\/blog\/wp-json\/wp\/v2\/media\/26850"}],"wp:attachment":[{"href":"https:\/\/www.skalnik.pl\/blog\/wp-json\/wp\/v2\/media?parent=26838"}],"wp:term":[{"taxonomy":"category","embeddable":true,"href":"https:\/\/www.skalnik.pl\/blog\/wp-json\/wp\/v2\/categories?post=26838"},{"taxonomy":"post_tag","embeddable":true,"href":"https:\/\/www.skalnik.pl\/blog\/wp-json\/wp\/v2\/tags?post=26838"},{"taxonomy":"magento_category","embeddable":true,"href":"https:\/\/www.skalnik.pl\/blog\/wp-json\/wp\/v2\/magento_category?post=26838"},{"taxonomy":"magento_product","embeddable":true,"href":"https:\/\/www.skalnik.pl\/blog\/wp-json\/wp\/v2\/magento_product?post=26838"}],"curies":[{"name":"wp","href":"https:\/\/api.w.org\/{rel}","templated":true}]}}