{"id":26979,"date":"2025-03-07T18:00:00","date_gmt":"2025-03-07T16:00:00","guid":{"rendered":"https:\/\/www.skalnik.pl\/blog\/?p=26979"},"modified":"2025-03-08T13:38:05","modified_gmt":"2025-03-08T11:38:05","slug":"turystyka-zrownowazona-w-2025-nie-trend-a-koniecznosc","status":"publish","type":"post","link":"https:\/\/www.skalnik.pl\/blog\/turystyka-zrownowazona-w-2025-nie-trend-a-koniecznosc\/","title":{"rendered":"Turystyka zr\u00f3wnowa\u017cona w 2025 \u2013 nie trend, a konieczno\u015b\u0107"},"content":{"rendered":"\n<p>Trendy i mody w \u015bwiatowej turystyce pojawiaj\u0105 i znikaj\u0105. Czasem bywa jednak tak, \u017ce trend rodzi si\u0119 z konieczno\u015bci lub odwrotnie staje si\u0119 ni\u0105. Dzi\u015b o takim w\u0142a\u015bnie zjawisku mo\u017cemy m\u00f3wi\u0107 w kontek\u015bcie turystyki zr\u00f3wnowa\u017conej. To nie przemijaj\u0105ca moda, ale konieczno\u015b\u0107, aby\u015bmy w przysz\u0142o\u015bci mogli poznawa\u0107 \u015bwiat w jego najlepszym wydaniu i cieszy\u0107 si\u0119 wspania\u0142ymi krajobrazami, kontaktem z natur\u0105 czy warunkami umo\u017cliwiaj\u0105cymi uprawianie r\u00f3\u017cnych dziedzin outdooru.<\/p>\n\n\n<div class=\"wp-block-image\">\n<figure class=\"aligncenter size-full\"><img loading=\"lazy\" decoding=\"async\" width=\"1024\" height=\"683\" src=\"https:\/\/www.skalnik.pl\/blog\/wp-content\/uploads\/2025\/03\/4.png\" alt=\"G\u00f3rskie jezioro Emerald. Park Narodowy Yoho, Kanada.\n\" class=\"wp-image-26983\" srcset=\"https:\/\/www.skalnik.pl\/blog\/wp-content\/uploads\/2025\/03\/4.png 1024w, https:\/\/www.skalnik.pl\/blog\/wp-content\/uploads\/2025\/03\/4-300x200.png 300w, https:\/\/www.skalnik.pl\/blog\/wp-content\/uploads\/2025\/03\/4-768x512.png 768w\" sizes=\"auto, (max-width: 1024px) 100vw, 1024px\" \/><figcaption class=\"wp-element-caption\"><em>G\u00f3rskie jezioro Emerald, Park Narodowy Yoho, Kanada \u2013 per\u0142a zr\u00f3wnowa\u017conej turystyki<\/em>.<\/figcaption><\/figure>\n<\/div>\n\n\n<div id=\"ez-toc-container\" class=\"ez-toc-v2_0_85 counter-hierarchy ez-toc-counter ez-toc-light-blue ez-toc-container-direction\">\n<div class=\"ez-toc-title-container\">\n<p class=\"ez-toc-title\" style=\"cursor:inherit\">SPIS TRE\u015aCI <\/p>\n<span class=\"ez-toc-title-toggle\"><a href=\"#\" class=\"ez-toc-pull-right ez-toc-btn ez-toc-btn-xs ez-toc-btn-default ez-toc-toggle\" aria-label=\"Prze\u0142\u0105cznik Spisu Tre\u015bci\"><span class=\"ez-toc-js-icon-con\"><span class=\"\"><span class=\"eztoc-hide\" style=\"display:none;\">Toggle<\/span><span class=\"ez-toc-icon-toggle-span\"><svg style=\"fill: #999;color:#999\" xmlns=\"http:\/\/www.w3.org\/2000\/svg\" class=\"list-377408\" width=\"20px\" height=\"20px\" viewBox=\"0 0 24 24\" fill=\"none\"><path d=\"M6 6H4v2h2V6zm14 0H8v2h12V6zM4 11h2v2H4v-2zm16 0H8v2h12v-2zM4 16h2v2H4v-2zm16 0H8v2h12v-2z\" fill=\"currentColor\"><\/path><\/svg><svg style=\"fill: #999;color:#999\" class=\"arrow-unsorted-368013\" xmlns=\"http:\/\/www.w3.org\/2000\/svg\" width=\"10px\" height=\"10px\" viewBox=\"0 0 24 24\" version=\"1.2\" baseProfile=\"tiny\"><path d=\"M18.2 9.3l-6.2-6.3-6.2 6.3c-.2.2-.3.4-.3.7s.1.5.3.7c.2.2.4.3.7.3h11c.3 0 .5-.1.7-.3.2-.2.3-.5.3-.7s-.1-.5-.3-.7zM5.8 14.7l6.2 6.3 6.2-6.3c.2-.2.3-.5.3-.7s-.1-.5-.3-.7c-.2-.2-.4-.3-.7-.3h-11c-.3 0-.5.1-.7.3-.2.2-.3.5-.3.7s.1.5.3.7z\"\/><\/svg><\/span><\/span><\/span><\/a><\/span><\/div>\n<nav><ul class='ez-toc-list ez-toc-list-level-1 ' ><li class='ez-toc-page-1 ez-toc-heading-level-2'><a class=\"ez-toc-link ez-toc-heading-1\" href=\"https:\/\/www.skalnik.pl\/blog\/turystyka-zrownowazona-w-2025-nie-trend-a-koniecznosc\/#Zrownowazony_rozwoj_%E2%80%93_szansa_dla_regionow_nie_pusta_idea\" >Zr\u00f3wnowa\u017cony rozw\u00f3j \u2013 szansa dla region\u00f3w, nie pusta idea<\/a><\/li><li class='ez-toc-page-1 ez-toc-heading-level-2'><a class=\"ez-toc-link ez-toc-heading-2\" href=\"https:\/\/www.skalnik.pl\/blog\/turystyka-zrownowazona-w-2025-nie-trend-a-koniecznosc\/#Co_znaczy_turystyka_zrownowazona_w_2025_roku\" >Co znaczy turystyka zr\u00f3wnowa\u017cona w 2025 roku?<\/a><\/li><li class='ez-toc-page-1 ez-toc-heading-level-2'><a class=\"ez-toc-link ez-toc-heading-3\" href=\"https:\/\/www.skalnik.pl\/blog\/turystyka-zrownowazona-w-2025-nie-trend-a-koniecznosc\/#Wladze_vs_turysci_%E2%80%93_kto_kogo_uczy_odpowiedzialnosci\" >W\u0142adze vs tury\u015bci \u2013 kto kogo uczy odpowiedzialno\u015bci?<\/a><\/li><li class='ez-toc-page-1 ez-toc-heading-level-2'><a class=\"ez-toc-link ez-toc-heading-4\" href=\"https:\/\/www.skalnik.pl\/blog\/turystyka-zrownowazona-w-2025-nie-trend-a-koniecznosc\/#Outdoorowe_zakupy_%E2%80%93_male_wybory_wielki_wplyw\" >Outdoorowe zakupy \u2013 ma\u0142e wybory, wielki wp\u0142yw<\/a><\/li><li class='ez-toc-page-1 ez-toc-heading-level-2'><a class=\"ez-toc-link ez-toc-heading-5\" href=\"https:\/\/www.skalnik.pl\/blog\/turystyka-zrownowazona-w-2025-nie-trend-a-koniecznosc\/#Zrownowazona_turystyka_%E2%80%93_teraz_to_sie_zwyczajnie_oplaca\" >Zr\u00f3wnowa\u017cona turystyka \u2013 teraz to si\u0119 zwyczajnie op\u0142aca<\/a><\/li><\/ul><\/nav><\/div>\n<h2 class=\"wp-block-heading\"><span class=\"ez-toc-section\" id=\"Zrownowazony_rozwoj_%E2%80%93_szansa_dla_regionow_nie_pusta_idea\"><\/span>Zr\u00f3wnowa\u017cony rozw\u00f3j \u2013 szansa dla region\u00f3w, nie pusta idea<span class=\"ez-toc-section-end\"><\/span><\/h2>\n\n\n\n<p>W 2025 r. turystyka \u015bwi\u0119ci triumfy i staje si\u0119 jednym z najszybciej rozwijaj\u0105cych si\u0119 segment\u00f3w gospodarki \u015bwiatowej. Do znanych i niezmiennie popularnych kierunk\u00f3w wyjazd\u00f3w wypoczynkowych, outdoorowych, backpackerskich, ale i ekskluzywnych do\u0142\u0105czaj\u0105 kolejne kraje. Chcemy podr\u00f3\u017cowa\u0107, odkrywa\u0107 i do\u015bwiadcza\u0107 nowych miejsc i coraz wi\u0119cej region\u00f3w i pa\u0144stw chce czerpa\u0107 z tego korzy\u015bci.<\/p>\n\n\n\n<p>Rozw\u00f3j turystyki zawsze jednak ni\u00f3s\u0142 i niesie ze sob\u0105 pewne zagro\u017cenia. W przesz\u0142o\u015bci wiele pa\u0144stw je lekcewa\u017cy\u0142o i nagle dzi\u015b budzi si\u0119 z przekonaniem, \u017ce \u201eco\u015b posz\u0142o nie tak\u201d. Kolejka na szczyt Everestu i tony \u015bmieci wywo\u017cone z EBC, wycieczkowce przywo\u017c\u0105ce jednorazowo tysi\u0105ce turyst\u00f3w i zalewaj\u0105ce nimi turystyczne dzielnice Wenecji, Barcelony czy Dubrownika, las apartamentowc\u00f3w i hoteli- moloch\u00f3w w popularnych kurortach, wyludnione przez miejscowych centra Amsterdamu lub wspomnianej ju\u017c Barcelony, oddane we w\u0142adanie wci\u0105\u017c zmieniaj\u0105cych si\u0119 \u201elokator\u00f3w na jedn\u0105 \u2013 dwie noce\u201d \u2013 czy na pewno chcemy, \u017ceby tak to wygl\u0105da\u0142o?<\/p>\n\n\n\n<p>Niekt\u00f3re miasta i regiony ju\u017c powiedzia\u0142y \u201edo\u015b\u0107\u201d! Te, kt\u00f3re do\u0142\u0105czaj\u0105 do podzia\u0142u turystycznego tortu coraz cz\u0119\u015bciej stawiaj\u0105 nie na ilo\u015b\u0107, ale na jako\u015b\u0107 i chc\u0105 przyci\u0105ga\u0107 \u015bwiadomego Podr\u00f3\u017cnika i Turyst\u0119. St\u0105d wprowadzanie limit\u00f3w wej\u015b\u0107 do obiekt\u00f3w lub wr\u0119cz miast, podatki turystyczne p\u0142acone przez tych, kt\u00f3rzy tylko wpadaj\u0105 by zaliczy\u0107 najwa\u017cniejsze atrakcje, a nie korzystaj\u0105 z nocleg\u00f3w, ograniczenie najmu kr\u00f3tkoterminowego prowadz\u0105cego do zaburzenia lokalnych spo\u0142eczno\u015bci czy z drugiej strony promowanie do\u015bwiadczania miejsca i lokalnych, oryginalnych us\u0142ugi zamiast mas\u00f3wki, kt\u00f3r\u0105 mo\u017cna spotka\u0107 wsz\u0119dzie.<\/p>\n\n\n<div class=\"wp-block-image\">\n<figure class=\"aligncenter size-full\"><img loading=\"lazy\" decoding=\"async\" width=\"1024\" height=\"683\" src=\"https:\/\/www.skalnik.pl\/blog\/wp-content\/uploads\/2025\/03\/1.png\" alt=\"Spokojny, malowniczy szlak w g\u00f3rach, wolny od t\u0142um\u00f3w turyst\u00f3w. Przyk\u0142ad harmonijnego wsp\u00f3\u0142istnienia cz\u0142owieka i natury dzi\u0119ki zasadom zr\u00f3wnowa\u017conej turystyki.\" class=\"wp-image-26980\" srcset=\"https:\/\/www.skalnik.pl\/blog\/wp-content\/uploads\/2025\/03\/1.png 1024w, https:\/\/www.skalnik.pl\/blog\/wp-content\/uploads\/2025\/03\/1-300x200.png 300w, https:\/\/www.skalnik.pl\/blog\/wp-content\/uploads\/2025\/03\/1-768x512.png 768w\" sizes=\"auto, (max-width: 1024px) 100vw, 1024px\" \/><figcaption class=\"wp-element-caption\"><em>Spokojny, malowniczy szlak w g\u00f3rach, wolny od t\u0142um\u00f3w turyst\u00f3w. Przyk\u0142ad harmonijnego wsp\u00f3\u0142istnienia cz\u0142owieka i natury dzi\u0119ki zasadom zr\u00f3wnowa\u017conej turystyki.<\/em><\/figcaption><\/figure>\n<\/div>\n\n\n<h2 class=\"wp-block-heading\"><span class=\"ez-toc-section\" id=\"Co_znaczy_turystyka_zrownowazona_w_2025_roku\"><\/span>Co znaczy turystyka zr\u00f3wnowa\u017cona w 2025 roku?<span class=\"ez-toc-section-end\"><\/span><\/h2>\n\n\n\n<p>By zosta\u0107 \u015bwiadomym Podr\u00f3\u017cnikiem i Turystom nie potrzeba wielkiego wysi\u0142ku. Wystarczy na pocz\u0105tek przestrzega\u0107 kilku prostych zasad:<\/p>\n\n\n\n<p>&#8211; postaw na minimalizm i ograniczenie baga\u017cu. Zanim kupisz kolejny ciuch lub sprz\u0119t, zastan\u00f3w si\u0119 czy na pewno go potrzebujesz. A gdy rzeczywi\u015bcie jest to rzecz niezb\u0119dna zadbaj by by\u0142a trwa\u0142a, solidna- dzi\u0119ki temu pos\u0142u\u017cy d\u0142u\u017cej.<\/p>\n\n\n\n<p>&#8211; wspieraj lokalne spo\u0142eczno\u015bci \u2013 korzystaj z nocleg\u00f3w w mniejszych obiektach prowadzonych przez miejscowych, lokalnych restauracji i bar\u00f3w, a nie sieci\u00f3wek. Zwiedzaj z miejscowymi przewodnikami \u2013 oni wiedz\u0105 o danym miejscu najwi\u0119cej!<\/p>\n\n\n\n<p>&#8211; zostaw miejsce lepszym ni\u017c zasta\u0142e\u015b \u2013 o tym, \u017ce swoje \u015bmieci nale\u017cy zabiera\u0107 ze sob\u0105 z miejsc, sk\u0105d nie da si\u0119 ich wywie\u017a\u0107 jest dzi\u015b oczywisto\u015bci\u0105. Ale je\u015bli widzisz, \u017ce nie ka\u017cdy jeszcze przyswoi\u0142 t\u0119 prost\u0105 zasad\u0119, zabierz tak\u017ce \u015bmieci, kt\u00f3re zasta\u0142e\u015b i wyrzu\u0107 w przeznaczonym do tego miejscu.<\/p>\n\n\n\n<p>&#8211; my\u015bl o \u015bladzie w\u0119glowym \u2013 cz\u0119sto poci\u0105g to r\u00f3wnie dobre, a nawet lepsze rozwi\u0105zanie ni\u017c lot samolotem (szczeg\u00f3lnie na kr\u00f3tkich trasach). Pomy\u015bl te\u017c czy nie lepiej wybra\u0107 si\u0119 gdzie\u015b na d\u0142u\u017cej ni\u017c wyjecha\u0107 np. na 4 samolotowe wypady weekendowe.<\/p>\n\n\n\n<p>&#8211; sprawdzaj marki, od kt\u00f3rych kupujesz \u2013 coraz wi\u0119cej firm produkuje w spos\u00f3b zr\u00f3wnowa\u017cony, ogranicza odpady, minimalizuje zu\u017cycie energii i korzysta ze \u017ar\u00f3de\u0142 alternatywnych, eliminuje chemikalia oraz u\u0142atwia naprawy sprz\u0119tu, a w ostateczno\u015bci wspiera recykling.<\/p>\n\n\n<div class=\"wp-block-image\">\n<figure class=\"aligncenter size-full\"><img loading=\"lazy\" decoding=\"async\" width=\"1024\" height=\"683\" src=\"https:\/\/www.skalnik.pl\/blog\/wp-content\/uploads\/2025\/03\/3.png\" alt=\"Czysta, naturalna pla\u017ca, gdzie wida\u0107 skutki odpowiedzialnej turystyki. Kontrast dla popularnych miejsc, kt\u00f3re borykaj\u0105 si\u0119 z problemem za\u015bmiecenia.\" class=\"wp-image-26982\" srcset=\"https:\/\/www.skalnik.pl\/blog\/wp-content\/uploads\/2025\/03\/3.png 1024w, https:\/\/www.skalnik.pl\/blog\/wp-content\/uploads\/2025\/03\/3-300x200.png 300w, https:\/\/www.skalnik.pl\/blog\/wp-content\/uploads\/2025\/03\/3-768x512.png 768w\" sizes=\"auto, (max-width: 1024px) 100vw, 1024px\" \/><figcaption class=\"wp-element-caption\"><em>Czysta, naturalna pla\u017ca, gdzie wida\u0107 skutki odpowiedzialnej turystyki. Kontrast dla popularnych miejsc, kt\u00f3re borykaj\u0105 si\u0119 z problemem za\u015bmiecenia.<\/em><\/figcaption><\/figure>\n<\/div>\n\n\n<h2 class=\"wp-block-heading\"><span class=\"ez-toc-section\" id=\"Wladze_vs_turysci_%E2%80%93_kto_kogo_uczy_odpowiedzialnosci\"><\/span>W\u0142adze vs tury\u015bci \u2013 kto kogo uczy odpowiedzialno\u015bci?<span class=\"ez-toc-section-end\"><\/span><\/h2>\n\n\n\n<p>Temat ogranicze\u0144 zawsze jest trudny. Cz\u0119\u015b\u0107 os\u00f3b traktuje je jako to zamach na wolno\u015b\u0107. Nie t\u0119dy droga. Dzi\u015b ju\u017c nie mo\u017cemy my\u015ble\u0107 w ten spos\u00f3b w kontek\u015bcie turystyki bo doprowadzimy do zadeptania niekt\u00f3rych miejsc i atrakcji. Overtourism to zjawisko, kt\u00f3rego do\u015bwiadczaj\u0105 zar\u00f3wno miasta, jak i regiony o unikalnej przyrodzie czy krajobrazach. Kr\u00f3tka pi\u0142ka, te miejsca nie s\u0105 z gumy, a w wielu przypadkach ograniczenia to konieczno\u015b\u0107.<\/p>\n\n\n\n<p>\u015awiadomy Turysta rozumie, \u017ce ograniczenia w ostatecznym rozrachunku s\u0105 korzystne. Tak, ich wprowadzanie obecnie ma dzia\u0142anie szokowe, ale to dlatego, \u017ce w\u0142adze miast czy opiekunowie atrakcji ucz\u0105 si\u0119 jak zarz\u0105dza\u0107 wci\u0105\u017c rosn\u0105cym ruchem turystycznym. A my uczymy si\u0119 jak \u015bwiadomie podr\u00f3\u017cowa\u0107, co nierozerwalnie wi\u0105\u017ce si\u0119 ze zrozumieniem regulacji i ich wspieraniu.<\/p>\n\n\n<div class=\"wp-block-image\">\n<figure class=\"aligncenter size-full\"><img loading=\"lazy\" decoding=\"async\" width=\"1024\" height=\"683\" src=\"https:\/\/www.skalnik.pl\/blog\/wp-content\/uploads\/2025\/03\/5.png\" alt=\"\u015awiadomy podr\u00f3\u017cnik w terenie \ud83d\uddfa\ufe0f\ud83c\udf3f \u2013 Zamiast pod\u0105\u017ca\u0107 utartymi szlakami, odkrywa nowe miejsca z poszanowaniem dla natury i lokalnej kultury. Zr\u00f3wnowa\u017cona turystyka zaczyna si\u0119 od \u015bwiadomych wybor\u00f3w!\" class=\"wp-image-26984\" srcset=\"https:\/\/www.skalnik.pl\/blog\/wp-content\/uploads\/2025\/03\/5.png 1024w, https:\/\/www.skalnik.pl\/blog\/wp-content\/uploads\/2025\/03\/5-300x200.png 300w, https:\/\/www.skalnik.pl\/blog\/wp-content\/uploads\/2025\/03\/5-768x512.png 768w\" sizes=\"auto, (max-width: 1024px) 100vw, 1024px\" \/><figcaption class=\"wp-element-caption\"><em>\u015awiadomy podr\u00f3\u017cnik w terenie \u2013 odkrywa nowe miejsca z poszanowaniem dla natury.<\/em><\/figcaption><\/figure>\n<\/div>\n\n\n<h2 class=\"wp-block-heading\"><span class=\"ez-toc-section\" id=\"Outdoorowe_zakupy_%E2%80%93_male_wybory_wielki_wplyw\"><\/span>Outdoorowe zakupy \u2013 ma\u0142e wybory, wielki wp\u0142yw<span class=\"ez-toc-section-end\"><\/span><\/h2>\n\n\n\n<p>Podr\u00f3\u017c to proces, kt\u00f3ry trwa nie tylko podczas samego wyjazdu. Planowanie i pakowanie to dla wielu os\u00f3b rzecz tak samo wa\u017cna jak bycie w trasie. I na tych etapach tak\u017ce mo\u017cesz by\u0107 odpowiedzialnym Turyst\u0105 i Podr\u00f3\u017cnikiem. Wyposa\u017cenie, kt\u00f3re zabierzesz ostatecznie do plecaka ma wi\u0119ksze znaczenie, ni\u017c mo\u017ce si\u0119 wydawa\u0107.<\/p>\n\n\n\n<p>&#8211; postaw na jako\u015b\u0107 i trwa\u0142o\u015b\u0107 \u2013 mniej znaczy wi\u0119cej \u2013 to powiedzenie sprawdza si\u0119 tu doskonale. Lepiej mie\u0107 jedn\u0105 solidn\u0105 kurtk\u0119 membranow\u0105, funkcjonalny softshell, kt\u00f3ry pos\u0142u\u017cy przez wiele sezon\u00f3w ni\u017c kilka ciuch\u00f3w, kt\u00f3re rozpadn\u0105 si\u0119 przy pierwszym praniu.<\/p>\n\n\n\n<p>&#8211; szukaj certyfikat\u00f3w i transparentno\u015bci \u2013 marki odpowiedzialne ch\u0119tnie chwal\u0105 si\u0119 nimi w opisach produkt\u00f3w. Podaj\u0105 dok\u0142adne sk\u0142ady, w tym materia\u0142y z recyklingu, korzystaj\u0105 z puchu, we\u0142ny czy innych naturalnych materia\u0142\u00f3w pozyskiwanych etycznie, rezygnuj\u0105 ze szkodliwych chemikali\u00f3w i barwnik\u00f3w.<\/p>\n\n\n\n<p>&#8211; minimalizuj opakowania \u2013 szukaj produkt\u00f3w pakowanych oszcz\u0119dnie i z jak najmniejsz\u0105 ilo\u015bci\u0105 plastiku. Postaw na wielorazowe butelki, kubki czy naczynia. Jednoraz\u00f3wkom m\u00f3wimy stanowcze nie!<\/p>\n\n\n<div class=\"wp-block-image\">\n<figure class=\"aligncenter size-full\"><img loading=\"lazy\" decoding=\"async\" width=\"1024\" height=\"683\" src=\"https:\/\/www.skalnik.pl\/blog\/wp-content\/uploads\/2025\/03\/2.png\" alt=\"Starannie spakowany plecak z niezb\u0119dnym, trwa\u0142ym ekwipunkiem. Przypomnienie, \u017ce mniej znaczy wi\u0119cej, a minimalizm w podr\u00f3\u017cy ma realny wp\u0142yw na \u015brodowisko.\" class=\"wp-image-26981\" srcset=\"https:\/\/www.skalnik.pl\/blog\/wp-content\/uploads\/2025\/03\/2.png 1024w, https:\/\/www.skalnik.pl\/blog\/wp-content\/uploads\/2025\/03\/2-300x200.png 300w, https:\/\/www.skalnik.pl\/blog\/wp-content\/uploads\/2025\/03\/2-768x512.png 768w\" sizes=\"auto, (max-width: 1024px) 100vw, 1024px\" \/><figcaption class=\"wp-element-caption\"><em>Starannie spakowany plecak z niezb\u0119dnym, trwa\u0142ym ekwipunkiem. Przypomnienie, \u017ce mniej znaczy wi\u0119cej, a minimalizm w podr\u00f3\u017cy ma realny wp\u0142yw na \u015brodowisko.<\/em><\/figcaption><\/figure>\n<\/div>\n\n\n<h2 class=\"wp-block-heading\"><span class=\"ez-toc-section\" id=\"Zrownowazona_turystyka_%E2%80%93_teraz_to_sie_zwyczajnie_oplaca\"><\/span>Zr\u00f3wnowa\u017cona turystyka \u2013 teraz to si\u0119 zwyczajnie op\u0142aca<span class=\"ez-toc-section-end\"><\/span><\/h2>\n\n\n\n<p>\u201eEko fanaberia\u201d pewnie znasz to pogardliwe okre\u015blenie. Na szcz\u0119\u015bcie coraz cz\u0119\u015bciej dzia\u0142ania zr\u00f3wnowa\u017cone i proekologiczne staj\u0105 si\u0119 dla kolejnych Turyst\u00f3w i Podr\u00f3\u017cnik\u00f3w zdrowym rozs\u0105dkiem. Luksus to dzi\u015b czyste powietrze, brak t\u0142um\u00f3w na szlakach, mo\u017cliwo\u015b\u0107 do\u015bwiadczania autentycznego kontaktu z przyrod\u0105 i lokaln\u0105 kultur\u0105. To one przyci\u0105gaj\u0105 \u015bwiadomych turyst\u00f3w i ich pieni\u0105dze. Mamy wi\u0119c sytuacj\u0119 win- win. Zr\u00f3wnowa\u017cona turystyka op\u0142aca si\u0119, wszystkim!<\/p>\n","protected":false},"excerpt":{"rendered":"<p>Turystyka zr\u00f3wnowa\u017cona w 2025 \u2013 konieczno\u015b\u0107, nie moda!<br \/>\nCzy podr\u00f3\u017cowanie mo\u017ce by\u0107 bardziej \u015bwiadome i odpowiedzialne? W 2025 roku turystyka zr\u00f3wnowa\u017cona to ju\u017c nie tylko trend, ale realna potrzeba. Dowiedz si\u0119, dlaczego ograniczenia turystyczne, lokalne produkty i minimalizm w podr\u00f3\u017cy to przysz\u0142o\u015b\u0107 podr\u00f3\u017cowania. Sprawd\u017a, jak mo\u017cesz zmieni\u0107 swoje nawyki i podr\u00f3\u017cowa\u0107 lepiej \u2013 dla siebie i dla \u015bwiata!<\/p>\n","protected":false},"author":41,"featured_media":26985,"comment_status":"closed","ping_status":"closed","sticky":false,"template":"","format":"standard","meta":{"_acf_changed":false,"footnotes":""},"categories":[5],"tags":[99,210],"magento_category":[166],"magento_product":[],"class_list":["post-26979","post","type-post","status-publish","format-standard","has-post-thumbnail","hentry","category-branza","tag-rynek-outdoor","tag-turystyka"],"acf":[],"aioseo_notices":[],"aioseo_head":"\n\t\t<!-- All in One SEO 4.9.10 - aioseo.com -->\n\t<meta name=\"description\" content=\"Turystyka zr\u00f3wnowa\u017cona to nie moda, a konieczno\u015b\u0107. Jak podr\u00f3\u017cowa\u0107 \u015bwiadomie w 2025 roku? Poznaj zasady, korzy\u015bci i wp\u0142yw odpowiedzialnych podr\u00f3\u017cy na \u015bwiat!\" \/>\n\t<meta name=\"robots\" content=\"max-image-preview:large\" \/>\n\t<meta name=\"author\" content=\"Anna \u015aliwa\"\/>\n\t<link rel=\"canonical\" href=\"https:\/\/www.skalnik.pl\/blog\/turystyka-zrownowazona-w-2025-nie-trend-a-koniecznosc\/\" \/>\n\t<meta name=\"generator\" content=\"All in One SEO (AIOSEO) 4.9.10\" \/>\n\t\t<meta property=\"og:locale\" content=\"pl_PL\" \/>\n\t\t<meta property=\"og:site_name\" content=\"blog Skalnik - Blog, porady, artyku\u0142y - blog Skalnik\" \/>\n\t\t<meta property=\"og:type\" content=\"article\" \/>\n\t\t<meta property=\"og:title\" content=\"Turystyka zr\u00f3wnowa\u017cona w 2025 \u2013 nie trend, a konieczno\u015b\u0107 - blog Skalnik\" \/>\n\t\t<meta property=\"og:description\" content=\"Turystyka zr\u00f3wnowa\u017cona to nie moda, a konieczno\u015b\u0107. Jak podr\u00f3\u017cowa\u0107 \u015bwiadomie w 2025 roku? Poznaj zasady, korzy\u015bci i wp\u0142yw odpowiedzialnych podr\u00f3\u017cy na \u015bwiat!\" \/>\n\t\t<meta property=\"og:url\" content=\"https:\/\/www.skalnik.pl\/blog\/turystyka-zrownowazona-w-2025-nie-trend-a-koniecznosc\/\" \/>\n\t\t<meta property=\"og:image\" content=\"https:\/\/www.skalnik.pl\/blog\/wp-content\/uploads\/2025\/03\/1.png\" \/>\n\t\t<meta property=\"og:image:secure_url\" content=\"https:\/\/www.skalnik.pl\/blog\/wp-content\/uploads\/2025\/03\/1.png\" \/>\n\t\t<meta property=\"og:image:width\" content=\"1024\" \/>\n\t\t<meta property=\"og:image:height\" content=\"683\" \/>\n\t\t<meta property=\"article:tag\" content=\"bran\u017ca\" \/>\n\t\t<meta property=\"article:tag\" content=\"rynek outdoor\" \/>\n\t\t<meta property=\"article:tag\" content=\"turystyka\" \/>\n\t\t<meta property=\"article:published_time\" content=\"2025-03-07T16:00:00+00:00\" \/>\n\t\t<meta property=\"article:modified_time\" content=\"2025-03-08T11:38:05+00:00\" \/>\n\t\t<meta name=\"twitter:card\" content=\"summary_large_image\" \/>\n\t\t<meta name=\"twitter:title\" content=\"Turystyka zr\u00f3wnowa\u017cona w 2025 \u2013 nie trend, a konieczno\u015b\u0107 - blog Skalnik\" \/>\n\t\t<meta name=\"twitter:description\" content=\"Turystyka zr\u00f3wnowa\u017cona to nie moda, a konieczno\u015b\u0107. Jak podr\u00f3\u017cowa\u0107 \u015bwiadomie w 2025 roku? Poznaj zasady, korzy\u015bci i wp\u0142yw odpowiedzialnych podr\u00f3\u017cy na \u015bwiat!\" \/>\n\t\t<meta name=\"twitter:image\" content=\"https:\/\/www.skalnik.pl\/blog\/wp-content\/uploads\/2025\/03\/1.png\" \/>\n\t\t<script type=\"application\/ld+json\" class=\"aioseo-schema\">\n\t\t\t{\"@context\":\"https:\\\/\\\/schema.org\",\"@graph\":[{\"@type\":\"BlogPosting\",\"@id\":\"https:\\\/\\\/www.skalnik.pl\\\/blog\\\/turystyka-zrownowazona-w-2025-nie-trend-a-koniecznosc\\\/#blogposting\",\"name\":\"Turystyka zr\\u00f3wnowa\\u017cona w 2025 \\u2013 nie trend, a konieczno\\u015b\\u0107 - blog Skalnik\",\"headline\":\"Turystyka zr\\u00f3wnowa\\u017cona w 2025 \\u2013 nie trend, a konieczno\\u015b\\u0107\",\"author\":{\"@id\":\"https:\\\/\\\/www.skalnik.pl\\\/blog\\\/author\\\/anna-sliwa\\\/#author\"},\"publisher\":{\"@id\":\"https:\\\/\\\/www.skalnik.pl\\\/blog\\\/#organization\"},\"image\":{\"@type\":\"ImageObject\",\"url\":\"https:\\\/\\\/www.skalnik.pl\\\/blog\\\/wp-content\\\/uploads\\\/2025\\\/03\\\/bdo.png\",\"width\":1920,\"height\":706},\"datePublished\":\"2025-03-07T18:00:00+02:00\",\"dateModified\":\"2025-03-08T13:38:05+02:00\",\"inLanguage\":\"pl-PL\",\"mainEntityOfPage\":{\"@id\":\"https:\\\/\\\/www.skalnik.pl\\\/blog\\\/turystyka-zrownowazona-w-2025-nie-trend-a-koniecznosc\\\/#webpage\"},\"isPartOf\":{\"@id\":\"https:\\\/\\\/www.skalnik.pl\\\/blog\\\/turystyka-zrownowazona-w-2025-nie-trend-a-koniecznosc\\\/#webpage\"},\"articleSection\":\"Bran\\u017ca, rynek outdoor, turystyka, 1200\"},{\"@type\":\"BreadcrumbList\",\"@id\":\"https:\\\/\\\/www.skalnik.pl\\\/blog\\\/turystyka-zrownowazona-w-2025-nie-trend-a-koniecznosc\\\/#breadcrumblist\",\"itemListElement\":[{\"@type\":\"ListItem\",\"@id\":\"https:\\\/\\\/www.skalnik.pl\\\/blog#listItem\",\"position\":1,\"name\":\"Home\",\"item\":\"https:\\\/\\\/www.skalnik.pl\\\/blog\",\"nextItem\":{\"@type\":\"ListItem\",\"@id\":\"https:\\\/\\\/www.skalnik.pl\\\/blog\\\/.\\\/branza\\\/#listItem\",\"name\":\"Bran\\u017ca\"}},{\"@type\":\"ListItem\",\"@id\":\"https:\\\/\\\/www.skalnik.pl\\\/blog\\\/.\\\/branza\\\/#listItem\",\"position\":2,\"name\":\"Bran\\u017ca\",\"item\":\"https:\\\/\\\/www.skalnik.pl\\\/blog\\\/.\\\/branza\\\/\",\"nextItem\":{\"@type\":\"ListItem\",\"@id\":\"https:\\\/\\\/www.skalnik.pl\\\/blog\\\/turystyka-zrownowazona-w-2025-nie-trend-a-koniecznosc\\\/#listItem\",\"name\":\"Turystyka zr\\u00f3wnowa\\u017cona w 2025 \\u2013 nie trend, a konieczno\\u015b\\u0107\"},\"previousItem\":{\"@type\":\"ListItem\",\"@id\":\"https:\\\/\\\/www.skalnik.pl\\\/blog#listItem\",\"name\":\"Home\"}},{\"@type\":\"ListItem\",\"@id\":\"https:\\\/\\\/www.skalnik.pl\\\/blog\\\/turystyka-zrownowazona-w-2025-nie-trend-a-koniecznosc\\\/#listItem\",\"position\":3,\"name\":\"Turystyka zr\\u00f3wnowa\\u017cona w 2025 \\u2013 nie trend, a konieczno\\u015b\\u0107\",\"previousItem\":{\"@type\":\"ListItem\",\"@id\":\"https:\\\/\\\/www.skalnik.pl\\\/blog\\\/.\\\/branza\\\/#listItem\",\"name\":\"Bran\\u017ca\"}}]},{\"@type\":\"Organization\",\"@id\":\"https:\\\/\\\/www.skalnik.pl\\\/blog\\\/#organization\",\"name\":\"blog Skalnik\",\"description\":\"Blog, porady, artyku\\u0142y - blog Skalnik\",\"url\":\"https:\\\/\\\/www.skalnik.pl\\\/blog\\\/\"},{\"@type\":\"Person\",\"@id\":\"https:\\\/\\\/www.skalnik.pl\\\/blog\\\/author\\\/anna-sliwa\\\/#author\",\"url\":\"https:\\\/\\\/www.skalnik.pl\\\/blog\\\/author\\\/anna-sliwa\\\/\",\"name\":\"Anna \\u015aliwa\",\"image\":{\"@type\":\"ImageObject\",\"@id\":\"https:\\\/\\\/www.skalnik.pl\\\/blog\\\/turystyka-zrownowazona-w-2025-nie-trend-a-koniecznosc\\\/#authorImage\",\"url\":\"https:\\\/\\\/secure.gravatar.com\\\/avatar\\\/e8300be3de710e2e109e5dfbf092dcf827242ec8071807a1e13f6b3f7c9bbd79?s=96&d=mm&r=g\",\"width\":96,\"height\":96,\"caption\":\"Anna \\u015aliwa\"}},{\"@type\":\"WebPage\",\"@id\":\"https:\\\/\\\/www.skalnik.pl\\\/blog\\\/turystyka-zrownowazona-w-2025-nie-trend-a-koniecznosc\\\/#webpage\",\"url\":\"https:\\\/\\\/www.skalnik.pl\\\/blog\\\/turystyka-zrownowazona-w-2025-nie-trend-a-koniecznosc\\\/\",\"name\":\"Turystyka zr\\u00f3wnowa\\u017cona w 2025 \\u2013 nie trend, a konieczno\\u015b\\u0107 - blog Skalnik\",\"description\":\"Turystyka zr\\u00f3wnowa\\u017cona to nie moda, a konieczno\\u015b\\u0107. Jak podr\\u00f3\\u017cowa\\u0107 \\u015bwiadomie w 2025 roku? Poznaj zasady, korzy\\u015bci i wp\\u0142yw odpowiedzialnych podr\\u00f3\\u017cy na \\u015bwiat!\",\"inLanguage\":\"pl-PL\",\"isPartOf\":{\"@id\":\"https:\\\/\\\/www.skalnik.pl\\\/blog\\\/#website\"},\"breadcrumb\":{\"@id\":\"https:\\\/\\\/www.skalnik.pl\\\/blog\\\/turystyka-zrownowazona-w-2025-nie-trend-a-koniecznosc\\\/#breadcrumblist\"},\"author\":{\"@id\":\"https:\\\/\\\/www.skalnik.pl\\\/blog\\\/author\\\/anna-sliwa\\\/#author\"},\"creator\":{\"@id\":\"https:\\\/\\\/www.skalnik.pl\\\/blog\\\/author\\\/anna-sliwa\\\/#author\"},\"image\":{\"@type\":\"ImageObject\",\"url\":\"https:\\\/\\\/www.skalnik.pl\\\/blog\\\/wp-content\\\/uploads\\\/2025\\\/03\\\/bdo.png\",\"@id\":\"https:\\\/\\\/www.skalnik.pl\\\/blog\\\/turystyka-zrownowazona-w-2025-nie-trend-a-koniecznosc\\\/#mainImage\",\"width\":1920,\"height\":706},\"primaryImageOfPage\":{\"@id\":\"https:\\\/\\\/www.skalnik.pl\\\/blog\\\/turystyka-zrownowazona-w-2025-nie-trend-a-koniecznosc\\\/#mainImage\"},\"datePublished\":\"2025-03-07T18:00:00+02:00\",\"dateModified\":\"2025-03-08T13:38:05+02:00\"},{\"@type\":\"WebSite\",\"@id\":\"https:\\\/\\\/www.skalnik.pl\\\/blog\\\/#website\",\"url\":\"https:\\\/\\\/www.skalnik.pl\\\/blog\\\/\",\"name\":\"blog Skalnik\",\"description\":\"Blog, porady, artyku\\u0142y - blog Skalnik\",\"inLanguage\":\"pl-PL\",\"publisher\":{\"@id\":\"https:\\\/\\\/www.skalnik.pl\\\/blog\\\/#organization\"}}]}\n\t\t<\/script>\n\t\t<!-- All in One SEO -->\n\n","aioseo_head_json":{"title":"Turystyka zr\u00f3wnowa\u017cona w 2025 \u2013 nie trend, a konieczno\u015b\u0107 - blog Skalnik","description":"Turystyka zr\u00f3wnowa\u017cona to nie moda, a konieczno\u015b\u0107. Jak podr\u00f3\u017cowa\u0107 \u015bwiadomie w 2025 roku? Poznaj zasady, korzy\u015bci i wp\u0142yw odpowiedzialnych podr\u00f3\u017cy na \u015bwiat!","canonical_url":"https:\/\/www.skalnik.pl\/blog\/turystyka-zrownowazona-w-2025-nie-trend-a-koniecznosc\/","robots":"max-image-preview:large","keywords":"","webmasterTools":{"miscellaneous":""},"schema":{"@context":"https:\/\/schema.org","@graph":[{"@type":"BlogPosting","@id":"https:\/\/www.skalnik.pl\/blog\/turystyka-zrownowazona-w-2025-nie-trend-a-koniecznosc\/#blogposting","name":"Turystyka zr\u00f3wnowa\u017cona w 2025 \u2013 nie trend, a konieczno\u015b\u0107 - blog Skalnik","headline":"Turystyka zr\u00f3wnowa\u017cona w 2025 \u2013 nie trend, a konieczno\u015b\u0107","author":{"@id":"https:\/\/www.skalnik.pl\/blog\/author\/anna-sliwa\/#author"},"publisher":{"@id":"https:\/\/www.skalnik.pl\/blog\/#organization"},"image":{"@type":"ImageObject","url":"https:\/\/www.skalnik.pl\/blog\/wp-content\/uploads\/2025\/03\/bdo.png","width":1920,"height":706},"datePublished":"2025-03-07T18:00:00+02:00","dateModified":"2025-03-08T13:38:05+02:00","inLanguage":"pl-PL","mainEntityOfPage":{"@id":"https:\/\/www.skalnik.pl\/blog\/turystyka-zrownowazona-w-2025-nie-trend-a-koniecznosc\/#webpage"},"isPartOf":{"@id":"https:\/\/www.skalnik.pl\/blog\/turystyka-zrownowazona-w-2025-nie-trend-a-koniecznosc\/#webpage"},"articleSection":"Bran\u017ca, rynek outdoor, turystyka, 1200"},{"@type":"BreadcrumbList","@id":"https:\/\/www.skalnik.pl\/blog\/turystyka-zrownowazona-w-2025-nie-trend-a-koniecznosc\/#breadcrumblist","itemListElement":[{"@type":"ListItem","@id":"https:\/\/www.skalnik.pl\/blog#listItem","position":1,"name":"Home","item":"https:\/\/www.skalnik.pl\/blog","nextItem":{"@type":"ListItem","@id":"https:\/\/www.skalnik.pl\/blog\/.\/branza\/#listItem","name":"Bran\u017ca"}},{"@type":"ListItem","@id":"https:\/\/www.skalnik.pl\/blog\/.\/branza\/#listItem","position":2,"name":"Bran\u017ca","item":"https:\/\/www.skalnik.pl\/blog\/.\/branza\/","nextItem":{"@type":"ListItem","@id":"https:\/\/www.skalnik.pl\/blog\/turystyka-zrownowazona-w-2025-nie-trend-a-koniecznosc\/#listItem","name":"Turystyka zr\u00f3wnowa\u017cona w 2025 \u2013 nie trend, a konieczno\u015b\u0107"},"previousItem":{"@type":"ListItem","@id":"https:\/\/www.skalnik.pl\/blog#listItem","name":"Home"}},{"@type":"ListItem","@id":"https:\/\/www.skalnik.pl\/blog\/turystyka-zrownowazona-w-2025-nie-trend-a-koniecznosc\/#listItem","position":3,"name":"Turystyka zr\u00f3wnowa\u017cona w 2025 \u2013 nie trend, a konieczno\u015b\u0107","previousItem":{"@type":"ListItem","@id":"https:\/\/www.skalnik.pl\/blog\/.\/branza\/#listItem","name":"Bran\u017ca"}}]},{"@type":"Organization","@id":"https:\/\/www.skalnik.pl\/blog\/#organization","name":"blog Skalnik","description":"Blog, porady, artyku\u0142y - blog Skalnik","url":"https:\/\/www.skalnik.pl\/blog\/"},{"@type":"Person","@id":"https:\/\/www.skalnik.pl\/blog\/author\/anna-sliwa\/#author","url":"https:\/\/www.skalnik.pl\/blog\/author\/anna-sliwa\/","name":"Anna \u015aliwa","image":{"@type":"ImageObject","@id":"https:\/\/www.skalnik.pl\/blog\/turystyka-zrownowazona-w-2025-nie-trend-a-koniecznosc\/#authorImage","url":"https:\/\/secure.gravatar.com\/avatar\/e8300be3de710e2e109e5dfbf092dcf827242ec8071807a1e13f6b3f7c9bbd79?s=96&d=mm&r=g","width":96,"height":96,"caption":"Anna \u015aliwa"}},{"@type":"WebPage","@id":"https:\/\/www.skalnik.pl\/blog\/turystyka-zrownowazona-w-2025-nie-trend-a-koniecznosc\/#webpage","url":"https:\/\/www.skalnik.pl\/blog\/turystyka-zrownowazona-w-2025-nie-trend-a-koniecznosc\/","name":"Turystyka zr\u00f3wnowa\u017cona w 2025 \u2013 nie trend, a konieczno\u015b\u0107 - blog Skalnik","description":"Turystyka zr\u00f3wnowa\u017cona to nie moda, a konieczno\u015b\u0107. Jak podr\u00f3\u017cowa\u0107 \u015bwiadomie w 2025 roku? Poznaj zasady, korzy\u015bci i wp\u0142yw odpowiedzialnych podr\u00f3\u017cy na \u015bwiat!","inLanguage":"pl-PL","isPartOf":{"@id":"https:\/\/www.skalnik.pl\/blog\/#website"},"breadcrumb":{"@id":"https:\/\/www.skalnik.pl\/blog\/turystyka-zrownowazona-w-2025-nie-trend-a-koniecznosc\/#breadcrumblist"},"author":{"@id":"https:\/\/www.skalnik.pl\/blog\/author\/anna-sliwa\/#author"},"creator":{"@id":"https:\/\/www.skalnik.pl\/blog\/author\/anna-sliwa\/#author"},"image":{"@type":"ImageObject","url":"https:\/\/www.skalnik.pl\/blog\/wp-content\/uploads\/2025\/03\/bdo.png","@id":"https:\/\/www.skalnik.pl\/blog\/turystyka-zrownowazona-w-2025-nie-trend-a-koniecznosc\/#mainImage","width":1920,"height":706},"primaryImageOfPage":{"@id":"https:\/\/www.skalnik.pl\/blog\/turystyka-zrownowazona-w-2025-nie-trend-a-koniecznosc\/#mainImage"},"datePublished":"2025-03-07T18:00:00+02:00","dateModified":"2025-03-08T13:38:05+02:00"},{"@type":"WebSite","@id":"https:\/\/www.skalnik.pl\/blog\/#website","url":"https:\/\/www.skalnik.pl\/blog\/","name":"blog Skalnik","description":"Blog, porady, artyku\u0142y - blog Skalnik","inLanguage":"pl-PL","publisher":{"@id":"https:\/\/www.skalnik.pl\/blog\/#organization"}}]},"og:locale":"pl_PL","og:site_name":"blog Skalnik - Blog, porady, artyku\u0142y - blog Skalnik","og:type":"article","og:title":"Turystyka zr\u00f3wnowa\u017cona w 2025 \u2013 nie trend, a konieczno\u015b\u0107 - blog Skalnik","og:description":"Turystyka zr\u00f3wnowa\u017cona to nie moda, a konieczno\u015b\u0107. Jak podr\u00f3\u017cowa\u0107 \u015bwiadomie w 2025 roku? Poznaj zasady, korzy\u015bci i wp\u0142yw odpowiedzialnych podr\u00f3\u017cy na \u015bwiat!","og:url":"https:\/\/www.skalnik.pl\/blog\/turystyka-zrownowazona-w-2025-nie-trend-a-koniecznosc\/","og:image":"https:\/\/www.skalnik.pl\/blog\/wp-content\/uploads\/2025\/03\/1.png","og:image:secure_url":"https:\/\/www.skalnik.pl\/blog\/wp-content\/uploads\/2025\/03\/1.png","og:image:width":1024,"og:image:height":683,"article:tag":["bran\u017ca","rynek outdoor","turystyka"],"article:published_time":"2025-03-07T16:00:00+00:00","article:modified_time":"2025-03-08T11:38:05+00:00","twitter:card":"summary_large_image","twitter:title":"Turystyka zr\u00f3wnowa\u017cona w 2025 \u2013 nie trend, a konieczno\u015b\u0107 - blog Skalnik","twitter:description":"Turystyka zr\u00f3wnowa\u017cona to nie moda, a konieczno\u015b\u0107. Jak podr\u00f3\u017cowa\u0107 \u015bwiadomie w 2025 roku? Poznaj zasady, korzy\u015bci i wp\u0142yw odpowiedzialnych podr\u00f3\u017cy na \u015bwiat!","twitter:image":"https:\/\/www.skalnik.pl\/blog\/wp-content\/uploads\/2025\/03\/1.png"},"aioseo_meta_data":{"post_id":"26979","title":null,"description":"Turystyka zr\u00f3wnowa\u017cona to nie moda, a konieczno\u015b\u0107. Jak podr\u00f3\u017cowa\u0107 \u015bwiadomie w 2025 roku? Poznaj zasady, korzy\u015bci i wp\u0142yw odpowiedzialnych podr\u00f3\u017cy na \u015bwiat!","keywords":[],"keyphrases":{"focus":{"keyphrase":"Turystyka","score":90,"analysis":{"keyphraseInTitle":{"score":9,"maxScore":9,"error":0},"keyphraseInDescription":{"score":9,"maxScore":9,"error":0},"keyphraseLength":{"score":9,"maxScore":9,"error":0,"length":1},"keyphraseInURL":{"score":5,"maxScore":5,"error":0},"keyphraseInIntroduction":{"score":3,"maxScore":9,"error":1},"keyphraseInSubHeadings":{"score":9,"maxScore":9,"error":0},"keyphraseInImageAlt":{"score":9,"maxScore":9,"error":0}}},"additional":[]},"primary_term":null,"canonical_url":null,"og_title":null,"og_description":null,"og_object_type":"default","og_image_type":"default","og_image_url":null,"og_image_width":null,"og_image_height":null,"og_image_custom_url":null,"og_image_custom_fields":null,"og_video":"","og_custom_url":null,"og_article_section":null,"og_article_tags":[],"twitter_use_og":false,"twitter_card":"default","twitter_image_type":"default","twitter_image_url":null,"twitter_image_custom_url":null,"twitter_image_custom_fields":null,"twitter_title":null,"twitter_description":null,"schema":{"blockGraphs":[],"customGraphs":[],"default":{"data":{"Article":[],"Course":[],"Dataset":[],"FAQPage":[],"Movie":[],"Person":[],"Product":[],"ProductReview":[],"Car":[],"Recipe":[],"Service":[],"SoftwareApplication":[],"WebPage":[]},"graphName":"","isEnabled":true},"graphs":[]},"schema_type":"default","schema_type_options":null,"pillar_content":false,"robots_default":true,"robots_noindex":false,"robots_noarchive":false,"robots_nosnippet":false,"robots_nofollow":false,"robots_noimageindex":false,"robots_noodp":false,"robots_notranslate":false,"robots_max_snippet":"-1","robots_max_videopreview":"-1","robots_max_imagepreview":"large","priority":null,"frequency":"default","local_seo":null,"breadcrumb_settings":null,"limit_modified_date":false,"ai":null,"created":"2025-03-08 10:09:04","updated":"2026-02-17 22:58:48","seo_analyzer_scan_date":null},"aioseo_breadcrumb":"<div class=\"aioseo-breadcrumbs\"><span class=\"aioseo-breadcrumb\">\n\t\t\t<a href=\"https:\/\/www.skalnik.pl\/blog\" title=\"Home\">Home<\/a>\n\t\t<\/span><span class=\"aioseo-breadcrumb-separator\">&raquo;<\/span><span class=\"aioseo-breadcrumb\">\n\t\t\t<a href=\"https:\/\/www.skalnik.pl\/blog\/.\/branza\/\" title=\"Bran\u017ca\">Bran\u017ca<\/a>\n\t\t<\/span><span class=\"aioseo-breadcrumb-separator\">&raquo;<\/span><span class=\"aioseo-breadcrumb\">\n\t\t\tTurystyka zr\u00f3wnowa\u017cona w 2025 \u2013 nie trend, a konieczno\u015b\u0107\n\t\t<\/span><\/div>","aioseo_breadcrumb_json":[{"label":"Home","link":"https:\/\/www.skalnik.pl\/blog"},{"label":"Bran\u017ca","link":"https:\/\/www.skalnik.pl\/blog\/.\/branza\/"},{"label":"Turystyka zr\u00f3wnowa\u017cona w 2025 \u2013 nie trend, a konieczno\u015b\u0107","link":"https:\/\/www.skalnik.pl\/blog\/turystyka-zrownowazona-w-2025-nie-trend-a-koniecznosc\/"}],"_links":{"self":[{"href":"https:\/\/www.skalnik.pl\/blog\/wp-json\/wp\/v2\/posts\/26979","targetHints":{"allow":["GET"]}}],"collection":[{"href":"https:\/\/www.skalnik.pl\/blog\/wp-json\/wp\/v2\/posts"}],"about":[{"href":"https:\/\/www.skalnik.pl\/blog\/wp-json\/wp\/v2\/types\/post"}],"author":[{"embeddable":true,"href":"https:\/\/www.skalnik.pl\/blog\/wp-json\/wp\/v2\/users\/41"}],"replies":[{"embeddable":true,"href":"https:\/\/www.skalnik.pl\/blog\/wp-json\/wp\/v2\/comments?post=26979"}],"version-history":[{"count":1,"href":"https:\/\/www.skalnik.pl\/blog\/wp-json\/wp\/v2\/posts\/26979\/revisions"}],"predecessor-version":[{"id":26986,"href":"https:\/\/www.skalnik.pl\/blog\/wp-json\/wp\/v2\/posts\/26979\/revisions\/26986"}],"wp:featuredmedia":[{"embeddable":true,"href":"https:\/\/www.skalnik.pl\/blog\/wp-json\/wp\/v2\/media\/26985"}],"wp:attachment":[{"href":"https:\/\/www.skalnik.pl\/blog\/wp-json\/wp\/v2\/media?parent=26979"}],"wp:term":[{"taxonomy":"category","embeddable":true,"href":"https:\/\/www.skalnik.pl\/blog\/wp-json\/wp\/v2\/categories?post=26979"},{"taxonomy":"post_tag","embeddable":true,"href":"https:\/\/www.skalnik.pl\/blog\/wp-json\/wp\/v2\/tags?post=26979"},{"taxonomy":"magento_category","embeddable":true,"href":"https:\/\/www.skalnik.pl\/blog\/wp-json\/wp\/v2\/magento_category?post=26979"},{"taxonomy":"magento_product","embeddable":true,"href":"https:\/\/www.skalnik.pl\/blog\/wp-json\/wp\/v2\/magento_product?post=26979"}],"curies":[{"name":"wp","href":"https:\/\/api.w.org\/{rel}","templated":true}]}}