{"id":27067,"date":"2025-05-08T18:05:03","date_gmt":"2025-05-08T16:05:03","guid":{"rendered":"https:\/\/www.skalnik.pl\/blog\/?p=27067"},"modified":"2025-05-16T13:59:21","modified_gmt":"2025-05-16T11:59:21","slug":"salewa-wiecej-niz-marka-outdoorowa","status":"publish","type":"post","link":"https:\/\/www.skalnik.pl\/blog\/salewa-wiecej-niz-marka-outdoorowa\/","title":{"rendered":"Salewa \u2013 wi\u0119cej ni\u017c marka outdoorowa"},"content":{"rendered":"\n<p>Z samego serca Dolomit\u00f3w czerpie swoje inspiracje i filozofi\u0119 jedna z najbardziej znanych outdoorowych i g\u00f3rskich marek na \u015bwiecie. Ju\u017c wiesz o kim mowa? Oczywi\u015bcie, to Salewa, kt\u00f3rej charakterystyczne logo z or\u0142em towarzyszy mi\u0142o\u015bnikom aktywno\u015bci od kilkudziesi\u0119ciu lat. Salewa to nie tylko produkcja odzie\u017cy, obuwia czy akcesori\u00f3w, ale tak\u017ce, a mo\u017ce przede wszystkim, ca\u0142a filozofia podej\u015bcia do \u017cycia i outdooru. Zobacz, jak Salewa wspiera \u015brodowisko i ludzi w stoj\u0105cych przed nimi wyzwaniach.&nbsp;<\/p>\n\n\n\n<div id=\"ez-toc-container\" class=\"ez-toc-v2_0_85 counter-hierarchy ez-toc-counter ez-toc-light-blue ez-toc-container-direction\">\n<div class=\"ez-toc-title-container\">\n<p class=\"ez-toc-title\" style=\"cursor:inherit\">SPIS TRE\u015aCI <\/p>\n<span class=\"ez-toc-title-toggle\"><a href=\"#\" class=\"ez-toc-pull-right ez-toc-btn ez-toc-btn-xs ez-toc-btn-default ez-toc-toggle\" aria-label=\"Prze\u0142\u0105cznik Spisu Tre\u015bci\"><span class=\"ez-toc-js-icon-con\"><span class=\"\"><span class=\"eztoc-hide\" style=\"display:none;\">Toggle<\/span><span class=\"ez-toc-icon-toggle-span\"><svg style=\"fill: #999;color:#999\" xmlns=\"http:\/\/www.w3.org\/2000\/svg\" class=\"list-377408\" width=\"20px\" height=\"20px\" viewBox=\"0 0 24 24\" fill=\"none\"><path d=\"M6 6H4v2h2V6zm14 0H8v2h12V6zM4 11h2v2H4v-2zm16 0H8v2h12v-2zM4 16h2v2H4v-2zm16 0H8v2h12v-2z\" fill=\"currentColor\"><\/path><\/svg><svg style=\"fill: #999;color:#999\" class=\"arrow-unsorted-368013\" xmlns=\"http:\/\/www.w3.org\/2000\/svg\" width=\"10px\" height=\"10px\" viewBox=\"0 0 24 24\" version=\"1.2\" baseProfile=\"tiny\"><path d=\"M18.2 9.3l-6.2-6.3-6.2 6.3c-.2.2-.3.4-.3.7s.1.5.3.7c.2.2.4.3.7.3h11c.3 0 .5-.1.7-.3.2-.2.3-.5.3-.7s-.1-.5-.3-.7zM5.8 14.7l6.2 6.3 6.2-6.3c.2-.2.3-.5.3-.7s-.1-.5-.3-.7c-.2-.2-.4-.3-.7-.3h-11c-.3 0-.5.1-.7.3-.2.2-.3.5-.3.7s.1.5.3.7z\"\/><\/svg><\/span><\/span><\/span><\/a><\/span><\/div>\n<nav><ul class='ez-toc-list ez-toc-list-level-1 ' ><li class='ez-toc-page-1 ez-toc-heading-level-2'><a class=\"ez-toc-link ez-toc-heading-1\" href=\"https:\/\/www.skalnik.pl\/blog\/salewa-wiecej-niz-marka-outdoorowa\/#Wsparcie_zawarte_w_genach\" >Wsparcie zawarte w genach<\/a><\/li><li class='ez-toc-page-1 ez-toc-heading-level-2'><a class=\"ez-toc-link ez-toc-heading-2\" href=\"https:\/\/www.skalnik.pl\/blog\/salewa-wiecej-niz-marka-outdoorowa\/#Salewa_a_zrownowazony_rozwoj\" >Salewa a zr\u00f3wnowa\u017cony rozw\u00f3j<\/a><\/li><li class='ez-toc-page-1 ez-toc-heading-level-2'><a class=\"ez-toc-link ez-toc-heading-3\" href=\"https:\/\/www.skalnik.pl\/blog\/salewa-wiecej-niz-marka-outdoorowa\/#Ludzie_Salewy_%E2%80%93_wsparcie_niejedno_ma_imie\" >Ludzie Salewy &#8211; wsparcie niejedno ma imi\u0119<\/a><\/li><li class='ez-toc-page-1 ez-toc-heading-level-2'><a class=\"ez-toc-link ez-toc-heading-4\" href=\"https:\/\/www.skalnik.pl\/blog\/salewa-wiecej-niz-marka-outdoorowa\/#A_co_z_Polska\" >A co z Polsk\u0105?<\/a><\/li><li class='ez-toc-page-1 ez-toc-heading-level-2'><a class=\"ez-toc-link ez-toc-heading-5\" href=\"https:\/\/www.skalnik.pl\/blog\/salewa-wiecej-niz-marka-outdoorowa\/#Salewa_%E2%80%93_marka_ktora_wspiera_inspiruje_i_rozwija_swiat_outdooru\" >Salewa \u2013 marka, kt\u00f3ra wspiera, inspiruje i rozwija \u015bwiat outdooru<\/a><\/li><\/ul><\/nav><\/div>\n<h2 class=\"wp-block-heading\"><span class=\"ez-toc-section\" id=\"Wsparcie_zawarte_w_genach\"><\/span>Wsparcie zawarte w genach<span class=\"ez-toc-section-end\"><\/span><\/h2>\n\n\n\n<p>Salewa kojarzona jest jednoznacznie z w\u0142oskimi Dolomitami. Jednak wcale nie ma w\u0142oskich korzeni. Jej historia si\u0119ga 1935 i za\u0142o\u017conego w Monachium zak\u0142adu szyj\u0105cego wyroby sk\u00f3rzane i tekstylne. Do po\u0142owy lat pi\u0119\u0107dziesi\u0105tych XX w., nie mia\u0142 on jednak za wiele wsp\u00f3lnego z outdoorem.&nbsp;<\/p>\n\n\n\n<p>Rok 1955 to moment, gdy Salewa wchodzi do gry na rynku turystycznym i wyprawowym. Wi\u0105\u017ce si\u0119 to w\u0142a\u015bnie ze wsparciem, jakiego udzielono ekspedycji wybieraj\u0105cej si\u0119 w Cordilliera Blanca w Andach. Na potrzeby wyprawy powsta\u0142y plecaki g\u00f3rskie, kt\u00f3re okaza\u0142y si\u0119 tak dobre i funkcjonalne, \u017ce szybko trafi\u0142y do produkcji. To by\u0142 prze\u0142om, a Salewa od tego czasu skupi\u0142a si\u0119 na wspieraniu mi\u0142o\u015bnik\u00f3w outdooru.&nbsp;<\/p>\n\n\n\t<div class=\"magento-wrapper\">\n\t\t<ul class=\"products\">\n\t\t\t<li class=\"product\">\n\t\n\t\t<div class=\"image\">\n\t\t\t<a href=\"https:\/\/www.skalnik.pl\/buty-mtn-trainer-mid-gtx-women-brazowy-salewa-597405\" target=\"_self\">\n\t\t\t\t\t\t<img\n\t\t\tsrc=\"https:\/\/www.skalnik.pl\/media\/catalog\/product\/0\/1\/010180-BRAZOWY-01_20.jpg\"\n\t\t\talt=\"BUTY MTN TRAINER MID GTX WOMEN\"\n\t\t\t\t\t\t\t\t\/>\n\t\t\t\t\t<\/a>\n\t\t<\/div>\n\n\t\t\n\t\t<a href=\"https:\/\/www.skalnik.pl\/buty-mtn-trainer-mid-gtx-women-brazowy-salewa-597405\" target=\"_self\"><span class=\"name\">BUTY MTN TRAINER MID GTX WOMEN<\/span><\/a>\t\n\t\n\t\n\t<div class=\"url\"><a class=\"view-details\" href=\"https:\/\/www.skalnik.pl\/buty-mtn-trainer-mid-gtx-women-brazowy-salewa-597405\">Zobacz wi\u0119cej <\/a><\/div><\/li>\n<li class=\"product\">\n\t\n\t\t<div class=\"image\">\n\t\t\t<a href=\"https:\/\/www.skalnik.pl\/kurtka-ortles-3-prl-bergrot-salewa-602968\" target=\"_self\">\n\t\t\t\t\t\t<img\n\t\t\tsrc=\"https:\/\/www.skalnik.pl\/media\/catalog\/product\/0\/1\/018355-BERGROT-01.jpg\"\n\t\t\talt=\"KURTKA ORTLES 3 PRL-BBERGROT\"\n\t\t\t\t\t\t\t\t\/>\n\t\t\t\t\t<\/a>\n\t\t<\/div>\n\n\t\t\n\t\t<a href=\"https:\/\/www.skalnik.pl\/kurtka-ortles-3-prl-bergrot-salewa-602968\" target=\"_self\"><span class=\"name\">KURTKA ORTLES 3 PRL-BBERGROT<\/span><\/a>\t\n\t\n\t\n\t<div class=\"url\"><a class=\"view-details\" href=\"https:\/\/www.skalnik.pl\/kurtka-ortles-3-prl-bergrot-salewa-602968\">Zobacz wi\u0119cej <\/a><\/div><\/li>\n<li class=\"product\">\n\t\n\t\t<div class=\"image\">\n\t\t\t<a href=\"https:\/\/www.skalnik.pl\/koszula-puez-dry-ss-granatowy-salewa-603010\" target=\"_self\">\n\t\t\t\t\t\t<img\n\t\t\tsrc=\"https:\/\/www.skalnik.pl\/media\/catalog\/product\/0\/1\/018370-GRANATOWY-01.jpg\"\n\t\t\talt=\"KOSZULA PUEZ DRY SS\"\n\t\t\t\t\t\t\t\t\/>\n\t\t\t\t\t<\/a>\n\t\t<\/div>\n\n\t\t\n\t\t<a href=\"https:\/\/www.skalnik.pl\/koszula-puez-dry-ss-granatowy-salewa-603010\" target=\"_self\"><span class=\"name\">KOSZULA PUEZ DRY SS<\/span><\/a>\t\n\t\n\t\n\t<div class=\"url\"><a class=\"view-details\" href=\"https:\/\/www.skalnik.pl\/koszula-puez-dry-ss-granatowy-salewa-603010\">Zobacz wi\u0119cej <\/a><\/div><\/li>\n\t\t<\/ul>\n\t<\/div>\n\n\n\n\n<p>Wi\u0119c sk\u0105d te Dolomity? Musimy przeskoczy\u0107 kolejne 35 lat w prz\u00f3d. Historia marki Salewa w Bolzano rozpocz\u0119\u0142a si\u0119 w 1990 r., a przenosiny by\u0142y kolejnym momentem prze\u0142omowym. Rozbudowa kolekcji, ci\u0105g\u0142e poszukiwanie nowych rozwi\u0105za\u0144, w tak\u017ce coraz mocniejsze anga\u017cowanie si\u0119 w trend zr\u00f3wnowa\u017conej produkcji oraz budowania filozofii marki wspieraj\u0105cej ludzi i \u015brodowisko \u2013 Salewa to dzi\u015b niemal instytucja. Za ka\u017cdym elementem odzie\u017cy, obuwia czy sprz\u0119tu stoi tu pasja, zaanga\u017cowanie i czysty duch g\u00f3r. Zobacz, jak w praktyce realizowana jest ta misja.&nbsp;<\/p>\n\n\n<div class=\"wp-block-image\">\n<figure class=\"aligncenter size-full\"><img loading=\"lazy\" decoding=\"async\" width=\"1024\" height=\"683\" src=\"https:\/\/www.skalnik.pl\/blog\/wp-content\/uploads\/2025\/05\/3.png\" alt=\"Dolomity \u2013 duchowe \u017ar\u00f3d\u0142o filozofii marki Salewa\" class=\"wp-image-27075\" srcset=\"https:\/\/www.skalnik.pl\/blog\/wp-content\/uploads\/2025\/05\/3.png 1024w, https:\/\/www.skalnik.pl\/blog\/wp-content\/uploads\/2025\/05\/3-300x200.png 300w, https:\/\/www.skalnik.pl\/blog\/wp-content\/uploads\/2025\/05\/3-768x512.png 768w\" sizes=\"auto, (max-width: 1024px) 100vw, 1024px\" \/><figcaption class=\"wp-element-caption\"><em>Dolomity \u2013 duchowe \u017ar\u00f3d\u0142o filozofii marki Salewa (fot. Salewa)<\/em><\/figcaption><\/figure>\n<\/div>\n\n\n<h2 class=\"wp-block-heading\"><span class=\"ez-toc-section\" id=\"Salewa_a_zrownowazony_rozwoj\"><\/span>Salewa a zr\u00f3wnowa\u017cony rozw\u00f3j<span class=\"ez-toc-section-end\"><\/span><\/h2>\n\n\n\n<p>Zr\u00f3wnowa\u017cony rozw\u00f3j, zr\u00f3wnowa\u017cona produkcja &#8211; na pewno znasz i s\u0142yszysz te has\u0142a niemal codziennie. Osadzona w Dolomitach marka d\u0105\u017cy do minimalizowania ingerencji w \u015brodowisko naturalne oraz promuje odpowiedzialne podej\u015bcie do produkcji. W tym przypadku mo\u017cesz mie\u0107 pewno\u015b\u0107, \u017ce to nie tylko slogany, ale konkretne dzia\u0142ania. Jakie? Wybra\u0142am tylko kilka najbardziej znacz\u0105cych:<\/p>\n\n\n\n<p>&#8211; Salewa Committed \u2013 je\u015bli zobaczysz ten znak na kupionej odzie\u017cy, butach czy sprz\u0119cie Salewa, to znaczy, \u017ce spe\u0142nia on najwy\u017csze standardy w zakresie odpowiedzialnej produkcji. To wewn\u0119trzna norma wprowadzona przez mark\u0119, w kt\u00f3rej zawarto r\u00f3\u017cne aspekty zr\u00f3wnowa\u017conej produkcji. \u017beby otrzyma\u0107 ten znak, produkt musi spe\u0142nia\u0107 minimum trzy z poni\u017cszych: kontrola zu\u017cycia chemikali\u00f3w, brak zwi\u0105zk\u00f3w PFC, zastosowanie materia\u0142\u00f3w z recyklingu (ponad 50%), wykorzystanie materia\u0142\u00f3w naturalnych, puch pozyskiwany w etyczny spos\u00f3b (RDS) oraz produkcja w fabrykach przestrzegaj\u0105cych zasad fair trade.&nbsp;<\/p>\n\n\n\n<p class=\"has-white-color has-vivid-cyan-blue-background-color has-text-color has-background\"><strong>Zobacz, jak filozofia g\u00f3r przek\u0142ada si\u0119 na sprz\u0119t.<\/strong> \ud83d\udc49 Sprawd\u017a kolekcj\u0119 <a href=\"https:\/\/www.skalnik.pl\/salewa\" target=\"_blank\" rel=\"noopener\" title=\"\">Salewa<\/a> w naszym sklepie.<\/p>\n\n\n\n<p>&#8211; Net Zero to dzia\u0142ania podejmowane przez Salewa w celu ograniczenia skutk\u00f3w kryzysu klimatycznego przez zmniejszenie emisji CO2 w ca\u0142ym \u0142a\u0144cuchu produkcji o po\u0142ow\u0119 warto\u015bci do 2030 roku i osi\u0105gni\u0119cie zerowej emisji netto do 2050 roku. Aby to osi\u0105gn\u0105\u0107 marka mierzy \u015blad&nbsp;w\u0119glowy, wyznacza cele oparte na wiedzy naukowej, wdra\u017ca projekty i analizuje ich post\u0119py. Salewa stawia na cyrkularne projektowanie produkt\u00f3w, efektywne procesy i wsp\u00f3\u0142prac\u0119 z odpowiedzialnymi partnerami oraz inwestuje w odnawialne \u017ar\u00f3d\u0142a energii i dzia\u0142ania kompensuj\u0105ce emisje spalin.&nbsp;<\/p>\n\n\n<div class=\"wp-block-image\">\n<figure class=\"aligncenter size-full\"><img loading=\"lazy\" decoding=\"async\" width=\"1024\" height=\"683\" src=\"https:\/\/www.skalnik.pl\/blog\/wp-content\/uploads\/2025\/05\/6.png\" alt=\"Odzie\u017c techniczna Salewa to po\u0142\u0105czenie funkcjonalno\u015bci i troski o \u015brodowisko\" class=\"wp-image-27078\" srcset=\"https:\/\/www.skalnik.pl\/blog\/wp-content\/uploads\/2025\/05\/6.png 1024w, https:\/\/www.skalnik.pl\/blog\/wp-content\/uploads\/2025\/05\/6-300x200.png 300w, https:\/\/www.skalnik.pl\/blog\/wp-content\/uploads\/2025\/05\/6-768x512.png 768w\" sizes=\"auto, (max-width: 1024px) 100vw, 1024px\" \/><figcaption class=\"wp-element-caption\"><em>Odzie\u017c techniczna Salewa to po\u0142\u0105czenie funkcjonalno\u015bci i troski o \u015brodowisko (fot. Salewa)<\/em><\/figcaption><\/figure>\n<\/div>\n\n\n<p>&#8211; przed\u0142u\u017canie \u017cywotno\u015bci produkt\u00f3w \u2013 czy wiesz, \u017ce produkty Salewa mo\u017cesz naprawi\u0107 w profesjonalnym serwisie w Bolzano oraz u polskiego przedstawiciela? Dzi\u0119ki temu np. zepsuty suwak nie jest ju\u017c podstaw\u0105 do pozbycia si\u0119 kurtki czy bluzy. W siedzibie marki oraz jej salonach we W\u0142oszech znajdziesz te\u017c secondhandy Salewy z profesjonalnie od\u015bwie\u017conymi ubraniami, butami i sprz\u0119tem.<\/p>\n\n\n\n<p>&#8211; recykling i naturalne materia\u0142y \u2013 Salewa sukcesywnie zwi\u0119ksza udzia\u0142 materia\u0142\u00f3w z recyklingu w swoich produktach. Wiele z nich wyprodukowanych jest w 100% z takich w\u0142a\u015bnie tkanin. Tak\u017ce opakowania powstaj\u0105 z surowc\u00f3w wt\u00f3rnych. Salewa korzysta z we\u0142ny, puchu, w\u0142\u00f3kien konopnych, Tencelu, czyli surowc\u00f3w naturalnych. Puch i we\u0142na pozyskiwane s\u0105 w etyczny spos\u00f3b i pochodz\u0105 z hodowli dbaj\u0105cych o dobrostan zwierz\u0105t.&nbsp;<\/p>\n\n\n\n<p>&#8211; ludzie \u2013 odzie\u017c, buty czy sprz\u0119t nie produkuj\u0105 si\u0119 same. I nie ma si\u0119 te\u017c co oszukiwa\u0107, \u017ce marka o takim zasi\u0119gu produkuje tylko na miejscu (cho\u0107 rzeczywi\u015bcie cz\u0119\u015b\u0107 produkcji odbywa si\u0119 we W\u0142oszech). Dla Salewy pracuj\u0105 fabryki w Azji, ale marka wsp\u00f3\u0142pracuje tylko z tymi, kt\u00f3re przestrzegaj\u0105 kodeks\u00f3w pracy i nale\u017cy do inicjatywy Fair Wear Foundation.&nbsp;<\/p>\n\n\n<div class=\"wp-block-image\">\n<figure class=\"aligncenter size-full\"><img loading=\"lazy\" decoding=\"async\" width=\"1024\" height=\"683\" src=\"https:\/\/www.skalnik.pl\/blog\/wp-content\/uploads\/2025\/05\/8.png\" alt=\"Salewa Alpine Campus \u2013 miejsce, gdzie pasja spotyka si\u0119 z nauk\u0105\" class=\"wp-image-27080\" srcset=\"https:\/\/www.skalnik.pl\/blog\/wp-content\/uploads\/2025\/05\/8.png 1024w, https:\/\/www.skalnik.pl\/blog\/wp-content\/uploads\/2025\/05\/8-300x200.png 300w, https:\/\/www.skalnik.pl\/blog\/wp-content\/uploads\/2025\/05\/8-768x512.png 768w\" sizes=\"auto, (max-width: 1024px) 100vw, 1024px\" \/><figcaption class=\"wp-element-caption\"><em>Salewa Alpine Campus \u2013 miejsce, gdzie pasja spotyka si\u0119 z nauk\u0105 (fot. Salewa)<\/em><\/figcaption><\/figure>\n<\/div>\n\n\n<h2 class=\"wp-block-heading\"><span class=\"ez-toc-section\" id=\"Ludzie_Salewy_%E2%80%93_wsparcie_niejedno_ma_imie\"><\/span>Ludzie Salewy &#8211; wsparcie niejedno ma imi\u0119<span class=\"ez-toc-section-end\"><\/span><\/h2>\n\n\n\n<p>W filozofii marki Salewa, drugim filarem s\u0105 ludzie. Na poziomie pracownik\u00f3w to przede wszystkim inwestycja w ich dobrostan i zr\u00f3wnowa\u017cone warunki pracy. Ale Salewa od lat wychodzi te\u017c naprzeciw Ludziom G\u00f3r i wspiera ich na r\u00f3\u017cnych polach. Przez grup\u0119 Salewa People Team pomaga w realizacji g\u00f3rskich wyzwa\u0144. W\u015br\u00f3d os\u00f3b, kt\u00f3re otrzyma\u0142y wsparcie swoich wypraw i projekt\u00f3w, jest te\u017c Polka, Karolina Tuszy\u0144ska @Breaking.the.borders realizuj\u0105ca m.in. d\u0142ugodystansowe wyprawy g\u00f3rskie. Salewa Team skupia wspinaczy, alpinist\u00f3w, podr\u00f3\u017cnik\u00f3w, skiturowc\u00f3w realizuj\u0105cych swoje projekty w ka\u017cdym niemal zak\u0105tku \u015bwiata. Wsparcie dzia\u0142a tu tak\u017ce w drug\u0105 stron\u0119 \u2013 na blogu marki mo\u017cesz przeczyta\u0107 relacje z tych wypraw oraz cenne rady, kt\u00f3re mog\u0105 Ci\u0119 zainspirowa\u0107 do realizacji w\u0142asnych wyzwa\u0144.&nbsp;<\/p>\n\n\n\n<p>Sam blog Salewy to tak\u017ce kopalnia wiedzy dla ka\u017cdego, kto szuka rzetelnych informacji g\u00f3rskich i outdoorowych. Eksperci marki podpowiadaj\u0105, na co zwr\u00f3ci\u0107 uwag\u0119 i jak zabra\u0107 si\u0119 do planowania w\u0142asnych wypraw.&nbsp;<\/p>\n\n\n<div class=\"wp-block-image\">\n<figure class=\"aligncenter size-full\"><img loading=\"lazy\" decoding=\"async\" width=\"1024\" height=\"683\" src=\"https:\/\/www.skalnik.pl\/blog\/wp-content\/uploads\/2025\/05\/7.png\" alt=\"Ambasadorzy Salewy \u2013 sportowcy, himalai\u015bci, przewodnicy g\u00f3rscy (fot. Salewa)\" class=\"wp-image-27079\" srcset=\"https:\/\/www.skalnik.pl\/blog\/wp-content\/uploads\/2025\/05\/7.png 1024w, https:\/\/www.skalnik.pl\/blog\/wp-content\/uploads\/2025\/05\/7-300x200.png 300w, https:\/\/www.skalnik.pl\/blog\/wp-content\/uploads\/2025\/05\/7-768x512.png 768w\" sizes=\"auto, (max-width: 1024px) 100vw, 1024px\" \/><figcaption class=\"wp-element-caption\"><em>Ambasadorzy Salewy \u2013 sportowcy, himalai\u015bci, przewodnicy g\u00f3rscy (fot. Salewa)<\/em><\/figcaption><\/figure>\n<\/div>\n\n\n<h2 class=\"wp-block-heading\"><span class=\"ez-toc-section\" id=\"A_co_z_Polska\"><\/span>A co z Polsk\u0105?<span class=\"ez-toc-section-end\"><\/span><\/h2>\n\n\n\n<p>Salewa jest mark\u0105 og\u00f3lno\u015bwiatow\u0105, ale realizuje tak\u017ce projekty skierowane do konkretnych kraj\u00f3w. W 2010 r. marka nawi\u0105za\u0142a wsp\u00f3\u0142prac\u0119 z TOPR, a w kolejnych latach tak\u017ce z GOPR. Umowy s\u0105 przed\u0142u\u017cane regularnie i obejmuj\u0105 przede wszystkim wsparcie sprz\u0119towe ratownik\u00f3w. W ich ramach powsta\u0142a linia produkt\u00f3w Rescue z odzie\u017c\u0105 dopasowan\u0105 do potrzeb ratownictwa. Salewa czerpie tak\u017ce korzy\u015b\u0107 z tej wsp\u00f3\u0142pracy \u2013 dzi\u0119ki uwagom dostarczanym przez profesjonalist\u00f3w mo\u017cliwe jest wprowadzanie coraz bardziej funkcjonalnych zmian np. w odzie\u017cy trafiaj\u0105cej na powszechny rynek.&nbsp;<\/p>\n\n\n\n<p>Wsparcie to tak\u017ce przekazywanie przez Salew\u0119 dochodu ze sprzeda\u017cy konkretnych, sygnowanych logo WSPIERAM GOPR produkt\u00f3w na cele GOPR. Produkty zmieniaj\u0105 si\u0119 co roku, ale by\u0142y ju\u017c w\u015br\u00f3d nich np. czapki, opaski, termosy, kubki, butelki na wod\u0119 czy apteczki.&nbsp;&nbsp;<\/p>\n\n\n<div class=\"wp-block-image\">\n<figure class=\"aligncenter size-full\"><img loading=\"lazy\" decoding=\"async\" width=\"1024\" height=\"683\" src=\"https:\/\/www.skalnik.pl\/blog\/wp-content\/uploads\/2025\/05\/4.png\" alt=\"Ludzie g\u00f3r w akcji \u2013 sprz\u0119t Salewa w terenie\" class=\"wp-image-27076\" srcset=\"https:\/\/www.skalnik.pl\/blog\/wp-content\/uploads\/2025\/05\/4.png 1024w, https:\/\/www.skalnik.pl\/blog\/wp-content\/uploads\/2025\/05\/4-300x200.png 300w, https:\/\/www.skalnik.pl\/blog\/wp-content\/uploads\/2025\/05\/4-768x512.png 768w\" sizes=\"auto, (max-width: 1024px) 100vw, 1024px\" \/><figcaption class=\"wp-element-caption\"><em>Ludzie g\u00f3r w akcji \u2013 sprz\u0119t Salewa w terenie (fot. Salewa)<\/em><\/figcaption><\/figure>\n<\/div>\n\n\n<p>Salewa jest obecna w Polsce nie tylko przez produkty na p\u00f3\u0142kach sklep\u00f3w, ale tak\u017ce przez swoich ambasador\u00f3w. S\u0105 nimi ludzie, kt\u00f3rych nazwiska to niemal synonim g\u00f3r i outdoorowych wyzwa\u0144. S\u0105 w\u015br\u00f3d nich: Justyna Kowalczyk-Tekieli \u2013 Mistrzyni Olimpijska w biegach narciarskich i mi\u0142o\u015bniczka&nbsp;g\u00f3r, himalai\u015bci &#8211; Mariusz Hatala i Kinga Baranowska, wspinacze i paralotniarze &#8211; Jacek Matuszek, Kacper K\u0142oda oraz przewodnicy g\u00f3rscy \u2013 Dany Bielecki i Jan Karpiel.&nbsp;<\/p>\n\n\n\n<p>Ale Salewa wspiera w Polsce nie tylko profesjonalist\u00f3w. Od lat zaanga\u017cowana jest w projekt \u201e28 Marze\u0144\u201d skierowany do os\u00f3b niepe\u0142nosprawnych. Dzi\u0119ki pomocy marki wychowankowie O\u015brodka Rehabilitacyjno- Edukacyjno- Wychowawczego i Niepublicznej Szko\u0142y Przysposabiaj\u0105cej do Pracy w Dzia\u0142dowie zdobyli w latach 2019-2020 Koron\u0119 G\u00f3r Polski, w 2022 przejechali rowerami ze \u015awinouj\u015bcia na Hel, za\u015b w latach 2023- 2024 r. przew\u0119drowali w kilku etapach \u015bcie\u017ckami \u015bwi\u0119tego Jakuba z granicy polsko- litewskiej przez Podlasie i Warmi\u0119 (Niepe\u0142nosprawni w drodze na Zach\u00f3d).&nbsp;<\/p>\n\n\n\n<figure class=\"wp-block-image size-full\"><a href=\"https:\/\/www.skalnik.pl\/salewa\" target=\"_blank\" rel=\"noreferrer noopener\"><img loading=\"lazy\" decoding=\"async\" width=\"1024\" height=\"250\" src=\"https:\/\/www.skalnik.pl\/blog\/wp-content\/uploads\/2025\/05\/Baner-blog.png\" alt=\"\" class=\"wp-image-27081\" srcset=\"https:\/\/www.skalnik.pl\/blog\/wp-content\/uploads\/2025\/05\/Baner-blog.png 1024w, https:\/\/www.skalnik.pl\/blog\/wp-content\/uploads\/2025\/05\/Baner-blog-300x73.png 300w, https:\/\/www.skalnik.pl\/blog\/wp-content\/uploads\/2025\/05\/Baner-blog-768x188.png 768w\" sizes=\"auto, (max-width: 1024px) 100vw, 1024px\" \/><\/a><\/figure>\n\n\n\n<h2 class=\"wp-block-heading\"><span class=\"ez-toc-section\" id=\"Salewa_%E2%80%93_marka_ktora_wspiera_inspiruje_i_rozwija_swiat_outdooru\"><\/span>Salewa \u2013 marka, kt\u00f3ra wspiera, inspiruje i rozwija \u015bwiat outdooru<span class=\"ez-toc-section-end\"><\/span><\/h2>\n\n\n\n<p>Zakorzeniona w Dolomitach Salewa to nie tylko producent sprz\u0119tu, ale stoj\u0105ca za ni\u0105 filozofia wspierania Ludzi G\u00f3r. Prowadzone dzia\u0142ania daj\u0105 korzy\u015bci obydwu stronom, a dzi\u0119ki wsp\u00f3\u0142pracy z profesjonalistami i realizuj\u0105cymi swoje pasje mi\u0142o\u015bnikami g\u00f3r i outdooru marka mo\u017ce poprawia\u0107 swoje produkty oraz inspirowa\u0107 i przybli\u017ca\u0107 mo\u017cliwo\u015bci zwi\u0105zane z r\u00f3\u017cnymi aktywno\u015bciami w g\u00f3rach i poza nimi.<\/p>\n","protected":false},"excerpt":{"rendered":"<p>Z Dolomit\u00f3w w \u015bwiat \u2013 tak mo\u017cna opisa\u0107 misj\u0119 marki Salewa, kt\u00f3ra od dekad inspiruje i wspiera mi\u0142o\u015bnik\u00f3w g\u00f3rskich aktywno\u015bci. To co\u015b wi\u0119cej ni\u017c producent odzie\u017cy i sprz\u0119tu outdoorowego. Poznaj filozofi\u0119, warto\u015bci i dzia\u0142ania, kt\u00f3re czyni\u0105 Salew\u0119 jedn\u0105 z najbardziej zaufanych marek \u015bwiata g\u00f3r.<\/p>\n","protected":false},"author":41,"featured_media":27082,"comment_status":"closed","ping_status":"closed","sticky":false,"template":"","format":"standard","meta":{"_acf_changed":false,"footnotes":""},"categories":[5],"tags":[15,99,95,210],"magento_category":[190,218],"magento_product":[589,590,760,9671,587,9674,9673,9675,9676,9677,9678,9679,9680,9681,9682,9684,9685,9683,9686,9687],"class_list":["post-27067","post","type-post","status-publish","format-standard","has-post-thumbnail","hentry","category-branza","tag-odziez","tag-rynek-outdoor","tag-sprzet-turystyczny","tag-turystyka"],"acf":[],"aioseo_notices":[],"aioseo_head":"\n\t\t<!-- All in One SEO 4.9.10 - aioseo.com -->\n\t<meta name=\"description\" content=\"Salewa to marka z Dolomit\u00f3w, kt\u00f3ra tworzy z my\u015bl\u0105 o ludziach g\u00f3r. Poznaj jej histori\u0119, dzia\u0142ania proekologiczne i projekty wspieraj\u0105ce spo\u0142eczno\u015bci outdoorowe.\" \/>\n\t<meta name=\"robots\" content=\"max-image-preview:large\" \/>\n\t<meta name=\"author\" content=\"Anna \u015aliwa\"\/>\n\t<link rel=\"canonical\" href=\"https:\/\/www.skalnik.pl\/blog\/salewa-wiecej-niz-marka-outdoorowa\/\" \/>\n\t<meta name=\"generator\" content=\"All in One SEO (AIOSEO) 4.9.10\" \/>\n\t\t<meta property=\"og:locale\" content=\"pl_PL\" \/>\n\t\t<meta property=\"og:site_name\" content=\"blog Skalnik - Blog, porady, artyku\u0142y - blog Skalnik\" \/>\n\t\t<meta property=\"og:type\" content=\"article\" \/>\n\t\t<meta property=\"og:title\" content=\"Salewa \u2013 wi\u0119cej ni\u017c marka outdoorowa - blog Skalnik\" \/>\n\t\t<meta property=\"og:description\" content=\"Salewa to marka z Dolomit\u00f3w, kt\u00f3ra tworzy z my\u015bl\u0105 o ludziach g\u00f3r. Poznaj jej histori\u0119, dzia\u0142ania proekologiczne i projekty wspieraj\u0105ce spo\u0142eczno\u015bci outdoorowe.\" \/>\n\t\t<meta property=\"og:url\" content=\"https:\/\/www.skalnik.pl\/blog\/salewa-wiecej-niz-marka-outdoorowa\/\" \/>\n\t\t<meta property=\"og:image\" content=\"https:\/\/www.skalnik.pl\/blog\/wp-content\/uploads\/2025\/05\/3.png\" \/>\n\t\t<meta property=\"og:image:secure_url\" content=\"https:\/\/www.skalnik.pl\/blog\/wp-content\/uploads\/2025\/05\/3.png\" \/>\n\t\t<meta property=\"og:image:width\" content=\"1024\" \/>\n\t\t<meta property=\"og:image:height\" content=\"683\" \/>\n\t\t<meta property=\"article:tag\" content=\"bran\u017ca\" \/>\n\t\t<meta property=\"article:tag\" content=\"odzie\u017c\" \/>\n\t\t<meta property=\"article:tag\" content=\"rynek outdoor\" \/>\n\t\t<meta property=\"article:tag\" content=\"sprz\u0119t turystyczny\" \/>\n\t\t<meta property=\"article:tag\" content=\"turystyka\" \/>\n\t\t<meta property=\"article:published_time\" content=\"2025-05-08T16:05:03+00:00\" \/>\n\t\t<meta property=\"article:modified_time\" content=\"2025-05-16T11:59:21+00:00\" \/>\n\t\t<meta name=\"twitter:card\" content=\"summary_large_image\" \/>\n\t\t<meta name=\"twitter:title\" content=\"Salewa \u2013 wi\u0119cej ni\u017c marka outdoorowa - blog Skalnik\" \/>\n\t\t<meta name=\"twitter:description\" content=\"Salewa to marka z Dolomit\u00f3w, kt\u00f3ra tworzy z my\u015bl\u0105 o ludziach g\u00f3r. Poznaj jej histori\u0119, dzia\u0142ania proekologiczne i projekty wspieraj\u0105ce spo\u0142eczno\u015bci outdoorowe.\" \/>\n\t\t<meta name=\"twitter:image\" content=\"https:\/\/www.skalnik.pl\/blog\/wp-content\/uploads\/2025\/05\/3.png\" \/>\n\t\t<script type=\"application\/ld+json\" class=\"aioseo-schema\">\n\t\t\t{\"@context\":\"https:\\\/\\\/schema.org\",\"@graph\":[{\"@type\":\"BlogPosting\",\"@id\":\"https:\\\/\\\/www.skalnik.pl\\\/blog\\\/salewa-wiecej-niz-marka-outdoorowa\\\/#blogposting\",\"name\":\"Salewa \\u2013 wi\\u0119cej ni\\u017c marka outdoorowa - blog Skalnik\",\"headline\":\"Salewa \\u2013 wi\\u0119cej ni\\u017c marka outdoorowa\",\"author\":{\"@id\":\"https:\\\/\\\/www.skalnik.pl\\\/blog\\\/author\\\/anna-sliwa\\\/#author\"},\"publisher\":{\"@id\":\"https:\\\/\\\/www.skalnik.pl\\\/blog\\\/#organization\"},\"image\":{\"@type\":\"ImageObject\",\"url\":\"https:\\\/\\\/www.skalnik.pl\\\/blog\\\/wp-content\\\/uploads\\\/2025\\\/05\\\/Salewa-blog-1920-x-706-px.png\",\"width\":1920,\"height\":706},\"datePublished\":\"2025-05-08T18:05:03+02:00\",\"dateModified\":\"2025-05-16T13:59:21+02:00\",\"inLanguage\":\"pl-PL\",\"mainEntityOfPage\":{\"@id\":\"https:\\\/\\\/www.skalnik.pl\\\/blog\\\/salewa-wiecej-niz-marka-outdoorowa\\\/#webpage\"},\"isPartOf\":{\"@id\":\"https:\\\/\\\/www.skalnik.pl\\\/blog\\\/salewa-wiecej-niz-marka-outdoorowa\\\/#webpage\"},\"articleSection\":\"Bran\\u017ca, odzie\\u017c, rynek outdoor, sprz\\u0119t turystyczny, turystyka, 1088, 1132, 597241, 597242, 600660, 600691, 602758, 602967, 603021, 603427, 604059, 604077, 605971, 605978, 606078, 606082, 611738, 613944, 615379, 615814, 615881, 617883\"},{\"@type\":\"BreadcrumbList\",\"@id\":\"https:\\\/\\\/www.skalnik.pl\\\/blog\\\/salewa-wiecej-niz-marka-outdoorowa\\\/#breadcrumblist\",\"itemListElement\":[{\"@type\":\"ListItem\",\"@id\":\"https:\\\/\\\/www.skalnik.pl\\\/blog#listItem\",\"position\":1,\"name\":\"Home\",\"item\":\"https:\\\/\\\/www.skalnik.pl\\\/blog\",\"nextItem\":{\"@type\":\"ListItem\",\"@id\":\"https:\\\/\\\/www.skalnik.pl\\\/blog\\\/.\\\/branza\\\/#listItem\",\"name\":\"Bran\\u017ca\"}},{\"@type\":\"ListItem\",\"@id\":\"https:\\\/\\\/www.skalnik.pl\\\/blog\\\/.\\\/branza\\\/#listItem\",\"position\":2,\"name\":\"Bran\\u017ca\",\"item\":\"https:\\\/\\\/www.skalnik.pl\\\/blog\\\/.\\\/branza\\\/\",\"nextItem\":{\"@type\":\"ListItem\",\"@id\":\"https:\\\/\\\/www.skalnik.pl\\\/blog\\\/salewa-wiecej-niz-marka-outdoorowa\\\/#listItem\",\"name\":\"Salewa \\u2013 wi\\u0119cej ni\\u017c marka outdoorowa\"},\"previousItem\":{\"@type\":\"ListItem\",\"@id\":\"https:\\\/\\\/www.skalnik.pl\\\/blog#listItem\",\"name\":\"Home\"}},{\"@type\":\"ListItem\",\"@id\":\"https:\\\/\\\/www.skalnik.pl\\\/blog\\\/salewa-wiecej-niz-marka-outdoorowa\\\/#listItem\",\"position\":3,\"name\":\"Salewa \\u2013 wi\\u0119cej ni\\u017c marka outdoorowa\",\"previousItem\":{\"@type\":\"ListItem\",\"@id\":\"https:\\\/\\\/www.skalnik.pl\\\/blog\\\/.\\\/branza\\\/#listItem\",\"name\":\"Bran\\u017ca\"}}]},{\"@type\":\"Organization\",\"@id\":\"https:\\\/\\\/www.skalnik.pl\\\/blog\\\/#organization\",\"name\":\"blog Skalnik\",\"description\":\"Blog, porady, artyku\\u0142y - blog Skalnik\",\"url\":\"https:\\\/\\\/www.skalnik.pl\\\/blog\\\/\"},{\"@type\":\"Person\",\"@id\":\"https:\\\/\\\/www.skalnik.pl\\\/blog\\\/author\\\/anna-sliwa\\\/#author\",\"url\":\"https:\\\/\\\/www.skalnik.pl\\\/blog\\\/author\\\/anna-sliwa\\\/\",\"name\":\"Anna \\u015aliwa\",\"image\":{\"@type\":\"ImageObject\",\"@id\":\"https:\\\/\\\/www.skalnik.pl\\\/blog\\\/salewa-wiecej-niz-marka-outdoorowa\\\/#authorImage\",\"url\":\"https:\\\/\\\/secure.gravatar.com\\\/avatar\\\/e8300be3de710e2e109e5dfbf092dcf827242ec8071807a1e13f6b3f7c9bbd79?s=96&d=mm&r=g\",\"width\":96,\"height\":96,\"caption\":\"Anna \\u015aliwa\"}},{\"@type\":\"WebPage\",\"@id\":\"https:\\\/\\\/www.skalnik.pl\\\/blog\\\/salewa-wiecej-niz-marka-outdoorowa\\\/#webpage\",\"url\":\"https:\\\/\\\/www.skalnik.pl\\\/blog\\\/salewa-wiecej-niz-marka-outdoorowa\\\/\",\"name\":\"Salewa \\u2013 wi\\u0119cej ni\\u017c marka outdoorowa - blog Skalnik\",\"description\":\"Salewa to marka z Dolomit\\u00f3w, kt\\u00f3ra tworzy z my\\u015bl\\u0105 o ludziach g\\u00f3r. Poznaj jej histori\\u0119, dzia\\u0142ania proekologiczne i projekty wspieraj\\u0105ce spo\\u0142eczno\\u015bci outdoorowe.\",\"inLanguage\":\"pl-PL\",\"isPartOf\":{\"@id\":\"https:\\\/\\\/www.skalnik.pl\\\/blog\\\/#website\"},\"breadcrumb\":{\"@id\":\"https:\\\/\\\/www.skalnik.pl\\\/blog\\\/salewa-wiecej-niz-marka-outdoorowa\\\/#breadcrumblist\"},\"author\":{\"@id\":\"https:\\\/\\\/www.skalnik.pl\\\/blog\\\/author\\\/anna-sliwa\\\/#author\"},\"creator\":{\"@id\":\"https:\\\/\\\/www.skalnik.pl\\\/blog\\\/author\\\/anna-sliwa\\\/#author\"},\"image\":{\"@type\":\"ImageObject\",\"url\":\"https:\\\/\\\/www.skalnik.pl\\\/blog\\\/wp-content\\\/uploads\\\/2025\\\/05\\\/Salewa-blog-1920-x-706-px.png\",\"@id\":\"https:\\\/\\\/www.skalnik.pl\\\/blog\\\/salewa-wiecej-niz-marka-outdoorowa\\\/#mainImage\",\"width\":1920,\"height\":706},\"primaryImageOfPage\":{\"@id\":\"https:\\\/\\\/www.skalnik.pl\\\/blog\\\/salewa-wiecej-niz-marka-outdoorowa\\\/#mainImage\"},\"datePublished\":\"2025-05-08T18:05:03+02:00\",\"dateModified\":\"2025-05-16T13:59:21+02:00\"},{\"@type\":\"WebSite\",\"@id\":\"https:\\\/\\\/www.skalnik.pl\\\/blog\\\/#website\",\"url\":\"https:\\\/\\\/www.skalnik.pl\\\/blog\\\/\",\"name\":\"blog Skalnik\",\"description\":\"Blog, porady, artyku\\u0142y - blog Skalnik\",\"inLanguage\":\"pl-PL\",\"publisher\":{\"@id\":\"https:\\\/\\\/www.skalnik.pl\\\/blog\\\/#organization\"}}]}\n\t\t<\/script>\n\t\t<!-- All in One SEO -->\n\n","aioseo_head_json":{"title":"Salewa \u2013 wi\u0119cej ni\u017c marka outdoorowa - blog Skalnik","description":"Salewa to marka z Dolomit\u00f3w, kt\u00f3ra tworzy z my\u015bl\u0105 o ludziach g\u00f3r. Poznaj jej histori\u0119, dzia\u0142ania proekologiczne i projekty wspieraj\u0105ce spo\u0142eczno\u015bci outdoorowe.","canonical_url":"https:\/\/www.skalnik.pl\/blog\/salewa-wiecej-niz-marka-outdoorowa\/","robots":"max-image-preview:large","keywords":"","webmasterTools":{"miscellaneous":""},"schema":{"@context":"https:\/\/schema.org","@graph":[{"@type":"BlogPosting","@id":"https:\/\/www.skalnik.pl\/blog\/salewa-wiecej-niz-marka-outdoorowa\/#blogposting","name":"Salewa \u2013 wi\u0119cej ni\u017c marka outdoorowa - blog Skalnik","headline":"Salewa \u2013 wi\u0119cej ni\u017c marka outdoorowa","author":{"@id":"https:\/\/www.skalnik.pl\/blog\/author\/anna-sliwa\/#author"},"publisher":{"@id":"https:\/\/www.skalnik.pl\/blog\/#organization"},"image":{"@type":"ImageObject","url":"https:\/\/www.skalnik.pl\/blog\/wp-content\/uploads\/2025\/05\/Salewa-blog-1920-x-706-px.png","width":1920,"height":706},"datePublished":"2025-05-08T18:05:03+02:00","dateModified":"2025-05-16T13:59:21+02:00","inLanguage":"pl-PL","mainEntityOfPage":{"@id":"https:\/\/www.skalnik.pl\/blog\/salewa-wiecej-niz-marka-outdoorowa\/#webpage"},"isPartOf":{"@id":"https:\/\/www.skalnik.pl\/blog\/salewa-wiecej-niz-marka-outdoorowa\/#webpage"},"articleSection":"Bran\u017ca, odzie\u017c, rynek outdoor, sprz\u0119t turystyczny, turystyka, 1088, 1132, 597241, 597242, 600660, 600691, 602758, 602967, 603021, 603427, 604059, 604077, 605971, 605978, 606078, 606082, 611738, 613944, 615379, 615814, 615881, 617883"},{"@type":"BreadcrumbList","@id":"https:\/\/www.skalnik.pl\/blog\/salewa-wiecej-niz-marka-outdoorowa\/#breadcrumblist","itemListElement":[{"@type":"ListItem","@id":"https:\/\/www.skalnik.pl\/blog#listItem","position":1,"name":"Home","item":"https:\/\/www.skalnik.pl\/blog","nextItem":{"@type":"ListItem","@id":"https:\/\/www.skalnik.pl\/blog\/.\/branza\/#listItem","name":"Bran\u017ca"}},{"@type":"ListItem","@id":"https:\/\/www.skalnik.pl\/blog\/.\/branza\/#listItem","position":2,"name":"Bran\u017ca","item":"https:\/\/www.skalnik.pl\/blog\/.\/branza\/","nextItem":{"@type":"ListItem","@id":"https:\/\/www.skalnik.pl\/blog\/salewa-wiecej-niz-marka-outdoorowa\/#listItem","name":"Salewa \u2013 wi\u0119cej ni\u017c marka outdoorowa"},"previousItem":{"@type":"ListItem","@id":"https:\/\/www.skalnik.pl\/blog#listItem","name":"Home"}},{"@type":"ListItem","@id":"https:\/\/www.skalnik.pl\/blog\/salewa-wiecej-niz-marka-outdoorowa\/#listItem","position":3,"name":"Salewa \u2013 wi\u0119cej ni\u017c marka outdoorowa","previousItem":{"@type":"ListItem","@id":"https:\/\/www.skalnik.pl\/blog\/.\/branza\/#listItem","name":"Bran\u017ca"}}]},{"@type":"Organization","@id":"https:\/\/www.skalnik.pl\/blog\/#organization","name":"blog Skalnik","description":"Blog, porady, artyku\u0142y - blog Skalnik","url":"https:\/\/www.skalnik.pl\/blog\/"},{"@type":"Person","@id":"https:\/\/www.skalnik.pl\/blog\/author\/anna-sliwa\/#author","url":"https:\/\/www.skalnik.pl\/blog\/author\/anna-sliwa\/","name":"Anna \u015aliwa","image":{"@type":"ImageObject","@id":"https:\/\/www.skalnik.pl\/blog\/salewa-wiecej-niz-marka-outdoorowa\/#authorImage","url":"https:\/\/secure.gravatar.com\/avatar\/e8300be3de710e2e109e5dfbf092dcf827242ec8071807a1e13f6b3f7c9bbd79?s=96&d=mm&r=g","width":96,"height":96,"caption":"Anna \u015aliwa"}},{"@type":"WebPage","@id":"https:\/\/www.skalnik.pl\/blog\/salewa-wiecej-niz-marka-outdoorowa\/#webpage","url":"https:\/\/www.skalnik.pl\/blog\/salewa-wiecej-niz-marka-outdoorowa\/","name":"Salewa \u2013 wi\u0119cej ni\u017c marka outdoorowa - blog Skalnik","description":"Salewa to marka z Dolomit\u00f3w, kt\u00f3ra tworzy z my\u015bl\u0105 o ludziach g\u00f3r. Poznaj jej histori\u0119, dzia\u0142ania proekologiczne i projekty wspieraj\u0105ce spo\u0142eczno\u015bci outdoorowe.","inLanguage":"pl-PL","isPartOf":{"@id":"https:\/\/www.skalnik.pl\/blog\/#website"},"breadcrumb":{"@id":"https:\/\/www.skalnik.pl\/blog\/salewa-wiecej-niz-marka-outdoorowa\/#breadcrumblist"},"author":{"@id":"https:\/\/www.skalnik.pl\/blog\/author\/anna-sliwa\/#author"},"creator":{"@id":"https:\/\/www.skalnik.pl\/blog\/author\/anna-sliwa\/#author"},"image":{"@type":"ImageObject","url":"https:\/\/www.skalnik.pl\/blog\/wp-content\/uploads\/2025\/05\/Salewa-blog-1920-x-706-px.png","@id":"https:\/\/www.skalnik.pl\/blog\/salewa-wiecej-niz-marka-outdoorowa\/#mainImage","width":1920,"height":706},"primaryImageOfPage":{"@id":"https:\/\/www.skalnik.pl\/blog\/salewa-wiecej-niz-marka-outdoorowa\/#mainImage"},"datePublished":"2025-05-08T18:05:03+02:00","dateModified":"2025-05-16T13:59:21+02:00"},{"@type":"WebSite","@id":"https:\/\/www.skalnik.pl\/blog\/#website","url":"https:\/\/www.skalnik.pl\/blog\/","name":"blog Skalnik","description":"Blog, porady, artyku\u0142y - blog Skalnik","inLanguage":"pl-PL","publisher":{"@id":"https:\/\/www.skalnik.pl\/blog\/#organization"}}]},"og:locale":"pl_PL","og:site_name":"blog Skalnik - Blog, porady, artyku\u0142y - blog Skalnik","og:type":"article","og:title":"Salewa \u2013 wi\u0119cej ni\u017c marka outdoorowa - blog Skalnik","og:description":"Salewa to marka z Dolomit\u00f3w, kt\u00f3ra tworzy z my\u015bl\u0105 o ludziach g\u00f3r. Poznaj jej histori\u0119, dzia\u0142ania proekologiczne i projekty wspieraj\u0105ce spo\u0142eczno\u015bci outdoorowe.","og:url":"https:\/\/www.skalnik.pl\/blog\/salewa-wiecej-niz-marka-outdoorowa\/","og:image":"https:\/\/www.skalnik.pl\/blog\/wp-content\/uploads\/2025\/05\/3.png","og:image:secure_url":"https:\/\/www.skalnik.pl\/blog\/wp-content\/uploads\/2025\/05\/3.png","og:image:width":1024,"og:image:height":683,"article:tag":["bran\u017ca","odzie\u017c","rynek outdoor","sprz\u0119t turystyczny","turystyka"],"article:published_time":"2025-05-08T16:05:03+00:00","article:modified_time":"2025-05-16T11:59:21+00:00","twitter:card":"summary_large_image","twitter:title":"Salewa \u2013 wi\u0119cej ni\u017c marka outdoorowa - blog Skalnik","twitter:description":"Salewa to marka z Dolomit\u00f3w, kt\u00f3ra tworzy z my\u015bl\u0105 o ludziach g\u00f3r. Poznaj jej histori\u0119, dzia\u0142ania proekologiczne i projekty wspieraj\u0105ce spo\u0142eczno\u015bci outdoorowe.","twitter:image":"https:\/\/www.skalnik.pl\/blog\/wp-content\/uploads\/2025\/05\/3.png"},"aioseo_meta_data":{"post_id":"27067","title":null,"description":"Salewa to marka z Dolomit\u00f3w, kt\u00f3ra tworzy z my\u015bl\u0105 o ludziach g\u00f3r. Poznaj jej histori\u0119, dzia\u0142ania proekologiczne i projekty wspieraj\u0105ce spo\u0142eczno\u015bci outdoorowe.","keywords":[],"keyphrases":{"focus":{"keyphrase":"Salewa","score":100,"analysis":{"keyphraseInTitle":{"score":9,"maxScore":9,"error":0},"keyphraseInDescription":{"score":9,"maxScore":9,"error":0},"keyphraseLength":{"score":9,"maxScore":9,"error":0,"length":1},"keyphraseInURL":{"score":5,"maxScore":5,"error":0},"keyphraseInIntroduction":{"score":9,"maxScore":9,"error":0},"keyphraseInSubHeadings":{"score":9,"maxScore":9,"error":0},"keyphraseInImageAlt":{"score":9,"maxScore":9,"error":0}}},"additional":[]},"primary_term":null,"canonical_url":null,"og_title":null,"og_description":null,"og_object_type":"default","og_image_type":"default","og_image_url":null,"og_image_width":null,"og_image_height":null,"og_image_custom_url":null,"og_image_custom_fields":null,"og_video":"","og_custom_url":null,"og_article_section":null,"og_article_tags":[],"twitter_use_og":false,"twitter_card":"default","twitter_image_type":"default","twitter_image_url":null,"twitter_image_custom_url":null,"twitter_image_custom_fields":null,"twitter_title":null,"twitter_description":null,"schema":{"blockGraphs":[],"customGraphs":[],"default":{"data":{"Article":[],"Course":[],"Dataset":[],"FAQPage":[],"Movie":[],"Person":[],"Product":[],"ProductReview":[],"Car":[],"Recipe":[],"Service":[],"SoftwareApplication":[],"WebPage":[]},"graphName":"","isEnabled":true},"graphs":[]},"schema_type":"default","schema_type_options":null,"pillar_content":false,"robots_default":true,"robots_noindex":false,"robots_noarchive":false,"robots_nosnippet":false,"robots_nofollow":false,"robots_noimageindex":false,"robots_noodp":false,"robots_notranslate":false,"robots_max_snippet":"-1","robots_max_videopreview":"-1","robots_max_imagepreview":"large","priority":null,"frequency":"default","local_seo":null,"breadcrumb_settings":null,"limit_modified_date":false,"ai":null,"created":"2025-05-06 10:28:48","updated":"2026-02-17 22:58:48","seo_analyzer_scan_date":null},"aioseo_breadcrumb":"<div class=\"aioseo-breadcrumbs\"><span class=\"aioseo-breadcrumb\">\n\t\t\t<a href=\"https:\/\/www.skalnik.pl\/blog\" title=\"Home\">Home<\/a>\n\t\t<\/span><span class=\"aioseo-breadcrumb-separator\">&raquo;<\/span><span class=\"aioseo-breadcrumb\">\n\t\t\t<a href=\"https:\/\/www.skalnik.pl\/blog\/.\/branza\/\" title=\"Bran\u017ca\">Bran\u017ca<\/a>\n\t\t<\/span><span class=\"aioseo-breadcrumb-separator\">&raquo;<\/span><span class=\"aioseo-breadcrumb\">\n\t\t\tSalewa \u2013 wi\u0119cej ni\u017c marka outdoorowa\n\t\t<\/span><\/div>","aioseo_breadcrumb_json":[{"label":"Home","link":"https:\/\/www.skalnik.pl\/blog"},{"label":"Bran\u017ca","link":"https:\/\/www.skalnik.pl\/blog\/.\/branza\/"},{"label":"Salewa \u2013 wi\u0119cej ni\u017c marka outdoorowa","link":"https:\/\/www.skalnik.pl\/blog\/salewa-wiecej-niz-marka-outdoorowa\/"}],"_links":{"self":[{"href":"https:\/\/www.skalnik.pl\/blog\/wp-json\/wp\/v2\/posts\/27067","targetHints":{"allow":["GET"]}}],"collection":[{"href":"https:\/\/www.skalnik.pl\/blog\/wp-json\/wp\/v2\/posts"}],"about":[{"href":"https:\/\/www.skalnik.pl\/blog\/wp-json\/wp\/v2\/types\/post"}],"author":[{"embeddable":true,"href":"https:\/\/www.skalnik.pl\/blog\/wp-json\/wp\/v2\/users\/41"}],"replies":[{"embeddable":true,"href":"https:\/\/www.skalnik.pl\/blog\/wp-json\/wp\/v2\/comments?post=27067"}],"version-history":[{"count":3,"href":"https:\/\/www.skalnik.pl\/blog\/wp-json\/wp\/v2\/posts\/27067\/revisions"}],"predecessor-version":[{"id":27108,"href":"https:\/\/www.skalnik.pl\/blog\/wp-json\/wp\/v2\/posts\/27067\/revisions\/27108"}],"wp:featuredmedia":[{"embeddable":true,"href":"https:\/\/www.skalnik.pl\/blog\/wp-json\/wp\/v2\/media\/27082"}],"wp:attachment":[{"href":"https:\/\/www.skalnik.pl\/blog\/wp-json\/wp\/v2\/media?parent=27067"}],"wp:term":[{"taxonomy":"category","embeddable":true,"href":"https:\/\/www.skalnik.pl\/blog\/wp-json\/wp\/v2\/categories?post=27067"},{"taxonomy":"post_tag","embeddable":true,"href":"https:\/\/www.skalnik.pl\/blog\/wp-json\/wp\/v2\/tags?post=27067"},{"taxonomy":"magento_category","embeddable":true,"href":"https:\/\/www.skalnik.pl\/blog\/wp-json\/wp\/v2\/magento_category?post=27067"},{"taxonomy":"magento_product","embeddable":true,"href":"https:\/\/www.skalnik.pl\/blog\/wp-json\/wp\/v2\/magento_product?post=27067"}],"curies":[{"name":"wp","href":"https:\/\/api.w.org\/{rel}","templated":true}]}}