{"id":27459,"date":"2025-11-19T17:59:35","date_gmt":"2025-11-19T15:59:35","guid":{"rendered":"https:\/\/www.skalnik.pl\/blog\/?p=27459"},"modified":"2025-12-03T18:13:06","modified_gmt":"2025-12-03T16:13:06","slug":"rab-namche-gtx-test-kurtki-ktora-mozesz-zabrac-wszedzie","status":"publish","type":"post","link":"https:\/\/www.skalnik.pl\/blog\/rab-namche-gtx-test-kurtki-ktora-mozesz-zabrac-wszedzie\/","title":{"rendered":"RAB Namche GTX \u2013 test kurtki, kt\u00f3r\u0105 mo\u017cesz zabra\u0107 wsz\u0119dzie"},"content":{"rendered":"\n<p><strong>Kurtk\u0119 RAB Namche GTX traktowa\u0142em jak klasyczn\u0105 \u201ejedn\u0105 przeciwdeszcz\u00f3wk\u0119 do wszystkiego\u201d. Ma dzia\u0142a\u0107 zar\u00f3wno w g\u00f3rach, jak i w podr\u00f3\u017cy, bez kombinowania z kilkoma modelami w plecaku. Test zacz\u0105\u0142 si\u0119 w Gruzji. Od zwyk\u0142ego przemieszczania si\u0119 i zwiedzania, po trekkingi z plecakiem w terenie, gdzie wiatr i opad potrafi\u0105 pojawi\u0107 si\u0119 nagle. Druga cz\u0119\u015b\u0107 testu odby\u0142a si\u0119 ju\u017c bli\u017cej domu, w Karkonoszach, gdzie pogoda cz\u0119sto jest idealnym sprawdzianem dla membrany: wilgo\u0107 w powietrzu, intensywny deszcz, podmuchy na ods\u0142oni\u0119tych odcinkach i szybkie zmiany temperatury.<\/strong><\/p>\n\n\n\n<p><a href=\"https:\/\/www.skalnik.pl\/kurtka-namche-gtx-black-1035049\">RAB Namche GTX<\/a> to typ kurtki, kt\u00f3ra ma dobrze wypada\u0107 w dw\u00f3ch \u015bwiatach: na szlaku i w normalnym u\u017cytkowaniu. Rab opisuje j\u0105 jako model dla os\u00f3b szukaj\u0105cych jednej wodoodpornej kurtki \u201edo wszystkiego\u201d \u2013 do w\u0119dr\u00f3wek i do codziennego noszenia.&nbsp;<\/p>\n\n\n\n<p>Wa\u017cne jest te\u017c to, \u017ce w konstrukcji zastosowano 3-warstwowy GORE-TEX (75D), wi\u0119c m\u00f3wimy o pe\u0142noprawnym hardshellu, a nie lekkiej \u201eawaryjnej\u201d pelerynce. W praktyce ten typ laminatu daje dwie korzy\u015bci: po pierwsze trwa\u0142o\u015b\u0107, a po drugie stabilne trzymanie parametr\u00f3w przy d\u0142u\u017cszym deszczu.<\/p>\n\n\n<div class=\"wp-block-image\">\n<figure class=\"aligncenter size-full\"><img loading=\"lazy\" decoding=\"async\" width=\"1024\" height=\"683\" src=\"https:\/\/www.skalnik.pl\/blog\/wp-content\/uploads\/2025\/12\/2-2.png\" alt=\"Kurtka RAB Namche GTX podczas trekkingu w zmiennych warunkach pogodowych.\" class=\"wp-image-27466\" srcset=\"https:\/\/www.skalnik.pl\/blog\/wp-content\/uploads\/2025\/12\/2-2.png 1024w, https:\/\/www.skalnik.pl\/blog\/wp-content\/uploads\/2025\/12\/2-2-300x200.png 300w, https:\/\/www.skalnik.pl\/blog\/wp-content\/uploads\/2025\/12\/2-2-768x512.png 768w\" sizes=\"auto, (max-width: 1024px) 100vw, 1024px\" \/><figcaption class=\"wp-element-caption\"><em>Kurtka RAB Namche GTX podczas trekkingu w zmiennych warunkach pogodowych (fot. Anita Gruszczy\u0144ska)<\/em><\/figcaption><\/figure>\n<\/div>\n\n\n<div id=\"ez-toc-container\" class=\"ez-toc-v2_0_85 counter-hierarchy ez-toc-counter ez-toc-light-blue ez-toc-container-direction\">\n<div class=\"ez-toc-title-container\">\n<p class=\"ez-toc-title\" style=\"cursor:inherit\">SPIS TRE\u015aCI <\/p>\n<span class=\"ez-toc-title-toggle\"><a href=\"#\" class=\"ez-toc-pull-right ez-toc-btn ez-toc-btn-xs ez-toc-btn-default ez-toc-toggle\" aria-label=\"Prze\u0142\u0105cznik Spisu Tre\u015bci\"><span class=\"ez-toc-js-icon-con\"><span class=\"\"><span class=\"eztoc-hide\" style=\"display:none;\">Toggle<\/span><span class=\"ez-toc-icon-toggle-span\"><svg style=\"fill: #999;color:#999\" xmlns=\"http:\/\/www.w3.org\/2000\/svg\" class=\"list-377408\" width=\"20px\" height=\"20px\" viewBox=\"0 0 24 24\" fill=\"none\"><path d=\"M6 6H4v2h2V6zm14 0H8v2h12V6zM4 11h2v2H4v-2zm16 0H8v2h12v-2zM4 16h2v2H4v-2zm16 0H8v2h12v-2z\" fill=\"currentColor\"><\/path><\/svg><svg style=\"fill: #999;color:#999\" class=\"arrow-unsorted-368013\" xmlns=\"http:\/\/www.w3.org\/2000\/svg\" width=\"10px\" height=\"10px\" viewBox=\"0 0 24 24\" version=\"1.2\" baseProfile=\"tiny\"><path d=\"M18.2 9.3l-6.2-6.3-6.2 6.3c-.2.2-.3.4-.3.7s.1.5.3.7c.2.2.4.3.7.3h11c.3 0 .5-.1.7-.3.2-.2.3-.5.3-.7s-.1-.5-.3-.7zM5.8 14.7l6.2 6.3 6.2-6.3c.2-.2.3-.5.3-.7s-.1-.5-.3-.7c-.2-.2-.4-.3-.7-.3h-11c-.3 0-.5.1-.7.3-.2.2-.3.5-.3.7s.1.5.3.7z\"\/><\/svg><\/span><\/span><\/span><\/a><\/span><\/div>\n<nav><ul class='ez-toc-list ez-toc-list-level-1 ' ><li class='ez-toc-page-1 ez-toc-heading-level-2'><a class=\"ez-toc-link ez-toc-heading-1\" href=\"https:\/\/www.skalnik.pl\/blog\/rab-namche-gtx-test-kurtki-ktora-mozesz-zabrac-wszedzie\/#Kroj_i_mobilnosc_Rab_Namche_GTX\" >Kr\u00f3j i mobilno\u015b\u0107 Rab Namche GTX<\/a><\/li><li class='ez-toc-page-1 ez-toc-heading-level-2'><a class=\"ez-toc-link ez-toc-heading-2\" href=\"https:\/\/www.skalnik.pl\/blog\/rab-namche-gtx-test-kurtki-ktora-mozesz-zabrac-wszedzie\/#Kaptur_z_daszkiem_i_regulacja_jedna_reka\" >Kaptur z daszkiem i regulacja jedn\u0105 r\u0119k\u0105<\/a><\/li><li class='ez-toc-page-1 ez-toc-heading-level-2'><a class=\"ez-toc-link ez-toc-heading-3\" href=\"https:\/\/www.skalnik.pl\/blog\/rab-namche-gtx-test-kurtki-ktora-mozesz-zabrac-wszedzie\/#Zamki_i_wentylacja_Rab_Namche_GTX\" >Zamki i wentylacja Rab Namche GTX<\/a><\/li><li class='ez-toc-page-1 ez-toc-heading-level-2'><a class=\"ez-toc-link ez-toc-heading-4\" href=\"https:\/\/www.skalnik.pl\/blog\/rab-namche-gtx-test-kurtki-ktora-mozesz-zabrac-wszedzie\/#Wodoodpornosc_i_oddychalnosc\" >Wodoodporno\u015b\u0107 i oddychalno\u015b\u0107<\/a><\/li><li class='ez-toc-page-1 ez-toc-heading-level-2'><a class=\"ez-toc-link ez-toc-heading-5\" href=\"https:\/\/www.skalnik.pl\/blog\/rab-namche-gtx-test-kurtki-ktora-mozesz-zabrac-wszedzie\/#Dla_kogo_to_bedzie_dobra_kurtka\" >Dla kogo to b\u0119dzie dobra kurtka?<\/a><\/li><\/ul><\/nav><\/div>\n<h2 class=\"wp-block-heading\"><span class=\"ez-toc-section\" id=\"Kroj_i_mobilnosc_Rab_Namche_GTX\"><\/span>Kr\u00f3j i mobilno\u015b\u0107 Rab Namche GTX<span class=\"ez-toc-section-end\"><\/span><\/h2>\n\n\n\n<p>W kurtkach membranowych \u0142atwo o efekt \u201eworka\u201d, kt\u00f3ry niby nie kr\u0119puje, ale podczas wchodzenia pod g\u00f3r\u0119 wszystko si\u0119 podwija albo ci\u0105gnie w barkach. Tutaj Namche pozytywnie zaskoczy\u0142a mnie dopracowaniem kroju: producent podkre\u015bla pe\u0142n\u0105 swobod\u0119 ruch\u00f3w, a profilowane r\u0119kawy maj\u0105 poprawia\u0107 mobilno\u015b\u0107 przy intensywniejszej aktywno\u015bci.<\/p>\n\n\n\n<p>W Gruzji, na podej\u015bciach i podczas marszu z kijkami, nie czu\u0142em \u201eszarpania\u201d w ramionach. W Karkonoszach, gdzie cz\u0119sto idzie si\u0119 dynamicznie, a kurtk\u0119 rozsuwa i zasuwa co kilkana\u015bcie minut, ergonomia szybko wychodzi na jaw &#8211; tutaj by\u0142a na plus.<\/p>\n\n\n<div class=\"wp-block-image\">\n<figure class=\"aligncenter size-full\"><img loading=\"lazy\" decoding=\"async\" width=\"1024\" height=\"683\" src=\"https:\/\/www.skalnik.pl\/blog\/wp-content\/uploads\/2025\/12\/8-2.png\" alt=\"Kr\u00f3j i profilowane r\u0119kawy zapewniaj\u0105ce swobod\u0119 ruchu w kurtce GORE-TEX.\" class=\"wp-image-27468\" srcset=\"https:\/\/www.skalnik.pl\/blog\/wp-content\/uploads\/2025\/12\/8-2.png 1024w, https:\/\/www.skalnik.pl\/blog\/wp-content\/uploads\/2025\/12\/8-2-300x200.png 300w, https:\/\/www.skalnik.pl\/blog\/wp-content\/uploads\/2025\/12\/8-2-768x512.png 768w\" sizes=\"auto, (max-width: 1024px) 100vw, 1024px\" \/><figcaption class=\"wp-element-caption\"><em>Kr\u00f3j i profilowane r\u0119kawy zapewniaj\u0105ce swobod\u0119 ruchu w kurtce GORE-TEX (fot. Anita Gruszczy\u0144ska)<\/em><\/figcaption><\/figure>\n<\/div>\n\n\n<h2 class=\"wp-block-heading\"><span class=\"ez-toc-section\" id=\"Kaptur_z_daszkiem_i_regulacja_jedna_reka\"><\/span>Kaptur z daszkiem i regulacja jedn\u0105 r\u0119k\u0105<span class=\"ez-toc-section-end\"><\/span><\/h2>\n\n\n\n<p>Kaptur to jeden z najwa\u017cniejszych element\u00f3w kurtki przeciwdeszczowej, bo je\u015bli \u017ale dzia\u0142a, to nawet najlepsza membrana nie ratuje komfortu. Namche ma zintegrowany kaptur z odginanym, usztywnionym daszkiem, kt\u00f3ry os\u0142ania oczy, oraz regulacj\u0119 w dw\u00f3ch kierunkach.<\/p>\n\n\n\n<p>W praktyce oznacza to, \u017ce przy wietrze nie walczysz o widoczno\u015b\u0107, a przy drobnym deszczu w twarz daszek realnie zmniejsza ilo\u015b\u0107 wody sp\u0142ywaj\u0105cej po okularach czy brwiach. Doceni\u0142em te\u017c to, \u017ce kaptur da si\u0119 szybko dopasowa\u0107 bez zatrzymywania si\u0119 na d\u0142u\u017cej.<\/p>\n\n\n\n<figure class=\"wp-block-image size-full\"><a href=\"https:\/\/www.skalnik.pl\/rab\" target=\"_blank\" rel=\"noreferrer noopener\"><img loading=\"lazy\" decoding=\"async\" width=\"1024\" height=\"250\" src=\"https:\/\/www.skalnik.pl\/blog\/wp-content\/uploads\/2025\/12\/Baner-blog-2.png\" alt=\"\" class=\"wp-image-27470\" srcset=\"https:\/\/www.skalnik.pl\/blog\/wp-content\/uploads\/2025\/12\/Baner-blog-2.png 1024w, https:\/\/www.skalnik.pl\/blog\/wp-content\/uploads\/2025\/12\/Baner-blog-2-300x73.png 300w, https:\/\/www.skalnik.pl\/blog\/wp-content\/uploads\/2025\/12\/Baner-blog-2-768x188.png 768w\" sizes=\"auto, (max-width: 1024px) 100vw, 1024px\" \/><\/a><\/figure>\n\n\n\n<h2 class=\"wp-block-heading\"><span class=\"ez-toc-section\" id=\"Zamki_i_wentylacja_Rab_Namche_GTX\"><\/span>Zamki i wentylacja Rab Namche GTX<span class=\"ez-toc-section-end\"><\/span><\/h2>\n\n\n\n<p>Kolejny element, kt\u00f3ry odr\u00f3\u017cnia sensown\u0105 kurtk\u0119 od \u201e\u0142adnej na zdj\u0119ciu\u201d, to detale w obszarze zamk\u00f3w. W Namche zastosowano wodoodporne zamki YKK AquaGuard&nbsp; w zamku g\u0142\u00f3wnym, kieszeniach oraz przy wywietrznikach. Dodatkowo zamek g\u0142\u00f3wny ma mi\u0119kkie wyko\u0144czenie pod brod\u0105, co ogranicza ryzyko otar\u0107 przy d\u0142u\u017cszym marszu w zapi\u0119tej kurtce.<\/p>\n\n\n\n<p>Wywietrzniki pod pachami s\u0105 dla mnie kluczowe, bo nawet najlepszy GORE-TEX ma swoje granice, gdy idziesz szybko pod g\u00f3r\u0119 z plecakiem. W Gruzji cz\u0119sto u\u017cywa\u0142em schematu: kaptur w pogotowiu, wywietrzniki otwarte na podej\u015bciu, a potem szybkie zamkni\u0119cie na wietrznej prze\u0142\u0119czy. Ten uk\u0142ad dzia\u0142a\u0142 p\u0142ynnie.<\/p>\n\n\n<div class=\"wp-block-image\">\n<figure class=\"aligncenter size-full\"><img loading=\"lazy\" decoding=\"async\" width=\"1024\" height=\"683\" src=\"https:\/\/www.skalnik.pl\/blog\/wp-content\/uploads\/2025\/12\/3-1.png\" alt=\"Wywietrzniki pod pachami i wodoodporne zamki YKK AquaGuard w modelu Namche GTX.\" class=\"wp-image-27467\" srcset=\"https:\/\/www.skalnik.pl\/blog\/wp-content\/uploads\/2025\/12\/3-1.png 1024w, https:\/\/www.skalnik.pl\/blog\/wp-content\/uploads\/2025\/12\/3-1-300x200.png 300w, https:\/\/www.skalnik.pl\/blog\/wp-content\/uploads\/2025\/12\/3-1-768x512.png 768w\" sizes=\"auto, (max-width: 1024px) 100vw, 1024px\" \/><figcaption class=\"wp-element-caption\"><em>Wywietrzniki pod pachami i wodoodporne zamki YKK AquaGuard w modelu Namche GTX (fot. Anita Gruszczy\u0144ska)<\/em><\/figcaption><\/figure>\n<\/div>\n\n\n<h2 class=\"wp-block-heading\"><span class=\"ez-toc-section\" id=\"Wodoodpornosc_i_oddychalnosc\"><\/span>Wodoodporno\u015b\u0107 i oddychalno\u015b\u0107<span class=\"ez-toc-section-end\"><\/span><\/h2>\n\n\n\n<p>Natomiast w obu lokalizacjach testowych kurtka zachowywa\u0142a balans, kt\u00f3rego szukam w hardshellu. Nie przepuszcza\u0142a wody w d\u0142ugim deszczu i jednocze\u015bnie pozwala\u0142a utrzyma\u0107 sensowny komfort, je\u015bli korzysta\u0142em z wentylacji i nie przesadza\u0142em z ociepleniem pod spodem.<\/p>\n\n\n\t<div class=\"magento-wrapper\">\n\t\t<ul class=\"products\">\n\t\t\t<li class=\"product\">\n\t\n\t\t<div class=\"image\">\n\t\t\t<a href=\"https:\/\/www.skalnik.pl\/kurtka-namche-gtx-army-1056859\" target=\"_self\">\n\t\t\t\t\t\t<img\n\t\t\tsrc=\"https:\/\/www.skalnik.pl\/media\/catalog\/product\/k\/u\/kurtka-namche-gtx-army-1056859_2.jpg\"\n\t\t\talt=\"KURTKA NAMCHE GTX-ARMY\"\n\t\t\t\t\t\t\t\t\/>\n\t\t\t\t\t<\/a>\n\t\t<\/div>\n\n\t\t\n\t\t<a href=\"https:\/\/www.skalnik.pl\/kurtka-namche-gtx-army-1056859\" target=\"_self\"><span class=\"name\">KURTKA NAMCHE GTX-ARMY<\/span><\/a>\t\n\t\n\t\n\t<div class=\"url\"><a class=\"view-details\" href=\"https:\/\/www.skalnik.pl\/kurtka-namche-gtx-army-1056859\">Zobacz wi\u0119cej <\/a><\/div><\/li>\n<li class=\"product\">\n\t\n\t\t<div class=\"image\">\n\t\t\t<a href=\"https:\/\/www.skalnik.pl\/kurtka-namche-gtx-women-footprint-1024753\" target=\"_self\">\n\t\t\t\t\t\t<img\n\t\t\tsrc=\"https:\/\/www.skalnik.pl\/media\/catalog\/product\/k\/u\/kurtka-namche-gtx-women-footprint-1024753_1.jpg\"\n\t\t\talt=\"KURTKA NAMCHE GTX WOMEN-FOOTPRINT\"\n\t\t\t\t\t\t\t\t\/>\n\t\t\t\t\t<\/a>\n\t\t<\/div>\n\n\t\t\n\t\t<a href=\"https:\/\/www.skalnik.pl\/kurtka-namche-gtx-women-footprint-1024753\" target=\"_self\"><span class=\"name\">KURTKA NAMCHE GTX WOMEN-FOOTPRINT<\/span><\/a>\t\n\t\n\t\n\t<div class=\"url\"><a class=\"view-details\" href=\"https:\/\/www.skalnik.pl\/kurtka-namche-gtx-women-footprint-1024753\">Zobacz wi\u0119cej <\/a><\/div><\/li>\n<li class=\"product\">\n\t\n\t\t<div class=\"image\">\n\t\t\t<a href=\"https:\/\/www.skalnik.pl\/kurtka-downpour-light-women-tempest-blue-1026801\" target=\"_self\">\n\t\t\t\t\t\t<img\n\t\t\tsrc=\"https:\/\/www.skalnik.pl\/media\/catalog\/product\/k\/u\/kurtka-downpour-light-women-tempest-blue-1026801_2.jpg\"\n\t\t\talt=\"KURTKA DOWNPOUR LIGHT WOMEN-TEMPEST BLUE\"\n\t\t\t\t\t\t\t\t\/>\n\t\t\t\t\t<\/a>\n\t\t<\/div>\n\n\t\t\n\t\t<a href=\"https:\/\/www.skalnik.pl\/kurtka-downpour-light-women-tempest-blue-1026801\" target=\"_self\"><span class=\"name\">KURTKA DOWNPOUR LIGHT WOMEN-TEMPEST BLUE<\/span><\/a>\t\n\t\n\t\n\t<div class=\"url\"><a class=\"view-details\" href=\"https:\/\/www.skalnik.pl\/kurtka-downpour-light-women-tempest-blue-1026801\">Zobacz wi\u0119cej <\/a><\/div><\/li>\n\t\t<\/ul>\n\t<\/div>\n\n\n\n\n<h2 class=\"wp-block-heading\"><span class=\"ez-toc-section\" id=\"Dla_kogo_to_bedzie_dobra_kurtka\"><\/span>Dla kogo to b\u0119dzie dobra kurtka?<span class=\"ez-toc-section-end\"><\/span><\/h2>\n\n\n\n<p>Namche GTX szczeg\u00f3lnie dobrze zagra u os\u00f3b, kt\u00f3re:<\/p>\n\n\n\n<ul class=\"wp-block-list\">\n<li>chc\u0105 jednej porz\u0105dnej kurtki membranowej do w\u0119dr\u00f3wek (nie tylko \u201eawaryjnej\u201d),<\/li>\n\n\n\n<li>chodz\u0105 z plecakiem i potrzebuj\u0105 trwa\u0142o\u015bci oraz wygody w ruchu,<\/li>\n\n\n\n<li>lubi\u0105 mie\u0107 wentylacj\u0119 pod pachami i sprawne zamki,<\/li>\n\n\n\n<li>szukaj\u0105 modelu, kt\u00f3ry da si\u0119 sensownie nosi\u0107 r\u00f3wnie\u017c poza g\u00f3rami.<\/li>\n<\/ul>\n\n\n\n<p>Po testach w Gruzji i w Karkonoszach RAB Namche GTX zostaje u mnie w kategorii \u201esprz\u0119t, kt\u00f3ry po prostu dzia\u0142a\u201d. Najmocniejsze strony to dopracowany kaptur z daszkiem i regulacj\u0105, wodoodporne zamki AquaGuard, sensowna wentylacja i kr\u00f3j, kt\u00f3ry nie przeszkadza w marszu.<\/p>\n\n\n\n<p>Je\u015bli szukasz kurtki, kt\u00f3r\u0105 za\u0142o\u017cysz w ulewie na szlaku, a potem nie b\u0119dziesz si\u0119 wstydzi\u0142 nosi\u0107 jej normalnie w mie\u015bcie &#8211; Namche ma na to bardzo du\u017ce szanse.<\/p>\n\n\n\n<p class=\"has-text-align-right\"><em>Tekst i test: Marcin Cicho\u0144<\/em><\/p>\n","protected":false},"excerpt":{"rendered":"<p>RAB Namche GTX to kurtka, kt\u00f3r\u0105 mo\u017cna zabra\u0107 wsz\u0119dzie: od surowych warunk\u00f3w w g\u00f3rach po codzienn\u0105 miejsko-podr\u00f3\u017cnicz\u0105 rutyn\u0119. Testowana w deszczu, wietrze i zmiennych temperaturach, pokazuje, \u017ce dobrze zaprojektowany hardshell naprawd\u0119 mo\u017ce by\u0107 \u201ejedn\u0105 kurtk\u0105 do wszystkiego\u201d. Sprawd\u017a, jak wypad\u0142a na szlakach Gruzji i Karkonoszy.<\/p>\n","protected":false},"author":7,"featured_media":27460,"comment_status":"closed","ping_status":"closed","sticky":false,"template":"","format":"standard","meta":{"_acf_changed":false,"footnotes":""},"categories":[8],"tags":[28,15,91,16],"magento_category":[40],"magento_product":[9902,9903,9904,9905,9906,9907,9908,9909,9910,9911,9912,9913,9914],"class_list":["post-27459","post","type-post","status-publish","format-standard","has-post-thumbnail","hentry","category-testy","tag-gory","tag-odziez","tag-trekking","tag-zima"],"acf":[],"aioseo_notices":[],"aioseo_head":"\n\t\t<!-- All in One SEO 4.9.10 - aioseo.com -->\n\t<meta name=\"description\" content=\"RAB Namche GTX \u2013 trwa\u0142a, 3-warstwowa kurtka GORE-TEX do g\u00f3r i na co dzie\u0144. Sprawd\u017a, jak poradzi\u0142a sobie w deszczu i wietrze podczas test\u00f3w.\" \/>\n\t<meta name=\"robots\" content=\"max-image-preview:large\" \/>\n\t<meta name=\"author\" content=\"Redakcja skalnik.pl\"\/>\n\t<link rel=\"canonical\" href=\"https:\/\/www.skalnik.pl\/blog\/rab-namche-gtx-test-kurtki-ktora-mozesz-zabrac-wszedzie\/\" \/>\n\t<meta name=\"generator\" content=\"All in One SEO (AIOSEO) 4.9.10\" \/>\n\t\t<meta property=\"og:locale\" content=\"pl_PL\" \/>\n\t\t<meta property=\"og:site_name\" content=\"blog Skalnik - Blog, porady, artyku\u0142y - blog Skalnik\" \/>\n\t\t<meta property=\"og:type\" content=\"article\" \/>\n\t\t<meta property=\"og:title\" content=\"RAB Namche GTX \u2013 test kurtki, kt\u00f3r\u0105 mo\u017cesz zabra\u0107 wsz\u0119dzie - blog Skalnik\" \/>\n\t\t<meta property=\"og:description\" content=\"RAB Namche GTX \u2013 trwa\u0142a, 3-warstwowa kurtka GORE-TEX do g\u00f3r i na co dzie\u0144. Sprawd\u017a, jak poradzi\u0142a sobie w deszczu i wietrze podczas test\u00f3w.\" \/>\n\t\t<meta property=\"og:url\" content=\"https:\/\/www.skalnik.pl\/blog\/rab-namche-gtx-test-kurtki-ktora-mozesz-zabrac-wszedzie\/\" \/>\n\t\t<meta property=\"og:image\" content=\"https:\/\/www.skalnik.pl\/blog\/wp-content\/uploads\/2025\/12\/2-2.png\" \/>\n\t\t<meta property=\"og:image:secure_url\" content=\"https:\/\/www.skalnik.pl\/blog\/wp-content\/uploads\/2025\/12\/2-2.png\" \/>\n\t\t<meta property=\"og:image:width\" content=\"1024\" \/>\n\t\t<meta property=\"og:image:height\" content=\"683\" \/>\n\t\t<meta property=\"article:tag\" content=\"testy\" \/>\n\t\t<meta property=\"article:tag\" content=\"g\u00f3ry\" \/>\n\t\t<meta property=\"article:tag\" content=\"odzie\u017c\" \/>\n\t\t<meta property=\"article:tag\" content=\"trekking\" \/>\n\t\t<meta property=\"article:tag\" content=\"zima\" \/>\n\t\t<meta property=\"article:published_time\" content=\"2025-11-19T15:59:35+00:00\" \/>\n\t\t<meta property=\"article:modified_time\" content=\"2025-12-03T16:13:06+00:00\" \/>\n\t\t<meta name=\"twitter:card\" content=\"summary_large_image\" \/>\n\t\t<meta name=\"twitter:title\" content=\"RAB Namche GTX \u2013 test kurtki, kt\u00f3r\u0105 mo\u017cesz zabra\u0107 wsz\u0119dzie - blog Skalnik\" \/>\n\t\t<meta name=\"twitter:description\" content=\"RAB Namche GTX \u2013 trwa\u0142a, 3-warstwowa kurtka GORE-TEX do g\u00f3r i na co dzie\u0144. Sprawd\u017a, jak poradzi\u0142a sobie w deszczu i wietrze podczas test\u00f3w.\" \/>\n\t\t<meta name=\"twitter:image\" content=\"https:\/\/www.skalnik.pl\/blog\/wp-content\/uploads\/2025\/12\/2-2.png\" \/>\n\t\t<script type=\"application\/ld+json\" class=\"aioseo-schema\">\n\t\t\t{\"@context\":\"https:\\\/\\\/schema.org\",\"@graph\":[{\"@type\":\"BlogPosting\",\"@id\":\"https:\\\/\\\/www.skalnik.pl\\\/blog\\\/rab-namche-gtx-test-kurtki-ktora-mozesz-zabrac-wszedzie\\\/#blogposting\",\"name\":\"RAB Namche GTX \\u2013 test kurtki, kt\\u00f3r\\u0105 mo\\u017cesz zabra\\u0107 wsz\\u0119dzie - blog Skalnik\",\"headline\":\"RAB Namche GTX \\u2013 test kurtki, kt\\u00f3r\\u0105 mo\\u017cesz zabra\\u0107 wsz\\u0119dzie\",\"author\":{\"@id\":\"https:\\\/\\\/www.skalnik.pl\\\/blog\\\/author\\\/redakcja-skalnik-pl\\\/#author\"},\"publisher\":{\"@id\":\"https:\\\/\\\/www.skalnik.pl\\\/blog\\\/#organization\"},\"image\":{\"@type\":\"ImageObject\",\"url\":\"https:\\\/\\\/www.skalnik.pl\\\/blog\\\/wp-content\\\/uploads\\\/2025\\\/12\\\/Okladka-blog-1920-x-706-px-2.png\",\"width\":1920,\"height\":706},\"datePublished\":\"2025-11-19T17:59:35+02:00\",\"dateModified\":\"2025-12-03T18:13:06+02:00\",\"inLanguage\":\"pl-PL\",\"mainEntityOfPage\":{\"@id\":\"https:\\\/\\\/www.skalnik.pl\\\/blog\\\/rab-namche-gtx-test-kurtki-ktora-mozesz-zabrac-wszedzie\\\/#webpage\"},\"isPartOf\":{\"@id\":\"https:\\\/\\\/www.skalnik.pl\\\/blog\\\/rab-namche-gtx-test-kurtki-ktora-mozesz-zabrac-wszedzie\\\/#webpage\"},\"articleSection\":\"Testy, g\\u00f3ry, odzie\\u017c, trekking, zima, 1090, 1024731, 1024733, 1024735, 1024737, 1024739, 1024741, 1024743, 1024745, 1024747, 1024748, 1024749, 1024750, 1024751\"},{\"@type\":\"BreadcrumbList\",\"@id\":\"https:\\\/\\\/www.skalnik.pl\\\/blog\\\/rab-namche-gtx-test-kurtki-ktora-mozesz-zabrac-wszedzie\\\/#breadcrumblist\",\"itemListElement\":[{\"@type\":\"ListItem\",\"@id\":\"https:\\\/\\\/www.skalnik.pl\\\/blog#listItem\",\"position\":1,\"name\":\"Home\",\"item\":\"https:\\\/\\\/www.skalnik.pl\\\/blog\",\"nextItem\":{\"@type\":\"ListItem\",\"@id\":\"https:\\\/\\\/www.skalnik.pl\\\/blog\\\/.\\\/testy\\\/#listItem\",\"name\":\"Testy\"}},{\"@type\":\"ListItem\",\"@id\":\"https:\\\/\\\/www.skalnik.pl\\\/blog\\\/.\\\/testy\\\/#listItem\",\"position\":2,\"name\":\"Testy\",\"item\":\"https:\\\/\\\/www.skalnik.pl\\\/blog\\\/.\\\/testy\\\/\",\"nextItem\":{\"@type\":\"ListItem\",\"@id\":\"https:\\\/\\\/www.skalnik.pl\\\/blog\\\/rab-namche-gtx-test-kurtki-ktora-mozesz-zabrac-wszedzie\\\/#listItem\",\"name\":\"RAB Namche GTX \\u2013 test kurtki, kt\\u00f3r\\u0105 mo\\u017cesz zabra\\u0107 wsz\\u0119dzie\"},\"previousItem\":{\"@type\":\"ListItem\",\"@id\":\"https:\\\/\\\/www.skalnik.pl\\\/blog#listItem\",\"name\":\"Home\"}},{\"@type\":\"ListItem\",\"@id\":\"https:\\\/\\\/www.skalnik.pl\\\/blog\\\/rab-namche-gtx-test-kurtki-ktora-mozesz-zabrac-wszedzie\\\/#listItem\",\"position\":3,\"name\":\"RAB Namche GTX \\u2013 test kurtki, kt\\u00f3r\\u0105 mo\\u017cesz zabra\\u0107 wsz\\u0119dzie\",\"previousItem\":{\"@type\":\"ListItem\",\"@id\":\"https:\\\/\\\/www.skalnik.pl\\\/blog\\\/.\\\/testy\\\/#listItem\",\"name\":\"Testy\"}}]},{\"@type\":\"Organization\",\"@id\":\"https:\\\/\\\/www.skalnik.pl\\\/blog\\\/#organization\",\"name\":\"blog Skalnik\",\"description\":\"Blog, porady, artyku\\u0142y - blog Skalnik\",\"url\":\"https:\\\/\\\/www.skalnik.pl\\\/blog\\\/\"},{\"@type\":\"Person\",\"@id\":\"https:\\\/\\\/www.skalnik.pl\\\/blog\\\/author\\\/redakcja-skalnik-pl\\\/#author\",\"url\":\"https:\\\/\\\/www.skalnik.pl\\\/blog\\\/author\\\/redakcja-skalnik-pl\\\/\",\"name\":\"Redakcja skalnik.pl\",\"image\":{\"@type\":\"ImageObject\",\"@id\":\"https:\\\/\\\/www.skalnik.pl\\\/blog\\\/rab-namche-gtx-test-kurtki-ktora-mozesz-zabrac-wszedzie\\\/#authorImage\",\"url\":\"https:\\\/\\\/secure.gravatar.com\\\/avatar\\\/7eab29b048aaf0899cd9a145e9adb814e2130ced31e65b454b902500bea65f9e?s=96&d=mm&r=g\",\"width\":96,\"height\":96,\"caption\":\"Redakcja skalnik.pl\"}},{\"@type\":\"WebPage\",\"@id\":\"https:\\\/\\\/www.skalnik.pl\\\/blog\\\/rab-namche-gtx-test-kurtki-ktora-mozesz-zabrac-wszedzie\\\/#webpage\",\"url\":\"https:\\\/\\\/www.skalnik.pl\\\/blog\\\/rab-namche-gtx-test-kurtki-ktora-mozesz-zabrac-wszedzie\\\/\",\"name\":\"RAB Namche GTX \\u2013 test kurtki, kt\\u00f3r\\u0105 mo\\u017cesz zabra\\u0107 wsz\\u0119dzie - blog Skalnik\",\"description\":\"RAB Namche GTX \\u2013 trwa\\u0142a, 3-warstwowa kurtka GORE-TEX do g\\u00f3r i na co dzie\\u0144. Sprawd\\u017a, jak poradzi\\u0142a sobie w deszczu i wietrze podczas test\\u00f3w.\",\"inLanguage\":\"pl-PL\",\"isPartOf\":{\"@id\":\"https:\\\/\\\/www.skalnik.pl\\\/blog\\\/#website\"},\"breadcrumb\":{\"@id\":\"https:\\\/\\\/www.skalnik.pl\\\/blog\\\/rab-namche-gtx-test-kurtki-ktora-mozesz-zabrac-wszedzie\\\/#breadcrumblist\"},\"author\":{\"@id\":\"https:\\\/\\\/www.skalnik.pl\\\/blog\\\/author\\\/redakcja-skalnik-pl\\\/#author\"},\"creator\":{\"@id\":\"https:\\\/\\\/www.skalnik.pl\\\/blog\\\/author\\\/redakcja-skalnik-pl\\\/#author\"},\"image\":{\"@type\":\"ImageObject\",\"url\":\"https:\\\/\\\/www.skalnik.pl\\\/blog\\\/wp-content\\\/uploads\\\/2025\\\/12\\\/Okladka-blog-1920-x-706-px-2.png\",\"@id\":\"https:\\\/\\\/www.skalnik.pl\\\/blog\\\/rab-namche-gtx-test-kurtki-ktora-mozesz-zabrac-wszedzie\\\/#mainImage\",\"width\":1920,\"height\":706},\"primaryImageOfPage\":{\"@id\":\"https:\\\/\\\/www.skalnik.pl\\\/blog\\\/rab-namche-gtx-test-kurtki-ktora-mozesz-zabrac-wszedzie\\\/#mainImage\"},\"datePublished\":\"2025-11-19T17:59:35+02:00\",\"dateModified\":\"2025-12-03T18:13:06+02:00\"},{\"@type\":\"WebSite\",\"@id\":\"https:\\\/\\\/www.skalnik.pl\\\/blog\\\/#website\",\"url\":\"https:\\\/\\\/www.skalnik.pl\\\/blog\\\/\",\"name\":\"blog Skalnik\",\"description\":\"Blog, porady, artyku\\u0142y - blog Skalnik\",\"inLanguage\":\"pl-PL\",\"publisher\":{\"@id\":\"https:\\\/\\\/www.skalnik.pl\\\/blog\\\/#organization\"}}]}\n\t\t<\/script>\n\t\t<!-- All in One SEO -->\n\n","aioseo_head_json":{"title":"RAB Namche GTX \u2013 test kurtki, kt\u00f3r\u0105 mo\u017cesz zabra\u0107 wsz\u0119dzie - blog Skalnik","description":"RAB Namche GTX \u2013 trwa\u0142a, 3-warstwowa kurtka GORE-TEX do g\u00f3r i na co dzie\u0144. Sprawd\u017a, jak poradzi\u0142a sobie w deszczu i wietrze podczas test\u00f3w.","canonical_url":"https:\/\/www.skalnik.pl\/blog\/rab-namche-gtx-test-kurtki-ktora-mozesz-zabrac-wszedzie\/","robots":"max-image-preview:large","keywords":"","webmasterTools":{"miscellaneous":""},"schema":{"@context":"https:\/\/schema.org","@graph":[{"@type":"BlogPosting","@id":"https:\/\/www.skalnik.pl\/blog\/rab-namche-gtx-test-kurtki-ktora-mozesz-zabrac-wszedzie\/#blogposting","name":"RAB Namche GTX \u2013 test kurtki, kt\u00f3r\u0105 mo\u017cesz zabra\u0107 wsz\u0119dzie - blog Skalnik","headline":"RAB Namche GTX \u2013 test kurtki, kt\u00f3r\u0105 mo\u017cesz zabra\u0107 wsz\u0119dzie","author":{"@id":"https:\/\/www.skalnik.pl\/blog\/author\/redakcja-skalnik-pl\/#author"},"publisher":{"@id":"https:\/\/www.skalnik.pl\/blog\/#organization"},"image":{"@type":"ImageObject","url":"https:\/\/www.skalnik.pl\/blog\/wp-content\/uploads\/2025\/12\/Okladka-blog-1920-x-706-px-2.png","width":1920,"height":706},"datePublished":"2025-11-19T17:59:35+02:00","dateModified":"2025-12-03T18:13:06+02:00","inLanguage":"pl-PL","mainEntityOfPage":{"@id":"https:\/\/www.skalnik.pl\/blog\/rab-namche-gtx-test-kurtki-ktora-mozesz-zabrac-wszedzie\/#webpage"},"isPartOf":{"@id":"https:\/\/www.skalnik.pl\/blog\/rab-namche-gtx-test-kurtki-ktora-mozesz-zabrac-wszedzie\/#webpage"},"articleSection":"Testy, g\u00f3ry, odzie\u017c, trekking, zima, 1090, 1024731, 1024733, 1024735, 1024737, 1024739, 1024741, 1024743, 1024745, 1024747, 1024748, 1024749, 1024750, 1024751"},{"@type":"BreadcrumbList","@id":"https:\/\/www.skalnik.pl\/blog\/rab-namche-gtx-test-kurtki-ktora-mozesz-zabrac-wszedzie\/#breadcrumblist","itemListElement":[{"@type":"ListItem","@id":"https:\/\/www.skalnik.pl\/blog#listItem","position":1,"name":"Home","item":"https:\/\/www.skalnik.pl\/blog","nextItem":{"@type":"ListItem","@id":"https:\/\/www.skalnik.pl\/blog\/.\/testy\/#listItem","name":"Testy"}},{"@type":"ListItem","@id":"https:\/\/www.skalnik.pl\/blog\/.\/testy\/#listItem","position":2,"name":"Testy","item":"https:\/\/www.skalnik.pl\/blog\/.\/testy\/","nextItem":{"@type":"ListItem","@id":"https:\/\/www.skalnik.pl\/blog\/rab-namche-gtx-test-kurtki-ktora-mozesz-zabrac-wszedzie\/#listItem","name":"RAB Namche GTX \u2013 test kurtki, kt\u00f3r\u0105 mo\u017cesz zabra\u0107 wsz\u0119dzie"},"previousItem":{"@type":"ListItem","@id":"https:\/\/www.skalnik.pl\/blog#listItem","name":"Home"}},{"@type":"ListItem","@id":"https:\/\/www.skalnik.pl\/blog\/rab-namche-gtx-test-kurtki-ktora-mozesz-zabrac-wszedzie\/#listItem","position":3,"name":"RAB Namche GTX \u2013 test kurtki, kt\u00f3r\u0105 mo\u017cesz zabra\u0107 wsz\u0119dzie","previousItem":{"@type":"ListItem","@id":"https:\/\/www.skalnik.pl\/blog\/.\/testy\/#listItem","name":"Testy"}}]},{"@type":"Organization","@id":"https:\/\/www.skalnik.pl\/blog\/#organization","name":"blog Skalnik","description":"Blog, porady, artyku\u0142y - blog Skalnik","url":"https:\/\/www.skalnik.pl\/blog\/"},{"@type":"Person","@id":"https:\/\/www.skalnik.pl\/blog\/author\/redakcja-skalnik-pl\/#author","url":"https:\/\/www.skalnik.pl\/blog\/author\/redakcja-skalnik-pl\/","name":"Redakcja skalnik.pl","image":{"@type":"ImageObject","@id":"https:\/\/www.skalnik.pl\/blog\/rab-namche-gtx-test-kurtki-ktora-mozesz-zabrac-wszedzie\/#authorImage","url":"https:\/\/secure.gravatar.com\/avatar\/7eab29b048aaf0899cd9a145e9adb814e2130ced31e65b454b902500bea65f9e?s=96&d=mm&r=g","width":96,"height":96,"caption":"Redakcja skalnik.pl"}},{"@type":"WebPage","@id":"https:\/\/www.skalnik.pl\/blog\/rab-namche-gtx-test-kurtki-ktora-mozesz-zabrac-wszedzie\/#webpage","url":"https:\/\/www.skalnik.pl\/blog\/rab-namche-gtx-test-kurtki-ktora-mozesz-zabrac-wszedzie\/","name":"RAB Namche GTX \u2013 test kurtki, kt\u00f3r\u0105 mo\u017cesz zabra\u0107 wsz\u0119dzie - blog Skalnik","description":"RAB Namche GTX \u2013 trwa\u0142a, 3-warstwowa kurtka GORE-TEX do g\u00f3r i na co dzie\u0144. Sprawd\u017a, jak poradzi\u0142a sobie w deszczu i wietrze podczas test\u00f3w.","inLanguage":"pl-PL","isPartOf":{"@id":"https:\/\/www.skalnik.pl\/blog\/#website"},"breadcrumb":{"@id":"https:\/\/www.skalnik.pl\/blog\/rab-namche-gtx-test-kurtki-ktora-mozesz-zabrac-wszedzie\/#breadcrumblist"},"author":{"@id":"https:\/\/www.skalnik.pl\/blog\/author\/redakcja-skalnik-pl\/#author"},"creator":{"@id":"https:\/\/www.skalnik.pl\/blog\/author\/redakcja-skalnik-pl\/#author"},"image":{"@type":"ImageObject","url":"https:\/\/www.skalnik.pl\/blog\/wp-content\/uploads\/2025\/12\/Okladka-blog-1920-x-706-px-2.png","@id":"https:\/\/www.skalnik.pl\/blog\/rab-namche-gtx-test-kurtki-ktora-mozesz-zabrac-wszedzie\/#mainImage","width":1920,"height":706},"primaryImageOfPage":{"@id":"https:\/\/www.skalnik.pl\/blog\/rab-namche-gtx-test-kurtki-ktora-mozesz-zabrac-wszedzie\/#mainImage"},"datePublished":"2025-11-19T17:59:35+02:00","dateModified":"2025-12-03T18:13:06+02:00"},{"@type":"WebSite","@id":"https:\/\/www.skalnik.pl\/blog\/#website","url":"https:\/\/www.skalnik.pl\/blog\/","name":"blog Skalnik","description":"Blog, porady, artyku\u0142y - blog Skalnik","inLanguage":"pl-PL","publisher":{"@id":"https:\/\/www.skalnik.pl\/blog\/#organization"}}]},"og:locale":"pl_PL","og:site_name":"blog Skalnik - Blog, porady, artyku\u0142y - blog Skalnik","og:type":"article","og:title":"RAB Namche GTX \u2013 test kurtki, kt\u00f3r\u0105 mo\u017cesz zabra\u0107 wsz\u0119dzie - blog Skalnik","og:description":"RAB Namche GTX \u2013 trwa\u0142a, 3-warstwowa kurtka GORE-TEX do g\u00f3r i na co dzie\u0144. Sprawd\u017a, jak poradzi\u0142a sobie w deszczu i wietrze podczas test\u00f3w.","og:url":"https:\/\/www.skalnik.pl\/blog\/rab-namche-gtx-test-kurtki-ktora-mozesz-zabrac-wszedzie\/","og:image":"https:\/\/www.skalnik.pl\/blog\/wp-content\/uploads\/2025\/12\/2-2.png","og:image:secure_url":"https:\/\/www.skalnik.pl\/blog\/wp-content\/uploads\/2025\/12\/2-2.png","og:image:width":1024,"og:image:height":683,"article:tag":["testy","g\u00f3ry","odzie\u017c","trekking","zima"],"article:published_time":"2025-11-19T15:59:35+00:00","article:modified_time":"2025-12-03T16:13:06+00:00","twitter:card":"summary_large_image","twitter:title":"RAB Namche GTX \u2013 test kurtki, kt\u00f3r\u0105 mo\u017cesz zabra\u0107 wsz\u0119dzie - blog Skalnik","twitter:description":"RAB Namche GTX \u2013 trwa\u0142a, 3-warstwowa kurtka GORE-TEX do g\u00f3r i na co dzie\u0144. Sprawd\u017a, jak poradzi\u0142a sobie w deszczu i wietrze podczas test\u00f3w.","twitter:image":"https:\/\/www.skalnik.pl\/blog\/wp-content\/uploads\/2025\/12\/2-2.png"},"aioseo_meta_data":{"post_id":"27459","title":null,"description":"RAB Namche GTX \u2013 trwa\u0142a, 3-warstwowa kurtka GORE-TEX do g\u00f3r i na co dzie\u0144. Sprawd\u017a, jak poradzi\u0142a sobie w deszczu i wietrze podczas test\u00f3w.","keywords":[],"keyphrases":{"focus":{"keyphrase":"Rab","score":100,"analysis":{"keyphraseInTitle":{"score":9,"maxScore":9,"error":0},"keyphraseInDescription":{"score":9,"maxScore":9,"error":0},"keyphraseLength":{"score":9,"maxScore":9,"error":0,"length":1},"keyphraseInURL":{"score":5,"maxScore":5,"error":0},"keyphraseInIntroduction":{"score":9,"maxScore":9,"error":0},"keyphraseInSubHeadings":{"score":9,"maxScore":9,"error":0},"keyphraseInImageAlt":{"score":9,"maxScore":9,"error":0}}},"additional":[]},"primary_term":null,"canonical_url":null,"og_title":null,"og_description":null,"og_object_type":"default","og_image_type":"default","og_image_url":null,"og_image_width":null,"og_image_height":null,"og_image_custom_url":null,"og_image_custom_fields":null,"og_video":"","og_custom_url":null,"og_article_section":null,"og_article_tags":[],"twitter_use_og":false,"twitter_card":"default","twitter_image_type":"default","twitter_image_url":null,"twitter_image_custom_url":null,"twitter_image_custom_fields":null,"twitter_title":null,"twitter_description":null,"schema":{"blockGraphs":[],"customGraphs":[],"default":{"data":{"Article":[],"Course":[],"Dataset":[],"FAQPage":[],"Movie":[],"Person":[],"Product":[],"ProductReview":[],"Car":[],"Recipe":[],"Service":[],"SoftwareApplication":[],"WebPage":[]},"graphName":"","isEnabled":true},"graphs":[]},"schema_type":"default","schema_type_options":null,"pillar_content":false,"robots_default":true,"robots_noindex":false,"robots_noarchive":false,"robots_nosnippet":false,"robots_nofollow":false,"robots_noimageindex":false,"robots_noodp":false,"robots_notranslate":false,"robots_max_snippet":"-1","robots_max_videopreview":"-1","robots_max_imagepreview":"large","priority":null,"frequency":"default","local_seo":null,"breadcrumb_settings":null,"limit_modified_date":false,"ai":null,"created":"2025-12-03 15:12:05","updated":"2026-02-17 23:00:29","seo_analyzer_scan_date":null},"aioseo_breadcrumb":"<div class=\"aioseo-breadcrumbs\"><span class=\"aioseo-breadcrumb\">\n\t\t\t<a href=\"https:\/\/www.skalnik.pl\/blog\" title=\"Home\">Home<\/a>\n\t\t<\/span><span class=\"aioseo-breadcrumb-separator\">&raquo;<\/span><span class=\"aioseo-breadcrumb\">\n\t\t\t<a href=\"https:\/\/www.skalnik.pl\/blog\/.\/testy\/\" title=\"Testy\">Testy<\/a>\n\t\t<\/span><span class=\"aioseo-breadcrumb-separator\">&raquo;<\/span><span class=\"aioseo-breadcrumb\">\n\t\t\tRAB Namche GTX \u2013 test kurtki, kt\u00f3r\u0105 mo\u017cesz zabra\u0107 wsz\u0119dzie\n\t\t<\/span><\/div>","aioseo_breadcrumb_json":[{"label":"Home","link":"https:\/\/www.skalnik.pl\/blog"},{"label":"Testy","link":"https:\/\/www.skalnik.pl\/blog\/.\/testy\/"},{"label":"RAB Namche GTX \u2013 test kurtki, kt\u00f3r\u0105 mo\u017cesz zabra\u0107 wsz\u0119dzie","link":"https:\/\/www.skalnik.pl\/blog\/rab-namche-gtx-test-kurtki-ktora-mozesz-zabrac-wszedzie\/"}],"_links":{"self":[{"href":"https:\/\/www.skalnik.pl\/blog\/wp-json\/wp\/v2\/posts\/27459","targetHints":{"allow":["GET"]}}],"collection":[{"href":"https:\/\/www.skalnik.pl\/blog\/wp-json\/wp\/v2\/posts"}],"about":[{"href":"https:\/\/www.skalnik.pl\/blog\/wp-json\/wp\/v2\/types\/post"}],"author":[{"embeddable":true,"href":"https:\/\/www.skalnik.pl\/blog\/wp-json\/wp\/v2\/users\/7"}],"replies":[{"embeddable":true,"href":"https:\/\/www.skalnik.pl\/blog\/wp-json\/wp\/v2\/comments?post=27459"}],"version-history":[{"count":3,"href":"https:\/\/www.skalnik.pl\/blog\/wp-json\/wp\/v2\/posts\/27459\/revisions"}],"predecessor-version":[{"id":27471,"href":"https:\/\/www.skalnik.pl\/blog\/wp-json\/wp\/v2\/posts\/27459\/revisions\/27471"}],"wp:featuredmedia":[{"embeddable":true,"href":"https:\/\/www.skalnik.pl\/blog\/wp-json\/wp\/v2\/media\/27460"}],"wp:attachment":[{"href":"https:\/\/www.skalnik.pl\/blog\/wp-json\/wp\/v2\/media?parent=27459"}],"wp:term":[{"taxonomy":"category","embeddable":true,"href":"https:\/\/www.skalnik.pl\/blog\/wp-json\/wp\/v2\/categories?post=27459"},{"taxonomy":"post_tag","embeddable":true,"href":"https:\/\/www.skalnik.pl\/blog\/wp-json\/wp\/v2\/tags?post=27459"},{"taxonomy":"magento_category","embeddable":true,"href":"https:\/\/www.skalnik.pl\/blog\/wp-json\/wp\/v2\/magento_category?post=27459"},{"taxonomy":"magento_product","embeddable":true,"href":"https:\/\/www.skalnik.pl\/blog\/wp-json\/wp\/v2\/magento_product?post=27459"}],"curies":[{"name":"wp","href":"https:\/\/api.w.org\/{rel}","templated":true}]}}