{"id":27538,"date":"2026-01-14T13:27:55","date_gmt":"2026-01-14T11:27:55","guid":{"rendered":"https:\/\/www.skalnik.pl\/blog\/?p=27538"},"modified":"2026-01-26T12:17:47","modified_gmt":"2026-01-26T10:17:47","slug":"viking-jak-ubierac-sie-zima","status":"publish","type":"post","link":"https:\/\/www.skalnik.pl\/blog\/viking-jak-ubierac-sie-zima\/","title":{"rendered":"Viking \u2013 jak ubiera\u0107 si\u0119 zim\u0105?"},"content":{"rendered":"\n<p><strong>Zima i outdoor to po\u0142\u0105czenie, na kt\u00f3re wielu czeka przez ca\u0142y rok. To w\u0142a\u015bnie wtedy pojawiaj\u0105 si\u0119 zimowe trekkingi, skitury i bieg\u00f3wki, a tak\u017ce godziny sp\u0119dzone na narciarskich stokach. Do tego dochodz\u0105 zimowe spacery, wyj\u015bcia na lodowisko czy szale\u0144stwo na sankach. Jednak zimowy outdoor to r\u00f3wnie\u017c wyzwania. Najwa\u017cniejszym z nich jest odpowiedni dob\u00f3r odzie\u017cy, kt\u00f3ra zapewni ciep\u0142o oraz skuteczn\u0105 izolacj\u0119 od niekorzystnych warunk\u00f3w atmosferycznych. Dlatego ubierz si\u0119 na aktywn\u0105 zim\u0119 z technologiami polskiej marki Viking.<\/strong><\/p>\n\n\n\n<div id=\"ez-toc-container\" class=\"ez-toc-v2_0_85 counter-hierarchy ez-toc-counter ez-toc-light-blue ez-toc-container-direction\">\n<div class=\"ez-toc-title-container\">\n<p class=\"ez-toc-title\" style=\"cursor:inherit\">SPIS TRE\u015aCI <\/p>\n<span class=\"ez-toc-title-toggle\"><a href=\"#\" class=\"ez-toc-pull-right ez-toc-btn ez-toc-btn-xs ez-toc-btn-default ez-toc-toggle\" aria-label=\"Prze\u0142\u0105cznik Spisu Tre\u015bci\"><span class=\"ez-toc-js-icon-con\"><span class=\"\"><span class=\"eztoc-hide\" style=\"display:none;\">Toggle<\/span><span class=\"ez-toc-icon-toggle-span\"><svg style=\"fill: #999;color:#999\" xmlns=\"http:\/\/www.w3.org\/2000\/svg\" class=\"list-377408\" width=\"20px\" height=\"20px\" viewBox=\"0 0 24 24\" fill=\"none\"><path d=\"M6 6H4v2h2V6zm14 0H8v2h12V6zM4 11h2v2H4v-2zm16 0H8v2h12v-2zM4 16h2v2H4v-2zm16 0H8v2h12v-2z\" fill=\"currentColor\"><\/path><\/svg><svg style=\"fill: #999;color:#999\" class=\"arrow-unsorted-368013\" xmlns=\"http:\/\/www.w3.org\/2000\/svg\" width=\"10px\" height=\"10px\" viewBox=\"0 0 24 24\" version=\"1.2\" baseProfile=\"tiny\"><path d=\"M18.2 9.3l-6.2-6.3-6.2 6.3c-.2.2-.3.4-.3.7s.1.5.3.7c.2.2.4.3.7.3h11c.3 0 .5-.1.7-.3.2-.2.3-.5.3-.7s-.1-.5-.3-.7zM5.8 14.7l6.2 6.3 6.2-6.3c.2-.2.3-.5.3-.7s-.1-.5-.3-.7c-.2-.2-.4-.3-.7-.3h-11c-.3 0-.5.1-.7.3-.2.2-.3.5-.3.7s.1.5.3.7z\"\/><\/svg><\/span><\/span><\/span><\/a><\/span><\/div>\n<nav><ul class='ez-toc-list ez-toc-list-level-1 ' ><li class='ez-toc-page-1 ez-toc-heading-level-2'><a class=\"ez-toc-link ez-toc-heading-1\" href=\"https:\/\/www.skalnik.pl\/blog\/viking-jak-ubierac-sie-zima\/#Warstwy_%E2%80%93_klucz_do_komfortu_termicznego_zima\" >Warstwy \u2013 klucz do komfortu termicznego zim\u0105<\/a><\/li><li class='ez-toc-page-1 ez-toc-heading-level-2'><a class=\"ez-toc-link ez-toc-heading-2\" href=\"https:\/\/www.skalnik.pl\/blog\/viking-jak-ubierac-sie-zima\/#Bielizna_termiczna_Viking_%E2%80%93_cieplo_i_sucho\" >Bielizna termiczna Viking \u2013 ciep\u0142o i sucho<\/a><\/li><li class='ez-toc-page-1 ez-toc-heading-level-2'><a class=\"ez-toc-link ez-toc-heading-3\" href=\"https:\/\/www.skalnik.pl\/blog\/viking-jak-ubierac-sie-zima\/#Materialy_i_technologie_bielizny_Viking\" >Materia\u0142y i technologie bielizny Viking<\/a><\/li><li class='ez-toc-page-1 ez-toc-heading-level-2'><a class=\"ez-toc-link ez-toc-heading-4\" href=\"https:\/\/www.skalnik.pl\/blog\/viking-jak-ubierac-sie-zima\/#Warstwa_izolacyjna_%E2%80%93_ochron_sie_przed_chlodem\" >Warstwa izolacyjna \u2013 ochro\u0144 si\u0119 przed ch\u0142odem<\/a><\/li><li class='ez-toc-page-1 ez-toc-heading-level-2'><a class=\"ez-toc-link ez-toc-heading-5\" href=\"https:\/\/www.skalnik.pl\/blog\/viking-jak-ubierac-sie-zima\/#Kurtki_ocieplane_jako_druga_warstwa\" >Kurtki ocieplane jako druga warstwa<\/a><\/li><li class='ez-toc-page-1 ez-toc-heading-level-2'><a class=\"ez-toc-link ez-toc-heading-6\" href=\"https:\/\/www.skalnik.pl\/blog\/viking-jak-ubierac-sie-zima\/#Deszcz_snieg_i_wiatr_%E2%80%93_kurtki_Viking_na_kazde_warunki\" >Deszcz, \u015bnieg i wiatr \u2013 kurtki Viking na ka\u017cde warunki<\/a><\/li><li class='ez-toc-page-1 ez-toc-heading-level-2'><a class=\"ez-toc-link ez-toc-heading-7\" href=\"https:\/\/www.skalnik.pl\/blog\/viking-jak-ubierac-sie-zima\/#Ochrona_przed_warunkami_takze_od_pasa_w_dol\" >Ochrona przed warunkami tak\u017ce od pasa w d\u00f3\u0142<\/a><\/li><li class='ez-toc-page-1 ez-toc-heading-level-2'><a class=\"ez-toc-link ez-toc-heading-8\" href=\"https:\/\/www.skalnik.pl\/blog\/viking-jak-ubierac-sie-zima\/#Jak_laczyc_warstwy_odziezy_Viking\" >Jak \u0142\u0105czy\u0107 warstwy odzie\u017cy Viking<\/a><\/li><li class='ez-toc-page-1 ez-toc-heading-level-2'><a class=\"ez-toc-link ez-toc-heading-9\" href=\"https:\/\/www.skalnik.pl\/blog\/viking-jak-ubierac-sie-zima\/#Akcesoria_Viking_chroniace_rece_i_glowe_przed_wychlodzeniem\" >Akcesoria Viking chroni\u0105ce r\u0119ce i g\u0142ow\u0119 przed wych\u0142odzeniem<\/a><\/li><\/ul><\/nav><\/div>\n<h2 class=\"wp-block-heading\"><span class=\"ez-toc-section\" id=\"Warstwy_%E2%80%93_klucz_do_komfortu_termicznego_zima\"><\/span>Warstwy \u2013 klucz do komfortu termicznego zim\u0105<span class=\"ez-toc-section-end\"><\/span><\/h2>\n\n\n\n<p>Przygotowuj\u0105c si\u0119 do zimowych aktywno\u015bci outdoorowych, musisz my\u015ble\u0107 strategicznie. O tej porze roku odpowiednio dobrany ubi\u00f3r ma szczeg\u00f3lne znaczenie. Nie wystarczy ubra\u0107 si\u0119 na cebulk\u0119 i za\u0142o\u017cy\u0107 wiele warstw. Znacznie wa\u017cniejsze jest, by ubiera\u0107 si\u0119 m\u0105drze, dobiera\u0107 warstwy odzie\u017cy, kt\u00f3re wsp\u00f3\u0142pracuj\u0105 ze sob\u0105 i wykorzystywa\u0107 technologie i materia\u0142y pod k\u0105tem ich funkcji.<\/p>\n\n\n\n<p>W odpowiednio dobranym systemie odzie\u017cy outdoorowej na zim\u0119 wyr\u00f3\u017cniamy trzy warstwy:<\/p>\n\n\n\n<p>&#8211; warstwa bazowa, czyli bielizna termiczna i termoaktywna, kt\u00f3ra odprowadza wilgo\u0107, a wtedy gdy trzeba, kumuluje ciep\u0142o,<\/p>\n\n\n\n<p>&#8211; warstwa po\u015brednia odpowiadaj\u0105ca za izolacj\u0119 od ch\u0142odu,<\/p>\n\n\n\n<p>&#8211; warstwa zewn\u0119trzna, czyli ochrona przed wod\u0105, wilgoci\u0105 pochodz\u0105c\u0105 z zewn\u0105trz i wiatrem.<\/p>\n\n\n\n<p>Odzie\u017c uzupe\u0142nij dodatkami \u2013 czapk\u0105 i r\u0119kawicami, kt\u00f3re ochroni\u0105 g\u0142ow\u0119 i d\u0142onie przed wych\u0142odzeniem.<\/p>\n\n\n<div class=\"wp-block-image\">\n<figure class=\"aligncenter size-full\"><img loading=\"lazy\" decoding=\"async\" width=\"1024\" height=\"683\" src=\"https:\/\/www.skalnik.pl\/blog\/wp-content\/uploads\/2026\/01\/4.png\" alt=\"System trzech warstw Viking zapewnia komfort termiczny podczas zimowych aktywno\u015bci\" class=\"wp-image-27547\" srcset=\"https:\/\/www.skalnik.pl\/blog\/wp-content\/uploads\/2026\/01\/4.png 1024w, https:\/\/www.skalnik.pl\/blog\/wp-content\/uploads\/2026\/01\/4-300x200.png 300w, https:\/\/www.skalnik.pl\/blog\/wp-content\/uploads\/2026\/01\/4-768x512.png 768w\" sizes=\"auto, (max-width: 1024px) 100vw, 1024px\" \/><figcaption class=\"wp-element-caption\"><em>System trzech warstw Viking zapewnia komfort termiczny podczas zimowych aktywno\u015bci (fot. Viking)<\/em><\/figcaption><\/figure>\n<\/div>\n\n\n<h2 class=\"wp-block-heading\"><span class=\"ez-toc-section\" id=\"Bielizna_termiczna_Viking_%E2%80%93_cieplo_i_sucho\"><\/span>Bielizna termiczna Viking \u2013 ciep\u0142o i sucho<span class=\"ez-toc-section-end\"><\/span><\/h2>\n\n\n\n<p>Pierwsza warstwa odzie\u017cy na zim\u0119 odpowiada z jednej strony za kumulowanie ciep\u0142a, z drugiej za odprowadzanie jego nadmiaru wraz z wilgoci\u0105 powstaj\u0105c\u0105 naturalnie podczas ruchu. Mo\u017ce si\u0119 to wydawa\u0107 w pierwszej chwili sprzeczne, ale na tym w\u0142a\u015bnie polega sekret koszulek i legins\u00f3w termoaktywnych. Dostosowuj\u0105 si\u0119 do pracy organizmu i pomagaj\u0105 w utrzymaniu komfortu termicznego zar\u00f3wno podczas intensywnego wysi\u0142ku, jak i przy odpoczynku.<\/p>\n\n\n<div class=\"wp-block-image\">\n<figure class=\"aligncenter size-full\"><img loading=\"lazy\" decoding=\"async\" width=\"1024\" height=\"683\" src=\"https:\/\/www.skalnik.pl\/blog\/wp-content\/uploads\/2026\/01\/1.png\" alt=\"Bielizna termiczna Viking jako warstwa bazowa\" class=\"wp-image-27544\" srcset=\"https:\/\/www.skalnik.pl\/blog\/wp-content\/uploads\/2026\/01\/1.png 1024w, https:\/\/www.skalnik.pl\/blog\/wp-content\/uploads\/2026\/01\/1-300x200.png 300w, https:\/\/www.skalnik.pl\/blog\/wp-content\/uploads\/2026\/01\/1-768x512.png 768w\" sizes=\"auto, (max-width: 1024px) 100vw, 1024px\" \/><figcaption class=\"wp-element-caption\"><em>Bielizna termiczna Viking jako warstwa bazowa (fot. Viking)<\/em><\/figcaption><\/figure>\n<\/div>\n\n\n<h2 class=\"wp-block-heading\"><span class=\"ez-toc-section\" id=\"Materialy_i_technologie_bielizny_Viking\"><\/span>Materia\u0142y i technologie bielizny Viking<span class=\"ez-toc-section-end\"><\/span><\/h2>\n\n\n\n<p>Kluczem do skuteczno\u015bci pierwszej warstwy jest dob\u00f3r odpowiednich materia\u0142\u00f3w oraz dopasowany kr\u00f3j. Dlatego bielizna termiczna powinna \u015bci\u015ble przylega\u0107 do cia\u0142a i aktywnie wsp\u00f3\u0142pracowa\u0107 z wydzielaniem ciep\u0142a oraz wilgoci.<\/p>\n\n\n\n<p>W\u0142a\u015bnie z tego powodu marka <a href=\"https:\/\/www.skalnik.pl\/viking\" target=\"_blank\" rel=\"noopener\" title=\"\">Viking<\/a> \u0142\u0105czy naturalne w\u0142\u00f3kna z syntetykami o wysokiej funkcjonalno\u015bci. W bieli\u017anie outdoorowej niekwestionowanym kr\u00f3lem pozostaje we\u0142na merino, cz\u0119sto nazywana \u201einteligentnym w\u0142\u00f3knem\u201d.<\/p>\n\n\n\n<p>Merino dzia\u0142a w rytmie ludzkiego cia\u0142a. Podczas wysi\u0142ku pomaga odprowadzi\u0107 nadmiar ciep\u0142a, natomiast w spoczynku zapobiega wych\u0142adzaniu poprzez jego kumulacj\u0119. Przyk\u0142adem takiego po\u0142\u0105czenia jest bielizna Gasher, w kt\u00f3rej we\u0142na merino zosta\u0142a zestawiona z funkcjonalnymi w\u0142\u00f3knami syntetycznymi.<\/p>\n\n\n\n<p>Z kolei w modelu Novena zastosowano w\u0142\u00f3kna bambusowe, odpowiadaj\u0105ce za szybkie odprowadzanie wilgoci. W ofercie znajduj\u0105 si\u0119 r\u00f3wnie\u017c l\u017cejsze koszulki z d\u0142ugim r\u0119kawem Andali LS, wykonane z mieszanki we\u0142ny merino i Tencelu, kt\u00f3ry doskonale absorbuje wilgo\u0107.<\/p>\n\n\n\n<p>Jednocze\u015bnie marka nie rezygnuje z bielizny wykonanej w ca\u0142o\u015bci z w\u0142\u00f3kien syntetycznych. Bezszwowe zestawy Fusion, zaprojektowane zgodnie z zasadami bodymappingu, wyposa\u017cono w zintegrowane maski chroni\u0105ce twarz przed ch\u0142odem. Natomiast ciep\u0142a bielizna Atos i Lotta sprawdzi si\u0119 zar\u00f3wno na szlaku, jak i na narciarskim stoku.<\/p>\n\n\n<div class=\"wp-block-image\">\n<figure class=\"aligncenter size-full\"><img loading=\"lazy\" decoding=\"async\" width=\"1024\" height=\"683\" src=\"https:\/\/www.skalnik.pl\/blog\/wp-content\/uploads\/2026\/01\/5.png\" alt=\"Bielizna termoaktywna Viking skutecznie odprowadza wilgo\u0107 i pomaga utrzyma\u0107 optymaln\u0105 temperatur\u0119 cia\u0142a.\" class=\"wp-image-27548\" srcset=\"https:\/\/www.skalnik.pl\/blog\/wp-content\/uploads\/2026\/01\/5.png 1024w, https:\/\/www.skalnik.pl\/blog\/wp-content\/uploads\/2026\/01\/5-300x200.png 300w, https:\/\/www.skalnik.pl\/blog\/wp-content\/uploads\/2026\/01\/5-768x512.png 768w\" sizes=\"auto, (max-width: 1024px) 100vw, 1024px\" \/><figcaption class=\"wp-element-caption\"><em>Bielizna termoaktywna Viking skutecznie odprowadza wilgo\u0107 i pomaga utrzyma\u0107 optymaln\u0105 temperatur\u0119 cia\u0142a (fot. Viking)<\/em><\/figcaption><\/figure>\n<\/div>\n\n\n<h2 class=\"wp-block-heading\"><span class=\"ez-toc-section\" id=\"Warstwa_izolacyjna_%E2%80%93_ochron_sie_przed_chlodem\"><\/span>Warstwa izolacyjna \u2013 ochro\u0144 si\u0119 przed ch\u0142odem<span class=\"ez-toc-section-end\"><\/span><\/h2>\n\n\n\n<p>Jest zima, wi\u0119c musi by\u0107 zimno \u2013 kultowy tekst z komedii \u201eMi\u015b\u201d a\u017c prosi si\u0119 o uzupe\u0142nienie: \u201eale nie nam\u201d. Dlatego druga warstwa odzie\u017cy outdoorowej odpowiada przede wszystkim za izolacj\u0119 od ch\u0142odu.<\/p>\n\n\n\n<p>W tym celu wykorzystuje si\u0119 zaawansowane technologicznie materia\u0142y, kt\u00f3re kumuluj\u0105 ciep\u0142o i ograniczaj\u0105 jego utrat\u0119. Przyk\u0142adem jest Polartec\u00ae Power Stretch, stosowany w bluzach Arbaz Hoodie (z kapturem) oraz Arbaz Midlayer (bez kaptura).<\/p>\n\n\n\n<p>Materia\u0142 ten jest g\u0142adki na zewn\u0105trz, natomiast od wewn\u0119trznej strony posiada ciep\u0142\u0105 warstw\u0119 fleece. Dzi\u0119ki temu skutecznie utrzymuje ciep\u0142o, chroni przed ch\u0142odem i jednocze\u015bnie sprawnie odprowadza nadmiar wilgoci.<\/p>\n\n\n\n<p>T\u0119 sam\u0105 technologi\u0119 zastosowano r\u00f3wnie\u017c w bluzach Jukon Hoodie. Z kolei bluzy Birger z linii Pro Viking wyr\u00f3\u017cniaj\u0105 si\u0119 wewn\u0119trzn\u0105 struktur\u0105 grid oraz wykonaniem z wytrzyma\u0142ego, elastycznego i oddychaj\u0105cego materia\u0142u Active Flex.<\/p>\n\n\n\n<h2 class=\"wp-block-heading\"><span class=\"ez-toc-section\" id=\"Kurtki_ocieplane_jako_druga_warstwa\"><\/span>Kurtki ocieplane jako druga warstwa<span class=\"ez-toc-section-end\"><\/span><\/h2>\n\n\n\n<p>Do warstwy izolacyjnej nale\u017c\u0105 tak\u017ce kurtki ocieplane, zar\u00f3wno z wype\u0142nieniem naturalnym, jak i syntetycznym. Mo\u017cna je nosi\u0107 w bardzo niskich temperaturach albo mie\u0107 w plecaku jako dodatkow\u0105 warstw\u0119 zak\u0142adan\u0105 np. na postoju by zapobiec wych\u0142odzeniu. Najlepszym naturalnym izolatorem jest puch, kt\u00f3rego Viking u\u017cywa w kurtkach Rovi. Z kolei hybrydowe kurtki Zemu \u0142\u0105cz\u0105 ciep\u0142o z maksymaln\u0105 swobod\u0105 ruchu. Prz\u00f3d i ty\u0142 ocieplone s\u0105 odporn\u0105 na wilgo\u0107, zaawansowan\u0105 ocieplin\u0105 syntetyczn\u0105 PrimaLoft\u00ae Silver, za\u015b na bokach i r\u0119kawach wykorzystano elastyczny materia\u0142, kt\u00f3ry nie kr\u0119puje ruch\u00f3w.<\/p>\n\n\n\t<div class=\"magento-wrapper\">\n\t\t<ul class=\"products\">\n\t\t\t<li class=\"product\">\n\t\n\t\t<div class=\"image\">\n\t\t\t<a href=\"https:\/\/www.skalnik.pl\/czapka-mila-navy-1900-1055319\" target=\"_self\">\n\t\t\t\t\t\t<img\n\t\t\tsrc=\"https:\/\/www.skalnik.pl\/media\/catalog\/product\/c\/z\/czapka-mila-navy-1900-1055319_1.jpg\"\n\t\t\talt=\"CZAPKA MILA-NAVY 1900\"\n\t\t\t\t\t\t\t\t\/>\n\t\t\t\t\t<\/a>\n\t\t<\/div>\n\n\t\t\n\t\t<a href=\"https:\/\/www.skalnik.pl\/czapka-mila-navy-1900-1055319\" target=\"_self\"><span class=\"name\">CZAPKA MILA-NAVY 1900<\/span><\/a>\t\n\t\n\t\n\t<div class=\"url\"><a class=\"view-details\" href=\"https:\/\/www.skalnik.pl\/czapka-mila-navy-1900-1055319\">Zobacz wi\u0119cej <\/a><\/div><\/li>\n<li class=\"product\">\n\t\n\t\t<div class=\"image\">\n\t\t\t<a href=\"https:\/\/www.skalnik.pl\/zestaw-bielizny-gasher-navy-1055278\" target=\"_self\">\n\t\t\t\t\t\t<img\n\t\t\tsrc=\"https:\/\/www.skalnik.pl\/media\/catalog\/product\/z\/e\/zestaw-bielizny-gasher-navy-1055278_5.jpg\"\n\t\t\talt=\"ZESTAW BIELIZNY GASHER-NAVY\"\n\t\t\t\t\t\t\t\t\/>\n\t\t\t\t\t<\/a>\n\t\t<\/div>\n\n\t\t\n\t\t<a href=\"https:\/\/www.skalnik.pl\/zestaw-bielizny-gasher-navy-1055278\" target=\"_self\"><span class=\"name\">ZESTAW BIELIZNY GASHER-NAVY<\/span><\/a>\t\n\t\n\t\n\t<div class=\"url\"><a class=\"view-details\" href=\"https:\/\/www.skalnik.pl\/zestaw-bielizny-gasher-navy-1055278\">Zobacz wi\u0119cej <\/a><\/div><\/li>\n<li class=\"product\">\n\t\n\t\t<div class=\"image\">\n\t\t\t<a href=\"https:\/\/www.skalnik.pl\/lapawice-sherpa-20-gtx-women-black-1055331\" target=\"_self\">\n\t\t\t\t\t\t<img\n\t\t\tsrc=\"https:\/\/www.skalnik.pl\/media\/catalog\/product\/l\/a\/lapawice-sherpa-20-gtx-women-black-1055331_3.jpg\"\n\t\t\talt=\"\u0141APAWICE SHERPA 2.0 GTX WOMEN-BLACK\"\n\t\t\t\t\t\t\t\t\/>\n\t\t\t\t\t<\/a>\n\t\t<\/div>\n\n\t\t\n\t\t<a href=\"https:\/\/www.skalnik.pl\/lapawice-sherpa-20-gtx-women-black-1055331\" target=\"_self\"><span class=\"name\">\u0141APAWICE SHERPA 2.0 GTX WOMEN-BLACK<\/span><\/a>\t\n\t\n\t\n\t<div class=\"url\"><a class=\"view-details\" href=\"https:\/\/www.skalnik.pl\/lapawice-sherpa-20-gtx-women-black-1055331\">Zobacz wi\u0119cej <\/a><\/div><\/li>\n\t\t<\/ul>\n\t<\/div>\n\n\n\n\n<h2 class=\"wp-block-heading\"><span class=\"ez-toc-section\" id=\"Deszcz_snieg_i_wiatr_%E2%80%93_kurtki_Viking_na_kazde_warunki\"><\/span>Deszcz, \u015bnieg i wiatr \u2013 kurtki Viking na ka\u017cde warunki<span class=\"ez-toc-section-end\"><\/span><\/h2>\n\n\n\n<p>Nawet najlepsza izolacja polegnie ostatecznie w starciu z wod\u0105, wilgoci\u0105 i zimnymi podmuchami wiatru. Dlatego warstwa zewn\u0119trzna musi skutecznie przed nimi chroni\u0107. <\/p>\n\n\n\n<p>Viking wykorzystuje w niej membran\u0119 Aqua Thermo Tex+ o wodoodporno\u015bci 15 000 mm. Chroni ona przed deszczem i wiatrem, a jednocze\u015bnie sprawnie odprowadza wilgo\u0107 powstaj\u0105c\u0105 podczas wysi\u0142ku. To rozwi\u0105zanie stworzone do wymagaj\u0105cych warunk\u00f3w i intensywnej aktywno\u015bci.<\/p>\n\n\n\n<p>Membran\u0119 t\u0119 zastosowano w kurtce Ravelo 3in1, kt\u00f3ra mo\u017ce sta\u0107 si\u0119 prawdziwym gamechangerem w zimowej garderobie. To nie tylko kurtka, ale kompletny system warstwowy.<\/p>\n\n\n\n<p>Sk\u0142ada si\u0119 z dw\u00f3ch kurtek: zewn\u0119trznej membranowej oraz wewn\u0119trznej, ocieplanej zaawansowan\u0105 ocieplin\u0105 PrimaLoft\u00ae Silver. Mo\u017cna nosi\u0107 je oddzielnie lub po\u0142\u0105czy\u0107 w jeden zestaw. Dzi\u0119ki temu Ravelo 3in1 zast\u0119puje dwie warstwy i sprawdza si\u0119 w r\u00f3\u017cnych warunkach pogodowych.<\/p>\n\n\n\n<h2 class=\"wp-block-heading\"><span class=\"ez-toc-section\" id=\"Ochrona_przed_warunkami_takze_od_pasa_w_dol\"><\/span>Ochrona przed warunkami tak\u017ce od pasa w d\u00f3\u0142<span class=\"ez-toc-section-end\"><\/span><\/h2>\n\n\n\n<p>A co ze spodniami? R\u00f3wnie\u017c tutaj zim\u0105 w kolekcji Viking kr\u00f3luje wytrzyma\u0142y, softshellowy materia\u0142 Active Flex o zwartym splocie.<\/p>\n\n\n\n<p>Jest on elastyczny, dobrze odprowadza wilgo\u0107 i chroni przed opadami. Dzi\u0119ki temu \u0142\u0105czy skuteczne zabezpieczenie przed warunkami zewn\u0119trznymi ze swobod\u0105 ruchu.<\/p>\n\n\n\n<p>Materia\u0142 Active Flex wykorzystywany jest w spodniach Expander Warm oraz Rago. Z kolei skuteczn\u0105 ochron\u0119 przed wod\u0105 i podmuchami wiatru zapewniaj\u0105 membranowe spodnie Summit Warm 2.0.<\/p>\n\n\n<div class=\"wp-block-image\">\n<figure class=\"aligncenter size-full\"><img loading=\"lazy\" decoding=\"async\" width=\"1024\" height=\"683\" src=\"https:\/\/www.skalnik.pl\/blog\/wp-content\/uploads\/2026\/01\/2.png\" alt=\"Spodnie Viking \u0142\u0105cz\u0105 ochron\u0119 przed warunkami atmosferycznymi z pe\u0142n\u0105 swobod\u0105 ruchu na szlaku i stoku.\" class=\"wp-image-27545\" srcset=\"https:\/\/www.skalnik.pl\/blog\/wp-content\/uploads\/2026\/01\/2.png 1024w, https:\/\/www.skalnik.pl\/blog\/wp-content\/uploads\/2026\/01\/2-300x200.png 300w, https:\/\/www.skalnik.pl\/blog\/wp-content\/uploads\/2026\/01\/2-768x512.png 768w\" sizes=\"auto, (max-width: 1024px) 100vw, 1024px\" \/><figcaption class=\"wp-element-caption\"><em>Spodnie Viking \u0142\u0105cz\u0105 ochron\u0119 przed warunkami atmosferycznymi z pe\u0142n\u0105 swobod\u0105 ruchu na szlaku i stoku (fot. Viking)<\/em><\/figcaption><\/figure>\n<\/div>\n\n\n<h2 class=\"wp-block-heading\"><span class=\"ez-toc-section\" id=\"Jak_laczyc_warstwy_odziezy_Viking\"><\/span>Jak \u0142\u0105czy\u0107 warstwy odzie\u017cy Viking<span class=\"ez-toc-section-end\"><\/span><\/h2>\n\n\n\n<p>Warstwy odzie\u017cy outdoorowej nie mog\u0105 funkcjonowa\u0107 niezale\u017cnie. Musz\u0105 tworzy\u0107 sp\u00f3jny system. Dlatego odzie\u017c Viking mo\u017cna swobodnie \u0142\u0105czy\u0107 ze sob\u0105.<\/p>\n\n\n\n<p>Podstawowy schemat zak\u0142ada trzy warstwy: termiczn\u0105, izolacyjn\u0105 i ochronn\u0105. Jednak przy suchej i bezwietrznej pogodzie z powodzeniem mo\u017cesz za\u0142o\u017cy\u0107 na wierzch kurtk\u0119 Zemu zamiast kurtki membranowej.<\/p>\n\n\n\n<p>Z kolei podczas postoju warto czasem doda\u0107 drug\u0105 warstw\u0119 izolacyjn\u0105. Dzi\u0119ki temu unikniesz wych\u0142odzenia organizmu.<\/p>\n\n\n<div class=\"wp-block-image\">\n<figure class=\"aligncenter size-full\"><img loading=\"lazy\" decoding=\"async\" width=\"1024\" height=\"683\" src=\"https:\/\/www.skalnik.pl\/blog\/wp-content\/uploads\/2026\/01\/3.png\" alt=\"R\u0119kawice i czapki Viking skutecznie chroni\u0105 d\u0142onie i g\u0142ow\u0119 przed wych\u0142odzeniem w niskich temperaturach.\" class=\"wp-image-27546\" srcset=\"https:\/\/www.skalnik.pl\/blog\/wp-content\/uploads\/2026\/01\/3.png 1024w, https:\/\/www.skalnik.pl\/blog\/wp-content\/uploads\/2026\/01\/3-300x200.png 300w, https:\/\/www.skalnik.pl\/blog\/wp-content\/uploads\/2026\/01\/3-768x512.png 768w\" sizes=\"auto, (max-width: 1024px) 100vw, 1024px\" \/><figcaption class=\"wp-element-caption\"><em>R\u0119kawice Viking skutecznie chroni\u0105 d\u0142onie przed wych\u0142odzeniem w niskich temperaturach (fot. Viking)<\/em><\/figcaption><\/figure>\n<\/div>\n\n\n<h2 class=\"wp-block-heading\"><span class=\"ez-toc-section\" id=\"Akcesoria_Viking_chroniace_rece_i_glowe_przed_wychlodzeniem\"><\/span>Akcesoria Viking chroni\u0105ce r\u0119ce i g\u0142ow\u0119 przed wych\u0142odzeniem<span class=\"ez-toc-section-end\"><\/span><\/h2>\n\n\n\n<p>R\u0119ce i g\u0142owa to cz\u0119\u015bci cia\u0142a szczeg\u00f3lnie nara\u017cone na wych\u0142adzanie. Dlatego nie mo\u017cesz zapomnie\u0107 o ich odpowiedniej ochronie.<\/p>\n\n\n\n<p>Z mark\u0105 Viking to proste, poniewa\u017c kolekcja r\u0119kawic obejmuje modele dopasowane do r\u00f3\u017cnych aktywno\u015bci i warunk\u00f3w pogodowych. Do wyboru s\u0105 lekkie linery Rami z merino i w\u0142\u00f3kien bambusowych, softshellowe r\u0119kawice Arbok z chroni\u0105c\u0105 przed wiatrem technologi\u0105 Gore\u00ae Windstopper.<\/p>\n\n\n\n<p>Z kolei na niskie temperatury i zimowe sporty sprawdz\u0105 si\u0119 ocieplane oraz wodoodporne r\u0119kawice narciarskie Hudson i Karuk. W ofercie znajduj\u0105 si\u0119 tak\u017ce ciep\u0142e \u0142apawice Sherpa, wykorzystuj\u0105ce membran\u0119 Gore-Tex\u00ae Active oraz ocieplin\u0119 PrimaLoft\u00ae Silver.<\/p>\n\n\n\n<p>Dzi\u0119ki temu wyb\u00f3r odpowiedniego modelu mo\u017cna \u0142atwo dopasowa\u0107 do w\u0142asnych potrzeb. Ca\u0142o\u015b\u0107 uzupe\u0142ni\u0105 ciep\u0142e czapki Viking Noma z we\u0142n\u0105 merino lub Berg z naturalnej we\u0142ny, a tak\u017ce wielofunkcyjne chusty Merino Polartec oraz Polartec Inside. I wtedy mo\u017cesz rusza\u0107 na aktywne zimowe wyzwania.<\/p>\n","protected":false},"excerpt":{"rendered":"<p>Zimowe aktywno\u015bci wymagaj\u0105 czego\u015b wi\u0119cej ni\u017c \u201eubrania na cebulk\u0119\u201d. Sprawd\u017a, jak dzi\u0119ki systemowi warstw i technologiom Viking zachowa\u0107 ciep\u0142o, sucho\u015b\u0107 i pe\u0142n\u0105 swobod\u0119 ruchu w ka\u017cdych warunkach.<\/p>\n","protected":false},"author":41,"featured_media":27541,"comment_status":"closed","ping_status":"closed","sticky":false,"template":"","format":"standard","meta":{"_acf_changed":false,"footnotes":""},"categories":[3],"tags":[15,91,210,16],"magento_category":[9940],"magento_product":[8592,8570,8646,8648,8713,8755,9958,9952,9564,9565,9941,9942,9943,9944,9945,9955,9956,9957,9953,9949,9947,9946,9954,9950,9951,9948],"class_list":["post-27538","post","type-post","status-publish","format-standard","has-post-thumbnail","hentry","category-porady","tag-odziez","tag-trekking","tag-turystyka","tag-zima"],"acf":[],"aioseo_notices":[],"aioseo_head":"\n\t\t<!-- All in One SEO 4.9.10 - aioseo.com -->\n\t<meta name=\"description\" content=\"Jak ubiera\u0107 si\u0119 warstwowo zim\u0105? Sprawd\u017a system trzech warstw i technologie Viking, kt\u00f3re zapewniaj\u0105 ciep\u0142o, sucho\u015b\u0107 i komfort w outdoorze.\" \/>\n\t<meta name=\"robots\" content=\"max-image-preview:large\" \/>\n\t<meta name=\"author\" content=\"Anna \u015aliwa\"\/>\n\t<link rel=\"canonical\" href=\"https:\/\/www.skalnik.pl\/blog\/viking-jak-ubierac-sie-zima\/\" \/>\n\t<meta name=\"generator\" content=\"All in One SEO (AIOSEO) 4.9.10\" \/>\n\t\t<meta property=\"og:locale\" content=\"pl_PL\" \/>\n\t\t<meta property=\"og:site_name\" content=\"blog Skalnik - Blog, porady, artyku\u0142y - blog Skalnik\" \/>\n\t\t<meta property=\"og:type\" content=\"article\" \/>\n\t\t<meta property=\"og:title\" content=\"Viking \u2013 jak ubiera\u0107 si\u0119 zim\u0105? - blog Skalnik\" \/>\n\t\t<meta property=\"og:description\" content=\"Jak ubiera\u0107 si\u0119 warstwowo zim\u0105? Sprawd\u017a system trzech warstw i technologie Viking, kt\u00f3re zapewniaj\u0105 ciep\u0142o, sucho\u015b\u0107 i komfort w outdoorze.\" \/>\n\t\t<meta property=\"og:url\" content=\"https:\/\/www.skalnik.pl\/blog\/viking-jak-ubierac-sie-zima\/\" \/>\n\t\t<meta property=\"og:image\" content=\"https:\/\/www.skalnik.pl\/blog\/wp-content\/uploads\/2026\/01\/4.png\" \/>\n\t\t<meta property=\"og:image:secure_url\" content=\"https:\/\/www.skalnik.pl\/blog\/wp-content\/uploads\/2026\/01\/4.png\" \/>\n\t\t<meta property=\"og:image:width\" content=\"1024\" \/>\n\t\t<meta property=\"og:image:height\" content=\"683\" \/>\n\t\t<meta property=\"article:tag\" content=\"porady\" \/>\n\t\t<meta property=\"article:tag\" content=\"odzie\u017c\" \/>\n\t\t<meta property=\"article:tag\" content=\"trekking\" \/>\n\t\t<meta property=\"article:tag\" content=\"turystyka\" \/>\n\t\t<meta property=\"article:tag\" content=\"zima\" \/>\n\t\t<meta property=\"article:published_time\" content=\"2026-01-14T11:27:55+00:00\" \/>\n\t\t<meta property=\"article:modified_time\" content=\"2026-01-26T10:17:47+00:00\" \/>\n\t\t<meta name=\"twitter:card\" content=\"summary_large_image\" \/>\n\t\t<meta name=\"twitter:title\" content=\"Viking \u2013 jak ubiera\u0107 si\u0119 zim\u0105? - blog Skalnik\" \/>\n\t\t<meta name=\"twitter:description\" content=\"Jak ubiera\u0107 si\u0119 warstwowo zim\u0105? Sprawd\u017a system trzech warstw i technologie Viking, kt\u00f3re zapewniaj\u0105 ciep\u0142o, sucho\u015b\u0107 i komfort w outdoorze.\" \/>\n\t\t<meta name=\"twitter:image\" content=\"https:\/\/www.skalnik.pl\/blog\/wp-content\/uploads\/2026\/01\/4.png\" \/>\n\t\t<script type=\"application\/ld+json\" class=\"aioseo-schema\">\n\t\t\t{\"@context\":\"https:\\\/\\\/schema.org\",\"@graph\":[{\"@type\":\"BlogPosting\",\"@id\":\"https:\\\/\\\/www.skalnik.pl\\\/blog\\\/viking-jak-ubierac-sie-zima\\\/#blogposting\",\"name\":\"Viking \\u2013 jak ubiera\\u0107 si\\u0119 zim\\u0105? - blog Skalnik\",\"headline\":\"Viking \\u2013 jak ubiera\\u0107 si\\u0119 zim\\u0105?\",\"author\":{\"@id\":\"https:\\\/\\\/www.skalnik.pl\\\/blog\\\/author\\\/anna-sliwa\\\/#author\"},\"publisher\":{\"@id\":\"https:\\\/\\\/www.skalnik.pl\\\/blog\\\/#organization\"},\"image\":{\"@type\":\"ImageObject\",\"url\":\"https:\\\/\\\/www.skalnik.pl\\\/blog\\\/wp-content\\\/uploads\\\/2026\\\/01\\\/Okladka-blog-1920-x-706-px.png\",\"width\":1920,\"height\":706},\"datePublished\":\"2026-01-14T13:27:55+02:00\",\"dateModified\":\"2026-01-26T12:17:47+02:00\",\"inLanguage\":\"pl-PL\",\"mainEntityOfPage\":{\"@id\":\"https:\\\/\\\/www.skalnik.pl\\\/blog\\\/viking-jak-ubierac-sie-zima\\\/#webpage\"},\"isPartOf\":{\"@id\":\"https:\\\/\\\/www.skalnik.pl\\\/blog\\\/viking-jak-ubierac-sie-zima\\\/#webpage\"},\"articleSection\":\"Porady, odzie\\u017c, trekking, turystyka, zima, 47037, 1004391, 1004397, 1004449, 1008403, 1021552, 1025056, 1034241, 1042509, 1042535, 1042536, 1042541, 1042549, 1042550, 1042551, 1042573, 1045070, 1047794, 1047795, 1055095, 1055108, 1055142, 1055169, 1055213, 1055223, 1055234, 1055306\"},{\"@type\":\"BreadcrumbList\",\"@id\":\"https:\\\/\\\/www.skalnik.pl\\\/blog\\\/viking-jak-ubierac-sie-zima\\\/#breadcrumblist\",\"itemListElement\":[{\"@type\":\"ListItem\",\"@id\":\"https:\\\/\\\/www.skalnik.pl\\\/blog#listItem\",\"position\":1,\"name\":\"Home\",\"item\":\"https:\\\/\\\/www.skalnik.pl\\\/blog\",\"nextItem\":{\"@type\":\"ListItem\",\"@id\":\"https:\\\/\\\/www.skalnik.pl\\\/blog\\\/.\\\/porady\\\/#listItem\",\"name\":\"Porady\"}},{\"@type\":\"ListItem\",\"@id\":\"https:\\\/\\\/www.skalnik.pl\\\/blog\\\/.\\\/porady\\\/#listItem\",\"position\":2,\"name\":\"Porady\",\"item\":\"https:\\\/\\\/www.skalnik.pl\\\/blog\\\/.\\\/porady\\\/\",\"nextItem\":{\"@type\":\"ListItem\",\"@id\":\"https:\\\/\\\/www.skalnik.pl\\\/blog\\\/viking-jak-ubierac-sie-zima\\\/#listItem\",\"name\":\"Viking \\u2013 jak ubiera\\u0107 si\\u0119 zim\\u0105?\"},\"previousItem\":{\"@type\":\"ListItem\",\"@id\":\"https:\\\/\\\/www.skalnik.pl\\\/blog#listItem\",\"name\":\"Home\"}},{\"@type\":\"ListItem\",\"@id\":\"https:\\\/\\\/www.skalnik.pl\\\/blog\\\/viking-jak-ubierac-sie-zima\\\/#listItem\",\"position\":3,\"name\":\"Viking \\u2013 jak ubiera\\u0107 si\\u0119 zim\\u0105?\",\"previousItem\":{\"@type\":\"ListItem\",\"@id\":\"https:\\\/\\\/www.skalnik.pl\\\/blog\\\/.\\\/porady\\\/#listItem\",\"name\":\"Porady\"}}]},{\"@type\":\"Organization\",\"@id\":\"https:\\\/\\\/www.skalnik.pl\\\/blog\\\/#organization\",\"name\":\"blog Skalnik\",\"description\":\"Blog, porady, artyku\\u0142y - blog Skalnik\",\"url\":\"https:\\\/\\\/www.skalnik.pl\\\/blog\\\/\"},{\"@type\":\"Person\",\"@id\":\"https:\\\/\\\/www.skalnik.pl\\\/blog\\\/author\\\/anna-sliwa\\\/#author\",\"url\":\"https:\\\/\\\/www.skalnik.pl\\\/blog\\\/author\\\/anna-sliwa\\\/\",\"name\":\"Anna \\u015aliwa\",\"image\":{\"@type\":\"ImageObject\",\"@id\":\"https:\\\/\\\/www.skalnik.pl\\\/blog\\\/viking-jak-ubierac-sie-zima\\\/#authorImage\",\"url\":\"https:\\\/\\\/secure.gravatar.com\\\/avatar\\\/e8300be3de710e2e109e5dfbf092dcf827242ec8071807a1e13f6b3f7c9bbd79?s=96&d=mm&r=g\",\"width\":96,\"height\":96,\"caption\":\"Anna \\u015aliwa\"}},{\"@type\":\"WebPage\",\"@id\":\"https:\\\/\\\/www.skalnik.pl\\\/blog\\\/viking-jak-ubierac-sie-zima\\\/#webpage\",\"url\":\"https:\\\/\\\/www.skalnik.pl\\\/blog\\\/viking-jak-ubierac-sie-zima\\\/\",\"name\":\"Viking \\u2013 jak ubiera\\u0107 si\\u0119 zim\\u0105? - blog Skalnik\",\"description\":\"Jak ubiera\\u0107 si\\u0119 warstwowo zim\\u0105? Sprawd\\u017a system trzech warstw i technologie Viking, kt\\u00f3re zapewniaj\\u0105 ciep\\u0142o, sucho\\u015b\\u0107 i komfort w outdoorze.\",\"inLanguage\":\"pl-PL\",\"isPartOf\":{\"@id\":\"https:\\\/\\\/www.skalnik.pl\\\/blog\\\/#website\"},\"breadcrumb\":{\"@id\":\"https:\\\/\\\/www.skalnik.pl\\\/blog\\\/viking-jak-ubierac-sie-zima\\\/#breadcrumblist\"},\"author\":{\"@id\":\"https:\\\/\\\/www.skalnik.pl\\\/blog\\\/author\\\/anna-sliwa\\\/#author\"},\"creator\":{\"@id\":\"https:\\\/\\\/www.skalnik.pl\\\/blog\\\/author\\\/anna-sliwa\\\/#author\"},\"image\":{\"@type\":\"ImageObject\",\"url\":\"https:\\\/\\\/www.skalnik.pl\\\/blog\\\/wp-content\\\/uploads\\\/2026\\\/01\\\/Okladka-blog-1920-x-706-px.png\",\"@id\":\"https:\\\/\\\/www.skalnik.pl\\\/blog\\\/viking-jak-ubierac-sie-zima\\\/#mainImage\",\"width\":1920,\"height\":706},\"primaryImageOfPage\":{\"@id\":\"https:\\\/\\\/www.skalnik.pl\\\/blog\\\/viking-jak-ubierac-sie-zima\\\/#mainImage\"},\"datePublished\":\"2026-01-14T13:27:55+02:00\",\"dateModified\":\"2026-01-26T12:17:47+02:00\"},{\"@type\":\"WebSite\",\"@id\":\"https:\\\/\\\/www.skalnik.pl\\\/blog\\\/#website\",\"url\":\"https:\\\/\\\/www.skalnik.pl\\\/blog\\\/\",\"name\":\"blog Skalnik\",\"description\":\"Blog, porady, artyku\\u0142y - blog Skalnik\",\"inLanguage\":\"pl-PL\",\"publisher\":{\"@id\":\"https:\\\/\\\/www.skalnik.pl\\\/blog\\\/#organization\"}}]}\n\t\t<\/script>\n\t\t<!-- All in One SEO -->\n\n","aioseo_head_json":{"title":"Viking \u2013 jak ubiera\u0107 si\u0119 zim\u0105? - blog Skalnik","description":"Jak ubiera\u0107 si\u0119 warstwowo zim\u0105? Sprawd\u017a system trzech warstw i technologie Viking, kt\u00f3re zapewniaj\u0105 ciep\u0142o, sucho\u015b\u0107 i komfort w outdoorze.","canonical_url":"https:\/\/www.skalnik.pl\/blog\/viking-jak-ubierac-sie-zima\/","robots":"max-image-preview:large","keywords":"","webmasterTools":{"miscellaneous":""},"schema":{"@context":"https:\/\/schema.org","@graph":[{"@type":"BlogPosting","@id":"https:\/\/www.skalnik.pl\/blog\/viking-jak-ubierac-sie-zima\/#blogposting","name":"Viking \u2013 jak ubiera\u0107 si\u0119 zim\u0105? - blog Skalnik","headline":"Viking \u2013 jak ubiera\u0107 si\u0119 zim\u0105?","author":{"@id":"https:\/\/www.skalnik.pl\/blog\/author\/anna-sliwa\/#author"},"publisher":{"@id":"https:\/\/www.skalnik.pl\/blog\/#organization"},"image":{"@type":"ImageObject","url":"https:\/\/www.skalnik.pl\/blog\/wp-content\/uploads\/2026\/01\/Okladka-blog-1920-x-706-px.png","width":1920,"height":706},"datePublished":"2026-01-14T13:27:55+02:00","dateModified":"2026-01-26T12:17:47+02:00","inLanguage":"pl-PL","mainEntityOfPage":{"@id":"https:\/\/www.skalnik.pl\/blog\/viking-jak-ubierac-sie-zima\/#webpage"},"isPartOf":{"@id":"https:\/\/www.skalnik.pl\/blog\/viking-jak-ubierac-sie-zima\/#webpage"},"articleSection":"Porady, odzie\u017c, trekking, turystyka, zima, 47037, 1004391, 1004397, 1004449, 1008403, 1021552, 1025056, 1034241, 1042509, 1042535, 1042536, 1042541, 1042549, 1042550, 1042551, 1042573, 1045070, 1047794, 1047795, 1055095, 1055108, 1055142, 1055169, 1055213, 1055223, 1055234, 1055306"},{"@type":"BreadcrumbList","@id":"https:\/\/www.skalnik.pl\/blog\/viking-jak-ubierac-sie-zima\/#breadcrumblist","itemListElement":[{"@type":"ListItem","@id":"https:\/\/www.skalnik.pl\/blog#listItem","position":1,"name":"Home","item":"https:\/\/www.skalnik.pl\/blog","nextItem":{"@type":"ListItem","@id":"https:\/\/www.skalnik.pl\/blog\/.\/porady\/#listItem","name":"Porady"}},{"@type":"ListItem","@id":"https:\/\/www.skalnik.pl\/blog\/.\/porady\/#listItem","position":2,"name":"Porady","item":"https:\/\/www.skalnik.pl\/blog\/.\/porady\/","nextItem":{"@type":"ListItem","@id":"https:\/\/www.skalnik.pl\/blog\/viking-jak-ubierac-sie-zima\/#listItem","name":"Viking \u2013 jak ubiera\u0107 si\u0119 zim\u0105?"},"previousItem":{"@type":"ListItem","@id":"https:\/\/www.skalnik.pl\/blog#listItem","name":"Home"}},{"@type":"ListItem","@id":"https:\/\/www.skalnik.pl\/blog\/viking-jak-ubierac-sie-zima\/#listItem","position":3,"name":"Viking \u2013 jak ubiera\u0107 si\u0119 zim\u0105?","previousItem":{"@type":"ListItem","@id":"https:\/\/www.skalnik.pl\/blog\/.\/porady\/#listItem","name":"Porady"}}]},{"@type":"Organization","@id":"https:\/\/www.skalnik.pl\/blog\/#organization","name":"blog Skalnik","description":"Blog, porady, artyku\u0142y - blog Skalnik","url":"https:\/\/www.skalnik.pl\/blog\/"},{"@type":"Person","@id":"https:\/\/www.skalnik.pl\/blog\/author\/anna-sliwa\/#author","url":"https:\/\/www.skalnik.pl\/blog\/author\/anna-sliwa\/","name":"Anna \u015aliwa","image":{"@type":"ImageObject","@id":"https:\/\/www.skalnik.pl\/blog\/viking-jak-ubierac-sie-zima\/#authorImage","url":"https:\/\/secure.gravatar.com\/avatar\/e8300be3de710e2e109e5dfbf092dcf827242ec8071807a1e13f6b3f7c9bbd79?s=96&d=mm&r=g","width":96,"height":96,"caption":"Anna \u015aliwa"}},{"@type":"WebPage","@id":"https:\/\/www.skalnik.pl\/blog\/viking-jak-ubierac-sie-zima\/#webpage","url":"https:\/\/www.skalnik.pl\/blog\/viking-jak-ubierac-sie-zima\/","name":"Viking \u2013 jak ubiera\u0107 si\u0119 zim\u0105? - blog Skalnik","description":"Jak ubiera\u0107 si\u0119 warstwowo zim\u0105? Sprawd\u017a system trzech warstw i technologie Viking, kt\u00f3re zapewniaj\u0105 ciep\u0142o, sucho\u015b\u0107 i komfort w outdoorze.","inLanguage":"pl-PL","isPartOf":{"@id":"https:\/\/www.skalnik.pl\/blog\/#website"},"breadcrumb":{"@id":"https:\/\/www.skalnik.pl\/blog\/viking-jak-ubierac-sie-zima\/#breadcrumblist"},"author":{"@id":"https:\/\/www.skalnik.pl\/blog\/author\/anna-sliwa\/#author"},"creator":{"@id":"https:\/\/www.skalnik.pl\/blog\/author\/anna-sliwa\/#author"},"image":{"@type":"ImageObject","url":"https:\/\/www.skalnik.pl\/blog\/wp-content\/uploads\/2026\/01\/Okladka-blog-1920-x-706-px.png","@id":"https:\/\/www.skalnik.pl\/blog\/viking-jak-ubierac-sie-zima\/#mainImage","width":1920,"height":706},"primaryImageOfPage":{"@id":"https:\/\/www.skalnik.pl\/blog\/viking-jak-ubierac-sie-zima\/#mainImage"},"datePublished":"2026-01-14T13:27:55+02:00","dateModified":"2026-01-26T12:17:47+02:00"},{"@type":"WebSite","@id":"https:\/\/www.skalnik.pl\/blog\/#website","url":"https:\/\/www.skalnik.pl\/blog\/","name":"blog Skalnik","description":"Blog, porady, artyku\u0142y - blog Skalnik","inLanguage":"pl-PL","publisher":{"@id":"https:\/\/www.skalnik.pl\/blog\/#organization"}}]},"og:locale":"pl_PL","og:site_name":"blog Skalnik - Blog, porady, artyku\u0142y - blog Skalnik","og:type":"article","og:title":"Viking \u2013 jak ubiera\u0107 si\u0119 zim\u0105? - blog Skalnik","og:description":"Jak ubiera\u0107 si\u0119 warstwowo zim\u0105? Sprawd\u017a system trzech warstw i technologie Viking, kt\u00f3re zapewniaj\u0105 ciep\u0142o, sucho\u015b\u0107 i komfort w outdoorze.","og:url":"https:\/\/www.skalnik.pl\/blog\/viking-jak-ubierac-sie-zima\/","og:image":"https:\/\/www.skalnik.pl\/blog\/wp-content\/uploads\/2026\/01\/4.png","og:image:secure_url":"https:\/\/www.skalnik.pl\/blog\/wp-content\/uploads\/2026\/01\/4.png","og:image:width":1024,"og:image:height":683,"article:tag":["porady","odzie\u017c","trekking","turystyka","zima"],"article:published_time":"2026-01-14T11:27:55+00:00","article:modified_time":"2026-01-26T10:17:47+00:00","twitter:card":"summary_large_image","twitter:title":"Viking \u2013 jak ubiera\u0107 si\u0119 zim\u0105? - blog Skalnik","twitter:description":"Jak ubiera\u0107 si\u0119 warstwowo zim\u0105? Sprawd\u017a system trzech warstw i technologie Viking, kt\u00f3re zapewniaj\u0105 ciep\u0142o, sucho\u015b\u0107 i komfort w outdoorze.","twitter:image":"https:\/\/www.skalnik.pl\/blog\/wp-content\/uploads\/2026\/01\/4.png"},"aioseo_meta_data":{"post_id":"27538","title":null,"description":"Jak ubiera\u0107 si\u0119 warstwowo zim\u0105? Sprawd\u017a system trzech warstw i technologie Viking, kt\u00f3re zapewniaj\u0105 ciep\u0142o, sucho\u015b\u0107 i komfort w outdoorze.","keywords":[],"keyphrases":{"focus":{"keyphrase":"Viking","score":100,"analysis":{"keyphraseInTitle":{"score":9,"maxScore":9,"error":0},"keyphraseInDescription":{"score":9,"maxScore":9,"error":0},"keyphraseLength":{"score":9,"maxScore":9,"error":0,"length":1},"keyphraseInURL":{"score":5,"maxScore":5,"error":0},"keyphraseInIntroduction":{"score":9,"maxScore":9,"error":0},"keyphraseInSubHeadings":{"score":9,"maxScore":9,"error":0},"keyphraseInImageAlt":{"score":9,"maxScore":9,"error":0}}},"additional":[]},"primary_term":null,"canonical_url":null,"og_title":null,"og_description":null,"og_object_type":"default","og_image_type":"default","og_image_url":null,"og_image_width":null,"og_image_height":null,"og_image_custom_url":null,"og_image_custom_fields":null,"og_video":"","og_custom_url":null,"og_article_section":null,"og_article_tags":[],"twitter_use_og":false,"twitter_card":"default","twitter_image_type":"default","twitter_image_url":null,"twitter_image_custom_url":null,"twitter_image_custom_fields":null,"twitter_title":null,"twitter_description":null,"schema":{"blockGraphs":[],"customGraphs":[],"default":{"data":{"Article":[],"Course":[],"Dataset":[],"FAQPage":[],"Movie":[],"Person":[],"Product":[],"ProductReview":[],"Car":[],"Recipe":[],"Service":[],"SoftwareApplication":[],"WebPage":[]},"graphName":"","isEnabled":true},"graphs":[]},"schema_type":"default","schema_type_options":null,"pillar_content":false,"robots_default":true,"robots_noindex":false,"robots_noarchive":false,"robots_nosnippet":false,"robots_nofollow":false,"robots_noimageindex":false,"robots_noodp":false,"robots_notranslate":false,"robots_max_snippet":"-1","robots_max_videopreview":"-1","robots_max_imagepreview":"large","priority":null,"frequency":"default","local_seo":null,"breadcrumb_settings":null,"limit_modified_date":false,"ai":null,"created":"2026-01-13 14:13:49","updated":"2026-02-17 23:00:32","seo_analyzer_scan_date":null},"aioseo_breadcrumb":"<div class=\"aioseo-breadcrumbs\"><span class=\"aioseo-breadcrumb\">\n\t\t\t<a href=\"https:\/\/www.skalnik.pl\/blog\" title=\"Home\">Home<\/a>\n\t\t<\/span><span class=\"aioseo-breadcrumb-separator\">&raquo;<\/span><span class=\"aioseo-breadcrumb\">\n\t\t\t<a href=\"https:\/\/www.skalnik.pl\/blog\/.\/porady\/\" title=\"Porady\">Porady<\/a>\n\t\t<\/span><span class=\"aioseo-breadcrumb-separator\">&raquo;<\/span><span class=\"aioseo-breadcrumb\">\n\t\t\tViking \u2013 jak ubiera\u0107 si\u0119 zim\u0105?\n\t\t<\/span><\/div>","aioseo_breadcrumb_json":[{"label":"Home","link":"https:\/\/www.skalnik.pl\/blog"},{"label":"Porady","link":"https:\/\/www.skalnik.pl\/blog\/.\/porady\/"},{"label":"Viking \u2013 jak ubiera\u0107 si\u0119 zim\u0105?","link":"https:\/\/www.skalnik.pl\/blog\/viking-jak-ubierac-sie-zima\/"}],"_links":{"self":[{"href":"https:\/\/www.skalnik.pl\/blog\/wp-json\/wp\/v2\/posts\/27538","targetHints":{"allow":["GET"]}}],"collection":[{"href":"https:\/\/www.skalnik.pl\/blog\/wp-json\/wp\/v2\/posts"}],"about":[{"href":"https:\/\/www.skalnik.pl\/blog\/wp-json\/wp\/v2\/types\/post"}],"author":[{"embeddable":true,"href":"https:\/\/www.skalnik.pl\/blog\/wp-json\/wp\/v2\/users\/41"}],"replies":[{"embeddable":true,"href":"https:\/\/www.skalnik.pl\/blog\/wp-json\/wp\/v2\/comments?post=27538"}],"version-history":[{"count":5,"href":"https:\/\/www.skalnik.pl\/blog\/wp-json\/wp\/v2\/posts\/27538\/revisions"}],"predecessor-version":[{"id":27564,"href":"https:\/\/www.skalnik.pl\/blog\/wp-json\/wp\/v2\/posts\/27538\/revisions\/27564"}],"wp:featuredmedia":[{"embeddable":true,"href":"https:\/\/www.skalnik.pl\/blog\/wp-json\/wp\/v2\/media\/27541"}],"wp:attachment":[{"href":"https:\/\/www.skalnik.pl\/blog\/wp-json\/wp\/v2\/media?parent=27538"}],"wp:term":[{"taxonomy":"category","embeddable":true,"href":"https:\/\/www.skalnik.pl\/blog\/wp-json\/wp\/v2\/categories?post=27538"},{"taxonomy":"post_tag","embeddable":true,"href":"https:\/\/www.skalnik.pl\/blog\/wp-json\/wp\/v2\/tags?post=27538"},{"taxonomy":"magento_category","embeddable":true,"href":"https:\/\/www.skalnik.pl\/blog\/wp-json\/wp\/v2\/magento_category?post=27538"},{"taxonomy":"magento_product","embeddable":true,"href":"https:\/\/www.skalnik.pl\/blog\/wp-json\/wp\/v2\/magento_product?post=27538"}],"curies":[{"name":"wp","href":"https:\/\/api.w.org\/{rel}","templated":true}]}}