{"id":27578,"date":"2026-02-11T15:26:27","date_gmt":"2026-02-11T13:26:27","guid":{"rendered":"https:\/\/www.skalnik.pl\/blog\/?p=27578"},"modified":"2026-05-25T15:19:18","modified_gmt":"2026-05-25T13:19:18","slug":"lekki-plecak-na-zime-test-dynafit-blacklight-24","status":"publish","type":"post","link":"https:\/\/www.skalnik.pl\/blog\/lekki-plecak-na-zime-test-dynafit-blacklight-24\/","title":{"rendered":"Lekki plecak na zim\u0119? Test Dynafit Blacklight 24"},"content":{"rendered":"\n<p><strong>Zim\u0105 plecak przestaje by\u0107 tylko \u201emiejscem na rzeczy\u201d. Musi da\u0107 si\u0119 obs\u0142u\u017cy\u0107 w r\u0119kawicach, stabilnie le\u017ce\u0107 na plecach (r\u00f3wnie\u017c w puch\u00f3wce) i nie przeszkadza\u0107 wtedy, gdy warunki robi\u0105 si\u0119 naprawd\u0119 wymagaj\u0105ce. Zapraszam na test plecaka Dynafit Blacklight 24. Sprawdza\u0142am go w zimowym terenie, na trekkingach i skiturach. W warunkach, w kt\u00f3rych od sprz\u0119tu wymagam wi\u0119cej ni\u017c latem.<\/strong><\/p>\n\n\n\n<div id=\"ez-toc-container\" class=\"ez-toc-v2_0_85 counter-hierarchy ez-toc-counter ez-toc-light-blue ez-toc-container-direction\">\n<div class=\"ez-toc-title-container\">\n<p class=\"ez-toc-title\" style=\"cursor:inherit\">SPIS TRE\u015aCI <\/p>\n<span class=\"ez-toc-title-toggle\"><a href=\"#\" class=\"ez-toc-pull-right ez-toc-btn ez-toc-btn-xs ez-toc-btn-default ez-toc-toggle\" aria-label=\"Prze\u0142\u0105cznik Spisu Tre\u015bci\"><span class=\"ez-toc-js-icon-con\"><span class=\"\"><span class=\"eztoc-hide\" style=\"display:none;\">Toggle<\/span><span class=\"ez-toc-icon-toggle-span\"><svg style=\"fill: #999;color:#999\" xmlns=\"http:\/\/www.w3.org\/2000\/svg\" class=\"list-377408\" width=\"20px\" height=\"20px\" viewBox=\"0 0 24 24\" fill=\"none\"><path d=\"M6 6H4v2h2V6zm14 0H8v2h12V6zM4 11h2v2H4v-2zm16 0H8v2h12v-2zM4 16h2v2H4v-2zm16 0H8v2h12v-2z\" fill=\"currentColor\"><\/path><\/svg><svg style=\"fill: #999;color:#999\" class=\"arrow-unsorted-368013\" xmlns=\"http:\/\/www.w3.org\/2000\/svg\" width=\"10px\" height=\"10px\" viewBox=\"0 0 24 24\" version=\"1.2\" baseProfile=\"tiny\"><path d=\"M18.2 9.3l-6.2-6.3-6.2 6.3c-.2.2-.3.4-.3.7s.1.5.3.7c.2.2.4.3.7.3h11c.3 0 .5-.1.7-.3.2-.2.3-.5.3-.7s-.1-.5-.3-.7zM5.8 14.7l6.2 6.3 6.2-6.3c.2-.2.3-.5.3-.7s-.1-.5-.3-.7c-.2-.2-.4-.3-.7-.3h-11c-.3 0-.5.1-.7.3-.2.2-.3.5-.3.7s.1.5.3.7z\"\/><\/svg><\/span><\/span><\/span><\/a><\/span><\/div>\n<nav><ul class='ez-toc-list ez-toc-list-level-1 ' ><li class='ez-toc-page-1 ez-toc-heading-level-2'><a class=\"ez-toc-link ez-toc-heading-1\" href=\"https:\/\/www.skalnik.pl\/blog\/lekki-plecak-na-zime-test-dynafit-blacklight-24\/#Do_czego_jest_plecak_Dynafit_Blacklight_24_a_do_czego_nie\" >Do czego jest plecak Dynafit Blacklight 24 (a do czego nie)<\/a><\/li><li class='ez-toc-page-1 ez-toc-heading-level-2'><a class=\"ez-toc-link ez-toc-heading-2\" href=\"https:\/\/www.skalnik.pl\/blog\/lekki-plecak-na-zime-test-dynafit-blacklight-24\/#Pojemnosc_i_pakownosc_plecaka_Dynafit\" >Pojemno\u015b\u0107 i pakowno\u015b\u0107 plecaka Dynafit<\/a><\/li><li class='ez-toc-page-1 ez-toc-heading-level-2'><a class=\"ez-toc-link ez-toc-heading-3\" href=\"https:\/\/www.skalnik.pl\/blog\/lekki-plecak-na-zime-test-dynafit-blacklight-24\/#Organizacja_i_uklad_kieszeni\" >Organizacja i uk\u0142ad kieszeni<\/a><\/li><li class='ez-toc-page-1 ez-toc-heading-level-2'><a class=\"ez-toc-link ez-toc-heading-4\" href=\"https:\/\/www.skalnik.pl\/blog\/lekki-plecak-na-zime-test-dynafit-blacklight-24\/#Funkcjonalnosc_zimowa_w_praktyce\" >Funkcjonalno\u015b\u0107 zimowa w praktyce<\/a><\/li><li class='ez-toc-page-1 ez-toc-heading-level-2'><a class=\"ez-toc-link ez-toc-heading-5\" href=\"https:\/\/www.skalnik.pl\/blog\/lekki-plecak-na-zime-test-dynafit-blacklight-24\/#Obsluga_w_rekawicach\" >Obs\u0142uga w r\u0119kawicach<\/a><\/li><li class='ez-toc-page-1 ez-toc-heading-level-2'><a class=\"ez-toc-link ez-toc-heading-6\" href=\"https:\/\/www.skalnik.pl\/blog\/lekki-plecak-na-zime-test-dynafit-blacklight-24\/#Mocowanie_nart_i_sprzetu\" >Mocowanie nart i sprz\u0119tu<\/a><\/li><li class='ez-toc-page-1 ez-toc-heading-level-2'><a class=\"ez-toc-link ez-toc-heading-7\" href=\"https:\/\/www.skalnik.pl\/blog\/lekki-plecak-na-zime-test-dynafit-blacklight-24\/#Kieszen_lawinowa\" >Kiesze\u0144 lawinowa<\/a><\/li><li class='ez-toc-page-1 ez-toc-heading-level-2'><a class=\"ez-toc-link ez-toc-heading-8\" href=\"https:\/\/www.skalnik.pl\/blog\/lekki-plecak-na-zime-test-dynafit-blacklight-24\/#Materialy_i_zachowanie_w_trudnych_warunkach\" >Materia\u0142y i zachowanie w trudnych warunkach<\/a><\/li><li class='ez-toc-page-1 ez-toc-heading-level-2'><a class=\"ez-toc-link ez-toc-heading-9\" href=\"https:\/\/www.skalnik.pl\/blog\/lekki-plecak-na-zime-test-dynafit-blacklight-24\/#Co_mnie_zaskoczylo_czyli_zalety_i_ograniczenia_w_praktyce\" >Co mnie zaskoczy\u0142o, czyli zalety i ograniczenia w praktyce<\/a><\/li><li class='ez-toc-page-1 ez-toc-heading-level-2'><a class=\"ez-toc-link ez-toc-heading-10\" href=\"https:\/\/www.skalnik.pl\/blog\/lekki-plecak-na-zime-test-dynafit-blacklight-24\/#Dla_kogo_plecak_Dynafit_to_dobry_wybor\" >Dla kogo plecak Dynafit to dobry wyb\u00f3r?<\/a><\/li><li class='ez-toc-page-1 ez-toc-heading-level-2'><a class=\"ez-toc-link ez-toc-heading-11\" href=\"https:\/\/www.skalnik.pl\/blog\/lekki-plecak-na-zime-test-dynafit-blacklight-24\/#Blacklight_24_na_tle_innych_modeli_marki_Dynafit\" >Blacklight 24 na tle innych modeli marki Dynafit<\/a><\/li><\/ul><\/nav><\/div>\n<h2 class=\"wp-block-heading\"><span class=\"ez-toc-section\" id=\"Do_czego_jest_plecak_Dynafit_Blacklight_24_a_do_czego_nie\"><\/span>Do czego jest plecak Dynafit Blacklight 24 (a do czego nie)<span class=\"ez-toc-section-end\"><\/span><\/h2>\n\n\n\n<p>Blacklight 24 to plecak zaprojektowany z my\u015bl\u0105 o jednodniowych aktywno\u015bciach zimowych: skiturach, szybkich wyj\u015bciach w g\u00f3ry oraz technicznych przej\u015bciach, gdzie liczy si\u0119 mobilno\u015b\u0107 i niska waga. Nie jest to model na wielodniowe wyprawy ani zimowy biwak, ani te\u017c dla os\u00f3b, kt\u00f3re wol\u0105 mie\u0107 zapas miejsca \u201ena wszelki wypadek\u201d. Od pocz\u0105tku chodzi tu o lekko\u015b\u0107, funkcjonalno\u015b\u0107 i sprawn\u0105 obs\u0142ug\u0119 w wymagaj\u0105cym, zimowym terenie.<\/p>\n\n\n<div class=\"wp-block-image\">\n<figure class=\"aligncenter size-full\"><img loading=\"lazy\" decoding=\"async\" width=\"1024\" height=\"683\" src=\"https:\/\/www.skalnik.pl\/blog\/wp-content\/uploads\/2026\/02\/2.png\" alt=\"Dynafit Blacklight 24 podczas zimowego podej\u015bcia\" class=\"wp-image-27585\" srcset=\"https:\/\/www.skalnik.pl\/blog\/wp-content\/uploads\/2026\/02\/2.png 1024w, https:\/\/www.skalnik.pl\/blog\/wp-content\/uploads\/2026\/02\/2-300x200.png 300w, https:\/\/www.skalnik.pl\/blog\/wp-content\/uploads\/2026\/02\/2-768x512.png 768w\" sizes=\"auto, (max-width: 1024px) 100vw, 1024px\" \/><figcaption class=\"wp-element-caption\"><em>Dynafit Blacklight 24 podczas zimowego podej\u015bcia (fot. Beata Nawrotkiewicz)<\/em><\/figcaption><\/figure>\n<\/div>\n\n\n<h2 class=\"wp-block-heading\"><span class=\"ez-toc-section\" id=\"Pojemnosc_i_pakownosc_plecaka_Dynafit\"><\/span>Pojemno\u015b\u0107 i pakowno\u015b\u0107 plecaka Dynafit<span class=\"ez-toc-section-end\"><\/span><\/h2>\n\n\n\n<p>24 litry brzmi\u0105 skromnie, wi\u0119c naturalnie pojawia si\u0119 pytanie: czy to wystarcza zim\u0105? Na wyj\u015bcie skiturowe bez problemu spakowa\u0142am dwie kurtki, lawinowe ABC (\u0142opat\u0119, sond\u0119 i detektor), czekan, kask, foki, raki i harszle, litrowy termos z jedzeniem, apteczk\u0119, zapasowe r\u0119kawice, czapk\u0119, buff oraz kilka drobiazg\u00f3w, takich jak powerbank, czo\u0142\u00f3wka, ogrzewacze, chusteczki czy mapa \u2013 i wci\u0105\u017c zosta\u0142o jeszcze odrobin\u0119 miejsca.<\/p>\n\n\n\n<p>Plecak jest kompaktowy, ale nie ma wra\u017cenia \u201eupychania wszystkiego kolanem\u201d. Trzeba jednak uczciwie powiedzie\u0107, \u017ce to pojemno\u015b\u0107 wymagaj\u0105ca rozs\u0105dnego pakowania. Je\u015bli kto\u015b ma tendencj\u0119 do zabierania rzeczy \u201ena wszelki wypadek\u201d, szybko mo\u017ce doj\u015b\u0107 do jej granic.<\/p>\n\n\n<div class=\"wp-block-image\">\n<figure class=\"aligncenter size-full\"><img loading=\"lazy\" decoding=\"async\" width=\"1024\" height=\"683\" src=\"https:\/\/www.skalnik.pl\/blog\/wp-content\/uploads\/2026\/02\/4.png\" alt=\"Komplet sprz\u0119tu na zimowe wyj\u015bcie skiturowe, kt\u00f3ry bez problemu mie\u015bci si\u0119 w 24 litrach.\" class=\"wp-image-27587\" srcset=\"https:\/\/www.skalnik.pl\/blog\/wp-content\/uploads\/2026\/02\/4.png 1024w, https:\/\/www.skalnik.pl\/blog\/wp-content\/uploads\/2026\/02\/4-300x200.png 300w, https:\/\/www.skalnik.pl\/blog\/wp-content\/uploads\/2026\/02\/4-768x512.png 768w\" sizes=\"auto, (max-width: 1024px) 100vw, 1024px\" \/><figcaption class=\"wp-element-caption\"><em>Komplet sprz\u0119tu na zimowe wyj\u015bcie skiturowe, kt\u00f3ry bez problemu mie\u015bci si\u0119 w 24 litrach (fot. Aleksandra Robak)<\/em><\/figcaption><\/figure>\n<\/div>\n\n\n<h2 class=\"wp-block-heading\"><span class=\"ez-toc-section\" id=\"Organizacja_i_uklad_kieszeni\"><\/span>Organizacja i uk\u0142ad kieszeni<span class=\"ez-toc-section-end\"><\/span><\/h2>\n\n\n\n<p>Wn\u0119trze plecaka zosta\u0142o zaprojektowane sensownie i logicznie, bez zb\u0119dnych dodatk\u00f3w. Uk\u0142ad jest czytelny i funkcjonalny, dzi\u0119ki czemu wszystko ma swoje miejsce i jest \u0142atwo dost\u0119pne nawet w r\u0119kawicach. Do dyspozycji jest:<\/p>\n\n\n\n<ul class=\"wp-block-list\">\n<li>g\u0142\u00f3wna komora z wydzielon\u0105 kieszeni\u0105 na lawinowe ABC,<\/li>\n\n\n\n<li>oddzielona zamkiem dolna komora na sprz\u0119t z szybkim dost\u0119pem z zewn\u0105trz,<\/li>\n\n\n\n<li>ma\u0142a zewn\u0119trzna kiesze\u0144 na okulary lub drobiazgi,<\/li>\n\n\n\n<li>kieszonka na pasie biodrowym,<\/li>\n\n\n\n<li>wyci\u0105gana siatka na kask,<\/li>\n\n\n\n<li>system mocowania nart oraz czekana,<\/li>\n\n\n\n<li>zintegrowany gwizdek.<\/li>\n<\/ul>\n\n\n\t<div class=\"magento-wrapper\">\n\t\t<ul class=\"products\">\n\t\t\t<li class=\"product\">\n\t\n\t\t<div class=\"image\">\n\t\t\t<a href=\"https:\/\/www.skalnik.pl\/kask-blacklight-black-out-1061230\" target=\"_self\">\n\t\t\t\t\t\t<img\n\t\t\tsrc=\"https:\/\/www.skalnik.pl\/media\/catalog\/product\/k\/a\/kask-blacklight-black-out-1061230_1.jpg\"\n\t\t\talt=\"KASK BLACKLIGHT-BLACK OUT\"\n\t\t\t\t\t\t\t\t\/>\n\t\t\t\t\t<\/a>\n\t\t<\/div>\n\n\t\t\n\t\t<a href=\"https:\/\/www.skalnik.pl\/kask-blacklight-black-out-1061230\" target=\"_self\"><span class=\"name\">KASK BLACKLIGHT-BLACK OUT<\/span><\/a>\t\n\t\n\t\n\t<div class=\"url\"><a class=\"view-details\" href=\"https:\/\/www.skalnik.pl\/kask-blacklight-black-out-1061230\">Zobacz wi\u0119cej <\/a><\/div><\/li>\n<li class=\"product\">\n\t\n\t\t<div class=\"image\">\n\t\t\t<a href=\"https:\/\/www.skalnik.pl\/plecak-blacklight-24-black-out-1061876\" target=\"_self\">\n\t\t\t\t\t\t<img\n\t\t\tsrc=\"https:\/\/www.skalnik.pl\/media\/catalog\/product\/p\/l\/plecak-blacklight-24-black-out-1061876_1.jpg\"\n\t\t\talt=\"PLECAK BLACKLIGHT 24-BLACK OUT\"\n\t\t\t\t\t\t\t\t\/>\n\t\t\t\t\t<\/a>\n\t\t<\/div>\n\n\t\t\n\t\t<a href=\"https:\/\/www.skalnik.pl\/plecak-blacklight-24-black-out-1061876\" target=\"_self\"><span class=\"name\">PLECAK BLACKLIGHT 24-BLACK OUT<\/span><\/a>\t\n\t\n\t\n\t<div class=\"url\"><a class=\"view-details\" href=\"https:\/\/www.skalnik.pl\/plecak-blacklight-24-black-out-1061876\">Zobacz wi\u0119cej <\/a><\/div><\/li>\n<li class=\"product\">\n\t\n\t\t<div class=\"image\">\n\t\t\t<a href=\"https:\/\/www.skalnik.pl\/rekawice-blacklight-softshell-black-out-1061888\" target=\"_self\">\n\t\t\t\t\t\t<img\n\t\t\tsrc=\"https:\/\/www.skalnik.pl\/media\/catalog\/product\/r\/e\/rekawice-blacklight-softshell-black-out-1061888_1.jpg\"\n\t\t\talt=\"R\u0118KAWICE BLACKLIGHT SOFTSHELL-BLACK OUT\"\n\t\t\t\t\t\t\t\t\/>\n\t\t\t\t\t<\/a>\n\t\t<\/div>\n\n\t\t\n\t\t<a href=\"https:\/\/www.skalnik.pl\/rekawice-blacklight-softshell-black-out-1061888\" target=\"_self\"><span class=\"name\">R\u0118KAWICE BLACKLIGHT SOFTSHELL-BLACK OUT<\/span><\/a>\t\n\t\n\t\n\t<div class=\"url\"><a class=\"view-details\" href=\"https:\/\/www.skalnik.pl\/rekawice-blacklight-softshell-black-out-1061888\">Zobacz wi\u0119cej <\/a><\/div><\/li>\n\t\t<\/ul>\n\t<\/div>\n\n\n\n\n<h2 class=\"wp-block-heading\"><span class=\"ez-toc-section\" id=\"Funkcjonalnosc_zimowa_w_praktyce\"><\/span>Funkcjonalno\u015b\u0107 zimowa w praktyce<span class=\"ez-toc-section-end\"><\/span><\/h2>\n\n\n\n<p>Blacklight 24 testowa\u0142am w r\u00f3\u017cnych warstwach: w puch\u00f3wce, softshellu oraz w cienkiej bluzie z powerstretchu. Niezale\u017cnie od konfiguracji ubioru plecak dobrze przylega\u0142 do plec\u00f3w i nie \u201eucieka\u0142\u201d podczas ruchu, nawet przy dynamicznych podej\u015bciach.<\/p>\n\n\n\n<p>Pas biodrowy jest bardzo minimalistyczny i wyra\u017anie nastawiony na redukcj\u0119 wagi. Spe\u0142nia swoj\u0105 funkcj\u0119, stabilizuje plecak i pomaga roz\u0142o\u017cy\u0107 ci\u0119\u017car, jednak osobi\u015bcie wol\u0119 bardziej rozbudowane, solidniejsze pasy, kt\u00f3re daj\u0105 jeszcze lepsze poczucie wsparcia.<\/p>\n\n\n\n<figure class=\"wp-block-image size-full\"><a href=\"https:\/\/www.skalnik.pl\/dynafit\" target=\"_blank\" rel=\"noreferrer noopener\"><img loading=\"lazy\" decoding=\"async\" width=\"1024\" height=\"250\" src=\"https:\/\/www.skalnik.pl\/blog\/wp-content\/uploads\/2026\/02\/Baner-blog.png\" alt=\"\" class=\"wp-image-27583\" srcset=\"https:\/\/www.skalnik.pl\/blog\/wp-content\/uploads\/2026\/02\/Baner-blog.png 1024w, https:\/\/www.skalnik.pl\/blog\/wp-content\/uploads\/2026\/02\/Baner-blog-300x73.png 300w, https:\/\/www.skalnik.pl\/blog\/wp-content\/uploads\/2026\/02\/Baner-blog-768x188.png 768w\" sizes=\"auto, (max-width: 1024px) 100vw, 1024px\" \/><\/a><\/figure>\n\n\n\n<h2 class=\"wp-block-heading\"><span class=\"ez-toc-section\" id=\"Obsluga_w_rekawicach\"><\/span>Obs\u0142uga w r\u0119kawicach<span class=\"ez-toc-section-end\"><\/span><\/h2>\n\n\n\n<p>Obs\u0142uga w r\u0119kawicach wypada ca\u0142kiem dobrze. Suwaki pracuj\u0105 p\u0142ynnie i nie sprawiaj\u0105 problem\u00f3w nawet w mrozie. Gorzej jest z klamrami, s\u0105 do\u015b\u0107 ma\u0142e, przez co ich zapinanie w grubych r\u0119kawicach bywa niewygodne i wymaga chwili skupienia. Za to regulacja pask\u00f3w dzia\u0142a bez zarzutu i mo\u017cna j\u0105 sprawnie dopasowa\u0107 w trakcie marszu.<\/p>\n\n\n\n<h2 class=\"wp-block-heading\"><span class=\"ez-toc-section\" id=\"Mocowanie_nart_i_sprzetu\"><\/span>Mocowanie nart i sprz\u0119tu<span class=\"ez-toc-section-end\"><\/span><\/h2>\n\n\n\n<p>Mocowanie nart i sprz\u0119tu to jedna z mocniejszych stron tego modelu. System diagonalny jest stabilny i szybki w u\u017cyciu, a po przypi\u0119ciu nart plecak nie traci balansu i nie \u201eci\u0105gnie\u201d w jedn\u0105 stron\u0119. Sprz\u0119t nie obija si\u0119 podczas marszu, wszystko trzyma si\u0119 na swoim miejscu. Wyci\u0105gana siatka na kask dzia\u0142a bardzo dobrze i faktycznie jest u\u017cyteczna w praktyce, podobnie jak prosty, intuicyjny system mocowania czekana. Na du\u017cy plus zas\u0142uguje te\u017c kiesze\u0144 na sprz\u0119t z szybkim dost\u0119pem, w terenie docenia si\u0119 j\u0105 znacznie bardziej, ni\u017c mog\u0142oby si\u0119 wydawa\u0107 przy pierwszym ogl\u0105daniu plecaka.<\/p>\n\n\n<div class=\"wp-block-image\">\n<figure class=\"aligncenter size-full\"><img loading=\"lazy\" decoding=\"async\" width=\"1024\" height=\"683\" src=\"https:\/\/www.skalnik.pl\/blog\/wp-content\/uploads\/2026\/02\/dyn.png\" alt=\"Kask zamocowany w wyci\u0105ganej siatce plecaka Dynafit \u2014 stabilne i wygodne rozwi\u0105zanie, kt\u00f3re dobrze sprawdza si\u0119 podczas podej\u015b\u0107 i transportu sprz\u0119tu.\" class=\"wp-image-27902\" srcset=\"https:\/\/www.skalnik.pl\/blog\/wp-content\/uploads\/2026\/02\/dyn.png 1024w, https:\/\/www.skalnik.pl\/blog\/wp-content\/uploads\/2026\/02\/dyn-300x200.png 300w, https:\/\/www.skalnik.pl\/blog\/wp-content\/uploads\/2026\/02\/dyn-768x512.png 768w\" sizes=\"auto, (max-width: 1024px) 100vw, 1024px\" \/><figcaption class=\"wp-element-caption\"><em>Kask zamocowany w wyci\u0105ganej siatce \u2013 stabilne i wygodne rozwi\u0105zanie (fot. Mariusz Robak)<\/em><\/figcaption><\/figure>\n<\/div>\n\n\n<h2 class=\"wp-block-heading\"><span class=\"ez-toc-section\" id=\"Kieszen_lawinowa\"><\/span>Kiesze\u0144 lawinowa<span class=\"ez-toc-section-end\"><\/span><\/h2>\n\n\n\n<p>Kiesze\u0144 lawinowa jest po prostu dobrze przemy\u015blana. \u0141opata i sonda maj\u0105 swoje konkretne miejsce, nic si\u0119 nie miesza z reszt\u0105 rzeczy, a dost\u0119p do sprz\u0119tu jest szybki i naturalny, bez szukania i przek\u0142adania zawarto\u015bci plecaka. Zim\u0105 to naprawd\u0119 wa\u017cne, bo w takiej sytuacji liczy si\u0119 ka\u017cda sekunda.<\/p>\n\n\n<div class=\"wp-block-image\">\n<figure class=\"aligncenter size-full\"><img loading=\"lazy\" decoding=\"async\" width=\"1024\" height=\"683\" src=\"https:\/\/www.skalnik.pl\/blog\/wp-content\/uploads\/2026\/02\/8.png\" alt=\"Dobre przyleganie do plec\u00f3w nawet przy grubszych warstwach odzie\u017cy\" class=\"wp-image-27591\" srcset=\"https:\/\/www.skalnik.pl\/blog\/wp-content\/uploads\/2026\/02\/8.png 1024w, https:\/\/www.skalnik.pl\/blog\/wp-content\/uploads\/2026\/02\/8-300x200.png 300w, https:\/\/www.skalnik.pl\/blog\/wp-content\/uploads\/2026\/02\/8-768x512.png 768w\" sizes=\"auto, (max-width: 1024px) 100vw, 1024px\" \/><figcaption class=\"wp-element-caption\"><em>Dobre przyleganie do plec\u00f3w nawet przy grubszych warstwach odzie\u017cy (fot. Beata Nawrotkiewicz)<\/em><\/figcaption><\/figure>\n<\/div>\n\n\n<h2 class=\"wp-block-heading\"><span class=\"ez-toc-section\" id=\"Materialy_i_zachowanie_w_trudnych_warunkach\"><\/span>Materia\u0142y i zachowanie w trudnych warunkach <span class=\"ez-toc-section-end\"><\/span><\/h2>\n\n\n\n<p>Blacklight 24 marki <a href=\"https:\/\/www.skalnik.pl\/dynafit\" target=\"_blank\" rel=\"noopener\" title=\"\">Dynafit<\/a> testowa\u0142am podczas opad\u00f3w \u015bniegu, przy niskich temperaturach i silniejszym wietrze. Materia\u0142 nie sztywnieje na mrozie, nie nasi\u0105ka \u015bniegiem ani wilgoci\u0105 i sprawia wra\u017cenie naprawd\u0119 solidnego. Dobrze znosi kontakt z nartami oraz ostrzejszym sprz\u0119tem, co zim\u0105 ma du\u017ce znaczenie. Laminowane zamki skutecznie chroni\u0105 zawarto\u015b\u0107 przed wilgoci\u0105. Po kilku wyj\u015bciach nie wida\u0107 przetar\u0107 ani oznak zu\u017cycia, co przy takim u\u017cytkowaniu jest zdecydowanie na plus.<\/p>\n\n\n<div class=\"wp-block-image\">\n<figure class=\"aligncenter size-full\"><img loading=\"lazy\" decoding=\"async\" width=\"1024\" height=\"683\" src=\"https:\/\/www.skalnik.pl\/blog\/wp-content\/uploads\/2026\/02\/1-3.png\" alt=\"Plecak Dynafit Blacklight 24 podczas podej\u015bcia skiturowego\" class=\"wp-image-27904\" srcset=\"https:\/\/www.skalnik.pl\/blog\/wp-content\/uploads\/2026\/02\/1-3.png 1024w, https:\/\/www.skalnik.pl\/blog\/wp-content\/uploads\/2026\/02\/1-3-300x200.png 300w, https:\/\/www.skalnik.pl\/blog\/wp-content\/uploads\/2026\/02\/1-3-768x512.png 768w\" sizes=\"auto, (max-width: 1024px) 100vw, 1024px\" \/><figcaption class=\"wp-element-caption\"><em>Plecak Dynafit Blacklight 24 podczas podej\u015bcia skiturowego <\/em><\/figcaption><\/figure>\n<\/div>\n\n\n<h2 class=\"wp-block-heading\"><span class=\"ez-toc-section\" id=\"Co_mnie_zaskoczylo_czyli_zalety_i_ograniczenia_w_praktyce\"><\/span>Co mnie zaskoczy\u0142o, czyli zalety i ograniczenia w praktyce<span class=\"ez-toc-section-end\"><\/span><\/h2>\n\n\n\n<p><strong>Na plus:<\/strong><\/p>\n\n\n\n<ul class=\"wp-block-list\">\n<li>bardzo dobra stabilno\u015b\u0107 przy ruchu<\/li>\n\n\n\n<li>realnie u\u017cyteczna kiesze\u0144 lawinowa<\/li>\n\n\n\n<li>kiesze\u0144 na raki z szybkim dost\u0119pem<\/li>\n\n\n\n<li>niska waga i kompaktowy rozmiar<\/li>\n\n\n\n<li>pakowno\u015b\u0107<\/li>\n\n\n\n<li>szybkie mocowanie nart bez zdejmowania plecaka<\/li>\n<\/ul>\n\n\n\n<p><strong>Na minus:<\/strong><\/p>\n\n\n\n<ul class=\"wp-block-list\">\n<li>skromny pas biodrowy<\/li>\n\n\n\n<li>utrudnione korzystanie z klamr w r\u0119kawicach<\/li>\n\n\n\n<li>24 litry to pojemno\u015b\u0107, kt\u00f3ra nie wybacza z\u0142ej organizacji<\/li>\n\n\n\n<li>brak miejsca na \u201edodatkowe zachcianki\u201d sprz\u0119towe<\/li>\n<\/ul>\n\n\n\n<p>S\u0105 to jednak minusy, kt\u00f3re wynikaj\u0105 ze specyfiki ultralekkiego plecaka. Decyduj\u0105c si\u0119 na niego, trzeba mie\u0107 ich \u015bwiadomo\u015b\u0107.&nbsp;<\/p>\n\n\n<div class=\"wp-block-image\">\n<figure class=\"aligncenter size-full\"><img loading=\"lazy\" decoding=\"async\" width=\"1024\" height=\"683\" src=\"https:\/\/www.skalnik.pl\/blog\/wp-content\/uploads\/2026\/02\/1.png\" alt=\"Model w u\u017cyciu podczas jednodniowego wyj\u015bcia w g\u00f3ry.\" class=\"wp-image-27584\" srcset=\"https:\/\/www.skalnik.pl\/blog\/wp-content\/uploads\/2026\/02\/1.png 1024w, https:\/\/www.skalnik.pl\/blog\/wp-content\/uploads\/2026\/02\/1-300x200.png 300w, https:\/\/www.skalnik.pl\/blog\/wp-content\/uploads\/2026\/02\/1-768x512.png 768w\" sizes=\"auto, (max-width: 1024px) 100vw, 1024px\" \/><figcaption class=\"wp-element-caption\"><em>Model w u\u017cyciu podczas jednodniowego wyj\u015bcia w g\u00f3ry (fot. Beata Nawrotkiewicz)<\/em><\/figcaption><\/figure>\n<\/div>\n\n\n<h2 class=\"wp-block-heading\"><span class=\"ez-toc-section\" id=\"Dla_kogo_plecak_Dynafit_to_dobry_wybor\"><\/span>Dla kogo plecak Dynafit to dobry wyb\u00f3r?<span class=\"ez-toc-section-end\"><\/span><\/h2>\n\n\n\n<p>Blacklight 24 to plecak dla os\u00f3b, kt\u00f3re:<\/p>\n\n\n\n<ul class=\"wp-block-list\">\n<li>zim\u0105 stawiaj\u0105 na <strong>lekko\u015b\u0107 i mobilno\u015b\u0107<\/strong><\/li>\n\n\n\n<li>chodz\u0105 na jednodniowe wypady: skitury, trekkingi<\/li>\n\n\n\n<li>chc\u0105 mie\u0107 sprz\u0119t uporz\u0105dkowany i \u0142atwo dost\u0119pny<\/li>\n\n\n\n<li>nie potrzebuj\u0105 du\u017cej pojemno\u015bci<\/li>\n<\/ul>\n\n\n\n<p>Blacklight 24 to plecak dla os\u00f3b, kt\u00f3re zim\u0105 chc\u0105 porusza\u0107 si\u0119 szybko i lekko, bez noszenia zb\u0119dnych litr\u00f3w. Je\u015bli planujesz jednodniowe skitury lub zimowe wyj\u015bcia, gdzie liczy si\u0119 stabilno\u015b\u0107, ergonomia i sprawna obs\u0142uga sprz\u0119tu, to model, kt\u00f3ry realnie ma sens. To nie plecak \u201edo wszystkiego\u201d, ale tam, gdzie zosta\u0142 zaprojektowany, robi dok\u0142adnie to, czego od niego oczekujesz.<\/p>\n\n\n\n<h2 class=\"wp-block-heading\"><span class=\"ez-toc-section\" id=\"Blacklight_24_na_tle_innych_modeli_marki_Dynafit\"><\/span>Blacklight 24 na tle innych modeli marki Dynafit<span class=\"ez-toc-section-end\"><\/span><\/h2>\n\n\n\n<p>Je\u015bli zastanawiasz si\u0119, jak Blacklight 24 wypada na tle innych modeli tej marki albo kt\u00f3ry plecak Dynafit najlepiej sprawdzi si\u0119 przy Twoim stylu skiturowania, poni\u017cej znajdziesz materia\u0142 wideo, w kt\u00f3rym szerzej omawiamy r\u00f3\u017cnice mi\u0119dzy poszczeg\u00f3lnymi konstrukcjami. To dobre uzupe\u0142nienie testu, szczeg\u00f3lnie je\u015bli chcesz zobaczy\u0107 detale, systemy mocowania i uk\u0142ad kieszeni w praktyce, a nie tylko na zdj\u0119ciach.<\/p>\n\n\n\n<figure class=\"wp-block-embed is-type-video is-provider-youtube wp-block-embed-youtube wp-embed-aspect-16-9 wp-has-aspect-ratio\"><div class=\"wp-block-embed__wrapper\">\n<iframe loading=\"lazy\" title=\"Dynafit i skituring bez kompromis\u00f3w | przegl\u0105d plecak\u00f3w - skalnik.pl\" width=\"500\" height=\"281\" src=\"https:\/\/www.youtube.com\/embed\/hd2nm-hsWsc?feature=oembed\" frameborder=\"0\" allow=\"accelerometer; autoplay; clipboard-write; encrypted-media; gyroscope; picture-in-picture; web-share\" referrerpolicy=\"strict-origin-when-cross-origin\" allowfullscreen><\/iframe>\n<\/div><\/figure>\n","protected":false},"excerpt":{"rendered":"<p>Lekki, kompaktowy i zaprojektowany z my\u015bl\u0105 o zimowych wyj\u015bciach, gdzie liczy si\u0119 mobilno\u015b\u0107 i szybki dost\u0119p do sprz\u0119tu. Sprawdzi\u0142am, jak Dynafit Blacklight 24 radzi sobie w realnych warunkach, na skiturach i trekkingach, w \u015bniegu, wietrze i mrozie. Czy 24 litry wystarcz\u0105 zim\u0105? I dla kogo to naprawd\u0119 dobry wyb\u00f3r?<\/p>\n","protected":false},"author":27,"featured_media":27579,"comment_status":"closed","ping_status":"closed","sticky":false,"template":"","format":"standard","meta":{"_acf_changed":false,"footnotes":""},"categories":[8],"tags":[28,99,91,16],"magento_category":[10002],"magento_product":[10003,10004,10005,10006,10007,10008,10009,10010,10011,10012,10013,10014,10015,10016,10017,10018,10019,10020,10021,10022,10023,10024,10025,10026],"class_list":["post-27578","post","type-post","status-publish","format-standard","has-post-thumbnail","hentry","category-testy","tag-gory","tag-rynek-outdoor","tag-trekking","tag-zima"],"acf":[],"aioseo_notices":[],"aioseo_head":"\n\t\t<!-- All in One SEO 4.9.10 - aioseo.com -->\n\t<meta name=\"description\" content=\"Test Dynafit Blacklight 24 w zimowych warunkach. Skitury, trekking, lawinowe ABC i funkcjonalno\u015b\u0107 w mrozie, sprawd\u017a, dla kogo to dobry wyb\u00f3r.\" \/>\n\t<meta name=\"robots\" content=\"max-image-preview:large\" \/>\n\t<meta name=\"author\" content=\"Ola i Mariusz Robak\"\/>\n\t<link rel=\"canonical\" href=\"https:\/\/www.skalnik.pl\/blog\/lekki-plecak-na-zime-test-dynafit-blacklight-24\/\" \/>\n\t<meta name=\"generator\" content=\"All in One SEO (AIOSEO) 4.9.10\" \/>\n\t\t<meta property=\"og:locale\" content=\"pl_PL\" \/>\n\t\t<meta property=\"og:site_name\" content=\"blog Skalnik - Blog, porady, artyku\u0142y - blog Skalnik\" \/>\n\t\t<meta property=\"og:type\" content=\"article\" \/>\n\t\t<meta property=\"og:title\" content=\"Lekki plecak na zim\u0119? Test Dynafit Blacklight 24 - blog Skalnik\" \/>\n\t\t<meta property=\"og:description\" content=\"Test Dynafit Blacklight 24 w zimowych warunkach. Skitury, trekking, lawinowe ABC i funkcjonalno\u015b\u0107 w mrozie, sprawd\u017a, dla kogo to dobry wyb\u00f3r.\" \/>\n\t\t<meta property=\"og:url\" content=\"https:\/\/www.skalnik.pl\/blog\/lekki-plecak-na-zime-test-dynafit-blacklight-24\/\" \/>\n\t\t<meta property=\"og:image\" content=\"https:\/\/www.skalnik.pl\/blog\/wp-content\/uploads\/2026\/02\/2.png\" \/>\n\t\t<meta property=\"og:image:secure_url\" content=\"https:\/\/www.skalnik.pl\/blog\/wp-content\/uploads\/2026\/02\/2.png\" \/>\n\t\t<meta property=\"og:image:width\" content=\"1024\" \/>\n\t\t<meta property=\"og:image:height\" content=\"683\" \/>\n\t\t<meta property=\"article:tag\" content=\"testy\" \/>\n\t\t<meta property=\"article:tag\" content=\"g\u00f3ry\" \/>\n\t\t<meta property=\"article:tag\" content=\"rynek outdoor\" \/>\n\t\t<meta property=\"article:tag\" content=\"trekking\" \/>\n\t\t<meta property=\"article:tag\" content=\"zima\" \/>\n\t\t<meta property=\"article:published_time\" content=\"2026-02-11T13:26:27+00:00\" \/>\n\t\t<meta property=\"article:modified_time\" content=\"2026-05-25T13:19:18+00:00\" \/>\n\t\t<meta name=\"twitter:card\" content=\"summary_large_image\" \/>\n\t\t<meta name=\"twitter:title\" content=\"Lekki plecak na zim\u0119? Test Dynafit Blacklight 24 - blog Skalnik\" \/>\n\t\t<meta name=\"twitter:description\" content=\"Test Dynafit Blacklight 24 w zimowych warunkach. Skitury, trekking, lawinowe ABC i funkcjonalno\u015b\u0107 w mrozie, sprawd\u017a, dla kogo to dobry wyb\u00f3r.\" \/>\n\t\t<meta name=\"twitter:image\" content=\"https:\/\/www.skalnik.pl\/blog\/wp-content\/uploads\/2026\/02\/2.png\" \/>\n\t\t<script type=\"application\/ld+json\" class=\"aioseo-schema\">\n\t\t\t{\"@context\":\"https:\\\/\\\/schema.org\",\"@graph\":[{\"@type\":\"BlogPosting\",\"@id\":\"https:\\\/\\\/www.skalnik.pl\\\/blog\\\/lekki-plecak-na-zime-test-dynafit-blacklight-24\\\/#blogposting\",\"name\":\"Lekki plecak na zim\\u0119? Test Dynafit Blacklight 24 - blog Skalnik\",\"headline\":\"Lekki plecak na zim\\u0119? Test Dynafit Blacklight 24\",\"author\":{\"@id\":\"https:\\\/\\\/www.skalnik.pl\\\/blog\\\/author\\\/olamariusz-robak\\\/#author\"},\"publisher\":{\"@id\":\"https:\\\/\\\/www.skalnik.pl\\\/blog\\\/#organization\"},\"image\":{\"@type\":\"ImageObject\",\"url\":\"https:\\\/\\\/www.skalnik.pl\\\/blog\\\/wp-content\\\/uploads\\\/2026\\\/02\\\/Okladka-blog-1920-x-706-px.png\",\"width\":1920,\"height\":706},\"datePublished\":\"2026-02-11T15:26:27+02:00\",\"dateModified\":\"2026-05-25T15:19:18+02:00\",\"inLanguage\":\"pl-PL\",\"mainEntityOfPage\":{\"@id\":\"https:\\\/\\\/www.skalnik.pl\\\/blog\\\/lekki-plecak-na-zime-test-dynafit-blacklight-24\\\/#webpage\"},\"isPartOf\":{\"@id\":\"https:\\\/\\\/www.skalnik.pl\\\/blog\\\/lekki-plecak-na-zime-test-dynafit-blacklight-24\\\/#webpage\"},\"articleSection\":\"Testy, g\\u00f3ry, rynek outdoor, trekking, zima, 6461, 1021130, 1021131, 1021132, 1043802, 1043803, 1043804, 1061229, 1061230, 1061231, 1061301, 1061305, 1061309, 1061327, 1061332, 1061336, 1061340, 1061344, 1061491, 1061496, 1061500, 1061505, 1061510, 1061875, 1061876\"},{\"@type\":\"BreadcrumbList\",\"@id\":\"https:\\\/\\\/www.skalnik.pl\\\/blog\\\/lekki-plecak-na-zime-test-dynafit-blacklight-24\\\/#breadcrumblist\",\"itemListElement\":[{\"@type\":\"ListItem\",\"@id\":\"https:\\\/\\\/www.skalnik.pl\\\/blog#listItem\",\"position\":1,\"name\":\"Home\",\"item\":\"https:\\\/\\\/www.skalnik.pl\\\/blog\",\"nextItem\":{\"@type\":\"ListItem\",\"@id\":\"https:\\\/\\\/www.skalnik.pl\\\/blog\\\/.\\\/testy\\\/#listItem\",\"name\":\"Testy\"}},{\"@type\":\"ListItem\",\"@id\":\"https:\\\/\\\/www.skalnik.pl\\\/blog\\\/.\\\/testy\\\/#listItem\",\"position\":2,\"name\":\"Testy\",\"item\":\"https:\\\/\\\/www.skalnik.pl\\\/blog\\\/.\\\/testy\\\/\",\"nextItem\":{\"@type\":\"ListItem\",\"@id\":\"https:\\\/\\\/www.skalnik.pl\\\/blog\\\/lekki-plecak-na-zime-test-dynafit-blacklight-24\\\/#listItem\",\"name\":\"Lekki plecak na zim\\u0119? Test Dynafit Blacklight 24\"},\"previousItem\":{\"@type\":\"ListItem\",\"@id\":\"https:\\\/\\\/www.skalnik.pl\\\/blog#listItem\",\"name\":\"Home\"}},{\"@type\":\"ListItem\",\"@id\":\"https:\\\/\\\/www.skalnik.pl\\\/blog\\\/lekki-plecak-na-zime-test-dynafit-blacklight-24\\\/#listItem\",\"position\":3,\"name\":\"Lekki plecak na zim\\u0119? Test Dynafit Blacklight 24\",\"previousItem\":{\"@type\":\"ListItem\",\"@id\":\"https:\\\/\\\/www.skalnik.pl\\\/blog\\\/.\\\/testy\\\/#listItem\",\"name\":\"Testy\"}}]},{\"@type\":\"Organization\",\"@id\":\"https:\\\/\\\/www.skalnik.pl\\\/blog\\\/#organization\",\"name\":\"blog Skalnik\",\"description\":\"Blog, porady, artyku\\u0142y - blog Skalnik\",\"url\":\"https:\\\/\\\/www.skalnik.pl\\\/blog\\\/\"},{\"@type\":\"Person\",\"@id\":\"https:\\\/\\\/www.skalnik.pl\\\/blog\\\/author\\\/olamariusz-robak\\\/#author\",\"url\":\"https:\\\/\\\/www.skalnik.pl\\\/blog\\\/author\\\/olamariusz-robak\\\/\",\"name\":\"Ola i Mariusz Robak\",\"image\":{\"@type\":\"ImageObject\",\"@id\":\"https:\\\/\\\/www.skalnik.pl\\\/blog\\\/lekki-plecak-na-zime-test-dynafit-blacklight-24\\\/#authorImage\",\"url\":\"https:\\\/\\\/secure.gravatar.com\\\/avatar\\\/1bdfdd8d52a8a864114b9539958110649b274bdf789f5503a949f40004d3c50f?s=96&d=mm&r=g\",\"width\":96,\"height\":96,\"caption\":\"Ola i Mariusz Robak\"}},{\"@type\":\"WebPage\",\"@id\":\"https:\\\/\\\/www.skalnik.pl\\\/blog\\\/lekki-plecak-na-zime-test-dynafit-blacklight-24\\\/#webpage\",\"url\":\"https:\\\/\\\/www.skalnik.pl\\\/blog\\\/lekki-plecak-na-zime-test-dynafit-blacklight-24\\\/\",\"name\":\"Lekki plecak na zim\\u0119? Test Dynafit Blacklight 24 - blog Skalnik\",\"description\":\"Test Dynafit Blacklight 24 w zimowych warunkach. Skitury, trekking, lawinowe ABC i funkcjonalno\\u015b\\u0107 w mrozie, sprawd\\u017a, dla kogo to dobry wyb\\u00f3r.\",\"inLanguage\":\"pl-PL\",\"isPartOf\":{\"@id\":\"https:\\\/\\\/www.skalnik.pl\\\/blog\\\/#website\"},\"breadcrumb\":{\"@id\":\"https:\\\/\\\/www.skalnik.pl\\\/blog\\\/lekki-plecak-na-zime-test-dynafit-blacklight-24\\\/#breadcrumblist\"},\"author\":{\"@id\":\"https:\\\/\\\/www.skalnik.pl\\\/blog\\\/author\\\/olamariusz-robak\\\/#author\"},\"creator\":{\"@id\":\"https:\\\/\\\/www.skalnik.pl\\\/blog\\\/author\\\/olamariusz-robak\\\/#author\"},\"image\":{\"@type\":\"ImageObject\",\"url\":\"https:\\\/\\\/www.skalnik.pl\\\/blog\\\/wp-content\\\/uploads\\\/2026\\\/02\\\/Okladka-blog-1920-x-706-px.png\",\"@id\":\"https:\\\/\\\/www.skalnik.pl\\\/blog\\\/lekki-plecak-na-zime-test-dynafit-blacklight-24\\\/#mainImage\",\"width\":1920,\"height\":706},\"primaryImageOfPage\":{\"@id\":\"https:\\\/\\\/www.skalnik.pl\\\/blog\\\/lekki-plecak-na-zime-test-dynafit-blacklight-24\\\/#mainImage\"},\"datePublished\":\"2026-02-11T15:26:27+02:00\",\"dateModified\":\"2026-05-25T15:19:18+02:00\"},{\"@type\":\"WebSite\",\"@id\":\"https:\\\/\\\/www.skalnik.pl\\\/blog\\\/#website\",\"url\":\"https:\\\/\\\/www.skalnik.pl\\\/blog\\\/\",\"name\":\"blog Skalnik\",\"description\":\"Blog, porady, artyku\\u0142y - blog Skalnik\",\"inLanguage\":\"pl-PL\",\"publisher\":{\"@id\":\"https:\\\/\\\/www.skalnik.pl\\\/blog\\\/#organization\"}}]}\n\t\t<\/script>\n\t\t<!-- All in One SEO -->\n\n","aioseo_head_json":{"title":"Lekki plecak na zim\u0119? Test Dynafit Blacklight 24 - blog Skalnik","description":"Test Dynafit Blacklight 24 w zimowych warunkach. Skitury, trekking, lawinowe ABC i funkcjonalno\u015b\u0107 w mrozie, sprawd\u017a, dla kogo to dobry wyb\u00f3r.","canonical_url":"https:\/\/www.skalnik.pl\/blog\/lekki-plecak-na-zime-test-dynafit-blacklight-24\/","robots":"max-image-preview:large","keywords":"","webmasterTools":{"miscellaneous":""},"schema":{"@context":"https:\/\/schema.org","@graph":[{"@type":"BlogPosting","@id":"https:\/\/www.skalnik.pl\/blog\/lekki-plecak-na-zime-test-dynafit-blacklight-24\/#blogposting","name":"Lekki plecak na zim\u0119? Test Dynafit Blacklight 24 - blog Skalnik","headline":"Lekki plecak na zim\u0119? Test Dynafit Blacklight 24","author":{"@id":"https:\/\/www.skalnik.pl\/blog\/author\/olamariusz-robak\/#author"},"publisher":{"@id":"https:\/\/www.skalnik.pl\/blog\/#organization"},"image":{"@type":"ImageObject","url":"https:\/\/www.skalnik.pl\/blog\/wp-content\/uploads\/2026\/02\/Okladka-blog-1920-x-706-px.png","width":1920,"height":706},"datePublished":"2026-02-11T15:26:27+02:00","dateModified":"2026-05-25T15:19:18+02:00","inLanguage":"pl-PL","mainEntityOfPage":{"@id":"https:\/\/www.skalnik.pl\/blog\/lekki-plecak-na-zime-test-dynafit-blacklight-24\/#webpage"},"isPartOf":{"@id":"https:\/\/www.skalnik.pl\/blog\/lekki-plecak-na-zime-test-dynafit-blacklight-24\/#webpage"},"articleSection":"Testy, g\u00f3ry, rynek outdoor, trekking, zima, 6461, 1021130, 1021131, 1021132, 1043802, 1043803, 1043804, 1061229, 1061230, 1061231, 1061301, 1061305, 1061309, 1061327, 1061332, 1061336, 1061340, 1061344, 1061491, 1061496, 1061500, 1061505, 1061510, 1061875, 1061876"},{"@type":"BreadcrumbList","@id":"https:\/\/www.skalnik.pl\/blog\/lekki-plecak-na-zime-test-dynafit-blacklight-24\/#breadcrumblist","itemListElement":[{"@type":"ListItem","@id":"https:\/\/www.skalnik.pl\/blog#listItem","position":1,"name":"Home","item":"https:\/\/www.skalnik.pl\/blog","nextItem":{"@type":"ListItem","@id":"https:\/\/www.skalnik.pl\/blog\/.\/testy\/#listItem","name":"Testy"}},{"@type":"ListItem","@id":"https:\/\/www.skalnik.pl\/blog\/.\/testy\/#listItem","position":2,"name":"Testy","item":"https:\/\/www.skalnik.pl\/blog\/.\/testy\/","nextItem":{"@type":"ListItem","@id":"https:\/\/www.skalnik.pl\/blog\/lekki-plecak-na-zime-test-dynafit-blacklight-24\/#listItem","name":"Lekki plecak na zim\u0119? Test Dynafit Blacklight 24"},"previousItem":{"@type":"ListItem","@id":"https:\/\/www.skalnik.pl\/blog#listItem","name":"Home"}},{"@type":"ListItem","@id":"https:\/\/www.skalnik.pl\/blog\/lekki-plecak-na-zime-test-dynafit-blacklight-24\/#listItem","position":3,"name":"Lekki plecak na zim\u0119? Test Dynafit Blacklight 24","previousItem":{"@type":"ListItem","@id":"https:\/\/www.skalnik.pl\/blog\/.\/testy\/#listItem","name":"Testy"}}]},{"@type":"Organization","@id":"https:\/\/www.skalnik.pl\/blog\/#organization","name":"blog Skalnik","description":"Blog, porady, artyku\u0142y - blog Skalnik","url":"https:\/\/www.skalnik.pl\/blog\/"},{"@type":"Person","@id":"https:\/\/www.skalnik.pl\/blog\/author\/olamariusz-robak\/#author","url":"https:\/\/www.skalnik.pl\/blog\/author\/olamariusz-robak\/","name":"Ola i Mariusz Robak","image":{"@type":"ImageObject","@id":"https:\/\/www.skalnik.pl\/blog\/lekki-plecak-na-zime-test-dynafit-blacklight-24\/#authorImage","url":"https:\/\/secure.gravatar.com\/avatar\/1bdfdd8d52a8a864114b9539958110649b274bdf789f5503a949f40004d3c50f?s=96&d=mm&r=g","width":96,"height":96,"caption":"Ola i Mariusz Robak"}},{"@type":"WebPage","@id":"https:\/\/www.skalnik.pl\/blog\/lekki-plecak-na-zime-test-dynafit-blacklight-24\/#webpage","url":"https:\/\/www.skalnik.pl\/blog\/lekki-plecak-na-zime-test-dynafit-blacklight-24\/","name":"Lekki plecak na zim\u0119? Test Dynafit Blacklight 24 - blog Skalnik","description":"Test Dynafit Blacklight 24 w zimowych warunkach. Skitury, trekking, lawinowe ABC i funkcjonalno\u015b\u0107 w mrozie, sprawd\u017a, dla kogo to dobry wyb\u00f3r.","inLanguage":"pl-PL","isPartOf":{"@id":"https:\/\/www.skalnik.pl\/blog\/#website"},"breadcrumb":{"@id":"https:\/\/www.skalnik.pl\/blog\/lekki-plecak-na-zime-test-dynafit-blacklight-24\/#breadcrumblist"},"author":{"@id":"https:\/\/www.skalnik.pl\/blog\/author\/olamariusz-robak\/#author"},"creator":{"@id":"https:\/\/www.skalnik.pl\/blog\/author\/olamariusz-robak\/#author"},"image":{"@type":"ImageObject","url":"https:\/\/www.skalnik.pl\/blog\/wp-content\/uploads\/2026\/02\/Okladka-blog-1920-x-706-px.png","@id":"https:\/\/www.skalnik.pl\/blog\/lekki-plecak-na-zime-test-dynafit-blacklight-24\/#mainImage","width":1920,"height":706},"primaryImageOfPage":{"@id":"https:\/\/www.skalnik.pl\/blog\/lekki-plecak-na-zime-test-dynafit-blacklight-24\/#mainImage"},"datePublished":"2026-02-11T15:26:27+02:00","dateModified":"2026-05-25T15:19:18+02:00"},{"@type":"WebSite","@id":"https:\/\/www.skalnik.pl\/blog\/#website","url":"https:\/\/www.skalnik.pl\/blog\/","name":"blog Skalnik","description":"Blog, porady, artyku\u0142y - blog Skalnik","inLanguage":"pl-PL","publisher":{"@id":"https:\/\/www.skalnik.pl\/blog\/#organization"}}]},"og:locale":"pl_PL","og:site_name":"blog Skalnik - Blog, porady, artyku\u0142y - blog Skalnik","og:type":"article","og:title":"Lekki plecak na zim\u0119? Test Dynafit Blacklight 24 - blog Skalnik","og:description":"Test Dynafit Blacklight 24 w zimowych warunkach. Skitury, trekking, lawinowe ABC i funkcjonalno\u015b\u0107 w mrozie, sprawd\u017a, dla kogo to dobry wyb\u00f3r.","og:url":"https:\/\/www.skalnik.pl\/blog\/lekki-plecak-na-zime-test-dynafit-blacklight-24\/","og:image":"https:\/\/www.skalnik.pl\/blog\/wp-content\/uploads\/2026\/02\/2.png","og:image:secure_url":"https:\/\/www.skalnik.pl\/blog\/wp-content\/uploads\/2026\/02\/2.png","og:image:width":1024,"og:image:height":683,"article:tag":["testy","g\u00f3ry","rynek outdoor","trekking","zima"],"article:published_time":"2026-02-11T13:26:27+00:00","article:modified_time":"2026-05-25T13:19:18+00:00","twitter:card":"summary_large_image","twitter:title":"Lekki plecak na zim\u0119? Test Dynafit Blacklight 24 - blog Skalnik","twitter:description":"Test Dynafit Blacklight 24 w zimowych warunkach. Skitury, trekking, lawinowe ABC i funkcjonalno\u015b\u0107 w mrozie, sprawd\u017a, dla kogo to dobry wyb\u00f3r.","twitter:image":"https:\/\/www.skalnik.pl\/blog\/wp-content\/uploads\/2026\/02\/2.png"},"aioseo_meta_data":{"post_id":"27578","title":null,"description":"Test Dynafit Blacklight 24 w zimowych warunkach. Skitury, trekking, lawinowe ABC i funkcjonalno\u015b\u0107 w mrozie, sprawd\u017a, dla kogo to dobry wyb\u00f3r.","keywords":null,"keyphrases":{"focus":{"keyphrase":"Dynafit","score":100,"analysis":{"keyphraseInTitle":{"score":9,"maxScore":9,"error":0},"keyphraseInDescription":{"score":9,"maxScore":9,"error":0},"keyphraseLength":{"score":9,"maxScore":9,"error":0,"length":1},"keyphraseInURL":{"score":5,"maxScore":5,"error":0},"keyphraseInIntroduction":{"score":9,"maxScore":9,"error":0},"keyphraseInSubHeadings":{"score":9,"maxScore":9,"error":0},"keyphraseInImageAlt":{"score":9,"maxScore":9,"error":0},"keywordDensity":{"type":"best","score":9,"maxScore":9,"error":0}}},"additional":[]},"primary_term":null,"canonical_url":null,"og_title":null,"og_description":null,"og_object_type":"default","og_image_type":"default","og_image_url":null,"og_image_width":null,"og_image_height":null,"og_image_custom_url":null,"og_image_custom_fields":null,"og_video":"","og_custom_url":null,"og_article_section":null,"og_article_tags":null,"twitter_use_og":false,"twitter_card":"default","twitter_image_type":"default","twitter_image_url":null,"twitter_image_custom_url":null,"twitter_image_custom_fields":null,"twitter_title":null,"twitter_description":null,"schema":{"blockGraphs":[],"customGraphs":[],"default":{"data":{"Article":[],"Course":[],"Dataset":[],"FAQPage":[],"Movie":[],"Person":[],"Product":[],"ProductReview":[],"Car":[],"Recipe":[],"Service":[],"SoftwareApplication":[],"WebPage":[]},"graphName":"BlogPosting","isEnabled":true},"graphs":[]},"schema_type":"default","schema_type_options":null,"pillar_content":false,"robots_default":true,"robots_noindex":false,"robots_noarchive":false,"robots_nosnippet":false,"robots_nofollow":false,"robots_noimageindex":false,"robots_noodp":false,"robots_notranslate":false,"robots_max_snippet":"-1","robots_max_videopreview":"-1","robots_max_imagepreview":"large","priority":null,"frequency":"default","local_seo":null,"breadcrumb_settings":null,"limit_modified_date":false,"ai":{"faqs":[],"keyPoints":[],"titles":[],"descriptions":[],"socialPosts":{"email":[],"linkedin":[],"twitter":[],"facebook":[],"instagram":[]}},"created":"2026-02-11 11:26:12","updated":"2026-05-25 13:21:38","seo_analyzer_scan_date":null},"aioseo_breadcrumb":"<div class=\"aioseo-breadcrumbs\"><span class=\"aioseo-breadcrumb\">\n\t\t\t<a href=\"https:\/\/www.skalnik.pl\/blog\" title=\"Home\">Home<\/a>\n\t\t<\/span><span class=\"aioseo-breadcrumb-separator\">&raquo;<\/span><span class=\"aioseo-breadcrumb\">\n\t\t\t<a href=\"https:\/\/www.skalnik.pl\/blog\/.\/testy\/\" title=\"Testy\">Testy<\/a>\n\t\t<\/span><span class=\"aioseo-breadcrumb-separator\">&raquo;<\/span><span class=\"aioseo-breadcrumb\">\n\t\t\tLekki plecak na zim\u0119? Test Dynafit Blacklight 24\n\t\t<\/span><\/div>","aioseo_breadcrumb_json":[{"label":"Home","link":"https:\/\/www.skalnik.pl\/blog"},{"label":"Testy","link":"https:\/\/www.skalnik.pl\/blog\/.\/testy\/"},{"label":"Lekki plecak na zim\u0119? Test Dynafit Blacklight 24","link":"https:\/\/www.skalnik.pl\/blog\/lekki-plecak-na-zime-test-dynafit-blacklight-24\/"}],"_links":{"self":[{"href":"https:\/\/www.skalnik.pl\/blog\/wp-json\/wp\/v2\/posts\/27578","targetHints":{"allow":["GET"]}}],"collection":[{"href":"https:\/\/www.skalnik.pl\/blog\/wp-json\/wp\/v2\/posts"}],"about":[{"href":"https:\/\/www.skalnik.pl\/blog\/wp-json\/wp\/v2\/types\/post"}],"author":[{"embeddable":true,"href":"https:\/\/www.skalnik.pl\/blog\/wp-json\/wp\/v2\/users\/27"}],"replies":[{"embeddable":true,"href":"https:\/\/www.skalnik.pl\/blog\/wp-json\/wp\/v2\/comments?post=27578"}],"version-history":[{"count":4,"href":"https:\/\/www.skalnik.pl\/blog\/wp-json\/wp\/v2\/posts\/27578\/revisions"}],"predecessor-version":[{"id":27905,"href":"https:\/\/www.skalnik.pl\/blog\/wp-json\/wp\/v2\/posts\/27578\/revisions\/27905"}],"wp:featuredmedia":[{"embeddable":true,"href":"https:\/\/www.skalnik.pl\/blog\/wp-json\/wp\/v2\/media\/27579"}],"wp:attachment":[{"href":"https:\/\/www.skalnik.pl\/blog\/wp-json\/wp\/v2\/media?parent=27578"}],"wp:term":[{"taxonomy":"category","embeddable":true,"href":"https:\/\/www.skalnik.pl\/blog\/wp-json\/wp\/v2\/categories?post=27578"},{"taxonomy":"post_tag","embeddable":true,"href":"https:\/\/www.skalnik.pl\/blog\/wp-json\/wp\/v2\/tags?post=27578"},{"taxonomy":"magento_category","embeddable":true,"href":"https:\/\/www.skalnik.pl\/blog\/wp-json\/wp\/v2\/magento_category?post=27578"},{"taxonomy":"magento_product","embeddable":true,"href":"https:\/\/www.skalnik.pl\/blog\/wp-json\/wp\/v2\/magento_product?post=27578"}],"curies":[{"name":"wp","href":"https:\/\/api.w.org\/{rel}","templated":true}]}}