{"id":27684,"date":"2026-02-05T13:24:00","date_gmt":"2026-02-05T11:24:00","guid":{"rendered":"https:\/\/www.skalnik.pl\/blog\/?p=27684"},"modified":"2026-03-02T16:23:24","modified_gmt":"2026-03-02T14:23:24","slug":"volven-zipped-vs-folded-porownanie-kosmetyczek","status":"publish","type":"post","link":"https:\/\/www.skalnik.pl\/blog\/volven-zipped-vs-folded-porownanie-kosmetyczek\/","title":{"rendered":"Volven Zipped vs Folded \u2013 por\u00f3wnanie kosmetyczek"},"content":{"rendered":"\n<p><strong>Dobra kosmetyczka turystyczna to co\u015b wi\u0119cej ni\u017c worek na szczoteczk\u0119 do z\u0119b\u00f3w. Przy pakowaniu w g\u00f3ry, na rower, pod namiot liczy si\u0119 waga i kompaktowy rozmiar. Przy wyje\u017adzie z dzieckiem \u2013pojemno\u015b\u0107, porz\u0105dek i szybki dost\u0119p do wszystkiego. Tym razem wzi\u0119\u0142am pod lup\u0119 dwie kosmetyczki Volven Nomad: Zipped i Folded. Na pierwszy rzut oka podobne, obie zaprojektowane z my\u015bl\u0105 o podr\u00f3\u017cach, ale ka\u017cda odpowiada na zupe\u0142nie inne potrzeby i stworzona jest do innych scenariuszy.<\/strong><\/p>\n\n\n\n<div id=\"ez-toc-container\" class=\"ez-toc-v2_0_85 counter-hierarchy ez-toc-counter ez-toc-light-blue ez-toc-container-direction\">\n<div class=\"ez-toc-title-container\">\n<p class=\"ez-toc-title\" style=\"cursor:inherit\">SPIS TRE\u015aCI <\/p>\n<span class=\"ez-toc-title-toggle\"><a href=\"#\" class=\"ez-toc-pull-right ez-toc-btn ez-toc-btn-xs ez-toc-btn-default ez-toc-toggle\" aria-label=\"Prze\u0142\u0105cznik Spisu Tre\u015bci\"><span class=\"ez-toc-js-icon-con\"><span class=\"\"><span class=\"eztoc-hide\" style=\"display:none;\">Toggle<\/span><span class=\"ez-toc-icon-toggle-span\"><svg style=\"fill: #999;color:#999\" xmlns=\"http:\/\/www.w3.org\/2000\/svg\" class=\"list-377408\" width=\"20px\" height=\"20px\" viewBox=\"0 0 24 24\" fill=\"none\"><path d=\"M6 6H4v2h2V6zm14 0H8v2h12V6zM4 11h2v2H4v-2zm16 0H8v2h12v-2zM4 16h2v2H4v-2zm16 0H8v2h12v-2z\" fill=\"currentColor\"><\/path><\/svg><svg style=\"fill: #999;color:#999\" class=\"arrow-unsorted-368013\" xmlns=\"http:\/\/www.w3.org\/2000\/svg\" width=\"10px\" height=\"10px\" viewBox=\"0 0 24 24\" version=\"1.2\" baseProfile=\"tiny\"><path d=\"M18.2 9.3l-6.2-6.3-6.2 6.3c-.2.2-.3.4-.3.7s.1.5.3.7c.2.2.4.3.7.3h11c.3 0 .5-.1.7-.3.2-.2.3-.5.3-.7s-.1-.5-.3-.7zM5.8 14.7l6.2 6.3 6.2-6.3c.2-.2.3-.5.3-.7s-.1-.5-.3-.7c-.2-.2-.4-.3-.7-.3h-11c-.3 0-.5.1-.7.3-.2.2-.3.5-.3.7s.1.5.3.7z\"\/><\/svg><\/span><\/span><\/span><\/a><\/span><\/div>\n<nav><ul class='ez-toc-list ez-toc-list-level-1 ' ><li class='ez-toc-page-1 ez-toc-heading-level-2'><a class=\"ez-toc-link ez-toc-heading-1\" href=\"https:\/\/www.skalnik.pl\/blog\/volven-zipped-vs-folded-porownanie-kosmetyczek\/#Nomad_Zipped_%E2%80%93_wieksza_kosmetyczka_podrozna_dla_calej_rodziny\" >Nomad Zipped \u2013 wi\u0119ksza kosmetyczka podr\u00f3\u017cna dla ca\u0142ej rodziny<\/a><ul class='ez-toc-list-level-3' ><li class='ez-toc-heading-level-3'><a class=\"ez-toc-link ez-toc-heading-2\" href=\"https:\/\/www.skalnik.pl\/blog\/volven-zipped-vs-folded-porownanie-kosmetyczek\/#W_praktyce_to_moj_wybor_na\" >W praktyce to m\u00f3j wyb\u00f3r na:<\/a><\/li><\/ul><\/li><li class='ez-toc-page-1 ez-toc-heading-level-2'><a class=\"ez-toc-link ez-toc-heading-3\" href=\"https:\/\/www.skalnik.pl\/blog\/volven-zipped-vs-folded-porownanie-kosmetyczek\/#Dlaczego_Volven_Zipped_to_dobra_kosmetyczka_turystyczna\" >Dlaczego Volven Zipped to dobra kosmetyczka turystyczna?<\/a><\/li><li class='ez-toc-page-1 ez-toc-heading-level-2'><a class=\"ez-toc-link ez-toc-heading-4\" href=\"https:\/\/www.skalnik.pl\/blog\/volven-zipped-vs-folded-porownanie-kosmetyczek\/#Nomad_Folded_marki_Volven_czyli_kompaktowa_kosmetyczka_na_szybki_wypad\" >Nomad Folded marki Volven, czyli kompaktowa kosmetyczka na szybki wypad<\/a><ul class='ez-toc-list-level-3' ><li class='ez-toc-heading-level-3'><a class=\"ez-toc-link ez-toc-heading-5\" href=\"https:\/\/www.skalnik.pl\/blog\/volven-zipped-vs-folded-porownanie-kosmetyczek\/#Kiedy_sprawdzi_sie_najlepiej\" >Kiedy sprawdzi si\u0119 najlepiej?<\/a><\/li><\/ul><\/li><li class='ez-toc-page-1 ez-toc-heading-level-2'><a class=\"ez-toc-link ez-toc-heading-6\" href=\"https:\/\/www.skalnik.pl\/blog\/volven-zipped-vs-folded-porownanie-kosmetyczek\/#Co_wyroznia_model_Nomad_Folded_marki_Volven\" >Co wyr\u00f3\u017cnia model Nomad Folded marki Volven?<\/a><\/li><li class='ez-toc-page-1 ez-toc-heading-level-2'><a class=\"ez-toc-link ez-toc-heading-7\" href=\"https:\/\/www.skalnik.pl\/blog\/volven-zipped-vs-folded-porownanie-kosmetyczek\/#Zipped_czy_Folded_A_moze%E2%80%A6_obie\" >Zipped czy Folded? A mo\u017ce\u2026 obie?<\/a><\/li><\/ul><\/nav><\/div>\n<h2 class=\"wp-block-heading\"><span class=\"ez-toc-section\" id=\"Nomad_Zipped_%E2%80%93_wieksza_kosmetyczka_podrozna_dla_calej_rodziny\"><\/span>Nomad Zipped \u2013 wi\u0119ksza kosmetyczka podr\u00f3\u017cna dla ca\u0142ej rodziny<span class=\"ez-toc-section-end\"><\/span><\/h2>\n\n\n\n<p><a href=\"https:\/\/www.skalnik.pl\/kosmetyczka-nomad-zipped-czarny-1055195\" target=\"_blank\" rel=\"noopener\" title=\"\">Nomad Zipped<\/a> to klasyczna kosmetyczka zamykana na zamek, ale w rozmiarze, kt\u00f3ry pozytywnie zaskakuje. To kosmetyczka, kt\u00f3r\u0105 wyci\u0105gasz w miejscu noclegu i korzystasz z niej jak z ma\u0142ej, przeno\u015bnej p\u00f3\u0142ki. Jest wi\u0119ksza i zaprojektowana tak, \u017ceby <strong>wszystko by\u0142o widoczne i pod r\u0119k\u0105<\/strong>. To model, kt\u00f3ry bez problemu mie\u015bci kosmetyki dla ca\u0142ej naszej tr\u00f3jki. Ba! Jeszcze zostaje nam miejsce.<\/p>\n\n\n<div class=\"wp-block-image\">\n<figure class=\"aligncenter size-full\"><img loading=\"lazy\" decoding=\"async\" width=\"1024\" height=\"683\" src=\"https:\/\/www.skalnik.pl\/blog\/wp-content\/uploads\/2026\/02\/7-1.png\" alt=\"Kompaktowa forma jak na swoj\u0105 pojemno\u015b\u0107. Sprawdza si\u0119 w torbie podr\u00f3\u017cnej lub wi\u0119kszym plecaku.\" class=\"wp-image-27689\" srcset=\"https:\/\/www.skalnik.pl\/blog\/wp-content\/uploads\/2026\/02\/7-1.png 1024w, https:\/\/www.skalnik.pl\/blog\/wp-content\/uploads\/2026\/02\/7-1-300x200.png 300w, https:\/\/www.skalnik.pl\/blog\/wp-content\/uploads\/2026\/02\/7-1-768x512.png 768w\" sizes=\"auto, (max-width: 1024px) 100vw, 1024px\" \/><figcaption class=\"wp-element-caption\"><em>Kompaktowa forma kosmetyczki Nomad Zipped jak na swoj\u0105 pojemno\u015b\u0107 (fot. Roadlifers)<\/em><\/figcaption><\/figure>\n<\/div>\n\n\n<h3 class=\"wp-block-heading\"><span class=\"ez-toc-section\" id=\"W_praktyce_to_moj_wybor_na\"><\/span><strong>W praktyce<\/strong> <strong>to m\u00f3j wyb\u00f3r na:<\/strong><span class=\"ez-toc-section-end\"><\/span><\/h3>\n\n\n\n<ul class=\"wp-block-list\">\n<li>kilkudniowe wyjazdy,<\/li>\n\n\n\n<li>rodzinne wypady w g\u00f3ry,<\/li>\n\n\n\n<li>noclegi w schroniskach i hotelach,<\/li>\n\n\n\n<li>d\u0142u\u017csze podr\u00f3\u017ce samochodowe.<\/li>\n<\/ul>\n\n\n\n<p>Bez problemu mie\u015bci:<\/p>\n\n\n\n<ul class=\"wp-block-list\">\n<li>kosmetyki doros\u0142ych*,<\/li>\n\n\n\n<li>kosmetyki dziecka,<\/li>\n\n\n\n<li>dodatkowe drobiazgi.<\/li>\n<\/ul>\n\n\n\n<p><em>*Nie pakuj\u0119 do niej elektrycznych szczoteczek do z\u0119b\u00f3w, te transportujemy osobno<\/em>.<\/p>\n\n\n\n<p>I co najwa\u017cniejsze \u2013 <strong>nie trzeba wszystkiego wysypywa\u0107<\/strong> i przegrzebywa\u0107, \u017ceby znale\u017a\u0107 jedn\u0105 rzecz. Ka\u017cdy element ma swoje miejsce. Przy dziecku to naprawd\u0119 robi r\u00f3\u017cnic\u0119.<\/p>\n\n\n<div class=\"wp-block-image\">\n<figure class=\"aligncenter size-full\"><img loading=\"lazy\" decoding=\"async\" width=\"1024\" height=\"683\" src=\"https:\/\/www.skalnik.pl\/blog\/wp-content\/uploads\/2026\/02\/2-2.png\" alt=\"Przestronne wn\u0119trze z kieszonkami i pe\u0142nym dost\u0119pem do zawarto\u015bci \u2013 idealne rozwi\u0105zanie na rodzinny wyjazd.\" class=\"wp-image-27691\" srcset=\"https:\/\/www.skalnik.pl\/blog\/wp-content\/uploads\/2026\/02\/2-2.png 1024w, https:\/\/www.skalnik.pl\/blog\/wp-content\/uploads\/2026\/02\/2-2-300x200.png 300w, https:\/\/www.skalnik.pl\/blog\/wp-content\/uploads\/2026\/02\/2-2-768x512.png 768w\" sizes=\"auto, (max-width: 1024px) 100vw, 1024px\" \/><figcaption class=\"wp-element-caption\"><em>Przestronne wn\u0119trze z kieszonkami i pe\u0142nym dost\u0119pem do zawarto\u015bci (fot. Ola Robak)<\/em><\/figcaption><\/figure>\n<\/div>\n\n\n<h2 class=\"wp-block-heading\"><span class=\"ez-toc-section\" id=\"Dlaczego_Volven_Zipped_to_dobra_kosmetyczka_turystyczna\"><\/span>Dlaczego Volven Zipped to dobra kosmetyczka turystyczna?<span class=\"ez-toc-section-end\"><\/span><\/h2>\n\n\n\n<p>Po kilku wyjazdach wiem ju\u017c dok\u0142adnie, za co najbardziej j\u0105 ceni\u0119:<\/p>\n\n\n\n<ul class=\"wp-block-list\">\n<li>du\u017ca pojemno\u015b\u0107,<\/li>\n\n\n\n<li>bardzo dobra organizacja wn\u0119trza,<\/li>\n\n\n\n<li>szybki dost\u0119p do ca\u0142ej zawarto\u015bci,<\/li>\n\n\n\n<li>sprawdza si\u0119 jako kosmetyczka rodzinna,<\/li>\n\n\n\n<li>dobra na d\u0142u\u017csze wyjazdy.<\/li>\n<\/ul>\n\n\n\n<p>To model raczej do torby podr\u00f3\u017cnej lub wi\u0119kszego plecaka. To kosmetyczka \u201ebazowa\u201d, a nie taka, kt\u00f3r\u0105 nosi si\u0119 ca\u0142y dzie\u0144 na plecach. Jako kosmetyczka na wyjazd rodzinny \u2013 bardzo sensowny wyb\u00f3r.&nbsp;<\/p>\n\n\n\n<figure class=\"wp-block-image size-full\"><a href=\"https:\/\/www.skalnik.pl\/volven\/typ_produktu:kosmetyczka\" target=\"_blank\" rel=\" noreferrer noopener\"><img loading=\"lazy\" decoding=\"async\" width=\"1024\" height=\"250\" src=\"https:\/\/www.skalnik.pl\/blog\/wp-content\/uploads\/2026\/02\/Baner-blog-4.png\" alt=\"\" class=\"wp-image-27692\" srcset=\"https:\/\/www.skalnik.pl\/blog\/wp-content\/uploads\/2026\/02\/Baner-blog-4.png 1024w, https:\/\/www.skalnik.pl\/blog\/wp-content\/uploads\/2026\/02\/Baner-blog-4-300x73.png 300w, https:\/\/www.skalnik.pl\/blog\/wp-content\/uploads\/2026\/02\/Baner-blog-4-768x188.png 768w\" sizes=\"auto, (max-width: 1024px) 100vw, 1024px\" \/><\/a><\/figure>\n\n\n\n<h2 class=\"wp-block-heading\"><span class=\"ez-toc-section\" id=\"Nomad_Folded_marki_Volven_czyli_kompaktowa_kosmetyczka_na_szybki_wypad\"><\/span>Nomad Folded marki Volven, czyli kompaktowa kosmetyczka na szybki wypad<span class=\"ez-toc-section-end\"><\/span><\/h2>\n\n\n\n<p><a href=\"https:\/\/www.skalnik.pl\/kosmetyczka-nomad-folded-czarny-1055183\" target=\"_blank\" rel=\"noopener\" title=\"\">Nomad Folded<\/a> to mniejsza, bardziej minimalistyczna kosmetyczka podr\u00f3\u017cna. Idealna wtedy, gdy pakujemy si\u0119 \u201ena lekko\u201d i ograniczamy do absolutnego minimum. Zwykle wybieram j\u0105 na wypad solo, ale bez problemu mieszcz\u0119 w niej r\u00f3wnie\u017c podstawowe kosmetyki dla ca\u0142ej naszej tr\u00f3jki.<\/p>\n\n\n\n<h3 class=\"wp-block-heading\"><span class=\"ez-toc-section\" id=\"Kiedy_sprawdzi_sie_najlepiej\"><\/span><strong>Kiedy sprawdzi si\u0119 najlepiej?<\/strong><span class=\"ez-toc-section-end\"><\/span><\/h3>\n\n\n\n<ul class=\"wp-block-list\">\n<li>na kr\u00f3tkie, szybkie wyjazdy,<\/li>\n\n\n\n<li>do pakowania \u201cna lekko\u201d,<\/li>\n\n\n\n<li>jako kosmetyczka dla jednej osoby,<\/li>\n\n\n\n<li>jako kosmetyczka \u201cawaryjna\u201d,<\/li>\n\n\n\n<li>jako dodatkowa kosmetyczka na wi\u0119kszy wyjazd.<\/li>\n<\/ul>\n\n\n<div class=\"wp-block-image\">\n<figure class=\"aligncenter size-full\"><img loading=\"lazy\" decoding=\"async\" width=\"1024\" height=\"683\" src=\"https:\/\/www.skalnik.pl\/blog\/wp-content\/uploads\/2026\/02\/8-1.png\" alt=\"Lekka i p\u0142aska konstrukcja sprawia, \u017ce nie zajmuje du\u017co miejsca i \u015bwietnie sprawdza si\u0119 na szybkie wypady.\" class=\"wp-image-27693\" srcset=\"https:\/\/www.skalnik.pl\/blog\/wp-content\/uploads\/2026\/02\/8-1.png 1024w, https:\/\/www.skalnik.pl\/blog\/wp-content\/uploads\/2026\/02\/8-1-300x200.png 300w, https:\/\/www.skalnik.pl\/blog\/wp-content\/uploads\/2026\/02\/8-1-768x512.png 768w\" sizes=\"auto, (max-width: 1024px) 100vw, 1024px\" \/><figcaption class=\"wp-element-caption\"><em>Lekka i p\u0142aska konstrukcja Nomad Folded sprawia, \u017ce nie zajmuje du\u017co miejsca i \u015bwietnie sprawdza si\u0119 na szybkie wypady<\/em> <em>(fot. Roadlifers)<\/em><\/figcaption><\/figure>\n<\/div>\n\n\n<p>To model, kt\u00f3ry naturalnie wymusza minimalizm. Je\u015bli spr\u00f3bujesz upchn\u0105\u0107 zbyt wiele, po prostu si\u0119 nie dopnie \u2013 i w\u0142a\u015bnie w tym tkwi jego najwi\u0119ksza zaleta. Nie zach\u0119ca do pakowania po\u0142owy \u0142azienki. Mie\u015bci dok\u0142adnie to, co potrzebne.<\/p>\n\n\n\n<p>Na szybki wyjazd z dzieckiem \u2013 kiedy wiem, \u017ce potrzebujemy tylko kilku rzeczy \u2013 Folded marki <a href=\"https:\/\/www.skalnik.pl\/volvenhttps:\/\/www.skalnik.pl\/volven\" target=\"_blank\" rel=\"noopener\" title=\"\">Volven<\/a> sprawdza si\u0119 \u015bwietnie. Jest kompaktowa i nie dominuje baga\u017cu, dzi\u0119ki czemu pozostaje wi\u0119cej miejsca na rzeczy, kt\u00f3re naprawd\u0119 musimy zabra\u0107.<\/p>\n\n\n<div class=\"wp-block-image\">\n<figure class=\"aligncenter size-full\"><img loading=\"lazy\" decoding=\"async\" width=\"1024\" height=\"683\" src=\"https:\/\/www.skalnik.pl\/blog\/wp-content\/uploads\/2026\/02\/1-2.png\" alt=\"Mniejsza liczba kieszonek i smuk\u0142y profil wymuszaj\u0105 pakowanie tylko tego, co naprawd\u0119 potrzebne.\" class=\"wp-image-27694\" srcset=\"https:\/\/www.skalnik.pl\/blog\/wp-content\/uploads\/2026\/02\/1-2.png 1024w, https:\/\/www.skalnik.pl\/blog\/wp-content\/uploads\/2026\/02\/1-2-300x200.png 300w, https:\/\/www.skalnik.pl\/blog\/wp-content\/uploads\/2026\/02\/1-2-768x512.png 768w\" sizes=\"auto, (max-width: 1024px) 100vw, 1024px\" \/><figcaption class=\"wp-element-caption\"><em>Mniejsza liczba kieszonek i smuk\u0142y profil wymuszaj\u0105 pakowanie tylko tego, co naprawd\u0119 potrzebne (fot. Ola Robak)<\/em><\/figcaption><\/figure>\n<\/div>\n\n\n<h2 class=\"wp-block-heading\"><span class=\"ez-toc-section\" id=\"Co_wyroznia_model_Nomad_Folded_marki_Volven\"><\/span>Co wyr\u00f3\u017cnia model Nomad Folded marki Volven? <span class=\"ez-toc-section-end\"><\/span><\/h2>\n\n\n\n<p>To model, kt\u00f3rego si\u0142a tkwi w prostocie i dobrze przemy\u015blanej funkcjonalno\u015bci:<\/p>\n\n\n\n<ul class=\"wp-block-list\">\n<li>kompaktowy rozmiar,<\/li>\n\n\n\n<li>lekko\u015b\u0107 i prostota,<\/li>\n\n\n\n<li>idealna kosmetyczka turystyczna na kr\u00f3tki wyjazd,<\/li>\n\n\n\n<li>dobra opcja solo,<\/li>\n\n\n\n<li>uniwersalna \u2013 mo\u017ce s\u0142u\u017cy\u0107 jako kosmetyczka, apteczka, organizer na drobiazgi.<\/li>\n<\/ul>\n\n\n\t<div class=\"magento-wrapper\">\n\t\t<ul class=\"products\">\n\t\t\t<li class=\"product\">\n\t\n\t\t<div class=\"image\">\n\t\t\t<a href=\"https:\/\/www.skalnik.pl\/kosmetyczka-nomad-folded-czarny-1055183\" target=\"_self\">\n\t\t\t\t\t\t<img\n\t\t\tsrc=\"https:\/\/www.skalnik.pl\/media\/catalog\/product\/k\/o\/kosmetyczka-nomad-folded-czarny-1055183_1_3.jpg\"\n\t\t\talt=\"KOSMETYCZKA NOMAD FOLDED-CZARNY\"\n\t\t\t\t\t\t\t\t\/>\n\t\t\t\t\t<\/a>\n\t\t<\/div>\n\n\t\t\n\t\t<a href=\"https:\/\/www.skalnik.pl\/kosmetyczka-nomad-folded-czarny-1055183\" target=\"_self\"><span class=\"name\">KOSMETYCZKA NOMAD FOLDED-CZARNY<\/span><\/a>\t\n\t\n\t\t\t\t\t<div class=\"price has-special\">\n\t\t\tCENA\n\t\t\t\t\t\t\t<span class=\"special-price\">49.99 z\u0142<\/span>\n\t\t\t\t<span class=\"special-price base-price\">59.99 z\u0142<\/span>\n\t\t\t\t\t<\/div>\n\t\t\t\n\t<div class=\"url\"><a class=\"view-details\" href=\"https:\/\/www.skalnik.pl\/kosmetyczka-nomad-folded-czarny-1055183\">Zobacz wi\u0119cej <\/a><\/div><\/li>\n<li class=\"product\">\n\t\n\t\t<div class=\"image\">\n\t\t\t<a href=\"https:\/\/www.skalnik.pl\/kosmetyczka-nomad-folded-granatowy-1055185\" target=\"_self\">\n\t\t\t\t\t\t<img\n\t\t\tsrc=\"https:\/\/www.skalnik.pl\/media\/catalog\/product\/k\/o\/kosmetyczka-nomad-folded-granatowy-1055185_1_1.jpg\"\n\t\t\talt=\"KOSMETYCZKA NOMAD FOLDED-GRANATOWY\"\n\t\t\t\t\t\t\t\t\/>\n\t\t\t\t\t<\/a>\n\t\t<\/div>\n\n\t\t\n\t\t<a href=\"https:\/\/www.skalnik.pl\/kosmetyczka-nomad-folded-granatowy-1055185\" target=\"_self\"><span class=\"name\">KOSMETYCZKA NOMAD FOLDED-GRANATOWY<\/span><\/a>\t\n\t\n\t\t\t\t\t<div class=\"price has-special\">\n\t\t\tCENA\n\t\t\t\t\t\t\t<span class=\"special-price\">49.99 z\u0142<\/span>\n\t\t\t\t<span class=\"special-price base-price\">59.99 z\u0142<\/span>\n\t\t\t\t\t<\/div>\n\t\t\t\n\t<div class=\"url\"><a class=\"view-details\" href=\"https:\/\/www.skalnik.pl\/kosmetyczka-nomad-folded-granatowy-1055185\">Zobacz wi\u0119cej <\/a><\/div><\/li>\n<li class=\"product\">\n\t\n\t\t<div class=\"image\">\n\t\t\t<a href=\"https:\/\/www.skalnik.pl\/kosmetyczka-nomad-zipped-granatowy-1055184\" target=\"_self\">\n\t\t\t\t\t\t<img\n\t\t\tsrc=\"https:\/\/www.skalnik.pl\/media\/catalog\/product\/k\/o\/kosmetyczka-nomad-zipped-granatowy-1055184_1_8.jpg\"\n\t\t\talt=\"KOSMETYCZKA NOMAD ZIPPED-GRANATOWY\"\n\t\t\t\t\t\t\t\t\/>\n\t\t\t\t\t<\/a>\n\t\t<\/div>\n\n\t\t\n\t\t<a href=\"https:\/\/www.skalnik.pl\/kosmetyczka-nomad-zipped-granatowy-1055184\" target=\"_self\"><span class=\"name\">KOSMETYCZKA NOMAD ZIPPED-GRANATOWY<\/span><\/a>\t\n\t\n\t\t\t\t\t<div class=\"price has-special\">\n\t\t\tCENA\n\t\t\t\t\t\t\t<span class=\"special-price\">49.99 z\u0142<\/span>\n\t\t\t\t<span class=\"special-price base-price\">69.99 z\u0142<\/span>\n\t\t\t\t\t<\/div>\n\t\t\t\n\t<div class=\"url\"><a class=\"view-details\" href=\"https:\/\/www.skalnik.pl\/kosmetyczka-nomad-zipped-granatowy-1055184\">Zobacz wi\u0119cej <\/a><\/div><\/li>\n\t\t<\/ul>\n\t<\/div>\n\n\n\n\n<h2 class=\"wp-block-heading\"><span class=\"ez-toc-section\" id=\"Zipped_czy_Folded_A_moze%E2%80%A6_obie\"><\/span>Zipped czy Folded? A mo\u017ce\u2026 obie?<span class=\"ez-toc-section-end\"><\/span><\/h2>\n\n\n\n<p>To nie jest wyb\u00f3r typu \u201elepsza-gorsza\u201d. To wyb\u00f3r <strong>do czego, z kim i jak podr\u00f3\u017cujemy<\/strong>.<\/p>\n\n\n\n<p><strong>Nomad Zipped wybieram, gdy:<\/strong><\/p>\n\n\n\n<ul class=\"wp-block-list\">\n<li>jedziemy ca\u0142\u0105 rodzin\u0105,<\/li>\n\n\n\n<li>pakujemy si\u0119 na kilka dni,<\/li>\n\n\n\n<li>chc\u0119 mie\u0107 wszystkie kosmetyki w jednym miejscu.<\/li>\n<\/ul>\n\n\n\n<p><strong>Nomad Folded wybieram, gdy:<\/strong><\/p>\n\n\n\n<ul class=\"wp-block-list\">\n<li>pakuj\u0119 nas minimalistycznie,<\/li>\n\n\n\n<li>jad\u0119 na jedn\u0105 noc,<\/li>\n\n\n\n<li>jad\u0119 solo,<\/li>\n\n\n\n<li>potrzebuj\u0119 tylko podstawowego zestawu.<\/li>\n<\/ul>\n\n\n\n<figure class=\"wp-block-table\"><table class=\"has-fixed-layout\"><tbody><tr><td><strong>POR\u00d3WNANIE<\/strong><\/td><td><strong>Nomad Zipped<\/strong><\/td><td><strong>Nomad Folded<\/strong><\/td><\/tr><tr><td>Masa<\/td><td>105 g<\/td><td>90 g<\/td><\/tr><tr><td>Wymiary po zapakowaniu<\/td><td>25*17*9<\/td><td>25*17*4<\/td><\/tr><tr><td>Liczba kieszonek<\/td><td>6<\/td><td>3<\/td><\/tr><tr><td>Haczyk<\/td><td>TAK<\/td><td>TAK<\/td><\/tr><\/tbody><\/table><\/figure>\n\n\n\n<p class=\"has-white-color has-vivid-cyan-blue-background-color has-text-color has-background has-link-color wp-elements-ea8b4ea631f73c600f9c4c43b95ef7a8\">Po wi\u0119cej podr\u00f3\u017cniczych kadr\u00f3w Nomad Zipped i Folded zajrzyj na Instagram.<br>Dodatkowe zdj\u0119cia wykonali @roadlifers. \ud83d\udcf8 Zobacz <a href=\"https:\/\/www.instagram.com\/p\/DNyLH3R0K2S\/?img_index=6\" target=\"_blank\" rel=\"noopener\" title=\"\">tutaj<\/a>.<\/p>\n\n\n\n<p>U mnie te dwie kosmetyczki <strong>nie konkuruj\u0105 ze sob\u0105<\/strong> \u2013 raczej si\u0119 uzupe\u0142niaj\u0105. Obie s\u0105 na sta\u0142e zapakowane i gotowe do wyjazdu. Folded l\u0105duje w plecaku, Zipped w torbie rodzinnej. I dzi\u0119ki temu pakowanie \u2013 nawet z dzieckiem \u2013 przestaje by\u0107 logistycznym wyzwaniem.<\/p>\n\n\n\n<p>Nomad Zipped i Nomad Folded to dwie kosmetyczki zaprojektowane z my\u015bl\u0105 o podr\u00f3\u017cach, ale odpowiadaj\u0105ce na r\u00f3\u017cne potrzeby. Zipped to wi\u0119ksza, pojemna kosmetyczka turystyczna, kt\u00f3ra spokojnie ogarnie kosmetyki dla ca\u0142ej rodziny na d\u0142u\u017cszy wyjazd. Przy wypadach z dzieckiem porz\u0105dek i \u0142atwy dost\u0119p do zawarto\u015bci robi realn\u0105 r\u00f3\u017cnic\u0119. Folded to kompaktowa kosmetyczka podr\u00f3\u017cna na szybkie wypady i minimalistyczne pakowanie.<\/p>\n\n\n\n<p>Je\u015bli cz\u0119sto zmieniasz styl podr\u00f3\u017cowania \u2013 raz solo, raz rodzinnie \u2013 te dwie kosmetyczki tworz\u0105 bardzo sensowny duet. Jedna ogarnia minimalizm w terenie, druga rodzinny chaos. A dobrze zorganizowana kosmetyczka to o jeden problem mniej na wyje\u017adzie \u2013 i dok\u0142adnie o to chodzi.<\/p>\n","protected":false},"excerpt":{"rendered":"<p>Dwie kosmetyczki, dwa style pakowania i zupe\u0142nie inne potrzeby w podr\u00f3\u017cy. Sprawdzam, czym r\u00f3\u017cni\u0105 si\u0119 Nomad Zipped i Nomad Folded oraz kt\u00f3r\u0105 wybra\u0107 na rodzinny wyjazd, a kt\u00f3r\u0105 na szybki, minimalistyczny wypad.<\/p>\n","protected":false},"author":27,"featured_media":27685,"comment_status":"closed","ping_status":"closed","sticky":false,"template":"","format":"standard","meta":{"_acf_changed":false,"footnotes":""},"categories":[8],"tags":[148,28,210],"magento_category":[10057],"magento_product":[10058,10059,10060,10061],"class_list":["post-27684","post","type-post","status-publish","format-standard","has-post-thumbnail","hentry","category-testy","tag-akcesoria-turystyczne","tag-gory","tag-turystyka"],"acf":[],"aioseo_notices":[],"aioseo_head":"\n\t\t<!-- All in One SEO 4.9.10 - aioseo.com -->\n\t<meta name=\"description\" content=\"Nomad Zipped czy Folded? Por\u00f3wnanie dw\u00f3ch kosmetyczek turystycznych Volven \u2013 rodzinna pojemno\u015b\u0107 czy minimalistyczny kompakt na szybki wypad?\" \/>\n\t<meta name=\"robots\" content=\"max-image-preview:large\" \/>\n\t<meta name=\"author\" content=\"Ola i Mariusz Robak\"\/>\n\t<link rel=\"canonical\" href=\"https:\/\/www.skalnik.pl\/blog\/volven-zipped-vs-folded-porownanie-kosmetyczek\/\" \/>\n\t<meta name=\"generator\" content=\"All in One SEO (AIOSEO) 4.9.10\" \/>\n\t\t<meta property=\"og:locale\" content=\"pl_PL\" \/>\n\t\t<meta property=\"og:site_name\" content=\"blog Skalnik - Blog, porady, artyku\u0142y - blog Skalnik\" \/>\n\t\t<meta property=\"og:type\" content=\"article\" \/>\n\t\t<meta property=\"og:title\" content=\"Volven Zipped vs Folded \u2013 por\u00f3wnanie kosmetyczek - blog Skalnik\" \/>\n\t\t<meta property=\"og:description\" content=\"Nomad Zipped czy Folded? Por\u00f3wnanie dw\u00f3ch kosmetyczek turystycznych Volven \u2013 rodzinna pojemno\u015b\u0107 czy minimalistyczny kompakt na szybki wypad?\" \/>\n\t\t<meta property=\"og:url\" content=\"https:\/\/www.skalnik.pl\/blog\/volven-zipped-vs-folded-porownanie-kosmetyczek\/\" \/>\n\t\t<meta property=\"og:image\" content=\"https:\/\/www.skalnik.pl\/blog\/wp-content\/uploads\/2026\/02\/7-1.png\" \/>\n\t\t<meta property=\"og:image:secure_url\" content=\"https:\/\/www.skalnik.pl\/blog\/wp-content\/uploads\/2026\/02\/7-1.png\" \/>\n\t\t<meta property=\"og:image:width\" content=\"1024\" \/>\n\t\t<meta property=\"og:image:height\" content=\"683\" \/>\n\t\t<meta property=\"article:tag\" content=\"testy\" \/>\n\t\t<meta property=\"article:tag\" content=\"akcesoria turystyczne\" \/>\n\t\t<meta property=\"article:tag\" content=\"g\u00f3ry\" \/>\n\t\t<meta property=\"article:tag\" content=\"turystyka\" \/>\n\t\t<meta property=\"article:published_time\" content=\"2026-02-05T11:24:00+00:00\" \/>\n\t\t<meta property=\"article:modified_time\" content=\"2026-03-02T14:23:24+00:00\" \/>\n\t\t<meta name=\"twitter:card\" content=\"summary_large_image\" \/>\n\t\t<meta name=\"twitter:title\" content=\"Volven Zipped vs Folded \u2013 por\u00f3wnanie kosmetyczek - blog Skalnik\" \/>\n\t\t<meta name=\"twitter:description\" content=\"Nomad Zipped czy Folded? Por\u00f3wnanie dw\u00f3ch kosmetyczek turystycznych Volven \u2013 rodzinna pojemno\u015b\u0107 czy minimalistyczny kompakt na szybki wypad?\" \/>\n\t\t<meta name=\"twitter:image\" content=\"https:\/\/www.skalnik.pl\/blog\/wp-content\/uploads\/2026\/02\/7-1.png\" \/>\n\t\t<script type=\"application\/ld+json\" class=\"aioseo-schema\">\n\t\t\t{\"@context\":\"https:\\\/\\\/schema.org\",\"@graph\":[{\"@type\":\"BlogPosting\",\"@id\":\"https:\\\/\\\/www.skalnik.pl\\\/blog\\\/volven-zipped-vs-folded-porownanie-kosmetyczek\\\/#blogposting\",\"name\":\"Volven Zipped vs Folded \\u2013 por\\u00f3wnanie kosmetyczek - blog Skalnik\",\"headline\":\"Volven Zipped vs Folded \\u2013 por\\u00f3wnanie kosmetyczek\",\"author\":{\"@id\":\"https:\\\/\\\/www.skalnik.pl\\\/blog\\\/author\\\/olamariusz-robak\\\/#author\"},\"publisher\":{\"@id\":\"https:\\\/\\\/www.skalnik.pl\\\/blog\\\/#organization\"},\"image\":{\"@type\":\"ImageObject\",\"url\":\"https:\\\/\\\/www.skalnik.pl\\\/blog\\\/wp-content\\\/uploads\\\/2026\\\/03\\\/Okladka-blog-1920-x-706-px.png\",\"width\":1920,\"height\":706},\"datePublished\":\"2026-02-05T13:24:00+02:00\",\"dateModified\":\"2026-03-02T16:23:24+02:00\",\"inLanguage\":\"pl-PL\",\"mainEntityOfPage\":{\"@id\":\"https:\\\/\\\/www.skalnik.pl\\\/blog\\\/volven-zipped-vs-folded-porownanie-kosmetyczek\\\/#webpage\"},\"isPartOf\":{\"@id\":\"https:\\\/\\\/www.skalnik.pl\\\/blog\\\/volven-zipped-vs-folded-porownanie-kosmetyczek\\\/#webpage\"},\"articleSection\":\"Testy, akcesoria turystyczne, g\\u00f3ry, turystyka, 241, 1055183, 1055184, 1055185, 1055195\"},{\"@type\":\"BreadcrumbList\",\"@id\":\"https:\\\/\\\/www.skalnik.pl\\\/blog\\\/volven-zipped-vs-folded-porownanie-kosmetyczek\\\/#breadcrumblist\",\"itemListElement\":[{\"@type\":\"ListItem\",\"@id\":\"https:\\\/\\\/www.skalnik.pl\\\/blog#listItem\",\"position\":1,\"name\":\"Home\",\"item\":\"https:\\\/\\\/www.skalnik.pl\\\/blog\",\"nextItem\":{\"@type\":\"ListItem\",\"@id\":\"https:\\\/\\\/www.skalnik.pl\\\/blog\\\/.\\\/testy\\\/#listItem\",\"name\":\"Testy\"}},{\"@type\":\"ListItem\",\"@id\":\"https:\\\/\\\/www.skalnik.pl\\\/blog\\\/.\\\/testy\\\/#listItem\",\"position\":2,\"name\":\"Testy\",\"item\":\"https:\\\/\\\/www.skalnik.pl\\\/blog\\\/.\\\/testy\\\/\",\"nextItem\":{\"@type\":\"ListItem\",\"@id\":\"https:\\\/\\\/www.skalnik.pl\\\/blog\\\/volven-zipped-vs-folded-porownanie-kosmetyczek\\\/#listItem\",\"name\":\"Volven Zipped vs Folded \\u2013 por\\u00f3wnanie kosmetyczek\"},\"previousItem\":{\"@type\":\"ListItem\",\"@id\":\"https:\\\/\\\/www.skalnik.pl\\\/blog#listItem\",\"name\":\"Home\"}},{\"@type\":\"ListItem\",\"@id\":\"https:\\\/\\\/www.skalnik.pl\\\/blog\\\/volven-zipped-vs-folded-porownanie-kosmetyczek\\\/#listItem\",\"position\":3,\"name\":\"Volven Zipped vs Folded \\u2013 por\\u00f3wnanie kosmetyczek\",\"previousItem\":{\"@type\":\"ListItem\",\"@id\":\"https:\\\/\\\/www.skalnik.pl\\\/blog\\\/.\\\/testy\\\/#listItem\",\"name\":\"Testy\"}}]},{\"@type\":\"Organization\",\"@id\":\"https:\\\/\\\/www.skalnik.pl\\\/blog\\\/#organization\",\"name\":\"blog Skalnik\",\"description\":\"Blog, porady, artyku\\u0142y - blog Skalnik\",\"url\":\"https:\\\/\\\/www.skalnik.pl\\\/blog\\\/\"},{\"@type\":\"Person\",\"@id\":\"https:\\\/\\\/www.skalnik.pl\\\/blog\\\/author\\\/olamariusz-robak\\\/#author\",\"url\":\"https:\\\/\\\/www.skalnik.pl\\\/blog\\\/author\\\/olamariusz-robak\\\/\",\"name\":\"Ola i Mariusz Robak\",\"image\":{\"@type\":\"ImageObject\",\"@id\":\"https:\\\/\\\/www.skalnik.pl\\\/blog\\\/volven-zipped-vs-folded-porownanie-kosmetyczek\\\/#authorImage\",\"url\":\"https:\\\/\\\/secure.gravatar.com\\\/avatar\\\/1bdfdd8d52a8a864114b9539958110649b274bdf789f5503a949f40004d3c50f?s=96&d=mm&r=g\",\"width\":96,\"height\":96,\"caption\":\"Ola i Mariusz Robak\"}},{\"@type\":\"WebPage\",\"@id\":\"https:\\\/\\\/www.skalnik.pl\\\/blog\\\/volven-zipped-vs-folded-porownanie-kosmetyczek\\\/#webpage\",\"url\":\"https:\\\/\\\/www.skalnik.pl\\\/blog\\\/volven-zipped-vs-folded-porownanie-kosmetyczek\\\/\",\"name\":\"Volven Zipped vs Folded \\u2013 por\\u00f3wnanie kosmetyczek - blog Skalnik\",\"description\":\"Nomad Zipped czy Folded? Por\\u00f3wnanie dw\\u00f3ch kosmetyczek turystycznych Volven \\u2013 rodzinna pojemno\\u015b\\u0107 czy minimalistyczny kompakt na szybki wypad?\",\"inLanguage\":\"pl-PL\",\"isPartOf\":{\"@id\":\"https:\\\/\\\/www.skalnik.pl\\\/blog\\\/#website\"},\"breadcrumb\":{\"@id\":\"https:\\\/\\\/www.skalnik.pl\\\/blog\\\/volven-zipped-vs-folded-porownanie-kosmetyczek\\\/#breadcrumblist\"},\"author\":{\"@id\":\"https:\\\/\\\/www.skalnik.pl\\\/blog\\\/author\\\/olamariusz-robak\\\/#author\"},\"creator\":{\"@id\":\"https:\\\/\\\/www.skalnik.pl\\\/blog\\\/author\\\/olamariusz-robak\\\/#author\"},\"image\":{\"@type\":\"ImageObject\",\"url\":\"https:\\\/\\\/www.skalnik.pl\\\/blog\\\/wp-content\\\/uploads\\\/2026\\\/03\\\/Okladka-blog-1920-x-706-px.png\",\"@id\":\"https:\\\/\\\/www.skalnik.pl\\\/blog\\\/volven-zipped-vs-folded-porownanie-kosmetyczek\\\/#mainImage\",\"width\":1920,\"height\":706},\"primaryImageOfPage\":{\"@id\":\"https:\\\/\\\/www.skalnik.pl\\\/blog\\\/volven-zipped-vs-folded-porownanie-kosmetyczek\\\/#mainImage\"},\"datePublished\":\"2026-02-05T13:24:00+02:00\",\"dateModified\":\"2026-03-02T16:23:24+02:00\"},{\"@type\":\"WebSite\",\"@id\":\"https:\\\/\\\/www.skalnik.pl\\\/blog\\\/#website\",\"url\":\"https:\\\/\\\/www.skalnik.pl\\\/blog\\\/\",\"name\":\"blog Skalnik\",\"description\":\"Blog, porady, artyku\\u0142y - blog Skalnik\",\"inLanguage\":\"pl-PL\",\"publisher\":{\"@id\":\"https:\\\/\\\/www.skalnik.pl\\\/blog\\\/#organization\"}}]}\n\t\t<\/script>\n\t\t<!-- All in One SEO -->\n\n","aioseo_head_json":{"title":"Volven Zipped vs Folded \u2013 por\u00f3wnanie kosmetyczek - blog Skalnik","description":"Nomad Zipped czy Folded? Por\u00f3wnanie dw\u00f3ch kosmetyczek turystycznych Volven \u2013 rodzinna pojemno\u015b\u0107 czy minimalistyczny kompakt na szybki wypad?","canonical_url":"https:\/\/www.skalnik.pl\/blog\/volven-zipped-vs-folded-porownanie-kosmetyczek\/","robots":"max-image-preview:large","keywords":"","webmasterTools":{"miscellaneous":""},"schema":{"@context":"https:\/\/schema.org","@graph":[{"@type":"BlogPosting","@id":"https:\/\/www.skalnik.pl\/blog\/volven-zipped-vs-folded-porownanie-kosmetyczek\/#blogposting","name":"Volven Zipped vs Folded \u2013 por\u00f3wnanie kosmetyczek - blog Skalnik","headline":"Volven Zipped vs Folded \u2013 por\u00f3wnanie kosmetyczek","author":{"@id":"https:\/\/www.skalnik.pl\/blog\/author\/olamariusz-robak\/#author"},"publisher":{"@id":"https:\/\/www.skalnik.pl\/blog\/#organization"},"image":{"@type":"ImageObject","url":"https:\/\/www.skalnik.pl\/blog\/wp-content\/uploads\/2026\/03\/Okladka-blog-1920-x-706-px.png","width":1920,"height":706},"datePublished":"2026-02-05T13:24:00+02:00","dateModified":"2026-03-02T16:23:24+02:00","inLanguage":"pl-PL","mainEntityOfPage":{"@id":"https:\/\/www.skalnik.pl\/blog\/volven-zipped-vs-folded-porownanie-kosmetyczek\/#webpage"},"isPartOf":{"@id":"https:\/\/www.skalnik.pl\/blog\/volven-zipped-vs-folded-porownanie-kosmetyczek\/#webpage"},"articleSection":"Testy, akcesoria turystyczne, g\u00f3ry, turystyka, 241, 1055183, 1055184, 1055185, 1055195"},{"@type":"BreadcrumbList","@id":"https:\/\/www.skalnik.pl\/blog\/volven-zipped-vs-folded-porownanie-kosmetyczek\/#breadcrumblist","itemListElement":[{"@type":"ListItem","@id":"https:\/\/www.skalnik.pl\/blog#listItem","position":1,"name":"Home","item":"https:\/\/www.skalnik.pl\/blog","nextItem":{"@type":"ListItem","@id":"https:\/\/www.skalnik.pl\/blog\/.\/testy\/#listItem","name":"Testy"}},{"@type":"ListItem","@id":"https:\/\/www.skalnik.pl\/blog\/.\/testy\/#listItem","position":2,"name":"Testy","item":"https:\/\/www.skalnik.pl\/blog\/.\/testy\/","nextItem":{"@type":"ListItem","@id":"https:\/\/www.skalnik.pl\/blog\/volven-zipped-vs-folded-porownanie-kosmetyczek\/#listItem","name":"Volven Zipped vs Folded \u2013 por\u00f3wnanie kosmetyczek"},"previousItem":{"@type":"ListItem","@id":"https:\/\/www.skalnik.pl\/blog#listItem","name":"Home"}},{"@type":"ListItem","@id":"https:\/\/www.skalnik.pl\/blog\/volven-zipped-vs-folded-porownanie-kosmetyczek\/#listItem","position":3,"name":"Volven Zipped vs Folded \u2013 por\u00f3wnanie kosmetyczek","previousItem":{"@type":"ListItem","@id":"https:\/\/www.skalnik.pl\/blog\/.\/testy\/#listItem","name":"Testy"}}]},{"@type":"Organization","@id":"https:\/\/www.skalnik.pl\/blog\/#organization","name":"blog Skalnik","description":"Blog, porady, artyku\u0142y - blog Skalnik","url":"https:\/\/www.skalnik.pl\/blog\/"},{"@type":"Person","@id":"https:\/\/www.skalnik.pl\/blog\/author\/olamariusz-robak\/#author","url":"https:\/\/www.skalnik.pl\/blog\/author\/olamariusz-robak\/","name":"Ola i Mariusz Robak","image":{"@type":"ImageObject","@id":"https:\/\/www.skalnik.pl\/blog\/volven-zipped-vs-folded-porownanie-kosmetyczek\/#authorImage","url":"https:\/\/secure.gravatar.com\/avatar\/1bdfdd8d52a8a864114b9539958110649b274bdf789f5503a949f40004d3c50f?s=96&d=mm&r=g","width":96,"height":96,"caption":"Ola i Mariusz Robak"}},{"@type":"WebPage","@id":"https:\/\/www.skalnik.pl\/blog\/volven-zipped-vs-folded-porownanie-kosmetyczek\/#webpage","url":"https:\/\/www.skalnik.pl\/blog\/volven-zipped-vs-folded-porownanie-kosmetyczek\/","name":"Volven Zipped vs Folded \u2013 por\u00f3wnanie kosmetyczek - blog Skalnik","description":"Nomad Zipped czy Folded? Por\u00f3wnanie dw\u00f3ch kosmetyczek turystycznych Volven \u2013 rodzinna pojemno\u015b\u0107 czy minimalistyczny kompakt na szybki wypad?","inLanguage":"pl-PL","isPartOf":{"@id":"https:\/\/www.skalnik.pl\/blog\/#website"},"breadcrumb":{"@id":"https:\/\/www.skalnik.pl\/blog\/volven-zipped-vs-folded-porownanie-kosmetyczek\/#breadcrumblist"},"author":{"@id":"https:\/\/www.skalnik.pl\/blog\/author\/olamariusz-robak\/#author"},"creator":{"@id":"https:\/\/www.skalnik.pl\/blog\/author\/olamariusz-robak\/#author"},"image":{"@type":"ImageObject","url":"https:\/\/www.skalnik.pl\/blog\/wp-content\/uploads\/2026\/03\/Okladka-blog-1920-x-706-px.png","@id":"https:\/\/www.skalnik.pl\/blog\/volven-zipped-vs-folded-porownanie-kosmetyczek\/#mainImage","width":1920,"height":706},"primaryImageOfPage":{"@id":"https:\/\/www.skalnik.pl\/blog\/volven-zipped-vs-folded-porownanie-kosmetyczek\/#mainImage"},"datePublished":"2026-02-05T13:24:00+02:00","dateModified":"2026-03-02T16:23:24+02:00"},{"@type":"WebSite","@id":"https:\/\/www.skalnik.pl\/blog\/#website","url":"https:\/\/www.skalnik.pl\/blog\/","name":"blog Skalnik","description":"Blog, porady, artyku\u0142y - blog Skalnik","inLanguage":"pl-PL","publisher":{"@id":"https:\/\/www.skalnik.pl\/blog\/#organization"}}]},"og:locale":"pl_PL","og:site_name":"blog Skalnik - Blog, porady, artyku\u0142y - blog Skalnik","og:type":"article","og:title":"Volven Zipped vs Folded \u2013 por\u00f3wnanie kosmetyczek - blog Skalnik","og:description":"Nomad Zipped czy Folded? Por\u00f3wnanie dw\u00f3ch kosmetyczek turystycznych Volven \u2013 rodzinna pojemno\u015b\u0107 czy minimalistyczny kompakt na szybki wypad?","og:url":"https:\/\/www.skalnik.pl\/blog\/volven-zipped-vs-folded-porownanie-kosmetyczek\/","og:image":"https:\/\/www.skalnik.pl\/blog\/wp-content\/uploads\/2026\/02\/7-1.png","og:image:secure_url":"https:\/\/www.skalnik.pl\/blog\/wp-content\/uploads\/2026\/02\/7-1.png","og:image:width":1024,"og:image:height":683,"article:tag":["testy","akcesoria turystyczne","g\u00f3ry","turystyka"],"article:published_time":"2026-02-05T11:24:00+00:00","article:modified_time":"2026-03-02T14:23:24+00:00","twitter:card":"summary_large_image","twitter:title":"Volven Zipped vs Folded \u2013 por\u00f3wnanie kosmetyczek - blog Skalnik","twitter:description":"Nomad Zipped czy Folded? Por\u00f3wnanie dw\u00f3ch kosmetyczek turystycznych Volven \u2013 rodzinna pojemno\u015b\u0107 czy minimalistyczny kompakt na szybki wypad?","twitter:image":"https:\/\/www.skalnik.pl\/blog\/wp-content\/uploads\/2026\/02\/7-1.png"},"aioseo_meta_data":{"post_id":"27684","title":null,"description":"Nomad Zipped czy Folded? Por\u00f3wnanie dw\u00f3ch kosmetyczek turystycznych Volven \u2013 rodzinna pojemno\u015b\u0107 czy minimalistyczny kompakt na szybki wypad?","keywords":null,"keyphrases":{"focus":{"keyphrase":"Volven","score":91,"analysis":{"keyphraseInTitle":{"score":9,"maxScore":9,"error":0},"keyphraseInDescription":{"score":9,"maxScore":9,"error":0},"keyphraseLength":{"score":9,"maxScore":9,"error":0,"length":1},"keyphraseInURL":{"score":5,"maxScore":5,"error":0},"keyphraseInIntroduction":{"score":9,"maxScore":9,"error":0},"keyphraseInSubHeadings":{"score":9,"maxScore":9,"error":0},"keyphraseInImageAlt":{"score":3,"maxScore":9,"error":1},"keywordDensity":{"type":"best","score":9,"maxScore":9,"error":0}}},"additional":[]},"primary_term":null,"canonical_url":null,"og_title":null,"og_description":null,"og_object_type":"default","og_image_type":"default","og_image_url":null,"og_image_width":null,"og_image_height":null,"og_image_custom_url":null,"og_image_custom_fields":null,"og_video":"","og_custom_url":null,"og_article_section":null,"og_article_tags":null,"twitter_use_og":false,"twitter_card":"default","twitter_image_type":"default","twitter_image_url":null,"twitter_image_custom_url":null,"twitter_image_custom_fields":null,"twitter_title":null,"twitter_description":null,"schema":{"blockGraphs":[],"customGraphs":[],"default":{"data":{"Article":[],"Course":[],"Dataset":[],"FAQPage":[],"Movie":[],"Person":[],"Product":[],"ProductReview":[],"Car":[],"Recipe":[],"Service":[],"SoftwareApplication":[],"WebPage":[]},"graphName":"BlogPosting","isEnabled":true},"graphs":[]},"schema_type":"default","schema_type_options":null,"pillar_content":false,"robots_default":true,"robots_noindex":false,"robots_noarchive":false,"robots_nosnippet":false,"robots_nofollow":false,"robots_noimageindex":false,"robots_noodp":false,"robots_notranslate":false,"robots_max_snippet":"-1","robots_max_videopreview":"-1","robots_max_imagepreview":"large","priority":null,"frequency":"default","local_seo":null,"breadcrumb_settings":null,"limit_modified_date":false,"ai":{"faqs":[],"keyPoints":[],"titles":[],"descriptions":[],"socialPosts":{"email":[],"linkedin":[],"twitter":[],"facebook":[],"instagram":[]}},"created":"2026-03-02 11:24:08","updated":"2026-03-02 14:35:32","seo_analyzer_scan_date":null},"aioseo_breadcrumb":"<div class=\"aioseo-breadcrumbs\"><span class=\"aioseo-breadcrumb\">\n\t\t\t<a href=\"https:\/\/www.skalnik.pl\/blog\" title=\"Home\">Home<\/a>\n\t\t<\/span><span class=\"aioseo-breadcrumb-separator\">&raquo;<\/span><span class=\"aioseo-breadcrumb\">\n\t\t\t<a href=\"https:\/\/www.skalnik.pl\/blog\/.\/testy\/\" title=\"Testy\">Testy<\/a>\n\t\t<\/span><span class=\"aioseo-breadcrumb-separator\">&raquo;<\/span><span class=\"aioseo-breadcrumb\">\n\t\t\tVolven Zipped vs Folded \u2013 por\u00f3wnanie kosmetyczek\n\t\t<\/span><\/div>","aioseo_breadcrumb_json":[{"label":"Home","link":"https:\/\/www.skalnik.pl\/blog"},{"label":"Testy","link":"https:\/\/www.skalnik.pl\/blog\/.\/testy\/"},{"label":"Volven Zipped vs Folded \u2013 por\u00f3wnanie kosmetyczek","link":"https:\/\/www.skalnik.pl\/blog\/volven-zipped-vs-folded-porownanie-kosmetyczek\/"}],"_links":{"self":[{"href":"https:\/\/www.skalnik.pl\/blog\/wp-json\/wp\/v2\/posts\/27684","targetHints":{"allow":["GET"]}}],"collection":[{"href":"https:\/\/www.skalnik.pl\/blog\/wp-json\/wp\/v2\/posts"}],"about":[{"href":"https:\/\/www.skalnik.pl\/blog\/wp-json\/wp\/v2\/types\/post"}],"author":[{"embeddable":true,"href":"https:\/\/www.skalnik.pl\/blog\/wp-json\/wp\/v2\/users\/27"}],"replies":[{"embeddable":true,"href":"https:\/\/www.skalnik.pl\/blog\/wp-json\/wp\/v2\/comments?post=27684"}],"version-history":[{"count":4,"href":"https:\/\/www.skalnik.pl\/blog\/wp-json\/wp\/v2\/posts\/27684\/revisions"}],"predecessor-version":[{"id":27696,"href":"https:\/\/www.skalnik.pl\/blog\/wp-json\/wp\/v2\/posts\/27684\/revisions\/27696"}],"wp:featuredmedia":[{"embeddable":true,"href":"https:\/\/www.skalnik.pl\/blog\/wp-json\/wp\/v2\/media\/27685"}],"wp:attachment":[{"href":"https:\/\/www.skalnik.pl\/blog\/wp-json\/wp\/v2\/media?parent=27684"}],"wp:term":[{"taxonomy":"category","embeddable":true,"href":"https:\/\/www.skalnik.pl\/blog\/wp-json\/wp\/v2\/categories?post=27684"},{"taxonomy":"post_tag","embeddable":true,"href":"https:\/\/www.skalnik.pl\/blog\/wp-json\/wp\/v2\/tags?post=27684"},{"taxonomy":"magento_category","embeddable":true,"href":"https:\/\/www.skalnik.pl\/blog\/wp-json\/wp\/v2\/magento_category?post=27684"},{"taxonomy":"magento_product","embeddable":true,"href":"https:\/\/www.skalnik.pl\/blog\/wp-json\/wp\/v2\/magento_product?post=27684"}],"curies":[{"name":"wp","href":"https:\/\/api.w.org\/{rel}","templated":true}]}}