{"id":2876,"date":"2018-03-19T12:40:31","date_gmt":"2018-03-19T11:40:31","guid":{"rendered":"https:\/\/skalnik.pl\/blog\/?p=2876"},"modified":"2021-02-16T10:55:41","modified_gmt":"2021-02-16T09:55:41","slug":"lawiny-w-karkonoszach","status":"publish","type":"post","link":"https:\/\/www.skalnik.pl\/blog\/lawiny-w-karkonoszach\/","title":{"rendered":"Lawiny w Karkonoszach"},"content":{"rendered":"<p><strong>Wci\u0105\u017c m\u00f3wi si\u0119 o niej jako najwi\u0119kszej tragedii lawinowej w Polsce. W\u0142a\u015bnie mija 50 lat od lawiny w Bia\u0142ym Jarze, kt\u00f3ra ogromn\u0105 mas\u0105 \u015bniegu spad\u0142a na turyst\u00f3w, zabieraj\u0105c ze sob\u0105 a\u017c 19 istnie\u0144. W okr\u0105g\u0142\u0105 rocznic\u0119 wydarze\u0144 warto wspomnie\u0107 ten fatalny dzie\u0144 i napisa\u0107, gdzie schodz\u0105 lawiny w Karkonoszach.\u00a0<\/strong><\/p>\n<div id=\"ez-toc-container\" class=\"ez-toc-v2_0_85 counter-hierarchy ez-toc-counter ez-toc-light-blue ez-toc-container-direction\">\n<div class=\"ez-toc-title-container\">\n<p class=\"ez-toc-title\" style=\"cursor:inherit\">SPIS TRE\u015aCI <\/p>\n<span class=\"ez-toc-title-toggle\"><a href=\"#\" class=\"ez-toc-pull-right ez-toc-btn ez-toc-btn-xs ez-toc-btn-default ez-toc-toggle\" aria-label=\"Prze\u0142\u0105cznik Spisu Tre\u015bci\"><span class=\"ez-toc-js-icon-con\"><span class=\"\"><span class=\"eztoc-hide\" style=\"display:none;\">Toggle<\/span><span class=\"ez-toc-icon-toggle-span\"><svg style=\"fill: #999;color:#999\" xmlns=\"http:\/\/www.w3.org\/2000\/svg\" class=\"list-377408\" width=\"20px\" height=\"20px\" viewBox=\"0 0 24 24\" fill=\"none\"><path d=\"M6 6H4v2h2V6zm14 0H8v2h12V6zM4 11h2v2H4v-2zm16 0H8v2h12v-2zM4 16h2v2H4v-2zm16 0H8v2h12v-2z\" fill=\"currentColor\"><\/path><\/svg><svg style=\"fill: #999;color:#999\" class=\"arrow-unsorted-368013\" xmlns=\"http:\/\/www.w3.org\/2000\/svg\" width=\"10px\" height=\"10px\" viewBox=\"0 0 24 24\" version=\"1.2\" baseProfile=\"tiny\"><path d=\"M18.2 9.3l-6.2-6.3-6.2 6.3c-.2.2-.3.4-.3.7s.1.5.3.7c.2.2.4.3.7.3h11c.3 0 .5-.1.7-.3.2-.2.3-.5.3-.7s-.1-.5-.3-.7zM5.8 14.7l6.2 6.3 6.2-6.3c.2-.2.3-.5.3-.7s-.1-.5-.3-.7c-.2-.2-.4-.3-.7-.3h-11c-.3 0-.5.1-.7.3-.2.2-.3.5-.3.7s.1.5.3.7z\"\/><\/svg><\/span><\/span><\/span><\/a><\/span><\/div>\n<nav><ul class='ez-toc-list ez-toc-list-level-1 ' ><li class='ez-toc-page-1 ez-toc-heading-level-3'><a class=\"ez-toc-link ez-toc-heading-1\" href=\"https:\/\/www.skalnik.pl\/blog\/lawiny-w-karkonoszach\/#LAWINA_W_BIALYM_JARZE\" >LAWINA W BIA\u0141YM JARZE<\/a><\/li><li class='ez-toc-page-1 ez-toc-heading-level-3'><a class=\"ez-toc-link ez-toc-heading-2\" href=\"https:\/\/www.skalnik.pl\/blog\/lawiny-w-karkonoszach\/#WYPADKI_LAWINOWE_W_KARKONOSZACH\" >WYPADKI LAWINOWE W KARKONOSZACH<\/a><\/li><li class='ez-toc-page-1 ez-toc-heading-level-3'><a class=\"ez-toc-link ez-toc-heading-3\" href=\"https:\/\/www.skalnik.pl\/blog\/lawiny-w-karkonoszach\/#MIEJSCA_ZAGROZONE_LAWINAMI\" >MIEJSCA ZAGRO\u017bONE LAWINAMI<\/a><\/li><li class='ez-toc-page-1 ez-toc-heading-level-3'><a class=\"ez-toc-link ez-toc-heading-4\" href=\"https:\/\/www.skalnik.pl\/blog\/lawiny-w-karkonoszach\/#ZARZADZANIE_RYZYKIEM_LAWINOWYM_W_KARKONOSZACH\" >ZARZ\u0104DZANIE RYZYKIEM LAWINOWYM W KARKONOSZACH<\/a><\/li><\/ul><\/nav><\/div>\n<h3><span class=\"ez-toc-section\" id=\"LAWINA_W_BIALYM_JARZE\"><\/span>LAWINA W BIA\u0141YM JARZE<span class=\"ez-toc-section-end\"><\/span><\/h3>\n<p>Ju\u017c kilka dni wcze\u015bniej w Bia\u0142ym Jarze mog\u0142o sko\u0144czy\u0107 si\u0119 ofiarami. 17 marca 1968 r. by\u0142 dniem, w kt\u00f3rym g\u00f3ry da\u0142y pierwsze ostrze\u017cenie. W\u0142a\u015bnie wtedy grupa narciarzy i turyst\u00f3w, pomimo z\u0142ych warunk\u00f3w pogodowych, wybiera si\u0119 w rejon Strzechy Akademickiej. Id\u0105 trawersem przez Bia\u0142y Jar, gdy nagle osuwa si\u0119 \u015bnie\u017cna deska i porwa siedem os\u00f3b. Na szcz\u0119\u015bcie lawina zasypuje ludzi tylko cz\u0119\u015bciowo lub znajduj\u0105 si\u0119 oni p\u0142ytko pod \u015bniegiem. Jedni o w\u0142asnych si\u0142ach, drudzy odkopani przez koleg\u00f3w, wydostaj\u0105 si\u0119 ze \u015bniegu.<\/p>\n<p>Trzy dni p\u00f3\u017aniej pogoda zmienia si\u0119. Wychodzi s\u0142o\u0144ce, cho\u0107 wiatr nie przestaje wia\u0107 z du\u017c\u0105 si\u0142\u0105. Grupa turyst\u00f3w z ZSRR, Niemiec i Polski postanawia wyruszy\u0107 w g\u00f3ry. Wyci\u0105g krzese\u0142kowy na Kop\u0119 nie kr\u0119ci z powodu podmuch\u00f3w, wi\u0119c wyruszaj\u0105 drog\u0105 przez Bia\u0142y Jar. Takie dni jak ten \u2013 pierwsze s\u0142oneczne dni po czasie niepogody \u2013 s\u0105 najgorsze. Ch\u0119\u0107 wyj\u015bcia w g\u00f3ry jest wtedy najwi\u0119ksza, podobnie jak najwi\u0119ksze jest ryzyko zej\u015bcia lawin\u2026<\/p>\n<p>Oko\u0142o godz. 11 wycieczka idzie Bia\u0142ym Jarem, gdy nagle masy \u015bniegu zaczynaj\u0105 p\u0119dzi\u0107 zboczem. Lawina porywa 24 osoby, z kt\u00f3rych 19 zostaje ca\u0142kiem zasypanych przez \u015bnieg. Sytuacja staje si\u0119 dramatyczna, obszar lawiniska ogromny, a do tego zagro\u017cony zej\u015bciem kolejnej lawiny. Pierwsi pomoc nios\u0105 \u015bwiadkowie zdarzenia. Z Karpacza ruszaj\u0105 ratownicy. Na lawinisku z czasem pracuje coraz to wi\u0119cej os\u00f3b. Goprowcy, ratownicy Horskiej S\u0142u\u017cby, stra\u017cacy, ochotnicy i wojsko przez wiele dni przekopuj\u0105 \u015bnieg, najpierw z nadziej\u0105 ratunku, p\u00f3\u017aniej ju\u017c w celu poszukiwania ofiar.<\/p>\n<p>Lawina, kt\u00f3ra zesz\u0142a 20 marca 1968 r. w Bia\u0142ym Jarze mia\u0142a ogromne rozmiary. Jej d\u0142ugo\u015b\u0107 osi\u0105ga\u0142a ok. 600-800 m, szeroko\u015b\u0107 si\u0119gn\u0119\u0142a 80 m, za\u015b czo\u0142o lawiny o wysoko\u015bci 20-25 m p\u0119dzi\u0142o najprawdopodobniej z pr\u0119dko\u015bci\u0105 blisk\u0105 100 km\/h. Szacuje si\u0119, \u017ce nawet 50 tysi\u0119cy ton \u015bniegu pogrzeba\u0142o turyst\u00f3w, w\u015br\u00f3d kt\u00f3rych by\u0142o 13 obywateli ZSRR, 4 Niemc\u00f3w i 2 Polak\u00f3w. Ostatnie cia\u0142a wydobyto spod kilkumetrowych pokryw \u015bniegu dopiero 1 i 5 kwietnia.<\/p>\n<div id=\"attachment_3164\" style=\"width: 909px\" class=\"wp-caption aligncenter\"><img loading=\"lazy\" decoding=\"async\" aria-describedby=\"caption-attachment-3164\" class=\"wp-image-3164 size-full\" src=\"https:\/\/skalnik.pl\/blog\/wp-content\/uploads\/2018\/03\/lawin1968.png\" alt=\"\" width=\"899\" height=\"563\" srcset=\"https:\/\/www.skalnik.pl\/blog\/wp-content\/uploads\/2018\/03\/lawin1968.png 899w, https:\/\/www.skalnik.pl\/blog\/wp-content\/uploads\/2018\/03\/lawin1968-300x188.png 300w, https:\/\/www.skalnik.pl\/blog\/wp-content\/uploads\/2018\/03\/lawin1968-768x481.png 768w\" sizes=\"auto, (max-width: 899px) 100vw, 899px\" \/><p id=\"caption-attachment-3164\" class=\"wp-caption-text\">Marzec 1968. Akcja ratunkowa w Bia\u0142ym Jarze (\u017ar\u00f3d\u0142o: Wikipedia).<\/p><\/div>\n<h3><span class=\"ez-toc-section\" id=\"WYPADKI_LAWINOWE_W_KARKONOSZACH\"><\/span>WYPADKI LAWINOWE W KARKONOSZACH<span class=\"ez-toc-section-end\"><\/span><\/h3>\n<p>Nie by\u0142 to niestety jedyny wypadek lawinowy w Karkonoszach. Najwy\u017csze pasmo Sudet\u00f3w, jak na swoje rozmiary, to teren lawinowo bardzo aktywny. Odnotowano oko\u0142o 100 miejsc, w kt\u00f3rych schodzi\u0142y lawiny lub widoczne by\u0142y mniejsze osuni\u0119cia warstw \u015bniegu. Warto pami\u0119ta\u0107, \u017ce w tych g\u00f3rach, w czasie \u015bnie\u017cnych zim, obserwuje si\u0119 nawet 40-50 tego typu zdarze\u0144.<\/p>\n<p>Na szcz\u0119\u015bcie wi\u0119kszo\u015b\u0107 z nich nie poch\u0142ania ofiar, cho\u0107 \u015bmiertelne wypadki lawinowe w Karkonoszach mia\u0142y miejsce wiele razy. Pierwszym zapisanym na kartach historii takim zdarzeniem jest \u015bmier\u0107 Samuela Steinera. By\u0142 on gospodarzem Strzechy Akademickiej, kt\u00f3ry w 1700 r., nios\u0105c pomoc innemu tury\u015bcie, zgin\u0105\u0142 pod mas\u0105 \u015bniegu. Zdarzenie mia\u0142o to r\u00f3wnie\u017c miejsce na zboczach Bia\u0142ego Jaru.<\/p>\n<p>O sile karkonoskich lawin \u015bwiadczy r\u00f3wnie\u017c inna historia. W 1902 r. du\u017ca lawina p\u0119dz\u0105ca Kot\u0142em \u0141omniczki zmiot\u0142a schronisko, kt\u00f3re nie zosta\u0142o jeszcze oddane dla turyst\u00f3w. Kolejne schronisko w tym rejonie musia\u0142o stan\u0105\u0107 du\u017co, du\u017co ni\u017cej.<\/p>\n<p>Pierwszy wypadek lawinowy po wojnie mia\u0142 miejsce w tym samym kotle. W lutym 1947 r. \u015bnieg porwa\u0142 dw\u00f3ch oficer\u00f3w WOP. Pomoc, w czasie gdy w Karkonoszach nie by\u0142o jeszcze GOPR-u, nie\u015bli polscy i niemieccy mieszka\u0144cy Karpacza, kt\u00f3rymi byli tatrza\u0144scy g\u00f3rale, przedwojenni dzia\u0142acze turystyczni i niemieccy sportowcy zamieszkuj\u0105cy Karpacz G\u00f3rny. Do zasypania grupy harcerzy przez tzw. py\u0142\u00f3wk\u0119 dochodzi tu dziesi\u0119\u0107 lat p\u00f3\u017aniej. Szcz\u0119\u015bliwie w 1957 r. obchodzi si\u0119 bez ofiar.<\/p>\n<p>Tak\u017ce w czasach nie tak odleg\u0142ych dochodzi\u0142o do gro\u017anych i tragicznych zdarze\u0144. Rok 1998 r. to \u015bmiertelny wypadek dw\u00f3ch czeskich wspinaczy, kt\u00f3rzy gin\u0105 trawersuj\u0105c Labsk\u00fd D\u016fl. Ponad wspinaczami obrywa si\u0119 \u015bnie\u017cny nawis i ci\u0105gnie 200 m w d\u00f3\u0142.<\/p>\n<p>Jest takie m\u0105dre zdanie: &#8222;Ekspercie pami\u0119taj o tym, \u017ce lawina mo\u017ce nie wiedzie\u0107, \u017ce jeste\u015b ekspertem&#8221;, kt\u00f3re wypowiedzia\u0142 Werner Munter, a kt\u00f3re mo\u017cna us\u0142ysze\u0107 na wielu kursach lawinowych. Warto je zapami\u0119ta\u0107, by nie lekcewa\u017cy\u0107 zagro\u017cenia lawinowego nawet wtedy, gdy jest si\u0119 do\u015bwiadczonym alpinist\u0105, ratownikiem lub przewodnikiem. W strefie zagro\u017conej lawinami trzeba zawsze zachowa\u0107 czujno\u015b\u0107. Lawinie w Kotle \u0141omniczki nie uszed\u0142 cho\u0107by wybitny i do\u015bwiadczony narciarz wysokog\u00f3rski Jacek Mierzejewski, kt\u00f3ry na ostatni\u0105 wycieczk\u0119 skiturow\u0105 wyruszy\u0142 30 grudnia 2001 r.<\/p>\n<div class=\"page_gallery\">\n\n\t\t<style type=\"text\/css\">\n\t\t\t#gallery-1 {\n\t\t\t\tmargin: auto;\n\t\t\t}\n\t\t\t#gallery-1 .gallery-item {\n\t\t\t\tfloat: left;\n\t\t\t\tmargin-top: 10px;\n\t\t\t\ttext-align: center;\n\t\t\t\twidth: 33%;\n\t\t\t}\n\t\t\t#gallery-1 img {\n\t\t\t\tborder: 2px solid #cfcfcf;\n\t\t\t}\n\t\t\t#gallery-1 .gallery-caption {\n\t\t\t\tmargin-left: 0;\n\t\t\t}\n\t\t\t\/* see gallery_shortcode() in wp-includes\/media.php *\/\n\t\t<\/style>\n\t\t<div id='gallery-1' class='gallery galleryid-2876 gallery-columns-3 gallery-size-large'><dl class='gallery-item'>\n\t\t\t<dt class='gallery-icon landscape'>\n\t\t\t\t<img loading=\"lazy\" decoding=\"async\" width=\"1024\" height=\"683\" src=\"https:\/\/www.skalnik.pl\/blog\/wp-content\/uploads\/2018\/03\/lawiny_m_staw-1024x683.jpg\" class=\"attachment-large size-large\" alt=\"\" aria-describedby=\"gallery-1-3182\" srcset=\"https:\/\/www.skalnik.pl\/blog\/wp-content\/uploads\/2018\/03\/lawiny_m_staw-1024x683.jpg 1024w, https:\/\/www.skalnik.pl\/blog\/wp-content\/uploads\/2018\/03\/lawiny_m_staw-300x200.jpg 300w, https:\/\/www.skalnik.pl\/blog\/wp-content\/uploads\/2018\/03\/lawiny_m_staw-768x512.jpg 768w\" sizes=\"auto, (max-width: 1024px) 100vw, 1024px\" \/>\n\t\t\t<\/dt>\n\t\t\t\t<dd class='wp-caption-text gallery-caption' id='gallery-1-3182'>\n\t\t\t\tKocio\u0142 Ma\u0142ego Stawu. \u2013 aktywne lawinowo miejsce. \n\t\t\t\t<\/dd><\/dl><dl class='gallery-item'>\n\t\t\t<dt class='gallery-icon landscape'>\n\t\t\t\t<img loading=\"lazy\" decoding=\"async\" width=\"1024\" height=\"682\" src=\"https:\/\/www.skalnik.pl\/blog\/wp-content\/uploads\/2018\/03\/lawinylomniczka-1-1024x682.jpg\" class=\"attachment-large size-large\" alt=\"\" aria-describedby=\"gallery-1-3187\" srcset=\"https:\/\/www.skalnik.pl\/blog\/wp-content\/uploads\/2018\/03\/lawinylomniczka-1-1024x682.jpg 1024w, https:\/\/www.skalnik.pl\/blog\/wp-content\/uploads\/2018\/03\/lawinylomniczka-1-300x200.jpg 300w, https:\/\/www.skalnik.pl\/blog\/wp-content\/uploads\/2018\/03\/lawinylomniczka-1-768x512.jpg 768w\" sizes=\"auto, (max-width: 1024px) 100vw, 1024px\" \/>\n\t\t\t<\/dt>\n\t\t\t\t<dd class='wp-caption-text gallery-caption' id='gallery-1-3187'>\n\t\t\t\tStrome \u015bciany Kot\u0142a \u0141omniczki. \n\t\t\t\t<\/dd><\/dl><dl class='gallery-item'>\n\t\t\t<dt class='gallery-icon landscape'>\n\t\t\t\t<img loading=\"lazy\" decoding=\"async\" width=\"1024\" height=\"683\" src=\"https:\/\/www.skalnik.pl\/blog\/wp-content\/uploads\/2018\/03\/lawiny_snieznekotly-1024x683.jpg\" class=\"attachment-large size-large\" alt=\"\" aria-describedby=\"gallery-1-3189\" srcset=\"https:\/\/www.skalnik.pl\/blog\/wp-content\/uploads\/2018\/03\/lawiny_snieznekotly-1024x683.jpg 1024w, https:\/\/www.skalnik.pl\/blog\/wp-content\/uploads\/2018\/03\/lawiny_snieznekotly-300x200.jpg 300w, https:\/\/www.skalnik.pl\/blog\/wp-content\/uploads\/2018\/03\/lawiny_snieznekotly-768x512.jpg 768w, https:\/\/www.skalnik.pl\/blog\/wp-content\/uploads\/2018\/03\/lawiny_snieznekotly.jpg 1886w\" sizes=\"auto, (max-width: 1024px) 100vw, 1024px\" \/>\n\t\t\t<\/dt>\n\t\t\t\t<dd class='wp-caption-text gallery-caption' id='gallery-1-3189'>\n\t\t\t\tNawisy \u015bnie\u017cne na kraw\u0119dziach kot\u0142\u00f3w to kolejne &#8222;ryzykowne&#8221; miejsce.\n\t\t\t\t<\/dd><\/dl><br style=\"clear: both\" \/><dl class='gallery-item'>\n\t\t\t<dt class='gallery-icon landscape'>\n\t\t\t\t<img loading=\"lazy\" decoding=\"async\" width=\"1024\" height=\"683\" src=\"https:\/\/www.skalnik.pl\/blog\/wp-content\/uploads\/2018\/03\/lawiny_kociolszrenicki-1024x683.jpg\" class=\"attachment-large size-large\" alt=\"\" aria-describedby=\"gallery-1-3193\" srcset=\"https:\/\/www.skalnik.pl\/blog\/wp-content\/uploads\/2018\/03\/lawiny_kociolszrenicki-1024x683.jpg 1024w, https:\/\/www.skalnik.pl\/blog\/wp-content\/uploads\/2018\/03\/lawiny_kociolszrenicki-300x200.jpg 300w, https:\/\/www.skalnik.pl\/blog\/wp-content\/uploads\/2018\/03\/lawiny_kociolszrenicki-768x512.jpg 768w\" sizes=\"auto, (max-width: 1024px) 100vw, 1024px\" \/>\n\t\t\t<\/dt>\n\t\t\t\t<dd class='wp-caption-text gallery-caption' id='gallery-1-3193'>\n\t\t\t\tW ty\u0142 zwrot. Za nami Kocio\u0142 Szrenicki \u2013 lawiniasta nisza niwalna. \u017b\u00f3\u0142to-czarna szachownica informuje o ryzyku lawin. \n\t\t\t\t<\/dd><\/dl>\n\t\t\t<br style='clear: both' \/>\n\t\t<\/div>\n\n<\/div>\n<p>O s\u0142uszno\u015bci tego powiedzenia przekonali si\u0119 niestety tak\u017ce ratownicy z Polski i Niemiec, kt\u00f3rzy 26 stycznia 2003 r. doskonalili ratownicze umiej\u0119tno\u015bci w Kotle Ma\u0142ego Stawu. Schodz\u0105ca w\u00f3wczas \u017clebem lawina poturbowa\u0142a czterech Niemc\u00f3w i zabi\u0142a polskiego goprowca. Niestety jeden z najbardziej tragicznych dni w historii karkonoskiego pogotowia g\u00f3rskiego mia\u0142 dopiero si\u0119 wydarzy\u0107. 8 lutego 2005 r. \u015bnieg, kt\u00f3ry zsuwa si\u0119 \u017blebem Slalomowym Kot\u0142a Ma\u0142ego Stawu sprawia, \u017ce na \u201cwieczny dy\u017cur\u201d, wprost z trwaj\u0105cego patrolu, odchodzi dw\u00f3ch m\u0142odych ratownik\u00f3w Karkonoskiej Grupy GOPR \u2013 patroni kultowego Przej\u015bcia Dooko\u0142a Kotliny Jeleniog\u00f3rskiej \u2013 Daniel Wa\u017cy\u0144ski i Mateusz Hryncewicz. Skiturowy patrol przy lawinowej jedynce niestety nie ma szcz\u0119\u015bliwego zako\u0144czenia. Trzy lata p\u00f3\u017aniej kolejna lawina w Bia\u0142ym Jarze zbiera do\u015bwiadczonego instruktora snowboardu z Jeleniej G\u00f3ry.<\/p>\n<p>Do kilku wypadk\u00f3w dochodzi w ostatnich latach po czeskiej stronie. W 2008 r. przysypana zostaje skialpinistka w obszarze mi\u0119dzy Lu\u010dn\u00ed Bouda a Svat\u00fd Petr, dok\u0142adniej w miejscu zwanym \u010cervinkov\u011b muld\u011b. Ratownicy odkopuj\u0105 spod \u015bniegu \u017cyw\u0105 jeszcze kobiet\u0119, cho\u0107 ca\u0142a akcja trwa\u0142a od kilku godzin. Niestety w szpitalu nie udaje si\u0119 uratowa\u0107 jej \u017cycia.<\/p>\n<p>7 marca 2014 r. czeski turysta ociera si\u0119 o \u015bmier\u0107 w Kotle Ma\u0142ego Stawu. Kolejnej zimy, 5 lutego 2015 r., trzech narciarzy skiturowych wpada w tor schodz\u0105cej lawiny w miejscu zwanym Mal\u00e1 Studni\u010dn\u00ed j\u00e1ma. Jeden chroni si\u0119 za ska\u0142\u0105, drugi zostaje przysypany tylko cz\u0119\u015bciowo, trzeci zostaje pogrzebany pod \u015bniegiem. Mimo szybkiej akcji, dzie\u0144 zapisuje si\u0119 kolejn\u0105 czarn\u0105 kart\u0105 w dziejach karkonoskich lawin. Jeszcze w lutym tego samego roku w rejonie Modr\u00fd d\u016fl schodzi najpot\u0119\u017cniejsza od oko\u0142o 30 lat lawina o ponadkilometrowej d\u0142ugo\u015bci i szeroko\u015bci a\u017c 300 metr\u00f3w. Kilkudziesi\u0119ciu polskich i czeskich ratownik\u00f3w g\u00f3rskich przez dwa dni przeszukuje lawinisko. Informacje na temat trzech skiturowc\u00f3w, kt\u00f3rzy znajdowali si\u0119 w zasi\u0119gu lawiny zostaj\u0105 szcz\u0119\u015bliwie niepotwierdzone.<\/p>\n<div id=\"attachment_3166\" style=\"width: 1034px\" class=\"wp-caption aligncenter\"><img loading=\"lazy\" decoding=\"async\" aria-describedby=\"caption-attachment-3166\" class=\"wp-image-3166 size-large\" src=\"https:\/\/skalnik.pl\/blog\/wp-content\/uploads\/2018\/03\/bialyjar2018-1024x675.jpg\" alt=\"\" width=\"1024\" height=\"675\" srcset=\"https:\/\/www.skalnik.pl\/blog\/wp-content\/uploads\/2018\/03\/bialyjar2018-1024x675.jpg 1024w, https:\/\/www.skalnik.pl\/blog\/wp-content\/uploads\/2018\/03\/bialyjar2018-300x198.jpg 300w, https:\/\/www.skalnik.pl\/blog\/wp-content\/uploads\/2018\/03\/bialyjar2018-768x506.jpg 768w\" sizes=\"auto, (max-width: 1024px) 100vw, 1024px\" \/><p id=\"caption-attachment-3166\" class=\"wp-caption-text\">Marzec 2018. Bia\u0142y Jar 50 lat po tragedii.<\/p><\/div>\n<h3><span class=\"ez-toc-section\" id=\"MIEJSCA_ZAGROZONE_LAWINAMI\"><\/span>MIEJSCA ZAGRO\u017bONE LAWINAMI<span class=\"ez-toc-section-end\"><\/span><\/h3>\n<p>W Karkonoszach jest wiele miejsc, w kt\u00f3rych obserwowano zej\u015bcia lawin. Jest r\u00f3wnie\u017c wiele potencjalnych stref, gdzie ukszta\u0142towanie terenu oraz zbieg warunk\u00f3w atmosferycznych i \u015bniegowych mo\u017ce zagro\u017cenie takie powodowa\u0107. Wi\u0119kszo\u015b\u0107 takich rejon\u00f3w jest niedost\u0119pna z uwagi na zamkni\u0119te zim\u0105 szlaki, wytyczone zimowe obej\u015bcia i przepisy obowi\u0105zuj\u0105ce w parkach narodowych po obu stronach granicy. Niezwykle wa\u017cna jest jednak \u015bwiadomo\u015b\u0107 ryzyka i poznanie najwa\u017cniejszych miejsc o lawinowym alercie. Strefy takie zaznaczy\u0142em na pogl\u0105dowej mapie.<\/p>\n<div id=\"attachment_3174\" style=\"width: 1034px\" class=\"wp-caption aligncenter\"><img loading=\"lazy\" decoding=\"async\" aria-describedby=\"caption-attachment-3174\" class=\"wp-image-3174 size-large\" src=\"https:\/\/skalnik.pl\/blog\/wp-content\/uploads\/2018\/03\/strefyLawinoweMap-1024x665.jpg\" alt=\"\" width=\"1024\" height=\"665\" srcset=\"https:\/\/www.skalnik.pl\/blog\/wp-content\/uploads\/2018\/03\/strefyLawinoweMap-1024x665.jpg 1024w, https:\/\/www.skalnik.pl\/blog\/wp-content\/uploads\/2018\/03\/strefyLawinoweMap-300x195.jpg 300w, https:\/\/www.skalnik.pl\/blog\/wp-content\/uploads\/2018\/03\/strefyLawinoweMap-768x499.jpg 768w, https:\/\/www.skalnik.pl\/blog\/wp-content\/uploads\/2018\/03\/strefyLawinoweMap.jpg 1219w\" sizes=\"auto, (max-width: 1024px) 100vw, 1024px\" \/><p id=\"caption-attachment-3174\" class=\"wp-caption-text\">Oznaczenia: 1. Kocio\u0142 Szrenicki \/ 2. Kocio\u0142 \u0141abskiego Szczytu \/ 3. \u015anie\u017cne Kot\u0142y \/ 4. Czarny Kocio\u0142 Jagni\u0105tkowski \/ 5. Kocio\u0142 pod Ma\u0142ym Szyszakiem \/ 6. Kocio\u0142 Smogorni \/ 7. Kocio\u0142 Du\u017cego Stawu \/ 8. Kocio\u0142 Ma\u0142ego Stawu \/ 9. Bia\u0142y Jar \/ 10. Kocio\u0142 \u0141omniczki \/ 11. Ob\u0159\u00ed D\u016fl \/ 12. Stidni\u010dn\u00ed J\u00e1my \/ 13. Modr\u00fd D\u016fl \/ 14. Dlouh\u00fd D\u016fl \/ 15. \u00dadol\u00ed Bil\u00e9ho Labe \/ 16. Koteln\u00ed J\u00e1my \/ 17. Labsk\u00fd D\u016fl<\/p><\/div>\n<div class=\"colText\">\n<h3><span class=\"ez-toc-section\" id=\"ZARZADZANIE_RYZYKIEM_LAWINOWYM_W_KARKONOSZACH\"><\/span>ZARZ\u0104DZANIE RYZYKIEM LAWINOWYM W KARKONOSZACH<span class=\"ez-toc-section-end\"><\/span><\/h3>\n<p>Ujmuj\u0105c rzecz teoretycznie, lawin w polskich Karkonoszach mo\u017cna unikn\u0105\u0107 w\u00f3wczas, gdy poruszamy si\u0119 po szlakach turystycznych dopuszczonych do turystyki zimowej. Szlaki prowadz\u0105ce dnem polodowcowych kot\u0142\u00f3w i nisz niwalnych \u2013 a te formacje terenu stanowi\u0105 w Karkonoszach najwi\u0119ksze zagro\u017cenie \u2013 s\u0105 na okres zalegania pokrywy \u015bnie\u017cnej zamykane. Nikt nie mo\u017ce da\u0107 gwarancji, \u017ce lawina nie zejdzie w miejscu, w kt\u00f3rym dotychczas nie by\u0142a obserwowana. Warto pami\u0119ta\u0107 te\u017c, \u017ce lawiny nie schodz\u0105 tylko z bardzo stromych czy skalistych zboczy. Badania nad wypadkami lawinowymi dowodz\u0105, \u017ce najwi\u0119cej wypadk\u00f3w dochodzi na stokach o nachyleniu 36-40 stopni, a nie przepa\u015bcistych \u015bcianach opadaj\u0105cych pionem w d\u00f3\u0142. W Karkonoszach zagro\u017ceniem s\u0105 r\u00f3wnie\u017c kraw\u0119dzie kot\u0142\u00f3w polodowcowych. Nie nale\u017cy zim\u0105 zbli\u017ca\u0107 si\u0119 do nich, poniewa\u017c nawisy potrafi\u0105 mie\u0107 szeroko\u015b\u0107 nawet kilku metr\u00f3w.<\/p>\n<\/div>\n<div><\/div>\n<div><\/div>\n<div class=\"grey_block\">W 50. rocznic\u0119 wydarze\u0144 w Bia\u0142ym Jarze pragn\u0119 upami\u0119tni\u0107 ofiary tamtych dni. Przedstawiaj\u0105c histori\u0119 innych lawin, tak\u017ce tych tragicznych w skutkach, chc\u0119 przypomnie\u0107, \u017ce g\u00f3ry takie jak Karkonosze \u2013 nie najwy\u017csze przecie\u017c i tak bardzo zdaje si\u0119 oswojone \u2013 potrafi\u0105 stworzy\u0107 \u015bmiertelne zagro\u017cenie, kt\u00f3rego ka\u017cdy turysta, freerider i narciarz skiturowy musi by\u0107 \u015bwiadomy. Wybieraj\u0105c si\u0119 w g\u00f3ry pami\u0119taj o<a href=\"https:\/\/skalnik.pl\/sprzet-zimowy\/bezpieczenstwo\"> lawinowym ABC<\/a>.<\/div>\n","protected":false},"excerpt":{"rendered":"<p>Najwi\u0119kszy wypadek lawinowy wydarzy\u0142 si\u0119 50 lat temu w Karkonoszach. Przypominamy tragedi\u0119, kt\u00f3r\u0105 by\u0142a lawina w Bia\u0142ym Jarze, a tak\u017ce piszemy o innych lawinach w Karkonoszach. Przeczytaj gdzie w Karkonoszach schodz\u0105 lawiny, poznaj ich histori\u0119 i dowiedz si\u0119 jak zarz\u0105dza\u0107 ryzykiem lawinowym w najwy\u017cszym pa\u015bmie Sudet\u00f3w. Karkonosze \u2013 g\u00f3ry do\u015b\u0107 oswojone, g\u00f3ry o \u015bredniej wysoko\u015bci, g\u00f3ry, kt\u00f3re przecie\u017c nie s\u0105 bardzo rozleg\u0142ym pasmem \u2013 bywaj\u0105 bardzo gro\u017ane. Lawiniaste miejsca ka\u017cdej zimy daj\u0105 tu o sobie zna\u0107. Niestety czasem nie udaje si\u0119 unikn\u0105\u0107 tragicznych zdarze\u0144.  <\/p>\n","protected":false},"author":8,"featured_media":15851,"comment_status":"open","ping_status":"open","sticky":false,"template":"","format":"standard","meta":{"_acf_changed":false,"footnotes":""},"categories":[84],"tags":[12,128,162,16],"magento_category":[188],"magento_product":[],"class_list":["post-2876","post","type-post","status-publish","format-standard","has-post-thumbnail","hentry","category-pasja","tag-bezpieczenstwo","tag-skitouring","tag-sudety","tag-zima"],"acf":[],"aioseo_notices":[],"aioseo_head":"\n\t\t<!-- All in One SEO 4.9.10 - aioseo.com -->\n\t<meta name=\"description\" content=\"Najwi\u0119kszy wypadek lawinowy wydarzy\u0142 si\u0119 50 lat temu w Karkonoszach. Przypominamy tragedi\u0119, kt\u00f3r\u0105 by\u0142a lawina w Bia\u0142ym Jarze, a tak\u017ce piszemy o innych lawinach w Karkonoszach. Przeczytaj gdzie schodz\u0105 lawiny, poznaj ich histori\u0119 i dowiedz si\u0119 jak zarz\u0105dza\u0107 ryzykiem lawinowym.\" \/>\n\t<meta name=\"robots\" content=\"max-image-preview:large\" \/>\n\t<meta name=\"author\" content=\"S\u0142awek Nosal\"\/>\n\t<link rel=\"canonical\" href=\"https:\/\/www.skalnik.pl\/blog\/lawiny-w-karkonoszach\/\" \/>\n\t<meta name=\"generator\" content=\"All in One SEO (AIOSEO) 4.9.10\" \/>\n\t\t<meta property=\"og:locale\" content=\"pl_PL\" \/>\n\t\t<meta property=\"og:site_name\" content=\"blog Skalnik - Blog, porady, artyku\u0142y - blog Skalnik\" \/>\n\t\t<meta property=\"og:type\" content=\"article\" \/>\n\t\t<meta property=\"og:title\" content=\"Lawiny w Karkonoszach - blog Skalnik\" \/>\n\t\t<meta property=\"og:description\" content=\"Najwi\u0119kszy wypadek lawinowy wydarzy\u0142 si\u0119 50 lat temu w Karkonoszach. Przypominamy tragedi\u0119, kt\u00f3r\u0105 by\u0142a lawina w Bia\u0142ym Jarze, a tak\u017ce piszemy o innych lawinach w Karkonoszach. Przeczytaj gdzie schodz\u0105 lawiny, poznaj ich histori\u0119 i dowiedz si\u0119 jak zarz\u0105dza\u0107 ryzykiem lawinowym.\" \/>\n\t\t<meta property=\"og:url\" content=\"https:\/\/www.skalnik.pl\/blog\/lawiny-w-karkonoszach\/\" \/>\n\t\t<meta property=\"og:image\" content=\"https:\/\/skalnik.pl\/blog\/wp-content\/uploads\/2018\/03\/lawin1968.png\" \/>\n\t\t<meta property=\"og:image:secure_url\" content=\"https:\/\/skalnik.pl\/blog\/wp-content\/uploads\/2018\/03\/lawin1968.png\" \/>\n\t\t<meta property=\"article:tag\" content=\"pasja\" \/>\n\t\t<meta property=\"article:tag\" content=\"bezpiecze\u0144stwo\" \/>\n\t\t<meta property=\"article:tag\" content=\"skitouring\" \/>\n\t\t<meta property=\"article:tag\" content=\"sudety\" \/>\n\t\t<meta property=\"article:tag\" content=\"zima\" \/>\n\t\t<meta property=\"article:published_time\" content=\"2018-03-19T11:40:31+00:00\" \/>\n\t\t<meta property=\"article:modified_time\" content=\"2021-02-16T09:55:41+00:00\" \/>\n\t\t<meta name=\"twitter:card\" content=\"summary_large_image\" \/>\n\t\t<meta name=\"twitter:title\" content=\"Lawiny w Karkonoszach - blog Skalnik\" \/>\n\t\t<meta name=\"twitter:description\" content=\"Najwi\u0119kszy wypadek lawinowy wydarzy\u0142 si\u0119 50 lat temu w Karkonoszach. Przypominamy tragedi\u0119, kt\u00f3r\u0105 by\u0142a lawina w Bia\u0142ym Jarze, a tak\u017ce piszemy o innych lawinach w Karkonoszach. Przeczytaj gdzie schodz\u0105 lawiny, poznaj ich histori\u0119 i dowiedz si\u0119 jak zarz\u0105dza\u0107 ryzykiem lawinowym.\" \/>\n\t\t<meta name=\"twitter:image\" content=\"https:\/\/skalnik.pl\/blog\/wp-content\/uploads\/2018\/03\/lawin1968.png\" \/>\n\t\t<script type=\"application\/ld+json\" class=\"aioseo-schema\">\n\t\t\t{\"@context\":\"https:\\\/\\\/schema.org\",\"@graph\":[{\"@type\":\"BlogPosting\",\"@id\":\"https:\\\/\\\/www.skalnik.pl\\\/blog\\\/lawiny-w-karkonoszach\\\/#blogposting\",\"name\":\"Lawiny w Karkonoszach - blog Skalnik\",\"headline\":\"Lawiny w Karkonoszach\",\"author\":{\"@id\":\"https:\\\/\\\/www.skalnik.pl\\\/blog\\\/author\\\/slawek-nosal\\\/#author\"},\"publisher\":{\"@id\":\"https:\\\/\\\/www.skalnik.pl\\\/blog\\\/#organization\"},\"image\":{\"@type\":\"ImageObject\",\"url\":\"https:\\\/\\\/www.skalnik.pl\\\/blog\\\/wp-content\\\/uploads\\\/2018\\\/03\\\/lawiny_okladka2.jpg\",\"width\":1920,\"height\":706},\"datePublished\":\"2018-03-19T12:40:31+02:00\",\"dateModified\":\"2021-02-16T10:55:41+02:00\",\"inLanguage\":\"pl-PL\",\"mainEntityOfPage\":{\"@id\":\"https:\\\/\\\/www.skalnik.pl\\\/blog\\\/lawiny-w-karkonoszach\\\/#webpage\"},\"isPartOf\":{\"@id\":\"https:\\\/\\\/www.skalnik.pl\\\/blog\\\/lawiny-w-karkonoszach\\\/#webpage\"},\"articleSection\":\"Pasja, bezpiecze\\u0144stwo, skitouring, sudety, zima, 1289\"},{\"@type\":\"BreadcrumbList\",\"@id\":\"https:\\\/\\\/www.skalnik.pl\\\/blog\\\/lawiny-w-karkonoszach\\\/#breadcrumblist\",\"itemListElement\":[{\"@type\":\"ListItem\",\"@id\":\"https:\\\/\\\/www.skalnik.pl\\\/blog#listItem\",\"position\":1,\"name\":\"Home\",\"item\":\"https:\\\/\\\/www.skalnik.pl\\\/blog\",\"nextItem\":{\"@type\":\"ListItem\",\"@id\":\"https:\\\/\\\/www.skalnik.pl\\\/blog\\\/.\\\/pasja\\\/#listItem\",\"name\":\"Pasja\"}},{\"@type\":\"ListItem\",\"@id\":\"https:\\\/\\\/www.skalnik.pl\\\/blog\\\/.\\\/pasja\\\/#listItem\",\"position\":2,\"name\":\"Pasja\",\"item\":\"https:\\\/\\\/www.skalnik.pl\\\/blog\\\/.\\\/pasja\\\/\",\"nextItem\":{\"@type\":\"ListItem\",\"@id\":\"https:\\\/\\\/www.skalnik.pl\\\/blog\\\/lawiny-w-karkonoszach\\\/#listItem\",\"name\":\"Lawiny w Karkonoszach\"},\"previousItem\":{\"@type\":\"ListItem\",\"@id\":\"https:\\\/\\\/www.skalnik.pl\\\/blog#listItem\",\"name\":\"Home\"}},{\"@type\":\"ListItem\",\"@id\":\"https:\\\/\\\/www.skalnik.pl\\\/blog\\\/lawiny-w-karkonoszach\\\/#listItem\",\"position\":3,\"name\":\"Lawiny w Karkonoszach\",\"previousItem\":{\"@type\":\"ListItem\",\"@id\":\"https:\\\/\\\/www.skalnik.pl\\\/blog\\\/.\\\/pasja\\\/#listItem\",\"name\":\"Pasja\"}}]},{\"@type\":\"Organization\",\"@id\":\"https:\\\/\\\/www.skalnik.pl\\\/blog\\\/#organization\",\"name\":\"blog Skalnik\",\"description\":\"Blog, porady, artyku\\u0142y - blog Skalnik\",\"url\":\"https:\\\/\\\/www.skalnik.pl\\\/blog\\\/\"},{\"@type\":\"Person\",\"@id\":\"https:\\\/\\\/www.skalnik.pl\\\/blog\\\/author\\\/slawek-nosal\\\/#author\",\"url\":\"https:\\\/\\\/www.skalnik.pl\\\/blog\\\/author\\\/slawek-nosal\\\/\",\"name\":\"S\\u0142awek Nosal\",\"image\":{\"@type\":\"ImageObject\",\"@id\":\"https:\\\/\\\/www.skalnik.pl\\\/blog\\\/lawiny-w-karkonoszach\\\/#authorImage\",\"url\":\"https:\\\/\\\/secure.gravatar.com\\\/avatar\\\/376f39150afcfc713e809ef8313d42dee4210bb1425eaad8153efa8965009197?s=96&d=mm&r=g\",\"width\":96,\"height\":96,\"caption\":\"S\\u0142awek Nosal\"}},{\"@type\":\"WebPage\",\"@id\":\"https:\\\/\\\/www.skalnik.pl\\\/blog\\\/lawiny-w-karkonoszach\\\/#webpage\",\"url\":\"https:\\\/\\\/www.skalnik.pl\\\/blog\\\/lawiny-w-karkonoszach\\\/\",\"name\":\"Lawiny w Karkonoszach - blog Skalnik\",\"description\":\"Najwi\\u0119kszy wypadek lawinowy wydarzy\\u0142 si\\u0119 50 lat temu w Karkonoszach. Przypominamy tragedi\\u0119, kt\\u00f3r\\u0105 by\\u0142a lawina w Bia\\u0142ym Jarze, a tak\\u017ce piszemy o innych lawinach w Karkonoszach. Przeczytaj gdzie schodz\\u0105 lawiny, poznaj ich histori\\u0119 i dowiedz si\\u0119 jak zarz\\u0105dza\\u0107 ryzykiem lawinowym.\",\"inLanguage\":\"pl-PL\",\"isPartOf\":{\"@id\":\"https:\\\/\\\/www.skalnik.pl\\\/blog\\\/#website\"},\"breadcrumb\":{\"@id\":\"https:\\\/\\\/www.skalnik.pl\\\/blog\\\/lawiny-w-karkonoszach\\\/#breadcrumblist\"},\"author\":{\"@id\":\"https:\\\/\\\/www.skalnik.pl\\\/blog\\\/author\\\/slawek-nosal\\\/#author\"},\"creator\":{\"@id\":\"https:\\\/\\\/www.skalnik.pl\\\/blog\\\/author\\\/slawek-nosal\\\/#author\"},\"image\":{\"@type\":\"ImageObject\",\"url\":\"https:\\\/\\\/www.skalnik.pl\\\/blog\\\/wp-content\\\/uploads\\\/2018\\\/03\\\/lawiny_okladka2.jpg\",\"@id\":\"https:\\\/\\\/www.skalnik.pl\\\/blog\\\/lawiny-w-karkonoszach\\\/#mainImage\",\"width\":1920,\"height\":706},\"primaryImageOfPage\":{\"@id\":\"https:\\\/\\\/www.skalnik.pl\\\/blog\\\/lawiny-w-karkonoszach\\\/#mainImage\"},\"datePublished\":\"2018-03-19T12:40:31+02:00\",\"dateModified\":\"2021-02-16T10:55:41+02:00\"},{\"@type\":\"WebSite\",\"@id\":\"https:\\\/\\\/www.skalnik.pl\\\/blog\\\/#website\",\"url\":\"https:\\\/\\\/www.skalnik.pl\\\/blog\\\/\",\"name\":\"blog Skalnik\",\"description\":\"Blog, porady, artyku\\u0142y - blog Skalnik\",\"inLanguage\":\"pl-PL\",\"publisher\":{\"@id\":\"https:\\\/\\\/www.skalnik.pl\\\/blog\\\/#organization\"}}]}\n\t\t<\/script>\n\t\t<!-- All in One SEO -->\n\n","aioseo_head_json":{"title":"Lawiny w Karkonoszach - blog Skalnik","description":"Najwi\u0119kszy wypadek lawinowy wydarzy\u0142 si\u0119 50 lat temu w Karkonoszach. Przypominamy tragedi\u0119, kt\u00f3r\u0105 by\u0142a lawina w Bia\u0142ym Jarze, a tak\u017ce piszemy o innych lawinach w Karkonoszach. Przeczytaj gdzie schodz\u0105 lawiny, poznaj ich histori\u0119 i dowiedz si\u0119 jak zarz\u0105dza\u0107 ryzykiem lawinowym.","canonical_url":"https:\/\/www.skalnik.pl\/blog\/lawiny-w-karkonoszach\/","robots":"max-image-preview:large","keywords":"","webmasterTools":{"miscellaneous":""},"schema":{"@context":"https:\/\/schema.org","@graph":[{"@type":"BlogPosting","@id":"https:\/\/www.skalnik.pl\/blog\/lawiny-w-karkonoszach\/#blogposting","name":"Lawiny w Karkonoszach - blog Skalnik","headline":"Lawiny w Karkonoszach","author":{"@id":"https:\/\/www.skalnik.pl\/blog\/author\/slawek-nosal\/#author"},"publisher":{"@id":"https:\/\/www.skalnik.pl\/blog\/#organization"},"image":{"@type":"ImageObject","url":"https:\/\/www.skalnik.pl\/blog\/wp-content\/uploads\/2018\/03\/lawiny_okladka2.jpg","width":1920,"height":706},"datePublished":"2018-03-19T12:40:31+02:00","dateModified":"2021-02-16T10:55:41+02:00","inLanguage":"pl-PL","mainEntityOfPage":{"@id":"https:\/\/www.skalnik.pl\/blog\/lawiny-w-karkonoszach\/#webpage"},"isPartOf":{"@id":"https:\/\/www.skalnik.pl\/blog\/lawiny-w-karkonoszach\/#webpage"},"articleSection":"Pasja, bezpiecze\u0144stwo, skitouring, sudety, zima, 1289"},{"@type":"BreadcrumbList","@id":"https:\/\/www.skalnik.pl\/blog\/lawiny-w-karkonoszach\/#breadcrumblist","itemListElement":[{"@type":"ListItem","@id":"https:\/\/www.skalnik.pl\/blog#listItem","position":1,"name":"Home","item":"https:\/\/www.skalnik.pl\/blog","nextItem":{"@type":"ListItem","@id":"https:\/\/www.skalnik.pl\/blog\/.\/pasja\/#listItem","name":"Pasja"}},{"@type":"ListItem","@id":"https:\/\/www.skalnik.pl\/blog\/.\/pasja\/#listItem","position":2,"name":"Pasja","item":"https:\/\/www.skalnik.pl\/blog\/.\/pasja\/","nextItem":{"@type":"ListItem","@id":"https:\/\/www.skalnik.pl\/blog\/lawiny-w-karkonoszach\/#listItem","name":"Lawiny w Karkonoszach"},"previousItem":{"@type":"ListItem","@id":"https:\/\/www.skalnik.pl\/blog#listItem","name":"Home"}},{"@type":"ListItem","@id":"https:\/\/www.skalnik.pl\/blog\/lawiny-w-karkonoszach\/#listItem","position":3,"name":"Lawiny w Karkonoszach","previousItem":{"@type":"ListItem","@id":"https:\/\/www.skalnik.pl\/blog\/.\/pasja\/#listItem","name":"Pasja"}}]},{"@type":"Organization","@id":"https:\/\/www.skalnik.pl\/blog\/#organization","name":"blog Skalnik","description":"Blog, porady, artyku\u0142y - blog Skalnik","url":"https:\/\/www.skalnik.pl\/blog\/"},{"@type":"Person","@id":"https:\/\/www.skalnik.pl\/blog\/author\/slawek-nosal\/#author","url":"https:\/\/www.skalnik.pl\/blog\/author\/slawek-nosal\/","name":"S\u0142awek Nosal","image":{"@type":"ImageObject","@id":"https:\/\/www.skalnik.pl\/blog\/lawiny-w-karkonoszach\/#authorImage","url":"https:\/\/secure.gravatar.com\/avatar\/376f39150afcfc713e809ef8313d42dee4210bb1425eaad8153efa8965009197?s=96&d=mm&r=g","width":96,"height":96,"caption":"S\u0142awek Nosal"}},{"@type":"WebPage","@id":"https:\/\/www.skalnik.pl\/blog\/lawiny-w-karkonoszach\/#webpage","url":"https:\/\/www.skalnik.pl\/blog\/lawiny-w-karkonoszach\/","name":"Lawiny w Karkonoszach - blog Skalnik","description":"Najwi\u0119kszy wypadek lawinowy wydarzy\u0142 si\u0119 50 lat temu w Karkonoszach. Przypominamy tragedi\u0119, kt\u00f3r\u0105 by\u0142a lawina w Bia\u0142ym Jarze, a tak\u017ce piszemy o innych lawinach w Karkonoszach. Przeczytaj gdzie schodz\u0105 lawiny, poznaj ich histori\u0119 i dowiedz si\u0119 jak zarz\u0105dza\u0107 ryzykiem lawinowym.","inLanguage":"pl-PL","isPartOf":{"@id":"https:\/\/www.skalnik.pl\/blog\/#website"},"breadcrumb":{"@id":"https:\/\/www.skalnik.pl\/blog\/lawiny-w-karkonoszach\/#breadcrumblist"},"author":{"@id":"https:\/\/www.skalnik.pl\/blog\/author\/slawek-nosal\/#author"},"creator":{"@id":"https:\/\/www.skalnik.pl\/blog\/author\/slawek-nosal\/#author"},"image":{"@type":"ImageObject","url":"https:\/\/www.skalnik.pl\/blog\/wp-content\/uploads\/2018\/03\/lawiny_okladka2.jpg","@id":"https:\/\/www.skalnik.pl\/blog\/lawiny-w-karkonoszach\/#mainImage","width":1920,"height":706},"primaryImageOfPage":{"@id":"https:\/\/www.skalnik.pl\/blog\/lawiny-w-karkonoszach\/#mainImage"},"datePublished":"2018-03-19T12:40:31+02:00","dateModified":"2021-02-16T10:55:41+02:00"},{"@type":"WebSite","@id":"https:\/\/www.skalnik.pl\/blog\/#website","url":"https:\/\/www.skalnik.pl\/blog\/","name":"blog Skalnik","description":"Blog, porady, artyku\u0142y - blog Skalnik","inLanguage":"pl-PL","publisher":{"@id":"https:\/\/www.skalnik.pl\/blog\/#organization"}}]},"og:locale":"pl_PL","og:site_name":"blog Skalnik - Blog, porady, artyku\u0142y - blog Skalnik","og:type":"article","og:title":"Lawiny w Karkonoszach - blog Skalnik","og:description":"Najwi\u0119kszy wypadek lawinowy wydarzy\u0142 si\u0119 50 lat temu w Karkonoszach. Przypominamy tragedi\u0119, kt\u00f3r\u0105 by\u0142a lawina w Bia\u0142ym Jarze, a tak\u017ce piszemy o innych lawinach w Karkonoszach. Przeczytaj gdzie schodz\u0105 lawiny, poznaj ich histori\u0119 i dowiedz si\u0119 jak zarz\u0105dza\u0107 ryzykiem lawinowym.","og:url":"https:\/\/www.skalnik.pl\/blog\/lawiny-w-karkonoszach\/","og:image":"https:\/\/skalnik.pl\/blog\/wp-content\/uploads\/2018\/03\/lawin1968.png","og:image:secure_url":"https:\/\/skalnik.pl\/blog\/wp-content\/uploads\/2018\/03\/lawin1968.png","article:tag":["pasja","bezpiecze\u0144stwo","skitouring","sudety","zima"],"article:published_time":"2018-03-19T11:40:31+00:00","article:modified_time":"2021-02-16T09:55:41+00:00","twitter:card":"summary_large_image","twitter:title":"Lawiny w Karkonoszach - blog Skalnik","twitter:description":"Najwi\u0119kszy wypadek lawinowy wydarzy\u0142 si\u0119 50 lat temu w Karkonoszach. Przypominamy tragedi\u0119, kt\u00f3r\u0105 by\u0142a lawina w Bia\u0142ym Jarze, a tak\u017ce piszemy o innych lawinach w Karkonoszach. Przeczytaj gdzie schodz\u0105 lawiny, poznaj ich histori\u0119 i dowiedz si\u0119 jak zarz\u0105dza\u0107 ryzykiem lawinowym.","twitter:image":"https:\/\/skalnik.pl\/blog\/wp-content\/uploads\/2018\/03\/lawin1968.png"},"aioseo_meta_data":{"post_id":"2876","title":null,"description":"Najwi\u0119kszy wypadek lawinowy wydarzy\u0142 si\u0119 50 lat temu w Karkonoszach. Przypominamy tragedi\u0119, kt\u00f3r\u0105 by\u0142a lawina w Bia\u0142ym Jarze, a tak\u017ce piszemy o innych lawinach w Karkonoszach. Przeczytaj gdzie schodz\u0105 lawiny, poznaj ich histori\u0119 i dowiedz si\u0119 jak zarz\u0105dza\u0107 ryzykiem lawinowym.","keywords":[{"label":"lawiny","value":"lawiny"},{"label":"sudety","value":"sudety"},{"label":"bezpiecze\u0144stwo","value":"bezpiecze\u0144stwo"},{"label":"lawinowe abc","value":"lawinowe abc"}],"keyphrases":null,"primary_term":null,"canonical_url":"","og_title":null,"og_description":null,"og_object_type":"default","og_image_type":"default","og_image_url":null,"og_image_width":null,"og_image_height":null,"og_image_custom_url":null,"og_image_custom_fields":null,"og_video":null,"og_custom_url":null,"og_article_section":null,"og_article_tags":null,"twitter_use_og":false,"twitter_card":"default","twitter_image_type":"default","twitter_image_url":null,"twitter_image_custom_url":null,"twitter_image_custom_fields":null,"twitter_title":null,"twitter_description":null,"schema":{"blockGraphs":[],"customGraphs":[],"default":{"data":{"Article":[],"Course":[],"Dataset":[],"FAQPage":[],"Movie":[],"Person":[],"Product":[],"ProductReview":[],"Car":[],"Recipe":[],"Service":[],"SoftwareApplication":[],"WebPage":[]},"graphName":"BlogPosting","isEnabled":true},"graphs":[]},"schema_type":"default","schema_type_options":null,"pillar_content":false,"robots_default":true,"robots_noindex":false,"robots_noarchive":false,"robots_nosnippet":false,"robots_nofollow":false,"robots_noimageindex":false,"robots_noodp":false,"robots_notranslate":false,"robots_max_snippet":null,"robots_max_videopreview":null,"robots_max_imagepreview":"large","priority":null,"frequency":null,"local_seo":null,"breadcrumb_settings":null,"limit_modified_date":false,"ai":null,"created":"2022-08-26 09:51:01","updated":"2026-02-17 21:24:20","seo_analyzer_scan_date":null},"aioseo_breadcrumb":"<div class=\"aioseo-breadcrumbs\"><span class=\"aioseo-breadcrumb\">\n\t\t\t<a href=\"https:\/\/www.skalnik.pl\/blog\" title=\"Home\">Home<\/a>\n\t\t<\/span><span class=\"aioseo-breadcrumb-separator\">&raquo;<\/span><span class=\"aioseo-breadcrumb\">\n\t\t\t<a href=\"https:\/\/www.skalnik.pl\/blog\/.\/pasja\/\" title=\"Pasja\">Pasja<\/a>\n\t\t<\/span><span class=\"aioseo-breadcrumb-separator\">&raquo;<\/span><span class=\"aioseo-breadcrumb\">\n\t\t\tLawiny w Karkonoszach\n\t\t<\/span><\/div>","aioseo_breadcrumb_json":[{"label":"Home","link":"https:\/\/www.skalnik.pl\/blog"},{"label":"Pasja","link":"https:\/\/www.skalnik.pl\/blog\/.\/pasja\/"},{"label":"Lawiny w Karkonoszach","link":"https:\/\/www.skalnik.pl\/blog\/lawiny-w-karkonoszach\/"}],"_links":{"self":[{"href":"https:\/\/www.skalnik.pl\/blog\/wp-json\/wp\/v2\/posts\/2876","targetHints":{"allow":["GET"]}}],"collection":[{"href":"https:\/\/www.skalnik.pl\/blog\/wp-json\/wp\/v2\/posts"}],"about":[{"href":"https:\/\/www.skalnik.pl\/blog\/wp-json\/wp\/v2\/types\/post"}],"author":[{"embeddable":true,"href":"https:\/\/www.skalnik.pl\/blog\/wp-json\/wp\/v2\/users\/8"}],"replies":[{"embeddable":true,"href":"https:\/\/www.skalnik.pl\/blog\/wp-json\/wp\/v2\/comments?post=2876"}],"version-history":[{"count":11,"href":"https:\/\/www.skalnik.pl\/blog\/wp-json\/wp\/v2\/posts\/2876\/revisions"}],"predecessor-version":[{"id":15852,"href":"https:\/\/www.skalnik.pl\/blog\/wp-json\/wp\/v2\/posts\/2876\/revisions\/15852"}],"wp:featuredmedia":[{"embeddable":true,"href":"https:\/\/www.skalnik.pl\/blog\/wp-json\/wp\/v2\/media\/15851"}],"wp:attachment":[{"href":"https:\/\/www.skalnik.pl\/blog\/wp-json\/wp\/v2\/media?parent=2876"}],"wp:term":[{"taxonomy":"category","embeddable":true,"href":"https:\/\/www.skalnik.pl\/blog\/wp-json\/wp\/v2\/categories?post=2876"},{"taxonomy":"post_tag","embeddable":true,"href":"https:\/\/www.skalnik.pl\/blog\/wp-json\/wp\/v2\/tags?post=2876"},{"taxonomy":"magento_category","embeddable":true,"href":"https:\/\/www.skalnik.pl\/blog\/wp-json\/wp\/v2\/magento_category?post=2876"},{"taxonomy":"magento_product","embeddable":true,"href":"https:\/\/www.skalnik.pl\/blog\/wp-json\/wp\/v2\/magento_product?post=2876"}],"curies":[{"name":"wp","href":"https:\/\/api.w.org\/{rel}","templated":true}]}}