{"id":2886,"date":"2018-04-06T12:56:48","date_gmt":"2018-04-06T10:56:48","guid":{"rendered":"https:\/\/skalnik.pl\/blog\/?p=2886"},"modified":"2018-12-14T16:55:00","modified_gmt":"2018-12-14T15:55:00","slug":"historia-sprzetu-turystycznego","status":"publish","type":"post","link":"https:\/\/www.skalnik.pl\/blog\/historia-sprzetu-turystycznego\/","title":{"rendered":"Historia sprz\u0119tu turystycznego"},"content":{"rendered":"<p><b>Strychy, pawlacze, piwnice pe\u0142ne s\u0105 starego, nieu\u017cywanego od lat sprz\u0119tu turystycznego. Postanowili\u015bmy wydoby\u0107 na \u015bwiat\u0142o dzienne te zapomniane przedmioty, kt\u00f3re niegdy\u015b mo\u017cna by\u0142o zobaczy\u0107 na szlakach, polach namiotowych i w schroniskach. Jak wypadaj\u0105 na tle nowoczesnego sprz\u0119tu? Zapraszamy do podsumowania naszej akcji #muzeumSkalnika.<\/b><\/p>\n<div id=\"ez-toc-container\" class=\"ez-toc-v2_0_85 counter-hierarchy ez-toc-counter ez-toc-light-blue ez-toc-container-direction\">\n<div class=\"ez-toc-title-container\">\n<p class=\"ez-toc-title\" style=\"cursor:inherit\">SPIS TRE\u015aCI <\/p>\n<span class=\"ez-toc-title-toggle\"><a href=\"#\" class=\"ez-toc-pull-right ez-toc-btn ez-toc-btn-xs ez-toc-btn-default ez-toc-toggle\" aria-label=\"Prze\u0142\u0105cznik Spisu Tre\u015bci\"><span class=\"ez-toc-js-icon-con\"><span class=\"\"><span class=\"eztoc-hide\" style=\"display:none;\">Toggle<\/span><span class=\"ez-toc-icon-toggle-span\"><svg style=\"fill: #999;color:#999\" xmlns=\"http:\/\/www.w3.org\/2000\/svg\" class=\"list-377408\" width=\"20px\" height=\"20px\" viewBox=\"0 0 24 24\" fill=\"none\"><path d=\"M6 6H4v2h2V6zm14 0H8v2h12V6zM4 11h2v2H4v-2zm16 0H8v2h12v-2zM4 16h2v2H4v-2zm16 0H8v2h12v-2z\" fill=\"currentColor\"><\/path><\/svg><svg style=\"fill: #999;color:#999\" class=\"arrow-unsorted-368013\" xmlns=\"http:\/\/www.w3.org\/2000\/svg\" width=\"10px\" height=\"10px\" viewBox=\"0 0 24 24\" version=\"1.2\" baseProfile=\"tiny\"><path d=\"M18.2 9.3l-6.2-6.3-6.2 6.3c-.2.2-.3.4-.3.7s.1.5.3.7c.2.2.4.3.7.3h11c.3 0 .5-.1.7-.3.2-.2.3-.5.3-.7s-.1-.5-.3-.7zM5.8 14.7l6.2 6.3 6.2-6.3c.2-.2.3-.5.3-.7s-.1-.5-.3-.7c-.2-.2-.4-.3-.7-.3h-11c-.3 0-.5.1-.7.3-.2.2-.3.5-.3.7s.1.5.3.7z\"\/><\/svg><\/span><\/span><\/span><\/a><\/span><\/div>\n<nav><ul class='ez-toc-list ez-toc-list-level-1 ' ><li class='ez-toc-page-1 ez-toc-heading-level-2'><a class=\"ez-toc-link ez-toc-heading-1\" href=\"https:\/\/www.skalnik.pl\/blog\/historia-sprzetu-turystycznego\/#Sruby_lodowe\" >\u015aruby lodowe<\/a><\/li><li class='ez-toc-page-1 ez-toc-heading-level-2'><a class=\"ez-toc-link ez-toc-heading-2\" href=\"https:\/\/www.skalnik.pl\/blog\/historia-sprzetu-turystycznego\/#Karabinki\" >Karabinki<\/a><\/li><li class='ez-toc-page-1 ez-toc-heading-level-2'><a class=\"ez-toc-link ez-toc-heading-3\" href=\"https:\/\/www.skalnik.pl\/blog\/historia-sprzetu-turystycznego\/#Buty_wspinaczkowe\" >Buty wspinaczkowe<\/a><\/li><li class='ez-toc-page-1 ez-toc-heading-level-2'><a class=\"ez-toc-link ez-toc-heading-4\" href=\"https:\/\/www.skalnik.pl\/blog\/historia-sprzetu-turystycznego\/#Kuchenki_turystyczne\" >Kuchenki turystyczne<\/a><\/li><li class='ez-toc-page-1 ez-toc-heading-level-2'><a class=\"ez-toc-link ez-toc-heading-5\" href=\"https:\/\/www.skalnik.pl\/blog\/historia-sprzetu-turystycznego\/#Czolowki\" >Czo\u0142\u00f3wki<\/a><\/li><li class='ez-toc-page-1 ez-toc-heading-level-2'><a class=\"ez-toc-link ez-toc-heading-6\" href=\"https:\/\/www.skalnik.pl\/blog\/historia-sprzetu-turystycznego\/#Plecaki\" >Plecaki<\/a><\/li><li class='ez-toc-page-1 ez-toc-heading-level-2'><a class=\"ez-toc-link ez-toc-heading-7\" href=\"https:\/\/www.skalnik.pl\/blog\/historia-sprzetu-turystycznego\/#Buty_trekkingowe\" >Buty trekkingowe<\/a><\/li><li class='ez-toc-page-1 ez-toc-heading-level-2'><a class=\"ez-toc-link ez-toc-heading-8\" href=\"https:\/\/www.skalnik.pl\/blog\/historia-sprzetu-turystycznego\/#Kurtki_turystyczne\" >Kurtki turystyczne<\/a><\/li><li class='ez-toc-page-1 ez-toc-heading-level-2'><a class=\"ez-toc-link ez-toc-heading-9\" href=\"https:\/\/www.skalnik.pl\/blog\/historia-sprzetu-turystycznego\/#Rakiety_sniezne\" >Rakiety \u015bnie\u017cne<\/a><\/li><li class='ez-toc-page-1 ez-toc-heading-level-2'><a class=\"ez-toc-link ez-toc-heading-10\" href=\"https:\/\/www.skalnik.pl\/blog\/historia-sprzetu-turystycznego\/#Raki_i_czekany\" >Raki i czekany<\/a><\/li><\/ul><\/nav><\/div>\n<h2><span class=\"ez-toc-section\" id=\"Sruby_lodowe\"><\/span>\u015aruby lodowe<span class=\"ez-toc-section-end\"><\/span><\/h2>\n<p>Na pierwszy rzut oka mo\u017ce wydawa\u0107 si\u0119, \u017ce nie r\u00f3\u017cni ich tak wiele. Niemniej nawet konstrukcje tak ma\u0142o skomplikowane jak \u015bruby lodowe, z biegiem czasu udoskonalono. Wspinacze i alpini\u015bci to odkrywcy, a spo\u015br\u00f3d nich przecie\u017c \u201crekrutuj\u0105\u201d si\u0119 projektanci sprz\u0119tu. Nic wi\u0119c dziwnego, \u017ce nawet taki sprz\u0119t doczeka\u0142 si\u0119 innowacji.<\/p>\n<p>Nowe <a href=\"https:\/\/skalnik.pl\/sprzet-wspinaczkowy\/wspinaczka\/wspinaczka-sruby-lodowe\" target=\"_blank\" rel=\"noopener\">\u015bruby<\/a> \u2013 w por\u00f3wnaniu z modelami z gara\u017cowych ku\u017ani szpeju \u2013 s\u0105 na pewno l\u017cejsze, a nierzadko tak\u017ce bardziej wytrzyma\u0142e. Post\u0119p technologiczny sprawi\u0142, \u017ce w \u015brubach wykorzystane zosta\u0142y lepsze stopy metali, kt\u00f3re s\u0105 tak\u017ce mniej podatne na korodowanie. Anodowane aluminium i stal chromowana wypieraj\u0105 coraz cz\u0119\u015bciej nawet lekki tytan stosowany w popularnych \u015brubach Irbis. Sama konstrukcja wsp\u00f3\u0142czesnej \u015bruby lodowej tak\u017ce uleg\u0142a zmianie. Powszechnym elementem sta\u0142y si\u0119 korbki, z kt\u00f3rymi wkr\u0119canie jest o wiele szybsze. Kolejne r\u00f3\u017cnice to liczba z\u0119b\u00f3w czy wielko\u015b\u0107 i d\u0142ugo\u015b\u0107 gwintu. Wszystko po to, by asekuracj\u0119 uczyni\u0107 pewniejsz\u0105, a lodow\u0105 wspinaczk\u0119 usprawni\u0107 i wynie\u015b\u0107 na wy\u017cszy poziom.<\/p>\n<div id=\"attachment_3485\" style=\"width: 1034px\" class=\"wp-caption alignnone\"><img loading=\"lazy\" decoding=\"async\" aria-describedby=\"caption-attachment-3485\" class=\"wp-image-3485 size-large\" src=\"https:\/\/skalnik.pl\/blog\/wp-content\/uploads\/2018\/04\/\u015bruby_lodowcowe-1024x444.jpg\" alt=\"\u015bruby lodowcowe\" width=\"1024\" height=\"444\" srcset=\"https:\/\/www.skalnik.pl\/blog\/wp-content\/uploads\/2018\/04\/\u015bruby_lodowcowe.jpg 1024w, https:\/\/www.skalnik.pl\/blog\/wp-content\/uploads\/2018\/04\/\u015bruby_lodowcowe-300x130.jpg 300w, https:\/\/www.skalnik.pl\/blog\/wp-content\/uploads\/2018\/04\/\u015bruby_lodowcowe-768x333.jpg 768w\" sizes=\"auto, (max-width: 1024px) 100vw, 1024px\" \/><p id=\"caption-attachment-3485\" class=\"wp-caption-text\">Podobne czy inne? Nowoczesna \u015bbuba lodowa kontra model sprzed lat.<\/p><\/div>\n<h2><span class=\"ez-toc-section\" id=\"Karabinki\"><\/span>Karabinki<span class=\"ez-toc-section-end\"><\/span><\/h2>\n<p>D\u0105\u017cenia projektant\u00f3w szpeju, w tym karabink\u00f3w, r\u00f3wnie\u017c id\u0105 w stron\u0119 produkowania coraz l\u017cejszego i bezpieczniejszego szpeju. Karabinki u\u017cywane we wspinaczce to w znakomitej wi\u0119kszo\u015bci modele z lekkich stop\u00f3w. W modelach przeznaczonych do asekuracji, budowy stanowisk i zak\u0142adania autoasekuracji spotyka si\u0119 coraz bezpieczniejsze blokady zamk\u00f3w. Prezentowany na zdj\u0119ciu karabinek SM\u2019D Petzl ma pod pier\u015bcieniem czerwony znacznik. Kiedy jest on widoczny, wspinacz otrzymuje sygna\u0142 o odkr\u0119conym pier\u015bcieniu. Wiele karabink\u00f3w posiada jeszcze bardziej skomplikowane patenty. Maj\u0105 one zmniejszy\u0107 ryzyko b\u0142\u0119du, przeoczenia, rutyny, kt\u00f3re we wspinaczce mog\u0105 mie\u0107 bardzo powa\u017cne konsekwencje. Automatyczne blokady zamk\u00f3w, nowe przekroje karabink\u00f3w, zamki pozbawione k\u0142opotliwie hacz\u0105cych si\u0119 z\u0105bk\u00f3w, czy rozwi\u0105zania typu Spring Bar przekonuj\u0105, \u017ce w ewolucji karabink\u00f3w projektanci nie powiedzieli jeszcze ostatniego s\u0142owa.<\/p>\n<p>O szpeju mo\u017cesz przeczyta\u0107 wi\u0119cej na naszym fanpage\u2019u:\u00a0<a href=\"https:\/\/goo.gl\/b3pNCJ\">https:\/\/goo.gl\/b3pNCJ<\/a><\/p>\n<div id=\"attachment_3486\" style=\"width: 1034px\" class=\"wp-caption alignnone\"><img loading=\"lazy\" decoding=\"async\" aria-describedby=\"caption-attachment-3486\" class=\"wp-image-3486 size-large\" src=\"https:\/\/skalnik.pl\/blog\/wp-content\/uploads\/2018\/04\/karabinki-1024x444.jpg\" alt=\"karabinki\" width=\"1024\" height=\"444\" srcset=\"https:\/\/www.skalnik.pl\/blog\/wp-content\/uploads\/2018\/04\/karabinki.jpg 1024w, https:\/\/www.skalnik.pl\/blog\/wp-content\/uploads\/2018\/04\/karabinki-300x130.jpg 300w, https:\/\/www.skalnik.pl\/blog\/wp-content\/uploads\/2018\/04\/karabinki-768x333.jpg 768w\" sizes=\"auto, (max-width: 1024px) 100vw, 1024px\" \/><p id=\"caption-attachment-3486\" class=\"wp-caption-text\">Karabinki z histori\u0105 i n\u00f3wki sztuki, kt\u00f3re dopiero zaczn\u0105 si\u0119 wspina\u0107.<\/p><\/div>\n<h2><span class=\"ez-toc-section\" id=\"Buty_wspinaczkowe\"><\/span>Buty wspinaczkowe<span class=\"ez-toc-section-end\"><\/span><\/h2>\n<p>Nie b\u0119dzie przesad\u0105 powiedzie\u0107, \u017ce dla wspinaczy buty to fetysz lub obsesja. O butach wspinaczkowych prawdziwy \u0142ojant mo\u017ce m\u00f3wi\u0107 godzinami, nie ko\u0144cz\u0105c nawet wtedy, kiedy obejrzy ka\u017cdy detal i odmieni ich nazw\u0119 przez wszystkie przypadki. Najciekawsze, \u017ce ten, kto ju\u017c troch\u0119 si\u0119 wspina, wcale nie widzi w tym przesady. Po prostu wie, \u017ce dopieszczona konstrukcja to wi\u0119ksza skuteczno\u015b\u0107 w pokonywaniu pionu.<\/p>\n<p>Korkery musia\u0142y by\u0107 ciasne. To zupe\u0142nie taka sama sytuacja, jak w dzisiejszych butach do wspinania. Dzi\u015b ci\u0119\u017cko wyobrazi\u0107 sobie jednak, \u017ce kto\u015b chcia\u0142by wspina\u0107 si\u0119 w samor\u00f3bkach. Nie ten styl i nie te trudno\u015bci, \u017ceby nie sta\u0107 si\u0119 wyznawc\u0105 mega tarciowej gumy, asymetrii, ostrego \u0142uku w podbiciu i pi\u0119tki stworzonej do haczenia.<\/p>\n<p>O pierwszych butach wspinaczkowych i korkerach przeczytasz na naszym faccebook\u2019u:\u00a0<a href=\"https:\/\/goo.gl\/ZqJZ5k\">https:\/\/goo.gl\/ZqJZ5k<\/a><\/p>\n<div id=\"attachment_3490\" style=\"width: 1034px\" class=\"wp-caption alignnone\"><img loading=\"lazy\" decoding=\"async\" aria-describedby=\"caption-attachment-3490\" class=\"wp-image-3490 size-large\" src=\"https:\/\/skalnik.pl\/blog\/wp-content\/uploads\/2018\/04\/buty_wspinaczkowe-1024x600.jpg\" alt=\"buty wspinaczkowe\" width=\"1024\" height=\"600\" srcset=\"https:\/\/www.skalnik.pl\/blog\/wp-content\/uploads\/2018\/04\/buty_wspinaczkowe.jpg 1024w, https:\/\/www.skalnik.pl\/blog\/wp-content\/uploads\/2018\/04\/buty_wspinaczkowe-300x176.jpg 300w, https:\/\/www.skalnik.pl\/blog\/wp-content\/uploads\/2018\/04\/buty_wspinaczkowe-768x450.jpg 768w\" sizes=\"auto, (max-width: 1024px) 100vw, 1024px\" \/><p id=\"caption-attachment-3490\" class=\"wp-caption-text\">Korkery \u2013 prototyp prawdziwych but\u00f3w wspinaczkowych. Tak wygl\u0105da\u0142a (r)ewolulcja we wspinaniu.<\/p><\/div>\n<h2><span class=\"ez-toc-section\" id=\"Kuchenki_turystyczne\"><\/span>Kuchenki turystyczne<span class=\"ez-toc-section-end\"><\/span><\/h2>\n<p>Niedu\u017ce\u00a0<a href=\"https:\/\/skalnik.pl\/sprzet-turystyczny\/camping\/camping-kuchenki\" target=\"_blank\" rel=\"noopener\">kuchenki turystyczne<\/a>\u00a0wymaga\u0142y noszenia paliwa. Butelka benzyny by\u0142a nieod\u0142\u0105cznym towarzyszem biwak\u00f3w i kilkudniowych wyjazd\u00f3w. Zdarza\u0142o si\u0119, \u017ce jej zawarto\u015b\u0107 wycieka\u0142a i pojawia\u0142a si\u0119 w roli niepo\u017c\u0105danego dodatku do jedzenia. \u017belaznej dyscypliny wymaga\u0142o czyszczenie i przegl\u0105danie bre\u017cniewek, poniewa\u017c ka\u017cda nieszczelno\u015b\u0107 lub zabrudzenie mog\u0142o spowodowa\u0107 wybuch lub niekontrolowany po\u017car. Dzisiejsze palniki gazowe s\u0105 pod tym wzgl\u0119dem idealnie bezpieczne i wygodne. Wystarczy przykr\u0119ci\u0107 lub przebi\u0107 kartusz, by po paru chwilach cieszy\u0107 ciep\u0142\u0105 herbat\u0105 lub obiadem. Mieszanki gazowe s\u0105 tak dobierane, \u017ceby dawa\u0107 ogie\u0144 w ka\u017cdych warunkach.<\/p>\n<p>Poznaj przygody z bre\u017cniewkami:\u00a0<a href=\"https:\/\/goo.gl\/9MGswj\">https:\/\/goo.gl\/9MGswj<\/a><\/p>\n<div id=\"attachment_3491\" style=\"width: 1034px\" class=\"wp-caption alignnone\"><img loading=\"lazy\" decoding=\"async\" aria-describedby=\"caption-attachment-3491\" class=\"wp-image-3491 size-large\" src=\"https:\/\/skalnik.pl\/blog\/wp-content\/uploads\/2018\/04\/kuchenki_turystyczne-1024x600.jpg\" alt=\"kuchenki turystyczne\" width=\"1024\" height=\"600\" srcset=\"https:\/\/www.skalnik.pl\/blog\/wp-content\/uploads\/2018\/04\/kuchenki_turystyczne.jpg 1024w, https:\/\/www.skalnik.pl\/blog\/wp-content\/uploads\/2018\/04\/kuchenki_turystyczne-300x176.jpg 300w, https:\/\/www.skalnik.pl\/blog\/wp-content\/uploads\/2018\/04\/kuchenki_turystyczne-768x450.jpg 768w\" sizes=\"auto, (max-width: 1024px) 100vw, 1024px\" \/><p id=\"caption-attachment-3491\" class=\"wp-caption-text\">Nowoczesna kuchenka i jej babcia zwana &#8222;kostk\u0105&#8221; lub &#8222;bre\u017cniewk\u0105&#8221;.<\/p><\/div>\n<h2><span class=\"ez-toc-section\" id=\"Czolowki\"><\/span>Czo\u0142\u00f3wki<span class=\"ez-toc-section-end\"><\/span><\/h2>\n<p><a href=\"https:\/\/skalnik.pl\/sprzet-turystyczny\/oswietlenie\/oswietlenie-czolowki\">Latarki czo\u0142\u00f3wki<\/a>, bez kt\u00f3rych trudno dzi\u015b sobie wyobrazi\u0107 nocne poruszanie si\u0119 po szlaku czy wieczorne przygotowania na biwaku, maj\u0105 niezbyt d\u0142ug\u0105 histori\u0119. Niespe\u0142na 40 lat temu pierwsza czo\u0142\u00f3wka zawojowa\u0142a \u015bwiat. By\u0142a jedynym dost\u0119pnym wtedy modelem, zatem doczeka\u0142a si\u0119 wielu przer\u00f3bek \u2013 cz\u0119\u015b\u0107 z nich w wykonywana by\u0142a w zaciszach domowych. Chocia\u017c og\u00f3lny zamys\u0142 umieszczenia \u017ar\u00f3d\u0142a \u015bwiat\u0142a na g\u0142owie nie zmieni\u0142 si\u0119, trudno por\u00f3wna\u0107 \u00f3wczesnego Zooma do dzisiejszych modeli. \u017bar\u00f3wki halogenowe zosta\u0142y wyparte przez d\u0142ugowieczne i energooszcz\u0119dne diody LED. Ulepszano tryby, zmieniano moc \u015bwiecenia, zwi\u0119kszano czas pracy i rozwijano alternatywne \u017ar\u00f3d\u0142a zasilania, a jednocze\u015bnie wci\u0105\u017c zmniejszano wymiary czo\u0142\u00f3wek. Wszystko po to, \u017ceby czo\u0142\u00f3wka by\u0142a gotowa do u\u017cycia zawsze wtedy, gdy jest potrzebna.<\/p>\n<p>Szczeg\u00f3\u0142owo pierwsz\u0105 czo\u0142\u00f3wk\u0119 opisali\u015bmy w notatce:\u00a0<a href=\"https:\/\/goo.gl\/y6evHS\">https:\/\/goo.gl\/y6evHS<\/a><\/p>\n<div id=\"attachment_3493\" style=\"width: 1034px\" class=\"wp-caption alignnone\"><img loading=\"lazy\" decoding=\"async\" aria-describedby=\"caption-attachment-3493\" class=\"wp-image-3493 size-large\" src=\"https:\/\/skalnik.pl\/blog\/wp-content\/uploads\/2018\/04\/czo\u0142\u00f3wki-1024x600.jpg\" alt=\"czo\u0142\u00f3wki\" width=\"1024\" height=\"600\" srcset=\"https:\/\/www.skalnik.pl\/blog\/wp-content\/uploads\/2018\/04\/czo\u0142\u00f3wki.jpg 1024w, https:\/\/www.skalnik.pl\/blog\/wp-content\/uploads\/2018\/04\/czo\u0142\u00f3wki-300x176.jpg 300w, https:\/\/www.skalnik.pl\/blog\/wp-content\/uploads\/2018\/04\/czo\u0142\u00f3wki-768x450.jpg 768w\" sizes=\"auto, (max-width: 1024px) 100vw, 1024px\" \/><p id=\"caption-attachment-3493\" class=\"wp-caption-text\">Petzl Zoom \u2013 pierwsza latarka turystyczna na g\u0142ow\u0119. Obok model o kilka o\u015bwietleniowych &#8222;epok&#8221; nowocze\u015bniejszy.<\/p><\/div>\n<h2><span class=\"ez-toc-section\" id=\"Plecaki\"><\/span>Plecaki<span class=\"ez-toc-section-end\"><\/span><\/h2>\n<p>Najstarszym eksponatem w naszym muzeum jest plecak, kt\u00f3ry obchodzi\u0142 ju\u017c setne urodziny. Nie jest to typowy plecak turystyczny, ale model wojskowy. Znalaz\u0142 si\u0119 on jednak w muzeum Skalnika nieprzypadkowo. W czasach, w kt\u00f3rych typowy sprz\u0119t turystyczny by\u0142 jeszcze rzadko\u015bci\u0105, to w\u0142a\u015bnie rzeczy z demobilu pozwala\u0142y ludziom wypoczywa\u0107 w terenie i podejmowa\u0107 coraz to ciekawsze wyzwania w g\u00f3rach. Wojskowe plecaki, buty i odzie\u017c by\u0142y przede wszystkim bardzo wytrzyma\u0142e i mog\u0142y sprosta\u0107 nawet najtrudniejszym warunkom.<\/p>\n<p>Producenci plecak\u00f3w z kolejnymi latami d\u0105\u017c\u0105 do stworzenia modeli coraz to bardziej doskona\u0142ych. Kto bli\u017cej przygl\u0105da si\u0119 plecakom, ten wie, \u017ce ka\u017cdy producent ma swoje rozwi\u0105zania i priorytety. W prezentowanym na zdj\u0119ciu plecaku Kaipak marki Fjallraven liczy si\u0119 wytrzyma\u0142o\u015b\u0107. Z tego powodu wykonano go ze s\u0142ynnego materia\u0142u G-1000. Inni producenci mog\u0105 stawia\u0107 na inne, r\u00f3wnie wa\u017cne w plecakach w\u0142a\u015bciwo\u015bci, takie jak wygodny system no\u015bny, du\u017ca liczba kieszonek albo minimalizm, \u0142\u0105cz\u0105cy si\u0119 cz\u0119sto z jak najmniejsz\u0105 wag\u0105.<\/p>\n<p>Przeczytaj kilka opowie\u015bci z historii plecak\u00f3w na fanpage\u2019u Skalnika:\u00a0<a href=\"https:\/\/goo.gl\/bPhHTE\">https:\/\/goo.gl\/bPhHTE<\/a><\/p>\n<div id=\"attachment_3494\" style=\"width: 1034px\" class=\"wp-caption alignnone\"><img loading=\"lazy\" decoding=\"async\" aria-describedby=\"caption-attachment-3494\" class=\"wp-image-3494 size-large\" src=\"https:\/\/skalnik.pl\/blog\/wp-content\/uploads\/2018\/04\/plecaki-1024x600.jpg\" alt=\"plecaki\" width=\"1024\" height=\"600\" srcset=\"https:\/\/www.skalnik.pl\/blog\/wp-content\/uploads\/2018\/04\/plecaki.jpg 1024w, https:\/\/www.skalnik.pl\/blog\/wp-content\/uploads\/2018\/04\/plecaki-300x176.jpg 300w, https:\/\/www.skalnik.pl\/blog\/wp-content\/uploads\/2018\/04\/plecaki-768x450.jpg 768w\" sizes=\"auto, (max-width: 1024px) 100vw, 1024px\" \/><p id=\"caption-attachment-3494\" class=\"wp-caption-text\">Plecak na przestrzeni ponad stu lat. Model z lewej powsta\u0142 w 1915 r.<\/p><\/div>\n<h2><span class=\"ez-toc-section\" id=\"Buty_trekkingowe\"><\/span>Buty trekkingowe<span class=\"ez-toc-section-end\"><\/span><\/h2>\n<p>Te pot\u0119\u017cne, sk\u00f3rzane buty na zdj\u0119ciu obok to Zawraty, polskiej produkcji buty wysokog\u00f3rskie, kt\u00f3re by\u0142y obiektem marze\u0144 i westchnie\u0144 wielu turyst\u00f3w. Gdyby dok\u0142adnie przestudiowa\u0107 zdj\u0119cia z czas\u00f3w \u201cz\u0142otej ery Himalaizmu\u201d na nogach zdobywc\u00f3w najwy\u017cszych g\u00f3r \u015bwiata dojrzymy w\u0142a\u015bnie ten model. Produkowano je z my\u015bl\u0105 o zdobywaniu g\u00f3r zim\u0105, dlatego te\u017c s\u0105 masywne, ci\u0119\u017ckie i \u2013 co jest rzecz\u0105 gustu \u2013 do\u015b\u0107 ma\u0142o oryginalne je\u015bli chodzi o wzornictwo. Ich cholewka by\u0142a wykonana z grubej licowej sk\u00f3ry, a gumowa podeszwa montowana by\u0142a oddzielnie. By\u0142o to rozwi\u0105zanie o tyle praktyczne, \u017ce zdart\u0105 podeszw\u0119 mo\u017cna by\u0142o wymieni\u0107. O buty dbano wcieraj\u0105c w sk\u00f3r\u0119 r\u00f3\u017cnego rodzaju mazid\u0142a, kt\u00f3re niestety pozbawia\u0142y je naturalnej oddychalno\u015bci.<\/p>\n<p>Zawraty by\u0142y zdecydowanie butami dla zaawansowanych g\u00f3ro\u0142az\u00f3w. A w czym szlaki przemierzali zwykli tury\u015bci? Najcz\u0119\u015bciej w popularnych \u201ctraperkach\u201d lub wojskowych \u201copinaczach\u201d. Traktor podeszwy traperk\u00f3w przestawa\u0142 istnie\u0107 po jednym lub dw\u00f3ch sezonach, zostawa\u0142o wi\u0119c szlifowanie kamieni tym zerowym bie\u017cnikiem. Z wodoodporno\u015bci\u0105 nie mia\u0142y wiele wsp\u00f3lnego, chocia\u017c oczywi\u015bcie \u0142apano si\u0119 r\u00f3\u017cnych sposob\u00f3w na zabezpieczenie ich przed deszczem i przed\u0142u\u017cenie trwa\u0142o\u015bci.<\/p>\n<p>Chocia\u017c sk\u00f3ra naturalna nadal jest bardzo cenionym surowcem stosowanym w cholewkach but\u00f3w trekkingowych, coraz cz\u0119\u015bciej zast\u0119puje si\u0119 j\u0105 sztucznymi materia\u0142ami. Producenci prze\u015bcigaj\u0105 si\u0119, by proponowa\u0107 coraz l\u017cejsze buty przeznaczone w g\u00f3ry wysokie i najwy\u017csze. Para takich but\u00f3w potrafi wa\u017cy\u0107 u\u0142amek tego, co pojedynczy but kilkadziesi\u0105t lat temu. Dla zwi\u0119kszenia komfortu stosuje si\u0119 membrany, kt\u00f3rych zadaniem jest ochrona przed deszczem, ale przy zachowaniu dobrej oddychalno\u015bci. Vibram lub podobna do niego, bardzo przyczepna, a zarazem trwa\u0142a guma jest standardem w podeszwach. Daje ona dobr\u0105 przyczepno\u015b\u0107 w ka\u017cdym terenie i na r\u00f3\u017cnych pod\u0142o\u017cach. Znani producenci but\u00f3w nadal proponuj\u0105 wymian\u0119 zu\u017cytych podeszw je\u015bli tylko cholewka but\u00f3w pozostaje w dobrym stanie. \u015arodk\u00f3w do piel\u0119gnacji obuwia nie brakuje \u2013 atomizery, spraye, p\u0142yny do ka\u017cdego rodzaju cholewki dbaj\u0105 o zachowanie dobrych w\u0142a\u015bciwo\u015bci materia\u0142u.<\/p>\n<p>Zawraty szerzej opisali\u015bmy w tek\u015bcie:\u00a0<a href=\"https:\/\/goo.gl\/uuQzke\">https:\/\/goo.gl\/uuQzke<\/a><\/p>\n<div id=\"attachment_3495\" style=\"width: 1034px\" class=\"wp-caption alignnone\"><img loading=\"lazy\" decoding=\"async\" aria-describedby=\"caption-attachment-3495\" class=\"wp-image-3495 size-large\" src=\"https:\/\/skalnik.pl\/blog\/wp-content\/uploads\/2018\/04\/buty_trekkingowe-1024x600.jpg\" alt=\"buty trekkingowe\" width=\"1024\" height=\"600\" srcset=\"https:\/\/www.skalnik.pl\/blog\/wp-content\/uploads\/2018\/04\/buty_trekkingowe.jpg 1024w, https:\/\/www.skalnik.pl\/blog\/wp-content\/uploads\/2018\/04\/buty_trekkingowe-300x176.jpg 300w, https:\/\/www.skalnik.pl\/blog\/wp-content\/uploads\/2018\/04\/buty_trekkingowe-768x450.jpg 768w\" sizes=\"auto, (max-width: 1024px) 100vw, 1024px\" \/><p id=\"caption-attachment-3495\" class=\"wp-caption-text\">Buty trekkingowe. Z lewej legenda, z prawej nowoczesno\u015b\u0107.<\/p><\/div>\n<h2><span class=\"ez-toc-section\" id=\"Kurtki_turystyczne\"><\/span>Kurtki turystyczne<span class=\"ez-toc-section-end\"><\/span><\/h2>\n<p>Kiedy\u015b najpopularniejszymi kurtkami turystycznymi by\u0142y anoraki. Chroni\u0142y przed deszczem i wiatrem \u2013 czasami tylko symbolicznie. Powstawa\u0142y w ma\u0142ych zak\u0142adach krawieckich lub na domowych maszynach klubowych kole\u017canek. Szyto je z ortalionu, cz\u0119sto przemycanego nielegalnie np. z Czechos\u0142owacji. Ich przed\u0142u\u017cony kr\u00f3j dobrze sprawdza\u0142 si\u0119 podczas asekuracji lub odpoczynku w paskudnej pogodzie, poniewa\u017c \u0142atwo mo\u017cna by\u0142o nimi okry\u0107 uda i nogi. Mia\u0142y patenty, kt\u00f3re poprawia\u0142y wygod\u0119 u\u017cytkowania: daszek w kapturze, kieszonk\u0119 na piersi, \u015bci\u0105gacz na dole czy specjalny wywietrznik na plecach<\/p>\n<p>Wodoodporne, wiatroszczelne, oddychaj\u0105ce &#8211; dzisiejsze <a href=\"https:\/\/skalnik.pl\/odziez\/goretex\" target=\"_blank\" rel=\"noopener\">kurtki<\/a> wydawa\u0142oby si\u0119, \u017ce tylko z grubsza przypominaj\u0105 swoich przodk\u00f3w. Cz\u0119\u015b\u0107 rozwi\u0105za\u0144 sprzed lat przesz\u0142a ewolucj\u0119 \u2013 wywietrzniki przeniesiono pod pachy, a zamiast jednej kieszonki, zazwyczaj s\u0105 co najmniej dwie, dost\u0119p do uprz\u0119\u017cy u\u0142atwiaj\u0105 dwubiegowe zamki. Najwi\u0119ksza zmiana dotyczy jednak materia\u0142\u00f3w zewn\u0119trznych \u2013 dzisiejsze s\u0105 trwa\u0142e i lekkie, z membranami, kt\u00f3re daj\u0105 odporno\u015b\u0107 na deszcz, a jednocze\u015bnie zapewniaj\u0105 oddychalno\u015b\u0107.<\/p>\n<p>Wi\u0119cej o zaletach i wadach anorakow w tek\u015bcie:\u00a0<a href=\"https:\/\/goo.gl\/Xn5FUD\">https:\/\/goo.gl\/Xn5FUD<\/a><\/p>\n<div id=\"attachment_3496\" style=\"width: 1034px\" class=\"wp-caption alignnone\"><img loading=\"lazy\" decoding=\"async\" aria-describedby=\"caption-attachment-3496\" class=\"wp-image-3496 size-large\" src=\"https:\/\/skalnik.pl\/blog\/wp-content\/uploads\/2018\/04\/kurtki_turystyczne-1024x600.jpg\" alt=\"kurtki turystyczne\" width=\"1024\" height=\"600\" srcset=\"https:\/\/www.skalnik.pl\/blog\/wp-content\/uploads\/2018\/04\/kurtki_turystyczne.jpg 1024w, https:\/\/www.skalnik.pl\/blog\/wp-content\/uploads\/2018\/04\/kurtki_turystyczne-300x176.jpg 300w, https:\/\/www.skalnik.pl\/blog\/wp-content\/uploads\/2018\/04\/kurtki_turystyczne-768x450.jpg 768w\" sizes=\"auto, (max-width: 1024px) 100vw, 1024px\" \/><p id=\"caption-attachment-3496\" class=\"wp-caption-text\">Anorak i techniczna kurtka. Ten pierwszy ze wszystkimi \u00f3wczesnymi bajerami.<\/p><\/div>\n<h2><span class=\"ez-toc-section\" id=\"Rakiety_sniezne\"><\/span>Rakiety \u015bnie\u017cne<span class=\"ez-toc-section-end\"><\/span><\/h2>\n<p>Tyle je \u0142\u0105czy, ile dzieli. Nowe i stare rakiety \u015bnie\u017cne dzia\u0142aj\u0105 w ten sam spos\u00f3b, zwi\u0119kszaj\u0105c pole nacisku na \u015bnieg. Tr\u0105c\u0105ce myszk\u0105 modele i hiper kosmiczne kszta\u0142ty powstawa\u0142y od zawsze z jak najl\u017cejszych materia\u0142\u00f3w. To kolejne podobie\u0144stwo, kt\u00f3re mia\u0142o zadba\u0107 o to, by w ci\u0119\u017ckich warunkach zimowych nie trzeba by\u0142o nosi\u0107 na nogach zb\u0119dnych kilogram\u00f3w. A jednak wystarczy kilka sekund spojrzenia na nowoczesne rakiety \u015bnie\u017cne, \u017ceby spostrzec, jak du\u017co si\u0119 zmieni\u0142o. Rakieta Symbioz marki TSL jest lekka, wykonana z elastycznego tworzywa i wyposa\u017cona w systemy u\u0142atwiaj\u0105ce w\u0119drowanie. Chodzenie w takim modelu jest bardziej naturalne, czego nie mo\u017cna powiedzie\u0107 o rakietce z aluminiowych rurek i ta\u015bm. \u00a0Po zainstalowaniu takiej rakiety krok w nieco g\u0142\u0119bszym \u015bniegu przypomina\u0142 raczej spos\u00f3b poruszania si\u0119 bociana. Chyba wiesz, o co chodzi\u2026<\/p>\n<p>Dowiedz si\u0119 wi\u0119cej o rakietach \u2013 wynalazku starszym od ko\u0142a:\u00a0<a href=\"https:\/\/goo.gl\/3uLkTM\">https:\/\/goo.gl\/3uLkTM<\/a><\/p>\n<div id=\"attachment_3497\" style=\"width: 1034px\" class=\"wp-caption alignnone\"><img loading=\"lazy\" decoding=\"async\" aria-describedby=\"caption-attachment-3497\" class=\"wp-image-3497 size-large\" src=\"https:\/\/skalnik.pl\/blog\/wp-content\/uploads\/2018\/04\/rakiety_\u015bnie\u017cne-1024x446.jpg\" alt=\"rakiety \u015bnie\u017cne\" width=\"1024\" height=\"446\" srcset=\"https:\/\/www.skalnik.pl\/blog\/wp-content\/uploads\/2018\/04\/rakiety_\u015bnie\u017cne.jpg 1024w, https:\/\/www.skalnik.pl\/blog\/wp-content\/uploads\/2018\/04\/rakiety_\u015bnie\u017cne-300x131.jpg 300w, https:\/\/www.skalnik.pl\/blog\/wp-content\/uploads\/2018\/04\/rakiety_\u015bnie\u017cne-768x335.jpg 768w\" sizes=\"auto, (max-width: 1024px) 100vw, 1024px\" \/><p id=\"caption-attachment-3497\" class=\"wp-caption-text\">Rakiety \u015bniezne. Z lewej archaiczna, z prawej kosmiczna.<\/p><\/div>\n<h2><span class=\"ez-toc-section\" id=\"Raki_i_czekany\"><\/span>Raki i czekany<span class=\"ez-toc-section-end\"><\/span><\/h2>\n<p>Przez lata nie zmieni\u0142 si\u0119 podstawowy fakt \u2013 potrzebujemy dodatkowego sprz\u0119tu, \u017ceby bezpiecznie porusza\u0107 si\u0119 po zalodzonym, stromym terenie. Jeszcze kilkadziesi\u0105t lat temu raki i czekany wykuwali klubowi koledzy lub znajomi kowale. By\u0107 mo\u017ce przyrz\u0105dy te mia\u0142y nieco toporny wygl\u0105d i trudno nazwa\u0107 je ultralekkimi, ale spe\u0142nia\u0142y swoj\u0105 rol\u0119. Jednak najwi\u0119ksz\u0105 ich zalet\u0105 by\u0142 po prostu fakt, \u017ce by\u0142y dost\u0119pne. Por\u00f3wnuj\u0105c wsp\u00f3\u0142czesne modele\u00a0<a href=\"https:\/\/skalnik.pl\/sprzet-zimowy\/turystyka-zimowa\/turystyka-zimowa-raki-raczki\" target=\"_blank\" rel=\"noopener\">rak\u00f3w\u00a0<\/a>i ich przodk\u00f3w z jednej strony wida\u0107, \u017ce sam trzon konstrukcji nie uleg\u0142 wielkiej zmianie \u2013 z\u0119by, regulowany \u0142\u0105cznik i konieczno\u015b\u0107 po\u0142\u0105czenia raka z butem pozosta\u0142y niezmienne. Drastycznej przemianie uleg\u0142y oczywi\u015bcie materia\u0142y \u2013 obecnie s\u0105 bardzo lekkie, a jednocze\u015bnie trwa\u0142e. Pojawi\u0142y si\u0119 proste i funkcjonalne podk\u0142adki anty\u015bniegowe. W systemie mocowania tradycyjne ta\u015bmy przemieni\u0142y si\u0119 w plastikowe koszyki lub system zatrzask\u00f3w, chocia\u017c ta\u015bmy pozosta\u0142y w roli dodatkowego \u0142\u0105cznika. Ewolucja czekan\u00f3w najbardziej widoczna jest w modelach technicznych \u2013 z prostego modelu po zaawansowane, wyginane styliska umo\u017cliwiaj\u0105ce wygodne pokonywanie lodowych pion\u00f3w.<\/p>\n<p>Wi\u0119cej o\u00a0rakach i dziabach:\u00a0<a href=\"https:\/\/goo.gl\/FZnG2v\">https:\/\/goo.gl\/FZnG2v<\/a><\/p>\n<div id=\"attachment_3483\" style=\"width: 1034px\" class=\"wp-caption alignnone\"><img loading=\"lazy\" decoding=\"async\" aria-describedby=\"caption-attachment-3483\" class=\"wp-image-3483 size-large\" src=\"https:\/\/skalnik.pl\/blog\/wp-content\/uploads\/2018\/04\/raki_i_czekany-1024x444.jpg\" alt=\"raki i czekany\" width=\"1024\" height=\"444\" srcset=\"https:\/\/www.skalnik.pl\/blog\/wp-content\/uploads\/2018\/04\/raki_i_czekany.jpg 1024w, https:\/\/www.skalnik.pl\/blog\/wp-content\/uploads\/2018\/04\/raki_i_czekany-300x130.jpg 300w, https:\/\/www.skalnik.pl\/blog\/wp-content\/uploads\/2018\/04\/raki_i_czekany-768x333.jpg 768w\" sizes=\"auto, (max-width: 1024px) 100vw, 1024px\" \/><p id=\"caption-attachment-3483\" class=\"wp-caption-text\">Raki i dziabki. Zabawki lodowych wojownik\u00f3w.<\/p><\/div>\n<p>&nbsp;<\/p>\n<p>Tych kilka eksponat\u00f3w to tylko drobna cz\u0119\u015b\u0107 historii sprz\u0119tu turystycznego. Znajdowanie starych outdoorowych rupieci to ekscytuj\u0105ca zabawa, bo za ka\u017cdym takim sprz\u0119tem kryj\u0105 si\u0119 historie zwi\u0105zane z jego wykorzystaniem. W tym roku nasz sklep obchodzi swoje 25 urodziny. Nasze #muzeumSkalnika to jeden z pomys\u0142\u00f3w na \u015bwi\u0119towanie jubileuszu powstania Skalnika. Wkr\u00f3tce kolejne. Obserwuj nas i wspominaj razem z nami.<\/p>\n<p style=\"text-align: right;\"><i>Beata Nawrotkiewicz, S\u0142awek Nosal \u2013 redaktorzy sklanik.pl<\/i><\/p>\n","protected":false},"excerpt":{"rendered":"<p>Podsumowali\u015bmy akcj\u0119 #muzeumSkalnika. Okr\u0105g\u0142e 25 lat temu powsta\u0142a nasza firma i to sta\u0142o si\u0119 pretekstem, by spojrze\u0107 w przesz\u0142o\u015b\u0107, zajrze\u0107 do szaf, pawlaczy i r\u00f3\u017cnych zakamark\u00f3w, by wygrzeba\u0107 z nich zapomniany sprz\u0119t turystyczny i wspinaczkowy. Zobacz czego u\u017cywa\u0142o si\u0119 dawniej i odkryj historie, z kt\u00f3rymi zwi\u0105zane s\u0105 eksponaty z naszego muzeum. \u015aruby lodowe samor\u00f3bki, korkery (czyli buty wspinaczkowe wykonane w domu z pi\u0142karskich kork\u00f3w), rozchwytywane w Himalajach anoraki, kt\u00f3re szy\u0142y dwie wroc\u0142awskie dziewczyny zakochane w g\u00f3rach. Po prostu odkryj to! <\/p>\n","protected":false},"author":7,"featured_media":3481,"comment_status":"open","ping_status":"open","sticky":false,"template":"","format":"standard","meta":{"_acf_changed":false,"footnotes":""},"categories":[5,84],"tags":[148,94,99,95],"magento_category":[166],"magento_product":[],"class_list":["post-2886","post","type-post","status-publish","format-standard","has-post-thumbnail","hentry","category-branza","category-pasja","tag-akcesoria-turystyczne","tag-inspiracje","tag-rynek-outdoor","tag-sprzet-turystyczny"],"acf":[],"aioseo_notices":[],"aioseo_head":"\n\t\t<!-- All in One SEO 4.9.10 - aioseo.com -->\n\t<meta name=\"description\" content=\"Podsumowali\u015bmy akcj\u0119 #muzeumSkalnika. Okr\u0105g\u0142e 25 lat temu powsta\u0142a nasza firma i to sta\u0142o si\u0119 pretekstem, by spojrze\u0107 w przesz\u0142o\u015b\u0107. Zobacz czego u\u017cywa\u0142o si\u0119 dawniej i odkryj historie, z kt\u00f3rymi zwi\u0105zane s\u0105 eksponaty z naszego muzeum.\" \/>\n\t<meta name=\"robots\" content=\"max-image-preview:large\" \/>\n\t<meta name=\"author\" content=\"Redakcja skalnik.pl\"\/>\n\t<link rel=\"canonical\" href=\"https:\/\/www.skalnik.pl\/blog\/historia-sprzetu-turystycznego\/\" \/>\n\t<meta name=\"generator\" content=\"All in One SEO (AIOSEO) 4.9.10\" \/>\n\t\t<meta property=\"og:locale\" content=\"pl_PL\" \/>\n\t\t<meta property=\"og:site_name\" content=\"blog Skalnik - Blog, porady, artyku\u0142y - blog Skalnik\" \/>\n\t\t<meta property=\"og:type\" content=\"article\" \/>\n\t\t<meta property=\"og:title\" content=\"Historia sprz\u0119tu turystycznego - blog Skalnik\" \/>\n\t\t<meta property=\"og:description\" content=\"Podsumowali\u015bmy akcj\u0119 #muzeumSkalnika. Okr\u0105g\u0142e 25 lat temu powsta\u0142a nasza firma i to sta\u0142o si\u0119 pretekstem, by spojrze\u0107 w przesz\u0142o\u015b\u0107. Zobacz czego u\u017cywa\u0142o si\u0119 dawniej i odkryj historie, z kt\u00f3rymi zwi\u0105zane s\u0105 eksponaty z naszego muzeum.\" \/>\n\t\t<meta property=\"og:url\" content=\"https:\/\/www.skalnik.pl\/blog\/historia-sprzetu-turystycznego\/\" \/>\n\t\t<meta property=\"og:image\" content=\"https:\/\/skalnik.pl\/blog\/wp-content\/uploads\/2018\/04\/\u015bruby_lodowcowe-1024x444.jpg\" \/>\n\t\t<meta property=\"og:image:secure_url\" content=\"https:\/\/skalnik.pl\/blog\/wp-content\/uploads\/2018\/04\/\u015bruby_lodowcowe-1024x444.jpg\" \/>\n\t\t<meta property=\"article:tag\" content=\"bran\u017ca\" \/>\n\t\t<meta property=\"article:tag\" content=\"pasja\" \/>\n\t\t<meta property=\"article:tag\" content=\"akcesoria turystyczne\" \/>\n\t\t<meta property=\"article:tag\" content=\"inspiracje\" \/>\n\t\t<meta property=\"article:tag\" content=\"rynek outdoor\" \/>\n\t\t<meta property=\"article:tag\" content=\"sprz\u0119t turystyczny\" \/>\n\t\t<meta property=\"article:published_time\" content=\"2018-04-06T10:56:48+00:00\" \/>\n\t\t<meta property=\"article:modified_time\" content=\"2018-12-14T15:55:00+00:00\" \/>\n\t\t<meta name=\"twitter:card\" content=\"summary_large_image\" \/>\n\t\t<meta name=\"twitter:title\" content=\"Historia sprz\u0119tu turystycznego - blog Skalnik\" \/>\n\t\t<meta name=\"twitter:description\" content=\"Podsumowali\u015bmy akcj\u0119 #muzeumSkalnika. Okr\u0105g\u0142e 25 lat temu powsta\u0142a nasza firma i to sta\u0142o si\u0119 pretekstem, by spojrze\u0107 w przesz\u0142o\u015b\u0107. Zobacz czego u\u017cywa\u0142o si\u0119 dawniej i odkryj historie, z kt\u00f3rymi zwi\u0105zane s\u0105 eksponaty z naszego muzeum.\" \/>\n\t\t<meta name=\"twitter:image\" content=\"https:\/\/skalnik.pl\/blog\/wp-content\/uploads\/2018\/04\/\u015bruby_lodowcowe-1024x444.jpg\" \/>\n\t\t<script type=\"application\/ld+json\" class=\"aioseo-schema\">\n\t\t\t{\"@context\":\"https:\\\/\\\/schema.org\",\"@graph\":[{\"@type\":\"BlogPosting\",\"@id\":\"https:\\\/\\\/www.skalnik.pl\\\/blog\\\/historia-sprzetu-turystycznego\\\/#blogposting\",\"name\":\"Historia sprz\\u0119tu turystycznego - blog Skalnik\",\"headline\":\"Historia sprz\\u0119tu turystycznego\",\"author\":{\"@id\":\"https:\\\/\\\/www.skalnik.pl\\\/blog\\\/author\\\/redakcja-skalnik-pl\\\/#author\"},\"publisher\":{\"@id\":\"https:\\\/\\\/www.skalnik.pl\\\/blog\\\/#organization\"},\"image\":{\"@type\":\"ImageObject\",\"url\":\"https:\\\/\\\/www.skalnik.pl\\\/blog\\\/wp-content\\\/uploads\\\/2018\\\/04\\\/ok\\u0142adka_historia.jpg\",\"width\":1920,\"height\":705,\"caption\":\"historia sprz\\u0119tu turystycznego\"},\"datePublished\":\"2018-04-06T12:56:48+02:00\",\"dateModified\":\"2018-12-14T16:55:00+02:00\",\"inLanguage\":\"pl-PL\",\"mainEntityOfPage\":{\"@id\":\"https:\\\/\\\/www.skalnik.pl\\\/blog\\\/historia-sprzetu-turystycznego\\\/#webpage\"},\"isPartOf\":{\"@id\":\"https:\\\/\\\/www.skalnik.pl\\\/blog\\\/historia-sprzetu-turystycznego\\\/#webpage\"},\"articleSection\":\"Bran\\u017ca, Pasja, akcesoria turystyczne, inspiracje, rynek outdoor, sprz\\u0119t turystyczny, 1200\"},{\"@type\":\"BreadcrumbList\",\"@id\":\"https:\\\/\\\/www.skalnik.pl\\\/blog\\\/historia-sprzetu-turystycznego\\\/#breadcrumblist\",\"itemListElement\":[{\"@type\":\"ListItem\",\"@id\":\"https:\\\/\\\/www.skalnik.pl\\\/blog#listItem\",\"position\":1,\"name\":\"Home\",\"item\":\"https:\\\/\\\/www.skalnik.pl\\\/blog\",\"nextItem\":{\"@type\":\"ListItem\",\"@id\":\"https:\\\/\\\/www.skalnik.pl\\\/blog\\\/.\\\/branza\\\/#listItem\",\"name\":\"Bran\\u017ca\"}},{\"@type\":\"ListItem\",\"@id\":\"https:\\\/\\\/www.skalnik.pl\\\/blog\\\/.\\\/branza\\\/#listItem\",\"position\":2,\"name\":\"Bran\\u017ca\",\"item\":\"https:\\\/\\\/www.skalnik.pl\\\/blog\\\/.\\\/branza\\\/\",\"nextItem\":{\"@type\":\"ListItem\",\"@id\":\"https:\\\/\\\/www.skalnik.pl\\\/blog\\\/historia-sprzetu-turystycznego\\\/#listItem\",\"name\":\"Historia sprz\\u0119tu turystycznego\"},\"previousItem\":{\"@type\":\"ListItem\",\"@id\":\"https:\\\/\\\/www.skalnik.pl\\\/blog#listItem\",\"name\":\"Home\"}},{\"@type\":\"ListItem\",\"@id\":\"https:\\\/\\\/www.skalnik.pl\\\/blog\\\/historia-sprzetu-turystycznego\\\/#listItem\",\"position\":3,\"name\":\"Historia sprz\\u0119tu turystycznego\",\"previousItem\":{\"@type\":\"ListItem\",\"@id\":\"https:\\\/\\\/www.skalnik.pl\\\/blog\\\/.\\\/branza\\\/#listItem\",\"name\":\"Bran\\u017ca\"}}]},{\"@type\":\"Organization\",\"@id\":\"https:\\\/\\\/www.skalnik.pl\\\/blog\\\/#organization\",\"name\":\"blog Skalnik\",\"description\":\"Blog, porady, artyku\\u0142y - blog Skalnik\",\"url\":\"https:\\\/\\\/www.skalnik.pl\\\/blog\\\/\"},{\"@type\":\"Person\",\"@id\":\"https:\\\/\\\/www.skalnik.pl\\\/blog\\\/author\\\/redakcja-skalnik-pl\\\/#author\",\"url\":\"https:\\\/\\\/www.skalnik.pl\\\/blog\\\/author\\\/redakcja-skalnik-pl\\\/\",\"name\":\"Redakcja skalnik.pl\",\"image\":{\"@type\":\"ImageObject\",\"@id\":\"https:\\\/\\\/www.skalnik.pl\\\/blog\\\/historia-sprzetu-turystycznego\\\/#authorImage\",\"url\":\"https:\\\/\\\/secure.gravatar.com\\\/avatar\\\/7eab29b048aaf0899cd9a145e9adb814e2130ced31e65b454b902500bea65f9e?s=96&d=mm&r=g\",\"width\":96,\"height\":96,\"caption\":\"Redakcja skalnik.pl\"}},{\"@type\":\"WebPage\",\"@id\":\"https:\\\/\\\/www.skalnik.pl\\\/blog\\\/historia-sprzetu-turystycznego\\\/#webpage\",\"url\":\"https:\\\/\\\/www.skalnik.pl\\\/blog\\\/historia-sprzetu-turystycznego\\\/\",\"name\":\"Historia sprz\\u0119tu turystycznego - blog Skalnik\",\"description\":\"Podsumowali\\u015bmy akcj\\u0119 #muzeumSkalnika. Okr\\u0105g\\u0142e 25 lat temu powsta\\u0142a nasza firma i to sta\\u0142o si\\u0119 pretekstem, by spojrze\\u0107 w przesz\\u0142o\\u015b\\u0107. Zobacz czego u\\u017cywa\\u0142o si\\u0119 dawniej i odkryj historie, z kt\\u00f3rymi zwi\\u0105zane s\\u0105 eksponaty z naszego muzeum.\",\"inLanguage\":\"pl-PL\",\"isPartOf\":{\"@id\":\"https:\\\/\\\/www.skalnik.pl\\\/blog\\\/#website\"},\"breadcrumb\":{\"@id\":\"https:\\\/\\\/www.skalnik.pl\\\/blog\\\/historia-sprzetu-turystycznego\\\/#breadcrumblist\"},\"author\":{\"@id\":\"https:\\\/\\\/www.skalnik.pl\\\/blog\\\/author\\\/redakcja-skalnik-pl\\\/#author\"},\"creator\":{\"@id\":\"https:\\\/\\\/www.skalnik.pl\\\/blog\\\/author\\\/redakcja-skalnik-pl\\\/#author\"},\"image\":{\"@type\":\"ImageObject\",\"url\":\"https:\\\/\\\/www.skalnik.pl\\\/blog\\\/wp-content\\\/uploads\\\/2018\\\/04\\\/ok\\u0142adka_historia.jpg\",\"@id\":\"https:\\\/\\\/www.skalnik.pl\\\/blog\\\/historia-sprzetu-turystycznego\\\/#mainImage\",\"width\":1920,\"height\":705,\"caption\":\"historia sprz\\u0119tu turystycznego\"},\"primaryImageOfPage\":{\"@id\":\"https:\\\/\\\/www.skalnik.pl\\\/blog\\\/historia-sprzetu-turystycznego\\\/#mainImage\"},\"datePublished\":\"2018-04-06T12:56:48+02:00\",\"dateModified\":\"2018-12-14T16:55:00+02:00\"},{\"@type\":\"WebSite\",\"@id\":\"https:\\\/\\\/www.skalnik.pl\\\/blog\\\/#website\",\"url\":\"https:\\\/\\\/www.skalnik.pl\\\/blog\\\/\",\"name\":\"blog Skalnik\",\"description\":\"Blog, porady, artyku\\u0142y - blog Skalnik\",\"inLanguage\":\"pl-PL\",\"publisher\":{\"@id\":\"https:\\\/\\\/www.skalnik.pl\\\/blog\\\/#organization\"}}]}\n\t\t<\/script>\n\t\t<!-- All in One SEO -->\n\n","aioseo_head_json":{"title":"Historia sprz\u0119tu turystycznego - blog Skalnik","description":"Podsumowali\u015bmy akcj\u0119 #muzeumSkalnika. Okr\u0105g\u0142e 25 lat temu powsta\u0142a nasza firma i to sta\u0142o si\u0119 pretekstem, by spojrze\u0107 w przesz\u0142o\u015b\u0107. Zobacz czego u\u017cywa\u0142o si\u0119 dawniej i odkryj historie, z kt\u00f3rymi zwi\u0105zane s\u0105 eksponaty z naszego muzeum.","canonical_url":"https:\/\/www.skalnik.pl\/blog\/historia-sprzetu-turystycznego\/","robots":"max-image-preview:large","keywords":"","webmasterTools":{"miscellaneous":""},"schema":{"@context":"https:\/\/schema.org","@graph":[{"@type":"BlogPosting","@id":"https:\/\/www.skalnik.pl\/blog\/historia-sprzetu-turystycznego\/#blogposting","name":"Historia sprz\u0119tu turystycznego - blog Skalnik","headline":"Historia sprz\u0119tu turystycznego","author":{"@id":"https:\/\/www.skalnik.pl\/blog\/author\/redakcja-skalnik-pl\/#author"},"publisher":{"@id":"https:\/\/www.skalnik.pl\/blog\/#organization"},"image":{"@type":"ImageObject","url":"https:\/\/www.skalnik.pl\/blog\/wp-content\/uploads\/2018\/04\/ok\u0142adka_historia.jpg","width":1920,"height":705,"caption":"historia sprz\u0119tu turystycznego"},"datePublished":"2018-04-06T12:56:48+02:00","dateModified":"2018-12-14T16:55:00+02:00","inLanguage":"pl-PL","mainEntityOfPage":{"@id":"https:\/\/www.skalnik.pl\/blog\/historia-sprzetu-turystycznego\/#webpage"},"isPartOf":{"@id":"https:\/\/www.skalnik.pl\/blog\/historia-sprzetu-turystycznego\/#webpage"},"articleSection":"Bran\u017ca, Pasja, akcesoria turystyczne, inspiracje, rynek outdoor, sprz\u0119t turystyczny, 1200"},{"@type":"BreadcrumbList","@id":"https:\/\/www.skalnik.pl\/blog\/historia-sprzetu-turystycznego\/#breadcrumblist","itemListElement":[{"@type":"ListItem","@id":"https:\/\/www.skalnik.pl\/blog#listItem","position":1,"name":"Home","item":"https:\/\/www.skalnik.pl\/blog","nextItem":{"@type":"ListItem","@id":"https:\/\/www.skalnik.pl\/blog\/.\/branza\/#listItem","name":"Bran\u017ca"}},{"@type":"ListItem","@id":"https:\/\/www.skalnik.pl\/blog\/.\/branza\/#listItem","position":2,"name":"Bran\u017ca","item":"https:\/\/www.skalnik.pl\/blog\/.\/branza\/","nextItem":{"@type":"ListItem","@id":"https:\/\/www.skalnik.pl\/blog\/historia-sprzetu-turystycznego\/#listItem","name":"Historia sprz\u0119tu turystycznego"},"previousItem":{"@type":"ListItem","@id":"https:\/\/www.skalnik.pl\/blog#listItem","name":"Home"}},{"@type":"ListItem","@id":"https:\/\/www.skalnik.pl\/blog\/historia-sprzetu-turystycznego\/#listItem","position":3,"name":"Historia sprz\u0119tu turystycznego","previousItem":{"@type":"ListItem","@id":"https:\/\/www.skalnik.pl\/blog\/.\/branza\/#listItem","name":"Bran\u017ca"}}]},{"@type":"Organization","@id":"https:\/\/www.skalnik.pl\/blog\/#organization","name":"blog Skalnik","description":"Blog, porady, artyku\u0142y - blog Skalnik","url":"https:\/\/www.skalnik.pl\/blog\/"},{"@type":"Person","@id":"https:\/\/www.skalnik.pl\/blog\/author\/redakcja-skalnik-pl\/#author","url":"https:\/\/www.skalnik.pl\/blog\/author\/redakcja-skalnik-pl\/","name":"Redakcja skalnik.pl","image":{"@type":"ImageObject","@id":"https:\/\/www.skalnik.pl\/blog\/historia-sprzetu-turystycznego\/#authorImage","url":"https:\/\/secure.gravatar.com\/avatar\/7eab29b048aaf0899cd9a145e9adb814e2130ced31e65b454b902500bea65f9e?s=96&d=mm&r=g","width":96,"height":96,"caption":"Redakcja skalnik.pl"}},{"@type":"WebPage","@id":"https:\/\/www.skalnik.pl\/blog\/historia-sprzetu-turystycznego\/#webpage","url":"https:\/\/www.skalnik.pl\/blog\/historia-sprzetu-turystycznego\/","name":"Historia sprz\u0119tu turystycznego - blog Skalnik","description":"Podsumowali\u015bmy akcj\u0119 #muzeumSkalnika. Okr\u0105g\u0142e 25 lat temu powsta\u0142a nasza firma i to sta\u0142o si\u0119 pretekstem, by spojrze\u0107 w przesz\u0142o\u015b\u0107. Zobacz czego u\u017cywa\u0142o si\u0119 dawniej i odkryj historie, z kt\u00f3rymi zwi\u0105zane s\u0105 eksponaty z naszego muzeum.","inLanguage":"pl-PL","isPartOf":{"@id":"https:\/\/www.skalnik.pl\/blog\/#website"},"breadcrumb":{"@id":"https:\/\/www.skalnik.pl\/blog\/historia-sprzetu-turystycznego\/#breadcrumblist"},"author":{"@id":"https:\/\/www.skalnik.pl\/blog\/author\/redakcja-skalnik-pl\/#author"},"creator":{"@id":"https:\/\/www.skalnik.pl\/blog\/author\/redakcja-skalnik-pl\/#author"},"image":{"@type":"ImageObject","url":"https:\/\/www.skalnik.pl\/blog\/wp-content\/uploads\/2018\/04\/ok\u0142adka_historia.jpg","@id":"https:\/\/www.skalnik.pl\/blog\/historia-sprzetu-turystycznego\/#mainImage","width":1920,"height":705,"caption":"historia sprz\u0119tu turystycznego"},"primaryImageOfPage":{"@id":"https:\/\/www.skalnik.pl\/blog\/historia-sprzetu-turystycznego\/#mainImage"},"datePublished":"2018-04-06T12:56:48+02:00","dateModified":"2018-12-14T16:55:00+02:00"},{"@type":"WebSite","@id":"https:\/\/www.skalnik.pl\/blog\/#website","url":"https:\/\/www.skalnik.pl\/blog\/","name":"blog Skalnik","description":"Blog, porady, artyku\u0142y - blog Skalnik","inLanguage":"pl-PL","publisher":{"@id":"https:\/\/www.skalnik.pl\/blog\/#organization"}}]},"og:locale":"pl_PL","og:site_name":"blog Skalnik - Blog, porady, artyku\u0142y - blog Skalnik","og:type":"article","og:title":"Historia sprz\u0119tu turystycznego - blog Skalnik","og:description":"Podsumowali\u015bmy akcj\u0119 #muzeumSkalnika. Okr\u0105g\u0142e 25 lat temu powsta\u0142a nasza firma i to sta\u0142o si\u0119 pretekstem, by spojrze\u0107 w przesz\u0142o\u015b\u0107. Zobacz czego u\u017cywa\u0142o si\u0119 dawniej i odkryj historie, z kt\u00f3rymi zwi\u0105zane s\u0105 eksponaty z naszego muzeum.","og:url":"https:\/\/www.skalnik.pl\/blog\/historia-sprzetu-turystycznego\/","og:image":"https:\/\/skalnik.pl\/blog\/wp-content\/uploads\/2018\/04\/\u015bruby_lodowcowe-1024x444.jpg","og:image:secure_url":"https:\/\/skalnik.pl\/blog\/wp-content\/uploads\/2018\/04\/\u015bruby_lodowcowe-1024x444.jpg","article:tag":["bran\u017ca","pasja","akcesoria turystyczne","inspiracje","rynek outdoor","sprz\u0119t turystyczny"],"article:published_time":"2018-04-06T10:56:48+00:00","article:modified_time":"2018-12-14T15:55:00+00:00","twitter:card":"summary_large_image","twitter:title":"Historia sprz\u0119tu turystycznego - blog Skalnik","twitter:description":"Podsumowali\u015bmy akcj\u0119 #muzeumSkalnika. Okr\u0105g\u0142e 25 lat temu powsta\u0142a nasza firma i to sta\u0142o si\u0119 pretekstem, by spojrze\u0107 w przesz\u0142o\u015b\u0107. Zobacz czego u\u017cywa\u0142o si\u0119 dawniej i odkryj historie, z kt\u00f3rymi zwi\u0105zane s\u0105 eksponaty z naszego muzeum.","twitter:image":"https:\/\/skalnik.pl\/blog\/wp-content\/uploads\/2018\/04\/\u015bruby_lodowcowe-1024x444.jpg"},"aioseo_meta_data":{"post_id":"2886","title":null,"description":"Podsumowali\u015bmy akcj\u0119 #muzeumSkalnika. Okr\u0105g\u0142e 25 lat temu powsta\u0142a nasza firma i to sta\u0142o si\u0119 pretekstem, by spojrze\u0107 w przesz\u0142o\u015b\u0107. Zobacz czego u\u017cywa\u0142o si\u0119 dawniej i odkryj historie, z kt\u00f3rymi zwi\u0105zane s\u0105 eksponaty z naszego muzeum.","keywords":[{"label":"historia sprz\u0119tu turystycznego","value":"historia sprz\u0119tu turystycznego"},{"label":"stare buty trekkingowe","value":"stare buty trekkingowe"},{"label":"dawny sprz\u0119t turystyczny","value":"dawny sprz\u0119t turystyczny"}],"keyphrases":null,"primary_term":null,"canonical_url":null,"og_title":null,"og_description":null,"og_object_type":"default","og_image_type":"default","og_image_url":null,"og_image_width":null,"og_image_height":null,"og_image_custom_url":null,"og_image_custom_fields":null,"og_video":null,"og_custom_url":null,"og_article_section":null,"og_article_tags":null,"twitter_use_og":false,"twitter_card":"default","twitter_image_type":"default","twitter_image_url":null,"twitter_image_custom_url":null,"twitter_image_custom_fields":null,"twitter_title":null,"twitter_description":null,"schema":{"blockGraphs":[],"customGraphs":[],"default":{"data":{"Article":[],"Course":[],"Dataset":[],"FAQPage":[],"Movie":[],"Person":[],"Product":[],"ProductReview":[],"Car":[],"Recipe":[],"Service":[],"SoftwareApplication":[],"WebPage":[]},"graphName":"BlogPosting","isEnabled":true},"graphs":[]},"schema_type":"default","schema_type_options":null,"pillar_content":false,"robots_default":true,"robots_noindex":false,"robots_noarchive":false,"robots_nosnippet":false,"robots_nofollow":false,"robots_noimageindex":false,"robots_noodp":false,"robots_notranslate":false,"robots_max_snippet":null,"robots_max_videopreview":null,"robots_max_imagepreview":"large","priority":null,"frequency":null,"local_seo":null,"breadcrumb_settings":null,"limit_modified_date":false,"ai":null,"created":"2022-08-26 09:51:52","updated":"2026-02-17 21:24:20","seo_analyzer_scan_date":null},"aioseo_breadcrumb":"<div class=\"aioseo-breadcrumbs\"><span class=\"aioseo-breadcrumb\">\n\t\t\t<a href=\"https:\/\/www.skalnik.pl\/blog\" title=\"Home\">Home<\/a>\n\t\t<\/span><span class=\"aioseo-breadcrumb-separator\">&raquo;<\/span><span class=\"aioseo-breadcrumb\">\n\t\t\t<a href=\"https:\/\/www.skalnik.pl\/blog\/.\/branza\/\" title=\"Bran\u017ca\">Bran\u017ca<\/a>\n\t\t<\/span><span class=\"aioseo-breadcrumb-separator\">&raquo;<\/span><span class=\"aioseo-breadcrumb\">\n\t\t\tHistoria sprz\u0119tu turystycznego\n\t\t<\/span><\/div>","aioseo_breadcrumb_json":[{"label":"Home","link":"https:\/\/www.skalnik.pl\/blog"},{"label":"Bran\u017ca","link":"https:\/\/www.skalnik.pl\/blog\/.\/branza\/"},{"label":"Historia sprz\u0119tu turystycznego","link":"https:\/\/www.skalnik.pl\/blog\/historia-sprzetu-turystycznego\/"}],"_links":{"self":[{"href":"https:\/\/www.skalnik.pl\/blog\/wp-json\/wp\/v2\/posts\/2886","targetHints":{"allow":["GET"]}}],"collection":[{"href":"https:\/\/www.skalnik.pl\/blog\/wp-json\/wp\/v2\/posts"}],"about":[{"href":"https:\/\/www.skalnik.pl\/blog\/wp-json\/wp\/v2\/types\/post"}],"author":[{"embeddable":true,"href":"https:\/\/www.skalnik.pl\/blog\/wp-json\/wp\/v2\/users\/7"}],"replies":[{"embeddable":true,"href":"https:\/\/www.skalnik.pl\/blog\/wp-json\/wp\/v2\/comments?post=2886"}],"version-history":[{"count":13,"href":"https:\/\/www.skalnik.pl\/blog\/wp-json\/wp\/v2\/posts\/2886\/revisions"}],"predecessor-version":[{"id":5062,"href":"https:\/\/www.skalnik.pl\/blog\/wp-json\/wp\/v2\/posts\/2886\/revisions\/5062"}],"wp:featuredmedia":[{"embeddable":true,"href":"https:\/\/www.skalnik.pl\/blog\/wp-json\/wp\/v2\/media\/3481"}],"wp:attachment":[{"href":"https:\/\/www.skalnik.pl\/blog\/wp-json\/wp\/v2\/media?parent=2886"}],"wp:term":[{"taxonomy":"category","embeddable":true,"href":"https:\/\/www.skalnik.pl\/blog\/wp-json\/wp\/v2\/categories?post=2886"},{"taxonomy":"post_tag","embeddable":true,"href":"https:\/\/www.skalnik.pl\/blog\/wp-json\/wp\/v2\/tags?post=2886"},{"taxonomy":"magento_category","embeddable":true,"href":"https:\/\/www.skalnik.pl\/blog\/wp-json\/wp\/v2\/magento_category?post=2886"},{"taxonomy":"magento_product","embeddable":true,"href":"https:\/\/www.skalnik.pl\/blog\/wp-json\/wp\/v2\/magento_product?post=2886"}],"curies":[{"name":"wp","href":"https:\/\/api.w.org\/{rel}","templated":true}]}}