{"id":289,"date":"2014-07-02T13:36:26","date_gmt":"2014-07-02T11:36:26","guid":{"rendered":"https:\/\/skalnik.pl\/blog\/?p=289"},"modified":"2019-06-18T15:00:50","modified_gmt":"2019-06-18T13:00:50","slug":"jak-nosic-skarpety-do-sandalow","status":"publish","type":"post","link":"https:\/\/www.skalnik.pl\/blog\/jak-nosic-skarpety-do-sandalow\/","title":{"rendered":"Jak nosi\u0107 skarpety do sanda\u0142\u00f3w"},"content":{"rendered":"<p><b>Miejskie legendy g\u0142osz\u0105, \u017ce zestaw skarpetowo-sanda\u0142owy to znak rozpoznawczy Polaka na wczasach i\u00a0nie s\u0105 to bynajmniej czyste pom\u00f3wienia. Ho\u0142duj\u0105c wi\u0119c tradycji wystarczy, \u017ce wydob\u0119dziesz z\u00a0czelu\u015bci szafy zakurzonego sanda\u0142a, lekko odkurzysz i\u00a0nim przyodziejesz w\u00a0niego stop\u0119, obowi\u0105zkowo si\u0119gniesz po skarpeciany mid-layer. Nareszcie jeste\u015b w\u00a0pe\u0142ni uposa\u017cony na spotkanie z\u00a0latem!<\/b><\/p>\n<div id=\"ez-toc-container\" class=\"ez-toc-v2_0_85 counter-hierarchy ez-toc-counter ez-toc-light-blue ez-toc-container-direction\">\n<div class=\"ez-toc-title-container\">\n<p class=\"ez-toc-title\" style=\"cursor:inherit\">SPIS TRE\u015aCI <\/p>\n<span class=\"ez-toc-title-toggle\"><a href=\"#\" class=\"ez-toc-pull-right ez-toc-btn ez-toc-btn-xs ez-toc-btn-default ez-toc-toggle\" aria-label=\"Prze\u0142\u0105cznik Spisu Tre\u015bci\"><span class=\"ez-toc-js-icon-con\"><span class=\"\"><span class=\"eztoc-hide\" style=\"display:none;\">Toggle<\/span><span class=\"ez-toc-icon-toggle-span\"><svg style=\"fill: #999;color:#999\" xmlns=\"http:\/\/www.w3.org\/2000\/svg\" class=\"list-377408\" width=\"20px\" height=\"20px\" viewBox=\"0 0 24 24\" fill=\"none\"><path d=\"M6 6H4v2h2V6zm14 0H8v2h12V6zM4 11h2v2H4v-2zm16 0H8v2h12v-2zM4 16h2v2H4v-2zm16 0H8v2h12v-2z\" fill=\"currentColor\"><\/path><\/svg><svg style=\"fill: #999;color:#999\" class=\"arrow-unsorted-368013\" xmlns=\"http:\/\/www.w3.org\/2000\/svg\" width=\"10px\" height=\"10px\" viewBox=\"0 0 24 24\" version=\"1.2\" baseProfile=\"tiny\"><path d=\"M18.2 9.3l-6.2-6.3-6.2 6.3c-.2.2-.3.4-.3.7s.1.5.3.7c.2.2.4.3.7.3h11c.3 0 .5-.1.7-.3.2-.2.3-.5.3-.7s-.1-.5-.3-.7zM5.8 14.7l6.2 6.3 6.2-6.3c.2-.2.3-.5.3-.7s-.1-.5-.3-.7c-.2-.2-.4-.3-.7-.3h-11c-.3 0-.5.1-.7.3-.2.2-.3.5-.3.7s.1.5.3.7z\"\/><\/svg><\/span><\/span><\/span><\/a><\/span><\/div>\n<nav><ul class='ez-toc-list ez-toc-list-level-1 ' ><li class='ez-toc-page-1 ez-toc-heading-level-2'><a class=\"ez-toc-link ez-toc-heading-1\" href=\"https:\/\/www.skalnik.pl\/blog\/jak-nosic-skarpety-do-sandalow\/#Jakie_skarpety_wybrac\" >Jakie skarpety wybra\u0107?<\/a><\/li><li class='ez-toc-page-1 ez-toc-heading-level-2'><a class=\"ez-toc-link ez-toc-heading-2\" href=\"https:\/\/www.skalnik.pl\/blog\/jak-nosic-skarpety-do-sandalow\/#No_wlasnie_%E2%80%93_jak_to_w_koncu_z_tymi_sandalami_jest\" >No w\u0142a\u015bnie &#8211; jak to w ko\u0144cu z tymi sanda\u0142ami jest?<\/a><\/li><\/ul><\/nav><\/div>\n<h2><span class=\"ez-toc-section\" id=\"Jakie_skarpety_wybrac\"><\/span>Jakie skarpety wybra\u0107?<span class=\"ez-toc-section-end\"><\/span><\/h2>\n<p>Skarpet\u0119 dobierz w\u00a0zgodzie ze szturmuj\u0105cymi s\u0142upek rt\u0119ci temperaturami, intensywno\u015bci\u0105 dzia\u0142ania i\u00a0tym, co aktualnie Ci w\u00a0duszy gra. Wyb\u00f3r jest wi\u0119cej ni\u017c przedni \u2013 od\u00a0merino-dar\u00f3w Matki Natury po syntetycznych pobratymc\u00f3w z\u00a0Coolmax\u2019u. Gdy kr\u0105\u017cenie p\u0142ata Ci figle ustawicznie racz\u0105c Ci\u0119 syndromem trupio-zimnej stopy, si\u0119gnij po skarpety narciarskie z\u00a0sagi\u00a0ThermoLite. Szukaj\u0105c sprzymierze\u0144ca dobrze przyjrzyj si\u0119 temu, co skrywaj\u0105 w\u00a0zanadrzu rody\u00a0<a href=\"https:\/\/skalnik.pl\/bridgedale\" target=\"_blank\" rel=\"noopener\">Bridgedale,<\/a>\u00a0Icebreaker\u00a0czy\u00a0Smartwool. Ich wymierzone w\u00a0nadmiernie potliw\u0105 stop\u0119 oraz wywindowane temperatury dzia\u0142a b\u0119d\u0105 Ci wi\u0119cej ni\u017c stronnikiem.<\/p>\n<p>Pami\u0119taj! W\u00a0ko\u0144cu przyjdzie Ci \u0142\u0105czy\u0107 je z\u00a0najwy\u017cszym szlachectwem, kt\u00f3re odzwierciedla wagabundzki Source, inspirowana rozlewiskiem Colorado\u00a0Teva, s\u0142yn\u0105ca z\u00a0hybrydowych kombinacji\u00a0Keen\u00a0czy w\u0142oski\u00a0Lizard. Nie daj si\u0119 zwie\u015b\u0107 podrz\u0119dnym przedstawicielom urbanus \u2013 pospolitus. Postaw na jako\u015b\u0107 i\u00a0do\u015bwiadczenie specjalist\u00f3w \u2013 istne z\u0142ote runo \u015bwiata outdooru.<\/p>\n<p>Zestaw kolorystyczny to Twoje pole do popisu. Je\u015bli pragniesz jednak roz\u015bwietli\u0107 miejski deptak blaskiem indywidualizmu &#8211;\u00a0postaw na klasyczn\u0105, \u015bnie\u017cn\u0105 biel. To sprawdzone zestawienie sprawi, \u017ce nie przemkniesz niezauwa\u017cony. Niejedno ciekawskie oko b\u0119dzie na nim uwieszone i\u00a0niejeden mijany przedstawiciel gawiedzi b\u0119dzie spieszy\u0142, by je ku przestrodze potomno\u015bci uwieczni\u0107.<\/p>\n<h2><span class=\"ez-toc-section\" id=\"No_wlasnie_%E2%80%93_jak_to_w_koncu_z_tymi_sandalami_jest\"><\/span>No w\u0142a\u015bnie &#8211; jak to w ko\u0144cu z tymi sanda\u0142ami jest?<span class=\"ez-toc-section-end\"><\/span><\/h2>\n<p>Ot\u00f3\u017c mimo zalewu udogodnie\u0144 technicznych, antybakteryjnych wk\u0142adek i\u00a0wy\u015bcie\u0142anych, super-oddychaj\u0105cych pask\u00f3w wci\u0105\u017c wielu z\u00a0nas posi\u0142kuje si\u0119 skarpet\u0105. Nie wiedzie\u0107 czemu sta\u0142a si\u0119 powszechnym uposa\u017ceniem stopy, cho\u0107 sanda\u0142owi i\u00a0skarpecie bli\u017cej jest raczej do oksymoro\u0144skich frazes\u00f3w rodem z\u00a0\u2018wirtualnej rzeczywisto\u015bci\u2019 lub krainy \u2018ciep\u0142ych lod\u00f3w\u2019. Cho\u0107 sanda\u0142 sanda\u0142owi nier\u00f3wny, a\u00a0z powodu gustu rzekomo nie warto wdawa\u0107 si\u0119 w\u00a0dyskusje, ten widok nie jest bynajmniej tak rzadki, jak wyr\u00f3b go\u0142\u0119biej kloaki ;).<\/p>\n<p>Rzecz tyczy przede wszystkim przedstawicieli p\u0142ci nie-pi\u0119knej, kt\u00f3ra z\u00a0sobie tylko wiadomych powod\u00f3w je\u015bli ju\u017c decyduje si\u0119 na sanda\u0142a, to tylko w\u00a0wersji skarpetowego duetu. Widok ten kojarzony bywa z\u00a0nadmiern\u0105 potliwo\u015bci\u0105 albo \u2018nieekspozycyjno\u015bci\u0105\u2019 st\u00f3p i\u00a0zdecydowanie wypiera argumenty takie jak ochrona przed otarciami, brudem czy kurzem. Praktycyzm umiera w\u00a0dobie powszechnej mody na korzystny outfit i\u00a0wie o\u00a0tym r\u00f3wnie\u017c zaprawiony w\u00a0bojach trekkingowiec.<\/p>\n<p>&nbsp;<\/p>\n<p>Porzu\u0107 wi\u0119c t\u0119 niechybn\u0105 oznak\u0119 \u2018polsko\u015bci\u2019 i\u00a0uwierz w\u00a0cudown\u0105 moc solo-sanda\u0142a! Daj si\u0119 uwie\u015b\u0107 nowinkom technicznym i\u00a0zaufaj aktywnym jonom srebra, kt\u00f3re w\u00a0mig rozprawi\u0105 si\u0119 z\u00a0woni\u0105 st\u00f3p jaskiniowca. Te trekkingowe \u2018cacka\u2019 to dzi\u015b niez\u0142a gratka i\u00a0lekko\u015b\u0107 bytu \u2013 w\u00a0wersji solo nie ci\u0105\u017c\u0105 Ci bowiem prze\u015bmiewcze spojrzenia rozbawionych do \u0142ez przechodni\u00f3w. Zgodnie z\u00a0duchem dzia\u0142ania wybierz tradycyjne <a href=\"https:\/\/skalnik.pl\/buty\/buty-meskie\/buty-meskie-sandaly-sportowe\" target=\"_blank\" rel=\"noopener\">sanda\u0142y turystyczne<\/a>, okraszone super-podeszw\u0105 sanda\u0142y sportowe lub stworzone z\u00a0my\u015bl\u0105 o\u00a0zastosowaniach specjalnych sanda\u0142owe hydrydy, zabudowaniem przywodz\u0105ce na my\u015bl niskie buty trekkingowe. Prawdziwy, sanda\u0142owy zawr\u00f3t g\u0142owy!<\/p>\n","protected":false},"excerpt":{"rendered":"<p>Je\u015bli wk\u0142adasz na nogi sanda\u0142y trekkingowe nie zapomnij o skarpetkach &#8211; to one sprawiaj\u0105, \u017ce na wakacjach nie wyr\u00f3\u017cniasz si\u0119 z t\u0142umu rodak\u00f3w.<\/p>\n","protected":false},"author":7,"featured_media":1050,"comment_status":"open","ping_status":"open","sticky":false,"template":"","format":"standard","meta":{"_acf_changed":false,"footnotes":""},"categories":[3],"tags":[104,24,222],"magento_category":[60],"magento_product":[],"class_list":["post-289","post","type-post","status-publish","format-standard","has-post-thumbnail","hentry","category-porady","tag-buty","tag-sandaly","tag-skarpety"],"acf":[],"aioseo_notices":[],"aioseo_head":"\n\t\t<!-- All in One SEO 4.9.10 - aioseo.com -->\n\t<meta name=\"description\" content=\"Je\u015bli wk\u0142adasz na nogi sanda\u0142y trekkingowe nie zapomnij o skarpetkach - to one sprawiaj\u0105, \u017ce na wakacjach nie wyr\u00f3\u017cniasz si\u0119 z t\u0142umu rodak\u00f3w.\" \/>\n\t<meta name=\"robots\" content=\"max-image-preview:large\" \/>\n\t<meta name=\"author\" content=\"Redakcja skalnik.pl\"\/>\n\t<link rel=\"canonical\" href=\"https:\/\/www.skalnik.pl\/blog\/jak-nosic-skarpety-do-sandalow\/\" \/>\n\t<meta name=\"generator\" content=\"All in One SEO (AIOSEO) 4.9.10\" \/>\n\t\t<meta property=\"og:locale\" content=\"pl_PL\" \/>\n\t\t<meta property=\"og:site_name\" content=\"blog Skalnik - Blog, porady, artyku\u0142y - blog Skalnik\" \/>\n\t\t<meta property=\"og:type\" content=\"article\" \/>\n\t\t<meta property=\"og:title\" content=\"Jak nosi\u0107 skarpety do sanda\u0142\u00f3w - blog Skalnik\" \/>\n\t\t<meta property=\"og:description\" content=\"Je\u015bli wk\u0142adasz na nogi sanda\u0142y trekkingowe nie zapomnij o skarpetkach - to one sprawiaj\u0105, \u017ce na wakacjach nie wyr\u00f3\u017cniasz si\u0119 z t\u0142umu rodak\u00f3w.\" \/>\n\t\t<meta property=\"og:url\" content=\"https:\/\/www.skalnik.pl\/blog\/jak-nosic-skarpety-do-sandalow\/\" \/>\n\t\t<meta property=\"article:tag\" content=\"porady\" \/>\n\t\t<meta property=\"article:tag\" content=\"buty\" \/>\n\t\t<meta property=\"article:tag\" content=\"sanda\u0142y\" \/>\n\t\t<meta property=\"article:tag\" content=\"skarpety\" \/>\n\t\t<meta property=\"article:published_time\" content=\"2014-07-02T11:36:26+00:00\" \/>\n\t\t<meta property=\"article:modified_time\" content=\"2019-06-18T13:00:50+00:00\" \/>\n\t\t<meta name=\"twitter:card\" content=\"summary_large_image\" \/>\n\t\t<meta name=\"twitter:title\" content=\"Jak nosi\u0107 skarpety do sanda\u0142\u00f3w - blog Skalnik\" \/>\n\t\t<meta name=\"twitter:description\" content=\"Je\u015bli wk\u0142adasz na nogi sanda\u0142y trekkingowe nie zapomnij o skarpetkach - to one sprawiaj\u0105, \u017ce na wakacjach nie wyr\u00f3\u017cniasz si\u0119 z t\u0142umu rodak\u00f3w.\" \/>\n\t\t<script type=\"application\/ld+json\" class=\"aioseo-schema\">\n\t\t\t{\"@context\":\"https:\\\/\\\/schema.org\",\"@graph\":[{\"@type\":\"BlogPosting\",\"@id\":\"https:\\\/\\\/www.skalnik.pl\\\/blog\\\/jak-nosic-skarpety-do-sandalow\\\/#blogposting\",\"name\":\"Jak nosi\\u0107 skarpety do sanda\\u0142\\u00f3w - blog Skalnik\",\"headline\":\"Jak nosi\\u0107 skarpety do sanda\\u0142\\u00f3w\",\"author\":{\"@id\":\"https:\\\/\\\/www.skalnik.pl\\\/blog\\\/author\\\/redakcja-skalnik-pl\\\/#author\"},\"publisher\":{\"@id\":\"https:\\\/\\\/www.skalnik.pl\\\/blog\\\/#organization\"},\"image\":{\"@type\":\"ImageObject\",\"url\":\"https:\\\/\\\/www.skalnik.pl\\\/blog\\\/wp-content\\\/uploads\\\/2014\\\/07\\\/2014-07-02_skarpety_do_sanda\\u0142\\u00f3w.jpg\",\"width\":1920,\"height\":705,\"caption\":\"skarpety do sanda\\u0142\\u00f3w\"},\"datePublished\":\"2014-07-02T13:36:26+02:00\",\"dateModified\":\"2019-06-18T15:00:50+02:00\",\"inLanguage\":\"pl-PL\",\"mainEntityOfPage\":{\"@id\":\"https:\\\/\\\/www.skalnik.pl\\\/blog\\\/jak-nosic-skarpety-do-sandalow\\\/#webpage\"},\"isPartOf\":{\"@id\":\"https:\\\/\\\/www.skalnik.pl\\\/blog\\\/jak-nosic-skarpety-do-sandalow\\\/#webpage\"},\"articleSection\":\"Porady, buty, sanda\\u0142y, skarpety, 1098\"},{\"@type\":\"BreadcrumbList\",\"@id\":\"https:\\\/\\\/www.skalnik.pl\\\/blog\\\/jak-nosic-skarpety-do-sandalow\\\/#breadcrumblist\",\"itemListElement\":[{\"@type\":\"ListItem\",\"@id\":\"https:\\\/\\\/www.skalnik.pl\\\/blog#listItem\",\"position\":1,\"name\":\"Home\",\"item\":\"https:\\\/\\\/www.skalnik.pl\\\/blog\",\"nextItem\":{\"@type\":\"ListItem\",\"@id\":\"https:\\\/\\\/www.skalnik.pl\\\/blog\\\/.\\\/porady\\\/#listItem\",\"name\":\"Porady\"}},{\"@type\":\"ListItem\",\"@id\":\"https:\\\/\\\/www.skalnik.pl\\\/blog\\\/.\\\/porady\\\/#listItem\",\"position\":2,\"name\":\"Porady\",\"item\":\"https:\\\/\\\/www.skalnik.pl\\\/blog\\\/.\\\/porady\\\/\",\"nextItem\":{\"@type\":\"ListItem\",\"@id\":\"https:\\\/\\\/www.skalnik.pl\\\/blog\\\/jak-nosic-skarpety-do-sandalow\\\/#listItem\",\"name\":\"Jak nosi\\u0107 skarpety do sanda\\u0142\\u00f3w\"},\"previousItem\":{\"@type\":\"ListItem\",\"@id\":\"https:\\\/\\\/www.skalnik.pl\\\/blog#listItem\",\"name\":\"Home\"}},{\"@type\":\"ListItem\",\"@id\":\"https:\\\/\\\/www.skalnik.pl\\\/blog\\\/jak-nosic-skarpety-do-sandalow\\\/#listItem\",\"position\":3,\"name\":\"Jak nosi\\u0107 skarpety do sanda\\u0142\\u00f3w\",\"previousItem\":{\"@type\":\"ListItem\",\"@id\":\"https:\\\/\\\/www.skalnik.pl\\\/blog\\\/.\\\/porady\\\/#listItem\",\"name\":\"Porady\"}}]},{\"@type\":\"Organization\",\"@id\":\"https:\\\/\\\/www.skalnik.pl\\\/blog\\\/#organization\",\"name\":\"blog Skalnik\",\"description\":\"Blog, porady, artyku\\u0142y - blog Skalnik\",\"url\":\"https:\\\/\\\/www.skalnik.pl\\\/blog\\\/\"},{\"@type\":\"Person\",\"@id\":\"https:\\\/\\\/www.skalnik.pl\\\/blog\\\/author\\\/redakcja-skalnik-pl\\\/#author\",\"url\":\"https:\\\/\\\/www.skalnik.pl\\\/blog\\\/author\\\/redakcja-skalnik-pl\\\/\",\"name\":\"Redakcja skalnik.pl\",\"image\":{\"@type\":\"ImageObject\",\"@id\":\"https:\\\/\\\/www.skalnik.pl\\\/blog\\\/jak-nosic-skarpety-do-sandalow\\\/#authorImage\",\"url\":\"https:\\\/\\\/secure.gravatar.com\\\/avatar\\\/7eab29b048aaf0899cd9a145e9adb814e2130ced31e65b454b902500bea65f9e?s=96&d=mm&r=g\",\"width\":96,\"height\":96,\"caption\":\"Redakcja skalnik.pl\"}},{\"@type\":\"WebPage\",\"@id\":\"https:\\\/\\\/www.skalnik.pl\\\/blog\\\/jak-nosic-skarpety-do-sandalow\\\/#webpage\",\"url\":\"https:\\\/\\\/www.skalnik.pl\\\/blog\\\/jak-nosic-skarpety-do-sandalow\\\/\",\"name\":\"Jak nosi\\u0107 skarpety do sanda\\u0142\\u00f3w - blog Skalnik\",\"description\":\"Je\\u015bli wk\\u0142adasz na nogi sanda\\u0142y trekkingowe nie zapomnij o skarpetkach - to one sprawiaj\\u0105, \\u017ce na wakacjach nie wyr\\u00f3\\u017cniasz si\\u0119 z t\\u0142umu rodak\\u00f3w.\",\"inLanguage\":\"pl-PL\",\"isPartOf\":{\"@id\":\"https:\\\/\\\/www.skalnik.pl\\\/blog\\\/#website\"},\"breadcrumb\":{\"@id\":\"https:\\\/\\\/www.skalnik.pl\\\/blog\\\/jak-nosic-skarpety-do-sandalow\\\/#breadcrumblist\"},\"author\":{\"@id\":\"https:\\\/\\\/www.skalnik.pl\\\/blog\\\/author\\\/redakcja-skalnik-pl\\\/#author\"},\"creator\":{\"@id\":\"https:\\\/\\\/www.skalnik.pl\\\/blog\\\/author\\\/redakcja-skalnik-pl\\\/#author\"},\"image\":{\"@type\":\"ImageObject\",\"url\":\"https:\\\/\\\/www.skalnik.pl\\\/blog\\\/wp-content\\\/uploads\\\/2014\\\/07\\\/2014-07-02_skarpety_do_sanda\\u0142\\u00f3w.jpg\",\"@id\":\"https:\\\/\\\/www.skalnik.pl\\\/blog\\\/jak-nosic-skarpety-do-sandalow\\\/#mainImage\",\"width\":1920,\"height\":705,\"caption\":\"skarpety do sanda\\u0142\\u00f3w\"},\"primaryImageOfPage\":{\"@id\":\"https:\\\/\\\/www.skalnik.pl\\\/blog\\\/jak-nosic-skarpety-do-sandalow\\\/#mainImage\"},\"datePublished\":\"2014-07-02T13:36:26+02:00\",\"dateModified\":\"2019-06-18T15:00:50+02:00\"},{\"@type\":\"WebSite\",\"@id\":\"https:\\\/\\\/www.skalnik.pl\\\/blog\\\/#website\",\"url\":\"https:\\\/\\\/www.skalnik.pl\\\/blog\\\/\",\"name\":\"blog Skalnik\",\"description\":\"Blog, porady, artyku\\u0142y - blog Skalnik\",\"inLanguage\":\"pl-PL\",\"publisher\":{\"@id\":\"https:\\\/\\\/www.skalnik.pl\\\/blog\\\/#organization\"}}]}\n\t\t<\/script>\n\t\t<!-- All in One SEO -->\n\n","aioseo_head_json":{"title":"Jak nosi\u0107 skarpety do sanda\u0142\u00f3w - blog Skalnik","description":"Je\u015bli wk\u0142adasz na nogi sanda\u0142y trekkingowe nie zapomnij o skarpetkach - to one sprawiaj\u0105, \u017ce na wakacjach nie wyr\u00f3\u017cniasz si\u0119 z t\u0142umu rodak\u00f3w.","canonical_url":"https:\/\/www.skalnik.pl\/blog\/jak-nosic-skarpety-do-sandalow\/","robots":"max-image-preview:large","keywords":"","webmasterTools":{"miscellaneous":""},"schema":{"@context":"https:\/\/schema.org","@graph":[{"@type":"BlogPosting","@id":"https:\/\/www.skalnik.pl\/blog\/jak-nosic-skarpety-do-sandalow\/#blogposting","name":"Jak nosi\u0107 skarpety do sanda\u0142\u00f3w - blog Skalnik","headline":"Jak nosi\u0107 skarpety do sanda\u0142\u00f3w","author":{"@id":"https:\/\/www.skalnik.pl\/blog\/author\/redakcja-skalnik-pl\/#author"},"publisher":{"@id":"https:\/\/www.skalnik.pl\/blog\/#organization"},"image":{"@type":"ImageObject","url":"https:\/\/www.skalnik.pl\/blog\/wp-content\/uploads\/2014\/07\/2014-07-02_skarpety_do_sanda\u0142\u00f3w.jpg","width":1920,"height":705,"caption":"skarpety do sanda\u0142\u00f3w"},"datePublished":"2014-07-02T13:36:26+02:00","dateModified":"2019-06-18T15:00:50+02:00","inLanguage":"pl-PL","mainEntityOfPage":{"@id":"https:\/\/www.skalnik.pl\/blog\/jak-nosic-skarpety-do-sandalow\/#webpage"},"isPartOf":{"@id":"https:\/\/www.skalnik.pl\/blog\/jak-nosic-skarpety-do-sandalow\/#webpage"},"articleSection":"Porady, buty, sanda\u0142y, skarpety, 1098"},{"@type":"BreadcrumbList","@id":"https:\/\/www.skalnik.pl\/blog\/jak-nosic-skarpety-do-sandalow\/#breadcrumblist","itemListElement":[{"@type":"ListItem","@id":"https:\/\/www.skalnik.pl\/blog#listItem","position":1,"name":"Home","item":"https:\/\/www.skalnik.pl\/blog","nextItem":{"@type":"ListItem","@id":"https:\/\/www.skalnik.pl\/blog\/.\/porady\/#listItem","name":"Porady"}},{"@type":"ListItem","@id":"https:\/\/www.skalnik.pl\/blog\/.\/porady\/#listItem","position":2,"name":"Porady","item":"https:\/\/www.skalnik.pl\/blog\/.\/porady\/","nextItem":{"@type":"ListItem","@id":"https:\/\/www.skalnik.pl\/blog\/jak-nosic-skarpety-do-sandalow\/#listItem","name":"Jak nosi\u0107 skarpety do sanda\u0142\u00f3w"},"previousItem":{"@type":"ListItem","@id":"https:\/\/www.skalnik.pl\/blog#listItem","name":"Home"}},{"@type":"ListItem","@id":"https:\/\/www.skalnik.pl\/blog\/jak-nosic-skarpety-do-sandalow\/#listItem","position":3,"name":"Jak nosi\u0107 skarpety do sanda\u0142\u00f3w","previousItem":{"@type":"ListItem","@id":"https:\/\/www.skalnik.pl\/blog\/.\/porady\/#listItem","name":"Porady"}}]},{"@type":"Organization","@id":"https:\/\/www.skalnik.pl\/blog\/#organization","name":"blog Skalnik","description":"Blog, porady, artyku\u0142y - blog Skalnik","url":"https:\/\/www.skalnik.pl\/blog\/"},{"@type":"Person","@id":"https:\/\/www.skalnik.pl\/blog\/author\/redakcja-skalnik-pl\/#author","url":"https:\/\/www.skalnik.pl\/blog\/author\/redakcja-skalnik-pl\/","name":"Redakcja skalnik.pl","image":{"@type":"ImageObject","@id":"https:\/\/www.skalnik.pl\/blog\/jak-nosic-skarpety-do-sandalow\/#authorImage","url":"https:\/\/secure.gravatar.com\/avatar\/7eab29b048aaf0899cd9a145e9adb814e2130ced31e65b454b902500bea65f9e?s=96&d=mm&r=g","width":96,"height":96,"caption":"Redakcja skalnik.pl"}},{"@type":"WebPage","@id":"https:\/\/www.skalnik.pl\/blog\/jak-nosic-skarpety-do-sandalow\/#webpage","url":"https:\/\/www.skalnik.pl\/blog\/jak-nosic-skarpety-do-sandalow\/","name":"Jak nosi\u0107 skarpety do sanda\u0142\u00f3w - blog Skalnik","description":"Je\u015bli wk\u0142adasz na nogi sanda\u0142y trekkingowe nie zapomnij o skarpetkach - to one sprawiaj\u0105, \u017ce na wakacjach nie wyr\u00f3\u017cniasz si\u0119 z t\u0142umu rodak\u00f3w.","inLanguage":"pl-PL","isPartOf":{"@id":"https:\/\/www.skalnik.pl\/blog\/#website"},"breadcrumb":{"@id":"https:\/\/www.skalnik.pl\/blog\/jak-nosic-skarpety-do-sandalow\/#breadcrumblist"},"author":{"@id":"https:\/\/www.skalnik.pl\/blog\/author\/redakcja-skalnik-pl\/#author"},"creator":{"@id":"https:\/\/www.skalnik.pl\/blog\/author\/redakcja-skalnik-pl\/#author"},"image":{"@type":"ImageObject","url":"https:\/\/www.skalnik.pl\/blog\/wp-content\/uploads\/2014\/07\/2014-07-02_skarpety_do_sanda\u0142\u00f3w.jpg","@id":"https:\/\/www.skalnik.pl\/blog\/jak-nosic-skarpety-do-sandalow\/#mainImage","width":1920,"height":705,"caption":"skarpety do sanda\u0142\u00f3w"},"primaryImageOfPage":{"@id":"https:\/\/www.skalnik.pl\/blog\/jak-nosic-skarpety-do-sandalow\/#mainImage"},"datePublished":"2014-07-02T13:36:26+02:00","dateModified":"2019-06-18T15:00:50+02:00"},{"@type":"WebSite","@id":"https:\/\/www.skalnik.pl\/blog\/#website","url":"https:\/\/www.skalnik.pl\/blog\/","name":"blog Skalnik","description":"Blog, porady, artyku\u0142y - blog Skalnik","inLanguage":"pl-PL","publisher":{"@id":"https:\/\/www.skalnik.pl\/blog\/#organization"}}]},"og:locale":"pl_PL","og:site_name":"blog Skalnik - Blog, porady, artyku\u0142y - blog Skalnik","og:type":"article","og:title":"Jak nosi\u0107 skarpety do sanda\u0142\u00f3w - blog Skalnik","og:description":"Je\u015bli wk\u0142adasz na nogi sanda\u0142y trekkingowe nie zapomnij o skarpetkach - to one sprawiaj\u0105, \u017ce na wakacjach nie wyr\u00f3\u017cniasz si\u0119 z t\u0142umu rodak\u00f3w.","og:url":"https:\/\/www.skalnik.pl\/blog\/jak-nosic-skarpety-do-sandalow\/","article:tag":["porady","buty","sanda\u0142y","skarpety"],"article:published_time":"2014-07-02T11:36:26+00:00","article:modified_time":"2019-06-18T13:00:50+00:00","twitter:card":"summary_large_image","twitter:title":"Jak nosi\u0107 skarpety do sanda\u0142\u00f3w - blog Skalnik","twitter:description":"Je\u015bli wk\u0142adasz na nogi sanda\u0142y trekkingowe nie zapomnij o skarpetkach - to one sprawiaj\u0105, \u017ce na wakacjach nie wyr\u00f3\u017cniasz si\u0119 z t\u0142umu rodak\u00f3w."},"aioseo_meta_data":{"post_id":"289","title":null,"description":"Je\u015bli wk\u0142adasz na nogi sanda\u0142y trekkingowe nie zapomnij o skarpetkach - to one sprawiaj\u0105, \u017ce na wakacjach nie wyr\u00f3\u017cniasz si\u0119 z t\u0142umu rodak\u00f3w.","keywords":[{"label":"sanda\u0142y turystyczne","value":"sanda\u0142y turystyczne"},{"label":"sanda\u0142y trekkingowe","value":"sanda\u0142y trekkingowe"},{"label":"skarpety do sanda\u0142\u00f3w","value":"skarpety do sanda\u0142\u00f3w"}],"keyphrases":null,"primary_term":null,"canonical_url":null,"og_title":null,"og_description":null,"og_object_type":"default","og_image_type":"default","og_image_url":null,"og_image_width":null,"og_image_height":null,"og_image_custom_url":null,"og_image_custom_fields":null,"og_video":null,"og_custom_url":null,"og_article_section":null,"og_article_tags":null,"twitter_use_og":false,"twitter_card":"default","twitter_image_type":"default","twitter_image_url":null,"twitter_image_custom_url":null,"twitter_image_custom_fields":null,"twitter_title":null,"twitter_description":null,"schema":{"blockGraphs":[],"customGraphs":[],"default":{"data":{"Article":[],"Course":[],"Dataset":[],"FAQPage":[],"Movie":[],"Person":[],"Product":[],"ProductReview":[],"Car":[],"Recipe":[],"Service":[],"SoftwareApplication":[],"WebPage":[]},"graphName":"BlogPosting","isEnabled":true},"graphs":[]},"schema_type":"default","schema_type_options":null,"pillar_content":false,"robots_default":true,"robots_noindex":false,"robots_noarchive":false,"robots_nosnippet":false,"robots_nofollow":false,"robots_noimageindex":false,"robots_noodp":false,"robots_notranslate":false,"robots_max_snippet":null,"robots_max_videopreview":null,"robots_max_imagepreview":"large","priority":null,"frequency":null,"local_seo":null,"breadcrumb_settings":null,"limit_modified_date":false,"ai":null,"created":"2022-08-26 09:34:06","updated":"2026-02-17 21:07:24","seo_analyzer_scan_date":null},"aioseo_breadcrumb":"<div class=\"aioseo-breadcrumbs\"><span class=\"aioseo-breadcrumb\">\n\t\t\t<a href=\"https:\/\/www.skalnik.pl\/blog\" title=\"Home\">Home<\/a>\n\t\t<\/span><span class=\"aioseo-breadcrumb-separator\">&raquo;<\/span><span class=\"aioseo-breadcrumb\">\n\t\t\t<a href=\"https:\/\/www.skalnik.pl\/blog\/.\/porady\/\" title=\"Porady\">Porady<\/a>\n\t\t<\/span><span class=\"aioseo-breadcrumb-separator\">&raquo;<\/span><span class=\"aioseo-breadcrumb\">\n\t\t\tJak nosi\u0107 skarpety do sanda\u0142\u00f3w\n\t\t<\/span><\/div>","aioseo_breadcrumb_json":[{"label":"Home","link":"https:\/\/www.skalnik.pl\/blog"},{"label":"Porady","link":"https:\/\/www.skalnik.pl\/blog\/.\/porady\/"},{"label":"Jak nosi\u0107 skarpety do sanda\u0142\u00f3w","link":"https:\/\/www.skalnik.pl\/blog\/jak-nosic-skarpety-do-sandalow\/"}],"_links":{"self":[{"href":"https:\/\/www.skalnik.pl\/blog\/wp-json\/wp\/v2\/posts\/289","targetHints":{"allow":["GET"]}}],"collection":[{"href":"https:\/\/www.skalnik.pl\/blog\/wp-json\/wp\/v2\/posts"}],"about":[{"href":"https:\/\/www.skalnik.pl\/blog\/wp-json\/wp\/v2\/types\/post"}],"author":[{"embeddable":true,"href":"https:\/\/www.skalnik.pl\/blog\/wp-json\/wp\/v2\/users\/7"}],"replies":[{"embeddable":true,"href":"https:\/\/www.skalnik.pl\/blog\/wp-json\/wp\/v2\/comments?post=289"}],"version-history":[{"count":12,"href":"https:\/\/www.skalnik.pl\/blog\/wp-json\/wp\/v2\/posts\/289\/revisions"}],"predecessor-version":[{"id":3432,"href":"https:\/\/www.skalnik.pl\/blog\/wp-json\/wp\/v2\/posts\/289\/revisions\/3432"}],"wp:featuredmedia":[{"embeddable":true,"href":"https:\/\/www.skalnik.pl\/blog\/wp-json\/wp\/v2\/media\/1050"}],"wp:attachment":[{"href":"https:\/\/www.skalnik.pl\/blog\/wp-json\/wp\/v2\/media?parent=289"}],"wp:term":[{"taxonomy":"category","embeddable":true,"href":"https:\/\/www.skalnik.pl\/blog\/wp-json\/wp\/v2\/categories?post=289"},{"taxonomy":"post_tag","embeddable":true,"href":"https:\/\/www.skalnik.pl\/blog\/wp-json\/wp\/v2\/tags?post=289"},{"taxonomy":"magento_category","embeddable":true,"href":"https:\/\/www.skalnik.pl\/blog\/wp-json\/wp\/v2\/magento_category?post=289"},{"taxonomy":"magento_product","embeddable":true,"href":"https:\/\/www.skalnik.pl\/blog\/wp-json\/wp\/v2\/magento_product?post=289"}],"curies":[{"name":"wp","href":"https:\/\/api.w.org\/{rel}","templated":true}]}}