{"id":3940,"date":"2018-09-11T16:06:07","date_gmt":"2018-09-11T14:06:07","guid":{"rendered":"https:\/\/skalnik.pl\/blog\/?p=3940"},"modified":"2019-09-19T09:29:39","modified_gmt":"2019-09-19T07:29:39","slug":"kurtki-puchowe-na-jesien","status":"publish","type":"post","link":"https:\/\/www.skalnik.pl\/blog\/kurtki-puchowe-na-jesien\/","title":{"rendered":"Kurtki puchowe na jesie\u0144"},"content":{"rendered":"<p class=\"western\"><b>W dzie\u0144 ca\u0142kiem ciep\u0142o i przyjemnie, szczeg\u00f3lnie, kiedy stoi si\u0119 w s\u0142o\u0144cu. Jednak gdy tylko z\u0142ocista kula kryje si\u0119 za horyzontem ciep\u0142o ucieka, temperatura spada czym pr\u0119dzej. Mo\u017cna wtedy ukry\u0107 si\u0119 z gor\u0105c\u0105 herbat\u0105 w schronisku, by przeczeka\u0107 ca\u0142y wiecz\u00f3r, noc i poranek. Mo\u017cna te\u017c za\u0142o\u017cy\u0107 co\u015b lekkiego i ciep\u0142ego, \u017ceby spokojnie podziwia\u0107 nocne panoramy i \u015bwiec\u0105c\u0105 nad g\u0142ow\u0105 Drog\u0119 Mleczn\u0105. Kurtka puchowa na jesie\u0144 sprawdzi si\u0119 wtedy doskonale<\/b>.<\/p>\n<p class=\"western\">Puch\u00f3wki, chocia\u017c kojarz\u0105 si\u0119 z ubiorem <i>stricte<\/i> zimowym, znakomicie nadaj\u0105 si\u0119 tak\u017ce na jesienne i wiosenne ch\u0142ody. Podczas przej\u015bciowych p\u00f3r roku\u00a0 najlepsza b\u0119dzie kurtka puchowa w wersji light. Nie tylko ze wzgl\u0119du na wag\u0119, ale tak\u017ce niewielk\u0105 obj\u0119to\u015b\u0107 i komfort termiczny, jaki daje. Nie zmarzn\u0105\u0107 to jedno, ale chodzi te\u017c o to, \u017ceby w kurtce nie by\u0142o\u2026 zbyt ciep\u0142o. W naszym przewodniku opowiemy, na jakie parametry warto zwr\u00f3ci\u0107 uwag\u0119 wybieraj\u0105c kurtk\u0119 puchow\u0105 na jesie\u0144 lub wiosn\u0119.<\/p>\n<div class=\"column\">\n<div class=\"column_l\"><\/div>\n<div id=\"attachment_3957\" style=\"width: 1034px\" class=\"wp-caption aligncenter\"><img loading=\"lazy\" decoding=\"async\" aria-describedby=\"caption-attachment-3957\" class=\"wp-image-3957 size-large\" src=\"https:\/\/skalnik.pl\/blog\/wp-content\/uploads\/2018\/09\/AW18_Rab_microlight_campaign_29_Summit_jacket-1024x683.jpg\" alt=\"\" width=\"1024\" height=\"683\" srcset=\"https:\/\/www.skalnik.pl\/blog\/wp-content\/uploads\/2018\/09\/AW18_Rab_microlight_campaign_29_Summit_jacket-1024x683.jpg 1024w, https:\/\/www.skalnik.pl\/blog\/wp-content\/uploads\/2018\/09\/AW18_Rab_microlight_campaign_29_Summit_jacket-300x200.jpg 300w, https:\/\/www.skalnik.pl\/blog\/wp-content\/uploads\/2018\/09\/AW18_Rab_microlight_campaign_29_Summit_jacket-768x512.jpg 768w, https:\/\/www.skalnik.pl\/blog\/wp-content\/uploads\/2018\/09\/AW18_Rab_microlight_campaign_29_Summit_jacket.jpg 1193w\" sizes=\"auto, (max-width: 1024px) 100vw, 1024px\" \/><p id=\"caption-attachment-3957\" class=\"wp-caption-text\">Ch\u0142odne wieczory z puch\u00f3wk\u0105 &#8211; \u017caden problem! (fot. Rab)<\/p><\/div>\n<div class=\"column_r\"><\/div>\n<p>&nbsp;<\/p>\n<div id=\"ez-toc-container\" class=\"ez-toc-v2_0_85 counter-hierarchy ez-toc-counter ez-toc-light-blue ez-toc-container-direction\">\n<div class=\"ez-toc-title-container\">\n<p class=\"ez-toc-title\" style=\"cursor:inherit\">SPIS TRE\u015aCI <\/p>\n<span class=\"ez-toc-title-toggle\"><a href=\"#\" class=\"ez-toc-pull-right ez-toc-btn ez-toc-btn-xs ez-toc-btn-default ez-toc-toggle\" aria-label=\"Prze\u0142\u0105cznik Spisu Tre\u015bci\"><span class=\"ez-toc-js-icon-con\"><span class=\"\"><span class=\"eztoc-hide\" style=\"display:none;\">Toggle<\/span><span class=\"ez-toc-icon-toggle-span\"><svg style=\"fill: #999;color:#999\" xmlns=\"http:\/\/www.w3.org\/2000\/svg\" class=\"list-377408\" width=\"20px\" height=\"20px\" viewBox=\"0 0 24 24\" fill=\"none\"><path d=\"M6 6H4v2h2V6zm14 0H8v2h12V6zM4 11h2v2H4v-2zm16 0H8v2h12v-2zM4 16h2v2H4v-2zm16 0H8v2h12v-2z\" fill=\"currentColor\"><\/path><\/svg><svg style=\"fill: #999;color:#999\" class=\"arrow-unsorted-368013\" xmlns=\"http:\/\/www.w3.org\/2000\/svg\" width=\"10px\" height=\"10px\" viewBox=\"0 0 24 24\" version=\"1.2\" baseProfile=\"tiny\"><path d=\"M18.2 9.3l-6.2-6.3-6.2 6.3c-.2.2-.3.4-.3.7s.1.5.3.7c.2.2.4.3.7.3h11c.3 0 .5-.1.7-.3.2-.2.3-.5.3-.7s-.1-.5-.3-.7zM5.8 14.7l6.2 6.3 6.2-6.3c.2-.2.3-.5.3-.7s-.1-.5-.3-.7c-.2-.2-.4-.3-.7-.3h-11c-.3 0-.5.1-.7.3-.2.2-.3.5-.3.7s.1.5.3.7z\"\/><\/svg><\/span><\/span><\/span><\/a><\/span><\/div>\n<nav><ul class='ez-toc-list ez-toc-list-level-1 ' ><li class='ez-toc-page-1 ez-toc-heading-level-2'><a class=\"ez-toc-link ez-toc-heading-1\" href=\"https:\/\/www.skalnik.pl\/blog\/kurtki-puchowe-na-jesien\/#Puch_i_pierze_czyli_czym_wypelnione_sa_kurtki\" >Puch i pierze, czyli czym wype\u0142nione s\u0105 kurtki<\/a><\/li><li class='ez-toc-page-1 ez-toc-heading-level-2'><a class=\"ez-toc-link ez-toc-heading-2\" href=\"https:\/\/www.skalnik.pl\/blog\/kurtki-puchowe-na-jesien\/#Parametry_puchu\" >Parametry puchu<\/a><\/li><li class='ez-toc-page-1 ez-toc-heading-level-2'><a class=\"ez-toc-link ez-toc-heading-3\" href=\"https:\/\/www.skalnik.pl\/blog\/kurtki-puchowe-na-jesien\/#Certyfikaty_czyli_jak_madrze_wybrac_puch\" >Certyfikaty, czyli jak m\u0105drze wybra\u0107 puch<\/a><\/li><li class='ez-toc-page-1 ez-toc-heading-level-2'><a class=\"ez-toc-link ez-toc-heading-4\" href=\"https:\/\/www.skalnik.pl\/blog\/kurtki-puchowe-na-jesien\/#Mokry_puch\" >Mokry puch<\/a><\/li><li class='ez-toc-page-1 ez-toc-heading-level-2'><a class=\"ez-toc-link ez-toc-heading-5\" href=\"https:\/\/www.skalnik.pl\/blog\/kurtki-puchowe-na-jesien\/#Material_zewnetrzny\" >Materia\u0142 zewn\u0119trzny<\/a><\/li><li class='ez-toc-page-1 ez-toc-heading-level-2'><a class=\"ez-toc-link ez-toc-heading-6\" href=\"https:\/\/www.skalnik.pl\/blog\/kurtki-puchowe-na-jesien\/#Jesli_nie_puch_to_co\" >Je\u015bli nie puch, to co?<\/a><\/li><\/ul><\/nav><\/div>\n<h2 class=\"western\"><span class=\"ez-toc-section\" id=\"Puch_i_pierze_czyli_czym_wypelnione_sa_kurtki\"><\/span><b>Puch i pierze, czyli czym wype\u0142nione s\u0105 kurtki<\/b><span class=\"ez-toc-section-end\"><\/span><\/h2>\n<p class=\"western\">O kurtkach z naturaln\u0105 ocieplin\u0105 zazwyczaj m\u00f3wimy puch\u00f3wki lub kurtki puchowe i generalnie jest to prawda. Tyle \u017ce ocieplin\u0105 w nich stosowan\u0105 jest zar\u00f3wno puch, jak i pierze. Puch to delikatne pi\u00f3rka rosn\u0105ce tu\u017c przy ptasiej sk\u00f3rze, kt\u00f3re sk\u0142adaj\u0105 si\u0119 w wi\u0119kszo\u015bci z\u2026 powietrza. Tak! To nie pomy\u0142ka. Puch zatrzymuje blisko sk\u00f3ry ciep\u0142e powietrze ogrzane przez organizm. Zatem sam puch nie tyle grzeje, co izoluje. Chroni przed ucieczk\u0105 tego ogrzanego powietrza i przed wymian\u0105 z powietrzem pochodz\u0105cym z zewn\u0105trz. Pierze to pi\u00f3ra, kt\u00f3re rosn\u0105 dalej od sk\u00f3ry, maj\u0105 ni\u017csze parametry izolacji, ale stosuje si\u0119 je w odzie\u017cy puchowej, \u017ceby zmniejszy\u0107 jej koszt. Poznasz je po tym, \u017ce przypominaj\u0105 pi\u00f3ra z ich charakterystyczn\u0105, tward\u0105 ko\u0144c\u00f3wk\u0105.<\/p>\n<p class=\"western\">Do odzie\u017cy i sprz\u0119tu outdoorowego u\u017cywa si\u0119 puchu kaczego lub g\u0119siego. Za cieplejszy uznaje si\u0119 puch g\u0119si i to nim wype\u0142nia si\u0119 kurtki na najtrudniejsze warunki. Natomiast wiosenna czy jesienna <a href=\"https:\/\/skalnik.pl\/odziez\/kurtki-puchowe\">kurtka puchowa<\/a> mo\u017ce by\u0107 wype\u0142niona zar\u00f3wno puchem g\u0119sim, jak i kaczym.<\/p>\n<p>&nbsp;<\/p>\n<h2 class=\"western\"><span class=\"ez-toc-section\" id=\"Parametry_puchu\"><\/span><b>Parametry puchu<\/b><span class=\"ez-toc-section-end\"><\/span><\/h2>\n<p class=\"western\">W kurtkach puchowych mamy kilka parametr\u00f3w, na kt\u00f3re warto zwr\u00f3ci\u0107 uwag\u0119 przy wyborze i zakupie.<\/p>\n<ul>\n<li class=\"western\"><b>Spr\u0119\u017cysto\u015b\u0107<\/b> \u2013 wyra\u017cana w jednostkach cui (lub cuin), czyli anglosaskich calach sze\u015bciennych. Jednostka ta informuje, jak\u0105 obj\u0119to\u015b\u0107 b\u0119dzie mia\u0142a uncja (znowu te anglosaskie jednostki!) puchu. Tu zasada jest prosta \u2013 im wi\u0119cej tym lepiej, chocia\u017c jednocze\u015bnie \u201etym dro\u017cej\u201d. Nie bez znaczenia jest te\u017c fakt \u2013 tym cieplej. W kurtce puchowej na jesie\u0144 600-650 cui b\u0119dzie naprawd\u0119 wystarczaj\u0105ce.<\/li>\n<li class=\"western\"><b>Stosunek puchu i pierza<\/b> \u2013 puch daje o wiele lepsz\u0105 izolacj\u0119, dlatego warto, \u017ceby w kurtce by\u0142o go jak najwi\u0119cej. Producenci podaj\u0105 stosunek puchu do pierza w prosty spos\u00f3b np. 80\/20 czy 90\/10, oznacza to, \u017ce (w pierwszym przypadku) ocieplina sk\u0142ada si\u0119 w 80% z puchu i w 20% z pierza. Jaki stosunek b\u0119dzie mia\u0142a dobra jesienna kurtka puchowa? Od 70% puchu powinno by\u0107 OK. Tutaj te\u017c warto podkre\u015bli\u0107, \u017ce oczywi\u015bcie wraz ze wzrostem ilo\u015bci puchu, w g\u00f3r\u0119 idzie cena ca\u0142ej kurtki.<\/li>\n<li class=\"western\"><b>Waga<\/b> \u2013 czyli ilo\u015b\u0107 puchu w kurtce. W kurtce puchowej na jesie\u0144 nie musi by\u0107 go du\u017co, zatem kurtka b\u0119dzie raczej l\u017cejsza, chocia\u017c trzeba wzi\u0105\u0107 pod uwag\u0119, \u017ce piszemy tutaj o samej wadze wype\u0142nienia. To, ile ostatecznie b\u0119dzie wa\u017cy\u0107 kurtka, zale\u017cy te\u017c od materia\u0142u zewn\u0119trznego, ale o tym s\u0142\u00f3w par\u0119 troch\u0119 p\u00f3\u017aniej.<\/li>\n<\/ul>\n<div id=\"attachment_3948\" style=\"width: 1450px\" class=\"wp-caption aligncenter\"><img loading=\"lazy\" decoding=\"async\" aria-describedby=\"caption-attachment-3948\" class=\"wp-image-3948 size-full\" src=\"https:\/\/skalnik.pl\/blog\/wp-content\/uploads\/2018\/09\/fill-power-grades.jpg\" alt=\"puch o r\u00f3\u017cnej spr\u0119\u017cysto\u015bci\" width=\"1440\" height=\"419\" srcset=\"https:\/\/www.skalnik.pl\/blog\/wp-content\/uploads\/2018\/09\/fill-power-grades.jpg 1440w, https:\/\/www.skalnik.pl\/blog\/wp-content\/uploads\/2018\/09\/fill-power-grades-300x87.jpg 300w, https:\/\/www.skalnik.pl\/blog\/wp-content\/uploads\/2018\/09\/fill-power-grades-768x223.jpg 768w, https:\/\/www.skalnik.pl\/blog\/wp-content\/uploads\/2018\/09\/fill-power-grades-1024x298.jpg 1024w\" sizes=\"auto, (max-width: 1440px) 100vw, 1440px\" \/><p id=\"caption-attachment-3948\" class=\"wp-caption-text\">Puch o r\u00f3\u017cnej spr\u0119\u017cysto\u015bci (fot. Rab)<\/p><\/div>\n<p>&nbsp;<\/p>\n<h2 class=\"western\"><span class=\"ez-toc-section\" id=\"Certyfikaty_czyli_jak_madrze_wybrac_puch\"><\/span><b>Certyfikaty, czyli jak m\u0105drze wybra\u0107 puch<\/b><span class=\"ez-toc-section-end\"><\/span><\/h2>\n<p class=\"western\">Puch jest produktem naturalnym, na dodatek jego pozyskanie r\u00f3\u017cni si\u0119 od np. pozyskiwania we\u0142ny. Certyfikat RDS to swego rodzaju \u201eza\u015bwiadczenie\u201d dla tych, kt\u00f3rym nie jest wszystko jedno, sk\u0105d pochodzi puch, kt\u00f3rym wype\u0142niono kurtk\u0119 b\u0105d\u017a \u015bpiw\u00f3r. Oznacza, \u017ce zwierz\u0119ta by\u0142y dobrze traktowane podczas hodowli, a puch pozyskano w spos\u00f3b, kt\u00f3ry nie przyczyni\u0142 si\u0119 do ich cierpienia. Wi\u0119cej o bran\u017cowych certyfikatach mo\u017cesz przeczyta\u0107 w artykule o <a href=\"https:\/\/skalnik.pl\/blog\/eko-certyfikaty-w-branzy-outdoor\/\" target=\"_blank\" rel=\"noopener\">Eko-certyfikatach w bran\u017cy outdoor<\/a>. Patagonia w swoich kurtkach puchowych stawia na puch, kt\u00f3ry pozytywnie przeszed\u0142 ocen\u0119 niezale\u017cnej organizacji NSF International. Tak\u017ce w tym przypadku oznacza to etyczne pozyskanie, a tak\u017ce prze\u015bledzenie ca\u0142ego \u0142a\u0144cucha dostaw \u2013 od fermy po gotowy puch w fabryce.<\/p>\n<p>&nbsp;<\/p>\n<h2 class=\"western\"><span class=\"ez-toc-section\" id=\"Mokry_puch\"><\/span><b>Mokry puch<\/b><span class=\"ez-toc-section-end\"><\/span><\/h2>\n<p class=\"western\">To, czego nie lubi puch, to woda. Mokry traci swoje w\u0142a\u015bciwo\u015bci izolacyjne, poza tym d\u0142ugo schnie. Dlatego producenci stosuj\u0105 specjalne zabezpieczenia, kt\u00f3rym pokrywaj\u0105 pojedyncze k\u0142\u0119bki puchu. M\u00f3wimy wtedy o puchu hydrofobowym, kt\u00f3ry co prawda nie jest ca\u0142kowicie wodoodporny, natomiast na pewno w wilgotnym \u015brodowisku poradzi sobie zdecydowanie lepiej i d\u0142u\u017cej utrzyma swoje w\u0142a\u015bciwo\u015bci termiczne ni\u017c puch bez takiej impregnacji. Poniewa\u017c jesie\u0144 i wiosna to pory roku s\u0142yn\u0105ce z m\u017cawek, mgie\u0142 i d\u017cd\u017cy, lepiej je\u015bli twoja kurtka puchowa b\u0119dzie mia\u0142a impregnacje. Taki impregnowany puch znajdziesz w modelu Featherlite Down Montane lub Forge Hoody Black Diamond. Mo\u017cesz te\u017c na kurtk\u0119 puchow\u0105 za\u0142o\u017cy\u0107 hardshella, kt\u00f3ry zabezpieczy j\u0105 przed wod\u0105, a ciebie przed utrat\u0105 ciep\u0142a.<\/p>\n<p><iframe loading=\"lazy\" src=\"https:\/\/www.youtube.com\/embed\/0Avc74gmtIY\" width=\"560\" height=\"315\" frameborder=\"0\" allowfullscreen=\"allowfullscreen\"><\/iframe><\/p>\n<p>&nbsp;<\/p>\n<h2 class=\"western\"><span class=\"ez-toc-section\" id=\"Material_zewnetrzny\"><\/span><b>Materia\u0142 zewn\u0119trzny<\/b><span class=\"ez-toc-section-end\"><\/span><\/h2>\n<p class=\"western\">Delikatny puch a tak\u017ce pierze lubi\u0105 \u201ewychodzi\u0107\u201d z materia\u0142u zewn\u0119trznego. Dlatego te\u017c czo\u0142owi producenci odzie\u017cy i sprz\u0119tu puchowego staraj\u0105 si\u0119 tak dobiera\u0107 materia\u0142y zewn\u0119trzne, by utrata puchu by\u0142a jak najmniejsza. Materia\u0142 zewn\u0119trzny musi pozwala\u0107 puchowi na rozpr\u0119\u017cenie si\u0119, a przy tym zachowywa\u0107 nisk\u0105 wag\u0119 i dobr\u0105 kompresj\u0119. To wszystko po to, \u017ceby kurtka puchowa mog\u0142a z tob\u0105 pojecha\u0107 dos\u0142ownie wsz\u0119dzie. Rab w swoich kurtkach stosuje tkanin\u0119 Pertex\u00ae, kt\u00f3ra cechuje si\u0119 lekko\u015bci\u0105 i wiatroodporno\u015bci\u0105 (np. kurtka Microlight). Natomiast Patagonia skupia si\u0119 na tym, by materia\u0142 by\u0142 ekologiczny, wykorzystuje wi\u0119c\u2026 butelki, by z przetworzonych tworzyw sztucznych stworzy\u0107 w\u0142\u00f3kna do produkcji materia\u0142u zewn\u0119trznego.<\/p>\n<div id=\"attachment_3960\" style=\"width: 1034px\" class=\"wp-caption aligncenter\"><img loading=\"lazy\" decoding=\"async\" aria-describedby=\"caption-attachment-3960\" class=\"wp-image-3960 size-large\" src=\"https:\/\/skalnik.pl\/blog\/wp-content\/uploads\/2018\/09\/AW18_Rab_microlight_campaign_1012632_Microlight_alpine-1024x768.jpg\" alt=\"\" width=\"1024\" height=\"768\" srcset=\"https:\/\/www.skalnik.pl\/blog\/wp-content\/uploads\/2018\/09\/AW18_Rab_microlight_campaign_1012632_Microlight_alpine-1024x768.jpg 1024w, https:\/\/www.skalnik.pl\/blog\/wp-content\/uploads\/2018\/09\/AW18_Rab_microlight_campaign_1012632_Microlight_alpine-300x225.jpg 300w, https:\/\/www.skalnik.pl\/blog\/wp-content\/uploads\/2018\/09\/AW18_Rab_microlight_campaign_1012632_Microlight_alpine-768x576.jpg 768w\" sizes=\"auto, (max-width: 1024px) 100vw, 1024px\" \/><p id=\"caption-attachment-3960\" class=\"wp-caption-text\">Puch\u00f3wki cz\u0119sto uszyte s\u0105 tkanin rodziny Pertex (fot. Rab)<\/p><\/div>\n<p class=\"western\">Producenci stosuj\u0105 tak\u017ce r\u00f3\u017cne wzory przeszy\u0107. Autorskie wzory i technologie maj\u0105 dwa cele. Po pierwsze utrzymuj\u0105 puch we w\u0142a\u015bciwym miejscu, a po drugie maj\u0105 zapobiega\u0107 utracie izolacji.<\/p>\n<p class=\"western\">Zwr\u00f3\u0107 uwag\u0119, by materia\u0142 zewn\u0119trzny by\u0142 zabezpieczony warstw\u0105 DWR. To hydrofobowe wyko\u0144czenie utrudnia wnikanie wody w materia\u0142 zewn\u0119trzny. Podczas deszczu zauwa\u017cysz na powierzchni kurtki krople deszczu, kt\u00f3re po prostu strz\u0105sasz, by nie wnika\u0142y do \u015brodka. Warstwa DWR radzi sobie dobrze z niewielkimi opadami deszczu, pozwalaj\u0105c ci wr\u00f3ci\u0107 do domu i gdy rozpada si\u0119 na dobre zmieni\u0107 kurtk\u0119 na co\u015b wodoodpornego.<\/p>\n<div class=\"page_gallery\">\n\n\t\t<style type=\"text\/css\">\n\t\t\t#gallery-1 {\n\t\t\t\tmargin: auto;\n\t\t\t}\n\t\t\t#gallery-1 .gallery-item {\n\t\t\t\tfloat: left;\n\t\t\t\tmargin-top: 10px;\n\t\t\t\ttext-align: center;\n\t\t\t\twidth: 33%;\n\t\t\t}\n\t\t\t#gallery-1 img {\n\t\t\t\tborder: 2px solid #cfcfcf;\n\t\t\t}\n\t\t\t#gallery-1 .gallery-caption {\n\t\t\t\tmargin-left: 0;\n\t\t\t}\n\t\t\t\/* see gallery_shortcode() in wp-includes\/media.php *\/\n\t\t<\/style>\n\t\t<div id='gallery-1' class='gallery galleryid-3940 gallery-columns-3 gallery-size-full'><dl class='gallery-item'>\n\t\t\t<dt class='gallery-icon landscape'>\n\t\t\t\t<img loading=\"lazy\" decoding=\"async\" width=\"1024\" height=\"711\" src=\"https:\/\/www.skalnik.pl\/blog\/wp-content\/uploads\/2018\/09\/galeria_02.jpg\" class=\"attachment-full size-full\" alt=\"patagonia down sweather\" aria-describedby=\"gallery-1-3964\" srcset=\"https:\/\/www.skalnik.pl\/blog\/wp-content\/uploads\/2018\/09\/galeria_02.jpg 1024w, https:\/\/www.skalnik.pl\/blog\/wp-content\/uploads\/2018\/09\/galeria_02-300x208.jpg 300w, https:\/\/www.skalnik.pl\/blog\/wp-content\/uploads\/2018\/09\/galeria_02-768x533.jpg 768w\" sizes=\"auto, (max-width: 1024px) 100vw, 1024px\" \/>\n\t\t\t<\/dt>\n\t\t\t\t<dd class='wp-caption-text gallery-caption' id='gallery-1-3964'>\n\t\t\t\tPatagonia Down Sweather Hoody damska i m\u0119ska\n\t\t\t\t<\/dd><\/dl><dl class='gallery-item'>\n\t\t\t<dt class='gallery-icon landscape'>\n\t\t\t\t<img loading=\"lazy\" decoding=\"async\" width=\"1024\" height=\"711\" src=\"https:\/\/www.skalnik.pl\/blog\/wp-content\/uploads\/2018\/09\/galeria_01.jpg\" class=\"attachment-full size-full\" alt=\"kurtki puchowe rab\" aria-describedby=\"gallery-1-3963\" srcset=\"https:\/\/www.skalnik.pl\/blog\/wp-content\/uploads\/2018\/09\/galeria_01.jpg 1024w, https:\/\/www.skalnik.pl\/blog\/wp-content\/uploads\/2018\/09\/galeria_01-300x208.jpg 300w, https:\/\/www.skalnik.pl\/blog\/wp-content\/uploads\/2018\/09\/galeria_01-768x533.jpg 768w\" sizes=\"auto, (max-width: 1024px) 100vw, 1024px\" \/>\n\t\t\t<\/dt>\n\t\t\t\t<dd class='wp-caption-text gallery-caption' id='gallery-1-3963'>\n\t\t\t\tKurtki puchowe Rab Microlight Alpine Hoody\n\t\t\t\t<\/dd><\/dl><dl class='gallery-item'>\n\t\t\t<dt class='gallery-icon landscape'>\n\t\t\t\t<img loading=\"lazy\" decoding=\"async\" width=\"1024\" height=\"711\" src=\"https:\/\/www.skalnik.pl\/blog\/wp-content\/uploads\/2018\/09\/galeria_03.jpg\" class=\"attachment-full size-full\" alt=\"salewa ortles\" aria-describedby=\"gallery-1-3965\" srcset=\"https:\/\/www.skalnik.pl\/blog\/wp-content\/uploads\/2018\/09\/galeria_03.jpg 1024w, https:\/\/www.skalnik.pl\/blog\/wp-content\/uploads\/2018\/09\/galeria_03-300x208.jpg 300w, https:\/\/www.skalnik.pl\/blog\/wp-content\/uploads\/2018\/09\/galeria_03-768x533.jpg 768w\" sizes=\"auto, (max-width: 1024px) 100vw, 1024px\" \/>\n\t\t\t<\/dt>\n\t\t\t\t<dd class='wp-caption-text gallery-caption' id='gallery-1-3965'>\n\t\t\t\tPuch\u00f3wki Salewa Ortles Light Down\n\t\t\t\t<\/dd><\/dl><br style=\"clear: both\" \/><dl class='gallery-item'>\n\t\t\t<dt class='gallery-icon landscape'>\n\t\t\t\t<img loading=\"lazy\" decoding=\"async\" width=\"1024\" height=\"711\" src=\"https:\/\/www.skalnik.pl\/blog\/wp-content\/uploads\/2018\/09\/galeria_04.jpg\" class=\"attachment-full size-full\" alt=\"kurtka puchowa montane\" aria-describedby=\"gallery-1-3966\" srcset=\"https:\/\/www.skalnik.pl\/blog\/wp-content\/uploads\/2018\/09\/galeria_04.jpg 1024w, https:\/\/www.skalnik.pl\/blog\/wp-content\/uploads\/2018\/09\/galeria_04-300x208.jpg 300w, https:\/\/www.skalnik.pl\/blog\/wp-content\/uploads\/2018\/09\/galeria_04-768x533.jpg 768w\" sizes=\"auto, (max-width: 1024px) 100vw, 1024px\" \/>\n\t\t\t<\/dt>\n\t\t\t\t<dd class='wp-caption-text gallery-caption' id='gallery-1-3966'>\n\t\t\t\tFeatherlite Down marki Montane dla niej i dla niego\n\t\t\t\t<\/dd><\/dl><dl class='gallery-item'>\n\t\t\t<dt class='gallery-icon landscape'>\n\t\t\t\t<img loading=\"lazy\" decoding=\"async\" width=\"1024\" height=\"711\" src=\"https:\/\/www.skalnik.pl\/blog\/wp-content\/uploads\/2018\/09\/galeria_05.jpg\" class=\"attachment-full size-full\" alt=\"puch\u00f3wki Black Diamond\" aria-describedby=\"gallery-1-3967\" srcset=\"https:\/\/www.skalnik.pl\/blog\/wp-content\/uploads\/2018\/09\/galeria_05.jpg 1024w, https:\/\/www.skalnik.pl\/blog\/wp-content\/uploads\/2018\/09\/galeria_05-300x208.jpg 300w, https:\/\/www.skalnik.pl\/blog\/wp-content\/uploads\/2018\/09\/galeria_05-768x533.jpg 768w\" sizes=\"auto, (max-width: 1024px) 100vw, 1024px\" \/>\n\t\t\t<\/dt>\n\t\t\t\t<dd class='wp-caption-text gallery-caption' id='gallery-1-3967'>\n\t\t\t\tBlack Diamond Forge Hoody\n\t\t\t\t<\/dd><\/dl>\n\t\t\t<br style='clear: both' \/>\n\t\t<\/div>\n\n<\/div>\n<p>&nbsp;<\/p>\n<h2 class=\"western\"><span class=\"ez-toc-section\" id=\"Jesli_nie_puch_to_co\"><\/span><b>Je\u015bli nie puch, to co?<\/b><span class=\"ez-toc-section-end\"><\/span><\/h2>\n<p class=\"western\">Wyb\u00f3r sztucznego wype\u0142nienia, zamiennika puchu, stosowanego w kurtkach ocieplanych mo\u017ce przyprawi\u0107 o b\u00f3l g\u0142owy. R\u00f3\u017cnym rodzajom ocieplin przyjrzymy si\u0119 w <a href=\"https:\/\/skalnik.pl\/blog\/sztuczny-puch-kurtki-na-jesien\/\">drugiej cz\u0119\u015bci poradnika<\/a> o lekkich, ocieplanych kurtkach na jesie\u0144.<\/p>\n<\/div>\n","protected":false},"excerpt":{"rendered":"<p>Kurtki puchowe na jesie\u0144 to nie \u017cart. Lekka puch\u00f3wka to \u015bwietna odzie\u017c na okresy przej\u015bciowe, takie jak jesie\u0144 i wiosna. Tego typu kurtka ocieplana przydaje si\u0119 te\u017c zim\u0105 w trakcie aktywniejszych dzia\u0142a\u0144. W tym artykule znajdziesz podstawowe informacj\u0119 o lekkich kurtkach puchowych i dowiesz si\u0119, na co zwr\u00f3ci\u0107 uwag\u0119 przy wyborze kurtki. Po\u015bwi\u0119\u0107 chwil\u0119 i dowiedz si\u0119 dlaczego kurtka puchowa rze\u015bkim porankiem i ch\u0142odnym wieczorem jest lepsza ni\u017c gruby polar! <\/p>\n","protected":false},"author":9,"featured_media":3946,"comment_status":"open","ping_status":"open","sticky":false,"template":"","format":"standard","meta":{"_acf_changed":false,"footnotes":""},"categories":[5,3],"tags":[132,15,208,99],"magento_category":[58],"magento_product":[],"class_list":["post-3940","post","type-post","status-publish","format-standard","has-post-thumbnail","hentry","category-branza","category-porady","tag-kurtki-puchowe","tag-odziez","tag-patagonia","tag-rynek-outdoor"],"acf":[],"aioseo_notices":[],"aioseo_head":"\n\t\t<!-- All in One SEO 4.9.10 - aioseo.com -->\n\t<meta name=\"description\" content=\"Kurtki puchowe na jesie\u0144 to nie \u017cart. Lekka puch\u00f3wka to \u015bwietna odzie\u017c na okresy przej\u015bciowe, takie jak jesie\u0144 i wiosna. Tego typu kurtka ocieplana przydaj\u0119 te\u017c zim\u0105 w trakcie aktywniejszych dzia\u0142a\u0144. W tym artykule znajdziesz podstawowe informacj\u0119 o lekkich kurtkach puchowych i dowiesz si\u0119, na co zwr\u00f3ci\u0107 uwag\u0119 przy wyborze kurtki. Po\u015bwi\u0119\u0107 chwil\u0119 i dowiedz si\u0119 dlaczego kurtka puchowa rze\u015bkim porankiem i ch\u0142odnym wieczorem jest lepsza ni\u017c gruby polar!\" \/>\n\t<meta name=\"robots\" content=\"max-image-preview:large\" \/>\n\t<meta name=\"author\" content=\"Beata Nawrotkiewicz\"\/>\n\t<link rel=\"canonical\" href=\"https:\/\/www.skalnik.pl\/blog\/kurtki-puchowe-na-jesien\/\" \/>\n\t<meta name=\"generator\" content=\"All in One SEO (AIOSEO) 4.9.10\" \/>\n\t\t<meta property=\"og:locale\" content=\"pl_PL\" \/>\n\t\t<meta property=\"og:site_name\" content=\"blog Skalnik - Blog, porady, artyku\u0142y - blog Skalnik\" \/>\n\t\t<meta property=\"og:type\" content=\"article\" \/>\n\t\t<meta property=\"og:title\" content=\"Kurtki puchowe na jesie\u0144 - blog Skalnik\" \/>\n\t\t<meta property=\"og:description\" content=\"Kurtki puchowe na jesie\u0144 to nie \u017cart. Lekka puch\u00f3wka to \u015bwietna odzie\u017c na okresy przej\u015bciowe, takie jak jesie\u0144 i wiosna. Tego typu kurtka ocieplana przydaj\u0119 te\u017c zim\u0105 w trakcie aktywniejszych dzia\u0142a\u0144. W tym artykule znajdziesz podstawowe informacj\u0119 o lekkich kurtkach puchowych i dowiesz si\u0119, na co zwr\u00f3ci\u0107 uwag\u0119 przy wyborze kurtki. Po\u015bwi\u0119\u0107 chwil\u0119 i dowiedz si\u0119 dlaczego kurtka puchowa rze\u015bkim porankiem i ch\u0142odnym wieczorem jest lepsza ni\u017c gruby polar!\" \/>\n\t\t<meta property=\"og:url\" content=\"https:\/\/www.skalnik.pl\/blog\/kurtki-puchowe-na-jesien\/\" \/>\n\t\t<meta property=\"og:image\" content=\"https:\/\/skalnik.pl\/blog\/wp-content\/uploads\/2018\/09\/AW18_Rab_microlight_campaign_29_Summit_jacket-1024x683.jpg\" \/>\n\t\t<meta property=\"og:image:secure_url\" content=\"https:\/\/skalnik.pl\/blog\/wp-content\/uploads\/2018\/09\/AW18_Rab_microlight_campaign_29_Summit_jacket-1024x683.jpg\" \/>\n\t\t<meta property=\"article:tag\" content=\"bran\u017ca\" \/>\n\t\t<meta property=\"article:tag\" content=\"porady\" \/>\n\t\t<meta property=\"article:tag\" content=\"kurtki puchowe\" \/>\n\t\t<meta property=\"article:tag\" content=\"odzie\u017c\" \/>\n\t\t<meta property=\"article:tag\" content=\"patagonia\" \/>\n\t\t<meta property=\"article:tag\" content=\"rynek outdoor\" \/>\n\t\t<meta property=\"article:published_time\" content=\"2018-09-11T14:06:07+00:00\" \/>\n\t\t<meta property=\"article:modified_time\" content=\"2019-09-19T07:29:39+00:00\" \/>\n\t\t<meta name=\"twitter:card\" content=\"summary_large_image\" \/>\n\t\t<meta name=\"twitter:title\" content=\"Kurtki puchowe na jesie\u0144 - blog Skalnik\" \/>\n\t\t<meta name=\"twitter:description\" content=\"Kurtki puchowe na jesie\u0144 to nie \u017cart. Lekka puch\u00f3wka to \u015bwietna odzie\u017c na okresy przej\u015bciowe, takie jak jesie\u0144 i wiosna. Tego typu kurtka ocieplana przydaj\u0119 te\u017c zim\u0105 w trakcie aktywniejszych dzia\u0142a\u0144. W tym artykule znajdziesz podstawowe informacj\u0119 o lekkich kurtkach puchowych i dowiesz si\u0119, na co zwr\u00f3ci\u0107 uwag\u0119 przy wyborze kurtki. Po\u015bwi\u0119\u0107 chwil\u0119 i dowiedz si\u0119 dlaczego kurtka puchowa rze\u015bkim porankiem i ch\u0142odnym wieczorem jest lepsza ni\u017c gruby polar!\" \/>\n\t\t<meta name=\"twitter:image\" content=\"https:\/\/skalnik.pl\/blog\/wp-content\/uploads\/2018\/09\/AW18_Rab_microlight_campaign_29_Summit_jacket-1024x683.jpg\" \/>\n\t\t<script type=\"application\/ld+json\" class=\"aioseo-schema\">\n\t\t\t{\"@context\":\"https:\\\/\\\/schema.org\",\"@graph\":[{\"@type\":\"BlogPosting\",\"@id\":\"https:\\\/\\\/www.skalnik.pl\\\/blog\\\/kurtki-puchowe-na-jesien\\\/#blogposting\",\"name\":\"Kurtki puchowe na jesie\\u0144 - blog Skalnik\",\"headline\":\"Kurtki puchowe na jesie\\u0144\",\"author\":{\"@id\":\"https:\\\/\\\/www.skalnik.pl\\\/blog\\\/author\\\/beata-nawrotkiewicz\\\/#author\"},\"publisher\":{\"@id\":\"https:\\\/\\\/www.skalnik.pl\\\/blog\\\/#organization\"},\"image\":{\"@type\":\"ImageObject\",\"url\":\"https:\\\/\\\/www.skalnik.pl\\\/blog\\\/wp-content\\\/uploads\\\/2018\\\/09\\\/puch_ok\\u0142adka.jpg\",\"width\":1920,\"height\":705},\"datePublished\":\"2018-09-11T16:06:07+02:00\",\"dateModified\":\"2019-09-19T09:29:39+02:00\",\"inLanguage\":\"pl-PL\",\"mainEntityOfPage\":{\"@id\":\"https:\\\/\\\/www.skalnik.pl\\\/blog\\\/kurtki-puchowe-na-jesien\\\/#webpage\"},\"isPartOf\":{\"@id\":\"https:\\\/\\\/www.skalnik.pl\\\/blog\\\/kurtki-puchowe-na-jesien\\\/#webpage\"},\"articleSection\":\"Bran\\u017ca, Porady, kurtki puchowe, odzie\\u017c, Patagonia, rynek outdoor, 1102\"},{\"@type\":\"BreadcrumbList\",\"@id\":\"https:\\\/\\\/www.skalnik.pl\\\/blog\\\/kurtki-puchowe-na-jesien\\\/#breadcrumblist\",\"itemListElement\":[{\"@type\":\"ListItem\",\"@id\":\"https:\\\/\\\/www.skalnik.pl\\\/blog#listItem\",\"position\":1,\"name\":\"Home\",\"item\":\"https:\\\/\\\/www.skalnik.pl\\\/blog\",\"nextItem\":{\"@type\":\"ListItem\",\"@id\":\"https:\\\/\\\/www.skalnik.pl\\\/blog\\\/.\\\/porady\\\/#listItem\",\"name\":\"Porady\"}},{\"@type\":\"ListItem\",\"@id\":\"https:\\\/\\\/www.skalnik.pl\\\/blog\\\/.\\\/porady\\\/#listItem\",\"position\":2,\"name\":\"Porady\",\"item\":\"https:\\\/\\\/www.skalnik.pl\\\/blog\\\/.\\\/porady\\\/\",\"nextItem\":{\"@type\":\"ListItem\",\"@id\":\"https:\\\/\\\/www.skalnik.pl\\\/blog\\\/kurtki-puchowe-na-jesien\\\/#listItem\",\"name\":\"Kurtki puchowe na jesie\\u0144\"},\"previousItem\":{\"@type\":\"ListItem\",\"@id\":\"https:\\\/\\\/www.skalnik.pl\\\/blog#listItem\",\"name\":\"Home\"}},{\"@type\":\"ListItem\",\"@id\":\"https:\\\/\\\/www.skalnik.pl\\\/blog\\\/kurtki-puchowe-na-jesien\\\/#listItem\",\"position\":3,\"name\":\"Kurtki puchowe na jesie\\u0144\",\"previousItem\":{\"@type\":\"ListItem\",\"@id\":\"https:\\\/\\\/www.skalnik.pl\\\/blog\\\/.\\\/porady\\\/#listItem\",\"name\":\"Porady\"}}]},{\"@type\":\"Organization\",\"@id\":\"https:\\\/\\\/www.skalnik.pl\\\/blog\\\/#organization\",\"name\":\"blog Skalnik\",\"description\":\"Blog, porady, artyku\\u0142y - blog Skalnik\",\"url\":\"https:\\\/\\\/www.skalnik.pl\\\/blog\\\/\"},{\"@type\":\"Person\",\"@id\":\"https:\\\/\\\/www.skalnik.pl\\\/blog\\\/author\\\/beata-nawrotkiewicz\\\/#author\",\"url\":\"https:\\\/\\\/www.skalnik.pl\\\/blog\\\/author\\\/beata-nawrotkiewicz\\\/\",\"name\":\"Beata Nawrotkiewicz\",\"image\":{\"@type\":\"ImageObject\",\"@id\":\"https:\\\/\\\/www.skalnik.pl\\\/blog\\\/kurtki-puchowe-na-jesien\\\/#authorImage\",\"url\":\"https:\\\/\\\/secure.gravatar.com\\\/avatar\\\/53cf81cfcc3a81694535515925ffcf159be725e8bd1fb455eeb9e2cadcaa5684?s=96&d=mm&r=g\",\"width\":96,\"height\":96,\"caption\":\"Beata Nawrotkiewicz\"}},{\"@type\":\"WebPage\",\"@id\":\"https:\\\/\\\/www.skalnik.pl\\\/blog\\\/kurtki-puchowe-na-jesien\\\/#webpage\",\"url\":\"https:\\\/\\\/www.skalnik.pl\\\/blog\\\/kurtki-puchowe-na-jesien\\\/\",\"name\":\"Kurtki puchowe na jesie\\u0144 - blog Skalnik\",\"description\":\"Kurtki puchowe na jesie\\u0144 to nie \\u017cart. Lekka puch\\u00f3wka to \\u015bwietna odzie\\u017c na okresy przej\\u015bciowe, takie jak jesie\\u0144 i wiosna. Tego typu kurtka ocieplana przydaj\\u0119 te\\u017c zim\\u0105 w trakcie aktywniejszych dzia\\u0142a\\u0144. W tym artykule znajdziesz podstawowe informacj\\u0119 o lekkich kurtkach puchowych i dowiesz si\\u0119, na co zwr\\u00f3ci\\u0107 uwag\\u0119 przy wyborze kurtki. Po\\u015bwi\\u0119\\u0107 chwil\\u0119 i dowiedz si\\u0119 dlaczego kurtka puchowa rze\\u015bkim porankiem i ch\\u0142odnym wieczorem jest lepsza ni\\u017c gruby polar!\",\"inLanguage\":\"pl-PL\",\"isPartOf\":{\"@id\":\"https:\\\/\\\/www.skalnik.pl\\\/blog\\\/#website\"},\"breadcrumb\":{\"@id\":\"https:\\\/\\\/www.skalnik.pl\\\/blog\\\/kurtki-puchowe-na-jesien\\\/#breadcrumblist\"},\"author\":{\"@id\":\"https:\\\/\\\/www.skalnik.pl\\\/blog\\\/author\\\/beata-nawrotkiewicz\\\/#author\"},\"creator\":{\"@id\":\"https:\\\/\\\/www.skalnik.pl\\\/blog\\\/author\\\/beata-nawrotkiewicz\\\/#author\"},\"image\":{\"@type\":\"ImageObject\",\"url\":\"https:\\\/\\\/www.skalnik.pl\\\/blog\\\/wp-content\\\/uploads\\\/2018\\\/09\\\/puch_ok\\u0142adka.jpg\",\"@id\":\"https:\\\/\\\/www.skalnik.pl\\\/blog\\\/kurtki-puchowe-na-jesien\\\/#mainImage\",\"width\":1920,\"height\":705},\"primaryImageOfPage\":{\"@id\":\"https:\\\/\\\/www.skalnik.pl\\\/blog\\\/kurtki-puchowe-na-jesien\\\/#mainImage\"},\"datePublished\":\"2018-09-11T16:06:07+02:00\",\"dateModified\":\"2019-09-19T09:29:39+02:00\"},{\"@type\":\"WebSite\",\"@id\":\"https:\\\/\\\/www.skalnik.pl\\\/blog\\\/#website\",\"url\":\"https:\\\/\\\/www.skalnik.pl\\\/blog\\\/\",\"name\":\"blog Skalnik\",\"description\":\"Blog, porady, artyku\\u0142y - blog Skalnik\",\"inLanguage\":\"pl-PL\",\"publisher\":{\"@id\":\"https:\\\/\\\/www.skalnik.pl\\\/blog\\\/#organization\"}}]}\n\t\t<\/script>\n\t\t<!-- All in One SEO -->\n\n","aioseo_head_json":{"title":"Kurtki puchowe na jesie\u0144 - blog Skalnik","description":"Kurtki puchowe na jesie\u0144 to nie \u017cart. Lekka puch\u00f3wka to \u015bwietna odzie\u017c na okresy przej\u015bciowe, takie jak jesie\u0144 i wiosna. Tego typu kurtka ocieplana przydaj\u0119 te\u017c zim\u0105 w trakcie aktywniejszych dzia\u0142a\u0144. W tym artykule znajdziesz podstawowe informacj\u0119 o lekkich kurtkach puchowych i dowiesz si\u0119, na co zwr\u00f3ci\u0107 uwag\u0119 przy wyborze kurtki. Po\u015bwi\u0119\u0107 chwil\u0119 i dowiedz si\u0119 dlaczego kurtka puchowa rze\u015bkim porankiem i ch\u0142odnym wieczorem jest lepsza ni\u017c gruby polar!","canonical_url":"https:\/\/www.skalnik.pl\/blog\/kurtki-puchowe-na-jesien\/","robots":"max-image-preview:large","keywords":"","webmasterTools":{"miscellaneous":""},"schema":{"@context":"https:\/\/schema.org","@graph":[{"@type":"BlogPosting","@id":"https:\/\/www.skalnik.pl\/blog\/kurtki-puchowe-na-jesien\/#blogposting","name":"Kurtki puchowe na jesie\u0144 - blog Skalnik","headline":"Kurtki puchowe na jesie\u0144","author":{"@id":"https:\/\/www.skalnik.pl\/blog\/author\/beata-nawrotkiewicz\/#author"},"publisher":{"@id":"https:\/\/www.skalnik.pl\/blog\/#organization"},"image":{"@type":"ImageObject","url":"https:\/\/www.skalnik.pl\/blog\/wp-content\/uploads\/2018\/09\/puch_ok\u0142adka.jpg","width":1920,"height":705},"datePublished":"2018-09-11T16:06:07+02:00","dateModified":"2019-09-19T09:29:39+02:00","inLanguage":"pl-PL","mainEntityOfPage":{"@id":"https:\/\/www.skalnik.pl\/blog\/kurtki-puchowe-na-jesien\/#webpage"},"isPartOf":{"@id":"https:\/\/www.skalnik.pl\/blog\/kurtki-puchowe-na-jesien\/#webpage"},"articleSection":"Bran\u017ca, Porady, kurtki puchowe, odzie\u017c, Patagonia, rynek outdoor, 1102"},{"@type":"BreadcrumbList","@id":"https:\/\/www.skalnik.pl\/blog\/kurtki-puchowe-na-jesien\/#breadcrumblist","itemListElement":[{"@type":"ListItem","@id":"https:\/\/www.skalnik.pl\/blog#listItem","position":1,"name":"Home","item":"https:\/\/www.skalnik.pl\/blog","nextItem":{"@type":"ListItem","@id":"https:\/\/www.skalnik.pl\/blog\/.\/porady\/#listItem","name":"Porady"}},{"@type":"ListItem","@id":"https:\/\/www.skalnik.pl\/blog\/.\/porady\/#listItem","position":2,"name":"Porady","item":"https:\/\/www.skalnik.pl\/blog\/.\/porady\/","nextItem":{"@type":"ListItem","@id":"https:\/\/www.skalnik.pl\/blog\/kurtki-puchowe-na-jesien\/#listItem","name":"Kurtki puchowe na jesie\u0144"},"previousItem":{"@type":"ListItem","@id":"https:\/\/www.skalnik.pl\/blog#listItem","name":"Home"}},{"@type":"ListItem","@id":"https:\/\/www.skalnik.pl\/blog\/kurtki-puchowe-na-jesien\/#listItem","position":3,"name":"Kurtki puchowe na jesie\u0144","previousItem":{"@type":"ListItem","@id":"https:\/\/www.skalnik.pl\/blog\/.\/porady\/#listItem","name":"Porady"}}]},{"@type":"Organization","@id":"https:\/\/www.skalnik.pl\/blog\/#organization","name":"blog Skalnik","description":"Blog, porady, artyku\u0142y - blog Skalnik","url":"https:\/\/www.skalnik.pl\/blog\/"},{"@type":"Person","@id":"https:\/\/www.skalnik.pl\/blog\/author\/beata-nawrotkiewicz\/#author","url":"https:\/\/www.skalnik.pl\/blog\/author\/beata-nawrotkiewicz\/","name":"Beata Nawrotkiewicz","image":{"@type":"ImageObject","@id":"https:\/\/www.skalnik.pl\/blog\/kurtki-puchowe-na-jesien\/#authorImage","url":"https:\/\/secure.gravatar.com\/avatar\/53cf81cfcc3a81694535515925ffcf159be725e8bd1fb455eeb9e2cadcaa5684?s=96&d=mm&r=g","width":96,"height":96,"caption":"Beata Nawrotkiewicz"}},{"@type":"WebPage","@id":"https:\/\/www.skalnik.pl\/blog\/kurtki-puchowe-na-jesien\/#webpage","url":"https:\/\/www.skalnik.pl\/blog\/kurtki-puchowe-na-jesien\/","name":"Kurtki puchowe na jesie\u0144 - blog Skalnik","description":"Kurtki puchowe na jesie\u0144 to nie \u017cart. Lekka puch\u00f3wka to \u015bwietna odzie\u017c na okresy przej\u015bciowe, takie jak jesie\u0144 i wiosna. Tego typu kurtka ocieplana przydaj\u0119 te\u017c zim\u0105 w trakcie aktywniejszych dzia\u0142a\u0144. W tym artykule znajdziesz podstawowe informacj\u0119 o lekkich kurtkach puchowych i dowiesz si\u0119, na co zwr\u00f3ci\u0107 uwag\u0119 przy wyborze kurtki. Po\u015bwi\u0119\u0107 chwil\u0119 i dowiedz si\u0119 dlaczego kurtka puchowa rze\u015bkim porankiem i ch\u0142odnym wieczorem jest lepsza ni\u017c gruby polar!","inLanguage":"pl-PL","isPartOf":{"@id":"https:\/\/www.skalnik.pl\/blog\/#website"},"breadcrumb":{"@id":"https:\/\/www.skalnik.pl\/blog\/kurtki-puchowe-na-jesien\/#breadcrumblist"},"author":{"@id":"https:\/\/www.skalnik.pl\/blog\/author\/beata-nawrotkiewicz\/#author"},"creator":{"@id":"https:\/\/www.skalnik.pl\/blog\/author\/beata-nawrotkiewicz\/#author"},"image":{"@type":"ImageObject","url":"https:\/\/www.skalnik.pl\/blog\/wp-content\/uploads\/2018\/09\/puch_ok\u0142adka.jpg","@id":"https:\/\/www.skalnik.pl\/blog\/kurtki-puchowe-na-jesien\/#mainImage","width":1920,"height":705},"primaryImageOfPage":{"@id":"https:\/\/www.skalnik.pl\/blog\/kurtki-puchowe-na-jesien\/#mainImage"},"datePublished":"2018-09-11T16:06:07+02:00","dateModified":"2019-09-19T09:29:39+02:00"},{"@type":"WebSite","@id":"https:\/\/www.skalnik.pl\/blog\/#website","url":"https:\/\/www.skalnik.pl\/blog\/","name":"blog Skalnik","description":"Blog, porady, artyku\u0142y - blog Skalnik","inLanguage":"pl-PL","publisher":{"@id":"https:\/\/www.skalnik.pl\/blog\/#organization"}}]},"og:locale":"pl_PL","og:site_name":"blog Skalnik - Blog, porady, artyku\u0142y - blog Skalnik","og:type":"article","og:title":"Kurtki puchowe na jesie\u0144 - blog Skalnik","og:description":"Kurtki puchowe na jesie\u0144 to nie \u017cart. Lekka puch\u00f3wka to \u015bwietna odzie\u017c na okresy przej\u015bciowe, takie jak jesie\u0144 i wiosna. Tego typu kurtka ocieplana przydaj\u0119 te\u017c zim\u0105 w trakcie aktywniejszych dzia\u0142a\u0144. W tym artykule znajdziesz podstawowe informacj\u0119 o lekkich kurtkach puchowych i dowiesz si\u0119, na co zwr\u00f3ci\u0107 uwag\u0119 przy wyborze kurtki. Po\u015bwi\u0119\u0107 chwil\u0119 i dowiedz si\u0119 dlaczego kurtka puchowa rze\u015bkim porankiem i ch\u0142odnym wieczorem jest lepsza ni\u017c gruby polar!","og:url":"https:\/\/www.skalnik.pl\/blog\/kurtki-puchowe-na-jesien\/","og:image":"https:\/\/skalnik.pl\/blog\/wp-content\/uploads\/2018\/09\/AW18_Rab_microlight_campaign_29_Summit_jacket-1024x683.jpg","og:image:secure_url":"https:\/\/skalnik.pl\/blog\/wp-content\/uploads\/2018\/09\/AW18_Rab_microlight_campaign_29_Summit_jacket-1024x683.jpg","article:tag":["bran\u017ca","porady","kurtki puchowe","odzie\u017c","patagonia","rynek outdoor"],"article:published_time":"2018-09-11T14:06:07+00:00","article:modified_time":"2019-09-19T07:29:39+00:00","twitter:card":"summary_large_image","twitter:title":"Kurtki puchowe na jesie\u0144 - blog Skalnik","twitter:description":"Kurtki puchowe na jesie\u0144 to nie \u017cart. Lekka puch\u00f3wka to \u015bwietna odzie\u017c na okresy przej\u015bciowe, takie jak jesie\u0144 i wiosna. Tego typu kurtka ocieplana przydaj\u0119 te\u017c zim\u0105 w trakcie aktywniejszych dzia\u0142a\u0144. W tym artykule znajdziesz podstawowe informacj\u0119 o lekkich kurtkach puchowych i dowiesz si\u0119, na co zwr\u00f3ci\u0107 uwag\u0119 przy wyborze kurtki. Po\u015bwi\u0119\u0107 chwil\u0119 i dowiedz si\u0119 dlaczego kurtka puchowa rze\u015bkim porankiem i ch\u0142odnym wieczorem jest lepsza ni\u017c gruby polar!","twitter:image":"https:\/\/skalnik.pl\/blog\/wp-content\/uploads\/2018\/09\/AW18_Rab_microlight_campaign_29_Summit_jacket-1024x683.jpg"},"aioseo_meta_data":{"post_id":"3940","title":null,"description":"Kurtki puchowe na jesie\u0144 to nie \u017cart. Lekka puch\u00f3wka to \u015bwietna odzie\u017c na okresy przej\u015bciowe, takie jak jesie\u0144 i wiosna. Tego typu kurtka ocieplana przydaj\u0119 te\u017c zim\u0105 w trakcie aktywniejszych dzia\u0142a\u0144. W tym artykule znajdziesz podstawowe informacj\u0119 o lekkich kurtkach puchowych i dowiesz si\u0119, na co zwr\u00f3ci\u0107 uwag\u0119 przy wyborze kurtki. Po\u015bwi\u0119\u0107 chwil\u0119 i dowiedz si\u0119 dlaczego kurtka puchowa rze\u015bkim porankiem i ch\u0142odnym wieczorem jest lepsza ni\u017c gruby polar!","keywords":[{"label":"kurtki puchowe","value":"kurtki puchowe"},{"label":"puch\u00f3wka na jesie\u0144","value":"puch\u00f3wka na jesie\u0144"},{"label":"kurtka jesienna","value":"kurtka jesienna"},{"label":"puch\u00f3wki","value":"puch\u00f3wki"},{"label":"kurtka puchowa jesienna","value":"kurtka puchowa jesienna"}],"keyphrases":null,"primary_term":null,"canonical_url":null,"og_title":null,"og_description":null,"og_object_type":"default","og_image_type":"default","og_image_url":null,"og_image_width":null,"og_image_height":null,"og_image_custom_url":null,"og_image_custom_fields":null,"og_video":null,"og_custom_url":null,"og_article_section":null,"og_article_tags":null,"twitter_use_og":false,"twitter_card":"default","twitter_image_type":"default","twitter_image_url":null,"twitter_image_custom_url":null,"twitter_image_custom_fields":null,"twitter_title":null,"twitter_description":null,"schema":{"blockGraphs":[],"customGraphs":[],"default":{"data":{"Article":[],"Course":[],"Dataset":[],"FAQPage":[],"Movie":[],"Person":[],"Product":[],"ProductReview":[],"Car":[],"Recipe":[],"Service":[],"SoftwareApplication":[],"WebPage":[]},"graphName":"BlogPosting","isEnabled":true},"graphs":[]},"schema_type":"default","schema_type_options":null,"pillar_content":false,"robots_default":true,"robots_noindex":false,"robots_noarchive":false,"robots_nosnippet":false,"robots_nofollow":false,"robots_noimageindex":false,"robots_noodp":false,"robots_notranslate":false,"robots_max_snippet":null,"robots_max_videopreview":null,"robots_max_imagepreview":"large","priority":null,"frequency":null,"local_seo":null,"breadcrumb_settings":null,"limit_modified_date":false,"ai":null,"created":"2022-08-26 09:53:00","updated":"2026-02-17 21:25:29","seo_analyzer_scan_date":null},"aioseo_breadcrumb":"<div class=\"aioseo-breadcrumbs\"><span class=\"aioseo-breadcrumb\">\n\t\t\t<a href=\"https:\/\/www.skalnik.pl\/blog\" title=\"Home\">Home<\/a>\n\t\t<\/span><span class=\"aioseo-breadcrumb-separator\">&raquo;<\/span><span class=\"aioseo-breadcrumb\">\n\t\t\t<a href=\"https:\/\/www.skalnik.pl\/blog\/.\/porady\/\" title=\"Porady\">Porady<\/a>\n\t\t<\/span><span class=\"aioseo-breadcrumb-separator\">&raquo;<\/span><span class=\"aioseo-breadcrumb\">\n\t\t\tKurtki puchowe na jesie\u0144\n\t\t<\/span><\/div>","aioseo_breadcrumb_json":[{"label":"Home","link":"https:\/\/www.skalnik.pl\/blog"},{"label":"Porady","link":"https:\/\/www.skalnik.pl\/blog\/.\/porady\/"},{"label":"Kurtki puchowe na jesie\u0144","link":"https:\/\/www.skalnik.pl\/blog\/kurtki-puchowe-na-jesien\/"}],"_links":{"self":[{"href":"https:\/\/www.skalnik.pl\/blog\/wp-json\/wp\/v2\/posts\/3940","targetHints":{"allow":["GET"]}}],"collection":[{"href":"https:\/\/www.skalnik.pl\/blog\/wp-json\/wp\/v2\/posts"}],"about":[{"href":"https:\/\/www.skalnik.pl\/blog\/wp-json\/wp\/v2\/types\/post"}],"author":[{"embeddable":true,"href":"https:\/\/www.skalnik.pl\/blog\/wp-json\/wp\/v2\/users\/9"}],"replies":[{"embeddable":true,"href":"https:\/\/www.skalnik.pl\/blog\/wp-json\/wp\/v2\/comments?post=3940"}],"version-history":[{"count":16,"href":"https:\/\/www.skalnik.pl\/blog\/wp-json\/wp\/v2\/posts\/3940\/revisions"}],"predecessor-version":[{"id":8842,"href":"https:\/\/www.skalnik.pl\/blog\/wp-json\/wp\/v2\/posts\/3940\/revisions\/8842"}],"wp:featuredmedia":[{"embeddable":true,"href":"https:\/\/www.skalnik.pl\/blog\/wp-json\/wp\/v2\/media\/3946"}],"wp:attachment":[{"href":"https:\/\/www.skalnik.pl\/blog\/wp-json\/wp\/v2\/media?parent=3940"}],"wp:term":[{"taxonomy":"category","embeddable":true,"href":"https:\/\/www.skalnik.pl\/blog\/wp-json\/wp\/v2\/categories?post=3940"},{"taxonomy":"post_tag","embeddable":true,"href":"https:\/\/www.skalnik.pl\/blog\/wp-json\/wp\/v2\/tags?post=3940"},{"taxonomy":"magento_category","embeddable":true,"href":"https:\/\/www.skalnik.pl\/blog\/wp-json\/wp\/v2\/magento_category?post=3940"},{"taxonomy":"magento_product","embeddable":true,"href":"https:\/\/www.skalnik.pl\/blog\/wp-json\/wp\/v2\/magento_product?post=3940"}],"curies":[{"name":"wp","href":"https:\/\/api.w.org\/{rel}","templated":true}]}}